{"id":9990,"date":"2024-02-15T11:04:07","date_gmt":"2024-02-15T10:04:07","guid":{"rendered":"https:\/\/www.pakamera.pl\/magazyn\/?p=9990"},"modified":"2026-03-24T14:33:27","modified_gmt":"2026-03-24T13:33:27","slug":"z-czym-laczyc-czarny-turmalin-a-z-czym-nie","status":"publish","type":"post","link":"https:\/\/www.pakamera.pl\/magazyn\/z-czym-laczyc-czarny-turmalin-a-z-czym-nie\/","title":{"rendered":"Z czym \u0142\u0105czy\u0107 czarny turmalin, a z czym nie?"},"content":{"rendered":"<p><strong>Czarny turmalin, znany tak\u017ce jako szoryl, to kamie\u0144, kt\u00f3ry od dawna wzbudza zainteresowanie swoimi niezwyk\u0142ymi w\u0142a\u015bciwo\u015bciami. Ceniony w wielu kulturach za swoje silne w\u0142a\u015bciwo\u015bci ochronne, uwa\u017cany jest za jeden z najpot\u0119\u017cniejszych kamieni ochronnych w \u015bwiecie kryszta\u0142\u00f3w. Jego g\u0142\u0119boka, intensywna czer\u0144 nie tylko przyci\u0105ga wzrok, ale r\u00f3wnie\u017c symbolizuje moc, jak\u0105 posiada w zakresie ochrony energetycznej i oczyszczania przestrzeni z negatywnej energii. Zobacz z czym \u0142\u0105czy\u0107 czarny turmalin a jakiego po\u0142\u0105czenia lepiej unika\u0107.<br \/>\n<\/strong><\/p>\n<p><!--more--><\/p>\n<figure id=\"attachment_9992\" aria-describedby=\"caption-attachment-9992\" style=\"width: 1600px\" class=\"wp-caption alignnone\"><img loading=\"lazy\" decoding=\"async\" class=\"wp-image-9992 size-full\" src=\"https:\/\/imgmag.pakamera.net\/2024\/02\/z-czym-laczyc-czarny-turmalin-a-z-czym-nie-104225911907.jpg\" alt=\"Z czym \u0142\u0105czy\u0107 czarny turmalin\" width=\"1600\" height=\"840\" \/><figcaption id=\"caption-attachment-9992\" class=\"wp-caption-text\">Baby Bestseller! Bransoletka z czarnym Turmalinem \/ Kulka Bransoletki \/ www.pakamera.pl<\/figcaption><\/figure>\n<h2>Najlepsze kombinacje z czarnym turmalinem w bi\u017cuterii i dekoracji<\/h2>\n<p><a href=\"https:\/\/www.pakamera.pl\/czarny-turmalin-0-t13064.htm\" target=\"_blank\" rel=\"noopener\">Czarny turmalin<\/a> doskonale <strong>komponuje si\u0119 z kamieniami o jasnych i czystych barwach, takimi jak kwarc r\u00f3\u017cowy czy bia\u0142y<\/strong>, kt\u00f3re mog\u0105 z\u0142agodzi\u0107 jego intensywno\u015b\u0107 i doda\u0107 kontrastu. W bi\u017cuterii elegancka czer\u0144 turmalinu \u015bwietnie <strong>\u0142\u0105czy si\u0119 ze srebrem lub z\u0142otem<\/strong>. Jako <strong>idealni kompani sprawdz\u0105 si\u0119 tak\u017ce: koral, czarny obsydian, bia\u0142y howlit oraz lawa wulkaniczna<\/strong>.<\/p>\n<p>Dla tych, kt\u00f3rzy chc\u0105 skupi\u0107 si\u0119 na kwestiach mi\u0142osnych lub uwolnieniu od negatywnych do\u015bwiadcze\u0144, trafnym wyborem b\u0119dzie <strong>po\u0142\u0105czenie czarnego turmalinu z rodonitem<\/strong>. Takie zestawienie znajdziesz w <a href=\"https:\/\/www.pakamera.pl\/bransoletki-mineraly-0-1969.htm\" target=\"_blank\" rel=\"noopener\">bransoletkach z minera\u0142ami<\/a> tworzonymi przez polskie marki. Z kolei w dekoracji wn\u0119trz kamie\u0144 ten mo\u017ce stanowi\u0107 mocny akcent w minimalistycznych aran\u017cacjach, zw\u0142aszcza w zestawieniu z naturalnymi materia\u0142ami, takimi jak drewno czy kamie\u0144.<\/p>\n<div id=\"pakawidget1092\" class=\"pakawidget\"><\/div>\n<p><script async defer src=\"https:\/\/www.pakamera.pl\/widget\/widget2.min.js?id=1092&#038;type=20240212104045&#038;wwidth=1000\"><\/script><\/p>\n<h2>Czarny turmalin: w\u0142a\u015bciwo\u015bci i znaczenie<\/h2>\n<p>Twardo\u015b\u0107 turmalinu w skali Mohsa wynosi 7,5. Czyni go <strong>jednym z trwalszych i odporniejszych kamieni szlachetnych<\/strong> stosowanych do wyrabiania bi\u017cuterii. Jedn\u0105 z najbardziej charakterystycznych w\u0142a\u015bciwo\u015bci tego kamienia jest <strong>zdolno\u015b\u0107 do do\u0142adowywania go elektrycznie poprzez jego ogrzewanie lub pocieranie<\/strong>. W\u00f3wczas jeden koniec staje si\u0119 dodatni, a drugi ujemny, co pozwala przyci\u0105ga\u0107 lub odpycha\u0107 cz\u0105steczki kurzu tudzie\u017c kawa\u0142ki papieru.<\/p>\n<h2>Czarny turmalin \u2013 ochrona<\/h2>\n<figure id=\"attachment_9991\" aria-describedby=\"caption-attachment-9991\" style=\"width: 1600px\" class=\"wp-caption alignnone\"><img loading=\"lazy\" decoding=\"async\" class=\"wp-image-9991 size-full\" src=\"https:\/\/imgmag.pakamera.net\/2024\/02\/z-czym-laczyc-czarny-turmalin-a-z-czym-nie-103718101465.jpg\" alt=\"Bransoletka dobrej energii ma jedwabnej nitce z czarnym turmalinem\" width=\"1600\" height=\"840\" \/><figcaption id=\"caption-attachment-9991\" class=\"wp-caption-text\">Bransoletka dobrej energii \/ CALME \/ www.pakamera.pl<\/figcaption><\/figure>\n<p>Czarny turmalin jest ceniony przede wszystkim za swoje silne <strong>w\u0142a\u015bciwo\u015bci ochronne<\/strong>. Uwa\u017ca si\u0119, \u017ce <strong>absorbuje i przekszta\u0142ca negatywn\u0105 energi\u0119 w pozytywn\u0105<\/strong>, <strong>pomagaj\u0105c w oczyszczaniu aury<\/strong>. Przypisuje mu si\u0119 tak\u017ce zdolno\u015b\u0107 do ochrony przed promieniowaniem elektromagnetycznym z urz\u0105dze\u0144 elektronicznych.<\/p>\n<p>W terapii kryszta\u0142owej czarny turmalin jest zwi\u0105zany z Ziemi\u0105 i Korzeniem, poniewa\u017c prowadzi do zakorzenienia, stabilizacji i poczucia przynale\u017cno\u015bci do swojego miejsca, kraju, domu. Tym samym <strong>pobudza on r\u00f3wnowag\u0119 wewn\u0119trzn\u0105 oraz sprzyja wyciszeniu<\/strong>. W kontek\u015bcie emocjonalnym kamie\u0144 ten mo\u017ce <strong>przynosi\u0107 poczucie bezpiecze\u0144stwa i spokoju<\/strong>, wspieraj\u0105c walk\u0119 z l\u0119kiem i nadmiernym stresem. Ponadto <strong>wykazuje zdolno\u015b\u0107 chronienia przed negatywnymi my\u015blami i energiami w otoczeniu.<\/strong> Wzmacnia te\u017c racjonalne my\u015blenie i umiej\u0119tno\u015b\u0107 rozpoznawania w\u0142asnych b\u0142\u0119d\u00f3w, <strong>pomaga rozwi\u0105zywa\u0107 sytuacje bez wyj\u015bcia<\/strong>.<\/p>\n<h2>Praktyczne zastosowania czarnego turmalinu<\/h2>\n<p>Czarny turmalin znajduje zastosowanie zar\u00f3wno w bi\u017cuterii, zapewniaj\u0105c poczucie elegancji i szyku, jak i r\u00f3\u017cnych przestrzeniach. Mo\u017ce tam s\u0142u\u017cy\u0107 jako <strong>naturalny filtr energetyczny<\/strong>. Umieszczony w pobli\u017cu urz\u0105dze\u0144 elektronicznych mo\u017ce pomaga\u0107 w neutralizowaniu ich potencjalnie negatywnego wp\u0142ywu.<\/p>\n<p>Aby uzyska\u0107 widoczne efekty na poziomie fizycznym i duchowym, w chwilach szczeg\u00f3lnego napi\u0119cia <strong>zaleca si\u0119 noszenie kamienia ze sob\u0105 w lewej d\u0142oni w celu z\u0142agodzenia nerw\u00f3w<\/strong>. Umieszczony <strong>w poszewce po\u015bcieli pomaga oczy\u015bci\u0107 cia\u0142o podczas snu<\/strong>. Jego dzia\u0142anie okre\u015bla si\u0119 jako szybkie i skuteczne.<\/p>\n<div id=\"pakawidget1094\" class=\"pakawidget\"><\/div>\n<p><script async defer src=\"https:\/\/www.pakamera.pl\/widget\/widget2.min.js?id=1094&#038;type=20240212104826&#038;wwidth=1000\"><\/script><\/p>\n<h2>Czarny turmalin \u2013 dla kogo?<\/h2>\n<p>Czarny turmalin to kamie\u0144 odpowiedni <strong>dla znak\u00f3w zodiaku Kozioro\u017cca i Skorpiona<\/strong>. Ze wzgl\u0119du jednak na fakt, \u017ce wyr\u00f3\u017cniaj\u0105 go wszechstronne w\u0142a\u015bciwo\u015bci ochronne i wspomagaj\u0105ce, mo\u017ce r\u00f3wnie\u017c skutecznie wspom\u00f3c inne znaki. Warto wiedzie\u0107 <a href=\"https:\/\/www.pakamera.pl\/magazyn\/jaki-kamien-dla-kazdego-znaku-zodiaku\/\" target=\"_blank\" rel=\"noopener\">jaki wybra\u0107 kamie\u0144 dla ka\u017cdego znaku zodiaku<\/a>.<\/p>\n<p>Korzy\u015bci z jego obecno\u015bci mog\u0105 czerpa\u0107 zw\u0142aszcza osoby potrzebuj\u0105ce stabilno\u015bci emocjonalnej i r\u00f3wnowagi wewn\u0119trznej. Turmalin <strong>zapewnia wsparcie tak\u017ce pracuj\u0105cym codziennie przy komputerze i wszystkim nara\u017conym na nadmiern\u0105 ekspozycj\u0119 promieniowania<\/strong> pochodz\u0105cego z urz\u0105dze\u0144 elektronicznych. Szczeg\u00f3ln\u0105 popularno\u015bci\u0105 podczas wyboru uniwersalnego talizmanu cieszy si\u0119 <a href=\"https:\/\/www.pakamera.pl\/pierscionek-z-turmalinem-0-t61973.htm\" target=\"_blank\" rel=\"noopener\">pier\u015bcionek z turmalinem<\/a>. Nie tylko pi\u0119knie zdobi on d\u0142onie, ale tak\u017ce zapewnia siln\u0105 ochron\u0119.<\/p>\n<div id=\"pakawidget1093\" class=\"pakawidget\"><\/div>\n<p><script async defer src=\"https:\/\/www.pakamera.pl\/widget\/widget2.min.js?id=1093&#038;type=20240212104716&#038;wwidth=1000\"><\/script><\/p>\n<h2>Jak piel\u0119gnowa\u0107 i czy\u015bci\u0107 czarny turmalin?<\/h2>\n<p>Czarny turmalin wymaga do zachowania swoich w\u0142a\u015bciwo\u015bci <strong>regularnej piel\u0119gnacji<\/strong>. Mo\u017cna go <strong>czy\u015bci\u0107 pod bie\u017c\u0105c\u0105 wod\u0105 lub zanurzy\u0107 w solance na kr\u00f3tki czas<\/strong>, a nast\u0119pnie <strong>dok\u0142adnie wysuszy\u0107<\/strong>. Kamie\u0144 ten mo\u017cna r\u00f3wnie\u017c oczyszcza\u0107 energetycznie poprzez <strong>wystawienie na dym sza\u0142wii lub umieszczenie go na kawa\u0142ku naturalnego kwarcu<\/strong>.<\/p>\n<p>Kamie\u0144<strong> nie powinien mie\u0107 kontaktu z silnymi chemikaliami<\/strong>, poniewa\u017c mog\u0142yby uszkodzi\u0107 jego powierzchni\u0119. Cho\u0107 kamie\u0144 ten jest stosunkowo odporny na zarysowania, nale\u017cy zapobiega\u0107 jego przypadkowym uderzeniom.<\/p>\n<figure id=\"attachment_9993\" aria-describedby=\"caption-attachment-9993\" style=\"width: 1600px\" class=\"wp-caption alignnone\"><img loading=\"lazy\" decoding=\"async\" class=\"wp-image-9993 size-full\" src=\"https:\/\/imgmag.pakamera.net\/2024\/02\/z-czym-laczyc-czarny-turmalin-a-z-czym-nie-105301201226.jpg\" alt=\"kolczyki poz\u0142acane z czarnym turmalinem\" width=\"1600\" height=\"840\" \/><figcaption id=\"caption-attachment-9993\" class=\"wp-caption-text\">Kolczyki poz\u0142acane Sparkle \/ LUMI COSI \/ www.pakamera.pl<\/figcaption><\/figure>\n<h2>Czego unika\u0107 przy noszeniu czarnego turmalinu?<\/h2>\n<p>Podczas noszenia czarnego turmalinu z innymi kamieniami <strong>warto unika\u0107 kombinacji, kt\u00f3re mog\u0142yby zak\u0142\u00f3ca\u0107 lub os\u0142abia\u0107 jego w\u0142a\u015bciwo\u015bci ochronne i energetyczne<\/strong>. Nale\u017cy <strong>zrezygnowa\u0107 z \u0142\u0105czenia go z kamieniami o bardzo intensywnej energii<\/strong>, poniewa\u017c mog\u0105 niekorzystnie wp\u0142ywa\u0107 na jego stabilizuj\u0105ce dzia\u0142anie.<\/p>\n<p>Chocia\u017c czarny turmalin dobrze komponuje si\u0119 z metalami w przypadku bi\u017cuterii, niekt\u00f3re z nich, na przyk\u0142ad o\u0142\u00f3w lub bardzo ci\u0119\u017ckie stopy, mog\u0105 mie\u0107 negatywne oddzia\u0142ywanie na czysto\u015b\u0107 energetyczn\u0105 tego kamienia. Z powy\u017cszych wskaz\u00f3wek powinny skorzysta\u0107 zw\u0142aszcza osoby, kt\u00f3re nie do ko\u0144ca s\u0105 \u015bwiadome, <a href=\"https:\/\/www.pakamera.pl\/magazyn\/co-oznaczaja-kamienie-szlachetne-w-bizuterii\/\" target=\"_blank\" rel=\"noopener\">co oznaczaj\u0105 kamienie szlachetne w bi\u017cuterii<\/a>.<\/p>\n<p><strong>Ten i wiele innych kamieni znajdziesz w naszym sklepie internetowym pakamera.pl.<\/strong><\/p>\n","protected":false},"excerpt":{"rendered":"<p>Czarny turmalin, znany tak\u017ce jako szoryl, to kamie\u0144, kt\u00f3ry od dawna wzbudza zainteresowanie swoimi niezwyk\u0142ymi w\u0142a\u015bciwo\u015bciami. Ceniony w wielu kulturach za swoje silne w\u0142a\u015bciwo\u015bci ochronne, uwa\u017cany jest za jeden z<span class=\"more-dots\">&#8230;<\/span><\/p>\n","protected":false},"author":15,"featured_media":9992,"comment_status":"closed","ping_status":"closed","sticky":false,"template":"","format":"standard","meta":{"footnotes":""},"categories":[3],"tags":[2253,2490,2367,2489,2491],"class_list":["post-9990","post","type-post","status-publish","format-standard","has-post-thumbnail","hentry","category-moda","tag-bizuteria-z-kamieniami-szlachetnymi","tag-kamienie-naturalne","tag-kamienie-szlachetne","tag-mineraly","tag-turmalin"],"yoast_head":"<!-- This site is optimized with the Yoast SEO plugin v21.6 - https:\/\/yoast.com\/wordpress\/plugins\/seo\/ -->\n<title>Z czym \u0142\u0105czy\u0107 czarny turmalin, a z czym nie? - Magazyn Pakamera.pl<\/title>\n<meta name=\"description\" content=\"Zastanawiasz si\u0119 z czym \u0142\u0105czy\u0107 czarny turmalin a jakie po\u0142\u0105czenia lepiej unika\u0107? Zobacz nasze podpowiedzi i znajd\u017a zestaw idealny.\" \/>\n<meta name=\"robots\" content=\"index, follow\" \/>\n<link rel=\"canonical\" href=\"https:\/\/www.pakamera.pl\/magazyn\/z-czym-laczyc-czarny-turmalin-a-z-czym-nie\/\" \/>\n<meta property=\"og:locale\" content=\"pl_PL\" \/>\n<meta property=\"og:type\" content=\"article\" \/>\n<meta property=\"og:title\" content=\"Z czym \u0142\u0105czy\u0107 czarny turmalin, a z czym nie? - Magazyn Pakamera.pl\" \/>\n<meta property=\"og:description\" content=\"Zastanawiasz si\u0119 z czym \u0142\u0105czy\u0107 czarny turmalin a jakie po\u0142\u0105czenia lepiej unika\u0107? Zobacz nasze podpowiedzi i znajd\u017a zestaw idealny.\" \/>\n<meta property=\"og:url\" content=\"https:\/\/www.pakamera.pl\/magazyn\/z-czym-laczyc-czarny-turmalin-a-z-czym-nie\/\" \/>\n<meta property=\"og:site_name\" content=\"Magazyn Pakamera.pl\" \/>\n<meta property=\"article:publisher\" content=\"https:\/\/facebook.com\/pakamerapl\" \/>\n<meta property=\"article:published_time\" content=\"2024-02-15T10:04:07+00:00\" \/>\n<meta property=\"article:modified_time\" content=\"2026-03-24T13:33:27+00:00\" \/>\n<meta property=\"og:image\" content=\"https:\/\/imgmag.pakamera.net\/2024\/02\/z-czym-laczyc-czarny-turmalin-a-z-czym-nie-104225911907.jpg\" \/>\n\t<meta property=\"og:image:width\" content=\"1600\" \/>\n\t<meta property=\"og:image:height\" content=\"840\" \/>\n\t<meta property=\"og:image:type\" content=\"image\/jpeg\" \/>\n<meta name=\"author\" content=\"Kinga Paw\u0142owska\" \/>\n<meta name=\"twitter:card\" content=\"summary_large_image\" \/>\n<meta name=\"twitter:label1\" content=\"Napisane przez\" \/>\n\t<meta name=\"twitter:data1\" content=\"Kinga Paw\u0142owska\" \/>\n\t<meta name=\"twitter:label2\" content=\"Szacowany czas czytania\" \/>\n\t<meta name=\"twitter:data2\" content=\"6 minut\" \/>\n<script type=\"application\/ld+json\" class=\"yoast-schema-graph\">{\"@context\":\"https:\/\/schema.org\",\"@graph\":[{\"@type\":\"Article\",\"@id\":\"https:\/\/www.pakamera.pl\/magazyn\/z-czym-laczyc-czarny-turmalin-a-z-czym-nie\/#article\",\"isPartOf\":{\"@id\":\"https:\/\/www.pakamera.pl\/magazyn\/z-czym-laczyc-czarny-turmalin-a-z-czym-nie\/\"},\"author\":{\"name\":\"Kinga Paw\u0142owska\",\"@id\":\"https:\/\/www.pakamera.pl\/magazyn\/#\/schema\/person\/3260837128eb02b1b1ed1972385dff23\"},\"headline\":\"Z czym \u0142\u0105czy\u0107 czarny turmalin, a z czym nie?\",\"datePublished\":\"2024-02-15T10:04:07+00:00\",\"dateModified\":\"2026-03-24T13:33:27+00:00\",\"mainEntityOfPage\":{\"@id\":\"https:\/\/www.pakamera.pl\/magazyn\/z-czym-laczyc-czarny-turmalin-a-z-czym-nie\/\"},\"wordCount\":955,\"publisher\":{\"@id\":\"https:\/\/www.pakamera.pl\/magazyn\/#organization\"},\"keywords\":[\"bi\u017cuteria z kamieniami szlachetnymi\",\"kamienie naturalne\",\"kamienie szlachetne\",\"minera\u0142y\",\"turmalin\"],\"articleSection\":[\"Moda\"],\"inLanguage\":\"pl-PL\"},{\"@type\":\"WebPage\",\"@id\":\"https:\/\/www.pakamera.pl\/magazyn\/z-czym-laczyc-czarny-turmalin-a-z-czym-nie\/\",\"url\":\"https:\/\/www.pakamera.pl\/magazyn\/z-czym-laczyc-czarny-turmalin-a-z-czym-nie\/\",\"name\":\"Z czym \u0142\u0105czy\u0107 czarny turmalin, a z czym nie? - Magazyn Pakamera.pl\",\"isPartOf\":{\"@id\":\"https:\/\/www.pakamera.pl\/magazyn\/#website\"},\"datePublished\":\"2024-02-15T10:04:07+00:00\",\"dateModified\":\"2026-03-24T13:33:27+00:00\",\"description\":\"Zastanawiasz si\u0119 z czym \u0142\u0105czy\u0107 czarny turmalin a jakie po\u0142\u0105czenia lepiej unika\u0107? Zobacz nasze podpowiedzi i znajd\u017a zestaw idealny.\",\"breadcrumb\":{\"@id\":\"https:\/\/www.pakamera.pl\/magazyn\/z-czym-laczyc-czarny-turmalin-a-z-czym-nie\/#breadcrumb\"},\"inLanguage\":\"pl-PL\",\"potentialAction\":[{\"@type\":\"ReadAction\",\"target\":[\"https:\/\/www.pakamera.pl\/magazyn\/z-czym-laczyc-czarny-turmalin-a-z-czym-nie\/\"]}]},{\"@type\":\"BreadcrumbList\",\"@id\":\"https:\/\/www.pakamera.pl\/magazyn\/z-czym-laczyc-czarny-turmalin-a-z-czym-nie\/#breadcrumb\",\"itemListElement\":[{\"@type\":\"ListItem\",\"position\":1,\"name\":\"Magazyn\",\"item\":\"https:\/\/www.pakamera.pl\/magazyn\/\"},{\"@type\":\"ListItem\",\"position\":2,\"name\":\"Moda\",\"item\":\"https:\/\/www.pakamera.pl\/magazyn\/category\/moda\/\"},{\"@type\":\"ListItem\",\"position\":3,\"name\":\"Z czym \u0142\u0105czy\u0107 czarny turmalin, a z czym nie?\"}]},{\"@type\":\"WebSite\",\"@id\":\"https:\/\/www.pakamera.pl\/magazyn\/#website\",\"url\":\"https:\/\/www.pakamera.pl\/magazyn\/\",\"name\":\"Magazyn Pakamera.pl\",\"description\":\"Sprawd\u017a najgor\u0119tsze tematy sezonu!\",\"publisher\":{\"@id\":\"https:\/\/www.pakamera.pl\/magazyn\/#organization\"},\"potentialAction\":[{\"@type\":\"SearchAction\",\"target\":{\"@type\":\"EntryPoint\",\"urlTemplate\":\"https:\/\/www.pakamera.pl\/magazyn\/?s={search_term_string}\"},\"query-input\":\"required name=search_term_string\"}],\"inLanguage\":\"pl-PL\"},{\"@type\":\"Organization\",\"@id\":\"https:\/\/www.pakamera.pl\/magazyn\/#organization\",\"name\":\"Pakamera.pl\",\"url\":\"https:\/\/www.pakamera.pl\/magazyn\/\",\"logo\":{\"@type\":\"ImageObject\",\"inLanguage\":\"pl-PL\",\"@id\":\"https:\/\/www.pakamera.pl\/magazyn\/#\/schema\/logo\/image\/\",\"url\":\"https:\/\/imgmag.pakamera.net\/2023\/11\/153455466619.png\",\"contentUrl\":\"https:\/\/imgmag.pakamera.net\/2023\/11\/153455466619.png\",\"width\":690,\"height\":140,\"caption\":\"Pakamera.pl\"},\"image\":{\"@id\":\"https:\/\/www.pakamera.pl\/magazyn\/#\/schema\/logo\/image\/\"},\"sameAs\":[\"https:\/\/facebook.com\/pakamerapl\",\"https:\/\/www.instagram.com\/pakamera\/\"]},{\"@type\":\"Person\",\"@id\":\"https:\/\/www.pakamera.pl\/magazyn\/#\/schema\/person\/3260837128eb02b1b1ed1972385dff23\",\"name\":\"Kinga Paw\u0142owska\",\"description\":\"Jestem pasjonatk\u0105 designu, mody i sztuki wyra\u017cania siebie poprzez ubi\u00f3r i dodatki. Moja misja polega na przekazywaniu wiedzy i inspiracji w dziedzinie bi\u017cuterii, mody, dekoracji wn\u0119trz oraz r\u00f3\u017cnego rodzaju dodatk\u00f3w, kt\u00f3re sprawi\u0105, \u017ce Twoje \u017cycie stanie si\u0119 jeszcze bardziej pi\u0119kne i wyj\u0105tkowe. W moich postach znajdziesz przewodniki po najnowszych trendach, zar\u00f3wno je\u015bli chodzi o kolory wn\u0119trz, jak i modne dodatki czy bi\u017cuteri\u0119. Pragn\u0119 pom\u00f3c Ci odkry\u0107, jakie style wn\u0119trza pasuj\u0105 do Twojej osobowo\u015bci, a tak\u017ce jak dopasowa\u0107 bi\u017cuteri\u0119 do r\u00f3\u017cnych rodzaj\u00f3w sukienek czy stylizacji. Jestem r\u00f3wnie\u017c zwolenniczk\u0105 wyj\u0105tkowych, r\u0119cznie robionych produkt\u00f3w. W moich postach znajdziesz wiele inspiracji zwi\u0105zanych z r\u0119kodzie\u0142em, takimi jak eleganckie apaszki jedwabne, ozdoby na g\u0142ow\u0119 czy bi\u017cuteria artystyczna od polskich marek. W moich postach po\u015bwi\u0119cam r\u00f3wnie\u017c uwag\u0119 polskim projektantom i markom. Dziel\u0119 si\u0119 informacjami na temat bi\u017cuterii, ubra\u0144 i dodatk\u00f3w od rodzimych marek, kt\u00f3re tworz\u0105 wyj\u0105tkowe produkty. Moj\u0105 misj\u0105 jest dostarczanie inspiracji i praktycznych wskaz\u00f3wek z zakresu mody, designu, wn\u0119trz i bi\u017cuterii. Pragn\u0119, aby moje wpisy pomaga\u0142y Ci w tworzeniu wyj\u0105tkowych stylizacji, wyborze idealnych prezent\u00f3w oraz w aran\u017cacji pi\u0119knych wn\u0119trz. Zawsze staram si\u0119 dostarcza\u0107 tre\u015bci oparte na solidnych \u017ar\u00f3d\u0142ach i wiedzy, aby\u015b m\u00f3g\u0142\/a korzysta\u0107 z nich z pe\u0142nym zaufaniem.\"}]}<\/script>\n<!-- \/ Yoast SEO plugin. -->","yoast_head_json":{"title":"Z czym \u0142\u0105czy\u0107 czarny turmalin, a z czym nie? - Magazyn Pakamera.pl","description":"Zastanawiasz si\u0119 z czym \u0142\u0105czy\u0107 czarny turmalin a jakie po\u0142\u0105czenia lepiej unika\u0107? Zobacz nasze podpowiedzi i znajd\u017a zestaw idealny.","robots":{"index":"index","follow":"follow"},"canonical":"https:\/\/www.pakamera.pl\/magazyn\/z-czym-laczyc-czarny-turmalin-a-z-czym-nie\/","og_locale":"pl_PL","og_type":"article","og_title":"Z czym \u0142\u0105czy\u0107 czarny turmalin, a z czym nie? - Magazyn Pakamera.pl","og_description":"Zastanawiasz si\u0119 z czym \u0142\u0105czy\u0107 czarny turmalin a jakie po\u0142\u0105czenia lepiej unika\u0107? Zobacz nasze podpowiedzi i znajd\u017a zestaw idealny.","og_url":"https:\/\/www.pakamera.pl\/magazyn\/z-czym-laczyc-czarny-turmalin-a-z-czym-nie\/","og_site_name":"Magazyn Pakamera.pl","article_publisher":"https:\/\/facebook.com\/pakamerapl","article_published_time":"2024-02-15T10:04:07+00:00","article_modified_time":"2026-03-24T13:33:27+00:00","og_image":[{"width":1600,"height":840,"url":"https:\/\/imgmag.pakamera.net\/2024\/02\/z-czym-laczyc-czarny-turmalin-a-z-czym-nie-104225911907.jpg","type":"image\/jpeg"}],"author":"Kinga Paw\u0142owska","twitter_card":"summary_large_image","twitter_misc":{"Napisane przez":"Kinga Paw\u0142owska","Szacowany czas czytania":"6 minut"},"schema":{"@context":"https:\/\/schema.org","@graph":[{"@type":"Article","@id":"https:\/\/www.pakamera.pl\/magazyn\/z-czym-laczyc-czarny-turmalin-a-z-czym-nie\/#article","isPartOf":{"@id":"https:\/\/www.pakamera.pl\/magazyn\/z-czym-laczyc-czarny-turmalin-a-z-czym-nie\/"},"author":{"name":"Kinga Paw\u0142owska","@id":"https:\/\/www.pakamera.pl\/magazyn\/#\/schema\/person\/3260837128eb02b1b1ed1972385dff23"},"headline":"Z czym \u0142\u0105czy\u0107 czarny turmalin, a z czym nie?","datePublished":"2024-02-15T10:04:07+00:00","dateModified":"2026-03-24T13:33:27+00:00","mainEntityOfPage":{"@id":"https:\/\/www.pakamera.pl\/magazyn\/z-czym-laczyc-czarny-turmalin-a-z-czym-nie\/"},"wordCount":955,"publisher":{"@id":"https:\/\/www.pakamera.pl\/magazyn\/#organization"},"keywords":["bi\u017cuteria z kamieniami szlachetnymi","kamienie naturalne","kamienie szlachetne","minera\u0142y","turmalin"],"articleSection":["Moda"],"inLanguage":"pl-PL"},{"@type":"WebPage","@id":"https:\/\/www.pakamera.pl\/magazyn\/z-czym-laczyc-czarny-turmalin-a-z-czym-nie\/","url":"https:\/\/www.pakamera.pl\/magazyn\/z-czym-laczyc-czarny-turmalin-a-z-czym-nie\/","name":"Z czym \u0142\u0105czy\u0107 czarny turmalin, a z czym nie? - Magazyn Pakamera.pl","isPartOf":{"@id":"https:\/\/www.pakamera.pl\/magazyn\/#website"},"datePublished":"2024-02-15T10:04:07+00:00","dateModified":"2026-03-24T13:33:27+00:00","description":"Zastanawiasz si\u0119 z czym \u0142\u0105czy\u0107 czarny turmalin a jakie po\u0142\u0105czenia lepiej unika\u0107? Zobacz nasze podpowiedzi i znajd\u017a zestaw idealny.","breadcrumb":{"@id":"https:\/\/www.pakamera.pl\/magazyn\/z-czym-laczyc-czarny-turmalin-a-z-czym-nie\/#breadcrumb"},"inLanguage":"pl-PL","potentialAction":[{"@type":"ReadAction","target":["https:\/\/www.pakamera.pl\/magazyn\/z-czym-laczyc-czarny-turmalin-a-z-czym-nie\/"]}]},{"@type":"BreadcrumbList","@id":"https:\/\/www.pakamera.pl\/magazyn\/z-czym-laczyc-czarny-turmalin-a-z-czym-nie\/#breadcrumb","itemListElement":[{"@type":"ListItem","position":1,"name":"Magazyn","item":"https:\/\/www.pakamera.pl\/magazyn\/"},{"@type":"ListItem","position":2,"name":"Moda","item":"https:\/\/www.pakamera.pl\/magazyn\/category\/moda\/"},{"@type":"ListItem","position":3,"name":"Z czym \u0142\u0105czy\u0107 czarny turmalin, a z czym nie?"}]},{"@type":"WebSite","@id":"https:\/\/www.pakamera.pl\/magazyn\/#website","url":"https:\/\/www.pakamera.pl\/magazyn\/","name":"Magazyn Pakamera.pl","description":"Sprawd\u017a najgor\u0119tsze tematy sezonu!","publisher":{"@id":"https:\/\/www.pakamera.pl\/magazyn\/#organization"},"potentialAction":[{"@type":"SearchAction","target":{"@type":"EntryPoint","urlTemplate":"https:\/\/www.pakamera.pl\/magazyn\/?s={search_term_string}"},"query-input":"required name=search_term_string"}],"inLanguage":"pl-PL"},{"@type":"Organization","@id":"https:\/\/www.pakamera.pl\/magazyn\/#organization","name":"Pakamera.pl","url":"https:\/\/www.pakamera.pl\/magazyn\/","logo":{"@type":"ImageObject","inLanguage":"pl-PL","@id":"https:\/\/www.pakamera.pl\/magazyn\/#\/schema\/logo\/image\/","url":"https:\/\/imgmag.pakamera.net\/2023\/11\/153455466619.png","contentUrl":"https:\/\/imgmag.pakamera.net\/2023\/11\/153455466619.png","width":690,"height":140,"caption":"Pakamera.pl"},"image":{"@id":"https:\/\/www.pakamera.pl\/magazyn\/#\/schema\/logo\/image\/"},"sameAs":["https:\/\/facebook.com\/pakamerapl","https:\/\/www.instagram.com\/pakamera\/"]},{"@type":"Person","@id":"https:\/\/www.pakamera.pl\/magazyn\/#\/schema\/person\/3260837128eb02b1b1ed1972385dff23","name":"Kinga Paw\u0142owska","description":"Jestem pasjonatk\u0105 designu, mody i sztuki wyra\u017cania siebie poprzez ubi\u00f3r i dodatki. Moja misja polega na przekazywaniu wiedzy i inspiracji w dziedzinie bi\u017cuterii, mody, dekoracji wn\u0119trz oraz r\u00f3\u017cnego rodzaju dodatk\u00f3w, kt\u00f3re sprawi\u0105, \u017ce Twoje \u017cycie stanie si\u0119 jeszcze bardziej pi\u0119kne i wyj\u0105tkowe. W moich postach znajdziesz przewodniki po najnowszych trendach, zar\u00f3wno je\u015bli chodzi o kolory wn\u0119trz, jak i modne dodatki czy bi\u017cuteri\u0119. Pragn\u0119 pom\u00f3c Ci odkry\u0107, jakie style wn\u0119trza pasuj\u0105 do Twojej osobowo\u015bci, a tak\u017ce jak dopasowa\u0107 bi\u017cuteri\u0119 do r\u00f3\u017cnych rodzaj\u00f3w sukienek czy stylizacji. Jestem r\u00f3wnie\u017c zwolenniczk\u0105 wyj\u0105tkowych, r\u0119cznie robionych produkt\u00f3w. W moich postach znajdziesz wiele inspiracji zwi\u0105zanych z r\u0119kodzie\u0142em, takimi jak eleganckie apaszki jedwabne, ozdoby na g\u0142ow\u0119 czy bi\u017cuteria artystyczna od polskich marek. W moich postach po\u015bwi\u0119cam r\u00f3wnie\u017c uwag\u0119 polskim projektantom i markom. Dziel\u0119 si\u0119 informacjami na temat bi\u017cuterii, ubra\u0144 i dodatk\u00f3w od rodzimych marek, kt\u00f3re tworz\u0105 wyj\u0105tkowe produkty. Moj\u0105 misj\u0105 jest dostarczanie inspiracji i praktycznych wskaz\u00f3wek z zakresu mody, designu, wn\u0119trz i bi\u017cuterii. Pragn\u0119, aby moje wpisy pomaga\u0142y Ci w tworzeniu wyj\u0105tkowych stylizacji, wyborze idealnych prezent\u00f3w oraz w aran\u017cacji pi\u0119knych wn\u0119trz. Zawsze staram si\u0119 dostarcza\u0107 tre\u015bci oparte na solidnych \u017ar\u00f3d\u0142ach i wiedzy, aby\u015b m\u00f3g\u0142\/a korzysta\u0107 z nich z pe\u0142nym zaufaniem."}]}},"_links":{"self":[{"href":"https:\/\/www.pakamera.pl\/magazyn\/wp-json\/wp\/v2\/posts\/9990","targetHints":{"allow":["GET"]}}],"collection":[{"href":"https:\/\/www.pakamera.pl\/magazyn\/wp-json\/wp\/v2\/posts"}],"about":[{"href":"https:\/\/www.pakamera.pl\/magazyn\/wp-json\/wp\/v2\/types\/post"}],"author":[{"embeddable":true,"href":"https:\/\/www.pakamera.pl\/magazyn\/wp-json\/wp\/v2\/users\/15"}],"replies":[{"embeddable":true,"href":"https:\/\/www.pakamera.pl\/magazyn\/wp-json\/wp\/v2\/comments?post=9990"}],"version-history":[{"count":3,"href":"https:\/\/www.pakamera.pl\/magazyn\/wp-json\/wp\/v2\/posts\/9990\/revisions"}],"predecessor-version":[{"id":14581,"href":"https:\/\/www.pakamera.pl\/magazyn\/wp-json\/wp\/v2\/posts\/9990\/revisions\/14581"}],"wp:featuredmedia":[{"embeddable":true,"href":"https:\/\/www.pakamera.pl\/magazyn\/wp-json\/wp\/v2\/media\/9992"}],"wp:attachment":[{"href":"https:\/\/www.pakamera.pl\/magazyn\/wp-json\/wp\/v2\/media?parent=9990"}],"wp:term":[{"taxonomy":"category","embeddable":true,"href":"https:\/\/www.pakamera.pl\/magazyn\/wp-json\/wp\/v2\/categories?post=9990"},{"taxonomy":"post_tag","embeddable":true,"href":"https:\/\/www.pakamera.pl\/magazyn\/wp-json\/wp\/v2\/tags?post=9990"}],"curies":[{"name":"wp","href":"https:\/\/api.w.org\/{rel}","templated":true}]}}