{"id":9969,"date":"2024-02-11T12:43:53","date_gmt":"2024-02-11T11:43:53","guid":{"rendered":"https:\/\/www.pakamera.pl\/magazyn\/?p=9969"},"modified":"2025-03-03T15:22:04","modified_gmt":"2025-03-03T14:22:04","slug":"jak-wyglada-cytryn-i-jakie-ma-wlasciwosci","status":"publish","type":"post","link":"https:\/\/www.pakamera.pl\/magazyn\/jak-wyglada-cytryn-i-jakie-ma-wlasciwosci\/","title":{"rendered":"Jak wygl\u0105da cytryn i jakie ma w\u0142a\u015bciwo\u015bci?"},"content":{"rendered":"<p><strong>Cytryn, znany r\u00f3wnie\u017c jako \u201ekamie\u0144 s\u0142o\u0144ca\u201d, jest ceniony g\u0142\u00f3wnie za swoje ciep\u0142e odcienie, przypominaj\u0105ce promienie s\u0142o\u0144ca. Co oznacza cytryn? Jego nazwa pochodzi od francuskiego s\u0142owa \u201ecitron&#8221;, czyli cytryny, co nawi\u0105zuje do jego wyj\u0105tkowego odcienia. Kryszta\u0142 ten nie tylko zachwyca swoim wygl\u0105dem, ale odznacza si\u0119 r\u00f3wnie\u017c licznymi w\u0142a\u015bciwo\u015bciami, kt\u00f3re zapewniaj\u0105 mu szerokie zastosowanie, przede wszystkim w jubilerstwie. Podpowiadamy jak rozpozna\u0107, jakie ma w\u0142a\u015bciwo\u015bci i jak wygl\u0105da cytryn?<br \/>\n<\/strong><\/p>\n<p><!--more--><\/p>\n<figure id=\"attachment_9971\" aria-describedby=\"caption-attachment-9971\" style=\"width: 1600px\" class=\"wp-caption alignnone\"><img loading=\"lazy\" decoding=\"async\" class=\"wp-image-9971 size-full\" src=\"https:\/\/imgmag.pakamera.net\/2024\/02\/jak-wyglada-cytryn-i-jakie-ma-wlasciwosci-123545497408.jpg\" alt=\"Jak wygl\u0105da cytryn i jakie ma w\u0142a\u015bciwo\u015bci\" width=\"1600\" height=\"840\" \/><figcaption id=\"caption-attachment-9971\" class=\"wp-caption-text\">Bransoletka cytryn \/ hematiti \/ www.pakamera.pl<\/figcaption><\/figure>\n<h2>Wygl\u0105d cytrynu: barwa, przejrzysto\u015b\u0107, kszta\u0142t<\/h2>\n<p>Cytryn to <strong>kamie\u0144 szlachetny b\u0119d\u0105cy rzadko spotykan\u0105 odmian\u0105 kwarcu<\/strong>. Jak wygl\u0105da cytryn? Kryszta\u0142 mo\u017ce przyjmowa\u0107 <strong>kolory od bladej \u017c\u00f3\u0142ci, przez z\u0142oto\u017c\u00f3\u0142te i pomara\u0144czowe, a\u017c po czerwone i ciemnobr\u0105zowe odcienie<\/strong>. Jego barwa wynika z obecno\u015bci niewielkich ilo\u015bci \u017celaza. Oryginalne kamienie maj\u0105 <strong>matow\u0105 powierzchni\u0119<\/strong>, jednak <strong>odpowiednia obr\u00f3bka mo\u017ce sprawi\u0107, \u017ce stan\u0105 si\u0119 przejrzyste<\/strong>. Cytryn przyjmuje <strong>r\u00f3\u017cne kszta\u0142ty i formy<\/strong>, w zale\u017cno\u015bci od tego, czy jest naturalnym, surowym kryszta\u0142em, czy starannie oszlifowanym kamieniem dodawanym do bi\u017cuterii lub stanowi\u0105cym element dekoracyjny.<\/p>\n<h2>W\u0142a\u015bciwo\u015bci cytrynu<\/h2>\n<div id=\"pakawidget1083\" class=\"pakawidget\"><\/div>\n<p><script async defer src=\"https:\/\/www.pakamera.pl\/widget\/widget2.min.js?id=1083&#038;type=20240208123822&#038;wwidth=1000\"><\/script><br \/>\nTwardo\u015b\u0107 cytrynu wynosi 7 w skali Mohsa, co sprawia, \u017ce jest to kamie\u0144 <strong>stosunkowo odporny na zarysowania<\/strong>. Dzi\u0119ki temu stanowi <strong>dobry wyb\u00f3r do noszenia na co dzie\u0144<\/strong> jako bi\u017cuteri\u0119 \u2013 jego ciep\u0142e odcienie idealnie wkomponowuj\u0105 si\u0119 w r\u00f3\u017cnego rodzaju stylizacje, zar\u00f3wno barwne, jak i te o bardziej stonowanych odcieniach.<\/p>\n<p>Cytryn posiada r\u00f3\u017cne w\u0142a\u015bciwo\u015bci metafizyczne \u2013 <strong>przyci\u0105ga szcz\u0119\u015bcie i bogactwo<\/strong> (dlatego jest nazywany kamieniem sukcesu), <strong>stymuluje kreatywno\u015b\u0107<\/strong> i <strong>pozytywne my\u015blenie<\/strong>, a tak\u017ce <strong>dzia\u0142a antydepresyjnie, antyl\u0119kowo i energetyzuj\u0105co<\/strong>. Wi\u0105\u017ce si\u0119 z energi\u0105 s\u0142o\u0144ca, wspiera rozw\u00f3j witalno\u015bci oraz <strong>podnosi poczucie w\u0142asnej warto\u015bci<\/strong>. W medycynie alternatywnej jest <strong>stosowany w niekonwencjonalnych terapiach do walki z r\u00f3\u017cnymi chorobami<\/strong>, w tym do leczenia <strong>przypad\u0142o\u015bci zwi\u0105zanych z sercem, w\u0105trob\u0105 czy nerkami<\/strong>.<\/p>\n<h2>Zastosowanie cytrynu w bi\u017cuterii i dekoracji<\/h2>\n<figure id=\"attachment_9974\" aria-describedby=\"caption-attachment-9974\" style=\"width: 1600px\" class=\"wp-caption alignnone\"><img loading=\"lazy\" decoding=\"async\" class=\"wp-image-9974 size-full\" src=\"https:\/\/imgmag.pakamera.net\/2024\/02\/jak-wyglada-cytryn-i-jakie-ma-wlasciwosci-130530351511.jpg\" alt=\"choker z cytrynem na regulowanym sznurku\" width=\"1600\" height=\"840\" \/><figcaption id=\"caption-attachment-9974\" class=\"wp-caption-text\">Choker z Cytrynem \/ Szmaragdowa Polana \/ www.pakamera.pl<\/figcaption><\/figure>\n<p>Cytryn jest kamieniem maj\u0105cym <strong>szerokie zastosowanie w jubilerstwie<\/strong>. Wykorzystuje si\u0119 go do wytwarzania kolczyk\u00f3w, naszyjnik\u00f3w, bransoletek, pier\u015bcionk\u00f3w czy broszek. Kryszta\u0142y s\u0105 zwykle szlifowane na bry\u0142ki lub fasetki, ale na rynku mo\u017cna znale\u017a\u0107 r\u00f3wnie\u017c surowe kamienie bez \u017cadnej obr\u00f3bki. Ich <strong>ciep\u0142y blask cz\u0119sto \u0142\u0105czy si\u0119 z\u0142otem lub srebrem<\/strong>, a takie zestawienie dodatkowo podkre\u015bla naturalne pi\u0119kno kamienia.<\/p>\n<p>Ze wzgl\u0119du na fakt, \u017ce jest do\u015b\u0107 <strong>rzadko spotykanym kamieniem szlachetnym, stanowi doskona\u0142y prezent dla indywidualist\u00f3w<\/strong> i os\u00f3b ceni\u0105cych sobie przestrze\u0144 oraz pod\u0105\u017caj\u0105cych w\u0142asnymi \u015bcie\u017ckami. Obecnie popularno\u015bci\u0105 cieszy si\u0119 zagadnienie, <a href=\"https:\/\/www.pakamera.pl\/magazyn\/jaki-kamien-dla-kazdego-znaku-zodiaku\/\" target=\"_blank\" rel=\"noopener\">jaki kamie\u0144 pasuje do ka\u017cdego znaku zodiaku<\/a>. <strong>Cytryn przypisywany jest g\u0142\u00f3wnie do Lwa i Panny<\/strong>. Osobom spod tych znak\u00f3w pozwala uwolni\u0107 potencja\u0142 i energetyczn\u0105 moc, a tak\u017ce zapewnia dzia\u0142anie ochronne. Ponadto kamie\u0144 ten <strong>pomaga budowa\u0107 pewno\u015b\u0107 siebie<\/strong>, <strong>wspomaga kreatywno\u015b\u0107<\/strong> i <strong>otwiera umys\u0142 na nowe my\u015bli<\/strong> i rozwi\u0105zania.<\/p>\n<p>Ze wzgl\u0119du na du\u017ce zainteresowanie tym zagadnieniem coraz cz\u0119\u015bciej mo\u017cna zauwa\u017cy\u0107 bi\u017cuteri\u0119 dedykowan\u0105 znakom zodiaku. Niezwykle popularna jest <a href=\"https:\/\/www.pakamera.pl\/bransoletki-mineraly-0-1969.htm\" target=\"_blank\" rel=\"noopener\">bransoletki z kamieniami<\/a>, kt\u00f3ra stanowi amulet, gwarantuj\u0105cy szcz\u0119\u015bcie.<\/p>\n<p><strong>Cytryn ma tak\u017ce zastosowanie w dekoracji wn\u0119trz<\/strong>. Wyst\u0119puje g\u0142\u00f3wnie w formie du\u017cych, surowych kryszta\u0142\u00f3w, mniejszych, oszlifowanych kamieni lub drobnych element\u00f3w dekoracyjnych.<\/p>\n<h2>Porady dotycz\u0105ce piel\u0119gnacji i czyszczenia cytrynu<\/h2>\n<div id=\"pakawidget1084\" class=\"pakawidget\"><\/div>\n<p><script async defer src=\"https:\/\/www.pakamera.pl\/widget\/widget2.min.js?id=1084&#038;type=20240208133833&#038;wwidth=1000\"><\/script><br \/>\nCytryn, jak ka\u017cdy kamie\u0144 szlachetny, do zachowania swojego blasku wymaga odpowiedniej piel\u0119gnacji. Do jego czyszczenia najlepiej u\u017cy\u0107 <strong>mi\u0119kkiej, lekko wilgotnej szmatki lub wody z myd\u0142em.<\/strong> <strong>Nie zaleca si\u0119 jednak jego d\u0142ugiego namaczania<\/strong>. Kamienia nie powinno si\u0119 zanurza\u0107 w agresywnych \u015brodkach chemicznych, poniewa\u017c mog\u0105 uszkodzi\u0107 jego powierzchni\u0119. Warto przechowywa\u0107 go z dala od innej bi\u017cuterii, aby zapobiega\u0107 powstawaniu zarysowa\u0144.<\/p>\n<h2>Historia i pochodzenie cytrynu<\/h2>\n<p>Cytryn jest znany od zarania dziej\u00f3w. <strong>W staro\u017cytnym Rzymie ceniono go za walory estetyczne oraz magiczne w\u0142a\u015bciwo\u015bci<\/strong>, zapewniaj\u0105ce dobre samopoczucie oraz ochron\u0119 przed z\u0142ymi mocami. Kamie\u0144 ten <strong>wykorzystywano g\u0142\u00f3wnie jako talizman i amulet ochronny<\/strong>, a tak\u017ce jako element ozdobny w bi\u017cuterii i innych wyrobach.<\/p>\n<p>Cytryn naturalnie wyst\u0119puje na ca\u0142ym \u015bwiecie, jednak jego wydobycie ma miejsce g\u0142\u00f3wnie w Brazylii, Rosji i na Madagaskarze. Dzi\u0119ki swoim estetycznym i energetycznym w\u0142a\u015bciwo\u015bciom jest kamieniem, kt\u00f3ry od wiek\u00f3w zdobi i wspiera ludzi w r\u00f3\u017cnych aspektach ich \u017cycia. Jego <strong>uniwersalno\u015b\u0107 i wyj\u0105tkowy kolor sprawiaj\u0105, \u017ce jest ceniony zar\u00f3wno w\u015br\u00f3d mi\u0142o\u015bnik\u00f3w bi\u017cuterii i os\u00f3b interesuj\u0105cych si\u0119 kamieniami szlachetnymi<\/strong> ze wzgl\u0119du na ich zewn\u0119trzne pi\u0119kno, jak i ludzi, kt\u00f3rzy wierz\u0105 w magi\u0119 kamieni szlachetnych oraz ich metafizyczne oddzia\u0142ywanie.<\/p>\n<p>Niesamowita moc kamieni szlachetnych sprawia, \u017ce ludzie doceniaj\u0105 je g\u0142\u00f3wnie ze wzgl\u0119du na <strong>warto\u015bci duchowe i lecznicze<\/strong>. Cytryn ma tak\u017ce du\u017ce znaczenie dla kolekcjoner\u00f3w, poniewa\u017c jest to surowiec rzadko spotykany w swojej naturalnej formie.<\/p>\n<p>Zar\u00f3wno kamienie jak i niepowtarzaln\u0105 <a href=\"https:\/\/www.pakamera.pl\/cytryn-0-t794.htm\" target=\"_blank\" rel=\"noopener\">bi\u017cuteri\u0119 z naturalnym cytrynem<\/a> znajdziesz w naszym sklepie pakamera.pl<\/p>\n","protected":false},"excerpt":{"rendered":"<p>Cytryn, znany r\u00f3wnie\u017c jako \u201ekamie\u0144 s\u0142o\u0144ca\u201d, jest ceniony g\u0142\u00f3wnie za swoje ciep\u0142e odcienie, przypominaj\u0105ce promienie s\u0142o\u0144ca. Co oznacza cytryn? Jego nazwa pochodzi od francuskiego s\u0142owa \u201ecitron&#8221;, czyli cytryny, co nawi\u0105zuje<span class=\"more-dots\">&#8230;<\/span><\/p>\n","protected":false},"author":16,"featured_media":9971,"comment_status":"closed","ping_status":"closed","sticky":false,"template":"","format":"standard","meta":{"footnotes":""},"categories":[3],"tags":[2253,2256,2488,2490,2367,2489],"class_list":["post-9969","post","type-post","status-publish","format-standard","has-post-thumbnail","hentry","category-moda","tag-bizuteria-z-kamieniami-szlachetnymi","tag-bizuteria-z-kamieniem-ksiezycowym","tag-cytryn","tag-kamienie-naturalne","tag-kamienie-szlachetne","tag-mineraly"],"yoast_head":"<!-- This site is optimized with the Yoast SEO plugin v21.6 - https:\/\/yoast.com\/wordpress\/plugins\/seo\/ -->\n<title>Jak wygl\u0105da cytryn i jakie ma w\u0142a\u015bciwo\u015bci? - Magazyn Pakamera.pl<\/title>\n<meta name=\"description\" content=\"Zastanawiasz si\u0119 jak wygl\u0105da cytryn i jakie ma w\u0142a\u015bciwo\u015bci? Dowied\u017a si\u0119 o jego niesamowitych mocach i kilku ciekawostkach.\" \/>\n<meta name=\"robots\" content=\"index, follow\" \/>\n<link rel=\"canonical\" href=\"https:\/\/www.pakamera.pl\/magazyn\/jak-wyglada-cytryn-i-jakie-ma-wlasciwosci\/\" \/>\n<meta property=\"og:locale\" content=\"pl_PL\" \/>\n<meta property=\"og:type\" content=\"article\" \/>\n<meta property=\"og:title\" content=\"Jak wygl\u0105da cytryn i jakie ma w\u0142a\u015bciwo\u015bci? - Magazyn Pakamera.pl\" \/>\n<meta property=\"og:description\" content=\"Zastanawiasz si\u0119 jak wygl\u0105da cytryn i jakie ma w\u0142a\u015bciwo\u015bci? Dowied\u017a si\u0119 o jego niesamowitych mocach i kilku ciekawostkach.\" \/>\n<meta property=\"og:url\" content=\"https:\/\/www.pakamera.pl\/magazyn\/jak-wyglada-cytryn-i-jakie-ma-wlasciwosci\/\" \/>\n<meta property=\"og:site_name\" content=\"Magazyn Pakamera.pl\" \/>\n<meta property=\"article:publisher\" content=\"https:\/\/facebook.com\/pakamerapl\" \/>\n<meta property=\"article:published_time\" content=\"2024-02-11T11:43:53+00:00\" \/>\n<meta property=\"article:modified_time\" content=\"2025-03-03T14:22:04+00:00\" \/>\n<meta property=\"og:image\" content=\"https:\/\/imgmag.pakamera.net\/2024\/02\/jak-wyglada-cytryn-i-jakie-ma-wlasciwosci-123545497408.jpg\" \/>\n\t<meta property=\"og:image:width\" content=\"1600\" \/>\n\t<meta property=\"og:image:height\" content=\"840\" \/>\n\t<meta property=\"og:image:type\" content=\"image\/jpeg\" \/>\n<meta name=\"author\" content=\"Magda Strzelecka\" \/>\n<meta name=\"twitter:card\" content=\"summary_large_image\" \/>\n<meta name=\"twitter:label1\" content=\"Napisane przez\" \/>\n\t<meta name=\"twitter:data1\" content=\"Magda Strzelecka\" \/>\n\t<meta name=\"twitter:label2\" content=\"Szacowany czas czytania\" \/>\n\t<meta name=\"twitter:data2\" content=\"5 minut\" \/>\n<script type=\"application\/ld+json\" class=\"yoast-schema-graph\">{\"@context\":\"https:\/\/schema.org\",\"@graph\":[{\"@type\":\"Article\",\"@id\":\"https:\/\/www.pakamera.pl\/magazyn\/jak-wyglada-cytryn-i-jakie-ma-wlasciwosci\/#article\",\"isPartOf\":{\"@id\":\"https:\/\/www.pakamera.pl\/magazyn\/jak-wyglada-cytryn-i-jakie-ma-wlasciwosci\/\"},\"author\":{\"name\":\"Magda Strzelecka\",\"@id\":\"https:\/\/www.pakamera.pl\/magazyn\/#\/schema\/person\/375940ab821c5af50e1e31f1ec5282b5\"},\"headline\":\"Jak wygl\u0105da cytryn i jakie ma w\u0142a\u015bciwo\u015bci?\",\"datePublished\":\"2024-02-11T11:43:53+00:00\",\"dateModified\":\"2025-03-03T14:22:04+00:00\",\"mainEntityOfPage\":{\"@id\":\"https:\/\/www.pakamera.pl\/magazyn\/jak-wyglada-cytryn-i-jakie-ma-wlasciwosci\/\"},\"wordCount\":896,\"publisher\":{\"@id\":\"https:\/\/www.pakamera.pl\/magazyn\/#organization\"},\"keywords\":[\"bi\u017cuteria z kamieniami szlachetnymi\",\"BI\u017bUTERIA Z kamieniem ksi\u0119\u017cycowym\",\"cytryn\",\"kamienie naturalne\",\"kamienie szlachetne\",\"minera\u0142y\"],\"articleSection\":[\"Moda\"],\"inLanguage\":\"pl-PL\"},{\"@type\":\"WebPage\",\"@id\":\"https:\/\/www.pakamera.pl\/magazyn\/jak-wyglada-cytryn-i-jakie-ma-wlasciwosci\/\",\"url\":\"https:\/\/www.pakamera.pl\/magazyn\/jak-wyglada-cytryn-i-jakie-ma-wlasciwosci\/\",\"name\":\"Jak wygl\u0105da cytryn i jakie ma w\u0142a\u015bciwo\u015bci? - Magazyn Pakamera.pl\",\"isPartOf\":{\"@id\":\"https:\/\/www.pakamera.pl\/magazyn\/#website\"},\"datePublished\":\"2024-02-11T11:43:53+00:00\",\"dateModified\":\"2025-03-03T14:22:04+00:00\",\"description\":\"Zastanawiasz si\u0119 jak wygl\u0105da cytryn i jakie ma w\u0142a\u015bciwo\u015bci? Dowied\u017a si\u0119 o jego niesamowitych mocach i kilku ciekawostkach.\",\"breadcrumb\":{\"@id\":\"https:\/\/www.pakamera.pl\/magazyn\/jak-wyglada-cytryn-i-jakie-ma-wlasciwosci\/#breadcrumb\"},\"inLanguage\":\"pl-PL\",\"potentialAction\":[{\"@type\":\"ReadAction\",\"target\":[\"https:\/\/www.pakamera.pl\/magazyn\/jak-wyglada-cytryn-i-jakie-ma-wlasciwosci\/\"]}]},{\"@type\":\"BreadcrumbList\",\"@id\":\"https:\/\/www.pakamera.pl\/magazyn\/jak-wyglada-cytryn-i-jakie-ma-wlasciwosci\/#breadcrumb\",\"itemListElement\":[{\"@type\":\"ListItem\",\"position\":1,\"name\":\"Magazyn\",\"item\":\"https:\/\/www.pakamera.pl\/magazyn\/\"},{\"@type\":\"ListItem\",\"position\":2,\"name\":\"Moda\",\"item\":\"https:\/\/www.pakamera.pl\/magazyn\/category\/moda\/\"},{\"@type\":\"ListItem\",\"position\":3,\"name\":\"Jak wygl\u0105da cytryn i jakie ma w\u0142a\u015bciwo\u015bci?\"}]},{\"@type\":\"WebSite\",\"@id\":\"https:\/\/www.pakamera.pl\/magazyn\/#website\",\"url\":\"https:\/\/www.pakamera.pl\/magazyn\/\",\"name\":\"Magazyn Pakamera.pl\",\"description\":\"Sprawd\u017a najgor\u0119tsze tematy sezonu!\",\"publisher\":{\"@id\":\"https:\/\/www.pakamera.pl\/magazyn\/#organization\"},\"potentialAction\":[{\"@type\":\"SearchAction\",\"target\":{\"@type\":\"EntryPoint\",\"urlTemplate\":\"https:\/\/www.pakamera.pl\/magazyn\/?s={search_term_string}\"},\"query-input\":\"required name=search_term_string\"}],\"inLanguage\":\"pl-PL\"},{\"@type\":\"Organization\",\"@id\":\"https:\/\/www.pakamera.pl\/magazyn\/#organization\",\"name\":\"Pakamera.pl\",\"url\":\"https:\/\/www.pakamera.pl\/magazyn\/\",\"logo\":{\"@type\":\"ImageObject\",\"inLanguage\":\"pl-PL\",\"@id\":\"https:\/\/www.pakamera.pl\/magazyn\/#\/schema\/logo\/image\/\",\"url\":\"https:\/\/imgmag.pakamera.net\/2023\/11\/153455466619.png\",\"contentUrl\":\"https:\/\/imgmag.pakamera.net\/2023\/11\/153455466619.png\",\"width\":690,\"height\":140,\"caption\":\"Pakamera.pl\"},\"image\":{\"@id\":\"https:\/\/www.pakamera.pl\/magazyn\/#\/schema\/logo\/image\/\"},\"sameAs\":[\"https:\/\/facebook.com\/pakamerapl\",\"https:\/\/www.instagram.com\/pakamera\/\"]},{\"@type\":\"Person\",\"@id\":\"https:\/\/www.pakamera.pl\/magazyn\/#\/schema\/person\/375940ab821c5af50e1e31f1ec5282b5\",\"name\":\"Magda Strzelecka\",\"description\":\"Magda to nasza stylistka, kt\u00f3ra od ponad 10 lat \u015bci\u015ble zwi\u0105zana jest z mod\u0105. Uwielbia \u015bledzi\u0107 \u015bwiatowe trendy i przek\u0142ada\u0107 je na rynek polski. Kocha dobre sk\u0142ady ubra\u0144, wyj\u0105tkow\u0105 bi\u017cuteri\u0119 i dodatki kt\u00f3re o\u017cywi\u0105 ka\u017cd\u0105 stylizacj\u0119.\"}]}<\/script>\n<!-- \/ Yoast SEO plugin. -->","yoast_head_json":{"title":"Jak wygl\u0105da cytryn i jakie ma w\u0142a\u015bciwo\u015bci? - Magazyn Pakamera.pl","description":"Zastanawiasz si\u0119 jak wygl\u0105da cytryn i jakie ma w\u0142a\u015bciwo\u015bci? Dowied\u017a si\u0119 o jego niesamowitych mocach i kilku ciekawostkach.","robots":{"index":"index","follow":"follow"},"canonical":"https:\/\/www.pakamera.pl\/magazyn\/jak-wyglada-cytryn-i-jakie-ma-wlasciwosci\/","og_locale":"pl_PL","og_type":"article","og_title":"Jak wygl\u0105da cytryn i jakie ma w\u0142a\u015bciwo\u015bci? - Magazyn Pakamera.pl","og_description":"Zastanawiasz si\u0119 jak wygl\u0105da cytryn i jakie ma w\u0142a\u015bciwo\u015bci? Dowied\u017a si\u0119 o jego niesamowitych mocach i kilku ciekawostkach.","og_url":"https:\/\/www.pakamera.pl\/magazyn\/jak-wyglada-cytryn-i-jakie-ma-wlasciwosci\/","og_site_name":"Magazyn Pakamera.pl","article_publisher":"https:\/\/facebook.com\/pakamerapl","article_published_time":"2024-02-11T11:43:53+00:00","article_modified_time":"2025-03-03T14:22:04+00:00","og_image":[{"width":1600,"height":840,"url":"https:\/\/imgmag.pakamera.net\/2024\/02\/jak-wyglada-cytryn-i-jakie-ma-wlasciwosci-123545497408.jpg","type":"image\/jpeg"}],"author":"Magda Strzelecka","twitter_card":"summary_large_image","twitter_misc":{"Napisane przez":"Magda Strzelecka","Szacowany czas czytania":"5 minut"},"schema":{"@context":"https:\/\/schema.org","@graph":[{"@type":"Article","@id":"https:\/\/www.pakamera.pl\/magazyn\/jak-wyglada-cytryn-i-jakie-ma-wlasciwosci\/#article","isPartOf":{"@id":"https:\/\/www.pakamera.pl\/magazyn\/jak-wyglada-cytryn-i-jakie-ma-wlasciwosci\/"},"author":{"name":"Magda Strzelecka","@id":"https:\/\/www.pakamera.pl\/magazyn\/#\/schema\/person\/375940ab821c5af50e1e31f1ec5282b5"},"headline":"Jak wygl\u0105da cytryn i jakie ma w\u0142a\u015bciwo\u015bci?","datePublished":"2024-02-11T11:43:53+00:00","dateModified":"2025-03-03T14:22:04+00:00","mainEntityOfPage":{"@id":"https:\/\/www.pakamera.pl\/magazyn\/jak-wyglada-cytryn-i-jakie-ma-wlasciwosci\/"},"wordCount":896,"publisher":{"@id":"https:\/\/www.pakamera.pl\/magazyn\/#organization"},"keywords":["bi\u017cuteria z kamieniami szlachetnymi","BI\u017bUTERIA Z kamieniem ksi\u0119\u017cycowym","cytryn","kamienie naturalne","kamienie szlachetne","minera\u0142y"],"articleSection":["Moda"],"inLanguage":"pl-PL"},{"@type":"WebPage","@id":"https:\/\/www.pakamera.pl\/magazyn\/jak-wyglada-cytryn-i-jakie-ma-wlasciwosci\/","url":"https:\/\/www.pakamera.pl\/magazyn\/jak-wyglada-cytryn-i-jakie-ma-wlasciwosci\/","name":"Jak wygl\u0105da cytryn i jakie ma w\u0142a\u015bciwo\u015bci? - Magazyn Pakamera.pl","isPartOf":{"@id":"https:\/\/www.pakamera.pl\/magazyn\/#website"},"datePublished":"2024-02-11T11:43:53+00:00","dateModified":"2025-03-03T14:22:04+00:00","description":"Zastanawiasz si\u0119 jak wygl\u0105da cytryn i jakie ma w\u0142a\u015bciwo\u015bci? Dowied\u017a si\u0119 o jego niesamowitych mocach i kilku ciekawostkach.","breadcrumb":{"@id":"https:\/\/www.pakamera.pl\/magazyn\/jak-wyglada-cytryn-i-jakie-ma-wlasciwosci\/#breadcrumb"},"inLanguage":"pl-PL","potentialAction":[{"@type":"ReadAction","target":["https:\/\/www.pakamera.pl\/magazyn\/jak-wyglada-cytryn-i-jakie-ma-wlasciwosci\/"]}]},{"@type":"BreadcrumbList","@id":"https:\/\/www.pakamera.pl\/magazyn\/jak-wyglada-cytryn-i-jakie-ma-wlasciwosci\/#breadcrumb","itemListElement":[{"@type":"ListItem","position":1,"name":"Magazyn","item":"https:\/\/www.pakamera.pl\/magazyn\/"},{"@type":"ListItem","position":2,"name":"Moda","item":"https:\/\/www.pakamera.pl\/magazyn\/category\/moda\/"},{"@type":"ListItem","position":3,"name":"Jak wygl\u0105da cytryn i jakie ma w\u0142a\u015bciwo\u015bci?"}]},{"@type":"WebSite","@id":"https:\/\/www.pakamera.pl\/magazyn\/#website","url":"https:\/\/www.pakamera.pl\/magazyn\/","name":"Magazyn Pakamera.pl","description":"Sprawd\u017a najgor\u0119tsze tematy sezonu!","publisher":{"@id":"https:\/\/www.pakamera.pl\/magazyn\/#organization"},"potentialAction":[{"@type":"SearchAction","target":{"@type":"EntryPoint","urlTemplate":"https:\/\/www.pakamera.pl\/magazyn\/?s={search_term_string}"},"query-input":"required name=search_term_string"}],"inLanguage":"pl-PL"},{"@type":"Organization","@id":"https:\/\/www.pakamera.pl\/magazyn\/#organization","name":"Pakamera.pl","url":"https:\/\/www.pakamera.pl\/magazyn\/","logo":{"@type":"ImageObject","inLanguage":"pl-PL","@id":"https:\/\/www.pakamera.pl\/magazyn\/#\/schema\/logo\/image\/","url":"https:\/\/imgmag.pakamera.net\/2023\/11\/153455466619.png","contentUrl":"https:\/\/imgmag.pakamera.net\/2023\/11\/153455466619.png","width":690,"height":140,"caption":"Pakamera.pl"},"image":{"@id":"https:\/\/www.pakamera.pl\/magazyn\/#\/schema\/logo\/image\/"},"sameAs":["https:\/\/facebook.com\/pakamerapl","https:\/\/www.instagram.com\/pakamera\/"]},{"@type":"Person","@id":"https:\/\/www.pakamera.pl\/magazyn\/#\/schema\/person\/375940ab821c5af50e1e31f1ec5282b5","name":"Magda Strzelecka","description":"Magda to nasza stylistka, kt\u00f3ra od ponad 10 lat \u015bci\u015ble zwi\u0105zana jest z mod\u0105. Uwielbia \u015bledzi\u0107 \u015bwiatowe trendy i przek\u0142ada\u0107 je na rynek polski. Kocha dobre sk\u0142ady ubra\u0144, wyj\u0105tkow\u0105 bi\u017cuteri\u0119 i dodatki kt\u00f3re o\u017cywi\u0105 ka\u017cd\u0105 stylizacj\u0119."}]}},"_links":{"self":[{"href":"https:\/\/www.pakamera.pl\/magazyn\/wp-json\/wp\/v2\/posts\/9969","targetHints":{"allow":["GET"]}}],"collection":[{"href":"https:\/\/www.pakamera.pl\/magazyn\/wp-json\/wp\/v2\/posts"}],"about":[{"href":"https:\/\/www.pakamera.pl\/magazyn\/wp-json\/wp\/v2\/types\/post"}],"author":[{"embeddable":true,"href":"https:\/\/www.pakamera.pl\/magazyn\/wp-json\/wp\/v2\/users\/16"}],"replies":[{"embeddable":true,"href":"https:\/\/www.pakamera.pl\/magazyn\/wp-json\/wp\/v2\/comments?post=9969"}],"version-history":[{"count":3,"href":"https:\/\/www.pakamera.pl\/magazyn\/wp-json\/wp\/v2\/posts\/9969\/revisions"}],"predecessor-version":[{"id":12832,"href":"https:\/\/www.pakamera.pl\/magazyn\/wp-json\/wp\/v2\/posts\/9969\/revisions\/12832"}],"wp:featuredmedia":[{"embeddable":true,"href":"https:\/\/www.pakamera.pl\/magazyn\/wp-json\/wp\/v2\/media\/9971"}],"wp:attachment":[{"href":"https:\/\/www.pakamera.pl\/magazyn\/wp-json\/wp\/v2\/media?parent=9969"}],"wp:term":[{"taxonomy":"category","embeddable":true,"href":"https:\/\/www.pakamera.pl\/magazyn\/wp-json\/wp\/v2\/categories?post=9969"},{"taxonomy":"post_tag","embeddable":true,"href":"https:\/\/www.pakamera.pl\/magazyn\/wp-json\/wp\/v2\/tags?post=9969"}],"curies":[{"name":"wp","href":"https:\/\/api.w.org\/{rel}","templated":true}]}}