{"id":9962,"date":"2024-02-10T11:38:09","date_gmt":"2024-02-10T10:38:09","guid":{"rendered":"https:\/\/www.pakamera.pl\/magazyn\/?p=9962"},"modified":"2025-10-31T14:05:38","modified_gmt":"2025-10-31T13:05:38","slug":"w-co-sie-ubrac-na-slub-jako-gosc","status":"publish","type":"post","link":"https:\/\/www.pakamera.pl\/magazyn\/w-co-sie-ubrac-na-slub-jako-gosc\/","title":{"rendered":"W co si\u0119 ubra\u0107 na \u015blub jako go\u015b\u0107?"},"content":{"rendered":"<p><strong>Love is in the air! Twoi bliscy planuj\u0105 stan\u0105\u0107 na \u015blubnym kobiercu w najbli\u017cszym czasie? Masz ju\u017c prezent, przygotowa\u0142e\u015b \u017cyczenia, ale sen z powiek sp\u0119dza Ci my\u015bl, w co si\u0119 ubra\u0107 na \u015blub jako go\u015b\u0107?<\/strong><\/p>\n<p><!--more--><\/p>\n<figure id=\"attachment_9965\" aria-describedby=\"caption-attachment-9965\" style=\"width: 1600px\" class=\"wp-caption alignnone\"><img loading=\"lazy\" decoding=\"async\" class=\"wp-image-9965 size-full\" src=\"https:\/\/imgmag.pakamera.net\/2024\/02\/w-co-sie-ubrac-na-slub-jako-gosc-162701957345.jpg\" alt=\"W co si\u0119 ubra\u0107 na \u015blub jako go\u015b\u0107?\" width=\"1600\" height=\"840\" \/><figcaption id=\"caption-attachment-9965\" class=\"wp-caption-text\">Sukienka na jedno rami\u0119 z falban\u0105-butelkowa ziele\u0144(K-146) \/ MAKOVER \/ www.pakamera.pl<\/figcaption><\/figure>\n<p>Przejrza\u0142e\u015b ju\u017c milion stron z garniturami? Zajrza\u0142a\u015b do ka\u017cdego sklepu z <a href=\"https:\/\/www.pakamera.pl\/sukienka-na-wesele-0-t46134.htm\" target=\"_blank\" rel=\"noopener\">sukienkami na wesele<\/a>? I nadal nic nie przyku\u0142o Twojej uwagi? C\u00f3\u017c, czasem zbyt du\u017cy wyb\u00f3r\u2026 utrudnia wyb\u00f3r. Mamy dla Ciebie gar\u015b\u0107 wskaz\u00f3wek, dzi\u0119ki kt\u00f3rym znajdziesz idealn\u0105 kreacj\u0119 na \u015blub jako go\u015b\u0107.<\/p>\n<h2>Etykieta ubioru go\u015bcia na \u015blub \u2013 co jest, a co nie jest akceptowalne?<\/h2>\n<p>Gdy otrzymujesz zaproszenie, najpierw zastanawiasz si\u0119, w co si\u0119 ubra\u0107 na \u015blub jako go\u015b\u0107. Etykieta oferuje<strong> kilka niepisanych zasad, kt\u00f3re warto zna\u0107<\/strong>, aby czu\u0107 si\u0119 komfortowo i okaza\u0107 szacunek dla pary m\u0142odej.<\/p>\n<p><strong>Unikaj bieli i wszystkich odcieni, kt\u00f3re mog\u0105 by\u0107 z ni\u0105 mylone<\/strong> \u2013 ta barwa jest zarezerwowana wy\u0142\u0105cznie dla panny m\u0142odej. <strong>Ca\u0142kowicie czarne stroje r\u00f3wnie\u017c b\u0119d\u0105 nieodpowiednie<\/strong>, poniewa\u017c kojarz\u0105 si\u0119 z \u017ca\u0142ob\u0105.<\/p>\n<div id=\"pakawidget1080\" class=\"pakawidget\"><\/div>\n<p><script async defer src=\"https:\/\/www.pakamera.pl\/widget\/widget2.min.js?id=1080&#038;type=20240207163029&#038;wwidth=1000\"><\/script><br \/>\nZamiast tego, <strong>ubierz si\u0119 elegancko w stonowane kolory i fasony<\/strong>. Stylizacja \u015blubna dla go\u015bcia powinna podkre\u015bla\u0107 uroczysty charakter wydarzenia, nie przy\u0107miewaj\u0105c pary m\u0142odej. <strong>Panom polecamy tradycyjny garnitur \u2013 granatowy lub ciemnoszary<\/strong>. Je\u015bli \u015blub jest mniej formalny lub odbywa si\u0119 w lecie, dobrze sprawdz\u0105 si\u0119 jasne kolory, np. go\u0142\u0119bi czy jasnoszary. <strong>Nie zapomnij o muszce lub krawacie<\/strong>. To \u015blubne must-have!<\/p>\n<p>Panie maj\u0105 wi\u0119ksz\u0105 dowolno\u015b\u0107 stroju. <strong>Elegancka sukienka na wesele, sp\u00f3dnica lub kombinezon o d\u0142ugo\u015bci midi lub maxi<\/strong> b\u0119d\u0105 dobrym wyborem. Kreacja <strong>powinna by\u0107 raczej zachowawcza<\/strong> \u2013 zbyt kr\u00f3tkie ubrania s\u0105 nieodpowiednie, zw\u0142aszcza na ceremoni\u0119 ko\u015bcieln\u0105.<\/p>\n<h2>Wyb\u00f3r stroju go\u015bcia zgodnego z motywem i miejscem \u015blubu<\/h2>\n<p>Je\u015bli \u015blub odbywa si\u0119 <strong>w plenerze, np. nad morzem, wybierz lekk\u0105, przewiewn\u0105 sukienk\u0119 lub letni garnitur<\/strong>. Taka sceneria pozwala na wi\u0119ksz\u0105 swobod\u0119 \u2013 panie mog\u0105 wybra\u0107 <strong>sukienki w kwiatowe wzory<\/strong>, a <strong>m\u0119\u017cczy\u017ani \u2013 lniane koszule i be\u017cowe spodnie<\/strong>. Pami\u0119taj jednak o elegancji. Unikaj zbyt casualowych stroj\u00f3w \u2013 szorty i podkoszulki to zdecydowanie nie jest odpowiednia stylizacja \u015blubna dla go\u015bcia.<\/p>\n<figure id=\"attachment_9967\" aria-describedby=\"caption-attachment-9967\" style=\"width: 1600px\" class=\"wp-caption alignnone\"><img loading=\"lazy\" decoding=\"async\" class=\"wp-image-9967 size-full\" src=\"https:\/\/imgmag.pakamera.net\/2024\/02\/w-co-sie-ubrac-na-slub-jako-gosc-114230235167.jpg\" alt=\"d\u0142uga sukienka na wesele fuksja\" width=\"1600\" height=\"840\" \/><figcaption id=\"caption-attachment-9967\" class=\"wp-caption-text\">Suknia maxi \/ COCOON \/ www.pakamera.pl<\/figcaption><\/figure>\n<p>Je\u017celi \u015blub odbywa si\u0119<strong> w ko\u015bciele lub na eleganckiej sali weselnej, ubierz si\u0119 bardziej formalne \u2013 w klasyczn\u0105, d\u0142ug\u0105 sukienk\u0119 lub dobrze skrojony garnitur<\/strong>.<\/p>\n<p>Wydarzenie ma unikalny motyw, np. boho? Podejd\u017a do sprawy kreatywnie! Zadbaj o kreacj\u0119 w odpowiednim stylu \u2013 lu\u017an\u0105, zwiewn\u0105 sukienk\u0119 lub lnian\u0105 koszul\u0119 i spodnie w jasnych kolorach.<\/p>\n<h2>Kolorystyka i wzory \u2013 jak unika\u0107 modowych wpadek?<\/h2>\n<p><strong>Odwie\u015b do szafy ubrania w zbyt jaskrawych kolorach<\/strong> (np. neonowy r\u00f3\u017c czy pomara\u0144czowy) \u2013 mog\u0105 odwraca\u0107 uwag\u0119 od bohater\u00f3w wydarzenia. Nie oznacza to, \u017ce musisz ogranicza\u0107 si\u0119 wy\u0142\u0105cznie do stonowanych barw. <strong>Mo\u017cesz wybra\u0107 \u017cywe kolory \u2013 jasnozielony, jasnoniebieski lub pudrowy r\u00f3\u017c<\/strong>, ale zr\u00f3b to z umiarem. Sprawd\u017a, <a href=\"https:\/\/www.pakamera.pl\/magazyn\/zielona-sukienka-na-wesele-wybor-idealnej-bizuterii-ktora-podkresli-twoj-styl\/\" target=\"_blank\" rel=\"noopener\">jaka bi\u017cuteria do zielonej sukienki na wesele<\/a> b\u0119dzie najlepsza.<br \/>\n<strong>Garnitury w klasycznej czarnej, granatowej lub szarej barwie zawsze s\u0105 bezpiecznym wyborem<\/strong>, ale je\u015bli wolisz co\u015b innego, wypr\u00f3buj ciemnozielony czy bordowy.<\/p>\n<div id=\"pakawidget1081\" class=\"pakawidget\"><\/div>\n<p><script async defer src=\"https:\/\/www.pakamera.pl\/widget\/widget2.min.js?id=1081&#038;type=20240207163500&#038;wwidth=1000\"><\/script><br \/>\nNa \u015blub <strong>wybierz g\u0142adkie ubrania lub delikatne wzory \u2013 kwiatowe, paski b\u0105d\u017a geometryczne motywy<\/strong>. W ten spos\u00f3b unikniesz modowej wpadki. Im bardziej formalna uroczysto\u015b\u0107, tym wi\u0119cej uwagi po\u015bwi\u0119\u0107 planowaniu stylizacji.<\/p>\n<h2>Stroje dla r\u00f3\u017cnych typ\u00f3w sylwetek<\/h2>\n<p>W co si\u0119 ubra\u0107 na \u015blub jako go\u015b\u0107 zale\u017cnie od typu sylwetki? Je\u015bli masz <strong>figur\u0119 typu jab\u0142ko, za\u0142\u00f3\u017c ubrania, kt\u00f3re akcentuj\u0105 nogi i dekolt<\/strong>, odwracaj\u0105c uwag\u0119 od brzucha. Mog\u0105 to by\u0107 <strong>sukienki z lekko podwy\u017cszonym stanem<\/strong>, tuniki lub bluzki z dekoltem w kszta\u0142cie litery V. Dla pan\u00f3w z tym typem sylwetki \u015bwietnie sprawdz\u0105 si\u0119 koszule w pionowe paski i ciemne kolory \u2013 optycznie wyszczupl\u0105 sylwetk\u0119. Unikaj obcis\u0142ych ubra\u0144.<\/p>\n<p>Osoby z <strong>sylwetk\u0105 typu gruszka, z szerszymi biodrami i w\u0119\u017cszymi ramionami, powinny wybiera\u0107 stroje, kt\u00f3re r\u00f3wnowa\u017c\u0105 proporcje cia\u0142a<\/strong>. Dla kobiet idealne b\u0119d\u0105 <strong>sukienki z rozkloszowanym do\u0142em<\/strong> \u2013 w ten spos\u00f3b podkre\u015blisz tali\u0119 i zr\u00f3wnowa\u017cysz biodra. <strong>M\u0119\u017cczyznom polecamy ciemne spodnie i jasn\u0105 koszul\u0119<\/strong> \u2013 tak skupisz uwag\u0119 na g\u00f3rnej cz\u0119\u015bci cia\u0142a.<\/p>\n<p>Masz sylwetk\u0119 <strong>klepsydry \u2013 wyra\u017anie zaznaczon\u0105 tali\u0105 i proporcjonalne ramionami i biodra<\/strong>? <strong>Podkre\u015bl pas dopasowan\u0105 sukienk\u0105 lub garniturem<\/strong>. Najwa\u017cniejsze, \u017ceby\u015b czu\u0142 si\u0119 dobrze w danym stroju, dlatego przymierz kreacj\u0119 przed wielkim dniem!<\/p>\n<h2>Akcesoria \u2013 jakie wybra\u0107, by dope\u0142ni\u0107 str\u00f3j \u015blubny go\u015bcia?<\/h2>\n<p>Nie zapomnij o odpowiednim obuwiu i dodatkach! Je\u015bli zdecydujesz si\u0119 ubra\u0107 wysokie szpilki, pami\u0119taj, \u017ceby wzi\u0105\u0107 buty na przebranie, zw\u0142aszcza je\u015bli planujesz ta\u0144czy\u0107 do p\u00f3\u017anych godzin nocnych. Wybierz <strong>niewielk\u0105, eleganck\u0105 torebk\u0119 na pasku lub kopert\u00f3wk\u0119<\/strong>. <a href=\"https:\/\/www.pakamera.pl\/magazyn\/jaka-bizuteria-na-wesele-odkryj-najmodniejsze-trendy-i-inspiracje\/\" target=\"_blank\" rel=\"noopener\">Jaka bi\u017cuteria na wesele<\/a> b\u0119dzie odpowiednia. Postaw na <strong>minimalizm \u2013 cienki naszyjnik, subtelne kolczyki i bransoletk\u0119<\/strong>.<\/p>\n<div id=\"pakawidget1082\" class=\"pakawidget\"><\/div>\n<p><script async defer src=\"https:\/\/www.pakamera.pl\/widget\/widget2.min.js?id=1082&#038;type=20240207163841&#038;wwidth=1000\"><\/script><br \/>\n<strong>Dla pan\u00f3w must-have s\u0105 eleganckie buty dopasowane do koloru paska i zegarek<\/strong>. Pami\u0119taj o muszce lub krawacie. Do kieszeni marynarki w\u0142\u00f3\u017c poszetk\u0119. \u015alub bliskich to wydarzenie, na kt\u00f3rym chcesz wygl\u0105da\u0107 elegancko i czu\u0107 si\u0119 komfortowo.<\/p>\n<p>Przygotowali\u015bmy dla Ciebie <a href=\"https:\/\/www.pakamera.pl\/sukienka-na-wesele-0-t46134.htm\" target=\"_blank\" rel=\"noopener\">niespotykane sukienki na wesele<\/a> i szykowne garnitury na Pakamera.pl. Zajrzyj tam ju\u017c dzi\u015b, a b\u0119dziesz gotowy na wszystkie zaproszenia \u015blubne w tym roku!<\/p>\n","protected":false},"excerpt":{"rendered":"<p>Love is in the air! Twoi bliscy planuj\u0105 stan\u0105\u0107 na \u015blubnym kobiercu w najbli\u017cszym czasie? Masz ju\u017c prezent, przygotowa\u0142e\u015b \u017cyczenia, ale sen z powiek sp\u0119dza Ci my\u015bl, w co si\u0119<span class=\"more-dots\">&#8230;<\/span><\/p>\n","protected":false},"author":15,"featured_media":9965,"comment_status":"closed","ping_status":"closed","sticky":false,"template":"","format":"standard","meta":{"footnotes":""},"categories":[3],"tags":[2447,136,132,1600],"class_list":["post-9962","post","type-post","status-publish","format-standard","has-post-thumbnail","hentry","category-moda","tag-bizuteria-na-wesele","tag-modna-sukienka-na-wesele","tag-sukienka-na-wesele","tag-sukienki-na-wesele"],"yoast_head":"<!-- This site is optimized with the Yoast SEO plugin v21.6 - https:\/\/yoast.com\/wordpress\/plugins\/seo\/ -->\n<title>W co si\u0119 ubra\u0107 na \u015blub jako go\u015b\u0107? - Magazyn Pakamera.pl<\/title>\n<meta name=\"description\" content=\"Zastanawiasz si\u0119 w co si\u0119 ubra\u0107 na \u015blub jako go\u015b\u0107? Zobacz nasze propozycje kreacji i dodatk\u00f3w od polskich marek.\" \/>\n<meta name=\"robots\" content=\"index, follow\" \/>\n<link rel=\"canonical\" href=\"https:\/\/www.pakamera.pl\/magazyn\/w-co-sie-ubrac-na-slub-jako-gosc\/\" \/>\n<meta property=\"og:locale\" content=\"pl_PL\" \/>\n<meta property=\"og:type\" content=\"article\" \/>\n<meta property=\"og:title\" content=\"W co si\u0119 ubra\u0107 na \u015blub jako go\u015b\u0107? - Magazyn Pakamera.pl\" \/>\n<meta property=\"og:description\" content=\"Zastanawiasz si\u0119 w co si\u0119 ubra\u0107 na \u015blub jako go\u015b\u0107? Zobacz nasze propozycje kreacji i dodatk\u00f3w od polskich marek.\" \/>\n<meta property=\"og:url\" content=\"https:\/\/www.pakamera.pl\/magazyn\/w-co-sie-ubrac-na-slub-jako-gosc\/\" \/>\n<meta property=\"og:site_name\" content=\"Magazyn Pakamera.pl\" \/>\n<meta property=\"article:publisher\" content=\"https:\/\/facebook.com\/pakamerapl\" \/>\n<meta property=\"article:published_time\" content=\"2024-02-10T10:38:09+00:00\" \/>\n<meta property=\"article:modified_time\" content=\"2025-10-31T13:05:38+00:00\" \/>\n<meta property=\"og:image\" content=\"https:\/\/imgmag.pakamera.net\/2024\/02\/w-co-sie-ubrac-na-slub-jako-gosc-162701957345.jpg\" \/>\n\t<meta property=\"og:image:width\" content=\"1600\" \/>\n\t<meta property=\"og:image:height\" content=\"840\" \/>\n\t<meta property=\"og:image:type\" content=\"image\/jpeg\" \/>\n<meta name=\"author\" content=\"Kinga Paw\u0142owska\" \/>\n<meta name=\"twitter:card\" content=\"summary_large_image\" \/>\n<meta name=\"twitter:label1\" content=\"Napisane przez\" \/>\n\t<meta name=\"twitter:data1\" content=\"Kinga Paw\u0142owska\" \/>\n\t<meta name=\"twitter:label2\" content=\"Szacowany czas czytania\" \/>\n\t<meta name=\"twitter:data2\" content=\"6 minut\" \/>\n<script type=\"application\/ld+json\" class=\"yoast-schema-graph\">{\"@context\":\"https:\/\/schema.org\",\"@graph\":[{\"@type\":\"Article\",\"@id\":\"https:\/\/www.pakamera.pl\/magazyn\/w-co-sie-ubrac-na-slub-jako-gosc\/#article\",\"isPartOf\":{\"@id\":\"https:\/\/www.pakamera.pl\/magazyn\/w-co-sie-ubrac-na-slub-jako-gosc\/\"},\"author\":{\"name\":\"Kinga Paw\u0142owska\",\"@id\":\"https:\/\/www.pakamera.pl\/magazyn\/#\/schema\/person\/3260837128eb02b1b1ed1972385dff23\"},\"headline\":\"W co si\u0119 ubra\u0107 na \u015blub jako go\u015b\u0107?\",\"datePublished\":\"2024-02-10T10:38:09+00:00\",\"dateModified\":\"2025-10-31T13:05:38+00:00\",\"mainEntityOfPage\":{\"@id\":\"https:\/\/www.pakamera.pl\/magazyn\/w-co-sie-ubrac-na-slub-jako-gosc\/\"},\"wordCount\":894,\"publisher\":{\"@id\":\"https:\/\/www.pakamera.pl\/magazyn\/#organization\"},\"keywords\":[\"bi\u017cuteria na wesele\",\"modna sukienka na wesele\",\"sukienka na wesele\",\"sukienki na wesele\"],\"articleSection\":[\"Moda\"],\"inLanguage\":\"pl-PL\"},{\"@type\":\"WebPage\",\"@id\":\"https:\/\/www.pakamera.pl\/magazyn\/w-co-sie-ubrac-na-slub-jako-gosc\/\",\"url\":\"https:\/\/www.pakamera.pl\/magazyn\/w-co-sie-ubrac-na-slub-jako-gosc\/\",\"name\":\"W co si\u0119 ubra\u0107 na \u015blub jako go\u015b\u0107? - Magazyn Pakamera.pl\",\"isPartOf\":{\"@id\":\"https:\/\/www.pakamera.pl\/magazyn\/#website\"},\"datePublished\":\"2024-02-10T10:38:09+00:00\",\"dateModified\":\"2025-10-31T13:05:38+00:00\",\"description\":\"Zastanawiasz si\u0119 w co si\u0119 ubra\u0107 na \u015blub jako go\u015b\u0107? Zobacz nasze propozycje kreacji i dodatk\u00f3w od polskich marek.\",\"breadcrumb\":{\"@id\":\"https:\/\/www.pakamera.pl\/magazyn\/w-co-sie-ubrac-na-slub-jako-gosc\/#breadcrumb\"},\"inLanguage\":\"pl-PL\",\"potentialAction\":[{\"@type\":\"ReadAction\",\"target\":[\"https:\/\/www.pakamera.pl\/magazyn\/w-co-sie-ubrac-na-slub-jako-gosc\/\"]}]},{\"@type\":\"BreadcrumbList\",\"@id\":\"https:\/\/www.pakamera.pl\/magazyn\/w-co-sie-ubrac-na-slub-jako-gosc\/#breadcrumb\",\"itemListElement\":[{\"@type\":\"ListItem\",\"position\":1,\"name\":\"Magazyn\",\"item\":\"https:\/\/www.pakamera.pl\/magazyn\/\"},{\"@type\":\"ListItem\",\"position\":2,\"name\":\"Moda\",\"item\":\"https:\/\/www.pakamera.pl\/magazyn\/category\/moda\/\"},{\"@type\":\"ListItem\",\"position\":3,\"name\":\"W co si\u0119 ubra\u0107 na \u015blub jako go\u015b\u0107?\"}]},{\"@type\":\"WebSite\",\"@id\":\"https:\/\/www.pakamera.pl\/magazyn\/#website\",\"url\":\"https:\/\/www.pakamera.pl\/magazyn\/\",\"name\":\"Magazyn Pakamera.pl\",\"description\":\"Sprawd\u017a najgor\u0119tsze tematy sezonu!\",\"publisher\":{\"@id\":\"https:\/\/www.pakamera.pl\/magazyn\/#organization\"},\"potentialAction\":[{\"@type\":\"SearchAction\",\"target\":{\"@type\":\"EntryPoint\",\"urlTemplate\":\"https:\/\/www.pakamera.pl\/magazyn\/?s={search_term_string}\"},\"query-input\":\"required name=search_term_string\"}],\"inLanguage\":\"pl-PL\"},{\"@type\":\"Organization\",\"@id\":\"https:\/\/www.pakamera.pl\/magazyn\/#organization\",\"name\":\"Pakamera.pl\",\"url\":\"https:\/\/www.pakamera.pl\/magazyn\/\",\"logo\":{\"@type\":\"ImageObject\",\"inLanguage\":\"pl-PL\",\"@id\":\"https:\/\/www.pakamera.pl\/magazyn\/#\/schema\/logo\/image\/\",\"url\":\"https:\/\/imgmag.pakamera.net\/2023\/11\/153455466619.png\",\"contentUrl\":\"https:\/\/imgmag.pakamera.net\/2023\/11\/153455466619.png\",\"width\":690,\"height\":140,\"caption\":\"Pakamera.pl\"},\"image\":{\"@id\":\"https:\/\/www.pakamera.pl\/magazyn\/#\/schema\/logo\/image\/\"},\"sameAs\":[\"https:\/\/facebook.com\/pakamerapl\",\"https:\/\/www.instagram.com\/pakamera\/\"]},{\"@type\":\"Person\",\"@id\":\"https:\/\/www.pakamera.pl\/magazyn\/#\/schema\/person\/3260837128eb02b1b1ed1972385dff23\",\"name\":\"Kinga Paw\u0142owska\",\"description\":\"Jestem pasjonatk\u0105 designu, mody i sztuki wyra\u017cania siebie poprzez ubi\u00f3r i dodatki. Moja misja polega na przekazywaniu wiedzy i inspiracji w dziedzinie bi\u017cuterii, mody, dekoracji wn\u0119trz oraz r\u00f3\u017cnego rodzaju dodatk\u00f3w, kt\u00f3re sprawi\u0105, \u017ce Twoje \u017cycie stanie si\u0119 jeszcze bardziej pi\u0119kne i wyj\u0105tkowe. W moich postach znajdziesz przewodniki po najnowszych trendach, zar\u00f3wno je\u015bli chodzi o kolory wn\u0119trz, jak i modne dodatki czy bi\u017cuteri\u0119. Pragn\u0119 pom\u00f3c Ci odkry\u0107, jakie style wn\u0119trza pasuj\u0105 do Twojej osobowo\u015bci, a tak\u017ce jak dopasowa\u0107 bi\u017cuteri\u0119 do r\u00f3\u017cnych rodzaj\u00f3w sukienek czy stylizacji. Jestem r\u00f3wnie\u017c zwolenniczk\u0105 wyj\u0105tkowych, r\u0119cznie robionych produkt\u00f3w. W moich postach znajdziesz wiele inspiracji zwi\u0105zanych z r\u0119kodzie\u0142em, takimi jak eleganckie apaszki jedwabne, ozdoby na g\u0142ow\u0119 czy bi\u017cuteria artystyczna od polskich marek. W moich postach po\u015bwi\u0119cam r\u00f3wnie\u017c uwag\u0119 polskim projektantom i markom. Dziel\u0119 si\u0119 informacjami na temat bi\u017cuterii, ubra\u0144 i dodatk\u00f3w od rodzimych marek, kt\u00f3re tworz\u0105 wyj\u0105tkowe produkty. Moj\u0105 misj\u0105 jest dostarczanie inspiracji i praktycznych wskaz\u00f3wek z zakresu mody, designu, wn\u0119trz i bi\u017cuterii. Pragn\u0119, aby moje wpisy pomaga\u0142y Ci w tworzeniu wyj\u0105tkowych stylizacji, wyborze idealnych prezent\u00f3w oraz w aran\u017cacji pi\u0119knych wn\u0119trz. Zawsze staram si\u0119 dostarcza\u0107 tre\u015bci oparte na solidnych \u017ar\u00f3d\u0142ach i wiedzy, aby\u015b m\u00f3g\u0142\/a korzysta\u0107 z nich z pe\u0142nym zaufaniem.\"}]}<\/script>\n<!-- \/ Yoast SEO plugin. -->","yoast_head_json":{"title":"W co si\u0119 ubra\u0107 na \u015blub jako go\u015b\u0107? - Magazyn Pakamera.pl","description":"Zastanawiasz si\u0119 w co si\u0119 ubra\u0107 na \u015blub jako go\u015b\u0107? Zobacz nasze propozycje kreacji i dodatk\u00f3w od polskich marek.","robots":{"index":"index","follow":"follow"},"canonical":"https:\/\/www.pakamera.pl\/magazyn\/w-co-sie-ubrac-na-slub-jako-gosc\/","og_locale":"pl_PL","og_type":"article","og_title":"W co si\u0119 ubra\u0107 na \u015blub jako go\u015b\u0107? - Magazyn Pakamera.pl","og_description":"Zastanawiasz si\u0119 w co si\u0119 ubra\u0107 na \u015blub jako go\u015b\u0107? Zobacz nasze propozycje kreacji i dodatk\u00f3w od polskich marek.","og_url":"https:\/\/www.pakamera.pl\/magazyn\/w-co-sie-ubrac-na-slub-jako-gosc\/","og_site_name":"Magazyn Pakamera.pl","article_publisher":"https:\/\/facebook.com\/pakamerapl","article_published_time":"2024-02-10T10:38:09+00:00","article_modified_time":"2025-10-31T13:05:38+00:00","og_image":[{"width":1600,"height":840,"url":"https:\/\/imgmag.pakamera.net\/2024\/02\/w-co-sie-ubrac-na-slub-jako-gosc-162701957345.jpg","type":"image\/jpeg"}],"author":"Kinga Paw\u0142owska","twitter_card":"summary_large_image","twitter_misc":{"Napisane przez":"Kinga Paw\u0142owska","Szacowany czas czytania":"6 minut"},"schema":{"@context":"https:\/\/schema.org","@graph":[{"@type":"Article","@id":"https:\/\/www.pakamera.pl\/magazyn\/w-co-sie-ubrac-na-slub-jako-gosc\/#article","isPartOf":{"@id":"https:\/\/www.pakamera.pl\/magazyn\/w-co-sie-ubrac-na-slub-jako-gosc\/"},"author":{"name":"Kinga Paw\u0142owska","@id":"https:\/\/www.pakamera.pl\/magazyn\/#\/schema\/person\/3260837128eb02b1b1ed1972385dff23"},"headline":"W co si\u0119 ubra\u0107 na \u015blub jako go\u015b\u0107?","datePublished":"2024-02-10T10:38:09+00:00","dateModified":"2025-10-31T13:05:38+00:00","mainEntityOfPage":{"@id":"https:\/\/www.pakamera.pl\/magazyn\/w-co-sie-ubrac-na-slub-jako-gosc\/"},"wordCount":894,"publisher":{"@id":"https:\/\/www.pakamera.pl\/magazyn\/#organization"},"keywords":["bi\u017cuteria na wesele","modna sukienka na wesele","sukienka na wesele","sukienki na wesele"],"articleSection":["Moda"],"inLanguage":"pl-PL"},{"@type":"WebPage","@id":"https:\/\/www.pakamera.pl\/magazyn\/w-co-sie-ubrac-na-slub-jako-gosc\/","url":"https:\/\/www.pakamera.pl\/magazyn\/w-co-sie-ubrac-na-slub-jako-gosc\/","name":"W co si\u0119 ubra\u0107 na \u015blub jako go\u015b\u0107? - Magazyn Pakamera.pl","isPartOf":{"@id":"https:\/\/www.pakamera.pl\/magazyn\/#website"},"datePublished":"2024-02-10T10:38:09+00:00","dateModified":"2025-10-31T13:05:38+00:00","description":"Zastanawiasz si\u0119 w co si\u0119 ubra\u0107 na \u015blub jako go\u015b\u0107? Zobacz nasze propozycje kreacji i dodatk\u00f3w od polskich marek.","breadcrumb":{"@id":"https:\/\/www.pakamera.pl\/magazyn\/w-co-sie-ubrac-na-slub-jako-gosc\/#breadcrumb"},"inLanguage":"pl-PL","potentialAction":[{"@type":"ReadAction","target":["https:\/\/www.pakamera.pl\/magazyn\/w-co-sie-ubrac-na-slub-jako-gosc\/"]}]},{"@type":"BreadcrumbList","@id":"https:\/\/www.pakamera.pl\/magazyn\/w-co-sie-ubrac-na-slub-jako-gosc\/#breadcrumb","itemListElement":[{"@type":"ListItem","position":1,"name":"Magazyn","item":"https:\/\/www.pakamera.pl\/magazyn\/"},{"@type":"ListItem","position":2,"name":"Moda","item":"https:\/\/www.pakamera.pl\/magazyn\/category\/moda\/"},{"@type":"ListItem","position":3,"name":"W co si\u0119 ubra\u0107 na \u015blub jako go\u015b\u0107?"}]},{"@type":"WebSite","@id":"https:\/\/www.pakamera.pl\/magazyn\/#website","url":"https:\/\/www.pakamera.pl\/magazyn\/","name":"Magazyn Pakamera.pl","description":"Sprawd\u017a najgor\u0119tsze tematy sezonu!","publisher":{"@id":"https:\/\/www.pakamera.pl\/magazyn\/#organization"},"potentialAction":[{"@type":"SearchAction","target":{"@type":"EntryPoint","urlTemplate":"https:\/\/www.pakamera.pl\/magazyn\/?s={search_term_string}"},"query-input":"required name=search_term_string"}],"inLanguage":"pl-PL"},{"@type":"Organization","@id":"https:\/\/www.pakamera.pl\/magazyn\/#organization","name":"Pakamera.pl","url":"https:\/\/www.pakamera.pl\/magazyn\/","logo":{"@type":"ImageObject","inLanguage":"pl-PL","@id":"https:\/\/www.pakamera.pl\/magazyn\/#\/schema\/logo\/image\/","url":"https:\/\/imgmag.pakamera.net\/2023\/11\/153455466619.png","contentUrl":"https:\/\/imgmag.pakamera.net\/2023\/11\/153455466619.png","width":690,"height":140,"caption":"Pakamera.pl"},"image":{"@id":"https:\/\/www.pakamera.pl\/magazyn\/#\/schema\/logo\/image\/"},"sameAs":["https:\/\/facebook.com\/pakamerapl","https:\/\/www.instagram.com\/pakamera\/"]},{"@type":"Person","@id":"https:\/\/www.pakamera.pl\/magazyn\/#\/schema\/person\/3260837128eb02b1b1ed1972385dff23","name":"Kinga Paw\u0142owska","description":"Jestem pasjonatk\u0105 designu, mody i sztuki wyra\u017cania siebie poprzez ubi\u00f3r i dodatki. Moja misja polega na przekazywaniu wiedzy i inspiracji w dziedzinie bi\u017cuterii, mody, dekoracji wn\u0119trz oraz r\u00f3\u017cnego rodzaju dodatk\u00f3w, kt\u00f3re sprawi\u0105, \u017ce Twoje \u017cycie stanie si\u0119 jeszcze bardziej pi\u0119kne i wyj\u0105tkowe. W moich postach znajdziesz przewodniki po najnowszych trendach, zar\u00f3wno je\u015bli chodzi o kolory wn\u0119trz, jak i modne dodatki czy bi\u017cuteri\u0119. Pragn\u0119 pom\u00f3c Ci odkry\u0107, jakie style wn\u0119trza pasuj\u0105 do Twojej osobowo\u015bci, a tak\u017ce jak dopasowa\u0107 bi\u017cuteri\u0119 do r\u00f3\u017cnych rodzaj\u00f3w sukienek czy stylizacji. Jestem r\u00f3wnie\u017c zwolenniczk\u0105 wyj\u0105tkowych, r\u0119cznie robionych produkt\u00f3w. W moich postach znajdziesz wiele inspiracji zwi\u0105zanych z r\u0119kodzie\u0142em, takimi jak eleganckie apaszki jedwabne, ozdoby na g\u0142ow\u0119 czy bi\u017cuteria artystyczna od polskich marek. W moich postach po\u015bwi\u0119cam r\u00f3wnie\u017c uwag\u0119 polskim projektantom i markom. Dziel\u0119 si\u0119 informacjami na temat bi\u017cuterii, ubra\u0144 i dodatk\u00f3w od rodzimych marek, kt\u00f3re tworz\u0105 wyj\u0105tkowe produkty. Moj\u0105 misj\u0105 jest dostarczanie inspiracji i praktycznych wskaz\u00f3wek z zakresu mody, designu, wn\u0119trz i bi\u017cuterii. Pragn\u0119, aby moje wpisy pomaga\u0142y Ci w tworzeniu wyj\u0105tkowych stylizacji, wyborze idealnych prezent\u00f3w oraz w aran\u017cacji pi\u0119knych wn\u0119trz. Zawsze staram si\u0119 dostarcza\u0107 tre\u015bci oparte na solidnych \u017ar\u00f3d\u0142ach i wiedzy, aby\u015b m\u00f3g\u0142\/a korzysta\u0107 z nich z pe\u0142nym zaufaniem."}]}},"_links":{"self":[{"href":"https:\/\/www.pakamera.pl\/magazyn\/wp-json\/wp\/v2\/posts\/9962","targetHints":{"allow":["GET"]}}],"collection":[{"href":"https:\/\/www.pakamera.pl\/magazyn\/wp-json\/wp\/v2\/posts"}],"about":[{"href":"https:\/\/www.pakamera.pl\/magazyn\/wp-json\/wp\/v2\/types\/post"}],"author":[{"embeddable":true,"href":"https:\/\/www.pakamera.pl\/magazyn\/wp-json\/wp\/v2\/users\/15"}],"replies":[{"embeddable":true,"href":"https:\/\/www.pakamera.pl\/magazyn\/wp-json\/wp\/v2\/comments?post=9962"}],"version-history":[{"count":3,"href":"https:\/\/www.pakamera.pl\/magazyn\/wp-json\/wp\/v2\/posts\/9962\/revisions"}],"predecessor-version":[{"id":14073,"href":"https:\/\/www.pakamera.pl\/magazyn\/wp-json\/wp\/v2\/posts\/9962\/revisions\/14073"}],"wp:featuredmedia":[{"embeddable":true,"href":"https:\/\/www.pakamera.pl\/magazyn\/wp-json\/wp\/v2\/media\/9965"}],"wp:attachment":[{"href":"https:\/\/www.pakamera.pl\/magazyn\/wp-json\/wp\/v2\/media?parent=9962"}],"wp:term":[{"taxonomy":"category","embeddable":true,"href":"https:\/\/www.pakamera.pl\/magazyn\/wp-json\/wp\/v2\/categories?post=9962"},{"taxonomy":"post_tag","embeddable":true,"href":"https:\/\/www.pakamera.pl\/magazyn\/wp-json\/wp\/v2\/tags?post=9962"}],"curies":[{"name":"wp","href":"https:\/\/api.w.org\/{rel}","templated":true}]}}