{"id":9945,"date":"2024-02-07T11:15:47","date_gmt":"2024-02-07T10:15:47","guid":{"rendered":"https:\/\/www.pakamera.pl\/magazyn\/?p=9945"},"modified":"2025-10-31T14:07:52","modified_gmt":"2025-10-31T13:07:52","slug":"jak-sie-ubrac-na-wesele-zima","status":"publish","type":"post","link":"https:\/\/www.pakamera.pl\/magazyn\/jak-sie-ubrac-na-wesele-zima\/","title":{"rendered":"Jak si\u0119 ubra\u0107 na wesele zim\u0105?"},"content":{"rendered":"<p><strong>Twoi znajomi zdecydowali si\u0119 na \u015blub w ch\u0142odnych miesi\u0105cach \u2013 grudniu, styczniu albo lutym? Jeszcze nawet nie my\u015blisz o szukaniu prezent\u00f3w, bo nie wiesz, jak si\u0119 ubra\u0107 na wesele zim\u0105? Spieszymy z pomoc\u0105. Przeczytaj nasze porady, a bez trudu znajdziesz odpowiedni\u0105 kreacj\u0119.<\/strong><\/p>\n<p><!--more--><\/p>\n<figure id=\"attachment_9946\" aria-describedby=\"caption-attachment-9946\" style=\"width: 1600px\" class=\"wp-caption alignnone\"><img loading=\"lazy\" decoding=\"async\" class=\"wp-image-9946 size-full\" src=\"https:\/\/imgmag.pakamera.net\/2024\/02\/jak-sie-ubrac-na-wesele-zima-155524797117.jpg\" alt=\"Jak si\u0119 ubra\u0107 na wesele zim\u0105?\" width=\"1600\" height=\"840\" \/><figcaption id=\"caption-attachment-9946\" class=\"wp-caption-text\">GO(LF) FOR IT dark green \/ RISK MADE IN WARSAW \/ www.pakamera.pl<\/figcaption><\/figure>\n<p>Jak si\u0119 ubra\u0107 na wesele zim\u0105? Przede wszystkim ciep\u0142o! Dojazd z urz\u0119du lub ko\u015bcio\u0142a na sal\u0119 weseln\u0105 mo\u017ce troch\u0119 trwa\u0107, dlatego nie ryzykuj zamarzni\u0119cia po drodze. Para m\u0142oda mo\u017ce r\u00f3wnie\u017c zaplanowa\u0107 plenerow\u0105 sesj\u0119 zdj\u0119ciow\u0105 lub inne atrakcje, na kt\u00f3re po prostu musisz si\u0119 ciep\u0142o ubra\u0107.<\/p>\n<h2>Kluczowe zasady wyboru stroju na zimowe wesele<\/h2>\n<p>Paniom polecamy <strong>sukienk\u0119 z d\u0142ugim r\u0119kawem<\/strong>, kt\u00f3ra ochroni r\u0119ce przed mrozem. Dobrze sprawdzi si\u0119 r\u00f3wnie\u017c d\u0142uga <a href=\"https:\/\/www.pakamera.pl\/spodnica-na-wesele-0-t46123.htm\" target=\"_blank\" rel=\"noopener\">elegancka sp\u00f3dnica na wesele<\/a> i bluzka. Je\u015bli ju\u017c masz gotow\u0105 kreacj\u0119 z kr\u00f3tkim r\u0119kawem, ubierz <strong>r\u0119kawiczki do \u0142okci lub bolerko<\/strong>. Panowie maj\u0105 nieco \u0142atwiej. Klasyczne garnitury s\u0105 z regu\u0142y przygotowane na niskie temperatury. Je\u015bli \u0142atwo marzniesz, <strong>ubierz pod sp\u00f3d koszul\u0119 z d\u0142ugim r\u0119kawem<\/strong>.<\/p>\n<div id=\"pakawidget1075\" class=\"pakawidget\"><\/div>\n<p><script async defer src=\"https:\/\/www.pakamera.pl\/widget\/widget2.min.js?id=1075&#038;type=20240205154920&#038;wwidth=1000\"><\/script><\/p>\n<h3>Najlepsze materia\u0142y i kolory na zimowe wesele<\/h3>\n<p>Jak si\u0119 ubra\u0107 na wesele w grudniu? Za\u0142\u00f3\u017c str\u00f3j <strong>wykonany z odpowiednio grubego materia\u0142u<\/strong>. Unikaj zbyt lekkich tkanin, kt\u00f3re b\u0119d\u0105 niewystarczaj\u0105ce przy ni\u017cszych temperaturach. W zimowych miesi\u0105cach idealnie sprawdzaj\u0105 si\u0119 <strong>aksamit, gruba satyna, we\u0142na i jedwab<\/strong>. Wygl\u0105daj\u0105 one bardzo ekskluzywnie, a dodatkowo daj\u0105 ciep\u0142o. <strong>Panom polecamy stylowe we\u0142niane garnitury<\/strong>, a <strong>paniom przyda si\u0119 d\u0142uga<\/strong> <a href=\"https:\/\/www.pakamera.pl\/sukienka-na-wesele-0-t46134.htm\" target=\"_blank\" rel=\"noopener\">sukienka na wesele<\/a> <strong>zimowa z podszewk\u0105<\/strong>.<\/p>\n<p>Zimow\u0105 stylizacj\u0119 weseln\u0105 uzupe\u0142nij <strong>eleganckim p\u0142aszczem i szalem<\/strong>. Dopasuj je do reszty stroju. Pami\u0119taj r\u00f3wnie\u017c o dodatkach. R\u0119kawiczki czy modne mitenki to niezb\u0119dne elementy.<br \/>\n<strong>Zimowe wesele to idealna okazja, aby w\u0142o\u017cy\u0107 ubrania w g\u0142\u0119bokich, nieco \u015bwi\u0105tecznych kolorach, np. bordowy, granatowy, ciemnozielony lub fioletowy<\/strong>. Te barwy to kolorystyczne hity na grudzie\u0144, stycze\u0144 i luty!<\/p>\n<h2>Dodatki weselne, kt\u00f3re \u0142\u0105cz\u0105 styl i ciep\u0142o<\/h2>\n<p>Jak si\u0119 ubra\u0107 na wesele w styczniu? Panuj\u0105ce na dworze warunki wymagaj\u0105 przemy\u015blanej stylizacji. Opr\u00f3cz ciep\u0142ego stroju <strong>zadbaj r\u00f3wnie\u017c o stylowe dodatki<\/strong>. <strong>Eleganckie szale i peleryny<\/strong> ochroni\u0105 Ci\u0119 przed zimnem i dodadz\u0105 strojowi elegancji.<\/p>\n<figure id=\"attachment_9948\" aria-describedby=\"caption-attachment-9948\" style=\"width: 1600px\" class=\"wp-caption alignnone\"><img loading=\"lazy\" decoding=\"async\" class=\"wp-image-9948 size-full\" src=\"https:\/\/imgmag.pakamera.net\/2024\/02\/jak-sie-ubrac-na-wesele-zima-162535236391.jpg\" alt=\"d\u0142uga sukienka na wesele zim\u0105\" width=\"1600\" height=\"840\" \/><figcaption id=\"caption-attachment-9948\" class=\"wp-caption-text\">Sukienka Carol \/ Personal \/ www.pakamera.pl<\/figcaption><\/figure>\n<p><strong>Szale wykonane z we\u0142ny, kaszmiru lub sztucznego futerka<\/strong> s\u0105 wspania\u0142ym uzupe\u0142nieniem nie tylko dla sukien \u015blubnych, ale r\u00f3wnie\u017c eleganckich kreacji dla go\u015bci. <strong>M\u0119\u017cczyznom polecamy ubra\u0107 si\u0119 w we\u0142niane szaliki w kolorach dopasowanych do garnituru<\/strong>. Zar\u00f3wno panie, jak i panowie b\u0119d\u0105 wygl\u0105da\u0107 z klas\u0105 w sk\u00f3rzanych lub we\u0142nianych r\u0119kawiczkach.<\/p>\n<p>Ju\u017c wiesz, jak si\u0119 ubra\u0107 na wesele zim\u0105, ale to nie wszystko. Pami\u0119taj r\u00f3wnie\u017c o <a href=\"https:\/\/www.pakamera.pl\/magazyn\/jak-wybrac-buty-na-zime-2023\/\" target=\"_blank\" rel=\"noopener\">wyborze but\u00f3w odpowiednich do zimowych warunk\u00f3w<\/a>. Paniom polecamy eleganckie buty na obcasie z zabudowanym przodem lub stylowe botki. Dla pan\u00f3w idealne b\u0119d\u0105 sk\u00f3rzane buty \u2013 oxfordy lub loafersy. Przetestuj obuwie przed wa\u017cnym dniem, aby cieszy\u0107 si\u0119 uroczysto\u015bci\u0105 bez zb\u0119dnego dyskomfortu.<\/p>\n<h2>Porady dotycz\u0105ce warstwowania ubra\u0144 zim\u0105<\/h2>\n<p>Aby czu\u0107 si\u0119 komfortowo zim\u0105, <strong>zadbaj o warstwy<\/strong>. Je\u015bli Twoi bliscy zaplanowali \u015blub w ekstremalnych warunkach pogodowych, za\u0142\u00f3\u017c bielizn\u0119 termiczn\u0105 pod elegancj\u0105 kreacj\u0119. Jest ona lekka i odprowadza wilgo\u0107 od cia\u0142a, robi\u0105c r\u00f3\u017cnic\u0119 w odczuwaniu temperatury. Paniom polecamy <strong>cienkie, termiczne rajstopy<\/strong>, kt\u00f3re ochroni\u0105 przed mrozem wra\u017cliw\u0105 sk\u00f3r\u0119 na nogach.<\/p>\n<div id=\"pakawidget1076\" class=\"pakawidget\"><\/div>\n<p><script async defer src=\"https:\/\/www.pakamera.pl\/widget\/widget2.min.js?id=1076&#038;type=20240205160045&#038;wwidth=1000\"><\/script><br \/>\nNiekt\u00f3re materia\u0142y naturalnie grzej\u0105. Tak\u0105 funkcj\u0119 spe\u0142nia np. we\u0142na merino lub kaszmir, dlatego <strong>na sukienk\u0119 czy koszul\u0119 warto ubra\u0107 sweter<\/strong> wykonany z takiej tkaniny. Taka odzie\u017c izoluje od zimna, ale nie powoduje przegrzania, gdy posiedzisz w ogrzewanym wn\u0119trzu sali weselnej.<\/p>\n<p>Na sweter koniecznie zarzu\u0107 <strong>we\u0142niany p\u0142aszcz lub gruby trencz<\/strong>, nawet je\u015bli my\u015blisz, \u017ce na dworze sp\u0119dzisz tylko chwilk\u0119. Wierzchnia sztuka odzie\u017cy powinna by\u0107 lu\u017ana, \u017ceby\u015b m\u00f3g\u0142 si\u0119 komfortowo w niej porusza\u0107. Oczywi\u015bcie nie zapominaj r\u00f3wnie\u017c o akcesoriach \u2013 wspomnieli\u015bmy o tym we wcze\u015bniejszym akapicie.<\/p>\n<h2>Przyk\u0142adowe zestawy ubra\u0144 na wesele dla m\u0119\u017cczyzn i kobiet<\/h2>\n<p>Potrzebujesz inspiracji, jak si\u0119 ubra\u0107 na wesele w styczniu lub lutym? Doskona\u0142ym wyborem dla m\u0119\u017cczyzny jest <strong>elegancki garnitur w kolorze granatowym, szarym lub czarnym<\/strong>. Oczywi\u015bcie powinien by\u0107 <strong>dobrze skrojony i dopasowany do sylwetki<\/strong>. Pod sp\u00f3d za\u0142\u00f3\u017c bia\u0142\u0105 koszul\u0119, dodaj elegancki krawat lub much\u0119. Do tego zestawu pasuj\u0105 czarne, <strong>polerowane buty oxfordy<\/strong> oraz klasyczny sk\u00f3rzany pasek. Stylizacja gotowa!<\/p>\n<p>Dla pa\u0144 dobrym pomys\u0142em zawsze jest <strong>sukienka zimowa na wesele<\/strong> \u2013 <strong>powinna by\u0107 d\u0142uga i elegancka<\/strong>. Mo\u017ce by\u0107 <strong>g\u0142adka lub mie\u0107 subtelne zdobienia<\/strong> \u2013 koronk\u0119 i delikatne cekiny, kt\u00f3re dodadz\u0105 jej wyj\u0105tkowego charakteru. Do takiej stylizacji pasuj\u0105 <strong>eleganckie buty na obcasie<\/strong> i <strong>kopert\u00f3wka w kolorze dopasowanym do reszty stroju<\/strong>.<\/p>\n<p><strong>Bi\u017cuteria powinna by\u0107 minimalistyczna<\/strong>, aby nie przy\u0107mi\u0107 blasku panny m\u0142odej. W zupe\u0142no\u015bci wystarcz\u0105 Ci <strong>delikatna bransoletka, cienki naszyjnik i subtelne kolczyki<\/strong> wykonane ze srebra lub z\u0142ota. Wi\u0119cej o tym, <a href=\"https:\/\/www.pakamera.pl\/magazyn\/jaka-bizuteria-na-wesele-odkryj-najmodniejsze-trendy-i-inspiracje\/\" target=\"_blank\" rel=\"noopener\">jak\u0105 bi\u017cuteri\u0119 wybra\u0107 na wesele<\/a> znajdziesz w innym artykule.<\/p>\n<h2>Jak dostosowa\u0107 str\u00f3j do miejsca i stylu wesela?<\/h2>\n<p>Na <strong>wesele w tradycyjnym stylu odbywaj\u0105ce si\u0119 w eleganckiej sali po \u015blubie w ko\u015bciele, ubierz si\u0119 bardzo elegancko<\/strong>. Nie mo\u017cesz si\u0119 pomyli\u0107, wk\u0142adaj\u0105c klasyczny garnitur lub d\u0142ug\u0105 sukni\u0119 w stonowanym kolorze.<\/p>\n<p>Je\u015bli wesele jest urz\u0105dzone w<strong> konkretnym motywie, np. vintage, Twoja kreacja powinna odzwierciedla\u0107 ten styl<\/strong>. Przyda Ci si\u0119 garnitur w stylu retro z szerokimi klapami i mucha w kropki lub sukienka na wesele w stylu lat 20. lub 50., z charakterystycznymi dla tych epok detalami \u2013 fr\u0119dzlami lub koronkowymi aplikacjami.<\/p>\n<p>Jak si\u0119 ubra\u0107 na wesele w styczniu lub lutym <strong>w stylu boho<\/strong>? Paniom polecamy<strong> lu\u017ane, zwiewne suknie z naturalnych materia\u0142\u00f3w, ozdobione koronk\u0105 lub haftami<\/strong>. Panom proponujemy garnitury w neutralnych kolorach i koszule bez krawat\u00f3w.<\/p>\n<p>W co si\u0119 ubra\u0107 na \u015blub jako go\u015b\u0107? Na <strong>Pakamera.pl znajdziesz niezliczon\u0105 ilo\u015b\u0107 inspiracji<\/strong>. Po prostu otw\u00f3rz sklep i odkryj, co dla Ciebie przygotowali\u015bmy.<\/p>\n","protected":false},"excerpt":{"rendered":"<p>Twoi znajomi zdecydowali si\u0119 na \u015blub w ch\u0142odnych miesi\u0105cach \u2013 grudniu, styczniu albo lutym? Jeszcze nawet nie my\u015blisz o szukaniu prezent\u00f3w, bo nie wiesz, jak si\u0119 ubra\u0107 na wesele zim\u0105?<span class=\"more-dots\">&#8230;<\/span><\/p>\n","protected":false},"author":16,"featured_media":9946,"comment_status":"closed","ping_status":"closed","sticky":false,"template":"","format":"standard","meta":{"footnotes":""},"categories":[3],"tags":[1755,136,132,1600,1754],"class_list":["post-9945","post","type-post","status-publish","format-standard","has-post-thumbnail","hentry","category-moda","tag-kreacje-na-wesele","tag-modna-sukienka-na-wesele","tag-sukienka-na-wesele","tag-sukienki-na-wesele","tag-wesele-zima"],"yoast_head":"<!-- This site is optimized with the Yoast SEO plugin v21.6 - https:\/\/yoast.com\/wordpress\/plugins\/seo\/ -->\n<title>Jak si\u0119 ubra\u0107 na wesele zim\u0105? - Magazyn Pakamera.pl<\/title>\n<meta name=\"description\" content=\"Zastanawiasz si\u0119 jak si\u0119 ubra\u0107 na wesele zim\u0105? Ju\u017c spieszymy z propozycjami od polskich marek i ich niesamowit\u0105 kolekcj\u0105 AW.\" \/>\n<meta name=\"robots\" content=\"index, follow\" \/>\n<link rel=\"canonical\" href=\"https:\/\/www.pakamera.pl\/magazyn\/jak-sie-ubrac-na-wesele-zima\/\" \/>\n<meta property=\"og:locale\" content=\"pl_PL\" \/>\n<meta property=\"og:type\" content=\"article\" \/>\n<meta property=\"og:title\" content=\"Jak si\u0119 ubra\u0107 na wesele zim\u0105? - Magazyn Pakamera.pl\" \/>\n<meta property=\"og:description\" content=\"Zastanawiasz si\u0119 jak si\u0119 ubra\u0107 na wesele zim\u0105? Ju\u017c spieszymy z propozycjami od polskich marek i ich niesamowit\u0105 kolekcj\u0105 AW.\" \/>\n<meta property=\"og:url\" content=\"https:\/\/www.pakamera.pl\/magazyn\/jak-sie-ubrac-na-wesele-zima\/\" \/>\n<meta property=\"og:site_name\" content=\"Magazyn Pakamera.pl\" \/>\n<meta property=\"article:publisher\" content=\"https:\/\/facebook.com\/pakamerapl\" \/>\n<meta property=\"article:published_time\" content=\"2024-02-07T10:15:47+00:00\" \/>\n<meta property=\"article:modified_time\" content=\"2025-10-31T13:07:52+00:00\" \/>\n<meta property=\"og:image\" content=\"https:\/\/imgmag.pakamera.net\/2024\/02\/jak-sie-ubrac-na-wesele-zima-155524797117.jpg\" \/>\n\t<meta property=\"og:image:width\" content=\"1600\" \/>\n\t<meta property=\"og:image:height\" content=\"840\" \/>\n\t<meta property=\"og:image:type\" content=\"image\/jpeg\" \/>\n<meta name=\"author\" content=\"Magda Strzelecka\" \/>\n<meta name=\"twitter:card\" content=\"summary_large_image\" \/>\n<meta name=\"twitter:label1\" content=\"Napisane przez\" \/>\n\t<meta name=\"twitter:data1\" content=\"Magda Strzelecka\" \/>\n\t<meta name=\"twitter:label2\" content=\"Szacowany czas czytania\" \/>\n\t<meta name=\"twitter:data2\" content=\"6 minut\" \/>\n<script type=\"application\/ld+json\" class=\"yoast-schema-graph\">{\"@context\":\"https:\/\/schema.org\",\"@graph\":[{\"@type\":\"Article\",\"@id\":\"https:\/\/www.pakamera.pl\/magazyn\/jak-sie-ubrac-na-wesele-zima\/#article\",\"isPartOf\":{\"@id\":\"https:\/\/www.pakamera.pl\/magazyn\/jak-sie-ubrac-na-wesele-zima\/\"},\"author\":{\"name\":\"Magda Strzelecka\",\"@id\":\"https:\/\/www.pakamera.pl\/magazyn\/#\/schema\/person\/375940ab821c5af50e1e31f1ec5282b5\"},\"headline\":\"Jak si\u0119 ubra\u0107 na wesele zim\u0105?\",\"datePublished\":\"2024-02-07T10:15:47+00:00\",\"dateModified\":\"2025-10-31T13:07:52+00:00\",\"mainEntityOfPage\":{\"@id\":\"https:\/\/www.pakamera.pl\/magazyn\/jak-sie-ubrac-na-wesele-zima\/\"},\"wordCount\":1034,\"publisher\":{\"@id\":\"https:\/\/www.pakamera.pl\/magazyn\/#organization\"},\"keywords\":[\"kreacje na wesele\",\"modna sukienka na wesele\",\"sukienka na wesele\",\"sukienki na wesele\",\"wesele zim\u0105\"],\"articleSection\":[\"Moda\"],\"inLanguage\":\"pl-PL\"},{\"@type\":\"WebPage\",\"@id\":\"https:\/\/www.pakamera.pl\/magazyn\/jak-sie-ubrac-na-wesele-zima\/\",\"url\":\"https:\/\/www.pakamera.pl\/magazyn\/jak-sie-ubrac-na-wesele-zima\/\",\"name\":\"Jak si\u0119 ubra\u0107 na wesele zim\u0105? - Magazyn Pakamera.pl\",\"isPartOf\":{\"@id\":\"https:\/\/www.pakamera.pl\/magazyn\/#website\"},\"datePublished\":\"2024-02-07T10:15:47+00:00\",\"dateModified\":\"2025-10-31T13:07:52+00:00\",\"description\":\"Zastanawiasz si\u0119 jak si\u0119 ubra\u0107 na wesele zim\u0105? Ju\u017c spieszymy z propozycjami od polskich marek i ich niesamowit\u0105 kolekcj\u0105 AW.\",\"breadcrumb\":{\"@id\":\"https:\/\/www.pakamera.pl\/magazyn\/jak-sie-ubrac-na-wesele-zima\/#breadcrumb\"},\"inLanguage\":\"pl-PL\",\"potentialAction\":[{\"@type\":\"ReadAction\",\"target\":[\"https:\/\/www.pakamera.pl\/magazyn\/jak-sie-ubrac-na-wesele-zima\/\"]}]},{\"@type\":\"BreadcrumbList\",\"@id\":\"https:\/\/www.pakamera.pl\/magazyn\/jak-sie-ubrac-na-wesele-zima\/#breadcrumb\",\"itemListElement\":[{\"@type\":\"ListItem\",\"position\":1,\"name\":\"Magazyn\",\"item\":\"https:\/\/www.pakamera.pl\/magazyn\/\"},{\"@type\":\"ListItem\",\"position\":2,\"name\":\"Moda\",\"item\":\"https:\/\/www.pakamera.pl\/magazyn\/category\/moda\/\"},{\"@type\":\"ListItem\",\"position\":3,\"name\":\"Jak si\u0119 ubra\u0107 na wesele zim\u0105?\"}]},{\"@type\":\"WebSite\",\"@id\":\"https:\/\/www.pakamera.pl\/magazyn\/#website\",\"url\":\"https:\/\/www.pakamera.pl\/magazyn\/\",\"name\":\"Magazyn Pakamera.pl\",\"description\":\"Sprawd\u017a najgor\u0119tsze tematy sezonu!\",\"publisher\":{\"@id\":\"https:\/\/www.pakamera.pl\/magazyn\/#organization\"},\"potentialAction\":[{\"@type\":\"SearchAction\",\"target\":{\"@type\":\"EntryPoint\",\"urlTemplate\":\"https:\/\/www.pakamera.pl\/magazyn\/?s={search_term_string}\"},\"query-input\":\"required name=search_term_string\"}],\"inLanguage\":\"pl-PL\"},{\"@type\":\"Organization\",\"@id\":\"https:\/\/www.pakamera.pl\/magazyn\/#organization\",\"name\":\"Pakamera.pl\",\"url\":\"https:\/\/www.pakamera.pl\/magazyn\/\",\"logo\":{\"@type\":\"ImageObject\",\"inLanguage\":\"pl-PL\",\"@id\":\"https:\/\/www.pakamera.pl\/magazyn\/#\/schema\/logo\/image\/\",\"url\":\"https:\/\/imgmag.pakamera.net\/2023\/11\/153455466619.png\",\"contentUrl\":\"https:\/\/imgmag.pakamera.net\/2023\/11\/153455466619.png\",\"width\":690,\"height\":140,\"caption\":\"Pakamera.pl\"},\"image\":{\"@id\":\"https:\/\/www.pakamera.pl\/magazyn\/#\/schema\/logo\/image\/\"},\"sameAs\":[\"https:\/\/facebook.com\/pakamerapl\",\"https:\/\/www.instagram.com\/pakamera\/\"]},{\"@type\":\"Person\",\"@id\":\"https:\/\/www.pakamera.pl\/magazyn\/#\/schema\/person\/375940ab821c5af50e1e31f1ec5282b5\",\"name\":\"Magda Strzelecka\",\"description\":\"Magda to nasza stylistka, kt\u00f3ra od ponad 10 lat \u015bci\u015ble zwi\u0105zana jest z mod\u0105. Uwielbia \u015bledzi\u0107 \u015bwiatowe trendy i przek\u0142ada\u0107 je na rynek polski. Kocha dobre sk\u0142ady ubra\u0144, wyj\u0105tkow\u0105 bi\u017cuteri\u0119 i dodatki kt\u00f3re o\u017cywi\u0105 ka\u017cd\u0105 stylizacj\u0119.\"}]}<\/script>\n<!-- \/ Yoast SEO plugin. -->","yoast_head_json":{"title":"Jak si\u0119 ubra\u0107 na wesele zim\u0105? - Magazyn Pakamera.pl","description":"Zastanawiasz si\u0119 jak si\u0119 ubra\u0107 na wesele zim\u0105? Ju\u017c spieszymy z propozycjami od polskich marek i ich niesamowit\u0105 kolekcj\u0105 AW.","robots":{"index":"index","follow":"follow"},"canonical":"https:\/\/www.pakamera.pl\/magazyn\/jak-sie-ubrac-na-wesele-zima\/","og_locale":"pl_PL","og_type":"article","og_title":"Jak si\u0119 ubra\u0107 na wesele zim\u0105? - Magazyn Pakamera.pl","og_description":"Zastanawiasz si\u0119 jak si\u0119 ubra\u0107 na wesele zim\u0105? Ju\u017c spieszymy z propozycjami od polskich marek i ich niesamowit\u0105 kolekcj\u0105 AW.","og_url":"https:\/\/www.pakamera.pl\/magazyn\/jak-sie-ubrac-na-wesele-zima\/","og_site_name":"Magazyn Pakamera.pl","article_publisher":"https:\/\/facebook.com\/pakamerapl","article_published_time":"2024-02-07T10:15:47+00:00","article_modified_time":"2025-10-31T13:07:52+00:00","og_image":[{"width":1600,"height":840,"url":"https:\/\/imgmag.pakamera.net\/2024\/02\/jak-sie-ubrac-na-wesele-zima-155524797117.jpg","type":"image\/jpeg"}],"author":"Magda Strzelecka","twitter_card":"summary_large_image","twitter_misc":{"Napisane przez":"Magda Strzelecka","Szacowany czas czytania":"6 minut"},"schema":{"@context":"https:\/\/schema.org","@graph":[{"@type":"Article","@id":"https:\/\/www.pakamera.pl\/magazyn\/jak-sie-ubrac-na-wesele-zima\/#article","isPartOf":{"@id":"https:\/\/www.pakamera.pl\/magazyn\/jak-sie-ubrac-na-wesele-zima\/"},"author":{"name":"Magda Strzelecka","@id":"https:\/\/www.pakamera.pl\/magazyn\/#\/schema\/person\/375940ab821c5af50e1e31f1ec5282b5"},"headline":"Jak si\u0119 ubra\u0107 na wesele zim\u0105?","datePublished":"2024-02-07T10:15:47+00:00","dateModified":"2025-10-31T13:07:52+00:00","mainEntityOfPage":{"@id":"https:\/\/www.pakamera.pl\/magazyn\/jak-sie-ubrac-na-wesele-zima\/"},"wordCount":1034,"publisher":{"@id":"https:\/\/www.pakamera.pl\/magazyn\/#organization"},"keywords":["kreacje na wesele","modna sukienka na wesele","sukienka na wesele","sukienki na wesele","wesele zim\u0105"],"articleSection":["Moda"],"inLanguage":"pl-PL"},{"@type":"WebPage","@id":"https:\/\/www.pakamera.pl\/magazyn\/jak-sie-ubrac-na-wesele-zima\/","url":"https:\/\/www.pakamera.pl\/magazyn\/jak-sie-ubrac-na-wesele-zima\/","name":"Jak si\u0119 ubra\u0107 na wesele zim\u0105? - Magazyn Pakamera.pl","isPartOf":{"@id":"https:\/\/www.pakamera.pl\/magazyn\/#website"},"datePublished":"2024-02-07T10:15:47+00:00","dateModified":"2025-10-31T13:07:52+00:00","description":"Zastanawiasz si\u0119 jak si\u0119 ubra\u0107 na wesele zim\u0105? Ju\u017c spieszymy z propozycjami od polskich marek i ich niesamowit\u0105 kolekcj\u0105 AW.","breadcrumb":{"@id":"https:\/\/www.pakamera.pl\/magazyn\/jak-sie-ubrac-na-wesele-zima\/#breadcrumb"},"inLanguage":"pl-PL","potentialAction":[{"@type":"ReadAction","target":["https:\/\/www.pakamera.pl\/magazyn\/jak-sie-ubrac-na-wesele-zima\/"]}]},{"@type":"BreadcrumbList","@id":"https:\/\/www.pakamera.pl\/magazyn\/jak-sie-ubrac-na-wesele-zima\/#breadcrumb","itemListElement":[{"@type":"ListItem","position":1,"name":"Magazyn","item":"https:\/\/www.pakamera.pl\/magazyn\/"},{"@type":"ListItem","position":2,"name":"Moda","item":"https:\/\/www.pakamera.pl\/magazyn\/category\/moda\/"},{"@type":"ListItem","position":3,"name":"Jak si\u0119 ubra\u0107 na wesele zim\u0105?"}]},{"@type":"WebSite","@id":"https:\/\/www.pakamera.pl\/magazyn\/#website","url":"https:\/\/www.pakamera.pl\/magazyn\/","name":"Magazyn Pakamera.pl","description":"Sprawd\u017a najgor\u0119tsze tematy sezonu!","publisher":{"@id":"https:\/\/www.pakamera.pl\/magazyn\/#organization"},"potentialAction":[{"@type":"SearchAction","target":{"@type":"EntryPoint","urlTemplate":"https:\/\/www.pakamera.pl\/magazyn\/?s={search_term_string}"},"query-input":"required name=search_term_string"}],"inLanguage":"pl-PL"},{"@type":"Organization","@id":"https:\/\/www.pakamera.pl\/magazyn\/#organization","name":"Pakamera.pl","url":"https:\/\/www.pakamera.pl\/magazyn\/","logo":{"@type":"ImageObject","inLanguage":"pl-PL","@id":"https:\/\/www.pakamera.pl\/magazyn\/#\/schema\/logo\/image\/","url":"https:\/\/imgmag.pakamera.net\/2023\/11\/153455466619.png","contentUrl":"https:\/\/imgmag.pakamera.net\/2023\/11\/153455466619.png","width":690,"height":140,"caption":"Pakamera.pl"},"image":{"@id":"https:\/\/www.pakamera.pl\/magazyn\/#\/schema\/logo\/image\/"},"sameAs":["https:\/\/facebook.com\/pakamerapl","https:\/\/www.instagram.com\/pakamera\/"]},{"@type":"Person","@id":"https:\/\/www.pakamera.pl\/magazyn\/#\/schema\/person\/375940ab821c5af50e1e31f1ec5282b5","name":"Magda Strzelecka","description":"Magda to nasza stylistka, kt\u00f3ra od ponad 10 lat \u015bci\u015ble zwi\u0105zana jest z mod\u0105. Uwielbia \u015bledzi\u0107 \u015bwiatowe trendy i przek\u0142ada\u0107 je na rynek polski. Kocha dobre sk\u0142ady ubra\u0144, wyj\u0105tkow\u0105 bi\u017cuteri\u0119 i dodatki kt\u00f3re o\u017cywi\u0105 ka\u017cd\u0105 stylizacj\u0119."}]}},"_links":{"self":[{"href":"https:\/\/www.pakamera.pl\/magazyn\/wp-json\/wp\/v2\/posts\/9945","targetHints":{"allow":["GET"]}}],"collection":[{"href":"https:\/\/www.pakamera.pl\/magazyn\/wp-json\/wp\/v2\/posts"}],"about":[{"href":"https:\/\/www.pakamera.pl\/magazyn\/wp-json\/wp\/v2\/types\/post"}],"author":[{"embeddable":true,"href":"https:\/\/www.pakamera.pl\/magazyn\/wp-json\/wp\/v2\/users\/16"}],"replies":[{"embeddable":true,"href":"https:\/\/www.pakamera.pl\/magazyn\/wp-json\/wp\/v2\/comments?post=9945"}],"version-history":[{"count":3,"href":"https:\/\/www.pakamera.pl\/magazyn\/wp-json\/wp\/v2\/posts\/9945\/revisions"}],"predecessor-version":[{"id":14074,"href":"https:\/\/www.pakamera.pl\/magazyn\/wp-json\/wp\/v2\/posts\/9945\/revisions\/14074"}],"wp:featuredmedia":[{"embeddable":true,"href":"https:\/\/www.pakamera.pl\/magazyn\/wp-json\/wp\/v2\/media\/9946"}],"wp:attachment":[{"href":"https:\/\/www.pakamera.pl\/magazyn\/wp-json\/wp\/v2\/media?parent=9945"}],"wp:term":[{"taxonomy":"category","embeddable":true,"href":"https:\/\/www.pakamera.pl\/magazyn\/wp-json\/wp\/v2\/categories?post=9945"},{"taxonomy":"post_tag","embeddable":true,"href":"https:\/\/www.pakamera.pl\/magazyn\/wp-json\/wp\/v2\/tags?post=9945"}],"curies":[{"name":"wp","href":"https:\/\/api.w.org\/{rel}","templated":true}]}}