{"id":9932,"date":"2024-02-05T13:55:26","date_gmt":"2024-02-05T12:55:26","guid":{"rendered":"https:\/\/www.pakamera.pl\/magazyn\/?p=9932"},"modified":"2026-03-25T13:49:44","modified_gmt":"2026-03-25T12:49:44","slug":"jakie-znaczenie-i-wlasciwosci-ma-ametyst","status":"publish","type":"post","link":"https:\/\/www.pakamera.pl\/magazyn\/jakie-znaczenie-i-wlasciwosci-ma-ametyst\/","title":{"rendered":"Jakie znaczenie i w\u0142a\u015bciwo\u015bci ma ametyst?"},"content":{"rendered":"<p><strong>Pi\u0119kne, poci\u0105gaj\u0105ce, po\u017c\u0105dane \u2013 te trzy przymiotniki opisuj\u0105 cechy kamieni p\u00f3\u0142szlachetnych. Ich moc od wiek\u00f3w fascynuje ludzi, kt\u00f3rzy pragn\u0105 pozna\u0107 natur\u0119 minera\u0142\u00f3w. <a href=\"https:\/\/www.pakamera.pl\/magazyn\/bizuteria-z-kamieniami-rodzaje-kamieni-i-ich-znaczenie\/\" target=\"_blank\" rel=\"noopener\">Znaczenie kamieni szlachetnych<\/a> mo\u017ce wp\u0142ywa\u0107 na Tw\u00f3j wyb\u00f3r bi\u017cuterii dlatego zobacz jakie znaczenie i w\u0142a\u015bciwo\u015bci ma ametyst?<br \/>\n<\/strong><\/p>\n<p><!--more--><\/p>\n<figure id=\"attachment_9934\" aria-describedby=\"caption-attachment-9934\" style=\"width: 1600px\" class=\"wp-caption alignnone\"><img loading=\"lazy\" decoding=\"async\" class=\"wp-image-9934 size-full\" src=\"https:\/\/imgmag.pakamera.net\/2024\/02\/jakie-znaczenie-i-wlasciwosci-ma-ametyst-132354684042.jpg\" alt=\"Jakie znaczenie i w\u0142a\u015bciwo\u015bci ma ametyst\" width=\"1600\" height=\"840\" \/><figcaption id=\"caption-attachment-9934\" class=\"wp-caption-text\">Kolczyki poz\u0142acane Ametyst &#8211; Strzelec \/ Flurry \/ www.pakamera.pl<\/figcaption><\/figure>\n<p>Ametyst wyr\u00f3\u017cnia si\u0119 na tle innych kamieni swoim niebywa\u0142ym fioletowym odcieniem. Pi\u0119knie oszlifowany kamie\u0144 b\u0142yszczy si\u0119 i mieni. Ch\u0119tnie ozdabia si\u0119 nim wisiorki, kolczyki, pier\u015bcionki, broszki lub <a href=\"https:\/\/www.pakamera.pl\/bransoletki-mineraly-0-1969.htm\" target=\"_blank\" rel=\"noopener\">bransoletki z kamieni naturalnych<\/a>. Jego niebywa\u0142a zdolno\u015b\u0107 do zmiany koloru pod wp\u0142ywem temperatury sprawia, \u017ce jest bardzo po\u017c\u0105danym minera\u0142em.<\/p>\n<h2>Metafizyczne i lecznicze w\u0142a\u015bciwo\u015bci ametystu<\/h2>\n<p>Ametyst jest nie tylko pi\u0119kny, ale przede wszystkim pot\u0119\u017cny. Uwa\u017ca si\u0119 go za <strong>pot\u0119\u017cny kamie\u0144 duchowy, kt\u00f3ry ma pozytywny wp\u0142yw na emocje<\/strong>. Na co dzia\u0142a ametyst? Przypisuje mu si\u0119 <strong>zdolno\u015b\u0107 do uspokajania umys\u0142u<\/strong>, co czyni go idealnym dla os\u00f3b poszukuj\u0105cych r\u00f3wnowagi i duchowego wzrostu.<\/p>\n<p>Co daje ametyst w medytacji? Kamie\u0144 <strong>pomaga w g\u0142\u0119bokiej relaksacji<\/strong>. <strong>Sprzyja rozwijaniu intuicji i zrozumieniu wewn\u0119trznego ja<\/strong>. Tradycyjnie minera\u0142 kojarzy si\u0119 z ochron\u0105 przed negatywn\u0105 energi\u0105 i przyci\u0105ganiem pozytywnych wibracji. Noszenie go na co dzie\u0144 <strong>sprzyja poczuciu bezpiecze\u0144stwa i dobrostanu<\/strong>.<\/p>\n<div id=\"pakawidget1070\" class=\"pakawidget\"><\/div>\n<p><script async defer src=\"https:\/\/www.pakamera.pl\/widget\/widget2.min.js?id=1070&#038;type=20240205132749&#038;wwidth=1000\"><\/script><br \/>\nNa co jest ametyst w medycynie alternatywnej? Uwa\u017ca si\u0119, \u017ce mo\u017ce przynosi\u0107 <strong>ulg\u0119 w b\u00f3lach g\u0142owy i migrenach<\/strong> dzi\u0119ki swoim w\u0142a\u015bciwo\u015bciom relaksuj\u0105cym. Niekt\u00f3rzy u\u017cywaj\u0105 ametystu w celu <strong>\u0142agodzenia stresu, napi\u0119cia i l\u0119ku<\/strong>. Minera\u0142 ma r\u00f3wnie\u017c zastosowanie w leczeniu uzale\u017cnie\u0144; uwa\u017ca si\u0119, \u017ce <strong>pomaga w prze\u0142amywaniu z\u0142ych nawyk\u00f3w i zwi\u0119ksza si\u0142\u0119 woli<\/strong>.<br \/>\nCho\u0107 ametyst jest ceniony za swoje potencjalne w\u0142a\u015bciwo\u015bci lecznicze, nie powinien zast\u0119powa\u0107 tradycyjnej medycyny. Jego u\u017cycie dope\u0142nia konwencjonalne metody leczenia i powinno by\u0107 stosowane z rozwag\u0105.<\/p>\n<h2>Ametyst w kulturze i historii<\/h2>\n<p>Co oznacza ametyst? S\u0142owo pochodzi od greckiego <strong>s\u0142owa amethystos, czyli\u201etrze\u017awy\u201d<\/strong>. Staro\u017cytni Grecy wierzyli m.in., \u017ce kamie\u0144 ten chroni przed upojeniem alkoholowym i cz\u0119sto wyrabiano z niego naczynia do picia wina.<\/p>\n<p>Kamie\u0144 by\u0142 r\u00f3wnie\u017c <strong>ceniony w staro\u017cytnym Egipcie<\/strong>, gdzie u\u017cywano go<strong> do wyrobu piecz\u0119ci i amulet\u00f3w<\/strong>, przypisuj\u0105c mu w\u0142a\u015bciwo\u015bci ochronne. W kulturze chrze\u015bcija\u0144skiej minera\u0142 by\u0142 symbolem czysto\u015bci i skromno\u015bci. Biskupi cz\u0119sto nosili pier\u015bcienie z ametystem.<\/p>\n<figure id=\"attachment_9935\" aria-describedby=\"caption-attachment-9935\" style=\"width: 1600px\" class=\"wp-caption alignnone\"><img loading=\"lazy\" decoding=\"async\" class=\"wp-image-9935 size-full\" src=\"https:\/\/imgmag.pakamera.net\/2024\/02\/jakie-znaczenie-i-wlasciwosci-ma-ametyst-134923100305.jpg\" alt=\"pier\u015bcionek z\u0142oty z ametystem natualnym\" width=\"1600\" height=\"840\" \/><figcaption id=\"caption-attachment-9935\" class=\"wp-caption-text\">PIer\u015bcionek Z Ametystem Z\u0142oto pr. 585 \/ ARPELC \/ www.pakamera.pl<\/figcaption><\/figure>\n<p>W \u015bredniowieczu ametyst by\u0142 uwa\u017cany za <strong>symbol kr\u00f3lewsko\u015bci i wykorzystywany w koronach, bi\u017cuterii oraz insygniach kr\u00f3lewskich<\/strong>. Jego g\u0142\u0119boka fioletowa barwa by\u0142a kojarzona z bogactwem i w\u0142adz\u0105, co czyni\u0142o go popularnym wyborem w\u015br\u00f3d arystokracji.<\/p>\n<p>W Chinach i Japonii u\u017cywano go do rze\u017abie\u0144 i dekoracji, co mia\u0142o przyci\u0105ga\u0107 bogactwo i dobre zdrowie. <strong>W hinduizmie ametyst kojarzy si\u0119 z czakr\u0105 Trzeciego Oka<\/strong>, kt\u00f3ra sprzyja rozwojowi wewn\u0119trznemu i spokojowi my\u015bli.<\/p>\n<p><strong>Ametyst przypisany jest lutemu, czyli zodiakalnemu Wodnikowi<\/strong>. Przyszed\u0142e\u015b na \u015bwiat w innym miesi\u0105cu? Poznaj <a href=\"https:\/\/www.pakamera.pl\/magazyn\/jaki-kamien-dla-kazdego-znaku-zodiaku\/\" target=\"_blank\" rel=\"noopener\">kamienie przypisane do Twojego znaku zodiaku<\/a>.<\/p>\n<h2>Ametyst &#8211; zastosowanie w \u017cyciu codziennym<\/h2>\n<div id=\"pakawidget1071\" class=\"pakawidget\"><\/div>\n<p><script async defer src=\"https:\/\/www.pakamera.pl\/widget\/widget2.min.js?id=1071&#038;type=20240205135244&#038;wwidth=1000\"><\/script><br \/>\nNa co dzia\u0142a ametyst? Wed\u0142ug za\u0142o\u017ce\u0144 litoterapii <strong>kamie\u0144 noszony blisko cia\u0142a jest form\u0105 ochrony przed negatywn\u0105 energi\u0105<\/strong>. Minera\u0142, wykorzystywany jako element dekoracji wn\u0119trza, wprowadza pozytywne wibracje. Du\u017ce geody lub pojedyncze kryszta\u0142y w salonie pomagaj\u0105 stworzy\u0107 spokojn\u0105 i zrelaksowan\u0105 atmosfer\u0119.<\/p>\n<p>Co oznacza ametyst umieszczony w sypialni blisko \u0142\u00f3\u017cka? Ten kamie\u0144 <strong>poprawia jako\u015bci snu<\/strong>. W miejscu pracy ma\u0142y kryszta\u0142 ametystu na biurku redukuje stres i u\u0142atwia utrzymanie skupienia podczas wykonywania zada\u0144.<\/p>\n<p>Ametyst wykorzystuje si\u0119 w praktykach duchowych. Osoby interesuj\u0105ce si\u0119 duchowo\u015bci\u0105 mog\u0105 <strong>u\u017cywa\u0107 ametystu podczas sesji medytacyjnych, trzymaj\u0105c kamie\u0144 w d\u0142oniach lub umieszczaj\u0105c go w bliskim otoczeniu<\/strong>, aby zwi\u0119kszy\u0107 jako\u015b\u0107 medytacji. Kamie\u0144 jest cz\u0119sto u\u017cywany w terapiach energetycznych, np. Reiki, jako narz\u0119dzie do oczyszczania i harmonizacji energetycznej.<\/p>\n<h2>Porady dotycz\u0105ce piel\u0119gnacji i czyszczenia ametystu<\/h2>\n<p><a href=\"https:\/\/www.pakamera.pl\/ametyst-0-t207.htm\" target=\"_blank\" rel=\"noopener\">Bi\u017cuteria z ametystem naturalnym<\/a> wymaga ostro\u017cnego podej\u015bcia. Uwa\u017caj, aby nie uszkodzi\u0107 delikatnej struktury kamienia. U\u017cyj w tym celu mi\u0119kk\u0105 \u015bciereczk\u0119 zwil\u017con\u0105 ciep\u0142\u0105 wod\u0105. Unikaj silnych chemikali\u00f3w i \u015brodk\u00f3w czyszcz\u0105cych, kt\u00f3re niszcz\u0105 powierzchni\u0119 kamienia. <strong>Przetrzyj kamie\u0144, sp\u0142ucz go pod bie\u017c\u0105c\u0105 wod\u0105, a nast\u0119pnie osusz such\u0105 \u015bciereczk\u0105<\/strong>. Nie mocz minera\u0142u w wodzie przez d\u0142u\u017cszy czas, mo\u017ce to wp\u0142yn\u0105\u0107 na jego kolor i po\u0142ysk.<\/p>\n<p>Ametyst <strong>przechowuj w suchym miejscu i chro\u0144 go przed bezpo\u015brednim dzia\u0142aniem \u015bwiat\u0142a s\u0142onecznego<\/strong> i wysok\u0105 temperatur\u0105. Te szkodliwe czynniki powoduj\u0105 blakni\u0119cie koloru. Na co dzie\u0144 trzymaj ozdoby w specjalnym woreczku bi\u017cuteryjnym. Uchroni je to przed zarysowaniem.<\/p>\n<h2>Jak rozpozna\u0107 autentyczny ametyst?<\/h2>\n<p>Niestety, <a href=\"https:\/\/www.pakamera.pl\/bizuteria-z-kamieniami-0-t102579.htm\" target=\"_blank\" rel=\"noopener\">bi\u017cuteria z kamieni naturalnych<\/a> niekiedy podlega fa\u0142szerstwom. Je\u015bli chcesz na 100% rozpozna\u0107 autentyczny ametyst, skonsultuj si\u0119 ze specjalist\u0105 i zle\u0107 badanie jego sk\u0142adu w certyfikowanym laboratorium gemmologicznym. Nie masz takiej mo\u017cliwo\u015bci?<\/p>\n<p><a href=\"https:\/\/www.pakamera.pl\/magazyn\/jak-rozpoznac-ametyst\/\" target=\"_blank\" rel=\"noopener\">Jak rozpozna\u0107 ametyst<\/a> w warunkach domowych? O podr\u00f3bce \u015bwiadczy mi\u0119dzy innymi podejrzanie jaskrawy kolor kamienia \u2013 <strong>barwa naturalnego ametystu waha si\u0119 od lawendowego do g\u0142\u0119boko purpurowego<\/strong>. Minera\u0142 ma <strong>naturalne zm\u0119tnienia, skazy i szklisty po\u0142ysk<\/strong>. Nadmierna klarowno\u015b\u0107 jest sygna\u0142em ostrzegawczym. Aby w pe\u0142ni wykorzysta\u0107 w\u0142a\u015bciwo\u015bci ametystu, podaruj sobie bi\u017cuteri\u0119 z tym kamieniem.<\/p>\n<p>W sklepie Pakamera.pl znajdziesz to, czego szukasz \u2013 naszyjniki, pier\u015bcionki, bransoletki, broszki i kolczyki.<\/p>\n","protected":false},"excerpt":{"rendered":"<p>Pi\u0119kne, poci\u0105gaj\u0105ce, po\u017c\u0105dane \u2013 te trzy przymiotniki opisuj\u0105 cechy kamieni p\u00f3\u0142szlachetnych. Ich moc od wiek\u00f3w fascynuje ludzi, kt\u00f3rzy pragn\u0105 pozna\u0107 natur\u0119 minera\u0142\u00f3w. Znaczenie kamieni szlachetnych mo\u017ce wp\u0142ywa\u0107 na Tw\u00f3j wyb\u00f3r<span class=\"more-dots\">&#8230;<\/span><\/p>\n","protected":false},"author":16,"featured_media":9934,"comment_status":"closed","ping_status":"closed","sticky":false,"template":"","format":"standard","meta":{"footnotes":""},"categories":[3],"tags":[2486,2255,2253,2367],"class_list":["post-9932","post","type-post","status-publish","format-standard","has-post-thumbnail","hentry","category-moda","tag-ametyst","tag-bizuteria-z-ametystu","tag-bizuteria-z-kamieniami-szlachetnymi","tag-kamienie-szlachetne"],"yoast_head":"<!-- This site is optimized with the Yoast SEO plugin v21.6 - https:\/\/yoast.com\/wordpress\/plugins\/seo\/ -->\n<title>Jakie znaczenie i w\u0142a\u015bciwo\u015bci ma ametyst? - Magazyn Pakamera.pl<\/title>\n<meta name=\"description\" content=\"Zastanawiasz si\u0119 jakie znaczenie i w\u0142a\u015bciwo\u015bci ma ametyst? Odpowiadamy dlaczego warto mie\u0107 ten wyj\u0105tkowy kamie\u0144 przy sobie.\" \/>\n<meta name=\"robots\" content=\"index, follow\" \/>\n<link rel=\"canonical\" href=\"https:\/\/www.pakamera.pl\/magazyn\/jakie-znaczenie-i-wlasciwosci-ma-ametyst\/\" \/>\n<meta property=\"og:locale\" content=\"pl_PL\" \/>\n<meta property=\"og:type\" content=\"article\" \/>\n<meta property=\"og:title\" content=\"Jakie znaczenie i w\u0142a\u015bciwo\u015bci ma ametyst? - Magazyn Pakamera.pl\" \/>\n<meta property=\"og:description\" content=\"Zastanawiasz si\u0119 jakie znaczenie i w\u0142a\u015bciwo\u015bci ma ametyst? Odpowiadamy dlaczego warto mie\u0107 ten wyj\u0105tkowy kamie\u0144 przy sobie.\" \/>\n<meta property=\"og:url\" content=\"https:\/\/www.pakamera.pl\/magazyn\/jakie-znaczenie-i-wlasciwosci-ma-ametyst\/\" \/>\n<meta property=\"og:site_name\" content=\"Magazyn Pakamera.pl\" \/>\n<meta property=\"article:publisher\" content=\"https:\/\/facebook.com\/pakamerapl\" \/>\n<meta property=\"article:published_time\" content=\"2024-02-05T12:55:26+00:00\" \/>\n<meta property=\"article:modified_time\" content=\"2026-03-25T12:49:44+00:00\" \/>\n<meta property=\"og:image\" content=\"https:\/\/imgmag.pakamera.net\/2024\/02\/jakie-znaczenie-i-wlasciwosci-ma-ametyst-132354684042.jpg\" \/>\n\t<meta property=\"og:image:width\" content=\"1600\" \/>\n\t<meta property=\"og:image:height\" content=\"840\" \/>\n\t<meta property=\"og:image:type\" content=\"image\/jpeg\" \/>\n<meta name=\"author\" content=\"Magda Strzelecka\" \/>\n<meta name=\"twitter:card\" content=\"summary_large_image\" \/>\n<meta name=\"twitter:label1\" content=\"Napisane przez\" \/>\n\t<meta name=\"twitter:data1\" content=\"Magda Strzelecka\" \/>\n\t<meta name=\"twitter:label2\" content=\"Szacowany czas czytania\" \/>\n\t<meta name=\"twitter:data2\" content=\"5 minut\" \/>\n<script type=\"application\/ld+json\" class=\"yoast-schema-graph\">{\"@context\":\"https:\/\/schema.org\",\"@graph\":[{\"@type\":\"Article\",\"@id\":\"https:\/\/www.pakamera.pl\/magazyn\/jakie-znaczenie-i-wlasciwosci-ma-ametyst\/#article\",\"isPartOf\":{\"@id\":\"https:\/\/www.pakamera.pl\/magazyn\/jakie-znaczenie-i-wlasciwosci-ma-ametyst\/\"},\"author\":{\"name\":\"Magda Strzelecka\",\"@id\":\"https:\/\/www.pakamera.pl\/magazyn\/#\/schema\/person\/375940ab821c5af50e1e31f1ec5282b5\"},\"headline\":\"Jakie znaczenie i w\u0142a\u015bciwo\u015bci ma ametyst?\",\"datePublished\":\"2024-02-05T12:55:26+00:00\",\"dateModified\":\"2026-03-25T12:49:44+00:00\",\"mainEntityOfPage\":{\"@id\":\"https:\/\/www.pakamera.pl\/magazyn\/jakie-znaczenie-i-wlasciwosci-ma-ametyst\/\"},\"wordCount\":951,\"publisher\":{\"@id\":\"https:\/\/www.pakamera.pl\/magazyn\/#organization\"},\"keywords\":[\"ametyst\",\"BI\u017bUTERIA Z ametystu\",\"bi\u017cuteria z kamieniami szlachetnymi\",\"kamienie szlachetne\"],\"articleSection\":[\"Moda\"],\"inLanguage\":\"pl-PL\"},{\"@type\":\"WebPage\",\"@id\":\"https:\/\/www.pakamera.pl\/magazyn\/jakie-znaczenie-i-wlasciwosci-ma-ametyst\/\",\"url\":\"https:\/\/www.pakamera.pl\/magazyn\/jakie-znaczenie-i-wlasciwosci-ma-ametyst\/\",\"name\":\"Jakie znaczenie i w\u0142a\u015bciwo\u015bci ma ametyst? - Magazyn Pakamera.pl\",\"isPartOf\":{\"@id\":\"https:\/\/www.pakamera.pl\/magazyn\/#website\"},\"datePublished\":\"2024-02-05T12:55:26+00:00\",\"dateModified\":\"2026-03-25T12:49:44+00:00\",\"description\":\"Zastanawiasz si\u0119 jakie znaczenie i w\u0142a\u015bciwo\u015bci ma ametyst? Odpowiadamy dlaczego warto mie\u0107 ten wyj\u0105tkowy kamie\u0144 przy sobie.\",\"breadcrumb\":{\"@id\":\"https:\/\/www.pakamera.pl\/magazyn\/jakie-znaczenie-i-wlasciwosci-ma-ametyst\/#breadcrumb\"},\"inLanguage\":\"pl-PL\",\"potentialAction\":[{\"@type\":\"ReadAction\",\"target\":[\"https:\/\/www.pakamera.pl\/magazyn\/jakie-znaczenie-i-wlasciwosci-ma-ametyst\/\"]}]},{\"@type\":\"BreadcrumbList\",\"@id\":\"https:\/\/www.pakamera.pl\/magazyn\/jakie-znaczenie-i-wlasciwosci-ma-ametyst\/#breadcrumb\",\"itemListElement\":[{\"@type\":\"ListItem\",\"position\":1,\"name\":\"Magazyn\",\"item\":\"https:\/\/www.pakamera.pl\/magazyn\/\"},{\"@type\":\"ListItem\",\"position\":2,\"name\":\"Moda\",\"item\":\"https:\/\/www.pakamera.pl\/magazyn\/category\/moda\/\"},{\"@type\":\"ListItem\",\"position\":3,\"name\":\"Jakie znaczenie i w\u0142a\u015bciwo\u015bci ma ametyst?\"}]},{\"@type\":\"WebSite\",\"@id\":\"https:\/\/www.pakamera.pl\/magazyn\/#website\",\"url\":\"https:\/\/www.pakamera.pl\/magazyn\/\",\"name\":\"Magazyn Pakamera.pl\",\"description\":\"Sprawd\u017a najgor\u0119tsze tematy sezonu!\",\"publisher\":{\"@id\":\"https:\/\/www.pakamera.pl\/magazyn\/#organization\"},\"potentialAction\":[{\"@type\":\"SearchAction\",\"target\":{\"@type\":\"EntryPoint\",\"urlTemplate\":\"https:\/\/www.pakamera.pl\/magazyn\/?s={search_term_string}\"},\"query-input\":\"required name=search_term_string\"}],\"inLanguage\":\"pl-PL\"},{\"@type\":\"Organization\",\"@id\":\"https:\/\/www.pakamera.pl\/magazyn\/#organization\",\"name\":\"Pakamera.pl\",\"url\":\"https:\/\/www.pakamera.pl\/magazyn\/\",\"logo\":{\"@type\":\"ImageObject\",\"inLanguage\":\"pl-PL\",\"@id\":\"https:\/\/www.pakamera.pl\/magazyn\/#\/schema\/logo\/image\/\",\"url\":\"https:\/\/imgmag.pakamera.net\/2023\/11\/153455466619.png\",\"contentUrl\":\"https:\/\/imgmag.pakamera.net\/2023\/11\/153455466619.png\",\"width\":690,\"height\":140,\"caption\":\"Pakamera.pl\"},\"image\":{\"@id\":\"https:\/\/www.pakamera.pl\/magazyn\/#\/schema\/logo\/image\/\"},\"sameAs\":[\"https:\/\/facebook.com\/pakamerapl\",\"https:\/\/www.instagram.com\/pakamera\/\"]},{\"@type\":\"Person\",\"@id\":\"https:\/\/www.pakamera.pl\/magazyn\/#\/schema\/person\/375940ab821c5af50e1e31f1ec5282b5\",\"name\":\"Magda Strzelecka\",\"description\":\"Magda to nasza stylistka, kt\u00f3ra od ponad 10 lat \u015bci\u015ble zwi\u0105zana jest z mod\u0105. Uwielbia \u015bledzi\u0107 \u015bwiatowe trendy i przek\u0142ada\u0107 je na rynek polski. Kocha dobre sk\u0142ady ubra\u0144, wyj\u0105tkow\u0105 bi\u017cuteri\u0119 i dodatki kt\u00f3re o\u017cywi\u0105 ka\u017cd\u0105 stylizacj\u0119.\"}]}<\/script>\n<!-- \/ Yoast SEO plugin. -->","yoast_head_json":{"title":"Jakie znaczenie i w\u0142a\u015bciwo\u015bci ma ametyst? - Magazyn Pakamera.pl","description":"Zastanawiasz si\u0119 jakie znaczenie i w\u0142a\u015bciwo\u015bci ma ametyst? Odpowiadamy dlaczego warto mie\u0107 ten wyj\u0105tkowy kamie\u0144 przy sobie.","robots":{"index":"index","follow":"follow"},"canonical":"https:\/\/www.pakamera.pl\/magazyn\/jakie-znaczenie-i-wlasciwosci-ma-ametyst\/","og_locale":"pl_PL","og_type":"article","og_title":"Jakie znaczenie i w\u0142a\u015bciwo\u015bci ma ametyst? - Magazyn Pakamera.pl","og_description":"Zastanawiasz si\u0119 jakie znaczenie i w\u0142a\u015bciwo\u015bci ma ametyst? Odpowiadamy dlaczego warto mie\u0107 ten wyj\u0105tkowy kamie\u0144 przy sobie.","og_url":"https:\/\/www.pakamera.pl\/magazyn\/jakie-znaczenie-i-wlasciwosci-ma-ametyst\/","og_site_name":"Magazyn Pakamera.pl","article_publisher":"https:\/\/facebook.com\/pakamerapl","article_published_time":"2024-02-05T12:55:26+00:00","article_modified_time":"2026-03-25T12:49:44+00:00","og_image":[{"width":1600,"height":840,"url":"https:\/\/imgmag.pakamera.net\/2024\/02\/jakie-znaczenie-i-wlasciwosci-ma-ametyst-132354684042.jpg","type":"image\/jpeg"}],"author":"Magda Strzelecka","twitter_card":"summary_large_image","twitter_misc":{"Napisane przez":"Magda Strzelecka","Szacowany czas czytania":"5 minut"},"schema":{"@context":"https:\/\/schema.org","@graph":[{"@type":"Article","@id":"https:\/\/www.pakamera.pl\/magazyn\/jakie-znaczenie-i-wlasciwosci-ma-ametyst\/#article","isPartOf":{"@id":"https:\/\/www.pakamera.pl\/magazyn\/jakie-znaczenie-i-wlasciwosci-ma-ametyst\/"},"author":{"name":"Magda Strzelecka","@id":"https:\/\/www.pakamera.pl\/magazyn\/#\/schema\/person\/375940ab821c5af50e1e31f1ec5282b5"},"headline":"Jakie znaczenie i w\u0142a\u015bciwo\u015bci ma ametyst?","datePublished":"2024-02-05T12:55:26+00:00","dateModified":"2026-03-25T12:49:44+00:00","mainEntityOfPage":{"@id":"https:\/\/www.pakamera.pl\/magazyn\/jakie-znaczenie-i-wlasciwosci-ma-ametyst\/"},"wordCount":951,"publisher":{"@id":"https:\/\/www.pakamera.pl\/magazyn\/#organization"},"keywords":["ametyst","BI\u017bUTERIA Z ametystu","bi\u017cuteria z kamieniami szlachetnymi","kamienie szlachetne"],"articleSection":["Moda"],"inLanguage":"pl-PL"},{"@type":"WebPage","@id":"https:\/\/www.pakamera.pl\/magazyn\/jakie-znaczenie-i-wlasciwosci-ma-ametyst\/","url":"https:\/\/www.pakamera.pl\/magazyn\/jakie-znaczenie-i-wlasciwosci-ma-ametyst\/","name":"Jakie znaczenie i w\u0142a\u015bciwo\u015bci ma ametyst? - Magazyn Pakamera.pl","isPartOf":{"@id":"https:\/\/www.pakamera.pl\/magazyn\/#website"},"datePublished":"2024-02-05T12:55:26+00:00","dateModified":"2026-03-25T12:49:44+00:00","description":"Zastanawiasz si\u0119 jakie znaczenie i w\u0142a\u015bciwo\u015bci ma ametyst? Odpowiadamy dlaczego warto mie\u0107 ten wyj\u0105tkowy kamie\u0144 przy sobie.","breadcrumb":{"@id":"https:\/\/www.pakamera.pl\/magazyn\/jakie-znaczenie-i-wlasciwosci-ma-ametyst\/#breadcrumb"},"inLanguage":"pl-PL","potentialAction":[{"@type":"ReadAction","target":["https:\/\/www.pakamera.pl\/magazyn\/jakie-znaczenie-i-wlasciwosci-ma-ametyst\/"]}]},{"@type":"BreadcrumbList","@id":"https:\/\/www.pakamera.pl\/magazyn\/jakie-znaczenie-i-wlasciwosci-ma-ametyst\/#breadcrumb","itemListElement":[{"@type":"ListItem","position":1,"name":"Magazyn","item":"https:\/\/www.pakamera.pl\/magazyn\/"},{"@type":"ListItem","position":2,"name":"Moda","item":"https:\/\/www.pakamera.pl\/magazyn\/category\/moda\/"},{"@type":"ListItem","position":3,"name":"Jakie znaczenie i w\u0142a\u015bciwo\u015bci ma ametyst?"}]},{"@type":"WebSite","@id":"https:\/\/www.pakamera.pl\/magazyn\/#website","url":"https:\/\/www.pakamera.pl\/magazyn\/","name":"Magazyn Pakamera.pl","description":"Sprawd\u017a najgor\u0119tsze tematy sezonu!","publisher":{"@id":"https:\/\/www.pakamera.pl\/magazyn\/#organization"},"potentialAction":[{"@type":"SearchAction","target":{"@type":"EntryPoint","urlTemplate":"https:\/\/www.pakamera.pl\/magazyn\/?s={search_term_string}"},"query-input":"required name=search_term_string"}],"inLanguage":"pl-PL"},{"@type":"Organization","@id":"https:\/\/www.pakamera.pl\/magazyn\/#organization","name":"Pakamera.pl","url":"https:\/\/www.pakamera.pl\/magazyn\/","logo":{"@type":"ImageObject","inLanguage":"pl-PL","@id":"https:\/\/www.pakamera.pl\/magazyn\/#\/schema\/logo\/image\/","url":"https:\/\/imgmag.pakamera.net\/2023\/11\/153455466619.png","contentUrl":"https:\/\/imgmag.pakamera.net\/2023\/11\/153455466619.png","width":690,"height":140,"caption":"Pakamera.pl"},"image":{"@id":"https:\/\/www.pakamera.pl\/magazyn\/#\/schema\/logo\/image\/"},"sameAs":["https:\/\/facebook.com\/pakamerapl","https:\/\/www.instagram.com\/pakamera\/"]},{"@type":"Person","@id":"https:\/\/www.pakamera.pl\/magazyn\/#\/schema\/person\/375940ab821c5af50e1e31f1ec5282b5","name":"Magda Strzelecka","description":"Magda to nasza stylistka, kt\u00f3ra od ponad 10 lat \u015bci\u015ble zwi\u0105zana jest z mod\u0105. Uwielbia \u015bledzi\u0107 \u015bwiatowe trendy i przek\u0142ada\u0107 je na rynek polski. Kocha dobre sk\u0142ady ubra\u0144, wyj\u0105tkow\u0105 bi\u017cuteri\u0119 i dodatki kt\u00f3re o\u017cywi\u0105 ka\u017cd\u0105 stylizacj\u0119."}]}},"_links":{"self":[{"href":"https:\/\/www.pakamera.pl\/magazyn\/wp-json\/wp\/v2\/posts\/9932","targetHints":{"allow":["GET"]}}],"collection":[{"href":"https:\/\/www.pakamera.pl\/magazyn\/wp-json\/wp\/v2\/posts"}],"about":[{"href":"https:\/\/www.pakamera.pl\/magazyn\/wp-json\/wp\/v2\/types\/post"}],"author":[{"embeddable":true,"href":"https:\/\/www.pakamera.pl\/magazyn\/wp-json\/wp\/v2\/users\/16"}],"replies":[{"embeddable":true,"href":"https:\/\/www.pakamera.pl\/magazyn\/wp-json\/wp\/v2\/comments?post=9932"}],"version-history":[{"count":3,"href":"https:\/\/www.pakamera.pl\/magazyn\/wp-json\/wp\/v2\/posts\/9932\/revisions"}],"predecessor-version":[{"id":14610,"href":"https:\/\/www.pakamera.pl\/magazyn\/wp-json\/wp\/v2\/posts\/9932\/revisions\/14610"}],"wp:featuredmedia":[{"embeddable":true,"href":"https:\/\/www.pakamera.pl\/magazyn\/wp-json\/wp\/v2\/media\/9934"}],"wp:attachment":[{"href":"https:\/\/www.pakamera.pl\/magazyn\/wp-json\/wp\/v2\/media?parent=9932"}],"wp:term":[{"taxonomy":"category","embeddable":true,"href":"https:\/\/www.pakamera.pl\/magazyn\/wp-json\/wp\/v2\/categories?post=9932"},{"taxonomy":"post_tag","embeddable":true,"href":"https:\/\/www.pakamera.pl\/magazyn\/wp-json\/wp\/v2\/tags?post=9932"}],"curies":[{"name":"wp","href":"https:\/\/api.w.org\/{rel}","templated":true}]}}