{"id":9831,"date":"2024-01-27T15:11:28","date_gmt":"2024-01-27T14:11:28","guid":{"rendered":"https:\/\/www.pakamera.pl\/magazyn\/?p=9831"},"modified":"2024-01-25T15:11:56","modified_gmt":"2024-01-25T14:11:56","slug":"pokoj-vintage-pomysly-i-inspiracje","status":"publish","type":"post","link":"https:\/\/www.pakamera.pl\/magazyn\/pokoj-vintage-pomysly-i-inspiracje\/","title":{"rendered":"Pok\u00f3j vintage \u2013 pomys\u0142y i inspiracje"},"content":{"rendered":"<p><strong>Pok\u00f3j vintage to inspiruj\u0105ca przestrze\u0144 stworzona dzi\u0119ki zestawowi element\u00f3w z minionych epok. Ten pe\u0142en nostalgii i charakteru styl czerpie z bogactwa lat 20., 30., 40., 50., 60. i 70. XX wieku, wykorzystuj\u0105c meble i akcesoria z tamtego okresu.<\/strong><\/p>\n<p><!--more--><\/p>\n<figure id=\"attachment_9834\" aria-describedby=\"caption-attachment-9834\" style=\"width: 1600px\" class=\"wp-caption alignnone\"><img loading=\"lazy\" decoding=\"async\" class=\"wp-image-9834 size-full\" src=\"https:\/\/imgmag.pakamera.net\/2024\/01\/pokoj-vintage-pomysly-i-inspiracje-144857816032.jpg\" alt=\"komoda po pokoju vintage\" width=\"1600\" height=\"840\" \/><figcaption id=\"caption-attachment-9834\" class=\"wp-caption-text\">Komoda jesionowa, lata 70, du\u0144ski design, produkcja: Hundevad&amp;Co. \/ Przetwory design \/ www.pakamera.pl<\/figcaption><\/figure>\n<p>Styl vintage wyr\u00f3\u017cnia si\u0119 dzi\u0119ki drewnianym meblom, ozdobnym nogom i detalom, frezowanym frontom i kolorowym tapicerkom. Jest daleki od idea\u0142u \u2013 pok\u00f3j ma wygl\u0105da\u0107, jakby kto\u015b w nim mieszka\u0142 od dawna. Postarzane drewniane pod\u0142ogi lub nier\u00f3wne p\u0142ytki ceramiczne retro pozwol\u0105 Ci uzyska\u0107 wymarzony efekt. Odkryj z nami <a href=\"https:\/\/www.pakamera.pl\/magazyn\/odkryj-urok-stylu-vintage-w-twoim-wnetrzu-inspirujace-pomysly-i-porady\/\" target=\"_blank\" rel=\"noopener\">uroki stylu vintage we wn\u0119trzu<\/a>!<\/p>\n<h2>Kluczowe elementy wystroju pokoju w stylu vintage<\/h2>\n<p>Pok\u00f3j w stylu vintage to wn\u0119trze pe\u0142ne pami\u0105tek. Ka\u017cda z nich opowiada w\u0142asn\u0105 histori\u0119 i tworzy niepowtarzaln\u0105 atmosfer\u0119. <strong>Za klimat odpowiadaj\u0105 przede wszystkim meble<\/strong> \u2013 postarzane lub z widocznymi \u015bladami u\u017cytkowania. Ka\u017cdy przedmiot nadaje mu niepowtarzalnego charakteru.<\/p>\n<p>Pok\u00f3j vintage <strong>wyr\u00f3\u017cnia si\u0119 bogat\u0105 palet\u0105 kolorystyczn\u0105<\/strong>. Sprawdz\u0105 si\u0119 w nim zar\u00f3wno <strong>pastelowe r\u00f3\u017ce i b\u0142\u0119kity<\/strong>, jak i <strong>g\u0142\u0119bokie odcienie zieleni, granatu i bordo<\/strong>. Popularne s\u0105 barwne wzory \u2013 kwiatowe, z motywem paisley i geometryczne.<\/p>\n<div id=\"pakawidget1027\" class=\"pakawidget\"><\/div>\n<p><script async defer src=\"https:\/\/www.pakamera.pl\/widget\/widget2.min.js?id=1027&#038;type=20240125145035&#038;wwidth=1000\"><\/script><br \/>\nKlasyk\u0105 dizajnu vintage s\u0105 <a href=\"https:\/\/www.pakamera.pl\/dunskie-meble-uzywane-0-t216827.htm\" target=\"_blank\" rel=\"noopener\">u\u017cywane du\u0144skie meble<\/a>. Ich <strong>prosty kr\u00f3j i solidne wykonanie sprawiaj\u0105, \u017ce doskonale sprawdzaj\u0105 si\u0119 we wsp\u00f3\u0142czesnych wn\u0119trzach<\/strong>. <strong>Naturalne materia\u0142y \u2013 drewno d\u0119bowe, tekowe lub palisandrowe<\/strong> \u2013 s\u0105 trwa\u0142e i niezwykle estetyczne. Polubi\u0105 je nie tylko mi\u0142o\u015bnicy skandynawskiego stylu.<\/p>\n<h2>Pok\u00f3j vintage \u2013 inspiracje<\/h2>\n<p>Znajd\u017a <strong>unikalne meble<\/strong> \u2013 to one<strong> stan\u0105 si\u0119 centralnymi elementami Twojego pokoju<\/strong>. Mo\u017ce to by\u0107 np. <strong>drewniana komoda z lat 60.<\/strong>, <strong>klasyczny fotel bujany<\/strong>, <strong>stary sekretarzyk<\/strong> i <strong>oryginalne fotele tapicerowane w stylu art d\u00e9co<\/strong>. Aby przywr\u00f3ci\u0107 im blask, mo\u017ce je odrestaurowa\u0107 lub nieco od\u015bwie\u017cy\u0107 za pomoc\u0105 farby czy lakieru do drewna.<\/p>\n<p>Nie zostawiaj bia\u0142ych \u015bcian \u2013 one lepiej pasuj\u0105 do nowoczesnego stylu. U\u017cyj <strong>tapety z retro wzorami<\/strong>, np. kwiatowymi lub zwierz\u0119cymi motywami, geometrycznymi wzorami z lat 70. lub klasycznymi paskami. Mo\u017cesz r\u00f3wnie\u017c pomalowa\u0107 je na pastelowy kolor lub stworzy\u0107 galeri\u0119 \u015bcienn\u0105. W tym celu u\u017cyj staromodnych ramek, zdj\u0119\u0107 rodzinnych, plakat\u00f3w z epoki lub starych map.<\/p>\n<figure id=\"attachment_9835\" aria-describedby=\"caption-attachment-9835\" style=\"width: 1600px\" class=\"wp-caption alignnone\"><img loading=\"lazy\" decoding=\"async\" class=\"wp-image-9835 size-full\" src=\"https:\/\/imgmag.pakamera.net\/2024\/01\/pokoj-vintage-pomysly-i-inspiracje-150856637634.jpg\" alt=\"retro lustro do pokoju vintage\" width=\"1600\" height=\"840\" \/><figcaption id=\"caption-attachment-9835\" class=\"wp-caption-text\">Lustro w stylu retro, lata 70. Vinatge \/ Pafin Design \/ www.pakamera.pl<\/figcaption><\/figure>\n<p><a href=\"https:\/\/www.pakamera.pl\/magazyn\/wnetrza-w-stylu-lat-60-powrot-do-kolorowych-i-stylowych-czasow\/\" target=\"_blank\" rel=\"noopener\">Wn\u0119trze w stylu lat 60.<\/a> charakteryzuje si\u0119 odwa\u017cnymi kolorami i geometrycznymi wzorami, kt\u00f3re odzwierciedlaj\u0105 rewolucyjnego ducha tamtej epoki. <strong>Zestawia ze sob\u0105 \u017cywe, kontrastuj\u0105ce ze sob\u0105 barwy<\/strong> \u2013 pomara\u0144cz, br\u0105z, r\u00f3\u017c, turkus i limonk\u0119. <strong>Meble z tej epoki maj\u0105 zaokr\u0105glone kszta\u0142ty i s\u0105 wykonane z plastiku, szk\u0142a, metalu lub jasnego drewna<\/strong>. W wyposa\u017ceniu wn\u0119trza nie mo\u017ce zabrakn\u0105\u0107 niskich sof, kredens\u00f3w i foteli na metalowych nogach.<\/p>\n<p><a href=\"https:\/\/www.pakamera.pl\/magazyn\/lata-70-w-nowoczesnym-wydaniu-odkryj-stylowe-wnetrza-z-dusza-retro\/\" target=\"_blank\" rel=\"noopener\">Lata 70. w nowoczesnym wydaniu<\/a> uzyskasz dzi\u0119ki \u017cywym kolorom i wzorzystym tekstyliom. Wybierz <strong>sof\u0119 w intensywnej barwie<\/strong> \u2013 pomara\u0144czowej lub zielonej, <strong>drewniany stolik kawowy o szeroko rozstawionych n\u00f3\u017ckach<\/strong> i futrzane poduszki. Na pod\u0142og\u0119 po\u0142\u00f3\u017c <strong>dywany w geometryczne wzory<\/strong> lub <strong>puszyste shaggy<\/strong>. Dodaj kilka retro dodatk\u00f3w \u2013 winylowy gramofon, stare <a href=\"https:\/\/www.pakamera.pl\/plakat-vintage-0-t70502.htm\" target=\"_blank\" rel=\"noopener\">plakaty vintage<\/a> i kolorowe szklane wazony.<\/p>\n<h2>Jak urz\u0105dzi\u0107 pok\u00f3j ze starymi meblami?<\/h2>\n<p>Ka\u017cdy stary mebel jest unikalny, dlatego powinien zosta\u0107 odpowiednio wyeksponowany. <strong>Jako centralny punkt wybierz tapicerowan\u0105 sof\u0119 lub naro\u017cnik<\/strong>. Po przeciwnej stronie umie\u015b\u0107 drewnian\u0105 komod\u0119. Postaw obok niej <strong>lampk\u0119 vintage<\/strong>, kt\u00f3ra daje nieco rozproszone \u015bwiat\u0142o. Na \u015bcianie powie\u015b retro ozdoby na \u015bcian\u0119 lub obrazy. Przyda Ci si\u0119 r\u00f3wnie\u017c <strong>drewniany stolik kawowy na grubych nogach<\/strong>.<\/p>\n<p>Aby dostosowa\u0107 stare meble do bardziej nowoczesnego wn\u0119trza, odrestauruj je i przemaluj na \u015bwie\u017cy kolor \u2013 np. mi\u0119towy lub jasnobr\u0105zowy. \u015amia\u0142o <strong>mo\u017cesz \u0142\u0105czy\u0107 wsp\u00f3\u0142czesne elementy z retro<\/strong> \u2013 wykorzystaj w tym celu nowoczesne dodatki, np. abstrakcyjne rze\u017aby, minimalistyczne krzes\u0142a i fotele lub prost\u0105 przeszklon\u0105 gablotk\u0119. W pokoju <strong>zawie\u015b du\u017ce lustra w zdobionych ramach<\/strong>. Optycznie powi\u0119ksz\u0105 one przestrze\u0144 i sprawi\u0105, \u017ce <a href=\"https:\/\/www.pakamera.pl\/magazyn\/odkryj-magie-aranzacji-wnetrz-ze-starymi-meblami-praktyczne-i-stylowe-inspiracje\/\" target=\"_blank\" rel=\"noopener\">aran\u017cacja wn\u0119trz ze starymi meblami<\/a> nie przyt\u0142oczy pomieszczenia.<\/p>\n<h2>Dodatki, kt\u00f3re odmieni\u0105 ka\u017cdy vintage pok\u00f3j<\/h2>\n<p>Pragniesz urz\u0105dzi\u0107 pok\u00f3j vintage? Inspiracje znajdziesz we wn\u0119trzach dom\u00f3w Twoich bab\u0107. Dla tego stylu charakterystyczne s\u0105 przedmioty z dusz\u0105 \u2013 <strong>staromodne ramki na zdj\u0119cia<\/strong>, <strong>porcelanowe figurki<\/strong>,<strong> gramofony<\/strong>, <strong>stare zegary<\/strong>, <strong>lustra w ozdobnych ramach<\/strong> i <strong>lampy z aba\u017curami<\/strong>. Nie musz\u0105 do siebie pasowa\u0107, wa\u017cne, \u017ceby Ci si\u0119 podoba\u0142y.<\/p>\n<div id=\"pakawidget1028\" class=\"pakawidget\"><\/div>\n<p><script async defer src=\"https:\/\/www.pakamera.pl\/widget\/widget2.min.js?id=1028&#038;type=20240125145446&#038;wwidth=1000\"><\/script><br \/>\nJak urz\u0105dzi\u0107 pok\u00f3j ze starymi meblami? Tak, \u017ceby by\u0142 przytulny! Ciep\u0142a wn\u0119trzom dodadz\u0105 ozdobne tekstylia \u2013 <strong>grube zas\u0142ony, narzuty, dywany, chodniczki i poduszki<\/strong>. Mog\u0105 by\u0107 nowe i stylizowane na wcze\u015bniejsze dekady lub wynalezione w sklepach z u\u017cywanymi przedmiotami czy na targach staroci.<\/p>\n<h2>Kwestia o\u015bwietlenia w pokoju vintage<\/h2>\n<p><strong>O\u015bwietlenie pomaga wykreowa\u0107 klimat vintage<\/strong> i stworzy\u0107 romantyczny nastr\u00f3j. Typowe dla tego stylu s\u0105 <strong>lampy z aba\u017curami z koronk\u0105, \u017cyrandole z kryszta\u0142kami, kinkiety i ozdoby ze \u015bladami u\u017cytkowania<\/strong> \u2013 \u0142uszcz\u0105c\u0105 si\u0119 farb\u0105, zadrapaniami, rdz\u0105 lub patyn\u0105. <strong>O\u015bwietlenie sufitowe powinno by\u0107 mi\u0119kkie i rozproszone<\/strong>. Dzi\u0119ki temu stworzysz przytuln\u0105 atmosfer\u0119 bez ostrych cieni.<\/p>\n<p>Marzy Ci si\u0119 pok\u00f3j vintage? Inspiracje, odpowiednie meble i dodatki znajdziesz w Pakamera.pl. Odwied\u017a stron\u0119 i znajd\u017a pere\u0142ki, dzi\u0119ki kt\u00f3rym odmienisz sw\u00f3j pok\u00f3j.<\/p>\n","protected":false},"excerpt":{"rendered":"<p>Pok\u00f3j vintage to inspiruj\u0105ca przestrze\u0144 stworzona dzi\u0119ki zestawowi element\u00f3w z minionych epok. Ten pe\u0142en nostalgii i charakteru styl czerpie z bogactwa lat 20., 30., 40., 50., 60. i 70. XX<span class=\"more-dots\">&#8230;<\/span><\/p>\n","protected":false},"author":17,"featured_media":9834,"comment_status":"closed","ping_status":"closed","sticky":false,"template":"","format":"standard","meta":{"footnotes":""},"categories":[12],"tags":[2074,2411,2271,332,1378,2428],"class_list":["post-9831","post","type-post","status-publish","format-standard","has-post-thumbnail","hentry","category-dom-i-wnetrza","tag-fotel-retro","tag-meble-vintage","tag-szafki-rtv-w-stylu-vintage","tag-vintage","tag-vintage-style","tag-wnetrze-retro"],"yoast_head":"<!-- This site is optimized with the Yoast SEO plugin v21.6 - https:\/\/yoast.com\/wordpress\/plugins\/seo\/ -->\n<title>Pok\u00f3j vintage \u2013 pomys\u0142y i inspiracje - Magazyn Pakamera.pl<\/title>\n<meta name=\"description\" content=\"Zastanawiasz si\u0119 jak urz\u0105dzi\u0107 pok\u00f3j vintage? Zobacz nasze porady i przyk\u0142adowe dodatki kt\u00f3re warto doda\u0107 do aran\u017cacji.\" \/>\n<meta name=\"robots\" content=\"index, follow\" \/>\n<link rel=\"canonical\" href=\"https:\/\/www.pakamera.pl\/magazyn\/pokoj-vintage-pomysly-i-inspiracje\/\" \/>\n<meta property=\"og:locale\" content=\"pl_PL\" \/>\n<meta property=\"og:type\" content=\"article\" \/>\n<meta property=\"og:title\" content=\"Pok\u00f3j vintage \u2013 pomys\u0142y i inspiracje - Magazyn Pakamera.pl\" \/>\n<meta property=\"og:description\" content=\"Zastanawiasz si\u0119 jak urz\u0105dzi\u0107 pok\u00f3j vintage? Zobacz nasze porady i przyk\u0142adowe dodatki kt\u00f3re warto doda\u0107 do aran\u017cacji.\" \/>\n<meta property=\"og:url\" content=\"https:\/\/www.pakamera.pl\/magazyn\/pokoj-vintage-pomysly-i-inspiracje\/\" \/>\n<meta property=\"og:site_name\" content=\"Magazyn Pakamera.pl\" \/>\n<meta property=\"article:publisher\" content=\"https:\/\/facebook.com\/pakamerapl\" \/>\n<meta property=\"article:published_time\" content=\"2024-01-27T14:11:28+00:00\" \/>\n<meta property=\"article:modified_time\" content=\"2024-01-25T14:11:56+00:00\" \/>\n<meta property=\"og:image\" content=\"https:\/\/imgmag.pakamera.net\/2024\/01\/pokoj-vintage-pomysly-i-inspiracje-144857816032.jpg\" \/>\n\t<meta property=\"og:image:width\" content=\"1600\" \/>\n\t<meta property=\"og:image:height\" content=\"840\" \/>\n\t<meta property=\"og:image:type\" content=\"image\/jpeg\" \/>\n<meta name=\"author\" content=\"Agnieszka Pilska\" \/>\n<meta name=\"twitter:card\" content=\"summary_large_image\" \/>\n<meta name=\"twitter:label1\" content=\"Napisane przez\" \/>\n\t<meta name=\"twitter:data1\" content=\"Agnieszka Pilska\" \/>\n\t<meta name=\"twitter:label2\" content=\"Szacowany czas czytania\" \/>\n\t<meta name=\"twitter:data2\" content=\"5 minut\" \/>\n<script type=\"application\/ld+json\" class=\"yoast-schema-graph\">{\"@context\":\"https:\/\/schema.org\",\"@graph\":[{\"@type\":\"Article\",\"@id\":\"https:\/\/www.pakamera.pl\/magazyn\/pokoj-vintage-pomysly-i-inspiracje\/#article\",\"isPartOf\":{\"@id\":\"https:\/\/www.pakamera.pl\/magazyn\/pokoj-vintage-pomysly-i-inspiracje\/\"},\"author\":{\"name\":\"Agnieszka Pilska\",\"@id\":\"https:\/\/www.pakamera.pl\/magazyn\/#\/schema\/person\/572f3f4a9ab09d0378471fe80a2db902\"},\"headline\":\"Pok\u00f3j vintage \u2013 pomys\u0142y i inspiracje\",\"datePublished\":\"2024-01-27T14:11:28+00:00\",\"dateModified\":\"2024-01-25T14:11:56+00:00\",\"mainEntityOfPage\":{\"@id\":\"https:\/\/www.pakamera.pl\/magazyn\/pokoj-vintage-pomysly-i-inspiracje\/\"},\"wordCount\":888,\"publisher\":{\"@id\":\"https:\/\/www.pakamera.pl\/magazyn\/#organization\"},\"keywords\":[\"fotel retro\",\"meble vintage\",\"szafki RTV w stylu vintage\",\"vintage\",\"vintage style\",\"wn\u0119trze retro\"],\"articleSection\":[\"Dom i Wn\u0119trze\"],\"inLanguage\":\"pl-PL\"},{\"@type\":\"WebPage\",\"@id\":\"https:\/\/www.pakamera.pl\/magazyn\/pokoj-vintage-pomysly-i-inspiracje\/\",\"url\":\"https:\/\/www.pakamera.pl\/magazyn\/pokoj-vintage-pomysly-i-inspiracje\/\",\"name\":\"Pok\u00f3j vintage \u2013 pomys\u0142y i inspiracje - Magazyn Pakamera.pl\",\"isPartOf\":{\"@id\":\"https:\/\/www.pakamera.pl\/magazyn\/#website\"},\"datePublished\":\"2024-01-27T14:11:28+00:00\",\"dateModified\":\"2024-01-25T14:11:56+00:00\",\"description\":\"Zastanawiasz si\u0119 jak urz\u0105dzi\u0107 pok\u00f3j vintage? Zobacz nasze porady i przyk\u0142adowe dodatki kt\u00f3re warto doda\u0107 do aran\u017cacji.\",\"breadcrumb\":{\"@id\":\"https:\/\/www.pakamera.pl\/magazyn\/pokoj-vintage-pomysly-i-inspiracje\/#breadcrumb\"},\"inLanguage\":\"pl-PL\",\"potentialAction\":[{\"@type\":\"ReadAction\",\"target\":[\"https:\/\/www.pakamera.pl\/magazyn\/pokoj-vintage-pomysly-i-inspiracje\/\"]}]},{\"@type\":\"BreadcrumbList\",\"@id\":\"https:\/\/www.pakamera.pl\/magazyn\/pokoj-vintage-pomysly-i-inspiracje\/#breadcrumb\",\"itemListElement\":[{\"@type\":\"ListItem\",\"position\":1,\"name\":\"Magazyn\",\"item\":\"https:\/\/www.pakamera.pl\/magazyn\/\"},{\"@type\":\"ListItem\",\"position\":2,\"name\":\"Dom i Wn\u0119trze\",\"item\":\"https:\/\/www.pakamera.pl\/magazyn\/category\/dom-i-wnetrza\/\"},{\"@type\":\"ListItem\",\"position\":3,\"name\":\"Pok\u00f3j vintage \u2013 pomys\u0142y i inspiracje\"}]},{\"@type\":\"WebSite\",\"@id\":\"https:\/\/www.pakamera.pl\/magazyn\/#website\",\"url\":\"https:\/\/www.pakamera.pl\/magazyn\/\",\"name\":\"Magazyn Pakamera.pl\",\"description\":\"Sprawd\u017a najgor\u0119tsze tematy sezonu!\",\"publisher\":{\"@id\":\"https:\/\/www.pakamera.pl\/magazyn\/#organization\"},\"potentialAction\":[{\"@type\":\"SearchAction\",\"target\":{\"@type\":\"EntryPoint\",\"urlTemplate\":\"https:\/\/www.pakamera.pl\/magazyn\/?s={search_term_string}\"},\"query-input\":\"required name=search_term_string\"}],\"inLanguage\":\"pl-PL\"},{\"@type\":\"Organization\",\"@id\":\"https:\/\/www.pakamera.pl\/magazyn\/#organization\",\"name\":\"Pakamera.pl\",\"url\":\"https:\/\/www.pakamera.pl\/magazyn\/\",\"logo\":{\"@type\":\"ImageObject\",\"inLanguage\":\"pl-PL\",\"@id\":\"https:\/\/www.pakamera.pl\/magazyn\/#\/schema\/logo\/image\/\",\"url\":\"https:\/\/imgmag.pakamera.net\/2023\/11\/153455466619.png\",\"contentUrl\":\"https:\/\/imgmag.pakamera.net\/2023\/11\/153455466619.png\",\"width\":690,\"height\":140,\"caption\":\"Pakamera.pl\"},\"image\":{\"@id\":\"https:\/\/www.pakamera.pl\/magazyn\/#\/schema\/logo\/image\/\"},\"sameAs\":[\"https:\/\/facebook.com\/pakamerapl\",\"https:\/\/www.instagram.com\/pakamera\/\"]},{\"@type\":\"Person\",\"@id\":\"https:\/\/www.pakamera.pl\/magazyn\/#\/schema\/person\/572f3f4a9ab09d0378471fe80a2db902\",\"name\":\"Agnieszka Pilska\",\"description\":\"Agnieszka kocha dobry design i wszystko co si\u0119 z nim \u0142\u0105czy. Ma do\u015bwiadczenie w projektowaniu wn\u0119trz dzi\u0119ki czemu ma niesamowity zmys\u0142 estetyczny. Potrafi prostymi dodatkami stworzy\u0107 przestrze\u0144, kt\u00f3ra zachwyci wszystkich.\"}]}<\/script>\n<!-- \/ Yoast SEO plugin. -->","yoast_head_json":{"title":"Pok\u00f3j vintage \u2013 pomys\u0142y i inspiracje - Magazyn Pakamera.pl","description":"Zastanawiasz si\u0119 jak urz\u0105dzi\u0107 pok\u00f3j vintage? Zobacz nasze porady i przyk\u0142adowe dodatki kt\u00f3re warto doda\u0107 do aran\u017cacji.","robots":{"index":"index","follow":"follow"},"canonical":"https:\/\/www.pakamera.pl\/magazyn\/pokoj-vintage-pomysly-i-inspiracje\/","og_locale":"pl_PL","og_type":"article","og_title":"Pok\u00f3j vintage \u2013 pomys\u0142y i inspiracje - Magazyn Pakamera.pl","og_description":"Zastanawiasz si\u0119 jak urz\u0105dzi\u0107 pok\u00f3j vintage? Zobacz nasze porady i przyk\u0142adowe dodatki kt\u00f3re warto doda\u0107 do aran\u017cacji.","og_url":"https:\/\/www.pakamera.pl\/magazyn\/pokoj-vintage-pomysly-i-inspiracje\/","og_site_name":"Magazyn Pakamera.pl","article_publisher":"https:\/\/facebook.com\/pakamerapl","article_published_time":"2024-01-27T14:11:28+00:00","article_modified_time":"2024-01-25T14:11:56+00:00","og_image":[{"width":1600,"height":840,"url":"https:\/\/imgmag.pakamera.net\/2024\/01\/pokoj-vintage-pomysly-i-inspiracje-144857816032.jpg","type":"image\/jpeg"}],"author":"Agnieszka Pilska","twitter_card":"summary_large_image","twitter_misc":{"Napisane przez":"Agnieszka Pilska","Szacowany czas czytania":"5 minut"},"schema":{"@context":"https:\/\/schema.org","@graph":[{"@type":"Article","@id":"https:\/\/www.pakamera.pl\/magazyn\/pokoj-vintage-pomysly-i-inspiracje\/#article","isPartOf":{"@id":"https:\/\/www.pakamera.pl\/magazyn\/pokoj-vintage-pomysly-i-inspiracje\/"},"author":{"name":"Agnieszka Pilska","@id":"https:\/\/www.pakamera.pl\/magazyn\/#\/schema\/person\/572f3f4a9ab09d0378471fe80a2db902"},"headline":"Pok\u00f3j vintage \u2013 pomys\u0142y i inspiracje","datePublished":"2024-01-27T14:11:28+00:00","dateModified":"2024-01-25T14:11:56+00:00","mainEntityOfPage":{"@id":"https:\/\/www.pakamera.pl\/magazyn\/pokoj-vintage-pomysly-i-inspiracje\/"},"wordCount":888,"publisher":{"@id":"https:\/\/www.pakamera.pl\/magazyn\/#organization"},"keywords":["fotel retro","meble vintage","szafki RTV w stylu vintage","vintage","vintage style","wn\u0119trze retro"],"articleSection":["Dom i Wn\u0119trze"],"inLanguage":"pl-PL"},{"@type":"WebPage","@id":"https:\/\/www.pakamera.pl\/magazyn\/pokoj-vintage-pomysly-i-inspiracje\/","url":"https:\/\/www.pakamera.pl\/magazyn\/pokoj-vintage-pomysly-i-inspiracje\/","name":"Pok\u00f3j vintage \u2013 pomys\u0142y i inspiracje - Magazyn Pakamera.pl","isPartOf":{"@id":"https:\/\/www.pakamera.pl\/magazyn\/#website"},"datePublished":"2024-01-27T14:11:28+00:00","dateModified":"2024-01-25T14:11:56+00:00","description":"Zastanawiasz si\u0119 jak urz\u0105dzi\u0107 pok\u00f3j vintage? Zobacz nasze porady i przyk\u0142adowe dodatki kt\u00f3re warto doda\u0107 do aran\u017cacji.","breadcrumb":{"@id":"https:\/\/www.pakamera.pl\/magazyn\/pokoj-vintage-pomysly-i-inspiracje\/#breadcrumb"},"inLanguage":"pl-PL","potentialAction":[{"@type":"ReadAction","target":["https:\/\/www.pakamera.pl\/magazyn\/pokoj-vintage-pomysly-i-inspiracje\/"]}]},{"@type":"BreadcrumbList","@id":"https:\/\/www.pakamera.pl\/magazyn\/pokoj-vintage-pomysly-i-inspiracje\/#breadcrumb","itemListElement":[{"@type":"ListItem","position":1,"name":"Magazyn","item":"https:\/\/www.pakamera.pl\/magazyn\/"},{"@type":"ListItem","position":2,"name":"Dom i Wn\u0119trze","item":"https:\/\/www.pakamera.pl\/magazyn\/category\/dom-i-wnetrza\/"},{"@type":"ListItem","position":3,"name":"Pok\u00f3j vintage \u2013 pomys\u0142y i inspiracje"}]},{"@type":"WebSite","@id":"https:\/\/www.pakamera.pl\/magazyn\/#website","url":"https:\/\/www.pakamera.pl\/magazyn\/","name":"Magazyn Pakamera.pl","description":"Sprawd\u017a najgor\u0119tsze tematy sezonu!","publisher":{"@id":"https:\/\/www.pakamera.pl\/magazyn\/#organization"},"potentialAction":[{"@type":"SearchAction","target":{"@type":"EntryPoint","urlTemplate":"https:\/\/www.pakamera.pl\/magazyn\/?s={search_term_string}"},"query-input":"required name=search_term_string"}],"inLanguage":"pl-PL"},{"@type":"Organization","@id":"https:\/\/www.pakamera.pl\/magazyn\/#organization","name":"Pakamera.pl","url":"https:\/\/www.pakamera.pl\/magazyn\/","logo":{"@type":"ImageObject","inLanguage":"pl-PL","@id":"https:\/\/www.pakamera.pl\/magazyn\/#\/schema\/logo\/image\/","url":"https:\/\/imgmag.pakamera.net\/2023\/11\/153455466619.png","contentUrl":"https:\/\/imgmag.pakamera.net\/2023\/11\/153455466619.png","width":690,"height":140,"caption":"Pakamera.pl"},"image":{"@id":"https:\/\/www.pakamera.pl\/magazyn\/#\/schema\/logo\/image\/"},"sameAs":["https:\/\/facebook.com\/pakamerapl","https:\/\/www.instagram.com\/pakamera\/"]},{"@type":"Person","@id":"https:\/\/www.pakamera.pl\/magazyn\/#\/schema\/person\/572f3f4a9ab09d0378471fe80a2db902","name":"Agnieszka Pilska","description":"Agnieszka kocha dobry design i wszystko co si\u0119 z nim \u0142\u0105czy. Ma do\u015bwiadczenie w projektowaniu wn\u0119trz dzi\u0119ki czemu ma niesamowity zmys\u0142 estetyczny. Potrafi prostymi dodatkami stworzy\u0107 przestrze\u0144, kt\u00f3ra zachwyci wszystkich."}]}},"_links":{"self":[{"href":"https:\/\/www.pakamera.pl\/magazyn\/wp-json\/wp\/v2\/posts\/9831","targetHints":{"allow":["GET"]}}],"collection":[{"href":"https:\/\/www.pakamera.pl\/magazyn\/wp-json\/wp\/v2\/posts"}],"about":[{"href":"https:\/\/www.pakamera.pl\/magazyn\/wp-json\/wp\/v2\/types\/post"}],"author":[{"embeddable":true,"href":"https:\/\/www.pakamera.pl\/magazyn\/wp-json\/wp\/v2\/users\/17"}],"replies":[{"embeddable":true,"href":"https:\/\/www.pakamera.pl\/magazyn\/wp-json\/wp\/v2\/comments?post=9831"}],"version-history":[{"count":3,"href":"https:\/\/www.pakamera.pl\/magazyn\/wp-json\/wp\/v2\/posts\/9831\/revisions"}],"predecessor-version":[{"id":9836,"href":"https:\/\/www.pakamera.pl\/magazyn\/wp-json\/wp\/v2\/posts\/9831\/revisions\/9836"}],"wp:featuredmedia":[{"embeddable":true,"href":"https:\/\/www.pakamera.pl\/magazyn\/wp-json\/wp\/v2\/media\/9834"}],"wp:attachment":[{"href":"https:\/\/www.pakamera.pl\/magazyn\/wp-json\/wp\/v2\/media?parent=9831"}],"wp:term":[{"taxonomy":"category","embeddable":true,"href":"https:\/\/www.pakamera.pl\/magazyn\/wp-json\/wp\/v2\/categories?post=9831"},{"taxonomy":"post_tag","embeddable":true,"href":"https:\/\/www.pakamera.pl\/magazyn\/wp-json\/wp\/v2\/tags?post=9831"}],"curies":[{"name":"wp","href":"https:\/\/api.w.org\/{rel}","templated":true}]}}