{"id":9785,"date":"2024-01-19T15:12:33","date_gmt":"2024-01-19T14:12:33","guid":{"rendered":"https:\/\/www.pakamera.pl\/magazyn\/?p=9785"},"modified":"2024-01-19T15:12:33","modified_gmt":"2024-01-19T14:12:33","slug":"jak-sie-ubrac-na-koncert-rockowy-stylizacje-od-pakamery","status":"publish","type":"post","link":"https:\/\/www.pakamera.pl\/magazyn\/jak-sie-ubrac-na-koncert-rockowy-stylizacje-od-pakamery\/","title":{"rendered":"Jak si\u0119 ubra\u0107 na koncert rockowy? Stylizacje od Pakamery"},"content":{"rendered":"<p><strong>Tw\u00f3j kalendarz wydarze\u0144 na ten rok powoli si\u0119 zape\u0142nia, ale wci\u0105\u017c nie wiesz, jak si\u0119 ubra\u0107 na koncert rockowy ulubionego zespo\u0142u? Bez obaw. Dzi\u0119ki naszym wskaz\u00f3wkom nie tylko b\u0119dziesz wygl\u0105da\u0107 spektakularnie, ale r\u00f3wnie\u017c wyr\u00f3\u017cnisz si\u0119 z t\u0142umu. Sprawd\u017a, co dla Ciebie przygotowali\u015bmy.<\/strong><\/p>\n<p><!--more--><\/p>\n<figure id=\"attachment_9787\" aria-describedby=\"caption-attachment-9787\" style=\"width: 1600px\" class=\"wp-caption alignnone\"><img loading=\"lazy\" decoding=\"async\" class=\"wp-image-9787 size-full\" src=\"https:\/\/imgmag.pakamera.net\/2024\/01\/jak-sie-ubrac-na-koncert-rockowy-stylizacje-od-pakamery-144339465837.jpg\" alt=\"stylizacja na koncert rockowy\" width=\"1600\" height=\"840\" \/><figcaption id=\"caption-attachment-9787\" class=\"wp-caption-text\">Kurtka sk\u00f3rzana Moo \/ Noza Nova \/ www.pakamera.pl<\/figcaption><\/figure>\n<p>Rockowe stylizacje inspiruj\u0105 si\u0119 wygl\u0105dem gwiazd z\u0142otej ery rocka, m.in. Elvisa Presleya, Davida Bowiego i Tiny Turner. Ich styl odcisn\u0105\u0142 trwa\u0142e pi\u0119tno nie tylko na scenie muzycznej, ale r\u00f3wnie\u017c na modzie, staj\u0105c si\u0119 synonimem buntu i niezale\u017cno\u015bci. Odwa\u017cne kombinacje i niekonwencjonalne dodatki inspiruj\u0105 kolejne pokolenia.<\/p>\n<h2>Rockowe stylizacje \u2013 co jest modne na koncertach?<\/h2>\n<p>Na rockowym koncercie nie mo\u017ce zabrakn\u0105\u0107 klasycznych stylizacji \u2013 <strong>T-shirtu z wizerunkiem zespo\u0142u lub ulubionym powiedzeniem, sk\u00f3rzanej kurtki z fr\u0119dzlami i jeans\u00f3w<\/strong>. Wybierz czarne, poprzecierane skinny jeans lub jeansy typu boyfriend. Zamiast spodni mo\u017cesz te\u017c za\u0142o\u017cy\u0107<strong> kr\u00f3tk\u0105, plisowan\u0105 sp\u00f3dniczk\u0119 w krat\u0119 i kabaretki o szerokich oczkach<\/strong>.<\/p>\n<div id=\"pakawidget1011\" class=\"pakawidget\"><\/div>\n<p><script async defer src=\"https:\/\/www.pakamera.pl\/widget\/widget2.min.js?id=1011&#038;type=20240119150116&#038;wwidth=1000\"><\/script><\/p>\n<p>Jako baz\u0119 stroju wykorzystaj ubrania w ciemnych kolorach \u2013 <strong>czarnym, szarym lub granatowym<\/strong>. Aby si\u0119 wyr\u00f3\u017cni\u0107, dodaj <strong>metaliczne dodatki<\/strong>. Niech b\u0119d\u0105 to <a href=\"https:\/\/www.pakamera.pl\/nerki-0-1881.htm\" target=\"_blank\" rel=\"noopener\">nerka damska<\/a> na pasku, <strong>buty, kolczyki i grube metalowe \u0142a\u0144cuchy<\/strong> z zawieszkami w kszta\u0142cie krzy\u017cy, gwo\u017adzi lub czaszek. Nie b\u00f3j si\u0119 za\u0142o\u017cy\u0107 oryginalnej i ekstrawaganckiej bi\u017cuterii. Rockowe stylizacje wprost je uwielbiaj\u0105!<\/p>\n<p><strong>Najmodniejszym materia\u0142em<\/strong> na rockowym koncercie jest z pewno\u015bci\u0105 <strong>sk\u00f3ra \u2013 naturalna i w wersji eko<\/strong>. Sk\u00f3rzane kurtki, kamizelki, spodnie i nerki podkre\u015blaj\u0105 ci\u0119\u017ck\u0105 atmosfer\u0119 tego wydarzenia. Aby wprowadzi\u0107 nieco urozmaicenia, wykorzystaj r\u00f3wnie\u017c inne tekstylia \u2013 denim, siateczk\u0119 i koronk\u0119.<\/p>\n<h2>Jak wybra\u0107 str\u00f3j wygodny i stylowy na koncert rockowy?<\/h2>\n<p><strong>Stylizacja na koncert rockowy powinna by\u0107 wygodna<\/strong>, dlatego wybierz ubrania, kt\u00f3re dobrze znasz. <strong>Postaw na ciemne kolory<\/strong> \u2013 lepiej sprawdzaj\u0105 si\u0119 one, gdy du\u017co si\u0119 ruszasz \u2013 ta\u0144czysz, podskakujesz i idziesz w pogo \u2013 poniewa\u017c lepiej maskuj\u0105 pot. Dobr\u0105 opcj\u0105 b\u0119d\u0105 spodnie \u2013 <strong>jeansy lub legginsy \u2013 o lu\u017aniejszym kroju i przewiewny T-shirt<\/strong>.<\/p>\n<p>Pami\u0119taj o wyborze odpowiedniego obuwia. Obtarte stopy mog\u0105 zepsu\u0107 nawet d\u0142ugo wyczekiwany koncert ulubionego rockowego zespo\u0142u. Postaw na <strong>p\u0142ask\u0105, tward\u0105 podeszw\u0119 i wzmocnione kostki glan\u00f3w, martens\u00f3w lub d\u0142ugich trampek<\/strong>. Potrzebne drobiazgi \u2013 telefon, portfel, dokumenty i bilety \u2013 przechowuj w niewielkiej nerce, kt\u00f3r\u0105 b\u0119dziesz nosi\u0107 w pasie lub przewieszon\u0105 przez rami\u0119.<\/p>\n<figure id=\"attachment_9786\" aria-describedby=\"caption-attachment-9786\" style=\"width: 1600px\" class=\"wp-caption alignnone\"><img loading=\"lazy\" decoding=\"async\" class=\"wp-image-9786 size-full\" src=\"https:\/\/imgmag.pakamera.net\/2024\/01\/jak-sie-ubrac-na-koncert-rockowy-stylizacje-od-pakamery-144331077480.jpg\" alt=\"kurtka sk\u00f3rzana idelna na koncert rockowy \" width=\"1600\" height=\"840\" \/><figcaption id=\"caption-attachment-9786\" class=\"wp-caption-text\">kurtka Quinn \/ JAP \/ www.pakamera.pl<\/figcaption><\/figure>\n<h2>Akcesoria, kt\u00f3re dope\u0142ni\u0105 Tw\u00f3j rockowy look<\/h2>\n<p>Nie ma rockowej stylizacji bez unikalnych dodatk\u00f3w. Za\u0142\u00f3\u017c <strong>okulary przeciws\u0142oneczne o ciekawym kszta\u0142cie<\/strong> (np. lenonki), <strong>szeroki pasek z du\u017c\u0105 metalow\u0105 klamr\u0105, kapelusz typu panama<\/strong> lub <strong>kolorow\u0105 bandan\u0119 na g\u0142ow\u0119 czy szyj\u0119<\/strong>. W rockowym stylu liczy si\u0119 te\u017c <strong>wyrazisty make-up<\/strong>. Mocno <strong>zaakcentuj oczy efektownym smokey eye<\/strong>. Usta poci\u0105gnij ciemnoczerwon\u0105 lub bordow\u0105 szmink\u0105.<\/p>\n<p>Na d\u0142onie w\u0142\u00f3\u017c <strong>mitenki bez palc\u00f3w z siateczki<\/strong>, a na palce \u2013<strong> du\u017ce pier\u015bcienie vintage z wyrazistym kamieniem lub czaszk\u0105<\/strong>. Szyj\u0119 ozd\u00f3b <strong>welurowym chokerem z zawieszk\u0105<\/strong> lub d\u0142ugim metalowym \u0142a\u0144cuchem. Je\u015bli ubierasz <strong>koszul\u0119 zamiast T-shirtu \u2013 dodaj kolorowe szelki<\/strong>.<\/p>\n<h2>Inspiracje outfit\u00f3w na koncert rockowy od Pakamery<\/h2>\n<p>Idealna nowoczesna rockowa stylizacja na imprez\u0119 to <strong>czarne jeansy typu mom z wysok\u0105 tali\u0105 i podwini\u0119tymi nogawkami, kr\u00f3tki top i gorset w intensywnym kolorze<\/strong>, np. bordowym, kobaltowym lub srebrnym. Na wierzch zarzu\u0107<strong> kurtk\u0119 jeansow\u0105 z naszywkami<\/strong>. Wybierz <strong>buty na grubym obcasie lub platformie typu combat boots<\/strong>. Dope\u0142nij look<strong> du\u017cymi bransoletkami-obr\u0119czami i srebrnym \u0142a\u0144cuszkiem z krzy\u017cykiem<\/strong> lub czaszk\u0105.<\/p>\n<div id=\"pakawidget1012\" class=\"pakawidget\"><\/div>\n<p><script async defer src=\"https:\/\/www.pakamera.pl\/widget\/widget2.min.js?id=1012&#038;type=20240119150934&#038;wwidth=1000\"><\/script><\/p>\n<p>Dla rockowych ksi\u0119\u017cniczek polecamy <strong>maxi sp\u00f3dnic\u0119 z fr\u0119dzlami o asymetrycznym kroju i ozdobny top z siateczki<\/strong>. Dorzu\u0107<strong> kamizelk\u0119 z fr\u0119dzlami i sanda\u0142y na p\u0142askim obcasie lub sk\u00f3rzane botki<\/strong>. <strong>Kilka naszyjnik\u00f3w na\u0142o\u017conych warstwowo<\/strong> i d\u0142ugie r\u0119kawiczki bez palc\u00f3w uzupe\u0142ni\u0105 Tw\u00f3j wygl\u0105d.<\/p>\n<p>Fascynujesz si\u0119 stylem glam rock? Na koncercie mo\u017cesz b\u0142yszcze\u0107 niczym Freddie Mercury! <strong>Brokatowe legginsy<\/strong> i <strong>top<\/strong> lub <strong>body z cekinami<\/strong> pozwol\u0105 Ci wyczarowa\u0107 w\u0142asny rockowy uniform. Na to zarzu\u0107 <strong>kr\u00f3tk\u0105 sk\u00f3rzan\u0105 kurtk\u0119 w metalicznym kolorze<\/strong>. Ca\u0142o\u015b\u0107 dope\u0142nij mocnym, scenicznym makija\u017cem. Rockowa stylizacja na imprez\u0119 jest gotowa!<\/p>\n<h2>Porady, jak dostosowa\u0107 str\u00f3j do pogody i miejsca koncertu<\/h2>\n<p>Wybierasz si\u0119 na letni festiwal w plenerze? Zanim spakujesz plecak, sprawd\u017a prognoz\u0119 pogody, aby unikn\u0105\u0107 nieprzyjemnych niespodzianek. Na upa\u0142y wybierz <strong>lekkie i przewiewne ubrania<\/strong>, ale nie zapomnij r\u00f3wnie\u017c wzi\u0105\u0107 str\u00f3j <strong>na ch\u0142odniejsze wieczory \u2013 cienk\u0105 d\u017cinsow\u0105 <\/strong>lub <strong>sk\u00f3rzan\u0105 kurtk\u0119<\/strong> i sweter.<\/p>\n<p>Na wypadek deszczu przyda Ci si\u0119 <a href=\"https:\/\/www.pakamera.pl\/parka-przeciwdeszczowa-0-se3788.htm\" target=\"_blank\" rel=\"noopener\">parka przeciwdeszczowa<\/a> z kapturem i nieprzemakalne buty. Teren pod scen\u0105 szybko mo\u017ce zamieni\u0107 si\u0119 w b\u0142otnist\u0105 pu\u0142apk\u0119, dlatego we\u017a obuwie, o kt\u00f3re nie b\u0119dziesz musia\u0142a si\u0119 martwi\u0107.<\/p>\n<p>Jak si\u0119 ubra\u0107 na koncert rockowy w klubie lub na hali? Zdecydowanie mo\u017cesz za\u0142o\u017cy\u0107 bardziej ekstrawaganckie stylizacje. Nie ogranicza Ci\u0119 pogoda ani ryzyko deszczu. Je\u015bli jednak boisz si\u0119, \u017ce b\u0119dzie Ci zimno, zarzu\u0107 na wierzch <strong>flanelow\u0105 koszul\u0119<\/strong> lub ulubion\u0105 bluz\u0119. W trakcie koncertu b\u0119dziesz mog\u0142a j\u0105 zdj\u0105\u0107 i przewi\u0105za\u0107 w pasie.<\/p>\n<p>Wszystkie potrzebne ubrania i akcesoria czekaj\u0105 na Ciebie na Pakamera.pl. Znajd\u017a swoje ulubione!<\/p>\n","protected":false},"excerpt":{"rendered":"<p>Tw\u00f3j kalendarz wydarze\u0144 na ten rok powoli si\u0119 zape\u0142nia, ale wci\u0105\u017c nie wiesz, jak si\u0119 ubra\u0107 na koncert rockowy ulubionego zespo\u0142u? Bez obaw. Dzi\u0119ki naszym wskaz\u00f3wkom nie tylko b\u0119dziesz wygl\u0105da\u0107<span class=\"more-dots\">&#8230;<\/span><\/p>\n","protected":false},"author":16,"featured_media":9787,"comment_status":"closed","ping_status":"closed","sticky":false,"template":"","format":"standard","meta":{"footnotes":""},"categories":[3],"tags":[2305,2477,2478,840],"class_list":["post-9785","post","type-post","status-publish","format-standard","has-post-thumbnail","hentry","category-moda","tag-akcesoria-skorzane","tag-koncert","tag-rock","tag-stylizacja-dla-niej"],"yoast_head":"<!-- This site is optimized with the Yoast SEO plugin v21.6 - https:\/\/yoast.com\/wordpress\/plugins\/seo\/ -->\n<title>Jak si\u0119 ubra\u0107 na koncert rockowy? Stylizacje od Pakamery - Magazyn Pakamera.pl<\/title>\n<meta name=\"description\" content=\"zastanawiasz si\u0119 jak si\u0119 ubra\u0107 na koncert rockowy? Zobacz nasze propozycje stylizacji od polskich marek z pakamera.pl\" \/>\n<meta name=\"robots\" content=\"index, follow\" \/>\n<link rel=\"canonical\" href=\"https:\/\/www.pakamera.pl\/magazyn\/jak-sie-ubrac-na-koncert-rockowy-stylizacje-od-pakamery\/\" \/>\n<meta property=\"og:locale\" content=\"pl_PL\" \/>\n<meta property=\"og:type\" content=\"article\" \/>\n<meta property=\"og:title\" content=\"Jak si\u0119 ubra\u0107 na koncert rockowy? Stylizacje od Pakamery - Magazyn Pakamera.pl\" \/>\n<meta property=\"og:description\" content=\"zastanawiasz si\u0119 jak si\u0119 ubra\u0107 na koncert rockowy? Zobacz nasze propozycje stylizacji od polskich marek z pakamera.pl\" \/>\n<meta property=\"og:url\" content=\"https:\/\/www.pakamera.pl\/magazyn\/jak-sie-ubrac-na-koncert-rockowy-stylizacje-od-pakamery\/\" \/>\n<meta property=\"og:site_name\" content=\"Magazyn Pakamera.pl\" \/>\n<meta property=\"article:publisher\" content=\"https:\/\/facebook.com\/pakamerapl\" \/>\n<meta property=\"article:published_time\" content=\"2024-01-19T14:12:33+00:00\" \/>\n<meta property=\"og:image\" content=\"https:\/\/imgmag.pakamera.net\/2024\/01\/jak-sie-ubrac-na-koncert-rockowy-stylizacje-od-pakamery-144339465837.jpg\" \/>\n\t<meta property=\"og:image:width\" content=\"1600\" \/>\n\t<meta property=\"og:image:height\" content=\"840\" \/>\n\t<meta property=\"og:image:type\" content=\"image\/jpeg\" \/>\n<meta name=\"author\" content=\"Magda Strzelecka\" \/>\n<meta name=\"twitter:card\" content=\"summary_large_image\" \/>\n<meta name=\"twitter:label1\" content=\"Napisane przez\" \/>\n\t<meta name=\"twitter:data1\" content=\"Magda Strzelecka\" \/>\n\t<meta name=\"twitter:label2\" content=\"Szacowany czas czytania\" \/>\n\t<meta name=\"twitter:data2\" content=\"5 minut\" \/>\n<script type=\"application\/ld+json\" class=\"yoast-schema-graph\">{\"@context\":\"https:\/\/schema.org\",\"@graph\":[{\"@type\":\"Article\",\"@id\":\"https:\/\/www.pakamera.pl\/magazyn\/jak-sie-ubrac-na-koncert-rockowy-stylizacje-od-pakamery\/#article\",\"isPartOf\":{\"@id\":\"https:\/\/www.pakamera.pl\/magazyn\/jak-sie-ubrac-na-koncert-rockowy-stylizacje-od-pakamery\/\"},\"author\":{\"name\":\"Magda Strzelecka\",\"@id\":\"https:\/\/www.pakamera.pl\/magazyn\/#\/schema\/person\/375940ab821c5af50e1e31f1ec5282b5\"},\"headline\":\"Jak si\u0119 ubra\u0107 na koncert rockowy? Stylizacje od Pakamery\",\"datePublished\":\"2024-01-19T14:12:33+00:00\",\"dateModified\":\"2024-01-19T14:12:33+00:00\",\"mainEntityOfPage\":{\"@id\":\"https:\/\/www.pakamera.pl\/magazyn\/jak-sie-ubrac-na-koncert-rockowy-stylizacje-od-pakamery\/\"},\"wordCount\":895,\"publisher\":{\"@id\":\"https:\/\/www.pakamera.pl\/magazyn\/#organization\"},\"keywords\":[\"akcesoria sk\u00f3rzane\",\"koncert\",\"rock\",\"stylizacja dla niej\"],\"articleSection\":[\"Moda\"],\"inLanguage\":\"pl-PL\"},{\"@type\":\"WebPage\",\"@id\":\"https:\/\/www.pakamera.pl\/magazyn\/jak-sie-ubrac-na-koncert-rockowy-stylizacje-od-pakamery\/\",\"url\":\"https:\/\/www.pakamera.pl\/magazyn\/jak-sie-ubrac-na-koncert-rockowy-stylizacje-od-pakamery\/\",\"name\":\"Jak si\u0119 ubra\u0107 na koncert rockowy? Stylizacje od Pakamery - Magazyn Pakamera.pl\",\"isPartOf\":{\"@id\":\"https:\/\/www.pakamera.pl\/magazyn\/#website\"},\"datePublished\":\"2024-01-19T14:12:33+00:00\",\"dateModified\":\"2024-01-19T14:12:33+00:00\",\"description\":\"zastanawiasz si\u0119 jak si\u0119 ubra\u0107 na koncert rockowy? Zobacz nasze propozycje stylizacji od polskich marek z pakamera.pl\",\"breadcrumb\":{\"@id\":\"https:\/\/www.pakamera.pl\/magazyn\/jak-sie-ubrac-na-koncert-rockowy-stylizacje-od-pakamery\/#breadcrumb\"},\"inLanguage\":\"pl-PL\",\"potentialAction\":[{\"@type\":\"ReadAction\",\"target\":[\"https:\/\/www.pakamera.pl\/magazyn\/jak-sie-ubrac-na-koncert-rockowy-stylizacje-od-pakamery\/\"]}]},{\"@type\":\"BreadcrumbList\",\"@id\":\"https:\/\/www.pakamera.pl\/magazyn\/jak-sie-ubrac-na-koncert-rockowy-stylizacje-od-pakamery\/#breadcrumb\",\"itemListElement\":[{\"@type\":\"ListItem\",\"position\":1,\"name\":\"Magazyn\",\"item\":\"https:\/\/www.pakamera.pl\/magazyn\/\"},{\"@type\":\"ListItem\",\"position\":2,\"name\":\"Moda\",\"item\":\"https:\/\/www.pakamera.pl\/magazyn\/category\/moda\/\"},{\"@type\":\"ListItem\",\"position\":3,\"name\":\"Jak si\u0119 ubra\u0107 na koncert rockowy? Stylizacje od Pakamery\"}]},{\"@type\":\"WebSite\",\"@id\":\"https:\/\/www.pakamera.pl\/magazyn\/#website\",\"url\":\"https:\/\/www.pakamera.pl\/magazyn\/\",\"name\":\"Magazyn Pakamera.pl\",\"description\":\"Sprawd\u017a najgor\u0119tsze tematy sezonu!\",\"publisher\":{\"@id\":\"https:\/\/www.pakamera.pl\/magazyn\/#organization\"},\"potentialAction\":[{\"@type\":\"SearchAction\",\"target\":{\"@type\":\"EntryPoint\",\"urlTemplate\":\"https:\/\/www.pakamera.pl\/magazyn\/?s={search_term_string}\"},\"query-input\":\"required name=search_term_string\"}],\"inLanguage\":\"pl-PL\"},{\"@type\":\"Organization\",\"@id\":\"https:\/\/www.pakamera.pl\/magazyn\/#organization\",\"name\":\"Pakamera.pl\",\"url\":\"https:\/\/www.pakamera.pl\/magazyn\/\",\"logo\":{\"@type\":\"ImageObject\",\"inLanguage\":\"pl-PL\",\"@id\":\"https:\/\/www.pakamera.pl\/magazyn\/#\/schema\/logo\/image\/\",\"url\":\"https:\/\/imgmag.pakamera.net\/2023\/11\/153455466619.png\",\"contentUrl\":\"https:\/\/imgmag.pakamera.net\/2023\/11\/153455466619.png\",\"width\":690,\"height\":140,\"caption\":\"Pakamera.pl\"},\"image\":{\"@id\":\"https:\/\/www.pakamera.pl\/magazyn\/#\/schema\/logo\/image\/\"},\"sameAs\":[\"https:\/\/facebook.com\/pakamerapl\",\"https:\/\/www.instagram.com\/pakamera\/\"]},{\"@type\":\"Person\",\"@id\":\"https:\/\/www.pakamera.pl\/magazyn\/#\/schema\/person\/375940ab821c5af50e1e31f1ec5282b5\",\"name\":\"Magda Strzelecka\",\"description\":\"Magda to nasza stylistka, kt\u00f3ra od ponad 10 lat \u015bci\u015ble zwi\u0105zana jest z mod\u0105. Uwielbia \u015bledzi\u0107 \u015bwiatowe trendy i przek\u0142ada\u0107 je na rynek polski. Kocha dobre sk\u0142ady ubra\u0144, wyj\u0105tkow\u0105 bi\u017cuteri\u0119 i dodatki kt\u00f3re o\u017cywi\u0105 ka\u017cd\u0105 stylizacj\u0119.\"}]}<\/script>\n<!-- \/ Yoast SEO plugin. -->","yoast_head_json":{"title":"Jak si\u0119 ubra\u0107 na koncert rockowy? Stylizacje od Pakamery - Magazyn Pakamera.pl","description":"zastanawiasz si\u0119 jak si\u0119 ubra\u0107 na koncert rockowy? Zobacz nasze propozycje stylizacji od polskich marek z pakamera.pl","robots":{"index":"index","follow":"follow"},"canonical":"https:\/\/www.pakamera.pl\/magazyn\/jak-sie-ubrac-na-koncert-rockowy-stylizacje-od-pakamery\/","og_locale":"pl_PL","og_type":"article","og_title":"Jak si\u0119 ubra\u0107 na koncert rockowy? Stylizacje od Pakamery - Magazyn Pakamera.pl","og_description":"zastanawiasz si\u0119 jak si\u0119 ubra\u0107 na koncert rockowy? Zobacz nasze propozycje stylizacji od polskich marek z pakamera.pl","og_url":"https:\/\/www.pakamera.pl\/magazyn\/jak-sie-ubrac-na-koncert-rockowy-stylizacje-od-pakamery\/","og_site_name":"Magazyn Pakamera.pl","article_publisher":"https:\/\/facebook.com\/pakamerapl","article_published_time":"2024-01-19T14:12:33+00:00","og_image":[{"width":1600,"height":840,"url":"https:\/\/imgmag.pakamera.net\/2024\/01\/jak-sie-ubrac-na-koncert-rockowy-stylizacje-od-pakamery-144339465837.jpg","type":"image\/jpeg"}],"author":"Magda Strzelecka","twitter_card":"summary_large_image","twitter_misc":{"Napisane przez":"Magda Strzelecka","Szacowany czas czytania":"5 minut"},"schema":{"@context":"https:\/\/schema.org","@graph":[{"@type":"Article","@id":"https:\/\/www.pakamera.pl\/magazyn\/jak-sie-ubrac-na-koncert-rockowy-stylizacje-od-pakamery\/#article","isPartOf":{"@id":"https:\/\/www.pakamera.pl\/magazyn\/jak-sie-ubrac-na-koncert-rockowy-stylizacje-od-pakamery\/"},"author":{"name":"Magda Strzelecka","@id":"https:\/\/www.pakamera.pl\/magazyn\/#\/schema\/person\/375940ab821c5af50e1e31f1ec5282b5"},"headline":"Jak si\u0119 ubra\u0107 na koncert rockowy? Stylizacje od Pakamery","datePublished":"2024-01-19T14:12:33+00:00","dateModified":"2024-01-19T14:12:33+00:00","mainEntityOfPage":{"@id":"https:\/\/www.pakamera.pl\/magazyn\/jak-sie-ubrac-na-koncert-rockowy-stylizacje-od-pakamery\/"},"wordCount":895,"publisher":{"@id":"https:\/\/www.pakamera.pl\/magazyn\/#organization"},"keywords":["akcesoria sk\u00f3rzane","koncert","rock","stylizacja dla niej"],"articleSection":["Moda"],"inLanguage":"pl-PL"},{"@type":"WebPage","@id":"https:\/\/www.pakamera.pl\/magazyn\/jak-sie-ubrac-na-koncert-rockowy-stylizacje-od-pakamery\/","url":"https:\/\/www.pakamera.pl\/magazyn\/jak-sie-ubrac-na-koncert-rockowy-stylizacje-od-pakamery\/","name":"Jak si\u0119 ubra\u0107 na koncert rockowy? Stylizacje od Pakamery - Magazyn Pakamera.pl","isPartOf":{"@id":"https:\/\/www.pakamera.pl\/magazyn\/#website"},"datePublished":"2024-01-19T14:12:33+00:00","dateModified":"2024-01-19T14:12:33+00:00","description":"zastanawiasz si\u0119 jak si\u0119 ubra\u0107 na koncert rockowy? Zobacz nasze propozycje stylizacji od polskich marek z pakamera.pl","breadcrumb":{"@id":"https:\/\/www.pakamera.pl\/magazyn\/jak-sie-ubrac-na-koncert-rockowy-stylizacje-od-pakamery\/#breadcrumb"},"inLanguage":"pl-PL","potentialAction":[{"@type":"ReadAction","target":["https:\/\/www.pakamera.pl\/magazyn\/jak-sie-ubrac-na-koncert-rockowy-stylizacje-od-pakamery\/"]}]},{"@type":"BreadcrumbList","@id":"https:\/\/www.pakamera.pl\/magazyn\/jak-sie-ubrac-na-koncert-rockowy-stylizacje-od-pakamery\/#breadcrumb","itemListElement":[{"@type":"ListItem","position":1,"name":"Magazyn","item":"https:\/\/www.pakamera.pl\/magazyn\/"},{"@type":"ListItem","position":2,"name":"Moda","item":"https:\/\/www.pakamera.pl\/magazyn\/category\/moda\/"},{"@type":"ListItem","position":3,"name":"Jak si\u0119 ubra\u0107 na koncert rockowy? Stylizacje od Pakamery"}]},{"@type":"WebSite","@id":"https:\/\/www.pakamera.pl\/magazyn\/#website","url":"https:\/\/www.pakamera.pl\/magazyn\/","name":"Magazyn Pakamera.pl","description":"Sprawd\u017a najgor\u0119tsze tematy sezonu!","publisher":{"@id":"https:\/\/www.pakamera.pl\/magazyn\/#organization"},"potentialAction":[{"@type":"SearchAction","target":{"@type":"EntryPoint","urlTemplate":"https:\/\/www.pakamera.pl\/magazyn\/?s={search_term_string}"},"query-input":"required name=search_term_string"}],"inLanguage":"pl-PL"},{"@type":"Organization","@id":"https:\/\/www.pakamera.pl\/magazyn\/#organization","name":"Pakamera.pl","url":"https:\/\/www.pakamera.pl\/magazyn\/","logo":{"@type":"ImageObject","inLanguage":"pl-PL","@id":"https:\/\/www.pakamera.pl\/magazyn\/#\/schema\/logo\/image\/","url":"https:\/\/imgmag.pakamera.net\/2023\/11\/153455466619.png","contentUrl":"https:\/\/imgmag.pakamera.net\/2023\/11\/153455466619.png","width":690,"height":140,"caption":"Pakamera.pl"},"image":{"@id":"https:\/\/www.pakamera.pl\/magazyn\/#\/schema\/logo\/image\/"},"sameAs":["https:\/\/facebook.com\/pakamerapl","https:\/\/www.instagram.com\/pakamera\/"]},{"@type":"Person","@id":"https:\/\/www.pakamera.pl\/magazyn\/#\/schema\/person\/375940ab821c5af50e1e31f1ec5282b5","name":"Magda Strzelecka","description":"Magda to nasza stylistka, kt\u00f3ra od ponad 10 lat \u015bci\u015ble zwi\u0105zana jest z mod\u0105. Uwielbia \u015bledzi\u0107 \u015bwiatowe trendy i przek\u0142ada\u0107 je na rynek polski. Kocha dobre sk\u0142ady ubra\u0144, wyj\u0105tkow\u0105 bi\u017cuteri\u0119 i dodatki kt\u00f3re o\u017cywi\u0105 ka\u017cd\u0105 stylizacj\u0119."}]}},"_links":{"self":[{"href":"https:\/\/www.pakamera.pl\/magazyn\/wp-json\/wp\/v2\/posts\/9785","targetHints":{"allow":["GET"]}}],"collection":[{"href":"https:\/\/www.pakamera.pl\/magazyn\/wp-json\/wp\/v2\/posts"}],"about":[{"href":"https:\/\/www.pakamera.pl\/magazyn\/wp-json\/wp\/v2\/types\/post"}],"author":[{"embeddable":true,"href":"https:\/\/www.pakamera.pl\/magazyn\/wp-json\/wp\/v2\/users\/16"}],"replies":[{"embeddable":true,"href":"https:\/\/www.pakamera.pl\/magazyn\/wp-json\/wp\/v2\/comments?post=9785"}],"version-history":[{"count":1,"href":"https:\/\/www.pakamera.pl\/magazyn\/wp-json\/wp\/v2\/posts\/9785\/revisions"}],"predecessor-version":[{"id":9788,"href":"https:\/\/www.pakamera.pl\/magazyn\/wp-json\/wp\/v2\/posts\/9785\/revisions\/9788"}],"wp:featuredmedia":[{"embeddable":true,"href":"https:\/\/www.pakamera.pl\/magazyn\/wp-json\/wp\/v2\/media\/9787"}],"wp:attachment":[{"href":"https:\/\/www.pakamera.pl\/magazyn\/wp-json\/wp\/v2\/media?parent=9785"}],"wp:term":[{"taxonomy":"category","embeddable":true,"href":"https:\/\/www.pakamera.pl\/magazyn\/wp-json\/wp\/v2\/categories?post=9785"},{"taxonomy":"post_tag","embeddable":true,"href":"https:\/\/www.pakamera.pl\/magazyn\/wp-json\/wp\/v2\/tags?post=9785"}],"curies":[{"name":"wp","href":"https:\/\/api.w.org\/{rel}","templated":true}]}}