{"id":9757,"date":"2024-01-15T12:30:28","date_gmt":"2024-01-15T11:30:28","guid":{"rendered":"https:\/\/www.pakamera.pl\/magazyn\/?p=9757"},"modified":"2024-01-15T12:30:28","modified_gmt":"2024-01-15T11:30:28","slug":"jaki-sweter-na-zime-nas-ogrzeje","status":"publish","type":"post","link":"https:\/\/www.pakamera.pl\/magazyn\/jaki-sweter-na-zime-nas-ogrzeje\/","title":{"rendered":"Jaki sweter na zim\u0119 nas ogrzeje?"},"content":{"rendered":"<p><strong>Z pewno\u015bci\u0105 nie raz spotka\u0142a\u015b si\u0119 z tym, \u017ce z pozoru &#8222;ciep\u0142y sweter&#8221; wcale nie ogrzewa\u0142, a ten, kt\u00f3ry wydawa\u0142 si\u0119 cieniutki, okaza\u0142 si\u0119 najlepszym wyborem na ch\u0142odniejsze dni. Dlaczego tak si\u0119 dzieje? Co powoduje, \u017ce jeden sweter jest cieplejszy od drugiego? Zobacz z nami jaki sweter na zim\u0119 ogrzeje si\u0119 najlepiej!<br \/>\n<\/strong><\/p>\n<p><!--more--><\/p>\n<figure id=\"attachment_9758\" aria-describedby=\"caption-attachment-9758\" style=\"width: 1600px\" class=\"wp-caption alignnone\"><img loading=\"lazy\" decoding=\"async\" class=\"wp-image-9758 size-full\" src=\"https:\/\/imgmag.pakamera.net\/2024\/01\/jaki-sweter-na-zime-nas-ogrzeje-120746481764.jpg\" alt=\"Jaki sweter na zim\u0119 nas ogrzeje?\" width=\"1600\" height=\"840\" \/><figcaption id=\"caption-attachment-9758\" class=\"wp-caption-text\">Sweter Lovisa Kremowy \/ FinkeWear \/ www.pakamera.pl<\/figcaption><\/figure>\n<p>Decyduj\u0105c si\u0119 na zakup zimowego swetra, warto <strong>zwr\u00f3ci\u0107 uwag\u0119 na materia\u0142 oraz kr\u00f3j wybranego produktu<\/strong>. Grube i pozornie ciep\u0142e swetry, znajduj\u0105ce si\u0119 w popularnych sieci\u00f3wkach mog\u0105 nie sprosta\u0107 Twoim oczekiwaniom. Zatem <a href=\"https:\/\/www.pakamera.pl\/magazyn\/welniany-sweter-damski-gotowy-na-zime\/\" target=\"_blank\" rel=\"noopener\">jaki modny we\u0142niany sweter wybra\u0107 na zim\u0119<\/a>? Ch\u0119tnie podpowiemy!<\/p>\n<h2>Jak wystylizowa\u0107 sweter do zimowych outfit\u00f3w?<\/h2>\n<p>Kiedy za oknem coraz ch\u0142odniej, zaczynamy rozgl\u0105da\u0107 si\u0119 w poszukiwaniu cieplejszych ubra\u0144. W k\u0105t odchodz\u0105 zwiewne koszule i cienkie bluzki, a ich miejsce, zast\u0119puje odzie\u017c wykonana z ciep\u0142ych, puchatych tkanin.<\/p>\n<p><strong>Ciep\u0142e okrycie wierzchnie to must have podczas najch\u0142odniejszych dni<\/strong>. Jednak r\u00f3wnie wa\u017cne s\u0105 <a href=\"https:\/\/www.pakamera.pl\/welniany-sweter-0-t57485.htm\" target=\"_blank\" rel=\"noopener\">we\u0142niane swetry<\/a>, poniewa\u017c to w\u0142a\u015bnie w nich chodzimy najcz\u0119\u015bciej i to one w du\u017cej mierze odpowiadaj\u0105 za odpowiedni\u0105 temperatur\u0119 naszego cia\u0142a.<\/p>\n<div id=\"pakawidget1000\" class=\"pakawidget\"><\/div>\n<p><script async defer src=\"https:\/\/www.pakamera.pl\/widget\/widget2.min.js?id=1000&#038;type=20240115121011&#038;wwidth=1000\"><\/script><\/p>\n<p>Nie wiesz, jaki sweter wybra\u0107 aby stworzy\u0107 <a href=\"https:\/\/www.pakamera.pl\/magazyn\/zimowe-stylizacje-damskie-2024-na-dzien-i-na-wieczor\/\" target=\"_blank\" rel=\"noopener\">damsk\u0105 zimow\u0105 stylizacj\u0119<\/a>? Dzi\u0119ki naszym wskaz\u00f3wkom ka\u017cda z nich b\u0119dzie wygodna, stylowa i modna. Oto kilka pomys\u0142\u00f3w, kt\u00f3re pomog\u0105 Ci stworzy\u0107 idealny outfit na zim\u0119:<\/p>\n<ul>\n<li><strong>moda uliczna<\/strong> \u2014 <strong>za\u0142\u00f3\u017c oversize sweter z kapturem i dopasowane jeansy<\/strong>. Uzupe\u0142nij look czapk\u0105 z daszkiem i sportowymi butami. Zamiast torebki mo\u017cesz wybra\u0107 du\u017cy plecak.<\/li>\n<li><strong>elegancja<\/strong> \u2014 klasyczny, <strong>dopasowany sweter na\u0142\u00f3\u017c pod marynark\u0119<\/strong>. Ca\u0142o\u015b\u0107 dope\u0142nij eleganckimi spodniami typu culotte i klasycznymi butami oxfordami. \u015awietnym <strong>uzupe\u0142nieniem b\u0119dzie bi\u017cuteria lub stylowy zegarek<\/strong>.<\/li>\n<li><strong>casual<\/strong> \u2014 gruby sweterek oversize w szarym, bia\u0142ym lub czarnym kolorze za\u0142\u00f3\u017c <strong>do jeans\u00f3w oraz but\u00f3w z grub\u0105 podeszw\u0105<\/strong>. Ca\u0142o\u015b\u0107 <strong>dope\u0142nij grub\u0105 czapk\u0105<\/strong>, kt\u00f3ra ochroni Ci\u0119 przed zimnem w ch\u0142odne dni.<\/li>\n<li><strong>romantycznie<\/strong> \u2014 je\u015bli chcesz stworzy\u0107 romantyczny look, <strong>za\u0142\u00f3\u017c sweterek z koronkowymi wstawkami lub falbankami i d\u0142ug\u0105 sp\u00f3dniczk\u0119<\/strong>. Do ca\u0142o\u015bci \u015bwietnie pasowa\u0107 b\u0119d\u0105 <strong>botki na wysokim obcasie<\/strong> oraz delikatne dodatki jak ma\u0142a torebka, czy kolczyki.<\/li>\n<\/ul>\n<h2>Jaki sweter wybra\u0107 do d\u0142ugiego p\u0142aszcza?<\/h2>\n<p>D\u0142ugi p\u0142aszcz to najcz\u0119\u015bciej i najch\u0119tniej wybierane okrycie wierzchnie w sezonie jesienno zimowym. Jednak \u017ceby p\u0142aszcz prezentowa\u0142 si\u0119 dobrze, ca\u0142a stylizacja musi by\u0107 odpowiednio dobrana. Chcesz dowiedzie\u0107 si\u0119 jaki sweter wybra\u0107 do d\u0142ugiego p\u0142aszcza? Ch\u0119tnie podpowiemy Ci, jak skompletowa\u0107 zimow\u0105 stylizacj\u0119!<\/p>\n<p>Wyb\u00f3r sweterka do d\u0142ugiego p\u0142aszcza zale\u017cy od Twojego stylu. Mo\u017cesz podstawi\u0107 na <strong>lu\u017any model oversize o grubym splocie. To \u015bwietne rozwi\u0105zanie na co dzie\u0144<\/strong>. Je\u015bli jednak zale\u017cy Ci na <strong>eleganckiej stylizacji, postaw na sweter o dopasowanym splocie lub kr\u00f3j z golfem<\/strong>, kt\u00f3ry pi\u0119knie podkre\u015bli lini\u0119 szyi.<\/p>\n<figure id=\"attachment_9759\" aria-describedby=\"caption-attachment-9759\" style=\"width: 1600px\" class=\"wp-caption alignnone\"><img loading=\"lazy\" decoding=\"async\" class=\"wp-image-9759 size-full\" src=\"https:\/\/imgmag.pakamera.net\/2024\/01\/jaki-sweter-na-zime-nas-ogrzeje-121300371709.jpg\" alt=\"we\u0142niany sweter kt\u00f3ry ogrzeje ci\u0119 zim\u0105\" width=\"1600\" height=\"840\" \/><figcaption id=\"caption-attachment-9759\" class=\"wp-caption-text\">Sweter Basic Alpaca \/ Cotton Lake \/ www.pakamera.pl<\/figcaption><\/figure>\n<p><strong>Sweter z dekoltem w \u0142\u00f3dk\u0119 r\u00f3wnie\u017c b\u0119dzie doskona\u0142ym wyborem. Taki fason rewelacyjnie podkre\u015bli lini\u0119 ramion<\/strong>, a tak\u017ce \u015bwietnie wsp\u00f3\u0142gra z d\u0142ugim p\u0142aszczem, nadaj\u0105c ca\u0142o\u015bci elegancji i kobieco\u015bci.<\/p>\n<h2>Jaki damski sweter na zim\u0119 wybra\u0107, aby poczu\u0107 si\u0119 modnie?<\/h2>\n<p>Moda na sweterki damskie zmienia si\u0119 co sezon. Jednak jest kilka ponadczasowych modeli, kt\u00f3re zawsze wygl\u0105daj\u0105 \u015bwietnie i s\u0105 ch\u0119tnie wybierane przez kobiety. Poni\u017cej przedstawiamy kilka propozycji, kt\u00f3re pozwol\u0105 Ci poczu\u0107 si\u0119 modnie podczas ch\u0142odniejszych dni.<\/p>\n<p>Jednym z najpopularniejszych trend\u00f3w jest <strong>noszenie obszernych, lu\u017anych swetr\u00f3w oversize<\/strong>. \u015awietnie sprawdzi si\u0119 <strong>mi\u0119kki gruby pleciony sweterek<\/strong>, kt\u00f3ry zapewni ciep\u0142o i wygod\u0119. Zim\u0105 warto r\u00f3wnie\u017c stawia\u0107 na kolory. Takie ubranie dodaje energii i o\u017cywia ka\u017cd\u0105 stylizacj\u0119. Postaw na<strong> fason z ciekawym wzorem geometrycznym lub zwierz\u0119cym printem<\/strong>.<\/p>\n<p>Dobrym wyborem mo\u017ce okaza\u0107 si\u0119 tak\u017ce <a href=\"https:\/\/www.pakamera.pl\/kardigany-0-3107.htm\" target=\"_blank\" rel=\"noopener\">kardigan<\/a>. To bardzo praktyczny element garderoby. Mo\u017cesz wybra\u0107<strong> klasyczn\u0105 wersj\u0119, w jednolitym kolorze lub postawi\u0107 na kardigan z grubszego materia\u0142u<\/strong>, z ozdobnymi guzikami.<\/p>\n<div id=\"pakawidget1001\" class=\"pakawidget\"><\/div>\n<p><script async defer src=\"https:\/\/www.pakamera.pl\/widget\/widget2.min.js?id=1001&#038;type=20240115122115&#038;wwidth=1000\"><\/script><\/p>\n<p><strong>Golf<\/strong> r\u00f3wnie\u017c rewelacyjnie sprawdzi si\u0119 w okresie zimowych. To <strong>najlepszy wyb\u00f3r na ch\u0142odniejsze dni<\/strong>! Mo\u017cesz zdecydowa\u0107 si\u0119 na czarny lub szary kolor b\u0105d\u017a podstawi\u0107 na co\u015b bardziej odwa\u017cnego.<br \/>\nPami\u0119taj, \u017ce najwa\u017cniejszy jest nie sam fason, a materia\u0142, z kt\u00f3rego wykonano dany produkt. Wa\u017cne, aby wybrane ubranie by\u0142o komfortowe dla Twojej sk\u00f3ry.<\/p>\n<h2>Gdzie kupi\u0107 dodatki na sezon jesie\u0144 zima?<\/h2>\n<p>Dodatki na sezon jesie\u0144-zima mo\u017cesz znale\u017a\u0107 w wielu sklepach stacjonarnych i internetowych. Mo\u017cesz odwiedzi\u0107 najpopularniejsze sieci\u00f3wki, kt\u00f3re oferuj\u0105 szerok\u0105 gam\u0119 ubra\u0144 i dodatk\u00f3w na ka\u017cdy sezon. Jednak jako\u015b\u0107 tych produkt\u00f3w pozostawia wiele do \u017cyczenia. Wi\u0119kszo\u015b\u0107 rzeczy nie pos\u0142u\u017cy Ci d\u0142u\u017cej ni\u017c jeden sezon.<\/p>\n<p>Je\u015bli szukasz o<strong>ryginalnych i przede wszystkim wysokiej jako\u015bci produkt\u00f3w, to najlepiej sprawdz\u0105 si\u0119 dodatki tworzone r\u0119cznie. Takie rzeczy znajdziesz w sklepie pakamera.pl<\/strong>. To w\u0142a\u015bnie tam polscy projektanci prezentuj\u0105 swoje najnowsze kolekcje. Ka\u017cda rzecz jest unikatowa i jedyna w swoim rodzaju. Wybieraj\u0105c r\u0119kodzie\u0142o, nie tylko wspierasz mniejszych, polskich tw\u00f3rc\u00f3w, ale tak\u017ce stawiasz na <strong>najlepsz\u0105 jako\u015b\u0107 i oryginalny styl<\/strong>.<\/p>\n<h2>Czy sk\u0142ad ma znaczenie?<\/h2>\n<p>Sk\u0142ad ubra\u0144 ma ogromne znaczenie, zw\u0142aszcza gdy jest to odzie\u0144 zimowa. <strong>Sk\u0142ad determinuje w\u0142a\u015bciwo\u015bci ubrania i wp\u0142ywa na wygod\u0119 noszenia<\/strong>. Wybieraj\u0105c swetry, wykonane <strong>z naturalnych w\u0142\u00f3kien jak we\u0142na, kaszmir, czy bawe\u0142na<\/strong>, s\u0105 z regu\u0142y mi\u0119kkie, ciep\u0142e i oddychaj\u0105ce, w przeciwie\u0144stwie do tkanin syntetycznych.<\/p>\n<p><strong>Najgorszym wyborem s\u0105 ubrania z poliestru<\/strong>. Ta tkanina zatrzymuje wilgo\u0107 na sk\u00f3rze, co mo\u017ce prowadzi\u0107 do niekomfortowego uczucia spoconej sk\u00f3ry. Jednocze\u015bnie materia\u0142 nie ogrzewa cia\u0142a.<\/p>\n<p><strong>Naturalne w\u0142\u00f3kna maj\u0105 tendencj\u0119 do du\u017co lepszego regulowania temperatury cia\u0142a i absorbowania wilgoci<\/strong>, co zapobiega poceniu. Dobrym wyborem mog\u0105 by\u0107 r\u00f3wnie\u017c ubrania z domieszk\u0105 w\u0142\u00f3kien syntetycznych. Takie sweterki b\u0119d\u0105 elastyczne, trwa\u0142e, a tak\u017ce bardziej odporne na odkszta\u0142cenia, czy te\u017c zmechacenia.<\/p>\n<p>Wybieraj\u0105c ubrania na zim\u0119, warto <strong>zwr\u00f3ci\u0107 uwag\u0119 na sk\u0142ad<\/strong>. Materia\u0142 powinien by\u0107 dostosowany do Twoich preferencji i zapotrzebowania. Je\u015bli szukasz ubra\u0144, kt\u00f3re ogrzej\u0105 Ci\u0119 w nawet najch\u0142odniejsze dni, <strong>koniecznie wybierz swetry z we\u0142ny<\/strong>. Z kolei, gdy szukasz ubra\u0144 l\u017cejszych, wygodnych, ale wci\u0105\u017c ciep\u0142ych, to lepszym wyborem b\u0119dzie bawe\u0142na lub mi\u0119kka we\u0142na merino.<\/p>\n<p>Mamy nadziej\u0119, \u017ce nasze wskaz\u00f3wki pomog\u0105 ci w wyborze tego idealnego swetra na zim\u0119 a on sam pos\u0142u\u017cy ci wiele sezon\u00f3w.<\/p>\n","protected":false},"excerpt":{"rendered":"<p>Z pewno\u015bci\u0105 nie raz spotka\u0142a\u015b si\u0119 z tym, \u017ce z pozoru &#8222;ciep\u0142y sweter&#8221; wcale nie ogrzewa\u0142, a ten, kt\u00f3ry wydawa\u0142 si\u0119 cieniutki, okaza\u0142 si\u0119 najlepszym wyborem na ch\u0142odniejsze dni. Dlaczego<span class=\"more-dots\">&#8230;<\/span><\/p>\n","protected":false},"author":16,"featured_media":9758,"comment_status":"closed","ping_status":"closed","sticky":false,"template":"","format":"standard","meta":{"footnotes":""},"categories":[3],"tags":[2334,1412,2313,1521],"class_list":["post-9757","post","type-post","status-publish","format-standard","has-post-thumbnail","hentry","category-moda","tag-cieple-swetry-na-zime","tag-oversizowy-sweter","tag-swetry-recznie-robione","tag-zimowa-stylizacja"],"yoast_head":"<!-- This site is optimized with the Yoast SEO plugin v21.6 - https:\/\/yoast.com\/wordpress\/plugins\/seo\/ -->\n<title>Jaki sweter na zim\u0119 nas ogrzeje? - Magazyn Pakamera.pl<\/title>\n<meta name=\"description\" content=\"Zastanawiasz si\u0119 jaki sweter na zim\u0119 ci\u0119 ogrzeje? Zobacz nasze podpowiedzi odno\u015bnie kroju, sk\u0142adu a tak\u017ce stylizacji.\" \/>\n<meta name=\"robots\" content=\"index, follow\" \/>\n<link rel=\"canonical\" href=\"https:\/\/www.pakamera.pl\/magazyn\/jaki-sweter-na-zime-nas-ogrzeje\/\" \/>\n<meta property=\"og:locale\" content=\"pl_PL\" \/>\n<meta property=\"og:type\" content=\"article\" \/>\n<meta property=\"og:title\" content=\"Jaki sweter na zim\u0119 nas ogrzeje? - Magazyn Pakamera.pl\" \/>\n<meta property=\"og:description\" content=\"Zastanawiasz si\u0119 jaki sweter na zim\u0119 ci\u0119 ogrzeje? Zobacz nasze podpowiedzi odno\u015bnie kroju, sk\u0142adu a tak\u017ce stylizacji.\" \/>\n<meta property=\"og:url\" content=\"https:\/\/www.pakamera.pl\/magazyn\/jaki-sweter-na-zime-nas-ogrzeje\/\" \/>\n<meta property=\"og:site_name\" content=\"Magazyn Pakamera.pl\" \/>\n<meta property=\"article:publisher\" content=\"https:\/\/facebook.com\/pakamerapl\" \/>\n<meta property=\"article:published_time\" content=\"2024-01-15T11:30:28+00:00\" \/>\n<meta property=\"og:image\" content=\"https:\/\/imgmag.pakamera.net\/2024\/01\/jaki-sweter-na-zime-nas-ogrzeje-120746481764.jpg\" \/>\n\t<meta property=\"og:image:width\" content=\"1600\" \/>\n\t<meta property=\"og:image:height\" content=\"840\" \/>\n\t<meta property=\"og:image:type\" content=\"image\/jpeg\" \/>\n<meta name=\"author\" content=\"Magda Strzelecka\" \/>\n<meta name=\"twitter:card\" content=\"summary_large_image\" \/>\n<meta name=\"twitter:label1\" content=\"Napisane przez\" \/>\n\t<meta name=\"twitter:data1\" content=\"Magda Strzelecka\" \/>\n\t<meta name=\"twitter:label2\" content=\"Szacowany czas czytania\" \/>\n\t<meta name=\"twitter:data2\" content=\"6 minut\" \/>\n<script type=\"application\/ld+json\" class=\"yoast-schema-graph\">{\"@context\":\"https:\/\/schema.org\",\"@graph\":[{\"@type\":\"Article\",\"@id\":\"https:\/\/www.pakamera.pl\/magazyn\/jaki-sweter-na-zime-nas-ogrzeje\/#article\",\"isPartOf\":{\"@id\":\"https:\/\/www.pakamera.pl\/magazyn\/jaki-sweter-na-zime-nas-ogrzeje\/\"},\"author\":{\"name\":\"Magda Strzelecka\",\"@id\":\"https:\/\/www.pakamera.pl\/magazyn\/#\/schema\/person\/375940ab821c5af50e1e31f1ec5282b5\"},\"headline\":\"Jaki sweter na zim\u0119 nas ogrzeje?\",\"datePublished\":\"2024-01-15T11:30:28+00:00\",\"dateModified\":\"2024-01-15T11:30:28+00:00\",\"mainEntityOfPage\":{\"@id\":\"https:\/\/www.pakamera.pl\/magazyn\/jaki-sweter-na-zime-nas-ogrzeje\/\"},\"wordCount\":1124,\"publisher\":{\"@id\":\"https:\/\/www.pakamera.pl\/magazyn\/#organization\"},\"keywords\":[\"ciep\u0142e swetry na zim\u0119\",\"oversizowy sweter\",\"swetry r\u0119cznie robione\",\"zimowa stylizacja\"],\"articleSection\":[\"Moda\"],\"inLanguage\":\"pl-PL\"},{\"@type\":\"WebPage\",\"@id\":\"https:\/\/www.pakamera.pl\/magazyn\/jaki-sweter-na-zime-nas-ogrzeje\/\",\"url\":\"https:\/\/www.pakamera.pl\/magazyn\/jaki-sweter-na-zime-nas-ogrzeje\/\",\"name\":\"Jaki sweter na zim\u0119 nas ogrzeje? - Magazyn Pakamera.pl\",\"isPartOf\":{\"@id\":\"https:\/\/www.pakamera.pl\/magazyn\/#website\"},\"datePublished\":\"2024-01-15T11:30:28+00:00\",\"dateModified\":\"2024-01-15T11:30:28+00:00\",\"description\":\"Zastanawiasz si\u0119 jaki sweter na zim\u0119 ci\u0119 ogrzeje? Zobacz nasze podpowiedzi odno\u015bnie kroju, sk\u0142adu a tak\u017ce stylizacji.\",\"breadcrumb\":{\"@id\":\"https:\/\/www.pakamera.pl\/magazyn\/jaki-sweter-na-zime-nas-ogrzeje\/#breadcrumb\"},\"inLanguage\":\"pl-PL\",\"potentialAction\":[{\"@type\":\"ReadAction\",\"target\":[\"https:\/\/www.pakamera.pl\/magazyn\/jaki-sweter-na-zime-nas-ogrzeje\/\"]}]},{\"@type\":\"BreadcrumbList\",\"@id\":\"https:\/\/www.pakamera.pl\/magazyn\/jaki-sweter-na-zime-nas-ogrzeje\/#breadcrumb\",\"itemListElement\":[{\"@type\":\"ListItem\",\"position\":1,\"name\":\"Magazyn\",\"item\":\"https:\/\/www.pakamera.pl\/magazyn\/\"},{\"@type\":\"ListItem\",\"position\":2,\"name\":\"Moda\",\"item\":\"https:\/\/www.pakamera.pl\/magazyn\/category\/moda\/\"},{\"@type\":\"ListItem\",\"position\":3,\"name\":\"Jaki sweter na zim\u0119 nas ogrzeje?\"}]},{\"@type\":\"WebSite\",\"@id\":\"https:\/\/www.pakamera.pl\/magazyn\/#website\",\"url\":\"https:\/\/www.pakamera.pl\/magazyn\/\",\"name\":\"Magazyn Pakamera.pl\",\"description\":\"Sprawd\u017a najgor\u0119tsze tematy sezonu!\",\"publisher\":{\"@id\":\"https:\/\/www.pakamera.pl\/magazyn\/#organization\"},\"potentialAction\":[{\"@type\":\"SearchAction\",\"target\":{\"@type\":\"EntryPoint\",\"urlTemplate\":\"https:\/\/www.pakamera.pl\/magazyn\/?s={search_term_string}\"},\"query-input\":\"required name=search_term_string\"}],\"inLanguage\":\"pl-PL\"},{\"@type\":\"Organization\",\"@id\":\"https:\/\/www.pakamera.pl\/magazyn\/#organization\",\"name\":\"Pakamera.pl\",\"url\":\"https:\/\/www.pakamera.pl\/magazyn\/\",\"logo\":{\"@type\":\"ImageObject\",\"inLanguage\":\"pl-PL\",\"@id\":\"https:\/\/www.pakamera.pl\/magazyn\/#\/schema\/logo\/image\/\",\"url\":\"https:\/\/imgmag.pakamera.net\/2023\/11\/153455466619.png\",\"contentUrl\":\"https:\/\/imgmag.pakamera.net\/2023\/11\/153455466619.png\",\"width\":690,\"height\":140,\"caption\":\"Pakamera.pl\"},\"image\":{\"@id\":\"https:\/\/www.pakamera.pl\/magazyn\/#\/schema\/logo\/image\/\"},\"sameAs\":[\"https:\/\/facebook.com\/pakamerapl\",\"https:\/\/www.instagram.com\/pakamera\/\"]},{\"@type\":\"Person\",\"@id\":\"https:\/\/www.pakamera.pl\/magazyn\/#\/schema\/person\/375940ab821c5af50e1e31f1ec5282b5\",\"name\":\"Magda Strzelecka\",\"description\":\"Magda to nasza stylistka, kt\u00f3ra od ponad 10 lat \u015bci\u015ble zwi\u0105zana jest z mod\u0105. Uwielbia \u015bledzi\u0107 \u015bwiatowe trendy i przek\u0142ada\u0107 je na rynek polski. Kocha dobre sk\u0142ady ubra\u0144, wyj\u0105tkow\u0105 bi\u017cuteri\u0119 i dodatki kt\u00f3re o\u017cywi\u0105 ka\u017cd\u0105 stylizacj\u0119.\"}]}<\/script>\n<!-- \/ Yoast SEO plugin. -->","yoast_head_json":{"title":"Jaki sweter na zim\u0119 nas ogrzeje? - Magazyn Pakamera.pl","description":"Zastanawiasz si\u0119 jaki sweter na zim\u0119 ci\u0119 ogrzeje? Zobacz nasze podpowiedzi odno\u015bnie kroju, sk\u0142adu a tak\u017ce stylizacji.","robots":{"index":"index","follow":"follow"},"canonical":"https:\/\/www.pakamera.pl\/magazyn\/jaki-sweter-na-zime-nas-ogrzeje\/","og_locale":"pl_PL","og_type":"article","og_title":"Jaki sweter na zim\u0119 nas ogrzeje? - Magazyn Pakamera.pl","og_description":"Zastanawiasz si\u0119 jaki sweter na zim\u0119 ci\u0119 ogrzeje? Zobacz nasze podpowiedzi odno\u015bnie kroju, sk\u0142adu a tak\u017ce stylizacji.","og_url":"https:\/\/www.pakamera.pl\/magazyn\/jaki-sweter-na-zime-nas-ogrzeje\/","og_site_name":"Magazyn Pakamera.pl","article_publisher":"https:\/\/facebook.com\/pakamerapl","article_published_time":"2024-01-15T11:30:28+00:00","og_image":[{"width":1600,"height":840,"url":"https:\/\/imgmag.pakamera.net\/2024\/01\/jaki-sweter-na-zime-nas-ogrzeje-120746481764.jpg","type":"image\/jpeg"}],"author":"Magda Strzelecka","twitter_card":"summary_large_image","twitter_misc":{"Napisane przez":"Magda Strzelecka","Szacowany czas czytania":"6 minut"},"schema":{"@context":"https:\/\/schema.org","@graph":[{"@type":"Article","@id":"https:\/\/www.pakamera.pl\/magazyn\/jaki-sweter-na-zime-nas-ogrzeje\/#article","isPartOf":{"@id":"https:\/\/www.pakamera.pl\/magazyn\/jaki-sweter-na-zime-nas-ogrzeje\/"},"author":{"name":"Magda Strzelecka","@id":"https:\/\/www.pakamera.pl\/magazyn\/#\/schema\/person\/375940ab821c5af50e1e31f1ec5282b5"},"headline":"Jaki sweter na zim\u0119 nas ogrzeje?","datePublished":"2024-01-15T11:30:28+00:00","dateModified":"2024-01-15T11:30:28+00:00","mainEntityOfPage":{"@id":"https:\/\/www.pakamera.pl\/magazyn\/jaki-sweter-na-zime-nas-ogrzeje\/"},"wordCount":1124,"publisher":{"@id":"https:\/\/www.pakamera.pl\/magazyn\/#organization"},"keywords":["ciep\u0142e swetry na zim\u0119","oversizowy sweter","swetry r\u0119cznie robione","zimowa stylizacja"],"articleSection":["Moda"],"inLanguage":"pl-PL"},{"@type":"WebPage","@id":"https:\/\/www.pakamera.pl\/magazyn\/jaki-sweter-na-zime-nas-ogrzeje\/","url":"https:\/\/www.pakamera.pl\/magazyn\/jaki-sweter-na-zime-nas-ogrzeje\/","name":"Jaki sweter na zim\u0119 nas ogrzeje? - Magazyn Pakamera.pl","isPartOf":{"@id":"https:\/\/www.pakamera.pl\/magazyn\/#website"},"datePublished":"2024-01-15T11:30:28+00:00","dateModified":"2024-01-15T11:30:28+00:00","description":"Zastanawiasz si\u0119 jaki sweter na zim\u0119 ci\u0119 ogrzeje? Zobacz nasze podpowiedzi odno\u015bnie kroju, sk\u0142adu a tak\u017ce stylizacji.","breadcrumb":{"@id":"https:\/\/www.pakamera.pl\/magazyn\/jaki-sweter-na-zime-nas-ogrzeje\/#breadcrumb"},"inLanguage":"pl-PL","potentialAction":[{"@type":"ReadAction","target":["https:\/\/www.pakamera.pl\/magazyn\/jaki-sweter-na-zime-nas-ogrzeje\/"]}]},{"@type":"BreadcrumbList","@id":"https:\/\/www.pakamera.pl\/magazyn\/jaki-sweter-na-zime-nas-ogrzeje\/#breadcrumb","itemListElement":[{"@type":"ListItem","position":1,"name":"Magazyn","item":"https:\/\/www.pakamera.pl\/magazyn\/"},{"@type":"ListItem","position":2,"name":"Moda","item":"https:\/\/www.pakamera.pl\/magazyn\/category\/moda\/"},{"@type":"ListItem","position":3,"name":"Jaki sweter na zim\u0119 nas ogrzeje?"}]},{"@type":"WebSite","@id":"https:\/\/www.pakamera.pl\/magazyn\/#website","url":"https:\/\/www.pakamera.pl\/magazyn\/","name":"Magazyn Pakamera.pl","description":"Sprawd\u017a najgor\u0119tsze tematy sezonu!","publisher":{"@id":"https:\/\/www.pakamera.pl\/magazyn\/#organization"},"potentialAction":[{"@type":"SearchAction","target":{"@type":"EntryPoint","urlTemplate":"https:\/\/www.pakamera.pl\/magazyn\/?s={search_term_string}"},"query-input":"required name=search_term_string"}],"inLanguage":"pl-PL"},{"@type":"Organization","@id":"https:\/\/www.pakamera.pl\/magazyn\/#organization","name":"Pakamera.pl","url":"https:\/\/www.pakamera.pl\/magazyn\/","logo":{"@type":"ImageObject","inLanguage":"pl-PL","@id":"https:\/\/www.pakamera.pl\/magazyn\/#\/schema\/logo\/image\/","url":"https:\/\/imgmag.pakamera.net\/2023\/11\/153455466619.png","contentUrl":"https:\/\/imgmag.pakamera.net\/2023\/11\/153455466619.png","width":690,"height":140,"caption":"Pakamera.pl"},"image":{"@id":"https:\/\/www.pakamera.pl\/magazyn\/#\/schema\/logo\/image\/"},"sameAs":["https:\/\/facebook.com\/pakamerapl","https:\/\/www.instagram.com\/pakamera\/"]},{"@type":"Person","@id":"https:\/\/www.pakamera.pl\/magazyn\/#\/schema\/person\/375940ab821c5af50e1e31f1ec5282b5","name":"Magda Strzelecka","description":"Magda to nasza stylistka, kt\u00f3ra od ponad 10 lat \u015bci\u015ble zwi\u0105zana jest z mod\u0105. Uwielbia \u015bledzi\u0107 \u015bwiatowe trendy i przek\u0142ada\u0107 je na rynek polski. Kocha dobre sk\u0142ady ubra\u0144, wyj\u0105tkow\u0105 bi\u017cuteri\u0119 i dodatki kt\u00f3re o\u017cywi\u0105 ka\u017cd\u0105 stylizacj\u0119."}]}},"_links":{"self":[{"href":"https:\/\/www.pakamera.pl\/magazyn\/wp-json\/wp\/v2\/posts\/9757","targetHints":{"allow":["GET"]}}],"collection":[{"href":"https:\/\/www.pakamera.pl\/magazyn\/wp-json\/wp\/v2\/posts"}],"about":[{"href":"https:\/\/www.pakamera.pl\/magazyn\/wp-json\/wp\/v2\/types\/post"}],"author":[{"embeddable":true,"href":"https:\/\/www.pakamera.pl\/magazyn\/wp-json\/wp\/v2\/users\/16"}],"replies":[{"embeddable":true,"href":"https:\/\/www.pakamera.pl\/magazyn\/wp-json\/wp\/v2\/comments?post=9757"}],"version-history":[{"count":1,"href":"https:\/\/www.pakamera.pl\/magazyn\/wp-json\/wp\/v2\/posts\/9757\/revisions"}],"predecessor-version":[{"id":9760,"href":"https:\/\/www.pakamera.pl\/magazyn\/wp-json\/wp\/v2\/posts\/9757\/revisions\/9760"}],"wp:featuredmedia":[{"embeddable":true,"href":"https:\/\/www.pakamera.pl\/magazyn\/wp-json\/wp\/v2\/media\/9758"}],"wp:attachment":[{"href":"https:\/\/www.pakamera.pl\/magazyn\/wp-json\/wp\/v2\/media?parent=9757"}],"wp:term":[{"taxonomy":"category","embeddable":true,"href":"https:\/\/www.pakamera.pl\/magazyn\/wp-json\/wp\/v2\/categories?post=9757"},{"taxonomy":"post_tag","embeddable":true,"href":"https:\/\/www.pakamera.pl\/magazyn\/wp-json\/wp\/v2\/tags?post=9757"}],"curies":[{"name":"wp","href":"https:\/\/api.w.org\/{rel}","templated":true}]}}