{"id":9745,"date":"2024-01-12T13:43:52","date_gmt":"2024-01-12T12:43:52","guid":{"rendered":"https:\/\/www.pakamera.pl\/magazyn\/?p=9745"},"modified":"2025-04-03T14:13:21","modified_gmt":"2025-04-03T12:13:21","slug":"zimowe-stylizacje-damskie-2024-na-dzien-i-na-wieczor","status":"publish","type":"post","link":"https:\/\/www.pakamera.pl\/magazyn\/zimowe-stylizacje-damskie-2024-na-dzien-i-na-wieczor\/","title":{"rendered":"Zimowe stylizacje damskie 2026 \u2014 na dzie\u0144 i na wiecz\u00f3r"},"content":{"rendered":"<p><strong>Zimowe stylizacje damskie na ten sezon zaskakuj\u0105 r\u00f3\u017cnorodno\u015bci\u0105, ale i wygod\u0105. Ka\u017cdej z nas zale\u017cy na tym, aby poza modnym wygl\u0105dem, stylizacje na zim\u0119 2026 cechowa\u0142y w\u0142a\u015bciwo\u015bci, takie jak funkcjonalno\u015b\u0107, trwa\u0142o\u015b\u0107, swoboda, a ponadto kobieco\u015b\u0107 i dobry gust. Zastanawiasz si\u0119, jak pozosta\u0107 stylow\u0105 w zimie? W takim razie trafi\u0142a\u015b idealnie! Opr\u00f3cz tego nasz poradnik podpowie Ci r\u00f3wnie\u017c, jak wybra\u0107 idealne dodatki do outfit\u00f3w na najch\u0142odniejsze miesi\u0105ce w roku.<\/strong><\/p>\n<p><!--more--><\/p>\n<figure id=\"attachment_9746\" aria-describedby=\"caption-attachment-9746\" style=\"width: 1600px\" class=\"wp-caption alignnone\"><img loading=\"lazy\" decoding=\"async\" class=\"wp-image-9746 size-full\" src=\"https:\/\/imgmag.pakamera.net\/2024\/01\/zimowe-stylizacje-damskie-2024-na-dzien-i-na-wieczor-131103097880.jpg\" alt=\"kurtka peleryna do zimowych stylizacji\" width=\"1600\" height=\"840\" \/><figcaption id=\"caption-attachment-9746\" class=\"wp-caption-text\">Kurtka \/ Peleryna Damska Perfect Plus Size Krata Czekolada \/ Ziele\u0144 \/ blue shadow \/ www.pakamera.pl<\/figcaption><\/figure>\n<h2>Trendy w zimowych stylizacjach damskich 2026<\/h2>\n<p>Stylizacje na zim\u0119 2026 prezentuj\u0105 si\u0119 naprawd\u0119 r\u00f3\u017cnorodnie, dlatego ka\u017cda mi\u0142o\u015bniczka mody odnajdzie co\u015b dopasowanego do w\u0142asnego gustu. Szaro\u015b\u0107 za oknem, \u015bnieg czy niskie temperatury nie musz\u0105 wi\u0105za\u0107 si\u0119 z noszeniem nudnych ubra\u0144, pozbawionych polotu i stylu. Damska garderoba na zim\u0119 mo\u017ce by\u0107 wype\u0142niona wieloma zachwycaj\u0105cymi pere\u0142kami, co potwierdzaj\u0105 najnowsze trendy.<\/p>\n<p>Jakie po\u0142\u0105czenia zas\u0142uguj\u0105 na specjaln\u0105 uwag\u0119? Stylizacje na zim\u0119 nie mog\u0142yby si\u0119 obej\u015b\u0107 bez <strong>ciep\u0142ych swetr\u00f3w<\/strong>. W zale\u017cno\u015bci od w\u0142asnych upodoba\u0144 i preferencji mo\u017cna postawi\u0107 na <strong>lu\u017ane modele b\u0105d\u017a opinaj\u0105ce fasony z golfem<\/strong>. Dobrze prezentuj\u0105 si\u0119 zar\u00f3wno ze spodniami, jak i sp\u00f3dniczkami, a nawet szortami, dlatego je\u015bli przepadasz za uniwersalnymi rozwi\u0105zaniami, inwestycja we wspomnian\u0105 cz\u0119\u015b\u0107 garderoby na pewno oka\u017ce si\u0119 dobr\u0105 decyzj\u0105.<\/p>\n<div id=\"pakawidget994\" class=\"pakawidget\"><\/div>\n<p><script async defer src=\"https:\/\/www.pakamera.pl\/widget\/widget2.min.js?id=994&#038;type=20240112131846&#038;wwidth=1000\"><\/script><br \/>\nNajmodniejszymi <strong>swetrami b\u0119d\u0105 te w kolorach szaro\u015bci, be\u017cu i br\u0105zu<\/strong>, jednak to niebieskie tony \u2014 <strong>od subtelnych b\u0142\u0119kit\u00f3w po wyraziste kobalty, szafiry i chabry<\/strong> \u2014 stan\u0105 si\u0119 najbardziej rozchwytywanymi barwami. Warto zwr\u00f3ci\u0107 uwag\u0119 na <strong>modele w rozmaite desenie i wzory<\/strong>, np. geometryczne kszta\u0142ty. Dzi\u0119ki nim stylizacje na zim\u0119 2026 stan\u0105 si\u0119 ciekawsze i \u017cywsze.<\/p>\n<p>Kolejn\u0105 propozycj\u0105 zimowej stylizacji damskiej jest <strong>dzianinowa sukienka<\/strong>. Nadaje si\u0119 ona jednakowo jako baza casualowego outfitu, jak i eleganckiego zestawienia. Aby stworzy\u0107 ciep\u0142y, wygodny, a do tego modny komplet, wystarczy dopasowa\u0107 w\u0142a\u015bciwe dodatki. Do zimowych stylizacji damskich doskonale pasowa\u0107 b\u0119d\u0105 <strong>grubsze rajstopy<\/strong> (mo\u017cna zdecydowa\u0107 si\u0119 na wymy\u015blne modele we wzory), <a href=\"https:\/\/www.pakamera.pl\/opaska-welniana-0-t67707.htm\" target=\"_blank\" rel=\"noopener\">opaska we\u0142niana<\/a> i <strong>ciep\u0142a kurtka<\/strong>.<\/p>\n<p>Nie zapominajmy o <a href=\"https:\/\/www.pakamera.pl\/magazyn\/uniwersalne-plaszcze-na-zime-ktore-nie-wyjda-z-mody\/\" target=\"_blank\" rel=\"noopener\">uniwersalnych p\u0142aszczach na zim\u0119, kt\u00f3re nie wyjd\u0105 z mody<\/a>. W sezonie 2026 szczeg\u00f3lnie w cenie s\u0105 <strong>futrzane egzemplarze<\/strong>, jednak r\u00f3wnie po\u017c\u0105danymi modelami pozostaj\u0105 <strong>ko\u017cuchy, klasyczne trencze, puchowe, a nawet kraciaste p\u0142aszcze<\/strong>.<\/p>\n<h2>Stylizacje na dzie\u0144 vs. stylizacje na wiecz\u00f3r \u2014 kluczowe r\u00f3\u017cnice<\/h2>\n<p>Zimowe stylizacje damskie na dzie\u0144 r\u00f3\u017cni\u0105 si\u0119 od zestawie\u0144 tworzonych na eleganckie wyj\u015bcia, na kt\u00f3re szykujemy si\u0119 wieczorow\u0105 por\u0105. W jaki spos\u00f3b zbudowa\u0107 stylowy zestaw na co dzie\u0144, a jak znale\u017a\u0107 r\u00f3\u017cnic\u0119 mi\u0119dzy wyj\u015bciowym outfitem na specjaln\u0105 okazj\u0119?<\/p>\n<p>Podczas komponowania modnego look\u2019u szalenie wa\u017cne jest <strong>dopasowanie akcesori\u00f3w do pogody i warunk\u00f3w atmosferycznych<\/strong>, a tak\u017ce charakteru wydarzenia. <strong>Na eleganckie okazje wybieraj bi\u017cuteri\u0119 i nieco bardziej krzykliwe akcenty ozdobne<\/strong>, kt\u00f3ra dope\u0142ni\u0105 szykowny outfit i przyci\u0105gn\u0105 spojrzenia innych. <strong>Masywne kolczyki, po\u0142yskuj\u0105ce bransoletki czy dodatki do w\u0142os\u00f3w<\/strong> to elementy, kt\u00f3re nierzadko mog\u0105 odmieni\u0107 ca\u0142y zestaw, jaki na pierwszy rzut oka m\u00f3g\u0142by prezentowa\u0107 si\u0119 casualowo.<\/p>\n<p>Z kolei na wypady <strong>w trakcie dnia wybieraj komfortowe ubrania, klasyczne modele torebek i wygodne, sportowe obuwie<\/strong>. Nie b\u00f3j si\u0119 <strong>stosowania warstw<\/strong>. W trakcie dnia najlepiej sprawdzi si\u0119 <strong>jasna odzie\u017c, kt\u00f3ra nada Ci lekko\u015bci i gracji<\/strong>. Pami\u0119taj o tym, \u017ce dodatki powinny uwzgl\u0119dnia\u0107 bie\u017c\u0105ce trendy, jednak r\u00f3wnie wa\u017cna jest ich funkcjonalno\u015b\u0107 i wygoda w trakcie noszenia.<\/p>\n<h2>Jak wybra\u0107 idealne dodatki do zimowych stylizacji?<\/h2>\n<p>Poszukiwania modnych dodatk\u00f3w do zimowych stylizacji damskich to niezast\u0105piony spos\u00f3b na podkre\u015blenie indywidualnego stylu i poczucia smaku, a do tego uzupe\u0142nienie outfitu o funkcjonalne akcesoria. Jak wybra\u0107 idealne dodatki do stylizacji na zim\u0119 2026? Na topie s\u0105 szczeg\u00f3lnie <strong>ciep\u0142e szale w krat\u0119<\/strong>. W po\u0142\u0105czeniu z <strong>modnym p\u0142aszczem lub kurtk\u0105 zimow\u0105 stworz\u0105 oryginalny outfit<\/strong>, idealny na mro\u017ane dni. Do szalika dopasuj <strong>ciep\u0142\u0105 czapk\u0119 o ulubionym kroju<\/strong> oraz odpowiednie <strong>r\u0119kawiczki<\/strong> i str\u00f3j idealny na mr\u00f3z gotowy!<\/p>\n<p><figure id=\"attachment_9747\" aria-describedby=\"caption-attachment-9747\" style=\"width: 1600px\" class=\"wp-caption alignnone\"><img loading=\"lazy\" decoding=\"async\" class=\"wp-image-9747 size-full\" src=\"https:\/\/imgmag.pakamera.net\/2024\/01\/zimowe-stylizacje-damskie-2024-na-dzien-i-na-wieczor-132537846728.jpg\" alt=\"szara czapka zimowa do stylizacji na 2026 rok\" width=\"1600\" height=\"840\" \/><figcaption id=\"caption-attachment-9747\" class=\"wp-caption-text\">R\u0119cznie robiona czapka z we\u0142ny peruwia\u0144skiej ciemny be\u017c \/ eddfupanda \/ www.pakamera.pl<\/figcaption><\/figure>Stylowym uzupe\u0142nieniem look\u2019u oka\u017ce si\u0119 <a href=\"https:\/\/www.pakamera.pl\/bizuteria-srebrna-0-t2024.htm\" target=\"_blank\" rel=\"noopener\">bi\u017cuteria srebrna<\/a>. Dzi\u0119ki w\u0142a\u015bciwej piel\u0119gnacji, przechowywaniu i u\u017cytkowaniu z pewno\u015bci\u0105 pos\u0142u\u017cy przez d\u0142ugie lata. <strong>Srebro pasuje do wi\u0119kszo\u015bci stylizacji i typ\u00f3w urody<\/strong>, dlatego to dobra inwestycja, kt\u00f3rej z pewno\u015bci\u0105 nie b\u0119dziesz \u017ca\u0142owa\u0107. Innym godnym rozwa\u017cenia akcesorium, kt\u00f3ry pos\u0142u\u017cy w ch\u0142odniejsze dni, s\u0105 <a href=\"https:\/\/www.pakamera.pl\/magazyn\/opaski-na-jesien-2023-to-hit-sezonu\/\" target=\"_blank\" rel=\"noopener\">opaski na jesie\u0144<\/a>, kt\u00f3re bez problemu mo\u017cesz nosi\u0107 do zimowych stylizacji.<\/p>\n<h2>Porady, jak pozosta\u0107 stylow\u0105 i ciep\u0142\u0105 w zimie<\/h2>\n<p>Istot\u0105 tworzenia modnych i funkcjonalnych stylizacji na zim\u0119 2026 jest <strong>zachowanie harmonii mi\u0119dzy u\u017cyteczno\u015bci\u0105 a designem<\/strong>. Styli\u015bci zalecaj\u0105, aby kupowa\u0107 <strong>ubrania wykonane z materia\u0142\u00f3w wysokiej jako\u015bci<\/strong>. Poza porz\u0105dnym wygl\u0105dem i lepsz\u0105 trwa\u0142o\u015bci\u0105 to tak\u017ce gwarancja odpowiedniej izolacji termicznej, kt\u00f3ra jest nieoceniona podczas mroz\u00f3w i niekorzystnej temperatury panuj\u0105cej na zewn\u0105trz.<\/p>\n<div id=\"pakawidget995\" class=\"pakawidget\"><\/div>\n<p><script async defer src=\"https:\/\/www.pakamera.pl\/widget\/widget2.min.js?id=995&#038;type=20240112133651&#038;wwidth=1000\"><\/script><br \/>\nZastanawiasz si\u0119, jak pozosta\u0107 stylow\u0105 w zimie, a dodatkowo cieszy\u0107 si\u0119 ciep\u0142em i swobod\u0105? Poni\u017cej zdradzamy kilka wskaz\u00f3wek, kt\u00f3re oka\u017c\u0105 si\u0119 przydatne w tworzeniu zimowych stylizacji damskich.<\/p>\n<ul>\n<li>Uzupe\u0142niaj\u0105c swoj\u0105 zimow\u0105 garderob\u0119, stawiaj na <strong>ubrania wykonane z wysokiej jako\u015bci materia\u0142\u00f3w, takich jak we\u0142na, kaszmir czy organiczna bawe\u0142na<\/strong>. Komfort cieplny zapewni\u0105 ponadto <strong>polar i odzie\u017c ocieplana puchem<\/strong>.<\/li>\n<li>Buduj\u0105c modn\u0105 szaf\u0119, <strong>bazuj na kolorach, b\u0119d\u0105cych w modzie<\/strong>. Zimowe stylizacje damskie w nadchodz\u0105cym sezonie b\u0119d\u0105 sk\u0142ada\u0107 si\u0119 z barw <strong>takich jak szaro\u015b\u0107, br\u0105zy, be\u017ce, niebiesko\u015bci, ale nie zabraknie miejsca na czerwie\u0144, z\u0142oto czy klasyczne po\u0142\u0105czenia, takie jak czer\u0144 i biel<\/strong>.<\/li>\n<li>Stylizacje na zim\u0119 2026 b\u0119d\u0105 obfitowa\u0142y w <strong>wygodne i ciep\u0142e dodatki<\/strong>. Zapewniamy, \u017ce noszenie <strong>grubych, wysokich skarpet i rajstop<\/strong> jest obecnie naprawd\u0119 w cenie!<\/li>\n<li>Akcesoriami, kt\u00f3re dodadz\u0105 polotu Twoim zimowym stylizacjom, s\u0105 <strong>r\u0119kawiczki, czapki i szaliki<\/strong>. Nie zapominaj r\u00f3wnie\u017c o torebkach \u2014 stylizacje na zim\u0119 2026 uwzgl\u0119dniaj\u0105 szczeg\u00f3lnie <strong>torebki z kr\u00f3tkimi r\u0105czkami, noszone w d\u0142oni<\/strong>.<\/li>\n<li>Zainwestuj w modne i solidne obuwie na zim\u0119. Zapewniamy \u2014 buty zimowe mog\u0105 by\u0107 jednocze\u015bnie stylowe i funkcjonalne. <a href=\"https:\/\/www.pakamera.pl\/magazyn\/jak-wybrac-buty-na-zime-2023\/\" target=\"_blank\" rel=\"noopener\">Jakie, wi\u0119c wybra\u0107 buty na zim\u0119<\/a>? W zimowych stylizacjach damskich przewa\u017ca\u0107 b\u0119d\u0105 \u015b<strong>niegowce, kozaki na wysokich cholewkach, futrzane modele, ale i wygodne buty typu UGG<\/strong>.<\/li>\n<\/ul>\n<p>Wszystkie bazowe ubrania znajdziesz w kolekcjach polskich marek w pakamera.pl. Dodatkowo znajdziesz tam szeroki wyb\u00f3r dodatk\u00f3w oraz bi\u017cuterii uzupe\u0142niaj\u0105cej ca\u0142o\u015b\u0107 stylizacji.<\/p>\n","protected":false},"excerpt":{"rendered":"<p>Zimowe stylizacje damskie na ten sezon zaskakuj\u0105 r\u00f3\u017cnorodno\u015bci\u0105, ale i wygod\u0105. Ka\u017cdej z nas zale\u017cy na tym, aby poza modnym wygl\u0105dem, stylizacje na zim\u0119 cechowa\u0142y w\u0142a\u015bciwo\u015bci, takie jak funkcjonalno\u015b\u0107, trwa\u0142o\u015b\u0107,<span class=\"more-dots\">&#8230;<\/span><\/p>\n","protected":false},"author":16,"featured_media":9746,"comment_status":"closed","ping_status":"closed","sticky":false,"template":"","format":"standard","meta":{"footnotes":""},"categories":[3],"tags":[2334,2331,527,1521,579],"class_list":["post-9745","post","type-post","status-publish","format-standard","has-post-thumbnail","hentry","category-moda","tag-cieple-swetry-na-zime","tag-modne-zimowe-dodatki","tag-plaszcz-na-zime","tag-zimowa-stylizacja","tag-zimowy-plaszcz"],"yoast_head":"<!-- This site is optimized with the Yoast SEO plugin v21.6 - https:\/\/yoast.com\/wordpress\/plugins\/seo\/ -->\n<title>Zimowe stylizacje damskie [year] \u2014 na dzie\u0144 i na wiecz\u00f3r - Magazyn Pakamera.pl<\/title>\n<meta name=\"description\" content=\"Zimowe stylizacje damskie na ten sezon zaskakuj\u0105 r\u00f3\u017cnorodno\u015bci\u0105, ale i wygod\u0105. Zobacz nasze propozycje od polskich marek\" \/>\n<meta name=\"robots\" content=\"index, follow\" \/>\n<link rel=\"canonical\" href=\"https:\/\/www.pakamera.pl\/magazyn\/zimowe-stylizacje-damskie-2024-na-dzien-i-na-wieczor\/\" \/>\n<meta property=\"og:locale\" content=\"pl_PL\" \/>\n<meta property=\"og:type\" content=\"article\" \/>\n<meta property=\"og:title\" content=\"Zimowe stylizacje damskie [year] \u2014 na dzie\u0144 i na wiecz\u00f3r - Magazyn Pakamera.pl\" \/>\n<meta property=\"og:description\" content=\"Zimowe stylizacje damskie na ten sezon zaskakuj\u0105 r\u00f3\u017cnorodno\u015bci\u0105, ale i wygod\u0105. Zobacz nasze propozycje od polskich marek\" \/>\n<meta property=\"og:url\" content=\"https:\/\/www.pakamera.pl\/magazyn\/zimowe-stylizacje-damskie-2024-na-dzien-i-na-wieczor\/\" \/>\n<meta property=\"og:site_name\" content=\"Magazyn Pakamera.pl\" \/>\n<meta property=\"article:publisher\" content=\"https:\/\/facebook.com\/pakamerapl\" \/>\n<meta property=\"article:published_time\" content=\"2024-01-12T12:43:52+00:00\" \/>\n<meta property=\"article:modified_time\" content=\"2025-04-03T12:13:21+00:00\" \/>\n<meta property=\"og:image\" content=\"https:\/\/imgmag.pakamera.net\/2024\/01\/zimowe-stylizacje-damskie-2024-na-dzien-i-na-wieczor-131103097880.jpg\" \/>\n\t<meta property=\"og:image:width\" content=\"1600\" \/>\n\t<meta property=\"og:image:height\" content=\"840\" \/>\n\t<meta property=\"og:image:type\" content=\"image\/jpeg\" \/>\n<meta name=\"author\" content=\"Magda Strzelecka\" \/>\n<meta name=\"twitter:card\" content=\"summary_large_image\" \/>\n<meta name=\"twitter:label1\" content=\"Napisane przez\" \/>\n\t<meta name=\"twitter:data1\" content=\"Magda Strzelecka\" \/>\n\t<meta name=\"twitter:label2\" content=\"Szacowany czas czytania\" \/>\n\t<meta name=\"twitter:data2\" content=\"7 minut\" \/>\n<script type=\"application\/ld+json\" class=\"yoast-schema-graph\">{\"@context\":\"https:\/\/schema.org\",\"@graph\":[{\"@type\":\"Article\",\"@id\":\"https:\/\/www.pakamera.pl\/magazyn\/zimowe-stylizacje-damskie-2024-na-dzien-i-na-wieczor\/#article\",\"isPartOf\":{\"@id\":\"https:\/\/www.pakamera.pl\/magazyn\/zimowe-stylizacje-damskie-2024-na-dzien-i-na-wieczor\/\"},\"author\":{\"name\":\"Magda Strzelecka\",\"@id\":\"https:\/\/www.pakamera.pl\/magazyn\/#\/schema\/person\/375940ab821c5af50e1e31f1ec5282b5\"},\"headline\":\"Zimowe stylizacje damskie 2026 \u2014 na dzie\u0144 i na wiecz\u00f3r\",\"datePublished\":\"2024-01-12T12:43:52+00:00\",\"dateModified\":\"2025-04-03T12:13:21+00:00\",\"mainEntityOfPage\":{\"@id\":\"https:\/\/www.pakamera.pl\/magazyn\/zimowe-stylizacje-damskie-2024-na-dzien-i-na-wieczor\/\"},\"wordCount\":1154,\"publisher\":{\"@id\":\"https:\/\/www.pakamera.pl\/magazyn\/#organization\"},\"keywords\":[\"ciep\u0142e swetry na zim\u0119\",\"modne zimowe dodatki\",\"p\u0142aszcz na zim\u0119\",\"zimowa stylizacja\",\"zimowy p\u0142aszcz\"],\"articleSection\":[\"Moda\"],\"inLanguage\":\"pl-PL\"},{\"@type\":\"WebPage\",\"@id\":\"https:\/\/www.pakamera.pl\/magazyn\/zimowe-stylizacje-damskie-2024-na-dzien-i-na-wieczor\/\",\"url\":\"https:\/\/www.pakamera.pl\/magazyn\/zimowe-stylizacje-damskie-2024-na-dzien-i-na-wieczor\/\",\"name\":\"Zimowe stylizacje damskie [year] \u2014 na dzie\u0144 i na wiecz\u00f3r - Magazyn Pakamera.pl\",\"isPartOf\":{\"@id\":\"https:\/\/www.pakamera.pl\/magazyn\/#website\"},\"datePublished\":\"2024-01-12T12:43:52+00:00\",\"dateModified\":\"2025-04-03T12:13:21+00:00\",\"description\":\"Zimowe stylizacje damskie na ten sezon zaskakuj\u0105 r\u00f3\u017cnorodno\u015bci\u0105, ale i wygod\u0105. Zobacz nasze propozycje od polskich marek\",\"breadcrumb\":{\"@id\":\"https:\/\/www.pakamera.pl\/magazyn\/zimowe-stylizacje-damskie-2024-na-dzien-i-na-wieczor\/#breadcrumb\"},\"inLanguage\":\"pl-PL\",\"potentialAction\":[{\"@type\":\"ReadAction\",\"target\":[\"https:\/\/www.pakamera.pl\/magazyn\/zimowe-stylizacje-damskie-2024-na-dzien-i-na-wieczor\/\"]}]},{\"@type\":\"BreadcrumbList\",\"@id\":\"https:\/\/www.pakamera.pl\/magazyn\/zimowe-stylizacje-damskie-2024-na-dzien-i-na-wieczor\/#breadcrumb\",\"itemListElement\":[{\"@type\":\"ListItem\",\"position\":1,\"name\":\"Magazyn\",\"item\":\"https:\/\/www.pakamera.pl\/magazyn\/\"},{\"@type\":\"ListItem\",\"position\":2,\"name\":\"Moda\",\"item\":\"https:\/\/www.pakamera.pl\/magazyn\/category\/moda\/\"},{\"@type\":\"ListItem\",\"position\":3,\"name\":\"Zimowe stylizacje damskie 2025 \u2014 na dzie\u0144 i na wiecz\u00f3r\"}]},{\"@type\":\"WebSite\",\"@id\":\"https:\/\/www.pakamera.pl\/magazyn\/#website\",\"url\":\"https:\/\/www.pakamera.pl\/magazyn\/\",\"name\":\"Magazyn Pakamera.pl\",\"description\":\"Sprawd\u017a najgor\u0119tsze tematy sezonu!\",\"publisher\":{\"@id\":\"https:\/\/www.pakamera.pl\/magazyn\/#organization\"},\"potentialAction\":[{\"@type\":\"SearchAction\",\"target\":{\"@type\":\"EntryPoint\",\"urlTemplate\":\"https:\/\/www.pakamera.pl\/magazyn\/?s={search_term_string}\"},\"query-input\":\"required name=search_term_string\"}],\"inLanguage\":\"pl-PL\"},{\"@type\":\"Organization\",\"@id\":\"https:\/\/www.pakamera.pl\/magazyn\/#organization\",\"name\":\"Pakamera.pl\",\"url\":\"https:\/\/www.pakamera.pl\/magazyn\/\",\"logo\":{\"@type\":\"ImageObject\",\"inLanguage\":\"pl-PL\",\"@id\":\"https:\/\/www.pakamera.pl\/magazyn\/#\/schema\/logo\/image\/\",\"url\":\"https:\/\/imgmag.pakamera.net\/2023\/11\/153455466619.png\",\"contentUrl\":\"https:\/\/imgmag.pakamera.net\/2023\/11\/153455466619.png\",\"width\":690,\"height\":140,\"caption\":\"Pakamera.pl\"},\"image\":{\"@id\":\"https:\/\/www.pakamera.pl\/magazyn\/#\/schema\/logo\/image\/\"},\"sameAs\":[\"https:\/\/facebook.com\/pakamerapl\",\"https:\/\/www.instagram.com\/pakamera\/\"]},{\"@type\":\"Person\",\"@id\":\"https:\/\/www.pakamera.pl\/magazyn\/#\/schema\/person\/375940ab821c5af50e1e31f1ec5282b5\",\"name\":\"Magda Strzelecka\",\"description\":\"Magda to nasza stylistka, kt\u00f3ra od ponad 10 lat \u015bci\u015ble zwi\u0105zana jest z mod\u0105. Uwielbia \u015bledzi\u0107 \u015bwiatowe trendy i przek\u0142ada\u0107 je na rynek polski. Kocha dobre sk\u0142ady ubra\u0144, wyj\u0105tkow\u0105 bi\u017cuteri\u0119 i dodatki kt\u00f3re o\u017cywi\u0105 ka\u017cd\u0105 stylizacj\u0119.\"}]}<\/script>\n<!-- \/ Yoast SEO plugin. -->","yoast_head_json":{"title":"Zimowe stylizacje damskie [year] \u2014 na dzie\u0144 i na wiecz\u00f3r - Magazyn Pakamera.pl","description":"Zimowe stylizacje damskie na ten sezon zaskakuj\u0105 r\u00f3\u017cnorodno\u015bci\u0105, ale i wygod\u0105. Zobacz nasze propozycje od polskich marek","robots":{"index":"index","follow":"follow"},"canonical":"https:\/\/www.pakamera.pl\/magazyn\/zimowe-stylizacje-damskie-2024-na-dzien-i-na-wieczor\/","og_locale":"pl_PL","og_type":"article","og_title":"Zimowe stylizacje damskie [year] \u2014 na dzie\u0144 i na wiecz\u00f3r - Magazyn Pakamera.pl","og_description":"Zimowe stylizacje damskie na ten sezon zaskakuj\u0105 r\u00f3\u017cnorodno\u015bci\u0105, ale i wygod\u0105. Zobacz nasze propozycje od polskich marek","og_url":"https:\/\/www.pakamera.pl\/magazyn\/zimowe-stylizacje-damskie-2024-na-dzien-i-na-wieczor\/","og_site_name":"Magazyn Pakamera.pl","article_publisher":"https:\/\/facebook.com\/pakamerapl","article_published_time":"2024-01-12T12:43:52+00:00","article_modified_time":"2025-04-03T12:13:21+00:00","og_image":[{"width":1600,"height":840,"url":"https:\/\/imgmag.pakamera.net\/2024\/01\/zimowe-stylizacje-damskie-2024-na-dzien-i-na-wieczor-131103097880.jpg","type":"image\/jpeg"}],"author":"Magda Strzelecka","twitter_card":"summary_large_image","twitter_misc":{"Napisane przez":"Magda Strzelecka","Szacowany czas czytania":"7 minut"},"schema":{"@context":"https:\/\/schema.org","@graph":[{"@type":"Article","@id":"https:\/\/www.pakamera.pl\/magazyn\/zimowe-stylizacje-damskie-2024-na-dzien-i-na-wieczor\/#article","isPartOf":{"@id":"https:\/\/www.pakamera.pl\/magazyn\/zimowe-stylizacje-damskie-2024-na-dzien-i-na-wieczor\/"},"author":{"name":"Magda Strzelecka","@id":"https:\/\/www.pakamera.pl\/magazyn\/#\/schema\/person\/375940ab821c5af50e1e31f1ec5282b5"},"headline":"Zimowe stylizacje damskie 2026 \u2014 na dzie\u0144 i na wiecz\u00f3r","datePublished":"2024-01-12T12:43:52+00:00","dateModified":"2025-04-03T12:13:21+00:00","mainEntityOfPage":{"@id":"https:\/\/www.pakamera.pl\/magazyn\/zimowe-stylizacje-damskie-2024-na-dzien-i-na-wieczor\/"},"wordCount":1154,"publisher":{"@id":"https:\/\/www.pakamera.pl\/magazyn\/#organization"},"keywords":["ciep\u0142e swetry na zim\u0119","modne zimowe dodatki","p\u0142aszcz na zim\u0119","zimowa stylizacja","zimowy p\u0142aszcz"],"articleSection":["Moda"],"inLanguage":"pl-PL"},{"@type":"WebPage","@id":"https:\/\/www.pakamera.pl\/magazyn\/zimowe-stylizacje-damskie-2024-na-dzien-i-na-wieczor\/","url":"https:\/\/www.pakamera.pl\/magazyn\/zimowe-stylizacje-damskie-2024-na-dzien-i-na-wieczor\/","name":"Zimowe stylizacje damskie [year] \u2014 na dzie\u0144 i na wiecz\u00f3r - Magazyn Pakamera.pl","isPartOf":{"@id":"https:\/\/www.pakamera.pl\/magazyn\/#website"},"datePublished":"2024-01-12T12:43:52+00:00","dateModified":"2025-04-03T12:13:21+00:00","description":"Zimowe stylizacje damskie na ten sezon zaskakuj\u0105 r\u00f3\u017cnorodno\u015bci\u0105, ale i wygod\u0105. Zobacz nasze propozycje od polskich marek","breadcrumb":{"@id":"https:\/\/www.pakamera.pl\/magazyn\/zimowe-stylizacje-damskie-2024-na-dzien-i-na-wieczor\/#breadcrumb"},"inLanguage":"pl-PL","potentialAction":[{"@type":"ReadAction","target":["https:\/\/www.pakamera.pl\/magazyn\/zimowe-stylizacje-damskie-2024-na-dzien-i-na-wieczor\/"]}]},{"@type":"BreadcrumbList","@id":"https:\/\/www.pakamera.pl\/magazyn\/zimowe-stylizacje-damskie-2024-na-dzien-i-na-wieczor\/#breadcrumb","itemListElement":[{"@type":"ListItem","position":1,"name":"Magazyn","item":"https:\/\/www.pakamera.pl\/magazyn\/"},{"@type":"ListItem","position":2,"name":"Moda","item":"https:\/\/www.pakamera.pl\/magazyn\/category\/moda\/"},{"@type":"ListItem","position":3,"name":"Zimowe stylizacje damskie 2025 \u2014 na dzie\u0144 i na wiecz\u00f3r"}]},{"@type":"WebSite","@id":"https:\/\/www.pakamera.pl\/magazyn\/#website","url":"https:\/\/www.pakamera.pl\/magazyn\/","name":"Magazyn Pakamera.pl","description":"Sprawd\u017a najgor\u0119tsze tematy sezonu!","publisher":{"@id":"https:\/\/www.pakamera.pl\/magazyn\/#organization"},"potentialAction":[{"@type":"SearchAction","target":{"@type":"EntryPoint","urlTemplate":"https:\/\/www.pakamera.pl\/magazyn\/?s={search_term_string}"},"query-input":"required name=search_term_string"}],"inLanguage":"pl-PL"},{"@type":"Organization","@id":"https:\/\/www.pakamera.pl\/magazyn\/#organization","name":"Pakamera.pl","url":"https:\/\/www.pakamera.pl\/magazyn\/","logo":{"@type":"ImageObject","inLanguage":"pl-PL","@id":"https:\/\/www.pakamera.pl\/magazyn\/#\/schema\/logo\/image\/","url":"https:\/\/imgmag.pakamera.net\/2023\/11\/153455466619.png","contentUrl":"https:\/\/imgmag.pakamera.net\/2023\/11\/153455466619.png","width":690,"height":140,"caption":"Pakamera.pl"},"image":{"@id":"https:\/\/www.pakamera.pl\/magazyn\/#\/schema\/logo\/image\/"},"sameAs":["https:\/\/facebook.com\/pakamerapl","https:\/\/www.instagram.com\/pakamera\/"]},{"@type":"Person","@id":"https:\/\/www.pakamera.pl\/magazyn\/#\/schema\/person\/375940ab821c5af50e1e31f1ec5282b5","name":"Magda Strzelecka","description":"Magda to nasza stylistka, kt\u00f3ra od ponad 10 lat \u015bci\u015ble zwi\u0105zana jest z mod\u0105. Uwielbia \u015bledzi\u0107 \u015bwiatowe trendy i przek\u0142ada\u0107 je na rynek polski. Kocha dobre sk\u0142ady ubra\u0144, wyj\u0105tkow\u0105 bi\u017cuteri\u0119 i dodatki kt\u00f3re o\u017cywi\u0105 ka\u017cd\u0105 stylizacj\u0119."}]}},"_links":{"self":[{"href":"https:\/\/www.pakamera.pl\/magazyn\/wp-json\/wp\/v2\/posts\/9745","targetHints":{"allow":["GET"]}}],"collection":[{"href":"https:\/\/www.pakamera.pl\/magazyn\/wp-json\/wp\/v2\/posts"}],"about":[{"href":"https:\/\/www.pakamera.pl\/magazyn\/wp-json\/wp\/v2\/types\/post"}],"author":[{"embeddable":true,"href":"https:\/\/www.pakamera.pl\/magazyn\/wp-json\/wp\/v2\/users\/16"}],"replies":[{"embeddable":true,"href":"https:\/\/www.pakamera.pl\/magazyn\/wp-json\/wp\/v2\/comments?post=9745"}],"version-history":[{"count":3,"href":"https:\/\/www.pakamera.pl\/magazyn\/wp-json\/wp\/v2\/posts\/9745\/revisions"}],"predecessor-version":[{"id":13154,"href":"https:\/\/www.pakamera.pl\/magazyn\/wp-json\/wp\/v2\/posts\/9745\/revisions\/13154"}],"wp:featuredmedia":[{"embeddable":true,"href":"https:\/\/www.pakamera.pl\/magazyn\/wp-json\/wp\/v2\/media\/9746"}],"wp:attachment":[{"href":"https:\/\/www.pakamera.pl\/magazyn\/wp-json\/wp\/v2\/media?parent=9745"}],"wp:term":[{"taxonomy":"category","embeddable":true,"href":"https:\/\/www.pakamera.pl\/magazyn\/wp-json\/wp\/v2\/categories?post=9745"},{"taxonomy":"post_tag","embeddable":true,"href":"https:\/\/www.pakamera.pl\/magazyn\/wp-json\/wp\/v2\/tags?post=9745"}],"curies":[{"name":"wp","href":"https:\/\/api.w.org\/{rel}","templated":true}]}}