{"id":9709,"date":"2024-01-04T11:31:02","date_gmt":"2024-01-04T10:31:02","guid":{"rendered":"https:\/\/www.pakamera.pl\/magazyn\/?p=9709"},"modified":"2025-03-03T15:45:41","modified_gmt":"2025-03-03T14:45:41","slug":"jak-palic-palo-santo-i-dobrac-podstawke","status":"publish","type":"post","link":"https:\/\/www.pakamera.pl\/magazyn\/jak-palic-palo-santo-i-dobrac-podstawke\/","title":{"rendered":"Jak pali\u0107 palo santo i dobra\u0107 podstawk\u0119?"},"content":{"rendered":"<p><strong>Zapachu palo santo nie da si\u0119 pomyli\u0107 z \u017cadnym innym. Jest s\u0142odkawy, \u017cywiczny, lekko korzenny, nieco cytrusowy i mocno orientalny. Pozwala stworzy\u0107 tajemnicz\u0105 atmosfer\u0119 we wn\u0119trzu i wprawi\u0107 domownik\u00f3w w dobry nastr\u00f3j. Zanim rozpoczniesz swoj\u0105 przygod\u0119 z kadzid\u0142ami, sprawd\u017a, jak pali\u0107 palo santo i dobra\u0107 odpowiedni\u0105 podstawk\u0119.<\/strong><\/p>\n<p><!--more--><\/p>\n<figure id=\"attachment_9710\" aria-describedby=\"caption-attachment-9710\" style=\"width: 1600px\" class=\"wp-caption alignnone\"><img loading=\"lazy\" decoding=\"async\" class=\"wp-image-9710 size-full\" src=\"https:\/\/imgmag.pakamera.net\/2024\/01\/jak-palic-palo-santo-i-dobrac-podstawke-154424076125.jpg\" alt=\"sposoby palenia palo santo\" width=\"1600\" height=\"840\" \/><figcaption id=\"caption-attachment-9710\" class=\"wp-caption-text\">Palo Santo 50g MAMA FUEGO \/ Mama Fuego \/ www.pakamera.pl<\/figcaption><\/figure>\n<p>Co to palo santo? To bardzo <strong>popularne kadzid\u0142o oczyszczaj\u0105ce<\/strong> wywodz\u0105ce si\u0119 z Ameryki \u015arodkowej i Po\u0142udniowej. Jego nazwa w j\u0119zyku hiszpa\u0144skim oznacza \u201e<strong>\u015bwi\u0119te drzewo<\/strong>\u201d. Du\u017c\u0105 popularno\u015b\u0107 zawdzi\u0119cza swoim <strong>relaksuj\u0105cym w\u0142a\u015bciwo\u015bciom<\/strong>. Zgodnie z lokalnymi wierzeniami oczyszcza przestrze\u0144 ze z\u0142ej energii i wprowadza harmoni\u0119 w ciele.<\/p>\n<h2>Jak pali\u0107 palo santo dla najlepszego efektu?<\/h2>\n<p>Ju\u017c wiesz, co to palo santo, teraz sprawd\u017a, jak je odpowiednio pali\u0107. Najpierw zadbaj o przestrze\u0144. <strong>Przewietrz pok\u00f3j<\/strong>, w kt\u00f3rym b\u0119dzie sta\u0142o kadzid\u0142o i otw\u00f3rz drzwi, aby zapewni\u0107 odpowiedni przep\u0142yw dymu. <strong>Przygotuj podstawk\u0119, ceramiczny talerzyk lub misk\u0119<\/strong>. Drewienko powinno by\u0107 suche. Je\u015bli jest \u015bwie\u017ce lub wilgotne, trudno b\u0119dzie Ci je zapali\u0107.<\/p>\n<div id=\"pakawidget975\" class=\"pakawidget\"><\/div>\n<p><script async defer src=\"https:\/\/www.pakamera.pl\/widget\/widget2.min.js?id=975&#038;type=20240103162941&#038;wwidth=1000\"><\/script><\/p>\n<p>Z\u0142ap palo santo i <strong>przytrzymaj koniec patyczka nad zapalonym p\u0142omieniem zapalniczki lub \u015bwiecy pod k\u0105tem oko\u0142o 45 stopni<\/strong>. Pozw\u00f3l, aby drewienko zaj\u0119\u0142o si\u0119 ogniem i <strong>p\u0142on\u0119\u0142o ok. 30-60 sekund<\/strong>. Delikatnie <strong>zdmuchnij p\u0142omie\u0144<\/strong> i po\u0142\u00f3\u017c \u017carz\u0105ce si\u0119 kadzid\u0142o na odpowiedniej podstawce. Powinien unosi\u0107 si\u0119 z niego jasny dym. Je\u015bli przedwcze\u015bnie zga\u015bnie, rozpal je ponownie.<\/p>\n<p>Jak pali\u0107 palo santo, aby oczy\u015bci\u0107 przestrze\u0144? Zanim od\u0142o\u017cysz patyczek na podstawk\u0119, <strong>przejd\u017a si\u0119 z nim powoli po domu<\/strong>. Pozw\u00f3l dymowi dotrze\u0107 do r\u00f3\u017cnych zak\u0105tk\u00f3w. Kadzid\u0142o pomaga Ci w medytacji? Usi\u0105d\u017a <strong>w pobli\u017cu p\u0142on\u0105cego drewienka, otocz si\u0119 dymem i skup si\u0119 na powolnym oddechu<\/strong>. Gdy sko\u0144czysz, ca\u0142kowicie zga\u015b palo santo, zdmuchuj\u0105c je, i od\u0142\u00f3\u017c na podstawk\u0119.<br \/>\nJeste\u015b mi\u0142o\u015bniczk\u0105 orientalnych zapach\u00f3w? Zobacz, jak pali\u0107 kadzid\u0142o w domu, aby nie pope\u0142nia\u0107 powszechnych b\u0142\u0119d\u00f3w.<\/p>\n<h2>Wyb\u00f3r odpowiedniej podstawki<\/h2>\n<p><a href=\"https:\/\/www.pakamera.pl\/podstawki-pod-kadzidelka-0-3138.htm\" target=\"_blank\" rel=\"noopener\">Podstawka pod kadzide\u0142ko<\/a> powinna by\u0107 <strong>wykonana z trwa\u0142ego, odpornego na ciep\u0142o materia\u0142u<\/strong>. Najlepiej sprawdza si\u0119 <strong>kamie\u0144, ceramika, metal lub grube szk\u0142o<\/strong>. Te tworzywa s\u0105 bezpieczne i nie ulegn\u0105 uszkodzeniu, gdy po\u0142o\u017cysz na nich gor\u0105ce drewienko. Upewnij si\u0119, \u017ce <strong>naczynie jest stabilne i stoi na p\u0142askiej powierzchni<\/strong>.<\/p>\n<p>Jaka podstawka pod palo santo sprawdzi si\u0119 najlepiej? Taka, kt\u00f3ra <strong>\u0142apie popi\u00f3\u0142 spadaj\u0105cy z p\u0142on\u0105cego drewienka<\/strong>. To praktyczne rozwi\u0105zanie pomaga zachowa\u0107 porz\u0105dek. Taka ozdoba do wn\u0119trza przybiera r\u00f3\u017cne kszta\u0142ty \u2013 mo\u017ce przypomina\u0107 m.in. spodek, r\u0119k\u0119 czy li\u015b\u0107.<\/p>\n<h2>Korzy\u015bci i w\u0142a\u015bciwo\u015bci palenia palo santo<\/h2>\n<figure id=\"attachment_9711\" aria-describedby=\"caption-attachment-9711\" style=\"width: 1600px\" class=\"wp-caption alignnone\"><img loading=\"lazy\" decoding=\"async\" class=\"wp-image-9711 size-full\" src=\"https:\/\/imgmag.pakamera.net\/2024\/01\/jak-palic-palo-santo-i-dobrac-podstawke-162621953852.jpg\" alt=\"ceramiczna podstawka do palenia palo santo\" width=\"1600\" height=\"840\" \/><figcaption id=\"caption-attachment-9711\" class=\"wp-caption-text\">Kadzielnica MIRRA \/ r\u0119koczyny \/ www.pakamera.pl<\/figcaption><\/figure>\n<p>Palo santo ceni si\u0119 za <strong>w\u0142a\u015bciwo\u015bci oczyszczaj\u0105ce<\/strong>. Cz\u0119sto u\u017cywa si\u0119 go do usuwania negatywnej energii z otoczenia. Drewienko <strong>pomaga przywr\u00f3ci\u0107 spok\u00f3j i harmoni\u0119 w domu<\/strong>, miejscu pracy lub przestrzeni do medytacji. Palo santo jest r\u00f3wnie\u017c cenione w r\u00f3\u017cnych praktykach duchowych i medytacyjnych. Jego <strong>zapach pomaga w osi\u0105gni\u0119ciu g\u0142\u0119bszego stanu skupienia<\/strong>, korzystnego podczas praktyki jogi czy medytacji.<\/p>\n<p>Wydzielaj\u0105cy si\u0119 dym <strong>poprawia jako\u015b\u0107 powietrza<\/strong> w pomieszczeniu, pomaga si\u0119 wyciszy\u0107 i zrelaksowa\u0107. Palo santo mo\u017ce <strong>pom\u00f3c na b\u00f3le g\u0142owy i wesprze\u0107 uk\u0142ad odporno\u015bciowy<\/strong>. Korzystnie wp\u0142ywa r\u00f3wnie\u017c na oddychanie. Jego \u017cywiczny zapach odstrasza uci\u0105\u017cliwe komary i meszki. Dla ludzi kadzid\u0142o pachnie niezwykle przyjemnie i pomaga stworzy\u0107 mi\u0142\u0105 atmosfer\u0119 w domu.<\/p>\n<h2>Porady dotycz\u0105ce bezpiecznego palenia drzewka w domu<\/h2>\n<div id=\"pakawidget976\" class=\"pakawidget\"><\/div>\n<p><script async defer src=\"https:\/\/www.pakamera.pl\/widget\/widget2.min.js?id=976&#038;type=20240103163219&#038;wwidth=1000\"><\/script><\/p>\n<p>Zanim zapalisz palo santo w domu, upewnij si\u0119, \u017ce w pobli\u017cu <strong>nie ma \u0142atwopalnych materia\u0142\u00f3w<\/strong>, np. zas\u0142on czy papieru. Przygotuj podstawk\u0119 do palenia i<strong> zadbaj o odpowiedni\u0105 wentylacj\u0119<\/strong>, aby dym m\u00f3g\u0142 si\u0119 wydosta\u0107 na zewn\u0105trz. Podpalaj drewienko przy pomocy <strong>d\u0142ugiej zapalniczki, \u015bwiecy lub zapa\u0142ek<\/strong>. W ten spos\u00f3b unikniesz oparzenia palc\u00f3w.<\/p>\n<p>Nigdy <strong>nie zostawiaj pal\u0105cego si\u0119 palo santo bez nadzoru<\/strong> i upewnij si\u0119, \u017ce jest ca\u0142kowicie zgaszone po u\u017cyciu. Przechowuj niezu\u017cyte kadzid\u0142o w suchym miejscu, z dala od \u017ar\u00f3de\u0142 ciep\u0142a i bezpo\u015bredniego \u015bwiat\u0142a s\u0142onecznego, aby zapobiec przypadkowemu zapaleniu.<\/p>\n<h2>Jak \u0142\u0105czy\u0107 palo santo z innymi technikami aromaterapii?<\/h2>\n<p>Aby wzmocni\u0107 efekty relaksacyjne palo santo, <strong>stosuj olejki eteryczne<\/strong> w trakcie palenia drewna. Mo\u017cesz w tym celu u\u017cy\u0107 dyfuzora lub kominka z zapachem lawendowym, waniliowym, pomara\u0144czowym, cytrynowym lub mi\u0119towym.<\/p>\n<p>Mo\u017cesz wykorzysta\u0107 <strong>palo santo i olejki eteryczne do stworzenia k\u0105pieli aromaterapeutycznej<\/strong>. Pozw\u00f3l, aby dym i zapach wype\u0142ni\u0142 pomieszczenie. Wykorzystaj uspokajaj\u0105cy olejek r\u00f3\u017cany, odpr\u0119\u017caj\u0105cy mi\u0119\u015bnie olejek eukaliptusowy lub pobudzaj\u0105cy olejek bergamotkowy. Zamiast olejk\u00f3w eterycznych mo\u017cesz r\u00f3wnie\u017c wykorzysta\u0107 <strong>\u015bwiece zapachowe uzupe\u0142niaj\u0105ce wo\u0144 palo santo<\/strong> \u2013 cedrowe lub z sanda\u0142owca.<\/p>\n<p>Nabra\u0142a\u015b ochoty na odpr\u0119\u017caj\u0105ce chwile w towarzystwie zapachu palo santo? Upewnij si\u0119, \u017ce masz bezpieczne naczynie, na kt\u00f3rym umie\u015bcisz drewienko. Wejd\u017a na <a href=\"https:\/\/www.pakamera.pl\/\" target=\"_blank\" rel=\"noopener\">Pakamera.pl<\/a> i zdecyduj, jaka podstawka pod palo santo, najlepiej pasuje do Twojego wn\u0119trza.<\/p>\n","protected":false},"excerpt":{"rendered":"<p>Zapachu palo santo nie da si\u0119 pomyli\u0107 z \u017cadnym innym. Jest s\u0142odkawy, \u017cywiczny, lekko korzenny, nieco cytrusowy i mocno orientalny. Pozwala stworzy\u0107 tajemnicz\u0105 atmosfer\u0119 we wn\u0119trzu i wprawi\u0107 domownik\u00f3w w<span class=\"more-dots\">&#8230;<\/span><\/p>\n","protected":false},"author":17,"featured_media":9710,"comment_status":"closed","ping_status":"closed","sticky":false,"template":"","format":"standard","meta":{"footnotes":""},"categories":[12],"tags":[2466,2467,2468],"class_list":["post-9709","post","type-post","status-publish","format-standard","has-post-thumbnail","hentry","category-dom-i-wnetrza","tag-kadzidlo","tag-palo-santo","tag-podstawki-na-kadzidlo"],"yoast_head":"<!-- This site is optimized with the Yoast SEO plugin v21.6 - https:\/\/yoast.com\/wordpress\/plugins\/seo\/ -->\n<title>Jak pali\u0107 palo santo i dobra\u0107 podstawk\u0119? - Magazyn Pakamera.pl<\/title>\n<meta name=\"description\" content=\"Zastanawiasz si\u0119 jak pali\u0107 palo santo? Podpowiadamy co zrobi\u0107 krok po kroku aby jak najlepiej wykorzysta\u0107 ten rytua\u0142.\" \/>\n<meta name=\"robots\" content=\"index, follow\" \/>\n<link rel=\"canonical\" href=\"https:\/\/www.pakamera.pl\/magazyn\/jak-palic-palo-santo-i-dobrac-podstawke\/\" \/>\n<meta property=\"og:locale\" content=\"pl_PL\" \/>\n<meta property=\"og:type\" content=\"article\" \/>\n<meta property=\"og:title\" content=\"Jak pali\u0107 palo santo i dobra\u0107 podstawk\u0119? - Magazyn Pakamera.pl\" \/>\n<meta property=\"og:description\" content=\"Zastanawiasz si\u0119 jak pali\u0107 palo santo? Podpowiadamy co zrobi\u0107 krok po kroku aby jak najlepiej wykorzysta\u0107 ten rytua\u0142.\" \/>\n<meta property=\"og:url\" content=\"https:\/\/www.pakamera.pl\/magazyn\/jak-palic-palo-santo-i-dobrac-podstawke\/\" \/>\n<meta property=\"og:site_name\" content=\"Magazyn Pakamera.pl\" \/>\n<meta property=\"article:publisher\" content=\"https:\/\/facebook.com\/pakamerapl\" \/>\n<meta property=\"article:published_time\" content=\"2024-01-04T10:31:02+00:00\" \/>\n<meta property=\"article:modified_time\" content=\"2025-03-03T14:45:41+00:00\" \/>\n<meta property=\"og:image\" content=\"https:\/\/imgmag.pakamera.net\/2024\/01\/jak-palic-palo-santo-i-dobrac-podstawke-154424076125.jpg\" \/>\n\t<meta property=\"og:image:width\" content=\"1600\" \/>\n\t<meta property=\"og:image:height\" content=\"840\" \/>\n\t<meta property=\"og:image:type\" content=\"image\/jpeg\" \/>\n<meta name=\"author\" content=\"Agnieszka Pilska\" \/>\n<meta name=\"twitter:card\" content=\"summary_large_image\" \/>\n<meta name=\"twitter:label1\" content=\"Napisane przez\" \/>\n\t<meta name=\"twitter:data1\" content=\"Agnieszka Pilska\" \/>\n\t<meta name=\"twitter:label2\" content=\"Szacowany czas czytania\" \/>\n\t<meta name=\"twitter:data2\" content=\"5 minut\" \/>\n<script type=\"application\/ld+json\" class=\"yoast-schema-graph\">{\"@context\":\"https:\/\/schema.org\",\"@graph\":[{\"@type\":\"Article\",\"@id\":\"https:\/\/www.pakamera.pl\/magazyn\/jak-palic-palo-santo-i-dobrac-podstawke\/#article\",\"isPartOf\":{\"@id\":\"https:\/\/www.pakamera.pl\/magazyn\/jak-palic-palo-santo-i-dobrac-podstawke\/\"},\"author\":{\"name\":\"Agnieszka Pilska\",\"@id\":\"https:\/\/www.pakamera.pl\/magazyn\/#\/schema\/person\/572f3f4a9ab09d0378471fe80a2db902\"},\"headline\":\"Jak pali\u0107 palo santo i dobra\u0107 podstawk\u0119?\",\"datePublished\":\"2024-01-04T10:31:02+00:00\",\"dateModified\":\"2025-03-03T14:45:41+00:00\",\"mainEntityOfPage\":{\"@id\":\"https:\/\/www.pakamera.pl\/magazyn\/jak-palic-palo-santo-i-dobrac-podstawke\/\"},\"wordCount\":880,\"publisher\":{\"@id\":\"https:\/\/www.pakamera.pl\/magazyn\/#organization\"},\"keywords\":[\"kadzid\u0142o\",\"palo santo\",\"podstawki na kadzid\u0142o\"],\"articleSection\":[\"Dom i Wn\u0119trze\"],\"inLanguage\":\"pl-PL\"},{\"@type\":\"WebPage\",\"@id\":\"https:\/\/www.pakamera.pl\/magazyn\/jak-palic-palo-santo-i-dobrac-podstawke\/\",\"url\":\"https:\/\/www.pakamera.pl\/magazyn\/jak-palic-palo-santo-i-dobrac-podstawke\/\",\"name\":\"Jak pali\u0107 palo santo i dobra\u0107 podstawk\u0119? - Magazyn Pakamera.pl\",\"isPartOf\":{\"@id\":\"https:\/\/www.pakamera.pl\/magazyn\/#website\"},\"datePublished\":\"2024-01-04T10:31:02+00:00\",\"dateModified\":\"2025-03-03T14:45:41+00:00\",\"description\":\"Zastanawiasz si\u0119 jak pali\u0107 palo santo? Podpowiadamy co zrobi\u0107 krok po kroku aby jak najlepiej wykorzysta\u0107 ten rytua\u0142.\",\"breadcrumb\":{\"@id\":\"https:\/\/www.pakamera.pl\/magazyn\/jak-palic-palo-santo-i-dobrac-podstawke\/#breadcrumb\"},\"inLanguage\":\"pl-PL\",\"potentialAction\":[{\"@type\":\"ReadAction\",\"target\":[\"https:\/\/www.pakamera.pl\/magazyn\/jak-palic-palo-santo-i-dobrac-podstawke\/\"]}]},{\"@type\":\"BreadcrumbList\",\"@id\":\"https:\/\/www.pakamera.pl\/magazyn\/jak-palic-palo-santo-i-dobrac-podstawke\/#breadcrumb\",\"itemListElement\":[{\"@type\":\"ListItem\",\"position\":1,\"name\":\"Magazyn\",\"item\":\"https:\/\/www.pakamera.pl\/magazyn\/\"},{\"@type\":\"ListItem\",\"position\":2,\"name\":\"Dom i Wn\u0119trze\",\"item\":\"https:\/\/www.pakamera.pl\/magazyn\/category\/dom-i-wnetrza\/\"},{\"@type\":\"ListItem\",\"position\":3,\"name\":\"Jak pali\u0107 palo santo i dobra\u0107 podstawk\u0119?\"}]},{\"@type\":\"WebSite\",\"@id\":\"https:\/\/www.pakamera.pl\/magazyn\/#website\",\"url\":\"https:\/\/www.pakamera.pl\/magazyn\/\",\"name\":\"Magazyn Pakamera.pl\",\"description\":\"Sprawd\u017a najgor\u0119tsze tematy sezonu!\",\"publisher\":{\"@id\":\"https:\/\/www.pakamera.pl\/magazyn\/#organization\"},\"potentialAction\":[{\"@type\":\"SearchAction\",\"target\":{\"@type\":\"EntryPoint\",\"urlTemplate\":\"https:\/\/www.pakamera.pl\/magazyn\/?s={search_term_string}\"},\"query-input\":\"required name=search_term_string\"}],\"inLanguage\":\"pl-PL\"},{\"@type\":\"Organization\",\"@id\":\"https:\/\/www.pakamera.pl\/magazyn\/#organization\",\"name\":\"Pakamera.pl\",\"url\":\"https:\/\/www.pakamera.pl\/magazyn\/\",\"logo\":{\"@type\":\"ImageObject\",\"inLanguage\":\"pl-PL\",\"@id\":\"https:\/\/www.pakamera.pl\/magazyn\/#\/schema\/logo\/image\/\",\"url\":\"https:\/\/imgmag.pakamera.net\/2023\/11\/153455466619.png\",\"contentUrl\":\"https:\/\/imgmag.pakamera.net\/2023\/11\/153455466619.png\",\"width\":690,\"height\":140,\"caption\":\"Pakamera.pl\"},\"image\":{\"@id\":\"https:\/\/www.pakamera.pl\/magazyn\/#\/schema\/logo\/image\/\"},\"sameAs\":[\"https:\/\/facebook.com\/pakamerapl\",\"https:\/\/www.instagram.com\/pakamera\/\"]},{\"@type\":\"Person\",\"@id\":\"https:\/\/www.pakamera.pl\/magazyn\/#\/schema\/person\/572f3f4a9ab09d0378471fe80a2db902\",\"name\":\"Agnieszka Pilska\",\"description\":\"Agnieszka kocha dobry design i wszystko co si\u0119 z nim \u0142\u0105czy. Ma do\u015bwiadczenie w projektowaniu wn\u0119trz dzi\u0119ki czemu ma niesamowity zmys\u0142 estetyczny. Potrafi prostymi dodatkami stworzy\u0107 przestrze\u0144, kt\u00f3ra zachwyci wszystkich.\"}]}<\/script>\n<!-- \/ Yoast SEO plugin. -->","yoast_head_json":{"title":"Jak pali\u0107 palo santo i dobra\u0107 podstawk\u0119? - Magazyn Pakamera.pl","description":"Zastanawiasz si\u0119 jak pali\u0107 palo santo? Podpowiadamy co zrobi\u0107 krok po kroku aby jak najlepiej wykorzysta\u0107 ten rytua\u0142.","robots":{"index":"index","follow":"follow"},"canonical":"https:\/\/www.pakamera.pl\/magazyn\/jak-palic-palo-santo-i-dobrac-podstawke\/","og_locale":"pl_PL","og_type":"article","og_title":"Jak pali\u0107 palo santo i dobra\u0107 podstawk\u0119? - Magazyn Pakamera.pl","og_description":"Zastanawiasz si\u0119 jak pali\u0107 palo santo? Podpowiadamy co zrobi\u0107 krok po kroku aby jak najlepiej wykorzysta\u0107 ten rytua\u0142.","og_url":"https:\/\/www.pakamera.pl\/magazyn\/jak-palic-palo-santo-i-dobrac-podstawke\/","og_site_name":"Magazyn Pakamera.pl","article_publisher":"https:\/\/facebook.com\/pakamerapl","article_published_time":"2024-01-04T10:31:02+00:00","article_modified_time":"2025-03-03T14:45:41+00:00","og_image":[{"width":1600,"height":840,"url":"https:\/\/imgmag.pakamera.net\/2024\/01\/jak-palic-palo-santo-i-dobrac-podstawke-154424076125.jpg","type":"image\/jpeg"}],"author":"Agnieszka Pilska","twitter_card":"summary_large_image","twitter_misc":{"Napisane przez":"Agnieszka Pilska","Szacowany czas czytania":"5 minut"},"schema":{"@context":"https:\/\/schema.org","@graph":[{"@type":"Article","@id":"https:\/\/www.pakamera.pl\/magazyn\/jak-palic-palo-santo-i-dobrac-podstawke\/#article","isPartOf":{"@id":"https:\/\/www.pakamera.pl\/magazyn\/jak-palic-palo-santo-i-dobrac-podstawke\/"},"author":{"name":"Agnieszka Pilska","@id":"https:\/\/www.pakamera.pl\/magazyn\/#\/schema\/person\/572f3f4a9ab09d0378471fe80a2db902"},"headline":"Jak pali\u0107 palo santo i dobra\u0107 podstawk\u0119?","datePublished":"2024-01-04T10:31:02+00:00","dateModified":"2025-03-03T14:45:41+00:00","mainEntityOfPage":{"@id":"https:\/\/www.pakamera.pl\/magazyn\/jak-palic-palo-santo-i-dobrac-podstawke\/"},"wordCount":880,"publisher":{"@id":"https:\/\/www.pakamera.pl\/magazyn\/#organization"},"keywords":["kadzid\u0142o","palo santo","podstawki na kadzid\u0142o"],"articleSection":["Dom i Wn\u0119trze"],"inLanguage":"pl-PL"},{"@type":"WebPage","@id":"https:\/\/www.pakamera.pl\/magazyn\/jak-palic-palo-santo-i-dobrac-podstawke\/","url":"https:\/\/www.pakamera.pl\/magazyn\/jak-palic-palo-santo-i-dobrac-podstawke\/","name":"Jak pali\u0107 palo santo i dobra\u0107 podstawk\u0119? - Magazyn Pakamera.pl","isPartOf":{"@id":"https:\/\/www.pakamera.pl\/magazyn\/#website"},"datePublished":"2024-01-04T10:31:02+00:00","dateModified":"2025-03-03T14:45:41+00:00","description":"Zastanawiasz si\u0119 jak pali\u0107 palo santo? Podpowiadamy co zrobi\u0107 krok po kroku aby jak najlepiej wykorzysta\u0107 ten rytua\u0142.","breadcrumb":{"@id":"https:\/\/www.pakamera.pl\/magazyn\/jak-palic-palo-santo-i-dobrac-podstawke\/#breadcrumb"},"inLanguage":"pl-PL","potentialAction":[{"@type":"ReadAction","target":["https:\/\/www.pakamera.pl\/magazyn\/jak-palic-palo-santo-i-dobrac-podstawke\/"]}]},{"@type":"BreadcrumbList","@id":"https:\/\/www.pakamera.pl\/magazyn\/jak-palic-palo-santo-i-dobrac-podstawke\/#breadcrumb","itemListElement":[{"@type":"ListItem","position":1,"name":"Magazyn","item":"https:\/\/www.pakamera.pl\/magazyn\/"},{"@type":"ListItem","position":2,"name":"Dom i Wn\u0119trze","item":"https:\/\/www.pakamera.pl\/magazyn\/category\/dom-i-wnetrza\/"},{"@type":"ListItem","position":3,"name":"Jak pali\u0107 palo santo i dobra\u0107 podstawk\u0119?"}]},{"@type":"WebSite","@id":"https:\/\/www.pakamera.pl\/magazyn\/#website","url":"https:\/\/www.pakamera.pl\/magazyn\/","name":"Magazyn Pakamera.pl","description":"Sprawd\u017a najgor\u0119tsze tematy sezonu!","publisher":{"@id":"https:\/\/www.pakamera.pl\/magazyn\/#organization"},"potentialAction":[{"@type":"SearchAction","target":{"@type":"EntryPoint","urlTemplate":"https:\/\/www.pakamera.pl\/magazyn\/?s={search_term_string}"},"query-input":"required name=search_term_string"}],"inLanguage":"pl-PL"},{"@type":"Organization","@id":"https:\/\/www.pakamera.pl\/magazyn\/#organization","name":"Pakamera.pl","url":"https:\/\/www.pakamera.pl\/magazyn\/","logo":{"@type":"ImageObject","inLanguage":"pl-PL","@id":"https:\/\/www.pakamera.pl\/magazyn\/#\/schema\/logo\/image\/","url":"https:\/\/imgmag.pakamera.net\/2023\/11\/153455466619.png","contentUrl":"https:\/\/imgmag.pakamera.net\/2023\/11\/153455466619.png","width":690,"height":140,"caption":"Pakamera.pl"},"image":{"@id":"https:\/\/www.pakamera.pl\/magazyn\/#\/schema\/logo\/image\/"},"sameAs":["https:\/\/facebook.com\/pakamerapl","https:\/\/www.instagram.com\/pakamera\/"]},{"@type":"Person","@id":"https:\/\/www.pakamera.pl\/magazyn\/#\/schema\/person\/572f3f4a9ab09d0378471fe80a2db902","name":"Agnieszka Pilska","description":"Agnieszka kocha dobry design i wszystko co si\u0119 z nim \u0142\u0105czy. Ma do\u015bwiadczenie w projektowaniu wn\u0119trz dzi\u0119ki czemu ma niesamowity zmys\u0142 estetyczny. Potrafi prostymi dodatkami stworzy\u0107 przestrze\u0144, kt\u00f3ra zachwyci wszystkich."}]}},"_links":{"self":[{"href":"https:\/\/www.pakamera.pl\/magazyn\/wp-json\/wp\/v2\/posts\/9709","targetHints":{"allow":["GET"]}}],"collection":[{"href":"https:\/\/www.pakamera.pl\/magazyn\/wp-json\/wp\/v2\/posts"}],"about":[{"href":"https:\/\/www.pakamera.pl\/magazyn\/wp-json\/wp\/v2\/types\/post"}],"author":[{"embeddable":true,"href":"https:\/\/www.pakamera.pl\/magazyn\/wp-json\/wp\/v2\/users\/17"}],"replies":[{"embeddable":true,"href":"https:\/\/www.pakamera.pl\/magazyn\/wp-json\/wp\/v2\/comments?post=9709"}],"version-history":[{"count":1,"href":"https:\/\/www.pakamera.pl\/magazyn\/wp-json\/wp\/v2\/posts\/9709\/revisions"}],"predecessor-version":[{"id":9712,"href":"https:\/\/www.pakamera.pl\/magazyn\/wp-json\/wp\/v2\/posts\/9709\/revisions\/9712"}],"wp:featuredmedia":[{"embeddable":true,"href":"https:\/\/www.pakamera.pl\/magazyn\/wp-json\/wp\/v2\/media\/9710"}],"wp:attachment":[{"href":"https:\/\/www.pakamera.pl\/magazyn\/wp-json\/wp\/v2\/media?parent=9709"}],"wp:term":[{"taxonomy":"category","embeddable":true,"href":"https:\/\/www.pakamera.pl\/magazyn\/wp-json\/wp\/v2\/categories?post=9709"},{"taxonomy":"post_tag","embeddable":true,"href":"https:\/\/www.pakamera.pl\/magazyn\/wp-json\/wp\/v2\/tags?post=9709"}],"curies":[{"name":"wp","href":"https:\/\/api.w.org\/{rel}","templated":true}]}}