{"id":9615,"date":"2023-12-16T12:36:39","date_gmt":"2023-12-16T11:36:39","guid":{"rendered":"https:\/\/www.pakamera.pl\/magazyn\/?p=9615"},"modified":"2025-04-03T14:25:41","modified_gmt":"2025-04-03T12:25:41","slug":"jak-wybrac-buty-na-zime-2023","status":"publish","type":"post","link":"https:\/\/www.pakamera.pl\/magazyn\/jak-wybrac-buty-na-zime-2023\/","title":{"rendered":"Jak wybra\u0107 buty na zim\u0119 2026?"},"content":{"rendered":"<p><strong>Jesie\u0144 dobiega ko\u0144ca, na termometrach coraz cz\u0119\u015bciej odnotowuje si\u0119 minusowe temperatury, a na ulicach pojawia si\u0119 \u015bnieg. Chocia\u017c zimie nie brakuje uroku i klimatu, potrafi stawia\u0107 przed nami prawdziwe modowe wyzwania \u2013 jak ubra\u0107 si\u0119 ciep\u0142o i wygodnie, ale z klas\u0105? I jakie buty wybra\u0107 na zim\u0119?<br \/>\n<\/strong><\/p>\n<p><!--more--><\/p>\n<figure id=\"attachment_9616\" aria-describedby=\"caption-attachment-9616\" style=\"width: 1600px\" class=\"wp-caption alignnone\"><img loading=\"lazy\" decoding=\"async\" class=\"wp-image-9616 size-full\" src=\"https:\/\/imgmag.pakamera.net\/2023\/12\/jak-wybrac-buty-na-zime-2023-133951016240.jpg\" alt=\"czarne sk\u00f3rzane buty na zim\u0119\" width=\"1600\" height=\"840\" \/><figcaption id=\"caption-attachment-9616\" class=\"wp-caption-text\">BOTKI NA PLATFORMIE ARA czarne \/ Rita Krzysiek HANDMADE SHOES \/ www.pakamera.pl<\/figcaption><\/figure>\n<p>Zacznij od obuwia \u2013 powinno ono nie przemaka\u0107 i nie \u015blizga\u0107 si\u0119 na lodzie. Je\u015bli ci\u0105gle nie wiesz, jakie modne buty na zim\u0119 2026 wybra\u0107, zaparz sobie du\u017cy kubek gor\u0105cej czekolady i przeczytaj ten artyku\u0142. Pomo\u017cemy Ci on podj\u0105\u0107 decyzj\u0119!<\/p>\n<h2>Jak wybra\u0107 buty na zim\u0119?<\/h2>\n<p>Wybieraj\u0105c swoje idealne buty na zim\u0119 2026, <strong>we\u017a pod uwag\u0119 warunki pogodowe<\/strong> \u2013 temperatury poni\u017cej zera, \u015bnieg i oblodzenie, kt\u00f3re czasem pojawia si\u0119 ju\u017c pod koniec jesieni. Aby ch\u0142\u00f3d i wilgo\u0107 nie stanowi\u0142y dla Ciebie \u017cadnego zagro\u017cenia, <strong>zdecyduj si\u0119 na nieprzemakalne modele<\/strong>. Przemoczone skarpety sprzyjaj\u0105 przezi\u0119bieniom.<\/p>\n<p>Zwr\u00f3\u0107 r\u00f3wnie\u017c uwag\u0119, czy wybrane przez Ciebie <strong>buty s\u0105 ocieplane<\/strong>. Obuwie na zim\u0119 powinno by\u0107 <strong>wykonane z porz\u0105dnego materia\u0142u<\/strong>. Dodatkowa warstwa w postaci futerka lub ko\u017cucha powstrzyma ciep\u0142o przed uciekaniem na zewn\u0105trz. Gruba, wysoka podeszwa, zapewniaj\u0105ca przyczepno\u015b\u0107 na \u015bliskiej powierzchni, da Ci ekstra izolacj\u0119 od \u015bniegu.<\/p>\n<div id=\"pakawidget939\" class=\"pakawidget\"><\/div>\n<p><script async defer src=\"https:\/\/www.pakamera.pl\/widget\/widget2.min.js?id=939&#038;type=20231215134746&#038;wwidth=1000\"><\/script><\/p>\n<p>Czy da si\u0119 po\u0142\u0105czy\u0107 wszystkie te praktyczne elementy zimowych but\u00f3w i znale\u017a\u0107 par\u0119, kt\u00f3ra b\u0119dzie wygodna i modna w tym sezonie? Jak najbardziej! Buty damskie na zim\u0119 od polskich producent\u00f3w s\u0105 gotowe na nowy sezon.<\/p>\n<h2>Propozycje modeli but\u00f3w na zim\u0119 2026<\/h2>\n<p>Rozpoczynasz poszukiwania but\u00f3w idealnych? Czy <strong>d\u0142ugie, si\u0119gaj\u0105ce kolan kozaki<\/strong> przyci\u0105gn\u0105 Tw\u00f3j wzrok? A mo\u017ce raczej wolisz co\u015b bardziej klasycznego jak<strong> zimowe botki z ko\u017cuszkiem<\/strong> lub <strong>workery damskie<\/strong>. Je\u015bli jeste\u015b fank\u0105 wspinaczki g\u00f3rskiej, to nie ob\u0119dzie si\u0119 bez but\u00f3w trekkingowych, a na d\u0142ugie spacery \u015bwietnie sprawdz\u0105 si\u0119 \u015bniegowce.<\/p>\n<h3>Klasyczne botki zimowe<\/h3>\n<p>Botki to eleganckie, si\u0119gaj\u0105ce kostek buty na co dzie\u0144 \u2013 na wyj\u015bcie na miasto, kr\u00f3tki spacer lub do pracy. Szczeg\u00f3lnie polecamy <strong>modele w neutralnych kolorach \u2013 czarnym, br\u0105zowym lub be\u017cowym<\/strong>, wykonane <strong>ze sk\u00f3ry, eko sk\u00f3ry czy zamszu<\/strong>. Doskonale b\u0119d\u0105 one pasowa\u0107 do we\u0142nianych p\u0142aszczy.<\/p>\n<p>Je\u015bli poszukujesz ciep\u0142ego obuwia, wybierz <strong>botki ocieplane ko\u017cuchem<\/strong>. Zwr\u00f3\u0107 uwag\u0119 na modele <strong>z grub\u0105 podeszw\u0105<\/strong>, z mocno zaznaczonymi wg\u0142\u0119bieniami, na obcasie lub koturnie. Przynajmniej jedna para <strong>klasycznych, zimowych botk\u00f3w<\/strong> powinna znale\u017a\u0107 si\u0119 w Twojej szafie, poniewa\u017c s\u0105 idealne na zimowe uroczysto\u015bci.<\/p>\n<figure id=\"attachment_9617\" aria-describedby=\"caption-attachment-9617\" style=\"width: 1600px\" class=\"wp-caption alignnone\"><img loading=\"lazy\" decoding=\"async\" class=\"wp-image-9617 size-full\" src=\"https:\/\/imgmag.pakamera.net\/2023\/12\/jak-wybrac-buty-na-zime-2023-140329664116.jpg\" alt=\"r\u0119cznie robione botki na zim\u0119\" width=\"1600\" height=\"840\" \/><figcaption id=\"caption-attachment-9617\" class=\"wp-caption-text\">R\u0118CZNIE ROBIONE BOTKI ZAPATO 454 RUDY RETRO \/ Zapato \/ www.pakamera.pl<\/figcaption><\/figure>\n<p>Botki <strong>bardzo dobrze wygl\u0105daj\u0105 ze spodniami typu skinny lub mom jeans, swetrem w jasnym kolorze i d\u0142ugim, ciep\u0142ym p\u0142aszczem<\/strong>. Z powodzeniem mo\u017cesz nosi\u0107 je r\u00f3wnie\u017c do sukienki czy sp\u00f3dnicy. Pami\u0119taj tylko, aby ubra\u0107 wystarczaj\u0105co ciep\u0142\u0105 par\u0119 rajstop pod sp\u00f3d, a niestraszne Ci b\u0119d\u0105 minusowe temperatury.<\/p>\n<h3>\u015aniegowce<\/h3>\n<p>\u015aniegowce to buty, dla kt\u00f3rych niskie temperatury i roztopy nie s\u0105 przeszkod\u0105. Wysokie, si\u0119gaj\u0105ce mniej wi\u0119cej do po\u0142owy \u0142ydek, obuwie<strong> chroni przed przedostawaniem si\u0119 \u015bniegu do \u015brodka<\/strong>. Na szczeg\u00f3ln\u0105 uwag\u0119 zas\u0142uguj\u0105 <strong>modele wykonane z syntetycznego, wodoodpornego materia\u0142u<\/strong>.<\/p>\n<p>Wn\u0119trze \u015bniegowc\u00f3w mo\u017ce by\u0107 pokryte mi\u0119kkim futerkiem, kt\u00f3re <strong>zapewnia dodatkow\u0105 termoizolacj\u0119<\/strong>. Dla maksymalnego komfortu termicznego si\u0119gnij po taki model. <strong>Masywna podeszwa<\/strong> tych but\u00f3w damskich na zim\u0119 2026 <strong>izoluje podbicie stopy od zimna<\/strong> i zapewni wi\u0119ksz\u0105 stabilno\u015b\u0107 na \u015bliskiej powierzchni.<\/p>\n<p>Jak nosi\u0107 \u015bniegowce na co dzie\u0144? Te buty s\u0105 bardzo uniwersalne, ale maj\u0105 masywny kszta\u0142t i przyci\u0105gaj\u0105 wzrok. <strong>Zestaw je z prostym outfitem<\/strong>, np. klasycznymi jeansowymi spodniami, spodniami typu jogger lub cargo. Do stylizacji dobierz oversize&#8217;owy sweter b\u0105d\u017a bluz\u0119 oraz puchow\u0105 kurtk\u0119.<\/p>\n<h3>Kozaki<\/h3>\n<p>Kozaki to d\u0142ugie, modne buty na zim\u0119 2026. Zapewniaj\u0105 <strong>dobr\u0105 ochron\u0119 przed mrozami i r\u00f3wnocze\u015bnie elegancko si\u0119 prezentuj\u0105<\/strong>. Wysokie obuwie doskonale podkre\u015bla atuty kobiecej sylwetki. W sklepie <a href=\"https:\/\/www.pakamera.pl\/\" target=\"_blank\" rel=\"noopener\">Pakamera.pl<\/a> znajdziesz <strong>kozaki r\u00f3\u017cnej d\u0142ugo\u015bci, bez i na obcasach<\/strong>, dzi\u0119ki czemu bez problemu odnajdziesz odpowiedni model do ka\u017cdej stylizacji.<\/p>\n<p>Bardzo d\u0142ugie kozaki, si\u0119gaj\u0105ce za kolano i wy\u017cej b\u0119d\u0105 dobrym wyborem do sukni i sp\u00f3dnic na zimowe uroczysto\u015bci. Nie zapomnij o dobraniu do stylizacji ciep\u0142ych rajstop lub podkolan\u00f3wek. Na g\u00f3r\u0119 w\u0142\u00f3\u017c sweter (kardigan sprawdzi si\u0119 doskonale), d\u0142ugi p\u0142aszcz i ciep\u0142y szal. Te <a href=\"https:\/\/www.pakamera.pl\/buty-0-1897.htm\" target=\"_blank\" rel=\"noopener\">niespotykane buty damskie<\/a> z kr\u00f3tk\u0105 cholewk\u0105 dobrze wygl\u0105daj\u0105 ze spodniami. Unikaj jednak zbyt szerokich i obszernych nogawek jak te w spodniach typu dzwony.<\/p>\n<h3>Kowbojki<\/h3>\n<p>Kowbojki, cho\u0107 nie wszystkim kojarz\u0105 si\u0119 z butami na mr\u00f3z, to <strong>krzyk mody w sezonie zimowym<\/strong>. Takie obuwie, inspiruj\u0105ce si\u0119 westernowym stylem, mo\u017ce by\u0107 kr\u00f3tkie (nieco ponad kostk\u0119) lub si\u0119ga\u0107 a\u017c do kolan. Ich du\u017cym atutem jest to, \u017ce <strong>mo\u017cna je nosi\u0107 w\u0142a\u015bciwie ca\u0142y rok<\/strong>. Zim\u0105 warto zdecydowa\u0107 si\u0119 na dodatkowo ocieplane modele.<\/p>\n<div id=\"pakawidget940\" class=\"pakawidget\"><\/div>\n<p><script async defer src=\"https:\/\/www.pakamera.pl\/widget\/widget2.min.js?id=940&#038;type=20231215135554&#038;wwidth=1000\"><\/script><\/p>\n<p>Br\u0105zowe kowbojki b\u0119d\u0105 dobrze wygl\u0105da\u0107 z bia\u0142ym futrem lub d\u0142ugim, we\u0142nianym p\u0142aszczem. Sk\u00f3rzane <a href=\"https:\/\/www.pakamera.pl\/magazyn\/kowbojki-hit-tego-sezonu-czyli-buty-rita-krzysiek\/\" target=\"_blank\" rel=\"noopener\">kowbojki od Rity Krzysiek<\/a> \u015bwietnie prezentuj\u0105 si\u0119 z materia\u0142owymi spodniami i rozkloszowan\u0105 sp\u00f3dnic\u0105.<\/p>\n<p>Wspomniane przez nas modele stworzone przez polskich projektant\u00f3w s\u0105 <strong>dost\u0119pne w sklepie Pakamera.pl<\/strong>. Przejrzyj bogat\u0105 ofert\u0119 i wybierz swoj\u0105 par\u0119 na zim\u0119!<\/p>\n","protected":false},"excerpt":{"rendered":"<p>Jesie\u0144 dobiega ko\u0144ca, na termometrach coraz cz\u0119\u015bciej odnotowuje si\u0119 minusowe temperatury, a na ulicach pojawia si\u0119 \u015bnieg. Chocia\u017c zimie nie brakuje uroku i klimatu, potrafi stawia\u0107 przed nami prawdziwe modowe<span class=\"more-dots\">&#8230;<\/span><\/p>\n","protected":false},"author":16,"featured_media":9616,"comment_status":"closed","ping_status":"closed","sticky":false,"template":"","format":"standard","meta":{"footnotes":""},"categories":[3],"tags":[1525,2319,1522,1520,1521],"class_list":["post-9615","post","type-post","status-publish","format-standard","has-post-thumbnail","hentry","category-moda","tag-buty-na-zime","tag-buty-skorzane","tag-dodatki-na-zime","tag-stylowa-zima","tag-zimowa-stylizacja"],"yoast_head":"<!-- This site is optimized with the Yoast SEO plugin v21.6 - https:\/\/yoast.com\/wordpress\/plugins\/seo\/ -->\n<title>Jak wybra\u0107 buty na zim\u0119 [year]? - Magazyn Pakamera.pl<\/title>\n<meta name=\"description\" content=\"Zastanawiasz si\u0119 jak wybra\u0107 buty na zim\u0119? Ju\u017c spieszymy z propozycjami od polskich marek obuwniczych. Zobacz sama!\" \/>\n<meta name=\"robots\" content=\"index, follow\" \/>\n<link rel=\"canonical\" href=\"https:\/\/www.pakamera.pl\/magazyn\/jak-wybrac-buty-na-zime-2023\/\" \/>\n<meta property=\"og:locale\" content=\"pl_PL\" \/>\n<meta property=\"og:type\" content=\"article\" \/>\n<meta property=\"og:title\" content=\"Jak wybra\u0107 buty na zim\u0119 [year]? - Magazyn Pakamera.pl\" \/>\n<meta property=\"og:description\" content=\"Zastanawiasz si\u0119 jak wybra\u0107 buty na zim\u0119? Ju\u017c spieszymy z propozycjami od polskich marek obuwniczych. Zobacz sama!\" \/>\n<meta property=\"og:url\" content=\"https:\/\/www.pakamera.pl\/magazyn\/jak-wybrac-buty-na-zime-2023\/\" \/>\n<meta property=\"og:site_name\" content=\"Magazyn Pakamera.pl\" \/>\n<meta property=\"article:publisher\" content=\"https:\/\/facebook.com\/pakamerapl\" \/>\n<meta property=\"article:published_time\" content=\"2023-12-16T11:36:39+00:00\" \/>\n<meta property=\"article:modified_time\" content=\"2025-04-03T12:25:41+00:00\" \/>\n<meta property=\"og:image\" content=\"https:\/\/imgmag.pakamera.net\/2023\/12\/jak-wybrac-buty-na-zime-2023-133951016240.jpg\" \/>\n\t<meta property=\"og:image:width\" content=\"1600\" \/>\n\t<meta property=\"og:image:height\" content=\"840\" \/>\n\t<meta property=\"og:image:type\" content=\"image\/jpeg\" \/>\n<meta name=\"author\" content=\"Magda Strzelecka\" \/>\n<meta name=\"twitter:card\" content=\"summary_large_image\" \/>\n<meta name=\"twitter:label1\" content=\"Napisane przez\" \/>\n\t<meta name=\"twitter:data1\" content=\"Magda Strzelecka\" \/>\n\t<meta name=\"twitter:label2\" content=\"Szacowany czas czytania\" \/>\n\t<meta name=\"twitter:data2\" content=\"6 minut\" \/>\n<script type=\"application\/ld+json\" class=\"yoast-schema-graph\">{\"@context\":\"https:\/\/schema.org\",\"@graph\":[{\"@type\":\"Article\",\"@id\":\"https:\/\/www.pakamera.pl\/magazyn\/jak-wybrac-buty-na-zime-2023\/#article\",\"isPartOf\":{\"@id\":\"https:\/\/www.pakamera.pl\/magazyn\/jak-wybrac-buty-na-zime-2023\/\"},\"author\":{\"name\":\"Magda Strzelecka\",\"@id\":\"https:\/\/www.pakamera.pl\/magazyn\/#\/schema\/person\/375940ab821c5af50e1e31f1ec5282b5\"},\"headline\":\"Jak wybra\u0107 buty na zim\u0119 2026?\",\"datePublished\":\"2023-12-16T11:36:39+00:00\",\"dateModified\":\"2025-04-03T12:25:41+00:00\",\"mainEntityOfPage\":{\"@id\":\"https:\/\/www.pakamera.pl\/magazyn\/jak-wybrac-buty-na-zime-2023\/\"},\"wordCount\":913,\"publisher\":{\"@id\":\"https:\/\/www.pakamera.pl\/magazyn\/#organization\"},\"keywords\":[\"buty na zim\u0119\",\"buty sk\u00f3rzane\",\"dodatki na zim\u0119\",\"stylowa zima\",\"zimowa stylizacja\"],\"articleSection\":[\"Moda\"],\"inLanguage\":\"pl-PL\"},{\"@type\":\"WebPage\",\"@id\":\"https:\/\/www.pakamera.pl\/magazyn\/jak-wybrac-buty-na-zime-2023\/\",\"url\":\"https:\/\/www.pakamera.pl\/magazyn\/jak-wybrac-buty-na-zime-2023\/\",\"name\":\"Jak wybra\u0107 buty na zim\u0119 [year]? - Magazyn Pakamera.pl\",\"isPartOf\":{\"@id\":\"https:\/\/www.pakamera.pl\/magazyn\/#website\"},\"datePublished\":\"2023-12-16T11:36:39+00:00\",\"dateModified\":\"2025-04-03T12:25:41+00:00\",\"description\":\"Zastanawiasz si\u0119 jak wybra\u0107 buty na zim\u0119? Ju\u017c spieszymy z propozycjami od polskich marek obuwniczych. Zobacz sama!\",\"breadcrumb\":{\"@id\":\"https:\/\/www.pakamera.pl\/magazyn\/jak-wybrac-buty-na-zime-2023\/#breadcrumb\"},\"inLanguage\":\"pl-PL\",\"potentialAction\":[{\"@type\":\"ReadAction\",\"target\":[\"https:\/\/www.pakamera.pl\/magazyn\/jak-wybrac-buty-na-zime-2023\/\"]}]},{\"@type\":\"BreadcrumbList\",\"@id\":\"https:\/\/www.pakamera.pl\/magazyn\/jak-wybrac-buty-na-zime-2023\/#breadcrumb\",\"itemListElement\":[{\"@type\":\"ListItem\",\"position\":1,\"name\":\"Magazyn\",\"item\":\"https:\/\/www.pakamera.pl\/magazyn\/\"},{\"@type\":\"ListItem\",\"position\":2,\"name\":\"Moda\",\"item\":\"https:\/\/www.pakamera.pl\/magazyn\/category\/moda\/\"},{\"@type\":\"ListItem\",\"position\":3,\"name\":\"Jak wybra\u0107 buty na zim\u0119 2025?\"}]},{\"@type\":\"WebSite\",\"@id\":\"https:\/\/www.pakamera.pl\/magazyn\/#website\",\"url\":\"https:\/\/www.pakamera.pl\/magazyn\/\",\"name\":\"Magazyn Pakamera.pl\",\"description\":\"Sprawd\u017a najgor\u0119tsze tematy sezonu!\",\"publisher\":{\"@id\":\"https:\/\/www.pakamera.pl\/magazyn\/#organization\"},\"potentialAction\":[{\"@type\":\"SearchAction\",\"target\":{\"@type\":\"EntryPoint\",\"urlTemplate\":\"https:\/\/www.pakamera.pl\/magazyn\/?s={search_term_string}\"},\"query-input\":\"required name=search_term_string\"}],\"inLanguage\":\"pl-PL\"},{\"@type\":\"Organization\",\"@id\":\"https:\/\/www.pakamera.pl\/magazyn\/#organization\",\"name\":\"Pakamera.pl\",\"url\":\"https:\/\/www.pakamera.pl\/magazyn\/\",\"logo\":{\"@type\":\"ImageObject\",\"inLanguage\":\"pl-PL\",\"@id\":\"https:\/\/www.pakamera.pl\/magazyn\/#\/schema\/logo\/image\/\",\"url\":\"https:\/\/imgmag.pakamera.net\/2023\/11\/153455466619.png\",\"contentUrl\":\"https:\/\/imgmag.pakamera.net\/2023\/11\/153455466619.png\",\"width\":690,\"height\":140,\"caption\":\"Pakamera.pl\"},\"image\":{\"@id\":\"https:\/\/www.pakamera.pl\/magazyn\/#\/schema\/logo\/image\/\"},\"sameAs\":[\"https:\/\/facebook.com\/pakamerapl\",\"https:\/\/www.instagram.com\/pakamera\/\"]},{\"@type\":\"Person\",\"@id\":\"https:\/\/www.pakamera.pl\/magazyn\/#\/schema\/person\/375940ab821c5af50e1e31f1ec5282b5\",\"name\":\"Magda Strzelecka\",\"description\":\"Magda to nasza stylistka, kt\u00f3ra od ponad 10 lat \u015bci\u015ble zwi\u0105zana jest z mod\u0105. Uwielbia \u015bledzi\u0107 \u015bwiatowe trendy i przek\u0142ada\u0107 je na rynek polski. Kocha dobre sk\u0142ady ubra\u0144, wyj\u0105tkow\u0105 bi\u017cuteri\u0119 i dodatki kt\u00f3re o\u017cywi\u0105 ka\u017cd\u0105 stylizacj\u0119.\"}]}<\/script>\n<!-- \/ Yoast SEO plugin. -->","yoast_head_json":{"title":"Jak wybra\u0107 buty na zim\u0119 [year]? - Magazyn Pakamera.pl","description":"Zastanawiasz si\u0119 jak wybra\u0107 buty na zim\u0119? Ju\u017c spieszymy z propozycjami od polskich marek obuwniczych. Zobacz sama!","robots":{"index":"index","follow":"follow"},"canonical":"https:\/\/www.pakamera.pl\/magazyn\/jak-wybrac-buty-na-zime-2023\/","og_locale":"pl_PL","og_type":"article","og_title":"Jak wybra\u0107 buty na zim\u0119 [year]? - Magazyn Pakamera.pl","og_description":"Zastanawiasz si\u0119 jak wybra\u0107 buty na zim\u0119? Ju\u017c spieszymy z propozycjami od polskich marek obuwniczych. Zobacz sama!","og_url":"https:\/\/www.pakamera.pl\/magazyn\/jak-wybrac-buty-na-zime-2023\/","og_site_name":"Magazyn Pakamera.pl","article_publisher":"https:\/\/facebook.com\/pakamerapl","article_published_time":"2023-12-16T11:36:39+00:00","article_modified_time":"2025-04-03T12:25:41+00:00","og_image":[{"width":1600,"height":840,"url":"https:\/\/imgmag.pakamera.net\/2023\/12\/jak-wybrac-buty-na-zime-2023-133951016240.jpg","type":"image\/jpeg"}],"author":"Magda Strzelecka","twitter_card":"summary_large_image","twitter_misc":{"Napisane przez":"Magda Strzelecka","Szacowany czas czytania":"6 minut"},"schema":{"@context":"https:\/\/schema.org","@graph":[{"@type":"Article","@id":"https:\/\/www.pakamera.pl\/magazyn\/jak-wybrac-buty-na-zime-2023\/#article","isPartOf":{"@id":"https:\/\/www.pakamera.pl\/magazyn\/jak-wybrac-buty-na-zime-2023\/"},"author":{"name":"Magda Strzelecka","@id":"https:\/\/www.pakamera.pl\/magazyn\/#\/schema\/person\/375940ab821c5af50e1e31f1ec5282b5"},"headline":"Jak wybra\u0107 buty na zim\u0119 2026?","datePublished":"2023-12-16T11:36:39+00:00","dateModified":"2025-04-03T12:25:41+00:00","mainEntityOfPage":{"@id":"https:\/\/www.pakamera.pl\/magazyn\/jak-wybrac-buty-na-zime-2023\/"},"wordCount":913,"publisher":{"@id":"https:\/\/www.pakamera.pl\/magazyn\/#organization"},"keywords":["buty na zim\u0119","buty sk\u00f3rzane","dodatki na zim\u0119","stylowa zima","zimowa stylizacja"],"articleSection":["Moda"],"inLanguage":"pl-PL"},{"@type":"WebPage","@id":"https:\/\/www.pakamera.pl\/magazyn\/jak-wybrac-buty-na-zime-2023\/","url":"https:\/\/www.pakamera.pl\/magazyn\/jak-wybrac-buty-na-zime-2023\/","name":"Jak wybra\u0107 buty na zim\u0119 [year]? - Magazyn Pakamera.pl","isPartOf":{"@id":"https:\/\/www.pakamera.pl\/magazyn\/#website"},"datePublished":"2023-12-16T11:36:39+00:00","dateModified":"2025-04-03T12:25:41+00:00","description":"Zastanawiasz si\u0119 jak wybra\u0107 buty na zim\u0119? Ju\u017c spieszymy z propozycjami od polskich marek obuwniczych. Zobacz sama!","breadcrumb":{"@id":"https:\/\/www.pakamera.pl\/magazyn\/jak-wybrac-buty-na-zime-2023\/#breadcrumb"},"inLanguage":"pl-PL","potentialAction":[{"@type":"ReadAction","target":["https:\/\/www.pakamera.pl\/magazyn\/jak-wybrac-buty-na-zime-2023\/"]}]},{"@type":"BreadcrumbList","@id":"https:\/\/www.pakamera.pl\/magazyn\/jak-wybrac-buty-na-zime-2023\/#breadcrumb","itemListElement":[{"@type":"ListItem","position":1,"name":"Magazyn","item":"https:\/\/www.pakamera.pl\/magazyn\/"},{"@type":"ListItem","position":2,"name":"Moda","item":"https:\/\/www.pakamera.pl\/magazyn\/category\/moda\/"},{"@type":"ListItem","position":3,"name":"Jak wybra\u0107 buty na zim\u0119 2025?"}]},{"@type":"WebSite","@id":"https:\/\/www.pakamera.pl\/magazyn\/#website","url":"https:\/\/www.pakamera.pl\/magazyn\/","name":"Magazyn Pakamera.pl","description":"Sprawd\u017a najgor\u0119tsze tematy sezonu!","publisher":{"@id":"https:\/\/www.pakamera.pl\/magazyn\/#organization"},"potentialAction":[{"@type":"SearchAction","target":{"@type":"EntryPoint","urlTemplate":"https:\/\/www.pakamera.pl\/magazyn\/?s={search_term_string}"},"query-input":"required name=search_term_string"}],"inLanguage":"pl-PL"},{"@type":"Organization","@id":"https:\/\/www.pakamera.pl\/magazyn\/#organization","name":"Pakamera.pl","url":"https:\/\/www.pakamera.pl\/magazyn\/","logo":{"@type":"ImageObject","inLanguage":"pl-PL","@id":"https:\/\/www.pakamera.pl\/magazyn\/#\/schema\/logo\/image\/","url":"https:\/\/imgmag.pakamera.net\/2023\/11\/153455466619.png","contentUrl":"https:\/\/imgmag.pakamera.net\/2023\/11\/153455466619.png","width":690,"height":140,"caption":"Pakamera.pl"},"image":{"@id":"https:\/\/www.pakamera.pl\/magazyn\/#\/schema\/logo\/image\/"},"sameAs":["https:\/\/facebook.com\/pakamerapl","https:\/\/www.instagram.com\/pakamera\/"]},{"@type":"Person","@id":"https:\/\/www.pakamera.pl\/magazyn\/#\/schema\/person\/375940ab821c5af50e1e31f1ec5282b5","name":"Magda Strzelecka","description":"Magda to nasza stylistka, kt\u00f3ra od ponad 10 lat \u015bci\u015ble zwi\u0105zana jest z mod\u0105. Uwielbia \u015bledzi\u0107 \u015bwiatowe trendy i przek\u0142ada\u0107 je na rynek polski. Kocha dobre sk\u0142ady ubra\u0144, wyj\u0105tkow\u0105 bi\u017cuteri\u0119 i dodatki kt\u00f3re o\u017cywi\u0105 ka\u017cd\u0105 stylizacj\u0119."}]}},"_links":{"self":[{"href":"https:\/\/www.pakamera.pl\/magazyn\/wp-json\/wp\/v2\/posts\/9615","targetHints":{"allow":["GET"]}}],"collection":[{"href":"https:\/\/www.pakamera.pl\/magazyn\/wp-json\/wp\/v2\/posts"}],"about":[{"href":"https:\/\/www.pakamera.pl\/magazyn\/wp-json\/wp\/v2\/types\/post"}],"author":[{"embeddable":true,"href":"https:\/\/www.pakamera.pl\/magazyn\/wp-json\/wp\/v2\/users\/16"}],"replies":[{"embeddable":true,"href":"https:\/\/www.pakamera.pl\/magazyn\/wp-json\/wp\/v2\/comments?post=9615"}],"version-history":[{"count":2,"href":"https:\/\/www.pakamera.pl\/magazyn\/wp-json\/wp\/v2\/posts\/9615\/revisions"}],"predecessor-version":[{"id":13162,"href":"https:\/\/www.pakamera.pl\/magazyn\/wp-json\/wp\/v2\/posts\/9615\/revisions\/13162"}],"wp:featuredmedia":[{"embeddable":true,"href":"https:\/\/www.pakamera.pl\/magazyn\/wp-json\/wp\/v2\/media\/9616"}],"wp:attachment":[{"href":"https:\/\/www.pakamera.pl\/magazyn\/wp-json\/wp\/v2\/media?parent=9615"}],"wp:term":[{"taxonomy":"category","embeddable":true,"href":"https:\/\/www.pakamera.pl\/magazyn\/wp-json\/wp\/v2\/categories?post=9615"},{"taxonomy":"post_tag","embeddable":true,"href":"https:\/\/www.pakamera.pl\/magazyn\/wp-json\/wp\/v2\/tags?post=9615"}],"curies":[{"name":"wp","href":"https:\/\/api.w.org\/{rel}","templated":true}]}}