{"id":9599,"date":"2023-12-12T11:37:02","date_gmt":"2023-12-12T10:37:02","guid":{"rendered":"https:\/\/www.pakamera.pl\/magazyn\/?p=9599"},"modified":"2025-03-03T15:02:03","modified_gmt":"2025-03-03T14:02:03","slug":"jak-sie-ubrac-na-wigilie-firmowa","status":"publish","type":"post","link":"https:\/\/www.pakamera.pl\/magazyn\/jak-sie-ubrac-na-wigilie-firmowa\/","title":{"rendered":"Jak si\u0119 ubra\u0107 na Wigili\u0119 firmow\u0105?"},"content":{"rendered":"<p><strong>Wyb\u00f3r eleganckiego stroju na oficjalne spotkanie to nie lada wyzwanie. Nie wiesz, jak si\u0119 ubra\u0107 na Wigili\u0119 firmow\u0105? Powinna\u015b wygl\u0105da\u0107 jednocze\u015bnie profesjonalnie i \u015bwi\u0105tecznie! Sprawd\u017a nasze praktyczne wskaz\u00f3wki, dzi\u0119ki kt\u00f3rym Twoja stylizacja ol\u015bni wsp\u00f3\u0142pracownik\u00f3w.<\/strong><\/p>\n<p><!--more--><\/p>\n<figure id=\"attachment_9601\" aria-describedby=\"caption-attachment-9601\" style=\"width: 1600px\" class=\"wp-caption alignnone\"><img loading=\"lazy\" decoding=\"async\" class=\"wp-image-9601 size-full\" src=\"https:\/\/imgmag.pakamera.net\/2023\/12\/jak-sie-ubrac-na-wigilie-firmowa-111240877141.jpg\" alt=\"czarna koszula na wigili\u0119 firmow\u0105\" width=\"1600\" height=\"840\" \/><figcaption id=\"caption-attachment-9601\" class=\"wp-caption-text\">Koszula Flowers in Black z r\u00f3\u017c\u0105 II \/ bellera \/ www.pakamera.pl<\/figcaption><\/figure>\n<p>Oto prawdziwie wyj\u0105tkowa okazja, by spotka\u0107 si\u0119 z kolegami z pracy w mniej formalnej atmosferze \u2013 Wigilia firmowa. Stylizacje na taki event <strong>powinny odzwierciedla\u0107 Tw\u00f3j styl, a jednocze\u015bnie pokazywa\u0107 szacunek<\/strong> do profesjonalist\u00f3w, z kt\u00f3rymi sp\u0119dzisz czas. Uczcij te chwile odpowiednim ubiorem!<\/p>\n<h2>Eleganckie, ale odpowiednie \u2013 jak ubra\u0107 si\u0119 na Wigili\u0119 firmow\u0105?<\/h2>\n<p>Na Wigili\u0119 w domowym zaciszu mo\u017cesz si\u0119 ubra\u0107 mniej formalnie \u2013 w ko\u0144cu sp\u0119dzasz czas z najbli\u017cszymi lud\u017ami. Spotkanie firmowe wymaga jednak odpowiedniej oprawy. W tej roli <strong>\u015bwietnie sprawdzi si\u0119 klasyczna sukienka koktajlowa, o d\u0142ugo\u015bci nieco poni\u017cej kolana<\/strong>, w stonowanych kolorach, np. granatowym, czarnym lub czerwonym. Uzupe\u0142nij kreacj\u0119 minimalistyczn\u0105 bi\u017cuteri\u0105 i komfortowym obuwiem, np. muszkieterkami na niskim obcasie lub balerinami.<\/p>\n<div id=\"pakawidget931\" class=\"pakawidget\"><\/div>\n<p><script async defer src=\"https:\/\/www.pakamera.pl\/widget\/widget2.min.js?id=931&#038;type=20231212111717&#038;wwidth=1000\"><\/script><\/p>\n<p>Je\u015bli wolisz spodnie od sukienek, ubierz <strong>chinosy lub inny materia\u0142owy model o prostych nogawkach<\/strong>. Na g\u00f3r\u0119 za\u0142\u00f3\u017c zapinan\u0105 na guziki <a href=\"https:\/\/www.pakamera.pl\/bluzki-koszule-0-2950.htm\" target=\"_blank\" rel=\"noopener\">koszula damska<\/a> lub eleganck\u0105 bluzk\u0119 wykonan\u0105 z satyny czy jedwabiu. Na wierzch zarzu\u0107 <strong>dopasowan\u0105 marynark\u0119 lub mi\u0119kki kardigan w pasuj\u0105cym odcieniu<\/strong>. <strong>Unikaj nadmiernych ozd\u00f3b i zbyt wyzywaj\u0105cych kroj\u00f3w<\/strong>. Str\u00f3j nie powinien kr\u0119powa\u0107 ruch\u00f3w, aby wygodnie by\u0142o Ci w nim siedzie\u0107 przy stole i sta\u0107 podczas rozm\u00f3w z innymi uczestnikami spotkania.<\/p>\n<h2>Balans mi\u0119dzy formalnym a \u015bwi\u0105tecznym stylem<\/h2>\n<p>Jak si\u0119 ubra\u0107 na Wigili\u0119 w pracy? Znajd\u017a str\u00f3j, kt\u00f3ry \u0142\u0105czy w sobie eleganckie i \u015bwi\u0105teczne nuty. <strong>Sukienka w stonowanym kolorze (np. ciemnozielonym czy granatowym)<\/strong>, ozdobiona delikatnymi \u015bwi\u0105tecznymi akcentami, np. z\u0142otymi czy srebrnymi detalami, pasuje idealnie do takiej okazji. W komplecie z czarnymi szpilkami i minimalistyczn\u0105 bi\u017cuteri\u0105 stworzy doskona\u0142y zestaw.<\/p>\n<p>Na okazje firmowe mo\u017cesz r\u00f3wnie\u017c postawi\u0107 na bo\u017conarodzeniowe akcenty, np. <strong>jedwabn\u0105 bluzk\u0119 w delikatny wz\u00f3r ze \u015bnie\u017cynkami lub gwiazdkami<\/strong>, b\u0142yszcz\u0105ce ozdoby do w\u0142os\u00f3w czy \u015bwi\u0105teczn\u0105 apaszk\u0119. Raczej jednak nie tw\u00f3rz \u015bwi\u0105tecznego total looku \u2013 swetry z reniferami czy Miko\u0142ajami lepiej prezentuj\u0105 si\u0119 w domu lub podczas mniej formalnych spotka\u0144.<\/p>\n<h2>Must-have w szafie na firmow\u0105 Wigili\u0119<\/h2>\n<figure id=\"attachment_9602\" aria-describedby=\"caption-attachment-9602\" style=\"width: 1600px\" class=\"wp-caption alignnone\"><img loading=\"lazy\" decoding=\"async\" class=\"wp-image-9602 size-full\" src=\"https:\/\/imgmag.pakamera.net\/2023\/12\/jak-sie-ubrac-na-wigilie-firmowa-112321548622.jpg\" alt=\"satynowy kombinezon bordowy na wigili\u0119 firmow\u0105\" width=\"1600\" height=\"840\" \/><figcaption id=\"caption-attachment-9602\" class=\"wp-caption-text\">Satynowy kombinezon-bordowy(K-171) \/ MAKOVER \/ www.pakamera.pl<\/figcaption><\/figure>\n<p>Idealnym strojem na Wigili\u0119 b\u0119dzie <strong>elegancki kombinezon z d\u0142ugim r\u0119kawem w ciemnym kolorze<\/strong>. Mo\u017ce by\u0107 wykonany z wygl\u0105daj\u0105cego luksusowo weluru lub satyny i przewi\u0105zany ozdobn\u0105 szarf\u0105 w pasie dla podkre\u015blenia talii. Aby nie zmarzn\u0105\u0107, na wierzch zarzu\u0107 <strong>marynark\u0119 w stonowanym odcieniu<\/strong>. Je\u015bli chcesz doda\u0107 swojemu ubiorowi nutki glamour, za\u0142\u00f3\u017c <strong>metaliczne ozdoby \u2013 kolczyki w kszta\u0142cie choinek lub gwiazdek i b\u0142yszcz\u0105ce buty na niskim obcasie<\/strong>.<\/p>\n<p>Paniom, kt\u00f3re kochaj\u0105 elegancj\u0119, polecamy <a href=\"https:\/\/www.pakamera.pl\/garnitur-damski-0-t81879.htm\" target=\"_blank\" rel=\"noopener\">garnitur damski<\/a> w ciemnoszarym lub granatowym odcieniu. Wybierz <strong>spodnie o prostym kroju i dopasowan\u0105 dwurz\u0119dow\u0105 marynark\u0119<\/strong>. Pod sp\u00f3d w\u0142\u00f3\u017c bia\u0142\u0105 satynow\u0105 bluzk\u0119. Na nogi ubierz <strong>oxfordy lub loafersy \u2013 b\u0119dziesz si\u0119 prezentowa\u0107 nowocze\u015bnie<\/strong>.<\/p>\n<p>Je\u015bli w pracy nie masz sztywnego dress code\u2019u, mo\u017cesz r\u00f3wnie\u017c zdecydowa\u0107 si\u0119 na spodnie jeansowe. Koniecznie sprawd\u017a, jaka marynarka pasuje do jeans\u00f3w na Pakamera.pl.<\/p>\n<h2>Jakie kolory i wzory wybra\u0107 na firmowe spotkanie \u015bwi\u0105teczne?<\/h2>\n<p>Stylizacja na Wigili\u0119 firmow\u0105 powinna by\u0107 utrzymana w stonowanych kolorach. Dobrze <strong>sprawdz\u0105 si\u0119 granatowy, szary, ciemnozielony i czerwony<\/strong>. Te barwy s\u0105 eleganckie, ale jednocze\u015bnie zachowuj\u0105 \u015bwi\u0105teczny charakter. Je\u015bli wolisz neutralne kreacje, postaw na <strong>uniwersalny be\u017c lub czer\u0144<\/strong>. Subtelne <strong>z\u0142ote lub srebrne akcenty dodadz\u0105 strojowi blasku<\/strong>. Nie przesad\u017a jednak z ilo\u015bci\u0105 dodatk\u00f3w.<\/p>\n<p>Je\u015bli zdecydujesz si\u0119 na wyrazisty wz\u00f3r lub kolor na jednym z element\u00f3w garderoby, reszt\u0119 stroju utrzymaj w bardziej stonowanych barwach. Jaskrawoczerwon\u0105 sukienk\u0119 po\u0142\u0105cz z czarnymi butami i torebk\u0105, a na jedwabn\u0105 bluzk\u0119 w \u015bwi\u0105teczny wzorek zarzu\u0107 jednolit\u0105 marynark\u0119.<\/p>\n<div id=\"pakawidget932\" class=\"pakawidget\"><\/div>\n<p><script async defer src=\"https:\/\/www.pakamera.pl\/widget\/widget2.min.js?id=932&#038;type=20231212113037&#038;wwidth=1000\"><\/script><\/p>\n<h2>Wigilia firmowa \u2013 stylizacje<\/h2>\n<p>Jak si\u0119 ubra\u0107 na Wigili\u0119 w pracy? Gwiazd\u0105 Twojej stylizacji mo\u017ce sta\u0107 si\u0119 <strong>plisowana sp\u00f3dnica midi w g\u0142\u0119bokim kolorze bordo lub ciemnym z\u0142ocie<\/strong>. Dobierz do niej dopasowany, <strong>g\u0142adki sweter w kolorze be\u017cowym lub czarnym<\/strong>. Dodaj przylegaj\u0105cy do szyi <strong>naszyjnik z per\u0142ami i eleganck\u0105 kopert\u00f3wk\u0119<\/strong>. Na stopy w\u0142\u00f3\u017c botki na obcasie. Nie zapomnij o ciep\u0142ych czarnych rajstopach!<\/p>\n<p>Je\u015bli poszukujesz maksymalnej elegancji, za\u0142\u00f3\u017c <strong>czarn\u0105 lub be\u017cow\u0105 sukienk\u0119 z dzianiny i ciep\u0142y sweter<\/strong> z lu\u017anymi r\u0119kawami w tym samym kolorze. Do tego dobierz minimalistyczne srebrne kolczyki k\u00f3\u0142eczka i delikatny zegarek na \u0142a\u0144cuszku. Stylizacj\u0119 uzupe\u0142nij wysokimi botkami na obcasie.<\/p>\n<p>Jak si\u0119 ubra\u0107 na Wigili\u0119 firmow\u0105, \u017ceby czu\u0107 si\u0119 profesjonalnie? Wykorzystaj trend power dressing, czyli styl kobiet sukcesu. Bez trudu stworzysz go z <strong>eleganckimi spodniami typu cigarette w kolorze czarnym lub ciemnoniebieskim<\/strong> i jedwabn\u0105 czerwon\u0105 czy bia\u0142\u0105 bluzk\u0105. W tym charakterze sprawdz\u0105 si\u0119 r\u00f3wnie\u017c koszule damskie. <strong>Subtelna broszka, ma\u0142a torebka na rami\u0119 i niskie cz\u00f3\u0142enka<\/strong> lub mokasyny dope\u0142ni\u0105 stylizacj\u0119.<\/p>\n<p>Wyj\u0105tkowa stylizacja na Wigili\u0119 firmow\u0105 od polskich projektant\u00f3w czeka na Ciebie na Pakamera.pl. Zajrzyj na stron\u0119 ju\u017c dzi\u015b, aby paczka zd\u0105\u017cy\u0142a doj\u015b\u0107 przed spotkaniem.<\/p>\n","protected":false},"excerpt":{"rendered":"<p>Wyb\u00f3r eleganckiego stroju na oficjalne spotkanie to nie lada wyzwanie. Nie wiesz, jak si\u0119 ubra\u0107 na Wigili\u0119 firmow\u0105? Powinna\u015b wygl\u0105da\u0107 jednocze\u015bnie profesjonalnie i \u015bwi\u0105tecznie! Sprawd\u017a nasze praktyczne wskaz\u00f3wki, dzi\u0119ki kt\u00f3rym<span class=\"more-dots\">&#8230;<\/span><\/p>\n","protected":false},"author":16,"featured_media":9601,"comment_status":"closed","ping_status":"closed","sticky":false,"template":"","format":"standard","meta":{"footnotes":""},"categories":[3],"tags":[551,549,2332,632,2456],"class_list":["post-9599","post","type-post","status-publish","format-standard","has-post-thumbnail","hentry","category-moda","tag-praca","tag-rozmowa-o-prace","tag-sukienka-na-wigilie","tag-wigilia","tag-wigilia-fimowa"],"yoast_head":"<!-- This site is optimized with the Yoast SEO plugin v21.6 - https:\/\/yoast.com\/wordpress\/plugins\/seo\/ -->\n<title>Jak si\u0119 ubra\u0107 na Wigili\u0119 firmow\u0105? - Magazyn Pakamera.pl<\/title>\n<meta name=\"description\" content=\"Zastanawiasz si\u0119 jak si\u0119 ubra\u0107 na wigili\u0119 firmow\u0105? Zobacz nasze propozycje zar\u00f3wno na bardzo jak i mniej formalne przyj\u0119cia.\" \/>\n<meta name=\"robots\" content=\"index, follow\" \/>\n<link rel=\"canonical\" href=\"https:\/\/www.pakamera.pl\/magazyn\/jak-sie-ubrac-na-wigilie-firmowa\/\" \/>\n<meta property=\"og:locale\" content=\"pl_PL\" \/>\n<meta property=\"og:type\" content=\"article\" \/>\n<meta property=\"og:title\" content=\"Jak si\u0119 ubra\u0107 na Wigili\u0119 firmow\u0105? - Magazyn Pakamera.pl\" \/>\n<meta property=\"og:description\" content=\"Zastanawiasz si\u0119 jak si\u0119 ubra\u0107 na wigili\u0119 firmow\u0105? Zobacz nasze propozycje zar\u00f3wno na bardzo jak i mniej formalne przyj\u0119cia.\" \/>\n<meta property=\"og:url\" content=\"https:\/\/www.pakamera.pl\/magazyn\/jak-sie-ubrac-na-wigilie-firmowa\/\" \/>\n<meta property=\"og:site_name\" content=\"Magazyn Pakamera.pl\" \/>\n<meta property=\"article:publisher\" content=\"https:\/\/facebook.com\/pakamerapl\" \/>\n<meta property=\"article:published_time\" content=\"2023-12-12T10:37:02+00:00\" \/>\n<meta property=\"article:modified_time\" content=\"2025-03-03T14:02:03+00:00\" \/>\n<meta property=\"og:image\" content=\"https:\/\/imgmag.pakamera.net\/2023\/12\/jak-sie-ubrac-na-wigilie-firmowa-111240877141.jpg\" \/>\n\t<meta property=\"og:image:width\" content=\"1600\" \/>\n\t<meta property=\"og:image:height\" content=\"840\" \/>\n\t<meta property=\"og:image:type\" content=\"image\/jpeg\" \/>\n<meta name=\"author\" content=\"Magda Strzelecka\" \/>\n<meta name=\"twitter:card\" content=\"summary_large_image\" \/>\n<meta name=\"twitter:label1\" content=\"Napisane przez\" \/>\n\t<meta name=\"twitter:data1\" content=\"Magda Strzelecka\" \/>\n\t<meta name=\"twitter:label2\" content=\"Szacowany czas czytania\" \/>\n\t<meta name=\"twitter:data2\" content=\"5 minut\" \/>\n<script type=\"application\/ld+json\" class=\"yoast-schema-graph\">{\"@context\":\"https:\/\/schema.org\",\"@graph\":[{\"@type\":\"Article\",\"@id\":\"https:\/\/www.pakamera.pl\/magazyn\/jak-sie-ubrac-na-wigilie-firmowa\/#article\",\"isPartOf\":{\"@id\":\"https:\/\/www.pakamera.pl\/magazyn\/jak-sie-ubrac-na-wigilie-firmowa\/\"},\"author\":{\"name\":\"Magda Strzelecka\",\"@id\":\"https:\/\/www.pakamera.pl\/magazyn\/#\/schema\/person\/375940ab821c5af50e1e31f1ec5282b5\"},\"headline\":\"Jak si\u0119 ubra\u0107 na Wigili\u0119 firmow\u0105?\",\"datePublished\":\"2023-12-12T10:37:02+00:00\",\"dateModified\":\"2025-03-03T14:02:03+00:00\",\"mainEntityOfPage\":{\"@id\":\"https:\/\/www.pakamera.pl\/magazyn\/jak-sie-ubrac-na-wigilie-firmowa\/\"},\"wordCount\":886,\"publisher\":{\"@id\":\"https:\/\/www.pakamera.pl\/magazyn\/#organization\"},\"keywords\":[\"praca\",\"rozmowa o prac\u0119\",\"sukienka na wigili\u0119\",\"wigilia\",\"wigilia fimowa\"],\"articleSection\":[\"Moda\"],\"inLanguage\":\"pl-PL\"},{\"@type\":\"WebPage\",\"@id\":\"https:\/\/www.pakamera.pl\/magazyn\/jak-sie-ubrac-na-wigilie-firmowa\/\",\"url\":\"https:\/\/www.pakamera.pl\/magazyn\/jak-sie-ubrac-na-wigilie-firmowa\/\",\"name\":\"Jak si\u0119 ubra\u0107 na Wigili\u0119 firmow\u0105? - Magazyn Pakamera.pl\",\"isPartOf\":{\"@id\":\"https:\/\/www.pakamera.pl\/magazyn\/#website\"},\"datePublished\":\"2023-12-12T10:37:02+00:00\",\"dateModified\":\"2025-03-03T14:02:03+00:00\",\"description\":\"Zastanawiasz si\u0119 jak si\u0119 ubra\u0107 na wigili\u0119 firmow\u0105? Zobacz nasze propozycje zar\u00f3wno na bardzo jak i mniej formalne przyj\u0119cia.\",\"breadcrumb\":{\"@id\":\"https:\/\/www.pakamera.pl\/magazyn\/jak-sie-ubrac-na-wigilie-firmowa\/#breadcrumb\"},\"inLanguage\":\"pl-PL\",\"potentialAction\":[{\"@type\":\"ReadAction\",\"target\":[\"https:\/\/www.pakamera.pl\/magazyn\/jak-sie-ubrac-na-wigilie-firmowa\/\"]}]},{\"@type\":\"BreadcrumbList\",\"@id\":\"https:\/\/www.pakamera.pl\/magazyn\/jak-sie-ubrac-na-wigilie-firmowa\/#breadcrumb\",\"itemListElement\":[{\"@type\":\"ListItem\",\"position\":1,\"name\":\"Magazyn\",\"item\":\"https:\/\/www.pakamera.pl\/magazyn\/\"},{\"@type\":\"ListItem\",\"position\":2,\"name\":\"Moda\",\"item\":\"https:\/\/www.pakamera.pl\/magazyn\/category\/moda\/\"},{\"@type\":\"ListItem\",\"position\":3,\"name\":\"Jak si\u0119 ubra\u0107 na Wigili\u0119 firmow\u0105?\"}]},{\"@type\":\"WebSite\",\"@id\":\"https:\/\/www.pakamera.pl\/magazyn\/#website\",\"url\":\"https:\/\/www.pakamera.pl\/magazyn\/\",\"name\":\"Magazyn Pakamera.pl\",\"description\":\"Sprawd\u017a najgor\u0119tsze tematy sezonu!\",\"publisher\":{\"@id\":\"https:\/\/www.pakamera.pl\/magazyn\/#organization\"},\"potentialAction\":[{\"@type\":\"SearchAction\",\"target\":{\"@type\":\"EntryPoint\",\"urlTemplate\":\"https:\/\/www.pakamera.pl\/magazyn\/?s={search_term_string}\"},\"query-input\":\"required name=search_term_string\"}],\"inLanguage\":\"pl-PL\"},{\"@type\":\"Organization\",\"@id\":\"https:\/\/www.pakamera.pl\/magazyn\/#organization\",\"name\":\"Pakamera.pl\",\"url\":\"https:\/\/www.pakamera.pl\/magazyn\/\",\"logo\":{\"@type\":\"ImageObject\",\"inLanguage\":\"pl-PL\",\"@id\":\"https:\/\/www.pakamera.pl\/magazyn\/#\/schema\/logo\/image\/\",\"url\":\"https:\/\/imgmag.pakamera.net\/2023\/11\/153455466619.png\",\"contentUrl\":\"https:\/\/imgmag.pakamera.net\/2023\/11\/153455466619.png\",\"width\":690,\"height\":140,\"caption\":\"Pakamera.pl\"},\"image\":{\"@id\":\"https:\/\/www.pakamera.pl\/magazyn\/#\/schema\/logo\/image\/\"},\"sameAs\":[\"https:\/\/facebook.com\/pakamerapl\",\"https:\/\/www.instagram.com\/pakamera\/\"]},{\"@type\":\"Person\",\"@id\":\"https:\/\/www.pakamera.pl\/magazyn\/#\/schema\/person\/375940ab821c5af50e1e31f1ec5282b5\",\"name\":\"Magda Strzelecka\",\"description\":\"Magda to nasza stylistka, kt\u00f3ra od ponad 10 lat \u015bci\u015ble zwi\u0105zana jest z mod\u0105. Uwielbia \u015bledzi\u0107 \u015bwiatowe trendy i przek\u0142ada\u0107 je na rynek polski. Kocha dobre sk\u0142ady ubra\u0144, wyj\u0105tkow\u0105 bi\u017cuteri\u0119 i dodatki kt\u00f3re o\u017cywi\u0105 ka\u017cd\u0105 stylizacj\u0119.\"}]}<\/script>\n<!-- \/ Yoast SEO plugin. -->","yoast_head_json":{"title":"Jak si\u0119 ubra\u0107 na Wigili\u0119 firmow\u0105? - Magazyn Pakamera.pl","description":"Zastanawiasz si\u0119 jak si\u0119 ubra\u0107 na wigili\u0119 firmow\u0105? Zobacz nasze propozycje zar\u00f3wno na bardzo jak i mniej formalne przyj\u0119cia.","robots":{"index":"index","follow":"follow"},"canonical":"https:\/\/www.pakamera.pl\/magazyn\/jak-sie-ubrac-na-wigilie-firmowa\/","og_locale":"pl_PL","og_type":"article","og_title":"Jak si\u0119 ubra\u0107 na Wigili\u0119 firmow\u0105? - Magazyn Pakamera.pl","og_description":"Zastanawiasz si\u0119 jak si\u0119 ubra\u0107 na wigili\u0119 firmow\u0105? Zobacz nasze propozycje zar\u00f3wno na bardzo jak i mniej formalne przyj\u0119cia.","og_url":"https:\/\/www.pakamera.pl\/magazyn\/jak-sie-ubrac-na-wigilie-firmowa\/","og_site_name":"Magazyn Pakamera.pl","article_publisher":"https:\/\/facebook.com\/pakamerapl","article_published_time":"2023-12-12T10:37:02+00:00","article_modified_time":"2025-03-03T14:02:03+00:00","og_image":[{"width":1600,"height":840,"url":"https:\/\/imgmag.pakamera.net\/2023\/12\/jak-sie-ubrac-na-wigilie-firmowa-111240877141.jpg","type":"image\/jpeg"}],"author":"Magda Strzelecka","twitter_card":"summary_large_image","twitter_misc":{"Napisane przez":"Magda Strzelecka","Szacowany czas czytania":"5 minut"},"schema":{"@context":"https:\/\/schema.org","@graph":[{"@type":"Article","@id":"https:\/\/www.pakamera.pl\/magazyn\/jak-sie-ubrac-na-wigilie-firmowa\/#article","isPartOf":{"@id":"https:\/\/www.pakamera.pl\/magazyn\/jak-sie-ubrac-na-wigilie-firmowa\/"},"author":{"name":"Magda Strzelecka","@id":"https:\/\/www.pakamera.pl\/magazyn\/#\/schema\/person\/375940ab821c5af50e1e31f1ec5282b5"},"headline":"Jak si\u0119 ubra\u0107 na Wigili\u0119 firmow\u0105?","datePublished":"2023-12-12T10:37:02+00:00","dateModified":"2025-03-03T14:02:03+00:00","mainEntityOfPage":{"@id":"https:\/\/www.pakamera.pl\/magazyn\/jak-sie-ubrac-na-wigilie-firmowa\/"},"wordCount":886,"publisher":{"@id":"https:\/\/www.pakamera.pl\/magazyn\/#organization"},"keywords":["praca","rozmowa o prac\u0119","sukienka na wigili\u0119","wigilia","wigilia fimowa"],"articleSection":["Moda"],"inLanguage":"pl-PL"},{"@type":"WebPage","@id":"https:\/\/www.pakamera.pl\/magazyn\/jak-sie-ubrac-na-wigilie-firmowa\/","url":"https:\/\/www.pakamera.pl\/magazyn\/jak-sie-ubrac-na-wigilie-firmowa\/","name":"Jak si\u0119 ubra\u0107 na Wigili\u0119 firmow\u0105? - Magazyn Pakamera.pl","isPartOf":{"@id":"https:\/\/www.pakamera.pl\/magazyn\/#website"},"datePublished":"2023-12-12T10:37:02+00:00","dateModified":"2025-03-03T14:02:03+00:00","description":"Zastanawiasz si\u0119 jak si\u0119 ubra\u0107 na wigili\u0119 firmow\u0105? Zobacz nasze propozycje zar\u00f3wno na bardzo jak i mniej formalne przyj\u0119cia.","breadcrumb":{"@id":"https:\/\/www.pakamera.pl\/magazyn\/jak-sie-ubrac-na-wigilie-firmowa\/#breadcrumb"},"inLanguage":"pl-PL","potentialAction":[{"@type":"ReadAction","target":["https:\/\/www.pakamera.pl\/magazyn\/jak-sie-ubrac-na-wigilie-firmowa\/"]}]},{"@type":"BreadcrumbList","@id":"https:\/\/www.pakamera.pl\/magazyn\/jak-sie-ubrac-na-wigilie-firmowa\/#breadcrumb","itemListElement":[{"@type":"ListItem","position":1,"name":"Magazyn","item":"https:\/\/www.pakamera.pl\/magazyn\/"},{"@type":"ListItem","position":2,"name":"Moda","item":"https:\/\/www.pakamera.pl\/magazyn\/category\/moda\/"},{"@type":"ListItem","position":3,"name":"Jak si\u0119 ubra\u0107 na Wigili\u0119 firmow\u0105?"}]},{"@type":"WebSite","@id":"https:\/\/www.pakamera.pl\/magazyn\/#website","url":"https:\/\/www.pakamera.pl\/magazyn\/","name":"Magazyn Pakamera.pl","description":"Sprawd\u017a najgor\u0119tsze tematy sezonu!","publisher":{"@id":"https:\/\/www.pakamera.pl\/magazyn\/#organization"},"potentialAction":[{"@type":"SearchAction","target":{"@type":"EntryPoint","urlTemplate":"https:\/\/www.pakamera.pl\/magazyn\/?s={search_term_string}"},"query-input":"required name=search_term_string"}],"inLanguage":"pl-PL"},{"@type":"Organization","@id":"https:\/\/www.pakamera.pl\/magazyn\/#organization","name":"Pakamera.pl","url":"https:\/\/www.pakamera.pl\/magazyn\/","logo":{"@type":"ImageObject","inLanguage":"pl-PL","@id":"https:\/\/www.pakamera.pl\/magazyn\/#\/schema\/logo\/image\/","url":"https:\/\/imgmag.pakamera.net\/2023\/11\/153455466619.png","contentUrl":"https:\/\/imgmag.pakamera.net\/2023\/11\/153455466619.png","width":690,"height":140,"caption":"Pakamera.pl"},"image":{"@id":"https:\/\/www.pakamera.pl\/magazyn\/#\/schema\/logo\/image\/"},"sameAs":["https:\/\/facebook.com\/pakamerapl","https:\/\/www.instagram.com\/pakamera\/"]},{"@type":"Person","@id":"https:\/\/www.pakamera.pl\/magazyn\/#\/schema\/person\/375940ab821c5af50e1e31f1ec5282b5","name":"Magda Strzelecka","description":"Magda to nasza stylistka, kt\u00f3ra od ponad 10 lat \u015bci\u015ble zwi\u0105zana jest z mod\u0105. Uwielbia \u015bledzi\u0107 \u015bwiatowe trendy i przek\u0142ada\u0107 je na rynek polski. Kocha dobre sk\u0142ady ubra\u0144, wyj\u0105tkow\u0105 bi\u017cuteri\u0119 i dodatki kt\u00f3re o\u017cywi\u0105 ka\u017cd\u0105 stylizacj\u0119."}]}},"_links":{"self":[{"href":"https:\/\/www.pakamera.pl\/magazyn\/wp-json\/wp\/v2\/posts\/9599","targetHints":{"allow":["GET"]}}],"collection":[{"href":"https:\/\/www.pakamera.pl\/magazyn\/wp-json\/wp\/v2\/posts"}],"about":[{"href":"https:\/\/www.pakamera.pl\/magazyn\/wp-json\/wp\/v2\/types\/post"}],"author":[{"embeddable":true,"href":"https:\/\/www.pakamera.pl\/magazyn\/wp-json\/wp\/v2\/users\/16"}],"replies":[{"embeddable":true,"href":"https:\/\/www.pakamera.pl\/magazyn\/wp-json\/wp\/v2\/comments?post=9599"}],"version-history":[{"count":3,"href":"https:\/\/www.pakamera.pl\/magazyn\/wp-json\/wp\/v2\/posts\/9599\/revisions"}],"predecessor-version":[{"id":12790,"href":"https:\/\/www.pakamera.pl\/magazyn\/wp-json\/wp\/v2\/posts\/9599\/revisions\/12790"}],"wp:featuredmedia":[{"embeddable":true,"href":"https:\/\/www.pakamera.pl\/magazyn\/wp-json\/wp\/v2\/media\/9601"}],"wp:attachment":[{"href":"https:\/\/www.pakamera.pl\/magazyn\/wp-json\/wp\/v2\/media?parent=9599"}],"wp:term":[{"taxonomy":"category","embeddable":true,"href":"https:\/\/www.pakamera.pl\/magazyn\/wp-json\/wp\/v2\/categories?post=9599"},{"taxonomy":"post_tag","embeddable":true,"href":"https:\/\/www.pakamera.pl\/magazyn\/wp-json\/wp\/v2\/tags?post=9599"}],"curies":[{"name":"wp","href":"https:\/\/api.w.org\/{rel}","templated":true}]}}