{"id":9594,"date":"2023-12-11T12:19:45","date_gmt":"2023-12-11T11:19:45","guid":{"rendered":"https:\/\/www.pakamera.pl\/magazyn\/?p=9594"},"modified":"2023-12-11T12:19:45","modified_gmt":"2023-12-11T11:19:45","slug":"uniwersalne-plaszcze-na-zime-ktore-nie-wyjda-z-mody","status":"publish","type":"post","link":"https:\/\/www.pakamera.pl\/magazyn\/uniwersalne-plaszcze-na-zime-ktore-nie-wyjda-z-mody\/","title":{"rendered":"Uniwersalne p\u0142aszcze na zim\u0119, kt\u00f3re nie wyjd\u0105 z mody"},"content":{"rendered":"<p><strong>Gdy robi si\u0119 ch\u0142odniej, z szafy wyci\u0105gasz ciep\u0142e swetry, we\u0142niane sukienki i stylowe okrycia wierzchnie. W tym sezonie najmodniejsze s\u0105 d\u0142ugie ubrania \u2013 kr\u00f3tkie kurtki lepiej sprawdz\u0105 si\u0119 w okresie przej\u015bciowym. Poznaj uniwersalne p\u0142aszcze na zim\u0119, kt\u00f3re nie wyjd\u0105 z mody przez nast\u0119pne sezony. Masz je ju\u017c w swojej kolekcji?<\/strong><\/p>\n<p><!--more--><\/p>\n<figure id=\"attachment_9595\" aria-describedby=\"caption-attachment-9595\" style=\"width: 1600px\" class=\"wp-caption alignnone\"><img loading=\"lazy\" decoding=\"async\" class=\"wp-image-9595 size-full\" src=\"https:\/\/imgmag.pakamera.net\/2023\/12\/uniwersalne-plaszcze-na-zime-ktore-nie-wyjda-z-mody-114436193080.jpg\" alt=\"uniwersalny p\u0142aszcz na zim\u0119 z futerkiem\" width=\"1600\" height=\"840\" \/><figcaption id=\"caption-attachment-9595\" class=\"wp-caption-text\">P\u0142aszcz Futerko Milano \/ Pracownia FIO \/ www.pakamera.pl<\/figcaption><\/figure>\n<p>Dla kobiet ceni\u0105cych sobie styl i komfort w niskich temperaturach p\u0142aszcz b\u0119dzie idealnym wyborem. Zapewnia on <strong>ciep\u0142o i ochron\u0119 przed niesprzyjaj\u0105cymi warunkami pogodowymi<\/strong>. Ubranie dobrane zgodnie z naszymi wskaz\u00f3wkami pozostanie w modzie przez wiele sezon\u00f3w. Zaproponowane przez nas kroje, materia\u0142y i kolory to trafna i d\u0142ugoterminowa inwestycja w zimow\u0105 garderob\u0119.<\/p>\n<h2>Jak wybra\u0107 p\u0142aszcz na zim\u0119?<\/h2>\n<p>Uniwersalny p\u0142aszcz na zim\u0119 zostanie z Tob\u0105 przez wiele lat. To zdecydowanie nie jest wyb\u00f3r na jeden sezon, dlatego <strong>zwr\u00f3\u0107 uwag\u0119 na jako\u015b\u0107 wykonania ubrania<\/strong>. Du\u017ce znaczenie ma materia\u0142, dlatego te\u017c <strong>w ch\u0142odne dni na ulicach kr\u00f3luje we\u0142na<\/strong>. Ta naturalna tkanina charakteryzuje si\u0119 du\u017c\u0105 trwa\u0142o\u015bci\u0105, dobr\u0105 izolacj\u0105 ciepln\u0105 i eleganckim wygl\u0105dem. Inn\u0105 polecan\u0105 opcj\u0105 s\u0105 p\u0142aszcze puchowe \u2013 wygl\u0105daj\u0105 bardziej casualowo i \u015bwietnie grzej\u0105 w mro\u017ane dni.<\/p>\n<div id=\"pakawidget929\" class=\"pakawidget\"><\/div>\n<p><script async defer src=\"https:\/\/www.pakamera.pl\/widget\/widget2.min.js?id=929&#038;type=20231211115133&#038;wwidth=1000\"><\/script><\/p>\n<p>Jak wybra\u0107 p\u0142aszcz na zim\u0119, \u017ceby by\u0142 wygodny? Bez wzgl\u0119du na to, czy wolisz dopasowany, czy lu\u017any kr\u00f3j, <strong>upewnij si\u0119, \u017ce ubranie nie kr\u0119puje ruch\u00f3w i pozwala na noszenie dodatkowych warstw ubra\u0144 pod spodem<\/strong>. Najlepszym wyborem b\u0119d\u0105 <strong>klasyczne kroje<\/strong>, np. prosty <a href=\"https:\/\/www.pakamera.pl\/plaszcz-welniany-0-t51890.htm\" target=\"_blank\" rel=\"noopener\">p\u0142aszcz we\u0142niany<\/a> przewi\u0105zane paskiem w talii lub lekko rozszerzaj\u0105cy si\u0119 ku do\u0142owi zapinany na zamek model. Te ubrania nigdy nie wychodz\u0105 z mody i \u0142atwo dopasowuj\u0105 si\u0119 do r\u00f3\u017cnych stylizacji. <strong>D\u0142u\u017csze modele lepiej chroni\u0105 przed zimnem<\/strong>, a <strong>kr\u00f3tsze s\u0105 nieco wygodniejsze w codziennym u\u017cytkowaniu<\/strong>.<\/p>\n<p>Je\u015bli zale\u017cy Ci na uniwersalnym p\u0142aszczu i chcesz nosi\u0107 jeden model przez ca\u0142\u0105 zim\u0119, <strong>postaw na neutralne kolory \u2013 czarny, granatowy, szary lub be\u017cowy<\/strong>. Z \u0142atwo\u015bci\u0105 po\u0142\u0105czysz je z ka\u017cdym strojem, torebk\u0105 i butami. Unikaj jaskrawych kolor\u00f3w i nietypowych wzor\u00f3w, kt\u00f3re szybko wychodz\u0105 z mody.<\/p>\n<h2>Puchowe p\u0142aszcze &#8211; stw\u00f3rz idealn\u0105 stylizacj\u0119<\/h2>\n<p><a href=\"https:\/\/www.pakamera.pl\/plaszcze-0-1905.htm\" target=\"_blank\" rel=\"noopener\">P\u0142aszcze polskich marek<\/a> <strong>wype\u0142nione puchem zapewniaj\u0105 niezr\u00f3wnan\u0105 ciep\u0142ot\u0119, a jednocze\u015bnie s\u0105 lekkie i wygodne w noszeniu<\/strong>. P\u0142aszcz puchowy w kolorze czarnym lub granatowym, si\u0119gaj\u0105cy do kolana, \u015bwietnie <strong>sprawdzi si\u0119 w po\u0142\u0105czeniu z eleganckimi botkami na obcasie i jeansami<\/strong> w miejskiej stylizacji.<\/p>\n<figure id=\"attachment_9596\" aria-describedby=\"caption-attachment-9596\" style=\"width: 1600px\" class=\"wp-caption alignnone\"><img loading=\"lazy\" decoding=\"async\" class=\"wp-image-9596 size-full\" src=\"https:\/\/imgmag.pakamera.net\/2023\/12\/uniwersalne-plaszcze-na-zime-ktore-nie-wyjda-z-mody-114911064831.jpg\" alt=\"puchowy p\u0142aszcz na zim\u0119\" width=\"1600\" height=\"840\" \/><figcaption id=\"caption-attachment-9596\" class=\"wp-caption-text\">P\u0142aszcz Zimowy Long &#8211; Zampa \/ Pracownia FIO \/ www.pakamera.pl<\/figcaption><\/figure>\n<p>Na nieformalne wyj\u015bcia, np. randki czy spotkania ze znajomymi, polecamy <strong>p\u0142aszcz puchowy w ja\u015bniejszym kolorze \u2013 be\u017cowym, szarym lub pastelowo r\u00f3\u017cowym<\/strong>. Wraz <strong>z prostym swetrem zapinanym na guziki, mom jeans<\/strong> i sneakersami stworzy praktyczny i modny outfit.<\/p>\n<h2>Modne p\u0142aszcze: futrzane<\/h2>\n<p>Najmodniejsze i niezwykle uniwersalne p\u0142aszcze na zim\u0119 z futerkiem to synonim luksusu i elegancji. S\u0105 <strong>idealne dla kobiet, kt\u00f3re pragn\u0105 wyr\u00f3\u017cni\u0107 si\u0119 na tle zimowego krajobrazu<\/strong>. Wsp\u00f3\u0142czesne trendy sk\u0142aniaj\u0105 si\u0119 ku ekologicznym wersjom futra. Takie p\u0142aszcze oferuj\u0105 podobny komfort, a jednocze\u015bnie s\u0105 bardziej przyjazne dla \u015brodowiska.<\/p>\n<p>D\u0142ugi futrzany p\u0142aszcz <strong>w odcieniach czerni lub g\u0142\u0119bokiego granatu to klasyka<\/strong>, kt\u00f3ra doskonale pasuje do wieczorowych kreacji. Zestaw go z eleganck\u0105 sukienk\u0105 midi, szpilkami i niewielk\u0105 torebk\u0105 na \u0142a\u0144cuszku. Je\u015bli wolisz nosi\u0107 te modne p\u0142aszcze na zim\u0119 codziennie, wybierz kr\u00f3tsze br\u0105zowe lub be\u017cowe modele. Po\u0142\u0105cz je z ciep\u0142ym golfem, jasnymi jeansami i botkami na grubym obcasie.<\/p>\n<h2>Uniwersalne p\u0142aszcze na zim\u0119: trencze<\/h2>\n<p>Klasyczny trencz w kolorze be\u017cowym, granatowym lub czarnym to ponadczasowy wyb\u00f3r nie tylko na jesie\u0144 i wiosn\u0119. <strong>Grubsze modele b\u0119d\u0105 idealne na zim\u0119<\/strong>. Aby uzupe\u0142ni\u0107 stylizacj\u0119 do pracy, zestaw go z garniturem lub dopasowan\u0105 sukienka i muszkieterkami. Na co dzie\u0144 <strong>po\u0142\u0105cz najmodniejsze p\u0142aszcze na zim\u0119 z jeansami, T-shirtem i swetrem<\/strong>. Dodaj do tego sneakersy lub botki na niskim obcasie dla wygodnego przemieszczania si\u0119 po mie\u015bcie.<\/p>\n<div id=\"pakawidget930\" class=\"pakawidget\"><\/div>\n<p><script async defer src=\"https:\/\/www.pakamera.pl\/widget\/widget2.min.js?id=930&#038;type=20231211121126&#038;wwidth=1000\"><\/script><\/p>\n<h2>Modne p\u0142aszcze na zim\u0119 2023: ko\u017cuchy<\/h2>\n<p><strong>W sezonie zimowym 2023 powracaj\u0105 r\u00f3wnie\u017c ko\u017cuchy retro<\/strong>. Te modne p\u0142aszcze na zim\u0119 wsp\u00f3\u0142cze\u015bnie s\u0105 cz\u0119sto wzbogacane nowoczesnymi akcentami, np. asymetrycznymi ci\u0119ciami lub patchworkowymi naszywkami.<\/p>\n<p>Na oficjalne spotkania za\u0142\u00f3\u017c <strong>kr\u00f3tki ko\u017cuch w kolorze be\u017cowym lub czarnym<\/strong>. Po\u0142\u0105cz go z eleganckimi czarnymi chinosami i klasyczn\u0105 bia\u0142\u0105 koszul\u0105. Na co dzie\u0144 ciep\u0142o da Ci <strong>d\u0142u\u017cszy ko\u017cuch w naturalnych odcieniach br\u0105zu lub szaro\u015bci<\/strong>. Pod sp\u00f3d za\u0142\u00f3\u017c jeansy z prostymi nogawkami, gruby we\u0142niany sweter i botki na obcasie.<\/p>\n<h2>Najmodniejsze p\u0142aszcze na zim\u0119: w krat\u0119<\/h2>\n<p>Krata to bez w\u0105tpienia najmodniejszy wz\u00f3r na p\u0142aszczach zimowych. Takie ubrania lekko nawi\u0105zuj\u0105ce do szkockich motyw\u00f3w przyci\u0105gaj\u0105 wzrok i dodaj\u0105 charakteru zimowym stylizacjom. Mog\u0105 stanowi\u0107 <strong>centralny element stylizacji<\/strong> \u2013 \u015bwietnie komponuj\u0105 si\u0119 z jednokolorowymi spodniami i golfami. W cieplejsze dni koniecznie no\u015b je rozpi\u0119te. Wybierz kolory, kt\u00f3re lubisz najbardziej \u2013<strong> czarno-czerwone i \u017c\u00f3\u0142to-czarne modele b\u0119d\u0105 si\u0119 wyr\u00f3\u017cnia\u0107<\/strong> na tle bardziej popularnych szarych i czarnych kurtek.<\/p>\n<p><a href=\"https:\/\/www.pakamera.pl\/magazyn\/modne-plaszcze-na-zime-2023-zainspiruj-sie\/\" target=\"_blank\" rel=\"noopener\">Modne p\u0142aszcze na zim\u0119 2023<\/a> czekaj\u0105 na Ciebie na Pakamera.pl. Zajrzyj, co przygotowali w tym roku polscy projektanci i uzupe\u0142nij swoj\u0105 szaf\u0119 o model, kt\u00f3ry zostanie z Tob\u0105 na lata.<\/p>\n","protected":false},"excerpt":{"rendered":"<p>Gdy robi si\u0119 ch\u0142odniej, z szafy wyci\u0105gasz ciep\u0142e swetry, we\u0142niane sukienki i stylowe okrycia wierzchnie. W tym sezonie najmodniejsze s\u0105 d\u0142ugie ubrania \u2013 kr\u00f3tkie kurtki lepiej sprawdz\u0105 si\u0119 w okresie<span class=\"more-dots\">&#8230;<\/span><\/p>\n","protected":false},"author":16,"featured_media":9595,"comment_status":"closed","ping_status":"closed","sticky":false,"template":"","format":"standard","meta":{"footnotes":""},"categories":[3],"tags":[1523,529,528,527,581,579],"class_list":["post-9594","post","type-post","status-publish","format-standard","has-post-thumbnail","hentry","category-moda","tag-kurtka-na-zime","tag-modne-plaszcze","tag-modny-plaszcz","tag-plaszcz-na-zime","tag-welniany-plaszcz","tag-zimowy-plaszcz"],"yoast_head":"<!-- This site is optimized with the Yoast SEO plugin v21.6 - https:\/\/yoast.com\/wordpress\/plugins\/seo\/ -->\n<title>Uniwersalne p\u0142aszcze na zim\u0119, kt\u00f3re nie wyjd\u0105 z mody - Magazyn Pakamera.pl<\/title>\n<meta name=\"description\" content=\"Zobacz nasze uniwersalne p\u0142aszcze na zim\u0119, kt\u00f3rymi mo\u017cesz si\u0119 cieszy\u0107 przez kolejne sezony. Zobacz jak je wybra\u0107!\" \/>\n<meta name=\"robots\" content=\"index, follow\" \/>\n<link rel=\"canonical\" href=\"https:\/\/www.pakamera.pl\/magazyn\/uniwersalne-plaszcze-na-zime-ktore-nie-wyjda-z-mody\/\" \/>\n<meta property=\"og:locale\" content=\"pl_PL\" \/>\n<meta property=\"og:type\" content=\"article\" \/>\n<meta property=\"og:title\" content=\"Uniwersalne p\u0142aszcze na zim\u0119, kt\u00f3re nie wyjd\u0105 z mody - Magazyn Pakamera.pl\" \/>\n<meta property=\"og:description\" content=\"Zobacz nasze uniwersalne p\u0142aszcze na zim\u0119, kt\u00f3rymi mo\u017cesz si\u0119 cieszy\u0107 przez kolejne sezony. Zobacz jak je wybra\u0107!\" \/>\n<meta property=\"og:url\" content=\"https:\/\/www.pakamera.pl\/magazyn\/uniwersalne-plaszcze-na-zime-ktore-nie-wyjda-z-mody\/\" \/>\n<meta property=\"og:site_name\" content=\"Magazyn Pakamera.pl\" \/>\n<meta property=\"article:publisher\" content=\"https:\/\/facebook.com\/pakamerapl\" \/>\n<meta property=\"article:published_time\" content=\"2023-12-11T11:19:45+00:00\" \/>\n<meta property=\"og:image\" content=\"https:\/\/imgmag.pakamera.net\/2023\/12\/uniwersalne-plaszcze-na-zime-ktore-nie-wyjda-z-mody-114436193080.jpg\" \/>\n\t<meta property=\"og:image:width\" content=\"1600\" \/>\n\t<meta property=\"og:image:height\" content=\"840\" \/>\n\t<meta property=\"og:image:type\" content=\"image\/jpeg\" \/>\n<meta name=\"author\" content=\"Magda Strzelecka\" \/>\n<meta name=\"twitter:card\" content=\"summary_large_image\" \/>\n<meta name=\"twitter:label1\" content=\"Napisane przez\" \/>\n\t<meta name=\"twitter:data1\" content=\"Magda Strzelecka\" \/>\n\t<meta name=\"twitter:label2\" content=\"Szacowany czas czytania\" \/>\n\t<meta name=\"twitter:data2\" content=\"5 minut\" \/>\n<script type=\"application\/ld+json\" class=\"yoast-schema-graph\">{\"@context\":\"https:\/\/schema.org\",\"@graph\":[{\"@type\":\"Article\",\"@id\":\"https:\/\/www.pakamera.pl\/magazyn\/uniwersalne-plaszcze-na-zime-ktore-nie-wyjda-z-mody\/#article\",\"isPartOf\":{\"@id\":\"https:\/\/www.pakamera.pl\/magazyn\/uniwersalne-plaszcze-na-zime-ktore-nie-wyjda-z-mody\/\"},\"author\":{\"name\":\"Magda Strzelecka\",\"@id\":\"https:\/\/www.pakamera.pl\/magazyn\/#\/schema\/person\/375940ab821c5af50e1e31f1ec5282b5\"},\"headline\":\"Uniwersalne p\u0142aszcze na zim\u0119, kt\u00f3re nie wyjd\u0105 z mody\",\"datePublished\":\"2023-12-11T11:19:45+00:00\",\"dateModified\":\"2023-12-11T11:19:45+00:00\",\"mainEntityOfPage\":{\"@id\":\"https:\/\/www.pakamera.pl\/magazyn\/uniwersalne-plaszcze-na-zime-ktore-nie-wyjda-z-mody\/\"},\"wordCount\":918,\"publisher\":{\"@id\":\"https:\/\/www.pakamera.pl\/magazyn\/#organization\"},\"keywords\":[\"kurtka na zim\u0119\",\"modne p\u0142aszcze\",\"modny p\u0142aszcz\",\"p\u0142aszcz na zim\u0119\",\"we\u0142niany p\u0142aszcz\",\"zimowy p\u0142aszcz\"],\"articleSection\":[\"Moda\"],\"inLanguage\":\"pl-PL\"},{\"@type\":\"WebPage\",\"@id\":\"https:\/\/www.pakamera.pl\/magazyn\/uniwersalne-plaszcze-na-zime-ktore-nie-wyjda-z-mody\/\",\"url\":\"https:\/\/www.pakamera.pl\/magazyn\/uniwersalne-plaszcze-na-zime-ktore-nie-wyjda-z-mody\/\",\"name\":\"Uniwersalne p\u0142aszcze na zim\u0119, kt\u00f3re nie wyjd\u0105 z mody - Magazyn Pakamera.pl\",\"isPartOf\":{\"@id\":\"https:\/\/www.pakamera.pl\/magazyn\/#website\"},\"datePublished\":\"2023-12-11T11:19:45+00:00\",\"dateModified\":\"2023-12-11T11:19:45+00:00\",\"description\":\"Zobacz nasze uniwersalne p\u0142aszcze na zim\u0119, kt\u00f3rymi mo\u017cesz si\u0119 cieszy\u0107 przez kolejne sezony. Zobacz jak je wybra\u0107!\",\"breadcrumb\":{\"@id\":\"https:\/\/www.pakamera.pl\/magazyn\/uniwersalne-plaszcze-na-zime-ktore-nie-wyjda-z-mody\/#breadcrumb\"},\"inLanguage\":\"pl-PL\",\"potentialAction\":[{\"@type\":\"ReadAction\",\"target\":[\"https:\/\/www.pakamera.pl\/magazyn\/uniwersalne-plaszcze-na-zime-ktore-nie-wyjda-z-mody\/\"]}]},{\"@type\":\"BreadcrumbList\",\"@id\":\"https:\/\/www.pakamera.pl\/magazyn\/uniwersalne-plaszcze-na-zime-ktore-nie-wyjda-z-mody\/#breadcrumb\",\"itemListElement\":[{\"@type\":\"ListItem\",\"position\":1,\"name\":\"Magazyn\",\"item\":\"https:\/\/www.pakamera.pl\/magazyn\/\"},{\"@type\":\"ListItem\",\"position\":2,\"name\":\"Moda\",\"item\":\"https:\/\/www.pakamera.pl\/magazyn\/category\/moda\/\"},{\"@type\":\"ListItem\",\"position\":3,\"name\":\"Uniwersalne p\u0142aszcze na zim\u0119, kt\u00f3re nie wyjd\u0105 z mody\"}]},{\"@type\":\"WebSite\",\"@id\":\"https:\/\/www.pakamera.pl\/magazyn\/#website\",\"url\":\"https:\/\/www.pakamera.pl\/magazyn\/\",\"name\":\"Magazyn Pakamera.pl\",\"description\":\"Sprawd\u017a najgor\u0119tsze tematy sezonu!\",\"publisher\":{\"@id\":\"https:\/\/www.pakamera.pl\/magazyn\/#organization\"},\"potentialAction\":[{\"@type\":\"SearchAction\",\"target\":{\"@type\":\"EntryPoint\",\"urlTemplate\":\"https:\/\/www.pakamera.pl\/magazyn\/?s={search_term_string}\"},\"query-input\":\"required name=search_term_string\"}],\"inLanguage\":\"pl-PL\"},{\"@type\":\"Organization\",\"@id\":\"https:\/\/www.pakamera.pl\/magazyn\/#organization\",\"name\":\"Pakamera.pl\",\"url\":\"https:\/\/www.pakamera.pl\/magazyn\/\",\"logo\":{\"@type\":\"ImageObject\",\"inLanguage\":\"pl-PL\",\"@id\":\"https:\/\/www.pakamera.pl\/magazyn\/#\/schema\/logo\/image\/\",\"url\":\"https:\/\/imgmag.pakamera.net\/2023\/11\/153455466619.png\",\"contentUrl\":\"https:\/\/imgmag.pakamera.net\/2023\/11\/153455466619.png\",\"width\":690,\"height\":140,\"caption\":\"Pakamera.pl\"},\"image\":{\"@id\":\"https:\/\/www.pakamera.pl\/magazyn\/#\/schema\/logo\/image\/\"},\"sameAs\":[\"https:\/\/facebook.com\/pakamerapl\",\"https:\/\/www.instagram.com\/pakamera\/\"]},{\"@type\":\"Person\",\"@id\":\"https:\/\/www.pakamera.pl\/magazyn\/#\/schema\/person\/375940ab821c5af50e1e31f1ec5282b5\",\"name\":\"Magda Strzelecka\",\"description\":\"Magda to nasza stylistka, kt\u00f3ra od ponad 10 lat \u015bci\u015ble zwi\u0105zana jest z mod\u0105. Uwielbia \u015bledzi\u0107 \u015bwiatowe trendy i przek\u0142ada\u0107 je na rynek polski. Kocha dobre sk\u0142ady ubra\u0144, wyj\u0105tkow\u0105 bi\u017cuteri\u0119 i dodatki kt\u00f3re o\u017cywi\u0105 ka\u017cd\u0105 stylizacj\u0119.\"}]}<\/script>\n<!-- \/ Yoast SEO plugin. -->","yoast_head_json":{"title":"Uniwersalne p\u0142aszcze na zim\u0119, kt\u00f3re nie wyjd\u0105 z mody - Magazyn Pakamera.pl","description":"Zobacz nasze uniwersalne p\u0142aszcze na zim\u0119, kt\u00f3rymi mo\u017cesz si\u0119 cieszy\u0107 przez kolejne sezony. Zobacz jak je wybra\u0107!","robots":{"index":"index","follow":"follow"},"canonical":"https:\/\/www.pakamera.pl\/magazyn\/uniwersalne-plaszcze-na-zime-ktore-nie-wyjda-z-mody\/","og_locale":"pl_PL","og_type":"article","og_title":"Uniwersalne p\u0142aszcze na zim\u0119, kt\u00f3re nie wyjd\u0105 z mody - Magazyn Pakamera.pl","og_description":"Zobacz nasze uniwersalne p\u0142aszcze na zim\u0119, kt\u00f3rymi mo\u017cesz si\u0119 cieszy\u0107 przez kolejne sezony. Zobacz jak je wybra\u0107!","og_url":"https:\/\/www.pakamera.pl\/magazyn\/uniwersalne-plaszcze-na-zime-ktore-nie-wyjda-z-mody\/","og_site_name":"Magazyn Pakamera.pl","article_publisher":"https:\/\/facebook.com\/pakamerapl","article_published_time":"2023-12-11T11:19:45+00:00","og_image":[{"width":1600,"height":840,"url":"https:\/\/imgmag.pakamera.net\/2023\/12\/uniwersalne-plaszcze-na-zime-ktore-nie-wyjda-z-mody-114436193080.jpg","type":"image\/jpeg"}],"author":"Magda Strzelecka","twitter_card":"summary_large_image","twitter_misc":{"Napisane przez":"Magda Strzelecka","Szacowany czas czytania":"5 minut"},"schema":{"@context":"https:\/\/schema.org","@graph":[{"@type":"Article","@id":"https:\/\/www.pakamera.pl\/magazyn\/uniwersalne-plaszcze-na-zime-ktore-nie-wyjda-z-mody\/#article","isPartOf":{"@id":"https:\/\/www.pakamera.pl\/magazyn\/uniwersalne-plaszcze-na-zime-ktore-nie-wyjda-z-mody\/"},"author":{"name":"Magda Strzelecka","@id":"https:\/\/www.pakamera.pl\/magazyn\/#\/schema\/person\/375940ab821c5af50e1e31f1ec5282b5"},"headline":"Uniwersalne p\u0142aszcze na zim\u0119, kt\u00f3re nie wyjd\u0105 z mody","datePublished":"2023-12-11T11:19:45+00:00","dateModified":"2023-12-11T11:19:45+00:00","mainEntityOfPage":{"@id":"https:\/\/www.pakamera.pl\/magazyn\/uniwersalne-plaszcze-na-zime-ktore-nie-wyjda-z-mody\/"},"wordCount":918,"publisher":{"@id":"https:\/\/www.pakamera.pl\/magazyn\/#organization"},"keywords":["kurtka na zim\u0119","modne p\u0142aszcze","modny p\u0142aszcz","p\u0142aszcz na zim\u0119","we\u0142niany p\u0142aszcz","zimowy p\u0142aszcz"],"articleSection":["Moda"],"inLanguage":"pl-PL"},{"@type":"WebPage","@id":"https:\/\/www.pakamera.pl\/magazyn\/uniwersalne-plaszcze-na-zime-ktore-nie-wyjda-z-mody\/","url":"https:\/\/www.pakamera.pl\/magazyn\/uniwersalne-plaszcze-na-zime-ktore-nie-wyjda-z-mody\/","name":"Uniwersalne p\u0142aszcze na zim\u0119, kt\u00f3re nie wyjd\u0105 z mody - Magazyn Pakamera.pl","isPartOf":{"@id":"https:\/\/www.pakamera.pl\/magazyn\/#website"},"datePublished":"2023-12-11T11:19:45+00:00","dateModified":"2023-12-11T11:19:45+00:00","description":"Zobacz nasze uniwersalne p\u0142aszcze na zim\u0119, kt\u00f3rymi mo\u017cesz si\u0119 cieszy\u0107 przez kolejne sezony. Zobacz jak je wybra\u0107!","breadcrumb":{"@id":"https:\/\/www.pakamera.pl\/magazyn\/uniwersalne-plaszcze-na-zime-ktore-nie-wyjda-z-mody\/#breadcrumb"},"inLanguage":"pl-PL","potentialAction":[{"@type":"ReadAction","target":["https:\/\/www.pakamera.pl\/magazyn\/uniwersalne-plaszcze-na-zime-ktore-nie-wyjda-z-mody\/"]}]},{"@type":"BreadcrumbList","@id":"https:\/\/www.pakamera.pl\/magazyn\/uniwersalne-plaszcze-na-zime-ktore-nie-wyjda-z-mody\/#breadcrumb","itemListElement":[{"@type":"ListItem","position":1,"name":"Magazyn","item":"https:\/\/www.pakamera.pl\/magazyn\/"},{"@type":"ListItem","position":2,"name":"Moda","item":"https:\/\/www.pakamera.pl\/magazyn\/category\/moda\/"},{"@type":"ListItem","position":3,"name":"Uniwersalne p\u0142aszcze na zim\u0119, kt\u00f3re nie wyjd\u0105 z mody"}]},{"@type":"WebSite","@id":"https:\/\/www.pakamera.pl\/magazyn\/#website","url":"https:\/\/www.pakamera.pl\/magazyn\/","name":"Magazyn Pakamera.pl","description":"Sprawd\u017a najgor\u0119tsze tematy sezonu!","publisher":{"@id":"https:\/\/www.pakamera.pl\/magazyn\/#organization"},"potentialAction":[{"@type":"SearchAction","target":{"@type":"EntryPoint","urlTemplate":"https:\/\/www.pakamera.pl\/magazyn\/?s={search_term_string}"},"query-input":"required name=search_term_string"}],"inLanguage":"pl-PL"},{"@type":"Organization","@id":"https:\/\/www.pakamera.pl\/magazyn\/#organization","name":"Pakamera.pl","url":"https:\/\/www.pakamera.pl\/magazyn\/","logo":{"@type":"ImageObject","inLanguage":"pl-PL","@id":"https:\/\/www.pakamera.pl\/magazyn\/#\/schema\/logo\/image\/","url":"https:\/\/imgmag.pakamera.net\/2023\/11\/153455466619.png","contentUrl":"https:\/\/imgmag.pakamera.net\/2023\/11\/153455466619.png","width":690,"height":140,"caption":"Pakamera.pl"},"image":{"@id":"https:\/\/www.pakamera.pl\/magazyn\/#\/schema\/logo\/image\/"},"sameAs":["https:\/\/facebook.com\/pakamerapl","https:\/\/www.instagram.com\/pakamera\/"]},{"@type":"Person","@id":"https:\/\/www.pakamera.pl\/magazyn\/#\/schema\/person\/375940ab821c5af50e1e31f1ec5282b5","name":"Magda Strzelecka","description":"Magda to nasza stylistka, kt\u00f3ra od ponad 10 lat \u015bci\u015ble zwi\u0105zana jest z mod\u0105. Uwielbia \u015bledzi\u0107 \u015bwiatowe trendy i przek\u0142ada\u0107 je na rynek polski. Kocha dobre sk\u0142ady ubra\u0144, wyj\u0105tkow\u0105 bi\u017cuteri\u0119 i dodatki kt\u00f3re o\u017cywi\u0105 ka\u017cd\u0105 stylizacj\u0119."}]}},"_links":{"self":[{"href":"https:\/\/www.pakamera.pl\/magazyn\/wp-json\/wp\/v2\/posts\/9594","targetHints":{"allow":["GET"]}}],"collection":[{"href":"https:\/\/www.pakamera.pl\/magazyn\/wp-json\/wp\/v2\/posts"}],"about":[{"href":"https:\/\/www.pakamera.pl\/magazyn\/wp-json\/wp\/v2\/types\/post"}],"author":[{"embeddable":true,"href":"https:\/\/www.pakamera.pl\/magazyn\/wp-json\/wp\/v2\/users\/16"}],"replies":[{"embeddable":true,"href":"https:\/\/www.pakamera.pl\/magazyn\/wp-json\/wp\/v2\/comments?post=9594"}],"version-history":[{"count":1,"href":"https:\/\/www.pakamera.pl\/magazyn\/wp-json\/wp\/v2\/posts\/9594\/revisions"}],"predecessor-version":[{"id":9597,"href":"https:\/\/www.pakamera.pl\/magazyn\/wp-json\/wp\/v2\/posts\/9594\/revisions\/9597"}],"wp:featuredmedia":[{"embeddable":true,"href":"https:\/\/www.pakamera.pl\/magazyn\/wp-json\/wp\/v2\/media\/9595"}],"wp:attachment":[{"href":"https:\/\/www.pakamera.pl\/magazyn\/wp-json\/wp\/v2\/media?parent=9594"}],"wp:term":[{"taxonomy":"category","embeddable":true,"href":"https:\/\/www.pakamera.pl\/magazyn\/wp-json\/wp\/v2\/categories?post=9594"},{"taxonomy":"post_tag","embeddable":true,"href":"https:\/\/www.pakamera.pl\/magazyn\/wp-json\/wp\/v2\/tags?post=9594"}],"curies":[{"name":"wp","href":"https:\/\/api.w.org\/{rel}","templated":true}]}}