{"id":9590,"date":"2023-12-09T12:42:25","date_gmt":"2023-12-09T11:42:25","guid":{"rendered":"https:\/\/www.pakamera.pl\/magazyn\/?p=9590"},"modified":"2025-04-03T14:30:55","modified_gmt":"2025-04-03T12:30:55","slug":"stylizacja-na-wigilie-w-domu-2023","status":"publish","type":"post","link":"https:\/\/www.pakamera.pl\/magazyn\/stylizacja-na-wigilie-w-domu-2023\/","title":{"rendered":"Stylizacja na Wigili\u0119 w domu 2026"},"content":{"rendered":"<p><strong>Um\u00f3wi\u0142a\u015b ju\u017c wizyt\u0119 w salonie pi\u0119kno\u015bci i u fryzjera, ale wci\u0105\u017c nie wiesz, w co si\u0119 ubra\u0107 24 grudnia na przyj\u0119cie z rodzin\u0105? Stylizacja na Wigili\u0119 w domu wymaga po\u015bwi\u0119cenia nieco uwagi, ale z naszymi inspiracjami bez problemu skompletujesz ca\u0142y str\u00f3j. Przekonaj si\u0119, co obecnie jest w modzie.<\/strong><\/p>\n<p><!--more--><\/p>\n<figure id=\"attachment_9591\" aria-describedby=\"caption-attachment-9591\" style=\"width: 1600px\" class=\"wp-caption alignnone\"><img loading=\"lazy\" decoding=\"async\" class=\"wp-image-9591 size-full\" src=\"https:\/\/imgmag.pakamera.net\/2023\/12\/stylizacja-na-wigilie-w-domu-2023-161436474092.jpg\" alt=\"czerwony kardigan na wigili\u0119\" width=\"1600\" height=\"840\" \/><figcaption id=\"caption-attachment-9591\" class=\"wp-caption-text\">Kardigan z dekoltami i ozdobnymi guzikami, czerwony \/ BIENKOVSKA \/ www.pakamera.pl<\/figcaption><\/figure>\n<p>W sezonie zimowym na topie s\u0105 ciep\u0142e rzeczy \u2013 <strong>przytulne swetry, sukienki maxi z dzianiny, welurowe kombinezony, plisowane sp\u00f3dnice midi i szerokie spodnie<\/strong>. Ma by\u0107 od\u015bwi\u0119tnie i elegancko, ale jednocze\u015bnie wygodnie. Odwie\u015b do szafy wszystkie obcis\u0142e ubrania \u2013 \u015bwi\u0119ta sprzyjaj\u0105 lu\u017anej odzie\u017cy wykonanej z mi\u0119kkich tkanin.<br \/>\nSprawd\u017a r\u00f3wnie\u017c, <a href=\"https:\/\/www.pakamera.pl\/magazyn\/z-czym-nosic-spodnice-jesienia-i-zima\/\" target=\"_blank\" rel=\"noopener\">z czym nosi\u0107 sp\u00f3dnic\u0119 i jesieni\u0105<\/a>, aby by\u0142o Ci ciep\u0142o i wygodnie.<\/p>\n<h2>Jak wygl\u0105da\u0107 stylowo i komfortowo na Wigilii domowej?<\/h2>\n<p>Idealna stylizacja na Wigili\u0119 powinna by\u0107 <strong>dopasowana do charakteru rodzinnego spotkania<\/strong>. Dobrze sprawdz\u0105 si\u0119 lu\u017ane, eleganckie sukienki. Je\u015bli wolisz spodnie, postaw na eleganckie materia\u0142owe modele z szerokimi nogawkami, mi\u0119kki sweter i jedwabn\u0105 lub satynow\u0105 bluzk\u0119. Wybieraj <strong>przyjemne w dotyku materia\u0142y<\/strong>, np. we\u0142n\u0119 czy welur.<\/p>\n<p>Jak si\u0119 ubra\u0107 na Wigili\u0119 w domu, \u017ceby by\u0142o wygodnie? Przede wszystkim <strong>w\u0142\u00f3\u017c komfortowe buty<\/strong>! Mog\u0105 to by\u0107 sk\u00f3rzane mokasyny, eleganckie baleriny, stylowe, p\u0142askie botki lub nawet mi\u0119kkie, dopasowane kapcie. Uzupe\u0142nij stylizacj\u0119 delikatn\u0105, klasyczn\u0105 bi\u017cuteri\u0105 ze z\u0142ota lub srebra i eleganckim zegarkiem. Je\u015bli lubisz dodatki, zawi\u0105\u017c na szyi szal lub apaszk\u0119. Zadbaj, aby ca\u0142o\u015b\u0107 by\u0142a sp\u00f3jna pod wzgl\u0119dem kolorystycznym.<\/p>\n<h2>Top trendy w domowych stylizacjach wigilijnych 2026<\/h2>\n<div id=\"pakawidget926\" class=\"pakawidget\"><\/div>\n<p><script async defer src=\"https:\/\/www.pakamera.pl\/widget\/widget2.min.js?id=926&#038;type=20231208161922&#038;wwidth=1000\"><\/script><\/p>\n<p>Jak si\u0119 ubra\u0107 na Wigili\u0119 z rodzin\u0105? Dominuj\u0105cy <strong>trend w 2026 roku to po\u0142\u0105czenie klasycznych element\u00f3w z odrobin\u0105 nowoczesno\u015bci<\/strong>, wprowadzonej przez dodatki \u2013 bi\u017cuteri\u0119 lub apaszki. Popularne s\u0105 <a href=\"https:\/\/www.pakamera.pl\/swetry-0-1892.htm\" target=\"_blank\" rel=\"noopener\">swetry damskie<\/a> o prostym kroju ze \u015bwi\u0105tecznymi motywami, kt\u00f3re dodaj\u0105 uroku ka\u017cdej stylizacji. Do tego dobierz <strong>spodnie z mi\u0119kkich tkanin \u2013 weluru, lnu lub we\u0142ny<\/strong>. Zamiast nich mo\u017cesz r\u00f3wnie\u017c ubra\u0107 <strong>swetrowe sukienki z dzianiny<\/strong>.<\/p>\n<p>W\u015br\u00f3d \u015bwi\u0105teczny kreacji dominuj\u0105 <strong>ciep\u0142e, ziemiste barwy, g\u0142\u0119boka czerwie\u0144 i butelkowa ziele\u0144, lub klasyczna czer\u0144<\/strong>. Do takich klasycznych odcieni pasuj\u0105 delikatne, <strong>metaliczne akcenty \u2013 z\u0142ote lub srebrne<\/strong> guziki na swetrze czy brokatowe akcenty na sukience. Takie po\u0142\u0105czenie kolor\u00f3w nadaje b\u0142ysku stylizacji.<\/p>\n<h2>Wyb\u00f3r idealnego stroju na rodzinne spotkanie<\/h2>\n<p>Je\u015bli w Twojej rodzinie panuje zwyczaj ubierania si\u0119 formalnie na \u015bwi\u0119ta, <a href=\"https:\/\/www.pakamera.pl\/sukienki-maxi-0-3105.htm\" target=\"_blank\" rel=\"noopener\">sukienka maxi<\/a> b\u0119dzie dobrym wyborem. Wolisz kr\u00f3tsze stroje? Si\u0119gnij po <strong>sukienk\u0119 w kszta\u0142cie litery A<\/strong> o d\u0142ugo\u015bci do kolan. Na g\u00f3r\u0119 mo\u017cesz ubra\u0107 <strong>marynark\u0119 lub elegancki sweter<\/strong> i cieszy\u0107 si\u0119 szykownym wygl\u0105dem i wygod\u0105. W przypadku lu\u017aniejszych spotka\u0144 mo\u017cesz sobie pozwoli\u0107 na <strong>zestaw ze swetrem i jeansami lub mi\u0119kkimi chinosami<\/strong>. Na tak\u0105 okazj\u0119 pasuje r\u00f3wnie\u017c <strong>dopasowany golf<\/strong>.<\/p>\n<figure id=\"attachment_9592\" aria-describedby=\"caption-attachment-9592\" style=\"width: 1600px\" class=\"wp-caption alignnone\"><img loading=\"lazy\" decoding=\"async\" class=\"wp-image-9592 size-full\" src=\"https:\/\/imgmag.pakamera.net\/2023\/12\/stylizacja-na-wigilie-w-domu-2023-162910615529.jpg\" alt=\"czarny kombinezon na wigili\u0119 w domu\" width=\"1600\" height=\"840\" \/><figcaption id=\"caption-attachment-9592\" class=\"wp-caption-text\">Kombinezon z kopertowym dekoltem-czarny(M-720) \/ MOE \/ www.pakamera.pl<\/figcaption><\/figure>\n<p>Mo\u017cesz r\u00f3wnie\u017c zdecydowa\u0107 si\u0119 na elegancki jednocz\u0119\u015bciowy kostium \u2013 <strong>d\u0142ugi kombinezon przewi\u0105zany w talii paskiem<\/strong>. Najlepiej sprawdz\u0105 si\u0119 modele z d\u0142ugim r\u0119kawem lub \u00be &#8211; b\u0119dzie Ci w nim nieco cieplej. Inna opcja to <strong>sp\u00f3dnica midi na planie ko\u0142a w intensywnym kolorze<\/strong> (np. zielonym lub kobaltowym), przewi\u0105zana w pasie szerok\u0105 szarf\u0105 i dopasowana czarna bluzka lub koszula zapinana na guziki.<\/p>\n<p>Zadbaj, aby str\u00f3j by\u0142 dopasowany do sylwetki i nie uciska\u0142 Ci\u0119. Twoje samopoczucie zale\u017cy od wygody, a w Wigili\u0119 lepiej, \u017ceby\u015b czu\u0142a si\u0119 pewnie i swobodnie \u2013 jest to szczeg\u00f3lnie wa\u017cne podczas sp\u0119dzania czasu w gronie najbli\u017cszych. Zabierz ze sob\u0105 <strong>sweter lub marynark\u0119 \u2013 pozwoli Ci to czu\u0107 si\u0119 ciep\u0142o i przytulnie<\/strong> przez ca\u0142y czas trwania spotkania.<\/p>\n<h2>Akcesoria, kt\u00f3re dope\u0142ni\u0105 Tw\u00f3j wigilijny look<\/h2>\n<p>Tw\u00f3j wigilijny look najlepiej dope\u0142ni\u0105 <strong>subtelne akcesoria \u2013 zegarek na cienkim pasku, sk\u00f3rzany pasek do spodni i mi\u0119kkie buty<\/strong>. Dodatki nie powinny dominowa\u0107, lecz uzupe\u0142nia\u0107 str\u00f3j. Oryginalne d\u0142ugie kolczyki, fantazyjne rajstopy i du\u017ce bransoletki zostaw na sylwestra.<\/p>\n<div id=\"pakawidget927\" class=\"pakawidget\"><\/div>\n<p><script async defer src=\"https:\/\/www.pakamera.pl\/widget\/widget2.min.js?id=927&#038;type=20231208162342&#038;wwidth=1000\"><\/script><\/p>\n<p>Zwr\u00f3\u0107 za to uwag\u0119 na <strong>ozdoby do w\u0142os\u00f3w<\/strong>. Du\u017ce <strong>metalowe klamry i ozdobne spinki<\/strong> upi\u0119ksz\u0105 ka\u017cd\u0105 fryzur\u0119, a <strong>obszerne welurowe lub jedwabne frotki<\/strong> pozwol\u0105 okie\u0142zna\u0107 loki. Si\u0119gaj po akcesoria, kt\u00f3re wyr\u00f3\u017cniaj\u0105 si\u0119 na tle koloru Twoich w\u0142os\u00f3w \u2013 np. z\u0142ote lub srebrne.<\/p>\n<h2>Porady dotycz\u0105ce doboru kolor\u00f3w i wzor\u00f3w na Wigili\u0119<\/h2>\n<p>Jak si\u0119 ubra\u0107 na Wigili\u0119 z rodzin\u0105? \u015awi\u0105teczn\u0105 atmosfer\u0119 w Wigili\u0119 najlepiej odzwierciedlaj\u0105 <strong>czerwie\u0144, ziele\u0144, granat, z\u0142oto oraz srebro<\/strong>. Te kolory warto elegancko wple\u015b\u0107 w sw\u00f3j str\u00f3j.<br \/>\nSzczeg\u00f3ln\u0105 popularno\u015bci\u0105 cieszy si\u0119 <strong>czerwony w r\u00f3\u017cnych odcieniach \u2013 od ceglanego, przez pomidorowy po karmazynowy<\/strong>. Poszukujesz bardziej stonowanej opcji? Wybierz <strong>zielony, np. ciemny lub butelkowy zielony, szmaragdowy czy khaki<\/strong>.<\/p>\n<p>Je\u015bli jeste\u015b <strong>mi\u0142o\u015bniczk\u0105 subtelnych kolor\u00f3w, wybierz be\u017cowe, szare lub czerwone stroje<\/strong>. Takie ubrania mo\u017cesz \u0142atwo o\u017cywi\u0107 <strong>b\u0142yszcz\u0105cymi z\u0142otymi lub srebrnymi akcentami<\/strong>. Bo\u017conarodzeniowy str\u00f3j wcale nie musi by\u0107 jednolity! O\u017cyw go \u015bwi\u0105tecznymi motywami \u2013 \u015bnie\u017cynkami, gwiazdkami, reniferami czy bombkami. Stylizacja na Wigili\u0119 jest gotowa!<\/p>\n<p>Wci\u0105\u017c nie masz pomys\u0142u, jak si\u0119 ubra\u0107 na Wigili\u0119 w domu? <strong>Wejd\u017a na Pakamera.pl i wybierz kt\u00f3r\u0105\u015b z naszych sprawdzonych propozycji od polskich projektant\u00f3w<\/strong>.<\/p>\n","protected":false},"excerpt":{"rendered":"<p>Um\u00f3wi\u0142a\u015b ju\u017c wizyt\u0119 w salonie pi\u0119kno\u015bci i u fryzjera, ale wci\u0105\u017c nie wiesz, w co si\u0119 ubra\u0107 24 grudnia na przyj\u0119cie z rodzin\u0105? Stylizacja na Wigili\u0119 w domu wymaga po\u015bwi\u0119cenia<span class=\"more-dots\">&#8230;<\/span><\/p>\n","protected":false},"author":15,"featured_media":9591,"comment_status":"closed","ping_status":"closed","sticky":false,"template":"","format":"standard","meta":{"footnotes":""},"categories":[3],"tags":[1199,188,2335,2332,632],"class_list":["post-9590","post","type-post","status-publish","format-standard","has-post-thumbnail","hentry","category-moda","tag-czerwona-sukienka","tag-elegancka-marynarka","tag-elegancka-sukienka","tag-sukienka-na-wigilie","tag-wigilia"],"yoast_head":"<!-- This site is optimized with the Yoast SEO plugin v21.6 - https:\/\/yoast.com\/wordpress\/plugins\/seo\/ -->\n<title>Stylizacja na Wigili\u0119 w domu [year] - Magazyn Pakamera.pl<\/title>\n<meta name=\"description\" content=\"Stylizacja na Wigili\u0119 w domu wymaga po\u015bwi\u0119cenia nieco uwagi, ale z naszymi inspiracjami bez problemu skompletujesz ca\u0142y str\u00f3j.\" \/>\n<meta name=\"robots\" content=\"index, follow\" \/>\n<link rel=\"canonical\" href=\"https:\/\/www.pakamera.pl\/magazyn\/stylizacja-na-wigilie-w-domu-2023\/\" \/>\n<meta property=\"og:locale\" content=\"pl_PL\" \/>\n<meta property=\"og:type\" content=\"article\" \/>\n<meta property=\"og:title\" content=\"Stylizacja na Wigili\u0119 w domu [year] - Magazyn Pakamera.pl\" \/>\n<meta property=\"og:description\" content=\"Stylizacja na Wigili\u0119 w domu wymaga po\u015bwi\u0119cenia nieco uwagi, ale z naszymi inspiracjami bez problemu skompletujesz ca\u0142y str\u00f3j.\" \/>\n<meta property=\"og:url\" content=\"https:\/\/www.pakamera.pl\/magazyn\/stylizacja-na-wigilie-w-domu-2023\/\" \/>\n<meta property=\"og:site_name\" content=\"Magazyn Pakamera.pl\" \/>\n<meta property=\"article:publisher\" content=\"https:\/\/facebook.com\/pakamerapl\" \/>\n<meta property=\"article:published_time\" content=\"2023-12-09T11:42:25+00:00\" \/>\n<meta property=\"article:modified_time\" content=\"2025-04-03T12:30:55+00:00\" \/>\n<meta property=\"og:image\" content=\"https:\/\/imgmag.pakamera.net\/2023\/12\/stylizacja-na-wigilie-w-domu-2023-161436474092.jpg\" \/>\n\t<meta property=\"og:image:width\" content=\"1600\" \/>\n\t<meta property=\"og:image:height\" content=\"840\" \/>\n\t<meta property=\"og:image:type\" content=\"image\/jpeg\" \/>\n<meta name=\"author\" content=\"Kinga Paw\u0142owska\" \/>\n<meta name=\"twitter:card\" content=\"summary_large_image\" \/>\n<meta name=\"twitter:label1\" content=\"Napisane przez\" \/>\n\t<meta name=\"twitter:data1\" content=\"Kinga Paw\u0142owska\" \/>\n\t<meta name=\"twitter:label2\" content=\"Szacowany czas czytania\" \/>\n\t<meta name=\"twitter:data2\" content=\"5 minut\" \/>\n<script type=\"application\/ld+json\" class=\"yoast-schema-graph\">{\"@context\":\"https:\/\/schema.org\",\"@graph\":[{\"@type\":\"Article\",\"@id\":\"https:\/\/www.pakamera.pl\/magazyn\/stylizacja-na-wigilie-w-domu-2023\/#article\",\"isPartOf\":{\"@id\":\"https:\/\/www.pakamera.pl\/magazyn\/stylizacja-na-wigilie-w-domu-2023\/\"},\"author\":{\"name\":\"Kinga Paw\u0142owska\",\"@id\":\"https:\/\/www.pakamera.pl\/magazyn\/#\/schema\/person\/3260837128eb02b1b1ed1972385dff23\"},\"headline\":\"Stylizacja na Wigili\u0119 w domu 2026\",\"datePublished\":\"2023-12-09T11:42:25+00:00\",\"dateModified\":\"2025-04-03T12:30:55+00:00\",\"mainEntityOfPage\":{\"@id\":\"https:\/\/www.pakamera.pl\/magazyn\/stylizacja-na-wigilie-w-domu-2023\/\"},\"wordCount\":913,\"publisher\":{\"@id\":\"https:\/\/www.pakamera.pl\/magazyn\/#organization\"},\"keywords\":[\"czerwona sukienka\",\"Elegancka marynarka\",\"elegancka sukienka\",\"sukienka na wigili\u0119\",\"wigilia\"],\"articleSection\":[\"Moda\"],\"inLanguage\":\"pl-PL\"},{\"@type\":\"WebPage\",\"@id\":\"https:\/\/www.pakamera.pl\/magazyn\/stylizacja-na-wigilie-w-domu-2023\/\",\"url\":\"https:\/\/www.pakamera.pl\/magazyn\/stylizacja-na-wigilie-w-domu-2023\/\",\"name\":\"Stylizacja na Wigili\u0119 w domu [year] - Magazyn Pakamera.pl\",\"isPartOf\":{\"@id\":\"https:\/\/www.pakamera.pl\/magazyn\/#website\"},\"datePublished\":\"2023-12-09T11:42:25+00:00\",\"dateModified\":\"2025-04-03T12:30:55+00:00\",\"description\":\"Stylizacja na Wigili\u0119 w domu wymaga po\u015bwi\u0119cenia nieco uwagi, ale z naszymi inspiracjami bez problemu skompletujesz ca\u0142y str\u00f3j.\",\"breadcrumb\":{\"@id\":\"https:\/\/www.pakamera.pl\/magazyn\/stylizacja-na-wigilie-w-domu-2023\/#breadcrumb\"},\"inLanguage\":\"pl-PL\",\"potentialAction\":[{\"@type\":\"ReadAction\",\"target\":[\"https:\/\/www.pakamera.pl\/magazyn\/stylizacja-na-wigilie-w-domu-2023\/\"]}]},{\"@type\":\"BreadcrumbList\",\"@id\":\"https:\/\/www.pakamera.pl\/magazyn\/stylizacja-na-wigilie-w-domu-2023\/#breadcrumb\",\"itemListElement\":[{\"@type\":\"ListItem\",\"position\":1,\"name\":\"Magazyn\",\"item\":\"https:\/\/www.pakamera.pl\/magazyn\/\"},{\"@type\":\"ListItem\",\"position\":2,\"name\":\"Moda\",\"item\":\"https:\/\/www.pakamera.pl\/magazyn\/category\/moda\/\"},{\"@type\":\"ListItem\",\"position\":3,\"name\":\"Stylizacja na Wigili\u0119 w domu 2025\"}]},{\"@type\":\"WebSite\",\"@id\":\"https:\/\/www.pakamera.pl\/magazyn\/#website\",\"url\":\"https:\/\/www.pakamera.pl\/magazyn\/\",\"name\":\"Magazyn Pakamera.pl\",\"description\":\"Sprawd\u017a najgor\u0119tsze tematy sezonu!\",\"publisher\":{\"@id\":\"https:\/\/www.pakamera.pl\/magazyn\/#organization\"},\"potentialAction\":[{\"@type\":\"SearchAction\",\"target\":{\"@type\":\"EntryPoint\",\"urlTemplate\":\"https:\/\/www.pakamera.pl\/magazyn\/?s={search_term_string}\"},\"query-input\":\"required name=search_term_string\"}],\"inLanguage\":\"pl-PL\"},{\"@type\":\"Organization\",\"@id\":\"https:\/\/www.pakamera.pl\/magazyn\/#organization\",\"name\":\"Pakamera.pl\",\"url\":\"https:\/\/www.pakamera.pl\/magazyn\/\",\"logo\":{\"@type\":\"ImageObject\",\"inLanguage\":\"pl-PL\",\"@id\":\"https:\/\/www.pakamera.pl\/magazyn\/#\/schema\/logo\/image\/\",\"url\":\"https:\/\/imgmag.pakamera.net\/2023\/11\/153455466619.png\",\"contentUrl\":\"https:\/\/imgmag.pakamera.net\/2023\/11\/153455466619.png\",\"width\":690,\"height\":140,\"caption\":\"Pakamera.pl\"},\"image\":{\"@id\":\"https:\/\/www.pakamera.pl\/magazyn\/#\/schema\/logo\/image\/\"},\"sameAs\":[\"https:\/\/facebook.com\/pakamerapl\",\"https:\/\/www.instagram.com\/pakamera\/\"]},{\"@type\":\"Person\",\"@id\":\"https:\/\/www.pakamera.pl\/magazyn\/#\/schema\/person\/3260837128eb02b1b1ed1972385dff23\",\"name\":\"Kinga Paw\u0142owska\",\"description\":\"Jestem pasjonatk\u0105 designu, mody i sztuki wyra\u017cania siebie poprzez ubi\u00f3r i dodatki. Moja misja polega na przekazywaniu wiedzy i inspiracji w dziedzinie bi\u017cuterii, mody, dekoracji wn\u0119trz oraz r\u00f3\u017cnego rodzaju dodatk\u00f3w, kt\u00f3re sprawi\u0105, \u017ce Twoje \u017cycie stanie si\u0119 jeszcze bardziej pi\u0119kne i wyj\u0105tkowe. W moich postach znajdziesz przewodniki po najnowszych trendach, zar\u00f3wno je\u015bli chodzi o kolory wn\u0119trz, jak i modne dodatki czy bi\u017cuteri\u0119. Pragn\u0119 pom\u00f3c Ci odkry\u0107, jakie style wn\u0119trza pasuj\u0105 do Twojej osobowo\u015bci, a tak\u017ce jak dopasowa\u0107 bi\u017cuteri\u0119 do r\u00f3\u017cnych rodzaj\u00f3w sukienek czy stylizacji. Jestem r\u00f3wnie\u017c zwolenniczk\u0105 wyj\u0105tkowych, r\u0119cznie robionych produkt\u00f3w. W moich postach znajdziesz wiele inspiracji zwi\u0105zanych z r\u0119kodzie\u0142em, takimi jak eleganckie apaszki jedwabne, ozdoby na g\u0142ow\u0119 czy bi\u017cuteria artystyczna od polskich marek. W moich postach po\u015bwi\u0119cam r\u00f3wnie\u017c uwag\u0119 polskim projektantom i markom. Dziel\u0119 si\u0119 informacjami na temat bi\u017cuterii, ubra\u0144 i dodatk\u00f3w od rodzimych marek, kt\u00f3re tworz\u0105 wyj\u0105tkowe produkty. Moj\u0105 misj\u0105 jest dostarczanie inspiracji i praktycznych wskaz\u00f3wek z zakresu mody, designu, wn\u0119trz i bi\u017cuterii. Pragn\u0119, aby moje wpisy pomaga\u0142y Ci w tworzeniu wyj\u0105tkowych stylizacji, wyborze idealnych prezent\u00f3w oraz w aran\u017cacji pi\u0119knych wn\u0119trz. Zawsze staram si\u0119 dostarcza\u0107 tre\u015bci oparte na solidnych \u017ar\u00f3d\u0142ach i wiedzy, aby\u015b m\u00f3g\u0142\/a korzysta\u0107 z nich z pe\u0142nym zaufaniem.\"}]}<\/script>\n<!-- \/ Yoast SEO plugin. -->","yoast_head_json":{"title":"Stylizacja na Wigili\u0119 w domu [year] - Magazyn Pakamera.pl","description":"Stylizacja na Wigili\u0119 w domu wymaga po\u015bwi\u0119cenia nieco uwagi, ale z naszymi inspiracjami bez problemu skompletujesz ca\u0142y str\u00f3j.","robots":{"index":"index","follow":"follow"},"canonical":"https:\/\/www.pakamera.pl\/magazyn\/stylizacja-na-wigilie-w-domu-2023\/","og_locale":"pl_PL","og_type":"article","og_title":"Stylizacja na Wigili\u0119 w domu [year] - Magazyn Pakamera.pl","og_description":"Stylizacja na Wigili\u0119 w domu wymaga po\u015bwi\u0119cenia nieco uwagi, ale z naszymi inspiracjami bez problemu skompletujesz ca\u0142y str\u00f3j.","og_url":"https:\/\/www.pakamera.pl\/magazyn\/stylizacja-na-wigilie-w-domu-2023\/","og_site_name":"Magazyn Pakamera.pl","article_publisher":"https:\/\/facebook.com\/pakamerapl","article_published_time":"2023-12-09T11:42:25+00:00","article_modified_time":"2025-04-03T12:30:55+00:00","og_image":[{"width":1600,"height":840,"url":"https:\/\/imgmag.pakamera.net\/2023\/12\/stylizacja-na-wigilie-w-domu-2023-161436474092.jpg","type":"image\/jpeg"}],"author":"Kinga Paw\u0142owska","twitter_card":"summary_large_image","twitter_misc":{"Napisane przez":"Kinga Paw\u0142owska","Szacowany czas czytania":"5 minut"},"schema":{"@context":"https:\/\/schema.org","@graph":[{"@type":"Article","@id":"https:\/\/www.pakamera.pl\/magazyn\/stylizacja-na-wigilie-w-domu-2023\/#article","isPartOf":{"@id":"https:\/\/www.pakamera.pl\/magazyn\/stylizacja-na-wigilie-w-domu-2023\/"},"author":{"name":"Kinga Paw\u0142owska","@id":"https:\/\/www.pakamera.pl\/magazyn\/#\/schema\/person\/3260837128eb02b1b1ed1972385dff23"},"headline":"Stylizacja na Wigili\u0119 w domu 2026","datePublished":"2023-12-09T11:42:25+00:00","dateModified":"2025-04-03T12:30:55+00:00","mainEntityOfPage":{"@id":"https:\/\/www.pakamera.pl\/magazyn\/stylizacja-na-wigilie-w-domu-2023\/"},"wordCount":913,"publisher":{"@id":"https:\/\/www.pakamera.pl\/magazyn\/#organization"},"keywords":["czerwona sukienka","Elegancka marynarka","elegancka sukienka","sukienka na wigili\u0119","wigilia"],"articleSection":["Moda"],"inLanguage":"pl-PL"},{"@type":"WebPage","@id":"https:\/\/www.pakamera.pl\/magazyn\/stylizacja-na-wigilie-w-domu-2023\/","url":"https:\/\/www.pakamera.pl\/magazyn\/stylizacja-na-wigilie-w-domu-2023\/","name":"Stylizacja na Wigili\u0119 w domu [year] - Magazyn Pakamera.pl","isPartOf":{"@id":"https:\/\/www.pakamera.pl\/magazyn\/#website"},"datePublished":"2023-12-09T11:42:25+00:00","dateModified":"2025-04-03T12:30:55+00:00","description":"Stylizacja na Wigili\u0119 w domu wymaga po\u015bwi\u0119cenia nieco uwagi, ale z naszymi inspiracjami bez problemu skompletujesz ca\u0142y str\u00f3j.","breadcrumb":{"@id":"https:\/\/www.pakamera.pl\/magazyn\/stylizacja-na-wigilie-w-domu-2023\/#breadcrumb"},"inLanguage":"pl-PL","potentialAction":[{"@type":"ReadAction","target":["https:\/\/www.pakamera.pl\/magazyn\/stylizacja-na-wigilie-w-domu-2023\/"]}]},{"@type":"BreadcrumbList","@id":"https:\/\/www.pakamera.pl\/magazyn\/stylizacja-na-wigilie-w-domu-2023\/#breadcrumb","itemListElement":[{"@type":"ListItem","position":1,"name":"Magazyn","item":"https:\/\/www.pakamera.pl\/magazyn\/"},{"@type":"ListItem","position":2,"name":"Moda","item":"https:\/\/www.pakamera.pl\/magazyn\/category\/moda\/"},{"@type":"ListItem","position":3,"name":"Stylizacja na Wigili\u0119 w domu 2025"}]},{"@type":"WebSite","@id":"https:\/\/www.pakamera.pl\/magazyn\/#website","url":"https:\/\/www.pakamera.pl\/magazyn\/","name":"Magazyn Pakamera.pl","description":"Sprawd\u017a najgor\u0119tsze tematy sezonu!","publisher":{"@id":"https:\/\/www.pakamera.pl\/magazyn\/#organization"},"potentialAction":[{"@type":"SearchAction","target":{"@type":"EntryPoint","urlTemplate":"https:\/\/www.pakamera.pl\/magazyn\/?s={search_term_string}"},"query-input":"required name=search_term_string"}],"inLanguage":"pl-PL"},{"@type":"Organization","@id":"https:\/\/www.pakamera.pl\/magazyn\/#organization","name":"Pakamera.pl","url":"https:\/\/www.pakamera.pl\/magazyn\/","logo":{"@type":"ImageObject","inLanguage":"pl-PL","@id":"https:\/\/www.pakamera.pl\/magazyn\/#\/schema\/logo\/image\/","url":"https:\/\/imgmag.pakamera.net\/2023\/11\/153455466619.png","contentUrl":"https:\/\/imgmag.pakamera.net\/2023\/11\/153455466619.png","width":690,"height":140,"caption":"Pakamera.pl"},"image":{"@id":"https:\/\/www.pakamera.pl\/magazyn\/#\/schema\/logo\/image\/"},"sameAs":["https:\/\/facebook.com\/pakamerapl","https:\/\/www.instagram.com\/pakamera\/"]},{"@type":"Person","@id":"https:\/\/www.pakamera.pl\/magazyn\/#\/schema\/person\/3260837128eb02b1b1ed1972385dff23","name":"Kinga Paw\u0142owska","description":"Jestem pasjonatk\u0105 designu, mody i sztuki wyra\u017cania siebie poprzez ubi\u00f3r i dodatki. Moja misja polega na przekazywaniu wiedzy i inspiracji w dziedzinie bi\u017cuterii, mody, dekoracji wn\u0119trz oraz r\u00f3\u017cnego rodzaju dodatk\u00f3w, kt\u00f3re sprawi\u0105, \u017ce Twoje \u017cycie stanie si\u0119 jeszcze bardziej pi\u0119kne i wyj\u0105tkowe. W moich postach znajdziesz przewodniki po najnowszych trendach, zar\u00f3wno je\u015bli chodzi o kolory wn\u0119trz, jak i modne dodatki czy bi\u017cuteri\u0119. Pragn\u0119 pom\u00f3c Ci odkry\u0107, jakie style wn\u0119trza pasuj\u0105 do Twojej osobowo\u015bci, a tak\u017ce jak dopasowa\u0107 bi\u017cuteri\u0119 do r\u00f3\u017cnych rodzaj\u00f3w sukienek czy stylizacji. Jestem r\u00f3wnie\u017c zwolenniczk\u0105 wyj\u0105tkowych, r\u0119cznie robionych produkt\u00f3w. W moich postach znajdziesz wiele inspiracji zwi\u0105zanych z r\u0119kodzie\u0142em, takimi jak eleganckie apaszki jedwabne, ozdoby na g\u0142ow\u0119 czy bi\u017cuteria artystyczna od polskich marek. W moich postach po\u015bwi\u0119cam r\u00f3wnie\u017c uwag\u0119 polskim projektantom i markom. Dziel\u0119 si\u0119 informacjami na temat bi\u017cuterii, ubra\u0144 i dodatk\u00f3w od rodzimych marek, kt\u00f3re tworz\u0105 wyj\u0105tkowe produkty. Moj\u0105 misj\u0105 jest dostarczanie inspiracji i praktycznych wskaz\u00f3wek z zakresu mody, designu, wn\u0119trz i bi\u017cuterii. Pragn\u0119, aby moje wpisy pomaga\u0142y Ci w tworzeniu wyj\u0105tkowych stylizacji, wyborze idealnych prezent\u00f3w oraz w aran\u017cacji pi\u0119knych wn\u0119trz. Zawsze staram si\u0119 dostarcza\u0107 tre\u015bci oparte na solidnych \u017ar\u00f3d\u0142ach i wiedzy, aby\u015b m\u00f3g\u0142\/a korzysta\u0107 z nich z pe\u0142nym zaufaniem."}]}},"_links":{"self":[{"href":"https:\/\/www.pakamera.pl\/magazyn\/wp-json\/wp\/v2\/posts\/9590","targetHints":{"allow":["GET"]}}],"collection":[{"href":"https:\/\/www.pakamera.pl\/magazyn\/wp-json\/wp\/v2\/posts"}],"about":[{"href":"https:\/\/www.pakamera.pl\/magazyn\/wp-json\/wp\/v2\/types\/post"}],"author":[{"embeddable":true,"href":"https:\/\/www.pakamera.pl\/magazyn\/wp-json\/wp\/v2\/users\/15"}],"replies":[{"embeddable":true,"href":"https:\/\/www.pakamera.pl\/magazyn\/wp-json\/wp\/v2\/comments?post=9590"}],"version-history":[{"count":3,"href":"https:\/\/www.pakamera.pl\/magazyn\/wp-json\/wp\/v2\/posts\/9590\/revisions"}],"predecessor-version":[{"id":13166,"href":"https:\/\/www.pakamera.pl\/magazyn\/wp-json\/wp\/v2\/posts\/9590\/revisions\/13166"}],"wp:featuredmedia":[{"embeddable":true,"href":"https:\/\/www.pakamera.pl\/magazyn\/wp-json\/wp\/v2\/media\/9591"}],"wp:attachment":[{"href":"https:\/\/www.pakamera.pl\/magazyn\/wp-json\/wp\/v2\/media?parent=9590"}],"wp:term":[{"taxonomy":"category","embeddable":true,"href":"https:\/\/www.pakamera.pl\/magazyn\/wp-json\/wp\/v2\/categories?post=9590"},{"taxonomy":"post_tag","embeddable":true,"href":"https:\/\/www.pakamera.pl\/magazyn\/wp-json\/wp\/v2\/tags?post=9590"}],"curies":[{"name":"wp","href":"https:\/\/api.w.org\/{rel}","templated":true}]}}