{"id":9570,"date":"2023-12-07T11:12:02","date_gmt":"2023-12-07T10:12:02","guid":{"rendered":"https:\/\/www.pakamera.pl\/magazyn\/?p=9570"},"modified":"2025-04-03T14:40:21","modified_gmt":"2025-04-03T12:40:21","slug":"modne-plaszcze-na-zime-2023-zainspiruj-sie","status":"publish","type":"post","link":"https:\/\/www.pakamera.pl\/magazyn\/modne-plaszcze-na-zime-2023-zainspiruj-sie\/","title":{"rendered":"Modne p\u0142aszcze na zim\u0119 2026 \u2013 zainspiruj si\u0119"},"content":{"rendered":"<p><strong>Zima 2026 przynios\u0142a powr\u00f3t klasyk\u00f3w \u2013 na wybiegach Gucci czy Chanel oraz w ofercie popularnych sieci\u00f3wek mo\u017cemy zaobserwowa\u0107 zainteresowanie okryciami wierzchnimi w krat\u0119, sztucznymi futrami, ko\u017cuchami i puch\u00f3wkami. Pojawi\u0142y si\u0119 r\u00f3wnie\u017c nietypowe modele \u2013 kurtki teddy, maxi i te o pude\u0142kowym kroju. Jakie modne p\u0142aszcze na zim\u0119 2026 skradn\u0105 Twoje serce? Przekonaj si\u0119 sama!<\/strong><\/p>\n<p><!--more--><\/p>\n<figure id=\"attachment_9571\" aria-describedby=\"caption-attachment-9571\" style=\"width: 1600px\" class=\"wp-caption alignnone\"><img loading=\"lazy\" decoding=\"async\" class=\"wp-image-9571 size-full\" src=\"https:\/\/imgmag.pakamera.net\/2023\/12\/modne-plaszcze-na-zime-2023-zainspiruj-sie-152027043196.jpg\" alt=\"szary we\u0142niany p\u0142aszcz na zim\u0119\" width=\"1600\" height=\"840\" \/><figcaption id=\"caption-attachment-9571\" class=\"wp-caption-text\">P\u0142aszcz STEEL Wrap \/ DOT \/ www.pakamera.pl<\/figcaption><\/figure>\n<p>Wygodne p\u0142aszcze na zim\u0119 2026 od polskich projektant\u00f3w s\u0105 zgodne z aktualnymi trendami. Wybieraj\u0105c ulubiony model, zwr\u00f3\u0107 uwag\u0119 na jako\u015b\u0107 materia\u0142u, kr\u00f3j i kolory. Je\u015bli zale\u017cy Ci, <strong>aby wybra\u0107 uniwersalny p\u0142aszcz, postaw na prosty, nieco d\u0142u\u017cszy fason<\/strong>. Bezpiecznym wyborem s\u0105 r\u00f3wnie\u017c <strong>okrycia wierzchnie z we\u0142ny lub puchowe<\/strong>, kt\u00f3re daj\u0105 wiele ciep\u0142a w mro\u017ane dni.<\/p>\n<h2>Jak wybra\u0107 p\u0142aszcz na zim\u0119 2026?<\/h2>\n<p>W sezonie 2026 stawia si\u0119 na <strong>nietypowe faktury<\/strong> \u2013 wyj\u0105tkowo <strong>modne s\u0105 mi\u0119ciutkie p\u0142aszcze teddy, szykowne sk\u00f3rzane modele i patchworkowe kurtki obszyte futerkiem<\/strong>. Wybieraj\u0105c kolorystyk\u0119, we\u017a pod uwag\u0119 barw\u0119 dodatk\u00f3w \u2013 but\u00f3w, szali, czapek i r\u0119kawiczek. Najbardziej <strong>uniwersalne b\u0119d\u0105 czarne, szare, granatowe, be\u017cowe i br\u0105zowe okrycia<\/strong>. Nie musisz si\u0119 jednak do nich ogranicza\u0107 \u2013 <strong>bia\u0142e futerka zawsze dodadz\u0105 Ci szyku<\/strong>, a <strong>p\u0142aszcz w krat\u0119 w ciep\u0142ych, jesiennych barwach b\u0119dzie emanowa\u0142 elegancj\u0105<\/strong>. Zwr\u00f3\u0107 r\u00f3wnie\u017c uwag\u0119 na detale \u2013 guziki, zamki, ozdoby na mankietach i ko\u0142nierze mog\u0105 sprawi\u0107, \u017ce Tw\u00f3j str\u00f3j wywo\u0142a efekt WOW, gdy tylko go za\u0142o\u017cysz.<\/p>\n<div id=\"pakawidget920\" class=\"pakawidget\"><\/div>\n<p><script async defer src=\"https:\/\/www.pakamera.pl\/widget\/widget2.min.js?id=920&#038;type=20231206155322&#038;wwidth=1000\"><\/script><\/p>\n<p>Je\u015bli du\u017co czasu sp\u0119dzasz na zewn\u0105trz, wybierz model odporny na warunki atmosferyczne \u2013<strong> puchow\u0105 kurtk\u0119, sztuczne futerko<\/strong> lub d\u0142ugi <a href=\"https:\/\/www.pakamera.pl\/plaszcz-welniany-0-t51890.htm\" target=\"_blank\" rel=\"noopener\">p\u0142aszcz we\u0142niany<\/a>. Dla pa\u0144, kt\u00f3re lubi\u0105 si\u0119 nosi\u0107 elegancko na co dzie\u0144, idealnie sprawdz\u0105 si\u0119 <strong>p\u0142aszcze za kolano o prostym lub sukienkowym kroju<\/strong>. Pami\u0119taj, aby ubranie wierzchnie by\u0142o odpowiednio dopasowane do Twojej sylwetki \u2013 nie mo\u017ce by\u0107 zbyt ciasne, \u017ceby\u015b mog\u0142a swobodnie nosi\u0107 pod nim kilka warstw ubra\u0144.<\/p>\n<h2>Modne p\u0142aszcze na zim\u0119 damskie: pude\u0142kowe<\/h2>\n<p>W sezonie zimowym 2026 damskie <a href=\"https:\/\/www.pakamera.pl\/plaszcze-0-1905.htm\" target=\"_blank\" rel=\"noopener\">p\u0142aszcze polskich marek<\/a> o pude\u0142kowym kroju zdobywaj\u0105 na popularno\u015bci. Ten model <strong>charakteryzuje si\u0119 szerokim, oversize&#8217;owym fasonem<\/strong>, z prostymi liniami i minimaln\u0105 liczb\u0105 detali. Sprawdzi si\u0119 <strong>idealnie dla kobiet, kt\u00f3re wol\u0105 lu\u017aniejszy, mniej formalny styl<\/strong>.<\/p>\n<p>P\u0142aszcz pude\u0142kowy mo\u017cesz r\u00f3wnie\u017c ubra\u0107 do biura. Po\u0142\u0105cz go z jeansami lub chinosami, klasycznym golfem i botkami na platformie. <strong>Na oficjalne spotkania zestaw ten model z eleganck\u0105 sukienk\u0105 midi<\/strong> typu bodycon lub dopasowan\u0105 koszul\u0105 i o\u0142\u00f3wkow\u0105 sp\u00f3dnic\u0105. Aby nie marzn\u0105\u0107, za\u0142\u00f3\u017c wysokie kozaki.<\/p>\n<div id=\"pakawidget921\" class=\"pakawidget\"><\/div>\n<p><script async defer src=\"https:\/\/www.pakamera.pl\/widget\/widget2.min.js?id=921&#038;type=20231206161403&#038;wwidth=1000\"><\/script><\/p>\n<h2>Modne p\u0142aszcze na zim\u0119 2026: sztuczne futra<\/h2>\n<p>Rosn\u0105ca <strong>popularno\u015b\u0107 sztucznych futer zim\u0105 2026 roku odzwierciedla \u015bwiadomo\u015b\u0107 ekologiczn\u0105<\/strong> oraz zami\u0142owanie do luksusu w etycznym wydaniu. Syntetyczny materia\u0142 nie ust\u0119puje naturalnemu pod wzgl\u0119dem estetyki. Takie p\u0142aszcze maj\u0105 r\u00f3\u017cn\u0105 d\u0142ugo\u015b\u0107 w\u0142osia. <strong>Modele na co dzie\u0144 mog\u0105 by\u0107 bardziej puchate<\/strong>, a te na specjalne okazje \u2013 grube i obszerne.<\/p>\n<p>Modne p\u0142aszcze na zim\u0119 damskie ze sztucznego futra w czarnym, szarym lub be\u017cowym kolorze <strong>b\u0119d\u0105 strza\u0142em w dziesi\u0105tk\u0119 na eleganckie wieczorne wyj\u015bcia<\/strong>. Wystylizuj je z jedwabnymi sukienkami i szpilkami, aby stworzy\u0107 bardzo kobiecy look. Na mniej wystawne wyj\u015bcia po\u0142\u0105cz je z muszkieterkami na obcasie i sweterkowymi sukienkami midi.<\/p>\n<h2>Szykowne sk\u00f3rzane p\u0142aszcze<\/h2>\n<p>Modne p\u0142aszcze na zim\u0119 damskie ze sk\u00f3ry przydaj\u0105 si\u0119 w deszczowe dni \u2013 <strong>s\u0105 nieprzemakalne i zapewniaj\u0105 ochron\u0119 przed wiatrem<\/strong>. D\u0142ugie, przylegaj\u0105ce kroje dodaj\u0105 stylizacji pazura. <strong>Klasyczny czarny p\u0142aszcz ze sk\u00f3ry to must-have w ka\u017cdej garderobie<\/strong>. Mo\u017cesz go nosi\u0107 z eleganckimi spodniami w kant, koszul\u0105 i kozakami na obcasie, aby stworzy\u0107 biznesowy look do biura.<\/p>\n<p>Poszukujesz odwa\u017cniejszej kreacji? Lekko <strong>wci\u0119ty w talii sk\u00f3rzany p\u0142aszcz z rozci\u0119ciem sprawi, \u017ce b\u0119dziesz si\u0119 wyr\u00f3\u017cnia\u0107<\/strong>. Zestaw go z prostymi jeansami, bia\u0142ym T-shirtem i sneakersami. Je\u015bli chcesz osi\u0105gn\u0105\u0107 zmys\u0142owy look, w\u0142\u00f3\u017c pod sp\u00f3d sukienk\u0119 mini i eleganckie buty na wysokim obcasie.<\/p>\n<h2>Modne p\u0142aszcze na zim\u0119 damskie: teddy<\/h2>\n<p>Okrycia wierzchnie typu teddy o kroju nieco przypominaj\u0105cym cieplutki szlafrok to niezwykle modne p\u0142aszcze na zim\u0119 2026 roku. Charakterystyczne <strong>puszyste i mi\u0119kkie wyko\u0144czenie przypominaj\u0105ce pluszowego misia<\/strong> jest niezwykle przyjemne w dotyku. Te modele zazwyczaj s\u0105 zapinane na guziki lub wi\u0105zane w pasie, co sprawia, \u017ce wygodnie si\u0119 je nosi.<\/p>\n<p><figure id=\"attachment_9572\" aria-describedby=\"caption-attachment-9572\" style=\"width: 1600px\" class=\"wp-caption alignnone\"><img loading=\"lazy\" decoding=\"async\" class=\"wp-image-9572 size-full\" src=\"https:\/\/imgmag.pakamera.net\/2023\/12\/modne-plaszcze-na-zime-2023-zainspiruj-sie-161044533491.jpg\" alt=\"p\u0142aszcz teddy camelowy na zim\u0119 2026\" width=\"1600\" height=\"840\" \/><figcaption id=\"caption-attachment-9572\" class=\"wp-caption-text\">P\u0142aszcz Zermatt \/ sugar \/ www.pakamera.pl<\/figcaption><\/figure>Kr\u00f3tsze modele doskonale komponuj\u0105 si\u0119 z jeansami skinny, prostymi swetrami i botkami. Dodaj do tego pojemn\u0105 shopperk\u0119 i jeste\u015b gotowa na zakupy czy za\u0142atwianie spraw na mie\u015bcie. <strong>D\u0142u\u017csze warianty p\u0142aszcza teddy s\u0105 idealne dla os\u00f3b poszukuj\u0105cych nieformalnej elegancji<\/strong>. No\u015b je z d\u0142ugimi, obcis\u0142ymi sukienkami i wysokimi kozakami. Pami\u0119taj, \u017ce to okrycie wierzchnie jest do\u015b\u0107 masywne \u2013 wybieraj minimalistyczne dodatki, aby nie przesadzi\u0107 z obj\u0119to\u015bci\u0105 stroju.<\/p>\n<p><a href=\"https:\/\/www.pakamera.pl\/magazyn\/uniwersalne-plaszcze-na-zime-ktore-nie-wyjda-z-mody\/\" target=\"_blank\" rel=\"noopener\">Uniwersalne p\u0142aszcze na zim\u0119<\/a>, kt\u00f3re nigdy nie wyjd\u0105 z mody, s\u0105 dost\u0119pne na Pakamera.pl. Przejrzyj nasz\u0105 ofert\u0119 i wybierz sw\u00f3j ulubiony model na wiele sezon\u00f3w.<\/p>\n","protected":false},"excerpt":{"rendered":"<p>Zima przynios\u0142a powr\u00f3t klasyk\u00f3w \u2013 na wybiegach Gucci czy Chanel oraz w ofercie popularnych sieci\u00f3wek mo\u017cemy zaobserwowa\u0107 zainteresowanie okryciami wierzchnimi w krat\u0119, sztucznymi futrami, ko\u017cuchami i puch\u00f3wkami. Pojawi\u0142y si\u0119 r\u00f3wnie\u017c<span class=\"more-dots\">&#8230;<\/span><\/p>\n","protected":false},"author":16,"featured_media":9571,"comment_status":"closed","ping_status":"closed","sticky":false,"template":"","format":"standard","meta":{"footnotes":""},"categories":[3],"tags":[1409,529,527,578,405],"class_list":["post-9570","post","type-post","status-publish","format-standard","has-post-thumbnail","hentry","category-moda","tag-jesien-zima","tag-modne-plaszcze","tag-plaszcz-na-zime","tag-plaszcz-oversize","tag-trendy-jesien-zima"],"yoast_head":"<!-- This site is optimized with the Yoast SEO plugin v21.6 - https:\/\/yoast.com\/wordpress\/plugins\/seo\/ -->\n<title>Modne p\u0142aszcze na zim\u0119 [year] \u2013 zainspiruj si\u0119 - Magazyn Pakamera.pl<\/title>\n<meta name=\"description\" content=\"Jakie modne p\u0142aszcze na zim\u0119 2023 skradn\u0105 Twoje serce? Zobacz jakie modele wybrali\u015bmy dla ciebie od polskich marek.\" \/>\n<meta name=\"robots\" content=\"index, follow\" \/>\n<link rel=\"canonical\" href=\"https:\/\/www.pakamera.pl\/magazyn\/modne-plaszcze-na-zime-2023-zainspiruj-sie\/\" \/>\n<meta property=\"og:locale\" content=\"pl_PL\" \/>\n<meta property=\"og:type\" content=\"article\" \/>\n<meta property=\"og:title\" content=\"Modne p\u0142aszcze na zim\u0119 [year] \u2013 zainspiruj si\u0119 - Magazyn Pakamera.pl\" \/>\n<meta property=\"og:description\" content=\"Jakie modne p\u0142aszcze na zim\u0119 2023 skradn\u0105 Twoje serce? Zobacz jakie modele wybrali\u015bmy dla ciebie od polskich marek.\" \/>\n<meta property=\"og:url\" content=\"https:\/\/www.pakamera.pl\/magazyn\/modne-plaszcze-na-zime-2023-zainspiruj-sie\/\" \/>\n<meta property=\"og:site_name\" content=\"Magazyn Pakamera.pl\" \/>\n<meta property=\"article:publisher\" content=\"https:\/\/facebook.com\/pakamerapl\" \/>\n<meta property=\"article:published_time\" content=\"2023-12-07T10:12:02+00:00\" \/>\n<meta property=\"article:modified_time\" content=\"2025-04-03T12:40:21+00:00\" \/>\n<meta property=\"og:image\" content=\"https:\/\/imgmag.pakamera.net\/2023\/12\/modne-plaszcze-na-zime-2023-zainspiruj-sie-152027043196.jpg\" \/>\n\t<meta property=\"og:image:width\" content=\"1600\" \/>\n\t<meta property=\"og:image:height\" content=\"840\" \/>\n\t<meta property=\"og:image:type\" content=\"image\/jpeg\" \/>\n<meta name=\"author\" content=\"Magda Strzelecka\" \/>\n<meta name=\"twitter:card\" content=\"summary_large_image\" \/>\n<meta name=\"twitter:label1\" content=\"Napisane przez\" \/>\n\t<meta name=\"twitter:data1\" content=\"Magda Strzelecka\" \/>\n\t<meta name=\"twitter:label2\" content=\"Szacowany czas czytania\" \/>\n\t<meta name=\"twitter:data2\" content=\"5 minut\" \/>\n<script type=\"application\/ld+json\" class=\"yoast-schema-graph\">{\"@context\":\"https:\/\/schema.org\",\"@graph\":[{\"@type\":\"Article\",\"@id\":\"https:\/\/www.pakamera.pl\/magazyn\/modne-plaszcze-na-zime-2023-zainspiruj-sie\/#article\",\"isPartOf\":{\"@id\":\"https:\/\/www.pakamera.pl\/magazyn\/modne-plaszcze-na-zime-2023-zainspiruj-sie\/\"},\"author\":{\"name\":\"Magda Strzelecka\",\"@id\":\"https:\/\/www.pakamera.pl\/magazyn\/#\/schema\/person\/375940ab821c5af50e1e31f1ec5282b5\"},\"headline\":\"Modne p\u0142aszcze na zim\u0119 2026 \u2013 zainspiruj si\u0119\",\"datePublished\":\"2023-12-07T10:12:02+00:00\",\"dateModified\":\"2025-04-03T12:40:21+00:00\",\"mainEntityOfPage\":{\"@id\":\"https:\/\/www.pakamera.pl\/magazyn\/modne-plaszcze-na-zime-2023-zainspiruj-sie\/\"},\"wordCount\":879,\"publisher\":{\"@id\":\"https:\/\/www.pakamera.pl\/magazyn\/#organization\"},\"keywords\":[\"jesie\u0144\/zima\",\"modne p\u0142aszcze\",\"p\u0142aszcz na zim\u0119\",\"p\u0142aszcz oversize\",\"trendy jesie\u0144 zima\"],\"articleSection\":[\"Moda\"],\"inLanguage\":\"pl-PL\"},{\"@type\":\"WebPage\",\"@id\":\"https:\/\/www.pakamera.pl\/magazyn\/modne-plaszcze-na-zime-2023-zainspiruj-sie\/\",\"url\":\"https:\/\/www.pakamera.pl\/magazyn\/modne-plaszcze-na-zime-2023-zainspiruj-sie\/\",\"name\":\"Modne p\u0142aszcze na zim\u0119 [year] \u2013 zainspiruj si\u0119 - Magazyn Pakamera.pl\",\"isPartOf\":{\"@id\":\"https:\/\/www.pakamera.pl\/magazyn\/#website\"},\"datePublished\":\"2023-12-07T10:12:02+00:00\",\"dateModified\":\"2025-04-03T12:40:21+00:00\",\"description\":\"Jakie modne p\u0142aszcze na zim\u0119 2023 skradn\u0105 Twoje serce? Zobacz jakie modele wybrali\u015bmy dla ciebie od polskich marek.\",\"breadcrumb\":{\"@id\":\"https:\/\/www.pakamera.pl\/magazyn\/modne-plaszcze-na-zime-2023-zainspiruj-sie\/#breadcrumb\"},\"inLanguage\":\"pl-PL\",\"potentialAction\":[{\"@type\":\"ReadAction\",\"target\":[\"https:\/\/www.pakamera.pl\/magazyn\/modne-plaszcze-na-zime-2023-zainspiruj-sie\/\"]}]},{\"@type\":\"BreadcrumbList\",\"@id\":\"https:\/\/www.pakamera.pl\/magazyn\/modne-plaszcze-na-zime-2023-zainspiruj-sie\/#breadcrumb\",\"itemListElement\":[{\"@type\":\"ListItem\",\"position\":1,\"name\":\"Magazyn\",\"item\":\"https:\/\/www.pakamera.pl\/magazyn\/\"},{\"@type\":\"ListItem\",\"position\":2,\"name\":\"Moda\",\"item\":\"https:\/\/www.pakamera.pl\/magazyn\/category\/moda\/\"},{\"@type\":\"ListItem\",\"position\":3,\"name\":\"Modne p\u0142aszcze na zim\u0119 2025 \u2013 zainspiruj si\u0119\"}]},{\"@type\":\"WebSite\",\"@id\":\"https:\/\/www.pakamera.pl\/magazyn\/#website\",\"url\":\"https:\/\/www.pakamera.pl\/magazyn\/\",\"name\":\"Magazyn Pakamera.pl\",\"description\":\"Sprawd\u017a najgor\u0119tsze tematy sezonu!\",\"publisher\":{\"@id\":\"https:\/\/www.pakamera.pl\/magazyn\/#organization\"},\"potentialAction\":[{\"@type\":\"SearchAction\",\"target\":{\"@type\":\"EntryPoint\",\"urlTemplate\":\"https:\/\/www.pakamera.pl\/magazyn\/?s={search_term_string}\"},\"query-input\":\"required name=search_term_string\"}],\"inLanguage\":\"pl-PL\"},{\"@type\":\"Organization\",\"@id\":\"https:\/\/www.pakamera.pl\/magazyn\/#organization\",\"name\":\"Pakamera.pl\",\"url\":\"https:\/\/www.pakamera.pl\/magazyn\/\",\"logo\":{\"@type\":\"ImageObject\",\"inLanguage\":\"pl-PL\",\"@id\":\"https:\/\/www.pakamera.pl\/magazyn\/#\/schema\/logo\/image\/\",\"url\":\"https:\/\/imgmag.pakamera.net\/2023\/11\/153455466619.png\",\"contentUrl\":\"https:\/\/imgmag.pakamera.net\/2023\/11\/153455466619.png\",\"width\":690,\"height\":140,\"caption\":\"Pakamera.pl\"},\"image\":{\"@id\":\"https:\/\/www.pakamera.pl\/magazyn\/#\/schema\/logo\/image\/\"},\"sameAs\":[\"https:\/\/facebook.com\/pakamerapl\",\"https:\/\/www.instagram.com\/pakamera\/\"]},{\"@type\":\"Person\",\"@id\":\"https:\/\/www.pakamera.pl\/magazyn\/#\/schema\/person\/375940ab821c5af50e1e31f1ec5282b5\",\"name\":\"Magda Strzelecka\",\"description\":\"Magda to nasza stylistka, kt\u00f3ra od ponad 10 lat \u015bci\u015ble zwi\u0105zana jest z mod\u0105. Uwielbia \u015bledzi\u0107 \u015bwiatowe trendy i przek\u0142ada\u0107 je na rynek polski. Kocha dobre sk\u0142ady ubra\u0144, wyj\u0105tkow\u0105 bi\u017cuteri\u0119 i dodatki kt\u00f3re o\u017cywi\u0105 ka\u017cd\u0105 stylizacj\u0119.\"}]}<\/script>\n<!-- \/ Yoast SEO plugin. -->","yoast_head_json":{"title":"Modne p\u0142aszcze na zim\u0119 [year] \u2013 zainspiruj si\u0119 - Magazyn Pakamera.pl","description":"Jakie modne p\u0142aszcze na zim\u0119 2023 skradn\u0105 Twoje serce? Zobacz jakie modele wybrali\u015bmy dla ciebie od polskich marek.","robots":{"index":"index","follow":"follow"},"canonical":"https:\/\/www.pakamera.pl\/magazyn\/modne-plaszcze-na-zime-2023-zainspiruj-sie\/","og_locale":"pl_PL","og_type":"article","og_title":"Modne p\u0142aszcze na zim\u0119 [year] \u2013 zainspiruj si\u0119 - Magazyn Pakamera.pl","og_description":"Jakie modne p\u0142aszcze na zim\u0119 2023 skradn\u0105 Twoje serce? Zobacz jakie modele wybrali\u015bmy dla ciebie od polskich marek.","og_url":"https:\/\/www.pakamera.pl\/magazyn\/modne-plaszcze-na-zime-2023-zainspiruj-sie\/","og_site_name":"Magazyn Pakamera.pl","article_publisher":"https:\/\/facebook.com\/pakamerapl","article_published_time":"2023-12-07T10:12:02+00:00","article_modified_time":"2025-04-03T12:40:21+00:00","og_image":[{"width":1600,"height":840,"url":"https:\/\/imgmag.pakamera.net\/2023\/12\/modne-plaszcze-na-zime-2023-zainspiruj-sie-152027043196.jpg","type":"image\/jpeg"}],"author":"Magda Strzelecka","twitter_card":"summary_large_image","twitter_misc":{"Napisane przez":"Magda Strzelecka","Szacowany czas czytania":"5 minut"},"schema":{"@context":"https:\/\/schema.org","@graph":[{"@type":"Article","@id":"https:\/\/www.pakamera.pl\/magazyn\/modne-plaszcze-na-zime-2023-zainspiruj-sie\/#article","isPartOf":{"@id":"https:\/\/www.pakamera.pl\/magazyn\/modne-plaszcze-na-zime-2023-zainspiruj-sie\/"},"author":{"name":"Magda Strzelecka","@id":"https:\/\/www.pakamera.pl\/magazyn\/#\/schema\/person\/375940ab821c5af50e1e31f1ec5282b5"},"headline":"Modne p\u0142aszcze na zim\u0119 2026 \u2013 zainspiruj si\u0119","datePublished":"2023-12-07T10:12:02+00:00","dateModified":"2025-04-03T12:40:21+00:00","mainEntityOfPage":{"@id":"https:\/\/www.pakamera.pl\/magazyn\/modne-plaszcze-na-zime-2023-zainspiruj-sie\/"},"wordCount":879,"publisher":{"@id":"https:\/\/www.pakamera.pl\/magazyn\/#organization"},"keywords":["jesie\u0144\/zima","modne p\u0142aszcze","p\u0142aszcz na zim\u0119","p\u0142aszcz oversize","trendy jesie\u0144 zima"],"articleSection":["Moda"],"inLanguage":"pl-PL"},{"@type":"WebPage","@id":"https:\/\/www.pakamera.pl\/magazyn\/modne-plaszcze-na-zime-2023-zainspiruj-sie\/","url":"https:\/\/www.pakamera.pl\/magazyn\/modne-plaszcze-na-zime-2023-zainspiruj-sie\/","name":"Modne p\u0142aszcze na zim\u0119 [year] \u2013 zainspiruj si\u0119 - Magazyn Pakamera.pl","isPartOf":{"@id":"https:\/\/www.pakamera.pl\/magazyn\/#website"},"datePublished":"2023-12-07T10:12:02+00:00","dateModified":"2025-04-03T12:40:21+00:00","description":"Jakie modne p\u0142aszcze na zim\u0119 2023 skradn\u0105 Twoje serce? Zobacz jakie modele wybrali\u015bmy dla ciebie od polskich marek.","breadcrumb":{"@id":"https:\/\/www.pakamera.pl\/magazyn\/modne-plaszcze-na-zime-2023-zainspiruj-sie\/#breadcrumb"},"inLanguage":"pl-PL","potentialAction":[{"@type":"ReadAction","target":["https:\/\/www.pakamera.pl\/magazyn\/modne-plaszcze-na-zime-2023-zainspiruj-sie\/"]}]},{"@type":"BreadcrumbList","@id":"https:\/\/www.pakamera.pl\/magazyn\/modne-plaszcze-na-zime-2023-zainspiruj-sie\/#breadcrumb","itemListElement":[{"@type":"ListItem","position":1,"name":"Magazyn","item":"https:\/\/www.pakamera.pl\/magazyn\/"},{"@type":"ListItem","position":2,"name":"Moda","item":"https:\/\/www.pakamera.pl\/magazyn\/category\/moda\/"},{"@type":"ListItem","position":3,"name":"Modne p\u0142aszcze na zim\u0119 2025 \u2013 zainspiruj si\u0119"}]},{"@type":"WebSite","@id":"https:\/\/www.pakamera.pl\/magazyn\/#website","url":"https:\/\/www.pakamera.pl\/magazyn\/","name":"Magazyn Pakamera.pl","description":"Sprawd\u017a najgor\u0119tsze tematy sezonu!","publisher":{"@id":"https:\/\/www.pakamera.pl\/magazyn\/#organization"},"potentialAction":[{"@type":"SearchAction","target":{"@type":"EntryPoint","urlTemplate":"https:\/\/www.pakamera.pl\/magazyn\/?s={search_term_string}"},"query-input":"required name=search_term_string"}],"inLanguage":"pl-PL"},{"@type":"Organization","@id":"https:\/\/www.pakamera.pl\/magazyn\/#organization","name":"Pakamera.pl","url":"https:\/\/www.pakamera.pl\/magazyn\/","logo":{"@type":"ImageObject","inLanguage":"pl-PL","@id":"https:\/\/www.pakamera.pl\/magazyn\/#\/schema\/logo\/image\/","url":"https:\/\/imgmag.pakamera.net\/2023\/11\/153455466619.png","contentUrl":"https:\/\/imgmag.pakamera.net\/2023\/11\/153455466619.png","width":690,"height":140,"caption":"Pakamera.pl"},"image":{"@id":"https:\/\/www.pakamera.pl\/magazyn\/#\/schema\/logo\/image\/"},"sameAs":["https:\/\/facebook.com\/pakamerapl","https:\/\/www.instagram.com\/pakamera\/"]},{"@type":"Person","@id":"https:\/\/www.pakamera.pl\/magazyn\/#\/schema\/person\/375940ab821c5af50e1e31f1ec5282b5","name":"Magda Strzelecka","description":"Magda to nasza stylistka, kt\u00f3ra od ponad 10 lat \u015bci\u015ble zwi\u0105zana jest z mod\u0105. Uwielbia \u015bledzi\u0107 \u015bwiatowe trendy i przek\u0142ada\u0107 je na rynek polski. Kocha dobre sk\u0142ady ubra\u0144, wyj\u0105tkow\u0105 bi\u017cuteri\u0119 i dodatki kt\u00f3re o\u017cywi\u0105 ka\u017cd\u0105 stylizacj\u0119."}]}},"_links":{"self":[{"href":"https:\/\/www.pakamera.pl\/magazyn\/wp-json\/wp\/v2\/posts\/9570","targetHints":{"allow":["GET"]}}],"collection":[{"href":"https:\/\/www.pakamera.pl\/magazyn\/wp-json\/wp\/v2\/posts"}],"about":[{"href":"https:\/\/www.pakamera.pl\/magazyn\/wp-json\/wp\/v2\/types\/post"}],"author":[{"embeddable":true,"href":"https:\/\/www.pakamera.pl\/magazyn\/wp-json\/wp\/v2\/users\/16"}],"replies":[{"embeddable":true,"href":"https:\/\/www.pakamera.pl\/magazyn\/wp-json\/wp\/v2\/comments?post=9570"}],"version-history":[{"count":3,"href":"https:\/\/www.pakamera.pl\/magazyn\/wp-json\/wp\/v2\/posts\/9570\/revisions"}],"predecessor-version":[{"id":13168,"href":"https:\/\/www.pakamera.pl\/magazyn\/wp-json\/wp\/v2\/posts\/9570\/revisions\/13168"}],"wp:featuredmedia":[{"embeddable":true,"href":"https:\/\/www.pakamera.pl\/magazyn\/wp-json\/wp\/v2\/media\/9571"}],"wp:attachment":[{"href":"https:\/\/www.pakamera.pl\/magazyn\/wp-json\/wp\/v2\/media?parent=9570"}],"wp:term":[{"taxonomy":"category","embeddable":true,"href":"https:\/\/www.pakamera.pl\/magazyn\/wp-json\/wp\/v2\/categories?post=9570"},{"taxonomy":"post_tag","embeddable":true,"href":"https:\/\/www.pakamera.pl\/magazyn\/wp-json\/wp\/v2\/tags?post=9570"}],"curies":[{"name":"wp","href":"https:\/\/api.w.org\/{rel}","templated":true}]}}