{"id":9544,"date":"2023-12-03T12:38:53","date_gmt":"2023-12-03T11:38:53","guid":{"rendered":"https:\/\/www.pakamera.pl\/magazyn\/?p=9544"},"modified":"2024-05-23T15:32:20","modified_gmt":"2024-05-23T13:32:20","slug":"z-czym-nosic-spodnice-jesienia-i-zima","status":"publish","type":"post","link":"https:\/\/www.pakamera.pl\/magazyn\/z-czym-nosic-spodnice-jesienia-i-zima\/","title":{"rendered":"Z czym nosi\u0107 sp\u00f3dnice jesieni\u0105 i zim\u0105?"},"content":{"rendered":"<p><strong>Jesie\u0144 i zima kojarz\u0105 si\u0119 przede wszystkim z ciep\u0142ymi ubraniami. My zach\u0119camy jednak do wyci\u0105gni\u0119cia z szafy sp\u00f3dnic! Dzi\u0119ki odpowiednio skompletowanemu strojowi nie b\u0119dziesz marz\u0142a, a poczujesz si\u0119 bardzo kobieco, gdziekolwiek p\u00f3jdziesz. To ubranie jest r\u00f3wnie\u017c bardzo wygodne. Sprawd\u017a, z czym nosi\u0107 sp\u00f3dnice jesieni\u0105 i zim\u0105.<\/strong><\/p>\n<p><!--more--><\/p>\n<figure id=\"attachment_9545\" aria-describedby=\"caption-attachment-9545\" style=\"width: 1600px\" class=\"wp-caption alignnone\"><img loading=\"lazy\" decoding=\"async\" class=\"wp-image-9545 size-full\" src=\"https:\/\/imgmag.pakamera.net\/2023\/12\/z-czym-nosic-spodnice-jesienia-i-zima-133441524774.jpg\" alt=\"Z czym nosi\u0107 sp\u00f3dnice jesieni\u0105 i zim\u0105\" width=\"1600\" height=\"840\" \/><figcaption id=\"caption-attachment-9545\" class=\"wp-caption-text\">SP\u00d3DNICA Z satyny \/ Klaudyna Cerklewicz \/ www.pakamera.pl<\/figcaption><\/figure>\n<p>Aby przetrwa\u0107 niskie temperatury, <strong>ubieraj si\u0119 warstwowo<\/strong>. Obszerne sp\u00f3dnice wykonane z mi\u0119kkiego, grubego materia\u0142u daj\u0105 Ci mo\u017cliwo\u015b\u0107 za\u0142o\u017cenia ciep\u0142ych rajstop lub leggins\u00f3w, zapewniaj\u0105c odpowiedni komfort. Twoim sprzymierze\u0144cem s\u0105 r\u00f3wnie\u017c muszkieterki. Te buty dodatkowo grzej\u0105 \u0142ydki, chroni\u0105c nogi przed wczesnym \u015bniegiem.<\/p>\n<h2>Sp\u00f3dnica \u2013 serce stylizacji na ch\u0142odniejsze dni<\/h2>\n<p><a href=\"https:\/\/www.pakamera.pl\/spodnice-0-1894.htm\" target=\"_blank\" rel=\"noopener\">Sp\u00f3dnice<\/a> na jesie\u0144 i zim\u0119 wykonane z grubej we\u0142ny lub bawe\u0142ny kojarz\u0105 si\u0119 z ciep\u0142em i elegancj\u0105. W tych porach roku <strong>najlepiej sprawdzaj\u0105 si\u0119 modele midi i maxi<\/strong>. Zestawy zbudowane na ich bazie nadaj\u0105 si\u0119 zar\u00f3wno do pracy, jak i na co dzie\u0144. Z odpowiednimi dodatkami \u2013 b\u0142yszcz\u0105c\u0105 torebk\u0105 i szpilkami \u2013 stworzysz r\u00f3wnie\u017c idealn\u0105 kreacj\u0119 na wiecz\u00f3r.<\/p>\n<p><strong>We\u0142niana sp\u00f3dnica midi w kolorze g\u0142\u0119bokiego granatu lub szaro\u015bci \u015bwietnie sprawdzi si\u0119 w po\u0142\u0105czeniu z dzianinowym swetrem<\/strong> w kremowym kolorze i br\u0105zowymi botkami na obcasie. W takim zestawie b\u0119dziesz wygl\u0105da\u0107 niezwykle szykownie.<\/p>\n<div id=\"pakawidget912\" class=\"pakawidget\"><\/div>\n<p><script async defer src=\"https:\/\/www.pakamera.pl\/widget\/widget2.min.js?id=912&#038;type=20231201140530&#038;wwidth=1000\"><\/script><br \/>\nZ kolei<strong> dziewcz\u0119ce sp\u00f3dnice w kwiatowe wzory<\/strong> dodadz\u0105 koloru i \u017cycia jesienno-zimowym dniom. <strong>Po\u0142\u0105cz je z jednokolorowymi swetrami dla ciekawego kontrastu<\/strong>. Mo\u017ce to by\u0107 np. sp\u00f3dnica w pastelowe kwiaty z ciemnozielonym lub granatowym kardiganem. Aby skompletowa\u0107 ca\u0142y str\u00f3j, <strong>dodaj botki na obcasie i prost\u0105, czarn\u0105 torebk\u0119<\/strong>.<\/p>\n<h2>Buty do sp\u00f3dnicy: Kompletujemy outfit<\/h2>\n<p>Do eleganckich sp\u00f3dnic o\u0142\u00f3wkowych dobierz klasyczne szpilki lub muszkieterki na obcasie. <strong>Czarne buty b\u0119d\u0105 si\u0119 komponowa\u0107 z szarym, czarnym lub kremowym strojem<\/strong>, tworz\u0105c profesjonalny look do pracy lub na oficjalne spotkanie. Na mniej formalne okazje si\u0119gnij po botki na niskim obcasie lub nawet stylowe loafersy.<\/p>\n<p><strong>Rozkloszowane sp\u00f3dnice midi i maxi dobrze wygl\u0105daj\u0105 z botkami na p\u0142askim obcasie lub casualowymi sneakersami<\/strong>. W ten spos\u00f3b zyskujesz modn\u0105 stylizacj\u0119 na codzienne wyj\u015bcie. W ch\u0142odniejsze dni do d\u0142u\u017cszych sp\u00f3dnic ubierz wysokie kozaki, kt\u00f3re dodadz\u0105 ciep\u0142a. Nie zapomnij o grubych rajstopach lub legginsach.<\/p>\n<p>Sp\u00f3dnice mini nie s\u0105 oczywistym wyborem na jesie\u0144, ale pasuj\u0105 na wieczorne wyj\u015bcia. Ich nonszalancki charakter podkre\u015bl\u0105 stylowe mokasyny lub botki na grubej podeszwie. Taka stylizacja nabiera pazura, zw\u0142aszcza je\u015bli wykorzystasz mocne kolory \u2013 bordowy, zielony i czarny.<\/p>\n<h2>Warstwy na jesie\u0144: Jak dopasowa\u0107 g\u00f3r\u0119 do sp\u00f3dnicy?<\/h2>\n<p>Aby zapewni\u0107 sobie ciep\u0142o podczas d\u0142ugich spacer\u00f3w, zadbaj o ubranie si\u0119 \u201ena cebulk\u0119\u201d, czyli o warstwy. Z czym nosi\u0107 sp\u00f3dnic\u0119 jesieni\u0105? <strong>Pod sp\u00f3dnic\u0119 ubierz koniecznie ciep\u0142e rajstopy<\/strong> (minimum 40 DEN) lub legginsy, a <strong>na g\u00f3r\u0119 zarzu\u0107 podkoszulek, bluzk\u0119, sweter i gruby p\u0142aszcz<\/strong>.<\/p>\n<p>Do sp\u00f3dnic o\u0142\u00f3wkowych pasuj\u0105 dopasowane koszule lub bluzki. <strong>Klasyczny biurowy outfit stworzysz, \u0142\u0105cz\u0105c bia\u0142\u0105, g\u0142adk\u0105 koszul\u0119 z czarn\u0105 sp\u00f3dnic\u0105 i marynark\u0105<\/strong>. Profesjonalny, ale nieco bardziej codzienny wygl\u0105d, osi\u0105gniesz, zak\u0142adaj\u0105c dzianinowy sweter w neutralnym kolorze.<\/p>\n<figure id=\"attachment_9546\" aria-describedby=\"caption-attachment-9546\" style=\"width: 1600px\" class=\"wp-caption alignnone\"><img loading=\"lazy\" decoding=\"async\" class=\"wp-image-9546 size-full\" src=\"https:\/\/imgmag.pakamera.net\/2023\/12\/z-czym-nosic-spodnice-jesienia-i-zima-134529358817.jpg\" alt=\"sp\u00f3dnica mini z we\u0142ny na jesie\u0144 i zim\u0119 \" width=\"1600\" height=\"840\" \/><figcaption id=\"caption-attachment-9546\" class=\"wp-caption-text\">Sp\u00f3dnica Epi- 100% merino we\u0142na \/ Plana wear \/ www.pakamera.pl<\/figcaption><\/figure>\n<p>Rozkloszowane sp\u00f3dnice na jesie\u0144 i zim\u0119 \u0142\u0105cz\u0105 si\u0119 z dopasowanymi swetrami i bluzkami, kt\u00f3re nie przyt\u0142aczaj\u0105 sylwetki. Model <strong>midi w kwiatowy wz\u00f3r \u015bwietnie wygl\u0105da z jednokolorowym, dopasowanym swetrem<\/strong>. Z czym nosi\u0107 sp\u00f3dnic\u0119 zim\u0105? Elegancka kurtka z futerkiem lub d\u0142ugi do ziemi we\u0142niany p\u0142aszcz sprawi, \u017ce nie zmarzniesz, przemieszczaj\u0105c si\u0119 po mie\u015bcie.<\/p>\n<h2>Akcesoria, kt\u00f3re podkre\u015bl\u0105 charakter sp\u00f3dnicy<\/h2>\n<p>Do eleganckich sp\u00f3dnic doskonale sprawdz\u0105 si\u0119 subtelne dodatki. Cienki, sk\u00f3rzany <a href=\"https:\/\/www.pakamera.pl\/paski-0-1855.htm\" target=\"_blank\" rel=\"noopener\">pasek damski<\/a> dobrany do plisowanego modelu podkre\u015bli tali\u0119 i doda sylwetce proporcji. Do tego zestawienia idealnie pasuj\u0105 <strong>z\u0142ote lub srebrne \u0142a\u0144cuszki, subtelne kolczyki i klasyczna listonoszka na rami\u0119<\/strong>.<\/p>\n<p>Rozkloszowane sp\u00f3dnice midi i maxi lubi\u0105 si\u0119 z bardziej wyrazistymi akcesoriami. Mog\u0105 to by\u0107 np. <strong>du\u017ce boho naszyjniki z chwostami lub metalowym wisiorkiem<\/strong>. Do takiej sp\u00f3dnicy pasuje r\u00f3wnie\u017c <strong>szeroki pasek, kt\u00f3ry akcentuje tali\u0119<\/strong>. Wzorzysta chusta lub du\u017cy we\u0142niany szal sprawi, \u017ce b\u0119dziesz wygl\u0105da\u0107 bardzo kobieco \u2013 niczym gwiazda w\u0142oskich film\u00f3w z lat 50.<\/p>\n<div id=\"pakawidget911\" class=\"pakawidget\"><\/div>\n<p><script async defer src=\"https:\/\/www.pakamera.pl\/widget\/widget2.min.js?id=911&#038;type=20231201135832&#038;wwidth=1000\"><\/script><br \/>\nDla kr\u00f3tszych sp\u00f3dnic mini, kt\u00f3re cz\u0119sto maj\u0105 bardziej m\u0142odzie\u0144czy i swobodny styl, idealne b\u0119d\u0105 bardziej casualowe akcesoria. Wyraziste bransoletki, <strong>du\u017ce zegarki czy sportowe torby na rami\u0119 mog\u0105 doda\u0107 strojowi charakteru i nowoczesno\u015bci<\/strong>. W tym przypadku warto r\u00f3wnie\u017c pomy\u015ble\u0107 o modnych butach, takich jak trampki lub botki. Akcesoria te nie tylko podkre\u015bl\u0105 styl sp\u00f3dnicy, ale r\u00f3wnie\u017c pozwol\u0105 stworzy\u0107 sp\u00f3jn\u0105 i przemy\u015blan\u0105 stylizacj\u0119.<\/p>\n<h2>Sp\u00f3dnice na jesie\u0144 i zim\u0119 i p\u0142aszcze: Tworzymy sp\u00f3jn\u0105 ca\u0142o\u015b\u0107<\/h2>\n<p>Dopasowane pod wzgl\u0119dem kolor\u00f3w i fason\u00f3w <strong>sp\u00f3dnica i p\u0142aszcz stworz\u0105 sp\u00f3jny, prawdziwie jesienny look<\/strong>. Trafionym po\u0142\u0105czeniem b\u0119dzie na pewno <strong>we\u0142niana sp\u00f3dnica w klasyczn\u0105 krat\u0119 z d\u0142ugim p\u0142aszczem w stonowanej barwie<\/strong>. Je\u015bli zale\u017cy Ci na romantycznej stylizacji, si\u0119gnij po <strong>plisowan\u0105 sp\u00f3dnic\u0119 midi w pastelowych odcieniach i kr\u00f3tk\u0105 bosmank\u0119 ozdobion\u0105 dwoma rz\u0105dami guzik\u00f3w<\/strong>. To idealne po\u0142\u0105czenie na wieczorne wyj\u015bcie do restauracji czy kina.<\/p>\n<p>Do teatru (lub na co dzie\u0144, je\u015bli lubisz artystyczny wygl\u0105d) za\u0142\u00f3\u017c <strong>a\u017curow\u0105 sp\u00f3dnic\u0119 maxi z lekkim, d\u0142u\u017cszym p\u0142aszczem typu kimono lub lu\u017anym trenczem<\/strong>. U\u017cyj jesiennych kolor\u00f3w \u2013 kremowa sp\u00f3dnica \u015bwietnie sprawdzi si\u0119 z okryciem wierzchnim w ciep\u0142ych br\u0105zach.<\/p>\n<p><a href=\"https:\/\/www.pakamera.pl\/magazyn\/plisowana-spodnica-hit-jesieni\/\" target=\"_blank\" rel=\"noopener\">Modne plisowane sp\u00f3dnice na jesie\u0144<\/a> i zim\u0119 stworzone przez polskich projektant\u00f3w czekaj\u0105 na Ciebie w Pakamera.pl. Nadszed\u0142 czas, aby od\u015bwie\u017cy\u0107 swoj\u0105 szaf\u0119 i uzupe\u0142ni\u0107 j\u0105 o nowe, stylowe elementy \u2013 przejrzyj nasze propozycje ju\u017c dzi\u015b, a wkr\u00f3tce b\u0119dziesz mia\u0142a, z czym nosi\u0107 sp\u00f3dnice zim\u0105.<\/p>\n","protected":false},"excerpt":{"rendered":"<p>Jesie\u0144 i zima kojarz\u0105 si\u0119 przede wszystkim z ciep\u0142ymi ubraniami. My zach\u0119camy jednak do wyci\u0105gni\u0119cia z szafy sp\u00f3dnic! Dzi\u0119ki odpowiednio skompletowanemu strojowi nie b\u0119dziesz marz\u0142a, a poczujesz si\u0119 bardzo kobieco,<span class=\"more-dots\">&#8230;<\/span><\/p>\n","protected":false},"author":16,"featured_media":9545,"comment_status":"closed","ping_status":"closed","sticky":false,"template":"","format":"standard","meta":{"footnotes":""},"categories":[3],"tags":[1409,1041,207,405],"class_list":["post-9544","post","type-post","status-publish","format-standard","has-post-thumbnail","hentry","category-moda","tag-jesien-zima","tag-modna-spodnica","tag-spodnica","tag-trendy-jesien-zima"],"yoast_head":"<!-- This site is optimized with the Yoast SEO plugin v21.6 - https:\/\/yoast.com\/wordpress\/plugins\/seo\/ -->\n<title>Z czym nosi\u0107 sp\u00f3dnice jesieni\u0105 i zim\u0105? - Magazyn Pakamera.pl<\/title>\n<meta name=\"description\" content=\"Zastanawiasz si\u0119 z czym nosi\u0107 sp\u00f3dnice jesieni\u0105 i zim\u0105? Ju\u017c spieszymy z podpowiedziami stylizacji i wybraniem odpowiednich dodatk\u00f3w.\" \/>\n<meta name=\"robots\" content=\"index, follow\" \/>\n<link rel=\"canonical\" href=\"https:\/\/www.pakamera.pl\/magazyn\/z-czym-nosic-spodnice-jesienia-i-zima\/\" \/>\n<meta property=\"og:locale\" content=\"pl_PL\" \/>\n<meta property=\"og:type\" content=\"article\" \/>\n<meta property=\"og:title\" content=\"Z czym nosi\u0107 sp\u00f3dnice jesieni\u0105 i zim\u0105? - Magazyn Pakamera.pl\" \/>\n<meta property=\"og:description\" content=\"Zastanawiasz si\u0119 z czym nosi\u0107 sp\u00f3dnice jesieni\u0105 i zim\u0105? Ju\u017c spieszymy z podpowiedziami stylizacji i wybraniem odpowiednich dodatk\u00f3w.\" \/>\n<meta property=\"og:url\" content=\"https:\/\/www.pakamera.pl\/magazyn\/z-czym-nosic-spodnice-jesienia-i-zima\/\" \/>\n<meta property=\"og:site_name\" content=\"Magazyn Pakamera.pl\" \/>\n<meta property=\"article:publisher\" content=\"https:\/\/facebook.com\/pakamerapl\" \/>\n<meta property=\"article:published_time\" content=\"2023-12-03T11:38:53+00:00\" \/>\n<meta property=\"article:modified_time\" content=\"2024-05-23T13:32:20+00:00\" \/>\n<meta property=\"og:image\" content=\"https:\/\/imgmag.pakamera.net\/2023\/12\/z-czym-nosic-spodnice-jesienia-i-zima-133441524774.jpg\" \/>\n\t<meta property=\"og:image:width\" content=\"1600\" \/>\n\t<meta property=\"og:image:height\" content=\"840\" \/>\n\t<meta property=\"og:image:type\" content=\"image\/jpeg\" \/>\n<meta name=\"author\" content=\"Magda Strzelecka\" \/>\n<meta name=\"twitter:card\" content=\"summary_large_image\" \/>\n<meta name=\"twitter:label1\" content=\"Napisane przez\" \/>\n\t<meta name=\"twitter:data1\" content=\"Magda Strzelecka\" \/>\n\t<meta name=\"twitter:label2\" content=\"Szacowany czas czytania\" \/>\n\t<meta name=\"twitter:data2\" content=\"6 minut\" \/>\n<script type=\"application\/ld+json\" class=\"yoast-schema-graph\">{\"@context\":\"https:\/\/schema.org\",\"@graph\":[{\"@type\":\"Article\",\"@id\":\"https:\/\/www.pakamera.pl\/magazyn\/z-czym-nosic-spodnice-jesienia-i-zima\/#article\",\"isPartOf\":{\"@id\":\"https:\/\/www.pakamera.pl\/magazyn\/z-czym-nosic-spodnice-jesienia-i-zima\/\"},\"author\":{\"name\":\"Magda Strzelecka\",\"@id\":\"https:\/\/www.pakamera.pl\/magazyn\/#\/schema\/person\/375940ab821c5af50e1e31f1ec5282b5\"},\"headline\":\"Z czym nosi\u0107 sp\u00f3dnice jesieni\u0105 i zim\u0105?\",\"datePublished\":\"2023-12-03T11:38:53+00:00\",\"dateModified\":\"2024-05-23T13:32:20+00:00\",\"mainEntityOfPage\":{\"@id\":\"https:\/\/www.pakamera.pl\/magazyn\/z-czym-nosic-spodnice-jesienia-i-zima\/\"},\"wordCount\":1022,\"publisher\":{\"@id\":\"https:\/\/www.pakamera.pl\/magazyn\/#organization\"},\"keywords\":[\"jesie\u0144\/zima\",\"modna sp\u00f3dnica\",\"sp\u00f3dnica\",\"trendy jesie\u0144 zima\"],\"articleSection\":[\"Moda\"],\"inLanguage\":\"pl-PL\"},{\"@type\":\"WebPage\",\"@id\":\"https:\/\/www.pakamera.pl\/magazyn\/z-czym-nosic-spodnice-jesienia-i-zima\/\",\"url\":\"https:\/\/www.pakamera.pl\/magazyn\/z-czym-nosic-spodnice-jesienia-i-zima\/\",\"name\":\"Z czym nosi\u0107 sp\u00f3dnice jesieni\u0105 i zim\u0105? - Magazyn Pakamera.pl\",\"isPartOf\":{\"@id\":\"https:\/\/www.pakamera.pl\/magazyn\/#website\"},\"datePublished\":\"2023-12-03T11:38:53+00:00\",\"dateModified\":\"2024-05-23T13:32:20+00:00\",\"description\":\"Zastanawiasz si\u0119 z czym nosi\u0107 sp\u00f3dnice jesieni\u0105 i zim\u0105? Ju\u017c spieszymy z podpowiedziami stylizacji i wybraniem odpowiednich dodatk\u00f3w.\",\"breadcrumb\":{\"@id\":\"https:\/\/www.pakamera.pl\/magazyn\/z-czym-nosic-spodnice-jesienia-i-zima\/#breadcrumb\"},\"inLanguage\":\"pl-PL\",\"potentialAction\":[{\"@type\":\"ReadAction\",\"target\":[\"https:\/\/www.pakamera.pl\/magazyn\/z-czym-nosic-spodnice-jesienia-i-zima\/\"]}]},{\"@type\":\"BreadcrumbList\",\"@id\":\"https:\/\/www.pakamera.pl\/magazyn\/z-czym-nosic-spodnice-jesienia-i-zima\/#breadcrumb\",\"itemListElement\":[{\"@type\":\"ListItem\",\"position\":1,\"name\":\"Magazyn\",\"item\":\"https:\/\/www.pakamera.pl\/magazyn\/\"},{\"@type\":\"ListItem\",\"position\":2,\"name\":\"Moda\",\"item\":\"https:\/\/www.pakamera.pl\/magazyn\/category\/moda\/\"},{\"@type\":\"ListItem\",\"position\":3,\"name\":\"Z czym nosi\u0107 sp\u00f3dnice jesieni\u0105 i zim\u0105?\"}]},{\"@type\":\"WebSite\",\"@id\":\"https:\/\/www.pakamera.pl\/magazyn\/#website\",\"url\":\"https:\/\/www.pakamera.pl\/magazyn\/\",\"name\":\"Magazyn Pakamera.pl\",\"description\":\"Sprawd\u017a najgor\u0119tsze tematy sezonu!\",\"publisher\":{\"@id\":\"https:\/\/www.pakamera.pl\/magazyn\/#organization\"},\"potentialAction\":[{\"@type\":\"SearchAction\",\"target\":{\"@type\":\"EntryPoint\",\"urlTemplate\":\"https:\/\/www.pakamera.pl\/magazyn\/?s={search_term_string}\"},\"query-input\":\"required name=search_term_string\"}],\"inLanguage\":\"pl-PL\"},{\"@type\":\"Organization\",\"@id\":\"https:\/\/www.pakamera.pl\/magazyn\/#organization\",\"name\":\"Pakamera.pl\",\"url\":\"https:\/\/www.pakamera.pl\/magazyn\/\",\"logo\":{\"@type\":\"ImageObject\",\"inLanguage\":\"pl-PL\",\"@id\":\"https:\/\/www.pakamera.pl\/magazyn\/#\/schema\/logo\/image\/\",\"url\":\"https:\/\/imgmag.pakamera.net\/2023\/11\/153455466619.png\",\"contentUrl\":\"https:\/\/imgmag.pakamera.net\/2023\/11\/153455466619.png\",\"width\":690,\"height\":140,\"caption\":\"Pakamera.pl\"},\"image\":{\"@id\":\"https:\/\/www.pakamera.pl\/magazyn\/#\/schema\/logo\/image\/\"},\"sameAs\":[\"https:\/\/facebook.com\/pakamerapl\",\"https:\/\/www.instagram.com\/pakamera\/\"]},{\"@type\":\"Person\",\"@id\":\"https:\/\/www.pakamera.pl\/magazyn\/#\/schema\/person\/375940ab821c5af50e1e31f1ec5282b5\",\"name\":\"Magda Strzelecka\",\"description\":\"Magda to nasza stylistka, kt\u00f3ra od ponad 10 lat \u015bci\u015ble zwi\u0105zana jest z mod\u0105. Uwielbia \u015bledzi\u0107 \u015bwiatowe trendy i przek\u0142ada\u0107 je na rynek polski. Kocha dobre sk\u0142ady ubra\u0144, wyj\u0105tkow\u0105 bi\u017cuteri\u0119 i dodatki kt\u00f3re o\u017cywi\u0105 ka\u017cd\u0105 stylizacj\u0119.\"}]}<\/script>\n<!-- \/ Yoast SEO plugin. -->","yoast_head_json":{"title":"Z czym nosi\u0107 sp\u00f3dnice jesieni\u0105 i zim\u0105? - Magazyn Pakamera.pl","description":"Zastanawiasz si\u0119 z czym nosi\u0107 sp\u00f3dnice jesieni\u0105 i zim\u0105? Ju\u017c spieszymy z podpowiedziami stylizacji i wybraniem odpowiednich dodatk\u00f3w.","robots":{"index":"index","follow":"follow"},"canonical":"https:\/\/www.pakamera.pl\/magazyn\/z-czym-nosic-spodnice-jesienia-i-zima\/","og_locale":"pl_PL","og_type":"article","og_title":"Z czym nosi\u0107 sp\u00f3dnice jesieni\u0105 i zim\u0105? - Magazyn Pakamera.pl","og_description":"Zastanawiasz si\u0119 z czym nosi\u0107 sp\u00f3dnice jesieni\u0105 i zim\u0105? Ju\u017c spieszymy z podpowiedziami stylizacji i wybraniem odpowiednich dodatk\u00f3w.","og_url":"https:\/\/www.pakamera.pl\/magazyn\/z-czym-nosic-spodnice-jesienia-i-zima\/","og_site_name":"Magazyn Pakamera.pl","article_publisher":"https:\/\/facebook.com\/pakamerapl","article_published_time":"2023-12-03T11:38:53+00:00","article_modified_time":"2024-05-23T13:32:20+00:00","og_image":[{"width":1600,"height":840,"url":"https:\/\/imgmag.pakamera.net\/2023\/12\/z-czym-nosic-spodnice-jesienia-i-zima-133441524774.jpg","type":"image\/jpeg"}],"author":"Magda Strzelecka","twitter_card":"summary_large_image","twitter_misc":{"Napisane przez":"Magda Strzelecka","Szacowany czas czytania":"6 minut"},"schema":{"@context":"https:\/\/schema.org","@graph":[{"@type":"Article","@id":"https:\/\/www.pakamera.pl\/magazyn\/z-czym-nosic-spodnice-jesienia-i-zima\/#article","isPartOf":{"@id":"https:\/\/www.pakamera.pl\/magazyn\/z-czym-nosic-spodnice-jesienia-i-zima\/"},"author":{"name":"Magda Strzelecka","@id":"https:\/\/www.pakamera.pl\/magazyn\/#\/schema\/person\/375940ab821c5af50e1e31f1ec5282b5"},"headline":"Z czym nosi\u0107 sp\u00f3dnice jesieni\u0105 i zim\u0105?","datePublished":"2023-12-03T11:38:53+00:00","dateModified":"2024-05-23T13:32:20+00:00","mainEntityOfPage":{"@id":"https:\/\/www.pakamera.pl\/magazyn\/z-czym-nosic-spodnice-jesienia-i-zima\/"},"wordCount":1022,"publisher":{"@id":"https:\/\/www.pakamera.pl\/magazyn\/#organization"},"keywords":["jesie\u0144\/zima","modna sp\u00f3dnica","sp\u00f3dnica","trendy jesie\u0144 zima"],"articleSection":["Moda"],"inLanguage":"pl-PL"},{"@type":"WebPage","@id":"https:\/\/www.pakamera.pl\/magazyn\/z-czym-nosic-spodnice-jesienia-i-zima\/","url":"https:\/\/www.pakamera.pl\/magazyn\/z-czym-nosic-spodnice-jesienia-i-zima\/","name":"Z czym nosi\u0107 sp\u00f3dnice jesieni\u0105 i zim\u0105? - Magazyn Pakamera.pl","isPartOf":{"@id":"https:\/\/www.pakamera.pl\/magazyn\/#website"},"datePublished":"2023-12-03T11:38:53+00:00","dateModified":"2024-05-23T13:32:20+00:00","description":"Zastanawiasz si\u0119 z czym nosi\u0107 sp\u00f3dnice jesieni\u0105 i zim\u0105? Ju\u017c spieszymy z podpowiedziami stylizacji i wybraniem odpowiednich dodatk\u00f3w.","breadcrumb":{"@id":"https:\/\/www.pakamera.pl\/magazyn\/z-czym-nosic-spodnice-jesienia-i-zima\/#breadcrumb"},"inLanguage":"pl-PL","potentialAction":[{"@type":"ReadAction","target":["https:\/\/www.pakamera.pl\/magazyn\/z-czym-nosic-spodnice-jesienia-i-zima\/"]}]},{"@type":"BreadcrumbList","@id":"https:\/\/www.pakamera.pl\/magazyn\/z-czym-nosic-spodnice-jesienia-i-zima\/#breadcrumb","itemListElement":[{"@type":"ListItem","position":1,"name":"Magazyn","item":"https:\/\/www.pakamera.pl\/magazyn\/"},{"@type":"ListItem","position":2,"name":"Moda","item":"https:\/\/www.pakamera.pl\/magazyn\/category\/moda\/"},{"@type":"ListItem","position":3,"name":"Z czym nosi\u0107 sp\u00f3dnice jesieni\u0105 i zim\u0105?"}]},{"@type":"WebSite","@id":"https:\/\/www.pakamera.pl\/magazyn\/#website","url":"https:\/\/www.pakamera.pl\/magazyn\/","name":"Magazyn Pakamera.pl","description":"Sprawd\u017a najgor\u0119tsze tematy sezonu!","publisher":{"@id":"https:\/\/www.pakamera.pl\/magazyn\/#organization"},"potentialAction":[{"@type":"SearchAction","target":{"@type":"EntryPoint","urlTemplate":"https:\/\/www.pakamera.pl\/magazyn\/?s={search_term_string}"},"query-input":"required name=search_term_string"}],"inLanguage":"pl-PL"},{"@type":"Organization","@id":"https:\/\/www.pakamera.pl\/magazyn\/#organization","name":"Pakamera.pl","url":"https:\/\/www.pakamera.pl\/magazyn\/","logo":{"@type":"ImageObject","inLanguage":"pl-PL","@id":"https:\/\/www.pakamera.pl\/magazyn\/#\/schema\/logo\/image\/","url":"https:\/\/imgmag.pakamera.net\/2023\/11\/153455466619.png","contentUrl":"https:\/\/imgmag.pakamera.net\/2023\/11\/153455466619.png","width":690,"height":140,"caption":"Pakamera.pl"},"image":{"@id":"https:\/\/www.pakamera.pl\/magazyn\/#\/schema\/logo\/image\/"},"sameAs":["https:\/\/facebook.com\/pakamerapl","https:\/\/www.instagram.com\/pakamera\/"]},{"@type":"Person","@id":"https:\/\/www.pakamera.pl\/magazyn\/#\/schema\/person\/375940ab821c5af50e1e31f1ec5282b5","name":"Magda Strzelecka","description":"Magda to nasza stylistka, kt\u00f3ra od ponad 10 lat \u015bci\u015ble zwi\u0105zana jest z mod\u0105. Uwielbia \u015bledzi\u0107 \u015bwiatowe trendy i przek\u0142ada\u0107 je na rynek polski. Kocha dobre sk\u0142ady ubra\u0144, wyj\u0105tkow\u0105 bi\u017cuteri\u0119 i dodatki kt\u00f3re o\u017cywi\u0105 ka\u017cd\u0105 stylizacj\u0119."}]}},"_links":{"self":[{"href":"https:\/\/www.pakamera.pl\/magazyn\/wp-json\/wp\/v2\/posts\/9544","targetHints":{"allow":["GET"]}}],"collection":[{"href":"https:\/\/www.pakamera.pl\/magazyn\/wp-json\/wp\/v2\/posts"}],"about":[{"href":"https:\/\/www.pakamera.pl\/magazyn\/wp-json\/wp\/v2\/types\/post"}],"author":[{"embeddable":true,"href":"https:\/\/www.pakamera.pl\/magazyn\/wp-json\/wp\/v2\/users\/16"}],"replies":[{"embeddable":true,"href":"https:\/\/www.pakamera.pl\/magazyn\/wp-json\/wp\/v2\/comments?post=9544"}],"version-history":[{"count":3,"href":"https:\/\/www.pakamera.pl\/magazyn\/wp-json\/wp\/v2\/posts\/9544\/revisions"}],"predecessor-version":[{"id":10742,"href":"https:\/\/www.pakamera.pl\/magazyn\/wp-json\/wp\/v2\/posts\/9544\/revisions\/10742"}],"wp:featuredmedia":[{"embeddable":true,"href":"https:\/\/www.pakamera.pl\/magazyn\/wp-json\/wp\/v2\/media\/9545"}],"wp:attachment":[{"href":"https:\/\/www.pakamera.pl\/magazyn\/wp-json\/wp\/v2\/media?parent=9544"}],"wp:term":[{"taxonomy":"category","embeddable":true,"href":"https:\/\/www.pakamera.pl\/magazyn\/wp-json\/wp\/v2\/categories?post=9544"},{"taxonomy":"post_tag","embeddable":true,"href":"https:\/\/www.pakamera.pl\/magazyn\/wp-json\/wp\/v2\/tags?post=9544"}],"curies":[{"name":"wp","href":"https:\/\/api.w.org\/{rel}","templated":true}]}}