{"id":9539,"date":"2023-12-02T11:30:13","date_gmt":"2023-12-02T10:30:13","guid":{"rendered":"https:\/\/www.pakamera.pl\/magazyn\/?p=9539"},"modified":"2025-04-03T14:42:32","modified_gmt":"2025-04-03T12:42:32","slug":"czy-apaszki-sa-modne-w-2023-roku","status":"publish","type":"post","link":"https:\/\/www.pakamera.pl\/magazyn\/czy-apaszki-sa-modne-w-2023-roku\/","title":{"rendered":"Czy apaszki s\u0105 modne w 2026 roku?"},"content":{"rendered":"<p><strong>Apaszki kojarz\u0105 si\u0119 z wakacjami we W\u0142oszech, jazd\u0105 kabrioletem i wypoczynkiem na prywatnym jachcie, a wi\u0119c ze s\u0142o\u0144cem, luksusem i elegancj\u0105. Nie musisz jednak czeka\u0107 na letnie miesi\u0105ce, aby za\u0142o\u017cy\u0107 te ozdoby na g\u0142ow\u0119 czy szyj\u0119. Ich uniwersalno\u015b\u0107 sprawia, \u017ce apaszki wci\u0105\u017c s\u0105 modne w 2026 roku.<\/strong><\/p>\n<p><!--more--><\/p>\n<figure id=\"attachment_9541\" aria-describedby=\"caption-attachment-9541\" style=\"width: 1600px\" class=\"wp-caption alignnone\"><img loading=\"lazy\" decoding=\"async\" class=\"wp-image-9541 size-full\" src=\"https:\/\/imgmag.pakamera.net\/2023\/12\/czy-apaszki-sa-modne-w-2023-roku-115933573338.jpg\" alt=\"modna apaszka na jesie\u0144\" width=\"1600\" height=\"840\" \/><figcaption id=\"caption-attachment-9541\" class=\"wp-caption-text\">Apaszka jedwabna PUDER \/ LAWA \/ www.pakamera.pl<\/figcaption><\/figure>\n<p>Apaszki <strong>mo\u017cesz nosi\u0107 r\u00f3wnie\u017c w sezonie jesienno-zimowym jako stylowy akcent<\/strong>. Zawi\u0105zane na szyi, o\u017cywi\u0105 monochromatyczne stroje, dodaj\u0105c im koloru. Apaszki \u015bwietnie sprawdzaj\u0105 si\u0119 r\u00f3wnie\u017c jako artystyczna ozdoba do w\u0142os\u00f3w. Wykorzystaj ten spos\u00f3b na uzupe\u0142nienie prostych, codziennych stylizacji.<\/p>\n<h2>Modne apaszki 2026: Klasyka w nowoczesnym wydaniu<\/h2>\n<p>Najmodniejsze apaszki w 2026 roku \u0142\u0105cz\u0105 tradycyjne wzornictwo z nowoczesnymi elementami. Si\u0119gnij po ozdoby, kt\u00f3re <strong>nawi\u0105zuj\u0105 do ludowych, np. \u0142owickich motyw\u00f3w lub modele ze wzorami tureckimi (paisley), zwierz\u0119cymi, ro\u015blinnymi lub geometrycznymi<\/strong>. Ponadczasowym wyborem jest <a href=\"https:\/\/www.pakamera.pl\/apaszka-jedwabna-0-t73876.htm\" target=\"_blank\" rel=\"noopener\">apaszka jedwabna<\/a> \u2013 ten materia\u0142 charakteryzuje si\u0119 niezwykle przyjemn\u0105 faktur\u0105.<\/p>\n<p>Je\u015bli zale\u017cy Ci na <strong>bardzo kobiecym wygl\u0105dzie, wybierz apaszki w pastelowych odcieniach r\u00f3\u017cu i b\u0142\u0119kitu<\/strong> w delikatne wzory. Dodadz\u0105 one Twojej stylizacji subtelno\u015bci i elegancji. Poszukujesz pomys\u0142\u00f3w na bardziej artystyczny ubi\u00f3r? Jaskrawe ozdoby w wyraziste, abstrakcyjne wzory pozwol\u0105 Ci to osi\u0105gn\u0105\u0107. Mo\u017cesz r\u00f3wnie\u017c si\u0119gn\u0105\u0107 po <strong>dodatki z dekoracyjnym wyko\u0144czeniem<\/strong> \u2013 np. fr\u0119dzlami lub kraw\u0119dziami w kontrastuj\u0105cych kolorach.<\/p>\n<div id=\"pakawidget909\" class=\"pakawidget\"><\/div>\n<p><script async defer src=\"https:\/\/www.pakamera.pl\/widget\/widget2.min.js?id=909&#038;type=20231201115729&#038;wwidth=1000\"><\/script><\/p>\n<h2>Jak wi\u0105za\u0107 apaszki, by by\u0107 na topie?<\/h2>\n<p>Apaszk\u0119 mo\u017cesz nosi\u0107 jako chust\u0119 na szyi. Istnieje wiele sposob\u00f3w jej wi\u0105zania, dlatego wybierz ten, w kt\u00f3rym jest Ci najwygodniej. Oto nasze propozycje wraz z przyk\u0142adowymi stylizacjami.<\/p>\n<ul>\n<li><strong>Lu\u017ano zawi\u0105zana apaszka daje poczucie swobody<\/strong>. Je\u015bli pozwolisz, aby jej ko\u0144ce swobodnie opada\u0142y, dodasz lekko\u015bci Twojej stylizacji. Ten spos\u00f3b wi\u0105zania pasuje do prostej bluzki lub swetra, tworz\u0105c wyrazisty akcent kolorystyczny w codziennym outfitcie.<\/li>\n<li><a href=\"https:\/\/www.pakamera.pl\/apaszki-0-3147.htm\" target=\"_blank\" rel=\"noopener\">Apaszka<\/a> za\u0142o\u017cona wok\u00f3\u0142 szyi tak, aby jedna strona by\u0142a nieco d\u0142u\u017csza, <strong>z sup\u0142em z przodu lub boku tworzy klasyczn\u0105 ozdob\u0119<\/strong> i przypomina mundury stewardess mi\u0119dzynarodowych linii lotniczych. Ten spos\u00f3b wi\u0105zania pasuje idealnie do koszul z ko\u0142nierzykiem.<\/li>\n<li>Aby wygl\u0105da\u0107 niczym brytyjska dama, <strong>z\u0142\u00f3\u017c apaszk\u0119 na p\u00f3\u0142 i owi\u0144 j\u0105 wok\u00f3\u0142 szyi, przeci\u0105gaj\u0105c oba ko\u0144ce przez p\u0119tl\u0119<\/strong>. Nast\u0119pnie dopasuj j\u0105 tak, aby ko\u0144ce by\u0142y u\u0142o\u017cone r\u00f3wno i p\u0142asko. Styl ten nadaje si\u0119 idealnie do biura.<\/li>\n<li>Apaszk\u0119 mo\u017cesz r\u00f3wnie\u017c nosi\u0107 w bardziej ekstrawagancki spos\u00f3b. <strong>Z\u0142\u00f3\u017c j\u0105 po kowbojsku w tr\u00f3jk\u0105t, a nast\u0119pnie zawi\u0105\u017c na szyi tak, aby szpic spoczywa\u0142 na piersiach<\/strong>, a ko\u0144ce by\u0142y zawi\u0105zane z ty\u0142u. Twoja stylizacja b\u0119dzie wygl\u0105da\u0107 niczym rodem z western\u00f3w.<\/li>\n<\/ul>\n<h2>Wzory i kolory apaszek hitem sezonu 2026<\/h2>\n<figure id=\"attachment_9542\" aria-describedby=\"caption-attachment-9542\" style=\"width: 1600px\" class=\"wp-caption alignnone\"><img loading=\"lazy\" decoding=\"async\" class=\"wp-image-9542 size-full\" src=\"https:\/\/imgmag.pakamera.net\/2023\/12\/czy-apaszki-sa-modne-w-2023-roku-122018820194.jpg\" alt=\"modne apaszki r\u0119cznie malowane kolorowe\" width=\"1600\" height=\"840\" \/><figcaption id=\"caption-attachment-9542\" class=\"wp-caption-text\">KOLORY NOCY &#8211; apaszka jedwab AHIMSA SILK \/ Ewa Zwolinska \/ www.pakamera.pl<\/figcaption><\/figure>\n<p>Czy apaszki s\u0105 modne w 2026 roku? Z pewno\u015bci\u0105! <strong>Najpopularniejsze s\u0105 modele inspirowane natur\u0105, czyli te w kwiatowe i zwierz\u0119ce motywy<\/strong>. Na szczeg\u00f3ln\u0105 uwag\u0119 zas\u0142uguj\u0105 ozdoby z elementami kontrastuj\u0105cymi, np. w kolorach pastelowych z wyr\u00f3\u017cniaj\u0105cym si\u0119 wzorem w barwach intensywnego r\u00f3\u017cu, b\u0142\u0119kitu czy \u017c\u00f3\u0142ci. Wiele z nich przedstawia ca\u0142e sceny pe\u0142ne abstrakcji \u2013 np. pokazy cyrkowe czy magiczne krainy.<\/p>\n<p>W\u015br\u00f3d apaszek nigdy nie wychodz\u0105 z mody <strong>geometryczne wzory, kt\u00f3re przyci\u0105gaj\u0105 uwag\u0119 swoj\u0105 symetri\u0105<\/strong>. Mog\u0105 to by\u0107 <strong>klasyczne paski, kropki lub abstrakcyjne kszta\u0142ty<\/strong> w r\u00f3\u017cnorodnych kombinacjach kolorystycznych. Apaszki <strong>w \u017cywych kolorach, takich jak intensywna czerwie\u0144, g\u0142\u0119boki b\u0142\u0119kit czy wyrazisty zielony<\/strong>, dodaj\u0105 energii i charakteru prostym strojom. Pastele z kolei nadaj\u0105 dziewcz\u0119cego szyku wzorzystym stylizacjom.<\/p>\n<p>Modne apaszki w 2026 roku to r\u00f3wnie\u017c te <strong>jednolite, w kilku kolorach przewodnich, np. w pomara\u0144czowe, \u017c\u00f3\u0142te i czerwone pasy<\/strong>. Te modele ciesz\u0105 si\u0119 popularno\u015bci\u0105 w\u015br\u00f3d mi\u0142o\u015bnik\u00f3w klasyki, poniewa\u017c pasuj\u0105 do marynarek, o\u0142\u00f3wkowych sp\u00f3dnic, spodni zaprasowanych w kant i jesiennych trenczy.<\/p>\n<h2>Modne apaszki 2026 jako uniwersalny dodatek<\/h2>\n<p>Du\u017ce apaszki otwieraj\u0105 wiele mo\u017cliwo\u015bci stylizacji \u2013 <strong>mo\u017cesz nosi\u0107 je r\u00f3wnie\u017c w mniej konwencjonalny spos\u00f3b jako top<\/strong>. Zawi\u0105zana na szyi i w taili ozdoba wygl\u0105da \u015bwietnie podczas ciep\u0142ych dni. Ten dodatek <strong>sprawdza si\u0119 r\u00f3wnie\u017c \u015bwietnie jako pasek do sp\u00f3dnic czy spodni<\/strong>, dodaj\u0105c kreatywnego wyd\u017awi\u0119ku prostym strojom.<\/p>\n<p>Inny modny spos\u00f3b na noszenie apaszek w 2026 roku to wykorzystanie ich jako elementu ozdobnego we w\u0142osach. Chustk\u0119 mo\u017cesz <strong>zawi\u0105za\u0107 jak opask\u0119 lub wple\u015b\u0107 w warkocz czy kok<\/strong>, nadaj\u0105c fryzurze obj\u0119to\u015bci i koloru. W\u0105ska apaszka zawi\u0105zana wok\u00f3\u0142 g\u0142owy z kokard\u0105 z przodu stworzy dziewcz\u0119cy look na letnie dni. Mo\u017cesz r\u00f3wnie\u017c zawi\u0105za\u0107 ozdob\u0119 wok\u00f3\u0142 kucyka jak gumk\u0119, tak, aby jej ko\u0144ce swobodnie po\u0142\u0105czy\u0142y si\u0119 z w\u0142osami.<\/p>\n<div id=\"pakawidget910\" class=\"pakawidget\"><\/div>\n<p><script async defer src=\"https:\/\/www.pakamera.pl\/widget\/widget2.min.js?id=910&#038;type=20231201122336&#038;wwidth=1000\"><\/script><\/p>\n<p>Modne apaszki 2026 mog\u0105 r\u00f3wnie\u017c s\u0142u\u017cy\u0107 jako <strong>stylowy dodatek do torebek<\/strong>. Przywi\u0105\u017c kolorow\u0105 chustk\u0119 do r\u0105czki sk\u00f3rzanej torebki lub zawi\u0105\u017c j\u0105 wok\u00f3\u0142 paska, aby nada\u0107 jej spersonalizowanego charakteru. Ten modny akcent sprawi, \u017ce bez trudu znajdziesz swoj\u0105 torebk\u0119 w biurze.<\/p>\n<h2>Apaszki na jesie\u0144 2026 w r\u00f3\u017cnych stylizacjach<\/h2>\n<p>Aby stworzy\u0107 nieformalny, codzienny look, wykorzystaj lekk\u0105 jedwabn\u0105 apaszk\u0119 w jaskrawych kolorach. Mo\u017ce to by\u0107 np. soczysta ziele\u0144 lub intensywny fiolet, kt\u00f3re dzi\u0119ki swojej wyrazisto\u015bci b\u0119d\u0105 stanowi\u0107 g\u0142\u00f3wny punkt stylizacji. Zawi\u0105\u017c ozdob\u0119 wok\u00f3\u0142 szyi na lu\u017any supe\u0142 i <strong>po\u0142\u0105cz z prost\u0105 bia\u0142\u0105 bluzk\u0105 i jeansami<\/strong>.<\/p>\n<p>Na eleganckie okazje potrzebujesz czego\u015b bardziej subtelnego. Jednolita apaszka w klasycznych odcieniach szaro\u015bci, czerni, ciemnej zieleni lub granatu, zawi\u0105zana na ciasny supe\u0142 wok\u00f3\u0142 szyi, <strong>\u015bwietnie komponuje si\u0119 z jednokolorowym garniturem i koszul\u0105<\/strong>. Taki zestaw sprawdzi si\u0119 na biznesowe spotkania czy formalne wydarzenia, emanuj\u0105c profesjonalizmem.<\/p>\n<p>Apaszki na jesie\u0144 2026 roku mog\u0105 by\u0107 wykorzystane w kreatywny spos\u00f3b w stylizacjach boho. <strong>Du\u017ca, wzorzysta apaszka mo\u017ce s\u0142u\u017cy\u0107 jako opaska na g\u0142ow\u0119<\/strong>, uzupe\u0142niaj\u0105c warstwowe stylizacje z d\u0142ugimi, zwiewnymi sp\u00f3dnicami i lu\u017anymi swetrami. Je\u015bli wolisz nosi\u0107 j\u0105 na szyi \u2013 zawi\u0105\u017c lu\u017ano i pozw\u00f3l, aby jej ko\u0144ce swobodnie zwisa\u0142y. W takim zestawie chustka stworzy wsp\u00f3ln\u0105 ca\u0142o\u015b\u0107 z pozosta\u0142ymi elementami stroju.<\/p>\n<p>Na stronie Pakamera.pl sprawdzisz, <a href=\"https:\/\/www.pakamera.pl\/magazyn\/elegancka-apaszka-jedwabna-wybierz-z-nami\/\" target=\"_blank\" rel=\"noopener\">jak wi\u0105za\u0107 elegancie apaszki<\/a>, aby wygl\u0105da\u0107 stylowo, a tak\u017ce poznasz najciekawsze modele prosto ze szwalni polskich producent\u00f3w.<\/p>\n","protected":false},"excerpt":{"rendered":"<p>Apaszki kojarz\u0105 si\u0119 z wakacjami we W\u0142oszech, jazd\u0105 kabrioletem i wypoczynkiem na prywatnym jachcie, a wi\u0119c ze s\u0142o\u0144cem, luksusem i elegancj\u0105. Nie musisz jednak czeka\u0107 na letnie miesi\u0105ce, aby za\u0142o\u017cy\u0107<span class=\"more-dots\">&#8230;<\/span><\/p>\n","protected":false},"author":16,"featured_media":9541,"comment_status":"closed","ping_status":"closed","sticky":false,"template":"","format":"standard","meta":{"footnotes":""},"categories":[3],"tags":[2339,2085,2086,2090,2089,2084,521,2087],"class_list":["post-9539","post","type-post","status-publish","format-standard","has-post-thumbnail","hentry","category-moda","tag-apaszka-jedwabna-handmade","tag-apaszka-w-kwiaty","tag-apaszka-we-wzory","tag-chusta-na-glowe","tag-chusta-na-szyje","tag-chuste-we-wzory","tag-dodatki","tag-recznie-malowana-apaszka"],"yoast_head":"<!-- This site is optimized with the Yoast SEO plugin v21.6 - https:\/\/yoast.com\/wordpress\/plugins\/seo\/ -->\n<title>Czy apaszki s\u0105 modne w [year] roku? - Magazyn Pakamera.pl<\/title>\n<meta name=\"description\" content=\"Zastanawiasz si\u0119 czy apaszki s\u0105 modne? Ju\u017c spieszymy z odpowiedzi\u0105 i podpowiadamy jak je dobra\u0107 aby wygl\u0105da\u0107 stylowo.\" \/>\n<meta name=\"robots\" content=\"index, follow\" \/>\n<link rel=\"canonical\" href=\"https:\/\/www.pakamera.pl\/magazyn\/czy-apaszki-sa-modne-w-2023-roku\/\" \/>\n<meta property=\"og:locale\" content=\"pl_PL\" \/>\n<meta property=\"og:type\" content=\"article\" \/>\n<meta property=\"og:title\" content=\"Czy apaszki s\u0105 modne w [year] roku? - Magazyn Pakamera.pl\" \/>\n<meta property=\"og:description\" content=\"Zastanawiasz si\u0119 czy apaszki s\u0105 modne? Ju\u017c spieszymy z odpowiedzi\u0105 i podpowiadamy jak je dobra\u0107 aby wygl\u0105da\u0107 stylowo.\" \/>\n<meta property=\"og:url\" content=\"https:\/\/www.pakamera.pl\/magazyn\/czy-apaszki-sa-modne-w-2023-roku\/\" \/>\n<meta property=\"og:site_name\" content=\"Magazyn Pakamera.pl\" \/>\n<meta property=\"article:publisher\" content=\"https:\/\/facebook.com\/pakamerapl\" \/>\n<meta property=\"article:published_time\" content=\"2023-12-02T10:30:13+00:00\" \/>\n<meta property=\"article:modified_time\" content=\"2025-04-03T12:42:32+00:00\" \/>\n<meta property=\"og:image\" content=\"https:\/\/imgmag.pakamera.net\/2023\/12\/czy-apaszki-sa-modne-w-2023-roku-115933573338.jpg\" \/>\n\t<meta property=\"og:image:width\" content=\"1600\" \/>\n\t<meta property=\"og:image:height\" content=\"840\" \/>\n\t<meta property=\"og:image:type\" content=\"image\/jpeg\" \/>\n<meta name=\"author\" content=\"Magda Strzelecka\" \/>\n<meta name=\"twitter:card\" content=\"summary_large_image\" \/>\n<meta name=\"twitter:label1\" content=\"Napisane przez\" \/>\n\t<meta name=\"twitter:data1\" content=\"Magda Strzelecka\" \/>\n\t<meta name=\"twitter:label2\" content=\"Szacowany czas czytania\" \/>\n\t<meta name=\"twitter:data2\" content=\"6 minut\" \/>\n<script type=\"application\/ld+json\" class=\"yoast-schema-graph\">{\"@context\":\"https:\/\/schema.org\",\"@graph\":[{\"@type\":\"Article\",\"@id\":\"https:\/\/www.pakamera.pl\/magazyn\/czy-apaszki-sa-modne-w-2023-roku\/#article\",\"isPartOf\":{\"@id\":\"https:\/\/www.pakamera.pl\/magazyn\/czy-apaszki-sa-modne-w-2023-roku\/\"},\"author\":{\"name\":\"Magda Strzelecka\",\"@id\":\"https:\/\/www.pakamera.pl\/magazyn\/#\/schema\/person\/375940ab821c5af50e1e31f1ec5282b5\"},\"headline\":\"Czy apaszki s\u0105 modne w 2026 roku?\",\"datePublished\":\"2023-12-02T10:30:13+00:00\",\"dateModified\":\"2025-04-03T12:42:32+00:00\",\"mainEntityOfPage\":{\"@id\":\"https:\/\/www.pakamera.pl\/magazyn\/czy-apaszki-sa-modne-w-2023-roku\/\"},\"wordCount\":1094,\"publisher\":{\"@id\":\"https:\/\/www.pakamera.pl\/magazyn\/#organization\"},\"keywords\":[\"apaszka jedwabna handmade\",\"apaszka w kwiaty\",\"apaszka we wzory\",\"chusta na g\u0142ow\u0119\",\"chusta na szyje\",\"chuste we wzory\",\"dodatki\",\"r\u0119cznie malowana apaszka\"],\"articleSection\":[\"Moda\"],\"inLanguage\":\"pl-PL\"},{\"@type\":\"WebPage\",\"@id\":\"https:\/\/www.pakamera.pl\/magazyn\/czy-apaszki-sa-modne-w-2023-roku\/\",\"url\":\"https:\/\/www.pakamera.pl\/magazyn\/czy-apaszki-sa-modne-w-2023-roku\/\",\"name\":\"Czy apaszki s\u0105 modne w [year] roku? - Magazyn Pakamera.pl\",\"isPartOf\":{\"@id\":\"https:\/\/www.pakamera.pl\/magazyn\/#website\"},\"datePublished\":\"2023-12-02T10:30:13+00:00\",\"dateModified\":\"2025-04-03T12:42:32+00:00\",\"description\":\"Zastanawiasz si\u0119 czy apaszki s\u0105 modne? Ju\u017c spieszymy z odpowiedzi\u0105 i podpowiadamy jak je dobra\u0107 aby wygl\u0105da\u0107 stylowo.\",\"breadcrumb\":{\"@id\":\"https:\/\/www.pakamera.pl\/magazyn\/czy-apaszki-sa-modne-w-2023-roku\/#breadcrumb\"},\"inLanguage\":\"pl-PL\",\"potentialAction\":[{\"@type\":\"ReadAction\",\"target\":[\"https:\/\/www.pakamera.pl\/magazyn\/czy-apaszki-sa-modne-w-2023-roku\/\"]}]},{\"@type\":\"BreadcrumbList\",\"@id\":\"https:\/\/www.pakamera.pl\/magazyn\/czy-apaszki-sa-modne-w-2023-roku\/#breadcrumb\",\"itemListElement\":[{\"@type\":\"ListItem\",\"position\":1,\"name\":\"Magazyn\",\"item\":\"https:\/\/www.pakamera.pl\/magazyn\/\"},{\"@type\":\"ListItem\",\"position\":2,\"name\":\"Moda\",\"item\":\"https:\/\/www.pakamera.pl\/magazyn\/category\/moda\/\"},{\"@type\":\"ListItem\",\"position\":3,\"name\":\"Czy apaszki s\u0105 modne w 2025 roku?\"}]},{\"@type\":\"WebSite\",\"@id\":\"https:\/\/www.pakamera.pl\/magazyn\/#website\",\"url\":\"https:\/\/www.pakamera.pl\/magazyn\/\",\"name\":\"Magazyn Pakamera.pl\",\"description\":\"Sprawd\u017a najgor\u0119tsze tematy sezonu!\",\"publisher\":{\"@id\":\"https:\/\/www.pakamera.pl\/magazyn\/#organization\"},\"potentialAction\":[{\"@type\":\"SearchAction\",\"target\":{\"@type\":\"EntryPoint\",\"urlTemplate\":\"https:\/\/www.pakamera.pl\/magazyn\/?s={search_term_string}\"},\"query-input\":\"required name=search_term_string\"}],\"inLanguage\":\"pl-PL\"},{\"@type\":\"Organization\",\"@id\":\"https:\/\/www.pakamera.pl\/magazyn\/#organization\",\"name\":\"Pakamera.pl\",\"url\":\"https:\/\/www.pakamera.pl\/magazyn\/\",\"logo\":{\"@type\":\"ImageObject\",\"inLanguage\":\"pl-PL\",\"@id\":\"https:\/\/www.pakamera.pl\/magazyn\/#\/schema\/logo\/image\/\",\"url\":\"https:\/\/imgmag.pakamera.net\/2023\/11\/153455466619.png\",\"contentUrl\":\"https:\/\/imgmag.pakamera.net\/2023\/11\/153455466619.png\",\"width\":690,\"height\":140,\"caption\":\"Pakamera.pl\"},\"image\":{\"@id\":\"https:\/\/www.pakamera.pl\/magazyn\/#\/schema\/logo\/image\/\"},\"sameAs\":[\"https:\/\/facebook.com\/pakamerapl\",\"https:\/\/www.instagram.com\/pakamera\/\"]},{\"@type\":\"Person\",\"@id\":\"https:\/\/www.pakamera.pl\/magazyn\/#\/schema\/person\/375940ab821c5af50e1e31f1ec5282b5\",\"name\":\"Magda Strzelecka\",\"description\":\"Magda to nasza stylistka, kt\u00f3ra od ponad 10 lat \u015bci\u015ble zwi\u0105zana jest z mod\u0105. Uwielbia \u015bledzi\u0107 \u015bwiatowe trendy i przek\u0142ada\u0107 je na rynek polski. Kocha dobre sk\u0142ady ubra\u0144, wyj\u0105tkow\u0105 bi\u017cuteri\u0119 i dodatki kt\u00f3re o\u017cywi\u0105 ka\u017cd\u0105 stylizacj\u0119.\"}]}<\/script>\n<!-- \/ Yoast SEO plugin. -->","yoast_head_json":{"title":"Czy apaszki s\u0105 modne w [year] roku? - Magazyn Pakamera.pl","description":"Zastanawiasz si\u0119 czy apaszki s\u0105 modne? Ju\u017c spieszymy z odpowiedzi\u0105 i podpowiadamy jak je dobra\u0107 aby wygl\u0105da\u0107 stylowo.","robots":{"index":"index","follow":"follow"},"canonical":"https:\/\/www.pakamera.pl\/magazyn\/czy-apaszki-sa-modne-w-2023-roku\/","og_locale":"pl_PL","og_type":"article","og_title":"Czy apaszki s\u0105 modne w [year] roku? - Magazyn Pakamera.pl","og_description":"Zastanawiasz si\u0119 czy apaszki s\u0105 modne? Ju\u017c spieszymy z odpowiedzi\u0105 i podpowiadamy jak je dobra\u0107 aby wygl\u0105da\u0107 stylowo.","og_url":"https:\/\/www.pakamera.pl\/magazyn\/czy-apaszki-sa-modne-w-2023-roku\/","og_site_name":"Magazyn Pakamera.pl","article_publisher":"https:\/\/facebook.com\/pakamerapl","article_published_time":"2023-12-02T10:30:13+00:00","article_modified_time":"2025-04-03T12:42:32+00:00","og_image":[{"width":1600,"height":840,"url":"https:\/\/imgmag.pakamera.net\/2023\/12\/czy-apaszki-sa-modne-w-2023-roku-115933573338.jpg","type":"image\/jpeg"}],"author":"Magda Strzelecka","twitter_card":"summary_large_image","twitter_misc":{"Napisane przez":"Magda Strzelecka","Szacowany czas czytania":"6 minut"},"schema":{"@context":"https:\/\/schema.org","@graph":[{"@type":"Article","@id":"https:\/\/www.pakamera.pl\/magazyn\/czy-apaszki-sa-modne-w-2023-roku\/#article","isPartOf":{"@id":"https:\/\/www.pakamera.pl\/magazyn\/czy-apaszki-sa-modne-w-2023-roku\/"},"author":{"name":"Magda Strzelecka","@id":"https:\/\/www.pakamera.pl\/magazyn\/#\/schema\/person\/375940ab821c5af50e1e31f1ec5282b5"},"headline":"Czy apaszki s\u0105 modne w 2026 roku?","datePublished":"2023-12-02T10:30:13+00:00","dateModified":"2025-04-03T12:42:32+00:00","mainEntityOfPage":{"@id":"https:\/\/www.pakamera.pl\/magazyn\/czy-apaszki-sa-modne-w-2023-roku\/"},"wordCount":1094,"publisher":{"@id":"https:\/\/www.pakamera.pl\/magazyn\/#organization"},"keywords":["apaszka jedwabna handmade","apaszka w kwiaty","apaszka we wzory","chusta na g\u0142ow\u0119","chusta na szyje","chuste we wzory","dodatki","r\u0119cznie malowana apaszka"],"articleSection":["Moda"],"inLanguage":"pl-PL"},{"@type":"WebPage","@id":"https:\/\/www.pakamera.pl\/magazyn\/czy-apaszki-sa-modne-w-2023-roku\/","url":"https:\/\/www.pakamera.pl\/magazyn\/czy-apaszki-sa-modne-w-2023-roku\/","name":"Czy apaszki s\u0105 modne w [year] roku? - Magazyn Pakamera.pl","isPartOf":{"@id":"https:\/\/www.pakamera.pl\/magazyn\/#website"},"datePublished":"2023-12-02T10:30:13+00:00","dateModified":"2025-04-03T12:42:32+00:00","description":"Zastanawiasz si\u0119 czy apaszki s\u0105 modne? Ju\u017c spieszymy z odpowiedzi\u0105 i podpowiadamy jak je dobra\u0107 aby wygl\u0105da\u0107 stylowo.","breadcrumb":{"@id":"https:\/\/www.pakamera.pl\/magazyn\/czy-apaszki-sa-modne-w-2023-roku\/#breadcrumb"},"inLanguage":"pl-PL","potentialAction":[{"@type":"ReadAction","target":["https:\/\/www.pakamera.pl\/magazyn\/czy-apaszki-sa-modne-w-2023-roku\/"]}]},{"@type":"BreadcrumbList","@id":"https:\/\/www.pakamera.pl\/magazyn\/czy-apaszki-sa-modne-w-2023-roku\/#breadcrumb","itemListElement":[{"@type":"ListItem","position":1,"name":"Magazyn","item":"https:\/\/www.pakamera.pl\/magazyn\/"},{"@type":"ListItem","position":2,"name":"Moda","item":"https:\/\/www.pakamera.pl\/magazyn\/category\/moda\/"},{"@type":"ListItem","position":3,"name":"Czy apaszki s\u0105 modne w 2025 roku?"}]},{"@type":"WebSite","@id":"https:\/\/www.pakamera.pl\/magazyn\/#website","url":"https:\/\/www.pakamera.pl\/magazyn\/","name":"Magazyn Pakamera.pl","description":"Sprawd\u017a najgor\u0119tsze tematy sezonu!","publisher":{"@id":"https:\/\/www.pakamera.pl\/magazyn\/#organization"},"potentialAction":[{"@type":"SearchAction","target":{"@type":"EntryPoint","urlTemplate":"https:\/\/www.pakamera.pl\/magazyn\/?s={search_term_string}"},"query-input":"required name=search_term_string"}],"inLanguage":"pl-PL"},{"@type":"Organization","@id":"https:\/\/www.pakamera.pl\/magazyn\/#organization","name":"Pakamera.pl","url":"https:\/\/www.pakamera.pl\/magazyn\/","logo":{"@type":"ImageObject","inLanguage":"pl-PL","@id":"https:\/\/www.pakamera.pl\/magazyn\/#\/schema\/logo\/image\/","url":"https:\/\/imgmag.pakamera.net\/2023\/11\/153455466619.png","contentUrl":"https:\/\/imgmag.pakamera.net\/2023\/11\/153455466619.png","width":690,"height":140,"caption":"Pakamera.pl"},"image":{"@id":"https:\/\/www.pakamera.pl\/magazyn\/#\/schema\/logo\/image\/"},"sameAs":["https:\/\/facebook.com\/pakamerapl","https:\/\/www.instagram.com\/pakamera\/"]},{"@type":"Person","@id":"https:\/\/www.pakamera.pl\/magazyn\/#\/schema\/person\/375940ab821c5af50e1e31f1ec5282b5","name":"Magda Strzelecka","description":"Magda to nasza stylistka, kt\u00f3ra od ponad 10 lat \u015bci\u015ble zwi\u0105zana jest z mod\u0105. Uwielbia \u015bledzi\u0107 \u015bwiatowe trendy i przek\u0142ada\u0107 je na rynek polski. Kocha dobre sk\u0142ady ubra\u0144, wyj\u0105tkow\u0105 bi\u017cuteri\u0119 i dodatki kt\u00f3re o\u017cywi\u0105 ka\u017cd\u0105 stylizacj\u0119."}]}},"_links":{"self":[{"href":"https:\/\/www.pakamera.pl\/magazyn\/wp-json\/wp\/v2\/posts\/9539","targetHints":{"allow":["GET"]}}],"collection":[{"href":"https:\/\/www.pakamera.pl\/magazyn\/wp-json\/wp\/v2\/posts"}],"about":[{"href":"https:\/\/www.pakamera.pl\/magazyn\/wp-json\/wp\/v2\/types\/post"}],"author":[{"embeddable":true,"href":"https:\/\/www.pakamera.pl\/magazyn\/wp-json\/wp\/v2\/users\/16"}],"replies":[{"embeddable":true,"href":"https:\/\/www.pakamera.pl\/magazyn\/wp-json\/wp\/v2\/comments?post=9539"}],"version-history":[{"count":3,"href":"https:\/\/www.pakamera.pl\/magazyn\/wp-json\/wp\/v2\/posts\/9539\/revisions"}],"predecessor-version":[{"id":13170,"href":"https:\/\/www.pakamera.pl\/magazyn\/wp-json\/wp\/v2\/posts\/9539\/revisions\/13170"}],"wp:featuredmedia":[{"embeddable":true,"href":"https:\/\/www.pakamera.pl\/magazyn\/wp-json\/wp\/v2\/media\/9541"}],"wp:attachment":[{"href":"https:\/\/www.pakamera.pl\/magazyn\/wp-json\/wp\/v2\/media?parent=9539"}],"wp:term":[{"taxonomy":"category","embeddable":true,"href":"https:\/\/www.pakamera.pl\/magazyn\/wp-json\/wp\/v2\/categories?post=9539"},{"taxonomy":"post_tag","embeddable":true,"href":"https:\/\/www.pakamera.pl\/magazyn\/wp-json\/wp\/v2\/tags?post=9539"}],"curies":[{"name":"wp","href":"https:\/\/api.w.org\/{rel}","templated":true}]}}