{"id":9403,"date":"2023-11-24T14:43:34","date_gmt":"2023-11-24T13:43:34","guid":{"rendered":"https:\/\/www.pakamera.pl\/magazyn\/?p=9403"},"modified":"2025-04-03T15:17:56","modified_gmt":"2025-04-03T13:17:56","slug":"jesienne-stylizacje-do-pracy-na-2023-rok","status":"publish","type":"post","link":"https:\/\/www.pakamera.pl\/magazyn\/jesienne-stylizacje-do-pracy-na-2023-rok\/","title":{"rendered":"Jesienne stylizacje do pracy na 2026 rok"},"content":{"rendered":"<p><strong>Deszczowe dni przynosz\u0105 subtelne zmiany w modzie biurowej. Chowasz do szafy eleganckie, ale cienkie sukienki, i wyci\u0105gasz nieco grubsz\u0105 odzie\u017c wykonan\u0105 z ciep\u0142ych materia\u0142\u00f3w. Z\u0142a pogoda sprzyja wygodnym outfitom, ale najmodniejsze jesienne stylizacje do pracy na 2026 rok sprawiaj\u0105, \u017ce wcale nie musisz rezygnowa\u0107 z elegancji.<\/strong><\/p>\n<p><!--more--><\/p>\n<figure id=\"attachment_9404\" aria-describedby=\"caption-attachment-9404\" style=\"width: 1600px\" class=\"wp-caption alignnone\"><img loading=\"lazy\" decoding=\"async\" class=\"wp-image-9404 size-full\" src=\"https:\/\/imgmag.pakamera.net\/2023\/11\/jesienne-stylizacje-do-pracy-na-2023-rok-140759441944.jpg\" alt=\"jesienne spodnie do pracy\" width=\"1600\" height=\"840\" \/><figcaption id=\"caption-attachment-9404\" class=\"wp-caption-text\">Spodnie \u017bakardowe Nicole \/ MB Marta Banaszek \/ www.pakamera.pl<\/figcaption><\/figure>\n<p>Ubrania do pracy na jesie\u0144 2026 to przede wszystkim ponadczasowe fasony \u2013 d\u0142uga o\u0142\u00f3wkowa sp\u00f3dnica, spodnie zaprasowane w kant, eleganckie koszule, proste sukienki z d\u0142ugimi r\u0119kawami i marynarki. <strong>W sezonie jesiennym dominuj\u0105 stonowane kolory prze\u0142amane intensywnym akcentem<\/strong>.<\/p>\n<p>Mog\u0105 to by\u0107 granaty, szaro\u015bci i be\u017ce z dodatkiem akcesori\u00f3w w kolorach intensywnego bordo, g\u0142\u0119bokiej zieleni czy kobaltu. Je\u015bli lubisz wzory, wybierz delikatne pr\u0105\u017cki, kratk\u0119 lub subtelne geometryczne motywy.<\/p>\n<h2>Profesjonalny look: moda biurowa jesie\u0144 2026<\/h2>\n<p>Dobrze skrojone marynarki i eleganckie sp\u00f3dnice o\u0142\u00f3wkowe \u015bwietnie \u0142\u0105cz\u0105 si\u0119 z jedwabnymi bluzkami lub bawe\u0142nianymi koszulami. <strong>W ch\u0142odniejsze dni dobrze sprawdzi si\u0119 warstwowy spos\u00f3b ubierania<\/strong>. Na g\u00f3r\u0119 za\u0142\u00f3\u017c podkoszulek, koszul\u0119, cienki sweter lub kardigan, a na d\u00f3\u0142 we\u0142niane spodnie z szerokimi nogawkami. <strong>Kreacj\u0119 uzupe\u0142nij cz\u00f3\u0142enkami lub botkami w neutralnych kolorach<\/strong> \u2013 czarnym lub br\u0105zowym. Dla wi\u0119kszego komfortu i ciep\u0142a postaw na d\u0142ugie kozaki na niewielkim obcasie.<\/p>\n<p><strong>Bardzo elegancki wygl\u0105d uzyskasz dzi\u0119ki garniturom damskim w jednolitym kolorze lub w paski<\/strong>. Pod sp\u00f3d za\u0142\u00f3\u017c klasyczn\u0105 bia\u0142\u0105 koszul\u0119. Taki str\u00f3j u\u0142atwi Ci codzienne ubieranie si\u0119 i doskonale wpasowuje si\u0119 w tzw. power dressing \u2013 spopularyzowany w latach 80. styl silnych kobiet, na\u015bladuj\u0105cy kreacje Margaret Thatcher czy Lady Di. Uzupe\u0142nij sw\u00f3j look butami typu oxford lub loafers.<\/p>\n<h2>Elegancja czy casual: Stylizacje jesienne do pracy<\/h2>\n<p>Je\u015bli w Twojej pracy nie ma sztywnego dress code\u2019u, mo\u017cesz sobie pozwoli\u0107 na bardziej casualowy look. <strong>Jesienne stylizacje do pracy na 2026 tworz\u0105 m.in. spodnie cygaretki z ozdobnym plecionym paskiem, nieco oversize\u2019owa koszula damska w ciekawy wz\u00f3r<\/strong> \u2013 z motywami ro\u015blinnymi czy zwierz\u0119cymi \u2013 i wsuwane mokasyny.<\/p>\n<p><strong>Codzienne ubranie do pracy w stylu casual mo\u017ce opiera\u0107 si\u0119 na jeansach<\/strong>. Ich niebieski lub czarny kolor \u015bwietnie kontrastuje z bia\u0142\u0105 koszul\u0105 i pozornie niedbale narzuconym na ramiona br\u0105zowym czy musztardowym swetrem. <strong>Postaw na spodnie o klasycznym kroju, np. regular straight<\/strong>. Na nogi za\u0142\u00f3\u017c bia\u0142e sneakersy lub uniwersalne sztyblety na p\u0142askiej podeszwie.<\/p>\n<div id=\"pakawidget884\" class=\"pakawidget\"><\/div>\n<p><script async defer src=\"https:\/\/www.pakamera.pl\/widget\/widget2.min.js?id=884&#038;type=20231123142210&#038;wwidth=1000\"><\/script><\/p>\n<p>Wolisz nieco bardziej eleganckie stroje? <strong>Esencj\u0105 stylu smart casual s\u0105 bia\u0142e koszule i be\u017cowe spodnie<\/strong>. Dobierz do nich odpowiednie dodatki. \u015awietnie sprawdz\u0105 si\u0119 <a href=\"https:\/\/www.pakamera.pl\/torba-do-pracy-0-t36649.htm\" target=\"_blank\" rel=\"noopener\">torba do pracy<\/a> typu shopper lub listonoszka, eleganckie okulary przeciws\u0142oneczne, kt\u00f3re ochroni\u0105 Twoje oczy w s\u0142oneczne dni, br\u0105zowy pasek i botki na obcasie.<strong> Na wierzch mo\u017cesz narzuci\u0107 klasyczny trencz w neutralnym kolorze be\u017cowym lub camelowym<\/strong>.<\/p>\n<h2>Moda w biznesie: Klasyczne elementy<\/h2>\n<p>Moda biznesowa lubi klasyczne, ponadczasowe kombinacje. <strong>Naj\u0142atwiej b\u0119dzie Ci skompletowa\u0107 odpowiedni ubi\u00f3r do biura, je\u015bli masz w swojej szafie dobrze skrojon\u0105 marynark\u0119, wizytowe spodnie do kostek, koszule z wysokiej jako\u015bci materia\u0142\u00f3w i szpilki<\/strong>.<\/p>\n<figure id=\"attachment_9405\" aria-describedby=\"caption-attachment-9405\" style=\"width: 1600px\" class=\"wp-caption alignnone\"><img loading=\"lazy\" decoding=\"async\" class=\"wp-image-9405 size-full\" src=\"https:\/\/imgmag.pakamera.net\/2023\/11\/jesienne-stylizacje-do-pracy-na-2023-rok-144628991735.jpg\" alt=\"kaszmirowa marynarka na jesie\u0144 do pracy\" width=\"1600\" height=\"840\" \/><figcaption id=\"caption-attachment-9405\" class=\"wp-caption-text\">Kaszmirowa marynarka ze z\u0142otymi guzikami \/ Ola Melcer \/ www.pakamera.pl<\/figcaption><\/figure>\n<p><strong>Utrzymuj swoj\u0105 garderob\u0119 w stonowanych kolorach \u2013 czerniach, szaro\u015bciach, br\u0105zach, granatach i be\u017cach, a bez trudu stworzysz codzienny look<\/strong>.<br \/>\nBiznesowe stylizacje do pracy jesie\u0144 2026 uzupe\u0142nij odpowiednimi dodatkami. <strong>Akcesoria powinny by\u0107 dyskretne i dopasowane do reszty stroju<\/strong>. Mog\u0105 to by\u0107 m.in. s<strong>ubtelne zegarki na delikatnym pasku, kolczyki-sztyfty<\/strong> (\u015bwietnie sprawdz\u0105 si\u0119 tu per\u0142y lub kryszta\u0142ki Svarowskiego)<strong> i elegancka torba<\/strong>, w kt\u00f3r\u0105 zmie\u015bcisz potrzebne dokumenty i laptopa. <strong>Aby doda\u0107 odrobiny koloru, za\u0142\u00f3\u017c apaszk\u0119<\/strong>, najlepiej r\u0119cznie malowan\u0105.<\/p>\n<h2>Mix wzor\u00f3w i kolor\u00f3w: Tw\u00f3rz stylizacje do pracy<\/h2>\n<p>\u0141\u0105czenie wzor\u00f3w i kolor\u00f3w w biurowej stylizacji wymaga odrobiny wyczucia. <strong>Powinna\u015b zachowa\u0107 r\u00f3wnowag\u0119 mi\u0119dzy profesjonalizmem a wyra\u017caniem siebie poprzez ubi\u00f3r<\/strong>. Je\u015bli <strong>lubisz wzory, wybierz jeden wyr\u00f3\u017cniaj\u0105cy si\u0119 element<\/strong> \u2013 sp\u00f3dnic\u0119 lub bluzk\u0119. Do niego dobierz pozosta\u0142e cz\u0119\u015bci. Kwiatowa sp\u00f3dnica dobrze sprawdzi si\u0119 z bluzk\u0105 w stonowanym kolorze, a koszula w paski po\u0142\u0105czy si\u0119 z g\u0142adkimi spodniami.<\/p>\n<div id=\"pakawidget885\" class=\"pakawidget\"><\/div>\n<p><script async defer src=\"https:\/\/www.pakamera.pl\/widget\/widget2.min.js?id=885&#038;type=20231123145040&#038;wwidth=1000\"><\/script><\/p>\n<p>Aby zachowa\u0107 sp\u00f3jno\u015b\u0107 stylizacji i unikn\u0105\u0107 estetycznego chaosu, <strong>trzymaj si\u0119 trzech kolor\u00f3w<\/strong>. Je\u015bli barw\u0105 przewodni\u0105 Twojego stroju jest szary lub granatowy, zbuduj sw\u00f3j biznesowy uniform wok\u00f3\u0142 niego. Niech b\u0119d\u0105 to np. czarne lub br\u0105zowe dodatki \u2013 buty, torebka, pasek. Do tego dodaj jeden wyr\u00f3\u017cniaj\u0105cy si\u0119 akcent kolorystyczny w postaci bi\u017cuterii, okular\u00f3w lub apaszki.<\/p>\n<h2>Dodatki, kt\u00f3re definiuj\u0105 biurowy look jesieni\u0105 2026<\/h2>\n<p>Odpowiednio dobrane akcesoria sprawi\u0105, \u017ce Twoja biurowa stylizacja wywo\u0142a efekt WOW. <strong>Zacznij od wyboru eleganckiej torebki<\/strong>. Zale\u017cnie od ilo\u015bci rzeczy, kt\u00f3re musisz ze sob\u0105 nosi\u0107, wybierz pojemn\u0105 shopperk\u0119, <a href=\"https:\/\/www.pakamera.pl\/plecak-na-laptopa-0-t53262.htm\" target=\"_blank\" rel=\"noopener\">damski plecak na laptopa<\/a>, listonoszk\u0119 lub ma\u0142\u0105 akt\u00f3wk\u0105.<strong> Postaw na przedmioty ze sk\u00f3ry naturalnej lub ekologicznej<\/strong>. Najbardziej uniwersalne b\u0119d\u0105 stonowane odcienie \u2013 czarny, br\u0105zowy, granatowy i ciemno-czerwony.<\/p>\n<p><strong>R\u00f3wnie wa\u017cnym dodatkiem s\u0105 buty<\/strong>. Ubrania do pracy jesie\u0144 2026 opieraj\u0105 si\u0119 na powrocie klasycznych fason\u00f3w \u2013 eleganckich botk\u00f3w, sztyblet\u00f3w i cz\u00f3\u0142enek na stabilnym obcasie. <strong>Czarne i br\u0105zowe obuwie b\u0119dzie pasowa\u0107 do wi\u0119kszo\u015bci kreacji, ale mo\u017cesz r\u00f3wnie\u017c wybra\u0107 bardziej \u015bmia\u0142e modele, np. w barwie butelkowej zieleni czy bordo<\/strong>. Pozwol\u0105 Ci one zachowa\u0107 profesjonalny wygl\u0105d, a jednocze\u015bnie pozosta\u0107 wiern\u0105 swojemu stylowi.<\/p>\n<p>Nie jeste\u015b pewna, <a href=\"https:\/\/www.pakamera.pl\/magazyn\/w-co-sie-spakowac-do-pracy\/\" target=\"_blank\" rel=\"noopener\">w co spakowa\u0107 si\u0119 do pracy<\/a>? Sprawd\u017a nasze porady!<\/p>\n","protected":false},"excerpt":{"rendered":"<p>Deszczowe dni przynosz\u0105 subtelne zmiany w modzie biurowej. Chowasz do szafy eleganckie, ale cienkie sukienki, i wyci\u0105gasz nieco grubsz\u0105 odzie\u017c wykonan\u0105 z ciep\u0142ych materia\u0142\u00f3w. Z\u0142a pogoda sprzyja wygodnym outfitom, ale<span class=\"more-dots\">&#8230;<\/span><\/p>\n","protected":false},"author":16,"featured_media":9405,"comment_status":"closed","ping_status":"closed","sticky":false,"template":"","format":"standard","meta":{"footnotes":""},"categories":[3],"tags":[1409,1385,2240],"class_list":["post-9403","post","type-post","status-publish","format-standard","has-post-thumbnail","hentry","category-moda","tag-jesien-zima","tag-kolory-jesieni","tag-plaszcz-jesienny"],"yoast_head":"<!-- This site is optimized with the Yoast SEO plugin v21.6 - https:\/\/yoast.com\/wordpress\/plugins\/seo\/ -->\n<title>Jesienne stylizacje do pracy na [year] rok - Magazyn Pakamera.pl<\/title>\n<meta name=\"description\" content=\"Chcesz wiedzie\u0107 jakie jesienne stylizacje do pracy na 2023 rok b\u0119d\u0105 najbardziej modne? Zobacz nasze porady i propozycje outfit\u00f3w.\" \/>\n<meta name=\"robots\" content=\"index, follow\" \/>\n<link rel=\"canonical\" href=\"https:\/\/www.pakamera.pl\/magazyn\/jesienne-stylizacje-do-pracy-na-2023-rok\/\" \/>\n<meta property=\"og:locale\" content=\"pl_PL\" \/>\n<meta property=\"og:type\" content=\"article\" \/>\n<meta property=\"og:title\" content=\"Jesienne stylizacje do pracy na [year] rok - Magazyn Pakamera.pl\" \/>\n<meta property=\"og:description\" content=\"Chcesz wiedzie\u0107 jakie jesienne stylizacje do pracy na 2023 rok b\u0119d\u0105 najbardziej modne? Zobacz nasze porady i propozycje outfit\u00f3w.\" \/>\n<meta property=\"og:url\" content=\"https:\/\/www.pakamera.pl\/magazyn\/jesienne-stylizacje-do-pracy-na-2023-rok\/\" \/>\n<meta property=\"og:site_name\" content=\"Magazyn Pakamera.pl\" \/>\n<meta property=\"article:publisher\" content=\"https:\/\/facebook.com\/pakamerapl\" \/>\n<meta property=\"article:published_time\" content=\"2023-11-24T13:43:34+00:00\" \/>\n<meta property=\"article:modified_time\" content=\"2025-04-03T13:17:56+00:00\" \/>\n<meta property=\"og:image\" content=\"https:\/\/imgmag.pakamera.net\/2023\/11\/jesienne-stylizacje-do-pracy-na-2023-rok-144628991735.jpg\" \/>\n\t<meta property=\"og:image:width\" content=\"1600\" \/>\n\t<meta property=\"og:image:height\" content=\"840\" \/>\n\t<meta property=\"og:image:type\" content=\"image\/jpeg\" \/>\n<meta name=\"author\" content=\"Magda Strzelecka\" \/>\n<meta name=\"twitter:card\" content=\"summary_large_image\" \/>\n<meta name=\"twitter:label1\" content=\"Napisane przez\" \/>\n\t<meta name=\"twitter:data1\" content=\"Magda Strzelecka\" \/>\n\t<meta name=\"twitter:label2\" content=\"Szacowany czas czytania\" \/>\n\t<meta name=\"twitter:data2\" content=\"6 minut\" \/>\n<script type=\"application\/ld+json\" class=\"yoast-schema-graph\">{\"@context\":\"https:\/\/schema.org\",\"@graph\":[{\"@type\":\"Article\",\"@id\":\"https:\/\/www.pakamera.pl\/magazyn\/jesienne-stylizacje-do-pracy-na-2023-rok\/#article\",\"isPartOf\":{\"@id\":\"https:\/\/www.pakamera.pl\/magazyn\/jesienne-stylizacje-do-pracy-na-2023-rok\/\"},\"author\":{\"name\":\"Magda Strzelecka\",\"@id\":\"https:\/\/www.pakamera.pl\/magazyn\/#\/schema\/person\/375940ab821c5af50e1e31f1ec5282b5\"},\"headline\":\"Jesienne stylizacje do pracy na 2026 rok\",\"datePublished\":\"2023-11-24T13:43:34+00:00\",\"dateModified\":\"2025-04-03T13:17:56+00:00\",\"mainEntityOfPage\":{\"@id\":\"https:\/\/www.pakamera.pl\/magazyn\/jesienne-stylizacje-do-pracy-na-2023-rok\/\"},\"wordCount\":924,\"publisher\":{\"@id\":\"https:\/\/www.pakamera.pl\/magazyn\/#organization\"},\"keywords\":[\"jesie\u0144\/zima\",\"kolory jesieni\",\"p\u0142aszcz jesienny\"],\"articleSection\":[\"Moda\"],\"inLanguage\":\"pl-PL\"},{\"@type\":\"WebPage\",\"@id\":\"https:\/\/www.pakamera.pl\/magazyn\/jesienne-stylizacje-do-pracy-na-2023-rok\/\",\"url\":\"https:\/\/www.pakamera.pl\/magazyn\/jesienne-stylizacje-do-pracy-na-2023-rok\/\",\"name\":\"Jesienne stylizacje do pracy na [year] rok - Magazyn Pakamera.pl\",\"isPartOf\":{\"@id\":\"https:\/\/www.pakamera.pl\/magazyn\/#website\"},\"datePublished\":\"2023-11-24T13:43:34+00:00\",\"dateModified\":\"2025-04-03T13:17:56+00:00\",\"description\":\"Chcesz wiedzie\u0107 jakie jesienne stylizacje do pracy na 2023 rok b\u0119d\u0105 najbardziej modne? Zobacz nasze porady i propozycje outfit\u00f3w.\",\"breadcrumb\":{\"@id\":\"https:\/\/www.pakamera.pl\/magazyn\/jesienne-stylizacje-do-pracy-na-2023-rok\/#breadcrumb\"},\"inLanguage\":\"pl-PL\",\"potentialAction\":[{\"@type\":\"ReadAction\",\"target\":[\"https:\/\/www.pakamera.pl\/magazyn\/jesienne-stylizacje-do-pracy-na-2023-rok\/\"]}]},{\"@type\":\"BreadcrumbList\",\"@id\":\"https:\/\/www.pakamera.pl\/magazyn\/jesienne-stylizacje-do-pracy-na-2023-rok\/#breadcrumb\",\"itemListElement\":[{\"@type\":\"ListItem\",\"position\":1,\"name\":\"Magazyn\",\"item\":\"https:\/\/www.pakamera.pl\/magazyn\/\"},{\"@type\":\"ListItem\",\"position\":2,\"name\":\"Moda\",\"item\":\"https:\/\/www.pakamera.pl\/magazyn\/category\/moda\/\"},{\"@type\":\"ListItem\",\"position\":3,\"name\":\"Jesienne stylizacje do pracy na 2025 rok\"}]},{\"@type\":\"WebSite\",\"@id\":\"https:\/\/www.pakamera.pl\/magazyn\/#website\",\"url\":\"https:\/\/www.pakamera.pl\/magazyn\/\",\"name\":\"Magazyn Pakamera.pl\",\"description\":\"Sprawd\u017a najgor\u0119tsze tematy sezonu!\",\"publisher\":{\"@id\":\"https:\/\/www.pakamera.pl\/magazyn\/#organization\"},\"potentialAction\":[{\"@type\":\"SearchAction\",\"target\":{\"@type\":\"EntryPoint\",\"urlTemplate\":\"https:\/\/www.pakamera.pl\/magazyn\/?s={search_term_string}\"},\"query-input\":\"required name=search_term_string\"}],\"inLanguage\":\"pl-PL\"},{\"@type\":\"Organization\",\"@id\":\"https:\/\/www.pakamera.pl\/magazyn\/#organization\",\"name\":\"Pakamera.pl\",\"url\":\"https:\/\/www.pakamera.pl\/magazyn\/\",\"logo\":{\"@type\":\"ImageObject\",\"inLanguage\":\"pl-PL\",\"@id\":\"https:\/\/www.pakamera.pl\/magazyn\/#\/schema\/logo\/image\/\",\"url\":\"https:\/\/imgmag.pakamera.net\/2023\/11\/153455466619.png\",\"contentUrl\":\"https:\/\/imgmag.pakamera.net\/2023\/11\/153455466619.png\",\"width\":690,\"height\":140,\"caption\":\"Pakamera.pl\"},\"image\":{\"@id\":\"https:\/\/www.pakamera.pl\/magazyn\/#\/schema\/logo\/image\/\"},\"sameAs\":[\"https:\/\/facebook.com\/pakamerapl\",\"https:\/\/www.instagram.com\/pakamera\/\"]},{\"@type\":\"Person\",\"@id\":\"https:\/\/www.pakamera.pl\/magazyn\/#\/schema\/person\/375940ab821c5af50e1e31f1ec5282b5\",\"name\":\"Magda Strzelecka\",\"description\":\"Magda to nasza stylistka, kt\u00f3ra od ponad 10 lat \u015bci\u015ble zwi\u0105zana jest z mod\u0105. Uwielbia \u015bledzi\u0107 \u015bwiatowe trendy i przek\u0142ada\u0107 je na rynek polski. Kocha dobre sk\u0142ady ubra\u0144, wyj\u0105tkow\u0105 bi\u017cuteri\u0119 i dodatki kt\u00f3re o\u017cywi\u0105 ka\u017cd\u0105 stylizacj\u0119.\"}]}<\/script>\n<!-- \/ Yoast SEO plugin. -->","yoast_head_json":{"title":"Jesienne stylizacje do pracy na [year] rok - Magazyn Pakamera.pl","description":"Chcesz wiedzie\u0107 jakie jesienne stylizacje do pracy na 2023 rok b\u0119d\u0105 najbardziej modne? Zobacz nasze porady i propozycje outfit\u00f3w.","robots":{"index":"index","follow":"follow"},"canonical":"https:\/\/www.pakamera.pl\/magazyn\/jesienne-stylizacje-do-pracy-na-2023-rok\/","og_locale":"pl_PL","og_type":"article","og_title":"Jesienne stylizacje do pracy na [year] rok - Magazyn Pakamera.pl","og_description":"Chcesz wiedzie\u0107 jakie jesienne stylizacje do pracy na 2023 rok b\u0119d\u0105 najbardziej modne? Zobacz nasze porady i propozycje outfit\u00f3w.","og_url":"https:\/\/www.pakamera.pl\/magazyn\/jesienne-stylizacje-do-pracy-na-2023-rok\/","og_site_name":"Magazyn Pakamera.pl","article_publisher":"https:\/\/facebook.com\/pakamerapl","article_published_time":"2023-11-24T13:43:34+00:00","article_modified_time":"2025-04-03T13:17:56+00:00","og_image":[{"width":1600,"height":840,"url":"https:\/\/imgmag.pakamera.net\/2023\/11\/jesienne-stylizacje-do-pracy-na-2023-rok-144628991735.jpg","type":"image\/jpeg"}],"author":"Magda Strzelecka","twitter_card":"summary_large_image","twitter_misc":{"Napisane przez":"Magda Strzelecka","Szacowany czas czytania":"6 minut"},"schema":{"@context":"https:\/\/schema.org","@graph":[{"@type":"Article","@id":"https:\/\/www.pakamera.pl\/magazyn\/jesienne-stylizacje-do-pracy-na-2023-rok\/#article","isPartOf":{"@id":"https:\/\/www.pakamera.pl\/magazyn\/jesienne-stylizacje-do-pracy-na-2023-rok\/"},"author":{"name":"Magda Strzelecka","@id":"https:\/\/www.pakamera.pl\/magazyn\/#\/schema\/person\/375940ab821c5af50e1e31f1ec5282b5"},"headline":"Jesienne stylizacje do pracy na 2026 rok","datePublished":"2023-11-24T13:43:34+00:00","dateModified":"2025-04-03T13:17:56+00:00","mainEntityOfPage":{"@id":"https:\/\/www.pakamera.pl\/magazyn\/jesienne-stylizacje-do-pracy-na-2023-rok\/"},"wordCount":924,"publisher":{"@id":"https:\/\/www.pakamera.pl\/magazyn\/#organization"},"keywords":["jesie\u0144\/zima","kolory jesieni","p\u0142aszcz jesienny"],"articleSection":["Moda"],"inLanguage":"pl-PL"},{"@type":"WebPage","@id":"https:\/\/www.pakamera.pl\/magazyn\/jesienne-stylizacje-do-pracy-na-2023-rok\/","url":"https:\/\/www.pakamera.pl\/magazyn\/jesienne-stylizacje-do-pracy-na-2023-rok\/","name":"Jesienne stylizacje do pracy na [year] rok - Magazyn Pakamera.pl","isPartOf":{"@id":"https:\/\/www.pakamera.pl\/magazyn\/#website"},"datePublished":"2023-11-24T13:43:34+00:00","dateModified":"2025-04-03T13:17:56+00:00","description":"Chcesz wiedzie\u0107 jakie jesienne stylizacje do pracy na 2023 rok b\u0119d\u0105 najbardziej modne? Zobacz nasze porady i propozycje outfit\u00f3w.","breadcrumb":{"@id":"https:\/\/www.pakamera.pl\/magazyn\/jesienne-stylizacje-do-pracy-na-2023-rok\/#breadcrumb"},"inLanguage":"pl-PL","potentialAction":[{"@type":"ReadAction","target":["https:\/\/www.pakamera.pl\/magazyn\/jesienne-stylizacje-do-pracy-na-2023-rok\/"]}]},{"@type":"BreadcrumbList","@id":"https:\/\/www.pakamera.pl\/magazyn\/jesienne-stylizacje-do-pracy-na-2023-rok\/#breadcrumb","itemListElement":[{"@type":"ListItem","position":1,"name":"Magazyn","item":"https:\/\/www.pakamera.pl\/magazyn\/"},{"@type":"ListItem","position":2,"name":"Moda","item":"https:\/\/www.pakamera.pl\/magazyn\/category\/moda\/"},{"@type":"ListItem","position":3,"name":"Jesienne stylizacje do pracy na 2025 rok"}]},{"@type":"WebSite","@id":"https:\/\/www.pakamera.pl\/magazyn\/#website","url":"https:\/\/www.pakamera.pl\/magazyn\/","name":"Magazyn Pakamera.pl","description":"Sprawd\u017a najgor\u0119tsze tematy sezonu!","publisher":{"@id":"https:\/\/www.pakamera.pl\/magazyn\/#organization"},"potentialAction":[{"@type":"SearchAction","target":{"@type":"EntryPoint","urlTemplate":"https:\/\/www.pakamera.pl\/magazyn\/?s={search_term_string}"},"query-input":"required name=search_term_string"}],"inLanguage":"pl-PL"},{"@type":"Organization","@id":"https:\/\/www.pakamera.pl\/magazyn\/#organization","name":"Pakamera.pl","url":"https:\/\/www.pakamera.pl\/magazyn\/","logo":{"@type":"ImageObject","inLanguage":"pl-PL","@id":"https:\/\/www.pakamera.pl\/magazyn\/#\/schema\/logo\/image\/","url":"https:\/\/imgmag.pakamera.net\/2023\/11\/153455466619.png","contentUrl":"https:\/\/imgmag.pakamera.net\/2023\/11\/153455466619.png","width":690,"height":140,"caption":"Pakamera.pl"},"image":{"@id":"https:\/\/www.pakamera.pl\/magazyn\/#\/schema\/logo\/image\/"},"sameAs":["https:\/\/facebook.com\/pakamerapl","https:\/\/www.instagram.com\/pakamera\/"]},{"@type":"Person","@id":"https:\/\/www.pakamera.pl\/magazyn\/#\/schema\/person\/375940ab821c5af50e1e31f1ec5282b5","name":"Magda Strzelecka","description":"Magda to nasza stylistka, kt\u00f3ra od ponad 10 lat \u015bci\u015ble zwi\u0105zana jest z mod\u0105. Uwielbia \u015bledzi\u0107 \u015bwiatowe trendy i przek\u0142ada\u0107 je na rynek polski. Kocha dobre sk\u0142ady ubra\u0144, wyj\u0105tkow\u0105 bi\u017cuteri\u0119 i dodatki kt\u00f3re o\u017cywi\u0105 ka\u017cd\u0105 stylizacj\u0119."}]}},"_links":{"self":[{"href":"https:\/\/www.pakamera.pl\/magazyn\/wp-json\/wp\/v2\/posts\/9403","targetHints":{"allow":["GET"]}}],"collection":[{"href":"https:\/\/www.pakamera.pl\/magazyn\/wp-json\/wp\/v2\/posts"}],"about":[{"href":"https:\/\/www.pakamera.pl\/magazyn\/wp-json\/wp\/v2\/types\/post"}],"author":[{"embeddable":true,"href":"https:\/\/www.pakamera.pl\/magazyn\/wp-json\/wp\/v2\/users\/16"}],"replies":[{"embeddable":true,"href":"https:\/\/www.pakamera.pl\/magazyn\/wp-json\/wp\/v2\/comments?post=9403"}],"version-history":[{"count":2,"href":"https:\/\/www.pakamera.pl\/magazyn\/wp-json\/wp\/v2\/posts\/9403\/revisions"}],"predecessor-version":[{"id":13183,"href":"https:\/\/www.pakamera.pl\/magazyn\/wp-json\/wp\/v2\/posts\/9403\/revisions\/13183"}],"wp:featuredmedia":[{"embeddable":true,"href":"https:\/\/www.pakamera.pl\/magazyn\/wp-json\/wp\/v2\/media\/9405"}],"wp:attachment":[{"href":"https:\/\/www.pakamera.pl\/magazyn\/wp-json\/wp\/v2\/media?parent=9403"}],"wp:term":[{"taxonomy":"category","embeddable":true,"href":"https:\/\/www.pakamera.pl\/magazyn\/wp-json\/wp\/v2\/categories?post=9403"},{"taxonomy":"post_tag","embeddable":true,"href":"https:\/\/www.pakamera.pl\/magazyn\/wp-json\/wp\/v2\/tags?post=9403"}],"curies":[{"name":"wp","href":"https:\/\/api.w.org\/{rel}","templated":true}]}}