{"id":9317,"date":"2023-11-16T11:41:42","date_gmt":"2023-11-16T10:41:42","guid":{"rendered":"https:\/\/www.pakamera.pl\/magazyn\/?p=9317"},"modified":"2023-11-15T16:00:35","modified_gmt":"2023-11-15T15:00:35","slug":"kiedy-i-jak-powiesic-wieniec-na-drzwiach","status":"publish","type":"post","link":"https:\/\/www.pakamera.pl\/magazyn\/kiedy-i-jak-powiesic-wieniec-na-drzwiach\/","title":{"rendered":"Kiedy i jak powiesi\u0107 wieniec na drzwiach?"},"content":{"rendered":"<p><strong>Gdy zbli\u017caj\u0105 si\u0119 \u015bwi\u0119ta Bo\u017cego Narodzenia, ochoczo przyst\u0119pujemy do poszukiwania ozd\u00f3b i dekoracji, kt\u00f3re wprowadzaj\u0105 nas w ten d\u0142ugo wyczekiwany, magiczny klimat. Poza tradycyjn\u0105 choink\u0105, \u017c\u0142\u00f3bkiem, figurkami Miko\u0142aj\u00f3w, skrzatami, aromatycznymi \u015bwieczkami czy gwiazd\u0105 betlejemsk\u0105, w wielu domach pojawia si\u0119 r\u00f3wnie\u017c wieniec. To efektowna dekoracja, kt\u00f3ra wi\u0105\u017ce si\u0119 z tradycj\u0105. Mo\u017cna umie\u015bci\u0107 j\u0105 wewn\u0105trz mieszkania lub ulokowa\u0107 ju\u017c przy samym wej\u015bciu. Je\u015bli zastanawiasz si\u0119, jak powiesi\u0107 wieniec na drzwiach i co oznacza ta wyj\u0105tkowa ozdoba, wszystkie informacje znajdziesz w poni\u017cszym tek\u015bcie.<\/strong><\/p>\n<p><!--more--><\/p>\n<figure id=\"attachment_9319\" aria-describedby=\"caption-attachment-9319\" style=\"width: 1600px\" class=\"wp-caption alignnone\"><img loading=\"lazy\" decoding=\"async\" class=\"wp-image-9319 size-full\" src=\"https:\/\/imgmag.pakamera.net\/2023\/11\/kiedy-i-jak-powiesic-wieniec-na-drzwiach-155502135118.jpg\" alt=\"Wieniec na drzwi bo\u017conarodzeniowy\" width=\"1600\" height=\"840\" \/><figcaption id=\"caption-attachment-9319\" class=\"wp-caption-text\">Wianek \u015bwi\u0105teczny &#8222;\u015awi\u0105teczna herbatka&#8221; \/ To Te Kwiaty \/ www.pakamera.pl<\/figcaption><\/figure>\n<h2>Tradycja wieszania wie\u0144ca: znaczenie i pochodzenie<\/h2>\n<p>Ozdoby bo\u017conarodzeniowe pozwalaj\u0105 wczu\u0107 si\u0119 w magi\u0119 \u015bwi\u0105t i prze\u017cywa\u0107 ten wyj\u0105tkowy czas nieco d\u0142u\u017cej. <strong>Jedn\u0105 z pierwszych dekoracji s\u0105 wie\u0144ce \u015bwi\u0105teczne, wykonane z ga\u0142\u0105zek ciemnozielonych drzew iglastych<\/strong>. Ich zapach unosi si\u0119 ju\u017c od wej\u015bcia, pozytywnie nastrajaj\u0105c nie tylko domownik\u00f3w, ale i odwiedzaj\u0105cych go\u015bci.<\/p>\n<p>Bez wzgl\u0119du na to, czy jeste\u015b w\u0142a\u015bcicielem domu prywatnego, czy mieszkasz w bloku, <a href=\"https:\/\/www.pakamera.pl\/wianek-na-drzwi-0-t24999.htm\" target=\"_blank\" rel=\"noopener\">wieniec na drzwi<\/a> jest po\u017c\u0105danym elementem dekoracyjnym. W obydwu przytoczonych przypadkach sprawdzi si\u0119 jednakowo dobrze.<\/p>\n<p>Niewiele os\u00f3b zdaje sobie spraw\u0119 z tego, co oznacza wieniec na drzwiach. Bezdyskusyjnie, <strong>jest to dekoracja, kt\u00f3ra zapowiada zbli\u017caj\u0105ce si\u0119 \u015bwi\u0119ta Bo\u017cego Narodzenia<\/strong>. Dla wielu z nas stanowi obligatoryjny element ozdobny, kt\u00f3ry musi pojawi\u0107 si\u0119 na drzwiach wej\u015bciowych lub stan\u0105\u0107 na komodzie czy stole, wraz z czterema \u015bwiecami adwentowymi. Jednak, czy znamy pochodzenie tej pi\u0119knej tradycji?<\/p>\n<p><strong>Same wie\u0144ce pochodz\u0105 z czas\u00f3w staro\u017cytnej Grecji i Rzymu, kiedy to stanowi\u0142y symbol w\u0142adzy i zwyci\u0119stwa<\/strong>. Wsp\u00f3\u0142cze\u015bnie kojarz\u0105 si\u0119 g\u0142\u00f3wnie z okresem bo\u017conarodzeniowym. Gdzie szuka\u0107 pocz\u0105tk\u00f3w zwyczaju wieszania wie\u0144c\u00f3w na drzwiach? <strong>Znane nam wianki na drzwi s\u0105 swego rodzaju efektem ubocznym tradycyjnej choinki. Dawniej \u017cywe drzewka przycinano samodzielnie, a \u017ceby nie wyrzuca\u0107 pozosta\u0142ych ga\u0142\u0105zek, wykorzystywano je do zaplatania okr\u0105g\u0142ych, dekoracyjnych wi\u0105zanek<\/strong>.<\/p>\n<div class=\"pakawidget\" id=\"pakawidget868\"><\/div>\n<p><script async defer src=\"https:\/\/www.pakamera.pl\/widget\/widget2.min.js?id=868&#038;type=20231115153045&#038;wwidth=1000\"><\/script><\/p>\n<p><strong>Nawet sam kszta\u0142t wie\u0144ca posiada swoje znaczenie. Okr\u0105g oznacza bowiem niesko\u0144czono\u015b\u0107 i wieczno\u015b\u0107.<\/strong> Dlatego w czasie Adwentu symbolizuje oczekiwanie na narodziny dzieci\u0105tka, a w czasie \u015bwi\u0105t, charakteryzowana ozdoba nawi\u0105zuje do \u017cycia wiecznego i doskona\u0142o\u015bci boskiej.<\/p>\n<h2>Optymalny czas na wieszanie wie\u0144ca na drzwiach<\/h2>\n<p>Wiemy ju\u017c, co oznacza wieniec na drzwiach. Kolejnym pytaniem, na kt\u00f3re warto zna\u0107 odpowied\u017a, jest to, kiedy nadchodzi idealny moment na przystrajanie wej\u015bcia t\u0105 symboliczn\u0105 wi\u0105zank\u0105. <strong>W Stanach Zjednoczonych dekoracja pojawia si\u0119 tu\u017c po \u015awi\u0119cie Dzi\u0119kczynienia. Z kolei w Polsce, wianki \u015bwi\u0105teczne najcz\u0119\u015bciej wieszane s\u0105 na pocz\u0105tku Adwentu<\/strong>, kt\u00f3ry \u0142\u0105cznie trwa cztery niedziele. W 2023 roku termin ten przypada na 3 grudnia.<\/p>\n<h2>Jak powiesi\u0107 wieniec na drzwiach? Praktyczne wskaz\u00f3wki<\/h2>\n<p>Zastanawiasz si\u0119, jak powiesi\u0107 wieniec na drzwiach bez wiercenia? Wsp\u00f3\u0142cze\u015bnie do wyboru mamy sporo bezinwazyjnych mo\u017cliwo\u015bci, kt\u00f3re nie wymagaj\u0105 uszkadzania powierzchni wej\u015bcia do domu.<\/p>\n<figure id=\"attachment_9318\" aria-describedby=\"caption-attachment-9318\" style=\"width: 1600px\" class=\"wp-caption alignnone\"><img loading=\"lazy\" decoding=\"async\" class=\"wp-image-9318 size-full\" src=\"https:\/\/imgmag.pakamera.net\/2023\/11\/kiedy-i-jak-powiesic-wieniec-na-drzwiach-155500165184.jpg\" alt=\"zielono czerwony wianek bo\u017conarodzeniowy \" width=\"1600\" height=\"840\" srcset=\"https:\/\/imgmag.pakamera.net\/2023\/11\/kiedy-i-jak-powiesic-wieniec-na-drzwiach-155500165184.jpg 1600w, https:\/\/imgmag.pakamera.net\/2023\/11\/kiedy-i-jak-powiesic-wieniec-na-drzwiach-155500165184-1536x806.jpg 1536w\" sizes=\"auto, (max-width: 1600px) 100vw, 1600px\" \/><figcaption id=\"caption-attachment-9318\" class=\"wp-caption-text\">CZERWONY Wianek Bo\u017conarodzeniowy na drzwi \/ MOM&amp;SISdekoruj\u0105 \/ www.pakamera.pl<\/figcaption><\/figure>\n<p><strong>Najwi\u0119ksz\u0105 sympati\u0105 ciesz\u0105 si\u0119 specjalne haczyki samoprzylepne<\/strong>. Nast\u0119pnie wystarczy zawiesi\u0107 na nich wianek \u015bwi\u0105teczny, kt\u00f3ry po okresie Bo\u017cego Narodzenia bez trudu i zb\u0119dnych uszkodze\u0144 drewna mo\u017cna usun\u0105\u0107, delikatnie odklejaj\u0105c zawieszk\u0119 z drzwi.<\/p>\n<p>Na czym powiesi\u0107 wieniec na drzwiach? <strong>Alternatyw\u0105 dla przytoczonego rozwi\u0105zania, jest skorzystanie z tradycyjnej ta\u015bmy dwustronnej<\/strong>. Coraz cz\u0119\u015bciej dekoracje wykonane z ga\u0142\u0105zek \u015bwierku, jod\u0142y b\u0105d\u017a sosny wieszane s\u0105 r\u00f3wnie\u017c na eleganckich wst\u0105\u017ckach. Sprawiaj\u0105 one, \u017ce wej\u015bcie do domu prezentuje si\u0119 jeszcze od\u015bwi\u0119tniej.<\/p>\n<h2>Wyb\u00f3r wie\u0144ca: jakie dodatki wybra\u0107?<\/h2>\n<p><a href=\"https:\/\/www.pakamera.pl\/boze-narodzenie-wianki-0-2731.htm\" target=\"_blank\" rel=\"noopener\">Wianki \u015bwi\u0105teczne<\/a> dla lwiej cz\u0119\u015bci spo\u0142ecze\u0144stwa s\u0105 niczym choinka wewn\u0105trz domu, kt\u00f3ra przystrajana jest przed nadej\u015bciem Bo\u017cego Narodzenia. Nie dziwi wi\u0119c fakt, \u017ce cz\u0119\u015b\u0107 z nas kupuje je gotowe, a pozosta\u0142a grupa decyduje si\u0119 na tworzenie samodzielnych, autorskich kompozycji. Bez wzgl\u0119du na decyzj\u0119, <strong>przed jej podj\u0119ciem warto zastanowi\u0107 si\u0119 nad konkretnymi materia\u0142ami i stylizacj\u0105 wianka na drzwi<\/strong>. Od tych element\u00f3w zale\u017cy bowiem ostateczna prezencja i charakter bo\u017conarodzeniowej dekoracji.<\/p>\n<div class=\"pakawidget\" id=\"pakawidget869\"><\/div>\n<p><script async defer src=\"https:\/\/www.pakamera.pl\/widget\/widget2.min.js?id=869&#038;type=20231115153530&#038;wwidth=1000\"><\/script><\/p>\n<p><strong>Wie\u0144ce zwyczajowo wykonywane s\u0105 z ciemnozielonych ga\u0142\u0105zek drzew iglastych, tj. sosny, \u015bwierku lub jod\u0142y, na podstawie sztywnego ko\u0142a<\/strong>, przyk\u0142adowo zrobionego z drutu b\u0105d\u017a styropianu.<strong> Elementem dekoracyjnym mog\u0105 sta\u0107 si\u0119 klasyczne ozdoby choinkowe, np. bombki czy b\u0142yszcz\u0105ce gwiazdki, jak r\u00f3wnie\u017c wst\u0105\u017cki, mech, plasterki kandyzowanych owoc\u00f3w oraz orzechy<\/strong>. Wianek na drzwi ponadplanowo mo\u017ce zawiera\u0107 \u015bwiece LED, kt\u00f3re z pewno\u015bci\u0105 wyr\u00f3\u017cni\u0105 go na tle innych dodatk\u00f3w \u015bwi\u0105tecznych.<\/p>\n<p>Na platformie internetowej pakamera.pl <a href=\"https:\/\/www.pakamera.pl\/magazyn\/wybieramy-wianek-swiateczny-od-polskich-marek\/\" target=\"_blank\" rel=\"noopener\">wybieramy wianek \u015bwi\u0105teczny od polskich marek<\/a>. Nasi projektanci przygotowali ogrom wspania\u0142ych wzor\u00f3w, z kt\u00f3rych z pewno\u015bci\u0105 wy\u0142onisz model, spe\u0142niaj\u0105cy Twoje wszelkie wymagania. <strong>Pami\u0119taj, \u017ce wianek na drzwi mo\u017cesz umie\u015bci\u0107 r\u00f3wnie\u017c wewn\u0105trz domu, stawiaj\u0105c dekoracj\u0119 na stole, kominku czy komodzie<\/strong>. Sam zdecyduj, gdzie w tym roku znajdzie si\u0119 ta tradycyjna, bo\u017conarodzeniowa ozdoba.<\/p>\n","protected":false},"excerpt":{"rendered":"<p>Gdy zbli\u017caj\u0105 si\u0119 \u015bwi\u0119ta Bo\u017cego Narodzenia, ochoczo przyst\u0119pujemy do poszukiwania ozd\u00f3b i dekoracji, kt\u00f3re wprowadzaj\u0105 nas w ten d\u0142ugo wyczekiwany, magiczny klimat. Poza tradycyjn\u0105 choink\u0105, \u017c\u0142\u00f3bkiem, figurkami Miko\u0142aj\u00f3w, skrzatami, aromatycznymi<span class=\"more-dots\">&#8230;<\/span><\/p>\n","protected":false},"author":17,"featured_media":9319,"comment_status":"closed","ping_status":"closed","sticky":false,"template":"","format":"standard","meta":{"footnotes":""},"categories":[12],"tags":[1435,616,2444],"class_list":["post-9317","post","type-post","status-publish","format-standard","has-post-thumbnail","hentry","category-dom-i-wnetrza","tag-boze-narodzenie","tag-swiateczne-dekoracje","tag-wianki-bozonarodzeniowe"],"yoast_head":"<!-- This site is optimized with the Yoast SEO plugin v21.6 - https:\/\/yoast.com\/wordpress\/plugins\/seo\/ -->\n<title>Kiedy i jak powiesi\u0107 wieniec na drzwiach? - Magazyn Pakamera.pl<\/title>\n<meta name=\"description\" content=\"Zastanawiasz si\u0119 jak powiesi\u0107 wieniec na drzwiach? Ju\u017c spieszymy z odpowiedzi\u0105 gdzie i jak umie\u015bci\u0107 t\u0119 ozdob\u0119 na Bo\u017ce Narodzenie.\" \/>\n<meta name=\"robots\" content=\"index, follow\" \/>\n<link rel=\"canonical\" href=\"https:\/\/www.pakamera.pl\/magazyn\/kiedy-i-jak-powiesic-wieniec-na-drzwiach\/\" \/>\n<meta property=\"og:locale\" content=\"pl_PL\" \/>\n<meta property=\"og:type\" content=\"article\" \/>\n<meta property=\"og:title\" content=\"Kiedy i jak powiesi\u0107 wieniec na drzwiach? - Magazyn Pakamera.pl\" \/>\n<meta property=\"og:description\" content=\"Zastanawiasz si\u0119 jak powiesi\u0107 wieniec na drzwiach? Ju\u017c spieszymy z odpowiedzi\u0105 gdzie i jak umie\u015bci\u0107 t\u0119 ozdob\u0119 na Bo\u017ce Narodzenie.\" \/>\n<meta property=\"og:url\" content=\"https:\/\/www.pakamera.pl\/magazyn\/kiedy-i-jak-powiesic-wieniec-na-drzwiach\/\" \/>\n<meta property=\"og:site_name\" content=\"Magazyn Pakamera.pl\" \/>\n<meta property=\"article:publisher\" content=\"https:\/\/facebook.com\/pakamerapl\" \/>\n<meta property=\"article:published_time\" content=\"2023-11-16T10:41:42+00:00\" \/>\n<meta property=\"article:modified_time\" content=\"2023-11-15T15:00:35+00:00\" \/>\n<meta property=\"og:image\" content=\"https:\/\/imgmag.pakamera.net\/2023\/11\/kiedy-i-jak-powiesic-wieniec-na-drzwiach-155502135118.jpg\" \/>\n\t<meta property=\"og:image:width\" content=\"1600\" \/>\n\t<meta property=\"og:image:height\" content=\"840\" \/>\n\t<meta property=\"og:image:type\" content=\"image\/jpeg\" \/>\n<meta name=\"author\" content=\"Agnieszka Pilska\" \/>\n<meta name=\"twitter:card\" content=\"summary_large_image\" \/>\n<meta name=\"twitter:label1\" content=\"Napisane przez\" \/>\n\t<meta name=\"twitter:data1\" content=\"Agnieszka Pilska\" \/>\n\t<meta name=\"twitter:label2\" content=\"Szacowany czas czytania\" \/>\n\t<meta name=\"twitter:data2\" content=\"5 minut\" \/>\n<script type=\"application\/ld+json\" class=\"yoast-schema-graph\">{\"@context\":\"https:\/\/schema.org\",\"@graph\":[{\"@type\":\"Article\",\"@id\":\"https:\/\/www.pakamera.pl\/magazyn\/kiedy-i-jak-powiesic-wieniec-na-drzwiach\/#article\",\"isPartOf\":{\"@id\":\"https:\/\/www.pakamera.pl\/magazyn\/kiedy-i-jak-powiesic-wieniec-na-drzwiach\/\"},\"author\":{\"name\":\"Agnieszka Pilska\",\"@id\":\"https:\/\/www.pakamera.pl\/magazyn\/#\/schema\/person\/572f3f4a9ab09d0378471fe80a2db902\"},\"headline\":\"Kiedy i jak powiesi\u0107 wieniec na drzwiach?\",\"datePublished\":\"2023-11-16T10:41:42+00:00\",\"dateModified\":\"2023-11-15T15:00:35+00:00\",\"mainEntityOfPage\":{\"@id\":\"https:\/\/www.pakamera.pl\/magazyn\/kiedy-i-jak-powiesic-wieniec-na-drzwiach\/\"},\"wordCount\":882,\"publisher\":{\"@id\":\"https:\/\/www.pakamera.pl\/magazyn\/#organization\"},\"keywords\":[\"bo\u017ce narodzenie\",\"\u015bwi\u0105teczne dekoracje\",\"wianki bo\u017conarodzeniowe\"],\"articleSection\":[\"Dom i Wn\u0119trze\"],\"inLanguage\":\"pl-PL\"},{\"@type\":\"WebPage\",\"@id\":\"https:\/\/www.pakamera.pl\/magazyn\/kiedy-i-jak-powiesic-wieniec-na-drzwiach\/\",\"url\":\"https:\/\/www.pakamera.pl\/magazyn\/kiedy-i-jak-powiesic-wieniec-na-drzwiach\/\",\"name\":\"Kiedy i jak powiesi\u0107 wieniec na drzwiach? - Magazyn Pakamera.pl\",\"isPartOf\":{\"@id\":\"https:\/\/www.pakamera.pl\/magazyn\/#website\"},\"datePublished\":\"2023-11-16T10:41:42+00:00\",\"dateModified\":\"2023-11-15T15:00:35+00:00\",\"description\":\"Zastanawiasz si\u0119 jak powiesi\u0107 wieniec na drzwiach? Ju\u017c spieszymy z odpowiedzi\u0105 gdzie i jak umie\u015bci\u0107 t\u0119 ozdob\u0119 na Bo\u017ce Narodzenie.\",\"breadcrumb\":{\"@id\":\"https:\/\/www.pakamera.pl\/magazyn\/kiedy-i-jak-powiesic-wieniec-na-drzwiach\/#breadcrumb\"},\"inLanguage\":\"pl-PL\",\"potentialAction\":[{\"@type\":\"ReadAction\",\"target\":[\"https:\/\/www.pakamera.pl\/magazyn\/kiedy-i-jak-powiesic-wieniec-na-drzwiach\/\"]}]},{\"@type\":\"BreadcrumbList\",\"@id\":\"https:\/\/www.pakamera.pl\/magazyn\/kiedy-i-jak-powiesic-wieniec-na-drzwiach\/#breadcrumb\",\"itemListElement\":[{\"@type\":\"ListItem\",\"position\":1,\"name\":\"Magazyn\",\"item\":\"https:\/\/www.pakamera.pl\/magazyn\/\"},{\"@type\":\"ListItem\",\"position\":2,\"name\":\"Dom i Wn\u0119trze\",\"item\":\"https:\/\/www.pakamera.pl\/magazyn\/category\/dom-i-wnetrza\/\"},{\"@type\":\"ListItem\",\"position\":3,\"name\":\"Kiedy i jak powiesi\u0107 wieniec na drzwiach?\"}]},{\"@type\":\"WebSite\",\"@id\":\"https:\/\/www.pakamera.pl\/magazyn\/#website\",\"url\":\"https:\/\/www.pakamera.pl\/magazyn\/\",\"name\":\"Magazyn Pakamera.pl\",\"description\":\"Sprawd\u017a najgor\u0119tsze tematy sezonu!\",\"publisher\":{\"@id\":\"https:\/\/www.pakamera.pl\/magazyn\/#organization\"},\"potentialAction\":[{\"@type\":\"SearchAction\",\"target\":{\"@type\":\"EntryPoint\",\"urlTemplate\":\"https:\/\/www.pakamera.pl\/magazyn\/?s={search_term_string}\"},\"query-input\":\"required name=search_term_string\"}],\"inLanguage\":\"pl-PL\"},{\"@type\":\"Organization\",\"@id\":\"https:\/\/www.pakamera.pl\/magazyn\/#organization\",\"name\":\"Pakamera.pl\",\"url\":\"https:\/\/www.pakamera.pl\/magazyn\/\",\"logo\":{\"@type\":\"ImageObject\",\"inLanguage\":\"pl-PL\",\"@id\":\"https:\/\/www.pakamera.pl\/magazyn\/#\/schema\/logo\/image\/\",\"url\":\"https:\/\/imgmag.pakamera.net\/2023\/11\/153455466619.png\",\"contentUrl\":\"https:\/\/imgmag.pakamera.net\/2023\/11\/153455466619.png\",\"width\":690,\"height\":140,\"caption\":\"Pakamera.pl\"},\"image\":{\"@id\":\"https:\/\/www.pakamera.pl\/magazyn\/#\/schema\/logo\/image\/\"},\"sameAs\":[\"https:\/\/facebook.com\/pakamerapl\",\"https:\/\/www.instagram.com\/pakamera\/\"]},{\"@type\":\"Person\",\"@id\":\"https:\/\/www.pakamera.pl\/magazyn\/#\/schema\/person\/572f3f4a9ab09d0378471fe80a2db902\",\"name\":\"Agnieszka Pilska\",\"description\":\"Agnieszka kocha dobry design i wszystko co si\u0119 z nim \u0142\u0105czy. Ma do\u015bwiadczenie w projektowaniu wn\u0119trz dzi\u0119ki czemu ma niesamowity zmys\u0142 estetyczny. Potrafi prostymi dodatkami stworzy\u0107 przestrze\u0144, kt\u00f3ra zachwyci wszystkich.\"}]}<\/script>\n<!-- \/ Yoast SEO plugin. -->","yoast_head_json":{"title":"Kiedy i jak powiesi\u0107 wieniec na drzwiach? - Magazyn Pakamera.pl","description":"Zastanawiasz si\u0119 jak powiesi\u0107 wieniec na drzwiach? Ju\u017c spieszymy z odpowiedzi\u0105 gdzie i jak umie\u015bci\u0107 t\u0119 ozdob\u0119 na Bo\u017ce Narodzenie.","robots":{"index":"index","follow":"follow"},"canonical":"https:\/\/www.pakamera.pl\/magazyn\/kiedy-i-jak-powiesic-wieniec-na-drzwiach\/","og_locale":"pl_PL","og_type":"article","og_title":"Kiedy i jak powiesi\u0107 wieniec na drzwiach? - Magazyn Pakamera.pl","og_description":"Zastanawiasz si\u0119 jak powiesi\u0107 wieniec na drzwiach? Ju\u017c spieszymy z odpowiedzi\u0105 gdzie i jak umie\u015bci\u0107 t\u0119 ozdob\u0119 na Bo\u017ce Narodzenie.","og_url":"https:\/\/www.pakamera.pl\/magazyn\/kiedy-i-jak-powiesic-wieniec-na-drzwiach\/","og_site_name":"Magazyn Pakamera.pl","article_publisher":"https:\/\/facebook.com\/pakamerapl","article_published_time":"2023-11-16T10:41:42+00:00","article_modified_time":"2023-11-15T15:00:35+00:00","og_image":[{"width":1600,"height":840,"url":"https:\/\/imgmag.pakamera.net\/2023\/11\/kiedy-i-jak-powiesic-wieniec-na-drzwiach-155502135118.jpg","type":"image\/jpeg"}],"author":"Agnieszka Pilska","twitter_card":"summary_large_image","twitter_misc":{"Napisane przez":"Agnieszka Pilska","Szacowany czas czytania":"5 minut"},"schema":{"@context":"https:\/\/schema.org","@graph":[{"@type":"Article","@id":"https:\/\/www.pakamera.pl\/magazyn\/kiedy-i-jak-powiesic-wieniec-na-drzwiach\/#article","isPartOf":{"@id":"https:\/\/www.pakamera.pl\/magazyn\/kiedy-i-jak-powiesic-wieniec-na-drzwiach\/"},"author":{"name":"Agnieszka Pilska","@id":"https:\/\/www.pakamera.pl\/magazyn\/#\/schema\/person\/572f3f4a9ab09d0378471fe80a2db902"},"headline":"Kiedy i jak powiesi\u0107 wieniec na drzwiach?","datePublished":"2023-11-16T10:41:42+00:00","dateModified":"2023-11-15T15:00:35+00:00","mainEntityOfPage":{"@id":"https:\/\/www.pakamera.pl\/magazyn\/kiedy-i-jak-powiesic-wieniec-na-drzwiach\/"},"wordCount":882,"publisher":{"@id":"https:\/\/www.pakamera.pl\/magazyn\/#organization"},"keywords":["bo\u017ce narodzenie","\u015bwi\u0105teczne dekoracje","wianki bo\u017conarodzeniowe"],"articleSection":["Dom i Wn\u0119trze"],"inLanguage":"pl-PL"},{"@type":"WebPage","@id":"https:\/\/www.pakamera.pl\/magazyn\/kiedy-i-jak-powiesic-wieniec-na-drzwiach\/","url":"https:\/\/www.pakamera.pl\/magazyn\/kiedy-i-jak-powiesic-wieniec-na-drzwiach\/","name":"Kiedy i jak powiesi\u0107 wieniec na drzwiach? - Magazyn Pakamera.pl","isPartOf":{"@id":"https:\/\/www.pakamera.pl\/magazyn\/#website"},"datePublished":"2023-11-16T10:41:42+00:00","dateModified":"2023-11-15T15:00:35+00:00","description":"Zastanawiasz si\u0119 jak powiesi\u0107 wieniec na drzwiach? Ju\u017c spieszymy z odpowiedzi\u0105 gdzie i jak umie\u015bci\u0107 t\u0119 ozdob\u0119 na Bo\u017ce Narodzenie.","breadcrumb":{"@id":"https:\/\/www.pakamera.pl\/magazyn\/kiedy-i-jak-powiesic-wieniec-na-drzwiach\/#breadcrumb"},"inLanguage":"pl-PL","potentialAction":[{"@type":"ReadAction","target":["https:\/\/www.pakamera.pl\/magazyn\/kiedy-i-jak-powiesic-wieniec-na-drzwiach\/"]}]},{"@type":"BreadcrumbList","@id":"https:\/\/www.pakamera.pl\/magazyn\/kiedy-i-jak-powiesic-wieniec-na-drzwiach\/#breadcrumb","itemListElement":[{"@type":"ListItem","position":1,"name":"Magazyn","item":"https:\/\/www.pakamera.pl\/magazyn\/"},{"@type":"ListItem","position":2,"name":"Dom i Wn\u0119trze","item":"https:\/\/www.pakamera.pl\/magazyn\/category\/dom-i-wnetrza\/"},{"@type":"ListItem","position":3,"name":"Kiedy i jak powiesi\u0107 wieniec na drzwiach?"}]},{"@type":"WebSite","@id":"https:\/\/www.pakamera.pl\/magazyn\/#website","url":"https:\/\/www.pakamera.pl\/magazyn\/","name":"Magazyn Pakamera.pl","description":"Sprawd\u017a najgor\u0119tsze tematy sezonu!","publisher":{"@id":"https:\/\/www.pakamera.pl\/magazyn\/#organization"},"potentialAction":[{"@type":"SearchAction","target":{"@type":"EntryPoint","urlTemplate":"https:\/\/www.pakamera.pl\/magazyn\/?s={search_term_string}"},"query-input":"required name=search_term_string"}],"inLanguage":"pl-PL"},{"@type":"Organization","@id":"https:\/\/www.pakamera.pl\/magazyn\/#organization","name":"Pakamera.pl","url":"https:\/\/www.pakamera.pl\/magazyn\/","logo":{"@type":"ImageObject","inLanguage":"pl-PL","@id":"https:\/\/www.pakamera.pl\/magazyn\/#\/schema\/logo\/image\/","url":"https:\/\/imgmag.pakamera.net\/2023\/11\/153455466619.png","contentUrl":"https:\/\/imgmag.pakamera.net\/2023\/11\/153455466619.png","width":690,"height":140,"caption":"Pakamera.pl"},"image":{"@id":"https:\/\/www.pakamera.pl\/magazyn\/#\/schema\/logo\/image\/"},"sameAs":["https:\/\/facebook.com\/pakamerapl","https:\/\/www.instagram.com\/pakamera\/"]},{"@type":"Person","@id":"https:\/\/www.pakamera.pl\/magazyn\/#\/schema\/person\/572f3f4a9ab09d0378471fe80a2db902","name":"Agnieszka Pilska","description":"Agnieszka kocha dobry design i wszystko co si\u0119 z nim \u0142\u0105czy. Ma do\u015bwiadczenie w projektowaniu wn\u0119trz dzi\u0119ki czemu ma niesamowity zmys\u0142 estetyczny. Potrafi prostymi dodatkami stworzy\u0107 przestrze\u0144, kt\u00f3ra zachwyci wszystkich."}]}},"_links":{"self":[{"href":"https:\/\/www.pakamera.pl\/magazyn\/wp-json\/wp\/v2\/posts\/9317","targetHints":{"allow":["GET"]}}],"collection":[{"href":"https:\/\/www.pakamera.pl\/magazyn\/wp-json\/wp\/v2\/posts"}],"about":[{"href":"https:\/\/www.pakamera.pl\/magazyn\/wp-json\/wp\/v2\/types\/post"}],"author":[{"embeddable":true,"href":"https:\/\/www.pakamera.pl\/magazyn\/wp-json\/wp\/v2\/users\/17"}],"replies":[{"embeddable":true,"href":"https:\/\/www.pakamera.pl\/magazyn\/wp-json\/wp\/v2\/comments?post=9317"}],"version-history":[{"count":0,"href":"https:\/\/www.pakamera.pl\/magazyn\/wp-json\/wp\/v2\/posts\/9317\/revisions"}],"wp:featuredmedia":[{"embeddable":true,"href":"https:\/\/www.pakamera.pl\/magazyn\/wp-json\/wp\/v2\/media\/9319"}],"wp:attachment":[{"href":"https:\/\/www.pakamera.pl\/magazyn\/wp-json\/wp\/v2\/media?parent=9317"}],"wp:term":[{"taxonomy":"category","embeddable":true,"href":"https:\/\/www.pakamera.pl\/magazyn\/wp-json\/wp\/v2\/categories?post=9317"},{"taxonomy":"post_tag","embeddable":true,"href":"https:\/\/www.pakamera.pl\/magazyn\/wp-json\/wp\/v2\/tags?post=9317"}],"curies":[{"name":"wp","href":"https:\/\/api.w.org\/{rel}","templated":true}]}}