{"id":9307,"date":"2023-11-15T10:06:57","date_gmt":"2023-11-15T09:06:57","guid":{"rendered":"https:\/\/www.pakamera.pl\/magazyn\/?p=9307"},"modified":"2025-11-12T11:15:49","modified_gmt":"2025-11-12T10:15:49","slug":"modne-bombki-na-choinke-2023-zainspiruj-sie","status":"publish","type":"post","link":"https:\/\/www.pakamera.pl\/magazyn\/modne-bombki-na-choinke-2023-zainspiruj-sie\/","title":{"rendered":"Modne bombki na choink\u0119 2026 \u2014 zainspiruj si\u0119!"},"content":{"rendered":"<p><strong>Choinka dla wi\u0119kszo\u015bci z nas stanowi nieodzowny element bo\u017conarodzeniowego wystroju. Przystrojone drzewko dodaje pomieszczeniom nieopisanego klimatu i przytulno\u015bci, a dodatkowo sprawia r\u00f3wnie\u017c, \u017ce czas sp\u0119dzany z rodzin\u0105, staje si\u0119 jeszcze przyjemniejszy. Je\u017celi zale\u017cy Ci na stworzeniu wyj\u0105tkowej kompozycji \u015bwi\u0105tecznej, koniecznie zapoznaj si\u0119 z ofert\u0105 modnych bombek na choink\u0119, dost\u0119pn\u0105 na platformie internetowej Pakamera. Jakie modele b\u0119d\u0105 kr\u00f3lowa\u0142y w 2026 roku? Wszystkiego dowiesz si\u0119 z poni\u017cszego poradnika. Zobacz modne bombki na choink\u0119 2026.<\/strong><br \/>\n<!--more--><\/p>\n<figure id=\"attachment_9308\" aria-describedby=\"caption-attachment-9308\" style=\"width: 1600px\" class=\"wp-caption alignnone\"><img loading=\"lazy\" decoding=\"async\" class=\"wp-image-9308 size-full\" src=\"https:\/\/imgmag.pakamera.net\/2023\/11\/modne-bombki-na-choinke-2023-zainspiruj-sie-141711969867.jpg\" alt=\"r\u0119cznie malowana bombka\" width=\"1600\" height=\"840\" \/><figcaption id=\"caption-attachment-9308\" class=\"wp-caption-text\">Bombka r\u0119cznie malowana &#8211; Gda\u0144sk \/ Pracownia Ma\u0142a sztuka \/ www.pakamera.pl<\/figcaption><\/figure>\n<h2>Modne bombki na choink\u0119 \u2014 obowi\u0105zkowy element \u015bwi\u0105tecznego drzewka<\/h2>\n<p>Przystrajanie \u015bwi\u0105tecznego drzewka to ekscytuj\u0105ce wydarzenie, kt\u00f3re zrzesza wszystkich domownik\u00f3w. W ka\u017cdym domu przebiega ono inaczej, pocz\u0105wszy od stylu choinki i jej ozd\u00f3b, ko\u0144cz\u0105c na dacie jej ubierania. Jest jednak jedna wsp\u00f3lna rzecz, kt\u00f3ra nigdy nie ulega zmianie \u2014 tradycja. <strong>Ka\u017cdego roku w naszych mieszkaniach i domach pojawia si\u0119 pi\u0119knie udekorowana choinka, kt\u00f3ra nadaje wn\u0119trzom magicznego, niezwykle urokliwego klimatu<\/strong>.<\/p>\n<p>Nieodzownym elementem, kt\u00f3ry powinien znale\u017a\u0107 si\u0119 w aran\u017cacji \u015bwi\u0105tecznej, s\u0105 oczywi\u015bcie bombki. <strong>W ka\u017cdym sezonie przychodzi pora na inne trendy i tendencje, kt\u00f3re wiod\u0105 prym i sprawiaj\u0105, \u017ce drzewko wpisuje si\u0119 w najnowsze kierunki modowe<\/strong>. Tak samo jest r\u00f3wnie\u017c z bo\u017conarodzeniowymi dekoracjami. Jakie bombki na choink\u0119 2026? Zacznijmy od kolorystyki i wzornictwa, kt\u00f3re s\u0105 obecnie najbardziej na czasie.<\/p>\n<h2>Kolorystyka i wzornictwo bombek w 2026 roku<\/h2>\n<p>Tegoroczne trendy gwiazdkowe daj\u0105 spore mo\u017cliwo\u015bci, dzi\u0119ki czemu ka\u017cda osoba odnajdzie odpowiadaj\u0105ce dodatki. <strong>Na uwag\u0119 zas\u0142uguj\u0105 szczeg\u00f3lnie bombki w kolorach rubinowej czerwieni<\/strong>. Ostrzegamy \u2014 ten odcie\u0144 hipnotyzuje i przyci\u0105ga spojrzenia! <strong>Kolejn\u0105 propozycj\u0105 kolorystyczn\u0105, kt\u00f3r\u0105 warto rozwa\u017cy\u0107, jest granat<\/strong>. To wariant dla tradycjonalist\u00f3w, kt\u00f3rzy ceni\u0105 elegancj\u0119, klasyk\u0119 i szyk.<\/p>\n<div id=\"pakawidget864\" class=\"pakawidget\"><\/div>\n<p><script async defer src=\"https:\/\/www.pakamera.pl\/widget\/widget2.min.js?id=864&#038;type=20231113142258&#038;wwidth=1000\"><\/script><\/p>\n<p>Je\u015bli w dalszym ci\u0105gu zastanawiasz si\u0119, jakie modne <a href=\"https:\/\/www.pakamera.pl\/bombki-0-3325.htm\" target=\"_blank\" rel=\"noopener\">bombki na choink\u0119<\/a> wybra\u0107 w 2026 roku, <strong>koniecznie rozwa\u017c srebro lub z\u0142oto<\/strong>. Te b\u0142yszcz\u0105ce dekoracje \u015bwi\u0105teczne nigdy nie wychodz\u0105 z mody. Z kolei zwolennicy minimalistycznych rozwi\u0105za\u0144 zakochaj\u0105 si\u0119 w bia\u0142ych bombkach.<\/p>\n<p>Wyko\u0144czenie w b\u0142ysku czy w macie? A mo\u017ce postawisz na r\u0119cznie robione elementy dekoracyjne? W tej kwestii r\u00f3wnie\u017c posiadamy spore pole do manewru. Poza kierowaniem si\u0119 mod\u0105, <strong>podczas wybierania bombek na choink\u0119 polecamy kierowa\u0107 si\u0119 przede wszystkim w\u0142asnymi upodobaniami i gustem<\/strong>. Dzi\u0119ki temu \u015bwi\u0105teczne drzewko, kt\u00f3re znajdzie si\u0119 w wybranym przez Ciebie miejscu, stanie si\u0119 wspania\u0142\u0105 dekoracj\u0105 bo\u017conarodzeniow\u0105, kt\u00f3ra b\u0119dzie cieszy\u0107 oko domownik\u00f3w.<\/p>\n<h2>Styl skandynawski, minimalistyczny i tradycyjny w dekoracji choinki<\/h2>\n<p>Zastanawiasz si\u0119, <a href=\"https:\/\/www.pakamera.pl\/magazyn\/jak-udekorowac-mieszkanie-na-swieta-bozego-narodzenia\/\" target=\"_blank\" rel=\"noopener\">jak udekorowa\u0107 mieszkanie na Bo\u017ce Narodzenie<\/a>? Wsp\u00f3\u0142cze\u015bnie mo\u017cliwo\u015bci jest co najmniej kilka. Najwi\u0119ksz\u0105 sympati\u0105 ciesz\u0105 si\u0119 zw\u0142aszcza styl minimalistyczny, skandynawski oraz tradycyjny. Przejd\u017amy pokr\u00f3tce przez ka\u017cdy z nich.<\/p>\n<p>Styl skandynawski w dekoracji choinki skupia w sobie dwie cechy: prostot\u0119 i elegancj\u0119. Je\u017celi nie jeste\u015b zwolennikiem drzewka, kt\u00f3re wr\u0119cz ugina si\u0119 od ci\u0119\u017caru bombek choinkowych i innych dekoracji, ten trend z pewno\u015bci\u0105 Ci\u0119 zaintryguje.<\/p>\n<p><strong>Choinka w stylu skandynawskim odznacza si\u0119 stonowanymi kolorami \u2014 g\u0142\u00f3wnie biel\u0105, srebrem, be\u017cami i subtelnymi szaro\u015bciami<\/strong> \u2014 oraz umiarem w dobieranych dodatkach. Delikatne \u015bwiate\u0142ka w po\u0142\u0105czeniu z kilkoma sztukami modnych bombek sprawi\u0105, \u017ce bo\u017conarodzeniowa kompozycja urzeknie ka\u017cdego, kto na ni\u0105 spojrzy.<\/p>\n<figure id=\"attachment_9309\" aria-describedby=\"caption-attachment-9309\" style=\"width: 1600px\" class=\"wp-caption alignnone\"><img loading=\"lazy\" decoding=\"async\" class=\"wp-image-9309 size-full\" src=\"https:\/\/imgmag.pakamera.net\/2023\/11\/modne-bombki-na-choinke-2023-zainspiruj-sie-142628708738.jpg\" alt=\"bombki choinkowe muchomor \" width=\"1600\" height=\"840\" srcset=\"https:\/\/imgmag.pakamera.net\/2023\/11\/modne-bombki-na-choinke-2023-zainspiruj-sie-142628708738.jpg 1600w, https:\/\/imgmag.pakamera.net\/2023\/11\/modne-bombki-na-choinke-2023-zainspiruj-sie-142628708738-1536x806.jpg 1536w\" sizes=\"auto, (max-width: 1600px) 100vw, 1600px\" \/><figcaption id=\"caption-attachment-9309\" class=\"wp-caption-text\">Choinkowe muchomorki \/ Pintura \/ www.pakamera.pl<\/figcaption><\/figure>\n<p><strong>Minimalistyczny styl mo\u017cna por\u00f3wna\u0107 do skandynawskiego<\/strong>. Tutaj jednak poza wspomnianymi wcze\u015bniej kolorami, modne bombki mog\u0105 przybiera\u0107 inne, nieco bardziej krzykliwe odcienie. <strong>\u015awietnie sprawdzi si\u0119 m.in. po\u0142\u0105czenie granatu i srebra<\/strong>. Nic nie stoi na przeszkodzie, by <strong>drzewko udekorowa\u0107 bombkami choinkowymi w jednym kolorze<\/strong>, przyk\u0142adowo bieli czy czerwieni. Grunt to zda\u0107 si\u0119 na w\u0142asny gust oraz charakter domowych wn\u0119trz.<\/p>\n<p>Wielu zwolennik\u00f3w posiada r\u00f3wnie\u017c styl tradycyjny, opieraj\u0105cy si\u0119 na dekorowaniu domu, na podstawie wspomnie\u0144 z dzieci\u0119cych lat. <strong>Sentyment odgrywa tutaj znacz\u0105c\u0105 rol\u0119<\/strong>. Modne bombki choinkowe to cz\u0119sto takie, kt\u00f3re znajduje si\u0119 na strychu po wielu latach. <strong>Stare, niepowtarzalne modele bo\u017conarodzeniowych baniek zawieszone na choince z pewno\u015bci\u0105 wyr\u00f3\u017cni\u0105 Twoj\u0105 \u015bwi\u0105teczn\u0105 kompozycj\u0119<\/strong>, nawi\u0105zuj\u0105c dodatkowo do rodzinnej przesz\u0142o\u015bci i tradycji.<\/p>\n<h2>Bezpiecze\u0144stwo a modne bombki \u2013 wskaz\u00f3wki dla rodzin z ma\u0142ymi dzie\u0107mi<\/h2>\n<p>Pi\u0119knie przystrojona choinka mo\u017ce stanowi\u0107 niebezpiecze\u0144stwo dla najm\u0142odszych domownik\u00f3w. Wiedz\u0105 o tym szczeg\u00f3lnie rodzice szkrab\u00f3w, kt\u00f3rzy do\u015bwiadczyli ju\u017c incydentu przewr\u00f3conego drzewka i st\u0142uczonych bombek. Dzieci s\u0105 ciekawe \u015bwiata, dlatego ch\u0119tnie eksploruj\u0105 go na w\u0142asn\u0105 r\u0119k\u0119.<\/p>\n<div id=\"pakawidget865\" class=\"pakawidget\"><\/div>\n<p><script async defer src=\"https:\/\/www.pakamera.pl\/widget\/widget2.min.js?id=865&#038;type=20231113143959&#038;wwidth=1000\"><\/script><\/p>\n<p>Dotykanie \u015bwi\u0105tecznych ozd\u00f3b czy wspinanie po ga\u0142\u0105zkach mog\u0105 sko\u0144czy\u0107 si\u0119 nie tylko zepsuciem dekoracji, ale co gorsza \u2014 skaleczeniem malucha. Jak zabezpieczy\u0107 choink\u0119 przed dzie\u0107mi? Istnieje na to kilka sposob\u00f3w, jednak nale\u017cy pami\u0119ta\u0107, \u017ce ich wdro\u017cenie nie zwalnia opiekun\u00f3w od monitorowania zachowania pociech, \u201cmyszkuj\u0105cych\u201d przy <a href=\"https:\/\/www.pakamera.pl\/boze-narodzenie-ozdoby-choinkowe-0-2732.htm\" target=\"_blank\" rel=\"noopener\">ozdobach choinkowych<\/a>.<\/p>\n<p>Oto kilka wskaz\u00f3wek dla rodzin z ma\u0142ymi dzie\u0107mi, kt\u00f3re przydadz\u0105 si\u0119 w okresie oko\u0142obo\u017conarodzeniowym:<\/p>\n<ul>\n<li><strong>zamiast szklanych dekoracji, wybierz te wykonane z mi\u0119kkiego materia\u0142u, metalu lub papieru;<\/strong><\/li>\n<li>modne <strong>bombki na choink\u0119 wieszaj w odpowiednich odst\u0119pach i nie przesadzaj z ich ilo\u015bci\u0105<\/strong> \u2014 ga\u0142\u0105zki nie powinny ugina\u0107 si\u0119 pod ci\u0119\u017carem dekoracji;<\/li>\n<li>choink\u0119 umocuj na \u017celiwnym stojaku, kt\u00f3ry zadba o jej stabilno\u015b\u0107;<\/li>\n<li>je\u017celi mieszkasz z maluchem, <strong>warto pomy\u015ble\u0107 o umieszczeniu \u015bwi\u0105tecznego drzewka poza jego zasi\u0119giem, np. na komodzie<\/strong>, stole czy innym podwy\u017cszeniu.<\/li>\n<\/ul>\n","protected":false},"excerpt":{"rendered":"<p>Choinka dla wi\u0119kszo\u015bci z nas stanowi nieodzowny element bo\u017conarodzeniowego wystroju. Przystrojone drzewko dodaje pomieszczeniom nieopisanego klimatu i przytulno\u015bci, a dodatkowo sprawia r\u00f3wnie\u017c, \u017ce czas sp\u0119dzany z rodzin\u0105, staje si\u0119 jeszcze<span class=\"more-dots\">&#8230;<\/span><\/p>\n","protected":false},"author":15,"featured_media":9308,"comment_status":"closed","ping_status":"closed","sticky":false,"template":"","format":"standard","meta":{"footnotes":""},"categories":[12],"tags":[628,1435,2442,2443],"class_list":["post-9307","post","type-post","status-publish","format-standard","has-post-thumbnail","hentry","category-dom-i-wnetrza","tag-bombki","tag-boze-narodzenie","tag-ozdoby-choinkowe","tag-ozdoby-na-choinke"],"yoast_head":"<!-- This site is optimized with the Yoast SEO plugin v21.6 - https:\/\/yoast.com\/wordpress\/plugins\/seo\/ -->\n<title>Modne bombki na choink\u0119 [year] \u2014 zainspiruj si\u0119! - Magazyn Pakamera.pl<\/title>\n<meta name=\"description\" content=\"Chcesz wiedzie\u0107 jakie b\u0119d\u0105 modne bombki na choink\u0119 2023? Zobacz nasze propozycje kolor\u00f3w, kszta\u0142t\u00f3w i materia\u0142\u00f3w.\" \/>\n<meta name=\"robots\" content=\"index, follow\" \/>\n<link rel=\"canonical\" href=\"https:\/\/www.pakamera.pl\/magazyn\/modne-bombki-na-choinke-2023-zainspiruj-sie\/\" \/>\n<meta property=\"og:locale\" content=\"pl_PL\" \/>\n<meta property=\"og:type\" content=\"article\" \/>\n<meta property=\"og:title\" content=\"Modne bombki na choink\u0119 [year] \u2014 zainspiruj si\u0119! - Magazyn Pakamera.pl\" \/>\n<meta property=\"og:description\" content=\"Chcesz wiedzie\u0107 jakie b\u0119d\u0105 modne bombki na choink\u0119 2023? Zobacz nasze propozycje kolor\u00f3w, kszta\u0142t\u00f3w i materia\u0142\u00f3w.\" \/>\n<meta property=\"og:url\" content=\"https:\/\/www.pakamera.pl\/magazyn\/modne-bombki-na-choinke-2023-zainspiruj-sie\/\" \/>\n<meta property=\"og:site_name\" content=\"Magazyn Pakamera.pl\" \/>\n<meta property=\"article:publisher\" content=\"https:\/\/facebook.com\/pakamerapl\" \/>\n<meta property=\"article:published_time\" content=\"2023-11-15T09:06:57+00:00\" \/>\n<meta property=\"article:modified_time\" content=\"2025-11-12T10:15:49+00:00\" \/>\n<meta property=\"og:image\" content=\"https:\/\/imgmag.pakamera.net\/2023\/11\/modne-bombki-na-choinke-2023-zainspiruj-sie-141711969867.jpg\" \/>\n\t<meta property=\"og:image:width\" content=\"1600\" \/>\n\t<meta property=\"og:image:height\" content=\"840\" \/>\n\t<meta property=\"og:image:type\" content=\"image\/jpeg\" \/>\n<meta name=\"author\" content=\"Kinga Paw\u0142owska\" \/>\n<meta name=\"twitter:card\" content=\"summary_large_image\" \/>\n<meta name=\"twitter:label1\" content=\"Napisane przez\" \/>\n\t<meta name=\"twitter:data1\" content=\"Kinga Paw\u0142owska\" \/>\n\t<meta name=\"twitter:label2\" content=\"Szacowany czas czytania\" \/>\n\t<meta name=\"twitter:data2\" content=\"6 minut\" \/>\n<script type=\"application\/ld+json\" class=\"yoast-schema-graph\">{\"@context\":\"https:\/\/schema.org\",\"@graph\":[{\"@type\":\"Article\",\"@id\":\"https:\/\/www.pakamera.pl\/magazyn\/modne-bombki-na-choinke-2023-zainspiruj-sie\/#article\",\"isPartOf\":{\"@id\":\"https:\/\/www.pakamera.pl\/magazyn\/modne-bombki-na-choinke-2023-zainspiruj-sie\/\"},\"author\":{\"name\":\"Kinga Paw\u0142owska\",\"@id\":\"https:\/\/www.pakamera.pl\/magazyn\/#\/schema\/person\/3260837128eb02b1b1ed1972385dff23\"},\"headline\":\"Modne bombki na choink\u0119 2026 \u2014 zainspiruj si\u0119!\",\"datePublished\":\"2023-11-15T09:06:57+00:00\",\"dateModified\":\"2025-11-12T10:15:49+00:00\",\"mainEntityOfPage\":{\"@id\":\"https:\/\/www.pakamera.pl\/magazyn\/modne-bombki-na-choinke-2023-zainspiruj-sie\/\"},\"wordCount\":954,\"publisher\":{\"@id\":\"https:\/\/www.pakamera.pl\/magazyn\/#organization\"},\"keywords\":[\"bombki\",\"bo\u017ce narodzenie\",\"ozdoby choinkowe\",\"ozdoby na choink\u0119\"],\"articleSection\":[\"Dom i Wn\u0119trze\"],\"inLanguage\":\"pl-PL\"},{\"@type\":\"WebPage\",\"@id\":\"https:\/\/www.pakamera.pl\/magazyn\/modne-bombki-na-choinke-2023-zainspiruj-sie\/\",\"url\":\"https:\/\/www.pakamera.pl\/magazyn\/modne-bombki-na-choinke-2023-zainspiruj-sie\/\",\"name\":\"Modne bombki na choink\u0119 [year] \u2014 zainspiruj si\u0119! - Magazyn Pakamera.pl\",\"isPartOf\":{\"@id\":\"https:\/\/www.pakamera.pl\/magazyn\/#website\"},\"datePublished\":\"2023-11-15T09:06:57+00:00\",\"dateModified\":\"2025-11-12T10:15:49+00:00\",\"description\":\"Chcesz wiedzie\u0107 jakie b\u0119d\u0105 modne bombki na choink\u0119 2023? Zobacz nasze propozycje kolor\u00f3w, kszta\u0142t\u00f3w i materia\u0142\u00f3w.\",\"breadcrumb\":{\"@id\":\"https:\/\/www.pakamera.pl\/magazyn\/modne-bombki-na-choinke-2023-zainspiruj-sie\/#breadcrumb\"},\"inLanguage\":\"pl-PL\",\"potentialAction\":[{\"@type\":\"ReadAction\",\"target\":[\"https:\/\/www.pakamera.pl\/magazyn\/modne-bombki-na-choinke-2023-zainspiruj-sie\/\"]}]},{\"@type\":\"BreadcrumbList\",\"@id\":\"https:\/\/www.pakamera.pl\/magazyn\/modne-bombki-na-choinke-2023-zainspiruj-sie\/#breadcrumb\",\"itemListElement\":[{\"@type\":\"ListItem\",\"position\":1,\"name\":\"Magazyn\",\"item\":\"https:\/\/www.pakamera.pl\/magazyn\/\"},{\"@type\":\"ListItem\",\"position\":2,\"name\":\"Dom i Wn\u0119trze\",\"item\":\"https:\/\/www.pakamera.pl\/magazyn\/category\/dom-i-wnetrza\/\"},{\"@type\":\"ListItem\",\"position\":3,\"name\":\"Modne bombki na choink\u0119 2025 \u2014 zainspiruj si\u0119!\"}]},{\"@type\":\"WebSite\",\"@id\":\"https:\/\/www.pakamera.pl\/magazyn\/#website\",\"url\":\"https:\/\/www.pakamera.pl\/magazyn\/\",\"name\":\"Magazyn Pakamera.pl\",\"description\":\"Sprawd\u017a najgor\u0119tsze tematy sezonu!\",\"publisher\":{\"@id\":\"https:\/\/www.pakamera.pl\/magazyn\/#organization\"},\"potentialAction\":[{\"@type\":\"SearchAction\",\"target\":{\"@type\":\"EntryPoint\",\"urlTemplate\":\"https:\/\/www.pakamera.pl\/magazyn\/?s={search_term_string}\"},\"query-input\":\"required name=search_term_string\"}],\"inLanguage\":\"pl-PL\"},{\"@type\":\"Organization\",\"@id\":\"https:\/\/www.pakamera.pl\/magazyn\/#organization\",\"name\":\"Pakamera.pl\",\"url\":\"https:\/\/www.pakamera.pl\/magazyn\/\",\"logo\":{\"@type\":\"ImageObject\",\"inLanguage\":\"pl-PL\",\"@id\":\"https:\/\/www.pakamera.pl\/magazyn\/#\/schema\/logo\/image\/\",\"url\":\"https:\/\/imgmag.pakamera.net\/2023\/11\/153455466619.png\",\"contentUrl\":\"https:\/\/imgmag.pakamera.net\/2023\/11\/153455466619.png\",\"width\":690,\"height\":140,\"caption\":\"Pakamera.pl\"},\"image\":{\"@id\":\"https:\/\/www.pakamera.pl\/magazyn\/#\/schema\/logo\/image\/\"},\"sameAs\":[\"https:\/\/facebook.com\/pakamerapl\",\"https:\/\/www.instagram.com\/pakamera\/\"]},{\"@type\":\"Person\",\"@id\":\"https:\/\/www.pakamera.pl\/magazyn\/#\/schema\/person\/3260837128eb02b1b1ed1972385dff23\",\"name\":\"Kinga Paw\u0142owska\",\"description\":\"Jestem pasjonatk\u0105 designu, mody i sztuki wyra\u017cania siebie poprzez ubi\u00f3r i dodatki. Moja misja polega na przekazywaniu wiedzy i inspiracji w dziedzinie bi\u017cuterii, mody, dekoracji wn\u0119trz oraz r\u00f3\u017cnego rodzaju dodatk\u00f3w, kt\u00f3re sprawi\u0105, \u017ce Twoje \u017cycie stanie si\u0119 jeszcze bardziej pi\u0119kne i wyj\u0105tkowe. W moich postach znajdziesz przewodniki po najnowszych trendach, zar\u00f3wno je\u015bli chodzi o kolory wn\u0119trz, jak i modne dodatki czy bi\u017cuteri\u0119. Pragn\u0119 pom\u00f3c Ci odkry\u0107, jakie style wn\u0119trza pasuj\u0105 do Twojej osobowo\u015bci, a tak\u017ce jak dopasowa\u0107 bi\u017cuteri\u0119 do r\u00f3\u017cnych rodzaj\u00f3w sukienek czy stylizacji. Jestem r\u00f3wnie\u017c zwolenniczk\u0105 wyj\u0105tkowych, r\u0119cznie robionych produkt\u00f3w. W moich postach znajdziesz wiele inspiracji zwi\u0105zanych z r\u0119kodzie\u0142em, takimi jak eleganckie apaszki jedwabne, ozdoby na g\u0142ow\u0119 czy bi\u017cuteria artystyczna od polskich marek. W moich postach po\u015bwi\u0119cam r\u00f3wnie\u017c uwag\u0119 polskim projektantom i markom. Dziel\u0119 si\u0119 informacjami na temat bi\u017cuterii, ubra\u0144 i dodatk\u00f3w od rodzimych marek, kt\u00f3re tworz\u0105 wyj\u0105tkowe produkty. Moj\u0105 misj\u0105 jest dostarczanie inspiracji i praktycznych wskaz\u00f3wek z zakresu mody, designu, wn\u0119trz i bi\u017cuterii. Pragn\u0119, aby moje wpisy pomaga\u0142y Ci w tworzeniu wyj\u0105tkowych stylizacji, wyborze idealnych prezent\u00f3w oraz w aran\u017cacji pi\u0119knych wn\u0119trz. Zawsze staram si\u0119 dostarcza\u0107 tre\u015bci oparte na solidnych \u017ar\u00f3d\u0142ach i wiedzy, aby\u015b m\u00f3g\u0142\/a korzysta\u0107 z nich z pe\u0142nym zaufaniem.\"}]}<\/script>\n<!-- \/ Yoast SEO plugin. -->","yoast_head_json":{"title":"Modne bombki na choink\u0119 [year] \u2014 zainspiruj si\u0119! - Magazyn Pakamera.pl","description":"Chcesz wiedzie\u0107 jakie b\u0119d\u0105 modne bombki na choink\u0119 2023? Zobacz nasze propozycje kolor\u00f3w, kszta\u0142t\u00f3w i materia\u0142\u00f3w.","robots":{"index":"index","follow":"follow"},"canonical":"https:\/\/www.pakamera.pl\/magazyn\/modne-bombki-na-choinke-2023-zainspiruj-sie\/","og_locale":"pl_PL","og_type":"article","og_title":"Modne bombki na choink\u0119 [year] \u2014 zainspiruj si\u0119! - Magazyn Pakamera.pl","og_description":"Chcesz wiedzie\u0107 jakie b\u0119d\u0105 modne bombki na choink\u0119 2023? Zobacz nasze propozycje kolor\u00f3w, kszta\u0142t\u00f3w i materia\u0142\u00f3w.","og_url":"https:\/\/www.pakamera.pl\/magazyn\/modne-bombki-na-choinke-2023-zainspiruj-sie\/","og_site_name":"Magazyn Pakamera.pl","article_publisher":"https:\/\/facebook.com\/pakamerapl","article_published_time":"2023-11-15T09:06:57+00:00","article_modified_time":"2025-11-12T10:15:49+00:00","og_image":[{"width":1600,"height":840,"url":"https:\/\/imgmag.pakamera.net\/2023\/11\/modne-bombki-na-choinke-2023-zainspiruj-sie-141711969867.jpg","type":"image\/jpeg"}],"author":"Kinga Paw\u0142owska","twitter_card":"summary_large_image","twitter_misc":{"Napisane przez":"Kinga Paw\u0142owska","Szacowany czas czytania":"6 minut"},"schema":{"@context":"https:\/\/schema.org","@graph":[{"@type":"Article","@id":"https:\/\/www.pakamera.pl\/magazyn\/modne-bombki-na-choinke-2023-zainspiruj-sie\/#article","isPartOf":{"@id":"https:\/\/www.pakamera.pl\/magazyn\/modne-bombki-na-choinke-2023-zainspiruj-sie\/"},"author":{"name":"Kinga Paw\u0142owska","@id":"https:\/\/www.pakamera.pl\/magazyn\/#\/schema\/person\/3260837128eb02b1b1ed1972385dff23"},"headline":"Modne bombki na choink\u0119 2026 \u2014 zainspiruj si\u0119!","datePublished":"2023-11-15T09:06:57+00:00","dateModified":"2025-11-12T10:15:49+00:00","mainEntityOfPage":{"@id":"https:\/\/www.pakamera.pl\/magazyn\/modne-bombki-na-choinke-2023-zainspiruj-sie\/"},"wordCount":954,"publisher":{"@id":"https:\/\/www.pakamera.pl\/magazyn\/#organization"},"keywords":["bombki","bo\u017ce narodzenie","ozdoby choinkowe","ozdoby na choink\u0119"],"articleSection":["Dom i Wn\u0119trze"],"inLanguage":"pl-PL"},{"@type":"WebPage","@id":"https:\/\/www.pakamera.pl\/magazyn\/modne-bombki-na-choinke-2023-zainspiruj-sie\/","url":"https:\/\/www.pakamera.pl\/magazyn\/modne-bombki-na-choinke-2023-zainspiruj-sie\/","name":"Modne bombki na choink\u0119 [year] \u2014 zainspiruj si\u0119! - Magazyn Pakamera.pl","isPartOf":{"@id":"https:\/\/www.pakamera.pl\/magazyn\/#website"},"datePublished":"2023-11-15T09:06:57+00:00","dateModified":"2025-11-12T10:15:49+00:00","description":"Chcesz wiedzie\u0107 jakie b\u0119d\u0105 modne bombki na choink\u0119 2023? Zobacz nasze propozycje kolor\u00f3w, kszta\u0142t\u00f3w i materia\u0142\u00f3w.","breadcrumb":{"@id":"https:\/\/www.pakamera.pl\/magazyn\/modne-bombki-na-choinke-2023-zainspiruj-sie\/#breadcrumb"},"inLanguage":"pl-PL","potentialAction":[{"@type":"ReadAction","target":["https:\/\/www.pakamera.pl\/magazyn\/modne-bombki-na-choinke-2023-zainspiruj-sie\/"]}]},{"@type":"BreadcrumbList","@id":"https:\/\/www.pakamera.pl\/magazyn\/modne-bombki-na-choinke-2023-zainspiruj-sie\/#breadcrumb","itemListElement":[{"@type":"ListItem","position":1,"name":"Magazyn","item":"https:\/\/www.pakamera.pl\/magazyn\/"},{"@type":"ListItem","position":2,"name":"Dom i Wn\u0119trze","item":"https:\/\/www.pakamera.pl\/magazyn\/category\/dom-i-wnetrza\/"},{"@type":"ListItem","position":3,"name":"Modne bombki na choink\u0119 2025 \u2014 zainspiruj si\u0119!"}]},{"@type":"WebSite","@id":"https:\/\/www.pakamera.pl\/magazyn\/#website","url":"https:\/\/www.pakamera.pl\/magazyn\/","name":"Magazyn Pakamera.pl","description":"Sprawd\u017a najgor\u0119tsze tematy sezonu!","publisher":{"@id":"https:\/\/www.pakamera.pl\/magazyn\/#organization"},"potentialAction":[{"@type":"SearchAction","target":{"@type":"EntryPoint","urlTemplate":"https:\/\/www.pakamera.pl\/magazyn\/?s={search_term_string}"},"query-input":"required name=search_term_string"}],"inLanguage":"pl-PL"},{"@type":"Organization","@id":"https:\/\/www.pakamera.pl\/magazyn\/#organization","name":"Pakamera.pl","url":"https:\/\/www.pakamera.pl\/magazyn\/","logo":{"@type":"ImageObject","inLanguage":"pl-PL","@id":"https:\/\/www.pakamera.pl\/magazyn\/#\/schema\/logo\/image\/","url":"https:\/\/imgmag.pakamera.net\/2023\/11\/153455466619.png","contentUrl":"https:\/\/imgmag.pakamera.net\/2023\/11\/153455466619.png","width":690,"height":140,"caption":"Pakamera.pl"},"image":{"@id":"https:\/\/www.pakamera.pl\/magazyn\/#\/schema\/logo\/image\/"},"sameAs":["https:\/\/facebook.com\/pakamerapl","https:\/\/www.instagram.com\/pakamera\/"]},{"@type":"Person","@id":"https:\/\/www.pakamera.pl\/magazyn\/#\/schema\/person\/3260837128eb02b1b1ed1972385dff23","name":"Kinga Paw\u0142owska","description":"Jestem pasjonatk\u0105 designu, mody i sztuki wyra\u017cania siebie poprzez ubi\u00f3r i dodatki. Moja misja polega na przekazywaniu wiedzy i inspiracji w dziedzinie bi\u017cuterii, mody, dekoracji wn\u0119trz oraz r\u00f3\u017cnego rodzaju dodatk\u00f3w, kt\u00f3re sprawi\u0105, \u017ce Twoje \u017cycie stanie si\u0119 jeszcze bardziej pi\u0119kne i wyj\u0105tkowe. W moich postach znajdziesz przewodniki po najnowszych trendach, zar\u00f3wno je\u015bli chodzi o kolory wn\u0119trz, jak i modne dodatki czy bi\u017cuteri\u0119. Pragn\u0119 pom\u00f3c Ci odkry\u0107, jakie style wn\u0119trza pasuj\u0105 do Twojej osobowo\u015bci, a tak\u017ce jak dopasowa\u0107 bi\u017cuteri\u0119 do r\u00f3\u017cnych rodzaj\u00f3w sukienek czy stylizacji. Jestem r\u00f3wnie\u017c zwolenniczk\u0105 wyj\u0105tkowych, r\u0119cznie robionych produkt\u00f3w. W moich postach znajdziesz wiele inspiracji zwi\u0105zanych z r\u0119kodzie\u0142em, takimi jak eleganckie apaszki jedwabne, ozdoby na g\u0142ow\u0119 czy bi\u017cuteria artystyczna od polskich marek. W moich postach po\u015bwi\u0119cam r\u00f3wnie\u017c uwag\u0119 polskim projektantom i markom. Dziel\u0119 si\u0119 informacjami na temat bi\u017cuterii, ubra\u0144 i dodatk\u00f3w od rodzimych marek, kt\u00f3re tworz\u0105 wyj\u0105tkowe produkty. Moj\u0105 misj\u0105 jest dostarczanie inspiracji i praktycznych wskaz\u00f3wek z zakresu mody, designu, wn\u0119trz i bi\u017cuterii. Pragn\u0119, aby moje wpisy pomaga\u0142y Ci w tworzeniu wyj\u0105tkowych stylizacji, wyborze idealnych prezent\u00f3w oraz w aran\u017cacji pi\u0119knych wn\u0119trz. Zawsze staram si\u0119 dostarcza\u0107 tre\u015bci oparte na solidnych \u017ar\u00f3d\u0142ach i wiedzy, aby\u015b m\u00f3g\u0142\/a korzysta\u0107 z nich z pe\u0142nym zaufaniem."}]}},"_links":{"self":[{"href":"https:\/\/www.pakamera.pl\/magazyn\/wp-json\/wp\/v2\/posts\/9307","targetHints":{"allow":["GET"]}}],"collection":[{"href":"https:\/\/www.pakamera.pl\/magazyn\/wp-json\/wp\/v2\/posts"}],"about":[{"href":"https:\/\/www.pakamera.pl\/magazyn\/wp-json\/wp\/v2\/types\/post"}],"author":[{"embeddable":true,"href":"https:\/\/www.pakamera.pl\/magazyn\/wp-json\/wp\/v2\/users\/15"}],"replies":[{"embeddable":true,"href":"https:\/\/www.pakamera.pl\/magazyn\/wp-json\/wp\/v2\/comments?post=9307"}],"version-history":[{"count":3,"href":"https:\/\/www.pakamera.pl\/magazyn\/wp-json\/wp\/v2\/posts\/9307\/revisions"}],"predecessor-version":[{"id":14111,"href":"https:\/\/www.pakamera.pl\/magazyn\/wp-json\/wp\/v2\/posts\/9307\/revisions\/14111"}],"wp:featuredmedia":[{"embeddable":true,"href":"https:\/\/www.pakamera.pl\/magazyn\/wp-json\/wp\/v2\/media\/9308"}],"wp:attachment":[{"href":"https:\/\/www.pakamera.pl\/magazyn\/wp-json\/wp\/v2\/media?parent=9307"}],"wp:term":[{"taxonomy":"category","embeddable":true,"href":"https:\/\/www.pakamera.pl\/magazyn\/wp-json\/wp\/v2\/categories?post=9307"},{"taxonomy":"post_tag","embeddable":true,"href":"https:\/\/www.pakamera.pl\/magazyn\/wp-json\/wp\/v2\/tags?post=9307"}],"curies":[{"name":"wp","href":"https:\/\/api.w.org\/{rel}","templated":true}]}}