{"id":9195,"date":"2023-10-25T14:01:47","date_gmt":"2023-10-25T12:01:47","guid":{"rendered":"https:\/\/www.pakamera.pl\/magazyn\/?p=9195"},"modified":"2023-10-25T14:01:47","modified_gmt":"2023-10-25T12:01:47","slug":"aranzacja-wnetrz-w-stylu-prowansalskim-odkryj-urok-francuskiej-elegancji","status":"publish","type":"post","link":"https:\/\/www.pakamera.pl\/magazyn\/aranzacja-wnetrz-w-stylu-prowansalskim-odkryj-urok-francuskiej-elegancji\/","title":{"rendered":"Aran\u017cacja wn\u0119trz w stylu prowansalskim \u2014 odkryj urok francuskiej elegancji."},"content":{"rendered":"<p><strong>Subtelne dodatki, romantyczne dekoracje, meble wykonane z drewna i naturalne tkaniny to jedynie przedsmak wn\u0119trz w stylu prowansalskim. Je\u017celi zale\u017cy Ci na zaaran\u017cowaniu niezwykle ciep\u0142ej i stylowej przestrzeni, kt\u00f3ra swoim charakterem przypomina\u0107 b\u0119dzie klimat francuskiej wsi, koniecznie rozwa\u017c wprowadzenie kilku element\u00f3w, dzi\u0119ki kt\u00f3rym stworzysz wn\u0119trze w stylu prowansalskim.<\/strong><!--more--><\/p>\n<figure id=\"attachment_9196\" aria-describedby=\"caption-attachment-9196\" style=\"width: 1600px\" class=\"wp-caption alignnone\"><img loading=\"lazy\" decoding=\"async\" class=\"wp-image-9196 size-full\" src=\"https:\/\/imgmag.pakamera.net\/2023\/10\/aranzacja-wnetrz-w-stylu-prowansalskim-odkryj-urok-francuskiej-elegancji-181356406143.jpg\" alt=\"Plakat do wn\u0119trza w stylu prowansalskim z ilustracj\u0105 lawendowego pola b\u0119d\u0105cego symbolem Prowansji. Plakat stoi na stole obok wazonu i \u015bwieczki.\" width=\"1600\" height=\"840\" srcset=\"https:\/\/imgmag.pakamera.net\/2023\/10\/aranzacja-wnetrz-w-stylu-prowansalskim-odkryj-urok-francuskiej-elegancji-181356406143.jpg 1600w, https:\/\/imgmag.pakamera.net\/2023\/10\/aranzacja-wnetrz-w-stylu-prowansalskim-odkryj-urok-francuskiej-elegancji-181356406143-1536x806.jpg 1536w\" sizes=\"auto, (max-width: 1600px) 100vw, 1600px\" \/><figcaption id=\"caption-attachment-9196\" class=\"wp-caption-text\">Prowansja &#8211; vintage plakat 50&#215;70 cm \/ miuimalmill<\/figcaption><\/figure>\n<h2>Czym si\u0119 charakteryzuje styl prowansalski?<\/h2>\n<p>Styl prowansalski wywodzi si\u0119 z po\u0142udniowo-wschodniej Francji. Tamtejsze tereny wyr\u00f3\u017cniaj\u0105 przede wszystkim krajobrazy, kt\u00f3re zapieraj\u0105 dech w piersiach, urocze domki wykonane z kamienia oraz lawendowe pola.<\/p>\n<p>Nie dziwi wi\u0119c fakt, \u017ce<strong> klimat, kt\u00f3rym emanuj\u0105 prowansalskie wn\u0119trza, jest niezwykle ciep\u0142y, przytulny i \u015bwie\u017cy.<\/strong> Poza trendem wn\u0119trzarskim po\u0142udniow\u0105 Prowansj\u0105 inspirowali si\u0119 r\u00f3wnie\u017c s\u0142ynni arty\u015bci, tacy jak Pablo Picasso oraz Vincent Van Gogh.<\/p>\n<p>Ju\u017c z samego za\u0142o\u017cenia, <strong>prowansalski wystr\u00f3j wn\u0119trz powinien wprowadza\u0107 domownik\u00f3w w harmonijny i niezwykle klimatyczny nastr\u00f3j. Efekt ten pozwalaj\u0105 osi\u0105gn\u0105\u0107 meble i dodatki, wykonane z naturalnych materia\u0142\u00f3w i tkanin.<\/strong><\/p>\n<p>Jak w skr\u00f3cie mo\u017cna opisa\u0107 aran\u017cacje domu w stylu prowansalskim? <strong>To klasyka po\u0142\u0105czona z ponadczasow\u0105 elegancj\u0105 i nut\u0105 sielskiej, beztroskiej atmosfery.<\/strong><\/p>\n<h2>Komu spodoba si\u0119 styl prowansalski?<\/h2>\n<p><strong>Wn\u0119trze domu w stylu prowansalskim najcz\u0119\u015bciej staje si\u0119 wyborem os\u00f3b, ceni\u0105cych bliski kontakt z natur\u0105<\/strong>, dla kt\u00f3rych romantyzm oraz pi\u0119kno odgrywaj\u0105 wa\u017cn\u0105 rol\u0119 w codziennym \u017cyciu. Je\u017celi przepadasz za prostymi dodatkami w klimacie rustykalnym, nawi\u0105zuj\u0105cymi do wiejskiego \u017cycia i natury, koniecznie rozwa\u017c wprowadzenie do swojego domu charakterystycznych element\u00f3w opisywanego trendu.<\/p>\n<p>Lubisz otacza\u0107 si\u0119 antykami i starymi rzeczami? Wystr\u00f3j w stylu prowansalskim oka\u017ce si\u0119 strza\u0142em w dziesi\u0105tk\u0119!<\/p>\n<p>Warto pami\u0119ta\u0107, \u017ce ka\u017cdy mo\u017ce odnale\u017a\u0107 dla siebie cech\u0119 nurtu, kt\u00f3ra odpowie na jego oczekiwania i codzienne potrzeby. Aby zdecydowa\u0107, czy wn\u0119trza inspirowane po\u0142udniowo-wschodni\u0105 Francj\u0105 s\u0105 dla Ciebie, polecamy dog\u0142\u0119bnie zapozna\u0107 si\u0119 z fundamentalnymi cechami nurtu.<\/p>\n<figure id=\"attachment_9201\" aria-describedby=\"caption-attachment-9201\" style=\"width: 1600px\" class=\"wp-caption alignnone\"><img loading=\"lazy\" decoding=\"async\" class=\"wp-image-9201 size-full\" src=\"https:\/\/imgmag.pakamera.net\/2023\/10\/aranzacja-wnetrz-w-stylu-prowansalskim-odkryj-urok-francuskiej-elegancji-182650643343.jpg\" alt=\"Rustykalna komoda na tle vintage \u015bciany, kt\u00f3ra jest cz\u0119sto widywana we wn\u0119trzach w stylu prowansalskim\" width=\"1600\" height=\"840\" \/><figcaption id=\"caption-attachment-9201\" class=\"wp-caption-text\">Komoda Ravishing Brown \/ ReLoved by Maja Komasa<\/figcaption><\/figure>\n<h2>Jak urz\u0105dzi\u0107 pok\u00f3j w stylu prowansalskim?<\/h2>\n<p>Jak urz\u0105dzi\u0107 pok\u00f3j w stylu prowansalskim? Pod uwag\u0119 nale\u017cy wzi\u0105\u0107 kilka kluczowych element\u00f3w, dzi\u0119ki kt\u00f3rym stworzenie francuskiego wn\u0119trza stanie si\u0119 przyjemnym i niezwykle satysfakcjonuj\u0105cym do\u015bwiadczeniem.<\/p>\n<ul>\n<li><strong>Paleta kolor\u00f3w<\/strong> \u2014 biel jest podstaw\u0105 w palecie barw, kr\u00f3luj\u0105cych we wn\u0119trzach prowansalskich. Poza ni\u0105 pod uwag\u0119 <strong>warto wzi\u0105\u0107 r\u00f3wnie\u017c be\u017ce i pokrewne kolory<\/strong>. Zwr\u00f3\u0107 r\u00f3wnie\u017c uwag\u0119 na <a href=\"https:\/\/www.pakamera.pl\/magazyn\/kolory-wnetrz-2023-przewodnik-po-najmodniejszych-trendach\/\" target=\"_blank\" rel=\"noopener\">kolory wn\u0119trz 2023<\/a> kiedy zastanawiasz si\u0119 nad doborem barw w swoim mieszkaniu.<\/li>\n<li><strong>Meble<\/strong> \u2014 odznaczaj\u0105 si\u0119 klasycznymi, nieskomplikowanymi konstrukcjami. Najcz\u0119\u015bciej wybieranymi meblami s\u0105 te w kolorze bieli i brudnego be\u017cu. Charakterystycznym elementem prowansalskiego wn\u0119trza s\u0105 ponadto <strong>tapicerowane kanapy i fotele oraz szafki i kredensy z ujmuj\u0105cymi zdobieniami<\/strong>, nawi\u0105zuj\u0105cymi do stylu rustykalnego.<\/li>\n<li><strong>Akcesoria i dodatki<\/strong> \u2014 <a href=\"https:\/\/www.pakamera.pl\/meble-wieszaki-0-1833.htm\" target=\"_blank\" rel=\"noopener\">wieszaki na \u015bcian\u0119<\/a>, wazony, naturalne tkaniny ze zdobieniami i haftami oraz kwiatowe desenie to wi\u0105\u017c\u0105ce dekoracje pomieszcze\u0144 zaaran\u017cowanych na styl po\u0142udniowo-wschodniej Francji.<\/li>\n<li><strong>Ro\u015bliny<\/strong> \u2014 klimat Prowansji bezkonkurencyjnie wprowadz\u0105 <strong>dodatki w postaci zielonych ro\u015blinek<\/strong>.<\/li>\n<li><strong>Pod\u0142oga<\/strong> \u2014 nierzadko wykonana z kamienia lub drewna.<\/li>\n<li><strong>Okna<\/strong> \u2014 ozdobione firanami i zas\u0142onami, wykonanymi z tkanin przyciemniaj\u0105cych b\u0105d\u017a roletami rzymskimi.<\/li>\n<\/ul>\n<p>Aran\u017cacja salonu w stylu prowansalskim to doskona\u0142y spos\u00f3b na stworzenie przytulnej, eleganckiej i prawdziwie domowej przestrzeni, pe\u0142nej ciep\u0142a i komfortu. Jako \u017ce przebywa si\u0119 w nim najwi\u0119cej czasu, warto w\u0142o\u017cy\u0107 nieco wi\u0119cej energii we w\u0142a\u015bciwe urz\u0105dzenie pomieszczenia dziennego.<\/p>\n<div class=\"pakawidget\" id=\"pakawidget834\"><\/div>\n<p><script async defer src=\"https:\/\/www.pakamera.pl\/widget\/widget2.min.js?id=834&#038;type=20231023183848&#038;wwidth=1000\"><\/script><\/p>\n<h2>Jakie dodatki do stylu prowansalskiego?<\/h2>\n<p>Aran\u017cuj\u0105c pok\u00f3j w stylu prowansalskim, szalenie wa\u017cn\u0105 kwesti\u0105 jest dobranie w\u0142a\u015bciwych dodatk\u00f3w i dekoracji, kt\u00f3re stan\u0105 si\u0119 przys\u0142owiow\u0105 \u201ckropk\u0105 nad i\u201d. Na jakie elementy warto zwr\u00f3ci\u0107 uwag\u0119 w pierwszej kolejno\u015bci?<\/p>\n<p>Stylowego designu <strong>wn\u0119trze domu w stylu prowansalskim zyskuje dzi\u0119ki zastosowaniu b\u0142\u0119kitnych i jasnofioletowych tekstyli\u00f3w,<\/strong> kt\u00f3re swoimi barwami przenios\u0105 nas na lawendowe pola.<\/p>\n<p><strong>Mog\u0105 by\u0107 nimi milutkie koce i modne pledy<\/strong>. Poduszki dekoracyjne z motywem \u0142\u0105ki, kwiat\u00f3w i rustykalnych wzor\u00f3w sprawdz\u0105 si\u0119 znakomicie, zw\u0142aszcza do salonu w stylu prowansalskim.<\/p>\n<p><a href=\"https:\/\/www.pakamera.pl\/wazony-0-3136.htm\" target=\"_blank\" rel=\"noopener\">Wazon na kwiaty<\/a> to kolejny element dekoracyjny, kt\u00f3ry nadaje wn\u0119trzom i\u015bcie prowansalskiego wystroju. Ro\u015blinno\u015b\u0107 sprawi, \u017ce domowe zacisze stanie si\u0119 jeszcze przytulniejsze i bardziej swojskie.<\/p>\n<figure id=\"attachment_9202\" aria-describedby=\"caption-attachment-9202\" style=\"width: 1600px\" class=\"wp-caption alignnone\"><img loading=\"lazy\" decoding=\"async\" class=\"wp-image-9202 size-full\" src=\"https:\/\/imgmag.pakamera.net\/2023\/10\/aranzacja-wnetrz-w-stylu-prowansalskim-odkryj-urok-francuskiej-elegancji-182737235078.jpg\" alt=\"Wazon ceramiczny be\u017cowy z kwiatkami lawendy w \u015brodku.\" width=\"1600\" height=\"840\" srcset=\"https:\/\/imgmag.pakamera.net\/2023\/10\/aranzacja-wnetrz-w-stylu-prowansalskim-odkryj-urok-francuskiej-elegancji-182737235078.jpg 1600w, https:\/\/imgmag.pakamera.net\/2023\/10\/aranzacja-wnetrz-w-stylu-prowansalskim-odkryj-urok-francuskiej-elegancji-182737235078-1536x806.jpg 1536w\" sizes=\"auto, (max-width: 1600px) 100vw, 1600px\" \/><figcaption id=\"caption-attachment-9202\" class=\"wp-caption-text\">Wazon ceramiczny be\u017cowy \/ Clay Kolektyw<\/figcaption><\/figure>\n<p>Nie zapominajmy r\u00f3wnie\u017c o wieszakach na \u015bcian\u0119. Na pakamera.pl znajdziesz sporo niepowtarzalnych, stylizowanych modeli. Zadbaj\u0105 one o to, by wn\u0119trze w stylu prowansalskim emanowa\u0142o domowym ciep\u0142em, naturalno\u015bci\u0105 i funkcjonalne.<\/p>\n<p>Informacje o tym, jak wybra\u0107 ciekawe wieszaki do mieszkania, znajdziesz r\u00f3wnie\u017c w naszym wcze\u015bniejszym artykule. <a href=\"https:\/\/www.pakamera.pl\/magazyn\/ciekawe-wieszaki-na-ubrania\/\" target=\"_blank\" rel=\"noopener\">Sprawd\u017a tutaj.<\/a><\/p>\n<h2>Obrazy, kt\u00f3re nadadz\u0105 wn\u0119trzom i\u015bcie prowansalskiego stylu. Jakie wybra\u0107?<\/h2>\n<p>Porz\u0105dna aran\u017cacja w stylu prowansalskim nie obejdzie si\u0119 bez obrazu, przedstawiaj\u0105cego <strong>malownicze krajobrazy Prowansji lub widoki ukazuj\u0105ce sielankowe kadry wsi.<\/strong><\/p>\n<p>Jako \u017ce ten trend wn\u0119trzarski uto\u017csamiany jest z przytulno\u015bci\u0105, romantyzmem, ciep\u0142em, delikatno\u015bci\u0105 i lekko\u015bci\u0105, pomieszczenie doskonale dope\u0142ni\u0105 malowid\u0142a z ro\u015blinnymi i kwiatowymi tematami. Najlepiej, aby zachowane by\u0142y w jasnych tonacjach.<\/p>\n<p>&nbsp;<\/p>\n","protected":false},"excerpt":{"rendered":"<p>Subtelne dodatki, romantyczne dekoracje, meble wykonane z drewna i naturalne tkaniny to jedynie przedsmak wn\u0119trz w stylu prowansalskim. Je\u017celi zale\u017cy Ci na zaaran\u017cowaniu niezwykle ciep\u0142ej i stylowej przestrzeni, kt\u00f3ra swoim<span class=\"more-dots\">&#8230;<\/span><\/p>\n","protected":false},"author":17,"featured_media":9201,"comment_status":"closed","ping_status":"closed","sticky":false,"template":"","format":"standard","meta":{"footnotes":""},"categories":[12],"tags":[792,2424,793,2423,2426,2427,2425,2399],"class_list":["post-9195","post","type-post","status-publish","format-standard","has-post-thumbnail","hentry","category-dom-i-wnetrza","tag-aranzacja-wnetrz","tag-francja","tag-pomysl-na-wnetrze","tag-prowansja","tag-romantyczne","tag-rustykalne-meble","tag-styl-prowansalski","tag-styl-rustykalny"],"yoast_head":"<!-- This site is optimized with the Yoast SEO plugin v21.6 - https:\/\/yoast.com\/wordpress\/plugins\/seo\/ -->\n<title>Wn\u0119trze w stylu prowansalskim, urok francuskiej elegancji - Magazyn Pakamera.pl<\/title>\n<meta name=\"description\" content=\"Lubisz rustykalny styl po\u0142udniowej Francji? Zobacz jak urz\u0105dzi\u0107 wn\u0119trze w stylu prowansalskim. Mamy kilka sprawdzonych wskaz\u00f3wek,\" \/>\n<meta name=\"robots\" content=\"index, follow\" \/>\n<link rel=\"canonical\" href=\"https:\/\/www.pakamera.pl\/magazyn\/aranzacja-wnetrz-w-stylu-prowansalskim-odkryj-urok-francuskiej-elegancji\/\" \/>\n<meta property=\"og:locale\" content=\"pl_PL\" \/>\n<meta property=\"og:type\" content=\"article\" \/>\n<meta property=\"og:title\" content=\"Wn\u0119trze w stylu prowansalskim, urok francuskiej elegancji - Magazyn Pakamera.pl\" \/>\n<meta property=\"og:description\" content=\"Lubisz rustykalny styl po\u0142udniowej Francji? Zobacz jak urz\u0105dzi\u0107 wn\u0119trze w stylu prowansalskim. Mamy kilka sprawdzonych wskaz\u00f3wek,\" \/>\n<meta property=\"og:url\" content=\"https:\/\/www.pakamera.pl\/magazyn\/aranzacja-wnetrz-w-stylu-prowansalskim-odkryj-urok-francuskiej-elegancji\/\" \/>\n<meta property=\"og:site_name\" content=\"Magazyn Pakamera.pl\" \/>\n<meta property=\"article:publisher\" content=\"https:\/\/facebook.com\/pakamerapl\" \/>\n<meta property=\"article:published_time\" content=\"2023-10-25T12:01:47+00:00\" \/>\n<meta property=\"og:image\" content=\"https:\/\/imgmag.pakamera.net\/2023\/10\/aranzacja-wnetrz-w-stylu-prowansalskim-odkryj-urok-francuskiej-elegancji-182650643343.jpg\" \/>\n\t<meta property=\"og:image:width\" content=\"1600\" \/>\n\t<meta property=\"og:image:height\" content=\"840\" \/>\n\t<meta property=\"og:image:type\" content=\"image\/jpeg\" \/>\n<meta name=\"author\" content=\"Agnieszka Pilska\" \/>\n<meta name=\"twitter:card\" content=\"summary_large_image\" \/>\n<meta name=\"twitter:label1\" content=\"Napisane przez\" \/>\n\t<meta name=\"twitter:data1\" content=\"Agnieszka Pilska\" \/>\n\t<meta name=\"twitter:label2\" content=\"Szacowany czas czytania\" \/>\n\t<meta name=\"twitter:data2\" content=\"5 minut\" \/>\n<script type=\"application\/ld+json\" class=\"yoast-schema-graph\">{\"@context\":\"https:\/\/schema.org\",\"@graph\":[{\"@type\":\"Article\",\"@id\":\"https:\/\/www.pakamera.pl\/magazyn\/aranzacja-wnetrz-w-stylu-prowansalskim-odkryj-urok-francuskiej-elegancji\/#article\",\"isPartOf\":{\"@id\":\"https:\/\/www.pakamera.pl\/magazyn\/aranzacja-wnetrz-w-stylu-prowansalskim-odkryj-urok-francuskiej-elegancji\/\"},\"author\":{\"name\":\"Agnieszka Pilska\",\"@id\":\"https:\/\/www.pakamera.pl\/magazyn\/#\/schema\/person\/572f3f4a9ab09d0378471fe80a2db902\"},\"headline\":\"Aran\u017cacja wn\u0119trz w stylu prowansalskim \u2014 odkryj urok francuskiej elegancji.\",\"datePublished\":\"2023-10-25T12:01:47+00:00\",\"dateModified\":\"2023-10-25T12:01:47+00:00\",\"mainEntityOfPage\":{\"@id\":\"https:\/\/www.pakamera.pl\/magazyn\/aranzacja-wnetrz-w-stylu-prowansalskim-odkryj-urok-francuskiej-elegancji\/\"},\"wordCount\":887,\"publisher\":{\"@id\":\"https:\/\/www.pakamera.pl\/magazyn\/#organization\"},\"keywords\":[\"aran\u017cacja wn\u0119trz\",\"Francja\",\"pomys\u0142 na wn\u0119trze\",\"Prowansja\",\"romantyczne\",\"rustykalne meble\",\"styl prowansalski\",\"styl rustykalny\"],\"articleSection\":[\"Dom i Wn\u0119trze\"],\"inLanguage\":\"pl-PL\"},{\"@type\":\"WebPage\",\"@id\":\"https:\/\/www.pakamera.pl\/magazyn\/aranzacja-wnetrz-w-stylu-prowansalskim-odkryj-urok-francuskiej-elegancji\/\",\"url\":\"https:\/\/www.pakamera.pl\/magazyn\/aranzacja-wnetrz-w-stylu-prowansalskim-odkryj-urok-francuskiej-elegancji\/\",\"name\":\"Wn\u0119trze w stylu prowansalskim, urok francuskiej elegancji - Magazyn Pakamera.pl\",\"isPartOf\":{\"@id\":\"https:\/\/www.pakamera.pl\/magazyn\/#website\"},\"datePublished\":\"2023-10-25T12:01:47+00:00\",\"dateModified\":\"2023-10-25T12:01:47+00:00\",\"description\":\"Lubisz rustykalny styl po\u0142udniowej Francji? Zobacz jak urz\u0105dzi\u0107 wn\u0119trze w stylu prowansalskim. Mamy kilka sprawdzonych wskaz\u00f3wek,\",\"breadcrumb\":{\"@id\":\"https:\/\/www.pakamera.pl\/magazyn\/aranzacja-wnetrz-w-stylu-prowansalskim-odkryj-urok-francuskiej-elegancji\/#breadcrumb\"},\"inLanguage\":\"pl-PL\",\"potentialAction\":[{\"@type\":\"ReadAction\",\"target\":[\"https:\/\/www.pakamera.pl\/magazyn\/aranzacja-wnetrz-w-stylu-prowansalskim-odkryj-urok-francuskiej-elegancji\/\"]}]},{\"@type\":\"BreadcrumbList\",\"@id\":\"https:\/\/www.pakamera.pl\/magazyn\/aranzacja-wnetrz-w-stylu-prowansalskim-odkryj-urok-francuskiej-elegancji\/#breadcrumb\",\"itemListElement\":[{\"@type\":\"ListItem\",\"position\":1,\"name\":\"Magazyn\",\"item\":\"https:\/\/www.pakamera.pl\/magazyn\/\"},{\"@type\":\"ListItem\",\"position\":2,\"name\":\"Dom i Wn\u0119trze\",\"item\":\"https:\/\/www.pakamera.pl\/magazyn\/category\/dom-i-wnetrza\/\"},{\"@type\":\"ListItem\",\"position\":3,\"name\":\"Aran\u017cacja wn\u0119trz w stylu prowansalskim \u2014 odkryj urok francuskiej elegancji.\"}]},{\"@type\":\"WebSite\",\"@id\":\"https:\/\/www.pakamera.pl\/magazyn\/#website\",\"url\":\"https:\/\/www.pakamera.pl\/magazyn\/\",\"name\":\"Magazyn Pakamera.pl\",\"description\":\"Sprawd\u017a najgor\u0119tsze tematy sezonu!\",\"publisher\":{\"@id\":\"https:\/\/www.pakamera.pl\/magazyn\/#organization\"},\"potentialAction\":[{\"@type\":\"SearchAction\",\"target\":{\"@type\":\"EntryPoint\",\"urlTemplate\":\"https:\/\/www.pakamera.pl\/magazyn\/?s={search_term_string}\"},\"query-input\":\"required name=search_term_string\"}],\"inLanguage\":\"pl-PL\"},{\"@type\":\"Organization\",\"@id\":\"https:\/\/www.pakamera.pl\/magazyn\/#organization\",\"name\":\"Pakamera.pl\",\"url\":\"https:\/\/www.pakamera.pl\/magazyn\/\",\"logo\":{\"@type\":\"ImageObject\",\"inLanguage\":\"pl-PL\",\"@id\":\"https:\/\/www.pakamera.pl\/magazyn\/#\/schema\/logo\/image\/\",\"url\":\"https:\/\/imgmag.pakamera.net\/2023\/11\/153455466619.png\",\"contentUrl\":\"https:\/\/imgmag.pakamera.net\/2023\/11\/153455466619.png\",\"width\":690,\"height\":140,\"caption\":\"Pakamera.pl\"},\"image\":{\"@id\":\"https:\/\/www.pakamera.pl\/magazyn\/#\/schema\/logo\/image\/\"},\"sameAs\":[\"https:\/\/facebook.com\/pakamerapl\",\"https:\/\/www.instagram.com\/pakamera\/\"]},{\"@type\":\"Person\",\"@id\":\"https:\/\/www.pakamera.pl\/magazyn\/#\/schema\/person\/572f3f4a9ab09d0378471fe80a2db902\",\"name\":\"Agnieszka Pilska\",\"description\":\"Agnieszka kocha dobry design i wszystko co si\u0119 z nim \u0142\u0105czy. Ma do\u015bwiadczenie w projektowaniu wn\u0119trz dzi\u0119ki czemu ma niesamowity zmys\u0142 estetyczny. Potrafi prostymi dodatkami stworzy\u0107 przestrze\u0144, kt\u00f3ra zachwyci wszystkich.\"}]}<\/script>\n<!-- \/ Yoast SEO plugin. -->","yoast_head_json":{"title":"Wn\u0119trze w stylu prowansalskim, urok francuskiej elegancji - Magazyn Pakamera.pl","description":"Lubisz rustykalny styl po\u0142udniowej Francji? Zobacz jak urz\u0105dzi\u0107 wn\u0119trze w stylu prowansalskim. Mamy kilka sprawdzonych wskaz\u00f3wek,","robots":{"index":"index","follow":"follow"},"canonical":"https:\/\/www.pakamera.pl\/magazyn\/aranzacja-wnetrz-w-stylu-prowansalskim-odkryj-urok-francuskiej-elegancji\/","og_locale":"pl_PL","og_type":"article","og_title":"Wn\u0119trze w stylu prowansalskim, urok francuskiej elegancji - Magazyn Pakamera.pl","og_description":"Lubisz rustykalny styl po\u0142udniowej Francji? Zobacz jak urz\u0105dzi\u0107 wn\u0119trze w stylu prowansalskim. Mamy kilka sprawdzonych wskaz\u00f3wek,","og_url":"https:\/\/www.pakamera.pl\/magazyn\/aranzacja-wnetrz-w-stylu-prowansalskim-odkryj-urok-francuskiej-elegancji\/","og_site_name":"Magazyn Pakamera.pl","article_publisher":"https:\/\/facebook.com\/pakamerapl","article_published_time":"2023-10-25T12:01:47+00:00","og_image":[{"width":1600,"height":840,"url":"https:\/\/imgmag.pakamera.net\/2023\/10\/aranzacja-wnetrz-w-stylu-prowansalskim-odkryj-urok-francuskiej-elegancji-182650643343.jpg","type":"image\/jpeg"}],"author":"Agnieszka Pilska","twitter_card":"summary_large_image","twitter_misc":{"Napisane przez":"Agnieszka Pilska","Szacowany czas czytania":"5 minut"},"schema":{"@context":"https:\/\/schema.org","@graph":[{"@type":"Article","@id":"https:\/\/www.pakamera.pl\/magazyn\/aranzacja-wnetrz-w-stylu-prowansalskim-odkryj-urok-francuskiej-elegancji\/#article","isPartOf":{"@id":"https:\/\/www.pakamera.pl\/magazyn\/aranzacja-wnetrz-w-stylu-prowansalskim-odkryj-urok-francuskiej-elegancji\/"},"author":{"name":"Agnieszka Pilska","@id":"https:\/\/www.pakamera.pl\/magazyn\/#\/schema\/person\/572f3f4a9ab09d0378471fe80a2db902"},"headline":"Aran\u017cacja wn\u0119trz w stylu prowansalskim \u2014 odkryj urok francuskiej elegancji.","datePublished":"2023-10-25T12:01:47+00:00","dateModified":"2023-10-25T12:01:47+00:00","mainEntityOfPage":{"@id":"https:\/\/www.pakamera.pl\/magazyn\/aranzacja-wnetrz-w-stylu-prowansalskim-odkryj-urok-francuskiej-elegancji\/"},"wordCount":887,"publisher":{"@id":"https:\/\/www.pakamera.pl\/magazyn\/#organization"},"keywords":["aran\u017cacja wn\u0119trz","Francja","pomys\u0142 na wn\u0119trze","Prowansja","romantyczne","rustykalne meble","styl prowansalski","styl rustykalny"],"articleSection":["Dom i Wn\u0119trze"],"inLanguage":"pl-PL"},{"@type":"WebPage","@id":"https:\/\/www.pakamera.pl\/magazyn\/aranzacja-wnetrz-w-stylu-prowansalskim-odkryj-urok-francuskiej-elegancji\/","url":"https:\/\/www.pakamera.pl\/magazyn\/aranzacja-wnetrz-w-stylu-prowansalskim-odkryj-urok-francuskiej-elegancji\/","name":"Wn\u0119trze w stylu prowansalskim, urok francuskiej elegancji - Magazyn Pakamera.pl","isPartOf":{"@id":"https:\/\/www.pakamera.pl\/magazyn\/#website"},"datePublished":"2023-10-25T12:01:47+00:00","dateModified":"2023-10-25T12:01:47+00:00","description":"Lubisz rustykalny styl po\u0142udniowej Francji? Zobacz jak urz\u0105dzi\u0107 wn\u0119trze w stylu prowansalskim. Mamy kilka sprawdzonych wskaz\u00f3wek,","breadcrumb":{"@id":"https:\/\/www.pakamera.pl\/magazyn\/aranzacja-wnetrz-w-stylu-prowansalskim-odkryj-urok-francuskiej-elegancji\/#breadcrumb"},"inLanguage":"pl-PL","potentialAction":[{"@type":"ReadAction","target":["https:\/\/www.pakamera.pl\/magazyn\/aranzacja-wnetrz-w-stylu-prowansalskim-odkryj-urok-francuskiej-elegancji\/"]}]},{"@type":"BreadcrumbList","@id":"https:\/\/www.pakamera.pl\/magazyn\/aranzacja-wnetrz-w-stylu-prowansalskim-odkryj-urok-francuskiej-elegancji\/#breadcrumb","itemListElement":[{"@type":"ListItem","position":1,"name":"Magazyn","item":"https:\/\/www.pakamera.pl\/magazyn\/"},{"@type":"ListItem","position":2,"name":"Dom i Wn\u0119trze","item":"https:\/\/www.pakamera.pl\/magazyn\/category\/dom-i-wnetrza\/"},{"@type":"ListItem","position":3,"name":"Aran\u017cacja wn\u0119trz w stylu prowansalskim \u2014 odkryj urok francuskiej elegancji."}]},{"@type":"WebSite","@id":"https:\/\/www.pakamera.pl\/magazyn\/#website","url":"https:\/\/www.pakamera.pl\/magazyn\/","name":"Magazyn Pakamera.pl","description":"Sprawd\u017a najgor\u0119tsze tematy sezonu!","publisher":{"@id":"https:\/\/www.pakamera.pl\/magazyn\/#organization"},"potentialAction":[{"@type":"SearchAction","target":{"@type":"EntryPoint","urlTemplate":"https:\/\/www.pakamera.pl\/magazyn\/?s={search_term_string}"},"query-input":"required name=search_term_string"}],"inLanguage":"pl-PL"},{"@type":"Organization","@id":"https:\/\/www.pakamera.pl\/magazyn\/#organization","name":"Pakamera.pl","url":"https:\/\/www.pakamera.pl\/magazyn\/","logo":{"@type":"ImageObject","inLanguage":"pl-PL","@id":"https:\/\/www.pakamera.pl\/magazyn\/#\/schema\/logo\/image\/","url":"https:\/\/imgmag.pakamera.net\/2023\/11\/153455466619.png","contentUrl":"https:\/\/imgmag.pakamera.net\/2023\/11\/153455466619.png","width":690,"height":140,"caption":"Pakamera.pl"},"image":{"@id":"https:\/\/www.pakamera.pl\/magazyn\/#\/schema\/logo\/image\/"},"sameAs":["https:\/\/facebook.com\/pakamerapl","https:\/\/www.instagram.com\/pakamera\/"]},{"@type":"Person","@id":"https:\/\/www.pakamera.pl\/magazyn\/#\/schema\/person\/572f3f4a9ab09d0378471fe80a2db902","name":"Agnieszka Pilska","description":"Agnieszka kocha dobry design i wszystko co si\u0119 z nim \u0142\u0105czy. Ma do\u015bwiadczenie w projektowaniu wn\u0119trz dzi\u0119ki czemu ma niesamowity zmys\u0142 estetyczny. Potrafi prostymi dodatkami stworzy\u0107 przestrze\u0144, kt\u00f3ra zachwyci wszystkich."}]}},"_links":{"self":[{"href":"https:\/\/www.pakamera.pl\/magazyn\/wp-json\/wp\/v2\/posts\/9195","targetHints":{"allow":["GET"]}}],"collection":[{"href":"https:\/\/www.pakamera.pl\/magazyn\/wp-json\/wp\/v2\/posts"}],"about":[{"href":"https:\/\/www.pakamera.pl\/magazyn\/wp-json\/wp\/v2\/types\/post"}],"author":[{"embeddable":true,"href":"https:\/\/www.pakamera.pl\/magazyn\/wp-json\/wp\/v2\/users\/17"}],"replies":[{"embeddable":true,"href":"https:\/\/www.pakamera.pl\/magazyn\/wp-json\/wp\/v2\/comments?post=9195"}],"version-history":[{"count":0,"href":"https:\/\/www.pakamera.pl\/magazyn\/wp-json\/wp\/v2\/posts\/9195\/revisions"}],"wp:featuredmedia":[{"embeddable":true,"href":"https:\/\/www.pakamera.pl\/magazyn\/wp-json\/wp\/v2\/media\/9201"}],"wp:attachment":[{"href":"https:\/\/www.pakamera.pl\/magazyn\/wp-json\/wp\/v2\/media?parent=9195"}],"wp:term":[{"taxonomy":"category","embeddable":true,"href":"https:\/\/www.pakamera.pl\/magazyn\/wp-json\/wp\/v2\/categories?post=9195"},{"taxonomy":"post_tag","embeddable":true,"href":"https:\/\/www.pakamera.pl\/magazyn\/wp-json\/wp\/v2\/tags?post=9195"}],"curies":[{"name":"wp","href":"https:\/\/api.w.org\/{rel}","templated":true}]}}