{"id":9039,"date":"2023-10-17T09:26:38","date_gmt":"2023-10-17T07:26:38","guid":{"rendered":"https:\/\/www.pakamera.pl\/magazyn\/?p=9039"},"modified":"2025-04-03T15:24:08","modified_gmt":"2025-04-03T13:24:08","slug":"najnowsze-trendy-we-wnetrzach-2023-odkryj-nowe-inspiracje-dla-swojego-domu","status":"publish","type":"post","link":"https:\/\/www.pakamera.pl\/magazyn\/najnowsze-trendy-we-wnetrzach-2023-odkryj-nowe-inspiracje-dla-swojego-domu\/","title":{"rendered":"Najnowsze trendy we wn\u0119trzach 2026: Odkryj nowe inspiracje dla swojego domu!"},"content":{"rendered":"<p><strong>Trendy wn\u0119trzarskie zmieniaj\u0105 si\u0119 wraz z ka\u017cdym rokiem. Aby pozosta\u0107 na bie\u017c\u0105co i cieszy\u0107 si\u0119 nie tylko modn\u0105, ale i u\u017cyteczn\u0105 przestrzeni\u0105, warto \u015bledzi\u0107 je na bie\u017c\u0105co. Najnowsze trendy we wn\u0119trzach 2026 bardzo mocno nawi\u0105zuj\u0105 do \u015brodowiska, natury i kontaktu z drugim cz\u0142owiekiem. Poza \u015bwie\u017co\u015bci\u0105 i stosowaniem ekologicznych rozwi\u0105za\u0144 do\u015b\u0107 wyra\u017any nacisk k\u0142adziony jest r\u00f3wnie\u017c na multifunkcjonalno\u015b\u0107 oraz wygod\u0119. To jednak nie wszystko, co przyci\u0105ga uwag\u0119 w aran\u017cacjach wn\u0119trz w 2026 roku.<\/strong><\/p>\n<p><!--more--><\/p>\n<figure id=\"attachment_9041\" aria-describedby=\"caption-attachment-9041\" style=\"width: 1600px\" class=\"wp-caption alignnone\"><img loading=\"lazy\" decoding=\"async\" class=\"wp-image-9041 size-full\" src=\"https:\/\/imgmag.pakamera.net\/2023\/10\/najnowsze-trendy-we-wnetrzach-2023-odkryj-nowe-inspiracje-dla-swojego-domu-164159722739.jpg\" alt=\"komoda przesuwne szafki jako trendy we wn\u0119trzach 2023\" width=\"1600\" height=\"840\" srcset=\"https:\/\/imgmag.pakamera.net\/2023\/10\/najnowsze-trendy-we-wnetrzach-2023-odkryj-nowe-inspiracje-dla-swojego-domu-164159722739.jpg 1600w, https:\/\/imgmag.pakamera.net\/2023\/10\/najnowsze-trendy-we-wnetrzach-2023-odkryj-nowe-inspiracje-dla-swojego-domu-164159722739-1536x806.jpg 1536w\" sizes=\"auto, (max-width: 1600px) 100vw, 1600px\" \/><figcaption id=\"caption-attachment-9041\" class=\"wp-caption-text\">OTOTO.15 Niska komoda z trzema przesuwnymi frontami. \/ OTOTO Meble<\/figcaption><\/figure>\n<p>Aran\u017cowanie w\u0142asnego miejsca na ziemi wymaga sporo zaanga\u017cowania i energii. Ka\u017cdemu z nas zale\u017cy bowiem na tym, by przestrze\u0144, w kt\u00f3rej sp\u0119dzamy wi\u0119kszo\u015b\u0107 czasu, kojarzy\u0142a si\u0119 z przytulno\u015bci\u0105, komfortem i pozytywnie nastraja\u0142a. <strong>Trendy we wn\u0119trzach 2026 promuj\u0105 szczeg\u00f3lnie kilka podej\u015b\u0107, kt\u00f3re s\u0105 nie tylko estetyczne, ale i funkcjonalne<\/strong>.<\/p>\n<p>S\u0142owem wprowadzenia, <strong>odwaga w dobieraniu kolor\u00f3w, powr\u00f3t do lat 70., drewniane akcenty, nawi\u0105zania do natury oraz zdobnictwo \u015bcian, obecnie s\u0105 jak najbardziej w cenie<\/strong>. O czym jeszcze warto wiedzie\u0107, planuj\u0105c renowacj\u0119 b\u0105d\u017a aran\u017cowanie swojego gniazdka od podstaw?<\/p>\n<h2>Najnowsze trendy we wn\u0119trzach 2026 \u2014 biofilia, czyli umi\u0142owanie natury<\/h2>\n<p>Nawi\u0105zanie do natury, \u017cycia i ekologii aktualnie jest bardzo na czasie. Mowa nie tylko o hodowaniu i piel\u0119gnowaniu ro\u015blin. One w dalszym ci\u0105gu s\u0105 bardzo mile widziane, poniewa\u017c <strong>sprawiaj\u0105, \u017ce przestrze\u0144 staje si\u0119 optycznie wi\u0119ksza, przytulniejsza i wp\u0142ywa pozytywnie na estetyk\u0119 mieszkania<\/strong>. Kwiaty mo\u017cna stawia\u0107 nie tylko na parapetach lub stole w jadalni, ale r\u00f3wnie\u017c samodzielnie na posadzce lub w\u0142o\u017cy\u0107 je w <a href=\"https:\/\/www.pakamera.pl\/doniczki-i-wazony-0-1912.htm\" target=\"_blank\" rel=\"noopener\">ozdobne doniczki<\/a>.<\/p>\n<div id=\"pakawidget813\" class=\"pakawidget\"><\/div>\n<p><script async defer src=\"https:\/\/www.pakamera.pl\/widget\/widget2.min.js?id=813&#038;type=20231016162050&#038;wwidth=1000\"><\/script><\/p>\n<p><strong>Modne wn\u0119trza 2026 wype\u0142nione s\u0105 meblami wykonanymi z naturalnych materia\u0142\u00f3w<\/strong>. Du\u017cym zainteresowaniem ciesz\u0105 si\u0119 drewniane szafy, komody oraz stoliki, zaaran\u017cowane na \u201cpodstarza\u0142e\u201d i nieco zas\u0142u\u017cone. <strong>Co ciekawe, trendem we wn\u0119trzach 2026 jest ukazanie natury w jej ca\u0142ej okaza\u0142o\u015bci, r\u00f3wnie\u017c tej wyeksploatowanej przez \u017cywio\u0142y i zmiany klimatyczne<\/strong>.<\/p>\n<p>Projektanci ch\u0119tnie czerpi\u0105 natchnienie z krajobraz\u00f3w pustynnych, zniszczonych drzew czy niepowtarzalnych kolor\u00f3w kamieni i minera\u0142\u00f3w. <strong>Przoduj\u0105cym kierunkiem jest r\u00f3wnie\u017c ozdabianie wn\u0119trz za pomoc\u0105 sprz\u0119t\u00f3w wykonanych z recyklingu, szk\u0142a, ale i wikliny, lnu, we\u0142ny czy drewna<\/strong>.<\/p>\n<p>Je\u017celi jeste\u015b szcz\u0119\u015bliwym posiadaczem czworonoga, koniecznie uwzgl\u0119dnij dla niego osobne miejsce, kt\u00f3re b\u0119dzie wsp\u00f3\u0142gra\u0142o ze stylistyk\u0105 tworzonego przez Ciebie lokum. Pos\u0142anie, legowisko czy gustowny domek \u2014 mo\u017cliwo\u015bci jest naprawd\u0119 sporo. Nawet k\u0105t dla pupila mo\u017ce okaza\u0107 si\u0119 rewelacyjnym elementem wystroju modnego wn\u0119trza 2026.<\/p>\n<h2>Powr\u00f3t do lat 70., czyli wielki trend wn\u0119trzarski 2026<\/h2>\n<figure id=\"attachment_9040\" aria-describedby=\"caption-attachment-9040\" style=\"width: 1600px\" class=\"wp-caption alignnone\"><img loading=\"lazy\" decoding=\"async\" class=\"wp-image-9040 size-full\" src=\"https:\/\/imgmag.pakamera.net\/2023\/10\/najnowsze-trendy-we-wnetrzach-2023-odkryj-nowe-inspiracje-dla-swojego-domu-163846534202.jpg\" alt=\"stolik kawowy lata 60'\" width=\"1600\" height=\"840\" srcset=\"https:\/\/imgmag.pakamera.net\/2023\/10\/najnowsze-trendy-we-wnetrzach-2023-odkryj-nowe-inspiracje-dla-swojego-domu-163846534202.jpg 1600w, https:\/\/imgmag.pakamera.net\/2023\/10\/najnowsze-trendy-we-wnetrzach-2023-odkryj-nowe-inspiracje-dla-swojego-domu-163846534202-1536x806.jpg 1536w\" sizes=\"auto, (max-width: 1600px) 100vw, 1600px\" \/><figcaption id=\"caption-attachment-9040\" class=\"wp-caption-text\">Stolik Elen \/ Pastform Furniture<\/figcaption><\/figure>\n<p>Styl lat 70. jest trendem, kt\u00f3ry utrzymuje si\u0119 ju\u017c od ubieg\u0142ego roku. Nieodzownym znakiem rozpoznawczym modnego wn\u0119trza 2026 s\u0105 zatem sk\u00f3rzane obicia foteli oraz sof, wielobarwne obrazy, etniczne akcenty, m\u00f3wi\u0105c kr\u00f3tko \u2014 feeria barw oraz <a href=\"https:\/\/www.pakamera.pl\/meble-vintage-0-t38941.htm\" target=\"_blank\" rel=\"noopener\">meble vintage<\/a>.<\/p>\n<p><strong>Du\u017cym powodzeniem cieszy si\u0119 szczeg\u00f3lnie po\u0142\u0105czenie br\u0105zu i r\u00f3\u017cu, czyli popularne zestawienie rodem z lat 70<\/strong>. Ciekawym trendem we wn\u0119trzach 2026 s\u0105 ponadto gobeliny wieszane na \u015bcianach oraz dwustronne tkaniny dekoracyjne, czyli kilimy, ilustruj\u0105ce najcz\u0119\u015bciej r\u00f3\u017cnobarwne wzory i formy.<\/p>\n<h2>Trendy kolorystyczne we wn\u0119trzach 2026 \u2014 modne po\u0142\u0105czenie kolor\u00f3w<\/h2>\n<p>Na jakie kolory \u015bcian warto zdecydowa\u0107 si\u0119 w 2026 roku? <strong>Wci\u0105\u017c modne pozostaj\u0105 neutralne odcienie, takie jak be\u017c, szaro\u015b\u0107, subtelna brzoskwinia, jasny br\u0105z oraz nie\u015bmiertelna biel<\/strong>. Wi\u0119cej o kolorach piszemy w naszym wcze\u015bniejszym artykule pt.<br \/>\n<a href=\"https:\/\/www.pakamera.pl\/magazyn\/kolory-wnetrz-2023-przewodnik-po-najmodniejszych-trendach\/\" target=\"_blank\" rel=\"noopener\">Kolory wn\u0119trz 2026: Przewodnik po najmodniejszych trendach<\/a>.<\/p>\n<p><strong>Chc\u0105c pod\u0105\u017ca\u0107 za najnowszymi trendami wn\u0119trzarskimi, warto po\u0142\u0105czy\u0107 je z wyrazistym akcentem kolorystycznym<\/strong>. Doskonale sprawdz\u0105 si\u0119 m.in. ciemny turkus, lawenda, ziele\u0144, soczysta pomara\u0144cza oraz bordo. <strong>Pami\u0119taj o tym, \u017ce mocna barwa powinna stanowi\u0107 jednak niewielk\u0105 cz\u0119\u015b\u0107 powierzchni, pe\u0142ni\u0105c funkcj\u0119 tzw. wisienki na torcie<\/strong>. Rekomendowanym t\u0142em mebli i dodatk\u00f3w zaaran\u017cowanej przestrzeni s\u0105 wspomniane na pocz\u0105tku ciep\u0142e odcienie o przytulnym, wyciszaj\u0105cym charakterze.<\/p>\n<h2>Trendy we wn\u0119trzach 2026 \u2014 najmodniejsze dodatki i ozdoby<\/h2>\n<p>Najnowszym trendem we wn\u0119trzach 2026 jest zdobnictwo \u015bcian. <strong>Coraz cz\u0119\u015bciej pojawiaj\u0105 si\u0119 na nich drewniane lamele i fakturowe wzory \u017c\u0142obione w farbie strukturalnej<\/strong>. Do \u0142ask wracaj\u0105 tak\u017ce boazerie, szczeg\u00f3lnie w jasnych kolorach. Doskonale wygl\u0105daj\u0105 u\u0142o\u017cone na ma\u0142ym odcinku \u015bciany, kt\u00f3ry ma skupi\u0107 uwag\u0119 osoby wchodz\u0105cej do pokoju.<\/p>\n<div id=\"pakawidget814\" class=\"pakawidget\"><\/div>\n<p><script async defer src=\"https:\/\/www.pakamera.pl\/widget\/widget2.min.js?id=814&#038;type=20231016163628&#038;wwidth=1000\"><\/script><\/p>\n<p><strong>Umacnia si\u0119 ponadto pozycja marmuru, kt\u00f3ry ch\u0119tnie wybierany jest nie tylko w charakterze kuchennego blatu<\/strong>. Trendem we wn\u0119trzach 2026 jest wykorzystywanie marmuru w charakterze materia\u0142u lokowanego na pod\u0142ogach, \u015bcianach, ale pojawia si\u0119 on r\u00f3wnie\u017c w detalach, takich jak ozdobne naczynia. <strong>\u0141azienka z marmurowym wyko\u0144czeniem b\u0119dzie zatem strza\u0142em w dziesi\u0105tk\u0119<\/strong>.<\/p>\n<p><strong>Poza wspomnianym kamieniem naturalnym r\u00f3wnie ch\u0119tnie architekci si\u0119gaj\u0105 po granit<\/strong>. Co warte podkre\u015blenia, materia\u0142y te coraz cz\u0119\u015bciej przybieraj\u0105 wpadaj\u0105ce w oko kolory, np. bordo b\u0105d\u017a ziele\u0144, kt\u00f3re wypieraj\u0105 tradycyjn\u0105 szaro\u015b\u0107, biel oraz czer\u0144.<\/p>\n<p>Co jeszcze sprawi, \u017ce przestrze\u0144 nabierze nowoczesnego i modnego wygl\u0105du? <strong>W dobrym gu\u015bcie jest obecnie ozdabianie wn\u0119trz za pomoc\u0105 ob\u0142ych mebli, czyli tych o owalnym, wr\u0119cz bulwiastym kszta\u0142cie<\/strong>. W cenie s\u0105 zatem okr\u0105g\u0142e fotele, dywany czy nieszablonowe lustra i stoliki. <strong>Bez obaw postaw r\u00f3wnie\u017c na elementy rzemie\u015blnicze i r\u0119kodzie\u0142o, kt\u00f3re zawsze b\u0119d\u0105 mile widzianym akcentem<\/strong>.<\/p>\n<p>Wszystkie wspomniane przez nas produkty znajdziesz oczywi\u015bcie w naszym sklepie Pakamera.pl<\/p>\n","protected":false},"excerpt":{"rendered":"<p>Trendy wn\u0119trzarskie zmieniaj\u0105 si\u0119 wraz z ka\u017cdym rokiem. Aby pozosta\u0107 na bie\u017c\u0105co i cieszy\u0107 si\u0119 nie tylko modn\u0105, ale i u\u017cyteczn\u0105 przestrzeni\u0105, warto \u015bledzi\u0107 je na bie\u017c\u0105co. Najnowsze trendy we<span class=\"more-dots\">&#8230;<\/span><\/p>\n","protected":false},"author":17,"featured_media":9041,"comment_status":"closed","ping_status":"closed","sticky":false,"template":"","format":"standard","meta":{"footnotes":""},"categories":[12],"tags":[2412,2411,1386],"class_list":["post-9039","post","type-post","status-publish","format-standard","has-post-thumbnail","hentry","category-dom-i-wnetrza","tag-kolory-wnetrz","tag-meble-vintage","tag-najmodniejsze-kolory"],"yoast_head":"<!-- This site is optimized with the Yoast SEO plugin v21.6 - https:\/\/yoast.com\/wordpress\/plugins\/seo\/ -->\n<title>Najnowsze trendy we wn\u0119trzach 2023: Odkryj nowe inspiracje! - Magazyn Pakamera.pl<\/title>\n<meta name=\"description\" content=\"Je\u015bli planujesz remont lub ma\u0142a zmian\u0119 aran\u017cacji w swoim mieszkaniu zobacz najnowsze trendy we wn\u0119trzach 2023.\" \/>\n<meta name=\"robots\" content=\"index, follow\" \/>\n<link rel=\"canonical\" href=\"https:\/\/www.pakamera.pl\/magazyn\/najnowsze-trendy-we-wnetrzach-2023-odkryj-nowe-inspiracje-dla-swojego-domu\/\" \/>\n<meta property=\"og:locale\" content=\"pl_PL\" \/>\n<meta property=\"og:type\" content=\"article\" \/>\n<meta property=\"og:title\" content=\"Najnowsze trendy we wn\u0119trzach 2023: Odkryj nowe inspiracje! - Magazyn Pakamera.pl\" \/>\n<meta property=\"og:description\" content=\"Je\u015bli planujesz remont lub ma\u0142a zmian\u0119 aran\u017cacji w swoim mieszkaniu zobacz najnowsze trendy we wn\u0119trzach 2023.\" \/>\n<meta property=\"og:url\" content=\"https:\/\/www.pakamera.pl\/magazyn\/najnowsze-trendy-we-wnetrzach-2023-odkryj-nowe-inspiracje-dla-swojego-domu\/\" \/>\n<meta property=\"og:site_name\" content=\"Magazyn Pakamera.pl\" \/>\n<meta property=\"article:publisher\" content=\"https:\/\/facebook.com\/pakamerapl\" \/>\n<meta property=\"article:published_time\" content=\"2023-10-17T07:26:38+00:00\" \/>\n<meta property=\"article:modified_time\" content=\"2025-04-03T13:24:08+00:00\" \/>\n<meta property=\"og:image\" content=\"https:\/\/imgmag.pakamera.net\/2023\/10\/najnowsze-trendy-we-wnetrzach-2023-odkryj-nowe-inspiracje-dla-swojego-domu-164159722739.jpg\" \/>\n\t<meta property=\"og:image:width\" content=\"1600\" \/>\n\t<meta property=\"og:image:height\" content=\"840\" \/>\n\t<meta property=\"og:image:type\" content=\"image\/jpeg\" \/>\n<meta name=\"author\" content=\"Agnieszka Pilska\" \/>\n<meta name=\"twitter:card\" content=\"summary_large_image\" \/>\n<meta name=\"twitter:label1\" content=\"Napisane przez\" \/>\n\t<meta name=\"twitter:data1\" content=\"Agnieszka Pilska\" \/>\n\t<meta name=\"twitter:label2\" content=\"Szacowany czas czytania\" \/>\n\t<meta name=\"twitter:data2\" content=\"6 minut\" \/>\n<script type=\"application\/ld+json\" class=\"yoast-schema-graph\">{\"@context\":\"https:\/\/schema.org\",\"@graph\":[{\"@type\":\"Article\",\"@id\":\"https:\/\/www.pakamera.pl\/magazyn\/najnowsze-trendy-we-wnetrzach-2023-odkryj-nowe-inspiracje-dla-swojego-domu\/#article\",\"isPartOf\":{\"@id\":\"https:\/\/www.pakamera.pl\/magazyn\/najnowsze-trendy-we-wnetrzach-2023-odkryj-nowe-inspiracje-dla-swojego-domu\/\"},\"author\":{\"name\":\"Agnieszka Pilska\",\"@id\":\"https:\/\/www.pakamera.pl\/magazyn\/#\/schema\/person\/572f3f4a9ab09d0378471fe80a2db902\"},\"headline\":\"Najnowsze trendy we wn\u0119trzach 2026: Odkryj nowe inspiracje dla swojego domu!\",\"datePublished\":\"2023-10-17T07:26:38+00:00\",\"dateModified\":\"2025-04-03T13:24:08+00:00\",\"mainEntityOfPage\":{\"@id\":\"https:\/\/www.pakamera.pl\/magazyn\/najnowsze-trendy-we-wnetrzach-2023-odkryj-nowe-inspiracje-dla-swojego-domu\/\"},\"wordCount\":960,\"publisher\":{\"@id\":\"https:\/\/www.pakamera.pl\/magazyn\/#organization\"},\"keywords\":[\"kolory wn\u0119trz\",\"meble vintage\",\"najmodniejsze kolory\"],\"articleSection\":[\"Dom i Wn\u0119trze\"],\"inLanguage\":\"pl-PL\"},{\"@type\":\"WebPage\",\"@id\":\"https:\/\/www.pakamera.pl\/magazyn\/najnowsze-trendy-we-wnetrzach-2023-odkryj-nowe-inspiracje-dla-swojego-domu\/\",\"url\":\"https:\/\/www.pakamera.pl\/magazyn\/najnowsze-trendy-we-wnetrzach-2023-odkryj-nowe-inspiracje-dla-swojego-domu\/\",\"name\":\"Najnowsze trendy we wn\u0119trzach 2023: Odkryj nowe inspiracje! - Magazyn Pakamera.pl\",\"isPartOf\":{\"@id\":\"https:\/\/www.pakamera.pl\/magazyn\/#website\"},\"datePublished\":\"2023-10-17T07:26:38+00:00\",\"dateModified\":\"2025-04-03T13:24:08+00:00\",\"description\":\"Je\u015bli planujesz remont lub ma\u0142a zmian\u0119 aran\u017cacji w swoim mieszkaniu zobacz najnowsze trendy we wn\u0119trzach 2023.\",\"breadcrumb\":{\"@id\":\"https:\/\/www.pakamera.pl\/magazyn\/najnowsze-trendy-we-wnetrzach-2023-odkryj-nowe-inspiracje-dla-swojego-domu\/#breadcrumb\"},\"inLanguage\":\"pl-PL\",\"potentialAction\":[{\"@type\":\"ReadAction\",\"target\":[\"https:\/\/www.pakamera.pl\/magazyn\/najnowsze-trendy-we-wnetrzach-2023-odkryj-nowe-inspiracje-dla-swojego-domu\/\"]}]},{\"@type\":\"BreadcrumbList\",\"@id\":\"https:\/\/www.pakamera.pl\/magazyn\/najnowsze-trendy-we-wnetrzach-2023-odkryj-nowe-inspiracje-dla-swojego-domu\/#breadcrumb\",\"itemListElement\":[{\"@type\":\"ListItem\",\"position\":1,\"name\":\"Magazyn\",\"item\":\"https:\/\/www.pakamera.pl\/magazyn\/\"},{\"@type\":\"ListItem\",\"position\":2,\"name\":\"Dom i Wn\u0119trze\",\"item\":\"https:\/\/www.pakamera.pl\/magazyn\/category\/dom-i-wnetrza\/\"},{\"@type\":\"ListItem\",\"position\":3,\"name\":\"Najnowsze trendy we wn\u0119trzach 2025: Odkryj nowe inspiracje dla swojego domu!\"}]},{\"@type\":\"WebSite\",\"@id\":\"https:\/\/www.pakamera.pl\/magazyn\/#website\",\"url\":\"https:\/\/www.pakamera.pl\/magazyn\/\",\"name\":\"Magazyn Pakamera.pl\",\"description\":\"Sprawd\u017a najgor\u0119tsze tematy sezonu!\",\"publisher\":{\"@id\":\"https:\/\/www.pakamera.pl\/magazyn\/#organization\"},\"potentialAction\":[{\"@type\":\"SearchAction\",\"target\":{\"@type\":\"EntryPoint\",\"urlTemplate\":\"https:\/\/www.pakamera.pl\/magazyn\/?s={search_term_string}\"},\"query-input\":\"required name=search_term_string\"}],\"inLanguage\":\"pl-PL\"},{\"@type\":\"Organization\",\"@id\":\"https:\/\/www.pakamera.pl\/magazyn\/#organization\",\"name\":\"Pakamera.pl\",\"url\":\"https:\/\/www.pakamera.pl\/magazyn\/\",\"logo\":{\"@type\":\"ImageObject\",\"inLanguage\":\"pl-PL\",\"@id\":\"https:\/\/www.pakamera.pl\/magazyn\/#\/schema\/logo\/image\/\",\"url\":\"https:\/\/imgmag.pakamera.net\/2023\/11\/153455466619.png\",\"contentUrl\":\"https:\/\/imgmag.pakamera.net\/2023\/11\/153455466619.png\",\"width\":690,\"height\":140,\"caption\":\"Pakamera.pl\"},\"image\":{\"@id\":\"https:\/\/www.pakamera.pl\/magazyn\/#\/schema\/logo\/image\/\"},\"sameAs\":[\"https:\/\/facebook.com\/pakamerapl\",\"https:\/\/www.instagram.com\/pakamera\/\"]},{\"@type\":\"Person\",\"@id\":\"https:\/\/www.pakamera.pl\/magazyn\/#\/schema\/person\/572f3f4a9ab09d0378471fe80a2db902\",\"name\":\"Agnieszka Pilska\",\"description\":\"Agnieszka kocha dobry design i wszystko co si\u0119 z nim \u0142\u0105czy. Ma do\u015bwiadczenie w projektowaniu wn\u0119trz dzi\u0119ki czemu ma niesamowity zmys\u0142 estetyczny. Potrafi prostymi dodatkami stworzy\u0107 przestrze\u0144, kt\u00f3ra zachwyci wszystkich.\"}]}<\/script>\n<!-- \/ Yoast SEO plugin. -->","yoast_head_json":{"title":"Najnowsze trendy we wn\u0119trzach 2023: Odkryj nowe inspiracje! - Magazyn Pakamera.pl","description":"Je\u015bli planujesz remont lub ma\u0142a zmian\u0119 aran\u017cacji w swoim mieszkaniu zobacz najnowsze trendy we wn\u0119trzach 2023.","robots":{"index":"index","follow":"follow"},"canonical":"https:\/\/www.pakamera.pl\/magazyn\/najnowsze-trendy-we-wnetrzach-2023-odkryj-nowe-inspiracje-dla-swojego-domu\/","og_locale":"pl_PL","og_type":"article","og_title":"Najnowsze trendy we wn\u0119trzach 2023: Odkryj nowe inspiracje! - Magazyn Pakamera.pl","og_description":"Je\u015bli planujesz remont lub ma\u0142a zmian\u0119 aran\u017cacji w swoim mieszkaniu zobacz najnowsze trendy we wn\u0119trzach 2023.","og_url":"https:\/\/www.pakamera.pl\/magazyn\/najnowsze-trendy-we-wnetrzach-2023-odkryj-nowe-inspiracje-dla-swojego-domu\/","og_site_name":"Magazyn Pakamera.pl","article_publisher":"https:\/\/facebook.com\/pakamerapl","article_published_time":"2023-10-17T07:26:38+00:00","article_modified_time":"2025-04-03T13:24:08+00:00","og_image":[{"width":1600,"height":840,"url":"https:\/\/imgmag.pakamera.net\/2023\/10\/najnowsze-trendy-we-wnetrzach-2023-odkryj-nowe-inspiracje-dla-swojego-domu-164159722739.jpg","type":"image\/jpeg"}],"author":"Agnieszka Pilska","twitter_card":"summary_large_image","twitter_misc":{"Napisane przez":"Agnieszka Pilska","Szacowany czas czytania":"6 minut"},"schema":{"@context":"https:\/\/schema.org","@graph":[{"@type":"Article","@id":"https:\/\/www.pakamera.pl\/magazyn\/najnowsze-trendy-we-wnetrzach-2023-odkryj-nowe-inspiracje-dla-swojego-domu\/#article","isPartOf":{"@id":"https:\/\/www.pakamera.pl\/magazyn\/najnowsze-trendy-we-wnetrzach-2023-odkryj-nowe-inspiracje-dla-swojego-domu\/"},"author":{"name":"Agnieszka Pilska","@id":"https:\/\/www.pakamera.pl\/magazyn\/#\/schema\/person\/572f3f4a9ab09d0378471fe80a2db902"},"headline":"Najnowsze trendy we wn\u0119trzach 2026: Odkryj nowe inspiracje dla swojego domu!","datePublished":"2023-10-17T07:26:38+00:00","dateModified":"2025-04-03T13:24:08+00:00","mainEntityOfPage":{"@id":"https:\/\/www.pakamera.pl\/magazyn\/najnowsze-trendy-we-wnetrzach-2023-odkryj-nowe-inspiracje-dla-swojego-domu\/"},"wordCount":960,"publisher":{"@id":"https:\/\/www.pakamera.pl\/magazyn\/#organization"},"keywords":["kolory wn\u0119trz","meble vintage","najmodniejsze kolory"],"articleSection":["Dom i Wn\u0119trze"],"inLanguage":"pl-PL"},{"@type":"WebPage","@id":"https:\/\/www.pakamera.pl\/magazyn\/najnowsze-trendy-we-wnetrzach-2023-odkryj-nowe-inspiracje-dla-swojego-domu\/","url":"https:\/\/www.pakamera.pl\/magazyn\/najnowsze-trendy-we-wnetrzach-2023-odkryj-nowe-inspiracje-dla-swojego-domu\/","name":"Najnowsze trendy we wn\u0119trzach 2023: Odkryj nowe inspiracje! - Magazyn Pakamera.pl","isPartOf":{"@id":"https:\/\/www.pakamera.pl\/magazyn\/#website"},"datePublished":"2023-10-17T07:26:38+00:00","dateModified":"2025-04-03T13:24:08+00:00","description":"Je\u015bli planujesz remont lub ma\u0142a zmian\u0119 aran\u017cacji w swoim mieszkaniu zobacz najnowsze trendy we wn\u0119trzach 2023.","breadcrumb":{"@id":"https:\/\/www.pakamera.pl\/magazyn\/najnowsze-trendy-we-wnetrzach-2023-odkryj-nowe-inspiracje-dla-swojego-domu\/#breadcrumb"},"inLanguage":"pl-PL","potentialAction":[{"@type":"ReadAction","target":["https:\/\/www.pakamera.pl\/magazyn\/najnowsze-trendy-we-wnetrzach-2023-odkryj-nowe-inspiracje-dla-swojego-domu\/"]}]},{"@type":"BreadcrumbList","@id":"https:\/\/www.pakamera.pl\/magazyn\/najnowsze-trendy-we-wnetrzach-2023-odkryj-nowe-inspiracje-dla-swojego-domu\/#breadcrumb","itemListElement":[{"@type":"ListItem","position":1,"name":"Magazyn","item":"https:\/\/www.pakamera.pl\/magazyn\/"},{"@type":"ListItem","position":2,"name":"Dom i Wn\u0119trze","item":"https:\/\/www.pakamera.pl\/magazyn\/category\/dom-i-wnetrza\/"},{"@type":"ListItem","position":3,"name":"Najnowsze trendy we wn\u0119trzach 2025: Odkryj nowe inspiracje dla swojego domu!"}]},{"@type":"WebSite","@id":"https:\/\/www.pakamera.pl\/magazyn\/#website","url":"https:\/\/www.pakamera.pl\/magazyn\/","name":"Magazyn Pakamera.pl","description":"Sprawd\u017a najgor\u0119tsze tematy sezonu!","publisher":{"@id":"https:\/\/www.pakamera.pl\/magazyn\/#organization"},"potentialAction":[{"@type":"SearchAction","target":{"@type":"EntryPoint","urlTemplate":"https:\/\/www.pakamera.pl\/magazyn\/?s={search_term_string}"},"query-input":"required name=search_term_string"}],"inLanguage":"pl-PL"},{"@type":"Organization","@id":"https:\/\/www.pakamera.pl\/magazyn\/#organization","name":"Pakamera.pl","url":"https:\/\/www.pakamera.pl\/magazyn\/","logo":{"@type":"ImageObject","inLanguage":"pl-PL","@id":"https:\/\/www.pakamera.pl\/magazyn\/#\/schema\/logo\/image\/","url":"https:\/\/imgmag.pakamera.net\/2023\/11\/153455466619.png","contentUrl":"https:\/\/imgmag.pakamera.net\/2023\/11\/153455466619.png","width":690,"height":140,"caption":"Pakamera.pl"},"image":{"@id":"https:\/\/www.pakamera.pl\/magazyn\/#\/schema\/logo\/image\/"},"sameAs":["https:\/\/facebook.com\/pakamerapl","https:\/\/www.instagram.com\/pakamera\/"]},{"@type":"Person","@id":"https:\/\/www.pakamera.pl\/magazyn\/#\/schema\/person\/572f3f4a9ab09d0378471fe80a2db902","name":"Agnieszka Pilska","description":"Agnieszka kocha dobry design i wszystko co si\u0119 z nim \u0142\u0105czy. Ma do\u015bwiadczenie w projektowaniu wn\u0119trz dzi\u0119ki czemu ma niesamowity zmys\u0142 estetyczny. Potrafi prostymi dodatkami stworzy\u0107 przestrze\u0144, kt\u00f3ra zachwyci wszystkich."}]}},"_links":{"self":[{"href":"https:\/\/www.pakamera.pl\/magazyn\/wp-json\/wp\/v2\/posts\/9039","targetHints":{"allow":["GET"]}}],"collection":[{"href":"https:\/\/www.pakamera.pl\/magazyn\/wp-json\/wp\/v2\/posts"}],"about":[{"href":"https:\/\/www.pakamera.pl\/magazyn\/wp-json\/wp\/v2\/types\/post"}],"author":[{"embeddable":true,"href":"https:\/\/www.pakamera.pl\/magazyn\/wp-json\/wp\/v2\/users\/17"}],"replies":[{"embeddable":true,"href":"https:\/\/www.pakamera.pl\/magazyn\/wp-json\/wp\/v2\/comments?post=9039"}],"version-history":[{"count":2,"href":"https:\/\/www.pakamera.pl\/magazyn\/wp-json\/wp\/v2\/posts\/9039\/revisions"}],"predecessor-version":[{"id":13188,"href":"https:\/\/www.pakamera.pl\/magazyn\/wp-json\/wp\/v2\/posts\/9039\/revisions\/13188"}],"wp:featuredmedia":[{"embeddable":true,"href":"https:\/\/www.pakamera.pl\/magazyn\/wp-json\/wp\/v2\/media\/9041"}],"wp:attachment":[{"href":"https:\/\/www.pakamera.pl\/magazyn\/wp-json\/wp\/v2\/media?parent=9039"}],"wp:term":[{"taxonomy":"category","embeddable":true,"href":"https:\/\/www.pakamera.pl\/magazyn\/wp-json\/wp\/v2\/categories?post=9039"},{"taxonomy":"post_tag","embeddable":true,"href":"https:\/\/www.pakamera.pl\/magazyn\/wp-json\/wp\/v2\/tags?post=9039"}],"curies":[{"name":"wp","href":"https:\/\/api.w.org\/{rel}","templated":true}]}}