{"id":8971,"date":"2023-10-02T12:08:22","date_gmt":"2023-10-02T10:08:22","guid":{"rendered":"https:\/\/www.pakamera.pl\/magazyn\/?p=8971"},"modified":"2023-10-02T12:08:22","modified_gmt":"2023-10-02T10:08:22","slug":"jak-urzadzic-wnetrze-domu-praktyczne-wskazowki-i-inspiracje-dla-glownych-stylow","status":"publish","type":"post","link":"https:\/\/www.pakamera.pl\/magazyn\/jak-urzadzic-wnetrze-domu-praktyczne-wskazowki-i-inspiracje-dla-glownych-stylow\/","title":{"rendered":"Jak urz\u0105dzi\u0107 wn\u0119trze domu: Praktyczne wskaz\u00f3wki i inspiracje dla g\u0142\u00f3wnych styl\u00f3w"},"content":{"rendered":"<p><strong>Urz\u0105dzenie wn\u0119trza domu oraz gospodarowanie domowej przestrzeni to doskona\u0142a okazja do wyra\u017cenia swojej kreatywno\u015bci i wyeksponowania swojego gustu, odzwierciedlaj\u0105cego osobowo\u015b\u0107 i indywidualne preferencje. Wyb\u00f3r stylu wn\u0119trza to kwestia niezwykle personalna, kt\u00f3ra \u0142\u0105czy w sobie konkretnie okre\u015blon\u0105 estetyk\u0119 oraz zwi\u0105zan\u0105 z ni\u0105 funkcjonalno\u015b\u0107. Ze wzgl\u0119du na liczno\u015b\u0107 r\u00f3\u017cnych motyw\u00f3w i szerok\u0105 gam\u0119 dost\u0119pnej stylistyki, decyzja dotycz\u0105ca charakterystyki wn\u0119trza bywa naprawd\u0119 trudna, dlatego przedstawiamy praktyczne wskaz\u00f3wki i inspiracje, kt\u00f3re z pewno\u015bci\u0105 sprawi\u0105, \u017ce urz\u0105dzenie wn\u0119trza nie b\u0119dzie ju\u017c tak skomplikowanym wyzwaniem.<\/strong><\/p>\n<p><!--more--><\/p>\n<figure id=\"attachment_8972\" aria-describedby=\"caption-attachment-8972\" style=\"width: 1600px\" class=\"wp-caption alignnone\"><img loading=\"lazy\" decoding=\"async\" class=\"wp-image-8972 size-full\" src=\"https:\/\/imgmag.pakamera.net\/2023\/09\/jak-urzadzic-wnetrze-domu-praktyczne-wskazowki-i-inspiracje-dla-glownych-stylow-162907320035.jpg\" alt=\"Jak urz\u0105dzi\u0107 wn\u0119trze domu\" width=\"1600\" height=\"840\" srcset=\"https:\/\/imgmag.pakamera.net\/2023\/09\/jak-urzadzic-wnetrze-domu-praktyczne-wskazowki-i-inspiracje-dla-glownych-stylow-162907320035.jpg 1600w, https:\/\/imgmag.pakamera.net\/2023\/09\/jak-urzadzic-wnetrze-domu-praktyczne-wskazowki-i-inspiracje-dla-glownych-stylow-162907320035-1536x806.jpg 1536w\" sizes=\"auto, (max-width: 1600px) 100vw, 1600px\" \/><figcaption id=\"caption-attachment-8972\" class=\"wp-caption-text\">Krzes\u0142o ROLL&amp;ROLL proj.Katarzyna Jasyk \/ Happy Barok<\/figcaption><\/figure>\n<h2>R\u00f3\u017cne style wn\u0119trz<\/h2>\n<p>Pytanie \u2013 jak urz\u0105dzi\u0107 wn\u0119trze domu \u2013 sp\u0119dza sen z powiek wielu osobom, przed kt\u00f3rymi stoi zadanie stworzenia takiej domowej przestrzeni, kt\u00f3ra b\u0119dzie jednocze\u015bnie zachwycaj\u0105ca i praktyczna. <strong>Wyb\u00f3r jednego stylu przewodniego mo\u017ce by\u0107 fascynuj\u0105cy, ale wymaga rozwa\u017cenia wielu czynnik\u00f3w i uwzgl\u0119dniania r\u00f3\u017cnych element\u00f3w<\/strong>. Przed podj\u0119ciem wi\u0105\u017c\u0105cej decyzji, warto odpowiedzie\u0107 sobie na kilka pyta\u0144:<\/p>\n<p><strong>Czy cenisz sobie praktyczno\u015b\u0107 i prostot\u0119<\/strong>, kt\u00f3re wyr\u00f3\u017cniaj\u0105 minimalistyczny design czy <strong>preferujesz bardziej oryginalne i niepowtarzalne motywy<\/strong> charakterystyczne dla abstrakcjonizmu?<\/p>\n<p><strong>Czy jeste\u015b mi\u0142o\u015bnikiem przytulnego wn\u0119trza<\/strong> o przyjemnej atmosferze w stylu boho, c<strong>zy przemawiaj\u0105 do Ciebie ch\u0142odne, surowe i nowoczesne przestrzenie<\/strong>?<\/p>\n<h2>Styl przewodni a zagospodarowanie przestrzeni domowej<\/h2>\n<p>Wyb\u00f3r jednego stylu pozwoli Ci w \u0142atwy spos\u00f3b stworzy\u0107 sp\u00f3jn\u0105 przestrze\u0144, kt\u00f3ra b\u0119dzie odpowiada\u0142a wyrazistym cechom estetycznym jednego nurtu, jak i spe\u0142ni wszystkie indywidualne potrzeby domownik\u00f3w. <strong>To umo\u017cliwi uzyskanie harmonijnego i funkcjonalnego wn\u0119trza o unikatowym nastroju.<\/strong><\/p>\n<h2>Wn\u0119trze domu w stylu boho<\/h2>\n<p><strong>Styl boho to niezwykle popularny motyw w aran\u017cacji wn\u0119trz, ze wzgl\u0119du na jego swobodny i przytulny charakter<\/strong>. Charakterystycznymi cechami, kt\u00f3re go wyr\u00f3\u017cniaj\u0105, jest inspiracja bogactwem natury, r\u00f3\u017cnorodno\u015b\u0107 tkanin oraz docenianie wszystkiego, co naturalne. Je\u015bli podoba Ci si\u0119 ta stylistyka, zdecydowanie postaw na kolorystyk\u0119 nawi\u0105zuj\u0105c\u0105 do przyrody. <strong>Barwami przewodnimi jest przede wszystkim be\u017c, biel, ziele\u0144 i br\u0105z<\/strong>.<\/p>\n<p>W przypadku mebli zaleca si\u0119 lekkie, wygodne i praktyczne elementy o naturalnych odcieniach, kt\u00f3rych ilo\u015b\u0107 i dekoracyjno\u015b\u0107 powinna by\u0107 umiarkowana, aby zapewni\u0107 harmoni\u0119. <strong>Charakterystyczne dla nurtu boho jest bogactwo ro\u015blin<\/strong>. Doskonale sprawdz\u0105 si\u0119 tutaj r\u00f3\u017cnego rodzaju <a href=\"https:\/\/www.pakamera.pl\/kwietniki-0-3052.htm\" target=\"_blank\" rel=\"noopener\">kwietniki<\/a> i doniczki, kt\u00f3re stworz\u0105 k\u0105cik daj\u0105cy poczucie przebywania na \u0142onie natury.<\/p>\n<div class=\"pakawidget\" id=\"pakawidget797\"><\/div>\n<p><script async defer src=\"https:\/\/www.pakamera.pl\/widget\/widget2.min.js?id=797&#038;type=20230925164334&#038;wwidth=1000\"><\/script><\/p>\n<p><strong>Wn\u0119trze wzbogac\u0105 wszelkiego rodzaju r\u0119cznie robione dekoracje i dodatki<\/strong> \u2013 makramy, makatki, przedmioty wykonane z wikliny i bambusa oraz kolorowe dywany.<\/p>\n<h2>Wn\u0119trze minimalistyczne<\/h2>\n<figure id=\"attachment_8974\" aria-describedby=\"caption-attachment-8974\" style=\"width: 1600px\" class=\"wp-caption alignnone\"><img loading=\"lazy\" decoding=\"async\" class=\"wp-image-8974 size-full\" src=\"https:\/\/imgmag.pakamera.net\/2023\/09\/jak-urzadzic-wnetrze-domu-praktyczne-wskazowki-i-inspiracje-dla-glownych-stylow-165423294056.jpg\" alt=\"wn\u0119trze w stylu minimalistycznym\" width=\"1600\" height=\"840\" srcset=\"https:\/\/imgmag.pakamera.net\/2023\/09\/jak-urzadzic-wnetrze-domu-praktyczne-wskazowki-i-inspiracje-dla-glownych-stylow-165423294056.jpg 1600w, https:\/\/imgmag.pakamera.net\/2023\/09\/jak-urzadzic-wnetrze-domu-praktyczne-wskazowki-i-inspiracje-dla-glownych-stylow-165423294056-1536x806.jpg 1536w\" sizes=\"auto, (max-width: 1600px) 100vw, 1600px\" \/><figcaption id=\"caption-attachment-8974\" class=\"wp-caption-text\">Stolik kawowy stalowy LOFT Z D\u0118BOWYM BLATEM \/ Projekt Loft<\/figcaption><\/figure>\n<p><strong>W design minimalistyczny wpisuje si\u0119 wszystko, co proste i zorganizowane<\/strong>. Nie ma w nim miejsca na zb\u0119dne przedmioty, wystawne dekoracje czy ma\u0142o atrakcyjne dodatki pozostawione na wierzchu, dlatego <strong>kluczow\u0105 rol\u0119 odgrywa tutaj odpowiednie zagospodarowanie przestrzeni i wyb\u00f3r takich mebli, kt\u00f3re dzi\u0119ki swojej funkcjonalno\u015bci i prostocie doskonale ukryj\u0105 wszystko, co niepotrzebne<\/strong>, na przyk\u0142ad drewniana, pojemna komoda czy g\u0142\u0119boka szafa w kolorze g\u0142\u0119bokiej czerni.<\/p>\n<p><strong>W minimalistyczny styl wpisuje si\u0119 bowiem monochromatyczna kolorystyczna \u2013 neutralne barwy w odcieniach bieli, szaro\u015bci i czerni<\/strong>, prze\u0142amane drewnianymi lub ciemnymi detalami w innych kolorach. Cho\u0107 z regu\u0142y tego rodzaju wn\u0119trza s\u0105 pozbawione ozd\u00f3b i dekoracji, doskona\u0142ym pomys\u0142em na dodanie ciekawych akcent\u00f3w s\u0105 na przyk\u0142ad intryguj\u0105ce czarno-bia\u0142e plakaty i obrazy, a tak\u017ce ro\u015blinno\u015b\u0107 (zw\u0142aszcza sukulenty) umieszczona w surowych, metalowych kwietnikach.<\/p>\n<h2>Nowoczesna aran\u017cacja<\/h2>\n<figure id=\"attachment_8973\" aria-describedby=\"caption-attachment-8973\" style=\"width: 1600px\" class=\"wp-caption alignnone\"><img loading=\"lazy\" decoding=\"async\" class=\"wp-image-8973 size-full\" src=\"https:\/\/imgmag.pakamera.net\/2023\/09\/jak-urzadzic-wnetrze-domu-praktyczne-wskazowki-i-inspiracje-dla-glownych-stylow-164813944826.jpg\" alt=\"nowoczesne wn\u0119trze\" width=\"1600\" height=\"840\" \/><figcaption id=\"caption-attachment-8973\" class=\"wp-caption-text\">ZAS\u0141ONA Z MI\u0118KKIEGO LNU STONEWASHED &#8211; nut brown \/ LUMIO<\/figcaption><\/figure>\n<p>A jak urz\u0105dzi\u0107 wn\u0119trze domu w stylu nowoczesnym? Ot\u00f3\u017c w nurcie nowoczesnym ceni si\u0119 funkcjonalno\u015b\u0107, prostot\u0119 i estetyk\u0119, kt\u00f3re idealnie si\u0119 uzupe\u0142niaj\u0105. Paleta barw ogranicza si\u0119 do naturalnych, stonowanych odcieni, takich jak biel, czer\u0144 i be\u017c, kt\u00f3re cz\u0119sto kontrastuj\u0105 z bardziej intensywnymi akcentami kolorystycznymi.<\/p>\n<p><strong>Nowoczesne wn\u0119trze skupia w sobie elementy w przestrzeni wykonane z trwa\u0142ych, wysokiej jako\u015bci surowc\u00f3w utrzymanych w neutralnych barwach<\/strong>, takich jak szk\u0142o, beton, drewno czy kamie\u0144. Dobry wyb\u00f3r wpisuj\u0105cy si\u0119 w charakterystyk\u0119 tego rodzaju aran\u017cacji b\u0119dzie stanowi\u0107 stalowy lub kamienny stolik kawowy czy inne meble utrzymane w minimalistycznym tonie, pozbawione dekoracji i ozd\u00f3b.<\/p>\n<p><strong>Nowoczesne aran\u017cacje cechuj\u0105 tak\u017ce proste linie i geometryczne kszta\u0142ty, takie jak okr\u0105g\u0142e lustra<\/strong>. Cz\u0119sto wybieranym elementem dekoracyjnym s\u0105 betonowe rze\u017aby czy kamienne figurki.<\/p>\n<div class=\"pakawidget\" id=\"pakawidget798\"><\/div>\n<p><script async defer src=\"https:\/\/www.pakamera.pl\/widget\/widget2.min.js?id=798&#038;type=20231002120106&#038;wwidth=1000\"><\/script><\/p>\n<p>Nowoczesny design cz\u0119sto charakteryzuje otwarta przestrze\u0144 loftowych i industrialnych wn\u0119trz, kt\u00f3re wyr\u00f3\u017cnia obecno\u015b\u0107 niekonwencjonalnych rozwi\u0105za\u0144. Mog\u0105 to by\u0107 intryguj\u0105ce lampy, inspiruj\u0105ce <a href=\"https:\/\/www.pakamera.pl\/obrazy-do-salonu-0-t93682.htm\" target=\"_blank\" rel=\"noopener\">obrazy do salonu<\/a> czy ciekawych plakat\u00f3w. <strong>Jako dodatki wybiera si\u0119 bowiem wy\u0142\u0105cznie wyraziste detale, nadaj\u0105ce charakteru wystrojowi, kt\u00f3re s\u0105 niebanalne i dalekie od tradycyjnych motyw\u00f3w<\/strong>. Cz\u0119sto opr\u00f3cz funkcji dekoracyjnych, odgrywaj\u0105 tak\u017ce praktyczne role. Przyk\u0142adem mo\u017ce by\u0107 drewniany zegar wskazuj\u0105cy godzin\u0119.<\/p>\n","protected":false},"excerpt":{"rendered":"<p>Urz\u0105dzenie wn\u0119trza domu oraz gospodarowanie domowej przestrzeni to doskona\u0142a okazja do wyra\u017cenia swojej kreatywno\u015bci i wyeksponowania swojego gustu, odzwierciedlaj\u0105cego osobowo\u015b\u0107 i indywidualne preferencje. Wyb\u00f3r stylu wn\u0119trza to kwestia niezwykle personalna,<span class=\"more-dots\">&#8230;<\/span><\/p>\n","protected":false},"author":17,"featured_media":8973,"comment_status":"closed","ping_status":"closed","sticky":false,"template":"","format":"standard","meta":{"footnotes":""},"categories":[12],"tags":[793,2400,2406,2398],"class_list":["post-8971","post","type-post","status-publish","format-standard","has-post-thumbnail","hentry","category-dom-i-wnetrza","tag-pomysl-na-wnetrze","tag-styl-boho","tag-styl-minimalistyczny","tag-style-we-wnetrzach"],"yoast_head":"<!-- This site is optimized with the Yoast SEO plugin v21.6 - https:\/\/yoast.com\/wordpress\/plugins\/seo\/ -->\n<title>Jak urz\u0105dzi\u0107 wn\u0119trze domu? - Magazyn Pakamera.pl<\/title>\n<meta name=\"description\" content=\"Zastanawiasz si\u0119 jak urz\u0105dzi\u0107 wn\u0119trze domu? Zobacz nasze podpowiedzi dotycz\u0105ce r\u00f3wnych wn\u0119trz i r\u00f3wnych styl\u00f3w.\" \/>\n<meta name=\"robots\" content=\"index, follow\" \/>\n<link rel=\"canonical\" href=\"https:\/\/www.pakamera.pl\/magazyn\/jak-urzadzic-wnetrze-domu-praktyczne-wskazowki-i-inspiracje-dla-glownych-stylow\/\" \/>\n<meta property=\"og:locale\" content=\"pl_PL\" \/>\n<meta property=\"og:type\" content=\"article\" \/>\n<meta property=\"og:title\" content=\"Jak urz\u0105dzi\u0107 wn\u0119trze domu? - Magazyn Pakamera.pl\" \/>\n<meta property=\"og:description\" content=\"Zastanawiasz si\u0119 jak urz\u0105dzi\u0107 wn\u0119trze domu? Zobacz nasze podpowiedzi dotycz\u0105ce r\u00f3wnych wn\u0119trz i r\u00f3wnych styl\u00f3w.\" \/>\n<meta property=\"og:url\" content=\"https:\/\/www.pakamera.pl\/magazyn\/jak-urzadzic-wnetrze-domu-praktyczne-wskazowki-i-inspiracje-dla-glownych-stylow\/\" \/>\n<meta property=\"og:site_name\" content=\"Magazyn Pakamera.pl\" \/>\n<meta property=\"article:publisher\" content=\"https:\/\/facebook.com\/pakamerapl\" \/>\n<meta property=\"article:published_time\" content=\"2023-10-02T10:08:22+00:00\" \/>\n<meta property=\"og:image\" content=\"https:\/\/imgmag.pakamera.net\/2023\/09\/jak-urzadzic-wnetrze-domu-praktyczne-wskazowki-i-inspiracje-dla-glownych-stylow-164813944826.jpg\" \/>\n\t<meta property=\"og:image:width\" content=\"1600\" \/>\n\t<meta property=\"og:image:height\" content=\"840\" \/>\n\t<meta property=\"og:image:type\" content=\"image\/jpeg\" \/>\n<meta name=\"author\" content=\"Agnieszka Pilska\" \/>\n<meta name=\"twitter:card\" content=\"summary_large_image\" \/>\n<meta name=\"twitter:label1\" content=\"Napisane przez\" \/>\n\t<meta name=\"twitter:data1\" content=\"Agnieszka Pilska\" \/>\n\t<meta name=\"twitter:label2\" content=\"Szacowany czas czytania\" \/>\n\t<meta name=\"twitter:data2\" content=\"5 minut\" \/>\n<script type=\"application\/ld+json\" class=\"yoast-schema-graph\">{\"@context\":\"https:\/\/schema.org\",\"@graph\":[{\"@type\":\"Article\",\"@id\":\"https:\/\/www.pakamera.pl\/magazyn\/jak-urzadzic-wnetrze-domu-praktyczne-wskazowki-i-inspiracje-dla-glownych-stylow\/#article\",\"isPartOf\":{\"@id\":\"https:\/\/www.pakamera.pl\/magazyn\/jak-urzadzic-wnetrze-domu-praktyczne-wskazowki-i-inspiracje-dla-glownych-stylow\/\"},\"author\":{\"name\":\"Agnieszka Pilska\",\"@id\":\"https:\/\/www.pakamera.pl\/magazyn\/#\/schema\/person\/572f3f4a9ab09d0378471fe80a2db902\"},\"headline\":\"Jak urz\u0105dzi\u0107 wn\u0119trze domu: Praktyczne wskaz\u00f3wki i inspiracje dla g\u0142\u00f3wnych styl\u00f3w\",\"datePublished\":\"2023-10-02T10:08:22+00:00\",\"dateModified\":\"2023-10-02T10:08:22+00:00\",\"mainEntityOfPage\":{\"@id\":\"https:\/\/www.pakamera.pl\/magazyn\/jak-urzadzic-wnetrze-domu-praktyczne-wskazowki-i-inspiracje-dla-glownych-stylow\/\"},\"wordCount\":861,\"publisher\":{\"@id\":\"https:\/\/www.pakamera.pl\/magazyn\/#organization\"},\"keywords\":[\"pomys\u0142 na wn\u0119trze\",\"styl boho\",\"styl minimalistyczny\",\"style we wn\u0119trzach\"],\"articleSection\":[\"Dom i Wn\u0119trze\"],\"inLanguage\":\"pl-PL\"},{\"@type\":\"WebPage\",\"@id\":\"https:\/\/www.pakamera.pl\/magazyn\/jak-urzadzic-wnetrze-domu-praktyczne-wskazowki-i-inspiracje-dla-glownych-stylow\/\",\"url\":\"https:\/\/www.pakamera.pl\/magazyn\/jak-urzadzic-wnetrze-domu-praktyczne-wskazowki-i-inspiracje-dla-glownych-stylow\/\",\"name\":\"Jak urz\u0105dzi\u0107 wn\u0119trze domu? - Magazyn Pakamera.pl\",\"isPartOf\":{\"@id\":\"https:\/\/www.pakamera.pl\/magazyn\/#website\"},\"datePublished\":\"2023-10-02T10:08:22+00:00\",\"dateModified\":\"2023-10-02T10:08:22+00:00\",\"description\":\"Zastanawiasz si\u0119 jak urz\u0105dzi\u0107 wn\u0119trze domu? Zobacz nasze podpowiedzi dotycz\u0105ce r\u00f3wnych wn\u0119trz i r\u00f3wnych styl\u00f3w.\",\"breadcrumb\":{\"@id\":\"https:\/\/www.pakamera.pl\/magazyn\/jak-urzadzic-wnetrze-domu-praktyczne-wskazowki-i-inspiracje-dla-glownych-stylow\/#breadcrumb\"},\"inLanguage\":\"pl-PL\",\"potentialAction\":[{\"@type\":\"ReadAction\",\"target\":[\"https:\/\/www.pakamera.pl\/magazyn\/jak-urzadzic-wnetrze-domu-praktyczne-wskazowki-i-inspiracje-dla-glownych-stylow\/\"]}]},{\"@type\":\"BreadcrumbList\",\"@id\":\"https:\/\/www.pakamera.pl\/magazyn\/jak-urzadzic-wnetrze-domu-praktyczne-wskazowki-i-inspiracje-dla-glownych-stylow\/#breadcrumb\",\"itemListElement\":[{\"@type\":\"ListItem\",\"position\":1,\"name\":\"Magazyn\",\"item\":\"https:\/\/www.pakamera.pl\/magazyn\/\"},{\"@type\":\"ListItem\",\"position\":2,\"name\":\"Dom i Wn\u0119trze\",\"item\":\"https:\/\/www.pakamera.pl\/magazyn\/category\/dom-i-wnetrza\/\"},{\"@type\":\"ListItem\",\"position\":3,\"name\":\"Jak urz\u0105dzi\u0107 wn\u0119trze domu: Praktyczne wskaz\u00f3wki i inspiracje dla g\u0142\u00f3wnych styl\u00f3w\"}]},{\"@type\":\"WebSite\",\"@id\":\"https:\/\/www.pakamera.pl\/magazyn\/#website\",\"url\":\"https:\/\/www.pakamera.pl\/magazyn\/\",\"name\":\"Magazyn Pakamera.pl\",\"description\":\"Sprawd\u017a najgor\u0119tsze tematy sezonu!\",\"publisher\":{\"@id\":\"https:\/\/www.pakamera.pl\/magazyn\/#organization\"},\"potentialAction\":[{\"@type\":\"SearchAction\",\"target\":{\"@type\":\"EntryPoint\",\"urlTemplate\":\"https:\/\/www.pakamera.pl\/magazyn\/?s={search_term_string}\"},\"query-input\":\"required name=search_term_string\"}],\"inLanguage\":\"pl-PL\"},{\"@type\":\"Organization\",\"@id\":\"https:\/\/www.pakamera.pl\/magazyn\/#organization\",\"name\":\"Pakamera.pl\",\"url\":\"https:\/\/www.pakamera.pl\/magazyn\/\",\"logo\":{\"@type\":\"ImageObject\",\"inLanguage\":\"pl-PL\",\"@id\":\"https:\/\/www.pakamera.pl\/magazyn\/#\/schema\/logo\/image\/\",\"url\":\"https:\/\/imgmag.pakamera.net\/2023\/11\/153455466619.png\",\"contentUrl\":\"https:\/\/imgmag.pakamera.net\/2023\/11\/153455466619.png\",\"width\":690,\"height\":140,\"caption\":\"Pakamera.pl\"},\"image\":{\"@id\":\"https:\/\/www.pakamera.pl\/magazyn\/#\/schema\/logo\/image\/\"},\"sameAs\":[\"https:\/\/facebook.com\/pakamerapl\",\"https:\/\/www.instagram.com\/pakamera\/\"]},{\"@type\":\"Person\",\"@id\":\"https:\/\/www.pakamera.pl\/magazyn\/#\/schema\/person\/572f3f4a9ab09d0378471fe80a2db902\",\"name\":\"Agnieszka Pilska\",\"description\":\"Agnieszka kocha dobry design i wszystko co si\u0119 z nim \u0142\u0105czy. Ma do\u015bwiadczenie w projektowaniu wn\u0119trz dzi\u0119ki czemu ma niesamowity zmys\u0142 estetyczny. Potrafi prostymi dodatkami stworzy\u0107 przestrze\u0144, kt\u00f3ra zachwyci wszystkich.\"}]}<\/script>\n<!-- \/ Yoast SEO plugin. -->","yoast_head_json":{"title":"Jak urz\u0105dzi\u0107 wn\u0119trze domu? - Magazyn Pakamera.pl","description":"Zastanawiasz si\u0119 jak urz\u0105dzi\u0107 wn\u0119trze domu? Zobacz nasze podpowiedzi dotycz\u0105ce r\u00f3wnych wn\u0119trz i r\u00f3wnych styl\u00f3w.","robots":{"index":"index","follow":"follow"},"canonical":"https:\/\/www.pakamera.pl\/magazyn\/jak-urzadzic-wnetrze-domu-praktyczne-wskazowki-i-inspiracje-dla-glownych-stylow\/","og_locale":"pl_PL","og_type":"article","og_title":"Jak urz\u0105dzi\u0107 wn\u0119trze domu? - Magazyn Pakamera.pl","og_description":"Zastanawiasz si\u0119 jak urz\u0105dzi\u0107 wn\u0119trze domu? Zobacz nasze podpowiedzi dotycz\u0105ce r\u00f3wnych wn\u0119trz i r\u00f3wnych styl\u00f3w.","og_url":"https:\/\/www.pakamera.pl\/magazyn\/jak-urzadzic-wnetrze-domu-praktyczne-wskazowki-i-inspiracje-dla-glownych-stylow\/","og_site_name":"Magazyn Pakamera.pl","article_publisher":"https:\/\/facebook.com\/pakamerapl","article_published_time":"2023-10-02T10:08:22+00:00","og_image":[{"width":1600,"height":840,"url":"https:\/\/imgmag.pakamera.net\/2023\/09\/jak-urzadzic-wnetrze-domu-praktyczne-wskazowki-i-inspiracje-dla-glownych-stylow-164813944826.jpg","type":"image\/jpeg"}],"author":"Agnieszka Pilska","twitter_card":"summary_large_image","twitter_misc":{"Napisane przez":"Agnieszka Pilska","Szacowany czas czytania":"5 minut"},"schema":{"@context":"https:\/\/schema.org","@graph":[{"@type":"Article","@id":"https:\/\/www.pakamera.pl\/magazyn\/jak-urzadzic-wnetrze-domu-praktyczne-wskazowki-i-inspiracje-dla-glownych-stylow\/#article","isPartOf":{"@id":"https:\/\/www.pakamera.pl\/magazyn\/jak-urzadzic-wnetrze-domu-praktyczne-wskazowki-i-inspiracje-dla-glownych-stylow\/"},"author":{"name":"Agnieszka Pilska","@id":"https:\/\/www.pakamera.pl\/magazyn\/#\/schema\/person\/572f3f4a9ab09d0378471fe80a2db902"},"headline":"Jak urz\u0105dzi\u0107 wn\u0119trze domu: Praktyczne wskaz\u00f3wki i inspiracje dla g\u0142\u00f3wnych styl\u00f3w","datePublished":"2023-10-02T10:08:22+00:00","dateModified":"2023-10-02T10:08:22+00:00","mainEntityOfPage":{"@id":"https:\/\/www.pakamera.pl\/magazyn\/jak-urzadzic-wnetrze-domu-praktyczne-wskazowki-i-inspiracje-dla-glownych-stylow\/"},"wordCount":861,"publisher":{"@id":"https:\/\/www.pakamera.pl\/magazyn\/#organization"},"keywords":["pomys\u0142 na wn\u0119trze","styl boho","styl minimalistyczny","style we wn\u0119trzach"],"articleSection":["Dom i Wn\u0119trze"],"inLanguage":"pl-PL"},{"@type":"WebPage","@id":"https:\/\/www.pakamera.pl\/magazyn\/jak-urzadzic-wnetrze-domu-praktyczne-wskazowki-i-inspiracje-dla-glownych-stylow\/","url":"https:\/\/www.pakamera.pl\/magazyn\/jak-urzadzic-wnetrze-domu-praktyczne-wskazowki-i-inspiracje-dla-glownych-stylow\/","name":"Jak urz\u0105dzi\u0107 wn\u0119trze domu? - Magazyn Pakamera.pl","isPartOf":{"@id":"https:\/\/www.pakamera.pl\/magazyn\/#website"},"datePublished":"2023-10-02T10:08:22+00:00","dateModified":"2023-10-02T10:08:22+00:00","description":"Zastanawiasz si\u0119 jak urz\u0105dzi\u0107 wn\u0119trze domu? Zobacz nasze podpowiedzi dotycz\u0105ce r\u00f3wnych wn\u0119trz i r\u00f3wnych styl\u00f3w.","breadcrumb":{"@id":"https:\/\/www.pakamera.pl\/magazyn\/jak-urzadzic-wnetrze-domu-praktyczne-wskazowki-i-inspiracje-dla-glownych-stylow\/#breadcrumb"},"inLanguage":"pl-PL","potentialAction":[{"@type":"ReadAction","target":["https:\/\/www.pakamera.pl\/magazyn\/jak-urzadzic-wnetrze-domu-praktyczne-wskazowki-i-inspiracje-dla-glownych-stylow\/"]}]},{"@type":"BreadcrumbList","@id":"https:\/\/www.pakamera.pl\/magazyn\/jak-urzadzic-wnetrze-domu-praktyczne-wskazowki-i-inspiracje-dla-glownych-stylow\/#breadcrumb","itemListElement":[{"@type":"ListItem","position":1,"name":"Magazyn","item":"https:\/\/www.pakamera.pl\/magazyn\/"},{"@type":"ListItem","position":2,"name":"Dom i Wn\u0119trze","item":"https:\/\/www.pakamera.pl\/magazyn\/category\/dom-i-wnetrza\/"},{"@type":"ListItem","position":3,"name":"Jak urz\u0105dzi\u0107 wn\u0119trze domu: Praktyczne wskaz\u00f3wki i inspiracje dla g\u0142\u00f3wnych styl\u00f3w"}]},{"@type":"WebSite","@id":"https:\/\/www.pakamera.pl\/magazyn\/#website","url":"https:\/\/www.pakamera.pl\/magazyn\/","name":"Magazyn Pakamera.pl","description":"Sprawd\u017a najgor\u0119tsze tematy sezonu!","publisher":{"@id":"https:\/\/www.pakamera.pl\/magazyn\/#organization"},"potentialAction":[{"@type":"SearchAction","target":{"@type":"EntryPoint","urlTemplate":"https:\/\/www.pakamera.pl\/magazyn\/?s={search_term_string}"},"query-input":"required name=search_term_string"}],"inLanguage":"pl-PL"},{"@type":"Organization","@id":"https:\/\/www.pakamera.pl\/magazyn\/#organization","name":"Pakamera.pl","url":"https:\/\/www.pakamera.pl\/magazyn\/","logo":{"@type":"ImageObject","inLanguage":"pl-PL","@id":"https:\/\/www.pakamera.pl\/magazyn\/#\/schema\/logo\/image\/","url":"https:\/\/imgmag.pakamera.net\/2023\/11\/153455466619.png","contentUrl":"https:\/\/imgmag.pakamera.net\/2023\/11\/153455466619.png","width":690,"height":140,"caption":"Pakamera.pl"},"image":{"@id":"https:\/\/www.pakamera.pl\/magazyn\/#\/schema\/logo\/image\/"},"sameAs":["https:\/\/facebook.com\/pakamerapl","https:\/\/www.instagram.com\/pakamera\/"]},{"@type":"Person","@id":"https:\/\/www.pakamera.pl\/magazyn\/#\/schema\/person\/572f3f4a9ab09d0378471fe80a2db902","name":"Agnieszka Pilska","description":"Agnieszka kocha dobry design i wszystko co si\u0119 z nim \u0142\u0105czy. Ma do\u015bwiadczenie w projektowaniu wn\u0119trz dzi\u0119ki czemu ma niesamowity zmys\u0142 estetyczny. Potrafi prostymi dodatkami stworzy\u0107 przestrze\u0144, kt\u00f3ra zachwyci wszystkich."}]}},"_links":{"self":[{"href":"https:\/\/www.pakamera.pl\/magazyn\/wp-json\/wp\/v2\/posts\/8971","targetHints":{"allow":["GET"]}}],"collection":[{"href":"https:\/\/www.pakamera.pl\/magazyn\/wp-json\/wp\/v2\/posts"}],"about":[{"href":"https:\/\/www.pakamera.pl\/magazyn\/wp-json\/wp\/v2\/types\/post"}],"author":[{"embeddable":true,"href":"https:\/\/www.pakamera.pl\/magazyn\/wp-json\/wp\/v2\/users\/17"}],"replies":[{"embeddable":true,"href":"https:\/\/www.pakamera.pl\/magazyn\/wp-json\/wp\/v2\/comments?post=8971"}],"version-history":[{"count":0,"href":"https:\/\/www.pakamera.pl\/magazyn\/wp-json\/wp\/v2\/posts\/8971\/revisions"}],"wp:featuredmedia":[{"embeddable":true,"href":"https:\/\/www.pakamera.pl\/magazyn\/wp-json\/wp\/v2\/media\/8973"}],"wp:attachment":[{"href":"https:\/\/www.pakamera.pl\/magazyn\/wp-json\/wp\/v2\/media?parent=8971"}],"wp:term":[{"taxonomy":"category","embeddable":true,"href":"https:\/\/www.pakamera.pl\/magazyn\/wp-json\/wp\/v2\/categories?post=8971"},{"taxonomy":"post_tag","embeddable":true,"href":"https:\/\/www.pakamera.pl\/magazyn\/wp-json\/wp\/v2\/tags?post=8971"}],"curies":[{"name":"wp","href":"https:\/\/api.w.org\/{rel}","templated":true}]}}