{"id":8946,"date":"2023-09-20T11:08:22","date_gmt":"2023-09-20T09:08:22","guid":{"rendered":"https:\/\/www.pakamera.pl\/magazyn\/?p=8946"},"modified":"2023-09-20T12:17:18","modified_gmt":"2023-09-20T10:17:18","slug":"styl-skandynawski-we-wnetrzach","status":"publish","type":"post","link":"https:\/\/www.pakamera.pl\/magazyn\/styl-skandynawski-we-wnetrzach\/","title":{"rendered":"Styl skandynawski we wn\u0119trzach"},"content":{"rendered":"<p><strong>Nies\u0142abn\u0105c\u0105 popularno\u015bci\u0105 w aran\u017cacjach wn\u0119trz cieszy si\u0119 styl skandynawski. To nurt stworzony dla mi\u0142o\u015bnik\u00f3w minimalizmu, prostoty oraz komfortu. Skandynawskie trendy we wn\u0119trzach cechuj\u0105 si\u0119 niezwyk\u0142\u0105 funkcjonalno\u015bci\u0105 i nierzadko nawi\u0105zuj\u0105 do natury. Je\u017celi zastanawiasz si\u0119, jak urz\u0105dzi\u0107 mieszkanie w stylu skandynawskim i jakie dodatki wybra\u0107, jeste\u015b w doskona\u0142ym miejscu. W tek\u015bcie zdradzamy ponadto wiele ciekawostek i u\u017cytecznych rozwi\u0105za\u0144 wn\u0119trzarskich, kt\u00f3re wpisuj\u0105 si\u0119 w charakteryzowany nurt.<\/strong><\/p>\n<p><!--more--><\/p>\n<figure id=\"attachment_8947\" aria-describedby=\"caption-attachment-8947\" style=\"width: 1600px\" class=\"wp-caption alignnone\"><img loading=\"lazy\" decoding=\"async\" class=\"wp-image-8947 size-full\" src=\"https:\/\/imgmag.pakamera.net\/2023\/09\/styl-skandynawski-we-wnetrzach-163840548872.jpg\" alt=\"styl skandynawski we wn\u0119trzach\" width=\"1600\" height=\"840\" \/><figcaption id=\"caption-attachment-8947\" class=\"wp-caption-text\">Stolik kawowy COLONNA Large d\u0105b \/ NUDO design<\/figcaption><\/figure>\n<p>Skandynawskie trendy we wn\u0119trzach to przede wszystkim <strong>funkcjonalno\u015b\u0107 po\u0142\u0105czona z prostot\u0105<\/strong>. Mimo to, pomieszczenia zaaran\u017cowane w opisywanym nurcie zachwycaj\u0105 swoim designem, ciep\u0142em oraz oryginalnymi dodatkami. Za ojca stylu uwa\u017cany jest szwedzki malarz i architekt wn\u0119trz, Carl Larsson. Artysta w swoich pracach preferowa\u0142 jasne i stonowane kolory, kt\u00f3re jak wiadomo przoduj\u0105 w klimacie skandi.<\/p>\n<p>Wiele os\u00f3b, kt\u00f3re nie zapozna\u0142y si\u0119 dog\u0142\u0119bnie z charakterystyk\u0105 stylu skandynawskiego, skre\u015bla go ju\u017c na samym pocz\u0105tku, my\u015bl\u0105c, \u017ce norweskie wn\u0119trza s\u0105 ciemne, ma\u0142o przytulne i nieprzemy\u015blane. Nic bardziej mylnego! <strong>Opisywany trend cieszy si\u0119 spor\u0105 popularno\u015bci\u0105 ju\u017c naprawd\u0119 d\u0142ugo, czego uzasadnieniem nie jest jedynie moda i estetyka.<\/strong><\/p>\n<h2>Jak urz\u0105dzi\u0107 wn\u0119trze w stylu skandynawskim?<\/h2>\n<p>Jak wiadomo, wygoda w aran\u017cacji skandynawskiej to absolutna podstawa. Z tego wzgl\u0119du podczas urz\u0105dzania swojego lokum nie mo\u017cna zapomnie\u0107 o komfortowej sofie zachowanej w subtelnych odcieniach. Doskona\u0142ym wyborem oka\u017ce si\u0119 ta na drewnianych n\u00f3\u017ckach. Na \u0142\u00f3\u017cko warto po\u0142o\u017cy\u0107 poduszki z akcentem nawi\u0105zuj\u0105cym do przyrody i natury oraz mi\u0119ciutkie pledy, najlepiej w jasnych kolorach.<\/p>\n<figure id=\"attachment_8952\" aria-describedby=\"caption-attachment-8952\" style=\"width: 1600px\" class=\"wp-caption alignnone\"><img loading=\"lazy\" decoding=\"async\" class=\"wp-image-8952 size-full\" src=\"https:\/\/imgmag.pakamera.net\/2023\/09\/styl-skandynawski-we-wnetrzach-110329538071.jpg\" alt=\"fotel w stylu skandynwaskim\" width=\"1600\" height=\"1200\" srcset=\"https:\/\/imgmag.pakamera.net\/2023\/09\/styl-skandynawski-we-wnetrzach-110329538071.jpg 1600w, https:\/\/imgmag.pakamera.net\/2023\/09\/styl-skandynawski-we-wnetrzach-110329538071-1536x1152.jpg 1536w\" sizes=\"auto, (max-width: 1600px) 100vw, 1600px\" \/><figcaption id=\"caption-attachment-8952\" class=\"wp-caption-text\">Fotel tekowy, du\u0144ski design, lata 70, produkcja: Dania \/ Przetwory design<\/figcaption><\/figure>\n<p><strong>Skandynawski design dla ma\u0142ych przestrzeni to strza\u0142 w dziesi\u0105tk\u0119<\/strong>. Je\u017celi nie dysponujesz okaza\u0142ym metra\u017cem, nie b\u00f3j si\u0119 postawi\u0107 na prostot\u0119 i minimalizm, czyli naczelne cechy przedstawianego nurtu.<strong> Skandynawskie inspiracje w aran\u017cacji domu, kt\u00f3re sprawdz\u0105 si\u0119 dobrze do zagospodarowania niewielkich przestrzeni, to wybieranie mebli, kt\u00f3re pe\u0142ni\u0105 kilka funkcji<\/strong>. Przyk\u0142adem mo\u017ce by\u0107 \u0142\u00f3\u017cko, kt\u00f3re po z\u0142o\u017ceniu posiada sporo miejsca do przechowywania niezb\u0119dnych przedmiot\u00f3w. Poza tym jasne kolory, \u015bwiat\u0142o i poka\u017ane okna to elementy, dzi\u0119ki kt\u00f3rym mo\u017cna uzyska\u0107 efekt wizualnego powi\u0119kszenia niedu\u017cego mieszkania.<\/p>\n<h2>Czym charakteryzuje si\u0119 styl skandynawski? Fundamentalne cechy<\/h2>\n<p>Aran\u017cuj\u0105c wymarzone wn\u0119trze, pe\u0142ne funkcjonalno\u015bci i ciep\u0142a, warto kierowa\u0107 si\u0119 fundamentalnymi cechami stylu skandynawskiego, a s\u0105 nimi niepodwa\u017calnie:<\/p>\n<p>\u2022 <strong>drewno w skandynawskim designie<\/strong> \u2014 wykorzystywane nie tylko jako wyposa\u017cenie wn\u0119trza, ale i materia\u0142 konstrukcyjny;<\/p>\n<div class=\"pakawidget\" id=\"pakawidget790\"><\/div>\n<p><script async defer src=\"https:\/\/www.pakamera.pl\/widget\/widget2.min.js?id=790&#038;type=20230919165213&#038;wwidth=1000\"><\/script><\/p>\n<p>\u2022 <strong>ciep\u0142o i przytulno\u015b\u0107 w skandynawskim stylu<\/strong> \u2014 cechy te zawdzi\u0119czamy stosowanej palecie barw, czyli bieli, szaro\u015bciom oraz be\u017com. Nie oznacza to jednak, \u017ce wn\u0119trze nie mo\u017ce posiada\u0107 wyrazistszych akcent\u00f3w kolorystycznych. Te s\u0105 mile widziane w elementach dekoracyjnych i dodatkach;<\/p>\n<div class=\"pakawidget\" id=\"pakawidget791\"><\/div>\n<p><script async defer src=\"https:\/\/www.pakamera.pl\/widget\/widget2.min.js?id=791&#038;type=20230919165540&#038;wwidth=1000\"><\/script><\/p>\n<p>\u2022 <strong>\u015bwiat\u0142o i przestrze\u0144 w stylu skandynawskim<\/strong> \u2014 warto postawi\u0107 na o\u015bwietlenie, kt\u00f3re perfekcyjnie wykorzystuje \u015bwiat\u0142o dziennie. Lampa z drewnianym kloszem b\u0105d\u017a sufitowa wykonana z bia\u0142ego szk\u0142a to doskona\u0142e mo\u017cliwo\u015bci na zwi\u0119kszenie przestrzeni i\u015bcie norweskiego lokum;<\/p>\n<div class=\"pakawidget\" id=\"pakawidget790\"><\/div>\n<p><script async defer src=\"https:\/\/www.pakamera.pl\/widget\/widget2.min.js?id=790&#038;type=20230920110929&#038;wwidth=1000\"><\/script><\/p>\n<p>\u2022 <strong>eko-materia\u0142y w aran\u017cacji skandynawskiej<\/strong> \u2014 wystr\u00f3j domu w stylu skandi nie mo\u017ce nie nawi\u0105zywa\u0107 do natury. Wykorzystanie ekologicznych materia\u0142\u00f3w, np. drewnianych palet aby wykona\u0107 <a href=\"https:\/\/www.pakamera.pl\/stoliki-kawowe-0-3061.htm\" target=\"_blank\" rel=\"noopener\">stolik kawowy<\/a> jest strza\u0142em w dziesi\u0105tk\u0119. Innym materia\u0142em, kt\u00f3ry r\u00f3wnie ch\u0119tnie wplata si\u0119 w omawiany styl, jest bambus.<\/p>\n<h2>Modne dodatki i ozdoby do wn\u0119trz w stylu skandynawskim<\/h2>\n<figure id=\"attachment_8950\" aria-describedby=\"caption-attachment-8950\" style=\"width: 1600px\" class=\"wp-caption alignnone\"><img loading=\"lazy\" decoding=\"async\" class=\"wp-image-8950 size-full\" src=\"https:\/\/imgmag.pakamera.net\/2023\/09\/styl-skandynawski-we-wnetrzach-105023612792.jpg\" alt=\"skandynawski wn\u0119trze \" width=\"1600\" height=\"840\" srcset=\"https:\/\/imgmag.pakamera.net\/2023\/09\/styl-skandynawski-we-wnetrzach-105023612792.jpg 1600w, https:\/\/imgmag.pakamera.net\/2023\/09\/styl-skandynawski-we-wnetrzach-105023612792-1536x806.jpg 1536w\" sizes=\"auto, (max-width: 1600px) 100vw, 1600px\" \/><figcaption id=\"caption-attachment-8950\" class=\"wp-caption-text\">Skandynawska Lampa Wisz\u0105ca Loft LED \/ Filferro_Lighting<\/figcaption><\/figure>\n<p><strong>Urz\u0105dzaj\u0105c dom lub mieszkanie w stylu skandynawskim, warto pami\u0119ta\u0107 o tym, \u017ce aran\u017cacje nie mog\u0105 by\u0107 przeszar\u017cowane<\/strong>. Mowa g\u0142\u00f3wnie o dekoracjach. Dobieraj\u0105c dodatki, nale\u017cy mie\u0107 na uwadze, by zachowa\u0107 umiar i opanowanie. <strong>Do wype\u0142niania skandynawskich wn\u0119trz doskonale sprawdz\u0105 si\u0119 akcenty, takie jak plecione koce, poduszki, narzuty na \u0142\u00f3\u017cko \u2014 wszystko zachowane w stonowanych odcieniach.<\/strong> Urz\u0105dzaj\u0105c przestrze\u0144, warto zastanowi\u0107 si\u0119 tak\u017ce nad dywanem, najlepiej futrzanym, kt\u00f3ry b\u0119dzie \u015bwietnym nawi\u0105zaniem do przytulno\u015bci i komfortu.<\/p>\n<p><strong>Kluczow\u0105 rol\u0119 w skandynawskim designie odgrywa tak\u017ce drewno, czyli materia\u0142 postrzegany za dominuj\u0105cy w charakteryzowanej stylistyce.<\/strong> Poza drewnian\u0105 pod\u0142og\u0105 czy meblami, przypominaj\u0105cymi starsze, zas\u0142u\u017cone ju\u017c modele, polecamy zapozna\u0107 si\u0119 tak\u017ce z propozycjami stolik\u00f3w kawowych od polskich marek.<\/p>\n<div class=\"pakawidget\" id=\"pakawidget792\"><\/div>\n<p><script async defer src=\"https:\/\/www.pakamera.pl\/widget\/widget2.min.js?id=792&#038;type=20230920105940&#038;wwidth=1000\"><\/script><\/p>\n<p><strong>Skandynawskie dodatki do wn\u0119trz to r\u00f3wnie\u017c kwiaty. Ozdabiaj\u0105c pok\u00f3j, nie zapomnij zatem o zakupieniu \u017cywych ro\u015blin<\/strong>. Umieszczone w glinianych doniczkach b\u0119d\u0105 rewelacyjnym uzupe\u0142nieniem Twojego przytulnego lokum. Poza ma\u0142ymi ro\u015blinkami, ulokowanymi na parapecie czy kawowym stoliku d\u0119bowym, godne przemy\u015blenia s\u0105 r\u00f3wnie\u017c wi\u0119ksze okazy, kt\u00f3re \u015bwietnie prezentuj\u0105 si\u0119 postawione luzem na drewnianej pod\u0142odze.<\/p>\n<p>Je\u015bli kochasz kwiaty to zach\u0119camy do przeczytania naszego artyku\u0142u o tym <a href=\"https:\/\/www.pakamera.pl\/magazyn\/wybieramy-drewniany-stojak-na-kwiaty-do-salonu\/\" target=\"_blank\" rel=\"noopener\">jak wybra\u0107 drewniany stojak na kwiaty do salonu<\/a>.<\/p>\n<h2>Minimalizm i prostota \u2014 czy mniej znaczy wi\u0119cej?<\/h2>\n<p>Skandynawski minimalizm zawiera w sobie wszystko, czego potrzebujemy na co dzie\u0144. Funkcjonalne dodatki wype\u0142niaj\u0105ce skandynawskie wn\u0119trza, eko-materia\u0142y, ogrom \u015bwiat\u0142a i ciep\u0142ych barw \u2014 to wszystko sprawia, \u017ce przestrze\u0144, w kt\u00f3rej si\u0119 znajdujemy, jest nie tylko przytulna i modna, ale r\u00f3wnie\u017c pozytywnie nastraja. <strong>Stylistyka rodem z p\u00f3\u0142nocnej Europy jest doskona\u0142ym potwierdzeniem tego, \u017ce s\u0142ynne powiedzenie \u201cmniej znaczy wi\u0119cej\u201d, jak najbardziej pozostaje aktualne.<\/strong><\/p>\n<p>Je\u015bli szukasz mebli lub dodatk\u00f3w do swojego wn\u0119trza w stylu skandynawskim zapraszamy do naszego sklepu Pakamera.pl.<\/p>\n","protected":false},"excerpt":{"rendered":"<p>Nies\u0142abn\u0105c\u0105 popularno\u015bci\u0105 w aran\u017cacjach wn\u0119trz cieszy si\u0119 styl skandynawski. To nurt stworzony dla mi\u0142o\u015bnik\u00f3w minimalizmu, prostoty oraz komfortu. Skandynawskie trendy we wn\u0119trzach cechuj\u0105 si\u0119 niezwyk\u0142\u0105 funkcjonalno\u015bci\u0105 i nierzadko nawi\u0105zuj\u0105 do<span class=\"more-dots\">&#8230;<\/span><\/p>\n","protected":false},"author":15,"featured_media":8947,"comment_status":"closed","ping_status":"closed","sticky":false,"template":"","format":"standard","meta":{"footnotes":""},"categories":[12],"tags":[2403,1814,2404,1380],"class_list":["post-8946","post","type-post","status-publish","format-standard","has-post-thumbnail","hentry","category-dom-i-wnetrza","tag-drewniane-meble","tag-kwietnik-drewniany","tag-stolik-kawowy","tag-styl-skandynawski"],"yoast_head":"<!-- This site is optimized with the Yoast SEO plugin v21.6 - https:\/\/yoast.com\/wordpress\/plugins\/seo\/ -->\n<title>Styl skandynawski we wn\u0119trzach - Magazyn Pakamera.pl<\/title>\n<meta name=\"description\" content=\"Nies\u0142abn\u0105c\u0105 popularno\u015bci\u0105 w aran\u017cacjach cieszy si\u0119 styl skandynawski. To nurt stworzony dla mi\u0142o\u015bnik\u00f3w minimalizmu, prostoty oraz komfortu.\" \/>\n<meta name=\"robots\" content=\"index, follow\" \/>\n<link rel=\"canonical\" href=\"https:\/\/www.pakamera.pl\/magazyn\/styl-skandynawski-we-wnetrzach\/\" \/>\n<meta property=\"og:locale\" content=\"pl_PL\" \/>\n<meta property=\"og:type\" content=\"article\" \/>\n<meta property=\"og:title\" content=\"Styl skandynawski we wn\u0119trzach - Magazyn Pakamera.pl\" \/>\n<meta property=\"og:description\" content=\"Nies\u0142abn\u0105c\u0105 popularno\u015bci\u0105 w aran\u017cacjach cieszy si\u0119 styl skandynawski. To nurt stworzony dla mi\u0142o\u015bnik\u00f3w minimalizmu, prostoty oraz komfortu.\" \/>\n<meta property=\"og:url\" content=\"https:\/\/www.pakamera.pl\/magazyn\/styl-skandynawski-we-wnetrzach\/\" \/>\n<meta property=\"og:site_name\" content=\"Magazyn Pakamera.pl\" \/>\n<meta property=\"article:publisher\" content=\"https:\/\/facebook.com\/pakamerapl\" \/>\n<meta property=\"article:published_time\" content=\"2023-09-20T09:08:22+00:00\" \/>\n<meta property=\"article:modified_time\" content=\"2023-09-20T10:17:18+00:00\" \/>\n<meta property=\"og:image\" content=\"https:\/\/imgmag.pakamera.net\/2023\/09\/styl-skandynawski-we-wnetrzach-163840548872.jpg\" \/>\n\t<meta property=\"og:image:width\" content=\"1600\" \/>\n\t<meta property=\"og:image:height\" content=\"840\" \/>\n\t<meta property=\"og:image:type\" content=\"image\/jpeg\" \/>\n<meta name=\"author\" content=\"Kinga Paw\u0142owska\" \/>\n<meta name=\"twitter:card\" content=\"summary_large_image\" \/>\n<meta name=\"twitter:label1\" content=\"Napisane przez\" \/>\n\t<meta name=\"twitter:data1\" content=\"Kinga Paw\u0142owska\" \/>\n\t<meta name=\"twitter:label2\" content=\"Szacowany czas czytania\" \/>\n\t<meta name=\"twitter:data2\" content=\"6 minut\" \/>\n<script type=\"application\/ld+json\" class=\"yoast-schema-graph\">{\"@context\":\"https:\/\/schema.org\",\"@graph\":[{\"@type\":\"Article\",\"@id\":\"https:\/\/www.pakamera.pl\/magazyn\/styl-skandynawski-we-wnetrzach\/#article\",\"isPartOf\":{\"@id\":\"https:\/\/www.pakamera.pl\/magazyn\/styl-skandynawski-we-wnetrzach\/\"},\"author\":{\"name\":\"Kinga Paw\u0142owska\",\"@id\":\"https:\/\/www.pakamera.pl\/magazyn\/#\/schema\/person\/3260837128eb02b1b1ed1972385dff23\"},\"headline\":\"Styl skandynawski we wn\u0119trzach\",\"datePublished\":\"2023-09-20T09:08:22+00:00\",\"dateModified\":\"2023-09-20T10:17:18+00:00\",\"mainEntityOfPage\":{\"@id\":\"https:\/\/www.pakamera.pl\/magazyn\/styl-skandynawski-we-wnetrzach\/\"},\"wordCount\":955,\"publisher\":{\"@id\":\"https:\/\/www.pakamera.pl\/magazyn\/#organization\"},\"keywords\":[\"drewniane meble\",\"kwietnik drewniany\",\"stolik kawowy\",\"styl skandynawski\"],\"articleSection\":[\"Dom i Wn\u0119trze\"],\"inLanguage\":\"pl-PL\"},{\"@type\":\"WebPage\",\"@id\":\"https:\/\/www.pakamera.pl\/magazyn\/styl-skandynawski-we-wnetrzach\/\",\"url\":\"https:\/\/www.pakamera.pl\/magazyn\/styl-skandynawski-we-wnetrzach\/\",\"name\":\"Styl skandynawski we wn\u0119trzach - Magazyn Pakamera.pl\",\"isPartOf\":{\"@id\":\"https:\/\/www.pakamera.pl\/magazyn\/#website\"},\"datePublished\":\"2023-09-20T09:08:22+00:00\",\"dateModified\":\"2023-09-20T10:17:18+00:00\",\"description\":\"Nies\u0142abn\u0105c\u0105 popularno\u015bci\u0105 w aran\u017cacjach cieszy si\u0119 styl skandynawski. To nurt stworzony dla mi\u0142o\u015bnik\u00f3w minimalizmu, prostoty oraz komfortu.\",\"breadcrumb\":{\"@id\":\"https:\/\/www.pakamera.pl\/magazyn\/styl-skandynawski-we-wnetrzach\/#breadcrumb\"},\"inLanguage\":\"pl-PL\",\"potentialAction\":[{\"@type\":\"ReadAction\",\"target\":[\"https:\/\/www.pakamera.pl\/magazyn\/styl-skandynawski-we-wnetrzach\/\"]}]},{\"@type\":\"BreadcrumbList\",\"@id\":\"https:\/\/www.pakamera.pl\/magazyn\/styl-skandynawski-we-wnetrzach\/#breadcrumb\",\"itemListElement\":[{\"@type\":\"ListItem\",\"position\":1,\"name\":\"Magazyn\",\"item\":\"https:\/\/www.pakamera.pl\/magazyn\/\"},{\"@type\":\"ListItem\",\"position\":2,\"name\":\"Dom i Wn\u0119trze\",\"item\":\"https:\/\/www.pakamera.pl\/magazyn\/category\/dom-i-wnetrza\/\"},{\"@type\":\"ListItem\",\"position\":3,\"name\":\"Styl skandynawski we wn\u0119trzach\"}]},{\"@type\":\"WebSite\",\"@id\":\"https:\/\/www.pakamera.pl\/magazyn\/#website\",\"url\":\"https:\/\/www.pakamera.pl\/magazyn\/\",\"name\":\"Magazyn Pakamera.pl\",\"description\":\"Sprawd\u017a najgor\u0119tsze tematy sezonu!\",\"publisher\":{\"@id\":\"https:\/\/www.pakamera.pl\/magazyn\/#organization\"},\"potentialAction\":[{\"@type\":\"SearchAction\",\"target\":{\"@type\":\"EntryPoint\",\"urlTemplate\":\"https:\/\/www.pakamera.pl\/magazyn\/?s={search_term_string}\"},\"query-input\":\"required name=search_term_string\"}],\"inLanguage\":\"pl-PL\"},{\"@type\":\"Organization\",\"@id\":\"https:\/\/www.pakamera.pl\/magazyn\/#organization\",\"name\":\"Pakamera.pl\",\"url\":\"https:\/\/www.pakamera.pl\/magazyn\/\",\"logo\":{\"@type\":\"ImageObject\",\"inLanguage\":\"pl-PL\",\"@id\":\"https:\/\/www.pakamera.pl\/magazyn\/#\/schema\/logo\/image\/\",\"url\":\"https:\/\/imgmag.pakamera.net\/2023\/11\/153455466619.png\",\"contentUrl\":\"https:\/\/imgmag.pakamera.net\/2023\/11\/153455466619.png\",\"width\":690,\"height\":140,\"caption\":\"Pakamera.pl\"},\"image\":{\"@id\":\"https:\/\/www.pakamera.pl\/magazyn\/#\/schema\/logo\/image\/\"},\"sameAs\":[\"https:\/\/facebook.com\/pakamerapl\",\"https:\/\/www.instagram.com\/pakamera\/\"]},{\"@type\":\"Person\",\"@id\":\"https:\/\/www.pakamera.pl\/magazyn\/#\/schema\/person\/3260837128eb02b1b1ed1972385dff23\",\"name\":\"Kinga Paw\u0142owska\",\"description\":\"Jestem pasjonatk\u0105 designu, mody i sztuki wyra\u017cania siebie poprzez ubi\u00f3r i dodatki. Moja misja polega na przekazywaniu wiedzy i inspiracji w dziedzinie bi\u017cuterii, mody, dekoracji wn\u0119trz oraz r\u00f3\u017cnego rodzaju dodatk\u00f3w, kt\u00f3re sprawi\u0105, \u017ce Twoje \u017cycie stanie si\u0119 jeszcze bardziej pi\u0119kne i wyj\u0105tkowe. W moich postach znajdziesz przewodniki po najnowszych trendach, zar\u00f3wno je\u015bli chodzi o kolory wn\u0119trz, jak i modne dodatki czy bi\u017cuteri\u0119. Pragn\u0119 pom\u00f3c Ci odkry\u0107, jakie style wn\u0119trza pasuj\u0105 do Twojej osobowo\u015bci, a tak\u017ce jak dopasowa\u0107 bi\u017cuteri\u0119 do r\u00f3\u017cnych rodzaj\u00f3w sukienek czy stylizacji. Jestem r\u00f3wnie\u017c zwolenniczk\u0105 wyj\u0105tkowych, r\u0119cznie robionych produkt\u00f3w. W moich postach znajdziesz wiele inspiracji zwi\u0105zanych z r\u0119kodzie\u0142em, takimi jak eleganckie apaszki jedwabne, ozdoby na g\u0142ow\u0119 czy bi\u017cuteria artystyczna od polskich marek. W moich postach po\u015bwi\u0119cam r\u00f3wnie\u017c uwag\u0119 polskim projektantom i markom. Dziel\u0119 si\u0119 informacjami na temat bi\u017cuterii, ubra\u0144 i dodatk\u00f3w od rodzimych marek, kt\u00f3re tworz\u0105 wyj\u0105tkowe produkty. Moj\u0105 misj\u0105 jest dostarczanie inspiracji i praktycznych wskaz\u00f3wek z zakresu mody, designu, wn\u0119trz i bi\u017cuterii. Pragn\u0119, aby moje wpisy pomaga\u0142y Ci w tworzeniu wyj\u0105tkowych stylizacji, wyborze idealnych prezent\u00f3w oraz w aran\u017cacji pi\u0119knych wn\u0119trz. Zawsze staram si\u0119 dostarcza\u0107 tre\u015bci oparte na solidnych \u017ar\u00f3d\u0142ach i wiedzy, aby\u015b m\u00f3g\u0142\/a korzysta\u0107 z nich z pe\u0142nym zaufaniem.\"}]}<\/script>\n<!-- \/ Yoast SEO plugin. -->","yoast_head_json":{"title":"Styl skandynawski we wn\u0119trzach - Magazyn Pakamera.pl","description":"Nies\u0142abn\u0105c\u0105 popularno\u015bci\u0105 w aran\u017cacjach cieszy si\u0119 styl skandynawski. To nurt stworzony dla mi\u0142o\u015bnik\u00f3w minimalizmu, prostoty oraz komfortu.","robots":{"index":"index","follow":"follow"},"canonical":"https:\/\/www.pakamera.pl\/magazyn\/styl-skandynawski-we-wnetrzach\/","og_locale":"pl_PL","og_type":"article","og_title":"Styl skandynawski we wn\u0119trzach - Magazyn Pakamera.pl","og_description":"Nies\u0142abn\u0105c\u0105 popularno\u015bci\u0105 w aran\u017cacjach cieszy si\u0119 styl skandynawski. To nurt stworzony dla mi\u0142o\u015bnik\u00f3w minimalizmu, prostoty oraz komfortu.","og_url":"https:\/\/www.pakamera.pl\/magazyn\/styl-skandynawski-we-wnetrzach\/","og_site_name":"Magazyn Pakamera.pl","article_publisher":"https:\/\/facebook.com\/pakamerapl","article_published_time":"2023-09-20T09:08:22+00:00","article_modified_time":"2023-09-20T10:17:18+00:00","og_image":[{"width":1600,"height":840,"url":"https:\/\/imgmag.pakamera.net\/2023\/09\/styl-skandynawski-we-wnetrzach-163840548872.jpg","type":"image\/jpeg"}],"author":"Kinga Paw\u0142owska","twitter_card":"summary_large_image","twitter_misc":{"Napisane przez":"Kinga Paw\u0142owska","Szacowany czas czytania":"6 minut"},"schema":{"@context":"https:\/\/schema.org","@graph":[{"@type":"Article","@id":"https:\/\/www.pakamera.pl\/magazyn\/styl-skandynawski-we-wnetrzach\/#article","isPartOf":{"@id":"https:\/\/www.pakamera.pl\/magazyn\/styl-skandynawski-we-wnetrzach\/"},"author":{"name":"Kinga Paw\u0142owska","@id":"https:\/\/www.pakamera.pl\/magazyn\/#\/schema\/person\/3260837128eb02b1b1ed1972385dff23"},"headline":"Styl skandynawski we wn\u0119trzach","datePublished":"2023-09-20T09:08:22+00:00","dateModified":"2023-09-20T10:17:18+00:00","mainEntityOfPage":{"@id":"https:\/\/www.pakamera.pl\/magazyn\/styl-skandynawski-we-wnetrzach\/"},"wordCount":955,"publisher":{"@id":"https:\/\/www.pakamera.pl\/magazyn\/#organization"},"keywords":["drewniane meble","kwietnik drewniany","stolik kawowy","styl skandynawski"],"articleSection":["Dom i Wn\u0119trze"],"inLanguage":"pl-PL"},{"@type":"WebPage","@id":"https:\/\/www.pakamera.pl\/magazyn\/styl-skandynawski-we-wnetrzach\/","url":"https:\/\/www.pakamera.pl\/magazyn\/styl-skandynawski-we-wnetrzach\/","name":"Styl skandynawski we wn\u0119trzach - Magazyn Pakamera.pl","isPartOf":{"@id":"https:\/\/www.pakamera.pl\/magazyn\/#website"},"datePublished":"2023-09-20T09:08:22+00:00","dateModified":"2023-09-20T10:17:18+00:00","description":"Nies\u0142abn\u0105c\u0105 popularno\u015bci\u0105 w aran\u017cacjach cieszy si\u0119 styl skandynawski. To nurt stworzony dla mi\u0142o\u015bnik\u00f3w minimalizmu, prostoty oraz komfortu.","breadcrumb":{"@id":"https:\/\/www.pakamera.pl\/magazyn\/styl-skandynawski-we-wnetrzach\/#breadcrumb"},"inLanguage":"pl-PL","potentialAction":[{"@type":"ReadAction","target":["https:\/\/www.pakamera.pl\/magazyn\/styl-skandynawski-we-wnetrzach\/"]}]},{"@type":"BreadcrumbList","@id":"https:\/\/www.pakamera.pl\/magazyn\/styl-skandynawski-we-wnetrzach\/#breadcrumb","itemListElement":[{"@type":"ListItem","position":1,"name":"Magazyn","item":"https:\/\/www.pakamera.pl\/magazyn\/"},{"@type":"ListItem","position":2,"name":"Dom i Wn\u0119trze","item":"https:\/\/www.pakamera.pl\/magazyn\/category\/dom-i-wnetrza\/"},{"@type":"ListItem","position":3,"name":"Styl skandynawski we wn\u0119trzach"}]},{"@type":"WebSite","@id":"https:\/\/www.pakamera.pl\/magazyn\/#website","url":"https:\/\/www.pakamera.pl\/magazyn\/","name":"Magazyn Pakamera.pl","description":"Sprawd\u017a najgor\u0119tsze tematy sezonu!","publisher":{"@id":"https:\/\/www.pakamera.pl\/magazyn\/#organization"},"potentialAction":[{"@type":"SearchAction","target":{"@type":"EntryPoint","urlTemplate":"https:\/\/www.pakamera.pl\/magazyn\/?s={search_term_string}"},"query-input":"required name=search_term_string"}],"inLanguage":"pl-PL"},{"@type":"Organization","@id":"https:\/\/www.pakamera.pl\/magazyn\/#organization","name":"Pakamera.pl","url":"https:\/\/www.pakamera.pl\/magazyn\/","logo":{"@type":"ImageObject","inLanguage":"pl-PL","@id":"https:\/\/www.pakamera.pl\/magazyn\/#\/schema\/logo\/image\/","url":"https:\/\/imgmag.pakamera.net\/2023\/11\/153455466619.png","contentUrl":"https:\/\/imgmag.pakamera.net\/2023\/11\/153455466619.png","width":690,"height":140,"caption":"Pakamera.pl"},"image":{"@id":"https:\/\/www.pakamera.pl\/magazyn\/#\/schema\/logo\/image\/"},"sameAs":["https:\/\/facebook.com\/pakamerapl","https:\/\/www.instagram.com\/pakamera\/"]},{"@type":"Person","@id":"https:\/\/www.pakamera.pl\/magazyn\/#\/schema\/person\/3260837128eb02b1b1ed1972385dff23","name":"Kinga Paw\u0142owska","description":"Jestem pasjonatk\u0105 designu, mody i sztuki wyra\u017cania siebie poprzez ubi\u00f3r i dodatki. Moja misja polega na przekazywaniu wiedzy i inspiracji w dziedzinie bi\u017cuterii, mody, dekoracji wn\u0119trz oraz r\u00f3\u017cnego rodzaju dodatk\u00f3w, kt\u00f3re sprawi\u0105, \u017ce Twoje \u017cycie stanie si\u0119 jeszcze bardziej pi\u0119kne i wyj\u0105tkowe. W moich postach znajdziesz przewodniki po najnowszych trendach, zar\u00f3wno je\u015bli chodzi o kolory wn\u0119trz, jak i modne dodatki czy bi\u017cuteri\u0119. Pragn\u0119 pom\u00f3c Ci odkry\u0107, jakie style wn\u0119trza pasuj\u0105 do Twojej osobowo\u015bci, a tak\u017ce jak dopasowa\u0107 bi\u017cuteri\u0119 do r\u00f3\u017cnych rodzaj\u00f3w sukienek czy stylizacji. Jestem r\u00f3wnie\u017c zwolenniczk\u0105 wyj\u0105tkowych, r\u0119cznie robionych produkt\u00f3w. W moich postach znajdziesz wiele inspiracji zwi\u0105zanych z r\u0119kodzie\u0142em, takimi jak eleganckie apaszki jedwabne, ozdoby na g\u0142ow\u0119 czy bi\u017cuteria artystyczna od polskich marek. W moich postach po\u015bwi\u0119cam r\u00f3wnie\u017c uwag\u0119 polskim projektantom i markom. Dziel\u0119 si\u0119 informacjami na temat bi\u017cuterii, ubra\u0144 i dodatk\u00f3w od rodzimych marek, kt\u00f3re tworz\u0105 wyj\u0105tkowe produkty. Moj\u0105 misj\u0105 jest dostarczanie inspiracji i praktycznych wskaz\u00f3wek z zakresu mody, designu, wn\u0119trz i bi\u017cuterii. Pragn\u0119, aby moje wpisy pomaga\u0142y Ci w tworzeniu wyj\u0105tkowych stylizacji, wyborze idealnych prezent\u00f3w oraz w aran\u017cacji pi\u0119knych wn\u0119trz. Zawsze staram si\u0119 dostarcza\u0107 tre\u015bci oparte na solidnych \u017ar\u00f3d\u0142ach i wiedzy, aby\u015b m\u00f3g\u0142\/a korzysta\u0107 z nich z pe\u0142nym zaufaniem."}]}},"_links":{"self":[{"href":"https:\/\/www.pakamera.pl\/magazyn\/wp-json\/wp\/v2\/posts\/8946","targetHints":{"allow":["GET"]}}],"collection":[{"href":"https:\/\/www.pakamera.pl\/magazyn\/wp-json\/wp\/v2\/posts"}],"about":[{"href":"https:\/\/www.pakamera.pl\/magazyn\/wp-json\/wp\/v2\/types\/post"}],"author":[{"embeddable":true,"href":"https:\/\/www.pakamera.pl\/magazyn\/wp-json\/wp\/v2\/users\/15"}],"replies":[{"embeddable":true,"href":"https:\/\/www.pakamera.pl\/magazyn\/wp-json\/wp\/v2\/comments?post=8946"}],"version-history":[{"count":1,"href":"https:\/\/www.pakamera.pl\/magazyn\/wp-json\/wp\/v2\/posts\/8946\/revisions"}],"predecessor-version":[{"id":10072,"href":"https:\/\/www.pakamera.pl\/magazyn\/wp-json\/wp\/v2\/posts\/8946\/revisions\/10072"}],"wp:featuredmedia":[{"embeddable":true,"href":"https:\/\/www.pakamera.pl\/magazyn\/wp-json\/wp\/v2\/media\/8947"}],"wp:attachment":[{"href":"https:\/\/www.pakamera.pl\/magazyn\/wp-json\/wp\/v2\/media?parent=8946"}],"wp:term":[{"taxonomy":"category","embeddable":true,"href":"https:\/\/www.pakamera.pl\/magazyn\/wp-json\/wp\/v2\/categories?post=8946"},{"taxonomy":"post_tag","embeddable":true,"href":"https:\/\/www.pakamera.pl\/magazyn\/wp-json\/wp\/v2\/tags?post=8946"}],"curies":[{"name":"wp","href":"https:\/\/api.w.org\/{rel}","templated":true}]}}