{"id":8942,"date":"2023-09-19T16:10:40","date_gmt":"2023-09-19T14:10:40","guid":{"rendered":"https:\/\/www.pakamera.pl\/magazyn\/?p=8942"},"modified":"2025-04-03T15:26:08","modified_gmt":"2025-04-03T13:26:08","slug":"kolory-wnetrz-2023-przewodnik-po-najmodniejszych-trendach","status":"publish","type":"post","link":"https:\/\/www.pakamera.pl\/magazyn\/kolory-wnetrz-2023-przewodnik-po-najmodniejszych-trendach\/","title":{"rendered":"Kolory wn\u0119trz 2026: Przewodnik po najmodniejszych trendach"},"content":{"rendered":"<p><strong>Paleta barw farb \u015bciennych jest niezmiernie bogata, dlatego zdecydowanie si\u0119 na konkretny kolor potrafi sp\u0119dzi\u0107 sen z powiek. Poza w\u0142asnymi upodobaniami, przy wyborze warto wzi\u0105\u0107 pod uwag\u0119 kilka innych kwestii, w tym r\u00f3wnie\u017c tera\u017aniejsze trendy. Je\u015bli stoisz przed tym trudn\u0105 decyzj\u0105, koniecznie zapoznaj si\u0119 z naszym poradnikiem. Poni\u017cej zdradzamy, jakie s\u0105 najmodniejsze kolory wn\u0119trz 2026.<\/strong><\/p>\n<p><!--more--><\/p>\n<figure id=\"attachment_8943\" aria-describedby=\"caption-attachment-8943\" style=\"width: 1600px\" class=\"wp-caption alignnone\"><img loading=\"lazy\" decoding=\"async\" class=\"wp-image-8943 size-full\" src=\"https:\/\/imgmag.pakamera.net\/2023\/09\/kolory-wnetrz-2023-przewodnik-po-najmodniejszych-trendach-151741260271.jpg\" alt=\"Kolory wn\u0119trz 2023\" width=\"1600\" height=\"840\" \/><figcaption id=\"caption-attachment-8943\" class=\"wp-caption-text\">Fototapeta TAPETAMA ocelot w d\u017cungli \/ TAPETAMA<\/figcaption><\/figure>\n<p>Wyb\u00f3r koloru wn\u0119trza nie powinien by\u0107 podejmowany pochopnie. Niewiele os\u00f3b zdaje sobie spraw\u0119 z tego, \u017ce <strong>poza wyko\u0144czeniem pomieszczenia i dope\u0142nieniem charakteru danego pokoju, pomalowane \u015bciany pe\u0142ni\u0105 r\u00f3wnie\u017c inne funkcje, w tym m.in. wp\u0142ywaj\u0105 na nastr\u00f3j<\/strong>. Potwierdzono tak\u017ce, \u017ce kolory oddzia\u0142uj\u0105 na sfery takie jak koncentracja czy ilo\u015b\u0107 energii. Aby zapewni\u0107 sobie pe\u0142en komfort we w\u0142asnym domu, gabinecie czy innej przestrzeni, w kt\u00f3rej przebywa si\u0119 wi\u0119kszo\u015b\u0107 czasu, nale\u017cy wi\u0119c zadba\u0107 o w\u0142a\u015bciwe dopasowanie barw.<\/p>\n<p><strong>Co warto wzi\u0105\u0107 pod uwag\u0119 podczas aran\u017cowania swojego miejsca na ziemi? Rodzaj i przeznaczenie pomieszcze\u0144, w\u0142asne preferencje (barwy powinny odzwierciedla\u0107 osobowo\u015b\u0107) oraz bie\u017c\u0105ce style i tendencje wn\u0119trzarskie<\/strong>. Poni\u017cej zdradzamy szczeg\u00f3\u0142owo, jakie kolory wn\u0119trz 2026 s\u0105 najmodniejsze i jednocze\u015bnie najpraktyczniejsze.<\/p>\n<h2>Najnowsze trendy wn\u0119trzarskie \u2014 kolory wn\u0119trz polecane na 2026 rok<\/h2>\n<p>Je\u017celi szukasz klasycznego, eleganckiego, a do tego ponadczasowego koloru dla Twojego wn\u0119trza, kt\u00f3ry b\u0119dzie obowi\u0105zywa\u0142 przez kolejne lata, bez zastanowienia postaw na be\u017c. <strong>Odcienie be\u017cu pozwalaj\u0105 stworzy\u0107 przytulne pomieszczenie, w kt\u00f3rym mo\u017cna si\u0119 odpr\u0119\u017cy\u0107 i zrelaksowa\u0107<\/strong>. W 2026 roku wn\u0119trza w tym kolorze ch\u0119tnie urz\u0105dzane s\u0105 na styl rustykalny oraz boho. <strong>Prym wiedzie r\u00f3wnie\u017c biel, kt\u00f3ra od lat postrzegana jest za jedno z najbardziej uniwersalnych i modnych rozwi\u0105za\u0144.<\/strong><\/p>\n<div id=\"pakawidget787\" class=\"pakawidget\"><\/div>\n<p><script async defer src=\"https:\/\/www.pakamera.pl\/widget\/widget2.min.js?id=787&#038;type=20230919152650&#038;wwidth=1000\"><\/script><\/p>\n<p>Poza jasnymi be\u017cami oraz biel\u0105 na pierwszy plan wysuwaj\u0105 si\u0119 r\u00f3wnie\u017c ekspresyjne i \u017cywe barwy, takie jak g\u0142\u0119boki, purpurowo-czerwony odcie\u0144, zw\u0142aszcza w po\u0142\u0105czeniu z innymi kolorami. <strong>Zestawienie energetycznej purpury ze stonowan\u0105 szaro\u015bci\u0105 b\u0105d\u017a delikatn\u0105, przygaszon\u0105 zieleni\u0105 w tym sezonie oka\u017ce si\u0119 wyr\u00f3\u017cniaj\u0105cym, a do tego modnym posuni\u0119ciem<\/strong>. Warte uwagi s\u0105 ponadto pomara\u0144cze i \u017c\u00f3\u0142cie, kt\u00f3re okrzykni\u0119te zosta\u0142y gor\u0105cym trendem kolorystycznym 2026 roku.<\/p>\n<h2>Modne kolory \u015bcian 2026. Jak dopasowa\u0107 kolor do charakteru wn\u0119trza?<\/h2>\n<p><strong>Przed zapoznaniem si\u0119 z aktualnymi trendami i modnymi kolorami wn\u0119trz 2026, najpierw warto wzi\u0105\u0107 pod uwag\u0119 charakter miejsca oraz jego przeznaczenie<\/strong>. Barwy \u015bcian poza dopieszczeniem aran\u017cacji i jej dope\u0142nieniem, wp\u0142ywaj\u0105 r\u00f3wnie\u017c na nasz nastr\u00f3j i nastawienie do dzia\u0142ania. Istnieje kilka sprawdzonych rozwi\u0105za\u0144, kt\u00f3re zawsze b\u0119d\u0105 prezentowa\u0107 si\u0119 nienagannie i schludnie, a do tego wpisuj\u0105 si\u0119 w obowi\u0105zuj\u0105ce nurty i trendy.<\/p>\n<p><strong>Do sypialni eksperci rekomenduj\u0105 wybiera\u0107 kolory stonowane, kt\u00f3re przynosz\u0105 wytchnienie i pozytywnie nastrajaj\u0105<\/strong>. Do takich bez dw\u00f3ch zda\u0144 nale\u017c\u0105 be\u017ce, b\u0142\u0119kit, szaro\u015bci, a nawet turkus. W przypadku wyka\u0144czania kuchni problem wydaje si\u0119 nieco mniejszy, poniewa\u017c wi\u0119kszo\u015b\u0107 powierzchni wype\u0142niaj\u0105 meble oraz niezb\u0119dne sprz\u0119ty AGD. Do tego pomieszczenia najch\u0119tniej dobierane s\u0105 jasne, pastelowe barwy.<\/p>\n<p><strong>Kolory wn\u0119trz 2026 do kuchni, zgodnie z najnowszymi trendami sugeruj\u0105 zw\u0142aszcza wykorzystanie pasteli, be\u017cu oraz nie\u015bmiertelnej bieli, kt\u00f3ra nigdy nie wychodzi z mody.<\/strong> Je\u017celi jednak decydujesz si\u0119 na meble w atrakcyjnym, nietypowym kolorze, dobrze sprawdz\u0105 si\u0119 nieco subtelniejsze odcienie. Osoby odwa\u017cne, kt\u00f3re nie lubi\u0105 monotonii i nudy mog\u0105 pozwoli\u0107 sobie tak\u017ce na po\u0142\u0105czenie kilku mocniejszych kolor\u00f3w.<\/p>\n<figure id=\"attachment_8944\" aria-describedby=\"caption-attachment-8944\" style=\"width: 1600px\" class=\"wp-caption aligncenter\"><img loading=\"lazy\" decoding=\"async\" class=\"wp-image-8944 size-full\" src=\"https:\/\/imgmag.pakamera.net\/2023\/09\/kolory-wnetrz-2023-przewodnik-po-najmodniejszych-trendach-154020191632.jpg\" alt=\"szara fototapeta do salonu\" width=\"1600\" height=\"840\" srcset=\"https:\/\/imgmag.pakamera.net\/2023\/09\/kolory-wnetrz-2023-przewodnik-po-najmodniejszych-trendach-154020191632.jpg 1600w, https:\/\/imgmag.pakamera.net\/2023\/09\/kolory-wnetrz-2023-przewodnik-po-najmodniejszych-trendach-154020191632-1536x806.jpg 1536w\" sizes=\"auto, (max-width: 1600px) 100vw, 1600px\" \/><figcaption id=\"caption-attachment-8944\" class=\"wp-caption-text\">Tropical Forest Fototapeta \/ farby dekoracje<\/figcaption><\/figure>\n<p><strong>Co z pozosta\u0142ymi pomieszczeniami? Do salonu modnymi kolorami w 2026 s\u0105 szczeg\u00f3lnie grafit, be\u017c i odcie\u0144 oliwki<\/strong>. Coraz cz\u0119\u015bciej wybierane s\u0105 ponadto tonacje sza\u0142wii, czyli po\u0142\u0105czenie zieleni, bieli, b\u0142\u0119kitu i szaro\u015bci. Z kolei do przestrzeni takich jak gabinet czy pracownia warto zastanowi\u0107 si\u0119 nad barwami, kt\u00f3re s\u0105 energetyczne i inspiruj\u0105ce. \u015awietnie sprawdz\u0105 si\u0119 zatem nasycone fiolety i r\u00f3\u017ce.<\/p>\n<div id=\"pakawidget788\" class=\"pakawidget\"><\/div>\n<p><script async defer src=\"https:\/\/www.pakamera.pl\/widget\/widget2.min.js?id=788&#038;type=20230919160607&#038;wwidth=1000\"><\/script><\/p>\n<p>Je\u015bli lubisz tekstury to doskona\u0142ym rozwi\u0105zaniem b\u0119d\u0105 dla ciebie <a href=\"https:\/\/www.pakamera.pl\/kafle-recznie-robione-0-t19250.htm\" target=\"_blank\" rel=\"noopener\">r\u0119czne robione kafle<\/a>, kt\u00f3re stworz\u0105 doskona\u0142y klimat w ka\u017cdym wn\u0119trzu. O tym <a href=\"https:\/\/www.pakamera.pl\/magazyn\/recznie-robione-kafle-jak-stworzyc-oryginalne-wnetrze\/\" target=\"_blank\" rel=\"noopener\">jak stworzy\u0107 oryginalne wn\u0119trze z r\u0119cznie robionymi kaflami<\/a> pisali\u015bmy we wcze\u015bniejszej publikacji.<\/p>\n<h2>Kreatywne po\u0142\u0105czenia kolor\u00f3w \u2014 jak stworzy\u0107 wyj\u0105tkow\u0105 przestrze\u0144 w 2026 roku?<\/h2>\n<p>Wyka\u0144czanie wymarzonego mieszkania czy domu jest wymagaj\u0105cym zadaniem, jednak warto w\u0142o\u017cy\u0107 w nie ca\u0142\u0105 swoj\u0105 energi\u0119 i serce, aby p\u00f3\u017aniej cieszy\u0107 si\u0119 rewelacyjnym efektem na d\u0142ugie lata. Je\u017celi zale\u017cy Ci na tym, \u017ceby przestrze\u0144, w kt\u00f3rej sp\u0119dzasz wi\u0119kszo\u015b\u0107 swojego czasu by\u0142a nie tylko komfortowa i stylowa, ale r\u00f3wnie\u017c niepowtarzalna, zainspiruj si\u0119 poni\u017cszymi propozycjami.<\/p>\n<p>\u2022 <strong>Nie da si\u0119 zaprzeczy\u0107, \u017ce przoduj\u0105cym trendem koloru wn\u0119trz 2026 s\u0105 barwy inspirowane natur\u0105.<\/strong> Mo\u017cna je jednak prze\u0142ama\u0107, zestawiaj\u0105c z innymi tonacjami. <strong>Ciekawym rozwa\u017cenia trendem wn\u0119trzarskim jest \u0142\u0105czenie odcieni kwiecistych \u0142\u0105k (np. r\u00f3\u017cu) z be\u017cowymi tonacjami<\/strong>. Taki zestaw umo\u017cliwia zbudowanie przestrzeni, z kt\u00f3rej a\u017c bije serdeczno\u015b\u0107, mi\u0142o\u015b\u0107, spok\u00f3j, go\u015bcinno\u015b\u0107 oraz ciep\u0142o.<\/p>\n<p>\u2022 <strong>Kolory wn\u0119trz 2026 to tak\u017ce odcienie lasu. Krzykliwe zielenie zestawione z fioletem czy br\u0105zem to prawdziwy strza\u0142 w dziesi\u0105tk\u0119<\/strong>.<\/p>\n<p>\u2022 <strong>Wyszukanym po\u0142\u0105czeniem kolor\u00f3w jest tak\u017ce kombinacja morskiego b\u0142\u0119kitu z piaskow\u0105, naturaln\u0105 nut\u0105<\/strong>.<\/p>\n<p>Je\u015bli w\u0142a\u015bnie planujesz przearan\u017cowa\u0107 swoje wn\u0119trze zach\u0119cam do przeczytania naszego wcze\u015bniejszego artyku\u0142u, kt\u00f3ry pomo\u017ce ci odkry\u0107 <a href=\"https:\/\/www.pakamera.pl\/magazyn\/odkryj-jaki-styl-wnetrza-pasuje-do-twojej-osobowosci\/\" target=\"_blank\" rel=\"noopener\">jaki styl wn\u0119trza pasuje do twojej osobowo\u015bci<\/a>.<\/p>\n","protected":false},"excerpt":{"rendered":"<p>Paleta barw farb \u015bciennych jest niezmiernie bogata, dlatego zdecydowanie si\u0119 na konkretny kolor potrafi sp\u0119dzi\u0107 sen z powiek. Poza w\u0142asnymi upodobaniami, przy wyborze warto wzi\u0105\u0107 pod uwag\u0119 kilka innych kwestii,<span class=\"more-dots\">&#8230;<\/span><\/p>\n","protected":false},"author":15,"featured_media":8943,"comment_status":"closed","ping_status":"closed","sticky":false,"template":"","format":"standard","meta":{"footnotes":""},"categories":[12],"tags":[792,1818,1827,1563,1386,1485],"class_list":["post-8942","post","type-post","status-publish","format-standard","has-post-thumbnail","hentry","category-dom-i-wnetrza","tag-aranzacja-wnetrz","tag-artystyczne-kafle","tag-fototapeta","tag-modne-kolory","tag-najmodniejsze-kolory","tag-tapeta"],"yoast_head":"<!-- This site is optimized with the Yoast SEO plugin v21.6 - https:\/\/yoast.com\/wordpress\/plugins\/seo\/ -->\n<title>Kolory wn\u0119trz 2023: Przewodnik po trendach - Magazyn Pakamera.pl<\/title>\n<meta name=\"description\" content=\"Planujesz od\u015bwie\u017cy\u0107 swoje wn\u0119trze? Zobacz jakie propozycje i kolory wn\u0119trz 2023 na kt\u00f3re warto zwr\u00f3ci\u0107 uwag\u0119.\" \/>\n<meta name=\"robots\" content=\"index, follow\" \/>\n<link rel=\"canonical\" href=\"https:\/\/www.pakamera.pl\/magazyn\/kolory-wnetrz-2023-przewodnik-po-najmodniejszych-trendach\/\" \/>\n<meta property=\"og:locale\" content=\"pl_PL\" \/>\n<meta property=\"og:type\" content=\"article\" \/>\n<meta property=\"og:title\" content=\"Kolory wn\u0119trz 2023: Przewodnik po trendach - Magazyn Pakamera.pl\" \/>\n<meta property=\"og:description\" content=\"Planujesz od\u015bwie\u017cy\u0107 swoje wn\u0119trze? Zobacz jakie propozycje i kolory wn\u0119trz 2023 na kt\u00f3re warto zwr\u00f3ci\u0107 uwag\u0119.\" \/>\n<meta property=\"og:url\" content=\"https:\/\/www.pakamera.pl\/magazyn\/kolory-wnetrz-2023-przewodnik-po-najmodniejszych-trendach\/\" \/>\n<meta property=\"og:site_name\" content=\"Magazyn Pakamera.pl\" \/>\n<meta property=\"article:publisher\" content=\"https:\/\/facebook.com\/pakamerapl\" \/>\n<meta property=\"article:published_time\" content=\"2023-09-19T14:10:40+00:00\" \/>\n<meta property=\"article:modified_time\" content=\"2025-04-03T13:26:08+00:00\" \/>\n<meta property=\"og:image\" content=\"https:\/\/imgmag.pakamera.net\/2023\/09\/kolory-wnetrz-2023-przewodnik-po-najmodniejszych-trendach-151741260271.jpg\" \/>\n\t<meta property=\"og:image:width\" content=\"1600\" \/>\n\t<meta property=\"og:image:height\" content=\"840\" \/>\n\t<meta property=\"og:image:type\" content=\"image\/jpeg\" \/>\n<meta name=\"author\" content=\"Kinga Paw\u0142owska\" \/>\n<meta name=\"twitter:card\" content=\"summary_large_image\" \/>\n<meta name=\"twitter:label1\" content=\"Napisane przez\" \/>\n\t<meta name=\"twitter:data1\" content=\"Kinga Paw\u0142owska\" \/>\n\t<meta name=\"twitter:label2\" content=\"Szacowany czas czytania\" \/>\n\t<meta name=\"twitter:data2\" content=\"6 minut\" \/>\n<script type=\"application\/ld+json\" class=\"yoast-schema-graph\">{\"@context\":\"https:\/\/schema.org\",\"@graph\":[{\"@type\":\"Article\",\"@id\":\"https:\/\/www.pakamera.pl\/magazyn\/kolory-wnetrz-2023-przewodnik-po-najmodniejszych-trendach\/#article\",\"isPartOf\":{\"@id\":\"https:\/\/www.pakamera.pl\/magazyn\/kolory-wnetrz-2023-przewodnik-po-najmodniejszych-trendach\/\"},\"author\":{\"name\":\"Kinga Paw\u0142owska\",\"@id\":\"https:\/\/www.pakamera.pl\/magazyn\/#\/schema\/person\/3260837128eb02b1b1ed1972385dff23\"},\"headline\":\"Kolory wn\u0119trz 2026: Przewodnik po najmodniejszych trendach\",\"datePublished\":\"2023-09-19T14:10:40+00:00\",\"dateModified\":\"2025-04-03T13:26:08+00:00\",\"mainEntityOfPage\":{\"@id\":\"https:\/\/www.pakamera.pl\/magazyn\/kolory-wnetrz-2023-przewodnik-po-najmodniejszych-trendach\/\"},\"wordCount\":956,\"publisher\":{\"@id\":\"https:\/\/www.pakamera.pl\/magazyn\/#organization\"},\"keywords\":[\"aran\u017cacja wn\u0119trz\",\"artystyczne kafle\",\"fototapeta\",\"modne kolory\",\"najmodniejsze kolory\",\"tapeta\"],\"articleSection\":[\"Dom i Wn\u0119trze\"],\"inLanguage\":\"pl-PL\"},{\"@type\":\"WebPage\",\"@id\":\"https:\/\/www.pakamera.pl\/magazyn\/kolory-wnetrz-2023-przewodnik-po-najmodniejszych-trendach\/\",\"url\":\"https:\/\/www.pakamera.pl\/magazyn\/kolory-wnetrz-2023-przewodnik-po-najmodniejszych-trendach\/\",\"name\":\"Kolory wn\u0119trz 2023: Przewodnik po trendach - Magazyn Pakamera.pl\",\"isPartOf\":{\"@id\":\"https:\/\/www.pakamera.pl\/magazyn\/#website\"},\"datePublished\":\"2023-09-19T14:10:40+00:00\",\"dateModified\":\"2025-04-03T13:26:08+00:00\",\"description\":\"Planujesz od\u015bwie\u017cy\u0107 swoje wn\u0119trze? Zobacz jakie propozycje i kolory wn\u0119trz 2023 na kt\u00f3re warto zwr\u00f3ci\u0107 uwag\u0119.\",\"breadcrumb\":{\"@id\":\"https:\/\/www.pakamera.pl\/magazyn\/kolory-wnetrz-2023-przewodnik-po-najmodniejszych-trendach\/#breadcrumb\"},\"inLanguage\":\"pl-PL\",\"potentialAction\":[{\"@type\":\"ReadAction\",\"target\":[\"https:\/\/www.pakamera.pl\/magazyn\/kolory-wnetrz-2023-przewodnik-po-najmodniejszych-trendach\/\"]}]},{\"@type\":\"BreadcrumbList\",\"@id\":\"https:\/\/www.pakamera.pl\/magazyn\/kolory-wnetrz-2023-przewodnik-po-najmodniejszych-trendach\/#breadcrumb\",\"itemListElement\":[{\"@type\":\"ListItem\",\"position\":1,\"name\":\"Magazyn\",\"item\":\"https:\/\/www.pakamera.pl\/magazyn\/\"},{\"@type\":\"ListItem\",\"position\":2,\"name\":\"Dom i Wn\u0119trze\",\"item\":\"https:\/\/www.pakamera.pl\/magazyn\/category\/dom-i-wnetrza\/\"},{\"@type\":\"ListItem\",\"position\":3,\"name\":\"Kolory wn\u0119trz 2025: Przewodnik po najmodniejszych trendach\"}]},{\"@type\":\"WebSite\",\"@id\":\"https:\/\/www.pakamera.pl\/magazyn\/#website\",\"url\":\"https:\/\/www.pakamera.pl\/magazyn\/\",\"name\":\"Magazyn Pakamera.pl\",\"description\":\"Sprawd\u017a najgor\u0119tsze tematy sezonu!\",\"publisher\":{\"@id\":\"https:\/\/www.pakamera.pl\/magazyn\/#organization\"},\"potentialAction\":[{\"@type\":\"SearchAction\",\"target\":{\"@type\":\"EntryPoint\",\"urlTemplate\":\"https:\/\/www.pakamera.pl\/magazyn\/?s={search_term_string}\"},\"query-input\":\"required name=search_term_string\"}],\"inLanguage\":\"pl-PL\"},{\"@type\":\"Organization\",\"@id\":\"https:\/\/www.pakamera.pl\/magazyn\/#organization\",\"name\":\"Pakamera.pl\",\"url\":\"https:\/\/www.pakamera.pl\/magazyn\/\",\"logo\":{\"@type\":\"ImageObject\",\"inLanguage\":\"pl-PL\",\"@id\":\"https:\/\/www.pakamera.pl\/magazyn\/#\/schema\/logo\/image\/\",\"url\":\"https:\/\/imgmag.pakamera.net\/2023\/11\/153455466619.png\",\"contentUrl\":\"https:\/\/imgmag.pakamera.net\/2023\/11\/153455466619.png\",\"width\":690,\"height\":140,\"caption\":\"Pakamera.pl\"},\"image\":{\"@id\":\"https:\/\/www.pakamera.pl\/magazyn\/#\/schema\/logo\/image\/\"},\"sameAs\":[\"https:\/\/facebook.com\/pakamerapl\",\"https:\/\/www.instagram.com\/pakamera\/\"]},{\"@type\":\"Person\",\"@id\":\"https:\/\/www.pakamera.pl\/magazyn\/#\/schema\/person\/3260837128eb02b1b1ed1972385dff23\",\"name\":\"Kinga Paw\u0142owska\",\"description\":\"Jestem pasjonatk\u0105 designu, mody i sztuki wyra\u017cania siebie poprzez ubi\u00f3r i dodatki. Moja misja polega na przekazywaniu wiedzy i inspiracji w dziedzinie bi\u017cuterii, mody, dekoracji wn\u0119trz oraz r\u00f3\u017cnego rodzaju dodatk\u00f3w, kt\u00f3re sprawi\u0105, \u017ce Twoje \u017cycie stanie si\u0119 jeszcze bardziej pi\u0119kne i wyj\u0105tkowe. W moich postach znajdziesz przewodniki po najnowszych trendach, zar\u00f3wno je\u015bli chodzi o kolory wn\u0119trz, jak i modne dodatki czy bi\u017cuteri\u0119. Pragn\u0119 pom\u00f3c Ci odkry\u0107, jakie style wn\u0119trza pasuj\u0105 do Twojej osobowo\u015bci, a tak\u017ce jak dopasowa\u0107 bi\u017cuteri\u0119 do r\u00f3\u017cnych rodzaj\u00f3w sukienek czy stylizacji. Jestem r\u00f3wnie\u017c zwolenniczk\u0105 wyj\u0105tkowych, r\u0119cznie robionych produkt\u00f3w. W moich postach znajdziesz wiele inspiracji zwi\u0105zanych z r\u0119kodzie\u0142em, takimi jak eleganckie apaszki jedwabne, ozdoby na g\u0142ow\u0119 czy bi\u017cuteria artystyczna od polskich marek. W moich postach po\u015bwi\u0119cam r\u00f3wnie\u017c uwag\u0119 polskim projektantom i markom. Dziel\u0119 si\u0119 informacjami na temat bi\u017cuterii, ubra\u0144 i dodatk\u00f3w od rodzimych marek, kt\u00f3re tworz\u0105 wyj\u0105tkowe produkty. Moj\u0105 misj\u0105 jest dostarczanie inspiracji i praktycznych wskaz\u00f3wek z zakresu mody, designu, wn\u0119trz i bi\u017cuterii. Pragn\u0119, aby moje wpisy pomaga\u0142y Ci w tworzeniu wyj\u0105tkowych stylizacji, wyborze idealnych prezent\u00f3w oraz w aran\u017cacji pi\u0119knych wn\u0119trz. Zawsze staram si\u0119 dostarcza\u0107 tre\u015bci oparte na solidnych \u017ar\u00f3d\u0142ach i wiedzy, aby\u015b m\u00f3g\u0142\/a korzysta\u0107 z nich z pe\u0142nym zaufaniem.\"}]}<\/script>\n<!-- \/ Yoast SEO plugin. -->","yoast_head_json":{"title":"Kolory wn\u0119trz 2023: Przewodnik po trendach - Magazyn Pakamera.pl","description":"Planujesz od\u015bwie\u017cy\u0107 swoje wn\u0119trze? Zobacz jakie propozycje i kolory wn\u0119trz 2023 na kt\u00f3re warto zwr\u00f3ci\u0107 uwag\u0119.","robots":{"index":"index","follow":"follow"},"canonical":"https:\/\/www.pakamera.pl\/magazyn\/kolory-wnetrz-2023-przewodnik-po-najmodniejszych-trendach\/","og_locale":"pl_PL","og_type":"article","og_title":"Kolory wn\u0119trz 2023: Przewodnik po trendach - Magazyn Pakamera.pl","og_description":"Planujesz od\u015bwie\u017cy\u0107 swoje wn\u0119trze? Zobacz jakie propozycje i kolory wn\u0119trz 2023 na kt\u00f3re warto zwr\u00f3ci\u0107 uwag\u0119.","og_url":"https:\/\/www.pakamera.pl\/magazyn\/kolory-wnetrz-2023-przewodnik-po-najmodniejszych-trendach\/","og_site_name":"Magazyn Pakamera.pl","article_publisher":"https:\/\/facebook.com\/pakamerapl","article_published_time":"2023-09-19T14:10:40+00:00","article_modified_time":"2025-04-03T13:26:08+00:00","og_image":[{"width":1600,"height":840,"url":"https:\/\/imgmag.pakamera.net\/2023\/09\/kolory-wnetrz-2023-przewodnik-po-najmodniejszych-trendach-151741260271.jpg","type":"image\/jpeg"}],"author":"Kinga Paw\u0142owska","twitter_card":"summary_large_image","twitter_misc":{"Napisane przez":"Kinga Paw\u0142owska","Szacowany czas czytania":"6 minut"},"schema":{"@context":"https:\/\/schema.org","@graph":[{"@type":"Article","@id":"https:\/\/www.pakamera.pl\/magazyn\/kolory-wnetrz-2023-przewodnik-po-najmodniejszych-trendach\/#article","isPartOf":{"@id":"https:\/\/www.pakamera.pl\/magazyn\/kolory-wnetrz-2023-przewodnik-po-najmodniejszych-trendach\/"},"author":{"name":"Kinga Paw\u0142owska","@id":"https:\/\/www.pakamera.pl\/magazyn\/#\/schema\/person\/3260837128eb02b1b1ed1972385dff23"},"headline":"Kolory wn\u0119trz 2026: Przewodnik po najmodniejszych trendach","datePublished":"2023-09-19T14:10:40+00:00","dateModified":"2025-04-03T13:26:08+00:00","mainEntityOfPage":{"@id":"https:\/\/www.pakamera.pl\/magazyn\/kolory-wnetrz-2023-przewodnik-po-najmodniejszych-trendach\/"},"wordCount":956,"publisher":{"@id":"https:\/\/www.pakamera.pl\/magazyn\/#organization"},"keywords":["aran\u017cacja wn\u0119trz","artystyczne kafle","fototapeta","modne kolory","najmodniejsze kolory","tapeta"],"articleSection":["Dom i Wn\u0119trze"],"inLanguage":"pl-PL"},{"@type":"WebPage","@id":"https:\/\/www.pakamera.pl\/magazyn\/kolory-wnetrz-2023-przewodnik-po-najmodniejszych-trendach\/","url":"https:\/\/www.pakamera.pl\/magazyn\/kolory-wnetrz-2023-przewodnik-po-najmodniejszych-trendach\/","name":"Kolory wn\u0119trz 2023: Przewodnik po trendach - Magazyn Pakamera.pl","isPartOf":{"@id":"https:\/\/www.pakamera.pl\/magazyn\/#website"},"datePublished":"2023-09-19T14:10:40+00:00","dateModified":"2025-04-03T13:26:08+00:00","description":"Planujesz od\u015bwie\u017cy\u0107 swoje wn\u0119trze? Zobacz jakie propozycje i kolory wn\u0119trz 2023 na kt\u00f3re warto zwr\u00f3ci\u0107 uwag\u0119.","breadcrumb":{"@id":"https:\/\/www.pakamera.pl\/magazyn\/kolory-wnetrz-2023-przewodnik-po-najmodniejszych-trendach\/#breadcrumb"},"inLanguage":"pl-PL","potentialAction":[{"@type":"ReadAction","target":["https:\/\/www.pakamera.pl\/magazyn\/kolory-wnetrz-2023-przewodnik-po-najmodniejszych-trendach\/"]}]},{"@type":"BreadcrumbList","@id":"https:\/\/www.pakamera.pl\/magazyn\/kolory-wnetrz-2023-przewodnik-po-najmodniejszych-trendach\/#breadcrumb","itemListElement":[{"@type":"ListItem","position":1,"name":"Magazyn","item":"https:\/\/www.pakamera.pl\/magazyn\/"},{"@type":"ListItem","position":2,"name":"Dom i Wn\u0119trze","item":"https:\/\/www.pakamera.pl\/magazyn\/category\/dom-i-wnetrza\/"},{"@type":"ListItem","position":3,"name":"Kolory wn\u0119trz 2025: Przewodnik po najmodniejszych trendach"}]},{"@type":"WebSite","@id":"https:\/\/www.pakamera.pl\/magazyn\/#website","url":"https:\/\/www.pakamera.pl\/magazyn\/","name":"Magazyn Pakamera.pl","description":"Sprawd\u017a najgor\u0119tsze tematy sezonu!","publisher":{"@id":"https:\/\/www.pakamera.pl\/magazyn\/#organization"},"potentialAction":[{"@type":"SearchAction","target":{"@type":"EntryPoint","urlTemplate":"https:\/\/www.pakamera.pl\/magazyn\/?s={search_term_string}"},"query-input":"required name=search_term_string"}],"inLanguage":"pl-PL"},{"@type":"Organization","@id":"https:\/\/www.pakamera.pl\/magazyn\/#organization","name":"Pakamera.pl","url":"https:\/\/www.pakamera.pl\/magazyn\/","logo":{"@type":"ImageObject","inLanguage":"pl-PL","@id":"https:\/\/www.pakamera.pl\/magazyn\/#\/schema\/logo\/image\/","url":"https:\/\/imgmag.pakamera.net\/2023\/11\/153455466619.png","contentUrl":"https:\/\/imgmag.pakamera.net\/2023\/11\/153455466619.png","width":690,"height":140,"caption":"Pakamera.pl"},"image":{"@id":"https:\/\/www.pakamera.pl\/magazyn\/#\/schema\/logo\/image\/"},"sameAs":["https:\/\/facebook.com\/pakamerapl","https:\/\/www.instagram.com\/pakamera\/"]},{"@type":"Person","@id":"https:\/\/www.pakamera.pl\/magazyn\/#\/schema\/person\/3260837128eb02b1b1ed1972385dff23","name":"Kinga Paw\u0142owska","description":"Jestem pasjonatk\u0105 designu, mody i sztuki wyra\u017cania siebie poprzez ubi\u00f3r i dodatki. Moja misja polega na przekazywaniu wiedzy i inspiracji w dziedzinie bi\u017cuterii, mody, dekoracji wn\u0119trz oraz r\u00f3\u017cnego rodzaju dodatk\u00f3w, kt\u00f3re sprawi\u0105, \u017ce Twoje \u017cycie stanie si\u0119 jeszcze bardziej pi\u0119kne i wyj\u0105tkowe. W moich postach znajdziesz przewodniki po najnowszych trendach, zar\u00f3wno je\u015bli chodzi o kolory wn\u0119trz, jak i modne dodatki czy bi\u017cuteri\u0119. Pragn\u0119 pom\u00f3c Ci odkry\u0107, jakie style wn\u0119trza pasuj\u0105 do Twojej osobowo\u015bci, a tak\u017ce jak dopasowa\u0107 bi\u017cuteri\u0119 do r\u00f3\u017cnych rodzaj\u00f3w sukienek czy stylizacji. Jestem r\u00f3wnie\u017c zwolenniczk\u0105 wyj\u0105tkowych, r\u0119cznie robionych produkt\u00f3w. W moich postach znajdziesz wiele inspiracji zwi\u0105zanych z r\u0119kodzie\u0142em, takimi jak eleganckie apaszki jedwabne, ozdoby na g\u0142ow\u0119 czy bi\u017cuteria artystyczna od polskich marek. W moich postach po\u015bwi\u0119cam r\u00f3wnie\u017c uwag\u0119 polskim projektantom i markom. Dziel\u0119 si\u0119 informacjami na temat bi\u017cuterii, ubra\u0144 i dodatk\u00f3w od rodzimych marek, kt\u00f3re tworz\u0105 wyj\u0105tkowe produkty. Moj\u0105 misj\u0105 jest dostarczanie inspiracji i praktycznych wskaz\u00f3wek z zakresu mody, designu, wn\u0119trz i bi\u017cuterii. Pragn\u0119, aby moje wpisy pomaga\u0142y Ci w tworzeniu wyj\u0105tkowych stylizacji, wyborze idealnych prezent\u00f3w oraz w aran\u017cacji pi\u0119knych wn\u0119trz. Zawsze staram si\u0119 dostarcza\u0107 tre\u015bci oparte na solidnych \u017ar\u00f3d\u0142ach i wiedzy, aby\u015b m\u00f3g\u0142\/a korzysta\u0107 z nich z pe\u0142nym zaufaniem."}]}},"_links":{"self":[{"href":"https:\/\/www.pakamera.pl\/magazyn\/wp-json\/wp\/v2\/posts\/8942","targetHints":{"allow":["GET"]}}],"collection":[{"href":"https:\/\/www.pakamera.pl\/magazyn\/wp-json\/wp\/v2\/posts"}],"about":[{"href":"https:\/\/www.pakamera.pl\/magazyn\/wp-json\/wp\/v2\/types\/post"}],"author":[{"embeddable":true,"href":"https:\/\/www.pakamera.pl\/magazyn\/wp-json\/wp\/v2\/users\/15"}],"replies":[{"embeddable":true,"href":"https:\/\/www.pakamera.pl\/magazyn\/wp-json\/wp\/v2\/comments?post=8942"}],"version-history":[{"count":1,"href":"https:\/\/www.pakamera.pl\/magazyn\/wp-json\/wp\/v2\/posts\/8942\/revisions"}],"predecessor-version":[{"id":13189,"href":"https:\/\/www.pakamera.pl\/magazyn\/wp-json\/wp\/v2\/posts\/8942\/revisions\/13189"}],"wp:featuredmedia":[{"embeddable":true,"href":"https:\/\/www.pakamera.pl\/magazyn\/wp-json\/wp\/v2\/media\/8943"}],"wp:attachment":[{"href":"https:\/\/www.pakamera.pl\/magazyn\/wp-json\/wp\/v2\/media?parent=8942"}],"wp:term":[{"taxonomy":"category","embeddable":true,"href":"https:\/\/www.pakamera.pl\/magazyn\/wp-json\/wp\/v2\/categories?post=8942"},{"taxonomy":"post_tag","embeddable":true,"href":"https:\/\/www.pakamera.pl\/magazyn\/wp-json\/wp\/v2\/tags?post=8942"}],"curies":[{"name":"wp","href":"https:\/\/api.w.org\/{rel}","templated":true}]}}