{"id":8908,"date":"2023-09-14T10:43:34","date_gmt":"2023-09-14T08:43:34","guid":{"rendered":"https:\/\/www.pakamera.pl\/magazyn\/?p=8908"},"modified":"2023-09-14T10:47:15","modified_gmt":"2023-09-14T08:47:15","slug":"odkryj-jaki-styl-wnetrza-pasuje-do-twojej-osobowosci","status":"publish","type":"post","link":"https:\/\/www.pakamera.pl\/magazyn\/odkryj-jaki-styl-wnetrza-pasuje-do-twojej-osobowosci\/","title":{"rendered":"Odkryj, jaki styl wn\u0119trza pasuje do Twojej osobowo\u015bci"},"content":{"rendered":"<p><strong>Zadajesz sobie pytanie: Jaki styl wn\u0119trza do mnie pasuje? Spersonalizowane wn\u0119trze domu wyr\u00f3\u017cnia przede wszystkim ukierunkowanie na spe\u0142nienie indywidualnych potrzeb osoby w nim mieszkaj\u0105cej, a tak\u017ce zgodno\u015b\u0107 z jej gustem i upodobaniami. Wyb\u00f3r odpowiedniego stylu mo\u017cna uto\u017csamia\u0107 ze sztuk\u0105 wyra\u017cania siebie i swojego usposobienia poprzez dob\u00f3r kolorystyki, mebli czy element\u00f3w dekoracyjnych. W\u0142a\u015bciwie dopasowany nurt przewodni oraz motywy i wzory sprawiaj\u0105, \u017ce przestrze\u0144 nabywa w\u0142asnej osobowo\u015bci i staje si\u0119 idealnym azylem, w kt\u00f3rym a\u017c chce si\u0119 przebywa\u0107.<\/strong><\/p>\n<p><!--more--><\/p>\n<figure id=\"attachment_8909\" aria-describedby=\"caption-attachment-8909\" style=\"width: 1600px\" class=\"wp-caption alignnone\"><img loading=\"lazy\" decoding=\"async\" class=\"wp-image-8909 size-full\" src=\"https:\/\/imgmag.pakamera.net\/2023\/09\/odkryj-jaki-styl-wnetrza-pasuje-do-twojej-osobowosci-093839386319.jpg\" alt=\"jaki styl wn\u0119trza do mnie pasuje\" width=\"1600\" height=\"840\" \/><figcaption id=\"caption-attachment-8909\" class=\"wp-caption-text\">Fototapeta TAPETAMA egzotyczne papugi tropikalne \/ TAPETAMA<\/figcaption><\/figure>\n<h2>Pi\u0119kno i funkcjonalno\u015b\u0107 wn\u0119trz w jednym<\/h2>\n<p>Odpowiedzenie sobie na pytanie \u201ejaki styl wn\u0119trza do mnie pasuje\u201d nie jest \u0142atwe i wymaga uwzgl\u0119dnienia wielu czynnik\u00f3w, takich jak styl \u017cycia, charakter czy najwa\u017cniejsze kwestie, kt\u00f3re aran\u017cowane pomieszczenia po prostu musz\u0105 mie\u0107.<\/p>\n<p>Wiele os\u00f3b ceni sobie przede wszystkim wygodne i praktyczne rozwi\u0105zania, kt\u00f3re s\u0105 jednocze\u015bnie \u0142adne i funkcjonalne, podczas gdy inni ch\u0119tniej przebywaj\u0105 w przestrzeniach, kt\u00f3re po prostu odpowiadaj\u0105 ich potrzebom. <strong>Podczas tego trudnego wyboru warto zatem kierowa\u0107 si\u0119 przede wszystkim swoimi preferencjami, intuicj\u0105 i wewn\u0119trznym g\u0142osem<\/strong>, bo tylko wtedy wn\u0119trze b\u0119dzie mia\u0142o personalny charakter i perfekcyjnie spe\u0142ni swoje funkcje.<\/p>\n<h2>Jak znale\u017a\u0107 odpowiedni styl wn\u0119trza i jaki styl wn\u0119trza do mnie pasuje?<\/h2>\n<div class=\"pakawidget\" id=\"pakawidget781\"><\/div>\n<p><script async defer src=\"https:\/\/www.pakamera.pl\/widget\/widget2.min.js?id=781&#038;type=20230914101654&#038;wwidth=1000\"><\/script><\/p>\n<p>Szeroki wyb\u00f3r r\u00f3\u017cnych styl\u00f3w, dost\u0119pnych wariant\u00f3w oraz wzor\u00f3w sprawia, \u017ce niejedna osoba czuje si\u0119 ca\u0142kowicie zagubiona i sama nie wie ju\u017c, jaki styl b\u0119dzie dla niej odpowiedni.<\/p>\n<p>W istocie bardzo cz\u0119sto zdarza si\u0119, \u017ce podobaj\u0105 nam si\u0119 poszczeg\u00f3lne <a href=\"https:\/\/www.pakamera.pl\/meble-0-1917.htm\" target=\"_blank\" rel=\"noopener\">meble<\/a> czy dekoracje, kt\u00f3re w po\u0142\u0105czeniu niestety nie stanowi\u0105 sp\u00f3jnego zestawienia, a jedynie przypadkowo wybrane elementy. <strong>Oczywi\u015bcie, eksperymentowanie z r\u00f3\u017cnymi stylami jest jak najbardziej wskazane, jednak aby ostateczny efekt okaza\u0142 si\u0119 zadowalaj\u0105cy, warto wzi\u0105\u0107 pod uwag\u0119 r\u00f3\u017cne kwestie<\/strong>.<\/p>\n<p>\u2022 <strong>Aspekty wizualne<\/strong> \u2013 <strong>przed zdecydowaniem si\u0119 na jeden styl wn\u0119trza zastan\u00f3w si\u0119, jakie kolory, wzory i materia\u0142y lubisz i kt\u00f3re z nich sprawi\u0105, \u017ce codziennie b\u0119dziesz patrze\u0107 na nie z zachwytem<\/strong>. Czy preferujesz jasne, neutralne odcienie, czy mo\u017ce Twoj\u0105 uwag\u0119 zawsze przyci\u0105gaj\u0105 jednak \u017cywe, intensywne i kontrastuj\u0105ce ze sob\u0105 kolory? Czy przemawiaj\u0105 do Ciebie minimalistyczne formy, czy jednak to w ozdobnych i dekorowanych przestrzeniach czujesz si\u0119 najlepiej?<\/p>\n<p>\u2022 <strong>Funkcjonalno\u015b\u0107<\/strong> \u2013 <strong>niezwykle wa\u017cn\u0105 kwesti\u0105 podczas aran\u017cowania przestrzeni jest funkcjonalno\u015b\u0107 wn\u0119trza<\/strong>. Praktyczne rozwi\u0105zania zapewniaj\u0105 komfort, wygod\u0119 i oszcz\u0119dno\u015b\u0107 czasu, a jednocze\u015bnie pozwalaj\u0105 na dobre gospodarowanie dost\u0119pnym miejscem, co gwarantuje swobod\u0119 poruszania si\u0119 bez poczucia pustych przestrzeni.<\/p>\n<p>\u2022 <strong>W\u0142asne upodobania<\/strong> \u2013 <strong>prowadzony styl \u017cycia, a tak\u017ce indywidualny gust i preferencje to jedne z g\u0142\u00f3wnych aspekt\u00f3w, jakie nale\u017cy wzi\u0105\u0107 pod uwag\u0119 podczas urz\u0105dzania wn\u0119trza<\/strong>. Powinno by\u0107 ono bowiem to\u017csame z Tob\u0105 i zapewni\u0107 Ci maksymalne korzy\u015bci z jego u\u017cytkowania \u2013 zar\u00f3wno pod wzgl\u0119dem wizualnym, jak i funkcjonalnym.<\/p>\n<p>\u2022 Inspiracj\u0105 do wyboru wymarzonego stylu mog\u0105 by\u0107 w\u0142asne zainteresowania oraz motywy dnia codziennego, kt\u00f3re przynosz\u0105 spok\u00f3j i satysfakcj\u0119.<\/p>\n<h2>Charakter wn\u0119trza inspirowany \u017cyciem codziennym<\/h2>\n<figure id=\"attachment_8911\" aria-describedby=\"caption-attachment-8911\" style=\"width: 1600px\" class=\"wp-caption alignnone\"><img loading=\"lazy\" decoding=\"async\" class=\"wp-image-8911 size-full\" src=\"https:\/\/imgmag.pakamera.net\/2023\/09\/odkryj-jaki-styl-wnetrza-pasuje-do-twojej-osobowosci-102049691295.jpg\" alt=\"zas\u0142ona z mi\u0119kkiego lnu\" width=\"1600\" height=\"840\" srcset=\"https:\/\/imgmag.pakamera.net\/2023\/09\/odkryj-jaki-styl-wnetrza-pasuje-do-twojej-osobowosci-102049691295.jpg 1600w, https:\/\/imgmag.pakamera.net\/2023\/09\/odkryj-jaki-styl-wnetrza-pasuje-do-twojej-osobowosci-102049691295-1536x806.jpg 1536w\" sizes=\"auto, (max-width: 1600px) 100vw, 1600px\" \/><figcaption id=\"caption-attachment-8911\" class=\"wp-caption-text\">ZAS\u0141ONA Z MI\u0118KKIEGO LNU STONEWASHED &#8211; nut brown \/ LUMIO<\/figcaption><\/figure>\n<p>Urz\u0105dzaj\u0105c dom, musisz przede wszystkim wzi\u0105\u0107 pod uwag\u0119 szczer\u0105 odpowied\u017a na pytanie \u201ejaki styl wn\u0119trza do mnie pasuje\u201d. Ch\u0119\u0107 przypodobania si\u0119 potencjalnym go\u015bciom czy strach przed ocen\u0105 nie s\u0105 dobrymi wskaz\u00f3wkami. <strong>To Ty masz czu\u0107 szcz\u0119\u015bcie i rado\u015b\u0107 podczas przebywania w tej przestrzeni, dlatego kieruj si\u0119 wy\u0142\u0105cznie w\u0142asnymi pobudkami<\/strong>.<\/p>\n<h2><strong>Styl rustykalny i boho idealny dla fan\u00f3w natury<\/strong><\/h2>\n<div class=\"pakawidget\" id=\"pakawidget782\"><\/div>\n<p><script async defer src=\"https:\/\/www.pakamera.pl\/widget\/widget2.min.js?id=782&#038;type=20230914102427&#038;wwidth=1000\"><\/script><\/p>\n<p><strong>Je\u015bli jeste\u015b mi\u0142o\u015bnikiem przyrody i cenisz sobie przytulne wystroje przywodz\u0105ce na my\u015bl wiejski domek, rozwa\u017c styl rustykalny pe\u0142en drewnianych czy kamiennych motyw\u00f3w<\/strong> oraz tekstyli\u00f3w wykonanych z naturalnych materia\u0142\u00f3w, takich jak bawe\u0142na, len czy sk\u00f3ra.<\/p>\n<p><strong>Je\u015bli jednak wolisz nieco inne klimaty, styl boho inspirowany natur\u0105 i wszystkim, co zwi\u0105zane z przyrod\u0105 przyniesie Ci ukojenie dzi\u0119ki ciep\u0142ej, odpr\u0119\u017caj\u0105cej atmosferze<\/strong>. W obu nurtach przewa\u017ca kolorystyka ziemi \u2013 be\u017cowe, bia\u0142e i zielone elementy, a tak\u017ce bogactwo ro\u015blinno\u015bci wkomponowanej w przestrze\u0144. Taki efekt uzyskasz je\u015bli wybierzesz doskonale dobrane r\u0119cznie wykonane makramy, <a href=\"https:\/\/www.pakamera.pl\/kwietniki-0-3052.htm\" target=\"_blank\" rel=\"noopener\">kwietniki<\/a> na ro\u015bliny i pi\u0119kne ozdobne donice.<\/p>\n<p>W ostatnim czasie bardzo popularne sta\u0142y si\u0119 gobeliny o kt\u00f3rych pisali\u015bmy oddzielny artyku\u0142 <a href=\"https:\/\/www.pakamera.pl\/magazyn\/gobelin-w-kilku-odslonach\/\" target=\"_blank\" rel=\"noopener\">Co to jest gobelin i jak go wykorzysta\u0107 we wn\u0119trzu i nie tylko<\/a>.<\/p>\n<h2>Styl minimalistyczny dla fan\u00f3w prostoty<\/h2>\n<figure id=\"attachment_8912\" aria-describedby=\"caption-attachment-8912\" style=\"width: 1600px\" class=\"wp-caption alignnone\"><img loading=\"lazy\" decoding=\"async\" class=\"wp-image-8912 size-full\" src=\"https:\/\/imgmag.pakamera.net\/2023\/09\/odkryj-jaki-styl-wnetrza-pasuje-do-twojej-osobowosci-102751386364.jpg\" alt=\"st\u00f3\u0142 rozk\u0142adany drewniany\" width=\"1600\" height=\"840\" srcset=\"https:\/\/imgmag.pakamera.net\/2023\/09\/odkryj-jaki-styl-wnetrza-pasuje-do-twojej-osobowosci-102751386364.jpg 1600w, https:\/\/imgmag.pakamera.net\/2023\/09\/odkryj-jaki-styl-wnetrza-pasuje-do-twojej-osobowosci-102751386364-1536x806.jpg 1536w\" sizes=\"auto, (max-width: 1600px) 100vw, 1600px\" \/><figcaption id=\"caption-attachment-8912\" class=\"wp-caption-text\">St\u00f3\u0142 rozk\u0142adany WOODYOU 160 &#8211; 240 x 90 cm \/ CustomForm<\/figcaption><\/figure>\n<p>Z kolei dla os\u00f3b ceni\u0105cych sobie prostot\u0119 i umiarkowanie \u015bwietnie sprawdzi si\u0119 styl minimalistyczny pe\u0142en monochromatycznych mebli i czarno-bia\u0142ych, stonowanych dekoracji. Minimalizm nie musi by\u0107 jednak nudny. <strong>Wystarczy neutralne barwy skomponowa\u0107 z kontrastuj\u0105cymi, wyra\u017anymi elementami, na przyk\u0142ad dywanem o intensywnej barwie, aby stworzy\u0107 przyjemn\u0105 i praktyczn\u0105 przestrze\u0144<\/strong>.<\/p>\n<h2>Je\u015bli kochasz wsp\u00f3\u0142czesny design wybierz styl nowoczesny<\/h2>\n<div class=\"pakawidget\" id=\"pakawidget780\"><\/div>\n<p><script async defer src=\"https:\/\/www.pakamera.pl\/widget\/widget2.min.js?id=780&#038;type=20230914104653&#038;wwidth=1000\"><\/script><\/p>\n<p><strong>Fani artystycznych projekt\u00f3w, galerii sztuki oraz niekonwencjonalnych rozwi\u0105za\u0144 znakomicie odnajd\u0105 si\u0119 w stylu nowoczesnym<\/strong>, kt\u00f3ry charakteryzuje si\u0119 surowo\u015bci\u0105. Meble maj\u0105 prosty, funkcjonalny design, a doskonale dobrane dodatki, takie jak plakaty, rze\u017aby i o\u015bwietlenie, a tak\u017ce kolorowe akcenty wprowadzaj\u0105 do pomieszcze\u0144 \u017cywio\u0142owo\u015b\u0107.<\/p>\n<p>Mog\u0105 to by\u0107 pojedyncze elementy, takie jak kolorowe tekstylia, jak r\u00f3wnie\u017c abstrakcyjne obrazy. W stylu nowoczesnym nie brakuje ro\u015blin umieszczonych na przyk\u0142ad w metalowych kwietnikach.<\/p>\n<p><strong>Je\u015bli ju\u017c wybrali\u015bcie styl jaki chcieliby\u015bcie uzyska\u0107 w swoich wn\u0119trzach zapraszamy do zapoznania z szerok\u0105 ofert\u0105 sklepu Pakamera.pl.<\/strong> Znajdziecie w nim dodatki i meble w ka\u017cdym stylu.<\/p>\n","protected":false},"excerpt":{"rendered":"<p>Zadajesz sobie pytanie: Jaki styl wn\u0119trza do mnie pasuje? Spersonalizowane wn\u0119trze domu wyr\u00f3\u017cnia przede wszystkim ukierunkowanie na spe\u0142nienie indywidualnych potrzeb osoby w nim mieszkaj\u0105cej, a tak\u017ce zgodno\u015b\u0107 z jej gustem<span class=\"more-dots\">&#8230;<\/span><\/p>\n","protected":false},"author":15,"featured_media":8909,"comment_status":"closed","ping_status":"closed","sticky":false,"template":"","format":"standard","meta":{"footnotes":""},"categories":[12],"tags":[2400,2399,2398],"class_list":["post-8908","post","type-post","status-publish","format-standard","has-post-thumbnail","hentry","category-dom-i-wnetrza","tag-styl-boho","tag-styl-rustykalny","tag-style-we-wnetrzach"],"yoast_head":"<!-- This site is optimized with the Yoast SEO plugin v21.6 - https:\/\/yoast.com\/wordpress\/plugins\/seo\/ -->\n<title>Odkryj, jaki styl wn\u0119trza do Ciebie pasuje - Magazyn Pakamera.pl<\/title>\n<meta name=\"description\" content=\"Zadajesz sobie pytanie: Jaki styl wn\u0119trza do mnie pasuje? Zobacz na co zwracaj\u0105 szczeg\u00f3ln\u0105 uwag\u0119 nasi specjali\u015bci.\" \/>\n<meta name=\"robots\" content=\"index, follow\" \/>\n<link rel=\"canonical\" href=\"https:\/\/www.pakamera.pl\/magazyn\/odkryj-jaki-styl-wnetrza-pasuje-do-twojej-osobowosci\/\" \/>\n<meta property=\"og:locale\" content=\"pl_PL\" \/>\n<meta property=\"og:type\" content=\"article\" \/>\n<meta property=\"og:title\" content=\"Odkryj, jaki styl wn\u0119trza do Ciebie pasuje - Magazyn Pakamera.pl\" \/>\n<meta property=\"og:description\" content=\"Zadajesz sobie pytanie: Jaki styl wn\u0119trza do mnie pasuje? Zobacz na co zwracaj\u0105 szczeg\u00f3ln\u0105 uwag\u0119 nasi specjali\u015bci.\" \/>\n<meta property=\"og:url\" content=\"https:\/\/www.pakamera.pl\/magazyn\/odkryj-jaki-styl-wnetrza-pasuje-do-twojej-osobowosci\/\" \/>\n<meta property=\"og:site_name\" content=\"Magazyn Pakamera.pl\" \/>\n<meta property=\"article:publisher\" content=\"https:\/\/facebook.com\/pakamerapl\" \/>\n<meta property=\"article:published_time\" content=\"2023-09-14T08:43:34+00:00\" \/>\n<meta property=\"article:modified_time\" content=\"2023-09-14T08:47:15+00:00\" \/>\n<meta property=\"og:image\" content=\"https:\/\/imgmag.pakamera.net\/2023\/09\/odkryj-jaki-styl-wnetrza-pasuje-do-twojej-osobowosci-093839386319.jpg\" \/>\n\t<meta property=\"og:image:width\" content=\"1600\" \/>\n\t<meta property=\"og:image:height\" content=\"840\" \/>\n\t<meta property=\"og:image:type\" content=\"image\/jpeg\" \/>\n<meta name=\"author\" content=\"Kinga Paw\u0142owska\" \/>\n<meta name=\"twitter:card\" content=\"summary_large_image\" \/>\n<meta name=\"twitter:label1\" content=\"Napisane przez\" \/>\n\t<meta name=\"twitter:data1\" content=\"Kinga Paw\u0142owska\" \/>\n\t<meta name=\"twitter:label2\" content=\"Szacowany czas czytania\" \/>\n\t<meta name=\"twitter:data2\" content=\"6 minut\" \/>\n<script type=\"application\/ld+json\" class=\"yoast-schema-graph\">{\"@context\":\"https:\/\/schema.org\",\"@graph\":[{\"@type\":\"Article\",\"@id\":\"https:\/\/www.pakamera.pl\/magazyn\/odkryj-jaki-styl-wnetrza-pasuje-do-twojej-osobowosci\/#article\",\"isPartOf\":{\"@id\":\"https:\/\/www.pakamera.pl\/magazyn\/odkryj-jaki-styl-wnetrza-pasuje-do-twojej-osobowosci\/\"},\"author\":{\"name\":\"Kinga Paw\u0142owska\",\"@id\":\"https:\/\/www.pakamera.pl\/magazyn\/#\/schema\/person\/3260837128eb02b1b1ed1972385dff23\"},\"headline\":\"Odkryj, jaki styl wn\u0119trza pasuje do Twojej osobowo\u015bci\",\"datePublished\":\"2023-09-14T08:43:34+00:00\",\"dateModified\":\"2023-09-14T08:47:15+00:00\",\"mainEntityOfPage\":{\"@id\":\"https:\/\/www.pakamera.pl\/magazyn\/odkryj-jaki-styl-wnetrza-pasuje-do-twojej-osobowosci\/\"},\"wordCount\":968,\"publisher\":{\"@id\":\"https:\/\/www.pakamera.pl\/magazyn\/#organization\"},\"keywords\":[\"styl boho\",\"styl rustykalny\",\"style we wn\u0119trzach\"],\"articleSection\":[\"Dom i Wn\u0119trze\"],\"inLanguage\":\"pl-PL\"},{\"@type\":\"WebPage\",\"@id\":\"https:\/\/www.pakamera.pl\/magazyn\/odkryj-jaki-styl-wnetrza-pasuje-do-twojej-osobowosci\/\",\"url\":\"https:\/\/www.pakamera.pl\/magazyn\/odkryj-jaki-styl-wnetrza-pasuje-do-twojej-osobowosci\/\",\"name\":\"Odkryj, jaki styl wn\u0119trza do Ciebie pasuje - Magazyn Pakamera.pl\",\"isPartOf\":{\"@id\":\"https:\/\/www.pakamera.pl\/magazyn\/#website\"},\"datePublished\":\"2023-09-14T08:43:34+00:00\",\"dateModified\":\"2023-09-14T08:47:15+00:00\",\"description\":\"Zadajesz sobie pytanie: Jaki styl wn\u0119trza do mnie pasuje? Zobacz na co zwracaj\u0105 szczeg\u00f3ln\u0105 uwag\u0119 nasi specjali\u015bci.\",\"breadcrumb\":{\"@id\":\"https:\/\/www.pakamera.pl\/magazyn\/odkryj-jaki-styl-wnetrza-pasuje-do-twojej-osobowosci\/#breadcrumb\"},\"inLanguage\":\"pl-PL\",\"potentialAction\":[{\"@type\":\"ReadAction\",\"target\":[\"https:\/\/www.pakamera.pl\/magazyn\/odkryj-jaki-styl-wnetrza-pasuje-do-twojej-osobowosci\/\"]}]},{\"@type\":\"BreadcrumbList\",\"@id\":\"https:\/\/www.pakamera.pl\/magazyn\/odkryj-jaki-styl-wnetrza-pasuje-do-twojej-osobowosci\/#breadcrumb\",\"itemListElement\":[{\"@type\":\"ListItem\",\"position\":1,\"name\":\"Magazyn\",\"item\":\"https:\/\/www.pakamera.pl\/magazyn\/\"},{\"@type\":\"ListItem\",\"position\":2,\"name\":\"Dom i Wn\u0119trze\",\"item\":\"https:\/\/www.pakamera.pl\/magazyn\/category\/dom-i-wnetrza\/\"},{\"@type\":\"ListItem\",\"position\":3,\"name\":\"Odkryj, jaki styl wn\u0119trza pasuje do Twojej osobowo\u015bci\"}]},{\"@type\":\"WebSite\",\"@id\":\"https:\/\/www.pakamera.pl\/magazyn\/#website\",\"url\":\"https:\/\/www.pakamera.pl\/magazyn\/\",\"name\":\"Magazyn Pakamera.pl\",\"description\":\"Sprawd\u017a najgor\u0119tsze tematy sezonu!\",\"publisher\":{\"@id\":\"https:\/\/www.pakamera.pl\/magazyn\/#organization\"},\"potentialAction\":[{\"@type\":\"SearchAction\",\"target\":{\"@type\":\"EntryPoint\",\"urlTemplate\":\"https:\/\/www.pakamera.pl\/magazyn\/?s={search_term_string}\"},\"query-input\":\"required name=search_term_string\"}],\"inLanguage\":\"pl-PL\"},{\"@type\":\"Organization\",\"@id\":\"https:\/\/www.pakamera.pl\/magazyn\/#organization\",\"name\":\"Pakamera.pl\",\"url\":\"https:\/\/www.pakamera.pl\/magazyn\/\",\"logo\":{\"@type\":\"ImageObject\",\"inLanguage\":\"pl-PL\",\"@id\":\"https:\/\/www.pakamera.pl\/magazyn\/#\/schema\/logo\/image\/\",\"url\":\"https:\/\/imgmag.pakamera.net\/2023\/11\/153455466619.png\",\"contentUrl\":\"https:\/\/imgmag.pakamera.net\/2023\/11\/153455466619.png\",\"width\":690,\"height\":140,\"caption\":\"Pakamera.pl\"},\"image\":{\"@id\":\"https:\/\/www.pakamera.pl\/magazyn\/#\/schema\/logo\/image\/\"},\"sameAs\":[\"https:\/\/facebook.com\/pakamerapl\",\"https:\/\/www.instagram.com\/pakamera\/\"]},{\"@type\":\"Person\",\"@id\":\"https:\/\/www.pakamera.pl\/magazyn\/#\/schema\/person\/3260837128eb02b1b1ed1972385dff23\",\"name\":\"Kinga Paw\u0142owska\",\"description\":\"Jestem pasjonatk\u0105 designu, mody i sztuki wyra\u017cania siebie poprzez ubi\u00f3r i dodatki. Moja misja polega na przekazywaniu wiedzy i inspiracji w dziedzinie bi\u017cuterii, mody, dekoracji wn\u0119trz oraz r\u00f3\u017cnego rodzaju dodatk\u00f3w, kt\u00f3re sprawi\u0105, \u017ce Twoje \u017cycie stanie si\u0119 jeszcze bardziej pi\u0119kne i wyj\u0105tkowe. W moich postach znajdziesz przewodniki po najnowszych trendach, zar\u00f3wno je\u015bli chodzi o kolory wn\u0119trz, jak i modne dodatki czy bi\u017cuteri\u0119. Pragn\u0119 pom\u00f3c Ci odkry\u0107, jakie style wn\u0119trza pasuj\u0105 do Twojej osobowo\u015bci, a tak\u017ce jak dopasowa\u0107 bi\u017cuteri\u0119 do r\u00f3\u017cnych rodzaj\u00f3w sukienek czy stylizacji. Jestem r\u00f3wnie\u017c zwolenniczk\u0105 wyj\u0105tkowych, r\u0119cznie robionych produkt\u00f3w. W moich postach znajdziesz wiele inspiracji zwi\u0105zanych z r\u0119kodzie\u0142em, takimi jak eleganckie apaszki jedwabne, ozdoby na g\u0142ow\u0119 czy bi\u017cuteria artystyczna od polskich marek. W moich postach po\u015bwi\u0119cam r\u00f3wnie\u017c uwag\u0119 polskim projektantom i markom. Dziel\u0119 si\u0119 informacjami na temat bi\u017cuterii, ubra\u0144 i dodatk\u00f3w od rodzimych marek, kt\u00f3re tworz\u0105 wyj\u0105tkowe produkty. Moj\u0105 misj\u0105 jest dostarczanie inspiracji i praktycznych wskaz\u00f3wek z zakresu mody, designu, wn\u0119trz i bi\u017cuterii. Pragn\u0119, aby moje wpisy pomaga\u0142y Ci w tworzeniu wyj\u0105tkowych stylizacji, wyborze idealnych prezent\u00f3w oraz w aran\u017cacji pi\u0119knych wn\u0119trz. Zawsze staram si\u0119 dostarcza\u0107 tre\u015bci oparte na solidnych \u017ar\u00f3d\u0142ach i wiedzy, aby\u015b m\u00f3g\u0142\/a korzysta\u0107 z nich z pe\u0142nym zaufaniem.\"}]}<\/script>\n<!-- \/ Yoast SEO plugin. -->","yoast_head_json":{"title":"Odkryj, jaki styl wn\u0119trza do Ciebie pasuje - Magazyn Pakamera.pl","description":"Zadajesz sobie pytanie: Jaki styl wn\u0119trza do mnie pasuje? Zobacz na co zwracaj\u0105 szczeg\u00f3ln\u0105 uwag\u0119 nasi specjali\u015bci.","robots":{"index":"index","follow":"follow"},"canonical":"https:\/\/www.pakamera.pl\/magazyn\/odkryj-jaki-styl-wnetrza-pasuje-do-twojej-osobowosci\/","og_locale":"pl_PL","og_type":"article","og_title":"Odkryj, jaki styl wn\u0119trza do Ciebie pasuje - Magazyn Pakamera.pl","og_description":"Zadajesz sobie pytanie: Jaki styl wn\u0119trza do mnie pasuje? Zobacz na co zwracaj\u0105 szczeg\u00f3ln\u0105 uwag\u0119 nasi specjali\u015bci.","og_url":"https:\/\/www.pakamera.pl\/magazyn\/odkryj-jaki-styl-wnetrza-pasuje-do-twojej-osobowosci\/","og_site_name":"Magazyn Pakamera.pl","article_publisher":"https:\/\/facebook.com\/pakamerapl","article_published_time":"2023-09-14T08:43:34+00:00","article_modified_time":"2023-09-14T08:47:15+00:00","og_image":[{"width":1600,"height":840,"url":"https:\/\/imgmag.pakamera.net\/2023\/09\/odkryj-jaki-styl-wnetrza-pasuje-do-twojej-osobowosci-093839386319.jpg","type":"image\/jpeg"}],"author":"Kinga Paw\u0142owska","twitter_card":"summary_large_image","twitter_misc":{"Napisane przez":"Kinga Paw\u0142owska","Szacowany czas czytania":"6 minut"},"schema":{"@context":"https:\/\/schema.org","@graph":[{"@type":"Article","@id":"https:\/\/www.pakamera.pl\/magazyn\/odkryj-jaki-styl-wnetrza-pasuje-do-twojej-osobowosci\/#article","isPartOf":{"@id":"https:\/\/www.pakamera.pl\/magazyn\/odkryj-jaki-styl-wnetrza-pasuje-do-twojej-osobowosci\/"},"author":{"name":"Kinga Paw\u0142owska","@id":"https:\/\/www.pakamera.pl\/magazyn\/#\/schema\/person\/3260837128eb02b1b1ed1972385dff23"},"headline":"Odkryj, jaki styl wn\u0119trza pasuje do Twojej osobowo\u015bci","datePublished":"2023-09-14T08:43:34+00:00","dateModified":"2023-09-14T08:47:15+00:00","mainEntityOfPage":{"@id":"https:\/\/www.pakamera.pl\/magazyn\/odkryj-jaki-styl-wnetrza-pasuje-do-twojej-osobowosci\/"},"wordCount":968,"publisher":{"@id":"https:\/\/www.pakamera.pl\/magazyn\/#organization"},"keywords":["styl boho","styl rustykalny","style we wn\u0119trzach"],"articleSection":["Dom i Wn\u0119trze"],"inLanguage":"pl-PL"},{"@type":"WebPage","@id":"https:\/\/www.pakamera.pl\/magazyn\/odkryj-jaki-styl-wnetrza-pasuje-do-twojej-osobowosci\/","url":"https:\/\/www.pakamera.pl\/magazyn\/odkryj-jaki-styl-wnetrza-pasuje-do-twojej-osobowosci\/","name":"Odkryj, jaki styl wn\u0119trza do Ciebie pasuje - Magazyn Pakamera.pl","isPartOf":{"@id":"https:\/\/www.pakamera.pl\/magazyn\/#website"},"datePublished":"2023-09-14T08:43:34+00:00","dateModified":"2023-09-14T08:47:15+00:00","description":"Zadajesz sobie pytanie: Jaki styl wn\u0119trza do mnie pasuje? Zobacz na co zwracaj\u0105 szczeg\u00f3ln\u0105 uwag\u0119 nasi specjali\u015bci.","breadcrumb":{"@id":"https:\/\/www.pakamera.pl\/magazyn\/odkryj-jaki-styl-wnetrza-pasuje-do-twojej-osobowosci\/#breadcrumb"},"inLanguage":"pl-PL","potentialAction":[{"@type":"ReadAction","target":["https:\/\/www.pakamera.pl\/magazyn\/odkryj-jaki-styl-wnetrza-pasuje-do-twojej-osobowosci\/"]}]},{"@type":"BreadcrumbList","@id":"https:\/\/www.pakamera.pl\/magazyn\/odkryj-jaki-styl-wnetrza-pasuje-do-twojej-osobowosci\/#breadcrumb","itemListElement":[{"@type":"ListItem","position":1,"name":"Magazyn","item":"https:\/\/www.pakamera.pl\/magazyn\/"},{"@type":"ListItem","position":2,"name":"Dom i Wn\u0119trze","item":"https:\/\/www.pakamera.pl\/magazyn\/category\/dom-i-wnetrza\/"},{"@type":"ListItem","position":3,"name":"Odkryj, jaki styl wn\u0119trza pasuje do Twojej osobowo\u015bci"}]},{"@type":"WebSite","@id":"https:\/\/www.pakamera.pl\/magazyn\/#website","url":"https:\/\/www.pakamera.pl\/magazyn\/","name":"Magazyn Pakamera.pl","description":"Sprawd\u017a najgor\u0119tsze tematy sezonu!","publisher":{"@id":"https:\/\/www.pakamera.pl\/magazyn\/#organization"},"potentialAction":[{"@type":"SearchAction","target":{"@type":"EntryPoint","urlTemplate":"https:\/\/www.pakamera.pl\/magazyn\/?s={search_term_string}"},"query-input":"required name=search_term_string"}],"inLanguage":"pl-PL"},{"@type":"Organization","@id":"https:\/\/www.pakamera.pl\/magazyn\/#organization","name":"Pakamera.pl","url":"https:\/\/www.pakamera.pl\/magazyn\/","logo":{"@type":"ImageObject","inLanguage":"pl-PL","@id":"https:\/\/www.pakamera.pl\/magazyn\/#\/schema\/logo\/image\/","url":"https:\/\/imgmag.pakamera.net\/2023\/11\/153455466619.png","contentUrl":"https:\/\/imgmag.pakamera.net\/2023\/11\/153455466619.png","width":690,"height":140,"caption":"Pakamera.pl"},"image":{"@id":"https:\/\/www.pakamera.pl\/magazyn\/#\/schema\/logo\/image\/"},"sameAs":["https:\/\/facebook.com\/pakamerapl","https:\/\/www.instagram.com\/pakamera\/"]},{"@type":"Person","@id":"https:\/\/www.pakamera.pl\/magazyn\/#\/schema\/person\/3260837128eb02b1b1ed1972385dff23","name":"Kinga Paw\u0142owska","description":"Jestem pasjonatk\u0105 designu, mody i sztuki wyra\u017cania siebie poprzez ubi\u00f3r i dodatki. Moja misja polega na przekazywaniu wiedzy i inspiracji w dziedzinie bi\u017cuterii, mody, dekoracji wn\u0119trz oraz r\u00f3\u017cnego rodzaju dodatk\u00f3w, kt\u00f3re sprawi\u0105, \u017ce Twoje \u017cycie stanie si\u0119 jeszcze bardziej pi\u0119kne i wyj\u0105tkowe. W moich postach znajdziesz przewodniki po najnowszych trendach, zar\u00f3wno je\u015bli chodzi o kolory wn\u0119trz, jak i modne dodatki czy bi\u017cuteri\u0119. Pragn\u0119 pom\u00f3c Ci odkry\u0107, jakie style wn\u0119trza pasuj\u0105 do Twojej osobowo\u015bci, a tak\u017ce jak dopasowa\u0107 bi\u017cuteri\u0119 do r\u00f3\u017cnych rodzaj\u00f3w sukienek czy stylizacji. Jestem r\u00f3wnie\u017c zwolenniczk\u0105 wyj\u0105tkowych, r\u0119cznie robionych produkt\u00f3w. W moich postach znajdziesz wiele inspiracji zwi\u0105zanych z r\u0119kodzie\u0142em, takimi jak eleganckie apaszki jedwabne, ozdoby na g\u0142ow\u0119 czy bi\u017cuteria artystyczna od polskich marek. W moich postach po\u015bwi\u0119cam r\u00f3wnie\u017c uwag\u0119 polskim projektantom i markom. Dziel\u0119 si\u0119 informacjami na temat bi\u017cuterii, ubra\u0144 i dodatk\u00f3w od rodzimych marek, kt\u00f3re tworz\u0105 wyj\u0105tkowe produkty. Moj\u0105 misj\u0105 jest dostarczanie inspiracji i praktycznych wskaz\u00f3wek z zakresu mody, designu, wn\u0119trz i bi\u017cuterii. Pragn\u0119, aby moje wpisy pomaga\u0142y Ci w tworzeniu wyj\u0105tkowych stylizacji, wyborze idealnych prezent\u00f3w oraz w aran\u017cacji pi\u0119knych wn\u0119trz. Zawsze staram si\u0119 dostarcza\u0107 tre\u015bci oparte na solidnych \u017ar\u00f3d\u0142ach i wiedzy, aby\u015b m\u00f3g\u0142\/a korzysta\u0107 z nich z pe\u0142nym zaufaniem."}]}},"_links":{"self":[{"href":"https:\/\/www.pakamera.pl\/magazyn\/wp-json\/wp\/v2\/posts\/8908","targetHints":{"allow":["GET"]}}],"collection":[{"href":"https:\/\/www.pakamera.pl\/magazyn\/wp-json\/wp\/v2\/posts"}],"about":[{"href":"https:\/\/www.pakamera.pl\/magazyn\/wp-json\/wp\/v2\/types\/post"}],"author":[{"embeddable":true,"href":"https:\/\/www.pakamera.pl\/magazyn\/wp-json\/wp\/v2\/users\/15"}],"replies":[{"embeddable":true,"href":"https:\/\/www.pakamera.pl\/magazyn\/wp-json\/wp\/v2\/comments?post=8908"}],"version-history":[{"count":0,"href":"https:\/\/www.pakamera.pl\/magazyn\/wp-json\/wp\/v2\/posts\/8908\/revisions"}],"wp:featuredmedia":[{"embeddable":true,"href":"https:\/\/www.pakamera.pl\/magazyn\/wp-json\/wp\/v2\/media\/8909"}],"wp:attachment":[{"href":"https:\/\/www.pakamera.pl\/magazyn\/wp-json\/wp\/v2\/media?parent=8908"}],"wp:term":[{"taxonomy":"category","embeddable":true,"href":"https:\/\/www.pakamera.pl\/magazyn\/wp-json\/wp\/v2\/categories?post=8908"},{"taxonomy":"post_tag","embeddable":true,"href":"https:\/\/www.pakamera.pl\/magazyn\/wp-json\/wp\/v2\/tags?post=8908"}],"curies":[{"name":"wp","href":"https:\/\/api.w.org\/{rel}","templated":true}]}}