{"id":8755,"date":"2023-06-30T14:23:58","date_gmt":"2023-06-30T12:23:58","guid":{"rendered":"https:\/\/www.pakamera.pl\/magazyn\/?p=8755"},"modified":"2026-03-30T14:46:37","modified_gmt":"2026-03-30T12:46:37","slug":"na-ktorym-palcu-nosic-pierscionek-zareczynowy","status":"publish","type":"post","link":"https:\/\/www.pakamera.pl\/magazyn\/na-ktorym-palcu-nosic-pierscionek-zareczynowy\/","title":{"rendered":"Na kt\u00f3rym palcu nosi\u0107 pier\u015bcionek zar\u0119czynowy?"},"content":{"rendered":"<p><strong>O pier\u015bcionku zar\u0119czynowym marzy niejedna kobieta. Od dawna ten rodzaj bi\u017cuterii uznawany jest za symbol wieczno\u015bci, przynale\u017cno\u015bci i wierno\u015bci. Kojarzy nam si\u0119 z bia\u0142\u0105 sukni\u0105, welonem, obr\u0105czkami i oczywi\u015bcie hucznym weselem. Pier\u015bcionek zar\u0119czynowy to zapowied\u017a d\u0142ugiego i szcz\u0119\u015bliwego wsp\u00f3lnego \u017cycia ma\u0142\u017ce\u0144skiego. Dzi\u015b odpowiemy na odwieczne pytanie. Na kt\u00f3rym palcu nosi\u0107 pier\u015bcionek zar\u0119czynowy?<br \/>\n<\/strong><\/p>\n<p><!--more--><\/p>\n<div id=\"pakawidget738\" class=\"pakawidget\"><\/div>\n<p><script async defer src=\"https:\/\/www.pakamera.pl\/widget\/widget2.min.js?id=738&#038;type=20230630140112&#038;wwidth=1000\"><\/script><br \/>\nSam moment zar\u0119czyn cz\u0119sto bywa stresuj\u0105cym wydarzeniem, zw\u0142aszcza dla m\u0119\u017cczyzn. O\u015bwiadczaj\u0105c si\u0119 wybrance swojego serca, wielu m\u0119\u017cczyzn zastanawia si\u0119, na kt\u00f3r\u0105 r\u0119k\u0119 za\u0142o\u017cy\u0107 <a href=\"https:\/\/www.pakamera.pl\/pierscionki-zareczynowe-0-3117.htm\" target=\"_blank\" rel=\"noopener\">zar\u0119czynowy pier\u015bcionek<\/a>. Zamierzasz si\u0119 o\u015bwiadczy\u0107 i nie wiesz, na kt\u00f3ry palec za\u0142o\u017cy\u0107 pier\u015bcionek zar\u0119czynowy? A mo\u017ce Tw\u00f3j ukochany ju\u017c si\u0119 o\u015bwiadczy\u0142, a Ty nie masz pewno\u015bci, na kt\u00f3rym palcu nosi\u0107 pier\u015bcionek zar\u0119czynowy? Za chwil\u0119 rozwiejemy wszystkie te w\u0105tpliwo\u015bci!<\/p>\n<h2>Na kt\u00f3rym palcu nosi\u0107 pier\u015bcionek zar\u0119czynowy?<\/h2>\n<p>To pytanie sp\u0119dza sen z powiek zar\u00f3wno m\u0119\u017cczyznom, jak i kobietom, kt\u00f3re w\u0142a\u015bnie otrzyma\u0142y sw\u00f3j wymarzony pier\u015bcionek. Tradycja wr\u0119czania tej wyj\u0105tkowej bi\u017cuterii pokazuje, \u017ce to, na kt\u00f3rym palcu nosimy zar\u0119czynowy pier\u015bcionek, ma bardzo du\u017ce znaczenie. To te\u017c wiedza, kt\u00f3r\u0105 musisz posi\u0105\u015b\u0107 zanim b\u0119dziesz si\u0119 zastanawia\u0107 <a href=\"https:\/\/www.pakamera.pl\/magazyn\/jak-dobrac-rozmiar-pierscionka-zareczynowego\/\" target=\"_blank\" rel=\"noopener\">jak dobra\u0107 rozmiar pier\u015bcionka zar\u0119czynowego<\/a> jest ci potrzebny.<\/p>\n<p><strong>Pier\u015bcionek zar\u0119czynowy nosimy zawsze na palcu serdecznym, czyli tym, po\u0142o\u017conym najbli\u017cej palca ma\u0142ego<\/strong>. Jest to do\u015b\u0107 oczywisty wyb\u00f3r. Jednak mniej oczywisty jest wyb\u00f3r d\u0142oni, na kt\u00f3rej nosimy ten pier\u015bcionek.<\/p>\n<figure id=\"attachment_13778\" aria-describedby=\"caption-attachment-13778\" style=\"width: 1600px\" class=\"wp-caption alignnone\"><img loading=\"lazy\" decoding=\"async\" class=\"wp-image-13778 size-full\" src=\"https:\/\/imgmag.pakamera.net\/2025\/09\/jak-dobrac-rozmiar-pierscionka-zareczynowego-104800030505.jpg\" alt=\"Na kt\u00f3rym palcu nosi\u0107 pier\u015bcionek zar\u0119czynowy\" width=\"1600\" height=\"840\" \/><figcaption id=\"caption-attachment-13778\" class=\"wp-caption-text\">Pier\u015bcionek zar\u0119czynowy z szafirem- z\u0142oto 585 \/ ARPELC \/ www.pakamera.pl<\/figcaption><\/figure>\n<h2>Pier\u015bcionek zar\u0119czynowy &#8211; na kt\u00f3rej r\u0119ce?<\/h2>\n<p>Nie ma jednej zasady co do tego, na kt\u00f3rej r\u0119ce musimy nosi\u0107 pier\u015bcionek zar\u0119czynowy. Co ciekawe, noszenia tej bi\u017cuterii jest zale\u017cne od tego, w jakim kraju si\u0119 znajdujemy. Ot\u00f3\u017c <strong>wi\u0119kszo\u015b\u0107 pa\u0144stw decyduje si\u0119 nosi\u0107 zar\u0119czynowy pier\u015bcionek na lewej d\u0142oni, poniewa\u017c znajduje si\u0119 ona bli\u017cej serca<\/strong>. A jak nosimy pier\u015bcionki w Polsce?<\/p>\n<p>Dawniej zar\u0119czynow\u0105 bi\u017cuteri\u0119 kobiety nosi\u0142y na lewej r\u0119ce. <strong>Dzi\u015b jest odwrotnie &#8211; cz\u0119\u015bciej zak\u0142adamy pier\u015bcionek na praw\u0105 d\u0142o\u0144 i nosimy razem z obr\u0105czk\u0105 lub przek\u0142adamy na lew\u0105 r\u0119k\u0119 dopiero po \u015blubie.<\/strong><\/p>\n<p>Decyzja o noszeniu <a href=\"https:\/\/www.pakamera.pl\/pierscionki-0-1837.htm\" target=\"_blank\" rel=\"noopener\">pier\u015bcionk\u00f3w<\/a> w ten spos\u00f3b jest \u015bci\u015ble powi\u0105zana z nasz\u0105 histori\u0105. Przed 1864 rokiem obr\u0105czki na prawej d\u0142oni nosi\u0142y tylko wdowy. Jednak po kl\u0119sce Polak\u00f3w w powstaniu styczniowym, r\u00f3wnie\u017c m\u0119\u017catki zacz\u0119\u0142y nosi\u0107 pier\u015bcionki na tej samej d\u0142oni, na znak solidarno\u015bci i \u017ca\u0142oby po poleg\u0142ych m\u0119\u017cczyznach. Ten pi\u0119kny gest zosta\u0142 zachowany do dzisiaj. <strong>Dlatego w\u0142a\u015bnie w Polsce kobiety nosz\u0105 pier\u015bcionki zar\u0119czynowe na prawej d\u0142oni<\/strong>.<\/p>\n<p>Pier\u015bcionek zar\u0119czynowy ma niejako przygotowa\u0107 miejsce do obr\u0105czki, kt\u00f3r\u0105 zak\u0142adamy w dniu \u015blubu. Du\u017ce znaczenie ma tutaj tak\u017ce symbolika. Prawa d\u0142o\u0144 podawana jest podczas sk\u0142adania przysi\u0119gi ma\u0142\u017ce\u0144skiej oraz t\u0119 r\u0119k\u0119 podajemy, gdy si\u0119 witamy.<\/p>\n<p>Je\u015bli jednak uwa\u017casz, \u017ce lepszym wyborem b\u0119dzie noszenie pier\u015bcionka na lewej d\u0142oni, to jest to kwestia indywidualna. Nosimy bi\u017cuteri\u0119 tak, jak nam wygodnie! Noszenie pier\u015bcionka zar\u0119czynowego powinno by\u0107 czyst\u0105 przyjemno\u015bci\u0105, a sama bi\u017cuteria ma przypomina\u0107 o tym wyj\u0105tkowym momencie Twojego \u017cycia. Dlatego no\u015b go tak, jak chcesz!<\/p>\n<p>Na kt\u00f3rym palcu nosz\u0105 pier\u015bcionek zar\u0119czynowy kobiety, mieszkaj\u0105ce w innych krajach? <strong>Wi\u0119kszo\u015b\u0107 kobiet mieszkaj\u0105cych w Europie, USA, czy Kanadzie nosi bi\u017cuteri\u0119 zar\u0119czynow\u0105 na lewej r\u0119ce<\/strong>. Wszystko dlatego, \u017ce w staro\u017cytnej Grecji g\u0142oszono, \u017ce \u017cy\u0142a palca serdecznego lewej d\u0142oni prowadzi prosto do serca.<\/p>\n<p>Z kolei na W\u0119grzech, zamiast pier\u015bcionka zar\u0119czynowego wr\u0119czana jest obr\u0105czka. Dok\u0142adnie taka, jak\u0105 kobieta ma ju\u017c na sobie w dniu \u015blubu. R\u00f3\u017cnica polega na tym, \u017ce w dniu \u015blubu kobieta przek\u0142ada obr\u0105czk\u0119 z lewej r\u0119ki na praw\u0105.<\/p>\n<h2>Pier\u015bcionek zar\u0119czynowy &#8211; jak nosi\u0107 po \u015blubie?<\/h2>\n<p>Zgodnie z nasz\u0105 tradycj\u0105, pier\u015bcionek zar\u0119czynowy przed \u015blubem nosimy na serdecznym palcu prawej r\u0119ki. Jest to symbol przyj\u0119cia o\u015bwiadczyn i zapowied\u017a nadchodz\u0105cego \u015blubu, a tym samym rozpocz\u0119cia wsp\u00f3lnego \u017cycia.<strong> Jak nosimy pier\u015bcionek zar\u0119czynowy, gdy jego miejsce ma zast\u0105pi\u0107 obr\u0105czka?<\/strong><\/p>\n<p><strong>Po \u015blubie obr\u0105czk\u0119 nosimy tak\u017ce na palcu serdecznym<\/strong>. Co zatem dzieje si\u0119 z pier\u015bcionkiem zar\u0119czynowym? <strong>Tu\u017c przed ceremoni\u0105 wi\u0119kszo\u015b\u0107 kobiet po prostu przek\u0142ada pier\u015bcionek zar\u0119czynowy na lew\u0105 d\u0142o\u0144, tym samym robi\u0105c miejsce na obr\u0105czk\u0119<\/strong>.<\/p>\n<p>Cz\u0119stym rozwi\u0105zaniem jest <strong>noszenie pier\u015bcionka zar\u0119czynowego i obr\u0105czki na jednym, tym samym palcu<\/strong>. Jest to tylko kwestia gustu. Je\u015bli zdecydujesz si\u0119 na to rozwi\u0105zanie, warto wybra\u0107 takie obr\u0105czki, kt\u00f3re idealnie b\u0119d\u0105 komponowa\u0142y si\u0119 z pier\u015bcionkiem zar\u0119czynowym. Takie po\u0142\u0105czenie mo\u017ce prezentowa\u0107 si\u0119 naprawd\u0119 pi\u0119knie. Zobacz te\u017c <a href=\"https:\/\/www.pakamera.pl\/magazyn\/jak-wybrac-pierscionek-zareczynowy-6-wskazowek\/\" target=\"_blank\" rel=\"noopener\">jak wybra\u0107 pier\u015bcionek zar\u0119czynowy<\/a> aby zachwyci\u0107 swoj\u0105 ukochan\u0105.<\/p>\n<p>Ciekawym rozwi\u0105zaniem mo\u017ce okaza\u0107 si\u0119 tak\u017ce <strong>noszenie pier\u015bcionka zar\u0119czynowego na szyi jako zawieszk\u0119 do \u0142a\u0144cuszka<\/strong>. Jest to obecnie bardzo popularne rozwi\u0105zanie. Korzystaj\u0105 z niego nie tylko kobiety zam\u0119\u017cne, ale r\u00f3wnie\u017c te zar\u0119czone, kt\u00f3re z r\u00f3\u017cnych powod\u00f3w nie mog\u0105 nosi\u0107 pier\u015bcionka na palcu. To fajne rozwi\u0105zanie w przypadku kiedy pier\u015bcionek dodatkowo posiada dedykacj\u0119 na wewn\u0119trznej stronie obr\u0105czki.<\/p>\n<p>Je\u015bli nie ma pomys\u0142u na personalizacj\u0119 koniecznie sprawd\u017a <a href=\"https:\/\/www.pakamera.pl\/magazyn\/co-wygrawerowac-na-pierscionku-zareczynowym\/\" target=\"_blank\" rel=\"noopener\">co mo\u017cna wygrawerowa\u0107 na pier\u015bcionku zar\u0119czynowym<\/a>.<\/p>\n<h2>Tradycja wr\u0119czania przed\u015blubnej bi\u017cuterii<\/h2>\n<p><strong>Bi\u017cuteria przed\u015blubna znana by\u0142a ju\u017c w staro\u017cytno\u015bci<\/strong>. Podobno Egipcjanie wr\u0119czali ukochanym okr\u0105g\u0142y drucik, kt\u00f3ry mia\u0142 symbolizowa\u0107 wieczno\u015b\u0107 i niesko\u0144czono\u015b\u0107. W staro\u017cytnym Rzymie oraz w Grecji na palec wybranki wk\u0142adano \u017celazny pier\u015bcionek zar\u0119czynowy. Zwyczaj ten przetrwa\u0142 a\u017c do czas\u00f3w \u015bredniowiecznych.<\/p>\n<p>Nast\u0119pnie w wieku XIII papie\u017c Innocent III wprowadzi\u0142 obowi\u0105zek okresu narzecze\u0144stwa przed \u015blubem. Czas ten mia\u0142 przygotowa\u0107 m\u0142odych do wsp\u00f3lnego \u017cycia. To w\u0142a\u015bnie dzi\u0119ki temu pier\u015bcionek zar\u0119czynowy sta\u0142 si\u0119 tak bardzo po\u017c\u0105danym produktem w przemy\u015ble jubilerskim.<\/p>\n<p><strong>W XV wieku zapanowa\u0142a moda na pier\u015bcionki zar\u0119czynowe z diamentami<\/strong>. Oczywi\u015bcie trend ten obowi\u0105zywa\u0142 tylko w\u015br\u00f3d najzamo\u017cniejszej spo\u0142eczno\u015bci. Taki pier\u015bcionek symbolizowa\u0142 nie tylko mi\u0142o\u015b\u0107, ale r\u00f3wnie\u017c wysoki status materialny m\u0119\u017cczyzny. Rozw\u00f3j tradycji zar\u0119czynowej i jubilerstwa sprawi\u0142, \u017ce pier\u015bcionki zar\u0119czynowe s\u0105 niezwykle istotnym rodzajem bi\u017cuterii r\u00f3wnie\u017c w obecnych czasach.<\/p>\n<p><strong>Aktualnie popularno\u015bci\u0105 nie ciesz\u0105 si\u0119 tylko pier\u015bcionki z diamentami, ale zacz\u0119li\u015bmy docenia\u0107 tak\u017ce inne surowce<\/strong>. Ogromn\u0105 popularno\u015bci\u0105 ciesz\u0105 si\u0119 pier\u015bcionki zar\u0119czynowe z kamieniami szlachetnymi. Warto te\u017c zwr\u00f3ci\u0107 uwag\u0119 <a href=\"https:\/\/www.pakamera.pl\/magazyn\/znaczenie-kamieni-w-pierscionku-zareczynowym-co-warto-wiedziec\/\" target=\"_blank\" rel=\"noopener\">jakie znaczenie maj\u0105 kamienie naturalne w pier\u015bcionkach zar\u0119czynowych<\/a>. Taki pier\u015bcionek mo\u017cna dobra\u0107 do charakteru, usposobienia, a nawet do znaku zodiaku ukochanej. Nie ograniczamy si\u0119 r\u00f3wnie\u017c tylko do jednej formy bi\u017cuterii. Najcz\u0119\u015bciej oczywi\u015bcie wybierana jest <a href=\"https:\/\/www.pakamera.pl\/zlota-bizuteria-0-t43135.htm\" target=\"_blank\" rel=\"noopener\">bi\u017cuteria z\u0142ota<\/a> jednak i tu mo\u017cemy ponie\u015b\u0107 si\u0119 i zdecydowa\u0107 si\u0119 na inne rozwi\u0105zanie.<\/p>\n<p><strong>Najpi\u0119kniejsze i wyj\u0105tkowe pier\u015bcionki zar\u0119czynowe znajdziesz r\u00f3wnie\u017c w naszym sklepie<\/strong>. Mamy dla Ciebie nie tylko klasyczne <a href=\"https:\/\/www.pakamera.pl\/pierscionki-zlote-0-3047.htm\" target=\"_blank\" rel=\"noopener\">pier\u015bcionki z\u0142ote<\/a>, ale r\u00f3wnie\u017c zjawiskowe srebrne zar\u0119czynowe pier\u015bcionki, a nawet modele wykonane z r\u00f3\u017cowego z\u0142ota.<\/p>\n","protected":false},"excerpt":{"rendered":"<p>O pier\u015bcionku zar\u0119czynowym marzy niejedna kobieta. Od dawna ten rodzaj bi\u017cuterii uznawany jest za symbol wieczno\u015bci, przynale\u017cno\u015bci i wierno\u015bci. Kojarzy nam si\u0119 z bia\u0142\u0105 sukni\u0105, welonem, obr\u0105czkami i oczywi\u015bcie hucznym<span class=\"more-dots\">&#8230;<\/span><\/p>\n","protected":false},"author":15,"featured_media":13778,"comment_status":"closed","ping_status":"closed","sticky":false,"template":"","format":"standard","meta":{"footnotes":""},"categories":[3],"tags":[211,1711,212],"class_list":["post-8755","post","type-post","status-publish","format-standard","has-post-thumbnail","hentry","category-moda","tag-pierscionek-zareczynowy","tag-zareczyny","tag-zloty-pierscionek"],"yoast_head":"<!-- This site is optimized with the Yoast SEO plugin v21.6 - https:\/\/yoast.com\/wordpress\/plugins\/seo\/ -->\n<title>Na kt\u00f3rym palcu nosi\u0107 pier\u015bcionek zar\u0119czynowy? - Magazyn Pakamera.pl<\/title>\n<meta name=\"description\" content=\"O pier\u015bcionku zar\u0119czynowym marzy niejedna kobieta. Dzi\u015b odpowiemy na odwieczne pytanie. Na kt\u00f3rym palcu nosi\u0107 pier\u015bcionek zar\u0119czynowy?\" \/>\n<meta name=\"robots\" content=\"index, follow\" \/>\n<link rel=\"canonical\" href=\"https:\/\/www.pakamera.pl\/magazyn\/na-ktorym-palcu-nosic-pierscionek-zareczynowy\/\" \/>\n<meta property=\"og:locale\" content=\"pl_PL\" \/>\n<meta property=\"og:type\" content=\"article\" \/>\n<meta property=\"og:title\" content=\"Na kt\u00f3rym palcu nosi\u0107 pier\u015bcionek zar\u0119czynowy? - Magazyn Pakamera.pl\" \/>\n<meta property=\"og:description\" content=\"O pier\u015bcionku zar\u0119czynowym marzy niejedna kobieta. Dzi\u015b odpowiemy na odwieczne pytanie. Na kt\u00f3rym palcu nosi\u0107 pier\u015bcionek zar\u0119czynowy?\" \/>\n<meta property=\"og:url\" content=\"https:\/\/www.pakamera.pl\/magazyn\/na-ktorym-palcu-nosic-pierscionek-zareczynowy\/\" \/>\n<meta property=\"og:site_name\" content=\"Magazyn Pakamera.pl\" \/>\n<meta property=\"article:publisher\" content=\"https:\/\/facebook.com\/pakamerapl\" \/>\n<meta property=\"article:published_time\" content=\"2023-06-30T12:23:58+00:00\" \/>\n<meta property=\"article:modified_time\" content=\"2026-03-30T12:46:37+00:00\" \/>\n<meta property=\"og:image\" content=\"https:\/\/imgmag.pakamera.net\/2025\/09\/jak-dobrac-rozmiar-pierscionka-zareczynowego-104800030505.jpg\" \/>\n\t<meta property=\"og:image:width\" content=\"1600\" \/>\n\t<meta property=\"og:image:height\" content=\"840\" \/>\n\t<meta property=\"og:image:type\" content=\"image\/jpeg\" \/>\n<meta name=\"author\" content=\"Kinga Paw\u0142owska\" \/>\n<meta name=\"twitter:card\" content=\"summary_large_image\" \/>\n<meta name=\"twitter:label1\" content=\"Napisane przez\" \/>\n\t<meta name=\"twitter:data1\" content=\"Kinga Paw\u0142owska\" \/>\n\t<meta name=\"twitter:label2\" content=\"Szacowany czas czytania\" \/>\n\t<meta name=\"twitter:data2\" content=\"6 minut\" \/>\n<script type=\"application\/ld+json\" class=\"yoast-schema-graph\">{\"@context\":\"https:\/\/schema.org\",\"@graph\":[{\"@type\":\"Article\",\"@id\":\"https:\/\/www.pakamera.pl\/magazyn\/na-ktorym-palcu-nosic-pierscionek-zareczynowy\/#article\",\"isPartOf\":{\"@id\":\"https:\/\/www.pakamera.pl\/magazyn\/na-ktorym-palcu-nosic-pierscionek-zareczynowy\/\"},\"author\":{\"name\":\"Kinga Paw\u0142owska\",\"@id\":\"https:\/\/www.pakamera.pl\/magazyn\/#\/schema\/person\/3260837128eb02b1b1ed1972385dff23\"},\"headline\":\"Na kt\u00f3rym palcu nosi\u0107 pier\u015bcionek zar\u0119czynowy?\",\"datePublished\":\"2023-06-30T12:23:58+00:00\",\"dateModified\":\"2026-03-30T12:46:37+00:00\",\"mainEntityOfPage\":{\"@id\":\"https:\/\/www.pakamera.pl\/magazyn\/na-ktorym-palcu-nosic-pierscionek-zareczynowy\/\"},\"wordCount\":1309,\"publisher\":{\"@id\":\"https:\/\/www.pakamera.pl\/magazyn\/#organization\"},\"keywords\":[\"pier\u015bcionek zar\u0119czynowy\",\"zar\u0119czyny\",\"z\u0142oty pier\u015bcionek\"],\"articleSection\":[\"Moda\"],\"inLanguage\":\"pl-PL\"},{\"@type\":\"WebPage\",\"@id\":\"https:\/\/www.pakamera.pl\/magazyn\/na-ktorym-palcu-nosic-pierscionek-zareczynowy\/\",\"url\":\"https:\/\/www.pakamera.pl\/magazyn\/na-ktorym-palcu-nosic-pierscionek-zareczynowy\/\",\"name\":\"Na kt\u00f3rym palcu nosi\u0107 pier\u015bcionek zar\u0119czynowy? - Magazyn Pakamera.pl\",\"isPartOf\":{\"@id\":\"https:\/\/www.pakamera.pl\/magazyn\/#website\"},\"datePublished\":\"2023-06-30T12:23:58+00:00\",\"dateModified\":\"2026-03-30T12:46:37+00:00\",\"description\":\"O pier\u015bcionku zar\u0119czynowym marzy niejedna kobieta. Dzi\u015b odpowiemy na odwieczne pytanie. Na kt\u00f3rym palcu nosi\u0107 pier\u015bcionek zar\u0119czynowy?\",\"breadcrumb\":{\"@id\":\"https:\/\/www.pakamera.pl\/magazyn\/na-ktorym-palcu-nosic-pierscionek-zareczynowy\/#breadcrumb\"},\"inLanguage\":\"pl-PL\",\"potentialAction\":[{\"@type\":\"ReadAction\",\"target\":[\"https:\/\/www.pakamera.pl\/magazyn\/na-ktorym-palcu-nosic-pierscionek-zareczynowy\/\"]}]},{\"@type\":\"BreadcrumbList\",\"@id\":\"https:\/\/www.pakamera.pl\/magazyn\/na-ktorym-palcu-nosic-pierscionek-zareczynowy\/#breadcrumb\",\"itemListElement\":[{\"@type\":\"ListItem\",\"position\":1,\"name\":\"Magazyn\",\"item\":\"https:\/\/www.pakamera.pl\/magazyn\/\"},{\"@type\":\"ListItem\",\"position\":2,\"name\":\"Moda\",\"item\":\"https:\/\/www.pakamera.pl\/magazyn\/category\/moda\/\"},{\"@type\":\"ListItem\",\"position\":3,\"name\":\"Na kt\u00f3rym palcu nosi\u0107 pier\u015bcionek zar\u0119czynowy?\"}]},{\"@type\":\"WebSite\",\"@id\":\"https:\/\/www.pakamera.pl\/magazyn\/#website\",\"url\":\"https:\/\/www.pakamera.pl\/magazyn\/\",\"name\":\"Magazyn Pakamera.pl\",\"description\":\"Sprawd\u017a najgor\u0119tsze tematy sezonu!\",\"publisher\":{\"@id\":\"https:\/\/www.pakamera.pl\/magazyn\/#organization\"},\"potentialAction\":[{\"@type\":\"SearchAction\",\"target\":{\"@type\":\"EntryPoint\",\"urlTemplate\":\"https:\/\/www.pakamera.pl\/magazyn\/?s={search_term_string}\"},\"query-input\":\"required name=search_term_string\"}],\"inLanguage\":\"pl-PL\"},{\"@type\":\"Organization\",\"@id\":\"https:\/\/www.pakamera.pl\/magazyn\/#organization\",\"name\":\"Pakamera.pl\",\"url\":\"https:\/\/www.pakamera.pl\/magazyn\/\",\"logo\":{\"@type\":\"ImageObject\",\"inLanguage\":\"pl-PL\",\"@id\":\"https:\/\/www.pakamera.pl\/magazyn\/#\/schema\/logo\/image\/\",\"url\":\"https:\/\/imgmag.pakamera.net\/2023\/11\/153455466619.png\",\"contentUrl\":\"https:\/\/imgmag.pakamera.net\/2023\/11\/153455466619.png\",\"width\":690,\"height\":140,\"caption\":\"Pakamera.pl\"},\"image\":{\"@id\":\"https:\/\/www.pakamera.pl\/magazyn\/#\/schema\/logo\/image\/\"},\"sameAs\":[\"https:\/\/facebook.com\/pakamerapl\",\"https:\/\/www.instagram.com\/pakamera\/\"]},{\"@type\":\"Person\",\"@id\":\"https:\/\/www.pakamera.pl\/magazyn\/#\/schema\/person\/3260837128eb02b1b1ed1972385dff23\",\"name\":\"Kinga Paw\u0142owska\",\"description\":\"Jestem pasjonatk\u0105 designu, mody i sztuki wyra\u017cania siebie poprzez ubi\u00f3r i dodatki. Moja misja polega na przekazywaniu wiedzy i inspiracji w dziedzinie bi\u017cuterii, mody, dekoracji wn\u0119trz oraz r\u00f3\u017cnego rodzaju dodatk\u00f3w, kt\u00f3re sprawi\u0105, \u017ce Twoje \u017cycie stanie si\u0119 jeszcze bardziej pi\u0119kne i wyj\u0105tkowe. W moich postach znajdziesz przewodniki po najnowszych trendach, zar\u00f3wno je\u015bli chodzi o kolory wn\u0119trz, jak i modne dodatki czy bi\u017cuteri\u0119. Pragn\u0119 pom\u00f3c Ci odkry\u0107, jakie style wn\u0119trza pasuj\u0105 do Twojej osobowo\u015bci, a tak\u017ce jak dopasowa\u0107 bi\u017cuteri\u0119 do r\u00f3\u017cnych rodzaj\u00f3w sukienek czy stylizacji. Jestem r\u00f3wnie\u017c zwolenniczk\u0105 wyj\u0105tkowych, r\u0119cznie robionych produkt\u00f3w. W moich postach znajdziesz wiele inspiracji zwi\u0105zanych z r\u0119kodzie\u0142em, takimi jak eleganckie apaszki jedwabne, ozdoby na g\u0142ow\u0119 czy bi\u017cuteria artystyczna od polskich marek. W moich postach po\u015bwi\u0119cam r\u00f3wnie\u017c uwag\u0119 polskim projektantom i markom. Dziel\u0119 si\u0119 informacjami na temat bi\u017cuterii, ubra\u0144 i dodatk\u00f3w od rodzimych marek, kt\u00f3re tworz\u0105 wyj\u0105tkowe produkty. Moj\u0105 misj\u0105 jest dostarczanie inspiracji i praktycznych wskaz\u00f3wek z zakresu mody, designu, wn\u0119trz i bi\u017cuterii. Pragn\u0119, aby moje wpisy pomaga\u0142y Ci w tworzeniu wyj\u0105tkowych stylizacji, wyborze idealnych prezent\u00f3w oraz w aran\u017cacji pi\u0119knych wn\u0119trz. Zawsze staram si\u0119 dostarcza\u0107 tre\u015bci oparte na solidnych \u017ar\u00f3d\u0142ach i wiedzy, aby\u015b m\u00f3g\u0142\/a korzysta\u0107 z nich z pe\u0142nym zaufaniem.\"}]}<\/script>\n<!-- \/ Yoast SEO plugin. -->","yoast_head_json":{"title":"Na kt\u00f3rym palcu nosi\u0107 pier\u015bcionek zar\u0119czynowy? - Magazyn Pakamera.pl","description":"O pier\u015bcionku zar\u0119czynowym marzy niejedna kobieta. Dzi\u015b odpowiemy na odwieczne pytanie. Na kt\u00f3rym palcu nosi\u0107 pier\u015bcionek zar\u0119czynowy?","robots":{"index":"index","follow":"follow"},"canonical":"https:\/\/www.pakamera.pl\/magazyn\/na-ktorym-palcu-nosic-pierscionek-zareczynowy\/","og_locale":"pl_PL","og_type":"article","og_title":"Na kt\u00f3rym palcu nosi\u0107 pier\u015bcionek zar\u0119czynowy? - Magazyn Pakamera.pl","og_description":"O pier\u015bcionku zar\u0119czynowym marzy niejedna kobieta. Dzi\u015b odpowiemy na odwieczne pytanie. Na kt\u00f3rym palcu nosi\u0107 pier\u015bcionek zar\u0119czynowy?","og_url":"https:\/\/www.pakamera.pl\/magazyn\/na-ktorym-palcu-nosic-pierscionek-zareczynowy\/","og_site_name":"Magazyn Pakamera.pl","article_publisher":"https:\/\/facebook.com\/pakamerapl","article_published_time":"2023-06-30T12:23:58+00:00","article_modified_time":"2026-03-30T12:46:37+00:00","og_image":[{"width":1600,"height":840,"url":"https:\/\/imgmag.pakamera.net\/2025\/09\/jak-dobrac-rozmiar-pierscionka-zareczynowego-104800030505.jpg","type":"image\/jpeg"}],"author":"Kinga Paw\u0142owska","twitter_card":"summary_large_image","twitter_misc":{"Napisane przez":"Kinga Paw\u0142owska","Szacowany czas czytania":"6 minut"},"schema":{"@context":"https:\/\/schema.org","@graph":[{"@type":"Article","@id":"https:\/\/www.pakamera.pl\/magazyn\/na-ktorym-palcu-nosic-pierscionek-zareczynowy\/#article","isPartOf":{"@id":"https:\/\/www.pakamera.pl\/magazyn\/na-ktorym-palcu-nosic-pierscionek-zareczynowy\/"},"author":{"name":"Kinga Paw\u0142owska","@id":"https:\/\/www.pakamera.pl\/magazyn\/#\/schema\/person\/3260837128eb02b1b1ed1972385dff23"},"headline":"Na kt\u00f3rym palcu nosi\u0107 pier\u015bcionek zar\u0119czynowy?","datePublished":"2023-06-30T12:23:58+00:00","dateModified":"2026-03-30T12:46:37+00:00","mainEntityOfPage":{"@id":"https:\/\/www.pakamera.pl\/magazyn\/na-ktorym-palcu-nosic-pierscionek-zareczynowy\/"},"wordCount":1309,"publisher":{"@id":"https:\/\/www.pakamera.pl\/magazyn\/#organization"},"keywords":["pier\u015bcionek zar\u0119czynowy","zar\u0119czyny","z\u0142oty pier\u015bcionek"],"articleSection":["Moda"],"inLanguage":"pl-PL"},{"@type":"WebPage","@id":"https:\/\/www.pakamera.pl\/magazyn\/na-ktorym-palcu-nosic-pierscionek-zareczynowy\/","url":"https:\/\/www.pakamera.pl\/magazyn\/na-ktorym-palcu-nosic-pierscionek-zareczynowy\/","name":"Na kt\u00f3rym palcu nosi\u0107 pier\u015bcionek zar\u0119czynowy? - Magazyn Pakamera.pl","isPartOf":{"@id":"https:\/\/www.pakamera.pl\/magazyn\/#website"},"datePublished":"2023-06-30T12:23:58+00:00","dateModified":"2026-03-30T12:46:37+00:00","description":"O pier\u015bcionku zar\u0119czynowym marzy niejedna kobieta. Dzi\u015b odpowiemy na odwieczne pytanie. Na kt\u00f3rym palcu nosi\u0107 pier\u015bcionek zar\u0119czynowy?","breadcrumb":{"@id":"https:\/\/www.pakamera.pl\/magazyn\/na-ktorym-palcu-nosic-pierscionek-zareczynowy\/#breadcrumb"},"inLanguage":"pl-PL","potentialAction":[{"@type":"ReadAction","target":["https:\/\/www.pakamera.pl\/magazyn\/na-ktorym-palcu-nosic-pierscionek-zareczynowy\/"]}]},{"@type":"BreadcrumbList","@id":"https:\/\/www.pakamera.pl\/magazyn\/na-ktorym-palcu-nosic-pierscionek-zareczynowy\/#breadcrumb","itemListElement":[{"@type":"ListItem","position":1,"name":"Magazyn","item":"https:\/\/www.pakamera.pl\/magazyn\/"},{"@type":"ListItem","position":2,"name":"Moda","item":"https:\/\/www.pakamera.pl\/magazyn\/category\/moda\/"},{"@type":"ListItem","position":3,"name":"Na kt\u00f3rym palcu nosi\u0107 pier\u015bcionek zar\u0119czynowy?"}]},{"@type":"WebSite","@id":"https:\/\/www.pakamera.pl\/magazyn\/#website","url":"https:\/\/www.pakamera.pl\/magazyn\/","name":"Magazyn Pakamera.pl","description":"Sprawd\u017a najgor\u0119tsze tematy sezonu!","publisher":{"@id":"https:\/\/www.pakamera.pl\/magazyn\/#organization"},"potentialAction":[{"@type":"SearchAction","target":{"@type":"EntryPoint","urlTemplate":"https:\/\/www.pakamera.pl\/magazyn\/?s={search_term_string}"},"query-input":"required name=search_term_string"}],"inLanguage":"pl-PL"},{"@type":"Organization","@id":"https:\/\/www.pakamera.pl\/magazyn\/#organization","name":"Pakamera.pl","url":"https:\/\/www.pakamera.pl\/magazyn\/","logo":{"@type":"ImageObject","inLanguage":"pl-PL","@id":"https:\/\/www.pakamera.pl\/magazyn\/#\/schema\/logo\/image\/","url":"https:\/\/imgmag.pakamera.net\/2023\/11\/153455466619.png","contentUrl":"https:\/\/imgmag.pakamera.net\/2023\/11\/153455466619.png","width":690,"height":140,"caption":"Pakamera.pl"},"image":{"@id":"https:\/\/www.pakamera.pl\/magazyn\/#\/schema\/logo\/image\/"},"sameAs":["https:\/\/facebook.com\/pakamerapl","https:\/\/www.instagram.com\/pakamera\/"]},{"@type":"Person","@id":"https:\/\/www.pakamera.pl\/magazyn\/#\/schema\/person\/3260837128eb02b1b1ed1972385dff23","name":"Kinga Paw\u0142owska","description":"Jestem pasjonatk\u0105 designu, mody i sztuki wyra\u017cania siebie poprzez ubi\u00f3r i dodatki. Moja misja polega na przekazywaniu wiedzy i inspiracji w dziedzinie bi\u017cuterii, mody, dekoracji wn\u0119trz oraz r\u00f3\u017cnego rodzaju dodatk\u00f3w, kt\u00f3re sprawi\u0105, \u017ce Twoje \u017cycie stanie si\u0119 jeszcze bardziej pi\u0119kne i wyj\u0105tkowe. W moich postach znajdziesz przewodniki po najnowszych trendach, zar\u00f3wno je\u015bli chodzi o kolory wn\u0119trz, jak i modne dodatki czy bi\u017cuteri\u0119. Pragn\u0119 pom\u00f3c Ci odkry\u0107, jakie style wn\u0119trza pasuj\u0105 do Twojej osobowo\u015bci, a tak\u017ce jak dopasowa\u0107 bi\u017cuteri\u0119 do r\u00f3\u017cnych rodzaj\u00f3w sukienek czy stylizacji. Jestem r\u00f3wnie\u017c zwolenniczk\u0105 wyj\u0105tkowych, r\u0119cznie robionych produkt\u00f3w. W moich postach znajdziesz wiele inspiracji zwi\u0105zanych z r\u0119kodzie\u0142em, takimi jak eleganckie apaszki jedwabne, ozdoby na g\u0142ow\u0119 czy bi\u017cuteria artystyczna od polskich marek. W moich postach po\u015bwi\u0119cam r\u00f3wnie\u017c uwag\u0119 polskim projektantom i markom. Dziel\u0119 si\u0119 informacjami na temat bi\u017cuterii, ubra\u0144 i dodatk\u00f3w od rodzimych marek, kt\u00f3re tworz\u0105 wyj\u0105tkowe produkty. Moj\u0105 misj\u0105 jest dostarczanie inspiracji i praktycznych wskaz\u00f3wek z zakresu mody, designu, wn\u0119trz i bi\u017cuterii. Pragn\u0119, aby moje wpisy pomaga\u0142y Ci w tworzeniu wyj\u0105tkowych stylizacji, wyborze idealnych prezent\u00f3w oraz w aran\u017cacji pi\u0119knych wn\u0119trz. Zawsze staram si\u0119 dostarcza\u0107 tre\u015bci oparte na solidnych \u017ar\u00f3d\u0142ach i wiedzy, aby\u015b m\u00f3g\u0142\/a korzysta\u0107 z nich z pe\u0142nym zaufaniem."}]}},"_links":{"self":[{"href":"https:\/\/www.pakamera.pl\/magazyn\/wp-json\/wp\/v2\/posts\/8755","targetHints":{"allow":["GET"]}}],"collection":[{"href":"https:\/\/www.pakamera.pl\/magazyn\/wp-json\/wp\/v2\/posts"}],"about":[{"href":"https:\/\/www.pakamera.pl\/magazyn\/wp-json\/wp\/v2\/types\/post"}],"author":[{"embeddable":true,"href":"https:\/\/www.pakamera.pl\/magazyn\/wp-json\/wp\/v2\/users\/15"}],"replies":[{"embeddable":true,"href":"https:\/\/www.pakamera.pl\/magazyn\/wp-json\/wp\/v2\/comments?post=8755"}],"version-history":[{"count":3,"href":"https:\/\/www.pakamera.pl\/magazyn\/wp-json\/wp\/v2\/posts\/8755\/revisions"}],"predecessor-version":[{"id":14669,"href":"https:\/\/www.pakamera.pl\/magazyn\/wp-json\/wp\/v2\/posts\/8755\/revisions\/14669"}],"wp:featuredmedia":[{"embeddable":true,"href":"https:\/\/www.pakamera.pl\/magazyn\/wp-json\/wp\/v2\/media\/13778"}],"wp:attachment":[{"href":"https:\/\/www.pakamera.pl\/magazyn\/wp-json\/wp\/v2\/media?parent=8755"}],"wp:term":[{"taxonomy":"category","embeddable":true,"href":"https:\/\/www.pakamera.pl\/magazyn\/wp-json\/wp\/v2\/categories?post=8755"},{"taxonomy":"post_tag","embeddable":true,"href":"https:\/\/www.pakamera.pl\/magazyn\/wp-json\/wp\/v2\/tags?post=8755"}],"curies":[{"name":"wp","href":"https:\/\/api.w.org\/{rel}","templated":true}]}}