{"id":8500,"date":"2023-02-14T14:20:30","date_gmt":"2023-02-14T13:20:30","guid":{"rendered":"https:\/\/www.pakamera.pl\/magazyn\/?p=8500"},"modified":"2023-02-14T14:20:30","modified_gmt":"2023-02-14T13:20:30","slug":"wybieramy-obrazy-do-salonu","status":"publish","type":"post","link":"https:\/\/www.pakamera.pl\/magazyn\/wybieramy-obrazy-do-salonu\/","title":{"rendered":"Wybieramy obrazy do salonu"},"content":{"rendered":"<p><strong>W ka\u017cdym domu salon jest pomieszczeniem, w kt\u00f3rym sp\u0119dzamy najwi\u0119cej czasu. To w\u0142a\u015bnie tam przyjmujemy go\u015bci i organizujemy przyj\u0119cia. Dlatego warto zadba\u0107, o wyst\u00f3j ca\u0142ej przestrzeni i ka\u017cdego zak\u0105tka tego miejsca. My poka\u017cemy jak obrazy do salonu mog\u0105 zmieni\u0107 wygl\u0105d waszego pomieszczenia.<br \/>\n<\/strong><\/p>\n<p><!--more--><\/p>\n<div class=\"pakawidget\" id=\"pakawidget676\"><\/div>\n<p><script async defer src=\"https:\/\/www.pakamera.pl\/widget\/widget2.min.js?id=676&#038;type=20230214140058&#038;wwidth=1000\"><\/script><br \/>\nJednym z miejsc, kt\u00f3re najbardziej przyci\u0105gaj\u0105 spojrzenia w salonie, jest \u015bciana. Cz\u0119sto pusta i niezagospodarowana, zostawia wra\u017cenie surowego i niedoko\u0144czonego wn\u0119trza. Dlatego w\u0142a\u015bnie tak wa\u017cne s\u0105 ozdoby. <strong>Obrazy od polskich projektant\u00f3w zupe\u0142nie odmieni\u0105 oblicze Twojego salonu<\/strong>. To nie tylko pi\u0119kne dodatki, ale r\u00f3wnie\u017c niepowtarzalna okazja, aby pokaza\u0107 sw\u00f3j styl i podkre\u015bli\u0107 charakter wn\u0119trza! Wybierz z nami <a href=\"https:\/\/www.pakamera.pl\/obrazy-do-salonu-0-t93682.htm\" target=\"_blank\" rel=\"noopener\">obrazy do salonu<\/a>! Wyr\u00f3\u017cnili\u015bmy pi\u0119\u0107 produkt\u00f3w, kt\u00f3re z pewno\u015bci\u0105 Ci si\u0119 spodobaj\u0105.<\/p>\n<figure id=\"attachment_8501\" aria-describedby=\"caption-attachment-8501\" style=\"width: 907px\" class=\"wp-caption alignnone\"><img loading=\"lazy\" decoding=\"async\" class=\"wp-image-8501 size-full\" src=\"\/\/imgmag.pakamera.net\/2023\/02\/wybieramy-obrazy-do-salonu-140150012265.jpg\" alt=\"obraz kobieta i kwiaty\" width=\"907\" height=\"540\" \/><figcaption id=\"caption-attachment-8501\" class=\"wp-caption-text\">Kobieta Kwiat &#8211; dekoracja \u015bcienna \/ Dekoracje PATKA Patrycja Kita<\/figcaption><\/figure>\n<p><strong>Kobieta Kwiat<\/strong> to dzie\u0142o marki <strong>Dekoracje PATKA Patrycja Kita<\/strong>. Ozdoba dost\u0119pna jest zar\u00f3wno w wersji plakatu, jak i obrazu. <a href=\"https:\/\/www.pakamera.pl\/plakaty-0-1827.htm\" target=\"_blank\" rel=\"noopener\">Plakat<\/a> zosta\u0142 wydrukowany na wysokiej jako\u015bci papierze artystycznym i wysy\u0142any jest bez ramki. Dzi\u0119ki temu mo\u017cesz wybra\u0107 ram\u0119, kt\u00f3ra idealnie wpasuje si\u0119 w Twoje wn\u0119trze. Z kolei wybieraj\u0105c obraz, otrzymasz dodatkowo pi\u0119kn\u0105 ram\u0119, wykonan\u0105 z naturalnego drewna skandynawskiego. Mo\u017cesz wi\u0119c bezpo\u015brednio zawiesi\u0107 obraz na \u015bcianie. Jest to dekoracja idealna do wn\u0119trz w stylu skandynawskim, nowoczesnym, czy nawet glamour. Sama grafika prezentuje si\u0119 bardzo ciekawie i intryguj\u0105co. Z pewno\u015bci\u0105 przyci\u0105gnie uwag\u0119 i b\u0119dzie budzi\u0107 zainteresowanie ka\u017cdego go\u015bcia.<\/p>\n<figure id=\"attachment_8504\" aria-describedby=\"caption-attachment-8504\" style=\"width: 530px\" class=\"wp-caption alignnone\"><img loading=\"lazy\" decoding=\"async\" class=\"wp-image-8504 size-full\" src=\"\/\/imgmag.pakamera.net\/2023\/02\/wybieramy-obrazy-do-salonu-140151681820.jpg\" alt=\"obraz zaj\u0105ce\" width=\"530\" height=\"371\" \/><figcaption id=\"caption-attachment-8504\" class=\"wp-caption-text\">OBRAZ NA P\u0141\u00d3TNIE 120x80cm Zaj\u0105ce \/ LUdesign gallery<\/figcaption><\/figure>\n<p>Marka <strong>LUdesign gallery<\/strong> stworzy\u0142a uroczy obraz na p\u0142\u00f3tnie zaj\u0105ce. Jest to najwy\u017cszej jako\u015bci wydruk na p\u0142\u00f3tnie, naci\u0105gni\u0119ty na drewniany blejtram. Dodatkowo opr\u00f3cz dekoracji, otrzymasz od marki kliny napinaj\u0105ce oraz specjaln\u0105 zawieszk\u0119 do montowania obrazu. Dzi\u0119ki temu \u0142atwiej i szybciej zawiesisz obraz na \u015bcianie. <strong>Obraz wydrukowano na p\u0142\u00f3tnie, przy pomocy ekologicznych i bezwonnych tuszy pigmentowych<\/strong>. To urocza i zarazem interesuj\u0105ca dekoracja, kt\u00f3ra z pewno\u015bci\u0105 urozmaici ka\u017cde wn\u0119trze oraz sprawi, \u017ce pomieszczenie b\u0119dzie wygl\u0105da\u0107 na przytulniejsze. Obraz przedstawia rodzin\u0119 zaj\u0105czk\u00f3w, ca\u0142o\u015b\u0107 prezentuje si\u0119 pi\u0119knie, a ka\u017cdy szczeg\u00f3\u0142 zosta\u0142 idealnie uchwycony. Je\u015bli lubisz nietuzinkowe i oryginalne obrazy, to ten plakat z pewno\u015bci\u0105 przypadnie CI do gustu.<\/p>\n<div class=\"pakawidget\" id=\"pakawidget677\"><\/div>\n<p><script async defer src=\"https:\/\/www.pakamera.pl\/widget\/widget2.min.js?id=677&#038;type=20230214140432&#038;wwidth=1000\"><\/script><\/p>\n<p>Jako trzecia na naszej li\u015bcie uplasowa\u0142a si\u0119 marka, a nie konkretny produkt. Firma <strong>MiniMalArt<\/strong> ma w swojej ofercie wiele ciekawych prac, na kt\u00f3re warto zwr\u00f3ci\u0107 uwag\u0119. Marka stawia na prost\u0105 kresk\u0119, kt\u00f3ra na pierwszy rzut oka mo\u017ce przypomina\u0107 czarn\u0105 plam\u0119 tuszu. Jednak po przyjrzeniu si\u0119, ujrzymy prawdziwe emocje zamkni\u0119te w p\u0142\u00f3tnie. <strong>Obrazy od MiniMalArt malowane s\u0105 r\u0119cznie na bia\u0142ym papierze akwarelowych<\/strong>. W ofercie znajdziemy tak\u017ce ca\u0142e zestawy obraz\u00f3w. Te dekoracje skierowane s\u0105 do mi\u0142o\u015bnik\u00f3w sztuki nowoczesnej, do minimalist\u00f3w, kt\u00f3rzy doceni\u0105 emocje zawarte w obrazie. Tak minimalistyczna dekoracja odnajdzie si\u0119 w ka\u017cdym wn\u0119trzu. Szczeg\u00f3lnie pi\u0119knie b\u0119dzie wygl\u0105da\u0107 we wn\u0119trzu skandynawskim i nowoczesnym.<\/p>\n<figure id=\"attachment_8502\" aria-describedby=\"caption-attachment-8502\" style=\"width: 1200px\" class=\"wp-caption alignnone\"><img loading=\"lazy\" decoding=\"async\" class=\"wp-image-8502 size-full\" src=\"\/\/imgmag.pakamera.net\/2023\/02\/wybieramy-obrazy-do-salonu-140150910938.jpg\" alt=\"obraz do salonu\" width=\"1200\" height=\"900\" \/><figcaption id=\"caption-attachment-8502\" class=\"wp-caption-text\">72901 Obraz na p\u0142\u00f3tnie MOTYL KOLOROWY 120&#215;80 \/ VAKUdsgn<\/figcaption><\/figure>\n<p><a href=\"https:\/\/www.pakamera.pl\/obrazy-0-1949.htm\" target=\"_blank\" rel=\"noopener\">Obraz na p\u0142\u00f3tnie<\/a> z motylem to dzie\u0142o marki <strong>VAKUdsgn<\/strong>. Pi\u0119kny, nowoczesny motyw, niebanalne wzornictwo i bardzo ciekawy dob\u00f3r kolor\u00f3w, a to wszystko znajdziecie w tym jednym obrazie. Jest to dekoracja, kt\u00f3ra o\u017cywi ka\u017cde wn\u0119trze oraz ubarwi ka\u017cd\u0105 \u015bcian\u0119. Marka pokazuje, \u017ce ka\u017cdy mo\u017ce mie\u0107 oryginalne dzie\u0142o sztuki w swoim domu i to za niewielk\u0105 cen\u0119. Obraz jest autorskim projektem marki. To unikatowy wz\u00f3r wykonany technik\u0105 cyfrow\u0105, przy u\u017cyciu ekologicznych tuszy najwy\u017cszej jako\u015bci. <strong>Obraz ten sprawdzi si\u0119 doskonale w ka\u017cdym pomieszczeniu<\/strong>, do kt\u00f3rego chcesz sprowadzi\u0107 nieco koloru.<\/p>\n<figure id=\"attachment_8503\" aria-describedby=\"caption-attachment-8503\" style=\"width: 630px\" class=\"wp-caption alignnone\"><img loading=\"lazy\" decoding=\"async\" class=\"wp-image-8503 size-full\" src=\"\/\/imgmag.pakamera.net\/2023\/02\/wybieramy-obrazy-do-salonu-140151279170.jpg\" alt=\"obraz do salonu\" width=\"630\" height=\"436\" \/><figcaption id=\"caption-attachment-8503\" class=\"wp-caption-text\">T e r r a z z o . No 1 \/ ma\u0142gorzata jagielska<\/figcaption><\/figure>\n<p><strong>Ma\u0142gorzata Jagielska<\/strong> stworzy\u0142a obraz T e r r a z z o . Jest to abstrakcyjny obraz malowany r\u0119cznie farbami akrylowymi. Idealnie b\u0119dzie pasowa\u0107 do wn\u0119trz w stylu retro i vintage. To doskona\u0142y dodatek do nowoczesnych, monochromatycznych przestrzeni, poniewa\u017c obraz b\u0119dzie wyrazistym akcentem kolorystycznym i o\u017cywi nieco surowe wn\u0119trze. Dekoracja sprzedawana jest bez ramy, dzi\u0119ki czemu mo\u017cesz wybra\u0107 ramk\u0119, kt\u00f3ra idealnie wpasuje si\u0119 w klimat Twojego wn\u0119trza. Ten obraz mo\u017ce by\u0107 fantastycznym pomys\u0142em na prezent dla fana dzie\u0142 abstrakcyjnych.<\/p>\n","protected":false},"excerpt":{"rendered":"<p>W ka\u017cdym domu salon jest pomieszczeniem, w kt\u00f3rym sp\u0119dzamy najwi\u0119cej czasu. To w\u0142a\u015bnie tam przyjmujemy go\u015bci i organizujemy przyj\u0119cia. Dlatego warto zadba\u0107, o wyst\u00f3j ca\u0142ej przestrzeni i ka\u017cdego zak\u0105tka tego<span class=\"more-dots\">&#8230;<\/span><\/p>\n","protected":false},"author":15,"featured_media":8501,"comment_status":"closed","ping_status":"closed","sticky":false,"template":"","format":"standard","meta":{"footnotes":""},"categories":[12],"tags":[603],"class_list":["post-8500","post","type-post","status-publish","format-standard","has-post-thumbnail","hentry","category-dom-i-wnetrza","tag-polskie-marki"],"yoast_head":"<!-- This site is optimized with the Yoast SEO plugin v21.6 - https:\/\/yoast.com\/wordpress\/plugins\/seo\/ -->\n<title>Wybieramy obrazy do salonu - Magazyn Pakamera.pl<\/title>\n<meta name=\"description\" content=\"W ka\u017cdym domu salon jest pomieszczeniem, w kt\u00f3rym sp\u0119dzamy najwi\u0119cej czasu. Poka\u017cemy jak obrazy do salonu mog\u0105 zmieni\u0107 wygl\u0105d pomieszczenia.\" \/>\n<meta name=\"robots\" content=\"index, follow\" \/>\n<link rel=\"canonical\" href=\"https:\/\/www.pakamera.pl\/magazyn\/wybieramy-obrazy-do-salonu\/\" \/>\n<meta property=\"og:locale\" content=\"pl_PL\" \/>\n<meta property=\"og:type\" content=\"article\" \/>\n<meta property=\"og:title\" content=\"Wybieramy obrazy do salonu - Magazyn Pakamera.pl\" \/>\n<meta property=\"og:description\" content=\"W ka\u017cdym domu salon jest pomieszczeniem, w kt\u00f3rym sp\u0119dzamy najwi\u0119cej czasu. Poka\u017cemy jak obrazy do salonu mog\u0105 zmieni\u0107 wygl\u0105d pomieszczenia.\" \/>\n<meta property=\"og:url\" content=\"https:\/\/www.pakamera.pl\/magazyn\/wybieramy-obrazy-do-salonu\/\" \/>\n<meta property=\"og:site_name\" content=\"Magazyn Pakamera.pl\" \/>\n<meta property=\"article:publisher\" content=\"https:\/\/facebook.com\/pakamerapl\" \/>\n<meta property=\"article:published_time\" content=\"2023-02-14T13:20:30+00:00\" \/>\n<meta property=\"og:image\" content=\"\/\/imgmag.pakamera.net\/2023\/02\/wybieramy-obrazy-do-salonu-140150012265.jpg\" \/>\n\t<meta property=\"og:image:width\" content=\"907\" \/>\n\t<meta property=\"og:image:height\" content=\"540\" \/>\n\t<meta property=\"og:image:type\" content=\"image\/jpeg\" \/>\n<meta name=\"author\" content=\"Kinga Paw\u0142owska\" \/>\n<meta name=\"twitter:card\" content=\"summary_large_image\" \/>\n<meta name=\"twitter:label1\" content=\"Napisane przez\" \/>\n\t<meta name=\"twitter:data1\" content=\"Kinga Paw\u0142owska\" \/>\n\t<meta name=\"twitter:label2\" content=\"Szacowany czas czytania\" \/>\n\t<meta name=\"twitter:data2\" content=\"5 minut\" \/>\n<script type=\"application\/ld+json\" class=\"yoast-schema-graph\">{\"@context\":\"https:\/\/schema.org\",\"@graph\":[{\"@type\":\"Article\",\"@id\":\"https:\/\/www.pakamera.pl\/magazyn\/wybieramy-obrazy-do-salonu\/#article\",\"isPartOf\":{\"@id\":\"https:\/\/www.pakamera.pl\/magazyn\/wybieramy-obrazy-do-salonu\/\"},\"author\":{\"name\":\"Kinga Paw\u0142owska\",\"@id\":\"https:\/\/www.pakamera.pl\/magazyn\/#\/schema\/person\/3260837128eb02b1b1ed1972385dff23\"},\"headline\":\"Wybieramy obrazy do salonu\",\"datePublished\":\"2023-02-14T13:20:30+00:00\",\"dateModified\":\"2023-02-14T13:20:30+00:00\",\"mainEntityOfPage\":{\"@id\":\"https:\/\/www.pakamera.pl\/magazyn\/wybieramy-obrazy-do-salonu\/\"},\"wordCount\":785,\"publisher\":{\"@id\":\"https:\/\/www.pakamera.pl\/magazyn\/#organization\"},\"keywords\":[\"polskie marki\"],\"articleSection\":[\"Dom i Wn\u0119trze\"],\"inLanguage\":\"pl-PL\"},{\"@type\":\"WebPage\",\"@id\":\"https:\/\/www.pakamera.pl\/magazyn\/wybieramy-obrazy-do-salonu\/\",\"url\":\"https:\/\/www.pakamera.pl\/magazyn\/wybieramy-obrazy-do-salonu\/\",\"name\":\"Wybieramy obrazy do salonu - Magazyn Pakamera.pl\",\"isPartOf\":{\"@id\":\"https:\/\/www.pakamera.pl\/magazyn\/#website\"},\"datePublished\":\"2023-02-14T13:20:30+00:00\",\"dateModified\":\"2023-02-14T13:20:30+00:00\",\"description\":\"W ka\u017cdym domu salon jest pomieszczeniem, w kt\u00f3rym sp\u0119dzamy najwi\u0119cej czasu. Poka\u017cemy jak obrazy do salonu mog\u0105 zmieni\u0107 wygl\u0105d pomieszczenia.\",\"breadcrumb\":{\"@id\":\"https:\/\/www.pakamera.pl\/magazyn\/wybieramy-obrazy-do-salonu\/#breadcrumb\"},\"inLanguage\":\"pl-PL\",\"potentialAction\":[{\"@type\":\"ReadAction\",\"target\":[\"https:\/\/www.pakamera.pl\/magazyn\/wybieramy-obrazy-do-salonu\/\"]}]},{\"@type\":\"BreadcrumbList\",\"@id\":\"https:\/\/www.pakamera.pl\/magazyn\/wybieramy-obrazy-do-salonu\/#breadcrumb\",\"itemListElement\":[{\"@type\":\"ListItem\",\"position\":1,\"name\":\"Magazyn\",\"item\":\"https:\/\/www.pakamera.pl\/magazyn\/\"},{\"@type\":\"ListItem\",\"position\":2,\"name\":\"Dom i Wn\u0119trze\",\"item\":\"https:\/\/www.pakamera.pl\/magazyn\/category\/dom-i-wnetrza\/\"},{\"@type\":\"ListItem\",\"position\":3,\"name\":\"Wybieramy obrazy do salonu\"}]},{\"@type\":\"WebSite\",\"@id\":\"https:\/\/www.pakamera.pl\/magazyn\/#website\",\"url\":\"https:\/\/www.pakamera.pl\/magazyn\/\",\"name\":\"Magazyn Pakamera.pl\",\"description\":\"Sprawd\u017a najgor\u0119tsze tematy sezonu!\",\"publisher\":{\"@id\":\"https:\/\/www.pakamera.pl\/magazyn\/#organization\"},\"potentialAction\":[{\"@type\":\"SearchAction\",\"target\":{\"@type\":\"EntryPoint\",\"urlTemplate\":\"https:\/\/www.pakamera.pl\/magazyn\/?s={search_term_string}\"},\"query-input\":\"required name=search_term_string\"}],\"inLanguage\":\"pl-PL\"},{\"@type\":\"Organization\",\"@id\":\"https:\/\/www.pakamera.pl\/magazyn\/#organization\",\"name\":\"Pakamera.pl\",\"url\":\"https:\/\/www.pakamera.pl\/magazyn\/\",\"logo\":{\"@type\":\"ImageObject\",\"inLanguage\":\"pl-PL\",\"@id\":\"https:\/\/www.pakamera.pl\/magazyn\/#\/schema\/logo\/image\/\",\"url\":\"https:\/\/imgmag.pakamera.net\/2023\/11\/153455466619.png\",\"contentUrl\":\"https:\/\/imgmag.pakamera.net\/2023\/11\/153455466619.png\",\"width\":690,\"height\":140,\"caption\":\"Pakamera.pl\"},\"image\":{\"@id\":\"https:\/\/www.pakamera.pl\/magazyn\/#\/schema\/logo\/image\/\"},\"sameAs\":[\"https:\/\/facebook.com\/pakamerapl\",\"https:\/\/www.instagram.com\/pakamera\/\"]},{\"@type\":\"Person\",\"@id\":\"https:\/\/www.pakamera.pl\/magazyn\/#\/schema\/person\/3260837128eb02b1b1ed1972385dff23\",\"name\":\"Kinga Paw\u0142owska\",\"description\":\"Jestem pasjonatk\u0105 designu, mody i sztuki wyra\u017cania siebie poprzez ubi\u00f3r i dodatki. Moja misja polega na przekazywaniu wiedzy i inspiracji w dziedzinie bi\u017cuterii, mody, dekoracji wn\u0119trz oraz r\u00f3\u017cnego rodzaju dodatk\u00f3w, kt\u00f3re sprawi\u0105, \u017ce Twoje \u017cycie stanie si\u0119 jeszcze bardziej pi\u0119kne i wyj\u0105tkowe. W moich postach znajdziesz przewodniki po najnowszych trendach, zar\u00f3wno je\u015bli chodzi o kolory wn\u0119trz, jak i modne dodatki czy bi\u017cuteri\u0119. Pragn\u0119 pom\u00f3c Ci odkry\u0107, jakie style wn\u0119trza pasuj\u0105 do Twojej osobowo\u015bci, a tak\u017ce jak dopasowa\u0107 bi\u017cuteri\u0119 do r\u00f3\u017cnych rodzaj\u00f3w sukienek czy stylizacji. Jestem r\u00f3wnie\u017c zwolenniczk\u0105 wyj\u0105tkowych, r\u0119cznie robionych produkt\u00f3w. W moich postach znajdziesz wiele inspiracji zwi\u0105zanych z r\u0119kodzie\u0142em, takimi jak eleganckie apaszki jedwabne, ozdoby na g\u0142ow\u0119 czy bi\u017cuteria artystyczna od polskich marek. W moich postach po\u015bwi\u0119cam r\u00f3wnie\u017c uwag\u0119 polskim projektantom i markom. Dziel\u0119 si\u0119 informacjami na temat bi\u017cuterii, ubra\u0144 i dodatk\u00f3w od rodzimych marek, kt\u00f3re tworz\u0105 wyj\u0105tkowe produkty. Moj\u0105 misj\u0105 jest dostarczanie inspiracji i praktycznych wskaz\u00f3wek z zakresu mody, designu, wn\u0119trz i bi\u017cuterii. Pragn\u0119, aby moje wpisy pomaga\u0142y Ci w tworzeniu wyj\u0105tkowych stylizacji, wyborze idealnych prezent\u00f3w oraz w aran\u017cacji pi\u0119knych wn\u0119trz. Zawsze staram si\u0119 dostarcza\u0107 tre\u015bci oparte na solidnych \u017ar\u00f3d\u0142ach i wiedzy, aby\u015b m\u00f3g\u0142\/a korzysta\u0107 z nich z pe\u0142nym zaufaniem.\"}]}<\/script>\n<!-- \/ Yoast SEO plugin. -->","yoast_head_json":{"title":"Wybieramy obrazy do salonu - Magazyn Pakamera.pl","description":"W ka\u017cdym domu salon jest pomieszczeniem, w kt\u00f3rym sp\u0119dzamy najwi\u0119cej czasu. Poka\u017cemy jak obrazy do salonu mog\u0105 zmieni\u0107 wygl\u0105d pomieszczenia.","robots":{"index":"index","follow":"follow"},"canonical":"https:\/\/www.pakamera.pl\/magazyn\/wybieramy-obrazy-do-salonu\/","og_locale":"pl_PL","og_type":"article","og_title":"Wybieramy obrazy do salonu - Magazyn Pakamera.pl","og_description":"W ka\u017cdym domu salon jest pomieszczeniem, w kt\u00f3rym sp\u0119dzamy najwi\u0119cej czasu. Poka\u017cemy jak obrazy do salonu mog\u0105 zmieni\u0107 wygl\u0105d pomieszczenia.","og_url":"https:\/\/www.pakamera.pl\/magazyn\/wybieramy-obrazy-do-salonu\/","og_site_name":"Magazyn Pakamera.pl","article_publisher":"https:\/\/facebook.com\/pakamerapl","article_published_time":"2023-02-14T13:20:30+00:00","og_image":[{"width":907,"height":540,"url":"\/\/imgmag.pakamera.net\/2023\/02\/wybieramy-obrazy-do-salonu-140150012265.jpg","type":"image\/jpeg"}],"author":"Kinga Paw\u0142owska","twitter_card":"summary_large_image","twitter_misc":{"Napisane przez":"Kinga Paw\u0142owska","Szacowany czas czytania":"5 minut"},"schema":{"@context":"https:\/\/schema.org","@graph":[{"@type":"Article","@id":"https:\/\/www.pakamera.pl\/magazyn\/wybieramy-obrazy-do-salonu\/#article","isPartOf":{"@id":"https:\/\/www.pakamera.pl\/magazyn\/wybieramy-obrazy-do-salonu\/"},"author":{"name":"Kinga Paw\u0142owska","@id":"https:\/\/www.pakamera.pl\/magazyn\/#\/schema\/person\/3260837128eb02b1b1ed1972385dff23"},"headline":"Wybieramy obrazy do salonu","datePublished":"2023-02-14T13:20:30+00:00","dateModified":"2023-02-14T13:20:30+00:00","mainEntityOfPage":{"@id":"https:\/\/www.pakamera.pl\/magazyn\/wybieramy-obrazy-do-salonu\/"},"wordCount":785,"publisher":{"@id":"https:\/\/www.pakamera.pl\/magazyn\/#organization"},"keywords":["polskie marki"],"articleSection":["Dom i Wn\u0119trze"],"inLanguage":"pl-PL"},{"@type":"WebPage","@id":"https:\/\/www.pakamera.pl\/magazyn\/wybieramy-obrazy-do-salonu\/","url":"https:\/\/www.pakamera.pl\/magazyn\/wybieramy-obrazy-do-salonu\/","name":"Wybieramy obrazy do salonu - Magazyn Pakamera.pl","isPartOf":{"@id":"https:\/\/www.pakamera.pl\/magazyn\/#website"},"datePublished":"2023-02-14T13:20:30+00:00","dateModified":"2023-02-14T13:20:30+00:00","description":"W ka\u017cdym domu salon jest pomieszczeniem, w kt\u00f3rym sp\u0119dzamy najwi\u0119cej czasu. Poka\u017cemy jak obrazy do salonu mog\u0105 zmieni\u0107 wygl\u0105d pomieszczenia.","breadcrumb":{"@id":"https:\/\/www.pakamera.pl\/magazyn\/wybieramy-obrazy-do-salonu\/#breadcrumb"},"inLanguage":"pl-PL","potentialAction":[{"@type":"ReadAction","target":["https:\/\/www.pakamera.pl\/magazyn\/wybieramy-obrazy-do-salonu\/"]}]},{"@type":"BreadcrumbList","@id":"https:\/\/www.pakamera.pl\/magazyn\/wybieramy-obrazy-do-salonu\/#breadcrumb","itemListElement":[{"@type":"ListItem","position":1,"name":"Magazyn","item":"https:\/\/www.pakamera.pl\/magazyn\/"},{"@type":"ListItem","position":2,"name":"Dom i Wn\u0119trze","item":"https:\/\/www.pakamera.pl\/magazyn\/category\/dom-i-wnetrza\/"},{"@type":"ListItem","position":3,"name":"Wybieramy obrazy do salonu"}]},{"@type":"WebSite","@id":"https:\/\/www.pakamera.pl\/magazyn\/#website","url":"https:\/\/www.pakamera.pl\/magazyn\/","name":"Magazyn Pakamera.pl","description":"Sprawd\u017a najgor\u0119tsze tematy sezonu!","publisher":{"@id":"https:\/\/www.pakamera.pl\/magazyn\/#organization"},"potentialAction":[{"@type":"SearchAction","target":{"@type":"EntryPoint","urlTemplate":"https:\/\/www.pakamera.pl\/magazyn\/?s={search_term_string}"},"query-input":"required name=search_term_string"}],"inLanguage":"pl-PL"},{"@type":"Organization","@id":"https:\/\/www.pakamera.pl\/magazyn\/#organization","name":"Pakamera.pl","url":"https:\/\/www.pakamera.pl\/magazyn\/","logo":{"@type":"ImageObject","inLanguage":"pl-PL","@id":"https:\/\/www.pakamera.pl\/magazyn\/#\/schema\/logo\/image\/","url":"https:\/\/imgmag.pakamera.net\/2023\/11\/153455466619.png","contentUrl":"https:\/\/imgmag.pakamera.net\/2023\/11\/153455466619.png","width":690,"height":140,"caption":"Pakamera.pl"},"image":{"@id":"https:\/\/www.pakamera.pl\/magazyn\/#\/schema\/logo\/image\/"},"sameAs":["https:\/\/facebook.com\/pakamerapl","https:\/\/www.instagram.com\/pakamera\/"]},{"@type":"Person","@id":"https:\/\/www.pakamera.pl\/magazyn\/#\/schema\/person\/3260837128eb02b1b1ed1972385dff23","name":"Kinga Paw\u0142owska","description":"Jestem pasjonatk\u0105 designu, mody i sztuki wyra\u017cania siebie poprzez ubi\u00f3r i dodatki. Moja misja polega na przekazywaniu wiedzy i inspiracji w dziedzinie bi\u017cuterii, mody, dekoracji wn\u0119trz oraz r\u00f3\u017cnego rodzaju dodatk\u00f3w, kt\u00f3re sprawi\u0105, \u017ce Twoje \u017cycie stanie si\u0119 jeszcze bardziej pi\u0119kne i wyj\u0105tkowe. W moich postach znajdziesz przewodniki po najnowszych trendach, zar\u00f3wno je\u015bli chodzi o kolory wn\u0119trz, jak i modne dodatki czy bi\u017cuteri\u0119. Pragn\u0119 pom\u00f3c Ci odkry\u0107, jakie style wn\u0119trza pasuj\u0105 do Twojej osobowo\u015bci, a tak\u017ce jak dopasowa\u0107 bi\u017cuteri\u0119 do r\u00f3\u017cnych rodzaj\u00f3w sukienek czy stylizacji. Jestem r\u00f3wnie\u017c zwolenniczk\u0105 wyj\u0105tkowych, r\u0119cznie robionych produkt\u00f3w. W moich postach znajdziesz wiele inspiracji zwi\u0105zanych z r\u0119kodzie\u0142em, takimi jak eleganckie apaszki jedwabne, ozdoby na g\u0142ow\u0119 czy bi\u017cuteria artystyczna od polskich marek. W moich postach po\u015bwi\u0119cam r\u00f3wnie\u017c uwag\u0119 polskim projektantom i markom. Dziel\u0119 si\u0119 informacjami na temat bi\u017cuterii, ubra\u0144 i dodatk\u00f3w od rodzimych marek, kt\u00f3re tworz\u0105 wyj\u0105tkowe produkty. Moj\u0105 misj\u0105 jest dostarczanie inspiracji i praktycznych wskaz\u00f3wek z zakresu mody, designu, wn\u0119trz i bi\u017cuterii. Pragn\u0119, aby moje wpisy pomaga\u0142y Ci w tworzeniu wyj\u0105tkowych stylizacji, wyborze idealnych prezent\u00f3w oraz w aran\u017cacji pi\u0119knych wn\u0119trz. Zawsze staram si\u0119 dostarcza\u0107 tre\u015bci oparte na solidnych \u017ar\u00f3d\u0142ach i wiedzy, aby\u015b m\u00f3g\u0142\/a korzysta\u0107 z nich z pe\u0142nym zaufaniem."}]}},"_links":{"self":[{"href":"https:\/\/www.pakamera.pl\/magazyn\/wp-json\/wp\/v2\/posts\/8500","targetHints":{"allow":["GET"]}}],"collection":[{"href":"https:\/\/www.pakamera.pl\/magazyn\/wp-json\/wp\/v2\/posts"}],"about":[{"href":"https:\/\/www.pakamera.pl\/magazyn\/wp-json\/wp\/v2\/types\/post"}],"author":[{"embeddable":true,"href":"https:\/\/www.pakamera.pl\/magazyn\/wp-json\/wp\/v2\/users\/15"}],"replies":[{"embeddable":true,"href":"https:\/\/www.pakamera.pl\/magazyn\/wp-json\/wp\/v2\/comments?post=8500"}],"version-history":[{"count":0,"href":"https:\/\/www.pakamera.pl\/magazyn\/wp-json\/wp\/v2\/posts\/8500\/revisions"}],"wp:featuredmedia":[{"embeddable":true,"href":"https:\/\/www.pakamera.pl\/magazyn\/wp-json\/wp\/v2\/media\/8501"}],"wp:attachment":[{"href":"https:\/\/www.pakamera.pl\/magazyn\/wp-json\/wp\/v2\/media?parent=8500"}],"wp:term":[{"taxonomy":"category","embeddable":true,"href":"https:\/\/www.pakamera.pl\/magazyn\/wp-json\/wp\/v2\/categories?post=8500"},{"taxonomy":"post_tag","embeddable":true,"href":"https:\/\/www.pakamera.pl\/magazyn\/wp-json\/wp\/v2\/tags?post=8500"}],"curies":[{"name":"wp","href":"https:\/\/api.w.org\/{rel}","templated":true}]}}