{"id":8430,"date":"2023-01-02T11:22:43","date_gmt":"2023-01-02T10:22:43","guid":{"rendered":"https:\/\/www.pakamera.pl\/magazyn\/?p=8430"},"modified":"2023-01-02T11:22:43","modified_gmt":"2023-01-02T10:22:43","slug":"czapki-na-zime-wybierz-idealna","status":"publish","type":"post","link":"https:\/\/www.pakamera.pl\/magazyn\/czapki-na-zime-wybierz-idealna\/","title":{"rendered":"Czapki na zim\u0119 &#8211; wybierz idealn\u0105!"},"content":{"rendered":"<p><strong>Szukaj\u0105c czapki na zim\u0119, warto wzi\u0105\u0107 pod uwag\u0119 kilka czynnik\u00f3w. Przede wszystkim zastan\u00f3w si\u0119 nad podstawowym przeznaczeniem wybranej przez Ciebie czapki. Jad\u0105c w g\u00f3ry lub planuj\u0105c d\u0142ug\u0105 w\u0119dr\u00f3wk\u0119 po nich, warto postawi\u0107 na grubszy i bardziej dopasowany model.<\/strong><\/p>\n<p><!--more--><\/p>\n<figure id=\"attachment_8431\" aria-describedby=\"caption-attachment-8431\" style=\"width: 530px\" class=\"wp-caption alignnone\"><img loading=\"lazy\" decoding=\"async\" class=\"wp-image-8431 size-full\" src=\"\/\/imgmag.pakamera.net\/2023\/01\/czapki-na-zime-wybierz-idealna-110835984052.jpg\" alt=\"czapki na zim\u0119\" width=\"530\" height=\"795\" \/><figcaption id=\"caption-attachment-8431\" class=\"wp-caption-text\">JELE\u0143 &#8211; we\u0142niana czapka bez \u015bci\u0105gacza- granat \/ KOPYTO<\/figcaption><\/figure>\n<p>Z kolei w cieplejsze dni postaw na nieco cie\u0144sz\u0105 czapk\u0119, w kt\u00f3rej nie doprowadzisz do przegrzania organizmu. Wszystkie <strong>czapki na zim\u0119 od polskich projektant\u00f3w to \u015bwietny wyb\u00f3r<\/strong>. Modele dost\u0119pne w naszym sklepie sprawi\u0105, \u017ce nie zmarzniesz w ch\u0142odne dni, a jednocze\u015bnie zawsze b\u0119dziesz wygl\u0105da\u0107 pi\u0119knie i modnie. Jak\u0105 czapk\u0119 wybra\u0107? Wybierz idealn\u0105 czapk\u0119 na zim\u0119 od polskich projektant\u00f3w!<\/p>\n<div class=\"pakawidget\" id=\"pakawidget657\"><\/div>\n<p><script async defer src=\"https:\/\/www.pakamera.pl\/widget\/widget2.min.js?id=657&#038;type=20230102111032&#038;wwidth=1000\"><\/script><\/p>\n<p><a href=\"https:\/\/www.pakamera.pl\/czapka-z-welny-merino-0-t155287.htm\" target=\"_blank\" rel=\"noopener\">Czapka z we\u0142ny merino<\/a> szturmem podbi\u0142a odzie\u017cowy rynek. We\u0142na merino to idealne po\u0142\u0105czenie tradycyjnej we\u0142ny z w\u0142a\u015bciwo\u015bciami materia\u0142\u00f3w syntetycznych. Pozyskuje si\u0119 j\u0105 z runa owiec merynos\u00f3w, kt\u00f3re potrafi\u0105 prze\u017cy\u0107 w naprawd\u0119 ekstremalnych warunkach. <strong>Czapki z we\u0142ny merino s\u0105 elastyczne, niezwykle wygodne i komfortowe w noszeniu<\/strong>, a przy tym nie podra\u017cniaj\u0105 sk\u00f3ry i nie drapi\u0105. We\u0142na merino jest delikatna i zachwycaj\u0105co przyjemna w dotyku. Gdy raz za\u0142o\u017cysz tak\u0105 czapk\u0119, nie b\u0119dziesz chcia\u0142a nosi\u0107 ju\u017c nic innego. Oczywi\u015bcie zalety czapek merino na tym si\u0119 nie ko\u0144cz\u0105. S\u0105 one przede wszystkim bardzo ciep\u0142e, a przy tym przewiewne. Cechuj\u0105 si\u0119 wysok\u0105 termoizolacj\u0105 i zdolno\u015bci\u0105 odprowadzania wilgoci na zewn\u0105trz. Przy tym niweluj\u0105 nieprzyjemne zapachy i s\u0105 bardzo \u0142atwe do utrzymania w czysto\u015bci.<\/p>\n<div class=\"pakawidget\" id=\"pakawidget658\"><\/div>\n<p><script async defer src=\"https:\/\/www.pakamera.pl\/widget\/widget2.min.js?id=658&#038;type=20230102111114&#038;wwidth=1000\"><\/script><\/p>\n<p><a href=\"https:\/\/www.pakamera.pl\/czapka-welniana-0-t54748.htm\" target=\"_blank\" rel=\"noopener\">Czapka we\u0142niana<\/a> to znany od lat dodatek, kt\u00f3ry cz\u0119sto jest niedoceniany. We\u0142na rewelacyjnie chroni przed niskimi temperaturami. Nie gniecie si\u0119, a przy tym jest higroskopijna, dzi\u0119ki czemu mniej si\u0119 w niej pocimy. We\u0142niane czapki nie poch\u0142aniaj\u0105 te\u017c nieprzyjemnych zapach\u00f3w, dzi\u0119ki czemu nie musimy pra\u0107 czapki bardzo cz\u0119sto. Ogromn\u0105 zalet\u0105 niew\u0105tpliwie jest <strong>szeroki wyb\u00f3r czapek we\u0142nianych, dost\u0119pny w sklepie pakamera.pl<\/strong>. Mo\u017cesz zdecydowa\u0107 si\u0119 na zakup samej czapki we\u0142nianej lub wybra\u0107 j\u0105 w zestawie z kominem. Takie zestawy wykonuje m.in. marka sploteka. Czapka we\u0142niana to must have, je\u015bli wybierasz si\u0119 na zimowe w\u0119dr\u00f3wki i potrzebujesz bardzo ciep\u0142ych ubra\u0144, przeznaczonych do zada\u0144 specjalnych.<\/p>\n<div class=\"pakawidget\" id=\"pakawidget659\"><\/div>\n<p><script async defer src=\"https:\/\/www.pakamera.pl\/widget\/widget2.min.js?id=659&#038;type=20230102111328&#038;wwidth=1000\"><\/script><br \/>\nKolejn\u0105 kategori\u0105 na naszej li\u015bcie jest <a href=\"https:\/\/www.pakamera.pl\/czapka-na-szydelku-0-t122841.htm\" target=\"_blank\" rel=\"noopener\">czapka na szyde\u0142ku<\/a>. Znajdziesz tutaj czapki wykonane niemal\u017ce z ka\u017cdego rodzaju materia\u0142u. W sprzeda\u017cy czapki damskie, m\u0119skie oraz modele dla dzieci. <strong>Czapka na szyde\u0142ku dost\u0119pna jest w wielu barwach, zar\u00f3wno tych zwariowanych, jak i tych bardziej uniwersalnych<\/strong>. W sprzeda\u017cy s\u0105 tak\u017ce zestawy. Mo\u017cesz zakupi\u0107 czapk\u0119 z kominem lub czapk\u0119 i r\u0119kawiczki na szyde\u0142ku. Ka\u017cdy model jest jedyny w swoim rodzaju, poniewa\u017c od pocz\u0105tku do ko\u0144ca zosta\u0142 uszyty r\u0119cznie. Taka czapka mo\u017ce by\u0107 \u015bwietnym pomys\u0142em na uniwersalny prezent dla bliskiej osoby. Podczas ch\u0142odniejszych dni taka ciep\u0142a czapka to must have! Zadbaj wi\u0119c o to, aby w Twojej szafie oraz w szafie Twoich bliskich nie zabrak\u0142o tych pi\u0119knych czapek robionych r\u0119cznie.<\/p>\n<div class=\"pakawidget\" id=\"pakawidget661\"><\/div>\n<p><script async defer src=\"https:\/\/www.pakamera.pl\/widget\/widget2.min.js?id=661&#038;type=20230102111508&#038;wwidth=1000\"><\/script><\/p>\n<p><strong>Bawe\u0142niana czapka<\/strong> \u2014 w odr\u00f3\u017cnieniu od powy\u017cszych modeli \u2014 to czapka, kt\u00f3r\u0105 mo\u017cesz nosi\u0107 niemal\u017ce przez ca\u0142y rok. Nie s\u0105 a\u017c tak ciep\u0142e, jak czapki wykonane z we\u0142ny, ale s\u0105 za to najbardziej uniwersalnym modelem, jaki tylko mo\u017cesz znale\u017a\u0107. <strong>Bawe\u0142niane czapki znakomicie wygl\u0105daj\u0105 noszone do miejskich stylizacji<\/strong>. Pasuj\u0105 zar\u00f3wno do puchowej kurtki, jak i do eleganckiego p\u0142aszcza. Bawe\u0142na ma wysokie w\u0142a\u015bciwo\u015bci higroskopijne oraz du\u017c\u0105 odporno\u015b\u0107 na rozci\u0105ganie. Czapki z bawe\u0142ny \u015bwietnie dopasowuj\u0105 si\u0119 do kszta\u0142tu i wielko\u015bci g\u0142owy, przez co ka\u017cdy wygl\u0105da w nich pi\u0119knie. R\u00f3wnie\u017c du\u017c\u0105 zalet\u0105 jest fakt, \u017ce bawe\u0142na nie uczula i mog\u0105 j\u0105 nosi\u0107 osoby ze sk\u0142onno\u015bciami do alergii i podra\u017cnie\u0144 sk\u00f3rnych.<\/p>\n<div class=\"pakawidget\" id=\"pakawidget660\"><\/div>\n<p><script async defer src=\"https:\/\/www.pakamera.pl\/widget\/widget2.min.js?id=660&#038;type=20230102111423&#038;wwidth=1000\"><\/script><\/p>\n<p><a href=\"https:\/\/www.pakamera.pl\/czapka-z-alpaki-0-t124052.htm\" target=\"_blank\" rel=\"noopener\">Czapka z alpaki<\/a> to jedna z najdelikatniejszych i najmilszych w dotyku czapek, jakie tylko mo\u017cna znale\u017a\u0107 na rynku. Noszenie jej to czysta przyjemno\u015b\u0107, a przy tym czapki s\u0105 niezwykle ciep\u0142e. Idealne rozwi\u0105zanie na zimowe, pochmurne dni. <strong>Czapki z alpaki dost\u0119pne s\u0105 w wielu pi\u0119knych odcieniach<\/strong>, dzi\u0119ki czemu bez problem\u00f3w znajdziesz swoj\u0105 wymarzon\u0105 czapk\u0119. Mo\u017cesz postawi\u0107 na wyrazisty, intensywny odcie\u0144 lub postawi\u0107 na uniwersaln\u0105 czapk\u0119 z alpaki, kt\u00f3ra b\u0119dzie pasowa\u0142a do ka\u017cdej stylizacji. Wyb\u00f3r nale\u017cy do Ciebie!<\/p>\n<p>Mamy nadziej\u0119, \u017ce dzi\u0119ki naszemu zestawieniu wybierzecie dla siebie odpowiednie czapki na zim\u0119.<\/p>\n","protected":false},"excerpt":{"rendered":"<p>Szukaj\u0105c czapki na zim\u0119, warto wzi\u0105\u0107 pod uwag\u0119 kilka czynnik\u00f3w. Przede wszystkim zastan\u00f3w si\u0119 nad podstawowym przeznaczeniem wybranej przez Ciebie czapki. Jad\u0105c w g\u00f3ry lub planuj\u0105c d\u0142ug\u0105 w\u0119dr\u00f3wk\u0119 po nich,<span class=\"more-dots\">&#8230;<\/span><\/p>\n","protected":false},"author":15,"featured_media":8431,"comment_status":"closed","ping_status":"closed","sticky":false,"template":"","format":"standard","meta":{"footnotes":""},"categories":[3],"tags":[580,603],"class_list":["post-8430","post","type-post","status-publish","format-standard","has-post-thumbnail","hentry","category-moda","tag-polscy-projektanci","tag-polskie-marki"],"yoast_head":"<!-- This site is optimized with the Yoast SEO plugin v21.6 - https:\/\/yoast.com\/wordpress\/plugins\/seo\/ -->\n<title>Czapki na zim\u0119 - wybierz idealn\u0105! - Magazyn Pakamera.pl<\/title>\n<meta name=\"description\" content=\"Szukaj\u0105c czapki na zim\u0119, warto wzi\u0105\u0107 pod uwag\u0119 kilka czynnik\u00f3w. Przedstawiamy kilka rodzaj\u00f3w czapek, kt\u00f3re idealnie spisz\u0105 si\u0119 w zim\u0119.\" \/>\n<meta name=\"robots\" content=\"index, follow\" \/>\n<link rel=\"canonical\" href=\"https:\/\/www.pakamera.pl\/magazyn\/czapki-na-zime-wybierz-idealna\/\" \/>\n<meta property=\"og:locale\" content=\"pl_PL\" \/>\n<meta property=\"og:type\" content=\"article\" \/>\n<meta property=\"og:title\" content=\"Czapki na zim\u0119 - wybierz idealn\u0105! - Magazyn Pakamera.pl\" \/>\n<meta property=\"og:description\" content=\"Szukaj\u0105c czapki na zim\u0119, warto wzi\u0105\u0107 pod uwag\u0119 kilka czynnik\u00f3w. Przedstawiamy kilka rodzaj\u00f3w czapek, kt\u00f3re idealnie spisz\u0105 si\u0119 w zim\u0119.\" \/>\n<meta property=\"og:url\" content=\"https:\/\/www.pakamera.pl\/magazyn\/czapki-na-zime-wybierz-idealna\/\" \/>\n<meta property=\"og:site_name\" content=\"Magazyn Pakamera.pl\" \/>\n<meta property=\"article:publisher\" content=\"https:\/\/facebook.com\/pakamerapl\" \/>\n<meta property=\"article:published_time\" content=\"2023-01-02T10:22:43+00:00\" \/>\n<meta property=\"og:image\" content=\"\/\/imgmag.pakamera.net\/2023\/01\/czapki-na-zime-wybierz-idealna-110835984052.jpg\" \/>\n\t<meta property=\"og:image:width\" content=\"530\" \/>\n\t<meta property=\"og:image:height\" content=\"795\" \/>\n\t<meta property=\"og:image:type\" content=\"image\/jpeg\" \/>\n<meta name=\"author\" content=\"Kinga Paw\u0142owska\" \/>\n<meta name=\"twitter:card\" content=\"summary_large_image\" \/>\n<meta name=\"twitter:label1\" content=\"Napisane przez\" \/>\n\t<meta name=\"twitter:data1\" content=\"Kinga Paw\u0142owska\" \/>\n\t<meta name=\"twitter:label2\" content=\"Szacowany czas czytania\" \/>\n\t<meta name=\"twitter:data2\" content=\"5 minut\" \/>\n<script type=\"application\/ld+json\" class=\"yoast-schema-graph\">{\"@context\":\"https:\/\/schema.org\",\"@graph\":[{\"@type\":\"Article\",\"@id\":\"https:\/\/www.pakamera.pl\/magazyn\/czapki-na-zime-wybierz-idealna\/#article\",\"isPartOf\":{\"@id\":\"https:\/\/www.pakamera.pl\/magazyn\/czapki-na-zime-wybierz-idealna\/\"},\"author\":{\"name\":\"Kinga Paw\u0142owska\",\"@id\":\"https:\/\/www.pakamera.pl\/magazyn\/#\/schema\/person\/3260837128eb02b1b1ed1972385dff23\"},\"headline\":\"Czapki na zim\u0119 &#8211; wybierz idealn\u0105!\",\"datePublished\":\"2023-01-02T10:22:43+00:00\",\"dateModified\":\"2023-01-02T10:22:43+00:00\",\"mainEntityOfPage\":{\"@id\":\"https:\/\/www.pakamera.pl\/magazyn\/czapki-na-zime-wybierz-idealna\/\"},\"wordCount\":789,\"publisher\":{\"@id\":\"https:\/\/www.pakamera.pl\/magazyn\/#organization\"},\"keywords\":[\"polscy projektanci\",\"polskie marki\"],\"articleSection\":[\"Moda\"],\"inLanguage\":\"pl-PL\"},{\"@type\":\"WebPage\",\"@id\":\"https:\/\/www.pakamera.pl\/magazyn\/czapki-na-zime-wybierz-idealna\/\",\"url\":\"https:\/\/www.pakamera.pl\/magazyn\/czapki-na-zime-wybierz-idealna\/\",\"name\":\"Czapki na zim\u0119 - wybierz idealn\u0105! - Magazyn Pakamera.pl\",\"isPartOf\":{\"@id\":\"https:\/\/www.pakamera.pl\/magazyn\/#website\"},\"datePublished\":\"2023-01-02T10:22:43+00:00\",\"dateModified\":\"2023-01-02T10:22:43+00:00\",\"description\":\"Szukaj\u0105c czapki na zim\u0119, warto wzi\u0105\u0107 pod uwag\u0119 kilka czynnik\u00f3w. Przedstawiamy kilka rodzaj\u00f3w czapek, kt\u00f3re idealnie spisz\u0105 si\u0119 w zim\u0119.\",\"breadcrumb\":{\"@id\":\"https:\/\/www.pakamera.pl\/magazyn\/czapki-na-zime-wybierz-idealna\/#breadcrumb\"},\"inLanguage\":\"pl-PL\",\"potentialAction\":[{\"@type\":\"ReadAction\",\"target\":[\"https:\/\/www.pakamera.pl\/magazyn\/czapki-na-zime-wybierz-idealna\/\"]}]},{\"@type\":\"BreadcrumbList\",\"@id\":\"https:\/\/www.pakamera.pl\/magazyn\/czapki-na-zime-wybierz-idealna\/#breadcrumb\",\"itemListElement\":[{\"@type\":\"ListItem\",\"position\":1,\"name\":\"Magazyn\",\"item\":\"https:\/\/www.pakamera.pl\/magazyn\/\"},{\"@type\":\"ListItem\",\"position\":2,\"name\":\"Moda\",\"item\":\"https:\/\/www.pakamera.pl\/magazyn\/category\/moda\/\"},{\"@type\":\"ListItem\",\"position\":3,\"name\":\"Czapki na zim\u0119 &#8211; wybierz idealn\u0105!\"}]},{\"@type\":\"WebSite\",\"@id\":\"https:\/\/www.pakamera.pl\/magazyn\/#website\",\"url\":\"https:\/\/www.pakamera.pl\/magazyn\/\",\"name\":\"Magazyn Pakamera.pl\",\"description\":\"Sprawd\u017a najgor\u0119tsze tematy sezonu!\",\"publisher\":{\"@id\":\"https:\/\/www.pakamera.pl\/magazyn\/#organization\"},\"potentialAction\":[{\"@type\":\"SearchAction\",\"target\":{\"@type\":\"EntryPoint\",\"urlTemplate\":\"https:\/\/www.pakamera.pl\/magazyn\/?s={search_term_string}\"},\"query-input\":\"required name=search_term_string\"}],\"inLanguage\":\"pl-PL\"},{\"@type\":\"Organization\",\"@id\":\"https:\/\/www.pakamera.pl\/magazyn\/#organization\",\"name\":\"Pakamera.pl\",\"url\":\"https:\/\/www.pakamera.pl\/magazyn\/\",\"logo\":{\"@type\":\"ImageObject\",\"inLanguage\":\"pl-PL\",\"@id\":\"https:\/\/www.pakamera.pl\/magazyn\/#\/schema\/logo\/image\/\",\"url\":\"https:\/\/imgmag.pakamera.net\/2023\/11\/153455466619.png\",\"contentUrl\":\"https:\/\/imgmag.pakamera.net\/2023\/11\/153455466619.png\",\"width\":690,\"height\":140,\"caption\":\"Pakamera.pl\"},\"image\":{\"@id\":\"https:\/\/www.pakamera.pl\/magazyn\/#\/schema\/logo\/image\/\"},\"sameAs\":[\"https:\/\/facebook.com\/pakamerapl\",\"https:\/\/www.instagram.com\/pakamera\/\"]},{\"@type\":\"Person\",\"@id\":\"https:\/\/www.pakamera.pl\/magazyn\/#\/schema\/person\/3260837128eb02b1b1ed1972385dff23\",\"name\":\"Kinga Paw\u0142owska\",\"description\":\"Jestem pasjonatk\u0105 designu, mody i sztuki wyra\u017cania siebie poprzez ubi\u00f3r i dodatki. Moja misja polega na przekazywaniu wiedzy i inspiracji w dziedzinie bi\u017cuterii, mody, dekoracji wn\u0119trz oraz r\u00f3\u017cnego rodzaju dodatk\u00f3w, kt\u00f3re sprawi\u0105, \u017ce Twoje \u017cycie stanie si\u0119 jeszcze bardziej pi\u0119kne i wyj\u0105tkowe. W moich postach znajdziesz przewodniki po najnowszych trendach, zar\u00f3wno je\u015bli chodzi o kolory wn\u0119trz, jak i modne dodatki czy bi\u017cuteri\u0119. Pragn\u0119 pom\u00f3c Ci odkry\u0107, jakie style wn\u0119trza pasuj\u0105 do Twojej osobowo\u015bci, a tak\u017ce jak dopasowa\u0107 bi\u017cuteri\u0119 do r\u00f3\u017cnych rodzaj\u00f3w sukienek czy stylizacji. Jestem r\u00f3wnie\u017c zwolenniczk\u0105 wyj\u0105tkowych, r\u0119cznie robionych produkt\u00f3w. W moich postach znajdziesz wiele inspiracji zwi\u0105zanych z r\u0119kodzie\u0142em, takimi jak eleganckie apaszki jedwabne, ozdoby na g\u0142ow\u0119 czy bi\u017cuteria artystyczna od polskich marek. W moich postach po\u015bwi\u0119cam r\u00f3wnie\u017c uwag\u0119 polskim projektantom i markom. Dziel\u0119 si\u0119 informacjami na temat bi\u017cuterii, ubra\u0144 i dodatk\u00f3w od rodzimych marek, kt\u00f3re tworz\u0105 wyj\u0105tkowe produkty. Moj\u0105 misj\u0105 jest dostarczanie inspiracji i praktycznych wskaz\u00f3wek z zakresu mody, designu, wn\u0119trz i bi\u017cuterii. Pragn\u0119, aby moje wpisy pomaga\u0142y Ci w tworzeniu wyj\u0105tkowych stylizacji, wyborze idealnych prezent\u00f3w oraz w aran\u017cacji pi\u0119knych wn\u0119trz. Zawsze staram si\u0119 dostarcza\u0107 tre\u015bci oparte na solidnych \u017ar\u00f3d\u0142ach i wiedzy, aby\u015b m\u00f3g\u0142\/a korzysta\u0107 z nich z pe\u0142nym zaufaniem.\"}]}<\/script>\n<!-- \/ Yoast SEO plugin. -->","yoast_head_json":{"title":"Czapki na zim\u0119 - wybierz idealn\u0105! - Magazyn Pakamera.pl","description":"Szukaj\u0105c czapki na zim\u0119, warto wzi\u0105\u0107 pod uwag\u0119 kilka czynnik\u00f3w. Przedstawiamy kilka rodzaj\u00f3w czapek, kt\u00f3re idealnie spisz\u0105 si\u0119 w zim\u0119.","robots":{"index":"index","follow":"follow"},"canonical":"https:\/\/www.pakamera.pl\/magazyn\/czapki-na-zime-wybierz-idealna\/","og_locale":"pl_PL","og_type":"article","og_title":"Czapki na zim\u0119 - wybierz idealn\u0105! - Magazyn Pakamera.pl","og_description":"Szukaj\u0105c czapki na zim\u0119, warto wzi\u0105\u0107 pod uwag\u0119 kilka czynnik\u00f3w. Przedstawiamy kilka rodzaj\u00f3w czapek, kt\u00f3re idealnie spisz\u0105 si\u0119 w zim\u0119.","og_url":"https:\/\/www.pakamera.pl\/magazyn\/czapki-na-zime-wybierz-idealna\/","og_site_name":"Magazyn Pakamera.pl","article_publisher":"https:\/\/facebook.com\/pakamerapl","article_published_time":"2023-01-02T10:22:43+00:00","og_image":[{"width":530,"height":795,"url":"\/\/imgmag.pakamera.net\/2023\/01\/czapki-na-zime-wybierz-idealna-110835984052.jpg","type":"image\/jpeg"}],"author":"Kinga Paw\u0142owska","twitter_card":"summary_large_image","twitter_misc":{"Napisane przez":"Kinga Paw\u0142owska","Szacowany czas czytania":"5 minut"},"schema":{"@context":"https:\/\/schema.org","@graph":[{"@type":"Article","@id":"https:\/\/www.pakamera.pl\/magazyn\/czapki-na-zime-wybierz-idealna\/#article","isPartOf":{"@id":"https:\/\/www.pakamera.pl\/magazyn\/czapki-na-zime-wybierz-idealna\/"},"author":{"name":"Kinga Paw\u0142owska","@id":"https:\/\/www.pakamera.pl\/magazyn\/#\/schema\/person\/3260837128eb02b1b1ed1972385dff23"},"headline":"Czapki na zim\u0119 &#8211; wybierz idealn\u0105!","datePublished":"2023-01-02T10:22:43+00:00","dateModified":"2023-01-02T10:22:43+00:00","mainEntityOfPage":{"@id":"https:\/\/www.pakamera.pl\/magazyn\/czapki-na-zime-wybierz-idealna\/"},"wordCount":789,"publisher":{"@id":"https:\/\/www.pakamera.pl\/magazyn\/#organization"},"keywords":["polscy projektanci","polskie marki"],"articleSection":["Moda"],"inLanguage":"pl-PL"},{"@type":"WebPage","@id":"https:\/\/www.pakamera.pl\/magazyn\/czapki-na-zime-wybierz-idealna\/","url":"https:\/\/www.pakamera.pl\/magazyn\/czapki-na-zime-wybierz-idealna\/","name":"Czapki na zim\u0119 - wybierz idealn\u0105! - Magazyn Pakamera.pl","isPartOf":{"@id":"https:\/\/www.pakamera.pl\/magazyn\/#website"},"datePublished":"2023-01-02T10:22:43+00:00","dateModified":"2023-01-02T10:22:43+00:00","description":"Szukaj\u0105c czapki na zim\u0119, warto wzi\u0105\u0107 pod uwag\u0119 kilka czynnik\u00f3w. Przedstawiamy kilka rodzaj\u00f3w czapek, kt\u00f3re idealnie spisz\u0105 si\u0119 w zim\u0119.","breadcrumb":{"@id":"https:\/\/www.pakamera.pl\/magazyn\/czapki-na-zime-wybierz-idealna\/#breadcrumb"},"inLanguage":"pl-PL","potentialAction":[{"@type":"ReadAction","target":["https:\/\/www.pakamera.pl\/magazyn\/czapki-na-zime-wybierz-idealna\/"]}]},{"@type":"BreadcrumbList","@id":"https:\/\/www.pakamera.pl\/magazyn\/czapki-na-zime-wybierz-idealna\/#breadcrumb","itemListElement":[{"@type":"ListItem","position":1,"name":"Magazyn","item":"https:\/\/www.pakamera.pl\/magazyn\/"},{"@type":"ListItem","position":2,"name":"Moda","item":"https:\/\/www.pakamera.pl\/magazyn\/category\/moda\/"},{"@type":"ListItem","position":3,"name":"Czapki na zim\u0119 &#8211; wybierz idealn\u0105!"}]},{"@type":"WebSite","@id":"https:\/\/www.pakamera.pl\/magazyn\/#website","url":"https:\/\/www.pakamera.pl\/magazyn\/","name":"Magazyn Pakamera.pl","description":"Sprawd\u017a najgor\u0119tsze tematy sezonu!","publisher":{"@id":"https:\/\/www.pakamera.pl\/magazyn\/#organization"},"potentialAction":[{"@type":"SearchAction","target":{"@type":"EntryPoint","urlTemplate":"https:\/\/www.pakamera.pl\/magazyn\/?s={search_term_string}"},"query-input":"required name=search_term_string"}],"inLanguage":"pl-PL"},{"@type":"Organization","@id":"https:\/\/www.pakamera.pl\/magazyn\/#organization","name":"Pakamera.pl","url":"https:\/\/www.pakamera.pl\/magazyn\/","logo":{"@type":"ImageObject","inLanguage":"pl-PL","@id":"https:\/\/www.pakamera.pl\/magazyn\/#\/schema\/logo\/image\/","url":"https:\/\/imgmag.pakamera.net\/2023\/11\/153455466619.png","contentUrl":"https:\/\/imgmag.pakamera.net\/2023\/11\/153455466619.png","width":690,"height":140,"caption":"Pakamera.pl"},"image":{"@id":"https:\/\/www.pakamera.pl\/magazyn\/#\/schema\/logo\/image\/"},"sameAs":["https:\/\/facebook.com\/pakamerapl","https:\/\/www.instagram.com\/pakamera\/"]},{"@type":"Person","@id":"https:\/\/www.pakamera.pl\/magazyn\/#\/schema\/person\/3260837128eb02b1b1ed1972385dff23","name":"Kinga Paw\u0142owska","description":"Jestem pasjonatk\u0105 designu, mody i sztuki wyra\u017cania siebie poprzez ubi\u00f3r i dodatki. Moja misja polega na przekazywaniu wiedzy i inspiracji w dziedzinie bi\u017cuterii, mody, dekoracji wn\u0119trz oraz r\u00f3\u017cnego rodzaju dodatk\u00f3w, kt\u00f3re sprawi\u0105, \u017ce Twoje \u017cycie stanie si\u0119 jeszcze bardziej pi\u0119kne i wyj\u0105tkowe. W moich postach znajdziesz przewodniki po najnowszych trendach, zar\u00f3wno je\u015bli chodzi o kolory wn\u0119trz, jak i modne dodatki czy bi\u017cuteri\u0119. Pragn\u0119 pom\u00f3c Ci odkry\u0107, jakie style wn\u0119trza pasuj\u0105 do Twojej osobowo\u015bci, a tak\u017ce jak dopasowa\u0107 bi\u017cuteri\u0119 do r\u00f3\u017cnych rodzaj\u00f3w sukienek czy stylizacji. Jestem r\u00f3wnie\u017c zwolenniczk\u0105 wyj\u0105tkowych, r\u0119cznie robionych produkt\u00f3w. W moich postach znajdziesz wiele inspiracji zwi\u0105zanych z r\u0119kodzie\u0142em, takimi jak eleganckie apaszki jedwabne, ozdoby na g\u0142ow\u0119 czy bi\u017cuteria artystyczna od polskich marek. W moich postach po\u015bwi\u0119cam r\u00f3wnie\u017c uwag\u0119 polskim projektantom i markom. Dziel\u0119 si\u0119 informacjami na temat bi\u017cuterii, ubra\u0144 i dodatk\u00f3w od rodzimych marek, kt\u00f3re tworz\u0105 wyj\u0105tkowe produkty. Moj\u0105 misj\u0105 jest dostarczanie inspiracji i praktycznych wskaz\u00f3wek z zakresu mody, designu, wn\u0119trz i bi\u017cuterii. Pragn\u0119, aby moje wpisy pomaga\u0142y Ci w tworzeniu wyj\u0105tkowych stylizacji, wyborze idealnych prezent\u00f3w oraz w aran\u017cacji pi\u0119knych wn\u0119trz. Zawsze staram si\u0119 dostarcza\u0107 tre\u015bci oparte na solidnych \u017ar\u00f3d\u0142ach i wiedzy, aby\u015b m\u00f3g\u0142\/a korzysta\u0107 z nich z pe\u0142nym zaufaniem."}]}},"_links":{"self":[{"href":"https:\/\/www.pakamera.pl\/magazyn\/wp-json\/wp\/v2\/posts\/8430","targetHints":{"allow":["GET"]}}],"collection":[{"href":"https:\/\/www.pakamera.pl\/magazyn\/wp-json\/wp\/v2\/posts"}],"about":[{"href":"https:\/\/www.pakamera.pl\/magazyn\/wp-json\/wp\/v2\/types\/post"}],"author":[{"embeddable":true,"href":"https:\/\/www.pakamera.pl\/magazyn\/wp-json\/wp\/v2\/users\/15"}],"replies":[{"embeddable":true,"href":"https:\/\/www.pakamera.pl\/magazyn\/wp-json\/wp\/v2\/comments?post=8430"}],"version-history":[{"count":0,"href":"https:\/\/www.pakamera.pl\/magazyn\/wp-json\/wp\/v2\/posts\/8430\/revisions"}],"wp:featuredmedia":[{"embeddable":true,"href":"https:\/\/www.pakamera.pl\/magazyn\/wp-json\/wp\/v2\/media\/8431"}],"wp:attachment":[{"href":"https:\/\/www.pakamera.pl\/magazyn\/wp-json\/wp\/v2\/media?parent=8430"}],"wp:term":[{"taxonomy":"category","embeddable":true,"href":"https:\/\/www.pakamera.pl\/magazyn\/wp-json\/wp\/v2\/categories?post=8430"},{"taxonomy":"post_tag","embeddable":true,"href":"https:\/\/www.pakamera.pl\/magazyn\/wp-json\/wp\/v2\/tags?post=8430"}],"curies":[{"name":"wp","href":"https:\/\/api.w.org\/{rel}","templated":true}]}}