{"id":827,"date":"2017-07-20T15:07:22","date_gmt":"2017-07-20T13:07:22","guid":{"rendered":"https:\/\/www.pakamera.pl\/magazyn\/?p=827"},"modified":"2025-03-03T14:57:45","modified_gmt":"2025-03-03T13:57:45","slug":"torebka-kopertowka-najmodniejsze-fasony-sezonu","status":"publish","type":"post","link":"https:\/\/www.pakamera.pl\/magazyn\/torebka-kopertowka-najmodniejsze-fasony-sezonu\/","title":{"rendered":"Torebka Kopert\u00f3wka &#8211; najmodniejsze fasony sezonu"},"content":{"rendered":"<p lang=\"pl-PL\"><strong>Jednym z ulubionych modeli torebek Carrie Bradshaw, g\u0142\u00f3wnej bohaterki kultowego serialu <i>Seks w Wielkim Mie\u015bcie,<\/i>\u00a0by\u0142y <a href=\"https:\/\/www.pakamera.pl\/torebki-0-1873.htm\">torebki <\/a><a href=\"https:\/\/www.pakamera.pl\/kopertowki-0-1877.htm\">kopert\u00f3wki<\/a>. Nosi\u0142a je nie zwa\u017caj\u0105c na por\u0119 dnia czy okazj\u0119. My idziemy w jej \u015blady i zach\u0119camy\u00a0do tego r\u00f3wnie\u017c Ciebie. Oto przegl\u0105d modnych kopert\u00f3wek, kt\u00f3re mo\u017cesz nosi\u0107 na ka\u017cd\u0105 okazj\u0119.<\/strong><!--more--><\/p>\n<p lang=\"pl-PL\"><img loading=\"lazy\" decoding=\"async\" class=\"alignnone size-full wp-image-1696\" src=\"\/\/imgmag.pakamera.net\/2017\/07\/torebka-kopertowka-najmodniejsze-fasony-sezonu.jpg\" alt=\"\" width=\"870\" height=\"570\" \/>Aktualnie najmodniejszymi kopert\u00f3wkami s\u0105 <strong>ma\u0142e torebeczki<\/strong>, kt\u00f3re mo\u017cesz przyczepi\u0107 do swojego paska. S\u0105 to tak zwane <strong>belt bag<\/strong>, nie myl ich jednak z nerkami. Jest to \u015bwietne rozwi\u0105zanie na letni okres festiwali, schowasz tam wszystkie niezb\u0119dne rzeczy, a przy tym b\u0119dziesz wygl\u0105da\u0107 bardzo modnie! Nasz ukochany model to sk\u00f3rzany belt bag od NOSKA i metaliczne torebeczki marki <a href=\"https:\/\/www.pakamera.pl\/szczesny-0_s12200220.htm\">Szczesny<\/a>.<\/p>\n<figure id=\"attachment_1724\" aria-describedby=\"caption-attachment-1724\" style=\"width: 870px\" class=\"wp-caption alignnone\"><img loading=\"lazy\" decoding=\"async\" class=\"wp-image-1724 size-full\" src=\"\/\/imgmag.pakamera.net\/2017\/07\/torebka-kopertowka-najmodniejsze-fasony-sezonu-1.jpg\" alt=\"\" width=\"870\" height=\"580\" \/><figcaption id=\"caption-attachment-1724\" class=\"wp-caption-text\">Od lewej: Noska, Szczesny \/ Pakamera.pl<\/figcaption><\/figure>\n<p lang=\"pl-PL\"><strong>Torebka kopert\u00f3wka<\/strong> wcale nie musi oznacza\u0107 czego\u015b ma\u0142ego. W trendzie s\u0105 du\u017ce modele, kt\u00f3re przypominaj\u0105 troch\u0119 pokrowce na komputery. Takie torebki znajdziemy mi\u0119dzy innymi w ofercie kilku marek dost\u0119pnych na Pakamera.pl. Zakochali\u015bmy si\u0119 w sk\u00f3rzanej oversizowej kopert\u00f3wce w <strong>kolorze fuksji<\/strong> od marki Zuza Kilanowicz, z\u0142ocie od Patkas i nieco bardziej klasycznych kopertach <a href=\"https:\/\/www.pakamera.pl\/cocoono-0_s12109275.htm\">Cocoono<\/a>.<\/p>\n<figure id=\"attachment_1731\" aria-describedby=\"caption-attachment-1731\" style=\"width: 870px\" class=\"wp-caption alignnone\"><img loading=\"lazy\" decoding=\"async\" class=\"wp-image-1731 size-full\" src=\"\/\/imgmag.pakamera.net\/2017\/07\/torebka-kopertowka-najmodniejsze-fasony-sezonu-2.jpg\" alt=\"\" width=\"870\" height=\"580\" \/><figcaption id=\"caption-attachment-1731\" class=\"wp-caption-text\">Od lewej: Cocoono, Zuza Kilanowicz, Patkas \/ Pakamera.pl<\/figcaption><\/figure>\n<p lang=\"pl-PL\">Je\u015bli szukasz czego\u015b bardziej szalonego postaw na ciekawe kszta\u0142ty i kolory. <strong>Zwierz\u0119ce wzory, neony, fr\u0119dzle, tr\u00f3jk\u0105tne fasony<\/strong>&#8230; Wyb\u00f3r jest naprawd\u0119 szeroki. Taka torebk\u0119 mo\u017cesz nosi\u0107 zar\u00f3wno wieczorem jak i za dnia. B\u0119dzie na pewno bardzo oryginalnym dodatkiem, kt\u00f3ry o\u017cywi ka\u017cd\u0105 stylizacj\u0119. Poszukuj\u0105c nieco bardziej odjechanego modelu zwr\u00f3\u0107 uwag\u0119 na takie marki jak Ypsilon, Papillon4you, Dressap, La Monique Luxury Handbag czy <a href=\"https:\/\/www.pakamera.pl\/mf-marta-feliks-0_s12297535.htm\">MF Marta Feliks<\/a>.<\/p>\n<figure id=\"attachment_1732\" aria-describedby=\"caption-attachment-1732\" style=\"width: 870px\" class=\"wp-caption alignnone\"><img loading=\"lazy\" decoding=\"async\" class=\"wp-image-1732 size-full\" src=\"\/\/imgmag.pakamera.net\/2017\/07\/torebka-kopertowka-najmodniejsze-fasony-sezonu-3.jpg\" alt=\"\" width=\"870\" height=\"580\" \/><figcaption id=\"caption-attachment-1732\" class=\"wp-caption-text\">Od lewej: MF Marta Feliks, La Monique Luxury Handbag, Ypsilon \/ Pakamera.pl<\/figcaption><\/figure>\n<p lang=\"pl-PL\">Oczywi\u015bcie te\u017c nie\u015bmiertelna pozostaj\u0119 r\u00f3wnie\u017c klasyka. Delikatne <strong>ma\u0142e torebeczki na \u0142a\u0144cuszkach<\/strong>, pikowane &#8222;chanelki&#8221;, tradycyjne koperty. To fasony, kt\u00f3re z mody nigdy nie wychodz\u0105 i warto posiada\u0107 je w swojej garderobie. B\u0119d\u0105 prezentowa\u0107 si\u0119 one doskonale z <strong>ma\u0142a czarn\u0105 sukienk\u0105<\/strong> od SELVA jak i nieco w bardziej sportowej wersji od REST Factory. Pi\u0119kne klasyczne torebki znajdziesz u takich projektant\u00f3w jak Pracownia 166, Foks Form czy <a href=\"https:\/\/www.pakamera.pl\/astrid-berlin-0_s12243027.htm\" target=\"_blank\" rel=\"noopener noreferrer\">Astrid Berlin<\/a>.<\/p>\n<figure id=\"attachment_1734\" aria-describedby=\"caption-attachment-1734\" style=\"width: 870px\" class=\"wp-caption alignnone\"><img loading=\"lazy\" decoding=\"async\" class=\"wp-image-1734 size-full\" src=\"\/\/imgmag.pakamera.net\/2017\/07\/torebka-kopertowka-najmodniejsze-fasony-sezonu-4.jpg\" alt=\"\" width=\"870\" height=\"580\" \/><figcaption id=\"caption-attachment-1734\" class=\"wp-caption-text\">Od lewej: Foks Form, Astrid Berlin, Pracownia 166 \/ Pakamera.pl<\/figcaption><\/figure>\n<p lang=\"pl-PL\">Przy wyborze stylizacji i dobieraniu do niej torebki, nie wa\u017cne czy kopertowej czy codziennej, warto pami\u0119ta\u0107 o kilku zasadach. Przede wszystkim <strong>nigdy<\/strong> nie dobieraj jej\u00a0pod kolor but\u00f3w czy na odwr\u00f3t, grozi to modow\u0105 wpadk\u0105 i znalezieniem si\u0119 w rubryce najgorzej ubranych. Jedynym wyj\u0105tkiem jest czarny totall-look. Kolejn\u0105 wart\u0105 zapami\u0119tania zasad\u0105 jest to \u017ceby nie wypycha\u0107 swojej<strong> kopert\u00f3wki<\/strong>. W\u0142\u00f3\u017c do niej tylko kilka najwa\u017cniejszych rzeczy, bez kt\u00f3rych wiesz, \u017ce nie prze\u017cyjesz. Ostatni\u0105 zasad\u0105 jest by zawsze dobiera\u0107 torebk\u0119 tak by odzwierciedla\u0142a Ciebie!<\/p>\n","protected":false},"excerpt":{"rendered":"<p>Jednym z ulubionych modeli torebek Carrie Bradshaw, g\u0142\u00f3wnej bohaterki kultowego serialu Seks w Wielkim Mie\u015bcie,\u00a0by\u0142y torebki kopert\u00f3wki. Nosi\u0142a je nie zwa\u017caj\u0105c na por\u0119 dnia czy okazj\u0119. My idziemy w jej<span class=\"more-dots\">&#8230;<\/span><\/p>\n","protected":false},"author":9,"featured_media":1734,"comment_status":"open","ping_status":"closed","sticky":false,"template":"","format":"standard","meta":{"footnotes":""},"categories":[3],"tags":[144,148,146,147,145,143,149],"class_list":["post-827","post","type-post","status-publish","format-standard","has-post-thumbnail","hentry","category-moda","tag-kopertowka","tag-mala-kopertowka","tag-modna-torebka","tag-torba","tag-torebka","tag-torebka-kopertowka","tag-torebka-na-impreze"],"yoast_head":"<!-- This site is optimized with the Yoast SEO plugin v21.6 - https:\/\/yoast.com\/wordpress\/plugins\/seo\/ -->\n<title>Torebka Kopert\u00f3wka - najmodniejsze fasony sezonu - Magazyn Pakamera.pl<\/title>\n<meta name=\"description\" content=\"Jednym z ulubionych modeli torebek Carrie Bradshaw, g\u0142\u00f3wnej bohaterki kultowego serialu Seks w Wielkim Mie\u015bcie,\u00a0by\u0142y torebki kopert\u00f3wki. Nosi\u0142a je nie\" \/>\n<meta name=\"robots\" content=\"index, follow\" \/>\n<link rel=\"canonical\" href=\"https:\/\/www.pakamera.pl\/magazyn\/torebka-kopertowka-najmodniejsze-fasony-sezonu\/\" \/>\n<meta property=\"og:locale\" content=\"pl_PL\" \/>\n<meta property=\"og:type\" content=\"article\" \/>\n<meta property=\"og:title\" content=\"Torebka Kopert\u00f3wka - najmodniejsze fasony sezonu - Magazyn Pakamera.pl\" \/>\n<meta property=\"og:description\" content=\"Jednym z ulubionych modeli torebek Carrie Bradshaw, g\u0142\u00f3wnej bohaterki kultowego serialu Seks w Wielkim Mie\u015bcie,\u00a0by\u0142y torebki kopert\u00f3wki. Nosi\u0142a je nie\" \/>\n<meta property=\"og:url\" content=\"https:\/\/www.pakamera.pl\/magazyn\/torebka-kopertowka-najmodniejsze-fasony-sezonu\/\" \/>\n<meta property=\"og:site_name\" content=\"Magazyn Pakamera.pl\" \/>\n<meta property=\"article:publisher\" content=\"https:\/\/facebook.com\/pakamerapl\" \/>\n<meta property=\"article:published_time\" content=\"2017-07-20T13:07:22+00:00\" \/>\n<meta property=\"article:modified_time\" content=\"2025-03-03T13:57:45+00:00\" \/>\n<meta property=\"og:image\" content=\"https:\/\/imgmag.pakamera.net\/2017\/07\/torebka-kopertowka-najmodniejsze-fasony-sezonu-4.jpg\" \/>\n\t<meta property=\"og:image:width\" content=\"870\" \/>\n\t<meta property=\"og:image:height\" content=\"580\" \/>\n\t<meta property=\"og:image:type\" content=\"image\/jpeg\" \/>\n<meta name=\"author\" content=\"Maciej Czerniejewski\" \/>\n<meta name=\"twitter:card\" content=\"summary_large_image\" \/>\n<meta name=\"twitter:label1\" content=\"Napisane przez\" \/>\n\t<meta name=\"twitter:data1\" content=\"Maciej Czerniejewski\" \/>\n\t<meta name=\"twitter:label2\" content=\"Szacowany czas czytania\" \/>\n\t<meta name=\"twitter:data2\" content=\"3 minuty\" \/>\n<script type=\"application\/ld+json\" class=\"yoast-schema-graph\">{\"@context\":\"https:\/\/schema.org\",\"@graph\":[{\"@type\":\"Article\",\"@id\":\"https:\/\/www.pakamera.pl\/magazyn\/torebka-kopertowka-najmodniejsze-fasony-sezonu\/#article\",\"isPartOf\":{\"@id\":\"https:\/\/www.pakamera.pl\/magazyn\/torebka-kopertowka-najmodniejsze-fasony-sezonu\/\"},\"author\":{\"name\":\"Maciej Czerniejewski\",\"@id\":\"https:\/\/www.pakamera.pl\/magazyn\/#\/schema\/person\/829b641b591381e517ae1495b1dcae07\"},\"headline\":\"Torebka Kopert\u00f3wka &#8211; najmodniejsze fasony sezonu\",\"datePublished\":\"2017-07-20T13:07:22+00:00\",\"dateModified\":\"2025-03-03T13:57:45+00:00\",\"mainEntityOfPage\":{\"@id\":\"https:\/\/www.pakamera.pl\/magazyn\/torebka-kopertowka-najmodniejsze-fasony-sezonu\/\"},\"wordCount\":509,\"commentCount\":0,\"publisher\":{\"@id\":\"https:\/\/www.pakamera.pl\/magazyn\/#organization\"},\"keywords\":[\"kopert\u00f3wka\",\"ma\u0142a kopert\u00f3wka\",\"modna torebka\",\"torba\",\"torebka\",\"torebka kopert\u00f3wka\",\"torebka na impreze\"],\"articleSection\":[\"Moda\"],\"inLanguage\":\"pl-PL\",\"potentialAction\":[{\"@type\":\"CommentAction\",\"name\":\"Comment\",\"target\":[\"https:\/\/www.pakamera.pl\/magazyn\/torebka-kopertowka-najmodniejsze-fasony-sezonu\/#respond\"]}]},{\"@type\":\"WebPage\",\"@id\":\"https:\/\/www.pakamera.pl\/magazyn\/torebka-kopertowka-najmodniejsze-fasony-sezonu\/\",\"url\":\"https:\/\/www.pakamera.pl\/magazyn\/torebka-kopertowka-najmodniejsze-fasony-sezonu\/\",\"name\":\"Torebka Kopert\u00f3wka - najmodniejsze fasony sezonu - Magazyn Pakamera.pl\",\"isPartOf\":{\"@id\":\"https:\/\/www.pakamera.pl\/magazyn\/#website\"},\"datePublished\":\"2017-07-20T13:07:22+00:00\",\"dateModified\":\"2025-03-03T13:57:45+00:00\",\"description\":\"Jednym z ulubionych modeli torebek Carrie Bradshaw, g\u0142\u00f3wnej bohaterki kultowego serialu Seks w Wielkim Mie\u015bcie,\u00a0by\u0142y torebki kopert\u00f3wki. Nosi\u0142a je nie\",\"breadcrumb\":{\"@id\":\"https:\/\/www.pakamera.pl\/magazyn\/torebka-kopertowka-najmodniejsze-fasony-sezonu\/#breadcrumb\"},\"inLanguage\":\"pl-PL\",\"potentialAction\":[{\"@type\":\"ReadAction\",\"target\":[\"https:\/\/www.pakamera.pl\/magazyn\/torebka-kopertowka-najmodniejsze-fasony-sezonu\/\"]}]},{\"@type\":\"BreadcrumbList\",\"@id\":\"https:\/\/www.pakamera.pl\/magazyn\/torebka-kopertowka-najmodniejsze-fasony-sezonu\/#breadcrumb\",\"itemListElement\":[{\"@type\":\"ListItem\",\"position\":1,\"name\":\"Magazyn\",\"item\":\"https:\/\/www.pakamera.pl\/magazyn\/\"},{\"@type\":\"ListItem\",\"position\":2,\"name\":\"Moda\",\"item\":\"https:\/\/www.pakamera.pl\/magazyn\/category\/moda\/\"},{\"@type\":\"ListItem\",\"position\":3,\"name\":\"Torebka Kopert\u00f3wka &#8211; najmodniejsze fasony sezonu\"}]},{\"@type\":\"WebSite\",\"@id\":\"https:\/\/www.pakamera.pl\/magazyn\/#website\",\"url\":\"https:\/\/www.pakamera.pl\/magazyn\/\",\"name\":\"Magazyn Pakamera.pl\",\"description\":\"Sprawd\u017a najgor\u0119tsze tematy sezonu!\",\"publisher\":{\"@id\":\"https:\/\/www.pakamera.pl\/magazyn\/#organization\"},\"potentialAction\":[{\"@type\":\"SearchAction\",\"target\":{\"@type\":\"EntryPoint\",\"urlTemplate\":\"https:\/\/www.pakamera.pl\/magazyn\/?s={search_term_string}\"},\"query-input\":\"required name=search_term_string\"}],\"inLanguage\":\"pl-PL\"},{\"@type\":\"Organization\",\"@id\":\"https:\/\/www.pakamera.pl\/magazyn\/#organization\",\"name\":\"Pakamera.pl\",\"url\":\"https:\/\/www.pakamera.pl\/magazyn\/\",\"logo\":{\"@type\":\"ImageObject\",\"inLanguage\":\"pl-PL\",\"@id\":\"https:\/\/www.pakamera.pl\/magazyn\/#\/schema\/logo\/image\/\",\"url\":\"https:\/\/imgmag.pakamera.net\/2023\/11\/153455466619.png\",\"contentUrl\":\"https:\/\/imgmag.pakamera.net\/2023\/11\/153455466619.png\",\"width\":690,\"height\":140,\"caption\":\"Pakamera.pl\"},\"image\":{\"@id\":\"https:\/\/www.pakamera.pl\/magazyn\/#\/schema\/logo\/image\/\"},\"sameAs\":[\"https:\/\/facebook.com\/pakamerapl\",\"https:\/\/www.instagram.com\/pakamera\/\"]},{\"@type\":\"Person\",\"@id\":\"https:\/\/www.pakamera.pl\/magazyn\/#\/schema\/person\/829b641b591381e517ae1495b1dcae07\",\"name\":\"Maciej Czerniejewski\",\"description\":\"Jestem pasjonatem mody, designu i sztuki dekoracji. Moje teksty to po\u0142\u0105czenie mi\u0142o\u015bci do stylowych ubra\u0144, gad\u017cet\u00f3w i inspiracji, kt\u00f3re pomagaj\u0105 uczyni\u0107 \u017cycie bardziej wyj\u0105tkowym. W moich postach podziel\u0119 si\u0119 z Tob\u0105 najnowszymi trendami w modzie i stylizacji na r\u00f3\u017cne okazje. Niezale\u017cnie od pory roku, staram si\u0119 dostarcza\u0107 praktyczne wskaz\u00f3wki i pomys\u0142y na prezent, kt\u00f3re sprawi\u0105, \u017ce Twoje \u015bwi\u0119ta b\u0119d\u0105 jeszcze pi\u0119kniejsze. Ponadto, interesuj\u0119 si\u0119 designem wn\u0119trz i dekoracjami. Moje posty obejmuj\u0105 tak\u017ce tematy zwi\u0105zane z aran\u017cacj\u0105 przestrzeni, tworzeniem zestaw\u00f3w plakat\u00f3w czy sposobami na od\u015bwie\u017cenie wn\u0119trza bez du\u017cego wysi\u0142ku. Zapraszam Ci\u0119 do odkrywania najnowszych trend\u00f3w w modzie, inspiracji w dekoracjach i praktycznych porad na temat prezent\u00f3w od prawdziwego pasjonata stylu.\",\"sameAs\":[\"https:\/\/www.instagram.com\/maciejmacy\/\"]}]}<\/script>\n<!-- \/ Yoast SEO plugin. -->","yoast_head_json":{"title":"Torebka Kopert\u00f3wka - najmodniejsze fasony sezonu - Magazyn Pakamera.pl","description":"Jednym z ulubionych modeli torebek Carrie Bradshaw, g\u0142\u00f3wnej bohaterki kultowego serialu Seks w Wielkim Mie\u015bcie,\u00a0by\u0142y torebki kopert\u00f3wki. Nosi\u0142a je nie","robots":{"index":"index","follow":"follow"},"canonical":"https:\/\/www.pakamera.pl\/magazyn\/torebka-kopertowka-najmodniejsze-fasony-sezonu\/","og_locale":"pl_PL","og_type":"article","og_title":"Torebka Kopert\u00f3wka - najmodniejsze fasony sezonu - Magazyn Pakamera.pl","og_description":"Jednym z ulubionych modeli torebek Carrie Bradshaw, g\u0142\u00f3wnej bohaterki kultowego serialu Seks w Wielkim Mie\u015bcie,\u00a0by\u0142y torebki kopert\u00f3wki. Nosi\u0142a je nie","og_url":"https:\/\/www.pakamera.pl\/magazyn\/torebka-kopertowka-najmodniejsze-fasony-sezonu\/","og_site_name":"Magazyn Pakamera.pl","article_publisher":"https:\/\/facebook.com\/pakamerapl","article_published_time":"2017-07-20T13:07:22+00:00","article_modified_time":"2025-03-03T13:57:45+00:00","og_image":[{"width":870,"height":580,"url":"https:\/\/imgmag.pakamera.net\/2017\/07\/torebka-kopertowka-najmodniejsze-fasony-sezonu-4.jpg","type":"image\/jpeg"}],"author":"Maciej Czerniejewski","twitter_card":"summary_large_image","twitter_misc":{"Napisane przez":"Maciej Czerniejewski","Szacowany czas czytania":"3 minuty"},"schema":{"@context":"https:\/\/schema.org","@graph":[{"@type":"Article","@id":"https:\/\/www.pakamera.pl\/magazyn\/torebka-kopertowka-najmodniejsze-fasony-sezonu\/#article","isPartOf":{"@id":"https:\/\/www.pakamera.pl\/magazyn\/torebka-kopertowka-najmodniejsze-fasony-sezonu\/"},"author":{"name":"Maciej Czerniejewski","@id":"https:\/\/www.pakamera.pl\/magazyn\/#\/schema\/person\/829b641b591381e517ae1495b1dcae07"},"headline":"Torebka Kopert\u00f3wka &#8211; najmodniejsze fasony sezonu","datePublished":"2017-07-20T13:07:22+00:00","dateModified":"2025-03-03T13:57:45+00:00","mainEntityOfPage":{"@id":"https:\/\/www.pakamera.pl\/magazyn\/torebka-kopertowka-najmodniejsze-fasony-sezonu\/"},"wordCount":509,"commentCount":0,"publisher":{"@id":"https:\/\/www.pakamera.pl\/magazyn\/#organization"},"keywords":["kopert\u00f3wka","ma\u0142a kopert\u00f3wka","modna torebka","torba","torebka","torebka kopert\u00f3wka","torebka na impreze"],"articleSection":["Moda"],"inLanguage":"pl-PL","potentialAction":[{"@type":"CommentAction","name":"Comment","target":["https:\/\/www.pakamera.pl\/magazyn\/torebka-kopertowka-najmodniejsze-fasony-sezonu\/#respond"]}]},{"@type":"WebPage","@id":"https:\/\/www.pakamera.pl\/magazyn\/torebka-kopertowka-najmodniejsze-fasony-sezonu\/","url":"https:\/\/www.pakamera.pl\/magazyn\/torebka-kopertowka-najmodniejsze-fasony-sezonu\/","name":"Torebka Kopert\u00f3wka - najmodniejsze fasony sezonu - Magazyn Pakamera.pl","isPartOf":{"@id":"https:\/\/www.pakamera.pl\/magazyn\/#website"},"datePublished":"2017-07-20T13:07:22+00:00","dateModified":"2025-03-03T13:57:45+00:00","description":"Jednym z ulubionych modeli torebek Carrie Bradshaw, g\u0142\u00f3wnej bohaterki kultowego serialu Seks w Wielkim Mie\u015bcie,\u00a0by\u0142y torebki kopert\u00f3wki. Nosi\u0142a je nie","breadcrumb":{"@id":"https:\/\/www.pakamera.pl\/magazyn\/torebka-kopertowka-najmodniejsze-fasony-sezonu\/#breadcrumb"},"inLanguage":"pl-PL","potentialAction":[{"@type":"ReadAction","target":["https:\/\/www.pakamera.pl\/magazyn\/torebka-kopertowka-najmodniejsze-fasony-sezonu\/"]}]},{"@type":"BreadcrumbList","@id":"https:\/\/www.pakamera.pl\/magazyn\/torebka-kopertowka-najmodniejsze-fasony-sezonu\/#breadcrumb","itemListElement":[{"@type":"ListItem","position":1,"name":"Magazyn","item":"https:\/\/www.pakamera.pl\/magazyn\/"},{"@type":"ListItem","position":2,"name":"Moda","item":"https:\/\/www.pakamera.pl\/magazyn\/category\/moda\/"},{"@type":"ListItem","position":3,"name":"Torebka Kopert\u00f3wka &#8211; najmodniejsze fasony sezonu"}]},{"@type":"WebSite","@id":"https:\/\/www.pakamera.pl\/magazyn\/#website","url":"https:\/\/www.pakamera.pl\/magazyn\/","name":"Magazyn Pakamera.pl","description":"Sprawd\u017a najgor\u0119tsze tematy sezonu!","publisher":{"@id":"https:\/\/www.pakamera.pl\/magazyn\/#organization"},"potentialAction":[{"@type":"SearchAction","target":{"@type":"EntryPoint","urlTemplate":"https:\/\/www.pakamera.pl\/magazyn\/?s={search_term_string}"},"query-input":"required name=search_term_string"}],"inLanguage":"pl-PL"},{"@type":"Organization","@id":"https:\/\/www.pakamera.pl\/magazyn\/#organization","name":"Pakamera.pl","url":"https:\/\/www.pakamera.pl\/magazyn\/","logo":{"@type":"ImageObject","inLanguage":"pl-PL","@id":"https:\/\/www.pakamera.pl\/magazyn\/#\/schema\/logo\/image\/","url":"https:\/\/imgmag.pakamera.net\/2023\/11\/153455466619.png","contentUrl":"https:\/\/imgmag.pakamera.net\/2023\/11\/153455466619.png","width":690,"height":140,"caption":"Pakamera.pl"},"image":{"@id":"https:\/\/www.pakamera.pl\/magazyn\/#\/schema\/logo\/image\/"},"sameAs":["https:\/\/facebook.com\/pakamerapl","https:\/\/www.instagram.com\/pakamera\/"]},{"@type":"Person","@id":"https:\/\/www.pakamera.pl\/magazyn\/#\/schema\/person\/829b641b591381e517ae1495b1dcae07","name":"Maciej Czerniejewski","description":"Jestem pasjonatem mody, designu i sztuki dekoracji. Moje teksty to po\u0142\u0105czenie mi\u0142o\u015bci do stylowych ubra\u0144, gad\u017cet\u00f3w i inspiracji, kt\u00f3re pomagaj\u0105 uczyni\u0107 \u017cycie bardziej wyj\u0105tkowym. W moich postach podziel\u0119 si\u0119 z Tob\u0105 najnowszymi trendami w modzie i stylizacji na r\u00f3\u017cne okazje. Niezale\u017cnie od pory roku, staram si\u0119 dostarcza\u0107 praktyczne wskaz\u00f3wki i pomys\u0142y na prezent, kt\u00f3re sprawi\u0105, \u017ce Twoje \u015bwi\u0119ta b\u0119d\u0105 jeszcze pi\u0119kniejsze. Ponadto, interesuj\u0119 si\u0119 designem wn\u0119trz i dekoracjami. Moje posty obejmuj\u0105 tak\u017ce tematy zwi\u0105zane z aran\u017cacj\u0105 przestrzeni, tworzeniem zestaw\u00f3w plakat\u00f3w czy sposobami na od\u015bwie\u017cenie wn\u0119trza bez du\u017cego wysi\u0142ku. Zapraszam Ci\u0119 do odkrywania najnowszych trend\u00f3w w modzie, inspiracji w dekoracjach i praktycznych porad na temat prezent\u00f3w od prawdziwego pasjonata stylu.","sameAs":["https:\/\/www.instagram.com\/maciejmacy\/"]}]}},"_links":{"self":[{"href":"https:\/\/www.pakamera.pl\/magazyn\/wp-json\/wp\/v2\/posts\/827","targetHints":{"allow":["GET"]}}],"collection":[{"href":"https:\/\/www.pakamera.pl\/magazyn\/wp-json\/wp\/v2\/posts"}],"about":[{"href":"https:\/\/www.pakamera.pl\/magazyn\/wp-json\/wp\/v2\/types\/post"}],"author":[{"embeddable":true,"href":"https:\/\/www.pakamera.pl\/magazyn\/wp-json\/wp\/v2\/users\/9"}],"replies":[{"embeddable":true,"href":"https:\/\/www.pakamera.pl\/magazyn\/wp-json\/wp\/v2\/comments?post=827"}],"version-history":[{"count":3,"href":"https:\/\/www.pakamera.pl\/magazyn\/wp-json\/wp\/v2\/posts\/827\/revisions"}],"predecessor-version":[{"id":12757,"href":"https:\/\/www.pakamera.pl\/magazyn\/wp-json\/wp\/v2\/posts\/827\/revisions\/12757"}],"wp:featuredmedia":[{"embeddable":true,"href":"https:\/\/www.pakamera.pl\/magazyn\/wp-json\/wp\/v2\/media\/1734"}],"wp:attachment":[{"href":"https:\/\/www.pakamera.pl\/magazyn\/wp-json\/wp\/v2\/media?parent=827"}],"wp:term":[{"taxonomy":"category","embeddable":true,"href":"https:\/\/www.pakamera.pl\/magazyn\/wp-json\/wp\/v2\/categories?post=827"},{"taxonomy":"post_tag","embeddable":true,"href":"https:\/\/www.pakamera.pl\/magazyn\/wp-json\/wp\/v2\/tags?post=827"}],"curies":[{"name":"wp","href":"https:\/\/api.w.org\/{rel}","templated":true}]}}