{"id":8086,"date":"2022-06-13T12:56:34","date_gmt":"2022-06-13T10:56:34","guid":{"rendered":"https:\/\/www.pakamera.pl\/magazyn\/?p=8086"},"modified":"2022-06-13T12:56:34","modified_gmt":"2022-06-13T10:56:34","slug":"wybieramy-fartuch-kuchenny","status":"publish","type":"post","link":"https:\/\/www.pakamera.pl\/magazyn\/wybieramy-fartuch-kuchenny\/","title":{"rendered":"Wybieramy fartuch kuchenny"},"content":{"rendered":"<p><strong><a href=\"https:\/\/www.pakamera.pl\/kuchnia-fartuchy-0-3087.htm\" target=\"_blank\" rel=\"noopener\">Fartuch kuchenny<\/a> jest niezawodny podczas gotowania czy pieczenia. Innymi s\u0142owy, przydaje si\u0119 wsz\u0119dzie tak, gdzie istnieje ryzyko zabrudzenia ubrania. Fartuchy stanowi\u0105 doskona\u0142e zabezpieczenie, a jednocze\u015bnie s\u0105 tak\u017ce ozdobnym elementem. W naszym sklepie znajdziesz fartuszki, kt\u00f3re doskonale pasowa\u0107 b\u0119d\u0105 do Twojej kuchni. Mo\u017cesz zakupi\u0107 r\u00f3wnie\u017c fartuch personalizowany, z w\u0142asnym nadrukiem, czy obrazkiem.<\/strong><\/p>\n<p><!--more--><\/p>\n<div class=\"pakawidget\" id=\"pakawidget608\"><\/div>\n<p><script async defer src=\"https:\/\/www.pakamera.pl\/widget\/widget2.min.js?id=608&#038;type=20220613123429&#038;wwidth=1000\"><\/script><br \/>\nGotowanie to zaj\u0119cie, przy kt\u00f3rym bardzo trudno o zachowanie czysto\u015bci. Dlatego w\u0142a\u015bnie niezb\u0119dny b\u0119dzie fartuch kuchenny, kt\u00f3ry zabezpieczy Twoje ubranie przed zabrudzeniem. Dost\u0119pne modele, bogate wzornictwo i szeroka gama kolorystyczna sprawia, \u017ce z pewno\u015bci\u0105 niejeden fartuch zwr\u00f3ci Twoj\u0105 uwag\u0119. Wyb\u00f3r nie jest \u0142atwy, dlatego stworzyli\u015bmy kr\u00f3tk\u0105 list\u0119 pi\u0119ciu fartuszk\u00f3w, kt\u00f3re mog\u0105 Ci si\u0119 spodoba\u0107.<\/p>\n<figure id=\"attachment_8087\" aria-describedby=\"caption-attachment-8087\" style=\"width: 800px\" class=\"wp-caption alignnone\"><img loading=\"lazy\" decoding=\"async\" class=\"wp-image-8087 size-full\" src=\"\/\/imgmag.pakamera.net\/2022\/06\/fartuch-kuchenny-2.jpg\" alt=\"fartuch kuchenny\" width=\"800\" height=\"1200\" \/><figcaption id=\"caption-attachment-8087\" class=\"wp-caption-text\">Modny, lniany fartuszek w stylu japo\u0144skim \/ Lomme bag<\/figcaption><\/figure>\n<p>Modny, lniany fartuszek w stylu japo\u0144skim stworzy\u0142a marka <strong>Lomme bag<\/strong>. To wyj\u0105tkowy, wykonany z lnianej tkaniny fartuszek, kt\u00f3ry jest ekologiczny i bardzo funkcjonalny. Cechuje si\u0119 prostot\u0105 i minimalizmem, znakomicie sprawdzi si\u0119 jako prezent. Do kompletu mo\u017cesz dobra\u0107 tak\u017ce zestaw mu\u015blinowych r\u0119czniczk\u00f3w stworzonych przez mark\u0119. Len nale\u017cy do najszlachetniejszych i zarazem najdro\u017cszych materia\u0142\u00f3w. Tkanina ta zosta\u0142a zmi\u0119kczona, jest wi\u0119c przyjemna i mi\u0119kka w dotyku. Fartuch jest w pe\u0142ni ekologiczny i biodegradowalny, znakomicie wpisuje si\u0119 w ide\u0119 Zero Waste. B\u0119dzie \u015bwietnym prezentem dla osoby, kt\u00f3ra chce by\u0107 bli\u017cej natury.<\/p>\n<figure id=\"attachment_8088\" aria-describedby=\"caption-attachment-8088\" style=\"width: 756px\" class=\"wp-caption alignnone\"><img loading=\"lazy\" decoding=\"async\" class=\"wp-image-8088 size-full\" src=\"\/\/imgmag.pakamera.net\/2022\/06\/fartuch-kuchenny-3.jpg\" alt=\"fartuch damski\" width=\"756\" height=\"1200\" \/><figcaption id=\"caption-attachment-8088\" class=\"wp-caption-text\">fartuch kuchenny, roboczy na szelkach \/ Anita si\u0119 nudzi<\/figcaption><\/figure>\n<p>Fartuch kuchenny na szelkach to produkt marki<strong> Anita si\u0119 nudzi<\/strong>. Fartuch powsta\u0142 z grubszej bawe\u0142ny, lekko pr\u0105\u017ckowany, utrzymany w czarnych barwach. Sprawdzi si\u0119 r\u00f3wnie \u015bwietnie w kuchni, jak i przy innych pracach wymagaj\u0105cych odzie\u017cy ochronnej. Pasek od fartuszka zosta\u0142 wykonany r\u0119cznie ze sk\u00f3ry. Z kolei szelki mo\u017cna dowolnie regulowa\u0107, co jest du\u017cym u\u0142atwieniem i sprawia, \u017ce u\u017cywanie fartucha jest du\u017co wygodniejsze. Dwie kieszonki rozmieszczone na udach r\u00f3wnie\u017c mog\u0105 si\u0119 przyda\u0107. Fartuszek ma elementy sk\u00f3rzane, kt\u00f3re s\u0105 demontowalne. Te elementy nale\u017cy zdejmowa\u0107 przed praniem fartucha, aby nie uleg\u0142y zniszczeniu.<\/p>\n<figure id=\"attachment_8089\" aria-describedby=\"caption-attachment-8089\" style=\"width: 802px\" class=\"wp-caption alignnone\"><img loading=\"lazy\" decoding=\"async\" class=\"wp-image-8089 size-full\" src=\"\/\/imgmag.pakamera.net\/2022\/06\/fartuch-kuchenny-4.jpg\" alt=\"lniany fartuch kuchenny\" width=\"802\" height=\"1200\" \/><figcaption id=\"caption-attachment-8089\" class=\"wp-caption-text\">Lniany fartuch kuchenny \/ so homely<\/figcaption><\/figure>\n<p><strong>Lniany fartuch kuchenny<\/strong> zosta\u0142 zaprojektowany przez mark\u0119 <strong>so homely<\/strong>. Firma oferuje szeroki wyb\u00f3r, poniewa\u017c mo\u017cesz wybra\u0107 a\u017c cztery kolory fartuszka. Dost\u0119pny jest kolor bia\u0142y, naturalny be\u017cowy, zgaszony r\u00f3\u017cowe oraz ciemny niebieski. Fartuch kuchenny wykonano z lnu. Jest stylowy i bardzo funkcjonalny. Niezwykle mi\u0142y, mi\u0119kki i przyjemny w dotyku, idealny do gotowania, pieczenia, a nawet do prac ogrodowych. Fartuch zosta\u0142 uszyty z najwy\u017csz\u0105 staranno\u015bci\u0105 i dba\u0142o\u015bci\u0105 o najmniejszy detal. Len pozwala sk\u00f3rze oddycha\u0107, zapewnia uczucie \u015bwie\u017co\u015bci i komfortu. Stwarza najlepszy mikroklimat dla sk\u00f3ry, nie wywo\u0142uje uczule\u0144, podra\u017cnie\u0144, a tak\u017ce jest w pe\u0142ni ekologiczn\u0105 tkanin\u0105.<\/p>\n<figure id=\"attachment_8090\" aria-describedby=\"caption-attachment-8090\" style=\"width: 800px\" class=\"wp-caption alignnone\"><img loading=\"lazy\" decoding=\"async\" class=\"wp-image-8090 size-full\" src=\"\/\/imgmag.pakamera.net\/2022\/06\/fartuch-kuchenny-5.jpg\" alt=\"fartuch kuchenny m\u0119ski\" width=\"800\" height=\"1200\" \/><figcaption id=\"caption-attachment-8090\" class=\"wp-caption-text\">Fartuch Sous chef \/ Lomme bag<\/figcaption><\/figure>\n<p>Marka <a href=\"https:\/\/www.pakamera.pl\/lomme-bag-0_s12538737.htm\" target=\"_blank\" rel=\"noopener\">Lomme bag<\/a> stworzy\u0142a Fartuch Sous chef. To prosty, ekologiczny i bardzo funkcjonalny fartuch, idealny dla przysz\u0142ego kucharza. Do kompletu mo\u017cna dobra\u0107 set mu\u015blinowych r\u0119czniczk\u00f3w. Fartuch ten doskonale sprawdzi si\u0119 podczas gotowania i pieczenia, ale mo\u017ce okaza\u0107 si\u0119 r\u00f3wnie pomocny przy grillowaniu w ogrodzie. Fartuch mo\u017cna pra\u0107 w pralce. Regulowany na napy fartuch mo\u017ce by\u0107 wi\u0105zany zar\u00f3wno z ty\u0142u, jak i z przodu. Ma jedn\u0105 kiesze\u0144 na g\u00f3rze oraz dwie na dole. Wykonany z bawe\u0142ny i lnu fartuch jest bardzo trwa\u0142y i wygodny. Dzi\u0119ki regulacji pasuje niemal\u017ce na ka\u017cdy typ sylwetki. Niezwykle uniwersalny fartuch, kt\u00f3ry zdecydowanie warto mie\u0107 w swojej kuchni.<\/p>\n<figure id=\"attachment_8091\" aria-describedby=\"caption-attachment-8091\" style=\"width: 1000px\" class=\"wp-caption alignnone\"><img loading=\"lazy\" decoding=\"async\" class=\"wp-image-8091 size-full\" src=\"\/\/imgmag.pakamera.net\/2022\/06\/fartuch-kuchenny-1.jpg\" alt=\"\" width=\"1000\" height=\"1000\" srcset=\"https:\/\/imgmag.pakamera.net\/2022\/06\/fartuch-kuchenny-1.jpg 1000w, https:\/\/imgmag.pakamera.net\/2022\/06\/fartuch-kuchenny-1-570x570.jpg 570w, https:\/\/imgmag.pakamera.net\/2022\/06\/fartuch-kuchenny-1-240x240.jpg 240w\" sizes=\"auto, (max-width: 1000px) 100vw, 1000px\" \/><figcaption id=\"caption-attachment-8091\" class=\"wp-caption-text\">FARTUSZEK kuchenny, print S\u0141OWIKI (bawe\u0142na) \/ NAWROTANKA<\/figcaption><\/figure>\n<p>FARTUSZEK kuchenny, print S\u0141OWIKI to produkt marki<strong> NAWROTANKA<\/strong>. Pi\u0119kny retro fartuszek wykonany z kolorowej, wzorzystej bawe\u0142ny w r\u00f3\u017cowy print ze s\u0142owikami, czarnym paskiem i bordow\u0105 lam\u00f3wk\u0105. Rozkloszowany d\u00f3\u0142 z p\u00f3\u0142kola pi\u0119knie si\u0119 uk\u0142ada na ka\u017cdej sylwetce. Fartuszek prezentuje si\u0119 wr\u0119cz jak sukienka koktajlowa. Jest bardzo dziewcz\u0119cy i uroczy. Dzi\u0119ki regulowanemu w talii paskowi mo\u017cesz podkre\u015bli\u0107 szczup\u0142\u0105 tali\u0119 i idealnie dopasowa\u0107 fartuch do swojej sylwetki. Fartuszek \u015bwietnie nada si\u0119 na prezent dla mi\u0142o\u015bniczki gotowania. Produkt bardzo mi\u0142y w dotyku i niezwykle wygodny. To fartuch, kt\u00f3ry powinien znale\u017a\u0107 si\u0119 w ka\u017cdej kuchni.<\/p>\n","protected":false},"excerpt":{"rendered":"<p>Fartuch kuchenny jest niezawodny podczas gotowania czy pieczenia. Innymi s\u0142owy, przydaje si\u0119 wsz\u0119dzie tak, gdzie istnieje ryzyko zabrudzenia ubrania. Fartuchy stanowi\u0105 doskona\u0142e zabezpieczenie, a jednocze\u015bnie s\u0105 tak\u017ce ozdobnym elementem. W<span class=\"more-dots\">&#8230;<\/span><\/p>\n","protected":false},"author":15,"featured_media":8092,"comment_status":"closed","ping_status":"closed","sticky":false,"template":"","format":"standard","meta":{"footnotes":""},"categories":[12],"tags":[2382,2383],"class_list":["post-8086","post","type-post","status-publish","format-standard","has-post-thumbnail","hentry","category-dom-i-wnetrza","tag-lniany-fartuch","tag-meski-fartuch"],"yoast_head":"<!-- This site is optimized with the Yoast SEO plugin v21.6 - https:\/\/yoast.com\/wordpress\/plugins\/seo\/ -->\n<title>Wybieramy fartuch kuchenny - Magazyn Pakamera.pl<\/title>\n<meta name=\"description\" content=\"Fartuch kuchenny jest niezb\u0119dny podczas gotowania czy pieczenia. Przydaje si\u0119 wsz\u0119dzie tak, gdzie istnieje ryzyko zabrudzenia ubrania.\" \/>\n<meta name=\"robots\" content=\"index, follow\" \/>\n<link rel=\"canonical\" href=\"https:\/\/www.pakamera.pl\/magazyn\/wybieramy-fartuch-kuchenny\/\" \/>\n<meta property=\"og:locale\" content=\"pl_PL\" \/>\n<meta property=\"og:type\" content=\"article\" \/>\n<meta property=\"og:title\" content=\"Wybieramy fartuch kuchenny - Magazyn Pakamera.pl\" \/>\n<meta property=\"og:description\" content=\"Fartuch kuchenny jest niezb\u0119dny podczas gotowania czy pieczenia. Przydaje si\u0119 wsz\u0119dzie tak, gdzie istnieje ryzyko zabrudzenia ubrania.\" \/>\n<meta property=\"og:url\" content=\"https:\/\/www.pakamera.pl\/magazyn\/wybieramy-fartuch-kuchenny\/\" \/>\n<meta property=\"og:site_name\" content=\"Magazyn Pakamera.pl\" \/>\n<meta property=\"article:publisher\" content=\"https:\/\/facebook.com\/pakamerapl\" \/>\n<meta property=\"article:published_time\" content=\"2022-06-13T10:56:34+00:00\" \/>\n<meta property=\"og:image\" content=\"\/\/imgmag.pakamera.net\/2022\/06\/fartuchy-i-sciereczki-12207329-94642762.jpg\" \/>\n\t<meta property=\"og:image:width\" content=\"1200\" \/>\n\t<meta property=\"og:image:height\" content=\"801\" \/>\n\t<meta property=\"og:image:type\" content=\"image\/jpeg\" \/>\n<meta name=\"author\" content=\"Kinga Paw\u0142owska\" \/>\n<meta name=\"twitter:card\" content=\"summary_large_image\" \/>\n<meta name=\"twitter:label1\" content=\"Napisane przez\" \/>\n\t<meta name=\"twitter:data1\" content=\"Kinga Paw\u0142owska\" \/>\n\t<meta name=\"twitter:label2\" content=\"Szacowany czas czytania\" \/>\n\t<meta name=\"twitter:data2\" content=\"4 minuty\" \/>\n<script type=\"application\/ld+json\" class=\"yoast-schema-graph\">{\"@context\":\"https:\/\/schema.org\",\"@graph\":[{\"@type\":\"Article\",\"@id\":\"https:\/\/www.pakamera.pl\/magazyn\/wybieramy-fartuch-kuchenny\/#article\",\"isPartOf\":{\"@id\":\"https:\/\/www.pakamera.pl\/magazyn\/wybieramy-fartuch-kuchenny\/\"},\"author\":{\"name\":\"Kinga Paw\u0142owska\",\"@id\":\"https:\/\/www.pakamera.pl\/magazyn\/#\/schema\/person\/3260837128eb02b1b1ed1972385dff23\"},\"headline\":\"Wybieramy fartuch kuchenny\",\"datePublished\":\"2022-06-13T10:56:34+00:00\",\"dateModified\":\"2022-06-13T10:56:34+00:00\",\"mainEntityOfPage\":{\"@id\":\"https:\/\/www.pakamera.pl\/magazyn\/wybieramy-fartuch-kuchenny\/\"},\"wordCount\":761,\"publisher\":{\"@id\":\"https:\/\/www.pakamera.pl\/magazyn\/#organization\"},\"keywords\":[\"lniany fartuch\",\"m\u0119ski fartuch\"],\"articleSection\":[\"Dom i Wn\u0119trze\"],\"inLanguage\":\"pl-PL\"},{\"@type\":\"WebPage\",\"@id\":\"https:\/\/www.pakamera.pl\/magazyn\/wybieramy-fartuch-kuchenny\/\",\"url\":\"https:\/\/www.pakamera.pl\/magazyn\/wybieramy-fartuch-kuchenny\/\",\"name\":\"Wybieramy fartuch kuchenny - Magazyn Pakamera.pl\",\"isPartOf\":{\"@id\":\"https:\/\/www.pakamera.pl\/magazyn\/#website\"},\"datePublished\":\"2022-06-13T10:56:34+00:00\",\"dateModified\":\"2022-06-13T10:56:34+00:00\",\"description\":\"Fartuch kuchenny jest niezb\u0119dny podczas gotowania czy pieczenia. Przydaje si\u0119 wsz\u0119dzie tak, gdzie istnieje ryzyko zabrudzenia ubrania.\",\"breadcrumb\":{\"@id\":\"https:\/\/www.pakamera.pl\/magazyn\/wybieramy-fartuch-kuchenny\/#breadcrumb\"},\"inLanguage\":\"pl-PL\",\"potentialAction\":[{\"@type\":\"ReadAction\",\"target\":[\"https:\/\/www.pakamera.pl\/magazyn\/wybieramy-fartuch-kuchenny\/\"]}]},{\"@type\":\"BreadcrumbList\",\"@id\":\"https:\/\/www.pakamera.pl\/magazyn\/wybieramy-fartuch-kuchenny\/#breadcrumb\",\"itemListElement\":[{\"@type\":\"ListItem\",\"position\":1,\"name\":\"Magazyn\",\"item\":\"https:\/\/www.pakamera.pl\/magazyn\/\"},{\"@type\":\"ListItem\",\"position\":2,\"name\":\"Dom i Wn\u0119trze\",\"item\":\"https:\/\/www.pakamera.pl\/magazyn\/category\/dom-i-wnetrza\/\"},{\"@type\":\"ListItem\",\"position\":3,\"name\":\"Wybieramy fartuch kuchenny\"}]},{\"@type\":\"WebSite\",\"@id\":\"https:\/\/www.pakamera.pl\/magazyn\/#website\",\"url\":\"https:\/\/www.pakamera.pl\/magazyn\/\",\"name\":\"Magazyn Pakamera.pl\",\"description\":\"Sprawd\u017a najgor\u0119tsze tematy sezonu!\",\"publisher\":{\"@id\":\"https:\/\/www.pakamera.pl\/magazyn\/#organization\"},\"potentialAction\":[{\"@type\":\"SearchAction\",\"target\":{\"@type\":\"EntryPoint\",\"urlTemplate\":\"https:\/\/www.pakamera.pl\/magazyn\/?s={search_term_string}\"},\"query-input\":\"required name=search_term_string\"}],\"inLanguage\":\"pl-PL\"},{\"@type\":\"Organization\",\"@id\":\"https:\/\/www.pakamera.pl\/magazyn\/#organization\",\"name\":\"Pakamera.pl\",\"url\":\"https:\/\/www.pakamera.pl\/magazyn\/\",\"logo\":{\"@type\":\"ImageObject\",\"inLanguage\":\"pl-PL\",\"@id\":\"https:\/\/www.pakamera.pl\/magazyn\/#\/schema\/logo\/image\/\",\"url\":\"https:\/\/imgmag.pakamera.net\/2023\/11\/153455466619.png\",\"contentUrl\":\"https:\/\/imgmag.pakamera.net\/2023\/11\/153455466619.png\",\"width\":690,\"height\":140,\"caption\":\"Pakamera.pl\"},\"image\":{\"@id\":\"https:\/\/www.pakamera.pl\/magazyn\/#\/schema\/logo\/image\/\"},\"sameAs\":[\"https:\/\/facebook.com\/pakamerapl\",\"https:\/\/www.instagram.com\/pakamera\/\"]},{\"@type\":\"Person\",\"@id\":\"https:\/\/www.pakamera.pl\/magazyn\/#\/schema\/person\/3260837128eb02b1b1ed1972385dff23\",\"name\":\"Kinga Paw\u0142owska\",\"description\":\"Jestem pasjonatk\u0105 designu, mody i sztuki wyra\u017cania siebie poprzez ubi\u00f3r i dodatki. Moja misja polega na przekazywaniu wiedzy i inspiracji w dziedzinie bi\u017cuterii, mody, dekoracji wn\u0119trz oraz r\u00f3\u017cnego rodzaju dodatk\u00f3w, kt\u00f3re sprawi\u0105, \u017ce Twoje \u017cycie stanie si\u0119 jeszcze bardziej pi\u0119kne i wyj\u0105tkowe. W moich postach znajdziesz przewodniki po najnowszych trendach, zar\u00f3wno je\u015bli chodzi o kolory wn\u0119trz, jak i modne dodatki czy bi\u017cuteri\u0119. Pragn\u0119 pom\u00f3c Ci odkry\u0107, jakie style wn\u0119trza pasuj\u0105 do Twojej osobowo\u015bci, a tak\u017ce jak dopasowa\u0107 bi\u017cuteri\u0119 do r\u00f3\u017cnych rodzaj\u00f3w sukienek czy stylizacji. Jestem r\u00f3wnie\u017c zwolenniczk\u0105 wyj\u0105tkowych, r\u0119cznie robionych produkt\u00f3w. W moich postach znajdziesz wiele inspiracji zwi\u0105zanych z r\u0119kodzie\u0142em, takimi jak eleganckie apaszki jedwabne, ozdoby na g\u0142ow\u0119 czy bi\u017cuteria artystyczna od polskich marek. W moich postach po\u015bwi\u0119cam r\u00f3wnie\u017c uwag\u0119 polskim projektantom i markom. Dziel\u0119 si\u0119 informacjami na temat bi\u017cuterii, ubra\u0144 i dodatk\u00f3w od rodzimych marek, kt\u00f3re tworz\u0105 wyj\u0105tkowe produkty. Moj\u0105 misj\u0105 jest dostarczanie inspiracji i praktycznych wskaz\u00f3wek z zakresu mody, designu, wn\u0119trz i bi\u017cuterii. Pragn\u0119, aby moje wpisy pomaga\u0142y Ci w tworzeniu wyj\u0105tkowych stylizacji, wyborze idealnych prezent\u00f3w oraz w aran\u017cacji pi\u0119knych wn\u0119trz. Zawsze staram si\u0119 dostarcza\u0107 tre\u015bci oparte na solidnych \u017ar\u00f3d\u0142ach i wiedzy, aby\u015b m\u00f3g\u0142\/a korzysta\u0107 z nich z pe\u0142nym zaufaniem.\"}]}<\/script>\n<!-- \/ Yoast SEO plugin. -->","yoast_head_json":{"title":"Wybieramy fartuch kuchenny - Magazyn Pakamera.pl","description":"Fartuch kuchenny jest niezb\u0119dny podczas gotowania czy pieczenia. Przydaje si\u0119 wsz\u0119dzie tak, gdzie istnieje ryzyko zabrudzenia ubrania.","robots":{"index":"index","follow":"follow"},"canonical":"https:\/\/www.pakamera.pl\/magazyn\/wybieramy-fartuch-kuchenny\/","og_locale":"pl_PL","og_type":"article","og_title":"Wybieramy fartuch kuchenny - Magazyn Pakamera.pl","og_description":"Fartuch kuchenny jest niezb\u0119dny podczas gotowania czy pieczenia. Przydaje si\u0119 wsz\u0119dzie tak, gdzie istnieje ryzyko zabrudzenia ubrania.","og_url":"https:\/\/www.pakamera.pl\/magazyn\/wybieramy-fartuch-kuchenny\/","og_site_name":"Magazyn Pakamera.pl","article_publisher":"https:\/\/facebook.com\/pakamerapl","article_published_time":"2022-06-13T10:56:34+00:00","og_image":[{"width":1200,"height":801,"url":"\/\/imgmag.pakamera.net\/2022\/06\/fartuchy-i-sciereczki-12207329-94642762.jpg","type":"image\/jpeg"}],"author":"Kinga Paw\u0142owska","twitter_card":"summary_large_image","twitter_misc":{"Napisane przez":"Kinga Paw\u0142owska","Szacowany czas czytania":"4 minuty"},"schema":{"@context":"https:\/\/schema.org","@graph":[{"@type":"Article","@id":"https:\/\/www.pakamera.pl\/magazyn\/wybieramy-fartuch-kuchenny\/#article","isPartOf":{"@id":"https:\/\/www.pakamera.pl\/magazyn\/wybieramy-fartuch-kuchenny\/"},"author":{"name":"Kinga Paw\u0142owska","@id":"https:\/\/www.pakamera.pl\/magazyn\/#\/schema\/person\/3260837128eb02b1b1ed1972385dff23"},"headline":"Wybieramy fartuch kuchenny","datePublished":"2022-06-13T10:56:34+00:00","dateModified":"2022-06-13T10:56:34+00:00","mainEntityOfPage":{"@id":"https:\/\/www.pakamera.pl\/magazyn\/wybieramy-fartuch-kuchenny\/"},"wordCount":761,"publisher":{"@id":"https:\/\/www.pakamera.pl\/magazyn\/#organization"},"keywords":["lniany fartuch","m\u0119ski fartuch"],"articleSection":["Dom i Wn\u0119trze"],"inLanguage":"pl-PL"},{"@type":"WebPage","@id":"https:\/\/www.pakamera.pl\/magazyn\/wybieramy-fartuch-kuchenny\/","url":"https:\/\/www.pakamera.pl\/magazyn\/wybieramy-fartuch-kuchenny\/","name":"Wybieramy fartuch kuchenny - Magazyn Pakamera.pl","isPartOf":{"@id":"https:\/\/www.pakamera.pl\/magazyn\/#website"},"datePublished":"2022-06-13T10:56:34+00:00","dateModified":"2022-06-13T10:56:34+00:00","description":"Fartuch kuchenny jest niezb\u0119dny podczas gotowania czy pieczenia. Przydaje si\u0119 wsz\u0119dzie tak, gdzie istnieje ryzyko zabrudzenia ubrania.","breadcrumb":{"@id":"https:\/\/www.pakamera.pl\/magazyn\/wybieramy-fartuch-kuchenny\/#breadcrumb"},"inLanguage":"pl-PL","potentialAction":[{"@type":"ReadAction","target":["https:\/\/www.pakamera.pl\/magazyn\/wybieramy-fartuch-kuchenny\/"]}]},{"@type":"BreadcrumbList","@id":"https:\/\/www.pakamera.pl\/magazyn\/wybieramy-fartuch-kuchenny\/#breadcrumb","itemListElement":[{"@type":"ListItem","position":1,"name":"Magazyn","item":"https:\/\/www.pakamera.pl\/magazyn\/"},{"@type":"ListItem","position":2,"name":"Dom i Wn\u0119trze","item":"https:\/\/www.pakamera.pl\/magazyn\/category\/dom-i-wnetrza\/"},{"@type":"ListItem","position":3,"name":"Wybieramy fartuch kuchenny"}]},{"@type":"WebSite","@id":"https:\/\/www.pakamera.pl\/magazyn\/#website","url":"https:\/\/www.pakamera.pl\/magazyn\/","name":"Magazyn Pakamera.pl","description":"Sprawd\u017a najgor\u0119tsze tematy sezonu!","publisher":{"@id":"https:\/\/www.pakamera.pl\/magazyn\/#organization"},"potentialAction":[{"@type":"SearchAction","target":{"@type":"EntryPoint","urlTemplate":"https:\/\/www.pakamera.pl\/magazyn\/?s={search_term_string}"},"query-input":"required name=search_term_string"}],"inLanguage":"pl-PL"},{"@type":"Organization","@id":"https:\/\/www.pakamera.pl\/magazyn\/#organization","name":"Pakamera.pl","url":"https:\/\/www.pakamera.pl\/magazyn\/","logo":{"@type":"ImageObject","inLanguage":"pl-PL","@id":"https:\/\/www.pakamera.pl\/magazyn\/#\/schema\/logo\/image\/","url":"https:\/\/imgmag.pakamera.net\/2023\/11\/153455466619.png","contentUrl":"https:\/\/imgmag.pakamera.net\/2023\/11\/153455466619.png","width":690,"height":140,"caption":"Pakamera.pl"},"image":{"@id":"https:\/\/www.pakamera.pl\/magazyn\/#\/schema\/logo\/image\/"},"sameAs":["https:\/\/facebook.com\/pakamerapl","https:\/\/www.instagram.com\/pakamera\/"]},{"@type":"Person","@id":"https:\/\/www.pakamera.pl\/magazyn\/#\/schema\/person\/3260837128eb02b1b1ed1972385dff23","name":"Kinga Paw\u0142owska","description":"Jestem pasjonatk\u0105 designu, mody i sztuki wyra\u017cania siebie poprzez ubi\u00f3r i dodatki. Moja misja polega na przekazywaniu wiedzy i inspiracji w dziedzinie bi\u017cuterii, mody, dekoracji wn\u0119trz oraz r\u00f3\u017cnego rodzaju dodatk\u00f3w, kt\u00f3re sprawi\u0105, \u017ce Twoje \u017cycie stanie si\u0119 jeszcze bardziej pi\u0119kne i wyj\u0105tkowe. W moich postach znajdziesz przewodniki po najnowszych trendach, zar\u00f3wno je\u015bli chodzi o kolory wn\u0119trz, jak i modne dodatki czy bi\u017cuteri\u0119. Pragn\u0119 pom\u00f3c Ci odkry\u0107, jakie style wn\u0119trza pasuj\u0105 do Twojej osobowo\u015bci, a tak\u017ce jak dopasowa\u0107 bi\u017cuteri\u0119 do r\u00f3\u017cnych rodzaj\u00f3w sukienek czy stylizacji. Jestem r\u00f3wnie\u017c zwolenniczk\u0105 wyj\u0105tkowych, r\u0119cznie robionych produkt\u00f3w. W moich postach znajdziesz wiele inspiracji zwi\u0105zanych z r\u0119kodzie\u0142em, takimi jak eleganckie apaszki jedwabne, ozdoby na g\u0142ow\u0119 czy bi\u017cuteria artystyczna od polskich marek. W moich postach po\u015bwi\u0119cam r\u00f3wnie\u017c uwag\u0119 polskim projektantom i markom. Dziel\u0119 si\u0119 informacjami na temat bi\u017cuterii, ubra\u0144 i dodatk\u00f3w od rodzimych marek, kt\u00f3re tworz\u0105 wyj\u0105tkowe produkty. Moj\u0105 misj\u0105 jest dostarczanie inspiracji i praktycznych wskaz\u00f3wek z zakresu mody, designu, wn\u0119trz i bi\u017cuterii. Pragn\u0119, aby moje wpisy pomaga\u0142y Ci w tworzeniu wyj\u0105tkowych stylizacji, wyborze idealnych prezent\u00f3w oraz w aran\u017cacji pi\u0119knych wn\u0119trz. Zawsze staram si\u0119 dostarcza\u0107 tre\u015bci oparte na solidnych \u017ar\u00f3d\u0142ach i wiedzy, aby\u015b m\u00f3g\u0142\/a korzysta\u0107 z nich z pe\u0142nym zaufaniem."}]}},"_links":{"self":[{"href":"https:\/\/www.pakamera.pl\/magazyn\/wp-json\/wp\/v2\/posts\/8086","targetHints":{"allow":["GET"]}}],"collection":[{"href":"https:\/\/www.pakamera.pl\/magazyn\/wp-json\/wp\/v2\/posts"}],"about":[{"href":"https:\/\/www.pakamera.pl\/magazyn\/wp-json\/wp\/v2\/types\/post"}],"author":[{"embeddable":true,"href":"https:\/\/www.pakamera.pl\/magazyn\/wp-json\/wp\/v2\/users\/15"}],"replies":[{"embeddable":true,"href":"https:\/\/www.pakamera.pl\/magazyn\/wp-json\/wp\/v2\/comments?post=8086"}],"version-history":[{"count":0,"href":"https:\/\/www.pakamera.pl\/magazyn\/wp-json\/wp\/v2\/posts\/8086\/revisions"}],"wp:featuredmedia":[{"embeddable":true,"href":"https:\/\/www.pakamera.pl\/magazyn\/wp-json\/wp\/v2\/media\/8092"}],"wp:attachment":[{"href":"https:\/\/www.pakamera.pl\/magazyn\/wp-json\/wp\/v2\/media?parent=8086"}],"wp:term":[{"taxonomy":"category","embeddable":true,"href":"https:\/\/www.pakamera.pl\/magazyn\/wp-json\/wp\/v2\/categories?post=8086"},{"taxonomy":"post_tag","embeddable":true,"href":"https:\/\/www.pakamera.pl\/magazyn\/wp-json\/wp\/v2\/tags?post=8086"}],"curies":[{"name":"wp","href":"https:\/\/api.w.org\/{rel}","templated":true}]}}