{"id":7861,"date":"2023-09-08T11:06:42","date_gmt":"2023-09-08T09:06:42","guid":{"rendered":"https:\/\/www.pakamera.pl\/magazyn\/?p=7861"},"modified":"2023-09-08T11:26:18","modified_gmt":"2023-09-08T09:26:18","slug":"elegancka-apaszka-jedwabna-wybierz-z-nami","status":"publish","type":"post","link":"https:\/\/www.pakamera.pl\/magazyn\/elegancka-apaszka-jedwabna-wybierz-z-nami\/","title":{"rendered":"Elegancka apaszka jedwabna &#8211; jak wi\u0105za\u0107, jak\u0105 wybra\u0107."},"content":{"rendered":"<p><strong>Elegancka apaszka jedwabna to element garderoby, kt\u00f3rego nie mo\u017ce zabrakn\u0105\u0107 w szafie ka\u017cdej stylowej kobiety. W damskiej szafie nie brak dodatk\u00f3w, kt\u00f3re idealnie dope\u0142niaj\u0105 stylizacje i dodaj\u0105 im charakteru. Takim dodatkiem s\u0105 w\u0142a\u015bnie apaszki &#8211; niezwykle uniwersalne, a jednocze\u015bnie tak bardzo przyci\u0105gaj\u0105ce uwag\u0119. W zale\u017cno\u015bci od tego jak j\u0105 zawi\u0105\u017cesz mo\u017cesz dosta\u0107 r\u00f3\u017cny efekt w stylizacji.<br \/>\n<\/strong><\/p>\n<p><!--more--><\/p>\n<div class=\"pakawidget\" id=\"pakawidget575\"><\/div>\n<p><script async defer src=\"https:\/\/www.pakamera.pl\/widget\/widget2.min.js?id=575&#038;type=20220110155248&#038;wwidth=1000\"><\/script><\/p>\n<p>Je\u015bli jeszcze nie znalaz\u0142a\u015b wymarzonej jedwabnej apaszki, to czeka Ci\u0119 nie lada wyzwanie. <strong>W\u015br\u00f3d szerokiej oferty wzor\u00f3w, kolor\u00f3w, a nawet kszta\u0142t\u00f3w chustek znajdziesz niejedn\u0105, kt\u00f3ra przyci\u0105gnie Twoje spojrzenie<\/strong>. Aby nieco u\u0142atwi\u0107 Ci zadanie, przygotowali\u015bmy dla Ciebie zestawienie pi\u0119ciu apaszek, kt\u00f3re mo\u017cesz znale\u017a\u0107 na naszej platformie.<\/p>\n<figure id=\"attachment_7863\" aria-describedby=\"caption-attachment-7863\" style=\"width: 900px\" class=\"wp-caption alignnone\"><img loading=\"lazy\" decoding=\"async\" class=\"wp-image-7863 size-full\" src=\"\/\/imgmag.pakamera.net\/2022\/01\/jedwabna-apaszka-geometryczne-wzory.jpg\" alt=\"geometryczna apaszka jedwabna\" width=\"900\" height=\"1200\" \/><figcaption id=\"caption-attachment-7863\" class=\"wp-caption-text\">Apaszka jedwabna Adriatyk \/ LAWA<\/figcaption><\/figure>\n<p><a href=\"https:\/\/www.pakamera.pl\/apaszka-jedwabna-0-t73876.htm\" target=\"_blank\" rel=\"noopener\">Apaszka jedwabna<\/a> Adriatyk to produkt marki LAWA. Chusta jest r\u00f3wnie pi\u0119kna, co uniwersalna. Apaszka w ca\u0142o\u015bci zosta\u0142a stworzona z naturalnego jedwabiu. Przy odpowiedniej piel\u0119gnacji zostanie z Tob\u0105 na d\u0142ugie lata, a mo\u017ce nawet na zawsze.<\/p>\n<div class=\"pakawidget\" id=\"pakawidget777\"><\/div>\n<p><script async defer src=\"https:\/\/www.pakamera.pl\/widget\/widget2.min.js?id=777&#038;type=20230908112137&#038;wwidth=1000\"><\/script><\/p>\n<p>Do ka\u017cdej apaszki marka LAWA do\u0142\u0105cza ulotk\u0119 z informacjami, jak odpowiednio dba\u0107 o jedwab. Dzi\u0119ki temu nie pope\u0142nisz \u017cadnego b\u0142\u0119du. Jedwabna apaszka jest dwukolorowa, przez ca\u0142\u0105 d\u0142ugo\u015b\u0107 przechodzi r\u00f3\u017cowy geometryczny wz\u00f3r, kt\u00f3ry sprawia, \u017ce apaszka wygl\u0105da intryguj\u0105co.<\/p>\n<h2>Jak wi\u0105za\u0107 chust\u0119?<\/h2>\n<p><strong>Chustk\u0119 mo\u017cesz nosi\u0107 na kilka sposob\u00f3w<\/strong>. Ju\u017c samo noszenie jej na szyi pozwoli Ci stworzy\u0107 mn\u00f3stwo kombinacji i sposob\u00f3w wi\u0105za\u0144. <strong>Dodatkowo mo\u017cesz zawi\u0105za\u0107 j\u0105 na w\u0142osach, a nawet nosi\u0107 latem jako top<\/strong>. <a href=\"https:\/\/www.pakamera.pl\/chusta-jedwabna-0-t26693.htm\" target=\"_blank\" rel=\"noopener\">Chustka jedwabna<\/a> po z\u0142o\u017ceniu nie prze\u015bwituje, wi\u0119c bez obaw mo\u017cesz nosi\u0107 j\u0105 jako top, np. pod marynark\u0119, b\u0105d\u017a jeansow\u0105 kurtk\u0119. Apaszka noszona jako top \u015bwietnie sprawdzi si\u0119 w zestawieniu ze sp\u00f3dnic\u0105 z wysokim stanem. Je\u015bli nie jeste\u015b przekonana do tego typu chustek, mo\u017cesz przyozdobi\u0107 ni\u0105 swoj\u0105 torebk\u0119. Jest to tak\u017ce \u015bwietny spos\u00f3b na urozmaicenie stylizacji. Ten drobny trik pozwoli Ci ca\u0142kowicie odmieni\u0107 wygl\u0105d Twojej torebki.<\/p>\n<figure id=\"attachment_7862\" aria-describedby=\"caption-attachment-7862\" style=\"width: 800px\" class=\"wp-caption alignnone\"><img loading=\"lazy\" decoding=\"async\" class=\"wp-image-7862 size-full\" src=\"\/\/imgmag.pakamera.net\/2022\/01\/elegancka-apaszka-jedwabna.jpg\" alt=\"Apaszka z jedwabiu 90 x 90\" width=\"800\" height=\"1200\" \/><figcaption id=\"caption-attachment-7862\" class=\"wp-caption-text\">Apaszka jedwabna \/ BOA clothes<\/figcaption><\/figure>\n<p>Apaszka marki BOA clothes w ca\u0142o\u015bci zosta\u0142a stworzona z naturalnego jedwabiu. Chusta ozdobiona motywem chrz\u0105szcza, r\u0119cznie odbitego za pomoc\u0105 specjalnej piecz\u0105tki. Cho\u0107 sama apaszka jest do\u015b\u0107 minimalistyczna, utrzymana w bia\u0142ym kolorze, to motyw chrz\u0105szcza sprawia, \u017ce ca\u0142o\u015b\u0107 prezentuje si\u0119 naprawd\u0119 ciekawie.<\/p>\n<p><strong>Apaszka jest na tyle du\u017ca, \u017ce z powodzeniem mo\u017cesz nosi\u0107 j\u0105 jako top, a nawet jako eleganck\u0105 koszul\u0119<\/strong>. Doskona\u0142a zar\u00f3wno do jeans\u00f3w, eleganckich spodni, jak i sp\u00f3dnic z wysokim stanem. Oczywi\u015bcie t\u0119 jedwabn\u0105 chust\u0119 mo\u017cesz nosi\u0107 r\u00f3wnie\u017c w klasyczny spos\u00f3b &#8211; zawi\u0105zan\u0105 na szyi lub na w\u0142osach.<\/p>\n<figure id=\"attachment_7864\" aria-describedby=\"caption-attachment-7864\" style=\"width: 1200px\" class=\"wp-caption alignnone\"><img loading=\"lazy\" decoding=\"async\" class=\"wp-image-7864 size-full\" src=\"\/\/imgmag.pakamera.net\/2022\/01\/jedwabna-apaszka-na-glowe.jpg\" alt=\"jedwabna apaszka na g\u0142ow\u0119\" width=\"1200\" height=\"799\" \/><figcaption id=\"caption-attachment-7864\" class=\"wp-caption-text\">Jedwabna apaszka, FLORAL YELLOW SPRING \/ Yanowska<\/figcaption><\/figure>\n<p>Jedwabna apaszka, FLORAL YELLOW SPRING jest produktem marki Yanowska. Uszyta z niezwykle mi\u0119kkiego jedwabiu chustka jest bardzo delikatna i zwiewna, idealna na lato. Na tle innych, apaszka jest do\u015b\u0107 du\u017ca, jej wymiary to 110&#215;110 cm. Dzi\u0119ki temu mo\u017cemy nosi\u0107 j\u0105 na wiele sposob\u00f3w.<\/p>\n<p><strong>Mo\u017cesz wi\u0105za\u0107 j\u0105 na szyi, na g\u0142owie, wplata\u0107 we w\u0142osy, ozdobi\u0107 ni\u0105 torebk\u0119, a nawet nosi\u0107 jako pareo na pla\u017cy<\/strong>. Mo\u017cesz r\u00f3wnie\u017c stworzy\u0107 z chustki top, kt\u00f3ry za\u0142o\u017cysz na bikini. Apaszka jest wytrzyma\u0142a, trwa\u0142a i bardzo komfortowa w noszeniu. Delikatnie obszyty brzeg sprawia, \u017ce chusta prezentuje si\u0119 bardzo elegancko i szykownie, a motyw ro\u015blinny sprawia, \u017ce apaszka pi\u0119knie b\u0119dzie prezentowa\u0107 si\u0119 w outficie w stylu boho. Naszym faworytem jest wykorzystanie jej jako <strong>apaszka jedwabna na g\u0142ow\u0119<\/strong>.<\/p>\n<figure id=\"attachment_7865\" aria-describedby=\"caption-attachment-7865\" style=\"width: 700px\" class=\"wp-caption alignnone\"><img loading=\"lazy\" decoding=\"async\" class=\"wp-image-7865 size-full\" src=\"\/\/imgmag.pakamera.net\/2022\/01\/apaszka-jedwabna.jpg\" alt=\"jedwabna apaszka ze z\u0142otem\" width=\"700\" height=\"700\" srcset=\"https:\/\/imgmag.pakamera.net\/2022\/01\/apaszka-jedwabna.jpg 700w, https:\/\/imgmag.pakamera.net\/2022\/01\/apaszka-jedwabna-570x570.jpg 570w, https:\/\/imgmag.pakamera.net\/2022\/01\/apaszka-jedwabna-240x240.jpg 240w\" sizes=\"auto, (max-width: 700px) 100vw, 700px\" \/><figcaption id=\"caption-attachment-7865\" class=\"wp-caption-text\">Jedwabna apaszka Z\u0142ote Ornamenty \/ Avicella<\/figcaption><\/figure>\n<p>Marka Avicella stworzy\u0142a pi\u0119kn\u0105 jedwabn\u0105 apaszk\u0119 Z\u0142ote Ornamenty. Idealny dodatek dla mi\u0142o\u015bniczek oryginalnych dodatk\u00f3w. Bia\u0142e go\u0142\u0119bie w\u015br\u00f3d z\u0142otych ornament\u00f3w i r\u00f3\u017cowych okr\u0119g\u00f3w to bardzo wyrazisty i nietuzinkowy akcent, kt\u00f3ry o\u017cywi ka\u017cd\u0105, nawet najprostsz\u0105 stylizacj\u0119. Je\u015bli cenisz dobr\u0105 jako\u015b\u0107 i przykuwaj\u0105cy wzrok wz\u00f3r, to jest to apaszka dla Ciebie.<\/p>\n<p><strong>Rozmiar 90&#215;90 cm sprawia, \u017ce chust\u0119 mo\u017cesz nosi\u0107 na wiele sposob\u00f3w<\/strong>. Apaszka pakowana jest w eleganckie pude\u0142ko, dzi\u0119ki czemu mo\u017cesz wr\u0119czy\u0107 j\u0105 r\u00f3wnie\u017c jako prezent. Sko\u015bny splot typu twill sprawia, \u017ce apaszka jest bardzo wygodna, komfortowa w noszeniu, ale r\u00f3wnie\u017c wytrzyma\u0142a i trwa\u0142a.<\/p>\n<figure id=\"attachment_7866\" aria-describedby=\"caption-attachment-7866\" style=\"width: 1024px\" class=\"wp-caption alignnone\"><img loading=\"lazy\" decoding=\"async\" class=\"wp-image-7866 size-full\" src=\"\/\/imgmag.pakamera.net\/2022\/01\/apaszka-jedwabna-mala.jpg\" alt=\"szalik jedwabny\" width=\"1024\" height=\"683\" \/><figcaption id=\"caption-attachment-7866\" class=\"wp-caption-text\">Szalik jedwabny &#8211; apaszka w \u0141atki \/ SILKADORE<\/figcaption><\/figure>\n<p>Szalik jedwabny &#8211; apaszka w \u0141atki Handmade to dzie\u0142o marki SILKADORE. Przepi\u0119kna apaszka w czarne \u0142atki na bia\u0142ym tle, wyko\u0144czona za pomoc\u0105 br\u0105zowo-z\u0142otego paska. <strong>Ten jedwabny mini szal idealnie sprawdzi si\u0119 jako prezent, wysy\u0142any jest w eleganckim pude\u0142ku sygnowanym logiem marki<\/strong>. T\u0119 apaszk\u0119 mo\u017cesz nosi\u0107 jak klasyczn\u0105 apaszk\u0119, ale r\u00f3wnie\u017c jako krawat, bransoletk\u0119 owini\u0119t\u0105 wok\u00f3\u0142 nadgarstka, wst\u0105\u017ck\u0119 we w\u0142osach, przepask\u0119 na g\u0142ow\u0119, a tak\u017ce jako dodatkowa ozdoba na kucyku.<\/p>\n<p>Liczba wi\u0105za\u0144 i sposob\u00f3w noszenia tej chusty zdaj\u0105 si\u0119 nie mie\u0107 ko\u0144ca. Apaszka jest bardzo uniwersalna i z pewno\u015bci\u0105 przypadnie do gustu wi\u0119kszo\u015bci kobiet.<\/p>\n<p>Mamy nadziej\u0119, \u017ce w\u015br\u00f3d naszych propozycji ka\u017cdy znajdzie co\u015b dla siebie a mnogo\u015b\u0107 wi\u0105za\u0144 i sposob\u00f3w noszenia apaszki sprawi, \u017ce b\u0119dzie ona dodatkiem na ka\u017cd\u0105 por\u0119 roku.<\/p>\n","protected":false},"excerpt":{"rendered":"<p>Elegancka apaszka jedwabna to element garderoby, kt\u00f3rego nie mo\u017ce zabrakn\u0105\u0107 w szafie ka\u017cdej stylowej kobiety. W damskiej szafie nie brak dodatk\u00f3w, kt\u00f3re idealnie dope\u0142niaj\u0105 stylizacje i dodaj\u0105 im charakteru. Takim<span class=\"more-dots\">&#8230;<\/span><\/p>\n","protected":false},"author":15,"featured_media":7864,"comment_status":"closed","ping_status":"closed","sticky":false,"template":"","format":"standard","meta":{"footnotes":""},"categories":[3],"tags":[2339,2337,2338,580],"class_list":["post-7861","post","type-post","status-publish","format-standard","has-post-thumbnail","hentry","category-moda","tag-apaszka-jedwabna-handmade","tag-apaszka-jedwabna-na-glowe","tag-apaszka-jedwabna-polskie-marki","tag-polscy-projektanci"],"yoast_head":"<!-- This site is optimized with the Yoast SEO plugin v21.6 - https:\/\/yoast.com\/wordpress\/plugins\/seo\/ -->\n<title>Apaszka jedwabna - jak wi\u0105za\u0107, jak\u0105 wybra\u0107. - Magazyn Pakamera.pl<\/title>\n<meta name=\"description\" content=\"Elegancka apaszka jedwabna to element garderoby, kt\u00f3rego nie mo\u017ce zabrakn\u0105\u0107 w damskiej szafie. Zobacz jak j\u0105 wi\u0105za\u0107 i jak\u0105 wybra\u0107.\" \/>\n<meta name=\"robots\" content=\"index, follow\" \/>\n<link rel=\"canonical\" href=\"https:\/\/www.pakamera.pl\/magazyn\/elegancka-apaszka-jedwabna-wybierz-z-nami\/\" \/>\n<meta property=\"og:locale\" content=\"pl_PL\" \/>\n<meta property=\"og:type\" content=\"article\" \/>\n<meta property=\"og:title\" content=\"Apaszka jedwabna - jak wi\u0105za\u0107, jak\u0105 wybra\u0107. - Magazyn Pakamera.pl\" \/>\n<meta property=\"og:description\" content=\"Elegancka apaszka jedwabna to element garderoby, kt\u00f3rego nie mo\u017ce zabrakn\u0105\u0107 w damskiej szafie. Zobacz jak j\u0105 wi\u0105za\u0107 i jak\u0105 wybra\u0107.\" \/>\n<meta property=\"og:url\" content=\"https:\/\/www.pakamera.pl\/magazyn\/elegancka-apaszka-jedwabna-wybierz-z-nami\/\" \/>\n<meta property=\"og:site_name\" content=\"Magazyn Pakamera.pl\" \/>\n<meta property=\"article:publisher\" content=\"https:\/\/facebook.com\/pakamerapl\" \/>\n<meta property=\"article:published_time\" content=\"2023-09-08T09:06:42+00:00\" \/>\n<meta property=\"article:modified_time\" content=\"2023-09-08T09:26:18+00:00\" \/>\n<meta property=\"og:image\" content=\"https:\/\/imgmag.pakamera.net\/2022\/01\/jedwabna-apaszka-na-glowe.jpg\" \/>\n\t<meta property=\"og:image:width\" content=\"1200\" \/>\n\t<meta property=\"og:image:height\" content=\"799\" \/>\n\t<meta property=\"og:image:type\" content=\"image\/jpeg\" \/>\n<meta name=\"author\" content=\"Kinga Paw\u0142owska\" \/>\n<meta name=\"twitter:card\" content=\"summary_large_image\" \/>\n<meta name=\"twitter:label1\" content=\"Napisane przez\" \/>\n\t<meta name=\"twitter:data1\" content=\"Kinga Paw\u0142owska\" \/>\n\t<meta name=\"twitter:label2\" content=\"Szacowany czas czytania\" \/>\n\t<meta name=\"twitter:data2\" content=\"6 minut\" \/>\n<script type=\"application\/ld+json\" class=\"yoast-schema-graph\">{\"@context\":\"https:\/\/schema.org\",\"@graph\":[{\"@type\":\"Article\",\"@id\":\"https:\/\/www.pakamera.pl\/magazyn\/elegancka-apaszka-jedwabna-wybierz-z-nami\/#article\",\"isPartOf\":{\"@id\":\"https:\/\/www.pakamera.pl\/magazyn\/elegancka-apaszka-jedwabna-wybierz-z-nami\/\"},\"author\":{\"name\":\"Kinga Paw\u0142owska\",\"@id\":\"https:\/\/www.pakamera.pl\/magazyn\/#\/schema\/person\/3260837128eb02b1b1ed1972385dff23\"},\"headline\":\"Elegancka apaszka jedwabna &#8211; jak wi\u0105za\u0107, jak\u0105 wybra\u0107.\",\"datePublished\":\"2023-09-08T09:06:42+00:00\",\"dateModified\":\"2023-09-08T09:26:18+00:00\",\"mainEntityOfPage\":{\"@id\":\"https:\/\/www.pakamera.pl\/magazyn\/elegancka-apaszka-jedwabna-wybierz-z-nami\/\"},\"wordCount\":936,\"publisher\":{\"@id\":\"https:\/\/www.pakamera.pl\/magazyn\/#organization\"},\"keywords\":[\"apaszka jedwabna handmade\",\"apaszka jedwabna na g\u0142ow\u0119\",\"apaszka jedwabna polskie marki\",\"polscy projektanci\"],\"articleSection\":[\"Moda\"],\"inLanguage\":\"pl-PL\"},{\"@type\":\"WebPage\",\"@id\":\"https:\/\/www.pakamera.pl\/magazyn\/elegancka-apaszka-jedwabna-wybierz-z-nami\/\",\"url\":\"https:\/\/www.pakamera.pl\/magazyn\/elegancka-apaszka-jedwabna-wybierz-z-nami\/\",\"name\":\"Apaszka jedwabna - jak wi\u0105za\u0107, jak\u0105 wybra\u0107. - Magazyn Pakamera.pl\",\"isPartOf\":{\"@id\":\"https:\/\/www.pakamera.pl\/magazyn\/#website\"},\"datePublished\":\"2023-09-08T09:06:42+00:00\",\"dateModified\":\"2023-09-08T09:26:18+00:00\",\"description\":\"Elegancka apaszka jedwabna to element garderoby, kt\u00f3rego nie mo\u017ce zabrakn\u0105\u0107 w damskiej szafie. Zobacz jak j\u0105 wi\u0105za\u0107 i jak\u0105 wybra\u0107.\",\"breadcrumb\":{\"@id\":\"https:\/\/www.pakamera.pl\/magazyn\/elegancka-apaszka-jedwabna-wybierz-z-nami\/#breadcrumb\"},\"inLanguage\":\"pl-PL\",\"potentialAction\":[{\"@type\":\"ReadAction\",\"target\":[\"https:\/\/www.pakamera.pl\/magazyn\/elegancka-apaszka-jedwabna-wybierz-z-nami\/\"]}]},{\"@type\":\"BreadcrumbList\",\"@id\":\"https:\/\/www.pakamera.pl\/magazyn\/elegancka-apaszka-jedwabna-wybierz-z-nami\/#breadcrumb\",\"itemListElement\":[{\"@type\":\"ListItem\",\"position\":1,\"name\":\"Magazyn\",\"item\":\"https:\/\/www.pakamera.pl\/magazyn\/\"},{\"@type\":\"ListItem\",\"position\":2,\"name\":\"Moda\",\"item\":\"https:\/\/www.pakamera.pl\/magazyn\/category\/moda\/\"},{\"@type\":\"ListItem\",\"position\":3,\"name\":\"Elegancka apaszka jedwabna &#8211; jak wi\u0105za\u0107, jak\u0105 wybra\u0107.\"}]},{\"@type\":\"WebSite\",\"@id\":\"https:\/\/www.pakamera.pl\/magazyn\/#website\",\"url\":\"https:\/\/www.pakamera.pl\/magazyn\/\",\"name\":\"Magazyn Pakamera.pl\",\"description\":\"Sprawd\u017a najgor\u0119tsze tematy sezonu!\",\"publisher\":{\"@id\":\"https:\/\/www.pakamera.pl\/magazyn\/#organization\"},\"potentialAction\":[{\"@type\":\"SearchAction\",\"target\":{\"@type\":\"EntryPoint\",\"urlTemplate\":\"https:\/\/www.pakamera.pl\/magazyn\/?s={search_term_string}\"},\"query-input\":\"required name=search_term_string\"}],\"inLanguage\":\"pl-PL\"},{\"@type\":\"Organization\",\"@id\":\"https:\/\/www.pakamera.pl\/magazyn\/#organization\",\"name\":\"Pakamera.pl\",\"url\":\"https:\/\/www.pakamera.pl\/magazyn\/\",\"logo\":{\"@type\":\"ImageObject\",\"inLanguage\":\"pl-PL\",\"@id\":\"https:\/\/www.pakamera.pl\/magazyn\/#\/schema\/logo\/image\/\",\"url\":\"https:\/\/imgmag.pakamera.net\/2023\/11\/153455466619.png\",\"contentUrl\":\"https:\/\/imgmag.pakamera.net\/2023\/11\/153455466619.png\",\"width\":690,\"height\":140,\"caption\":\"Pakamera.pl\"},\"image\":{\"@id\":\"https:\/\/www.pakamera.pl\/magazyn\/#\/schema\/logo\/image\/\"},\"sameAs\":[\"https:\/\/facebook.com\/pakamerapl\",\"https:\/\/www.instagram.com\/pakamera\/\"]},{\"@type\":\"Person\",\"@id\":\"https:\/\/www.pakamera.pl\/magazyn\/#\/schema\/person\/3260837128eb02b1b1ed1972385dff23\",\"name\":\"Kinga Paw\u0142owska\",\"description\":\"Jestem pasjonatk\u0105 designu, mody i sztuki wyra\u017cania siebie poprzez ubi\u00f3r i dodatki. Moja misja polega na przekazywaniu wiedzy i inspiracji w dziedzinie bi\u017cuterii, mody, dekoracji wn\u0119trz oraz r\u00f3\u017cnego rodzaju dodatk\u00f3w, kt\u00f3re sprawi\u0105, \u017ce Twoje \u017cycie stanie si\u0119 jeszcze bardziej pi\u0119kne i wyj\u0105tkowe. W moich postach znajdziesz przewodniki po najnowszych trendach, zar\u00f3wno je\u015bli chodzi o kolory wn\u0119trz, jak i modne dodatki czy bi\u017cuteri\u0119. Pragn\u0119 pom\u00f3c Ci odkry\u0107, jakie style wn\u0119trza pasuj\u0105 do Twojej osobowo\u015bci, a tak\u017ce jak dopasowa\u0107 bi\u017cuteri\u0119 do r\u00f3\u017cnych rodzaj\u00f3w sukienek czy stylizacji. Jestem r\u00f3wnie\u017c zwolenniczk\u0105 wyj\u0105tkowych, r\u0119cznie robionych produkt\u00f3w. W moich postach znajdziesz wiele inspiracji zwi\u0105zanych z r\u0119kodzie\u0142em, takimi jak eleganckie apaszki jedwabne, ozdoby na g\u0142ow\u0119 czy bi\u017cuteria artystyczna od polskich marek. W moich postach po\u015bwi\u0119cam r\u00f3wnie\u017c uwag\u0119 polskim projektantom i markom. Dziel\u0119 si\u0119 informacjami na temat bi\u017cuterii, ubra\u0144 i dodatk\u00f3w od rodzimych marek, kt\u00f3re tworz\u0105 wyj\u0105tkowe produkty. Moj\u0105 misj\u0105 jest dostarczanie inspiracji i praktycznych wskaz\u00f3wek z zakresu mody, designu, wn\u0119trz i bi\u017cuterii. Pragn\u0119, aby moje wpisy pomaga\u0142y Ci w tworzeniu wyj\u0105tkowych stylizacji, wyborze idealnych prezent\u00f3w oraz w aran\u017cacji pi\u0119knych wn\u0119trz. Zawsze staram si\u0119 dostarcza\u0107 tre\u015bci oparte na solidnych \u017ar\u00f3d\u0142ach i wiedzy, aby\u015b m\u00f3g\u0142\/a korzysta\u0107 z nich z pe\u0142nym zaufaniem.\"}]}<\/script>\n<!-- \/ Yoast SEO plugin. -->","yoast_head_json":{"title":"Apaszka jedwabna - jak wi\u0105za\u0107, jak\u0105 wybra\u0107. - Magazyn Pakamera.pl","description":"Elegancka apaszka jedwabna to element garderoby, kt\u00f3rego nie mo\u017ce zabrakn\u0105\u0107 w damskiej szafie. Zobacz jak j\u0105 wi\u0105za\u0107 i jak\u0105 wybra\u0107.","robots":{"index":"index","follow":"follow"},"canonical":"https:\/\/www.pakamera.pl\/magazyn\/elegancka-apaszka-jedwabna-wybierz-z-nami\/","og_locale":"pl_PL","og_type":"article","og_title":"Apaszka jedwabna - jak wi\u0105za\u0107, jak\u0105 wybra\u0107. - Magazyn Pakamera.pl","og_description":"Elegancka apaszka jedwabna to element garderoby, kt\u00f3rego nie mo\u017ce zabrakn\u0105\u0107 w damskiej szafie. Zobacz jak j\u0105 wi\u0105za\u0107 i jak\u0105 wybra\u0107.","og_url":"https:\/\/www.pakamera.pl\/magazyn\/elegancka-apaszka-jedwabna-wybierz-z-nami\/","og_site_name":"Magazyn Pakamera.pl","article_publisher":"https:\/\/facebook.com\/pakamerapl","article_published_time":"2023-09-08T09:06:42+00:00","article_modified_time":"2023-09-08T09:26:18+00:00","og_image":[{"width":1200,"height":799,"url":"https:\/\/imgmag.pakamera.net\/2022\/01\/jedwabna-apaszka-na-glowe.jpg","type":"image\/jpeg"}],"author":"Kinga Paw\u0142owska","twitter_card":"summary_large_image","twitter_misc":{"Napisane przez":"Kinga Paw\u0142owska","Szacowany czas czytania":"6 minut"},"schema":{"@context":"https:\/\/schema.org","@graph":[{"@type":"Article","@id":"https:\/\/www.pakamera.pl\/magazyn\/elegancka-apaszka-jedwabna-wybierz-z-nami\/#article","isPartOf":{"@id":"https:\/\/www.pakamera.pl\/magazyn\/elegancka-apaszka-jedwabna-wybierz-z-nami\/"},"author":{"name":"Kinga Paw\u0142owska","@id":"https:\/\/www.pakamera.pl\/magazyn\/#\/schema\/person\/3260837128eb02b1b1ed1972385dff23"},"headline":"Elegancka apaszka jedwabna &#8211; jak wi\u0105za\u0107, jak\u0105 wybra\u0107.","datePublished":"2023-09-08T09:06:42+00:00","dateModified":"2023-09-08T09:26:18+00:00","mainEntityOfPage":{"@id":"https:\/\/www.pakamera.pl\/magazyn\/elegancka-apaszka-jedwabna-wybierz-z-nami\/"},"wordCount":936,"publisher":{"@id":"https:\/\/www.pakamera.pl\/magazyn\/#organization"},"keywords":["apaszka jedwabna handmade","apaszka jedwabna na g\u0142ow\u0119","apaszka jedwabna polskie marki","polscy projektanci"],"articleSection":["Moda"],"inLanguage":"pl-PL"},{"@type":"WebPage","@id":"https:\/\/www.pakamera.pl\/magazyn\/elegancka-apaszka-jedwabna-wybierz-z-nami\/","url":"https:\/\/www.pakamera.pl\/magazyn\/elegancka-apaszka-jedwabna-wybierz-z-nami\/","name":"Apaszka jedwabna - jak wi\u0105za\u0107, jak\u0105 wybra\u0107. - Magazyn Pakamera.pl","isPartOf":{"@id":"https:\/\/www.pakamera.pl\/magazyn\/#website"},"datePublished":"2023-09-08T09:06:42+00:00","dateModified":"2023-09-08T09:26:18+00:00","description":"Elegancka apaszka jedwabna to element garderoby, kt\u00f3rego nie mo\u017ce zabrakn\u0105\u0107 w damskiej szafie. Zobacz jak j\u0105 wi\u0105za\u0107 i jak\u0105 wybra\u0107.","breadcrumb":{"@id":"https:\/\/www.pakamera.pl\/magazyn\/elegancka-apaszka-jedwabna-wybierz-z-nami\/#breadcrumb"},"inLanguage":"pl-PL","potentialAction":[{"@type":"ReadAction","target":["https:\/\/www.pakamera.pl\/magazyn\/elegancka-apaszka-jedwabna-wybierz-z-nami\/"]}]},{"@type":"BreadcrumbList","@id":"https:\/\/www.pakamera.pl\/magazyn\/elegancka-apaszka-jedwabna-wybierz-z-nami\/#breadcrumb","itemListElement":[{"@type":"ListItem","position":1,"name":"Magazyn","item":"https:\/\/www.pakamera.pl\/magazyn\/"},{"@type":"ListItem","position":2,"name":"Moda","item":"https:\/\/www.pakamera.pl\/magazyn\/category\/moda\/"},{"@type":"ListItem","position":3,"name":"Elegancka apaszka jedwabna &#8211; jak wi\u0105za\u0107, jak\u0105 wybra\u0107."}]},{"@type":"WebSite","@id":"https:\/\/www.pakamera.pl\/magazyn\/#website","url":"https:\/\/www.pakamera.pl\/magazyn\/","name":"Magazyn Pakamera.pl","description":"Sprawd\u017a najgor\u0119tsze tematy sezonu!","publisher":{"@id":"https:\/\/www.pakamera.pl\/magazyn\/#organization"},"potentialAction":[{"@type":"SearchAction","target":{"@type":"EntryPoint","urlTemplate":"https:\/\/www.pakamera.pl\/magazyn\/?s={search_term_string}"},"query-input":"required name=search_term_string"}],"inLanguage":"pl-PL"},{"@type":"Organization","@id":"https:\/\/www.pakamera.pl\/magazyn\/#organization","name":"Pakamera.pl","url":"https:\/\/www.pakamera.pl\/magazyn\/","logo":{"@type":"ImageObject","inLanguage":"pl-PL","@id":"https:\/\/www.pakamera.pl\/magazyn\/#\/schema\/logo\/image\/","url":"https:\/\/imgmag.pakamera.net\/2023\/11\/153455466619.png","contentUrl":"https:\/\/imgmag.pakamera.net\/2023\/11\/153455466619.png","width":690,"height":140,"caption":"Pakamera.pl"},"image":{"@id":"https:\/\/www.pakamera.pl\/magazyn\/#\/schema\/logo\/image\/"},"sameAs":["https:\/\/facebook.com\/pakamerapl","https:\/\/www.instagram.com\/pakamera\/"]},{"@type":"Person","@id":"https:\/\/www.pakamera.pl\/magazyn\/#\/schema\/person\/3260837128eb02b1b1ed1972385dff23","name":"Kinga Paw\u0142owska","description":"Jestem pasjonatk\u0105 designu, mody i sztuki wyra\u017cania siebie poprzez ubi\u00f3r i dodatki. Moja misja polega na przekazywaniu wiedzy i inspiracji w dziedzinie bi\u017cuterii, mody, dekoracji wn\u0119trz oraz r\u00f3\u017cnego rodzaju dodatk\u00f3w, kt\u00f3re sprawi\u0105, \u017ce Twoje \u017cycie stanie si\u0119 jeszcze bardziej pi\u0119kne i wyj\u0105tkowe. W moich postach znajdziesz przewodniki po najnowszych trendach, zar\u00f3wno je\u015bli chodzi o kolory wn\u0119trz, jak i modne dodatki czy bi\u017cuteri\u0119. Pragn\u0119 pom\u00f3c Ci odkry\u0107, jakie style wn\u0119trza pasuj\u0105 do Twojej osobowo\u015bci, a tak\u017ce jak dopasowa\u0107 bi\u017cuteri\u0119 do r\u00f3\u017cnych rodzaj\u00f3w sukienek czy stylizacji. Jestem r\u00f3wnie\u017c zwolenniczk\u0105 wyj\u0105tkowych, r\u0119cznie robionych produkt\u00f3w. W moich postach znajdziesz wiele inspiracji zwi\u0105zanych z r\u0119kodzie\u0142em, takimi jak eleganckie apaszki jedwabne, ozdoby na g\u0142ow\u0119 czy bi\u017cuteria artystyczna od polskich marek. W moich postach po\u015bwi\u0119cam r\u00f3wnie\u017c uwag\u0119 polskim projektantom i markom. Dziel\u0119 si\u0119 informacjami na temat bi\u017cuterii, ubra\u0144 i dodatk\u00f3w od rodzimych marek, kt\u00f3re tworz\u0105 wyj\u0105tkowe produkty. Moj\u0105 misj\u0105 jest dostarczanie inspiracji i praktycznych wskaz\u00f3wek z zakresu mody, designu, wn\u0119trz i bi\u017cuterii. Pragn\u0119, aby moje wpisy pomaga\u0142y Ci w tworzeniu wyj\u0105tkowych stylizacji, wyborze idealnych prezent\u00f3w oraz w aran\u017cacji pi\u0119knych wn\u0119trz. Zawsze staram si\u0119 dostarcza\u0107 tre\u015bci oparte na solidnych \u017ar\u00f3d\u0142ach i wiedzy, aby\u015b m\u00f3g\u0142\/a korzysta\u0107 z nich z pe\u0142nym zaufaniem."}]}},"_links":{"self":[{"href":"https:\/\/www.pakamera.pl\/magazyn\/wp-json\/wp\/v2\/posts\/7861","targetHints":{"allow":["GET"]}}],"collection":[{"href":"https:\/\/www.pakamera.pl\/magazyn\/wp-json\/wp\/v2\/posts"}],"about":[{"href":"https:\/\/www.pakamera.pl\/magazyn\/wp-json\/wp\/v2\/types\/post"}],"author":[{"embeddable":true,"href":"https:\/\/www.pakamera.pl\/magazyn\/wp-json\/wp\/v2\/users\/15"}],"replies":[{"embeddable":true,"href":"https:\/\/www.pakamera.pl\/magazyn\/wp-json\/wp\/v2\/comments?post=7861"}],"version-history":[{"count":0,"href":"https:\/\/www.pakamera.pl\/magazyn\/wp-json\/wp\/v2\/posts\/7861\/revisions"}],"wp:featuredmedia":[{"embeddable":true,"href":"https:\/\/www.pakamera.pl\/magazyn\/wp-json\/wp\/v2\/media\/7864"}],"wp:attachment":[{"href":"https:\/\/www.pakamera.pl\/magazyn\/wp-json\/wp\/v2\/media?parent=7861"}],"wp:term":[{"taxonomy":"category","embeddable":true,"href":"https:\/\/www.pakamera.pl\/magazyn\/wp-json\/wp\/v2\/categories?post=7861"},{"taxonomy":"post_tag","embeddable":true,"href":"https:\/\/www.pakamera.pl\/magazyn\/wp-json\/wp\/v2\/tags?post=7861"}],"curies":[{"name":"wp","href":"https:\/\/api.w.org\/{rel}","templated":true}]}}