{"id":6548,"date":"2021-12-07T10:23:00","date_gmt":"2021-12-07T09:23:00","guid":{"rendered":"https:\/\/www.pakamera.pl\/magazyn\/?p=6548"},"modified":"2025-06-26T11:43:46","modified_gmt":"2025-06-26T09:43:46","slug":"jak-zapakowac-swiateczny-prezent","status":"publish","type":"post","link":"https:\/\/www.pakamera.pl\/magazyn\/jak-zapakowac-swiateczny-prezent\/","title":{"rendered":"Jak zapakowa\u0107 \u015bwi\u0105teczny prezent?"},"content":{"rendered":"<p><strong>Bo\u017ce Narodzenie tu\u017c tu\u017c, dlatego najwy\u017cszy czas zastanowi\u0107 si\u0119 nad tym jak zapakowa\u0107 \u015bwi\u0105teczny prezent. Atrakcyjnie zapakowany prezent pobudza ciekawo\u015b\u0107, jest swego rodzaju zapowiedzi\u0105 tego, co mo\u017cemy znale\u017a\u0107 w \u015brodku. \u0141adnie zapakowany prezent odbierany jest jako bardziej atrakcyjny, zawsze milej jest dosta\u0107 pi\u0119knie zdobiony pakunek ni\u017c gotowy prezent bez opakowania lub w\u0142o\u017cony w zwyk\u0142\u0105 torebk\u0119.<\/strong><\/p>\n<p><!--more--><\/p>\n<div id=\"pakawidget565\" class=\"pakawidget\"><\/div>\n<p><script async defer src=\"https:\/\/www.pakamera.pl\/widget\/widget2.min.js?id=565&#038;type=20211102153811&#038;wwidth=1000\"><\/script><\/p>\n<p>W co mo\u017cna zapakowa\u0107 prezent, aby opakowanie zachwyca\u0142o obdarowane osoby? Ot\u00f3\u017c jest kilka wariant\u00f3w do wyboru. Wszystko zale\u017cy od wielko\u015bci prezentu oraz od tego, jak chcemy, aby dany pakunek si\u0119 prezentowa\u0142. W sklepie pakamera.pl znajdziesz mn\u00f3stwo produkt\u00f3w do pakowania prezent\u00f3w. To \u015bwietnej jako\u015bci opakowania stworzone z pasj\u0105 i wielkim zaanga\u017cowaniem przez polskich projektant\u00f3w. Pi\u0119kne opakowania sprawi\u0105 jeszcze wi\u0119ksz\u0105 rado\u015b\u0107 z otrzymanych prezent\u00f3w w\u015br\u00f3d najbli\u017cszych.<\/p>\n<figure id=\"attachment_6552\" aria-describedby=\"caption-attachment-6552\" style=\"width: 1200px\" class=\"wp-caption alignnone\"><img loading=\"lazy\" decoding=\"async\" class=\"wp-image-6552 size-full\" src=\"\/\/imgmag.pakamera.net\/2020\/12\/akcesoria-rozne-12212837-42852225.jpg\" alt=\"\u015bwi\u0105teczny papier do pakowania\" width=\"1200\" height=\"900\" \/><figcaption id=\"caption-attachment-6552\" class=\"wp-caption-text\">PAPIER DO PAKOWANIA HOHOHO \/ <a href=\"https:\/\/www.pakamera.pl\/wrap-and-pack-0_s12576278.htm\" target=\"_blank\" rel=\"noopener noreferrer\">Wrap and Pack<\/a><\/figcaption><\/figure>\n<p>Najcz\u0119\u015bciej \u015bwi\u0105teczny prezent pakujemy w tradycyjny papier do pakowania. Jest to spos\u00f3b znany ka\u017cdemu, zawsze si\u0119 sprawdza, a dzi\u0119ki tak licznym wzorom papier\u00f3w do pakowania, mo\u017cemy sprawi\u0107, \u017ce ka\u017cdy prezent b\u0119dzie wygl\u0105da\u0142 inaczej. Marka Wrap and Pack tworzy oryginalne wzory papier\u00f3w do pakowania. Ilustracje drukowane s\u0105 cyfrowo na bia\u0142ym, ekologicznym papierze. Dla lepszego efektu prezent pakowany w papier mo\u017cna dodatkowo przyozdobi\u0107 wst\u0105\u017ck\u0105 i kokardk\u0105. Takim sposobem otrzymamy \u015bliczny pakunek gotowy do wr\u0119czenia.<\/p>\n<figure id=\"attachment_7815\" aria-describedby=\"caption-attachment-7815\" style=\"width: 530px\" class=\"wp-caption alignnone\"><img loading=\"lazy\" decoding=\"async\" class=\"wp-image-7815 size-full\" src=\"\/\/imgmag.pakamera.net\/2020\/12\/jak-zapakowac-swiateczny-prezent-1.jpeg\" alt=\"worek na prezent\" width=\"530\" height=\"794\" \/><figcaption id=\"caption-attachment-7815\" class=\"wp-caption-text\">Worek na prezenty \u015bwi\u0105teczny \/ Uszyciuch<\/figcaption><\/figure>\n<p>\u015awietn\u0105 alternatyw\u0105 dla doskonale nam znanych torebek prezentowych mo\u017ce by\u0107 bawe\u0142niany worek na prezenty. Takie opakowanie mo\u017cna wykorzysta\u0107 wielokrotnie podczas \u015bwi\u0105t. Mo\u017ce te\u017c nam pos\u0142u\u017cy\u0107 poza okresem \u015bwi\u0105tecznym. Dla tych kt\u00f3rzy prezenty \u015bwi\u0105teczne zawieszaj\u0105 na przyk\u0142ad nad kominkiem taki worek na prezenty to doskona\u0142y pomys\u0142 na pakowanie prezent\u00f3w.<\/p>\n<figure id=\"attachment_6549\" aria-describedby=\"caption-attachment-6549\" style=\"width: 900px\" class=\"wp-caption alignnone\"><img loading=\"lazy\" decoding=\"async\" class=\"wp-image-6549 size-full\" src=\"\/\/imgmag.pakamera.net\/2020\/12\/dekoracje-12212837-81591511.jpg\" alt=\"tuba na prezent\" width=\"900\" height=\"1200\" \/><figcaption id=\"caption-attachment-6549\" class=\"wp-caption-text\">TUBA KARTONOWA NA PREZENTY \/ <a href=\"https:\/\/www.pakamera.pl\/frank-and-phil-0_s12212837.htm\" target=\"_blank\" rel=\"noopener noreferrer\">Frank and Phil<\/a><\/figcaption><\/figure>\n<p><a href=\"https:\/\/www.pakamera.pl\/magazyn\/jak-zapakowac-prezent-7-sposobow-na-rozne-okazje\/\" target=\"_blank\" rel=\"noopener\">Jak zapakowa\u0107 prezent?<\/a> R\u00f3wnie oryginalnym opakowaniem jest tuba kartonowa na prezent. Stworzona z przyjaznych dla \u015brodowiska materia\u0142\u00f3w tuba sprawi, \u017ce nawet z pozoru drobny prezent b\u0119dzie wygl\u0105da\u0142 ciekawie. Dodatkowo, w p\u00f3\u017aniejszym okresie taka tuba mo\u017ce pos\u0142u\u017cy\u0107 do przechowywania r\u00f3\u017cnych drobiazg\u00f3w. Kartonowa tuba zdobiona jest pi\u0119knie wykonan\u0105 etykiet\u0105, kt\u00f3ra nawi\u0105zuje do \u015bwi\u0105t Bo\u017cego Narodzenia. Prezent zapakowany w tak\u0105 tub\u0119 z pewno\u015bci\u0105 pobudzi wyobra\u017ani\u0119 ka\u017cdej obdarowanej osoby.<\/p>\n<figure id=\"attachment_7814\" aria-describedby=\"caption-attachment-7814\" style=\"width: 534px\" class=\"wp-caption alignnone\"><img loading=\"lazy\" decoding=\"async\" class=\"wp-image-7814 size-full\" src=\"\/\/imgmag.pakamera.net\/2020\/12\/jak-zapakowac-swiateczny-prezent.jpeg\" alt=\"bilecik na prezent\" width=\"534\" height=\"800\" \/><figcaption id=\"caption-attachment-7814\" class=\"wp-caption-text\">Etykietka kaligrafowana &#8211; ga\u0142\u0105zka \u015bwierku \/ Winietka dekoruje<\/figcaption><\/figure>\n<p>Mamy ju\u017c gotowy, zapakowany prezent, wi\u0119c co dalej ? Idealnym dope\u0142nieniem ca\u0142o\u015bci b\u0119d\u0105 \u015bwi\u0105teczne karnety prezentowe. Marka <a href=\"https:\/\/www.pakamera.pl\/winietka-dekoruje-0_s12528049.htm\" target=\"_blank\" rel=\"noopener\">Winietka dekoruje<\/a> oferuje kaligrafowan\u0105 etykiet\u0119 na prezent. Tego typu bileciki \u015bwietnie urozmaicaj\u0105 opakowania prezent\u00f3w i potrafi\u0105 &#8222;o\u017cywi\u0107&#8221; nawet najzwyklejszy szary papier. Dodatkowo, dzi\u0119ki temu, \u017ce etykieta jest pi\u0119knie kaligrafowana, otrzymujemy indywidualne, spersonalizowane opakowanie na \u015bwi\u0105teczny prezent.<\/p>\n<figure id=\"attachment_6551\" aria-describedby=\"caption-attachment-6551\" style=\"width: 1084px\" class=\"wp-caption alignnone\"><img loading=\"lazy\" decoding=\"async\" class=\"wp-image-6551 size-full\" src=\"\/\/imgmag.pakamera.net\/2020\/12\/stemple-12201556-1554367202.jpg\" alt=\"\u015bwi\u0105teczny stempel\" width=\"1084\" height=\"1200\" \/><figcaption id=\"caption-attachment-6551\" class=\"wp-caption-text\">STEMPEL \u015aWI\u0104TECZNY \/ <a href=\"https:\/\/www.pakamera.pl\/malu-studio-0_s12201556.htm\" target=\"_blank\" rel=\"noopener noreferrer\">Malu Studio<\/a><\/figcaption><\/figure>\n<p>Wielu z nas pakuje prezenty w papier jednokolorowy. Nie ma w tym nic z\u0142ego, jest to tradycyjny spos\u00f3b pakowania prezent\u00f3w. Jest jednak prosty spos\u00f3b, aby sprawi\u0107, \u017ce taki pakunek stanie si\u0119 oryginalny i niepowtarzalny. Wystarczy skorzysta\u0107 ze \u015bwi\u0105tecznego stempla. Jest to drewniana piecz\u0105tka z zabawn\u0105, \u015bwi\u0105teczn\u0105 ilustracj\u0105 przedstawiaj\u0105c\u0105 skarpety wisz\u0105ce nad kominkiem. \u015awi\u0105teczny <a href=\"https:\/\/www.pakamera.pl\/stemple-0-2976.htm\" target=\"_blank\" rel=\"noopener noreferrer\"><strong>stempel<\/strong><\/a> mo\u017cna zam\u00f3wi\u0107 w dowolnym dla siebie rozmiarze. \u015awietnie sprawdzi si\u0119 tak\u017ce do dekorowania \u015bwi\u0105tecznych kartek, list\u00f3w lub dzieci\u0119cych rysunk\u00f3w. Produkt stworzony przez mark\u0119 MALU STUDIO, prezentuje si\u0119 przepi\u0119knie, a w ofercie marki znale\u017a\u0107 mo\u017cna tak\u017ce inne wzory tego typu piecz\u0105tek.<br \/>\nOtwieranie prezent\u00f3w to niez\u0142a frajda, ale jeszcze wi\u0119ksz\u0105 zabaw\u0105 jest ich pakowanie. Kupuj\u0105c prezenty, a nast\u0119pnie dekoruj\u0105c je pi\u0119knymi \u015bwi\u0105tecznymi ozdobami, jeszcze szybciej poczujemy magi\u0119 zbli\u017caj\u0105cych si\u0119 \u015bwi\u0105t. Pakowanie prezent\u00f3w to \u015bwietna zabawa, ale tak\u017ce du\u017ca satysfakcja. Mo\u017cna pu\u015bci\u0107 wodze wyobra\u017ani i wykaza\u0107 si\u0119 kreatywno\u015bci\u0105, a dodatkowo sprawi\u0107 przyjemno\u015b\u0107 najbli\u017cszym pi\u0119knie zapakowanymi prezentami.<\/p>\n","protected":false},"excerpt":{"rendered":"<p>Bo\u017ce Narodzenie tu\u017c tu\u017c, dlatego najwy\u017cszy czas zastanowi\u0107 si\u0119 nad tym jak zapakowa\u0107 \u015bwi\u0105teczny prezent. Atrakcyjnie zapakowany prezent pobudza ciekawo\u015b\u0107, jest swego rodzaju zapowiedzi\u0105 tego, co mo\u017cemy znale\u017a\u0107 w \u015brodku.<span class=\"more-dots\">&#8230;<\/span><\/p>\n","protected":false},"author":14,"featured_media":7751,"comment_status":"closed","ping_status":"closed","sticky":false,"template":"","format":"standard","meta":{"footnotes":""},"categories":[12],"tags":[2049,2050,2047,117,2051,2044,1763,2043,398,2045,2048,614,2046],"class_list":["post-6548","post","type-post","status-publish","format-standard","has-post-thumbnail","hentry","category-dom-i-wnetrza","tag-bilecik-do-prezentow","tag-bilecik-prezentowy","tag-bileciki","tag-bizuteria-z-monstera","tag-karnet-prezentowy","tag-opakowanie","tag-pakowanie-prezentow","tag-papier-pakowy","tag-prezent","tag-pudelko-prezentowe","tag-stempel","tag-swieta","tag-wstazka"],"yoast_head":"<!-- This site is optimized with the Yoast SEO plugin v21.6 - https:\/\/yoast.com\/wordpress\/plugins\/seo\/ -->\n<title>Jak zapakowa\u0107 \u015bwi\u0105teczny prezent? - Magazyn Pakamera.pl<\/title>\n<meta name=\"description\" content=\"Bo\u017ce Narodzenie tu\u017c tu\u017c, dlatego najwy\u017cszy czas zastanowi\u0107 si\u0119 nad tym jak zapakowa\u0107 \u015bwi\u0105teczny prezent. Sprawd\u017a nasze propozycje.\" \/>\n<meta name=\"robots\" content=\"index, follow\" \/>\n<link rel=\"canonical\" href=\"https:\/\/www.pakamera.pl\/magazyn\/jak-zapakowac-swiateczny-prezent\/\" \/>\n<meta property=\"og:locale\" content=\"pl_PL\" \/>\n<meta property=\"og:type\" content=\"article\" \/>\n<meta property=\"og:title\" content=\"Jak zapakowa\u0107 \u015bwi\u0105teczny prezent? - Magazyn Pakamera.pl\" \/>\n<meta property=\"og:description\" content=\"Bo\u017ce Narodzenie tu\u017c tu\u017c, dlatego najwy\u017cszy czas zastanowi\u0107 si\u0119 nad tym jak zapakowa\u0107 \u015bwi\u0105teczny prezent. Sprawd\u017a nasze propozycje.\" \/>\n<meta property=\"og:url\" content=\"https:\/\/www.pakamera.pl\/magazyn\/jak-zapakowac-swiateczny-prezent\/\" \/>\n<meta property=\"og:site_name\" content=\"Magazyn Pakamera.pl\" \/>\n<meta property=\"article:publisher\" content=\"https:\/\/facebook.com\/pakamerapl\" \/>\n<meta property=\"article:published_time\" content=\"2021-12-07T09:23:00+00:00\" \/>\n<meta property=\"article:modified_time\" content=\"2025-06-26T09:43:46+00:00\" \/>\n<meta property=\"og:image\" content=\"https:\/\/imgmag.pakamera.net\/2020\/12\/jak-zapakowac-swiateczny-prezent.jpg\" \/>\n\t<meta property=\"og:image:width\" content=\"534\" \/>\n\t<meta property=\"og:image:height\" content=\"800\" \/>\n\t<meta property=\"og:image:type\" content=\"image\/jpeg\" \/>\n<meta name=\"author\" content=\"Aneta Feldman\" \/>\n<meta name=\"twitter:card\" content=\"summary_large_image\" \/>\n<meta name=\"twitter:label1\" content=\"Napisane przez\" \/>\n\t<meta name=\"twitter:data1\" content=\"Aneta Feldman\" \/>\n\t<meta name=\"twitter:label2\" content=\"Szacowany czas czytania\" \/>\n\t<meta name=\"twitter:data2\" content=\"5 minut\" \/>\n<script type=\"application\/ld+json\" class=\"yoast-schema-graph\">{\"@context\":\"https:\/\/schema.org\",\"@graph\":[{\"@type\":\"Article\",\"@id\":\"https:\/\/www.pakamera.pl\/magazyn\/jak-zapakowac-swiateczny-prezent\/#article\",\"isPartOf\":{\"@id\":\"https:\/\/www.pakamera.pl\/magazyn\/jak-zapakowac-swiateczny-prezent\/\"},\"author\":{\"name\":\"Aneta Feldman\",\"@id\":\"https:\/\/www.pakamera.pl\/magazyn\/#\/schema\/person\/6b39f6c0967529bbfe3f80450b564a64\"},\"headline\":\"Jak zapakowa\u0107 \u015bwi\u0105teczny prezent?\",\"datePublished\":\"2021-12-07T09:23:00+00:00\",\"dateModified\":\"2025-06-26T09:43:46+00:00\",\"mainEntityOfPage\":{\"@id\":\"https:\/\/www.pakamera.pl\/magazyn\/jak-zapakowac-swiateczny-prezent\/\"},\"wordCount\":699,\"publisher\":{\"@id\":\"https:\/\/www.pakamera.pl\/magazyn\/#organization\"},\"keywords\":[\"bilecik do prezent\u00f3w\",\"bilecik prezentowy\",\"bileciki\",\"bi\u017cuteria z monster\u0105\",\"karnet prezentowy\",\"opakowanie\",\"pakowanie prezent\u00f3w\",\"papier pakowy\",\"prezent\",\"pude\u0142ko prezentowe\",\"stempel\",\"\u015bwi\u0119ta\",\"wst\u0105\u017cka\"],\"articleSection\":[\"Dom i Wn\u0119trze\"],\"inLanguage\":\"pl-PL\"},{\"@type\":\"WebPage\",\"@id\":\"https:\/\/www.pakamera.pl\/magazyn\/jak-zapakowac-swiateczny-prezent\/\",\"url\":\"https:\/\/www.pakamera.pl\/magazyn\/jak-zapakowac-swiateczny-prezent\/\",\"name\":\"Jak zapakowa\u0107 \u015bwi\u0105teczny prezent? - Magazyn Pakamera.pl\",\"isPartOf\":{\"@id\":\"https:\/\/www.pakamera.pl\/magazyn\/#website\"},\"datePublished\":\"2021-12-07T09:23:00+00:00\",\"dateModified\":\"2025-06-26T09:43:46+00:00\",\"description\":\"Bo\u017ce Narodzenie tu\u017c tu\u017c, dlatego najwy\u017cszy czas zastanowi\u0107 si\u0119 nad tym jak zapakowa\u0107 \u015bwi\u0105teczny prezent. Sprawd\u017a nasze propozycje.\",\"breadcrumb\":{\"@id\":\"https:\/\/www.pakamera.pl\/magazyn\/jak-zapakowac-swiateczny-prezent\/#breadcrumb\"},\"inLanguage\":\"pl-PL\",\"potentialAction\":[{\"@type\":\"ReadAction\",\"target\":[\"https:\/\/www.pakamera.pl\/magazyn\/jak-zapakowac-swiateczny-prezent\/\"]}]},{\"@type\":\"BreadcrumbList\",\"@id\":\"https:\/\/www.pakamera.pl\/magazyn\/jak-zapakowac-swiateczny-prezent\/#breadcrumb\",\"itemListElement\":[{\"@type\":\"ListItem\",\"position\":1,\"name\":\"Magazyn\",\"item\":\"https:\/\/www.pakamera.pl\/magazyn\/\"},{\"@type\":\"ListItem\",\"position\":2,\"name\":\"Dom i Wn\u0119trze\",\"item\":\"https:\/\/www.pakamera.pl\/magazyn\/category\/dom-i-wnetrza\/\"},{\"@type\":\"ListItem\",\"position\":3,\"name\":\"Jak zapakowa\u0107 \u015bwi\u0105teczny prezent?\"}]},{\"@type\":\"WebSite\",\"@id\":\"https:\/\/www.pakamera.pl\/magazyn\/#website\",\"url\":\"https:\/\/www.pakamera.pl\/magazyn\/\",\"name\":\"Magazyn Pakamera.pl\",\"description\":\"Sprawd\u017a najgor\u0119tsze tematy sezonu!\",\"publisher\":{\"@id\":\"https:\/\/www.pakamera.pl\/magazyn\/#organization\"},\"potentialAction\":[{\"@type\":\"SearchAction\",\"target\":{\"@type\":\"EntryPoint\",\"urlTemplate\":\"https:\/\/www.pakamera.pl\/magazyn\/?s={search_term_string}\"},\"query-input\":\"required name=search_term_string\"}],\"inLanguage\":\"pl-PL\"},{\"@type\":\"Organization\",\"@id\":\"https:\/\/www.pakamera.pl\/magazyn\/#organization\",\"name\":\"Pakamera.pl\",\"url\":\"https:\/\/www.pakamera.pl\/magazyn\/\",\"logo\":{\"@type\":\"ImageObject\",\"inLanguage\":\"pl-PL\",\"@id\":\"https:\/\/www.pakamera.pl\/magazyn\/#\/schema\/logo\/image\/\",\"url\":\"https:\/\/imgmag.pakamera.net\/2023\/11\/153455466619.png\",\"contentUrl\":\"https:\/\/imgmag.pakamera.net\/2023\/11\/153455466619.png\",\"width\":690,\"height\":140,\"caption\":\"Pakamera.pl\"},\"image\":{\"@id\":\"https:\/\/www.pakamera.pl\/magazyn\/#\/schema\/logo\/image\/\"},\"sameAs\":[\"https:\/\/facebook.com\/pakamerapl\",\"https:\/\/www.instagram.com\/pakamera\/\"]},{\"@type\":\"Person\",\"@id\":\"https:\/\/www.pakamera.pl\/magazyn\/#\/schema\/person\/6b39f6c0967529bbfe3f80450b564a64\",\"name\":\"Aneta Feldman\",\"description\":\"Ekspert w dziedzinach mody, dekoracji wn\u0119trz, prezent\u00f3w i kosmetyk\u00f3w. Jej wieloletnie do\u015bwiadczenie oraz wszechstronna wiedza czyni\u0105 j\u0105 autorytetem w \u015bwiecie inspiracji i praktycznych porad. Zaufane \u017ar\u00f3d\u0142o informacji, kt\u00f3re pomaga czytelnikom dokonywa\u0107 \u015bwiadomych wybor\u00f3w.\"}]}<\/script>\n<!-- \/ Yoast SEO plugin. -->","yoast_head_json":{"title":"Jak zapakowa\u0107 \u015bwi\u0105teczny prezent? - Magazyn Pakamera.pl","description":"Bo\u017ce Narodzenie tu\u017c tu\u017c, dlatego najwy\u017cszy czas zastanowi\u0107 si\u0119 nad tym jak zapakowa\u0107 \u015bwi\u0105teczny prezent. Sprawd\u017a nasze propozycje.","robots":{"index":"index","follow":"follow"},"canonical":"https:\/\/www.pakamera.pl\/magazyn\/jak-zapakowac-swiateczny-prezent\/","og_locale":"pl_PL","og_type":"article","og_title":"Jak zapakowa\u0107 \u015bwi\u0105teczny prezent? - Magazyn Pakamera.pl","og_description":"Bo\u017ce Narodzenie tu\u017c tu\u017c, dlatego najwy\u017cszy czas zastanowi\u0107 si\u0119 nad tym jak zapakowa\u0107 \u015bwi\u0105teczny prezent. Sprawd\u017a nasze propozycje.","og_url":"https:\/\/www.pakamera.pl\/magazyn\/jak-zapakowac-swiateczny-prezent\/","og_site_name":"Magazyn Pakamera.pl","article_publisher":"https:\/\/facebook.com\/pakamerapl","article_published_time":"2021-12-07T09:23:00+00:00","article_modified_time":"2025-06-26T09:43:46+00:00","og_image":[{"width":534,"height":800,"url":"https:\/\/imgmag.pakamera.net\/2020\/12\/jak-zapakowac-swiateczny-prezent.jpg","type":"image\/jpeg"}],"author":"Aneta Feldman","twitter_card":"summary_large_image","twitter_misc":{"Napisane przez":"Aneta Feldman","Szacowany czas czytania":"5 minut"},"schema":{"@context":"https:\/\/schema.org","@graph":[{"@type":"Article","@id":"https:\/\/www.pakamera.pl\/magazyn\/jak-zapakowac-swiateczny-prezent\/#article","isPartOf":{"@id":"https:\/\/www.pakamera.pl\/magazyn\/jak-zapakowac-swiateczny-prezent\/"},"author":{"name":"Aneta Feldman","@id":"https:\/\/www.pakamera.pl\/magazyn\/#\/schema\/person\/6b39f6c0967529bbfe3f80450b564a64"},"headline":"Jak zapakowa\u0107 \u015bwi\u0105teczny prezent?","datePublished":"2021-12-07T09:23:00+00:00","dateModified":"2025-06-26T09:43:46+00:00","mainEntityOfPage":{"@id":"https:\/\/www.pakamera.pl\/magazyn\/jak-zapakowac-swiateczny-prezent\/"},"wordCount":699,"publisher":{"@id":"https:\/\/www.pakamera.pl\/magazyn\/#organization"},"keywords":["bilecik do prezent\u00f3w","bilecik prezentowy","bileciki","bi\u017cuteria z monster\u0105","karnet prezentowy","opakowanie","pakowanie prezent\u00f3w","papier pakowy","prezent","pude\u0142ko prezentowe","stempel","\u015bwi\u0119ta","wst\u0105\u017cka"],"articleSection":["Dom i Wn\u0119trze"],"inLanguage":"pl-PL"},{"@type":"WebPage","@id":"https:\/\/www.pakamera.pl\/magazyn\/jak-zapakowac-swiateczny-prezent\/","url":"https:\/\/www.pakamera.pl\/magazyn\/jak-zapakowac-swiateczny-prezent\/","name":"Jak zapakowa\u0107 \u015bwi\u0105teczny prezent? - Magazyn Pakamera.pl","isPartOf":{"@id":"https:\/\/www.pakamera.pl\/magazyn\/#website"},"datePublished":"2021-12-07T09:23:00+00:00","dateModified":"2025-06-26T09:43:46+00:00","description":"Bo\u017ce Narodzenie tu\u017c tu\u017c, dlatego najwy\u017cszy czas zastanowi\u0107 si\u0119 nad tym jak zapakowa\u0107 \u015bwi\u0105teczny prezent. Sprawd\u017a nasze propozycje.","breadcrumb":{"@id":"https:\/\/www.pakamera.pl\/magazyn\/jak-zapakowac-swiateczny-prezent\/#breadcrumb"},"inLanguage":"pl-PL","potentialAction":[{"@type":"ReadAction","target":["https:\/\/www.pakamera.pl\/magazyn\/jak-zapakowac-swiateczny-prezent\/"]}]},{"@type":"BreadcrumbList","@id":"https:\/\/www.pakamera.pl\/magazyn\/jak-zapakowac-swiateczny-prezent\/#breadcrumb","itemListElement":[{"@type":"ListItem","position":1,"name":"Magazyn","item":"https:\/\/www.pakamera.pl\/magazyn\/"},{"@type":"ListItem","position":2,"name":"Dom i Wn\u0119trze","item":"https:\/\/www.pakamera.pl\/magazyn\/category\/dom-i-wnetrza\/"},{"@type":"ListItem","position":3,"name":"Jak zapakowa\u0107 \u015bwi\u0105teczny prezent?"}]},{"@type":"WebSite","@id":"https:\/\/www.pakamera.pl\/magazyn\/#website","url":"https:\/\/www.pakamera.pl\/magazyn\/","name":"Magazyn Pakamera.pl","description":"Sprawd\u017a najgor\u0119tsze tematy sezonu!","publisher":{"@id":"https:\/\/www.pakamera.pl\/magazyn\/#organization"},"potentialAction":[{"@type":"SearchAction","target":{"@type":"EntryPoint","urlTemplate":"https:\/\/www.pakamera.pl\/magazyn\/?s={search_term_string}"},"query-input":"required name=search_term_string"}],"inLanguage":"pl-PL"},{"@type":"Organization","@id":"https:\/\/www.pakamera.pl\/magazyn\/#organization","name":"Pakamera.pl","url":"https:\/\/www.pakamera.pl\/magazyn\/","logo":{"@type":"ImageObject","inLanguage":"pl-PL","@id":"https:\/\/www.pakamera.pl\/magazyn\/#\/schema\/logo\/image\/","url":"https:\/\/imgmag.pakamera.net\/2023\/11\/153455466619.png","contentUrl":"https:\/\/imgmag.pakamera.net\/2023\/11\/153455466619.png","width":690,"height":140,"caption":"Pakamera.pl"},"image":{"@id":"https:\/\/www.pakamera.pl\/magazyn\/#\/schema\/logo\/image\/"},"sameAs":["https:\/\/facebook.com\/pakamerapl","https:\/\/www.instagram.com\/pakamera\/"]},{"@type":"Person","@id":"https:\/\/www.pakamera.pl\/magazyn\/#\/schema\/person\/6b39f6c0967529bbfe3f80450b564a64","name":"Aneta Feldman","description":"Ekspert w dziedzinach mody, dekoracji wn\u0119trz, prezent\u00f3w i kosmetyk\u00f3w. Jej wieloletnie do\u015bwiadczenie oraz wszechstronna wiedza czyni\u0105 j\u0105 autorytetem w \u015bwiecie inspiracji i praktycznych porad. Zaufane \u017ar\u00f3d\u0142o informacji, kt\u00f3re pomaga czytelnikom dokonywa\u0107 \u015bwiadomych wybor\u00f3w."}]}},"_links":{"self":[{"href":"https:\/\/www.pakamera.pl\/magazyn\/wp-json\/wp\/v2\/posts\/6548","targetHints":{"allow":["GET"]}}],"collection":[{"href":"https:\/\/www.pakamera.pl\/magazyn\/wp-json\/wp\/v2\/posts"}],"about":[{"href":"https:\/\/www.pakamera.pl\/magazyn\/wp-json\/wp\/v2\/types\/post"}],"author":[{"embeddable":true,"href":"https:\/\/www.pakamera.pl\/magazyn\/wp-json\/wp\/v2\/users\/14"}],"replies":[{"embeddable":true,"href":"https:\/\/www.pakamera.pl\/magazyn\/wp-json\/wp\/v2\/comments?post=6548"}],"version-history":[{"count":2,"href":"https:\/\/www.pakamera.pl\/magazyn\/wp-json\/wp\/v2\/posts\/6548\/revisions"}],"predecessor-version":[{"id":13576,"href":"https:\/\/www.pakamera.pl\/magazyn\/wp-json\/wp\/v2\/posts\/6548\/revisions\/13576"}],"wp:featuredmedia":[{"embeddable":true,"href":"https:\/\/www.pakamera.pl\/magazyn\/wp-json\/wp\/v2\/media\/7751"}],"wp:attachment":[{"href":"https:\/\/www.pakamera.pl\/magazyn\/wp-json\/wp\/v2\/media?parent=6548"}],"wp:term":[{"taxonomy":"category","embeddable":true,"href":"https:\/\/www.pakamera.pl\/magazyn\/wp-json\/wp\/v2\/categories?post=6548"},{"taxonomy":"post_tag","embeddable":true,"href":"https:\/\/www.pakamera.pl\/magazyn\/wp-json\/wp\/v2\/tags?post=6548"}],"curies":[{"name":"wp","href":"https:\/\/api.w.org\/{rel}","templated":true}]}}