{"id":6454,"date":"2022-11-01T14:13:53","date_gmt":"2022-11-01T13:13:53","guid":{"rendered":"https:\/\/www.pakamera.pl\/magazyn\/?p=6454"},"modified":"2025-03-03T15:10:15","modified_gmt":"2025-03-03T14:10:15","slug":"co-wlozyc-do-kalendarza-adwentowego","status":"publish","type":"post","link":"https:\/\/www.pakamera.pl\/magazyn\/co-wlozyc-do-kalendarza-adwentowego\/","title":{"rendered":"Kalendarz adwentowy &#8211; co w\u0142o\u017cy\u0107 do kalendarza adwentowego?"},"content":{"rendered":"<p><strong>Z roku na rok coraz wi\u0119ksz\u0105 popularno\u015b\u0107 zyskuje kalendarz adwentowy. Nie chodzi tu o kalendarze z czekoladkami w \u015brodku, kt\u00f3re wi\u0119kszo\u015b\u0107 pami\u0119ta z dzieci\u0144stwa. Popularne s\u0105 te z kosmetykami, kt\u00f3re coraz wi\u0119cej firm wprowadza na rynek lub w wersji dla dzieci, z zabawkami w \u015brodku. Takie kalendarze dla swojego dziecka mo\u017cna wykona\u0107 samemu w domu. Pozostaje tylko pytanie: co w\u0142o\u017cy\u0107 do kalendarza adwentowego? Nasi polscy projektanci tworz\u0105 pi\u0119kne kalendarze adwentowe do kt\u00f3rych mo\u017cesz w\u0142o\u017cy\u0107 to co ci si\u0119 spodoba.<br \/>\n<\/strong><\/p>\n<p><!--more--><\/p>\n<figure id=\"attachment_8352\" aria-describedby=\"caption-attachment-8352\" style=\"width: 530px\" class=\"wp-caption alignnone\"><img loading=\"lazy\" decoding=\"async\" class=\"wp-image-8352 size-full\" src=\"\/\/imgmag.pakamera.net\/2020\/11\/co-wlozyc-do-kalendarza-adwentowego-144127317620.jpg\" alt=\"kalendarz adwentowy\" width=\"530\" height=\"827\" \/><figcaption id=\"caption-attachment-8352\" class=\"wp-caption-text\">Kalendarz adwentowy\/Dekoracja \u015bwi\u0105teczna\/wianek \/ manufaktura_wadoshka<\/figcaption><\/figure>\n<p>Najlepiej, \u017ceby by\u0142y to przedmioty przydatne, praktyczne lub zwi\u0105zane z zainteresowaniami dziecka. Przygotowali\u015bmy kilka pomys\u0142\u00f3w na <a href=\"https:\/\/www.pakamera.pl\/zabawki-0-1974.htm\">zabawki dla dzieci<\/a>, idealne do kalendarza adwentowego. Sam <a href=\"https:\/\/www.pakamera.pl\/kalendarz-adwentowy-0-t29823.htm\" target=\"_blank\" rel=\"noopener\">kalendarz adwentowy<\/a> r\u00f3wnie\u017c znajdziecie w naszym sklepie.<strong><br \/>\n<\/strong><\/p>\n<div class=\"pakawidget\" id=\"pakawidget647\"><\/div>\n<p><script async defer src=\"https:\/\/www.pakamera.pl\/widget\/widget2.min.js?id=647&#038;type=20221114143455&#038;wwidth=1000\"><\/script><\/p>\n<p><strong>Kalendarz adwentowy<\/strong><\/p>\n<p>Pierwsz\u0105 propozycj\u0105 s\u0105 <a href=\"https:\/\/www.pakamera.pl\/zabawki-naklejki-0-2570.htm\"><strong>naklejki<\/strong><\/a>. W ofercie sklepu znale\u017a\u0107 mo\u017cna wiele przer\u00f3\u017cnych wzor\u00f3w naklejek, dlatego w \u0142atwy spos\u00f3b mo\u017cemy dobra\u0107 odpowiedni wz\u00f3r do zainteresowa\u0144 dziecka. Takimi naklejkami mo\u017cna udekorowa\u0107 \u015bciany, mebla lub nawet okna. Takie ozdoby umo\u017cliwiaj\u0105 stworzenie zupe\u0142nie nowego wystroju wn\u0119trza niskim kosztem. Dodatkowo zach\u0119canie dziecka do dekorowania pokoju pobudzi jego kreatywno\u015b\u0107 i z pewno\u015bci\u0105 ka\u017cde dziecko b\u0119dzie mia\u0142o przy tym niez\u0142\u0105 frajd\u0119.<\/p>\n<div class=\"pakawidget\" id=\"pakawidget293\"><\/div>\n<p><script async defer src=\"https:\/\/www.pakamera.pl\/widget\/widget2.min.js?id=293&#038;type=20201113145604&#038;wwidth=1000\"><\/script><\/p>\n<p><a href=\"https:\/\/www.pakamera.pl\/zabawki-puzzle-i-ukladanki-0-2573.htm\"><strong>Puzzle<\/strong><\/a> s\u0105 drugim pomys\u0142em na prezent do kalendarza adwentowego. Jest to zabawka, kt\u00f3r\u0105 ka\u017cde dziecko powinno mie\u0107 w swoim domu. Puzzle powinny by\u0107 dobrane adekwatnie do wieku dziecka, nie mog\u0105 by\u0107 zbyt ma\u0142e, poniewa\u017c wtedy istnieje ryzyko po\u0142kni\u0119cia przez malucha element\u00f3w. Puzzle powinny by\u0107 ciekawe dla dziecka, kolorowe, zawieraj\u0105ce zwierz\u0105tka lub r\u00f3\u017cnego rodzaju przedmioty. Wtedy dziecko szybko przyswaja wiedz\u0119 przez zabaw\u0119. Wraz z wiekiem nale\u017cy zwi\u0119ksza\u0107 poziom trudno\u015bci puzzli. Mo\u017cna zakupi\u0107 puzzle z wi\u0119ksz\u0105 liczb\u0105 element\u00f3w lub z trudniejszym obrazkiem.<\/p>\n<div class=\"pakawidget\" id=\"pakawidget294\"><\/div>\n<p><script async defer src=\"https:\/\/www.pakamera.pl\/widget\/widget2.min.js?id=294&#038;type=20201113145814&#038;wwidth=1000\"><\/script><\/p>\n<p>W kalendarzu adwentowym nie mo\u017ce zabrakn\u0105\u0107 tak\u017ce <a href=\"https:\/\/www.pakamera.pl\/akcesoria-ozdoby-do-wlosow-0-1976.htm\"><strong>ozd\u00f3b do w\u0142os\u00f3w<\/strong><\/a>. Te malutkie akcesoria sprawi\u0105, \u017ce ka\u017cda dziewczynka poczuje si\u0119 jak prawdziwa ksi\u0119\u017cniczka, nosz\u0105c je. Na stronie pakamera.pl znale\u017a\u0107 mo\u017cna wiele przer\u00f3\u017cnych, pi\u0119knie wykonanych dodatk\u00f3w do w\u0142os\u00f3w. Dost\u0119pne s\u0105 spinki, gumki kokardki, opaski, wianki i wiele, wiele innych produkt\u00f3w. Taki prezent z ca\u0142\u0105 pewno\u015bci\u0105 nie zrujnuje naszego bud\u017cetu domowego, dlatego, je\u015bli dziecko bardzo lubi si\u0119 stroi\u0107, mo\u017cemy zakupi\u0107 kilka takich dodatk\u00f3w do w\u0142os\u00f3w, tym samym zape\u0142nimy kilka okienek w kalendarzu adwentowym.<\/p>\n<div class=\"pakawidget\" id=\"pakawidget295\"><\/div>\n<p><script async defer src=\"https:\/\/www.pakamera.pl\/widget\/widget2.min.js?id=295&#038;type=20201113145918&#038;wwidth=1000\"><\/script><\/p>\n<p>Kolejn\u0105 propozycj\u0105 s\u0105 <strong>mebelki do domku dla lalek<\/strong>. Kupuj\u0105c prezenty w sklepie pakamera.pl, mamy pewno\u015b\u0107, \u017ce s\u0105 one w pe\u0142ni bezpieczne dla dzieci. Ka\u017cdy z mebelk\u00f3w do domku dla lalek wykonany jest z drewna lub sklejki. Starannie wykonane, estetyczne, z dba\u0142o\u015bci\u0105 o ka\u017cdy szczeg\u00f3\u0142, a przede wszystkim s\u0105 malowane nietoksycznymi farbami. Dzi\u0119ki temu tak\u0105 zabawk\u0119 bez obaw mo\u017cna podarowa\u0107 swojemu dziecku.<\/p>\n<div class=\"pakawidget\" id=\"pakawidget296\"><\/div>\n<p><script async defer src=\"https:\/\/www.pakamera.pl\/widget\/widget2.min.js?id=296&#038;type=20201113150037&#038;wwidth=1000\"><\/script><\/p>\n<p>Ostatnie dwa pomys\u0142y to zabawki od dw\u00f3ch marek. Pierwsza z nich to <a href=\"https:\/\/www.pakamera.pl\/milin-0_s12492202.htm\"><strong>MILIN<\/strong><\/a>. Jest to firma wykonuj\u0105ca drewniane zabawki przeplotki. Tego typu zabawki niezwykle pobudzaj\u0105 kreatywno\u015b\u0107 dziecka. Produkty wykonane s\u0105 z najwy\u017cszej jako\u015bci ekologicznych materia\u0142\u00f3w. Zabawki edukacyjne dost\u0119pne s\u0105 w r\u00f3\u017cnych kolorach i wyst\u0119puj\u0105 pod postaci\u0105 przer\u00f3\u017cnych zwierz\u0105tek.<\/p>\n<div class=\"pakawidget\" id=\"pakawidget298\"><\/div>\n<p><script async defer src=\"https:\/\/www.pakamera.pl\/widget\/widget2.min.js?id=298&#038;type=20201113150307&#038;wwidth=1000\"><\/script><\/p>\n<p>Druga z marek to <a href=\"https:\/\/www.pakamera.pl\/bambaki-0_s12114375.htm\"><strong>BAMBAKI<\/strong><\/a>. Firma tworzy ma\u0142e, urocze przytulanki w formie breloczk\u00f3w lub ma\u0142ych maskotek. Bambaki wyst\u0119puj\u0105 w przer\u00f3\u017cnych formach i postaciach. Ka\u017cda z maskotek prezentuje si\u0119 bardzo oryginalnie i prze\u015blicznie. Taki prezent z pewno\u015bci\u0105 przypadnie do gustu ka\u017cdemu dziecku, zar\u00f3wno ma\u0142emu, jak i du\u017cemu. Tylko ostrzegamy Bambaki uzale\u017cniaj\u0105!! Je\u015bli kupisz jednego, to na pewno na tym nie zako\u0144czysz. Te s\u0142odziaki zaskarbiaj\u0105 sobie sympati\u0119 ka\u017cdego. Do tego s\u0105 przepi\u0119knie wykonane z najwy\u017cszej jako\u015bci materia\u0142\u00f3w. Wr\u0119cz nie mo\u017cna im si\u0119 oprze\u0107.<\/p>\n<div class=\"pakawidget\" id=\"pakawidget297\"><\/div>\n<p><script async defer src=\"https:\/\/www.pakamera.pl\/widget\/widget2.min.js?id=297&#038;type=20201113150210&#038;wwidth=1000\"><\/script><\/p>\n<p>Ka\u017cdy z wy\u017cej wymienionych produkt\u00f3w wykonywany jest r\u0119cznie przez polsk\u0105 mark\u0119 lub polskich projektant\u00f3w. Wi\u0119cej pomys\u0142\u00f3w i inspiracji znajdziecie na stronie pakamera.pl. Ka\u017cdy produkt dost\u0119pny jest w przer\u00f3\u017cnych wariantach kolorystycznych, dlatego z \u0142atwo\u015bci\u0105 mo\u017cna skompletowa\u0107 24 prezenty do kalendarza adwentowego dla dziecka.<br \/>\nStworzenie, a nast\u0119pnie wr\u0119czenie dziecku kalendarza adwentowego, to \u015bwietna zabawa zar\u00f3wno dla dziecka, jak i dla rodzica.<\/p>\n<p>Dodatkowo taki kalendarz adwentowy uczy dziecka cierpliwo\u015bci, wie ono, \u017ce gdy sko\u0144cz\u0105 si\u0119 prezenty w kalendarzu, wtedy rozpocznie si\u0119 Bo\u017ce Narodzenie.<\/p>\n<p>Pami\u0119taj, \u017ce kalendarz adwentowy mo\u017ce by\u0107 stworzony nie tylko dla dziecka ale r\u00f3wnie\u017c dla doros\u0142ych!! To naprawd\u0119 ogromna frajda zar\u00f3wno dla tych ma\u0142ych jak i du\u017cych.<\/p>\n","protected":false},"excerpt":{"rendered":"<p>Z roku na rok coraz wi\u0119ksz\u0105 popularno\u015b\u0107 zyskuje kalendarz adwentowy. Nie chodzi tu o kalendarze z czekoladkami w \u015brodku, kt\u00f3re wi\u0119kszo\u015b\u0107 pami\u0119ta z dzieci\u0144stwa. Popularne s\u0105 te z kosmetykami, kt\u00f3re<span class=\"more-dots\">&#8230;<\/span><\/p>\n","protected":false},"author":14,"featured_media":8351,"comment_status":"closed","ping_status":"closed","sticky":false,"template":"","format":"standard","meta":{"footnotes":""},"categories":[12],"tags":[2006,2007],"class_list":["post-6454","post","type-post","status-publish","format-standard","has-post-thumbnail","hentry","category-dom-i-wnetrza","tag-co-zamiast-slodyczy","tag-mebelki-dla-lalki"],"yoast_head":"<!-- This site is optimized with the Yoast SEO plugin v21.6 - https:\/\/yoast.com\/wordpress\/plugins\/seo\/ -->\n<title>Co w\u0142o\u017cy\u0107 w kalendarz adwentowy - Magazyn Pakamera.pl<\/title>\n<meta name=\"description\" content=\"Z roku na rok coraz wi\u0119ksz\u0105 popularno\u015b\u0107 zyskuj\u0105 kalendarze adwentowe. Podpowiadamy co w\u0142o\u017cy\u0107 w kalendarz adwentowy.\" \/>\n<meta name=\"robots\" content=\"index, follow\" \/>\n<link rel=\"canonical\" href=\"https:\/\/www.pakamera.pl\/magazyn\/co-wlozyc-do-kalendarza-adwentowego\/\" \/>\n<meta property=\"og:locale\" content=\"pl_PL\" \/>\n<meta property=\"og:type\" content=\"article\" \/>\n<meta property=\"og:title\" content=\"Co w\u0142o\u017cy\u0107 w kalendarz adwentowy - Magazyn Pakamera.pl\" \/>\n<meta property=\"og:description\" content=\"Z roku na rok coraz wi\u0119ksz\u0105 popularno\u015b\u0107 zyskuj\u0105 kalendarze adwentowe. Podpowiadamy co w\u0142o\u017cy\u0107 w kalendarz adwentowy.\" \/>\n<meta property=\"og:url\" content=\"https:\/\/www.pakamera.pl\/magazyn\/co-wlozyc-do-kalendarza-adwentowego\/\" \/>\n<meta property=\"og:site_name\" content=\"Magazyn Pakamera.pl\" \/>\n<meta property=\"article:publisher\" content=\"https:\/\/facebook.com\/pakamerapl\" \/>\n<meta property=\"article:published_time\" content=\"2022-11-01T13:13:53+00:00\" \/>\n<meta property=\"article:modified_time\" content=\"2025-03-03T14:10:15+00:00\" \/>\n<meta property=\"og:image\" content=\"https:\/\/imgmag.pakamera.net\/2020\/11\/co-wlozyc-do-kalendarza-adwentowego-143629698440.jpg\" \/>\n\t<meta property=\"og:image:width\" content=\"1000\" \/>\n\t<meta property=\"og:image:height\" content=\"667\" \/>\n\t<meta property=\"og:image:type\" content=\"image\/jpeg\" \/>\n<meta name=\"author\" content=\"Aneta Feldman\" \/>\n<meta name=\"twitter:card\" content=\"summary_large_image\" \/>\n<meta name=\"twitter:label1\" content=\"Napisane przez\" \/>\n\t<meta name=\"twitter:data1\" content=\"Aneta Feldman\" \/>\n\t<meta name=\"twitter:label2\" content=\"Szacowany czas czytania\" \/>\n\t<meta name=\"twitter:data2\" content=\"5 minut\" \/>\n<script type=\"application\/ld+json\" class=\"yoast-schema-graph\">{\"@context\":\"https:\/\/schema.org\",\"@graph\":[{\"@type\":\"Article\",\"@id\":\"https:\/\/www.pakamera.pl\/magazyn\/co-wlozyc-do-kalendarza-adwentowego\/#article\",\"isPartOf\":{\"@id\":\"https:\/\/www.pakamera.pl\/magazyn\/co-wlozyc-do-kalendarza-adwentowego\/\"},\"author\":{\"name\":\"Aneta Feldman\",\"@id\":\"https:\/\/www.pakamera.pl\/magazyn\/#\/schema\/person\/6b39f6c0967529bbfe3f80450b564a64\"},\"headline\":\"Kalendarz adwentowy &#8211; co w\u0142o\u017cy\u0107 do kalendarza adwentowego?\",\"datePublished\":\"2022-11-01T13:13:53+00:00\",\"dateModified\":\"2025-03-03T14:10:15+00:00\",\"mainEntityOfPage\":{\"@id\":\"https:\/\/www.pakamera.pl\/magazyn\/co-wlozyc-do-kalendarza-adwentowego\/\"},\"wordCount\":801,\"publisher\":{\"@id\":\"https:\/\/www.pakamera.pl\/magazyn\/#organization\"},\"keywords\":[\"co zamiast s\u0142odyczy\",\"mebelki dla lalki\"],\"articleSection\":[\"Dom i Wn\u0119trze\"],\"inLanguage\":\"pl-PL\"},{\"@type\":\"WebPage\",\"@id\":\"https:\/\/www.pakamera.pl\/magazyn\/co-wlozyc-do-kalendarza-adwentowego\/\",\"url\":\"https:\/\/www.pakamera.pl\/magazyn\/co-wlozyc-do-kalendarza-adwentowego\/\",\"name\":\"Co w\u0142o\u017cy\u0107 w kalendarz adwentowy - Magazyn Pakamera.pl\",\"isPartOf\":{\"@id\":\"https:\/\/www.pakamera.pl\/magazyn\/#website\"},\"datePublished\":\"2022-11-01T13:13:53+00:00\",\"dateModified\":\"2025-03-03T14:10:15+00:00\",\"description\":\"Z roku na rok coraz wi\u0119ksz\u0105 popularno\u015b\u0107 zyskuj\u0105 kalendarze adwentowe. Podpowiadamy co w\u0142o\u017cy\u0107 w kalendarz adwentowy.\",\"breadcrumb\":{\"@id\":\"https:\/\/www.pakamera.pl\/magazyn\/co-wlozyc-do-kalendarza-adwentowego\/#breadcrumb\"},\"inLanguage\":\"pl-PL\",\"potentialAction\":[{\"@type\":\"ReadAction\",\"target\":[\"https:\/\/www.pakamera.pl\/magazyn\/co-wlozyc-do-kalendarza-adwentowego\/\"]}]},{\"@type\":\"BreadcrumbList\",\"@id\":\"https:\/\/www.pakamera.pl\/magazyn\/co-wlozyc-do-kalendarza-adwentowego\/#breadcrumb\",\"itemListElement\":[{\"@type\":\"ListItem\",\"position\":1,\"name\":\"Magazyn\",\"item\":\"https:\/\/www.pakamera.pl\/magazyn\/\"},{\"@type\":\"ListItem\",\"position\":2,\"name\":\"Dom i Wn\u0119trze\",\"item\":\"https:\/\/www.pakamera.pl\/magazyn\/category\/dom-i-wnetrza\/\"},{\"@type\":\"ListItem\",\"position\":3,\"name\":\"Kalendarz adwentowy &#8211; co w\u0142o\u017cy\u0107 do kalendarza adwentowego?\"}]},{\"@type\":\"WebSite\",\"@id\":\"https:\/\/www.pakamera.pl\/magazyn\/#website\",\"url\":\"https:\/\/www.pakamera.pl\/magazyn\/\",\"name\":\"Magazyn Pakamera.pl\",\"description\":\"Sprawd\u017a najgor\u0119tsze tematy sezonu!\",\"publisher\":{\"@id\":\"https:\/\/www.pakamera.pl\/magazyn\/#organization\"},\"potentialAction\":[{\"@type\":\"SearchAction\",\"target\":{\"@type\":\"EntryPoint\",\"urlTemplate\":\"https:\/\/www.pakamera.pl\/magazyn\/?s={search_term_string}\"},\"query-input\":\"required name=search_term_string\"}],\"inLanguage\":\"pl-PL\"},{\"@type\":\"Organization\",\"@id\":\"https:\/\/www.pakamera.pl\/magazyn\/#organization\",\"name\":\"Pakamera.pl\",\"url\":\"https:\/\/www.pakamera.pl\/magazyn\/\",\"logo\":{\"@type\":\"ImageObject\",\"inLanguage\":\"pl-PL\",\"@id\":\"https:\/\/www.pakamera.pl\/magazyn\/#\/schema\/logo\/image\/\",\"url\":\"https:\/\/imgmag.pakamera.net\/2023\/11\/153455466619.png\",\"contentUrl\":\"https:\/\/imgmag.pakamera.net\/2023\/11\/153455466619.png\",\"width\":690,\"height\":140,\"caption\":\"Pakamera.pl\"},\"image\":{\"@id\":\"https:\/\/www.pakamera.pl\/magazyn\/#\/schema\/logo\/image\/\"},\"sameAs\":[\"https:\/\/facebook.com\/pakamerapl\",\"https:\/\/www.instagram.com\/pakamera\/\"]},{\"@type\":\"Person\",\"@id\":\"https:\/\/www.pakamera.pl\/magazyn\/#\/schema\/person\/6b39f6c0967529bbfe3f80450b564a64\",\"name\":\"Aneta Feldman\",\"description\":\"Ekspert w dziedzinach mody, dekoracji wn\u0119trz, prezent\u00f3w i kosmetyk\u00f3w. Jej wieloletnie do\u015bwiadczenie oraz wszechstronna wiedza czyni\u0105 j\u0105 autorytetem w \u015bwiecie inspiracji i praktycznych porad. Zaufane \u017ar\u00f3d\u0142o informacji, kt\u00f3re pomaga czytelnikom dokonywa\u0107 \u015bwiadomych wybor\u00f3w.\"}]}<\/script>\n<!-- \/ Yoast SEO plugin. -->","yoast_head_json":{"title":"Co w\u0142o\u017cy\u0107 w kalendarz adwentowy - Magazyn Pakamera.pl","description":"Z roku na rok coraz wi\u0119ksz\u0105 popularno\u015b\u0107 zyskuj\u0105 kalendarze adwentowe. Podpowiadamy co w\u0142o\u017cy\u0107 w kalendarz adwentowy.","robots":{"index":"index","follow":"follow"},"canonical":"https:\/\/www.pakamera.pl\/magazyn\/co-wlozyc-do-kalendarza-adwentowego\/","og_locale":"pl_PL","og_type":"article","og_title":"Co w\u0142o\u017cy\u0107 w kalendarz adwentowy - Magazyn Pakamera.pl","og_description":"Z roku na rok coraz wi\u0119ksz\u0105 popularno\u015b\u0107 zyskuj\u0105 kalendarze adwentowe. Podpowiadamy co w\u0142o\u017cy\u0107 w kalendarz adwentowy.","og_url":"https:\/\/www.pakamera.pl\/magazyn\/co-wlozyc-do-kalendarza-adwentowego\/","og_site_name":"Magazyn Pakamera.pl","article_publisher":"https:\/\/facebook.com\/pakamerapl","article_published_time":"2022-11-01T13:13:53+00:00","article_modified_time":"2025-03-03T14:10:15+00:00","og_image":[{"width":1000,"height":667,"url":"https:\/\/imgmag.pakamera.net\/2020\/11\/co-wlozyc-do-kalendarza-adwentowego-143629698440.jpg","type":"image\/jpeg"}],"author":"Aneta Feldman","twitter_card":"summary_large_image","twitter_misc":{"Napisane przez":"Aneta Feldman","Szacowany czas czytania":"5 minut"},"schema":{"@context":"https:\/\/schema.org","@graph":[{"@type":"Article","@id":"https:\/\/www.pakamera.pl\/magazyn\/co-wlozyc-do-kalendarza-adwentowego\/#article","isPartOf":{"@id":"https:\/\/www.pakamera.pl\/magazyn\/co-wlozyc-do-kalendarza-adwentowego\/"},"author":{"name":"Aneta Feldman","@id":"https:\/\/www.pakamera.pl\/magazyn\/#\/schema\/person\/6b39f6c0967529bbfe3f80450b564a64"},"headline":"Kalendarz adwentowy &#8211; co w\u0142o\u017cy\u0107 do kalendarza adwentowego?","datePublished":"2022-11-01T13:13:53+00:00","dateModified":"2025-03-03T14:10:15+00:00","mainEntityOfPage":{"@id":"https:\/\/www.pakamera.pl\/magazyn\/co-wlozyc-do-kalendarza-adwentowego\/"},"wordCount":801,"publisher":{"@id":"https:\/\/www.pakamera.pl\/magazyn\/#organization"},"keywords":["co zamiast s\u0142odyczy","mebelki dla lalki"],"articleSection":["Dom i Wn\u0119trze"],"inLanguage":"pl-PL"},{"@type":"WebPage","@id":"https:\/\/www.pakamera.pl\/magazyn\/co-wlozyc-do-kalendarza-adwentowego\/","url":"https:\/\/www.pakamera.pl\/magazyn\/co-wlozyc-do-kalendarza-adwentowego\/","name":"Co w\u0142o\u017cy\u0107 w kalendarz adwentowy - Magazyn Pakamera.pl","isPartOf":{"@id":"https:\/\/www.pakamera.pl\/magazyn\/#website"},"datePublished":"2022-11-01T13:13:53+00:00","dateModified":"2025-03-03T14:10:15+00:00","description":"Z roku na rok coraz wi\u0119ksz\u0105 popularno\u015b\u0107 zyskuj\u0105 kalendarze adwentowe. Podpowiadamy co w\u0142o\u017cy\u0107 w kalendarz adwentowy.","breadcrumb":{"@id":"https:\/\/www.pakamera.pl\/magazyn\/co-wlozyc-do-kalendarza-adwentowego\/#breadcrumb"},"inLanguage":"pl-PL","potentialAction":[{"@type":"ReadAction","target":["https:\/\/www.pakamera.pl\/magazyn\/co-wlozyc-do-kalendarza-adwentowego\/"]}]},{"@type":"BreadcrumbList","@id":"https:\/\/www.pakamera.pl\/magazyn\/co-wlozyc-do-kalendarza-adwentowego\/#breadcrumb","itemListElement":[{"@type":"ListItem","position":1,"name":"Magazyn","item":"https:\/\/www.pakamera.pl\/magazyn\/"},{"@type":"ListItem","position":2,"name":"Dom i Wn\u0119trze","item":"https:\/\/www.pakamera.pl\/magazyn\/category\/dom-i-wnetrza\/"},{"@type":"ListItem","position":3,"name":"Kalendarz adwentowy &#8211; co w\u0142o\u017cy\u0107 do kalendarza adwentowego?"}]},{"@type":"WebSite","@id":"https:\/\/www.pakamera.pl\/magazyn\/#website","url":"https:\/\/www.pakamera.pl\/magazyn\/","name":"Magazyn Pakamera.pl","description":"Sprawd\u017a najgor\u0119tsze tematy sezonu!","publisher":{"@id":"https:\/\/www.pakamera.pl\/magazyn\/#organization"},"potentialAction":[{"@type":"SearchAction","target":{"@type":"EntryPoint","urlTemplate":"https:\/\/www.pakamera.pl\/magazyn\/?s={search_term_string}"},"query-input":"required name=search_term_string"}],"inLanguage":"pl-PL"},{"@type":"Organization","@id":"https:\/\/www.pakamera.pl\/magazyn\/#organization","name":"Pakamera.pl","url":"https:\/\/www.pakamera.pl\/magazyn\/","logo":{"@type":"ImageObject","inLanguage":"pl-PL","@id":"https:\/\/www.pakamera.pl\/magazyn\/#\/schema\/logo\/image\/","url":"https:\/\/imgmag.pakamera.net\/2023\/11\/153455466619.png","contentUrl":"https:\/\/imgmag.pakamera.net\/2023\/11\/153455466619.png","width":690,"height":140,"caption":"Pakamera.pl"},"image":{"@id":"https:\/\/www.pakamera.pl\/magazyn\/#\/schema\/logo\/image\/"},"sameAs":["https:\/\/facebook.com\/pakamerapl","https:\/\/www.instagram.com\/pakamera\/"]},{"@type":"Person","@id":"https:\/\/www.pakamera.pl\/magazyn\/#\/schema\/person\/6b39f6c0967529bbfe3f80450b564a64","name":"Aneta Feldman","description":"Ekspert w dziedzinach mody, dekoracji wn\u0119trz, prezent\u00f3w i kosmetyk\u00f3w. Jej wieloletnie do\u015bwiadczenie oraz wszechstronna wiedza czyni\u0105 j\u0105 autorytetem w \u015bwiecie inspiracji i praktycznych porad. Zaufane \u017ar\u00f3d\u0142o informacji, kt\u00f3re pomaga czytelnikom dokonywa\u0107 \u015bwiadomych wybor\u00f3w."}]}},"_links":{"self":[{"href":"https:\/\/www.pakamera.pl\/magazyn\/wp-json\/wp\/v2\/posts\/6454","targetHints":{"allow":["GET"]}}],"collection":[{"href":"https:\/\/www.pakamera.pl\/magazyn\/wp-json\/wp\/v2\/posts"}],"about":[{"href":"https:\/\/www.pakamera.pl\/magazyn\/wp-json\/wp\/v2\/types\/post"}],"author":[{"embeddable":true,"href":"https:\/\/www.pakamera.pl\/magazyn\/wp-json\/wp\/v2\/users\/14"}],"replies":[{"embeddable":true,"href":"https:\/\/www.pakamera.pl\/magazyn\/wp-json\/wp\/v2\/comments?post=6454"}],"version-history":[{"count":1,"href":"https:\/\/www.pakamera.pl\/magazyn\/wp-json\/wp\/v2\/posts\/6454\/revisions"}],"predecessor-version":[{"id":12814,"href":"https:\/\/www.pakamera.pl\/magazyn\/wp-json\/wp\/v2\/posts\/6454\/revisions\/12814"}],"wp:featuredmedia":[{"embeddable":true,"href":"https:\/\/www.pakamera.pl\/magazyn\/wp-json\/wp\/v2\/media\/8351"}],"wp:attachment":[{"href":"https:\/\/www.pakamera.pl\/magazyn\/wp-json\/wp\/v2\/media?parent=6454"}],"wp:term":[{"taxonomy":"category","embeddable":true,"href":"https:\/\/www.pakamera.pl\/magazyn\/wp-json\/wp\/v2\/categories?post=6454"},{"taxonomy":"post_tag","embeddable":true,"href":"https:\/\/www.pakamera.pl\/magazyn\/wp-json\/wp\/v2\/tags?post=6454"}],"curies":[{"name":"wp","href":"https:\/\/api.w.org\/{rel}","templated":true}]}}