{"id":5143,"date":"2019-10-01T12:00:43","date_gmt":"2019-10-01T10:00:43","guid":{"rendered":"https:\/\/www.pakamera.pl\/magazyn\/?p=5143"},"modified":"2025-03-03T15:06:19","modified_gmt":"2025-03-03T14:06:19","slug":"ubrania-w-kolorze-bezu-i-brazu-jak-i-z-czym-nosic","status":"publish","type":"post","link":"https:\/\/www.pakamera.pl\/magazyn\/ubrania-w-kolorze-bezu-i-brazu-jak-i-z-czym-nosic\/","title":{"rendered":"Ubrania w kolorze be\u017cu i br\u0105zu &#8211; jak i z czym nosi\u0107"},"content":{"rendered":"<p><strong>Ubrania w kolorze be\u017cu i br\u0105zu to hit ostatnich sezon\u00f3w. Kr\u00f3luj\u0105 na pokazach mody oraz s\u0105 nieod\u0142\u0105cznym elementem ch\u0119tnie fotografowanej mody ulicznej. Dzi\u0119ki wielu odcieniom be\u017ce i br\u0105zy pasuj\u0105 do ka\u017cdego typu urody &#8211; zar\u00f3wno do zimy jak i wiosny, lata i jesieni. Poka\u017cemy Wam jak i z czym nosi\u0107 i \u0142\u0105czy\u0107 te kolory. Jeste\u015bmy przekonani, \u017ce ka\u017cda z Was znajdzie co\u015b dla siebie.<\/strong><\/p>\n<p><!--more--><\/p>\n<p><img loading=\"lazy\" decoding=\"async\" class=\"alignnone wp-image-5145 size-full\" src=\"\/\/imgmag.pakamera.net\/2019\/09\/plaszcze-12206351-4461144268.jpg\" alt=\"\" width=\"683\" height=\"1024\" \/><\/p>\n<p>Pierwszym obowi\u0105zkowym elementem garderoby jest p\u0142aszcz od marki CAT CAT STUDIO. Cat Cat Studio to minimalistyczne rozwi\u0105zania i proste fasony.\u00a0 Dzi\u0119ki \u015bwietnym krojom i lekkim materia\u0142om, projekty marki perfekcyjnie wydobywaj\u0105 atuty kobiecej sylwetki oraz naturalny seksapil. Marka s\u0142ynie z pi\u0119knych i klasycznych element\u00f3w kobiecej garderoby. Nasza propozycja to dwurz\u0119dowy p\u0142aszcz z domieszk\u0105 we\u0142ny. Elementy charakterystyczne to du\u017ce szerokie klapy i obni\u017cone ramiona. Doskonale wpisuje si\u0119 w jesienn\u0105 aur\u0119, dodaj\u0105c ka\u017cdej stylizacji modnego sznytu. Sprawdzi si\u0119 zar\u00f3wno w wersji klasycznej jak i codziennej, miejskiej. Do obcas\u00f3w i do trampek. Must have na wiele lat:)<\/p>\n<p><img loading=\"lazy\" decoding=\"async\" class=\"alignnone wp-image-5146 size-full\" src=\"\/\/imgmag.pakamera.net\/2019\/09\/inne-12469438-6521918507.jpg\" alt=\"\" width=\"800\" height=\"1200\" \/><\/p>\n<p>Garnitur &#8211; to obecnie nieod\u0142\u0105czny element kobiecej garderoby. Kiedy\u015b kojarzony jedynie z m\u0119sk\u0105 szaf\u0105 dzi\u015b na sta\u0142e zago\u015bci\u0142 w \u015bwiecie kobiet.\u00a0 Nasza propozycja jest od marki LEMONIADE. Marka tworzy odzie\u017c damsk\u0105, nad\u0105\u017caj\u0105c\u0105 za \u015bwiatowymi trendami. Prezentowany garnitur to kwintesencja kobieco\u015bci, a dodatkowo pozwala na stworzenie szafy kapsu\u0142owej. Dlaczego? Mo\u017cna go nosi\u0107 jako ca\u0142o\u015b\u0107, dobieraj\u0105c do tego szpilki i koronkow\u0105 bluzk\u0119 &#8211; stylizacja na kolacj\u0119 gotowa. Mo\u017cna za\u0142o\u017cy\u0107 <a href=\"https:\/\/www.pakamera.pl\/t-shirty-0-1900.htm\" target=\"_blank\" rel=\"noopener\"><strong>t-shirt<\/strong><\/a> i trampki &#8211; idealny na spacer z rodzin\u0105 czy przyjaci\u00f3\u0142mi. Mo\u017cna po\u0142\u0105czy\u0107 spodnie z koszul\u0105 &#8211; i tak mo\u017cemy spokojnie i\u015b\u0107 na rozmow\u0119 o prac\u0119. Mo\u017cemy za\u0142o\u017cy\u0107 te\u017c plisowan\u0105 sp\u00f3dnic\u0119, golf i marynark\u0119 &#8211; kapelusz i ma\u0142a torebka &#8211; tak mo\u017cemy delektowa\u0107 si\u0119 smakiem kawy w sobotni dzie\u0144.<\/p>\n<div class=\"pakawidget\" id=\"pakawidget429\"><\/div>\n<p><script async defer src=\"https:\/\/www.pakamera.pl\/widget\/widget2.min.js?id=429&#038;type=20210308144710&#038;wwidth=1000\"><\/script><\/p>\n<p>Jak wida\u0107 propozycji jest wiele, dlatego garnitur to element na kt\u00f3ry musimy zapolowa\u0107 tej jesieni i koniecznie w odcieniach be\u017cu, gdy\u017c taka baza pasuje do wszystkiego:)<\/p>\n<p><img loading=\"lazy\" decoding=\"async\" class=\"alignnone wp-image-5147 size-full\" src=\"\/\/imgmag.pakamera.net\/2019\/09\/midi-12247758-6252693131.jpg\" alt=\"\" width=\"800\" height=\"1200\" \/><\/p>\n<p>Kolejnym elementem garderoby, kt\u00f3rego nie mo\u017ce zabrakn\u0105\u0107 w kobiecej garderobie jest sukienka w kolorze be\u017cu lub br\u0105zu. Nasza propozycja jest od marki FIGL. Marka, kt\u00f3ra szyje i tworzy z mi\u0142o\u015bci do kobiet. Prezentowana przez nas sukienka jest tego najlepsz\u0105 wizyt\u00f3wk\u0105 &#8211; idealnie skrojona, podkre\u015blaj\u0105ca kobiece kszta\u0142ty, z dekoltem w serek i rozci\u0119ciem przy nogach. Pi\u0119knie prezentuje si\u0119 z sanda\u0142ami i wysokimi szpilkami, jak i botkami. Sprawdzi si\u0119 w ka\u017cdej sytuacji, a co najwa\u017cniejsze niezale\u017cnie od dodatk\u00f3w zawsze b\u0119dziemy wygl\u0105da\u0107 w niej kobieco.<\/p>\n<p><img loading=\"lazy\" decoding=\"async\" class=\"alignnone wp-image-5149 size-full\" src=\"\/\/imgmag.pakamera.net\/2019\/09\/maxi-12374078-69001832.jpg\" alt=\"\" width=\"800\" height=\"1200\" \/><\/p>\n<p>Kolejna propozycja to sp\u00f3dnica o\u0142\u00f3wkowa d\u0142ugo\u015bci midi w be\u017cow\u0105 pepitk\u0119 od marki <a href=\"https:\/\/www.pakamera.pl\/mirons-wear-0_s12374078.htm\">Mirons Wear<\/a> zrzesza nowoczesne kobiety, kt\u00f3re d\u0105\u017c\u0105 do pi\u0119knego wygl\u0105du, stawiaj\u0105c na komfort i jako\u015b\u0107 wybranej odzie\u017cy. Sp\u00f3dnice o d\u0142ugo\u015bci midi s\u0105 bardzo uniwersalne, ju\u017c dawno przesta\u0142y si\u0119 kojarzy\u0107 z grzecznymi lookami. Prosty kr\u00f3j sp\u00f3dnicy \u015bwietnie si\u0119 odnajdzie w jesiennym looku. Sp\u00f3dnica Adele o asymetrycznym fasonie posiada po lewej stronie trzy du\u017ce guziki, a tak\u017ce jeden ma\u0142y kryty po prawej stronie. Model ma wysoki stan. Pi\u0119knie wyd\u0142u\u017cy nogi, dzi\u0119ki u\u017cyciu zabiegu z kozakami, ale r\u00f3wnie\u017c mo\u017cna j\u0105 wystylizowa\u0107 z trampkami, dzi\u0119ki czemu nabierze dziewcz\u0119cego charakteru. W po\u0142\u0105czeniu z koszul\u0105 tworzy zestaw idealny, ale pami\u0119tajmy, \u017ce moda to zabawa, dlatego mo\u017cna j\u0105 r\u00f3wnie\u017c dobra\u0107 do oversizowej kurtki bomberki:)<\/p>\n<p><img loading=\"lazy\" decoding=\"async\" class=\"alignnone wp-image-5150 size-full\" src=\"\/\/imgmag.pakamera.net\/2019\/09\/swetry-12419612-6919376304.jpg\" alt=\"\" width=\"840\" height=\"1200\" \/><\/p>\n<p>Sweter &#8211; tak to najprzyjemniejszy umilacz jesiennych wieczor\u00f3w i nieod\u0142\u0105czny element jesiennej garderoby. Nasza propozycja jest od marki <a href=\"https:\/\/www.pakamera.pl\/mkmswetry-0_s12419612.htm\">MKMswetry. <\/a>Warkoczowy p\u0142aszcz &#8211; kardigan z kapturem, wykonany z wysokiej jako\u015bci mi\u0119kkiej prz\u0119dzy w pi\u0119knym odcieniu br\u0105zu. Kolejny element, kt\u00f3ry spe\u0142nia wiele zada\u0144. Doskona\u0142y na zimne, jesienne wieczory na kanapie, ale r\u00f3wnie\u017c do jeans\u00f3w i za\u0142atwiania spraw w mie\u015bcie, jak i sp\u00f3dnicy na wieczorne wyj\u015bcie z przyjaci\u00f3\u0142mi. Nie ulega w\u0105tpliwo\u015bci, \u017ce ciep\u0142y i dobrze uszyty sweter to must have ka\u017cdego sezonu i zawsze b\u0119dzie naszym ulubie\u0144cem.<\/p>\n<p>Wi\u0119cej propozycji ubra\u0144 z kolorach br\u0105zu i be\u017cu znajdziecie na naszej stronie PAKAMERA.pl<\/p>\n","protected":false},"excerpt":{"rendered":"<p>Ubrania w kolorze be\u017cu i br\u0105zu to hit ostatnich sezon\u00f3w. Kr\u00f3luj\u0105 na pokazach mody oraz s\u0105 nieod\u0142\u0105cznym elementem ch\u0119tnie fotografowanej mody ulicznej. Dzi\u0119ki wielu odcieniom be\u017ce i br\u0105zy pasuj\u0105 do<span class=\"more-dots\">&#8230;<\/span><\/p>\n","protected":false},"author":13,"featured_media":5145,"comment_status":"open","ping_status":"closed","sticky":false,"template":"","format":"standard","meta":{"footnotes":""},"categories":[3],"tags":[1397,1673,68,369],"class_list":["post-5143","post","type-post","status-publish","format-standard","has-post-thumbnail","hentry","category-moda","tag-bez","tag-braz","tag-moda","tag-must-have"],"yoast_head":"<!-- This site is optimized with the Yoast SEO plugin v21.6 - https:\/\/yoast.com\/wordpress\/plugins\/seo\/ -->\n<title>Ubrania w kolorze be\u017cu i br\u0105zu - jak i z czym nosi\u0107 - Magazyn Pakamera.pl<\/title>\n<meta name=\"description\" content=\"Ubrania w kolorze be\u017cu i br\u0105zu to hit ostatnich sezon\u00f3w. Kr\u00f3luj\u0105 na pokazach mody oraz s\u0105 nieod\u0142\u0105cznym elementem ch\u0119tnie fotografowanej mody ulicznej.\" \/>\n<meta name=\"robots\" content=\"index, follow\" \/>\n<link rel=\"canonical\" href=\"https:\/\/www.pakamera.pl\/magazyn\/ubrania-w-kolorze-bezu-i-brazu-jak-i-z-czym-nosic\/\" \/>\n<meta property=\"og:locale\" content=\"pl_PL\" \/>\n<meta property=\"og:type\" content=\"article\" \/>\n<meta property=\"og:title\" content=\"Ubrania w kolorze be\u017cu i br\u0105zu - jak i z czym nosi\u0107 - Magazyn Pakamera.pl\" \/>\n<meta property=\"og:description\" content=\"Ubrania w kolorze be\u017cu i br\u0105zu to hit ostatnich sezon\u00f3w. Kr\u00f3luj\u0105 na pokazach mody oraz s\u0105 nieod\u0142\u0105cznym elementem ch\u0119tnie fotografowanej mody ulicznej.\" \/>\n<meta property=\"og:url\" content=\"https:\/\/www.pakamera.pl\/magazyn\/ubrania-w-kolorze-bezu-i-brazu-jak-i-z-czym-nosic\/\" \/>\n<meta property=\"og:site_name\" content=\"Magazyn Pakamera.pl\" \/>\n<meta property=\"article:publisher\" content=\"https:\/\/facebook.com\/pakamerapl\" \/>\n<meta property=\"article:published_time\" content=\"2019-10-01T10:00:43+00:00\" \/>\n<meta property=\"article:modified_time\" content=\"2025-03-03T14:06:19+00:00\" \/>\n<meta property=\"og:image\" content=\"https:\/\/imgmag.pakamera.net\/2019\/09\/plaszcze-12206351-4461144268.jpg\" \/>\n\t<meta property=\"og:image:width\" content=\"683\" \/>\n\t<meta property=\"og:image:height\" content=\"1024\" \/>\n\t<meta property=\"og:image:type\" content=\"image\/jpeg\" \/>\n<meta name=\"author\" content=\"Ola Kwiatkowska\" \/>\n<meta name=\"twitter:card\" content=\"summary_large_image\" \/>\n<meta name=\"twitter:label1\" content=\"Napisane przez\" \/>\n\t<meta name=\"twitter:data1\" content=\"Ola Kwiatkowska\" \/>\n\t<meta name=\"twitter:label2\" content=\"Szacowany czas czytania\" \/>\n\t<meta name=\"twitter:data2\" content=\"4 minuty\" \/>\n<script type=\"application\/ld+json\" class=\"yoast-schema-graph\">{\"@context\":\"https:\/\/schema.org\",\"@graph\":[{\"@type\":\"Article\",\"@id\":\"https:\/\/www.pakamera.pl\/magazyn\/ubrania-w-kolorze-bezu-i-brazu-jak-i-z-czym-nosic\/#article\",\"isPartOf\":{\"@id\":\"https:\/\/www.pakamera.pl\/magazyn\/ubrania-w-kolorze-bezu-i-brazu-jak-i-z-czym-nosic\/\"},\"author\":{\"name\":\"Ola Kwiatkowska\",\"@id\":\"https:\/\/www.pakamera.pl\/magazyn\/#\/schema\/person\/c9534c1994a55e69cf9b11b8a8ccf760\"},\"headline\":\"Ubrania w kolorze be\u017cu i br\u0105zu &#8211; jak i z czym nosi\u0107\",\"datePublished\":\"2019-10-01T10:00:43+00:00\",\"dateModified\":\"2025-03-03T14:06:19+00:00\",\"mainEntityOfPage\":{\"@id\":\"https:\/\/www.pakamera.pl\/magazyn\/ubrania-w-kolorze-bezu-i-brazu-jak-i-z-czym-nosic\/\"},\"wordCount\":749,\"commentCount\":0,\"publisher\":{\"@id\":\"https:\/\/www.pakamera.pl\/magazyn\/#organization\"},\"keywords\":[\"be\u017c\",\"br\u0105z\",\"moda\",\"must have\"],\"articleSection\":[\"Moda\"],\"inLanguage\":\"pl-PL\",\"potentialAction\":[{\"@type\":\"CommentAction\",\"name\":\"Comment\",\"target\":[\"https:\/\/www.pakamera.pl\/magazyn\/ubrania-w-kolorze-bezu-i-brazu-jak-i-z-czym-nosic\/#respond\"]}]},{\"@type\":\"WebPage\",\"@id\":\"https:\/\/www.pakamera.pl\/magazyn\/ubrania-w-kolorze-bezu-i-brazu-jak-i-z-czym-nosic\/\",\"url\":\"https:\/\/www.pakamera.pl\/magazyn\/ubrania-w-kolorze-bezu-i-brazu-jak-i-z-czym-nosic\/\",\"name\":\"Ubrania w kolorze be\u017cu i br\u0105zu - jak i z czym nosi\u0107 - Magazyn Pakamera.pl\",\"isPartOf\":{\"@id\":\"https:\/\/www.pakamera.pl\/magazyn\/#website\"},\"datePublished\":\"2019-10-01T10:00:43+00:00\",\"dateModified\":\"2025-03-03T14:06:19+00:00\",\"description\":\"Ubrania w kolorze be\u017cu i br\u0105zu to hit ostatnich sezon\u00f3w. Kr\u00f3luj\u0105 na pokazach mody oraz s\u0105 nieod\u0142\u0105cznym elementem ch\u0119tnie fotografowanej mody ulicznej.\",\"breadcrumb\":{\"@id\":\"https:\/\/www.pakamera.pl\/magazyn\/ubrania-w-kolorze-bezu-i-brazu-jak-i-z-czym-nosic\/#breadcrumb\"},\"inLanguage\":\"pl-PL\",\"potentialAction\":[{\"@type\":\"ReadAction\",\"target\":[\"https:\/\/www.pakamera.pl\/magazyn\/ubrania-w-kolorze-bezu-i-brazu-jak-i-z-czym-nosic\/\"]}]},{\"@type\":\"BreadcrumbList\",\"@id\":\"https:\/\/www.pakamera.pl\/magazyn\/ubrania-w-kolorze-bezu-i-brazu-jak-i-z-czym-nosic\/#breadcrumb\",\"itemListElement\":[{\"@type\":\"ListItem\",\"position\":1,\"name\":\"Magazyn\",\"item\":\"https:\/\/www.pakamera.pl\/magazyn\/\"},{\"@type\":\"ListItem\",\"position\":2,\"name\":\"Moda\",\"item\":\"https:\/\/www.pakamera.pl\/magazyn\/category\/moda\/\"},{\"@type\":\"ListItem\",\"position\":3,\"name\":\"Ubrania w kolorze be\u017cu i br\u0105zu &#8211; jak i z czym nosi\u0107\"}]},{\"@type\":\"WebSite\",\"@id\":\"https:\/\/www.pakamera.pl\/magazyn\/#website\",\"url\":\"https:\/\/www.pakamera.pl\/magazyn\/\",\"name\":\"Magazyn Pakamera.pl\",\"description\":\"Sprawd\u017a najgor\u0119tsze tematy sezonu!\",\"publisher\":{\"@id\":\"https:\/\/www.pakamera.pl\/magazyn\/#organization\"},\"potentialAction\":[{\"@type\":\"SearchAction\",\"target\":{\"@type\":\"EntryPoint\",\"urlTemplate\":\"https:\/\/www.pakamera.pl\/magazyn\/?s={search_term_string}\"},\"query-input\":\"required name=search_term_string\"}],\"inLanguage\":\"pl-PL\"},{\"@type\":\"Organization\",\"@id\":\"https:\/\/www.pakamera.pl\/magazyn\/#organization\",\"name\":\"Pakamera.pl\",\"url\":\"https:\/\/www.pakamera.pl\/magazyn\/\",\"logo\":{\"@type\":\"ImageObject\",\"inLanguage\":\"pl-PL\",\"@id\":\"https:\/\/www.pakamera.pl\/magazyn\/#\/schema\/logo\/image\/\",\"url\":\"https:\/\/imgmag.pakamera.net\/2023\/11\/153455466619.png\",\"contentUrl\":\"https:\/\/imgmag.pakamera.net\/2023\/11\/153455466619.png\",\"width\":690,\"height\":140,\"caption\":\"Pakamera.pl\"},\"image\":{\"@id\":\"https:\/\/www.pakamera.pl\/magazyn\/#\/schema\/logo\/image\/\"},\"sameAs\":[\"https:\/\/facebook.com\/pakamerapl\",\"https:\/\/www.instagram.com\/pakamera\/\"]},{\"@type\":\"Person\",\"@id\":\"https:\/\/www.pakamera.pl\/magazyn\/#\/schema\/person\/c9534c1994a55e69cf9b11b8a8ccf760\",\"name\":\"Ola Kwiatkowska\",\"description\":\"Jestem pasjonatk\u0105 mody, designu i sztuki wyra\u017cania siebie przez ubi\u00f3r i dodatki. Moje teksty to po\u0142\u0105czenie mi\u0142o\u015bci do stylowych ubra\u0144, bi\u017cuterii oraz inspiracji, kt\u00f3re pomagaj\u0105 tworzy\u0107 niezapomniane chwile. W moich postach znajdziesz wiele pomys\u0142\u00f3w na prezent dla bliskich oraz inspiracji dotycz\u0105cych mody i stylizacji na r\u00f3\u017cne okazje. Staram si\u0119 przekazywa\u0107 praktyczne wskaz\u00f3wki, kt\u00f3re pomog\u0105 Ci wybra\u0107 idealny upominek czy dopasowa\u0107 odpowiedni str\u00f3j. Ponadto, interesuj\u0119 si\u0119 mod\u0105, co wida\u0107 w moich wpisach na temat najnowszych trend\u00f3w w ubraniach i dodatkach. Artyku\u0142y dotycz\u0105ce bi\u017cuterii czy ubra\u0144 to moja pasja, kt\u00f3r\u0105 staram si\u0119 przekazywa\u0107 w ka\u017cdym tek\u015bcie. Zapraszam Ci\u0119 do odkrywania pi\u0119kna w r\u00f3\u017cnych aspektach \u017cycia i do korzystania z moich inspiracji na tworzenie wyj\u0105tkowych prezent\u00f3w i stylizacji.\"}]}<\/script>\n<!-- \/ Yoast SEO plugin. -->","yoast_head_json":{"title":"Ubrania w kolorze be\u017cu i br\u0105zu - jak i z czym nosi\u0107 - Magazyn Pakamera.pl","description":"Ubrania w kolorze be\u017cu i br\u0105zu to hit ostatnich sezon\u00f3w. Kr\u00f3luj\u0105 na pokazach mody oraz s\u0105 nieod\u0142\u0105cznym elementem ch\u0119tnie fotografowanej mody ulicznej.","robots":{"index":"index","follow":"follow"},"canonical":"https:\/\/www.pakamera.pl\/magazyn\/ubrania-w-kolorze-bezu-i-brazu-jak-i-z-czym-nosic\/","og_locale":"pl_PL","og_type":"article","og_title":"Ubrania w kolorze be\u017cu i br\u0105zu - jak i z czym nosi\u0107 - Magazyn Pakamera.pl","og_description":"Ubrania w kolorze be\u017cu i br\u0105zu to hit ostatnich sezon\u00f3w. Kr\u00f3luj\u0105 na pokazach mody oraz s\u0105 nieod\u0142\u0105cznym elementem ch\u0119tnie fotografowanej mody ulicznej.","og_url":"https:\/\/www.pakamera.pl\/magazyn\/ubrania-w-kolorze-bezu-i-brazu-jak-i-z-czym-nosic\/","og_site_name":"Magazyn Pakamera.pl","article_publisher":"https:\/\/facebook.com\/pakamerapl","article_published_time":"2019-10-01T10:00:43+00:00","article_modified_time":"2025-03-03T14:06:19+00:00","og_image":[{"width":683,"height":1024,"url":"https:\/\/imgmag.pakamera.net\/2019\/09\/plaszcze-12206351-4461144268.jpg","type":"image\/jpeg"}],"author":"Ola Kwiatkowska","twitter_card":"summary_large_image","twitter_misc":{"Napisane przez":"Ola Kwiatkowska","Szacowany czas czytania":"4 minuty"},"schema":{"@context":"https:\/\/schema.org","@graph":[{"@type":"Article","@id":"https:\/\/www.pakamera.pl\/magazyn\/ubrania-w-kolorze-bezu-i-brazu-jak-i-z-czym-nosic\/#article","isPartOf":{"@id":"https:\/\/www.pakamera.pl\/magazyn\/ubrania-w-kolorze-bezu-i-brazu-jak-i-z-czym-nosic\/"},"author":{"name":"Ola Kwiatkowska","@id":"https:\/\/www.pakamera.pl\/magazyn\/#\/schema\/person\/c9534c1994a55e69cf9b11b8a8ccf760"},"headline":"Ubrania w kolorze be\u017cu i br\u0105zu &#8211; jak i z czym nosi\u0107","datePublished":"2019-10-01T10:00:43+00:00","dateModified":"2025-03-03T14:06:19+00:00","mainEntityOfPage":{"@id":"https:\/\/www.pakamera.pl\/magazyn\/ubrania-w-kolorze-bezu-i-brazu-jak-i-z-czym-nosic\/"},"wordCount":749,"commentCount":0,"publisher":{"@id":"https:\/\/www.pakamera.pl\/magazyn\/#organization"},"keywords":["be\u017c","br\u0105z","moda","must have"],"articleSection":["Moda"],"inLanguage":"pl-PL","potentialAction":[{"@type":"CommentAction","name":"Comment","target":["https:\/\/www.pakamera.pl\/magazyn\/ubrania-w-kolorze-bezu-i-brazu-jak-i-z-czym-nosic\/#respond"]}]},{"@type":"WebPage","@id":"https:\/\/www.pakamera.pl\/magazyn\/ubrania-w-kolorze-bezu-i-brazu-jak-i-z-czym-nosic\/","url":"https:\/\/www.pakamera.pl\/magazyn\/ubrania-w-kolorze-bezu-i-brazu-jak-i-z-czym-nosic\/","name":"Ubrania w kolorze be\u017cu i br\u0105zu - jak i z czym nosi\u0107 - Magazyn Pakamera.pl","isPartOf":{"@id":"https:\/\/www.pakamera.pl\/magazyn\/#website"},"datePublished":"2019-10-01T10:00:43+00:00","dateModified":"2025-03-03T14:06:19+00:00","description":"Ubrania w kolorze be\u017cu i br\u0105zu to hit ostatnich sezon\u00f3w. Kr\u00f3luj\u0105 na pokazach mody oraz s\u0105 nieod\u0142\u0105cznym elementem ch\u0119tnie fotografowanej mody ulicznej.","breadcrumb":{"@id":"https:\/\/www.pakamera.pl\/magazyn\/ubrania-w-kolorze-bezu-i-brazu-jak-i-z-czym-nosic\/#breadcrumb"},"inLanguage":"pl-PL","potentialAction":[{"@type":"ReadAction","target":["https:\/\/www.pakamera.pl\/magazyn\/ubrania-w-kolorze-bezu-i-brazu-jak-i-z-czym-nosic\/"]}]},{"@type":"BreadcrumbList","@id":"https:\/\/www.pakamera.pl\/magazyn\/ubrania-w-kolorze-bezu-i-brazu-jak-i-z-czym-nosic\/#breadcrumb","itemListElement":[{"@type":"ListItem","position":1,"name":"Magazyn","item":"https:\/\/www.pakamera.pl\/magazyn\/"},{"@type":"ListItem","position":2,"name":"Moda","item":"https:\/\/www.pakamera.pl\/magazyn\/category\/moda\/"},{"@type":"ListItem","position":3,"name":"Ubrania w kolorze be\u017cu i br\u0105zu &#8211; jak i z czym nosi\u0107"}]},{"@type":"WebSite","@id":"https:\/\/www.pakamera.pl\/magazyn\/#website","url":"https:\/\/www.pakamera.pl\/magazyn\/","name":"Magazyn Pakamera.pl","description":"Sprawd\u017a najgor\u0119tsze tematy sezonu!","publisher":{"@id":"https:\/\/www.pakamera.pl\/magazyn\/#organization"},"potentialAction":[{"@type":"SearchAction","target":{"@type":"EntryPoint","urlTemplate":"https:\/\/www.pakamera.pl\/magazyn\/?s={search_term_string}"},"query-input":"required name=search_term_string"}],"inLanguage":"pl-PL"},{"@type":"Organization","@id":"https:\/\/www.pakamera.pl\/magazyn\/#organization","name":"Pakamera.pl","url":"https:\/\/www.pakamera.pl\/magazyn\/","logo":{"@type":"ImageObject","inLanguage":"pl-PL","@id":"https:\/\/www.pakamera.pl\/magazyn\/#\/schema\/logo\/image\/","url":"https:\/\/imgmag.pakamera.net\/2023\/11\/153455466619.png","contentUrl":"https:\/\/imgmag.pakamera.net\/2023\/11\/153455466619.png","width":690,"height":140,"caption":"Pakamera.pl"},"image":{"@id":"https:\/\/www.pakamera.pl\/magazyn\/#\/schema\/logo\/image\/"},"sameAs":["https:\/\/facebook.com\/pakamerapl","https:\/\/www.instagram.com\/pakamera\/"]},{"@type":"Person","@id":"https:\/\/www.pakamera.pl\/magazyn\/#\/schema\/person\/c9534c1994a55e69cf9b11b8a8ccf760","name":"Ola Kwiatkowska","description":"Jestem pasjonatk\u0105 mody, designu i sztuki wyra\u017cania siebie przez ubi\u00f3r i dodatki. Moje teksty to po\u0142\u0105czenie mi\u0142o\u015bci do stylowych ubra\u0144, bi\u017cuterii oraz inspiracji, kt\u00f3re pomagaj\u0105 tworzy\u0107 niezapomniane chwile. W moich postach znajdziesz wiele pomys\u0142\u00f3w na prezent dla bliskich oraz inspiracji dotycz\u0105cych mody i stylizacji na r\u00f3\u017cne okazje. Staram si\u0119 przekazywa\u0107 praktyczne wskaz\u00f3wki, kt\u00f3re pomog\u0105 Ci wybra\u0107 idealny upominek czy dopasowa\u0107 odpowiedni str\u00f3j. Ponadto, interesuj\u0119 si\u0119 mod\u0105, co wida\u0107 w moich wpisach na temat najnowszych trend\u00f3w w ubraniach i dodatkach. Artyku\u0142y dotycz\u0105ce bi\u017cuterii czy ubra\u0144 to moja pasja, kt\u00f3r\u0105 staram si\u0119 przekazywa\u0107 w ka\u017cdym tek\u015bcie. Zapraszam Ci\u0119 do odkrywania pi\u0119kna w r\u00f3\u017cnych aspektach \u017cycia i do korzystania z moich inspiracji na tworzenie wyj\u0105tkowych prezent\u00f3w i stylizacji."}]}},"_links":{"self":[{"href":"https:\/\/www.pakamera.pl\/magazyn\/wp-json\/wp\/v2\/posts\/5143","targetHints":{"allow":["GET"]}}],"collection":[{"href":"https:\/\/www.pakamera.pl\/magazyn\/wp-json\/wp\/v2\/posts"}],"about":[{"href":"https:\/\/www.pakamera.pl\/magazyn\/wp-json\/wp\/v2\/types\/post"}],"author":[{"embeddable":true,"href":"https:\/\/www.pakamera.pl\/magazyn\/wp-json\/wp\/v2\/users\/13"}],"replies":[{"embeddable":true,"href":"https:\/\/www.pakamera.pl\/magazyn\/wp-json\/wp\/v2\/comments?post=5143"}],"version-history":[{"count":3,"href":"https:\/\/www.pakamera.pl\/magazyn\/wp-json\/wp\/v2\/posts\/5143\/revisions"}],"predecessor-version":[{"id":12807,"href":"https:\/\/www.pakamera.pl\/magazyn\/wp-json\/wp\/v2\/posts\/5143\/revisions\/12807"}],"wp:featuredmedia":[{"embeddable":true,"href":"https:\/\/www.pakamera.pl\/magazyn\/wp-json\/wp\/v2\/media\/5145"}],"wp:attachment":[{"href":"https:\/\/www.pakamera.pl\/magazyn\/wp-json\/wp\/v2\/media?parent=5143"}],"wp:term":[{"taxonomy":"category","embeddable":true,"href":"https:\/\/www.pakamera.pl\/magazyn\/wp-json\/wp\/v2\/categories?post=5143"},{"taxonomy":"post_tag","embeddable":true,"href":"https:\/\/www.pakamera.pl\/magazyn\/wp-json\/wp\/v2\/tags?post=5143"}],"curies":[{"name":"wp","href":"https:\/\/api.w.org\/{rel}","templated":true}]}}