{"id":4874,"date":"2019-05-08T13:26:35","date_gmt":"2019-05-08T11:26:35","guid":{"rendered":"https:\/\/www.pakamera.pl\/magazyn\/?p=4874"},"modified":"2019-07-04T13:26:55","modified_gmt":"2019-07-04T11:26:55","slug":"torebki-w-modne-wzory","status":"publish","type":"post","link":"https:\/\/www.pakamera.pl\/magazyn\/torebki-w-modne-wzory\/","title":{"rendered":"Torebki w modne wzory"},"content":{"rendered":"\n<p><strong>Jesie\u0144 i nadchodz\u0105ca zimna to cudowny czas leniwych sobotnich spacer\u00f3w. No takie wyj\u0105tkowe dni ka\u017cda kobieta pragnie przygotowa\u0107 swoj\u0105 garderob\u0119 wyposa\u017caj\u0105c j\u0105 w nowe <\/strong><a href=\"https:\/\/www.pakamera.pl\/torebki-0-1873.htm\"><strong>torebki<\/strong><\/a><strong>, ciep\u0142e we\u0142niane sweterki oraz ciep\u0142e p\u0142aszcze w kolorze karmelu i br\u0105zu. Wybieraj\u0105c nowe torebki poszukujemy nietypowych wzor\u00f3w. Zaczynaj\u0105c od modnej panterki, imitacji sk\u00f3ry w\u0119\u017ca, c\u0119tki a\u017c po modn\u0105 kratk\u0119. Wybieramy najpi\u0119kniejsze torebki od polskich projektant\u00f3w, kt\u00f3re znajdziecie na pakamera.pl. <\/strong><\/p>\n\n\n\n<figure class=\"wp-block-image\"><img loading=\"lazy\" decoding=\"async\" width=\"570\" height=\"570\" src=\"\/\/imgmag.pakamera.net\/2019\/07\/1-torebki-pakamerapl-570x570.jpg\" alt=\"\" class=\"wp-image-4876\" srcset=\"https:\/\/imgmag.pakamera.net\/2019\/07\/1-torebki-pakamerapl-570x570.jpg 570w, https:\/\/imgmag.pakamera.net\/2019\/07\/1-torebki-pakamerapl-240x240.jpg 240w\" sizes=\"auto, (max-width: 570px) 100vw, 570px\" \/><\/figure>\n\n\n\n<p><strong>Torebki i <a href=\"https:\/\/www.pakamera.pl\/kopertowki-0-1877.htm\">kopert\u00f3wki<\/a> w panterk\u0119<\/strong><br> Niewielkie torebki, kt\u00f3re przewieszamy przez rami\u0119 na z\u0142otym lub srebrnym \u0142a\u0144cuszku to HIT jesiennych stylizacji. Ma\u0142e torebki w panterk\u0119 dopasujemy do karmelowego zimowego p\u0142aszcza oraz sk\u00f3rzanej, jesiennej ramoneski w towarzystwie wygodnych sk\u00f3rzanych botk\u00f3w. Torebki z wykorzystaniem wzoru panterki to powracaj\u0105cych trend nie tylko aktualnej jesieni. Panterka to jeden z najciekawszych motyw\u00f3w zwierz\u0119cych, kt\u00f3ry stale powraca do wielu dziewcz\u0119cych stylizacji. Tegoroczna jesie\u0144 nie mo\u017ce si\u0119 odby\u0107 bez ma\u0142ej torebki na rami\u0119 z motywem panterki lub modnej kratki. Odwa\u017cny motyw zwierz\u0119cy doda pazurka ka\u017cdej kobiecej stylizacji. Wybierz rozmiar torebki tak aby pomie\u015bci\u0107 wszystkie potrzebne dodatki do pracy lub na uczelni\u0119. Panterka to odwa\u017cny wz\u00f3r stworzony do intryguj\u0105cych stylizacji, kt\u00f3re na pewno wyr\u00f3\u017cniaj\u0105 si\u0119 w t\u0142umie. Drapie\u017cna torebka w panterk\u0119 to HIT tegorocznej jesieni, kt\u00f3ry musi si\u0119 znale\u017a\u0107 w ka\u017cdej kobiecej garderobie. <\/p>\n\n\n\n<figure class=\"wp-block-image\"><img decoding=\"async\" src=\"\/\/imgmag.pakamera.net\/2019\/07\/2-torebki-pakamerapl-570x570.jpg\" alt=\"\" class=\"wp-image-4875\"\/><\/figure>\n\n\n\n<p><strong><a href=\"https:\/\/www.pakamera.pl\/torebki-mini-0-1875.htm\">Torebki mini <\/a>z imitacja sk\u00f3ry w\u0119\u017ca<\/strong><br> Imitacja sk\u00f3ry w\u0119\u017ca jako motyw na torebkach to odwa\u017cny wz\u00f3r, kt\u00f3ry ch\u0119tnie dopasujemy do eleganckiego looku oraz jako dodatek do sportowych but\u00f3w lub puchowej kurtki na jesie\u0144 i zim\u0119. Imitacja sk\u00f3ry w\u0119\u017ca na ulubionej torebce to prze\u0142amanie elegancji z codziennym prostym minimalistycznym lookiem. Do jesiennej torebki z motywem sk\u00f3ry w\u0119\u017ca dopasuj minimalistyczne bransoletki oraz kolczyki w rozmiarze XXL, kt\u00f3re dodadz\u0105 smaku i charakteru codziennej stylizacji. Imitacja sk\u00f3ry w\u0119\u017ca na ulubionej torebce to dodatek, kt\u00f3ry pozostanie nie tylko na jesienny sezon ale r\u00f3wnie\u017c zagra w wiosennych i letnich stylizacjach. Ma\u0142a elegancka torebka z motywem sk\u00f3ry w\u0119\u017ca to odwa\u017cny dodatek, kt\u00f3ry mo\u017ce pe\u0142ni\u0107 g\u0142\u00f3wn\u0105 rol\u0119 w stylizacji z czarn\u0105 sukienk\u0119 lub by\u0107 komponentem do odwa\u017cnych kolor\u00f3w oraz kwiecistej sukienki. Jesie\u0144 to czas, kiedy mo\u017cna szale\u0107 i dobiera\u0107 nietypowe wzory zaczynaj\u0105c od panterki c\u0119tki oraz kwiaty i \u0142\u0105czy\u0107 w to ciekawe stylizacje. <\/p>\n\n\n\n<figure class=\"wp-block-image\"><img loading=\"lazy\" decoding=\"async\" width=\"570\" height=\"570\" src=\"\/\/imgmag.pakamera.net\/2019\/07\/3-torebki-pakamerapl-570x570.jpg\" alt=\"\" class=\"wp-image-4877\" srcset=\"https:\/\/imgmag.pakamera.net\/2019\/07\/3-torebki-pakamerapl-570x570.jpg 570w, https:\/\/imgmag.pakamera.net\/2019\/07\/3-torebki-pakamerapl-240x240.jpg 240w, https:\/\/imgmag.pakamera.net\/2019\/07\/3-torebki-pakamerapl.jpg 735w\" sizes=\"auto, (max-width: 570px) 100vw, 570px\" \/><\/figure>\n\n\n\n<p><strong>Wzorzyste torebki i <a href=\"https:\/\/www.pakamera.pl\/plecaki-0-2668.htm\">plecaki<\/a> w kwiaty<\/strong><br>Jesieni\u0105 na chwil\u0119 zapominamy o \u015bwie\u017cych bukietach kwiat\u00f3w, kt\u00f3re towarzysz\u0105 nam w salonie lub w kuchni. Mo\u017cemy zamieni\u0107 je na kwiaty, kt\u00f3re dostrze\u017cemy na codziennych dodatkach takich jak bi\u017cuteria, torebki lub jako motyw przewodni do jesiennej sukienki. Botaniczny wz\u00f3r na torebkach haftowane kwiaty lub sk\u00f3ra z motywem kwiecistych bukiet\u00f3w to motyw torebki, kt\u00f3ry \u015bwietnie zagra w minimalistycznych stylizacjach z udzia\u0142em eleganckich botk\u00f3w, klasycznych p\u0142aszczy oraz prostych kolczyk\u00f3w. Kwiaty na torebce to niezast\u0105piony jesienny bukiet, kt\u00f3ry mo\u017ce nam towarzyszy\u0107 w codziennych stylizacjach. Dopasowuj\u0105c kolor kwiat\u00f3w zwr\u00f3\u0107 uwag\u0119 w jakim odcieniu posiadasz jesienny p\u0142aszcz lub zimow\u0105 kurtk\u0119 tak aby torebka w kwiaty \u015bwietnie wsp\u00f3\u0142gra z codzienn\u0105 damsk\u0105 garderob\u0105. <\/p>\n\n\n\n<figure class=\"wp-block-image\"><img loading=\"lazy\" decoding=\"async\" width=\"570\" height=\"570\" src=\"\/\/imgmag.pakamera.net\/2019\/07\/4-torebki-pakamerapl-570x570.jpg\" alt=\"\" class=\"wp-image-4878\" srcset=\"https:\/\/imgmag.pakamera.net\/2019\/07\/4-torebki-pakamerapl-570x570.jpg 570w, https:\/\/imgmag.pakamera.net\/2019\/07\/4-torebki-pakamerapl-240x240.jpg 240w, https:\/\/imgmag.pakamera.net\/2019\/07\/4-torebki-pakamerapl.jpg 735w\" sizes=\"auto, (max-width: 570px) 100vw, 570px\" \/><\/figure>\n\n\n\n<p><strong>Torebki w kratk\u0119<\/strong><br>Wybieraj\u0105c torebki do jesiennych stylizacji warto zwr\u00f3ci\u0107 uwag\u0119 na modn\u0105 krat\u0119 w tym sezonie. Odcienie be\u017cu br\u0105zu i butelkowej zieleni, kt\u00f3ry dostrze\u017cemy w modnym wzorze kraty to jesienne kolory, kt\u00f3re \u015bwietnie wsp\u00f3\u0142graj\u0105 z we\u0142nianym sweterkiem, karmelowym p\u0142aszczem lub zamszowymi be\u017cowymi botkami. Torebka w kratk\u0119 to HIT tegorocznej jesieni, kt\u00f3ry musi zago\u015bci\u0107 w kobiecej szafie i podkre\u015bli\u0107 codzienn\u0105 stylizacje do biura lub na uczelni\u0119. Kobieca torebka w kratk\u0119 pozostanie z nami nie tylko podczas jesieni ale r\u00f3wnie\u017c na zimowe spotkanie i do wiosennych sukienek. <\/p>\n\n\n\n<p>Wybieraj\u0105c\nwzorzyste torebki na jesie\u0144 i zim\u0119 warto zwr\u00f3ci\u0107 uwag\u0119 na ich\nmateria\u0142 z jakiego zosta\u0142y wykonane tak aby pozosta\u0142y z nami nie\ntylko na jeden sezon. Wybierz nietypowe torebki od polskich\nprojektant\u00f3w na pakamera.pl, kt\u00f3rzy oferuj\u0105 niezliczon\u0105 ilo\u015b\u0107\nciekawych wzor\u00f3w i jesiennych kolor\u00f3w. \n<\/p>\n","protected":false},"excerpt":{"rendered":"<p>Jesie\u0144 i nadchodz\u0105ca zimna to cudowny czas leniwych sobotnich spacer\u00f3w. No takie wyj\u0105tkowe dni ka\u017cda kobieta pragnie przygotowa\u0107 swoj\u0105 garderob\u0119 wyposa\u017caj\u0105c j\u0105 w nowe torebki, ciep\u0142e we\u0142niane sweterki oraz ciep\u0142e<span class=\"more-dots\">&#8230;<\/span><\/p>\n","protected":false},"author":10,"featured_media":4875,"comment_status":"open","ping_status":"closed","sticky":false,"template":"","format":"standard","meta":{"footnotes":""},"categories":[3],"tags":[1606,918,916,1604],"class_list":["post-4874","post","type-post","status-publish","format-standard","has-post-thumbnail","hentry","category-moda","tag-damskie-torebki","tag-modne-torebki","tag-torebki","tag-torebki-polskie-marki"],"yoast_head":"<!-- This site is optimized with the Yoast SEO plugin v21.6 - https:\/\/yoast.com\/wordpress\/plugins\/seo\/ -->\n<title>Torebki w modne wzory od polskich projektant\u00f3w - Pakamera.pl<\/title>\n<meta name=\"description\" content=\"Wybieraj\u0105c nowe torebki poszukujemy nietypowych wzor\u00f3w. Zaczynaj\u0105c od modnej panterki, imitacji sk\u00f3ry w\u0119\u017ca, c\u0119tki a\u017c po modn\u0105 kratk\u0119.\" \/>\n<meta name=\"robots\" content=\"index, follow\" \/>\n<link rel=\"canonical\" href=\"https:\/\/www.pakamera.pl\/magazyn\/torebki-w-modne-wzory\/\" \/>\n<meta property=\"og:locale\" content=\"pl_PL\" \/>\n<meta property=\"og:type\" content=\"article\" \/>\n<meta property=\"og:title\" content=\"Torebki w modne wzory od polskich projektant\u00f3w - Pakamera.pl\" \/>\n<meta property=\"og:description\" content=\"Wybieraj\u0105c nowe torebki poszukujemy nietypowych wzor\u00f3w. Zaczynaj\u0105c od modnej panterki, imitacji sk\u00f3ry w\u0119\u017ca, c\u0119tki a\u017c po modn\u0105 kratk\u0119.\" \/>\n<meta property=\"og:url\" content=\"https:\/\/www.pakamera.pl\/magazyn\/torebki-w-modne-wzory\/\" \/>\n<meta property=\"og:site_name\" content=\"Magazyn Pakamera.pl\" \/>\n<meta property=\"article:publisher\" content=\"https:\/\/facebook.com\/pakamerapl\" \/>\n<meta property=\"article:published_time\" content=\"2019-05-08T11:26:35+00:00\" \/>\n<meta property=\"article:modified_time\" content=\"2019-07-04T11:26:55+00:00\" \/>\n<meta property=\"og:image\" content=\"\/\/imgmag.pakamera.net\/2019\/07\/2-torebki-pakamerapl.jpg\" \/>\n\t<meta property=\"og:image:width\" content=\"1080\" \/>\n\t<meta property=\"og:image:height\" content=\"1080\" \/>\n\t<meta property=\"og:image:type\" content=\"image\/jpeg\" \/>\n<meta name=\"author\" content=\"Monika Komorowska\" \/>\n<meta name=\"twitter:card\" content=\"summary_large_image\" \/>\n<meta name=\"twitter:label1\" content=\"Napisane przez\" \/>\n\t<meta name=\"twitter:data1\" content=\"Monika Komorowska\" \/>\n\t<meta name=\"twitter:label2\" content=\"Szacowany czas czytania\" \/>\n\t<meta name=\"twitter:data2\" content=\"4 minuty\" \/>\n<script type=\"application\/ld+json\" class=\"yoast-schema-graph\">{\"@context\":\"https:\/\/schema.org\",\"@graph\":[{\"@type\":\"Article\",\"@id\":\"https:\/\/www.pakamera.pl\/magazyn\/torebki-w-modne-wzory\/#article\",\"isPartOf\":{\"@id\":\"https:\/\/www.pakamera.pl\/magazyn\/torebki-w-modne-wzory\/\"},\"author\":{\"name\":\"Monika Komorowska\",\"@id\":\"https:\/\/www.pakamera.pl\/magazyn\/#\/schema\/person\/1e4a07a2f8939d490324a9f8dcea166f\"},\"headline\":\"Torebki w modne wzory\",\"datePublished\":\"2019-05-08T11:26:35+00:00\",\"dateModified\":\"2019-07-04T11:26:55+00:00\",\"mainEntityOfPage\":{\"@id\":\"https:\/\/www.pakamera.pl\/magazyn\/torebki-w-modne-wzory\/\"},\"wordCount\":717,\"commentCount\":0,\"publisher\":{\"@id\":\"https:\/\/www.pakamera.pl\/magazyn\/#organization\"},\"keywords\":[\"damskie torebki\",\"modne torebki\",\"torebki\",\"torebki polskie marki\"],\"articleSection\":[\"Moda\"],\"inLanguage\":\"pl-PL\",\"potentialAction\":[{\"@type\":\"CommentAction\",\"name\":\"Comment\",\"target\":[\"https:\/\/www.pakamera.pl\/magazyn\/torebki-w-modne-wzory\/#respond\"]}]},{\"@type\":\"WebPage\",\"@id\":\"https:\/\/www.pakamera.pl\/magazyn\/torebki-w-modne-wzory\/\",\"url\":\"https:\/\/www.pakamera.pl\/magazyn\/torebki-w-modne-wzory\/\",\"name\":\"Torebki w modne wzory od polskich projektant\u00f3w - Pakamera.pl\",\"isPartOf\":{\"@id\":\"https:\/\/www.pakamera.pl\/magazyn\/#website\"},\"datePublished\":\"2019-05-08T11:26:35+00:00\",\"dateModified\":\"2019-07-04T11:26:55+00:00\",\"description\":\"Wybieraj\u0105c nowe torebki poszukujemy nietypowych wzor\u00f3w. Zaczynaj\u0105c od modnej panterki, imitacji sk\u00f3ry w\u0119\u017ca, c\u0119tki a\u017c po modn\u0105 kratk\u0119.\",\"breadcrumb\":{\"@id\":\"https:\/\/www.pakamera.pl\/magazyn\/torebki-w-modne-wzory\/#breadcrumb\"},\"inLanguage\":\"pl-PL\",\"potentialAction\":[{\"@type\":\"ReadAction\",\"target\":[\"https:\/\/www.pakamera.pl\/magazyn\/torebki-w-modne-wzory\/\"]}]},{\"@type\":\"BreadcrumbList\",\"@id\":\"https:\/\/www.pakamera.pl\/magazyn\/torebki-w-modne-wzory\/#breadcrumb\",\"itemListElement\":[{\"@type\":\"ListItem\",\"position\":1,\"name\":\"Magazyn\",\"item\":\"https:\/\/www.pakamera.pl\/magazyn\/\"},{\"@type\":\"ListItem\",\"position\":2,\"name\":\"Moda\",\"item\":\"https:\/\/www.pakamera.pl\/magazyn\/category\/moda\/\"},{\"@type\":\"ListItem\",\"position\":3,\"name\":\"Torebki w modne wzory\"}]},{\"@type\":\"WebSite\",\"@id\":\"https:\/\/www.pakamera.pl\/magazyn\/#website\",\"url\":\"https:\/\/www.pakamera.pl\/magazyn\/\",\"name\":\"Magazyn Pakamera.pl\",\"description\":\"Sprawd\u017a najgor\u0119tsze tematy sezonu!\",\"publisher\":{\"@id\":\"https:\/\/www.pakamera.pl\/magazyn\/#organization\"},\"potentialAction\":[{\"@type\":\"SearchAction\",\"target\":{\"@type\":\"EntryPoint\",\"urlTemplate\":\"https:\/\/www.pakamera.pl\/magazyn\/?s={search_term_string}\"},\"query-input\":\"required name=search_term_string\"}],\"inLanguage\":\"pl-PL\"},{\"@type\":\"Organization\",\"@id\":\"https:\/\/www.pakamera.pl\/magazyn\/#organization\",\"name\":\"Pakamera.pl\",\"url\":\"https:\/\/www.pakamera.pl\/magazyn\/\",\"logo\":{\"@type\":\"ImageObject\",\"inLanguage\":\"pl-PL\",\"@id\":\"https:\/\/www.pakamera.pl\/magazyn\/#\/schema\/logo\/image\/\",\"url\":\"https:\/\/imgmag.pakamera.net\/2023\/11\/153455466619.png\",\"contentUrl\":\"https:\/\/imgmag.pakamera.net\/2023\/11\/153455466619.png\",\"width\":690,\"height\":140,\"caption\":\"Pakamera.pl\"},\"image\":{\"@id\":\"https:\/\/www.pakamera.pl\/magazyn\/#\/schema\/logo\/image\/\"},\"sameAs\":[\"https:\/\/facebook.com\/pakamerapl\",\"https:\/\/www.instagram.com\/pakamera\/\"]},{\"@type\":\"Person\",\"@id\":\"https:\/\/www.pakamera.pl\/magazyn\/#\/schema\/person\/1e4a07a2f8939d490324a9f8dcea166f\",\"name\":\"Monika Komorowska\",\"description\":\"Jestem entuzjastk\u0105 mody, designu wn\u0119trz oraz sztuki dekoracji. Moje pasje po\u0142\u0105czone z mi\u0142o\u015bci\u0105 do inspiracji i prezent\u00f3w sprawi\u0142y, \u017ce tworz\u0119 tre\u015bci, kt\u00f3re pomagaj\u0105 uczyni\u0107 \u017cycie pi\u0119kniejszym i bardziej wyj\u0105tkowym. W moich postach znajdziesz wiele inspiracji dotycz\u0105cych prezent\u00f3w na r\u00f3\u017cne okazje, od Dnia Dziecka po \u015awi\u0119to Zakochanych. Stawiam na oryginalno\u015b\u0107 i niebanalne pomys\u0142y, kt\u00f3re pomog\u0105 Ci znale\u017a\u0107 idealny upominek dla bliskich. Ponadto, interesuj\u0119 si\u0119 mod\u0105 i designem, co wida\u0107 w moich wpisach na temat najnowszych trend\u00f3w w ubraniach, torebkach i bi\u017cuterii. W artyku\u0142ach dotycz\u0105cych wn\u0119trz dziel\u0119 si\u0119 pomys\u0142ami na dekoracje, aran\u017cacje oraz dodatki, kt\u00f3re sprawi\u0105, \u017ce Tw\u00f3j dom stanie si\u0119 jeszcze pi\u0119kniejszy. Zapraszam Ci\u0119 do odkrywania pi\u0119kna w r\u00f3\u017cnych aspektach \u017cycia i do korzystania z moich pomys\u0142\u00f3w na tworzenie wyj\u0105tkowych chwil i przestrzeni.\"}]}<\/script>\n<!-- \/ Yoast SEO plugin. -->","yoast_head_json":{"title":"Torebki w modne wzory od polskich projektant\u00f3w - Pakamera.pl","description":"Wybieraj\u0105c nowe torebki poszukujemy nietypowych wzor\u00f3w. Zaczynaj\u0105c od modnej panterki, imitacji sk\u00f3ry w\u0119\u017ca, c\u0119tki a\u017c po modn\u0105 kratk\u0119.","robots":{"index":"index","follow":"follow"},"canonical":"https:\/\/www.pakamera.pl\/magazyn\/torebki-w-modne-wzory\/","og_locale":"pl_PL","og_type":"article","og_title":"Torebki w modne wzory od polskich projektant\u00f3w - Pakamera.pl","og_description":"Wybieraj\u0105c nowe torebki poszukujemy nietypowych wzor\u00f3w. Zaczynaj\u0105c od modnej panterki, imitacji sk\u00f3ry w\u0119\u017ca, c\u0119tki a\u017c po modn\u0105 kratk\u0119.","og_url":"https:\/\/www.pakamera.pl\/magazyn\/torebki-w-modne-wzory\/","og_site_name":"Magazyn Pakamera.pl","article_publisher":"https:\/\/facebook.com\/pakamerapl","article_published_time":"2019-05-08T11:26:35+00:00","article_modified_time":"2019-07-04T11:26:55+00:00","og_image":[{"width":1080,"height":1080,"url":"\/\/imgmag.pakamera.net\/2019\/07\/2-torebki-pakamerapl.jpg","type":"image\/jpeg"}],"author":"Monika Komorowska","twitter_card":"summary_large_image","twitter_misc":{"Napisane przez":"Monika Komorowska","Szacowany czas czytania":"4 minuty"},"schema":{"@context":"https:\/\/schema.org","@graph":[{"@type":"Article","@id":"https:\/\/www.pakamera.pl\/magazyn\/torebki-w-modne-wzory\/#article","isPartOf":{"@id":"https:\/\/www.pakamera.pl\/magazyn\/torebki-w-modne-wzory\/"},"author":{"name":"Monika Komorowska","@id":"https:\/\/www.pakamera.pl\/magazyn\/#\/schema\/person\/1e4a07a2f8939d490324a9f8dcea166f"},"headline":"Torebki w modne wzory","datePublished":"2019-05-08T11:26:35+00:00","dateModified":"2019-07-04T11:26:55+00:00","mainEntityOfPage":{"@id":"https:\/\/www.pakamera.pl\/magazyn\/torebki-w-modne-wzory\/"},"wordCount":717,"commentCount":0,"publisher":{"@id":"https:\/\/www.pakamera.pl\/magazyn\/#organization"},"keywords":["damskie torebki","modne torebki","torebki","torebki polskie marki"],"articleSection":["Moda"],"inLanguage":"pl-PL","potentialAction":[{"@type":"CommentAction","name":"Comment","target":["https:\/\/www.pakamera.pl\/magazyn\/torebki-w-modne-wzory\/#respond"]}]},{"@type":"WebPage","@id":"https:\/\/www.pakamera.pl\/magazyn\/torebki-w-modne-wzory\/","url":"https:\/\/www.pakamera.pl\/magazyn\/torebki-w-modne-wzory\/","name":"Torebki w modne wzory od polskich projektant\u00f3w - Pakamera.pl","isPartOf":{"@id":"https:\/\/www.pakamera.pl\/magazyn\/#website"},"datePublished":"2019-05-08T11:26:35+00:00","dateModified":"2019-07-04T11:26:55+00:00","description":"Wybieraj\u0105c nowe torebki poszukujemy nietypowych wzor\u00f3w. Zaczynaj\u0105c od modnej panterki, imitacji sk\u00f3ry w\u0119\u017ca, c\u0119tki a\u017c po modn\u0105 kratk\u0119.","breadcrumb":{"@id":"https:\/\/www.pakamera.pl\/magazyn\/torebki-w-modne-wzory\/#breadcrumb"},"inLanguage":"pl-PL","potentialAction":[{"@type":"ReadAction","target":["https:\/\/www.pakamera.pl\/magazyn\/torebki-w-modne-wzory\/"]}]},{"@type":"BreadcrumbList","@id":"https:\/\/www.pakamera.pl\/magazyn\/torebki-w-modne-wzory\/#breadcrumb","itemListElement":[{"@type":"ListItem","position":1,"name":"Magazyn","item":"https:\/\/www.pakamera.pl\/magazyn\/"},{"@type":"ListItem","position":2,"name":"Moda","item":"https:\/\/www.pakamera.pl\/magazyn\/category\/moda\/"},{"@type":"ListItem","position":3,"name":"Torebki w modne wzory"}]},{"@type":"WebSite","@id":"https:\/\/www.pakamera.pl\/magazyn\/#website","url":"https:\/\/www.pakamera.pl\/magazyn\/","name":"Magazyn Pakamera.pl","description":"Sprawd\u017a najgor\u0119tsze tematy sezonu!","publisher":{"@id":"https:\/\/www.pakamera.pl\/magazyn\/#organization"},"potentialAction":[{"@type":"SearchAction","target":{"@type":"EntryPoint","urlTemplate":"https:\/\/www.pakamera.pl\/magazyn\/?s={search_term_string}"},"query-input":"required name=search_term_string"}],"inLanguage":"pl-PL"},{"@type":"Organization","@id":"https:\/\/www.pakamera.pl\/magazyn\/#organization","name":"Pakamera.pl","url":"https:\/\/www.pakamera.pl\/magazyn\/","logo":{"@type":"ImageObject","inLanguage":"pl-PL","@id":"https:\/\/www.pakamera.pl\/magazyn\/#\/schema\/logo\/image\/","url":"https:\/\/imgmag.pakamera.net\/2023\/11\/153455466619.png","contentUrl":"https:\/\/imgmag.pakamera.net\/2023\/11\/153455466619.png","width":690,"height":140,"caption":"Pakamera.pl"},"image":{"@id":"https:\/\/www.pakamera.pl\/magazyn\/#\/schema\/logo\/image\/"},"sameAs":["https:\/\/facebook.com\/pakamerapl","https:\/\/www.instagram.com\/pakamera\/"]},{"@type":"Person","@id":"https:\/\/www.pakamera.pl\/magazyn\/#\/schema\/person\/1e4a07a2f8939d490324a9f8dcea166f","name":"Monika Komorowska","description":"Jestem entuzjastk\u0105 mody, designu wn\u0119trz oraz sztuki dekoracji. Moje pasje po\u0142\u0105czone z mi\u0142o\u015bci\u0105 do inspiracji i prezent\u00f3w sprawi\u0142y, \u017ce tworz\u0119 tre\u015bci, kt\u00f3re pomagaj\u0105 uczyni\u0107 \u017cycie pi\u0119kniejszym i bardziej wyj\u0105tkowym. W moich postach znajdziesz wiele inspiracji dotycz\u0105cych prezent\u00f3w na r\u00f3\u017cne okazje, od Dnia Dziecka po \u015awi\u0119to Zakochanych. Stawiam na oryginalno\u015b\u0107 i niebanalne pomys\u0142y, kt\u00f3re pomog\u0105 Ci znale\u017a\u0107 idealny upominek dla bliskich. Ponadto, interesuj\u0119 si\u0119 mod\u0105 i designem, co wida\u0107 w moich wpisach na temat najnowszych trend\u00f3w w ubraniach, torebkach i bi\u017cuterii. W artyku\u0142ach dotycz\u0105cych wn\u0119trz dziel\u0119 si\u0119 pomys\u0142ami na dekoracje, aran\u017cacje oraz dodatki, kt\u00f3re sprawi\u0105, \u017ce Tw\u00f3j dom stanie si\u0119 jeszcze pi\u0119kniejszy. Zapraszam Ci\u0119 do odkrywania pi\u0119kna w r\u00f3\u017cnych aspektach \u017cycia i do korzystania z moich pomys\u0142\u00f3w na tworzenie wyj\u0105tkowych chwil i przestrzeni."}]}},"_links":{"self":[{"href":"https:\/\/www.pakamera.pl\/magazyn\/wp-json\/wp\/v2\/posts\/4874","targetHints":{"allow":["GET"]}}],"collection":[{"href":"https:\/\/www.pakamera.pl\/magazyn\/wp-json\/wp\/v2\/posts"}],"about":[{"href":"https:\/\/www.pakamera.pl\/magazyn\/wp-json\/wp\/v2\/types\/post"}],"author":[{"embeddable":true,"href":"https:\/\/www.pakamera.pl\/magazyn\/wp-json\/wp\/v2\/users\/10"}],"replies":[{"embeddable":true,"href":"https:\/\/www.pakamera.pl\/magazyn\/wp-json\/wp\/v2\/comments?post=4874"}],"version-history":[{"count":0,"href":"https:\/\/www.pakamera.pl\/magazyn\/wp-json\/wp\/v2\/posts\/4874\/revisions"}],"wp:featuredmedia":[{"embeddable":true,"href":"https:\/\/www.pakamera.pl\/magazyn\/wp-json\/wp\/v2\/media\/4875"}],"wp:attachment":[{"href":"https:\/\/www.pakamera.pl\/magazyn\/wp-json\/wp\/v2\/media?parent=4874"}],"wp:term":[{"taxonomy":"category","embeddable":true,"href":"https:\/\/www.pakamera.pl\/magazyn\/wp-json\/wp\/v2\/categories?post=4874"},{"taxonomy":"post_tag","embeddable":true,"href":"https:\/\/www.pakamera.pl\/magazyn\/wp-json\/wp\/v2\/tags?post=4874"}],"curies":[{"name":"wp","href":"https:\/\/api.w.org\/{rel}","templated":true}]}}