{"id":4871,"date":"2022-01-19T10:24:22","date_gmt":"2022-01-19T09:24:22","guid":{"rendered":"https:\/\/www.pakamera.pl\/magazyn\/?p=4871"},"modified":"2023-08-21T14:20:53","modified_gmt":"2023-08-21T12:20:53","slug":"skorzane-torebki-od-polskich-projektantow","status":"publish","type":"post","link":"https:\/\/www.pakamera.pl\/magazyn\/skorzane-torebki-od-polskich-projektantow\/","title":{"rendered":"Sk\u00f3rzane torebki od polskich projektant\u00f3w"},"content":{"rendered":"\r\n<p><strong><a href=\"https:\/\/www.pakamera.pl\/torebki-0-1873.htm\">T<\/a><a href=\"https:\/\/www.pakamera.pl\/torebki-0-1873.htm\">orebki<\/a> polskich projektant\u00f3w to wyj\u0105tkowy dodatek, kt\u00f3ry towarzyszy w pracy, szkole i podczas wa\u017cnych wyj\u015b\u0107. Ka\u017cda okoliczno\u015b\u0107 wymaga od kobiety innego rodzaju torebki do pracy wybieramy torebki w rozmiarze xxl, do szko\u0142y wygodne torebki na rami\u0119, na uczelnie torebki kt\u00f3re pomieszcz\u0105 wszelkie notatki, a na wyj\u015bcie ze znajomymi niewielkie torebki w rozmiarze xxs lub wygodne kopert\u00f3wki na \u0142a\u0144cuszku. Jak wybra\u0107 sk\u00f3rzane torebki, kt\u00f3re pos\u0142u\u017c\u0105 nam na d\u0142u\u017cej ni\u017c tylko jeden sezon?<\/strong><\/p>\r\n<p><!--more--><\/p>\r\n<p> <div class=\"pakawidget\" id=\"pakawidget149\"><\/div>\n<script async defer src=\"https:\/\/www.pakamera.pl\/widget\/widget2.min.js?id=149&#038;type=20200311130324&#038;wwidth=1000\"><\/script><\/p>\r\n<p>Na jaki kolor postawi\u0107 wybieraj\u0105c damskie sk\u00f3rzane torebki? Nieko\u0144cz\u0105ce si\u0119 pytania to kobiece dylematy, kt\u00f3re nieustannie towarzysz\u0105 podczas wyboru nowej torebki. Zagl\u0105damy do projekt\u00f3w od polskich marek na pakamera.pl w poszukiwaniu idealnej torebki na wiele okazji.<\/p>\r\n<p><strong>Ma\u0142a torebka XXS<\/strong><\/p>\r\n<figure id=\"attachment_6284\" aria-describedby=\"caption-attachment-6284\" style=\"width: 650px\" class=\"wp-caption alignnone\"><a href=\"https:\/\/www.pakamera.pl\/torby-na-ramie-damskie-polokragla-torebka-half-moon-czarna-nr2581119.htm\"><img loading=\"lazy\" decoding=\"async\" class=\"wp-image-6284 size-full\" src=\"\/\/imgmag.pakamera.net\/2020\/03\/skorzane-torebki-od-polskich-projektantow-3-e1599825766701.jpg\" alt=\"\" width=\"650\" height=\"606\" \/><\/a><figcaption id=\"caption-attachment-6284\" class=\"wp-caption-text\"><a href=\"https:\/\/www.pakamera.pl\/kulik-0_s12262402.htm\"><strong>Kulik<\/strong><\/a><\/figcaption><\/figure>\r\n<p>To ulubiony rodzaj torebki na wieczorne wyj\u015bcia. Najwa\u017cniejsze aby sk\u00f3rzana torebka posiada\u0142a miejsce na telefon, portfel oraz ewentualny kobiecy kosmetyk. Wieczorna torebka nie potrzebuje wi\u0119cej miejsca. <strong>Tego typu torebka koniecznie musi by\u0107 efektowna, pasowa\u0107 do wielu stylizacji i przyci\u0105ga\u0107 uwag\u0119<\/strong>. Sk\u00f3rzana ma\u0142a torebka w czerni to klasyk, kt\u00f3ry powinien znale\u017a\u0107 si\u0119 w ka\u017cdej kobiecej kolekcji torebek. Bez takiego modelu nie mo\u017cna si\u0119 obej\u015b\u0107!<\/p>\r\n<figure id=\"attachment_8842\" aria-describedby=\"caption-attachment-8842\" style=\"width: 1600px\" class=\"wp-caption alignnone\"><img loading=\"lazy\" decoding=\"async\" class=\"wp-image-8842 size-full\" src=\"https:\/\/imgmag.pakamera.net\/2022\/01\/skorzane-torebki-od-polskich-projektantow-141753463434.jpg\" alt=\"br\u0105zowa torebka sk\u00f3rzana damska\" width=\"1600\" height=\"840\" srcset=\"https:\/\/imgmag.pakamera.net\/2022\/01\/skorzane-torebki-od-polskich-projektantow-141753463434.jpg 1600w, https:\/\/imgmag.pakamera.net\/2022\/01\/skorzane-torebki-od-polskich-projektantow-141753463434-1536x806.jpg 1536w\" sizes=\"auto, (max-width: 1600px) 100vw, 1600px\" \/><figcaption id=\"caption-attachment-8842\" class=\"wp-caption-text\">Torebka sk\u00f3rzana r\u0119cznie robiona g\u00f3ralska Sol br\u0105zowa na rami\u0119 \/ SempreArte<\/figcaption><\/figure>\r\n<p>Moda zmienia si\u0119 nieustannie jednak ma\u0142a sk\u00f3rzana torebka to klasyk kobieco\u015bci, kt\u00f3ry pasuje zar\u00f3wno do lu\u017anych stylizacji z bia\u0142\u0105 bluzk\u0105 i jeansami jak r\u00f3wnie\u017c z ma\u0142\u0105 czarn\u0105 sukienk\u0105 i obcasami<strong>. Pami\u0119tajcie aby ma\u0142a torebka mia\u0142a regulowany pasek, kt\u00f3ry pozwoli nosi\u0107 j\u0105 w modnej kr\u00f3tszej wersji jak r\u00f3wnie\u017c jako przepasan\u0105 przez rami\u0119 torebk\u0119 na taneczne imprezy<\/strong>. Ma\u0142a czarna torebka w szybki spos\u00f3b mo\u017ce sta\u0107 si\u0119 eleganck\u0105 kopert\u00f3wk\u0105 na wa\u017cne wyj\u015bcia.<\/p>\r\n<p>Mnogo\u015b\u0107 modeli i kolor\u00f3w sprawi, \u017ce w naszym sklepie Pakamera.pl ka\u017cdy znajdzie co\u015b dla siebie.<\/p>\r\n<p><strong>Torebki XXL<\/strong><\/p>\r\n<figure id=\"attachment_7888\" aria-describedby=\"caption-attachment-7888\" style=\"width: 1080px\" class=\"wp-caption alignnone\"><img loading=\"lazy\" decoding=\"async\" class=\"wp-image-7888 size-full\" src=\"\/\/imgmag.pakamera.net\/2020\/03\/skorzane-torebki-od-polskich-projektantow-4.jpg\" alt=\"torba xxl\" width=\"1080\" height=\"1080\" srcset=\"https:\/\/imgmag.pakamera.net\/2020\/03\/skorzane-torebki-od-polskich-projektantow-4.jpg 1080w, https:\/\/imgmag.pakamera.net\/2020\/03\/skorzane-torebki-od-polskich-projektantow-4-570x570.jpg 570w, https:\/\/imgmag.pakamera.net\/2020\/03\/skorzane-torebki-od-polskich-projektantow-4-240x240.jpg 240w\" sizes=\"auto, (max-width: 1080px) 100vw, 1080px\" \/><figcaption id=\"caption-attachment-7888\" class=\"wp-caption-text\">&#8222;Mimi&#8221; shopper z regulowanymi r\u0105czkami \/ Hedonism<\/figcaption><\/figure>\r\n<p>To rodzaj torebki, kt\u00f3ry nieustannie przydaje si\u0119 w ka\u017cdej sytuacji, zaczynaj\u0105c od wyj\u015bcia do pracy a\u017c po weekend za miastem, gdzie spakujemy najpotrzebniejsze rzeczy do du\u017cej sk\u00f3rzanej torebki. Sk\u00f3ra z kt\u00f3rej wykonana jest torebka w rozmiarze xxl potrzebuje sta\u0142ej opieki, aby z czasem nie traci\u0142a na jako\u015bci.<strong> Torebki wykonane z wysokiej jako\u015bci sk\u00f3ry na d\u0142ugo pos\u0142u\u017c\u0105 nam jako ulubiona torebka do pracy<\/strong>. W takiej torbie pomie\u015bcimy dokumenty, kalendarz, kosmetyki oraz znajdzie si\u0119 dodatkowe miejsce na drugie \u015bniadanie.<\/p>\r\n<p><a href=\"https:\/\/www.pakamera.pl\/torby-xxl-0-1876.htm\">Torby xxl<\/a> wcale nie musz\u0105 by\u0107 ci\u0119\u017ckie, wykonana z lekkiej sk\u00f3ry, na delikatnej lekkiej podszewce wcale nie sprawi, \u017ce codziennie b\u0119dziemy d\u017awiga\u0107 nadmiar zb\u0119dnych kilogram\u00f3w. Jedynym minusem ogromnej torebki jest ilo\u015b\u0107 miejsca, kt\u00f3ra mo\u017ce by\u0107 nadmiernie wykorzystywana do spakowania nawet niepotrzebnych nam na co dzie\u0144 rzeczy. Porz\u0105dek w torebce xxl to na pewno nie \u0142atwe zadanie. Jak\u0105 wybiera\u0107 torebk\u0119 do pracy? Torebka kuferek, sk\u00f3rzany worek na ramie, elegancka torebka akt\u00f3wka w kt\u00f3rej znajdzie si\u0119 miejsce na laptopa, czy sk\u00f3rzana torebka na rami\u0119? Ka\u017cda z nich na pewno pomie\u015bci wszelkie kobiece drobiazgi.<\/p>\r\n\r\n\r\n\r\n\r\n\r\n\r\n\r\n<p><strong>Torebka listonoszka &#8211; sk\u00f3rzane <a href=\"https:\/\/www.pakamera.pl\/torby-na-ramie-0-1818.htm\">torby na rami\u0119<\/a><\/strong><\/p>\r\n<figure id=\"attachment_7889\" aria-describedby=\"caption-attachment-7889\" style=\"width: 557px\" class=\"wp-caption alignnone\"><img loading=\"lazy\" decoding=\"async\" class=\"wp-image-7889 size-full\" src=\"\/\/imgmag.pakamera.net\/2020\/03\/skorzane-torebki-od-polskich-projektantow-5.jpg\" alt=\"torebka baguette\" width=\"557\" height=\"711\" \/><figcaption id=\"caption-attachment-7889\" class=\"wp-caption-text\">Black Crocodile &#8222;Baguette Bag&#8221; \/ LEPOLLEN<\/figcaption><\/figure>\r\n<p>Wygodny klasyk torebki, kt\u00f3ra spe\u0142nia za\u0142o\u017cenia ani za du\u017cej ani za ma\u0142ej torebki. Zmie\u015bci si\u0119 wi\u0119cej ni\u017c tylko telefon a b\u0119dzie mniej miejsca jak w ogromnej torebce do pracy. Rozmiar listonoszki zazwyczaj przydaje si\u0119 jako wygodna, sk\u00f3rzana torebka na wyj\u015bcie na miasto. Kiedy w ci\u0105gu dnia potrzebujemy za\u0142atwi\u0107 kilka spraw, a przy okazji przyda nam si\u0119 odrobina akcesori\u00f3w od kosmetyk\u00f3w, po kalendarz w rozmiarze xxs oraz telefon i portfel.<\/p>\r\n<p>Przepasane sk\u00f3rzane torebki mog\u0105 by\u0107 w kontrastuj\u0105cym kolorze dobrane do wygodnych but\u00f3w. Kolory listonoszki to najmodniejszy delikatny be\u017c oraz br\u0105zy. Torebka spe\u0142ni za\u0142o\u017cenia codziennego damskiego towarzysza, a przy okazji b\u0119dzie pasowa\u0107 zar\u00f3wno do jesiennych jak i letnich stylizacji<strong>. Wybieraj\u0105c torebk\u0119 zwr\u00f3\u0107my uwag\u0119 na wewn\u0119trzne kieszonki i przegr\u00f3dki, kt\u00f3re przydadz\u0105 si\u0119 podczas porz\u0105dkowania<\/strong> w damskiej torebce. Jak wiemy utrzymanie \u0142adu w torebce wcale nie jest proste! Czy macie ju\u017c sw\u00f3j ulubiony kr\u00f3j <a target=\"_blank\" rel=\"nofollow\" href=\"https:\/\/www.pakamera.pl\/magazyn\/goto\/https:\/\/www.example.pl\/torebki-nashe-naturalna-skora-cieple-kolory-i-kobiece-fasony-299673.htm\" >torebki od polskich projektant\u00f3w<\/a>?<\/p>\r\n<p><strong>Torba worek sk\u00f3rzany<\/strong><\/p>\r\n<figure id=\"attachment_7890\" aria-describedby=\"caption-attachment-7890\" style=\"width: 800px\" class=\"wp-caption alignnone\"><img loading=\"lazy\" decoding=\"async\" class=\"wp-image-7890 size-full\" src=\"\/\/imgmag.pakamera.net\/2020\/03\/skorzane-torebki-od-polskich-projektantow-6.jpg\" alt=\"torba worek sk\u00f3rzany\" width=\"800\" height=\"1200\" \/><figcaption id=\"caption-attachment-7890\" class=\"wp-caption-text\">Worek sk\u00f3rzany szary torba worek Nashe \/ NASHE<\/figcaption><\/figure>\r\n<p>Je\u015bli lubicie pojemne ale jednak nie tak du\u017ce torby idealnym rozwi\u0105zaniem b\u0119dzie torba worek sk\u00f3rzana. Ich najwi\u0119kszym atutem jest to, \u017ce pasuj\u0105 one do ka\u017cdej stylizacji. B\u0119d\u0105 si\u0119 super prezentowa\u0107 zar\u00f3wno do stylizacji eleganckich jak i casualowych czy nawet sportowych. Torba worek sk\u00f3rzana idealnie sprawdzi si\u0119 r\u00f3wnie\u017c na co dzie\u0144. Spakujesz do niej wszystkie niezb\u0119dne codzienne przedmioty a nawet troch\u0119 wi\u0119cej. Torby worki charakteryzuj\u0105 si\u0119 tym, \u017ce ich niepozorny wygl\u0105d sprawia, \u017ce b\u0119dziesz pozytywnie zaskoczona ich pojemno\u015bci\u0105. Worki spisuj\u0105 si\u0119 zar\u00f3wno do stylizacji letnich jak i zimowych.<\/p>\r\n<p>Je\u015bli szukasz torby sk\u00f3rzanej od polskich projektant\u00f3w koniecznie zajrzyj na nasz\u0105 platform\u0119. Torb\u0105 sk\u00f3rzan\u0105 b\u0119dziesz mog\u0142a cieszy\u0107 si\u0119 przez d\u0142ugie lata a do tego z czasem sk\u00f3ra nabierze szlachetno\u015bci i koloru.<\/p>\r\n","protected":false},"excerpt":{"rendered":"<p>Torebki polskich projektant\u00f3w to wyj\u0105tkowy dodatek, kt\u00f3ry towarzyszy w pracy, szkole i podczas wa\u017cnych wyj\u015b\u0107. Ka\u017cda okoliczno\u015b\u0107 wymaga od kobiety innego rodzaju torebki do pracy wybieramy torebki w rozmiarze xxl,<span class=\"more-dots\">&#8230;<\/span><\/p>\n","protected":false},"author":10,"featured_media":6283,"comment_status":"open","ping_status":"closed","sticky":false,"template":"","format":"standard","meta":{"footnotes":""},"categories":[3],"tags":[1548,1547,1604,1596,1605],"class_list":["post-4871","post","type-post","status-publish","format-standard","has-post-thumbnail","hentry","category-moda","tag-skorzane-torebki","tag-torebki-od-polskich-projektantow","tag-torebki-polskie-marki","tag-torebki-xxl","tag-torebki-ze-skory"],"yoast_head":"<!-- This site is optimized with the Yoast SEO plugin v21.6 - https:\/\/yoast.com\/wordpress\/plugins\/seo\/ -->\n<title>Wyj\u0105tkowe torebki polskich projektant\u00f3w - Pakamera.pl<\/title>\n<meta name=\"description\" content=\"Torebki polskich projektant\u00f3w to wyj\u0105tkowy dodatek, kt\u00f3ry towarzyszy w pracy, szkole i podczas wa\u017cnych wyj\u015b\u0107. Postaw na wyj\u0105tkowe torebki od proektant\u00f3w.\" \/>\n<meta name=\"robots\" content=\"index, follow\" \/>\n<link rel=\"canonical\" href=\"https:\/\/www.pakamera.pl\/magazyn\/skorzane-torebki-od-polskich-projektantow\/\" \/>\n<meta property=\"og:locale\" content=\"pl_PL\" \/>\n<meta property=\"og:type\" content=\"article\" \/>\n<meta property=\"og:title\" content=\"Wyj\u0105tkowe torebki polskich projektant\u00f3w - Pakamera.pl\" \/>\n<meta property=\"og:description\" content=\"Torebki polskich projektant\u00f3w to wyj\u0105tkowy dodatek, kt\u00f3ry towarzyszy w pracy, szkole i podczas wa\u017cnych wyj\u015b\u0107. Postaw na wyj\u0105tkowe torebki od proektant\u00f3w.\" \/>\n<meta property=\"og:url\" content=\"https:\/\/www.pakamera.pl\/magazyn\/skorzane-torebki-od-polskich-projektantow\/\" \/>\n<meta property=\"og:site_name\" content=\"Magazyn Pakamera.pl\" \/>\n<meta property=\"article:publisher\" content=\"https:\/\/facebook.com\/pakamerapl\" \/>\n<meta property=\"article:published_time\" content=\"2022-01-19T09:24:22+00:00\" \/>\n<meta property=\"article:modified_time\" content=\"2023-08-21T12:20:53+00:00\" \/>\n<meta property=\"og:image\" content=\"https:\/\/imgmag.pakamera.net\/2020\/03\/skorzane-torebki-od-polskich-projektantow-2.jpg\" \/>\n\t<meta property=\"og:image:width\" content=\"750\" \/>\n\t<meta property=\"og:image:height\" content=\"1124\" \/>\n\t<meta property=\"og:image:type\" content=\"image\/jpeg\" \/>\n<meta name=\"author\" content=\"Monika Komorowska\" \/>\n<meta name=\"twitter:card\" content=\"summary_large_image\" \/>\n<meta name=\"twitter:label1\" content=\"Napisane przez\" \/>\n\t<meta name=\"twitter:data1\" content=\"Monika Komorowska\" \/>\n\t<meta name=\"twitter:label2\" content=\"Szacowany czas czytania\" \/>\n\t<meta name=\"twitter:data2\" content=\"6 minut\" \/>\n<script type=\"application\/ld+json\" class=\"yoast-schema-graph\">{\"@context\":\"https:\/\/schema.org\",\"@graph\":[{\"@type\":\"Article\",\"@id\":\"https:\/\/www.pakamera.pl\/magazyn\/skorzane-torebki-od-polskich-projektantow\/#article\",\"isPartOf\":{\"@id\":\"https:\/\/www.pakamera.pl\/magazyn\/skorzane-torebki-od-polskich-projektantow\/\"},\"author\":{\"name\":\"Monika Komorowska\",\"@id\":\"https:\/\/www.pakamera.pl\/magazyn\/#\/schema\/person\/1e4a07a2f8939d490324a9f8dcea166f\"},\"headline\":\"Sk\u00f3rzane torebki od polskich projektant\u00f3w\",\"datePublished\":\"2022-01-19T09:24:22+00:00\",\"dateModified\":\"2023-08-21T12:20:53+00:00\",\"mainEntityOfPage\":{\"@id\":\"https:\/\/www.pakamera.pl\/magazyn\/skorzane-torebki-od-polskich-projektantow\/\"},\"wordCount\":926,\"commentCount\":0,\"publisher\":{\"@id\":\"https:\/\/www.pakamera.pl\/magazyn\/#organization\"},\"keywords\":[\"sk\u00f3rzane torebki\",\"Torebki od polskich projektant\u00f3w\",\"torebki polskie marki\",\"torebki xxl\",\"torebki ze sk\u00f3ry\"],\"articleSection\":[\"Moda\"],\"inLanguage\":\"pl-PL\",\"potentialAction\":[{\"@type\":\"CommentAction\",\"name\":\"Comment\",\"target\":[\"https:\/\/www.pakamera.pl\/magazyn\/skorzane-torebki-od-polskich-projektantow\/#respond\"]}]},{\"@type\":\"WebPage\",\"@id\":\"https:\/\/www.pakamera.pl\/magazyn\/skorzane-torebki-od-polskich-projektantow\/\",\"url\":\"https:\/\/www.pakamera.pl\/magazyn\/skorzane-torebki-od-polskich-projektantow\/\",\"name\":\"Wyj\u0105tkowe torebki polskich projektant\u00f3w - Pakamera.pl\",\"isPartOf\":{\"@id\":\"https:\/\/www.pakamera.pl\/magazyn\/#website\"},\"datePublished\":\"2022-01-19T09:24:22+00:00\",\"dateModified\":\"2023-08-21T12:20:53+00:00\",\"description\":\"Torebki polskich projektant\u00f3w to wyj\u0105tkowy dodatek, kt\u00f3ry towarzyszy w pracy, szkole i podczas wa\u017cnych wyj\u015b\u0107. Postaw na wyj\u0105tkowe torebki od proektant\u00f3w.\",\"breadcrumb\":{\"@id\":\"https:\/\/www.pakamera.pl\/magazyn\/skorzane-torebki-od-polskich-projektantow\/#breadcrumb\"},\"inLanguage\":\"pl-PL\",\"potentialAction\":[{\"@type\":\"ReadAction\",\"target\":[\"https:\/\/www.pakamera.pl\/magazyn\/skorzane-torebki-od-polskich-projektantow\/\"]}]},{\"@type\":\"BreadcrumbList\",\"@id\":\"https:\/\/www.pakamera.pl\/magazyn\/skorzane-torebki-od-polskich-projektantow\/#breadcrumb\",\"itemListElement\":[{\"@type\":\"ListItem\",\"position\":1,\"name\":\"Magazyn\",\"item\":\"https:\/\/www.pakamera.pl\/magazyn\/\"},{\"@type\":\"ListItem\",\"position\":2,\"name\":\"Moda\",\"item\":\"https:\/\/www.pakamera.pl\/magazyn\/category\/moda\/\"},{\"@type\":\"ListItem\",\"position\":3,\"name\":\"Sk\u00f3rzane torebki od polskich projektant\u00f3w\"}]},{\"@type\":\"WebSite\",\"@id\":\"https:\/\/www.pakamera.pl\/magazyn\/#website\",\"url\":\"https:\/\/www.pakamera.pl\/magazyn\/\",\"name\":\"Magazyn Pakamera.pl\",\"description\":\"Sprawd\u017a najgor\u0119tsze tematy sezonu!\",\"publisher\":{\"@id\":\"https:\/\/www.pakamera.pl\/magazyn\/#organization\"},\"potentialAction\":[{\"@type\":\"SearchAction\",\"target\":{\"@type\":\"EntryPoint\",\"urlTemplate\":\"https:\/\/www.pakamera.pl\/magazyn\/?s={search_term_string}\"},\"query-input\":\"required name=search_term_string\"}],\"inLanguage\":\"pl-PL\"},{\"@type\":\"Organization\",\"@id\":\"https:\/\/www.pakamera.pl\/magazyn\/#organization\",\"name\":\"Pakamera.pl\",\"url\":\"https:\/\/www.pakamera.pl\/magazyn\/\",\"logo\":{\"@type\":\"ImageObject\",\"inLanguage\":\"pl-PL\",\"@id\":\"https:\/\/www.pakamera.pl\/magazyn\/#\/schema\/logo\/image\/\",\"url\":\"https:\/\/imgmag.pakamera.net\/2023\/11\/153455466619.png\",\"contentUrl\":\"https:\/\/imgmag.pakamera.net\/2023\/11\/153455466619.png\",\"width\":690,\"height\":140,\"caption\":\"Pakamera.pl\"},\"image\":{\"@id\":\"https:\/\/www.pakamera.pl\/magazyn\/#\/schema\/logo\/image\/\"},\"sameAs\":[\"https:\/\/facebook.com\/pakamerapl\",\"https:\/\/www.instagram.com\/pakamera\/\"]},{\"@type\":\"Person\",\"@id\":\"https:\/\/www.pakamera.pl\/magazyn\/#\/schema\/person\/1e4a07a2f8939d490324a9f8dcea166f\",\"name\":\"Monika Komorowska\",\"description\":\"Jestem entuzjastk\u0105 mody, designu wn\u0119trz oraz sztuki dekoracji. Moje pasje po\u0142\u0105czone z mi\u0142o\u015bci\u0105 do inspiracji i prezent\u00f3w sprawi\u0142y, \u017ce tworz\u0119 tre\u015bci, kt\u00f3re pomagaj\u0105 uczyni\u0107 \u017cycie pi\u0119kniejszym i bardziej wyj\u0105tkowym. W moich postach znajdziesz wiele inspiracji dotycz\u0105cych prezent\u00f3w na r\u00f3\u017cne okazje, od Dnia Dziecka po \u015awi\u0119to Zakochanych. Stawiam na oryginalno\u015b\u0107 i niebanalne pomys\u0142y, kt\u00f3re pomog\u0105 Ci znale\u017a\u0107 idealny upominek dla bliskich. Ponadto, interesuj\u0119 si\u0119 mod\u0105 i designem, co wida\u0107 w moich wpisach na temat najnowszych trend\u00f3w w ubraniach, torebkach i bi\u017cuterii. W artyku\u0142ach dotycz\u0105cych wn\u0119trz dziel\u0119 si\u0119 pomys\u0142ami na dekoracje, aran\u017cacje oraz dodatki, kt\u00f3re sprawi\u0105, \u017ce Tw\u00f3j dom stanie si\u0119 jeszcze pi\u0119kniejszy. Zapraszam Ci\u0119 do odkrywania pi\u0119kna w r\u00f3\u017cnych aspektach \u017cycia i do korzystania z moich pomys\u0142\u00f3w na tworzenie wyj\u0105tkowych chwil i przestrzeni.\"}]}<\/script>\n<!-- \/ Yoast SEO plugin. -->","yoast_head_json":{"title":"Wyj\u0105tkowe torebki polskich projektant\u00f3w - Pakamera.pl","description":"Torebki polskich projektant\u00f3w to wyj\u0105tkowy dodatek, kt\u00f3ry towarzyszy w pracy, szkole i podczas wa\u017cnych wyj\u015b\u0107. Postaw na wyj\u0105tkowe torebki od proektant\u00f3w.","robots":{"index":"index","follow":"follow"},"canonical":"https:\/\/www.pakamera.pl\/magazyn\/skorzane-torebki-od-polskich-projektantow\/","og_locale":"pl_PL","og_type":"article","og_title":"Wyj\u0105tkowe torebki polskich projektant\u00f3w - Pakamera.pl","og_description":"Torebki polskich projektant\u00f3w to wyj\u0105tkowy dodatek, kt\u00f3ry towarzyszy w pracy, szkole i podczas wa\u017cnych wyj\u015b\u0107. Postaw na wyj\u0105tkowe torebki od proektant\u00f3w.","og_url":"https:\/\/www.pakamera.pl\/magazyn\/skorzane-torebki-od-polskich-projektantow\/","og_site_name":"Magazyn Pakamera.pl","article_publisher":"https:\/\/facebook.com\/pakamerapl","article_published_time":"2022-01-19T09:24:22+00:00","article_modified_time":"2023-08-21T12:20:53+00:00","og_image":[{"width":750,"height":1124,"url":"https:\/\/imgmag.pakamera.net\/2020\/03\/skorzane-torebki-od-polskich-projektantow-2.jpg","type":"image\/jpeg"}],"author":"Monika Komorowska","twitter_card":"summary_large_image","twitter_misc":{"Napisane przez":"Monika Komorowska","Szacowany czas czytania":"6 minut"},"schema":{"@context":"https:\/\/schema.org","@graph":[{"@type":"Article","@id":"https:\/\/www.pakamera.pl\/magazyn\/skorzane-torebki-od-polskich-projektantow\/#article","isPartOf":{"@id":"https:\/\/www.pakamera.pl\/magazyn\/skorzane-torebki-od-polskich-projektantow\/"},"author":{"name":"Monika Komorowska","@id":"https:\/\/www.pakamera.pl\/magazyn\/#\/schema\/person\/1e4a07a2f8939d490324a9f8dcea166f"},"headline":"Sk\u00f3rzane torebki od polskich projektant\u00f3w","datePublished":"2022-01-19T09:24:22+00:00","dateModified":"2023-08-21T12:20:53+00:00","mainEntityOfPage":{"@id":"https:\/\/www.pakamera.pl\/magazyn\/skorzane-torebki-od-polskich-projektantow\/"},"wordCount":926,"commentCount":0,"publisher":{"@id":"https:\/\/www.pakamera.pl\/magazyn\/#organization"},"keywords":["sk\u00f3rzane torebki","Torebki od polskich projektant\u00f3w","torebki polskie marki","torebki xxl","torebki ze sk\u00f3ry"],"articleSection":["Moda"],"inLanguage":"pl-PL","potentialAction":[{"@type":"CommentAction","name":"Comment","target":["https:\/\/www.pakamera.pl\/magazyn\/skorzane-torebki-od-polskich-projektantow\/#respond"]}]},{"@type":"WebPage","@id":"https:\/\/www.pakamera.pl\/magazyn\/skorzane-torebki-od-polskich-projektantow\/","url":"https:\/\/www.pakamera.pl\/magazyn\/skorzane-torebki-od-polskich-projektantow\/","name":"Wyj\u0105tkowe torebki polskich projektant\u00f3w - Pakamera.pl","isPartOf":{"@id":"https:\/\/www.pakamera.pl\/magazyn\/#website"},"datePublished":"2022-01-19T09:24:22+00:00","dateModified":"2023-08-21T12:20:53+00:00","description":"Torebki polskich projektant\u00f3w to wyj\u0105tkowy dodatek, kt\u00f3ry towarzyszy w pracy, szkole i podczas wa\u017cnych wyj\u015b\u0107. Postaw na wyj\u0105tkowe torebki od proektant\u00f3w.","breadcrumb":{"@id":"https:\/\/www.pakamera.pl\/magazyn\/skorzane-torebki-od-polskich-projektantow\/#breadcrumb"},"inLanguage":"pl-PL","potentialAction":[{"@type":"ReadAction","target":["https:\/\/www.pakamera.pl\/magazyn\/skorzane-torebki-od-polskich-projektantow\/"]}]},{"@type":"BreadcrumbList","@id":"https:\/\/www.pakamera.pl\/magazyn\/skorzane-torebki-od-polskich-projektantow\/#breadcrumb","itemListElement":[{"@type":"ListItem","position":1,"name":"Magazyn","item":"https:\/\/www.pakamera.pl\/magazyn\/"},{"@type":"ListItem","position":2,"name":"Moda","item":"https:\/\/www.pakamera.pl\/magazyn\/category\/moda\/"},{"@type":"ListItem","position":3,"name":"Sk\u00f3rzane torebki od polskich projektant\u00f3w"}]},{"@type":"WebSite","@id":"https:\/\/www.pakamera.pl\/magazyn\/#website","url":"https:\/\/www.pakamera.pl\/magazyn\/","name":"Magazyn Pakamera.pl","description":"Sprawd\u017a najgor\u0119tsze tematy sezonu!","publisher":{"@id":"https:\/\/www.pakamera.pl\/magazyn\/#organization"},"potentialAction":[{"@type":"SearchAction","target":{"@type":"EntryPoint","urlTemplate":"https:\/\/www.pakamera.pl\/magazyn\/?s={search_term_string}"},"query-input":"required name=search_term_string"}],"inLanguage":"pl-PL"},{"@type":"Organization","@id":"https:\/\/www.pakamera.pl\/magazyn\/#organization","name":"Pakamera.pl","url":"https:\/\/www.pakamera.pl\/magazyn\/","logo":{"@type":"ImageObject","inLanguage":"pl-PL","@id":"https:\/\/www.pakamera.pl\/magazyn\/#\/schema\/logo\/image\/","url":"https:\/\/imgmag.pakamera.net\/2023\/11\/153455466619.png","contentUrl":"https:\/\/imgmag.pakamera.net\/2023\/11\/153455466619.png","width":690,"height":140,"caption":"Pakamera.pl"},"image":{"@id":"https:\/\/www.pakamera.pl\/magazyn\/#\/schema\/logo\/image\/"},"sameAs":["https:\/\/facebook.com\/pakamerapl","https:\/\/www.instagram.com\/pakamera\/"]},{"@type":"Person","@id":"https:\/\/www.pakamera.pl\/magazyn\/#\/schema\/person\/1e4a07a2f8939d490324a9f8dcea166f","name":"Monika Komorowska","description":"Jestem entuzjastk\u0105 mody, designu wn\u0119trz oraz sztuki dekoracji. Moje pasje po\u0142\u0105czone z mi\u0142o\u015bci\u0105 do inspiracji i prezent\u00f3w sprawi\u0142y, \u017ce tworz\u0119 tre\u015bci, kt\u00f3re pomagaj\u0105 uczyni\u0107 \u017cycie pi\u0119kniejszym i bardziej wyj\u0105tkowym. W moich postach znajdziesz wiele inspiracji dotycz\u0105cych prezent\u00f3w na r\u00f3\u017cne okazje, od Dnia Dziecka po \u015awi\u0119to Zakochanych. Stawiam na oryginalno\u015b\u0107 i niebanalne pomys\u0142y, kt\u00f3re pomog\u0105 Ci znale\u017a\u0107 idealny upominek dla bliskich. Ponadto, interesuj\u0119 si\u0119 mod\u0105 i designem, co wida\u0107 w moich wpisach na temat najnowszych trend\u00f3w w ubraniach, torebkach i bi\u017cuterii. W artyku\u0142ach dotycz\u0105cych wn\u0119trz dziel\u0119 si\u0119 pomys\u0142ami na dekoracje, aran\u017cacje oraz dodatki, kt\u00f3re sprawi\u0105, \u017ce Tw\u00f3j dom stanie si\u0119 jeszcze pi\u0119kniejszy. Zapraszam Ci\u0119 do odkrywania pi\u0119kna w r\u00f3\u017cnych aspektach \u017cycia i do korzystania z moich pomys\u0142\u00f3w na tworzenie wyj\u0105tkowych chwil i przestrzeni."}]}},"_links":{"self":[{"href":"https:\/\/www.pakamera.pl\/magazyn\/wp-json\/wp\/v2\/posts\/4871","targetHints":{"allow":["GET"]}}],"collection":[{"href":"https:\/\/www.pakamera.pl\/magazyn\/wp-json\/wp\/v2\/posts"}],"about":[{"href":"https:\/\/www.pakamera.pl\/magazyn\/wp-json\/wp\/v2\/types\/post"}],"author":[{"embeddable":true,"href":"https:\/\/www.pakamera.pl\/magazyn\/wp-json\/wp\/v2\/users\/10"}],"replies":[{"embeddable":true,"href":"https:\/\/www.pakamera.pl\/magazyn\/wp-json\/wp\/v2\/comments?post=4871"}],"version-history":[{"count":0,"href":"https:\/\/www.pakamera.pl\/magazyn\/wp-json\/wp\/v2\/posts\/4871\/revisions"}],"wp:featuredmedia":[{"embeddable":true,"href":"https:\/\/www.pakamera.pl\/magazyn\/wp-json\/wp\/v2\/media\/6283"}],"wp:attachment":[{"href":"https:\/\/www.pakamera.pl\/magazyn\/wp-json\/wp\/v2\/media?parent=4871"}],"wp:term":[{"taxonomy":"category","embeddable":true,"href":"https:\/\/www.pakamera.pl\/magazyn\/wp-json\/wp\/v2\/categories?post=4871"},{"taxonomy":"post_tag","embeddable":true,"href":"https:\/\/www.pakamera.pl\/magazyn\/wp-json\/wp\/v2\/tags?post=4871"}],"curies":[{"name":"wp","href":"https:\/\/api.w.org\/{rel}","templated":true}]}}