{"id":4192,"date":"2021-09-02T10:10:01","date_gmt":"2021-09-02T08:10:01","guid":{"rendered":"https:\/\/www.pakamera.pl\/magazyn\/?p=4192"},"modified":"2025-06-06T14:50:08","modified_gmt":"2025-06-06T12:50:08","slug":"kratka-na-jesien","status":"publish","type":"post","link":"https:\/\/www.pakamera.pl\/magazyn\/kratka-na-jesien\/","title":{"rendered":"Kratka na jesie\u0144"},"content":{"rendered":"<p><strong>Bez wzgl\u0119du na zbli\u017caj\u0105c\u0105 si\u0119 por\u0119 roku, za ka\u017cdym razem pragniemy pod\u0105\u017ca\u0107 za trendami lub posiada\u0107 cho\u0107 jedn\u0105 rzecz, kt\u00f3ra b\u0119dzie nam przypomina\u0107 o motywie zbli\u017caj\u0105cej si\u0119 nowej pory roku. Lato to kwiaty, wiosn\u0105 grochy, a jesie\u0144 to kratka, kt\u00f3rej pragniemy w ka\u017cdym kolorze. <a href=\"https:\/\/www.pakamera.pl\/bluzki-koszule-0-2950.htm\">koszula damska<\/a> w tym sezonie jest pe\u0142na kratki! Zaczynaj\u0105c od czarno bia\u0142ej, a\u017c po odcienie br\u0105zu, zieleni oraz z\u0142ociste kolory miodu.\u00a0<\/strong> <!--more--><\/p>\n<div id=\"pakawidget252\" class=\"pakawidget\"><\/div>\n<p><script async defer src=\"https:\/\/www.pakamera.pl\/widget\/widget2.min.js?id=252&#038;type=20200907131953&#038;wwidth=1000\"><\/script><\/p>\n<p>Bluzka w kratk\u0119 nie zawsze oznacza klasyczn\u0105, eleganck\u0105 koszule z ko\u0142nierzykiem. Kratka po\u0142\u0105czona z niecodziennym wykrojem koszuli mo\u017ce \u015bwietnie zagra\u0107 do wielu jesiennych stylizacji. Koszul\u0119 no\u015b z eleganckimi spodniami, rozkloszowane <a href=\"https:\/\/www.pakamera.pl\/spodnice-0-1894.htm\">sp\u00f3dnice<\/a> lub do ciep\u0142ego we\u0142nianego sweterka. Koszule za\u0142o\u017cymy do eleganckiej stylizacji jak r\u00f3wnie\u017c na lu\u017ane spotkanie do jeans\u00f3w. Co powiecie na kratk\u0119 w kolorze zieleni? Jest nietypowo co znaczy \u017ce wiele os\u00f3b zwr\u00f3ci uwag\u0119 na tak\u0105 stylizacj\u0119! Koszula znajdziecie u polskiego projektanta HUZIOR.<\/p>\n<p><img loading=\"lazy\" decoding=\"async\" class=\"aligncenter size-full wp-image-4193\" src=\"\/\/imgmag.pakamera.net\/2018\/09\/pakamera-7.jpg\" alt=\"\" width=\"879\" height=\"1100\" \/><\/p>\n<p>Projekty od <a href=\"https:\/\/www.pakamera.pl\/aga-guz-0_s12195008.htm\"><strong>Aga Guz<\/strong><\/a> cechuj\u0105 si\u0119 najwy\u017csz\u0105 jako\u015bci\u0105 wykonania i materia\u0142\u00f3w oraz przywi\u0105zaniem do detali. Dzi\u0119ki temu mo\u017cemy podziwia\u0107 wyj\u0105tkowe sukienki i nietypowe <a href=\"https:\/\/www.pakamera.pl\/plaszcze-0-1905.htm\"><strong>p\u0142aszcze<\/strong><\/a>, kt\u00f3re skrad\u0142y nasze serca! To projekt w kt\u00f3rym nikt nie zostanie niezauwa\u017cony. W po\u0142\u0105czeniu z wysokimi botkami lub sportowym obuwiem mo\u017ce by\u0107 hitem jesiennych wyj\u015b\u0107!<\/p>\n<p><img loading=\"lazy\" decoding=\"async\" class=\"alignnone size-full wp-image-6237\" src=\"\/\/imgmag.pakamera.net\/2018\/09\/kratka-na-jesien-3.jpg\" alt=\"\" width=\"1000\" height=\"1200\" \/><\/p>\n<p>Kraciaste <a href=\"https:\/\/www.pakamera.pl\/marynarki-zakiety-bolerka-0-2018.htm\">marynarki<\/a> to must have kobiecej jesiennej szafy! W tym sezonie nie przyjmujemy wym\u00f3wki, \u017ce marynarka w kratk\u0119 jest nudna. Nic podobnego! To b\u0119dzie najbardziej rozchwytywana cz\u0119\u015b\u0107 kobiecej garderoby. Ka\u017cda z nas zaczyna marzy\u0107 o odpowiednio dopasowanej marynarce, kt\u00f3ra wsp\u00f3\u0142gra z jesiennymi stylizacjami. Na s\u0142oneczne spacery po\u015br\u00f3d z\u0142ocistej jesieni i deszczowe poranki. Kratka zawsze si\u0119 sprawdzi d wygodnych botk\u00f3w na obcasie i kaloszk\u00f3w. Eleganck\u0105 marynark\u0119 odnajdziecie u marki <a href=\"https:\/\/www.pakamera.pl\/\"><strong>Furelle<\/strong><\/a>.<\/p>\n<p><img loading=\"lazy\" decoding=\"async\" class=\"alignnone size-full wp-image-6234\" src=\"\/\/imgmag.pakamera.net\/2018\/09\/kratka-na-jesien.jpg\" alt=\"\" width=\"1200\" height=\"1200\" srcset=\"https:\/\/imgmag.pakamera.net\/2018\/09\/kratka-na-jesien.jpg 1200w, https:\/\/imgmag.pakamera.net\/2018\/09\/kratka-na-jesien-570x570.jpg 570w, https:\/\/imgmag.pakamera.net\/2018\/09\/kratka-na-jesien-240x240.jpg 240w\" sizes=\"auto, (max-width: 1200px) 100vw, 1200px\" \/><\/p>\n<p>Sukienka w kratk\u0119 od marki <strong>Freeshion<\/strong> to kusz\u0105cy akcent na jesienne randki w kinie, na spotkanie z przyjaci\u00f3\u0142mi i wyj\u015bcie z pracy!<\/p>\n<p><img loading=\"lazy\" decoding=\"async\" class=\"alignnone size-full wp-image-6236\" src=\"\/\/imgmag.pakamera.net\/2018\/09\/kratka-na-jesien-2.jpg\" alt=\"\" width=\"800\" height=\"1200\" \/><\/p>\n<p>Torebka w kratk\u0119 jako najlepszy akcent na pod\u0105\u017canie za kraciastym trendem. Torebka przyda si\u0119 do ka\u017cdej kobiecej stylizacji zar\u00f3wno w eleganckiej os\u0142onie jak r\u00f3wnie\u017c do trampk\u00f3w i bia\u0142ej podkoszulki. Naszym wyborem jest przepi\u0119kna torebka od marki <a href=\"https:\/\/www.pakamera.pl\/beltbag-0_s12261875.htm\"><strong>BELTBAG<\/strong><\/a>. Kraciaste wstawki s\u0105 subtelnym i bardzo efektywnym detalem. <span style=\"color: #800000;\">Wszystkie ubrania i dodatki w kratk\u0119 znajdziecie na <strong>Kratka na jesie\u0144.<\/strong><\/span><\/p>\n<p><img loading=\"lazy\" decoding=\"async\" class=\"alignnone size-full wp-image-6235\" src=\"\/\/imgmag.pakamera.net\/2018\/09\/kratka-na-jesien-1.jpg\" alt=\"\" width=\"900\" height=\"1200\" \/><\/p>\n<p>&nbsp;<\/p>\n","protected":false},"excerpt":{"rendered":"<p>Bez wzgl\u0119du na zbli\u017caj\u0105c\u0105 si\u0119 por\u0119 roku, za ka\u017cdym razem pragniemy pod\u0105\u017ca\u0107 za trendami lub posiada\u0107 cho\u0107 jedn\u0105 rzecz, kt\u00f3ra b\u0119dzie nam przypomina\u0107 o motywie zbli\u017caj\u0105cej si\u0119 nowej pory roku.<span class=\"more-dots\">&#8230;<\/span><\/p>\n","protected":false},"author":10,"featured_media":7631,"comment_status":"open","ping_status":"closed","sticky":false,"template":"","format":"standard","meta":{"footnotes":""},"categories":[3],"tags":[1955,1953,1954,962,411,1392,1388,1387,1389,1952,1390],"class_list":["post-4192","post","type-post","status-publish","format-standard","has-post-thumbnail","hentry","category-moda","tag-aga-guz","tag-beltbag","tag-freeshion","tag-furelle","tag-huzior","tag-kraciaste-marynarki","tag-kratka","tag-kratka-na-jesien","tag-marynarka-w-kratke","tag-plaszcz-w-krate","tag-torebka-w-kratke"],"yoast_head":"<!-- This site is optimized with the Yoast SEO plugin v21.6 - https:\/\/yoast.com\/wordpress\/plugins\/seo\/ -->\n<title>Kratka na jesie\u0144 od Polskich Projektant\u00f3w - Trendy na Pakamera.pl<\/title>\n<meta name=\"description\" content=\"Moda w tym sezonie jest pe\u0142na kratka! Zaczynaj\u0105c od czarno bia\u0142ej, a\u017c po odcienie br\u0105zu, zieleni oraz z\u0142ociste kolory miodu.\u00a0\" \/>\n<meta name=\"robots\" content=\"index, follow\" \/>\n<link rel=\"canonical\" href=\"https:\/\/www.pakamera.pl\/magazyn\/kratka-na-jesien\/\" \/>\n<meta property=\"og:locale\" content=\"pl_PL\" \/>\n<meta property=\"og:type\" content=\"article\" \/>\n<meta property=\"og:title\" content=\"Kratka na jesie\u0144 od Polskich Projektant\u00f3w - Trendy na Pakamera.pl\" \/>\n<meta property=\"og:description\" content=\"Moda w tym sezonie jest pe\u0142na kratka! Zaczynaj\u0105c od czarno bia\u0142ej, a\u017c po odcienie br\u0105zu, zieleni oraz z\u0142ociste kolory miodu.\u00a0\" \/>\n<meta property=\"og:url\" content=\"https:\/\/www.pakamera.pl\/magazyn\/kratka-na-jesien\/\" \/>\n<meta property=\"og:site_name\" content=\"Magazyn Pakamera.pl\" \/>\n<meta property=\"article:publisher\" content=\"https:\/\/facebook.com\/pakamerapl\" \/>\n<meta property=\"article:published_time\" content=\"2021-09-02T08:10:01+00:00\" \/>\n<meta property=\"article:modified_time\" content=\"2025-06-06T12:50:08+00:00\" \/>\n<meta property=\"og:image\" content=\"https:\/\/imgmag.pakamera.net\/2021\/09\/kratka-na-jesien.jpg\" \/>\n\t<meta property=\"og:image:width\" content=\"800\" \/>\n\t<meta property=\"og:image:height\" content=\"1200\" \/>\n\t<meta property=\"og:image:type\" content=\"image\/jpeg\" \/>\n<meta name=\"author\" content=\"Monika Komorowska\" \/>\n<meta name=\"twitter:card\" content=\"summary_large_image\" \/>\n<meta name=\"twitter:label1\" content=\"Napisane przez\" \/>\n\t<meta name=\"twitter:data1\" content=\"Monika Komorowska\" \/>\n\t<meta name=\"twitter:label2\" content=\"Szacowany czas czytania\" \/>\n\t<meta name=\"twitter:data2\" content=\"4 minuty\" \/>\n<script type=\"application\/ld+json\" class=\"yoast-schema-graph\">{\"@context\":\"https:\/\/schema.org\",\"@graph\":[{\"@type\":\"Article\",\"@id\":\"https:\/\/www.pakamera.pl\/magazyn\/kratka-na-jesien\/#article\",\"isPartOf\":{\"@id\":\"https:\/\/www.pakamera.pl\/magazyn\/kratka-na-jesien\/\"},\"author\":{\"name\":\"Monika Komorowska\",\"@id\":\"https:\/\/www.pakamera.pl\/magazyn\/#\/schema\/person\/1e4a07a2f8939d490324a9f8dcea166f\"},\"headline\":\"Kratka na jesie\u0144\",\"datePublished\":\"2021-09-02T08:10:01+00:00\",\"dateModified\":\"2025-06-06T12:50:08+00:00\",\"mainEntityOfPage\":{\"@id\":\"https:\/\/www.pakamera.pl\/magazyn\/kratka-na-jesien\/\"},\"wordCount\":403,\"commentCount\":0,\"publisher\":{\"@id\":\"https:\/\/www.pakamera.pl\/magazyn\/#organization\"},\"keywords\":[\"Aga Guz\",\"BELTBAG\",\"Freeshion\",\"furelle\",\"huzior\",\"Kraciaste marynarki\",\"kratka\",\"Kratka na jesie\u0144\",\"marynarka w kratk\u0119\",\"p\u0142aszcz w krat\u0119\",\"torebka w kratk\u0119\"],\"articleSection\":[\"Moda\"],\"inLanguage\":\"pl-PL\",\"potentialAction\":[{\"@type\":\"CommentAction\",\"name\":\"Comment\",\"target\":[\"https:\/\/www.pakamera.pl\/magazyn\/kratka-na-jesien\/#respond\"]}]},{\"@type\":\"WebPage\",\"@id\":\"https:\/\/www.pakamera.pl\/magazyn\/kratka-na-jesien\/\",\"url\":\"https:\/\/www.pakamera.pl\/magazyn\/kratka-na-jesien\/\",\"name\":\"Kratka na jesie\u0144 od Polskich Projektant\u00f3w - Trendy na Pakamera.pl\",\"isPartOf\":{\"@id\":\"https:\/\/www.pakamera.pl\/magazyn\/#website\"},\"datePublished\":\"2021-09-02T08:10:01+00:00\",\"dateModified\":\"2025-06-06T12:50:08+00:00\",\"description\":\"Moda w tym sezonie jest pe\u0142na kratka! Zaczynaj\u0105c od czarno bia\u0142ej, a\u017c po odcienie br\u0105zu, zieleni oraz z\u0142ociste kolory miodu.\u00a0\",\"breadcrumb\":{\"@id\":\"https:\/\/www.pakamera.pl\/magazyn\/kratka-na-jesien\/#breadcrumb\"},\"inLanguage\":\"pl-PL\",\"potentialAction\":[{\"@type\":\"ReadAction\",\"target\":[\"https:\/\/www.pakamera.pl\/magazyn\/kratka-na-jesien\/\"]}]},{\"@type\":\"BreadcrumbList\",\"@id\":\"https:\/\/www.pakamera.pl\/magazyn\/kratka-na-jesien\/#breadcrumb\",\"itemListElement\":[{\"@type\":\"ListItem\",\"position\":1,\"name\":\"Magazyn\",\"item\":\"https:\/\/www.pakamera.pl\/magazyn\/\"},{\"@type\":\"ListItem\",\"position\":2,\"name\":\"Moda\",\"item\":\"https:\/\/www.pakamera.pl\/magazyn\/category\/moda\/\"},{\"@type\":\"ListItem\",\"position\":3,\"name\":\"Kratka na jesie\u0144\"}]},{\"@type\":\"WebSite\",\"@id\":\"https:\/\/www.pakamera.pl\/magazyn\/#website\",\"url\":\"https:\/\/www.pakamera.pl\/magazyn\/\",\"name\":\"Magazyn Pakamera.pl\",\"description\":\"Sprawd\u017a najgor\u0119tsze tematy sezonu!\",\"publisher\":{\"@id\":\"https:\/\/www.pakamera.pl\/magazyn\/#organization\"},\"potentialAction\":[{\"@type\":\"SearchAction\",\"target\":{\"@type\":\"EntryPoint\",\"urlTemplate\":\"https:\/\/www.pakamera.pl\/magazyn\/?s={search_term_string}\"},\"query-input\":\"required name=search_term_string\"}],\"inLanguage\":\"pl-PL\"},{\"@type\":\"Organization\",\"@id\":\"https:\/\/www.pakamera.pl\/magazyn\/#organization\",\"name\":\"Pakamera.pl\",\"url\":\"https:\/\/www.pakamera.pl\/magazyn\/\",\"logo\":{\"@type\":\"ImageObject\",\"inLanguage\":\"pl-PL\",\"@id\":\"https:\/\/www.pakamera.pl\/magazyn\/#\/schema\/logo\/image\/\",\"url\":\"https:\/\/imgmag.pakamera.net\/2023\/11\/153455466619.png\",\"contentUrl\":\"https:\/\/imgmag.pakamera.net\/2023\/11\/153455466619.png\",\"width\":690,\"height\":140,\"caption\":\"Pakamera.pl\"},\"image\":{\"@id\":\"https:\/\/www.pakamera.pl\/magazyn\/#\/schema\/logo\/image\/\"},\"sameAs\":[\"https:\/\/facebook.com\/pakamerapl\",\"https:\/\/www.instagram.com\/pakamera\/\"]},{\"@type\":\"Person\",\"@id\":\"https:\/\/www.pakamera.pl\/magazyn\/#\/schema\/person\/1e4a07a2f8939d490324a9f8dcea166f\",\"name\":\"Monika Komorowska\",\"description\":\"Jestem entuzjastk\u0105 mody, designu wn\u0119trz oraz sztuki dekoracji. Moje pasje po\u0142\u0105czone z mi\u0142o\u015bci\u0105 do inspiracji i prezent\u00f3w sprawi\u0142y, \u017ce tworz\u0119 tre\u015bci, kt\u00f3re pomagaj\u0105 uczyni\u0107 \u017cycie pi\u0119kniejszym i bardziej wyj\u0105tkowym. W moich postach znajdziesz wiele inspiracji dotycz\u0105cych prezent\u00f3w na r\u00f3\u017cne okazje, od Dnia Dziecka po \u015awi\u0119to Zakochanych. Stawiam na oryginalno\u015b\u0107 i niebanalne pomys\u0142y, kt\u00f3re pomog\u0105 Ci znale\u017a\u0107 idealny upominek dla bliskich. Ponadto, interesuj\u0119 si\u0119 mod\u0105 i designem, co wida\u0107 w moich wpisach na temat najnowszych trend\u00f3w w ubraniach, torebkach i bi\u017cuterii. W artyku\u0142ach dotycz\u0105cych wn\u0119trz dziel\u0119 si\u0119 pomys\u0142ami na dekoracje, aran\u017cacje oraz dodatki, kt\u00f3re sprawi\u0105, \u017ce Tw\u00f3j dom stanie si\u0119 jeszcze pi\u0119kniejszy. Zapraszam Ci\u0119 do odkrywania pi\u0119kna w r\u00f3\u017cnych aspektach \u017cycia i do korzystania z moich pomys\u0142\u00f3w na tworzenie wyj\u0105tkowych chwil i przestrzeni.\"}]}<\/script>\n<!-- \/ Yoast SEO plugin. -->","yoast_head_json":{"title":"Kratka na jesie\u0144 od Polskich Projektant\u00f3w - Trendy na Pakamera.pl","description":"Moda w tym sezonie jest pe\u0142na kratka! Zaczynaj\u0105c od czarno bia\u0142ej, a\u017c po odcienie br\u0105zu, zieleni oraz z\u0142ociste kolory miodu.\u00a0","robots":{"index":"index","follow":"follow"},"canonical":"https:\/\/www.pakamera.pl\/magazyn\/kratka-na-jesien\/","og_locale":"pl_PL","og_type":"article","og_title":"Kratka na jesie\u0144 od Polskich Projektant\u00f3w - Trendy na Pakamera.pl","og_description":"Moda w tym sezonie jest pe\u0142na kratka! Zaczynaj\u0105c od czarno bia\u0142ej, a\u017c po odcienie br\u0105zu, zieleni oraz z\u0142ociste kolory miodu.\u00a0","og_url":"https:\/\/www.pakamera.pl\/magazyn\/kratka-na-jesien\/","og_site_name":"Magazyn Pakamera.pl","article_publisher":"https:\/\/facebook.com\/pakamerapl","article_published_time":"2021-09-02T08:10:01+00:00","article_modified_time":"2025-06-06T12:50:08+00:00","og_image":[{"width":800,"height":1200,"url":"https:\/\/imgmag.pakamera.net\/2021\/09\/kratka-na-jesien.jpg","type":"image\/jpeg"}],"author":"Monika Komorowska","twitter_card":"summary_large_image","twitter_misc":{"Napisane przez":"Monika Komorowska","Szacowany czas czytania":"4 minuty"},"schema":{"@context":"https:\/\/schema.org","@graph":[{"@type":"Article","@id":"https:\/\/www.pakamera.pl\/magazyn\/kratka-na-jesien\/#article","isPartOf":{"@id":"https:\/\/www.pakamera.pl\/magazyn\/kratka-na-jesien\/"},"author":{"name":"Monika Komorowska","@id":"https:\/\/www.pakamera.pl\/magazyn\/#\/schema\/person\/1e4a07a2f8939d490324a9f8dcea166f"},"headline":"Kratka na jesie\u0144","datePublished":"2021-09-02T08:10:01+00:00","dateModified":"2025-06-06T12:50:08+00:00","mainEntityOfPage":{"@id":"https:\/\/www.pakamera.pl\/magazyn\/kratka-na-jesien\/"},"wordCount":403,"commentCount":0,"publisher":{"@id":"https:\/\/www.pakamera.pl\/magazyn\/#organization"},"keywords":["Aga Guz","BELTBAG","Freeshion","furelle","huzior","Kraciaste marynarki","kratka","Kratka na jesie\u0144","marynarka w kratk\u0119","p\u0142aszcz w krat\u0119","torebka w kratk\u0119"],"articleSection":["Moda"],"inLanguage":"pl-PL","potentialAction":[{"@type":"CommentAction","name":"Comment","target":["https:\/\/www.pakamera.pl\/magazyn\/kratka-na-jesien\/#respond"]}]},{"@type":"WebPage","@id":"https:\/\/www.pakamera.pl\/magazyn\/kratka-na-jesien\/","url":"https:\/\/www.pakamera.pl\/magazyn\/kratka-na-jesien\/","name":"Kratka na jesie\u0144 od Polskich Projektant\u00f3w - Trendy na Pakamera.pl","isPartOf":{"@id":"https:\/\/www.pakamera.pl\/magazyn\/#website"},"datePublished":"2021-09-02T08:10:01+00:00","dateModified":"2025-06-06T12:50:08+00:00","description":"Moda w tym sezonie jest pe\u0142na kratka! Zaczynaj\u0105c od czarno bia\u0142ej, a\u017c po odcienie br\u0105zu, zieleni oraz z\u0142ociste kolory miodu.\u00a0","breadcrumb":{"@id":"https:\/\/www.pakamera.pl\/magazyn\/kratka-na-jesien\/#breadcrumb"},"inLanguage":"pl-PL","potentialAction":[{"@type":"ReadAction","target":["https:\/\/www.pakamera.pl\/magazyn\/kratka-na-jesien\/"]}]},{"@type":"BreadcrumbList","@id":"https:\/\/www.pakamera.pl\/magazyn\/kratka-na-jesien\/#breadcrumb","itemListElement":[{"@type":"ListItem","position":1,"name":"Magazyn","item":"https:\/\/www.pakamera.pl\/magazyn\/"},{"@type":"ListItem","position":2,"name":"Moda","item":"https:\/\/www.pakamera.pl\/magazyn\/category\/moda\/"},{"@type":"ListItem","position":3,"name":"Kratka na jesie\u0144"}]},{"@type":"WebSite","@id":"https:\/\/www.pakamera.pl\/magazyn\/#website","url":"https:\/\/www.pakamera.pl\/magazyn\/","name":"Magazyn Pakamera.pl","description":"Sprawd\u017a najgor\u0119tsze tematy sezonu!","publisher":{"@id":"https:\/\/www.pakamera.pl\/magazyn\/#organization"},"potentialAction":[{"@type":"SearchAction","target":{"@type":"EntryPoint","urlTemplate":"https:\/\/www.pakamera.pl\/magazyn\/?s={search_term_string}"},"query-input":"required name=search_term_string"}],"inLanguage":"pl-PL"},{"@type":"Organization","@id":"https:\/\/www.pakamera.pl\/magazyn\/#organization","name":"Pakamera.pl","url":"https:\/\/www.pakamera.pl\/magazyn\/","logo":{"@type":"ImageObject","inLanguage":"pl-PL","@id":"https:\/\/www.pakamera.pl\/magazyn\/#\/schema\/logo\/image\/","url":"https:\/\/imgmag.pakamera.net\/2023\/11\/153455466619.png","contentUrl":"https:\/\/imgmag.pakamera.net\/2023\/11\/153455466619.png","width":690,"height":140,"caption":"Pakamera.pl"},"image":{"@id":"https:\/\/www.pakamera.pl\/magazyn\/#\/schema\/logo\/image\/"},"sameAs":["https:\/\/facebook.com\/pakamerapl","https:\/\/www.instagram.com\/pakamera\/"]},{"@type":"Person","@id":"https:\/\/www.pakamera.pl\/magazyn\/#\/schema\/person\/1e4a07a2f8939d490324a9f8dcea166f","name":"Monika Komorowska","description":"Jestem entuzjastk\u0105 mody, designu wn\u0119trz oraz sztuki dekoracji. Moje pasje po\u0142\u0105czone z mi\u0142o\u015bci\u0105 do inspiracji i prezent\u00f3w sprawi\u0142y, \u017ce tworz\u0119 tre\u015bci, kt\u00f3re pomagaj\u0105 uczyni\u0107 \u017cycie pi\u0119kniejszym i bardziej wyj\u0105tkowym. W moich postach znajdziesz wiele inspiracji dotycz\u0105cych prezent\u00f3w na r\u00f3\u017cne okazje, od Dnia Dziecka po \u015awi\u0119to Zakochanych. Stawiam na oryginalno\u015b\u0107 i niebanalne pomys\u0142y, kt\u00f3re pomog\u0105 Ci znale\u017a\u0107 idealny upominek dla bliskich. Ponadto, interesuj\u0119 si\u0119 mod\u0105 i designem, co wida\u0107 w moich wpisach na temat najnowszych trend\u00f3w w ubraniach, torebkach i bi\u017cuterii. W artyku\u0142ach dotycz\u0105cych wn\u0119trz dziel\u0119 si\u0119 pomys\u0142ami na dekoracje, aran\u017cacje oraz dodatki, kt\u00f3re sprawi\u0105, \u017ce Tw\u00f3j dom stanie si\u0119 jeszcze pi\u0119kniejszy. Zapraszam Ci\u0119 do odkrywania pi\u0119kna w r\u00f3\u017cnych aspektach \u017cycia i do korzystania z moich pomys\u0142\u00f3w na tworzenie wyj\u0105tkowych chwil i przestrzeni."}]}},"_links":{"self":[{"href":"https:\/\/www.pakamera.pl\/magazyn\/wp-json\/wp\/v2\/posts\/4192","targetHints":{"allow":["GET"]}}],"collection":[{"href":"https:\/\/www.pakamera.pl\/magazyn\/wp-json\/wp\/v2\/posts"}],"about":[{"href":"https:\/\/www.pakamera.pl\/magazyn\/wp-json\/wp\/v2\/types\/post"}],"author":[{"embeddable":true,"href":"https:\/\/www.pakamera.pl\/magazyn\/wp-json\/wp\/v2\/users\/10"}],"replies":[{"embeddable":true,"href":"https:\/\/www.pakamera.pl\/magazyn\/wp-json\/wp\/v2\/comments?post=4192"}],"version-history":[{"count":3,"href":"https:\/\/www.pakamera.pl\/magazyn\/wp-json\/wp\/v2\/posts\/4192\/revisions"}],"predecessor-version":[{"id":13513,"href":"https:\/\/www.pakamera.pl\/magazyn\/wp-json\/wp\/v2\/posts\/4192\/revisions\/13513"}],"wp:featuredmedia":[{"embeddable":true,"href":"https:\/\/www.pakamera.pl\/magazyn\/wp-json\/wp\/v2\/media\/7631"}],"wp:attachment":[{"href":"https:\/\/www.pakamera.pl\/magazyn\/wp-json\/wp\/v2\/media?parent=4192"}],"wp:term":[{"taxonomy":"category","embeddable":true,"href":"https:\/\/www.pakamera.pl\/magazyn\/wp-json\/wp\/v2\/categories?post=4192"},{"taxonomy":"post_tag","embeddable":true,"href":"https:\/\/www.pakamera.pl\/magazyn\/wp-json\/wp\/v2\/tags?post=4192"}],"curies":[{"name":"wp","href":"https:\/\/api.w.org\/{rel}","templated":true}]}}