{"id":3428,"date":"2023-02-28T14:44:12","date_gmt":"2023-02-28T13:44:12","guid":{"rendered":"https:\/\/www.pakamera.pl\/magazyn\/?p=3428"},"modified":"2026-02-19T12:55:37","modified_gmt":"2026-02-19T11:55:37","slug":"wielkanocne-dekoracje-stol","status":"publish","type":"post","link":"https:\/\/www.pakamera.pl\/magazyn\/wielkanocne-dekoracje-stol\/","title":{"rendered":"Jak udekorowa\u0107 st\u00f3\u0142 na Wielkanoc?"},"content":{"rendered":"<p><strong>Wielkanocne \u015bniadanie to idealny pretekst do rodzinnego spotkania przy stole pe\u0142nym smako\u0142yk\u00f3w. By ten posi\u0142ek by\u0142 jeszcze wyj\u0105tkowy, pomy\u015bl o odpowiednich i ciekawych dekoracjach. Dowied\u017a si\u0119 jak udekorowa\u0107 st\u00f3\u0142 na Wielkanoc.<br \/>\n<\/strong><\/p>\n<p><!--more--><\/p>\n<figure id=\"attachment_10134\" aria-describedby=\"caption-attachment-10134\" style=\"width: 1600px\" class=\"wp-caption alignnone\"><img loading=\"lazy\" decoding=\"async\" class=\"wp-image-10134 size-full\" src=\"https:\/\/imgmag.pakamera.net\/2023\/02\/wielkanocne-dekoracje-na-stol-140610117015.jpg\" alt=\"Jak udekorowa\u0107 st\u00f3\u0142 na Wielkanoc - Topper Radosnego Alleluja\" width=\"1600\" height=\"840\" \/><figcaption id=\"caption-attachment-10134\" class=\"wp-caption-text\">Topper Radosnego Alleluja \/ Planneo \/ www.pakamera.pl<\/figcaption><\/figure>\n<p>G\u0142owisz si\u0119 <a href=\"https:\/\/www.pakamera.pl\/magazyn\/wnetrza-na-wielkanoc\/\" target=\"_blank\" rel=\"noopener\">jak udekorowa\u0107 dom na Wielkanoc<\/a>? Figurki ze \u015bwi\u0105tecznymi motywami \u2013 <strong>porcelanowe lub gliniane zaj\u0105ce, kurczaki, baranki i jajka<\/strong> b\u0119d\u0105 pi\u0119knie wygl\u0105da\u0142y na bia\u0142ym obrusie. Nie ograniczaj si\u0119 jednak do nich. Odkryj wi\u0119cej inspiracji! Inspiracji na stole!<\/p>\n<h2>Kompozycje na stole wielkanocnym<\/h2>\n<p>Dekoracja sto\u0142u na \u015bwi\u0119ta wielkanocne <strong>nie mo\u017ce odby\u0107 si\u0119 bez kompozycji kwiatowych<\/strong>. Ziele\u0144 rze\u017cuchy, mchu i ga\u0142\u0105zek bukszpanu nadaje zastawie wiosennego nastroju. Charakterystycznym i bardzo ozdobnym elementem dla tego okresu w roku s\u0105 <strong>wierzbowe ga\u0142\u0105zki<\/strong>, potocznie nazywane baziami lub kotkami. Stroiki przyrz\u0105dzone z tymi ro\u015blinami to idealna dekoracja sto\u0142u wielkanocnego w stylu tradycyjnym.<\/p>\n<p>Dobrym wyborem b\u0119d\u0105 r\u00f3wnie\u017c inne <strong>kwiaty ci\u0119te<\/strong>. Na wiosn\u0119 zakwitaj\u0105 <strong>tulipany w odcieniach r\u00f3\u017cu, fioletu, \u017c\u00f3\u0142ci b\u0105d\u017a czerwieni<\/strong>. Cz\u0119sto wykorzystywanym dekoracyjnie kwiatem podczas \u015bwi\u0105t Wielkanocy jest te\u017c <strong>\u017conkil lub narcyz<\/strong>. W kwiaciarniach wczesn\u0105 wiosn\u0105 \u0142atwo naby\u0107 r\u00f3wnie\u017c <strong>szafirki, hiacynty, przebi\u015bniegi<\/strong> czy te\u017c <strong>krokusy<\/strong>. P\u0142atki ka\u017cdego z wymienionych kwiat\u00f3w kolorystycznie idealnie oddaj\u0105 wiosenny nastr\u00f3j.<\/p>\n<p>Kwiaty i \u017cywy akcent gotowy czas czas dowiedzie\u0107 si\u0119 jak udekorowa\u0107 st\u00f3\u0142 na Wielkanoc z pomoc\u0105 polskich marek.<\/p>\n<h2>Wyb\u00f3r zastawy wielkanocnej<\/h2>\n<p>Wielkanoc oznacza nadej\u015bcie wiosny. Ta pora roku kojarzy si\u0119 z rado\u015bci\u0105, dlatego warto, aby <a href=\"https:\/\/www.pakamera.pl\/magazyn\/wybieramy-nowoczesne-ozdoby-wielkanocne\/\" target=\"_blank\" rel=\"noopener\">nowoczesne ozdoby wielkanocne<\/a> oddawa\u0142y t\u0119 atmosfer\u0119.<\/p>\n<p>Zastawa to kolejny spos\u00f3b, jak ozdobi\u0107 st\u00f3\u0142 na Wielkanoc. Pomog\u0105 w tym <strong>pi\u0119kne patery w kszta\u0142cie jajka od marki Bordo<\/strong>. S\u0105 one nie tylko niezwyk\u0142\u0105 dekoracj\u0105, ale r\u00f3wnie\u017c spe\u0142niaj\u0105 praktyczn\u0105 funkcj\u0119.<\/p>\n<div id=\"pakawidget1148\" class=\"pakawidget\"><\/div>\n<p><script async defer src=\"https:\/\/www.pakamera.pl\/widget\/widget2.min.js?id=1148&#038;type=20240305135815&#038;wwidth=1000\"><\/script><br \/>\nZastawa wielkanocna powinna by\u0107 nie tylko <strong>\u015bwi\u0105teczna, ale r\u00f3wnie\u017c kolorowa<\/strong>. Dzi\u0119ki temu idealnie wpasuje si\u0119 w celebrowan\u0105 uroczysto\u015b\u0107. W sklepie internetowym pakamera znajdziesz pi\u0119kne <a href=\"https:\/\/www.pakamera.pl\/talerze-ceramiczne-0-t39621.htm\" target=\"_blank\" rel=\"noopener\">talerze ceramiczne<\/a> w pastelowych odcieniach b\u0105d\u017a <strong>kubeczki z charakterystycznymi dla Wielkanocy motywami dekoracyjnymi<\/strong>.<\/p>\n<h2>Porady na wielkanocne centrum sto\u0142u<\/h2>\n<p>Centralna dekoracja sto\u0142u wielkanocnego to element obowi\u0105zkowy. Nasz\u0105 propozycj\u0105 jest <strong>wianek od marki Ci Sza<\/strong>. Jego r\u00f3\u017cowa kolorystyka doskonale komponuje si\u0119 z reszt\u0105 zastawy wielkanocnego sto\u0142u. Wianek wykonany jest z delikatnych ro\u015blin oraz przystrojony pisankami. To wszystko czyni go idealnym akcesorium \u015bwi\u0105tecznym.<\/p>\n<figure id=\"attachment_10133\" aria-describedby=\"caption-attachment-10133\" style=\"width: 1600px\" class=\"wp-caption alignnone\"><img loading=\"lazy\" decoding=\"async\" class=\"wp-image-10133 size-full\" src=\"https:\/\/imgmag.pakamera.net\/2023\/02\/wielkanocne-dekoracje-na-stol-140018598542.jpg\" alt=\"wielkanocna patera w kszta\u0142cie jajka na st\u00f3\u0142 \u015bwi\u0105teczny\" width=\"1600\" height=\"840\" \/><figcaption id=\"caption-attachment-10133\" class=\"wp-caption-text\">Patera jajo \/ Bordo \/ www.pakamera.pl<\/figcaption><\/figure>\n<p><a href=\"https:\/\/www.pakamera.pl\/magazyn\/stol-wielkanocny-trendy-2020\/\" target=\"_blank\" rel=\"noopener\">Jak nakry\u0107 st\u00f3\u0142 wielkanocny i co poda\u0107<\/a>? Nie ma Wielkanocy bez mazurka! To tradycyjne ciasto mo\u017cna poda\u0107 go\u015bciom <strong>na paterze marki drobne sztuki<\/strong>. Ceramiczna, r\u0119cznie tworzona w polskiej pracowni, patera to nie tylko naczynie, ale r\u00f3wnie\u017c dzie\u0142o sztuki. Zdobi\u0105ce j\u0105 plamki to zas\u0142uga piegowatej gliny, z kt\u00f3rej zosta\u0142a wykonana.<\/p>\n<h2>Serwetki i obrusy wielkanocne \u2013 jak dobra\u0107?<\/h2>\n<p>Dekoracja sto\u0142u na \u015bwi\u0119ta wielkanocne nie mo\u017ce by\u0107 kompletna bez obrus\u00f3w i serwetek. Najbardziej <strong>klasycznym wyborem kolorystycznym dla nakrycia sto\u0142u jest biel<\/strong>. Ten uniwersalny kolor nie k\u0142\u00f3ci si\u0119 z pozosta\u0142ymi dekoracjami. <strong>Marka LUMIO ma w swojej ofercie produkty wykonane z lnu<\/strong>, co czyni je wytrzyma\u0142ymi na ca\u0142e lata.<\/p>\n<p><strong>Przy wyborze serwetek<\/strong> mo\u017cna ju\u017c zdecydowa\u0107 si\u0119 na wi\u0119ksz\u0105 r\u00f3\u017cnorodno\u015b\u0107 barw. Biel r\u00f3wnie\u017c si\u0119 nada, ale du\u017co ciekawsz\u0105 opcj\u0105 <strong>b\u0119d\u0105 kolory kontrastuj\u0105ce z obrusem<\/strong>. W ofercie sklepu znale\u017a\u0107 mo\u017cna przer\u00f3\u017cne barwy i wzory. Najlepiej zdecydowa\u0107 si\u0119 na pastele lub \u017cywe kolory, kt\u00f3re dopasuj\u0105 si\u0119 do pozosta\u0142ych element\u00f3w dekoracyjnych.<\/p>\n<h2>Wielkanocne \u015bwiece i ich aran\u017cacje<\/h2>\n<p>Aby wzbudzi\u0107 w domownikach \u015bwi\u0105teczny nastr\u00f3j, zaopatrz si\u0119 w <strong>pachn\u0105ce \u015bwiece<\/strong>. \u015awiece zapachowe <strong>udekoruj\u0105 pok\u00f3j i zapewni\u0105 przyjemn\u0105 atmosfer\u0119<\/strong>. Szeroki wyb\u00f3r nut zapachowych na pewno pozwoli na odnalezienie tej ulubionej. <strong>Marka ARKANSKA oferuje r\u00f3\u017cnorodne \u015bwiece<\/strong>, w tym ob\u0142\u0119dnie pachn\u0105c\u0105 fig\u0119 i grejpfrut.<\/p>\n<div id=\"pakawidget1147\" class=\"pakawidget\"><\/div>\n<p><script async defer src=\"https:\/\/www.pakamera.pl\/widget\/widget2.min.js?id=1147&#038;type=20240305135335&#038;wwidth=1000\"><\/script><br \/>\nJe\u015bli nie przepadasz za \u015bwiecami zapachowymi, nic straconego, dla \u015bwiec dekoracyjnych miejsce przy \u015bwi\u0105tecznym stole r\u00f3wnie\u017c si\u0119 znajdzie. Doskonale <strong>wpasuj\u0105 si\u0119 one do kwiatowych stroik\u00f3w<\/strong> lub stan\u0105 si\u0119 centraln\u0105 dekoracj\u0105.<strong> Ozdoby wykonane z pszczelego wosku<\/strong>, soi lub parafiny w ozdobnych \u015bwiecznikach o pastelowych kolorach nadadz\u0105 wystrojowi tradycyjnego wygl\u0105du.<\/p>\n<h2>Ma\u0142e dodatki, wielki efekt \u2013 akcenty wielkanocne na stole<\/h2>\n<p>Oczywi\u015bcie nie nale\u017cy zapomina\u0107 o dekoracjach drewnianych. <strong>Spersonalizowana winietka w kszta\u0142cie zaj\u0105ca<\/strong> to doskona\u0142y pomys\u0142. Dekoracja ta mo\u017ce by\u0107 wykorzystana r\u00f3wnie\u017c podczas kolejnych \u015bwi\u0105t. Doda sto\u0142owi elegancji i poka\u017ce, \u017ce my\u015blisz o swoich go\u015bciach.<\/p>\n<p>Wielkanoc to r\u00f3wnie\u017c czas pisanek. <a href=\"https:\/\/www.pakamera.pl\/magazyn\/jajka-dekoracyjne-wielkanocne-inspiracje\/\" target=\"_blank\" rel=\"noopener\">Dekoracje z jajek na st\u00f3\u0142 wielkanocny<\/a> mo\u017cesz przyrz\u0105dzi\u0107 samodzielnie lub zaopatrzy\u0107 si\u0119 w nie w sklepie internetowym pakamera.pl. Uroku \u015bwi\u0105tecznemu sto\u0142owi nadadz\u0105 r\u00f3wnie\u017c <strong>figurki \u2013 porcelanowe, drewniane lub gliniane podobizny kurczak\u00f3w, barank\u00f3w lub zaj\u0105czk\u00f3w<\/strong>.<\/p>\n<p><a href=\"https:\/\/www.pakamera.pl\/magazyn\/wielkanocne-dekoracje\/\" target=\"_blank\" rel=\"noopener\">Idealnie dobrane dekoracje wielkanocne przed dom<\/a> i <a href=\"https:\/\/www.pakamera.pl\/wielkanoc-ozdoby-0-2816.htm\" target=\"_blank\" rel=\"noopener\">ozdoby wielkanocne<\/a> na st\u00f3\u0142 s\u0105 ju\u017c <strong>dost\u0119pne na Pakamera.pl<\/strong>. Przejrzyj ofert\u0119 sklepu i wybierz to, co najlepiej pasuje do tegorocznego wystroju Twojego wn\u0119trza.<\/p>\n","protected":false},"excerpt":{"rendered":"<p>Wielkanocne \u015bniadanie to idealny pretekst do rodzinnego spotkania przy stole pe\u0142nym smako\u0142yk\u00f3w. By ten posi\u0142ek by\u0142 jeszcze wyj\u0105tkowy, pomy\u015bl o odpowiednich i ciekawych dekoracjach. Dowied\u017a si\u0119 jak udekorowa\u0107 st\u00f3\u0142 na<span class=\"more-dots\">&#8230;<\/span><\/p>\n","protected":false},"author":9,"featured_media":10134,"comment_status":"open","ping_status":"closed","sticky":false,"template":"","format":"standard","meta":{"footnotes":""},"categories":[12],"tags":[1560,2358,978,985],"class_list":["post-3428","post","type-post","status-publish","format-standard","has-post-thumbnail","hentry","category-dom-i-wnetrza","tag-dekoracje-na-wielkanoc","tag-ozodby-wielkanocne-od-polskich-marek","tag-wielkanoc","tag-wielkanocny-stol"],"yoast_head":"<!-- This site is optimized with the Yoast SEO plugin v21.6 - https:\/\/yoast.com\/wordpress\/plugins\/seo\/ -->\n<title>Jak udekorowa\u0107 st\u00f3\u0142 na Wielkanoc - pi\u0119kne i praktyczne dodatki<\/title>\n<meta name=\"description\" content=\"Wielkanocne \u015bniadanie to cudowne rodzinne spotkanie przy stole pe\u0142nym smako\u0142yk\u00f3w. Zobacz jak udekorowa\u0107 st\u00f3\u0142 na Wielkanoc.\" \/>\n<meta name=\"robots\" content=\"index, follow\" \/>\n<link rel=\"canonical\" href=\"https:\/\/www.pakamera.pl\/magazyn\/wielkanocne-dekoracje-stol\/\" \/>\n<meta property=\"og:locale\" content=\"pl_PL\" \/>\n<meta property=\"og:type\" content=\"article\" \/>\n<meta property=\"og:title\" content=\"Jak udekorowa\u0107 st\u00f3\u0142 na Wielkanoc - pi\u0119kne i praktyczne dodatki\" \/>\n<meta property=\"og:description\" content=\"Wielkanocne \u015bniadanie to cudowne rodzinne spotkanie przy stole pe\u0142nym smako\u0142yk\u00f3w. Zobacz jak udekorowa\u0107 st\u00f3\u0142 na Wielkanoc.\" \/>\n<meta property=\"og:url\" content=\"https:\/\/www.pakamera.pl\/magazyn\/wielkanocne-dekoracje-stol\/\" \/>\n<meta property=\"og:site_name\" content=\"Magazyn Pakamera.pl\" \/>\n<meta property=\"article:publisher\" content=\"https:\/\/facebook.com\/pakamerapl\" \/>\n<meta property=\"article:published_time\" content=\"2023-02-28T13:44:12+00:00\" \/>\n<meta property=\"article:modified_time\" content=\"2026-02-19T11:55:37+00:00\" \/>\n<meta property=\"og:image\" content=\"https:\/\/imgmag.pakamera.net\/2023\/02\/wielkanocne-dekoracje-na-stol-140610117015.jpg\" \/>\n\t<meta property=\"og:image:width\" content=\"1600\" \/>\n\t<meta property=\"og:image:height\" content=\"840\" \/>\n\t<meta property=\"og:image:type\" content=\"image\/jpeg\" \/>\n<meta name=\"author\" content=\"Maciej Czerniejewski\" \/>\n<meta name=\"twitter:card\" content=\"summary_large_image\" \/>\n<meta name=\"twitter:label1\" content=\"Napisane przez\" \/>\n\t<meta name=\"twitter:data1\" content=\"Maciej Czerniejewski\" \/>\n\t<meta name=\"twitter:label2\" content=\"Szacowany czas czytania\" \/>\n\t<meta name=\"twitter:data2\" content=\"5 minut\" \/>\n<script type=\"application\/ld+json\" class=\"yoast-schema-graph\">{\"@context\":\"https:\/\/schema.org\",\"@graph\":[{\"@type\":\"Article\",\"@id\":\"https:\/\/www.pakamera.pl\/magazyn\/wielkanocne-dekoracje-stol\/#article\",\"isPartOf\":{\"@id\":\"https:\/\/www.pakamera.pl\/magazyn\/wielkanocne-dekoracje-stol\/\"},\"author\":{\"name\":\"Maciej Czerniejewski\",\"@id\":\"https:\/\/www.pakamera.pl\/magazyn\/#\/schema\/person\/829b641b591381e517ae1495b1dcae07\"},\"headline\":\"Jak udekorowa\u0107 st\u00f3\u0142 na Wielkanoc?\",\"datePublished\":\"2023-02-28T13:44:12+00:00\",\"dateModified\":\"2026-02-19T11:55:37+00:00\",\"mainEntityOfPage\":{\"@id\":\"https:\/\/www.pakamera.pl\/magazyn\/wielkanocne-dekoracje-stol\/\"},\"wordCount\":851,\"commentCount\":0,\"publisher\":{\"@id\":\"https:\/\/www.pakamera.pl\/magazyn\/#organization\"},\"keywords\":[\"dekoracje na wielkanoc\",\"ozodby wielkanocne od polskich marek\",\"Wielkanoc\",\"wielkanocny st\u00f3\u0142\"],\"articleSection\":[\"Dom i Wn\u0119trze\"],\"inLanguage\":\"pl-PL\",\"potentialAction\":[{\"@type\":\"CommentAction\",\"name\":\"Comment\",\"target\":[\"https:\/\/www.pakamera.pl\/magazyn\/wielkanocne-dekoracje-stol\/#respond\"]}]},{\"@type\":\"WebPage\",\"@id\":\"https:\/\/www.pakamera.pl\/magazyn\/wielkanocne-dekoracje-stol\/\",\"url\":\"https:\/\/www.pakamera.pl\/magazyn\/wielkanocne-dekoracje-stol\/\",\"name\":\"Jak udekorowa\u0107 st\u00f3\u0142 na Wielkanoc - pi\u0119kne i praktyczne dodatki\",\"isPartOf\":{\"@id\":\"https:\/\/www.pakamera.pl\/magazyn\/#website\"},\"datePublished\":\"2023-02-28T13:44:12+00:00\",\"dateModified\":\"2026-02-19T11:55:37+00:00\",\"description\":\"Wielkanocne \u015bniadanie to cudowne rodzinne spotkanie przy stole pe\u0142nym smako\u0142yk\u00f3w. Zobacz jak udekorowa\u0107 st\u00f3\u0142 na Wielkanoc.\",\"breadcrumb\":{\"@id\":\"https:\/\/www.pakamera.pl\/magazyn\/wielkanocne-dekoracje-stol\/#breadcrumb\"},\"inLanguage\":\"pl-PL\",\"potentialAction\":[{\"@type\":\"ReadAction\",\"target\":[\"https:\/\/www.pakamera.pl\/magazyn\/wielkanocne-dekoracje-stol\/\"]}]},{\"@type\":\"BreadcrumbList\",\"@id\":\"https:\/\/www.pakamera.pl\/magazyn\/wielkanocne-dekoracje-stol\/#breadcrumb\",\"itemListElement\":[{\"@type\":\"ListItem\",\"position\":1,\"name\":\"Magazyn\",\"item\":\"https:\/\/www.pakamera.pl\/magazyn\/\"},{\"@type\":\"ListItem\",\"position\":2,\"name\":\"Dom i Wn\u0119trze\",\"item\":\"https:\/\/www.pakamera.pl\/magazyn\/category\/dom-i-wnetrza\/\"},{\"@type\":\"ListItem\",\"position\":3,\"name\":\"Jak udekorowa\u0107 st\u00f3\u0142 na Wielkanoc?\"}]},{\"@type\":\"WebSite\",\"@id\":\"https:\/\/www.pakamera.pl\/magazyn\/#website\",\"url\":\"https:\/\/www.pakamera.pl\/magazyn\/\",\"name\":\"Magazyn Pakamera.pl\",\"description\":\"Sprawd\u017a najgor\u0119tsze tematy sezonu!\",\"publisher\":{\"@id\":\"https:\/\/www.pakamera.pl\/magazyn\/#organization\"},\"potentialAction\":[{\"@type\":\"SearchAction\",\"target\":{\"@type\":\"EntryPoint\",\"urlTemplate\":\"https:\/\/www.pakamera.pl\/magazyn\/?s={search_term_string}\"},\"query-input\":\"required name=search_term_string\"}],\"inLanguage\":\"pl-PL\"},{\"@type\":\"Organization\",\"@id\":\"https:\/\/www.pakamera.pl\/magazyn\/#organization\",\"name\":\"Pakamera.pl\",\"url\":\"https:\/\/www.pakamera.pl\/magazyn\/\",\"logo\":{\"@type\":\"ImageObject\",\"inLanguage\":\"pl-PL\",\"@id\":\"https:\/\/www.pakamera.pl\/magazyn\/#\/schema\/logo\/image\/\",\"url\":\"https:\/\/imgmag.pakamera.net\/2023\/11\/153455466619.png\",\"contentUrl\":\"https:\/\/imgmag.pakamera.net\/2023\/11\/153455466619.png\",\"width\":690,\"height\":140,\"caption\":\"Pakamera.pl\"},\"image\":{\"@id\":\"https:\/\/www.pakamera.pl\/magazyn\/#\/schema\/logo\/image\/\"},\"sameAs\":[\"https:\/\/facebook.com\/pakamerapl\",\"https:\/\/www.instagram.com\/pakamera\/\"]},{\"@type\":\"Person\",\"@id\":\"https:\/\/www.pakamera.pl\/magazyn\/#\/schema\/person\/829b641b591381e517ae1495b1dcae07\",\"name\":\"Maciej Czerniejewski\",\"description\":\"Jestem pasjonatem mody, designu i sztuki dekoracji. Moje teksty to po\u0142\u0105czenie mi\u0142o\u015bci do stylowych ubra\u0144, gad\u017cet\u00f3w i inspiracji, kt\u00f3re pomagaj\u0105 uczyni\u0107 \u017cycie bardziej wyj\u0105tkowym. W moich postach podziel\u0119 si\u0119 z Tob\u0105 najnowszymi trendami w modzie i stylizacji na r\u00f3\u017cne okazje. Niezale\u017cnie od pory roku, staram si\u0119 dostarcza\u0107 praktyczne wskaz\u00f3wki i pomys\u0142y na prezent, kt\u00f3re sprawi\u0105, \u017ce Twoje \u015bwi\u0119ta b\u0119d\u0105 jeszcze pi\u0119kniejsze. Ponadto, interesuj\u0119 si\u0119 designem wn\u0119trz i dekoracjami. Moje posty obejmuj\u0105 tak\u017ce tematy zwi\u0105zane z aran\u017cacj\u0105 przestrzeni, tworzeniem zestaw\u00f3w plakat\u00f3w czy sposobami na od\u015bwie\u017cenie wn\u0119trza bez du\u017cego wysi\u0142ku. Zapraszam Ci\u0119 do odkrywania najnowszych trend\u00f3w w modzie, inspiracji w dekoracjach i praktycznych porad na temat prezent\u00f3w od prawdziwego pasjonata stylu.\",\"sameAs\":[\"https:\/\/www.instagram.com\/maciejmacy\/\"]}]}<\/script>\n<!-- \/ Yoast SEO plugin. -->","yoast_head_json":{"title":"Jak udekorowa\u0107 st\u00f3\u0142 na Wielkanoc - pi\u0119kne i praktyczne dodatki","description":"Wielkanocne \u015bniadanie to cudowne rodzinne spotkanie przy stole pe\u0142nym smako\u0142yk\u00f3w. Zobacz jak udekorowa\u0107 st\u00f3\u0142 na Wielkanoc.","robots":{"index":"index","follow":"follow"},"canonical":"https:\/\/www.pakamera.pl\/magazyn\/wielkanocne-dekoracje-stol\/","og_locale":"pl_PL","og_type":"article","og_title":"Jak udekorowa\u0107 st\u00f3\u0142 na Wielkanoc - pi\u0119kne i praktyczne dodatki","og_description":"Wielkanocne \u015bniadanie to cudowne rodzinne spotkanie przy stole pe\u0142nym smako\u0142yk\u00f3w. Zobacz jak udekorowa\u0107 st\u00f3\u0142 na Wielkanoc.","og_url":"https:\/\/www.pakamera.pl\/magazyn\/wielkanocne-dekoracje-stol\/","og_site_name":"Magazyn Pakamera.pl","article_publisher":"https:\/\/facebook.com\/pakamerapl","article_published_time":"2023-02-28T13:44:12+00:00","article_modified_time":"2026-02-19T11:55:37+00:00","og_image":[{"width":1600,"height":840,"url":"https:\/\/imgmag.pakamera.net\/2023\/02\/wielkanocne-dekoracje-na-stol-140610117015.jpg","type":"image\/jpeg"}],"author":"Maciej Czerniejewski","twitter_card":"summary_large_image","twitter_misc":{"Napisane przez":"Maciej Czerniejewski","Szacowany czas czytania":"5 minut"},"schema":{"@context":"https:\/\/schema.org","@graph":[{"@type":"Article","@id":"https:\/\/www.pakamera.pl\/magazyn\/wielkanocne-dekoracje-stol\/#article","isPartOf":{"@id":"https:\/\/www.pakamera.pl\/magazyn\/wielkanocne-dekoracje-stol\/"},"author":{"name":"Maciej Czerniejewski","@id":"https:\/\/www.pakamera.pl\/magazyn\/#\/schema\/person\/829b641b591381e517ae1495b1dcae07"},"headline":"Jak udekorowa\u0107 st\u00f3\u0142 na Wielkanoc?","datePublished":"2023-02-28T13:44:12+00:00","dateModified":"2026-02-19T11:55:37+00:00","mainEntityOfPage":{"@id":"https:\/\/www.pakamera.pl\/magazyn\/wielkanocne-dekoracje-stol\/"},"wordCount":851,"commentCount":0,"publisher":{"@id":"https:\/\/www.pakamera.pl\/magazyn\/#organization"},"keywords":["dekoracje na wielkanoc","ozodby wielkanocne od polskich marek","Wielkanoc","wielkanocny st\u00f3\u0142"],"articleSection":["Dom i Wn\u0119trze"],"inLanguage":"pl-PL","potentialAction":[{"@type":"CommentAction","name":"Comment","target":["https:\/\/www.pakamera.pl\/magazyn\/wielkanocne-dekoracje-stol\/#respond"]}]},{"@type":"WebPage","@id":"https:\/\/www.pakamera.pl\/magazyn\/wielkanocne-dekoracje-stol\/","url":"https:\/\/www.pakamera.pl\/magazyn\/wielkanocne-dekoracje-stol\/","name":"Jak udekorowa\u0107 st\u00f3\u0142 na Wielkanoc - pi\u0119kne i praktyczne dodatki","isPartOf":{"@id":"https:\/\/www.pakamera.pl\/magazyn\/#website"},"datePublished":"2023-02-28T13:44:12+00:00","dateModified":"2026-02-19T11:55:37+00:00","description":"Wielkanocne \u015bniadanie to cudowne rodzinne spotkanie przy stole pe\u0142nym smako\u0142yk\u00f3w. Zobacz jak udekorowa\u0107 st\u00f3\u0142 na Wielkanoc.","breadcrumb":{"@id":"https:\/\/www.pakamera.pl\/magazyn\/wielkanocne-dekoracje-stol\/#breadcrumb"},"inLanguage":"pl-PL","potentialAction":[{"@type":"ReadAction","target":["https:\/\/www.pakamera.pl\/magazyn\/wielkanocne-dekoracje-stol\/"]}]},{"@type":"BreadcrumbList","@id":"https:\/\/www.pakamera.pl\/magazyn\/wielkanocne-dekoracje-stol\/#breadcrumb","itemListElement":[{"@type":"ListItem","position":1,"name":"Magazyn","item":"https:\/\/www.pakamera.pl\/magazyn\/"},{"@type":"ListItem","position":2,"name":"Dom i Wn\u0119trze","item":"https:\/\/www.pakamera.pl\/magazyn\/category\/dom-i-wnetrza\/"},{"@type":"ListItem","position":3,"name":"Jak udekorowa\u0107 st\u00f3\u0142 na Wielkanoc?"}]},{"@type":"WebSite","@id":"https:\/\/www.pakamera.pl\/magazyn\/#website","url":"https:\/\/www.pakamera.pl\/magazyn\/","name":"Magazyn Pakamera.pl","description":"Sprawd\u017a najgor\u0119tsze tematy sezonu!","publisher":{"@id":"https:\/\/www.pakamera.pl\/magazyn\/#organization"},"potentialAction":[{"@type":"SearchAction","target":{"@type":"EntryPoint","urlTemplate":"https:\/\/www.pakamera.pl\/magazyn\/?s={search_term_string}"},"query-input":"required name=search_term_string"}],"inLanguage":"pl-PL"},{"@type":"Organization","@id":"https:\/\/www.pakamera.pl\/magazyn\/#organization","name":"Pakamera.pl","url":"https:\/\/www.pakamera.pl\/magazyn\/","logo":{"@type":"ImageObject","inLanguage":"pl-PL","@id":"https:\/\/www.pakamera.pl\/magazyn\/#\/schema\/logo\/image\/","url":"https:\/\/imgmag.pakamera.net\/2023\/11\/153455466619.png","contentUrl":"https:\/\/imgmag.pakamera.net\/2023\/11\/153455466619.png","width":690,"height":140,"caption":"Pakamera.pl"},"image":{"@id":"https:\/\/www.pakamera.pl\/magazyn\/#\/schema\/logo\/image\/"},"sameAs":["https:\/\/facebook.com\/pakamerapl","https:\/\/www.instagram.com\/pakamera\/"]},{"@type":"Person","@id":"https:\/\/www.pakamera.pl\/magazyn\/#\/schema\/person\/829b641b591381e517ae1495b1dcae07","name":"Maciej Czerniejewski","description":"Jestem pasjonatem mody, designu i sztuki dekoracji. Moje teksty to po\u0142\u0105czenie mi\u0142o\u015bci do stylowych ubra\u0144, gad\u017cet\u00f3w i inspiracji, kt\u00f3re pomagaj\u0105 uczyni\u0107 \u017cycie bardziej wyj\u0105tkowym. W moich postach podziel\u0119 si\u0119 z Tob\u0105 najnowszymi trendami w modzie i stylizacji na r\u00f3\u017cne okazje. Niezale\u017cnie od pory roku, staram si\u0119 dostarcza\u0107 praktyczne wskaz\u00f3wki i pomys\u0142y na prezent, kt\u00f3re sprawi\u0105, \u017ce Twoje \u015bwi\u0119ta b\u0119d\u0105 jeszcze pi\u0119kniejsze. Ponadto, interesuj\u0119 si\u0119 designem wn\u0119trz i dekoracjami. Moje posty obejmuj\u0105 tak\u017ce tematy zwi\u0105zane z aran\u017cacj\u0105 przestrzeni, tworzeniem zestaw\u00f3w plakat\u00f3w czy sposobami na od\u015bwie\u017cenie wn\u0119trza bez du\u017cego wysi\u0142ku. Zapraszam Ci\u0119 do odkrywania najnowszych trend\u00f3w w modzie, inspiracji w dekoracjach i praktycznych porad na temat prezent\u00f3w od prawdziwego pasjonata stylu.","sameAs":["https:\/\/www.instagram.com\/maciejmacy\/"]}]}},"_links":{"self":[{"href":"https:\/\/www.pakamera.pl\/magazyn\/wp-json\/wp\/v2\/posts\/3428","targetHints":{"allow":["GET"]}}],"collection":[{"href":"https:\/\/www.pakamera.pl\/magazyn\/wp-json\/wp\/v2\/posts"}],"about":[{"href":"https:\/\/www.pakamera.pl\/magazyn\/wp-json\/wp\/v2\/types\/post"}],"author":[{"embeddable":true,"href":"https:\/\/www.pakamera.pl\/magazyn\/wp-json\/wp\/v2\/users\/9"}],"replies":[{"embeddable":true,"href":"https:\/\/www.pakamera.pl\/magazyn\/wp-json\/wp\/v2\/comments?post=3428"}],"version-history":[{"count":3,"href":"https:\/\/www.pakamera.pl\/magazyn\/wp-json\/wp\/v2\/posts\/3428\/revisions"}],"predecessor-version":[{"id":10132,"href":"https:\/\/www.pakamera.pl\/magazyn\/wp-json\/wp\/v2\/posts\/3428\/revisions\/10132"}],"wp:featuredmedia":[{"embeddable":true,"href":"https:\/\/www.pakamera.pl\/magazyn\/wp-json\/wp\/v2\/media\/10134"}],"wp:attachment":[{"href":"https:\/\/www.pakamera.pl\/magazyn\/wp-json\/wp\/v2\/media?parent=3428"}],"wp:term":[{"taxonomy":"category","embeddable":true,"href":"https:\/\/www.pakamera.pl\/magazyn\/wp-json\/wp\/v2\/categories?post=3428"},{"taxonomy":"post_tag","embeddable":true,"href":"https:\/\/www.pakamera.pl\/magazyn\/wp-json\/wp\/v2\/tags?post=3428"}],"curies":[{"name":"wp","href":"https:\/\/api.w.org\/{rel}","templated":true}]}}