{"id":3155,"date":"2018-01-31T12:12:58","date_gmt":"2018-01-31T11:12:58","guid":{"rendered":"https:\/\/www.pakamera.pl\/magazyn\/?p=3155"},"modified":"2025-03-03T14:41:01","modified_gmt":"2025-03-03T13:41:01","slug":"naklejki-scienne-pomysl-zmiany-we-wnetrzu","status":"publish","type":"post","link":"https:\/\/www.pakamera.pl\/magazyn\/naklejki-scienne-pomysl-zmiany-we-wnetrzu\/","title":{"rendered":"Naklejki \u015bcienne \u2013 pomys\u0142 na zmiany we wn\u0119trzu!"},"content":{"rendered":"<p lang=\"zxx\"><strong>Czasem chodzi za nami jakie\u015b od\u015bwie\u017cenie wn\u0119trza. Nie mamy \u015brodk\u00f3w na zmian\u0119 kolor\u00f3w \u015bcian, nie chcemy wierci\u0107 dziur, zrywa\u0107 <a href=\"https:\/\/www.pakamera.pl\/tapety-naklejki-scienne-0-3006.htm\" target=\"_blank\" rel=\"noopener\">tapety<\/a> albo zwyczajnie chcemy zmiany na kr\u00f3tko. Wtedy idealnie sprawdz\u0105 si\u0119 <a href=\"https:\/\/www.pakamera.pl\/pokoj-dziecka-naklejki-scienne-0-2077.htm\" target=\"_blank\" rel=\"noopener\">naklejki na \u015bcian\u0119 dla dzieci<\/a>. Mo\u017cna je umieszcza\u0107 zar\u00f3wno na \u015bcianach jak i meblach.<br \/>\n<\/strong><\/p>\n<p lang=\"zxx\"><!--more--><\/p>\n<p lang=\"zxx\">\n<div class=\"pakawidget\" id=\"pakawidget444\"><\/div>\n<p><script async defer src=\"https:\/\/www.pakamera.pl\/widget\/widget2.min.js?id=444&#038;type=20210312141616&#038;wwidth=1000\"><\/script><\/p>\n<p lang=\"zxx\"><strong>Strefa pracy \u2013 minimalistyczne naklejki \u015bcienne<br \/>\n<\/strong><\/p>\n<p lang=\"zxx\">Wybieraj\u0105c naklejki, kt\u00f3re umie\u015bcimy na \u015bcianie przy biurku pami\u0119tajmy, by by\u0142y one ma\u0142o inwazyjne. Dzi\u0119ki temu nie b\u0119d\u0105 nas odci\u0105ga\u0142y od prowadzonych dzia\u0142a\u0144. Tu \u015bwietnie sprawdz\u0105 si\u0119 minimalny styl i kolory czerni i bieli. U\u0142o\u017cone obok siebie rytmicznie lub spontanicznie ma\u0142e naklejki np. gwiazdki, krople, kropki czy strza\u0142ki nadadz\u0105 miejscu wyj\u0105tkowo\u015bci.<\/p>\n<p lang=\"zxx\"><img loading=\"lazy\" decoding=\"async\" class=\"alignnone size-full wp-image-3188\" src=\"\/\/imgmag.pakamera.net\/2018\/01\/santhew2.jpg\" alt=\"\" width=\"800\" height=\"800\" srcset=\"https:\/\/imgmag.pakamera.net\/2018\/01\/santhew2.jpg 800w, https:\/\/imgmag.pakamera.net\/2018\/01\/santhew2-240x240.jpg 240w, https:\/\/imgmag.pakamera.net\/2018\/01\/santhew2-570x570.jpg 570w\" sizes=\"auto, (max-width: 800px) 100vw, 800px\" \/><\/p>\n<p lang=\"zxx\"><strong>Pok\u00f3j dziecka \u2013 naklejki z humorem<\/strong><\/p>\n<p lang=\"zxx\">Dzieciaki rosn\u0105 bardzo szybko i r\u00f3wnie szybko zmieniaj\u0105 si\u0119 ich gusta i potrzeby. Dzi\u0119ki naklejkom mo\u017cemy zmienia\u0107 ich przestrze\u0144 nawet kilka razy w roku. Jest to niewielki koszt, a przy tym mo\u017cemy je zaanga\u017cowa\u0107 w wyb\u00f3r wzoru oraz p\u00f3\u017aniejsze jego naklejanie. Dzieci\u0119ce naklejki maj\u0105 w sobie wiele humoru. Pobudzaj\u0105 wyobra\u017ani\u0119 i kreatywno\u015b\u0107.<\/p>\n<p lang=\"zxx\"><img loading=\"lazy\" decoding=\"async\" class=\"alignnone size-full wp-image-3189\" src=\"\/\/imgmag.pakamera.net\/2018\/01\/santhew3.jpg\" alt=\"\" width=\"1000\" height=\"665\" \/><\/p>\n<p lang=\"zxx\"><strong>Kuchnia \u2013 naklejki ze smakiem<\/strong><\/p>\n<p lang=\"zxx\">Wszystkie dobre imprezy zawsze ko\u0144cz\u0105 si\u0119 w kuchni. <a href=\"https:\/\/www.pakamera.pl\/kuchnia-0-1942.htm\" target=\"_blank\" rel=\"noopener\"><strong>Kuchnia<\/strong><\/a> to miejsce spotka\u0144 ca\u0142ej rodziny, kulinarnych uniesie\u0144 i eksperyment\u00f3w. Fajnie je\u015bli jej wygl\u0105d te\u017c jest ciekawy. Zabawne, kuchenne naklejki wprowadz\u0105 do niej energi\u0119.<\/p>\n<p lang=\"zxx\"><img loading=\"lazy\" decoding=\"async\" class=\"alignnone size-full wp-image-3186\" src=\"\/\/imgmag.pakamera.net\/2018\/01\/santhew.jpg\" alt=\"\" width=\"800\" height=\"800\" srcset=\"https:\/\/imgmag.pakamera.net\/2018\/01\/santhew.jpg 800w, https:\/\/imgmag.pakamera.net\/2018\/01\/santhew-240x240.jpg 240w, https:\/\/imgmag.pakamera.net\/2018\/01\/santhew-570x570.jpg 570w\" sizes=\"auto, (max-width: 800px) 100vw, 800px\" \/><\/p>\n<p lang=\"zxx\"><strong>Geometria \u2013 pu\u015b\u0107 wodz\u0119 fantazji<\/strong><\/p>\n<p lang=\"zxx\">Je\u015bli lubicie pokombinowa\u0107 z wzorami i macie smyka\u0142k\u0119 do my\u015blenia przestrzennego to wybierzcie modny ostatnio hexagonalny wz\u00f3r. Dzi\u0119ki mo\u017cliwo\u015bci dowolnego uk\u0142adania kszta\u0142t\u00f3w naklejki hexa pasuj\u0105 do wielu r\u00f3\u017cnych przestrzeni: sypialni, pokoju dziennego a nawet biura. Naklejki \u015bcienne wykonane s\u0105 z mi\u0119kkiej czarnej folii, kt\u00f3ra jest \u0142atwa w monta\u017cu, nie niszczy powierzchni, na kt\u00f3rej j\u0105 umieszczamy.<\/p>\n<p lang=\"zxx\"><img loading=\"lazy\" decoding=\"async\" class=\"alignnone size-full wp-image-3190\" src=\"\/\/imgmag.pakamera.net\/2018\/01\/santhew4.jpg\" alt=\"\" width=\"800\" height=\"800\" srcset=\"https:\/\/imgmag.pakamera.net\/2018\/01\/santhew4.jpg 800w, https:\/\/imgmag.pakamera.net\/2018\/01\/santhew4-240x240.jpg 240w, https:\/\/imgmag.pakamera.net\/2018\/01\/santhew4-570x570.jpg 570w\" sizes=\"auto, (max-width: 800px) 100vw, 800px\" \/><\/p>\n","protected":false},"excerpt":{"rendered":"<p>Czasem chodzi za nami jakie\u015b od\u015bwie\u017cenie wn\u0119trza. Nie mamy \u015brodk\u00f3w na zmian\u0119 kolor\u00f3w \u015bcian, nie chcemy wierci\u0107 dziur, zrywa\u0107 tapety albo zwyczajnie chcemy zmiany na kr\u00f3tko. Wtedy idealnie sprawdz\u0105 si\u0119<span class=\"more-dots\">&#8230;<\/span><\/p>\n","protected":false},"author":3,"featured_media":3187,"comment_status":"open","ping_status":"closed","sticky":false,"template":"","format":"standard","meta":{"footnotes":""},"categories":[12],"tags":[18,24,858,856,340,859,855,50,584,269,857],"class_list":["post-3155","post","type-post","status-publish","format-standard","has-post-thumbnail","hentry","category-dom-i-wnetrza","tag-design","tag-dom","tag-dziecka","tag-gwiazdki","tag-kids","tag-na-sciane","tag-naklejki","tag-pokoj","tag-sciana","tag-wzor","tag-wzorki"],"yoast_head":"<!-- This site is optimized with the Yoast SEO plugin v21.6 - https:\/\/yoast.com\/wordpress\/plugins\/seo\/ -->\n<title>Naklejki \u015bcienne \u2013 pomys\u0142 na zmiany we wn\u0119trzu! - Magazyn Pakamera.pl<\/title>\n<meta name=\"description\" content=\"Podczas szybkiego przearan\u017cowania idealnie sprawdz\u0105 si\u0119 naklejki \u015bcienne. Mo\u017cna je umieszcza\u0107 zar\u00f3wno na \u015bcianach jak i meblach.\" \/>\n<meta name=\"robots\" content=\"index, follow\" \/>\n<link rel=\"canonical\" href=\"https:\/\/www.pakamera.pl\/magazyn\/naklejki-scienne-pomysl-zmiany-we-wnetrzu\/\" \/>\n<meta property=\"og:locale\" content=\"pl_PL\" \/>\n<meta property=\"og:type\" content=\"article\" \/>\n<meta property=\"og:title\" content=\"Naklejki \u015bcienne \u2013 pomys\u0142 na zmiany we wn\u0119trzu! - Magazyn Pakamera.pl\" \/>\n<meta property=\"og:description\" content=\"Podczas szybkiego przearan\u017cowania idealnie sprawdz\u0105 si\u0119 naklejki \u015bcienne. Mo\u017cna je umieszcza\u0107 zar\u00f3wno na \u015bcianach jak i meblach.\" \/>\n<meta property=\"og:url\" content=\"https:\/\/www.pakamera.pl\/magazyn\/naklejki-scienne-pomysl-zmiany-we-wnetrzu\/\" \/>\n<meta property=\"og:site_name\" content=\"Magazyn Pakamera.pl\" \/>\n<meta property=\"article:publisher\" content=\"https:\/\/facebook.com\/pakamerapl\" \/>\n<meta property=\"article:published_time\" content=\"2018-01-31T11:12:58+00:00\" \/>\n<meta property=\"article:modified_time\" content=\"2025-03-03T13:41:01+00:00\" \/>\n<meta property=\"og:image\" content=\"https:\/\/imgmag.pakamera.net\/2018\/01\/santhew1.jpg\" \/>\n\t<meta property=\"og:image:width\" content=\"800\" \/>\n\t<meta property=\"og:image:height\" content=\"800\" \/>\n\t<meta property=\"og:image:type\" content=\"image\/jpeg\" \/>\n<meta name=\"author\" content=\"Anna Sionek\" \/>\n<meta name=\"twitter:card\" content=\"summary_large_image\" \/>\n<meta name=\"twitter:label1\" content=\"Napisane przez\" \/>\n\t<meta name=\"twitter:data1\" content=\"Anna Sionek\" \/>\n\t<meta name=\"twitter:label2\" content=\"Szacowany czas czytania\" \/>\n\t<meta name=\"twitter:data2\" content=\"2 minuty\" \/>\n<script type=\"application\/ld+json\" class=\"yoast-schema-graph\">{\"@context\":\"https:\/\/schema.org\",\"@graph\":[{\"@type\":\"Article\",\"@id\":\"https:\/\/www.pakamera.pl\/magazyn\/naklejki-scienne-pomysl-zmiany-we-wnetrzu\/#article\",\"isPartOf\":{\"@id\":\"https:\/\/www.pakamera.pl\/magazyn\/naklejki-scienne-pomysl-zmiany-we-wnetrzu\/\"},\"author\":{\"name\":\"Anna Sionek\",\"@id\":\"https:\/\/www.pakamera.pl\/magazyn\/#\/schema\/person\/938fcf2b298410e2b6b2d862299cc48b\"},\"headline\":\"Naklejki \u015bcienne \u2013 pomys\u0142 na zmiany we wn\u0119trzu!\",\"datePublished\":\"2018-01-31T11:12:58+00:00\",\"dateModified\":\"2025-03-03T13:41:01+00:00\",\"mainEntityOfPage\":{\"@id\":\"https:\/\/www.pakamera.pl\/magazyn\/naklejki-scienne-pomysl-zmiany-we-wnetrzu\/\"},\"wordCount\":315,\"commentCount\":0,\"publisher\":{\"@id\":\"https:\/\/www.pakamera.pl\/magazyn\/#organization\"},\"keywords\":[\"design\",\"dom\",\"dziecka\",\"gwiazdki\",\"kids\",\"na scian\u0119\",\"naklejki\",\"pokoj\",\"\u015bciana\",\"wz\u00f3r\",\"wzorki\"],\"articleSection\":[\"Dom i Wn\u0119trze\"],\"inLanguage\":\"pl-PL\",\"potentialAction\":[{\"@type\":\"CommentAction\",\"name\":\"Comment\",\"target\":[\"https:\/\/www.pakamera.pl\/magazyn\/naklejki-scienne-pomysl-zmiany-we-wnetrzu\/#respond\"]}]},{\"@type\":\"WebPage\",\"@id\":\"https:\/\/www.pakamera.pl\/magazyn\/naklejki-scienne-pomysl-zmiany-we-wnetrzu\/\",\"url\":\"https:\/\/www.pakamera.pl\/magazyn\/naklejki-scienne-pomysl-zmiany-we-wnetrzu\/\",\"name\":\"Naklejki \u015bcienne \u2013 pomys\u0142 na zmiany we wn\u0119trzu! - Magazyn Pakamera.pl\",\"isPartOf\":{\"@id\":\"https:\/\/www.pakamera.pl\/magazyn\/#website\"},\"datePublished\":\"2018-01-31T11:12:58+00:00\",\"dateModified\":\"2025-03-03T13:41:01+00:00\",\"description\":\"Podczas szybkiego przearan\u017cowania idealnie sprawdz\u0105 si\u0119 naklejki \u015bcienne. Mo\u017cna je umieszcza\u0107 zar\u00f3wno na \u015bcianach jak i meblach.\",\"breadcrumb\":{\"@id\":\"https:\/\/www.pakamera.pl\/magazyn\/naklejki-scienne-pomysl-zmiany-we-wnetrzu\/#breadcrumb\"},\"inLanguage\":\"pl-PL\",\"potentialAction\":[{\"@type\":\"ReadAction\",\"target\":[\"https:\/\/www.pakamera.pl\/magazyn\/naklejki-scienne-pomysl-zmiany-we-wnetrzu\/\"]}]},{\"@type\":\"BreadcrumbList\",\"@id\":\"https:\/\/www.pakamera.pl\/magazyn\/naklejki-scienne-pomysl-zmiany-we-wnetrzu\/#breadcrumb\",\"itemListElement\":[{\"@type\":\"ListItem\",\"position\":1,\"name\":\"Magazyn\",\"item\":\"https:\/\/www.pakamera.pl\/magazyn\/\"},{\"@type\":\"ListItem\",\"position\":2,\"name\":\"Dom i Wn\u0119trze\",\"item\":\"https:\/\/www.pakamera.pl\/magazyn\/category\/dom-i-wnetrza\/\"},{\"@type\":\"ListItem\",\"position\":3,\"name\":\"Naklejki \u015bcienne \u2013 pomys\u0142 na zmiany we wn\u0119trzu!\"}]},{\"@type\":\"WebSite\",\"@id\":\"https:\/\/www.pakamera.pl\/magazyn\/#website\",\"url\":\"https:\/\/www.pakamera.pl\/magazyn\/\",\"name\":\"Magazyn Pakamera.pl\",\"description\":\"Sprawd\u017a najgor\u0119tsze tematy sezonu!\",\"publisher\":{\"@id\":\"https:\/\/www.pakamera.pl\/magazyn\/#organization\"},\"potentialAction\":[{\"@type\":\"SearchAction\",\"target\":{\"@type\":\"EntryPoint\",\"urlTemplate\":\"https:\/\/www.pakamera.pl\/magazyn\/?s={search_term_string}\"},\"query-input\":\"required name=search_term_string\"}],\"inLanguage\":\"pl-PL\"},{\"@type\":\"Organization\",\"@id\":\"https:\/\/www.pakamera.pl\/magazyn\/#organization\",\"name\":\"Pakamera.pl\",\"url\":\"https:\/\/www.pakamera.pl\/magazyn\/\",\"logo\":{\"@type\":\"ImageObject\",\"inLanguage\":\"pl-PL\",\"@id\":\"https:\/\/www.pakamera.pl\/magazyn\/#\/schema\/logo\/image\/\",\"url\":\"https:\/\/imgmag.pakamera.net\/2023\/11\/153455466619.png\",\"contentUrl\":\"https:\/\/imgmag.pakamera.net\/2023\/11\/153455466619.png\",\"width\":690,\"height\":140,\"caption\":\"Pakamera.pl\"},\"image\":{\"@id\":\"https:\/\/www.pakamera.pl\/magazyn\/#\/schema\/logo\/image\/\"},\"sameAs\":[\"https:\/\/facebook.com\/pakamerapl\",\"https:\/\/www.instagram.com\/pakamera\/\"]},{\"@type\":\"Person\",\"@id\":\"https:\/\/www.pakamera.pl\/magazyn\/#\/schema\/person\/938fcf2b298410e2b6b2d862299cc48b\",\"name\":\"Anna Sionek\",\"description\":\"Jestem pasjonatk\u0105 designu, mody dzieci\u0119cej i aran\u017cacji wn\u0119trz. Moja wieloletnia przygoda z blogowaniem pozwoli\u0142a mi zg\u0142\u0119bi\u0107 tajniki tworzenia wyj\u0105tkowych przestrzeni oraz stylizacji dla dzieci i doros\u0142ych. W moich tekstach stawiam na praktyczne wskaz\u00f3wki i inspiracje, aby pom\u00f3c czytelnikom znale\u017a\u0107 najlepsze rozwi\u0105zania. Mam ogromne do\u015bwiadczenie w wyborze zabawek kreatywnych dla dzieci, ubra\u0144 dla dziewczynek oraz dodatk\u00f3w do aran\u017cacji wn\u0119trz. Moje posty obejmuj\u0105 r\u00f3wnie\u017c tematy zwi\u0105zane z mod\u0105, zdrowiem i \u017cyciem rodzinnym. \u015aled\u017a moje wpisy, aby dowiedzie\u0107 si\u0119, jak urz\u0105dzi\u0107 dom w stylu skandynawskim, wybra\u0107 idealne \u0142\u00f3\u017cko czy wyeksponowa\u0107 ro\u015bliny w domu. Jestem pewna, \u017ce moje porady pomog\u0105 Ci cieszy\u0107 si\u0119 pi\u0119knym i funkcjonalnym otoczeniem.\"}]}<\/script>\n<!-- \/ Yoast SEO plugin. -->","yoast_head_json":{"title":"Naklejki \u015bcienne \u2013 pomys\u0142 na zmiany we wn\u0119trzu! - Magazyn Pakamera.pl","description":"Podczas szybkiego przearan\u017cowania idealnie sprawdz\u0105 si\u0119 naklejki \u015bcienne. Mo\u017cna je umieszcza\u0107 zar\u00f3wno na \u015bcianach jak i meblach.","robots":{"index":"index","follow":"follow"},"canonical":"https:\/\/www.pakamera.pl\/magazyn\/naklejki-scienne-pomysl-zmiany-we-wnetrzu\/","og_locale":"pl_PL","og_type":"article","og_title":"Naklejki \u015bcienne \u2013 pomys\u0142 na zmiany we wn\u0119trzu! - Magazyn Pakamera.pl","og_description":"Podczas szybkiego przearan\u017cowania idealnie sprawdz\u0105 si\u0119 naklejki \u015bcienne. Mo\u017cna je umieszcza\u0107 zar\u00f3wno na \u015bcianach jak i meblach.","og_url":"https:\/\/www.pakamera.pl\/magazyn\/naklejki-scienne-pomysl-zmiany-we-wnetrzu\/","og_site_name":"Magazyn Pakamera.pl","article_publisher":"https:\/\/facebook.com\/pakamerapl","article_published_time":"2018-01-31T11:12:58+00:00","article_modified_time":"2025-03-03T13:41:01+00:00","og_image":[{"width":800,"height":800,"url":"https:\/\/imgmag.pakamera.net\/2018\/01\/santhew1.jpg","type":"image\/jpeg"}],"author":"Anna Sionek","twitter_card":"summary_large_image","twitter_misc":{"Napisane przez":"Anna Sionek","Szacowany czas czytania":"2 minuty"},"schema":{"@context":"https:\/\/schema.org","@graph":[{"@type":"Article","@id":"https:\/\/www.pakamera.pl\/magazyn\/naklejki-scienne-pomysl-zmiany-we-wnetrzu\/#article","isPartOf":{"@id":"https:\/\/www.pakamera.pl\/magazyn\/naklejki-scienne-pomysl-zmiany-we-wnetrzu\/"},"author":{"name":"Anna Sionek","@id":"https:\/\/www.pakamera.pl\/magazyn\/#\/schema\/person\/938fcf2b298410e2b6b2d862299cc48b"},"headline":"Naklejki \u015bcienne \u2013 pomys\u0142 na zmiany we wn\u0119trzu!","datePublished":"2018-01-31T11:12:58+00:00","dateModified":"2025-03-03T13:41:01+00:00","mainEntityOfPage":{"@id":"https:\/\/www.pakamera.pl\/magazyn\/naklejki-scienne-pomysl-zmiany-we-wnetrzu\/"},"wordCount":315,"commentCount":0,"publisher":{"@id":"https:\/\/www.pakamera.pl\/magazyn\/#organization"},"keywords":["design","dom","dziecka","gwiazdki","kids","na scian\u0119","naklejki","pokoj","\u015bciana","wz\u00f3r","wzorki"],"articleSection":["Dom i Wn\u0119trze"],"inLanguage":"pl-PL","potentialAction":[{"@type":"CommentAction","name":"Comment","target":["https:\/\/www.pakamera.pl\/magazyn\/naklejki-scienne-pomysl-zmiany-we-wnetrzu\/#respond"]}]},{"@type":"WebPage","@id":"https:\/\/www.pakamera.pl\/magazyn\/naklejki-scienne-pomysl-zmiany-we-wnetrzu\/","url":"https:\/\/www.pakamera.pl\/magazyn\/naklejki-scienne-pomysl-zmiany-we-wnetrzu\/","name":"Naklejki \u015bcienne \u2013 pomys\u0142 na zmiany we wn\u0119trzu! - Magazyn Pakamera.pl","isPartOf":{"@id":"https:\/\/www.pakamera.pl\/magazyn\/#website"},"datePublished":"2018-01-31T11:12:58+00:00","dateModified":"2025-03-03T13:41:01+00:00","description":"Podczas szybkiego przearan\u017cowania idealnie sprawdz\u0105 si\u0119 naklejki \u015bcienne. Mo\u017cna je umieszcza\u0107 zar\u00f3wno na \u015bcianach jak i meblach.","breadcrumb":{"@id":"https:\/\/www.pakamera.pl\/magazyn\/naklejki-scienne-pomysl-zmiany-we-wnetrzu\/#breadcrumb"},"inLanguage":"pl-PL","potentialAction":[{"@type":"ReadAction","target":["https:\/\/www.pakamera.pl\/magazyn\/naklejki-scienne-pomysl-zmiany-we-wnetrzu\/"]}]},{"@type":"BreadcrumbList","@id":"https:\/\/www.pakamera.pl\/magazyn\/naklejki-scienne-pomysl-zmiany-we-wnetrzu\/#breadcrumb","itemListElement":[{"@type":"ListItem","position":1,"name":"Magazyn","item":"https:\/\/www.pakamera.pl\/magazyn\/"},{"@type":"ListItem","position":2,"name":"Dom i Wn\u0119trze","item":"https:\/\/www.pakamera.pl\/magazyn\/category\/dom-i-wnetrza\/"},{"@type":"ListItem","position":3,"name":"Naklejki \u015bcienne \u2013 pomys\u0142 na zmiany we wn\u0119trzu!"}]},{"@type":"WebSite","@id":"https:\/\/www.pakamera.pl\/magazyn\/#website","url":"https:\/\/www.pakamera.pl\/magazyn\/","name":"Magazyn Pakamera.pl","description":"Sprawd\u017a najgor\u0119tsze tematy sezonu!","publisher":{"@id":"https:\/\/www.pakamera.pl\/magazyn\/#organization"},"potentialAction":[{"@type":"SearchAction","target":{"@type":"EntryPoint","urlTemplate":"https:\/\/www.pakamera.pl\/magazyn\/?s={search_term_string}"},"query-input":"required name=search_term_string"}],"inLanguage":"pl-PL"},{"@type":"Organization","@id":"https:\/\/www.pakamera.pl\/magazyn\/#organization","name":"Pakamera.pl","url":"https:\/\/www.pakamera.pl\/magazyn\/","logo":{"@type":"ImageObject","inLanguage":"pl-PL","@id":"https:\/\/www.pakamera.pl\/magazyn\/#\/schema\/logo\/image\/","url":"https:\/\/imgmag.pakamera.net\/2023\/11\/153455466619.png","contentUrl":"https:\/\/imgmag.pakamera.net\/2023\/11\/153455466619.png","width":690,"height":140,"caption":"Pakamera.pl"},"image":{"@id":"https:\/\/www.pakamera.pl\/magazyn\/#\/schema\/logo\/image\/"},"sameAs":["https:\/\/facebook.com\/pakamerapl","https:\/\/www.instagram.com\/pakamera\/"]},{"@type":"Person","@id":"https:\/\/www.pakamera.pl\/magazyn\/#\/schema\/person\/938fcf2b298410e2b6b2d862299cc48b","name":"Anna Sionek","description":"Jestem pasjonatk\u0105 designu, mody dzieci\u0119cej i aran\u017cacji wn\u0119trz. Moja wieloletnia przygoda z blogowaniem pozwoli\u0142a mi zg\u0142\u0119bi\u0107 tajniki tworzenia wyj\u0105tkowych przestrzeni oraz stylizacji dla dzieci i doros\u0142ych. W moich tekstach stawiam na praktyczne wskaz\u00f3wki i inspiracje, aby pom\u00f3c czytelnikom znale\u017a\u0107 najlepsze rozwi\u0105zania. Mam ogromne do\u015bwiadczenie w wyborze zabawek kreatywnych dla dzieci, ubra\u0144 dla dziewczynek oraz dodatk\u00f3w do aran\u017cacji wn\u0119trz. Moje posty obejmuj\u0105 r\u00f3wnie\u017c tematy zwi\u0105zane z mod\u0105, zdrowiem i \u017cyciem rodzinnym. \u015aled\u017a moje wpisy, aby dowiedzie\u0107 si\u0119, jak urz\u0105dzi\u0107 dom w stylu skandynawskim, wybra\u0107 idealne \u0142\u00f3\u017cko czy wyeksponowa\u0107 ro\u015bliny w domu. Jestem pewna, \u017ce moje porady pomog\u0105 Ci cieszy\u0107 si\u0119 pi\u0119knym i funkcjonalnym otoczeniem."}]}},"_links":{"self":[{"href":"https:\/\/www.pakamera.pl\/magazyn\/wp-json\/wp\/v2\/posts\/3155","targetHints":{"allow":["GET"]}}],"collection":[{"href":"https:\/\/www.pakamera.pl\/magazyn\/wp-json\/wp\/v2\/posts"}],"about":[{"href":"https:\/\/www.pakamera.pl\/magazyn\/wp-json\/wp\/v2\/types\/post"}],"author":[{"embeddable":true,"href":"https:\/\/www.pakamera.pl\/magazyn\/wp-json\/wp\/v2\/users\/3"}],"replies":[{"embeddable":true,"href":"https:\/\/www.pakamera.pl\/magazyn\/wp-json\/wp\/v2\/comments?post=3155"}],"version-history":[{"count":1,"href":"https:\/\/www.pakamera.pl\/magazyn\/wp-json\/wp\/v2\/posts\/3155\/revisions"}],"predecessor-version":[{"id":12733,"href":"https:\/\/www.pakamera.pl\/magazyn\/wp-json\/wp\/v2\/posts\/3155\/revisions\/12733"}],"wp:featuredmedia":[{"embeddable":true,"href":"https:\/\/www.pakamera.pl\/magazyn\/wp-json\/wp\/v2\/media\/3187"}],"wp:attachment":[{"href":"https:\/\/www.pakamera.pl\/magazyn\/wp-json\/wp\/v2\/media?parent=3155"}],"wp:term":[{"taxonomy":"category","embeddable":true,"href":"https:\/\/www.pakamera.pl\/magazyn\/wp-json\/wp\/v2\/categories?post=3155"},{"taxonomy":"post_tag","embeddable":true,"href":"https:\/\/www.pakamera.pl\/magazyn\/wp-json\/wp\/v2\/tags?post=3155"}],"curies":[{"name":"wp","href":"https:\/\/api.w.org\/{rel}","templated":true}]}}