{"id":2777,"date":"2021-11-30T15:14:06","date_gmt":"2021-11-30T14:14:06","guid":{"rendered":"https:\/\/www.pakamera.pl\/magazyn\/?p=2777"},"modified":"2025-06-06T14:41:54","modified_gmt":"2025-06-06T12:41:54","slug":"swiateczna-ceramika-polskich-projektantow","status":"publish","type":"post","link":"https:\/\/www.pakamera.pl\/magazyn\/swiateczna-ceramika-polskich-projektantow\/","title":{"rendered":"\u015awi\u0105teczna ceramika od polskich projektant\u00f3w!"},"content":{"rendered":"<p><strong><a href=\"https:\/\/www.pakamera.pl\/kuchnia-0-1942.htm\">Kuchnia<\/a> to idealne miejsce na przed\u015bwi\u0105teczne przygotowania. Wyposa\u017cona w smakowite zapachy cynamonu, go\u017adzik\u00f3w oraz ciekawe gad\u017cety pomo\u017ce w przed\u015bwi\u0105tecznych wypiekach. Sprawd\u017acie \u015bwi\u0105teczny kulinarny niezb\u0119dnik wed\u0142ug pakamera.pl. Oto \u015bwi\u0105teczna ceramika, kt\u00f3ra umili Ci czas w kuchennym zaciszu.<br \/>\n<\/strong><!--more--><\/p>\n<div class=\"pakawidget\" id=\"pakawidget567\"><\/div>\n<p><script async defer src=\"https:\/\/www.pakamera.pl\/widget\/widget2.min.js?id=567&#038;type=20211130153530&#038;wwidth=1000\"><\/script><\/p>\n<p>W kuchni\u00a0nigdy nie jest wystarczaj\u0105co du\u017co pi\u0119knych talerzy, <a href=\"https:\/\/www.pakamera.pl\/kuchnia-kubki-0-1913.htm\" target=\"_blank\" rel=\"noopener\">kubki<\/a> i <a href=\"https:\/\/www.pakamera.pl\/kuchnia-filizanki-0-3080.htm\" target=\"_blank\" rel=\"noopener\">fili\u017canki<\/a> oraz pysznej herbaty! Przygotowali\u015bmy zestawienie \u015bwi\u0105tecznej <a href=\"https:\/\/www.pakamera.pl\/ceramika-artystyczna-0-t18331.htm\" target=\"_blank\" rel=\"noopener noreferrer\"><strong>ceramiki<\/strong><\/a>, kt\u00f3ra musi znale\u017a\u0107 si\u0119 w Waszej kuchni oraz u\u0142atwi\u0105 kulinarne szale\u0144stwo.<\/p>\n<figure id=\"attachment_6535\" aria-describedby=\"caption-attachment-6535\" style=\"width: 800px\" class=\"wp-caption alignnone\"><img loading=\"lazy\" decoding=\"async\" class=\"wp-image-6535 size-full\" src=\"\/\/imgmag.pakamera.net\/2017\/12\/swiateczna-ceramika-polskich-projektantow-2.jpg\" alt=\"\" width=\"800\" height=\"800\" srcset=\"https:\/\/imgmag.pakamera.net\/2017\/12\/swiateczna-ceramika-polskich-projektantow-2.jpg 800w, https:\/\/imgmag.pakamera.net\/2017\/12\/swiateczna-ceramika-polskich-projektantow-2-570x570.jpg 570w, https:\/\/imgmag.pakamera.net\/2017\/12\/swiateczna-ceramika-polskich-projektantow-2-240x240.jpg 240w\" sizes=\"auto, (max-width: 800px) 100vw, 800px\" \/><figcaption id=\"caption-attachment-6535\" class=\"wp-caption-text\">FILI\u017bANKA DO ESPRESSO Z PODSTAWKIEM \/ <strong><a href=\"https:\/\/www.pakamera.pl\/lutumursi-0_s12278818.htm\">Lutumursi<\/a><\/strong><\/figcaption><\/figure>\n<p>Kulinarn\u0105 list\u0119 otwiera porcelana \u0142\u0105czona zw srebrnym akcentem od marki Lutumursi!! Wszystkie kubki i fili\u017canki maj\u0105 sw\u00f3j niepowtarzalny urok. Zdecydowanym bohaterem jest kubek bubble gold, kt\u00f3ry swoim wdzi\u0119kiem rozkochuje w sobie eleganckie salony jak r\u00f3wnie\u017c prosty skandynawski styl.<\/p>\n<figure id=\"attachment_2804\" aria-describedby=\"caption-attachment-2804\" style=\"width: 1200px\" class=\"wp-caption aligncenter\"><img loading=\"lazy\" decoding=\"async\" class=\"wp-image-2804 size-full\" src=\"\/\/imgmag.pakamera.net\/2017\/12\/kubki-i-filizanki-pangziceramics.jpg\" alt=\"\" width=\"1200\" height=\"799\" \/><figcaption id=\"caption-attachment-2804\" class=\"wp-caption-text\">PORCELANOWY KUBEK ZE SKRZYDE\u0141KAMI \/ <strong><a href=\"https:\/\/www.pakamera.pl\/pangziceramics-0_s12289662.htm\">pangziceramics<\/a><\/strong><\/figcaption><\/figure>\n<p>Kolejn\u0105 mark\u0105, kt\u00f3ra wprowadza nas w \u015bwi\u0105teczny,\u00a0bajkowy klimat jest Pangziceramics z porcelanowymi fili\u017cankami ze z\u0142otymi skrzyde\u0142kami. Przypominaj\u0105 ma\u0142e anio\u0142ki, kt\u00f3re zawita\u0142y na \u015bwi\u0105teczny st\u00f3\u0142! Fili\u017canki powsta\u0142y z wysokiej jako\u015bci porcelany Bone China ozdobionej z\u0142otem.<\/p>\n<figure id=\"attachment_2808\" aria-describedby=\"caption-attachment-2808\" style=\"width: 1200px\" class=\"wp-caption aligncenter\"><img loading=\"lazy\" decoding=\"async\" class=\"wp-image-2808 size-full\" src=\"\/\/imgmag.pakamera.net\/2017\/12\/kubki-i-filizanki-mosko-ceramics.jpg\" alt=\"\" width=\"1200\" height=\"870\" \/><figcaption id=\"caption-attachment-2808\" class=\"wp-caption-text\">PORCELANOWY KUBEK ZE Z\u0141OTYM UCHEM GRAFIK \/ <strong><a href=\"https:\/\/www.pakamera.pl\/moskoceramics-0_s12374295.htm\">mosko ceramics<\/a><\/strong><\/figcaption><\/figure>\n<p>Wielbicielami pi\u0119knej porcelany \u0142\u0105czonej ze z\u0142otej jest marka Mosko Ceramics, kt\u00f3ra swoje produkty dodatkowo urozmaica kolorem. Marka tworzy limitowane serie kubk\u00f3w, fili\u017canek oraz talerzy kt\u00f3re, zacieraj\u0105 granice pomi\u0119dzy funkcj\u0105 i dekoracj\u0105. Porcelana powstaje r\u0119cznie i ka\u017cdy egzemplarz jest niepowtarzalny.<\/p>\n<div class=\"mceTemp\"><\/div>\n<figure id=\"attachment_2815\" aria-describedby=\"caption-attachment-2815\" style=\"width: 1200px\" class=\"wp-caption aligncenter\"><a href=\"https:\/\/www.pakamera.pl\/dekoracje-kubki-i-filizanki-filizanki-filizanka-na-poduszce-m-grafit-nr2768751.htm\"><img loading=\"lazy\" decoding=\"async\" class=\"wp-image-2815 size-full\" src=\"\/\/imgmag.pakamera.net\/2017\/12\/kubki-i-filizanki-panjeziorko.jpg\" alt=\"\" width=\"1200\" height=\"1065\" \/><\/a><figcaption id=\"caption-attachment-2815\" class=\"wp-caption-text\">FILI\u017bANKA NA PODUSZCE M &#8211; GRAFIT \/ <strong><a href=\"https:\/\/www.pakamera.pl\/panjeziorko-0_s12313328.htm\">panjeziorko<\/a><\/strong><\/figcaption><\/figure>\n<p>Na zimowe wieczory wskazana jest <a href=\"https:\/\/www.pakamera.pl\/porcelana-0-t715.htm\" target=\"_blank\" rel=\"noopener noreferrer\"><strong>porcelana<\/strong><\/a>, kt\u00f3ra ciekawi oraz pobudza nasz\u0105 wyobra\u017anie. Fili\u017canka z pyszn\u0105 herbat\u0105 wygodnie u\u0142o\u017cona na poduszce? Tak to mo\u017cliwe u marki panjeziorko. Ceramiczne szale\u0144stwo to przedmioty ciesz\u0105ce oko oraz doskonale komponuj\u0105ce si\u0119 w nowoczesne <a href=\"https:\/\/www.pakamera.pl\/wnetrze-0-1907.htm\">wn\u0119trze<\/a>.<\/p>\n<div class=\"mceTemp\"><\/div>\n<figure id=\"attachment_2818\" aria-describedby=\"caption-attachment-2818\" style=\"width: 1107px\" class=\"wp-caption aligncenter\"><a href=\"https:\/\/www.pakamera.pl\/dodatki-kuchnia-misy-patery-i-talerze-talerzyk-kot-nr2152359.htm\"><img loading=\"lazy\" decoding=\"async\" class=\"wp-image-2818 size-full\" src=\"\/\/imgmag.pakamera.net\/2017\/12\/misy-patery-i-talerze.jpg\" alt=\"\" width=\"1107\" height=\"1200\" \/><\/a><figcaption id=\"caption-attachment-2818\" class=\"wp-caption-text\">TALERZYK KOT KOCHAM CI\u0118 \/ <a href=\"https:\/\/www.pakamera.pl\/lamabo-0_s12421758.htm\"><strong>Lamabo<\/strong><\/a><\/figcaption><\/figure>\n<p>Mamy co\u015b wi\u0119cej dla zakochanych! Uroczy talerzyk w kszta\u0142cie r\u00f3\u017cowego kota z wyznaniem Kocham Ci\u0119. Wyj\u0105tkowy \u015bwi\u0105teczny podarunek dla ukochanej osoby od marki Lamabo. Wielbicielka kotk\u00f3w na pewno doceni ten ma\u0142y upominek.<\/p>\n<figure id=\"attachment_6536\" aria-describedby=\"caption-attachment-6536\" style=\"width: 1158px\" class=\"wp-caption alignnone\"><a href=\"https:\/\/www.pakamera.pl\/kuchnia-patery-i-talerze-komplet-talerzy-z-rantem-bialy-mat-z-kropkami-nr2648734.htm\"><img loading=\"lazy\" decoding=\"async\" class=\"wp-image-6536 size-full\" src=\"\/\/imgmag.pakamera.net\/2017\/12\/swiateczna-ceramika-polskich-projektantow-3.jpg\" alt=\"\" width=\"1158\" height=\"1200\" \/><\/a><figcaption id=\"caption-attachment-6536\" class=\"wp-caption-text\">KOMPLET TALERZY Z KROPKAMI \/ <a href=\"https:\/\/www.pakamera.pl\/studio-m-0_s12124038.htm\"><strong>studio m.<\/strong><\/a><\/figcaption><\/figure>\n<p>W poszukiwaniu \u015bwi\u0105tecznych dekoracji sto\u0142u wybieramy ceramiczne <a href=\"https:\/\/www.pakamera.pl\/kuchnia-patery-i-talerze-0-1916.htm\" target=\"_blank\" rel=\"noopener\">patery i\u00a0talerze<\/a> r\u0119cznie formowane z czarnej gliny od marki studio m. Glina ozdobiona bia\u0142ym szkliwem i drobnymi z\u0142otymi p\u0142atkami na pewno sprawdzi si\u0119 na \u015bwi\u0105teczne s\u0142odkie przysmaki.<\/p>\n<div class=\"mceTemp\"><\/div>\n<figure id=\"attachment_6537\" aria-describedby=\"caption-attachment-6537\" style=\"width: 1039px\" class=\"wp-caption alignnone\"><img loading=\"lazy\" decoding=\"async\" class=\"wp-image-6537 size-full\" src=\"\/\/imgmag.pakamera.net\/2017\/12\/swiateczna-ceramika-polskich-projektantow-4.jpg\" alt=\"\" width=\"1039\" height=\"1200\" \/><figcaption id=\"caption-attachment-6537\" class=\"wp-caption-text\">BIA\u0141A MA\u0141A DONICZKA \/ <a href=\"https:\/\/www.pakamera.pl\/bordo-0_s12300079.htm\"><strong>Bordo<\/strong><\/a><\/figcaption><\/figure>\n<p>\u015awi\u0119ta bez piernik\u00f3w? To niemo\u017cliwe! My mamy nie tylko przepis na pyszne wypieki ale r\u00f3wnie\u017c bia\u0142y pojemnik, kt\u00f3ry przyda si\u0119 na przechowywanie ma\u0142ych pierniczk\u00f3w. Pojemnik od marki Bordo wpasuje si\u0119 niemal w ka\u017cde wn\u0119trze. Jego atutem jest zaskakuj\u0105ca urocza pokrywka.<\/p>\n<figure id=\"attachment_2822\" aria-describedby=\"caption-attachment-2822\" style=\"width: 870px\" class=\"wp-caption aligncenter\"><img loading=\"lazy\" decoding=\"async\" class=\"wp-image-2822\" src=\"\/\/imgmag.pakamera.net\/2017\/12\/doniczki-i-wazony-krafla.jpg\" alt=\"\" width=\"870\" height=\"580\" \/><figcaption id=\"caption-attachment-2822\" class=\"wp-caption-text\">WAZON FLY&#8217;S EYE \/ <strong>Krafla<\/strong><\/figcaption><\/figure>\n<p>Wisienk\u0105 na \u015bwi\u0105tecznym torcie b\u0119dzie elegancki bia\u0142y wazon, kt\u00f3ry w zim\u0119 przyjmie ga\u0142\u0105zki \u015bwierku a latem pi\u0119kne kwiaty. <a href=\"https:\/\/www.pakamera.pl\/doniczki-i-wazony-0-1912.htm\">Doniczki i wazony<\/a> od marki Krafla zosta\u0142y zainspirowane projektem kopu\u0142y architekta Buckminster Fullera.<\/p>\n<p><strong>Wi\u0119cej produkt\u00f3w znajdziecie w naszej selekcji <a href=\"https:\/\/www.pakamera.pl\/swiateczny-stol-0-se3279.htm\" target=\"_blank\" rel=\"noopener\">\u015awi\u0105teczny st\u00f3\u0142<\/a> na Pakamera.pl<\/strong><\/p>\n","protected":false},"excerpt":{"rendered":"<p>Kuchnia to idealne miejsce na przed\u015bwi\u0105teczne przygotowania. Wyposa\u017cona w smakowite zapachy cynamonu, go\u017adzik\u00f3w oraz ciekawe gad\u017cety pomo\u017ce w przed\u015bwi\u0105tecznych wypiekach. Sprawd\u017acie \u015bwi\u0105teczny kulinarny niezb\u0119dnik wed\u0142ug pakamera.pl. Oto \u015bwi\u0105teczna ceramika, kt\u00f3ra<span class=\"more-dots\">&#8230;<\/span><\/p>\n","protected":false},"author":10,"featured_media":2804,"comment_status":"open","ping_status":"closed","sticky":false,"template":"","format":"standard","meta":{"footnotes":""},"categories":[12],"tags":[385,639,638,580,646,386,640,645,614,660],"class_list":["post-2777","post","type-post","status-publish","format-standard","has-post-thumbnail","hentry","category-dom-i-wnetrza","tag-ceramika","tag-kulinaria","tag-kulinarne-swiateczne-upominki","tag-polscy-projektanci","tag-polskich-projektantow","tag-porcelana","tag-prezenty","tag-swiateczna-ceramika","tag-swieta","tag-ladne-rzeczy"],"yoast_head":"<!-- This site is optimized with the Yoast SEO plugin v21.6 - https:\/\/yoast.com\/wordpress\/plugins\/seo\/ -->\n<title>\u015awi\u0105teczna ceramika od polskich projektant\u00f3w! - Magazyn Pakamera.pl<\/title>\n<meta name=\"description\" content=\"Sprawd\u017acie \u015bwi\u0105teczny kulinarny niezb\u0119dnik wed\u0142ug pakamera.pl. Oto \u015bwi\u0105teczna ceramika, kt\u00f3ra umili Ci czas w kuchennym zaciszu.\" \/>\n<meta name=\"robots\" content=\"index, follow\" \/>\n<link rel=\"canonical\" href=\"https:\/\/www.pakamera.pl\/magazyn\/swiateczna-ceramika-polskich-projektantow\/\" \/>\n<meta property=\"og:locale\" content=\"pl_PL\" \/>\n<meta property=\"og:type\" content=\"article\" \/>\n<meta property=\"og:title\" content=\"\u015awi\u0105teczna ceramika od polskich projektant\u00f3w! - Magazyn Pakamera.pl\" \/>\n<meta property=\"og:description\" content=\"Sprawd\u017acie \u015bwi\u0105teczny kulinarny niezb\u0119dnik wed\u0142ug pakamera.pl. Oto \u015bwi\u0105teczna ceramika, kt\u00f3ra umili Ci czas w kuchennym zaciszu.\" \/>\n<meta property=\"og:url\" content=\"https:\/\/www.pakamera.pl\/magazyn\/swiateczna-ceramika-polskich-projektantow\/\" \/>\n<meta property=\"og:site_name\" content=\"Magazyn Pakamera.pl\" \/>\n<meta property=\"article:publisher\" content=\"https:\/\/facebook.com\/pakamerapl\" \/>\n<meta property=\"article:published_time\" content=\"2021-11-30T14:14:06+00:00\" \/>\n<meta property=\"article:modified_time\" content=\"2025-06-06T12:41:54+00:00\" \/>\n<meta property=\"og:image\" content=\"https:\/\/imgmag.pakamera.net\/2017\/12\/kubki-i-filizanki-pangziceramics.jpg\" \/>\n\t<meta property=\"og:image:width\" content=\"1200\" \/>\n\t<meta property=\"og:image:height\" content=\"799\" \/>\n\t<meta property=\"og:image:type\" content=\"image\/jpeg\" \/>\n<meta name=\"author\" content=\"Monika Komorowska\" \/>\n<meta name=\"twitter:card\" content=\"summary_large_image\" \/>\n<meta name=\"twitter:label1\" content=\"Napisane przez\" \/>\n\t<meta name=\"twitter:data1\" content=\"Monika Komorowska\" \/>\n\t<meta name=\"twitter:label2\" content=\"Szacowany czas czytania\" \/>\n\t<meta name=\"twitter:data2\" content=\"4 minuty\" \/>\n<script type=\"application\/ld+json\" class=\"yoast-schema-graph\">{\"@context\":\"https:\/\/schema.org\",\"@graph\":[{\"@type\":\"Article\",\"@id\":\"https:\/\/www.pakamera.pl\/magazyn\/swiateczna-ceramika-polskich-projektantow\/#article\",\"isPartOf\":{\"@id\":\"https:\/\/www.pakamera.pl\/magazyn\/swiateczna-ceramika-polskich-projektantow\/\"},\"author\":{\"name\":\"Monika Komorowska\",\"@id\":\"https:\/\/www.pakamera.pl\/magazyn\/#\/schema\/person\/1e4a07a2f8939d490324a9f8dcea166f\"},\"headline\":\"\u015awi\u0105teczna ceramika od polskich projektant\u00f3w!\",\"datePublished\":\"2021-11-30T14:14:06+00:00\",\"dateModified\":\"2025-06-06T12:41:54+00:00\",\"mainEntityOfPage\":{\"@id\":\"https:\/\/www.pakamera.pl\/magazyn\/swiateczna-ceramika-polskich-projektantow\/\"},\"wordCount\":580,\"commentCount\":0,\"publisher\":{\"@id\":\"https:\/\/www.pakamera.pl\/magazyn\/#organization\"},\"keywords\":[\"ceramika\",\"kulinaria\",\"Kulinarne \u015bwi\u0105teczne upominki\",\"polscy projektanci\",\"polskich projektant\u00f3w\",\"porcelana\",\"prezenty\",\"\u015awi\u0105teczna ceramika\",\"\u015bwi\u0119ta\",\"\u0142adne rzeczy\"],\"articleSection\":[\"Dom i Wn\u0119trze\"],\"inLanguage\":\"pl-PL\",\"potentialAction\":[{\"@type\":\"CommentAction\",\"name\":\"Comment\",\"target\":[\"https:\/\/www.pakamera.pl\/magazyn\/swiateczna-ceramika-polskich-projektantow\/#respond\"]}]},{\"@type\":\"WebPage\",\"@id\":\"https:\/\/www.pakamera.pl\/magazyn\/swiateczna-ceramika-polskich-projektantow\/\",\"url\":\"https:\/\/www.pakamera.pl\/magazyn\/swiateczna-ceramika-polskich-projektantow\/\",\"name\":\"\u015awi\u0105teczna ceramika od polskich projektant\u00f3w! - Magazyn Pakamera.pl\",\"isPartOf\":{\"@id\":\"https:\/\/www.pakamera.pl\/magazyn\/#website\"},\"datePublished\":\"2021-11-30T14:14:06+00:00\",\"dateModified\":\"2025-06-06T12:41:54+00:00\",\"description\":\"Sprawd\u017acie \u015bwi\u0105teczny kulinarny niezb\u0119dnik wed\u0142ug pakamera.pl. Oto \u015bwi\u0105teczna ceramika, kt\u00f3ra umili Ci czas w kuchennym zaciszu.\",\"breadcrumb\":{\"@id\":\"https:\/\/www.pakamera.pl\/magazyn\/swiateczna-ceramika-polskich-projektantow\/#breadcrumb\"},\"inLanguage\":\"pl-PL\",\"potentialAction\":[{\"@type\":\"ReadAction\",\"target\":[\"https:\/\/www.pakamera.pl\/magazyn\/swiateczna-ceramika-polskich-projektantow\/\"]}]},{\"@type\":\"BreadcrumbList\",\"@id\":\"https:\/\/www.pakamera.pl\/magazyn\/swiateczna-ceramika-polskich-projektantow\/#breadcrumb\",\"itemListElement\":[{\"@type\":\"ListItem\",\"position\":1,\"name\":\"Magazyn\",\"item\":\"https:\/\/www.pakamera.pl\/magazyn\/\"},{\"@type\":\"ListItem\",\"position\":2,\"name\":\"Dom i Wn\u0119trze\",\"item\":\"https:\/\/www.pakamera.pl\/magazyn\/category\/dom-i-wnetrza\/\"},{\"@type\":\"ListItem\",\"position\":3,\"name\":\"\u015awi\u0105teczna ceramika od polskich projektant\u00f3w!\"}]},{\"@type\":\"WebSite\",\"@id\":\"https:\/\/www.pakamera.pl\/magazyn\/#website\",\"url\":\"https:\/\/www.pakamera.pl\/magazyn\/\",\"name\":\"Magazyn Pakamera.pl\",\"description\":\"Sprawd\u017a najgor\u0119tsze tematy sezonu!\",\"publisher\":{\"@id\":\"https:\/\/www.pakamera.pl\/magazyn\/#organization\"},\"potentialAction\":[{\"@type\":\"SearchAction\",\"target\":{\"@type\":\"EntryPoint\",\"urlTemplate\":\"https:\/\/www.pakamera.pl\/magazyn\/?s={search_term_string}\"},\"query-input\":\"required name=search_term_string\"}],\"inLanguage\":\"pl-PL\"},{\"@type\":\"Organization\",\"@id\":\"https:\/\/www.pakamera.pl\/magazyn\/#organization\",\"name\":\"Pakamera.pl\",\"url\":\"https:\/\/www.pakamera.pl\/magazyn\/\",\"logo\":{\"@type\":\"ImageObject\",\"inLanguage\":\"pl-PL\",\"@id\":\"https:\/\/www.pakamera.pl\/magazyn\/#\/schema\/logo\/image\/\",\"url\":\"https:\/\/imgmag.pakamera.net\/2023\/11\/153455466619.png\",\"contentUrl\":\"https:\/\/imgmag.pakamera.net\/2023\/11\/153455466619.png\",\"width\":690,\"height\":140,\"caption\":\"Pakamera.pl\"},\"image\":{\"@id\":\"https:\/\/www.pakamera.pl\/magazyn\/#\/schema\/logo\/image\/\"},\"sameAs\":[\"https:\/\/facebook.com\/pakamerapl\",\"https:\/\/www.instagram.com\/pakamera\/\"]},{\"@type\":\"Person\",\"@id\":\"https:\/\/www.pakamera.pl\/magazyn\/#\/schema\/person\/1e4a07a2f8939d490324a9f8dcea166f\",\"name\":\"Monika Komorowska\",\"description\":\"Jestem entuzjastk\u0105 mody, designu wn\u0119trz oraz sztuki dekoracji. Moje pasje po\u0142\u0105czone z mi\u0142o\u015bci\u0105 do inspiracji i prezent\u00f3w sprawi\u0142y, \u017ce tworz\u0119 tre\u015bci, kt\u00f3re pomagaj\u0105 uczyni\u0107 \u017cycie pi\u0119kniejszym i bardziej wyj\u0105tkowym. W moich postach znajdziesz wiele inspiracji dotycz\u0105cych prezent\u00f3w na r\u00f3\u017cne okazje, od Dnia Dziecka po \u015awi\u0119to Zakochanych. Stawiam na oryginalno\u015b\u0107 i niebanalne pomys\u0142y, kt\u00f3re pomog\u0105 Ci znale\u017a\u0107 idealny upominek dla bliskich. Ponadto, interesuj\u0119 si\u0119 mod\u0105 i designem, co wida\u0107 w moich wpisach na temat najnowszych trend\u00f3w w ubraniach, torebkach i bi\u017cuterii. W artyku\u0142ach dotycz\u0105cych wn\u0119trz dziel\u0119 si\u0119 pomys\u0142ami na dekoracje, aran\u017cacje oraz dodatki, kt\u00f3re sprawi\u0105, \u017ce Tw\u00f3j dom stanie si\u0119 jeszcze pi\u0119kniejszy. Zapraszam Ci\u0119 do odkrywania pi\u0119kna w r\u00f3\u017cnych aspektach \u017cycia i do korzystania z moich pomys\u0142\u00f3w na tworzenie wyj\u0105tkowych chwil i przestrzeni.\"}]}<\/script>\n<!-- \/ Yoast SEO plugin. -->","yoast_head_json":{"title":"\u015awi\u0105teczna ceramika od polskich projektant\u00f3w! - Magazyn Pakamera.pl","description":"Sprawd\u017acie \u015bwi\u0105teczny kulinarny niezb\u0119dnik wed\u0142ug pakamera.pl. Oto \u015bwi\u0105teczna ceramika, kt\u00f3ra umili Ci czas w kuchennym zaciszu.","robots":{"index":"index","follow":"follow"},"canonical":"https:\/\/www.pakamera.pl\/magazyn\/swiateczna-ceramika-polskich-projektantow\/","og_locale":"pl_PL","og_type":"article","og_title":"\u015awi\u0105teczna ceramika od polskich projektant\u00f3w! - Magazyn Pakamera.pl","og_description":"Sprawd\u017acie \u015bwi\u0105teczny kulinarny niezb\u0119dnik wed\u0142ug pakamera.pl. Oto \u015bwi\u0105teczna ceramika, kt\u00f3ra umili Ci czas w kuchennym zaciszu.","og_url":"https:\/\/www.pakamera.pl\/magazyn\/swiateczna-ceramika-polskich-projektantow\/","og_site_name":"Magazyn Pakamera.pl","article_publisher":"https:\/\/facebook.com\/pakamerapl","article_published_time":"2021-11-30T14:14:06+00:00","article_modified_time":"2025-06-06T12:41:54+00:00","og_image":[{"width":1200,"height":799,"url":"https:\/\/imgmag.pakamera.net\/2017\/12\/kubki-i-filizanki-pangziceramics.jpg","type":"image\/jpeg"}],"author":"Monika Komorowska","twitter_card":"summary_large_image","twitter_misc":{"Napisane przez":"Monika Komorowska","Szacowany czas czytania":"4 minuty"},"schema":{"@context":"https:\/\/schema.org","@graph":[{"@type":"Article","@id":"https:\/\/www.pakamera.pl\/magazyn\/swiateczna-ceramika-polskich-projektantow\/#article","isPartOf":{"@id":"https:\/\/www.pakamera.pl\/magazyn\/swiateczna-ceramika-polskich-projektantow\/"},"author":{"name":"Monika Komorowska","@id":"https:\/\/www.pakamera.pl\/magazyn\/#\/schema\/person\/1e4a07a2f8939d490324a9f8dcea166f"},"headline":"\u015awi\u0105teczna ceramika od polskich projektant\u00f3w!","datePublished":"2021-11-30T14:14:06+00:00","dateModified":"2025-06-06T12:41:54+00:00","mainEntityOfPage":{"@id":"https:\/\/www.pakamera.pl\/magazyn\/swiateczna-ceramika-polskich-projektantow\/"},"wordCount":580,"commentCount":0,"publisher":{"@id":"https:\/\/www.pakamera.pl\/magazyn\/#organization"},"keywords":["ceramika","kulinaria","Kulinarne \u015bwi\u0105teczne upominki","polscy projektanci","polskich projektant\u00f3w","porcelana","prezenty","\u015awi\u0105teczna ceramika","\u015bwi\u0119ta","\u0142adne rzeczy"],"articleSection":["Dom i Wn\u0119trze"],"inLanguage":"pl-PL","potentialAction":[{"@type":"CommentAction","name":"Comment","target":["https:\/\/www.pakamera.pl\/magazyn\/swiateczna-ceramika-polskich-projektantow\/#respond"]}]},{"@type":"WebPage","@id":"https:\/\/www.pakamera.pl\/magazyn\/swiateczna-ceramika-polskich-projektantow\/","url":"https:\/\/www.pakamera.pl\/magazyn\/swiateczna-ceramika-polskich-projektantow\/","name":"\u015awi\u0105teczna ceramika od polskich projektant\u00f3w! - Magazyn Pakamera.pl","isPartOf":{"@id":"https:\/\/www.pakamera.pl\/magazyn\/#website"},"datePublished":"2021-11-30T14:14:06+00:00","dateModified":"2025-06-06T12:41:54+00:00","description":"Sprawd\u017acie \u015bwi\u0105teczny kulinarny niezb\u0119dnik wed\u0142ug pakamera.pl. Oto \u015bwi\u0105teczna ceramika, kt\u00f3ra umili Ci czas w kuchennym zaciszu.","breadcrumb":{"@id":"https:\/\/www.pakamera.pl\/magazyn\/swiateczna-ceramika-polskich-projektantow\/#breadcrumb"},"inLanguage":"pl-PL","potentialAction":[{"@type":"ReadAction","target":["https:\/\/www.pakamera.pl\/magazyn\/swiateczna-ceramika-polskich-projektantow\/"]}]},{"@type":"BreadcrumbList","@id":"https:\/\/www.pakamera.pl\/magazyn\/swiateczna-ceramika-polskich-projektantow\/#breadcrumb","itemListElement":[{"@type":"ListItem","position":1,"name":"Magazyn","item":"https:\/\/www.pakamera.pl\/magazyn\/"},{"@type":"ListItem","position":2,"name":"Dom i Wn\u0119trze","item":"https:\/\/www.pakamera.pl\/magazyn\/category\/dom-i-wnetrza\/"},{"@type":"ListItem","position":3,"name":"\u015awi\u0105teczna ceramika od polskich projektant\u00f3w!"}]},{"@type":"WebSite","@id":"https:\/\/www.pakamera.pl\/magazyn\/#website","url":"https:\/\/www.pakamera.pl\/magazyn\/","name":"Magazyn Pakamera.pl","description":"Sprawd\u017a najgor\u0119tsze tematy sezonu!","publisher":{"@id":"https:\/\/www.pakamera.pl\/magazyn\/#organization"},"potentialAction":[{"@type":"SearchAction","target":{"@type":"EntryPoint","urlTemplate":"https:\/\/www.pakamera.pl\/magazyn\/?s={search_term_string}"},"query-input":"required name=search_term_string"}],"inLanguage":"pl-PL"},{"@type":"Organization","@id":"https:\/\/www.pakamera.pl\/magazyn\/#organization","name":"Pakamera.pl","url":"https:\/\/www.pakamera.pl\/magazyn\/","logo":{"@type":"ImageObject","inLanguage":"pl-PL","@id":"https:\/\/www.pakamera.pl\/magazyn\/#\/schema\/logo\/image\/","url":"https:\/\/imgmag.pakamera.net\/2023\/11\/153455466619.png","contentUrl":"https:\/\/imgmag.pakamera.net\/2023\/11\/153455466619.png","width":690,"height":140,"caption":"Pakamera.pl"},"image":{"@id":"https:\/\/www.pakamera.pl\/magazyn\/#\/schema\/logo\/image\/"},"sameAs":["https:\/\/facebook.com\/pakamerapl","https:\/\/www.instagram.com\/pakamera\/"]},{"@type":"Person","@id":"https:\/\/www.pakamera.pl\/magazyn\/#\/schema\/person\/1e4a07a2f8939d490324a9f8dcea166f","name":"Monika Komorowska","description":"Jestem entuzjastk\u0105 mody, designu wn\u0119trz oraz sztuki dekoracji. Moje pasje po\u0142\u0105czone z mi\u0142o\u015bci\u0105 do inspiracji i prezent\u00f3w sprawi\u0142y, \u017ce tworz\u0119 tre\u015bci, kt\u00f3re pomagaj\u0105 uczyni\u0107 \u017cycie pi\u0119kniejszym i bardziej wyj\u0105tkowym. W moich postach znajdziesz wiele inspiracji dotycz\u0105cych prezent\u00f3w na r\u00f3\u017cne okazje, od Dnia Dziecka po \u015awi\u0119to Zakochanych. Stawiam na oryginalno\u015b\u0107 i niebanalne pomys\u0142y, kt\u00f3re pomog\u0105 Ci znale\u017a\u0107 idealny upominek dla bliskich. Ponadto, interesuj\u0119 si\u0119 mod\u0105 i designem, co wida\u0107 w moich wpisach na temat najnowszych trend\u00f3w w ubraniach, torebkach i bi\u017cuterii. W artyku\u0142ach dotycz\u0105cych wn\u0119trz dziel\u0119 si\u0119 pomys\u0142ami na dekoracje, aran\u017cacje oraz dodatki, kt\u00f3re sprawi\u0105, \u017ce Tw\u00f3j dom stanie si\u0119 jeszcze pi\u0119kniejszy. Zapraszam Ci\u0119 do odkrywania pi\u0119kna w r\u00f3\u017cnych aspektach \u017cycia i do korzystania z moich pomys\u0142\u00f3w na tworzenie wyj\u0105tkowych chwil i przestrzeni."}]}},"_links":{"self":[{"href":"https:\/\/www.pakamera.pl\/magazyn\/wp-json\/wp\/v2\/posts\/2777","targetHints":{"allow":["GET"]}}],"collection":[{"href":"https:\/\/www.pakamera.pl\/magazyn\/wp-json\/wp\/v2\/posts"}],"about":[{"href":"https:\/\/www.pakamera.pl\/magazyn\/wp-json\/wp\/v2\/types\/post"}],"author":[{"embeddable":true,"href":"https:\/\/www.pakamera.pl\/magazyn\/wp-json\/wp\/v2\/users\/10"}],"replies":[{"embeddable":true,"href":"https:\/\/www.pakamera.pl\/magazyn\/wp-json\/wp\/v2\/comments?post=2777"}],"version-history":[{"count":3,"href":"https:\/\/www.pakamera.pl\/magazyn\/wp-json\/wp\/v2\/posts\/2777\/revisions"}],"predecessor-version":[{"id":13460,"href":"https:\/\/www.pakamera.pl\/magazyn\/wp-json\/wp\/v2\/posts\/2777\/revisions\/13460"}],"wp:featuredmedia":[{"embeddable":true,"href":"https:\/\/www.pakamera.pl\/magazyn\/wp-json\/wp\/v2\/media\/2804"}],"wp:attachment":[{"href":"https:\/\/www.pakamera.pl\/magazyn\/wp-json\/wp\/v2\/media?parent=2777"}],"wp:term":[{"taxonomy":"category","embeddable":true,"href":"https:\/\/www.pakamera.pl\/magazyn\/wp-json\/wp\/v2\/categories?post=2777"},{"taxonomy":"post_tag","embeddable":true,"href":"https:\/\/www.pakamera.pl\/magazyn\/wp-json\/wp\/v2\/tags?post=2777"}],"curies":[{"name":"wp","href":"https:\/\/api.w.org\/{rel}","templated":true}]}}