{"id":2476,"date":"2017-09-27T16:00:02","date_gmt":"2017-09-27T14:00:02","guid":{"rendered":"https:\/\/www.pakamera.pl\/magazyn\/?p=2476"},"modified":"2025-02-28T15:13:39","modified_gmt":"2025-02-28T14:13:39","slug":"wybierz-beanie-idealne","status":"publish","type":"post","link":"https:\/\/www.pakamera.pl\/magazyn\/wybierz-beanie-idealne\/","title":{"rendered":"Wybierz beanie idealne!"},"content":{"rendered":"<p lang=\"zxx\"><strong>Jesie\u0144 ju\u017c za pasem. Zadbaj o siebie i no\u015b czapk\u0119. Kiedy na dworze zaczyna panowa\u0107 niesprzyjaj\u0105ca aura, wiatr, deszcz i jesienna s\u0142ota warto wyci\u0105gn\u0105\u0107 z szafy czapk\u0119. Najlepsze na t\u0119 por\u0119 roku b\u0119d\u0105 delikatne beanie, wykonane z bawe\u0142ny. Nie za ciep\u0142e i nie za zimne. Mog\u0105 sta\u0107 si\u0119 ciekawym uzupe\u0142nieniem Twojej stylizacji. Zobacz propozycje <a href=\"https:\/\/www.pakamera.pl\/czapki-i-kapelusze-0-1826.htm\">czapek<\/a> od polskich projektant\u00f3w.<\/strong><\/p>\n<figure id=\"attachment_2477\" aria-describedby=\"caption-attachment-2477\" style=\"width: 1200px\" class=\"wp-caption alignnone\"><img loading=\"lazy\" decoding=\"async\" class=\"wp-image-2477 size-full\" src=\"\/\/imgmag.pakamera.net\/2017\/09\/rottlove.jpg\" alt=\"\" width=\"1200\" height=\"900\" \/><figcaption id=\"caption-attachment-2477\" class=\"wp-caption-text\">Czapka \/ ROTTlove<\/figcaption><\/figure>\n<p lang=\"zxx\">Wiele z nas podkrada <strong>czapki<\/strong> z p\u00f3\u0142ki swojego faceta. A co powiecie na projekty stworzone z my\u015bl\u0105 wy\u0142\u0105cznie o nas? <a href=\"https:\/\/www.pakamera.pl\/cadoaccessories-0_s12065623.htm\">CADO Accessories<\/a> proponuje niezwykle praktyczn\u0105 i kobiec\u0105 <strong>czapk\u0119<\/strong> zrobion\u0105 z mi\u0119kkiej i wygodnej dzianiny dresowej. Jej blado pudrowy r\u00f3\u017c \u015bwietnie zgra si\u0119 z ciep\u0142ymi pastelami, szaro\u015bciami ale r\u00f3wnie\u017c z d\u017cinsem. Taka czapka podkre\u015bli dziewcz\u0119c\u0105 twarz a przy tym mo\u017ce przyda\u0107 si\u0119 latem lub wiosn\u0105 w ch\u0142odniejsze dni.<\/p>\n<figure id=\"attachment_2478\" aria-describedby=\"caption-attachment-2478\" style=\"width: 530px\" class=\"wp-caption alignnone\"><img loading=\"lazy\" decoding=\"async\" class=\"wp-image-2478 size-full\" src=\"\/\/imgmag.pakamera.net\/2017\/09\/cadoaccessories.jpg\" alt=\"\" width=\"530\" height=\"795\" \/><figcaption id=\"caption-attachment-2478\" class=\"wp-caption-text\">Beanie \/ CADO Accessories<\/figcaption><\/figure>\n<p lang=\"zxx\">R\u00f3\u017cnorodno\u015b\u0107 modeli dost\u0119pnych na rynku sprawia, \u017ce czasem ci\u0119\u017cko dobra\u0107 co\u015b pasuj\u0105cego do naszej urody. Z pomoc\u0105 przychodzi nam marka Byjd, kt\u00f3ra w swojej ofercie ma <strong>czapki beanie<\/strong> w standardowych odcieniach: czer\u0144, granat czy szaro\u015b\u0107. Na zdj\u0119ciu zobaczy\u0107 mo\u017cecie klasyczn\u0105 ciemn\u0105 beanie, ale projektant przewidzia\u0142 dla u\u017cytkownika fajny element wyr\u00f3\u017cniaj\u0105cy: drewniane guziki z grawerowanymi literami, kt\u00f3re mog\u0105 by\u0107 inicja\u0142ami czy kr\u00f3tkim napisem. Dzi\u0119ki temu, \u017ce czapka jest d\u0142uga mo\u017cna nosi\u0107 j\u0105 na wiele sposob\u00f3w.<\/p>\n<figure id=\"attachment_2479\" aria-describedby=\"caption-attachment-2479\" style=\"width: 899px\" class=\"wp-caption alignnone\"><img loading=\"lazy\" decoding=\"async\" class=\"wp-image-2479 size-full\" src=\"\/\/imgmag.pakamera.net\/2017\/09\/byjd-2.jpg\" alt=\"\" width=\"899\" height=\"899\" srcset=\"https:\/\/imgmag.pakamera.net\/2017\/09\/byjd-2.jpg 899w, https:\/\/imgmag.pakamera.net\/2017\/09\/byjd-2-240x240.jpg 240w, https:\/\/imgmag.pakamera.net\/2017\/09\/byjd-2-570x570.jpg 570w\" sizes=\"auto, (max-width: 899px) 100vw, 899px\" \/><figcaption id=\"caption-attachment-2479\" class=\"wp-caption-text\">Beanie \/ Byjd<\/figcaption><\/figure>\n<p lang=\"zxx\">Dla tych z nas, kt\u00f3re lubi\u0105 m\u0119ski sznyt w swoim wygl\u0105dzie polecamy klasyczn\u0105 <strong>czapk\u0119<\/strong> od projektanta <a href=\"https:\/\/www.pakamera.pl\/rottlove-0_s12336870.htm\">ROTTlove<\/a>. Co w niej najbardziej urocze to sk\u00f3rzana naszywka przedstawiaj\u0105ca wizerunek rottweilera. Mi\u0142o\u015bnicy zwierz\u0105t pokochaj\u0105 akcesoria od tej marki. A je\u015bli w dodatku wiemy, \u017ce jej w\u0142a\u015bciciele z puli dokonanych zakup\u00f3w przekazuj\u0105 co miesi\u0105c darowizn\u0119 na bezdomne psy to chyba warto zainwestowa\u0107 w garderob\u0119 \ud83d\ude09<\/p>\n<figure id=\"attachment_2480\" aria-describedby=\"caption-attachment-2480\" style=\"width: 752px\" class=\"wp-caption alignnone\"><img loading=\"lazy\" decoding=\"async\" class=\"wp-image-2480 size-full\" src=\"\/\/imgmag.pakamera.net\/2017\/09\/rottlove-2.jpg\" alt=\"\" width=\"752\" height=\"960\" \/><figcaption id=\"caption-attachment-2480\" class=\"wp-caption-text\">Beanie \/ ROTTlove<\/figcaption><\/figure>\n<p lang=\"zxx\">Damska czapka nie musi by\u0107 nudnym beretem. Je\u015bli zdecydujecie si\u0119 na wersj\u0119 beanie od <a href=\"https:\/\/www.pakamera.pl\/rest-factory-0_s12229980.htm\">REST FActory<\/a> mo\u017cecie zyska\u0107 \u015bwietny streetowy look. Lekko ch\u0142opi\u0119cy, drapie\u017cny a na pewno wyrazisty. Dla kobiet, kt\u00f3re chc\u0105 odrobiny oryginalno\u015bci w swoim wygl\u0105dzie.<\/p>\n<figure id=\"attachment_2481\" aria-describedby=\"caption-attachment-2481\" style=\"width: 1000px\" class=\"wp-caption alignnone\"><img loading=\"lazy\" decoding=\"async\" class=\"wp-image-2481 size-full\" src=\"\/\/imgmag.pakamera.net\/2017\/09\/rest-factory.jpg\" alt=\"\" width=\"1000\" height=\"1500\" \/><figcaption id=\"caption-attachment-2481\" class=\"wp-caption-text\">Beanie \/ REST Factory<\/figcaption><\/figure>\n<p lang=\"zxx\">Dobranie <strong>czapki<\/strong> to wcale nie taka prosta sprawa. Pami\u0119tajcie, \u017ce najwa\u017cniejsza jest Wasza wygoda. Wybierajcie wi\u0119c delikatne i naturalne materia\u0142y. Zastan\u00f3wcie si\u0119 czy dany model pasuje do Waszego owalu twarzy czy obrysu oczu. Warto te\u017c dopasowa\u0107 czapk\u0119 do fryzury. Dzi\u0119ki przemy\u015blanym zakupom mo\u017cecie nosi\u0107 si\u0119 ciep\u0142o a przy tym modnie!<\/p>\n<figure id=\"attachment_2482\" aria-describedby=\"caption-attachment-2482\" style=\"width: 1000px\" class=\"wp-caption alignnone\"><img loading=\"lazy\" decoding=\"async\" class=\"wp-image-2482 size-full\" src=\"\/\/imgmag.pakamera.net\/2017\/09\/rest-factory-2.jpg\" alt=\"\" width=\"1000\" height=\"1500\" \/><figcaption id=\"caption-attachment-2482\" class=\"wp-caption-text\">Beanie \/ REST Factory<\/figcaption><\/figure>\n<p lang=\"zxx\">\n","protected":false},"excerpt":{"rendered":"<p>Jesie\u0144 ju\u017c za pasem. Zadbaj o siebie i no\u015b czapk\u0119. Kiedy na dworze zaczyna panowa\u0107 niesprzyjaj\u0105ca aura, wiatr, deszcz i jesienna s\u0142ota warto wyci\u0105gn\u0105\u0107 z szafy czapk\u0119. Najlepsze na t\u0119<span class=\"more-dots\">&#8230;<\/span><\/p>\n","protected":false},"author":3,"featured_media":2478,"comment_status":"open","ping_status":"closed","sticky":false,"template":"","format":"standard","meta":{"footnotes":""},"categories":[3],"tags":[481,482,31,483],"class_list":["post-2476","post","type-post","status-publish","format-standard","has-post-thumbnail","hentry","category-moda","tag-benie","tag-czapka","tag-nakrycie-glowy","tag-urban"],"yoast_head":"<!-- This site is optimized with the Yoast SEO plugin v21.6 - https:\/\/yoast.com\/wordpress\/plugins\/seo\/ -->\n<title>Wybierz beanie idealne! - Magazyn Pakamera.pl<\/title>\n<meta name=\"description\" content=\"Jesie\u0144 ju\u017c za pasem. Zadbaj o siebie i no\u015b czapk\u0119. Kiedy na dworze zaczyna panowa\u0107 niesprzyjaj\u0105ca aura, wiatr, deszcz i jesienna s\u0142ota warto wyci\u0105gn\u0105\u0107 z\" \/>\n<meta name=\"robots\" content=\"index, follow\" \/>\n<link rel=\"canonical\" href=\"https:\/\/www.pakamera.pl\/magazyn\/wybierz-beanie-idealne\/\" \/>\n<meta property=\"og:locale\" content=\"pl_PL\" \/>\n<meta property=\"og:type\" content=\"article\" \/>\n<meta property=\"og:title\" content=\"Wybierz beanie idealne! - Magazyn Pakamera.pl\" \/>\n<meta property=\"og:description\" content=\"Jesie\u0144 ju\u017c za pasem. Zadbaj o siebie i no\u015b czapk\u0119. Kiedy na dworze zaczyna panowa\u0107 niesprzyjaj\u0105ca aura, wiatr, deszcz i jesienna s\u0142ota warto wyci\u0105gn\u0105\u0107 z\" \/>\n<meta property=\"og:url\" content=\"https:\/\/www.pakamera.pl\/magazyn\/wybierz-beanie-idealne\/\" \/>\n<meta property=\"og:site_name\" content=\"Magazyn Pakamera.pl\" \/>\n<meta property=\"article:publisher\" content=\"https:\/\/facebook.com\/pakamerapl\" \/>\n<meta property=\"article:published_time\" content=\"2017-09-27T14:00:02+00:00\" \/>\n<meta property=\"article:modified_time\" content=\"2025-02-28T14:13:39+00:00\" \/>\n<meta property=\"og:image\" content=\"https:\/\/imgmag.pakamera.net\/2017\/09\/cadoaccessories.jpg\" \/>\n\t<meta property=\"og:image:width\" content=\"530\" \/>\n\t<meta property=\"og:image:height\" content=\"795\" \/>\n\t<meta property=\"og:image:type\" content=\"image\/jpeg\" \/>\n<meta name=\"author\" content=\"Anna Sionek\" \/>\n<meta name=\"twitter:card\" content=\"summary_large_image\" \/>\n<meta name=\"twitter:label1\" content=\"Napisane przez\" \/>\n\t<meta name=\"twitter:data1\" content=\"Anna Sionek\" \/>\n\t<meta name=\"twitter:label2\" content=\"Szacowany czas czytania\" \/>\n\t<meta name=\"twitter:data2\" content=\"2 minuty\" \/>\n<script type=\"application\/ld+json\" class=\"yoast-schema-graph\">{\"@context\":\"https:\/\/schema.org\",\"@graph\":[{\"@type\":\"Article\",\"@id\":\"https:\/\/www.pakamera.pl\/magazyn\/wybierz-beanie-idealne\/#article\",\"isPartOf\":{\"@id\":\"https:\/\/www.pakamera.pl\/magazyn\/wybierz-beanie-idealne\/\"},\"author\":{\"name\":\"Anna Sionek\",\"@id\":\"https:\/\/www.pakamera.pl\/magazyn\/#\/schema\/person\/938fcf2b298410e2b6b2d862299cc48b\"},\"headline\":\"Wybierz beanie idealne!\",\"datePublished\":\"2017-09-27T14:00:02+00:00\",\"dateModified\":\"2025-02-28T14:13:39+00:00\",\"mainEntityOfPage\":{\"@id\":\"https:\/\/www.pakamera.pl\/magazyn\/wybierz-beanie-idealne\/\"},\"wordCount\":474,\"commentCount\":0,\"publisher\":{\"@id\":\"https:\/\/www.pakamera.pl\/magazyn\/#organization\"},\"keywords\":[\"benie\",\"czapka\",\"nakrycie g\u0142owy\",\"urban\"],\"articleSection\":[\"Moda\"],\"inLanguage\":\"pl-PL\",\"potentialAction\":[{\"@type\":\"CommentAction\",\"name\":\"Comment\",\"target\":[\"https:\/\/www.pakamera.pl\/magazyn\/wybierz-beanie-idealne\/#respond\"]}]},{\"@type\":\"WebPage\",\"@id\":\"https:\/\/www.pakamera.pl\/magazyn\/wybierz-beanie-idealne\/\",\"url\":\"https:\/\/www.pakamera.pl\/magazyn\/wybierz-beanie-idealne\/\",\"name\":\"Wybierz beanie idealne! - Magazyn Pakamera.pl\",\"isPartOf\":{\"@id\":\"https:\/\/www.pakamera.pl\/magazyn\/#website\"},\"datePublished\":\"2017-09-27T14:00:02+00:00\",\"dateModified\":\"2025-02-28T14:13:39+00:00\",\"description\":\"Jesie\u0144 ju\u017c za pasem. Zadbaj o siebie i no\u015b czapk\u0119. Kiedy na dworze zaczyna panowa\u0107 niesprzyjaj\u0105ca aura, wiatr, deszcz i jesienna s\u0142ota warto wyci\u0105gn\u0105\u0107 z\",\"breadcrumb\":{\"@id\":\"https:\/\/www.pakamera.pl\/magazyn\/wybierz-beanie-idealne\/#breadcrumb\"},\"inLanguage\":\"pl-PL\",\"potentialAction\":[{\"@type\":\"ReadAction\",\"target\":[\"https:\/\/www.pakamera.pl\/magazyn\/wybierz-beanie-idealne\/\"]}]},{\"@type\":\"BreadcrumbList\",\"@id\":\"https:\/\/www.pakamera.pl\/magazyn\/wybierz-beanie-idealne\/#breadcrumb\",\"itemListElement\":[{\"@type\":\"ListItem\",\"position\":1,\"name\":\"Magazyn\",\"item\":\"https:\/\/www.pakamera.pl\/magazyn\/\"},{\"@type\":\"ListItem\",\"position\":2,\"name\":\"Moda\",\"item\":\"https:\/\/www.pakamera.pl\/magazyn\/category\/moda\/\"},{\"@type\":\"ListItem\",\"position\":3,\"name\":\"Wybierz beanie idealne!\"}]},{\"@type\":\"WebSite\",\"@id\":\"https:\/\/www.pakamera.pl\/magazyn\/#website\",\"url\":\"https:\/\/www.pakamera.pl\/magazyn\/\",\"name\":\"Magazyn Pakamera.pl\",\"description\":\"Sprawd\u017a najgor\u0119tsze tematy sezonu!\",\"publisher\":{\"@id\":\"https:\/\/www.pakamera.pl\/magazyn\/#organization\"},\"potentialAction\":[{\"@type\":\"SearchAction\",\"target\":{\"@type\":\"EntryPoint\",\"urlTemplate\":\"https:\/\/www.pakamera.pl\/magazyn\/?s={search_term_string}\"},\"query-input\":\"required name=search_term_string\"}],\"inLanguage\":\"pl-PL\"},{\"@type\":\"Organization\",\"@id\":\"https:\/\/www.pakamera.pl\/magazyn\/#organization\",\"name\":\"Pakamera.pl\",\"url\":\"https:\/\/www.pakamera.pl\/magazyn\/\",\"logo\":{\"@type\":\"ImageObject\",\"inLanguage\":\"pl-PL\",\"@id\":\"https:\/\/www.pakamera.pl\/magazyn\/#\/schema\/logo\/image\/\",\"url\":\"https:\/\/imgmag.pakamera.net\/2023\/11\/153455466619.png\",\"contentUrl\":\"https:\/\/imgmag.pakamera.net\/2023\/11\/153455466619.png\",\"width\":690,\"height\":140,\"caption\":\"Pakamera.pl\"},\"image\":{\"@id\":\"https:\/\/www.pakamera.pl\/magazyn\/#\/schema\/logo\/image\/\"},\"sameAs\":[\"https:\/\/facebook.com\/pakamerapl\",\"https:\/\/www.instagram.com\/pakamera\/\"]},{\"@type\":\"Person\",\"@id\":\"https:\/\/www.pakamera.pl\/magazyn\/#\/schema\/person\/938fcf2b298410e2b6b2d862299cc48b\",\"name\":\"Anna Sionek\",\"description\":\"Jestem pasjonatk\u0105 designu, mody dzieci\u0119cej i aran\u017cacji wn\u0119trz. Moja wieloletnia przygoda z blogowaniem pozwoli\u0142a mi zg\u0142\u0119bi\u0107 tajniki tworzenia wyj\u0105tkowych przestrzeni oraz stylizacji dla dzieci i doros\u0142ych. W moich tekstach stawiam na praktyczne wskaz\u00f3wki i inspiracje, aby pom\u00f3c czytelnikom znale\u017a\u0107 najlepsze rozwi\u0105zania. Mam ogromne do\u015bwiadczenie w wyborze zabawek kreatywnych dla dzieci, ubra\u0144 dla dziewczynek oraz dodatk\u00f3w do aran\u017cacji wn\u0119trz. Moje posty obejmuj\u0105 r\u00f3wnie\u017c tematy zwi\u0105zane z mod\u0105, zdrowiem i \u017cyciem rodzinnym. \u015aled\u017a moje wpisy, aby dowiedzie\u0107 si\u0119, jak urz\u0105dzi\u0107 dom w stylu skandynawskim, wybra\u0107 idealne \u0142\u00f3\u017cko czy wyeksponowa\u0107 ro\u015bliny w domu. Jestem pewna, \u017ce moje porady pomog\u0105 Ci cieszy\u0107 si\u0119 pi\u0119knym i funkcjonalnym otoczeniem.\"}]}<\/script>\n<!-- \/ Yoast SEO plugin. -->","yoast_head_json":{"title":"Wybierz beanie idealne! - Magazyn Pakamera.pl","description":"Jesie\u0144 ju\u017c za pasem. Zadbaj o siebie i no\u015b czapk\u0119. Kiedy na dworze zaczyna panowa\u0107 niesprzyjaj\u0105ca aura, wiatr, deszcz i jesienna s\u0142ota warto wyci\u0105gn\u0105\u0107 z","robots":{"index":"index","follow":"follow"},"canonical":"https:\/\/www.pakamera.pl\/magazyn\/wybierz-beanie-idealne\/","og_locale":"pl_PL","og_type":"article","og_title":"Wybierz beanie idealne! - Magazyn Pakamera.pl","og_description":"Jesie\u0144 ju\u017c za pasem. Zadbaj o siebie i no\u015b czapk\u0119. Kiedy na dworze zaczyna panowa\u0107 niesprzyjaj\u0105ca aura, wiatr, deszcz i jesienna s\u0142ota warto wyci\u0105gn\u0105\u0107 z","og_url":"https:\/\/www.pakamera.pl\/magazyn\/wybierz-beanie-idealne\/","og_site_name":"Magazyn Pakamera.pl","article_publisher":"https:\/\/facebook.com\/pakamerapl","article_published_time":"2017-09-27T14:00:02+00:00","article_modified_time":"2025-02-28T14:13:39+00:00","og_image":[{"width":530,"height":795,"url":"https:\/\/imgmag.pakamera.net\/2017\/09\/cadoaccessories.jpg","type":"image\/jpeg"}],"author":"Anna Sionek","twitter_card":"summary_large_image","twitter_misc":{"Napisane przez":"Anna Sionek","Szacowany czas czytania":"2 minuty"},"schema":{"@context":"https:\/\/schema.org","@graph":[{"@type":"Article","@id":"https:\/\/www.pakamera.pl\/magazyn\/wybierz-beanie-idealne\/#article","isPartOf":{"@id":"https:\/\/www.pakamera.pl\/magazyn\/wybierz-beanie-idealne\/"},"author":{"name":"Anna Sionek","@id":"https:\/\/www.pakamera.pl\/magazyn\/#\/schema\/person\/938fcf2b298410e2b6b2d862299cc48b"},"headline":"Wybierz beanie idealne!","datePublished":"2017-09-27T14:00:02+00:00","dateModified":"2025-02-28T14:13:39+00:00","mainEntityOfPage":{"@id":"https:\/\/www.pakamera.pl\/magazyn\/wybierz-beanie-idealne\/"},"wordCount":474,"commentCount":0,"publisher":{"@id":"https:\/\/www.pakamera.pl\/magazyn\/#organization"},"keywords":["benie","czapka","nakrycie g\u0142owy","urban"],"articleSection":["Moda"],"inLanguage":"pl-PL","potentialAction":[{"@type":"CommentAction","name":"Comment","target":["https:\/\/www.pakamera.pl\/magazyn\/wybierz-beanie-idealne\/#respond"]}]},{"@type":"WebPage","@id":"https:\/\/www.pakamera.pl\/magazyn\/wybierz-beanie-idealne\/","url":"https:\/\/www.pakamera.pl\/magazyn\/wybierz-beanie-idealne\/","name":"Wybierz beanie idealne! - Magazyn Pakamera.pl","isPartOf":{"@id":"https:\/\/www.pakamera.pl\/magazyn\/#website"},"datePublished":"2017-09-27T14:00:02+00:00","dateModified":"2025-02-28T14:13:39+00:00","description":"Jesie\u0144 ju\u017c za pasem. Zadbaj o siebie i no\u015b czapk\u0119. Kiedy na dworze zaczyna panowa\u0107 niesprzyjaj\u0105ca aura, wiatr, deszcz i jesienna s\u0142ota warto wyci\u0105gn\u0105\u0107 z","breadcrumb":{"@id":"https:\/\/www.pakamera.pl\/magazyn\/wybierz-beanie-idealne\/#breadcrumb"},"inLanguage":"pl-PL","potentialAction":[{"@type":"ReadAction","target":["https:\/\/www.pakamera.pl\/magazyn\/wybierz-beanie-idealne\/"]}]},{"@type":"BreadcrumbList","@id":"https:\/\/www.pakamera.pl\/magazyn\/wybierz-beanie-idealne\/#breadcrumb","itemListElement":[{"@type":"ListItem","position":1,"name":"Magazyn","item":"https:\/\/www.pakamera.pl\/magazyn\/"},{"@type":"ListItem","position":2,"name":"Moda","item":"https:\/\/www.pakamera.pl\/magazyn\/category\/moda\/"},{"@type":"ListItem","position":3,"name":"Wybierz beanie idealne!"}]},{"@type":"WebSite","@id":"https:\/\/www.pakamera.pl\/magazyn\/#website","url":"https:\/\/www.pakamera.pl\/magazyn\/","name":"Magazyn Pakamera.pl","description":"Sprawd\u017a najgor\u0119tsze tematy sezonu!","publisher":{"@id":"https:\/\/www.pakamera.pl\/magazyn\/#organization"},"potentialAction":[{"@type":"SearchAction","target":{"@type":"EntryPoint","urlTemplate":"https:\/\/www.pakamera.pl\/magazyn\/?s={search_term_string}"},"query-input":"required name=search_term_string"}],"inLanguage":"pl-PL"},{"@type":"Organization","@id":"https:\/\/www.pakamera.pl\/magazyn\/#organization","name":"Pakamera.pl","url":"https:\/\/www.pakamera.pl\/magazyn\/","logo":{"@type":"ImageObject","inLanguage":"pl-PL","@id":"https:\/\/www.pakamera.pl\/magazyn\/#\/schema\/logo\/image\/","url":"https:\/\/imgmag.pakamera.net\/2023\/11\/153455466619.png","contentUrl":"https:\/\/imgmag.pakamera.net\/2023\/11\/153455466619.png","width":690,"height":140,"caption":"Pakamera.pl"},"image":{"@id":"https:\/\/www.pakamera.pl\/magazyn\/#\/schema\/logo\/image\/"},"sameAs":["https:\/\/facebook.com\/pakamerapl","https:\/\/www.instagram.com\/pakamera\/"]},{"@type":"Person","@id":"https:\/\/www.pakamera.pl\/magazyn\/#\/schema\/person\/938fcf2b298410e2b6b2d862299cc48b","name":"Anna Sionek","description":"Jestem pasjonatk\u0105 designu, mody dzieci\u0119cej i aran\u017cacji wn\u0119trz. Moja wieloletnia przygoda z blogowaniem pozwoli\u0142a mi zg\u0142\u0119bi\u0107 tajniki tworzenia wyj\u0105tkowych przestrzeni oraz stylizacji dla dzieci i doros\u0142ych. W moich tekstach stawiam na praktyczne wskaz\u00f3wki i inspiracje, aby pom\u00f3c czytelnikom znale\u017a\u0107 najlepsze rozwi\u0105zania. Mam ogromne do\u015bwiadczenie w wyborze zabawek kreatywnych dla dzieci, ubra\u0144 dla dziewczynek oraz dodatk\u00f3w do aran\u017cacji wn\u0119trz. Moje posty obejmuj\u0105 r\u00f3wnie\u017c tematy zwi\u0105zane z mod\u0105, zdrowiem i \u017cyciem rodzinnym. \u015aled\u017a moje wpisy, aby dowiedzie\u0107 si\u0119, jak urz\u0105dzi\u0107 dom w stylu skandynawskim, wybra\u0107 idealne \u0142\u00f3\u017cko czy wyeksponowa\u0107 ro\u015bliny w domu. Jestem pewna, \u017ce moje porady pomog\u0105 Ci cieszy\u0107 si\u0119 pi\u0119knym i funkcjonalnym otoczeniem."}]}},"_links":{"self":[{"href":"https:\/\/www.pakamera.pl\/magazyn\/wp-json\/wp\/v2\/posts\/2476","targetHints":{"allow":["GET"]}}],"collection":[{"href":"https:\/\/www.pakamera.pl\/magazyn\/wp-json\/wp\/v2\/posts"}],"about":[{"href":"https:\/\/www.pakamera.pl\/magazyn\/wp-json\/wp\/v2\/types\/post"}],"author":[{"embeddable":true,"href":"https:\/\/www.pakamera.pl\/magazyn\/wp-json\/wp\/v2\/users\/3"}],"replies":[{"embeddable":true,"href":"https:\/\/www.pakamera.pl\/magazyn\/wp-json\/wp\/v2\/comments?post=2476"}],"version-history":[{"count":1,"href":"https:\/\/www.pakamera.pl\/magazyn\/wp-json\/wp\/v2\/posts\/2476\/revisions"}],"predecessor-version":[{"id":12349,"href":"https:\/\/www.pakamera.pl\/magazyn\/wp-json\/wp\/v2\/posts\/2476\/revisions\/12349"}],"wp:featuredmedia":[{"embeddable":true,"href":"https:\/\/www.pakamera.pl\/magazyn\/wp-json\/wp\/v2\/media\/2478"}],"wp:attachment":[{"href":"https:\/\/www.pakamera.pl\/magazyn\/wp-json\/wp\/v2\/media?parent=2476"}],"wp:term":[{"taxonomy":"category","embeddable":true,"href":"https:\/\/www.pakamera.pl\/magazyn\/wp-json\/wp\/v2\/categories?post=2476"},{"taxonomy":"post_tag","embeddable":true,"href":"https:\/\/www.pakamera.pl\/magazyn\/wp-json\/wp\/v2\/tags?post=2476"}],"curies":[{"name":"wp","href":"https:\/\/api.w.org\/{rel}","templated":true}]}}