{"id":2289,"date":"2017-09-25T11:24:41","date_gmt":"2017-09-25T09:24:41","guid":{"rendered":"https:\/\/www.pakamera.pl\/magazyn\/?p=2289"},"modified":"2025-09-15T11:33:24","modified_gmt":"2025-09-15T09:33:24","slug":"trendy-jesien-zima-201718-czerwien","status":"publish","type":"post","link":"https:\/\/www.pakamera.pl\/magazyn\/trendy-jesien-zima-201718-czerwien\/","title":{"rendered":"Trendy jesie\u0144-zima 2017\/18: Czerwie\u0144"},"content":{"rendered":"<p><strong>Jesie\u0144 w pe\u0142ni! To oznacza, \u017ce trzeba przygotowa\u0107 swoj\u0105 szaf\u0119 na nowy sezon. My podpowiadamy jak nosi\u0107 trendy jesie\u0144-zima 2017\/18. Na pierwszy ogie\u0144 ultra kobieca i seksowna czerwie\u0144, najmodniejszy kolor jesieni!<\/strong><\/p>\n<p><!--more--><\/p>\n<p>Przegl\u0105daj\u0105c <strong>najmodniejsze kolory na sezon jesie\u0144 zima 2017\/18<\/strong> jednym z najcz\u0119\u015bciej pojawiaj\u0105cych si\u0119 jest zdecydowanie czerwie\u0144. Najbardziej po\u017c\u0105dany to bardzo soczysty odcie\u0144 tego uwodzicielskiego koloru. My nosimy go w total looku!<\/p>\n<p><img loading=\"lazy\" decoding=\"async\" class=\"alignnone size-full wp-image-2304\" src=\"\/\/imgmag.pakamera.net\/2017\/09\/trendy-czerwony-1.jpg\" alt=\"\" width=\"870\" height=\"580\" \/><\/p>\n<p><strong>Koronkowa bielizna<\/strong> to pocz\u0105tek naszej stylizacji. Wybrali\u015bmy mark\u0119 <strong><a href=\"https:\/\/www.pakamera.pl\/sahaja-0_s12256361.htm\" target=\"_blank\" rel=\"noopener noreferrer\">Sahaja<\/a><\/strong>, kt\u00f3ra idealnie dopasowuje si\u0119 do cia\u0142a i ka\u017cda kobieta b\u0119dzie czu\u0107 si\u0119 w niej doskonale. Oczywi\u015bcie w asortymencie marki znajdziemy r\u00f3wnie\u017c mn\u00f3stwo innych barw i wzor\u00f3w, kt\u00f3re spe\u0142ni\u0105 oczekiwania niejednej pani.<\/p>\n<p>Skoro bielizna ju\u017c wybrana, pora przej\u015b\u0107 do czego\u015b bardziej konkretnego. Zamszowa <strong>czerwona koszula<\/strong> i <strong>czerwona sp\u00f3dnica<\/strong> w klimacie lat 70. Obie rzeczy pochodz\u0105 z kolekcji marki <strong>Huzior<\/strong>, kt\u00f3r\u0105 znajdziecie na platformie <strong>Pakamera.pl. <\/strong>Ich intensywny kolor przyci\u0105gnie wzrok, ale te\u017c nie b\u0119dzie wydawa\u0107 si\u0119 zbytnio prowokuj\u0105cy. Jest to zas\u0142uga tego i\u017c obie wykonano z zamszu. Dzi\u0119ki temu wygl\u0105daj\u0105 one bardzo szlachetnie.<\/p>\n<p><img loading=\"lazy\" decoding=\"async\" class=\"alignnone size-full wp-image-2305\" src=\"\/\/imgmag.pakamera.net\/2017\/09\/trendy-czerwony-2.jpg\" alt=\"\" width=\"870\" height=\"580\" \/><\/p>\n<p><strong>Dodatki i akcesoria<\/strong> to kolejny element naszej stylizacji, o kt\u00f3rym oczywi\u015bcie nie mo\u017cemy zapomnie\u0107. Zacznijmy od<a href=\"https:\/\/www.pakamera.pl\/torebki-0-1873.htm\"> torebki<\/a>, oczywi\u015bcie tak jak m\u00f3wi tytu\u0142 wpisu<strong> Trendy jesie\u0144-zima 2017\/18: Czerwie\u0144<\/strong>, jest musi by\u0107 ona w tym odcieniu. Tu wybrali\u015bmy dwa modle. Pierwsza to model Lilia z kolekcji marki <a href=\"https:\/\/www.pakamera.pl\/mirons-leather-goods-0_s12315398.htm\" target=\"_blank\" rel=\"noopener noreferrer\">Mirons Leather Goods<\/a>, druga za\u015b pochodzi od marki <a href=\"https:\/\/www.pakamera.pl\/fabiola-torebki-0_s12363455.htm\" target=\"_blank\" rel=\"noopener noreferrer\">Fabiola Torebki<\/a>. Lilia to klasyczny model, kt\u00f3ry idealnie sprawdzi si\u0119 w pracy czy podczas oficjalnych wyj\u015b\u0107. Natomiast gwiezdna torebeczka od Fabiola to kwintesencja miejskiego stylu. Do obu modeli idealnie wejdzie sk\u00f3rzany portfel marki <a href=\"https:\/\/www.pakamera.pl\/alicja-getka-lab-0_s12196616.htm\" target=\"_blank\" rel=\"noopener noreferrer\">Alicja Getka LAB<\/a>.<\/p>\n<p><strong>Czerwona stylizacja<\/strong>, jest niemal gotowa. Ostatnimi elementami, kt\u00f3re zamkn\u0105 j\u0105 w ca\u0142o\u015b\u0107 jest <strong>czerwony pasek<\/strong> <a href=\"https:\/\/www.pakamera.pl\/bellera-0_s12361813.htm\" target=\"_blank\" rel=\"noopener noreferrer\">Bellera<\/a>, mucha <a href=\"https:\/\/www.pakamera.pl\/marthu-0_s12117027.htm\" target=\"_blank\" rel=\"noopener noreferrer\">Marthu<\/a>, seksowne <strong>szpilki<\/strong> Anis oraz <strong>bi\u017cuteria<\/strong> taka jak kolczyki <a href=\"https:\/\/www.pakamera.pl\/mrosoutache-0_s12199040.htm\" target=\"_blank\" rel=\"noopener noreferrer\">Mrosoutache<\/a>, bransoletki <a href=\"https:\/\/www.pakamera.pl\/kika-pracownia-0_s12146704.htm\" target=\"_blank\" rel=\"noopener noreferrer\">Kika Pracownia<\/a> i pier\u015bcie\u0144 <a href=\"https:\/\/www.pakamera.pl\/joccos-design-0_s12128858.htm\" target=\"_blank\" rel=\"noopener noreferrer\">Joccos Design<\/a>. Wisienk\u0105 na torcie jest ciep\u0142y szal <a href=\"https:\/\/www.pakamera.pl\/cadoaccessories-0_s12065623.htm\" target=\"_blank\" rel=\"noopener noreferrer\">CADOaccessories<\/a> i toczek <a href=\"https:\/\/www.pakamera.pl\/kasia-girtler-0_s12055985.htm\" target=\"_blank\" rel=\"noopener noreferrer\">Kasia Girtler<\/a> i dziewcz\u0119ce naszywki od marki <a href=\"https:\/\/www.pakamera.pl\/hafnahaft-0_s12340709.htm\">Hafnahaft<\/a>.<\/p>\n<p><img loading=\"lazy\" decoding=\"async\" class=\"alignnone size-full wp-image-2306\" src=\"\/\/imgmag.pakamera.net\/2017\/09\/trendy-czerwony-3.jpg\" alt=\"\" width=\"870\" height=\"870\" srcset=\"https:\/\/imgmag.pakamera.net\/2017\/09\/trendy-czerwony-3.jpg 870w, https:\/\/imgmag.pakamera.net\/2017\/09\/trendy-czerwony-3-240x240.jpg 240w, https:\/\/imgmag.pakamera.net\/2017\/09\/trendy-czerwony-3-570x570.jpg 570w\" sizes=\"auto, (max-width: 870px) 100vw, 870px\" \/><\/p>\n<p><em>FOTO: Rafa\u0142 Jarzombkowski \/ Blisko Studio<br \/>\nPRODUKCJA: Pakamera.pl<\/em><br \/>\n<em>OPRAWA GRAFICZNA: Karol Machnio \/ Pakamera.pl<\/em><\/p>\n","protected":false},"excerpt":{"rendered":"<p>Jesie\u0144 w pe\u0142ni! To oznacza, \u017ce trzeba przygotowa\u0107 swoj\u0105 szaf\u0119 na nowy sezon. My podpowiadamy jak nosi\u0107 trendy jesie\u0144-zima 2017\/18. Na pierwszy ogie\u0144 ultra kobieca i seksowna czerwie\u0144, najmodniejszy kolor<span class=\"more-dots\">&#8230;<\/span><\/p>\n","protected":false},"author":9,"featured_media":2305,"comment_status":"open","ping_status":"closed","sticky":false,"template":"","format":"standard","meta":{"footnotes":""},"categories":[3],"tags":[414,415,295,412,410,407,408,409,413,411,406,193,416,210,404,405],"class_list":["post-2289","post","type-post","status-publish","format-standard","has-post-thumbnail","hentry","category-moda","tag-anis","tag-bellera","tag-buty","tag-cado","tag-czerowna-spodnica","tag-czerwona","tag-czerwona-moda","tag-czerwone-ubrania","tag-fabiola","tag-huzior","tag-kolor-czerwony","tag-koszula","tag-mrosoutache","tag-topslider","tag-trendy","tag-trendy-jesien-zima"],"yoast_head":"<!-- This site is optimized with the Yoast SEO plugin v21.6 - https:\/\/yoast.com\/wordpress\/plugins\/seo\/ -->\n<title>Trendy jesie\u0144-zima 2017\/18: Czerwie\u0144 - Magazyn Pakamera.pl<\/title>\n<meta name=\"description\" content=\"Jesie\u0144 w pe\u0142ni! To oznacza, \u017ce trzeba przygotowa\u0107 swoj\u0105 szaf\u0119 na nowy sezon. My podpowiadamy jak nosi\u0107 trendy jesie\u0144-zima\" \/>\n<meta name=\"robots\" content=\"index, follow\" \/>\n<link rel=\"canonical\" href=\"https:\/\/www.pakamera.pl\/magazyn\/trendy-jesien-zima-201718-czerwien\/\" \/>\n<meta property=\"og:locale\" content=\"pl_PL\" \/>\n<meta property=\"og:type\" content=\"article\" \/>\n<meta property=\"og:title\" content=\"Trendy jesie\u0144-zima 2017\/18: Czerwie\u0144 - Magazyn Pakamera.pl\" \/>\n<meta property=\"og:description\" content=\"Jesie\u0144 w pe\u0142ni! To oznacza, \u017ce trzeba przygotowa\u0107 swoj\u0105 szaf\u0119 na nowy sezon. My podpowiadamy jak nosi\u0107 trendy jesie\u0144-zima\" \/>\n<meta property=\"og:url\" content=\"https:\/\/www.pakamera.pl\/magazyn\/trendy-jesien-zima-201718-czerwien\/\" \/>\n<meta property=\"og:site_name\" content=\"Magazyn Pakamera.pl\" \/>\n<meta property=\"article:publisher\" content=\"https:\/\/facebook.com\/pakamerapl\" \/>\n<meta property=\"article:published_time\" content=\"2017-09-25T09:24:41+00:00\" \/>\n<meta property=\"article:modified_time\" content=\"2025-09-15T09:33:24+00:00\" \/>\n<meta property=\"og:image\" content=\"https:\/\/imgmag.pakamera.net\/2017\/09\/trendy-czerwony-2.jpg\" \/>\n\t<meta property=\"og:image:width\" content=\"870\" \/>\n\t<meta property=\"og:image:height\" content=\"580\" \/>\n\t<meta property=\"og:image:type\" content=\"image\/jpeg\" \/>\n<meta name=\"author\" content=\"Maciej Czerniejewski\" \/>\n<meta name=\"twitter:card\" content=\"summary_large_image\" \/>\n<meta name=\"twitter:label1\" content=\"Napisane przez\" \/>\n\t<meta name=\"twitter:data1\" content=\"Maciej Czerniejewski\" \/>\n\t<meta name=\"twitter:label2\" content=\"Szacowany czas czytania\" \/>\n\t<meta name=\"twitter:data2\" content=\"2 minuty\" \/>\n<script type=\"application\/ld+json\" class=\"yoast-schema-graph\">{\"@context\":\"https:\/\/schema.org\",\"@graph\":[{\"@type\":\"Article\",\"@id\":\"https:\/\/www.pakamera.pl\/magazyn\/trendy-jesien-zima-201718-czerwien\/#article\",\"isPartOf\":{\"@id\":\"https:\/\/www.pakamera.pl\/magazyn\/trendy-jesien-zima-201718-czerwien\/\"},\"author\":{\"name\":\"Maciej Czerniejewski\",\"@id\":\"https:\/\/www.pakamera.pl\/magazyn\/#\/schema\/person\/829b641b591381e517ae1495b1dcae07\"},\"headline\":\"Trendy jesie\u0144-zima 2017\/18: Czerwie\u0144\",\"datePublished\":\"2017-09-25T09:24:41+00:00\",\"dateModified\":\"2025-09-15T09:33:24+00:00\",\"mainEntityOfPage\":{\"@id\":\"https:\/\/www.pakamera.pl\/magazyn\/trendy-jesien-zima-201718-czerwien\/\"},\"wordCount\":359,\"commentCount\":0,\"publisher\":{\"@id\":\"https:\/\/www.pakamera.pl\/magazyn\/#organization\"},\"keywords\":[\"anis\",\"bellera\",\"buty\",\"cado\",\"czerowna sp\u00f3dnica\",\"czerwona\",\"czerwona moda\",\"czerwone ubrania\",\"fabiola\",\"huzior\",\"kolor czerwony\",\"koszula\",\"mrosoutache\",\"topslider\",\"trendy\",\"trendy jesie\u0144 zima\"],\"articleSection\":[\"Moda\"],\"inLanguage\":\"pl-PL\",\"potentialAction\":[{\"@type\":\"CommentAction\",\"name\":\"Comment\",\"target\":[\"https:\/\/www.pakamera.pl\/magazyn\/trendy-jesien-zima-201718-czerwien\/#respond\"]}]},{\"@type\":\"WebPage\",\"@id\":\"https:\/\/www.pakamera.pl\/magazyn\/trendy-jesien-zima-201718-czerwien\/\",\"url\":\"https:\/\/www.pakamera.pl\/magazyn\/trendy-jesien-zima-201718-czerwien\/\",\"name\":\"Trendy jesie\u0144-zima 2017\/18: Czerwie\u0144 - Magazyn Pakamera.pl\",\"isPartOf\":{\"@id\":\"https:\/\/www.pakamera.pl\/magazyn\/#website\"},\"datePublished\":\"2017-09-25T09:24:41+00:00\",\"dateModified\":\"2025-09-15T09:33:24+00:00\",\"description\":\"Jesie\u0144 w pe\u0142ni! To oznacza, \u017ce trzeba przygotowa\u0107 swoj\u0105 szaf\u0119 na nowy sezon. My podpowiadamy jak nosi\u0107 trendy jesie\u0144-zima\",\"breadcrumb\":{\"@id\":\"https:\/\/www.pakamera.pl\/magazyn\/trendy-jesien-zima-201718-czerwien\/#breadcrumb\"},\"inLanguage\":\"pl-PL\",\"potentialAction\":[{\"@type\":\"ReadAction\",\"target\":[\"https:\/\/www.pakamera.pl\/magazyn\/trendy-jesien-zima-201718-czerwien\/\"]}]},{\"@type\":\"BreadcrumbList\",\"@id\":\"https:\/\/www.pakamera.pl\/magazyn\/trendy-jesien-zima-201718-czerwien\/#breadcrumb\",\"itemListElement\":[{\"@type\":\"ListItem\",\"position\":1,\"name\":\"Magazyn\",\"item\":\"https:\/\/www.pakamera.pl\/magazyn\/\"},{\"@type\":\"ListItem\",\"position\":2,\"name\":\"Moda\",\"item\":\"https:\/\/www.pakamera.pl\/magazyn\/category\/moda\/\"},{\"@type\":\"ListItem\",\"position\":3,\"name\":\"Trendy jesie\u0144-zima 2017\/18: Czerwie\u0144\"}]},{\"@type\":\"WebSite\",\"@id\":\"https:\/\/www.pakamera.pl\/magazyn\/#website\",\"url\":\"https:\/\/www.pakamera.pl\/magazyn\/\",\"name\":\"Magazyn Pakamera.pl\",\"description\":\"Sprawd\u017a najgor\u0119tsze tematy sezonu!\",\"publisher\":{\"@id\":\"https:\/\/www.pakamera.pl\/magazyn\/#organization\"},\"potentialAction\":[{\"@type\":\"SearchAction\",\"target\":{\"@type\":\"EntryPoint\",\"urlTemplate\":\"https:\/\/www.pakamera.pl\/magazyn\/?s={search_term_string}\"},\"query-input\":\"required name=search_term_string\"}],\"inLanguage\":\"pl-PL\"},{\"@type\":\"Organization\",\"@id\":\"https:\/\/www.pakamera.pl\/magazyn\/#organization\",\"name\":\"Pakamera.pl\",\"url\":\"https:\/\/www.pakamera.pl\/magazyn\/\",\"logo\":{\"@type\":\"ImageObject\",\"inLanguage\":\"pl-PL\",\"@id\":\"https:\/\/www.pakamera.pl\/magazyn\/#\/schema\/logo\/image\/\",\"url\":\"https:\/\/imgmag.pakamera.net\/2023\/11\/153455466619.png\",\"contentUrl\":\"https:\/\/imgmag.pakamera.net\/2023\/11\/153455466619.png\",\"width\":690,\"height\":140,\"caption\":\"Pakamera.pl\"},\"image\":{\"@id\":\"https:\/\/www.pakamera.pl\/magazyn\/#\/schema\/logo\/image\/\"},\"sameAs\":[\"https:\/\/facebook.com\/pakamerapl\",\"https:\/\/www.instagram.com\/pakamera\/\"]},{\"@type\":\"Person\",\"@id\":\"https:\/\/www.pakamera.pl\/magazyn\/#\/schema\/person\/829b641b591381e517ae1495b1dcae07\",\"name\":\"Maciej Czerniejewski\",\"description\":\"Jestem pasjonatem mody, designu i sztuki dekoracji. Moje teksty to po\u0142\u0105czenie mi\u0142o\u015bci do stylowych ubra\u0144, gad\u017cet\u00f3w i inspiracji, kt\u00f3re pomagaj\u0105 uczyni\u0107 \u017cycie bardziej wyj\u0105tkowym. W moich postach podziel\u0119 si\u0119 z Tob\u0105 najnowszymi trendami w modzie i stylizacji na r\u00f3\u017cne okazje. Niezale\u017cnie od pory roku, staram si\u0119 dostarcza\u0107 praktyczne wskaz\u00f3wki i pomys\u0142y na prezent, kt\u00f3re sprawi\u0105, \u017ce Twoje \u015bwi\u0119ta b\u0119d\u0105 jeszcze pi\u0119kniejsze. Ponadto, interesuj\u0119 si\u0119 designem wn\u0119trz i dekoracjami. Moje posty obejmuj\u0105 tak\u017ce tematy zwi\u0105zane z aran\u017cacj\u0105 przestrzeni, tworzeniem zestaw\u00f3w plakat\u00f3w czy sposobami na od\u015bwie\u017cenie wn\u0119trza bez du\u017cego wysi\u0142ku. Zapraszam Ci\u0119 do odkrywania najnowszych trend\u00f3w w modzie, inspiracji w dekoracjach i praktycznych porad na temat prezent\u00f3w od prawdziwego pasjonata stylu.\",\"sameAs\":[\"https:\/\/www.instagram.com\/maciejmacy\/\"]}]}<\/script>\n<!-- \/ Yoast SEO plugin. -->","yoast_head_json":{"title":"Trendy jesie\u0144-zima 2017\/18: Czerwie\u0144 - Magazyn Pakamera.pl","description":"Jesie\u0144 w pe\u0142ni! To oznacza, \u017ce trzeba przygotowa\u0107 swoj\u0105 szaf\u0119 na nowy sezon. My podpowiadamy jak nosi\u0107 trendy jesie\u0144-zima","robots":{"index":"index","follow":"follow"},"canonical":"https:\/\/www.pakamera.pl\/magazyn\/trendy-jesien-zima-201718-czerwien\/","og_locale":"pl_PL","og_type":"article","og_title":"Trendy jesie\u0144-zima 2017\/18: Czerwie\u0144 - Magazyn Pakamera.pl","og_description":"Jesie\u0144 w pe\u0142ni! To oznacza, \u017ce trzeba przygotowa\u0107 swoj\u0105 szaf\u0119 na nowy sezon. My podpowiadamy jak nosi\u0107 trendy jesie\u0144-zima","og_url":"https:\/\/www.pakamera.pl\/magazyn\/trendy-jesien-zima-201718-czerwien\/","og_site_name":"Magazyn Pakamera.pl","article_publisher":"https:\/\/facebook.com\/pakamerapl","article_published_time":"2017-09-25T09:24:41+00:00","article_modified_time":"2025-09-15T09:33:24+00:00","og_image":[{"width":870,"height":580,"url":"https:\/\/imgmag.pakamera.net\/2017\/09\/trendy-czerwony-2.jpg","type":"image\/jpeg"}],"author":"Maciej Czerniejewski","twitter_card":"summary_large_image","twitter_misc":{"Napisane przez":"Maciej Czerniejewski","Szacowany czas czytania":"2 minuty"},"schema":{"@context":"https:\/\/schema.org","@graph":[{"@type":"Article","@id":"https:\/\/www.pakamera.pl\/magazyn\/trendy-jesien-zima-201718-czerwien\/#article","isPartOf":{"@id":"https:\/\/www.pakamera.pl\/magazyn\/trendy-jesien-zima-201718-czerwien\/"},"author":{"name":"Maciej Czerniejewski","@id":"https:\/\/www.pakamera.pl\/magazyn\/#\/schema\/person\/829b641b591381e517ae1495b1dcae07"},"headline":"Trendy jesie\u0144-zima 2017\/18: Czerwie\u0144","datePublished":"2017-09-25T09:24:41+00:00","dateModified":"2025-09-15T09:33:24+00:00","mainEntityOfPage":{"@id":"https:\/\/www.pakamera.pl\/magazyn\/trendy-jesien-zima-201718-czerwien\/"},"wordCount":359,"commentCount":0,"publisher":{"@id":"https:\/\/www.pakamera.pl\/magazyn\/#organization"},"keywords":["anis","bellera","buty","cado","czerowna sp\u00f3dnica","czerwona","czerwona moda","czerwone ubrania","fabiola","huzior","kolor czerwony","koszula","mrosoutache","topslider","trendy","trendy jesie\u0144 zima"],"articleSection":["Moda"],"inLanguage":"pl-PL","potentialAction":[{"@type":"CommentAction","name":"Comment","target":["https:\/\/www.pakamera.pl\/magazyn\/trendy-jesien-zima-201718-czerwien\/#respond"]}]},{"@type":"WebPage","@id":"https:\/\/www.pakamera.pl\/magazyn\/trendy-jesien-zima-201718-czerwien\/","url":"https:\/\/www.pakamera.pl\/magazyn\/trendy-jesien-zima-201718-czerwien\/","name":"Trendy jesie\u0144-zima 2017\/18: Czerwie\u0144 - Magazyn Pakamera.pl","isPartOf":{"@id":"https:\/\/www.pakamera.pl\/magazyn\/#website"},"datePublished":"2017-09-25T09:24:41+00:00","dateModified":"2025-09-15T09:33:24+00:00","description":"Jesie\u0144 w pe\u0142ni! To oznacza, \u017ce trzeba przygotowa\u0107 swoj\u0105 szaf\u0119 na nowy sezon. My podpowiadamy jak nosi\u0107 trendy jesie\u0144-zima","breadcrumb":{"@id":"https:\/\/www.pakamera.pl\/magazyn\/trendy-jesien-zima-201718-czerwien\/#breadcrumb"},"inLanguage":"pl-PL","potentialAction":[{"@type":"ReadAction","target":["https:\/\/www.pakamera.pl\/magazyn\/trendy-jesien-zima-201718-czerwien\/"]}]},{"@type":"BreadcrumbList","@id":"https:\/\/www.pakamera.pl\/magazyn\/trendy-jesien-zima-201718-czerwien\/#breadcrumb","itemListElement":[{"@type":"ListItem","position":1,"name":"Magazyn","item":"https:\/\/www.pakamera.pl\/magazyn\/"},{"@type":"ListItem","position":2,"name":"Moda","item":"https:\/\/www.pakamera.pl\/magazyn\/category\/moda\/"},{"@type":"ListItem","position":3,"name":"Trendy jesie\u0144-zima 2017\/18: Czerwie\u0144"}]},{"@type":"WebSite","@id":"https:\/\/www.pakamera.pl\/magazyn\/#website","url":"https:\/\/www.pakamera.pl\/magazyn\/","name":"Magazyn Pakamera.pl","description":"Sprawd\u017a najgor\u0119tsze tematy sezonu!","publisher":{"@id":"https:\/\/www.pakamera.pl\/magazyn\/#organization"},"potentialAction":[{"@type":"SearchAction","target":{"@type":"EntryPoint","urlTemplate":"https:\/\/www.pakamera.pl\/magazyn\/?s={search_term_string}"},"query-input":"required name=search_term_string"}],"inLanguage":"pl-PL"},{"@type":"Organization","@id":"https:\/\/www.pakamera.pl\/magazyn\/#organization","name":"Pakamera.pl","url":"https:\/\/www.pakamera.pl\/magazyn\/","logo":{"@type":"ImageObject","inLanguage":"pl-PL","@id":"https:\/\/www.pakamera.pl\/magazyn\/#\/schema\/logo\/image\/","url":"https:\/\/imgmag.pakamera.net\/2023\/11\/153455466619.png","contentUrl":"https:\/\/imgmag.pakamera.net\/2023\/11\/153455466619.png","width":690,"height":140,"caption":"Pakamera.pl"},"image":{"@id":"https:\/\/www.pakamera.pl\/magazyn\/#\/schema\/logo\/image\/"},"sameAs":["https:\/\/facebook.com\/pakamerapl","https:\/\/www.instagram.com\/pakamera\/"]},{"@type":"Person","@id":"https:\/\/www.pakamera.pl\/magazyn\/#\/schema\/person\/829b641b591381e517ae1495b1dcae07","name":"Maciej Czerniejewski","description":"Jestem pasjonatem mody, designu i sztuki dekoracji. Moje teksty to po\u0142\u0105czenie mi\u0142o\u015bci do stylowych ubra\u0144, gad\u017cet\u00f3w i inspiracji, kt\u00f3re pomagaj\u0105 uczyni\u0107 \u017cycie bardziej wyj\u0105tkowym. W moich postach podziel\u0119 si\u0119 z Tob\u0105 najnowszymi trendami w modzie i stylizacji na r\u00f3\u017cne okazje. Niezale\u017cnie od pory roku, staram si\u0119 dostarcza\u0107 praktyczne wskaz\u00f3wki i pomys\u0142y na prezent, kt\u00f3re sprawi\u0105, \u017ce Twoje \u015bwi\u0119ta b\u0119d\u0105 jeszcze pi\u0119kniejsze. Ponadto, interesuj\u0119 si\u0119 designem wn\u0119trz i dekoracjami. Moje posty obejmuj\u0105 tak\u017ce tematy zwi\u0105zane z aran\u017cacj\u0105 przestrzeni, tworzeniem zestaw\u00f3w plakat\u00f3w czy sposobami na od\u015bwie\u017cenie wn\u0119trza bez du\u017cego wysi\u0142ku. Zapraszam Ci\u0119 do odkrywania najnowszych trend\u00f3w w modzie, inspiracji w dekoracjach i praktycznych porad na temat prezent\u00f3w od prawdziwego pasjonata stylu.","sameAs":["https:\/\/www.instagram.com\/maciejmacy\/"]}]}},"_links":{"self":[{"href":"https:\/\/www.pakamera.pl\/magazyn\/wp-json\/wp\/v2\/posts\/2289","targetHints":{"allow":["GET"]}}],"collection":[{"href":"https:\/\/www.pakamera.pl\/magazyn\/wp-json\/wp\/v2\/posts"}],"about":[{"href":"https:\/\/www.pakamera.pl\/magazyn\/wp-json\/wp\/v2\/types\/post"}],"author":[{"embeddable":true,"href":"https:\/\/www.pakamera.pl\/magazyn\/wp-json\/wp\/v2\/users\/9"}],"replies":[{"embeddable":true,"href":"https:\/\/www.pakamera.pl\/magazyn\/wp-json\/wp\/v2\/comments?post=2289"}],"version-history":[{"count":3,"href":"https:\/\/www.pakamera.pl\/magazyn\/wp-json\/wp\/v2\/posts\/2289\/revisions"}],"predecessor-version":[{"id":13861,"href":"https:\/\/www.pakamera.pl\/magazyn\/wp-json\/wp\/v2\/posts\/2289\/revisions\/13861"}],"wp:featuredmedia":[{"embeddable":true,"href":"https:\/\/www.pakamera.pl\/magazyn\/wp-json\/wp\/v2\/media\/2305"}],"wp:attachment":[{"href":"https:\/\/www.pakamera.pl\/magazyn\/wp-json\/wp\/v2\/media?parent=2289"}],"wp:term":[{"taxonomy":"category","embeddable":true,"href":"https:\/\/www.pakamera.pl\/magazyn\/wp-json\/wp\/v2\/categories?post=2289"},{"taxonomy":"post_tag","embeddable":true,"href":"https:\/\/www.pakamera.pl\/magazyn\/wp-json\/wp\/v2\/tags?post=2289"}],"curies":[{"name":"wp","href":"https:\/\/api.w.org\/{rel}","templated":true}]}}