{"id":149,"date":"2021-08-10T15:17:28","date_gmt":"2021-08-10T13:17:28","guid":{"rendered":"https:\/\/www.pakamera.pl\/magazyn\/?p=149"},"modified":"2025-02-28T15:12:38","modified_gmt":"2025-02-28T14:12:38","slug":"najfajniejsze-na-swiecie-plecaki-dla-dziecka","status":"publish","type":"post","link":"https:\/\/www.pakamera.pl\/magazyn\/najfajniejsze-na-swiecie-plecaki-dla-dziecka\/","title":{"rendered":"Wybieramy najfajniejszy plecak dla dziecka."},"content":{"rendered":"<p lang=\"pl-PL\"><b>Nie wa\u017cne ile Wasza pociecha ma lat \u2013 2, 5 czy 8&#8230; Ka\u017cde dziecko pr\u0119dzej czy p\u00f3\u017aniej b\u0119dzie d\u0105\u017cy\u0142o do samodzielno\u015bci. A to w\u0142a\u015bnie ch\u0119\u0107 posiadania swojego w\u0142asnego plecaka jest wyrazem tej indywidualno\u015bci. Zobaczcie jakie propozycje dla maluch\u00f3w maj\u0105 polscy projektanci na Pakamera.pl. Wybieramy najlepszy <a href=\"https:\/\/www.pakamera.pl\/akcesoria-torebki-worki-i-plecaki-0-2091.htm\" target=\"_blank\" rel=\"noopener\">plecak dla dziecka<\/a>.<br \/>\n<\/b><\/p>\n<p lang=\"pl-PL\"><!--more--><\/p>\n<p lang=\"zxx\"><span lang=\"pl-PL\"><\/p>\n<div class=\"pakawidget\" id=\"pakawidget542\"><\/div>\n<p><script async defer src=\"https:\/\/www.pakamera.pl\/widget\/widget2.min.js?id=542&#038;type=20210811155819&#038;wwidth=1000\"><\/script>\u00a0<\/span><\/p>\n<p lang=\"zxx\"><span lang=\"pl-PL\">&#8222;Le\u015bni Przyjaciele&#8221; to projekt realizowany przez <strong>Lady Stump<\/strong><\/span><span lang=\"pl-PL\">. Zobaczcie jak ma\u0142e zwierzaki staj\u0105 si<\/span><span lang=\"pl-PL\">\u0119<\/span> <span lang=\"pl-PL\">wygodnymi<\/span><span lang=\"pl-PL\"><strong> plecakami<\/strong> dla ma\u0142ych dzieci. Pe\u0142ni\u0105 funkcj\u0119 nie tylko przechowywania ma\u0142ych skarb\u00f3w ale s\u0105 tez przytulank\u0105 i towarzyszem. \u015awietnie si\u0119 sprawdz\u0105 w przedszkolu, w podr\u00f3\u017cy czy na placu zabaw. Zmieszcz\u0105 ulubion\u0105 maskotk\u0119 i drobn\u0105 przek\u0105sk\u0119.Na pewno taki plecak wyr\u00f3\u017cnia si\u0119 z t\u0142umu i&#8230; czy\u017c nie s\u0105 urocze. Sprawd\u017acie koniecznie propozycje od tej marki.<br \/>\n<\/span><\/p>\n<p lang=\"pl-PL\"><img loading=\"lazy\" decoding=\"async\" class=\"alignnone size-full wp-image-158\" src=\"\/\/imgmag.pakamera.net\/2017\/07\/magazyn_torebkiworkiiplecakidladziecipakamerahugger5.jpg\" alt=\"\" width=\"667\" height=\"1000\" srcset=\"https:\/\/imgmag.pakamera.net\/2017\/07\/magazyn_torebkiworkiiplecakidladziecipakamerahugger5.jpg 667w, https:\/\/imgmag.pakamera.net\/2017\/07\/magazyn_torebkiworkiiplecakidladziecipakamerahugger5-200x300.jpg 200w, https:\/\/imgmag.pakamera.net\/2017\/07\/magazyn_torebkiworkiiplecakidladziecipakamerahugger5-467x700.jpg 467w\" sizes=\"auto, (max-width: 667px) 100vw, 667px\" \/><\/p>\n<p lang=\"pl-PL\">Plecak \/ Hugger<\/p>\n<p lang=\"pl-PL\">Propozycje dla dzieci od 1 do 9 roku \u017cycia ma marka <a href=\"https:\/\/www.pakamera.pl\/hugger-0_s12357319.htm\">Hugger<\/a>. Wysokiej jako\u015bci markowe <strong>plecaki<\/strong> dla dzieci brytyjskiej marki s\u0105 bardzo lekkie, pojemne, wygodne, bardzo , solidne, a do tego ich design jest weso\u0142y i pe\u0142en kolor\u00f3w. Idealne na wycieczki, spacery, wakacje, do przedszkola i szko\u0142y. S\u0105 bezpieczne dla dzieci, nie zawieraj\u0105 toksyn, spe\u0142niaj\u0105 Europejskie standardy bezpiecze\u0144stwa. Plecaki s\u0105 zr\u00f3\u017cnicowane kolorystycznie, wiec na pewno ka\u017cdy znajdzie co\u015b dla siebie.<\/p>\n<p lang=\"pl-PL\">Bobo\u0142ki &#8211; czyli \u0142adnie ubrane <strong>tobo\u0142ki<\/strong> to plecaki dla dzieciak\u00f3w i rodzic\u00f3w z wyobra\u017ani\u0105, kt\u00f3rzy ceni\u0105 sobie te\u017c wygod\u0119 i funkcjonalno\u015b\u0107. Plecaczek przeznaczony jest dla dzieci w wieku wczesno-przedszkolnym. Uszyty jest z grubej bawe\u0142ny oraz jeansu. Wewn\u0105trz wy\u015bcie\u0142any materia\u0142ami bardziej odpornymi na zabrudzenia. Przemy\u015blany design i uroczy wygl\u0105d.<\/p>\n<p lang=\"pl-PL\"><img loading=\"lazy\" decoding=\"async\" class=\"alignnone size-full wp-image-155\" src=\"\/\/imgmag.pakamera.net\/2017\/07\/magazyn_torebkiworkiiplecakidladziecipakamerabobolki44.jpg\" alt=\"\" width=\"800\" height=\"531\" srcset=\"https:\/\/imgmag.pakamera.net\/2017\/07\/magazyn_torebkiworkiiplecakidladziecipakamerabobolki44.jpg 800w, https:\/\/imgmag.pakamera.net\/2017\/07\/magazyn_torebkiworkiiplecakidladziecipakamerabobolki44-300x199.jpg 300w, https:\/\/imgmag.pakamera.net\/2017\/07\/magazyn_torebkiworkiiplecakidladziecipakamerabobolki44-700x465.jpg 700w\" sizes=\"auto, (max-width: 800px) 100vw, 800px\" \/>Plecak \/ Bobo\u0142ki<\/p>\n<p lang=\"pl-PL\"><strong>Plecak <\/strong>lub<strong> worek<\/strong> dla dziecka to sprawdzony spos\u00f3b na zach\u0119canie go do samodzielno\u015bci. Nawet je\u015bli maluch jest za ma\u0142y, \u017ceby nie\u015b\u0107 ma\u0142y plecaczek na plecach, to b\u0119dzie m\u00f3g\u0142 tam spakowa\u0107 ma\u0142e co nieco na spacer, ukochan\u0105 zabawk\u0119, czy znalezione na spacerze &#8222;skarby&#8221;. Dzi\u0119ki temu drobnemu gad\u017cetowi dzieci mog\u0105 ju\u017c od najm\u0142odszych lat uczy\u0107 si\u0119 odpowiedzialno\u015bci za w\u0142asne rzeczy.<\/p>\n<p lang=\"pl-PL\">Na naszej platformie znajdziesz r\u00f3wnie\u017c plecaki dla starszych dzieci jak r\u00f3wnie\u017c dla nastolatk\u00f3w. Sprawd\u017a koniecznie nasze nowo\u015bci!!<\/p>\n","protected":false},"excerpt":{"rendered":"<p>Nie wa\u017cne ile Wasza pociecha ma lat \u2013 2, 5 czy 8&#8230; Ka\u017cde dziecko pr\u0119dzej czy p\u00f3\u017aniej b\u0119dzie d\u0105\u017cy\u0142o do samodzielno\u015bci. A to w\u0142a\u015bnie ch\u0119\u0107 posiadania swojego w\u0142asnego plecaka jest<span class=\"more-dots\">&#8230;<\/span><\/p>\n","protected":false},"author":3,"featured_media":1713,"comment_status":"open","ping_status":"closed","sticky":false,"template":"","format":"standard","meta":{"footnotes":""},"categories":[4],"tags":[18,49,73,74],"class_list":["post-149","post","type-post","status-publish","format-standard","has-post-thumbnail","hentry","category-dziecko","tag-design","tag-dziecko","tag-plecak","tag-zwierzeta"],"yoast_head":"<!-- This site is optimized with the Yoast SEO plugin v21.6 - https:\/\/yoast.com\/wordpress\/plugins\/seo\/ -->\n<title>Wybieramy najfajniejszy plecak dla dziecka. - Magazyn Pakamera.pl<\/title>\n<meta name=\"description\" content=\"Nie wa\u017cne czy ma 5 czy 8 lat. Zobaczcie jakie propozycje dla maluch\u00f3w maj\u0105 polscy projektanci na Pakamera.pl. Wybieramy najlepszy plecak dla dziecka.\" \/>\n<meta name=\"robots\" content=\"index, follow\" \/>\n<link rel=\"canonical\" href=\"https:\/\/www.pakamera.pl\/magazyn\/najfajniejsze-na-swiecie-plecaki-dla-dziecka\/\" \/>\n<meta property=\"og:locale\" content=\"pl_PL\" \/>\n<meta property=\"og:type\" content=\"article\" \/>\n<meta property=\"og:title\" content=\"Wybieramy najfajniejszy plecak dla dziecka. - Magazyn Pakamera.pl\" \/>\n<meta property=\"og:description\" content=\"Nie wa\u017cne czy ma 5 czy 8 lat. Zobaczcie jakie propozycje dla maluch\u00f3w maj\u0105 polscy projektanci na Pakamera.pl. Wybieramy najlepszy plecak dla dziecka.\" \/>\n<meta property=\"og:url\" content=\"https:\/\/www.pakamera.pl\/magazyn\/najfajniejsze-na-swiecie-plecaki-dla-dziecka\/\" \/>\n<meta property=\"og:site_name\" content=\"Magazyn Pakamera.pl\" \/>\n<meta property=\"article:publisher\" content=\"https:\/\/facebook.com\/pakamerapl\" \/>\n<meta property=\"article:published_time\" content=\"2021-08-10T13:17:28+00:00\" \/>\n<meta property=\"article:modified_time\" content=\"2025-02-28T14:12:38+00:00\" \/>\n<meta property=\"og:image\" content=\"https:\/\/imgmag.pakamera.net\/2017\/07\/najfajniejsze-na-swiecie-plecaki-dla-dziecka.jpg\" \/>\n\t<meta property=\"og:image:width\" content=\"800\" \/>\n\t<meta property=\"og:image:height\" content=\"800\" \/>\n\t<meta property=\"og:image:type\" content=\"image\/jpeg\" \/>\n<meta name=\"author\" content=\"Anna Sionek\" \/>\n<meta name=\"twitter:card\" content=\"summary_large_image\" \/>\n<meta name=\"twitter:label1\" content=\"Napisane przez\" \/>\n\t<meta name=\"twitter:data1\" content=\"Anna Sionek\" \/>\n\t<meta name=\"twitter:label2\" content=\"Szacowany czas czytania\" \/>\n\t<meta name=\"twitter:data2\" content=\"2 minuty\" \/>\n<script type=\"application\/ld+json\" class=\"yoast-schema-graph\">{\"@context\":\"https:\/\/schema.org\",\"@graph\":[{\"@type\":\"Article\",\"@id\":\"https:\/\/www.pakamera.pl\/magazyn\/najfajniejsze-na-swiecie-plecaki-dla-dziecka\/#article\",\"isPartOf\":{\"@id\":\"https:\/\/www.pakamera.pl\/magazyn\/najfajniejsze-na-swiecie-plecaki-dla-dziecka\/\"},\"author\":{\"name\":\"Anna Sionek\",\"@id\":\"https:\/\/www.pakamera.pl\/magazyn\/#\/schema\/person\/938fcf2b298410e2b6b2d862299cc48b\"},\"headline\":\"Wybieramy najfajniejszy plecak dla dziecka.\",\"datePublished\":\"2021-08-10T13:17:28+00:00\",\"dateModified\":\"2025-02-28T14:12:38+00:00\",\"mainEntityOfPage\":{\"@id\":\"https:\/\/www.pakamera.pl\/magazyn\/najfajniejsze-na-swiecie-plecaki-dla-dziecka\/\"},\"wordCount\":377,\"commentCount\":0,\"publisher\":{\"@id\":\"https:\/\/www.pakamera.pl\/magazyn\/#organization\"},\"keywords\":[\"design\",\"dziecko\",\"plecak\",\"zwierz\u0119ta\"],\"articleSection\":[\"Dziecko\"],\"inLanguage\":\"pl-PL\",\"potentialAction\":[{\"@type\":\"CommentAction\",\"name\":\"Comment\",\"target\":[\"https:\/\/www.pakamera.pl\/magazyn\/najfajniejsze-na-swiecie-plecaki-dla-dziecka\/#respond\"]}]},{\"@type\":\"WebPage\",\"@id\":\"https:\/\/www.pakamera.pl\/magazyn\/najfajniejsze-na-swiecie-plecaki-dla-dziecka\/\",\"url\":\"https:\/\/www.pakamera.pl\/magazyn\/najfajniejsze-na-swiecie-plecaki-dla-dziecka\/\",\"name\":\"Wybieramy najfajniejszy plecak dla dziecka. - Magazyn Pakamera.pl\",\"isPartOf\":{\"@id\":\"https:\/\/www.pakamera.pl\/magazyn\/#website\"},\"datePublished\":\"2021-08-10T13:17:28+00:00\",\"dateModified\":\"2025-02-28T14:12:38+00:00\",\"description\":\"Nie wa\u017cne czy ma 5 czy 8 lat. Zobaczcie jakie propozycje dla maluch\u00f3w maj\u0105 polscy projektanci na Pakamera.pl. Wybieramy najlepszy plecak dla dziecka.\",\"breadcrumb\":{\"@id\":\"https:\/\/www.pakamera.pl\/magazyn\/najfajniejsze-na-swiecie-plecaki-dla-dziecka\/#breadcrumb\"},\"inLanguage\":\"pl-PL\",\"potentialAction\":[{\"@type\":\"ReadAction\",\"target\":[\"https:\/\/www.pakamera.pl\/magazyn\/najfajniejsze-na-swiecie-plecaki-dla-dziecka\/\"]}]},{\"@type\":\"BreadcrumbList\",\"@id\":\"https:\/\/www.pakamera.pl\/magazyn\/najfajniejsze-na-swiecie-plecaki-dla-dziecka\/#breadcrumb\",\"itemListElement\":[{\"@type\":\"ListItem\",\"position\":1,\"name\":\"Magazyn\",\"item\":\"https:\/\/www.pakamera.pl\/magazyn\/\"},{\"@type\":\"ListItem\",\"position\":2,\"name\":\"Dziecko\",\"item\":\"https:\/\/www.pakamera.pl\/magazyn\/category\/dziecko\/\"},{\"@type\":\"ListItem\",\"position\":3,\"name\":\"Wybieramy najfajniejszy plecak dla dziecka.\"}]},{\"@type\":\"WebSite\",\"@id\":\"https:\/\/www.pakamera.pl\/magazyn\/#website\",\"url\":\"https:\/\/www.pakamera.pl\/magazyn\/\",\"name\":\"Magazyn Pakamera.pl\",\"description\":\"Sprawd\u017a najgor\u0119tsze tematy sezonu!\",\"publisher\":{\"@id\":\"https:\/\/www.pakamera.pl\/magazyn\/#organization\"},\"potentialAction\":[{\"@type\":\"SearchAction\",\"target\":{\"@type\":\"EntryPoint\",\"urlTemplate\":\"https:\/\/www.pakamera.pl\/magazyn\/?s={search_term_string}\"},\"query-input\":\"required name=search_term_string\"}],\"inLanguage\":\"pl-PL\"},{\"@type\":\"Organization\",\"@id\":\"https:\/\/www.pakamera.pl\/magazyn\/#organization\",\"name\":\"Pakamera.pl\",\"url\":\"https:\/\/www.pakamera.pl\/magazyn\/\",\"logo\":{\"@type\":\"ImageObject\",\"inLanguage\":\"pl-PL\",\"@id\":\"https:\/\/www.pakamera.pl\/magazyn\/#\/schema\/logo\/image\/\",\"url\":\"https:\/\/imgmag.pakamera.net\/2023\/11\/153455466619.png\",\"contentUrl\":\"https:\/\/imgmag.pakamera.net\/2023\/11\/153455466619.png\",\"width\":690,\"height\":140,\"caption\":\"Pakamera.pl\"},\"image\":{\"@id\":\"https:\/\/www.pakamera.pl\/magazyn\/#\/schema\/logo\/image\/\"},\"sameAs\":[\"https:\/\/facebook.com\/pakamerapl\",\"https:\/\/www.instagram.com\/pakamera\/\"]},{\"@type\":\"Person\",\"@id\":\"https:\/\/www.pakamera.pl\/magazyn\/#\/schema\/person\/938fcf2b298410e2b6b2d862299cc48b\",\"name\":\"Anna Sionek\",\"description\":\"Jestem pasjonatk\u0105 designu, mody dzieci\u0119cej i aran\u017cacji wn\u0119trz. Moja wieloletnia przygoda z blogowaniem pozwoli\u0142a mi zg\u0142\u0119bi\u0107 tajniki tworzenia wyj\u0105tkowych przestrzeni oraz stylizacji dla dzieci i doros\u0142ych. W moich tekstach stawiam na praktyczne wskaz\u00f3wki i inspiracje, aby pom\u00f3c czytelnikom znale\u017a\u0107 najlepsze rozwi\u0105zania. Mam ogromne do\u015bwiadczenie w wyborze zabawek kreatywnych dla dzieci, ubra\u0144 dla dziewczynek oraz dodatk\u00f3w do aran\u017cacji wn\u0119trz. Moje posty obejmuj\u0105 r\u00f3wnie\u017c tematy zwi\u0105zane z mod\u0105, zdrowiem i \u017cyciem rodzinnym. \u015aled\u017a moje wpisy, aby dowiedzie\u0107 si\u0119, jak urz\u0105dzi\u0107 dom w stylu skandynawskim, wybra\u0107 idealne \u0142\u00f3\u017cko czy wyeksponowa\u0107 ro\u015bliny w domu. Jestem pewna, \u017ce moje porady pomog\u0105 Ci cieszy\u0107 si\u0119 pi\u0119knym i funkcjonalnym otoczeniem.\"}]}<\/script>\n<!-- \/ Yoast SEO plugin. -->","yoast_head_json":{"title":"Wybieramy najfajniejszy plecak dla dziecka. - Magazyn Pakamera.pl","description":"Nie wa\u017cne czy ma 5 czy 8 lat. Zobaczcie jakie propozycje dla maluch\u00f3w maj\u0105 polscy projektanci na Pakamera.pl. Wybieramy najlepszy plecak dla dziecka.","robots":{"index":"index","follow":"follow"},"canonical":"https:\/\/www.pakamera.pl\/magazyn\/najfajniejsze-na-swiecie-plecaki-dla-dziecka\/","og_locale":"pl_PL","og_type":"article","og_title":"Wybieramy najfajniejszy plecak dla dziecka. - Magazyn Pakamera.pl","og_description":"Nie wa\u017cne czy ma 5 czy 8 lat. Zobaczcie jakie propozycje dla maluch\u00f3w maj\u0105 polscy projektanci na Pakamera.pl. Wybieramy najlepszy plecak dla dziecka.","og_url":"https:\/\/www.pakamera.pl\/magazyn\/najfajniejsze-na-swiecie-plecaki-dla-dziecka\/","og_site_name":"Magazyn Pakamera.pl","article_publisher":"https:\/\/facebook.com\/pakamerapl","article_published_time":"2021-08-10T13:17:28+00:00","article_modified_time":"2025-02-28T14:12:38+00:00","og_image":[{"width":800,"height":800,"url":"https:\/\/imgmag.pakamera.net\/2017\/07\/najfajniejsze-na-swiecie-plecaki-dla-dziecka.jpg","type":"image\/jpeg"}],"author":"Anna Sionek","twitter_card":"summary_large_image","twitter_misc":{"Napisane przez":"Anna Sionek","Szacowany czas czytania":"2 minuty"},"schema":{"@context":"https:\/\/schema.org","@graph":[{"@type":"Article","@id":"https:\/\/www.pakamera.pl\/magazyn\/najfajniejsze-na-swiecie-plecaki-dla-dziecka\/#article","isPartOf":{"@id":"https:\/\/www.pakamera.pl\/magazyn\/najfajniejsze-na-swiecie-plecaki-dla-dziecka\/"},"author":{"name":"Anna Sionek","@id":"https:\/\/www.pakamera.pl\/magazyn\/#\/schema\/person\/938fcf2b298410e2b6b2d862299cc48b"},"headline":"Wybieramy najfajniejszy plecak dla dziecka.","datePublished":"2021-08-10T13:17:28+00:00","dateModified":"2025-02-28T14:12:38+00:00","mainEntityOfPage":{"@id":"https:\/\/www.pakamera.pl\/magazyn\/najfajniejsze-na-swiecie-plecaki-dla-dziecka\/"},"wordCount":377,"commentCount":0,"publisher":{"@id":"https:\/\/www.pakamera.pl\/magazyn\/#organization"},"keywords":["design","dziecko","plecak","zwierz\u0119ta"],"articleSection":["Dziecko"],"inLanguage":"pl-PL","potentialAction":[{"@type":"CommentAction","name":"Comment","target":["https:\/\/www.pakamera.pl\/magazyn\/najfajniejsze-na-swiecie-plecaki-dla-dziecka\/#respond"]}]},{"@type":"WebPage","@id":"https:\/\/www.pakamera.pl\/magazyn\/najfajniejsze-na-swiecie-plecaki-dla-dziecka\/","url":"https:\/\/www.pakamera.pl\/magazyn\/najfajniejsze-na-swiecie-plecaki-dla-dziecka\/","name":"Wybieramy najfajniejszy plecak dla dziecka. - Magazyn Pakamera.pl","isPartOf":{"@id":"https:\/\/www.pakamera.pl\/magazyn\/#website"},"datePublished":"2021-08-10T13:17:28+00:00","dateModified":"2025-02-28T14:12:38+00:00","description":"Nie wa\u017cne czy ma 5 czy 8 lat. Zobaczcie jakie propozycje dla maluch\u00f3w maj\u0105 polscy projektanci na Pakamera.pl. Wybieramy najlepszy plecak dla dziecka.","breadcrumb":{"@id":"https:\/\/www.pakamera.pl\/magazyn\/najfajniejsze-na-swiecie-plecaki-dla-dziecka\/#breadcrumb"},"inLanguage":"pl-PL","potentialAction":[{"@type":"ReadAction","target":["https:\/\/www.pakamera.pl\/magazyn\/najfajniejsze-na-swiecie-plecaki-dla-dziecka\/"]}]},{"@type":"BreadcrumbList","@id":"https:\/\/www.pakamera.pl\/magazyn\/najfajniejsze-na-swiecie-plecaki-dla-dziecka\/#breadcrumb","itemListElement":[{"@type":"ListItem","position":1,"name":"Magazyn","item":"https:\/\/www.pakamera.pl\/magazyn\/"},{"@type":"ListItem","position":2,"name":"Dziecko","item":"https:\/\/www.pakamera.pl\/magazyn\/category\/dziecko\/"},{"@type":"ListItem","position":3,"name":"Wybieramy najfajniejszy plecak dla dziecka."}]},{"@type":"WebSite","@id":"https:\/\/www.pakamera.pl\/magazyn\/#website","url":"https:\/\/www.pakamera.pl\/magazyn\/","name":"Magazyn Pakamera.pl","description":"Sprawd\u017a najgor\u0119tsze tematy sezonu!","publisher":{"@id":"https:\/\/www.pakamera.pl\/magazyn\/#organization"},"potentialAction":[{"@type":"SearchAction","target":{"@type":"EntryPoint","urlTemplate":"https:\/\/www.pakamera.pl\/magazyn\/?s={search_term_string}"},"query-input":"required name=search_term_string"}],"inLanguage":"pl-PL"},{"@type":"Organization","@id":"https:\/\/www.pakamera.pl\/magazyn\/#organization","name":"Pakamera.pl","url":"https:\/\/www.pakamera.pl\/magazyn\/","logo":{"@type":"ImageObject","inLanguage":"pl-PL","@id":"https:\/\/www.pakamera.pl\/magazyn\/#\/schema\/logo\/image\/","url":"https:\/\/imgmag.pakamera.net\/2023\/11\/153455466619.png","contentUrl":"https:\/\/imgmag.pakamera.net\/2023\/11\/153455466619.png","width":690,"height":140,"caption":"Pakamera.pl"},"image":{"@id":"https:\/\/www.pakamera.pl\/magazyn\/#\/schema\/logo\/image\/"},"sameAs":["https:\/\/facebook.com\/pakamerapl","https:\/\/www.instagram.com\/pakamera\/"]},{"@type":"Person","@id":"https:\/\/www.pakamera.pl\/magazyn\/#\/schema\/person\/938fcf2b298410e2b6b2d862299cc48b","name":"Anna Sionek","description":"Jestem pasjonatk\u0105 designu, mody dzieci\u0119cej i aran\u017cacji wn\u0119trz. Moja wieloletnia przygoda z blogowaniem pozwoli\u0142a mi zg\u0142\u0119bi\u0107 tajniki tworzenia wyj\u0105tkowych przestrzeni oraz stylizacji dla dzieci i doros\u0142ych. W moich tekstach stawiam na praktyczne wskaz\u00f3wki i inspiracje, aby pom\u00f3c czytelnikom znale\u017a\u0107 najlepsze rozwi\u0105zania. Mam ogromne do\u015bwiadczenie w wyborze zabawek kreatywnych dla dzieci, ubra\u0144 dla dziewczynek oraz dodatk\u00f3w do aran\u017cacji wn\u0119trz. Moje posty obejmuj\u0105 r\u00f3wnie\u017c tematy zwi\u0105zane z mod\u0105, zdrowiem i \u017cyciem rodzinnym. \u015aled\u017a moje wpisy, aby dowiedzie\u0107 si\u0119, jak urz\u0105dzi\u0107 dom w stylu skandynawskim, wybra\u0107 idealne \u0142\u00f3\u017cko czy wyeksponowa\u0107 ro\u015bliny w domu. Jestem pewna, \u017ce moje porady pomog\u0105 Ci cieszy\u0107 si\u0119 pi\u0119knym i funkcjonalnym otoczeniem."}]}},"_links":{"self":[{"href":"https:\/\/www.pakamera.pl\/magazyn\/wp-json\/wp\/v2\/posts\/149","targetHints":{"allow":["GET"]}}],"collection":[{"href":"https:\/\/www.pakamera.pl\/magazyn\/wp-json\/wp\/v2\/posts"}],"about":[{"href":"https:\/\/www.pakamera.pl\/magazyn\/wp-json\/wp\/v2\/types\/post"}],"author":[{"embeddable":true,"href":"https:\/\/www.pakamera.pl\/magazyn\/wp-json\/wp\/v2\/users\/3"}],"replies":[{"embeddable":true,"href":"https:\/\/www.pakamera.pl\/magazyn\/wp-json\/wp\/v2\/comments?post=149"}],"version-history":[{"count":2,"href":"https:\/\/www.pakamera.pl\/magazyn\/wp-json\/wp\/v2\/posts\/149\/revisions"}],"predecessor-version":[{"id":12281,"href":"https:\/\/www.pakamera.pl\/magazyn\/wp-json\/wp\/v2\/posts\/149\/revisions\/12281"}],"wp:featuredmedia":[{"embeddable":true,"href":"https:\/\/www.pakamera.pl\/magazyn\/wp-json\/wp\/v2\/media\/1713"}],"wp:attachment":[{"href":"https:\/\/www.pakamera.pl\/magazyn\/wp-json\/wp\/v2\/media?parent=149"}],"wp:term":[{"taxonomy":"category","embeddable":true,"href":"https:\/\/www.pakamera.pl\/magazyn\/wp-json\/wp\/v2\/categories?post=149"},{"taxonomy":"post_tag","embeddable":true,"href":"https:\/\/www.pakamera.pl\/magazyn\/wp-json\/wp\/v2\/tags?post=149"}],"curies":[{"name":"wp","href":"https:\/\/api.w.org\/{rel}","templated":true}]}}