{"id":14803,"date":"2026-04-28T13:42:35","date_gmt":"2026-04-28T11:42:35","guid":{"rendered":"https:\/\/www.pakamera.pl\/magazyn\/?p=14803"},"modified":"2026-04-28T13:42:35","modified_gmt":"2026-04-28T11:42:35","slug":"pierscionki-srebrne-jak-je-nosic-i-z-czym-laczyc","status":"publish","type":"post","link":"https:\/\/www.pakamera.pl\/magazyn\/pierscionki-srebrne-jak-je-nosic-i-z-czym-laczyc\/","title":{"rendered":"Pier\u015bcionki srebrne &#8211; jak je nosi\u0107 i z czym \u0142\u0105czy\u0107?"},"content":{"rendered":"<p><strong>Przez wieki najbardziej po\u017c\u0105dana by\u0142a z\u0142ota bi\u017cuteria. Dopiero z czasem na prowadzenie wybi\u0142y si\u0119 pier\u015bcionki srebrne. Sprawd\u017a, dlaczego tak si\u0119 dzieje i jak je wybra\u0107.<\/strong><\/p>\n<p><!--more--><\/p>\n<figure id=\"attachment_14807\" aria-describedby=\"caption-attachment-14807\" style=\"width: 1600px\" class=\"wp-caption alignnone\"><img loading=\"lazy\" decoding=\"async\" class=\"wp-image-14807 size-full\" src=\"https:\/\/imgmag.pakamera.net\/2026\/04\/pierscionki-srebrne-jak-je-nosic-i-z-czym-laczyc-131037971615.jpg\" alt=\"jak nosi\u0107 srebrny pier\u015bcionek\" width=\"1600\" height=\"840\" \/><figcaption id=\"caption-attachment-14807\" class=\"wp-caption-text\">Pier\u015bcie\u0144 Kyanit 012 cz.3 \/ Memero \/ www.pakamera.pl<\/figcaption><\/figure>\n<p><a href=\"https:\/\/www.pakamera.pl\/pierscionki-srebrne-0-3128.htm\" target=\"_blank\" rel=\"noopener\">Pier\u015bcionki srebrne<\/a> <strong>wsp\u00f3\u0142graj\u0105 z typem urody kobiet o ch\u0142odnym odcieniu sk\u00f3ry<\/strong> lepiej ni\u017c z\u0142oto, s\u0105 r\u00f3wnie pi\u0119kne, a przy tym bardziej dost\u0119pne cenowo i lepiej pasuj\u0105 do wsp\u00f3\u0142czesnego trybu \u017cycia. Ich popularno\u015b\u0107 b\u0119dzie tylko ros\u0142a.<\/p>\n<h2>Dlaczego srebrne pier\u015bcionki s\u0105 tak popularne?<\/h2>\n<p><strong>Srebro pasuje do wszystkiego<\/strong>. Mo\u017cna je nosi\u0107 na specjalne okazje i bez okazji. Srebrne pier\u015bcionki wygl\u0105daj\u0105 r\u00f3wnie dobrze do kompletu jeansy i T-shirt, jak i do marynarki i spodni w kant.<\/p>\n<p>Pier\u015bcionek srebrny kojarzy si\u0119 z minimalizmem. <strong>Srebro pr\u00f3by 925 jest hipoalergiczne<\/strong>, a tym samym bezpieczne dla os\u00f3b z wra\u017cliw\u0105 sk\u00f3r\u0105. A poniewa\u017c ceny takiej bi\u017cuterii nie odstraszaj\u0105, mo\u017cna sobie pozwoli\u0107 na zakup jednej lub kilku ozd\u00f3b (i nosi\u0107 je warstwowo, po kilka na jednej d\u0142oni).<\/p>\n<div id=\"pakawidget2478\" class=\"pakawidget\"><\/div>\n<p><script async defer src=\"https:\/\/www.pakamera.pl\/widget\/widget2.min.js?id=2478&#038;type=20260428131504&#038;wwidth=1000\"><\/script><\/p>\n<h2>Jak nosi\u0107 srebrny pier\u015bcionek, \u017ceby wygl\u0105da\u0142 stylowo?<\/h2>\n<p>Jak nosi\u0107 pier\u015bcionek? <strong>Kilka cienkich pier\u015bcionk\u00f3w na r\u00f3\u017cnych palcach jednej d\u0142oni i cienka srebrna bransoletka daje efekt przemy\u015blanej stylizacji<\/strong>. Noszenie bi\u017cuterii warstwami jest jednym z najmodniejszych obecnie trend\u00f3w, ale <strong>w modzie wci\u0105\u017c pozostaje klasyczne noszenie jednego srebrnego pier\u015bcionka na palcu \u015brodkowym lub wskazuj\u0105cym<\/strong>.<\/p>\n<p><a href=\"https:\/\/www.pakamera.pl\/magazyn\/jakie-pierscionki-sa-modne-w-year-trendy\/\" target=\"_blank\" rel=\"noopener\">Jakie pier\u015bcionki s\u0105 modne w 2026 roku?<\/a> Te wyraziste, z faktur\u0105 i architektoniczn\u0105 form\u0105, z kamieniami lub bez i surowym, niemal niewypolerowanym wyko\u0144czeniem.<\/p>\n<h2>Z czym \u0142\u0105czy\u0107 srebrne pier\u015bcionki?<\/h2>\n<p>Jak nosi\u0107 pier\u015bcionek? Jak stworzy\u0107 przemy\u015blany komplet bi\u017cuterii? Sprawd\u017a inspiracje Pakamery.<\/p>\n<h3>Srebrne pier\u015bcionki i inne srebrne ozdoby<\/h3>\n<p><a href=\"https:\/\/www.pakamera.pl\/pierscionki-0-1837.htm\" target=\"_blank\" rel=\"noopener\">Damskie pier\u015bcionki<\/a> dobrze wygl\u0105daj\u0105 jako element klasycznego kompletu: pier\u015bcionek, kolczyki i bransoletka ze srebra. <strong>Przy \u0142\u0105czeniu srebra ze srebrem wa\u017cne jest zachowanie proporcji. Nie \u0142\u0105cz bardzo masywnych pier\u015bcionk\u00f3w z delikatnymi kolczykami i odwrotnie<\/strong>.<\/p>\n<figure id=\"attachment_14808\" aria-describedby=\"caption-attachment-14808\" style=\"width: 1600px\" class=\"wp-caption alignnone\"><img loading=\"lazy\" decoding=\"async\" class=\"wp-image-14808 size-full\" src=\"https:\/\/imgmag.pakamera.net\/2026\/04\/pierscionki-srebrne-jak-je-nosic-i-z-czym-laczyc-131535862558.jpg\" alt=\"Srebrny sygnet STIGMATE z agatem aqua, kt\u00f3rego faktura opowiada histori\u0119 p\u0142ynnego \u017cywego srebra, zastyg\u0142ego w swoim ostatnim ruchu\" width=\"1600\" height=\"840\" \/><figcaption id=\"caption-attachment-14808\" class=\"wp-caption-text\">Pier\u015bcie\u0144 sygnet STIGMATE z agatem aqua women \/ Gutowska jewelry \/ www.pakamera.pl<\/figcaption><\/figure>\n<h3>Srebrny i z\u0142oty pier\u015bcionek &#8211; czy mo\u017cna je \u0142\u0105czy\u0107?<\/h3>\n<p>Kiedy\u015b \u0142\u0105czenie srebrnych i z\u0142otych pier\u015bcionk\u00f3w by\u0142o nie do pomy\u015blenia, ale w 2026 roku zdecydowanie zach\u0119camy do eksperyment\u00f3w. <strong>Taka stylizacja wygl\u0105da nieoczywi\u015bcie, a przez to na maksa nowocze\u015bnie<\/strong>.<\/p>\n<h3>Srebrne pier\u015bcionki a kolor ubrania<\/h3>\n<p>Pier\u015bcionki srebrne <strong>najlepiej wygl\u0105daj\u0105 na ubraniach o ch\u0142odnych barwach, czyli czarnych, granatowych, szarych i bia\u0142ych<\/strong>. Ten metal podkre\u015bla ich czysto\u015b\u0107 i elegancj\u0119. Do ciep\u0142ych, ziemistych kolor\u00f3w (zielonego, br\u0105zowego i \u017c\u00f3\u0142tego), bardziej pasuje z\u0142oto.<\/p>\n<h3>Srebrne pier\u015bcionki z kamieniami<\/h3>\n<p><a href=\"https:\/\/www.pakamera.pl\/magazyn\/pierscionki-z-kamieniami-naturalnymi-jaki-wybrac-dla-siebie\/\" target=\"_blank\" rel=\"noopener\">Jaki kamie\u0144 w pier\u015bcionku wybra\u0107 dla siebie?<\/a> Czarne kamienie (np. onyks, czarny agat i hematyt) daj\u0105 elegancki, wyrazisty efekt. <strong>Srebrna oprawa i czarny kamie\u0144 dobrze prezentuj\u0105 si\u0119 w stylizacjach wieczorowych<\/strong>. Z kolei kolorowe kamienie (np. turkus, labradoryt albo r\u00f3\u017cowy kwarc) fajnie wygl\u0105daj\u0105 na co dzie\u0144. <strong>Srebro wyj\u0105tkowo pasuje do kamienia ksi\u0119\u017cycowego<\/strong>. Je\u015bli marzy ci si\u0119 takie po\u0142\u0105czenie koniecznie sprawd\u017a <a href=\"https:\/\/www.pakamera.pl\/magazyn\/kamien-ksiezycowy-wlasciwosci-znaczenie-kolor\/\" target=\"_blank\" rel=\"noopener\">jakie w\u0142a\u015bciwo\u015bci ma kamie\u0144 ksi\u0119\u017cycowy<\/a>.<\/p>\n<div id=\"pakawidget2479\" class=\"pakawidget\"><\/div>\n<p><script async defer src=\"https:\/\/www.pakamera.pl\/widget\/widget2.min.js?id=2479&#038;type=20260428131708&#038;wwidth=1000\"><\/script><\/p>\n<h2>Z czym nosi\u0107 srebrne pier\u015bcionki w stylizacjach?<\/h2>\n<p>Srebrne pier\u015bcionki <strong>dobrze wygl\u0105daj\u0105 w casualowych stylizacjach<\/strong>, czyli np. do jeans\u00f3w i T-shirtu. Mo\u017cesz je nosi\u0107 po jednym na ka\u017cdej d\u0142oni albo ubiera\u0107 po kilka cienkich pier\u015bcionk\u00f3w na jeden palec.<\/p>\n<p><strong>W stylu biurowym, czyli np. do marynarki, koszuli i chinos\u00f3w lepiej za\u0142o\u017cy\u0107 jeden wyrazisty pier\u015bcionek srebrny na palcu \u015brodkowym lub serdecznym<\/strong> (przy okazji sprawd\u017a, <a href=\"https:\/\/www.pakamera.pl\/magazyn\/jakie-jest-znaczenie-pierscionkow-na-poszczegolnych-palcach\/\" target=\"_blank\" rel=\"noopener\">jakie jest znaczenie pier\u015bcionk\u00f3w na poszczeg\u00f3lnych palcach<\/a>). A <strong>wieczorem mo\u017cesz zaszale\u0107 i wybra\u0107 wi\u0119ksze, artystyczne pier\u015bcionki albo pier\u015bcionki z du\u017cymi kamieniami<\/strong>.<\/p>\n<h2>Do jakiego typu urody pasuj\u0105 srebrne pier\u015bcionki?<\/h2>\n<p>Pier\u015bcionki srebrne <strong>najlepiej pasuj\u0105 do ch\u0142odnego typu urody, czyli jasnej sk\u00f3ry z r\u00f3\u017cowymi lub niebieskimi podtonami<\/strong> oraz w\u0142os\u00f3w w kolorze blond, czarnym albo ch\u0142odnobr\u0105zowym. Ciep\u0142ym typom urody o z\u0142ocistej lub oliwkowej sk\u00f3rze bardziej pasuje z\u0142oto, ale r\u00f3wnie\u017c do nich da si\u0119 dobra\u0107 srebrne pier\u015bcionki o cieplejszym odcieniu.<\/p>\n<h2>Jak dba\u0107 o srebrne pier\u015bcionki, \u017ceby d\u0142ugo zachowa\u0142y blask?<\/h2>\n<p>Pier\u015bcionek srebrny z czasem ciemnieje. Jest to naturalny proces utleniania metalu pod wp\u0142ywem powietrza, wilgoci, potu i chemii. Na szcz\u0119\u015bcie, da si\u0119 temu zaradzi\u0107. Po pierwsze, <a href=\"https:\/\/www.pakamera.pl\/bizuteria-srebrna-0-t2024.htm\" target=\"_blank\" rel=\"noopener\">srebrna bi\u017cuteria<\/a> <strong>musi by\u0107 przechowywana w suchym miejscu<\/strong>, najlepiej w zamkni\u0119tym pude\u0142ku.<\/p>\n<p>Po drugie, <strong>po ka\u017cdym noszeniu przetrzyj ozdob\u0119 mi\u0119kk\u0105 \u015bciereczk\u0105, a gdy zauwa\u017cysz pierwsze zmiany w kolorze, u\u017cyj dodatkowo pasty z sody<\/strong> (wymieszaj sod\u0119 z wod\u0105 w proporcjach 2:1, \u017ceby powsta\u0142a g\u0119sta ma\u017a) albo specjalistycznych \u015brodk\u00f3w czyszcz\u0105cych.<\/p>\n<h2>Srebrne pier\u015bcionki &#8211; podsumowanie<\/h2>\n<p>Pier\u015bcionki srebrne s\u0105 tak modne, poniewa\u017c odpowiadaj\u0105 na potrzeb\u0119 posiadania codziennej i nowoczesnej bi\u017cuterii. <strong>Ich blask podkre\u015bli niemal ka\u017cd\u0105 stylizacj\u0119, a na dodatek s\u0105 bardziej dost\u0119pne ni\u017c z\u0142oto<\/strong>. Zerknij na Pakamera.pl i zobacz, co przygotowali dla Ciebie polscy tw\u00f3rcy bi\u017cuterii.<\/p>\n","protected":false},"excerpt":{"rendered":"<p>Przez wieki najbardziej po\u017c\u0105dana by\u0142a z\u0142ota bi\u017cuteria. Dopiero z czasem na prowadzenie wybi\u0142y si\u0119 pier\u015bcionki srebrne. Sprawd\u017a, dlaczego tak si\u0119 dzieje i jak je wybra\u0107.<\/p>\n","protected":false},"author":16,"featured_media":14807,"comment_status":"closed","ping_status":"closed","sticky":false,"template":"","format":"standard","meta":{"footnotes":""},"categories":[3],"tags":[2718,2575,2659,510,2730,515],"class_list":["post-14803","post","type-post","status-publish","format-standard","has-post-thumbnail","hentry","category-moda","tag-pierscionek-z-kamieniem","tag-pierscionek-z-oczkiem","tag-rozmiar-pierscionka","tag-srebrna-bizuteria","tag-srebrne-pierscionki","tag-srebro"],"yoast_head":"<!-- This site is optimized with the Yoast SEO plugin v21.6 - https:\/\/yoast.com\/wordpress\/plugins\/seo\/ -->\n<title>Pier\u015bcionki srebrne - jak je nosi\u0107 i z czym \u0142\u0105czy\u0107? - Magazyn Pakamera.pl<\/title>\n<meta name=\"description\" content=\"Jak nosi\u0107 srebrny pier\u015bcionek? Zobacz na co zwr\u00f3ci\u0107 uwag\u0119 przy wyborze \u017ceby by\u0142o modnie, stylowo i w trendzie na d\u0142ugie lata.\" \/>\n<meta name=\"robots\" content=\"index, follow\" \/>\n<link rel=\"canonical\" href=\"https:\/\/www.pakamera.pl\/magazyn\/pierscionki-srebrne-jak-je-nosic-i-z-czym-laczyc\/\" \/>\n<meta property=\"og:locale\" content=\"pl_PL\" \/>\n<meta property=\"og:type\" content=\"article\" \/>\n<meta property=\"og:title\" content=\"Pier\u015bcionki srebrne - jak je nosi\u0107 i z czym \u0142\u0105czy\u0107? - Magazyn Pakamera.pl\" \/>\n<meta property=\"og:description\" content=\"Jak nosi\u0107 srebrny pier\u015bcionek? Zobacz na co zwr\u00f3ci\u0107 uwag\u0119 przy wyborze \u017ceby by\u0142o modnie, stylowo i w trendzie na d\u0142ugie lata.\" \/>\n<meta property=\"og:url\" content=\"https:\/\/www.pakamera.pl\/magazyn\/pierscionki-srebrne-jak-je-nosic-i-z-czym-laczyc\/\" \/>\n<meta property=\"og:site_name\" content=\"Magazyn Pakamera.pl\" \/>\n<meta property=\"article:publisher\" content=\"https:\/\/facebook.com\/pakamerapl\" \/>\n<meta property=\"article:published_time\" content=\"2026-04-28T11:42:35+00:00\" \/>\n<meta property=\"og:image\" content=\"https:\/\/imgmag.pakamera.net\/2026\/04\/pierscionki-srebrne-jak-je-nosic-i-z-czym-laczyc-131037971615.jpg\" \/>\n\t<meta property=\"og:image:width\" content=\"1600\" \/>\n\t<meta property=\"og:image:height\" content=\"840\" \/>\n\t<meta property=\"og:image:type\" content=\"image\/jpeg\" \/>\n<meta name=\"author\" content=\"Magda Strzelecka\" \/>\n<meta name=\"twitter:card\" content=\"summary_large_image\" \/>\n<meta name=\"twitter:label1\" content=\"Napisane przez\" \/>\n\t<meta name=\"twitter:data1\" content=\"Magda Strzelecka\" \/>\n\t<meta name=\"twitter:label2\" content=\"Szacowany czas czytania\" \/>\n\t<meta name=\"twitter:data2\" content=\"5 minut\" \/>\n<script type=\"application\/ld+json\" class=\"yoast-schema-graph\">{\"@context\":\"https:\/\/schema.org\",\"@graph\":[{\"@type\":\"Article\",\"@id\":\"https:\/\/www.pakamera.pl\/magazyn\/pierscionki-srebrne-jak-je-nosic-i-z-czym-laczyc\/#article\",\"isPartOf\":{\"@id\":\"https:\/\/www.pakamera.pl\/magazyn\/pierscionki-srebrne-jak-je-nosic-i-z-czym-laczyc\/\"},\"author\":{\"name\":\"Magda Strzelecka\",\"@id\":\"https:\/\/www.pakamera.pl\/magazyn\/#\/schema\/person\/375940ab821c5af50e1e31f1ec5282b5\"},\"headline\":\"Pier\u015bcionki srebrne &#8211; jak je nosi\u0107 i z czym \u0142\u0105czy\u0107?\",\"datePublished\":\"2026-04-28T11:42:35+00:00\",\"dateModified\":\"2026-04-28T11:42:35+00:00\",\"mainEntityOfPage\":{\"@id\":\"https:\/\/www.pakamera.pl\/magazyn\/pierscionki-srebrne-jak-je-nosic-i-z-czym-laczyc\/\"},\"wordCount\":874,\"publisher\":{\"@id\":\"https:\/\/www.pakamera.pl\/magazyn\/#organization\"},\"keywords\":[\"pier\u015bcionek z kamieniem\",\"Pier\u015bcionek z oczkiem\",\"rozmiar pier\u015bcionka\",\"srebrna bi\u017cuteria\",\"srebrne pier\u015bcionki\",\"srebro\"],\"articleSection\":[\"Moda\"],\"inLanguage\":\"pl-PL\"},{\"@type\":\"WebPage\",\"@id\":\"https:\/\/www.pakamera.pl\/magazyn\/pierscionki-srebrne-jak-je-nosic-i-z-czym-laczyc\/\",\"url\":\"https:\/\/www.pakamera.pl\/magazyn\/pierscionki-srebrne-jak-je-nosic-i-z-czym-laczyc\/\",\"name\":\"Pier\u015bcionki srebrne - jak je nosi\u0107 i z czym \u0142\u0105czy\u0107? - Magazyn Pakamera.pl\",\"isPartOf\":{\"@id\":\"https:\/\/www.pakamera.pl\/magazyn\/#website\"},\"datePublished\":\"2026-04-28T11:42:35+00:00\",\"dateModified\":\"2026-04-28T11:42:35+00:00\",\"description\":\"Jak nosi\u0107 srebrny pier\u015bcionek? Zobacz na co zwr\u00f3ci\u0107 uwag\u0119 przy wyborze \u017ceby by\u0142o modnie, stylowo i w trendzie na d\u0142ugie lata.\",\"breadcrumb\":{\"@id\":\"https:\/\/www.pakamera.pl\/magazyn\/pierscionki-srebrne-jak-je-nosic-i-z-czym-laczyc\/#breadcrumb\"},\"inLanguage\":\"pl-PL\",\"potentialAction\":[{\"@type\":\"ReadAction\",\"target\":[\"https:\/\/www.pakamera.pl\/magazyn\/pierscionki-srebrne-jak-je-nosic-i-z-czym-laczyc\/\"]}]},{\"@type\":\"BreadcrumbList\",\"@id\":\"https:\/\/www.pakamera.pl\/magazyn\/pierscionki-srebrne-jak-je-nosic-i-z-czym-laczyc\/#breadcrumb\",\"itemListElement\":[{\"@type\":\"ListItem\",\"position\":1,\"name\":\"Magazyn\",\"item\":\"https:\/\/www.pakamera.pl\/magazyn\/\"},{\"@type\":\"ListItem\",\"position\":2,\"name\":\"Moda\",\"item\":\"https:\/\/www.pakamera.pl\/magazyn\/category\/moda\/\"},{\"@type\":\"ListItem\",\"position\":3,\"name\":\"Pier\u015bcionki srebrne &#8211; jak je nosi\u0107 i z czym \u0142\u0105czy\u0107?\"}]},{\"@type\":\"WebSite\",\"@id\":\"https:\/\/www.pakamera.pl\/magazyn\/#website\",\"url\":\"https:\/\/www.pakamera.pl\/magazyn\/\",\"name\":\"Magazyn Pakamera.pl\",\"description\":\"Sprawd\u017a najgor\u0119tsze tematy sezonu!\",\"publisher\":{\"@id\":\"https:\/\/www.pakamera.pl\/magazyn\/#organization\"},\"potentialAction\":[{\"@type\":\"SearchAction\",\"target\":{\"@type\":\"EntryPoint\",\"urlTemplate\":\"https:\/\/www.pakamera.pl\/magazyn\/?s={search_term_string}\"},\"query-input\":\"required name=search_term_string\"}],\"inLanguage\":\"pl-PL\"},{\"@type\":\"Organization\",\"@id\":\"https:\/\/www.pakamera.pl\/magazyn\/#organization\",\"name\":\"Pakamera.pl\",\"url\":\"https:\/\/www.pakamera.pl\/magazyn\/\",\"logo\":{\"@type\":\"ImageObject\",\"inLanguage\":\"pl-PL\",\"@id\":\"https:\/\/www.pakamera.pl\/magazyn\/#\/schema\/logo\/image\/\",\"url\":\"https:\/\/imgmag.pakamera.net\/2023\/11\/153455466619.png\",\"contentUrl\":\"https:\/\/imgmag.pakamera.net\/2023\/11\/153455466619.png\",\"width\":690,\"height\":140,\"caption\":\"Pakamera.pl\"},\"image\":{\"@id\":\"https:\/\/www.pakamera.pl\/magazyn\/#\/schema\/logo\/image\/\"},\"sameAs\":[\"https:\/\/facebook.com\/pakamerapl\",\"https:\/\/www.instagram.com\/pakamera\/\"]},{\"@type\":\"Person\",\"@id\":\"https:\/\/www.pakamera.pl\/magazyn\/#\/schema\/person\/375940ab821c5af50e1e31f1ec5282b5\",\"name\":\"Magda Strzelecka\",\"description\":\"Magda to nasza stylistka, kt\u00f3ra od ponad 10 lat \u015bci\u015ble zwi\u0105zana jest z mod\u0105. Uwielbia \u015bledzi\u0107 \u015bwiatowe trendy i przek\u0142ada\u0107 je na rynek polski. Kocha dobre sk\u0142ady ubra\u0144, wyj\u0105tkow\u0105 bi\u017cuteri\u0119 i dodatki kt\u00f3re o\u017cywi\u0105 ka\u017cd\u0105 stylizacj\u0119.\"}]}<\/script>\n<!-- \/ Yoast SEO plugin. -->","yoast_head_json":{"title":"Pier\u015bcionki srebrne - jak je nosi\u0107 i z czym \u0142\u0105czy\u0107? - Magazyn Pakamera.pl","description":"Jak nosi\u0107 srebrny pier\u015bcionek? Zobacz na co zwr\u00f3ci\u0107 uwag\u0119 przy wyborze \u017ceby by\u0142o modnie, stylowo i w trendzie na d\u0142ugie lata.","robots":{"index":"index","follow":"follow"},"canonical":"https:\/\/www.pakamera.pl\/magazyn\/pierscionki-srebrne-jak-je-nosic-i-z-czym-laczyc\/","og_locale":"pl_PL","og_type":"article","og_title":"Pier\u015bcionki srebrne - jak je nosi\u0107 i z czym \u0142\u0105czy\u0107? - Magazyn Pakamera.pl","og_description":"Jak nosi\u0107 srebrny pier\u015bcionek? Zobacz na co zwr\u00f3ci\u0107 uwag\u0119 przy wyborze \u017ceby by\u0142o modnie, stylowo i w trendzie na d\u0142ugie lata.","og_url":"https:\/\/www.pakamera.pl\/magazyn\/pierscionki-srebrne-jak-je-nosic-i-z-czym-laczyc\/","og_site_name":"Magazyn Pakamera.pl","article_publisher":"https:\/\/facebook.com\/pakamerapl","article_published_time":"2026-04-28T11:42:35+00:00","og_image":[{"width":1600,"height":840,"url":"https:\/\/imgmag.pakamera.net\/2026\/04\/pierscionki-srebrne-jak-je-nosic-i-z-czym-laczyc-131037971615.jpg","type":"image\/jpeg"}],"author":"Magda Strzelecka","twitter_card":"summary_large_image","twitter_misc":{"Napisane przez":"Magda Strzelecka","Szacowany czas czytania":"5 minut"},"schema":{"@context":"https:\/\/schema.org","@graph":[{"@type":"Article","@id":"https:\/\/www.pakamera.pl\/magazyn\/pierscionki-srebrne-jak-je-nosic-i-z-czym-laczyc\/#article","isPartOf":{"@id":"https:\/\/www.pakamera.pl\/magazyn\/pierscionki-srebrne-jak-je-nosic-i-z-czym-laczyc\/"},"author":{"name":"Magda Strzelecka","@id":"https:\/\/www.pakamera.pl\/magazyn\/#\/schema\/person\/375940ab821c5af50e1e31f1ec5282b5"},"headline":"Pier\u015bcionki srebrne &#8211; jak je nosi\u0107 i z czym \u0142\u0105czy\u0107?","datePublished":"2026-04-28T11:42:35+00:00","dateModified":"2026-04-28T11:42:35+00:00","mainEntityOfPage":{"@id":"https:\/\/www.pakamera.pl\/magazyn\/pierscionki-srebrne-jak-je-nosic-i-z-czym-laczyc\/"},"wordCount":874,"publisher":{"@id":"https:\/\/www.pakamera.pl\/magazyn\/#organization"},"keywords":["pier\u015bcionek z kamieniem","Pier\u015bcionek z oczkiem","rozmiar pier\u015bcionka","srebrna bi\u017cuteria","srebrne pier\u015bcionki","srebro"],"articleSection":["Moda"],"inLanguage":"pl-PL"},{"@type":"WebPage","@id":"https:\/\/www.pakamera.pl\/magazyn\/pierscionki-srebrne-jak-je-nosic-i-z-czym-laczyc\/","url":"https:\/\/www.pakamera.pl\/magazyn\/pierscionki-srebrne-jak-je-nosic-i-z-czym-laczyc\/","name":"Pier\u015bcionki srebrne - jak je nosi\u0107 i z czym \u0142\u0105czy\u0107? - Magazyn Pakamera.pl","isPartOf":{"@id":"https:\/\/www.pakamera.pl\/magazyn\/#website"},"datePublished":"2026-04-28T11:42:35+00:00","dateModified":"2026-04-28T11:42:35+00:00","description":"Jak nosi\u0107 srebrny pier\u015bcionek? Zobacz na co zwr\u00f3ci\u0107 uwag\u0119 przy wyborze \u017ceby by\u0142o modnie, stylowo i w trendzie na d\u0142ugie lata.","breadcrumb":{"@id":"https:\/\/www.pakamera.pl\/magazyn\/pierscionki-srebrne-jak-je-nosic-i-z-czym-laczyc\/#breadcrumb"},"inLanguage":"pl-PL","potentialAction":[{"@type":"ReadAction","target":["https:\/\/www.pakamera.pl\/magazyn\/pierscionki-srebrne-jak-je-nosic-i-z-czym-laczyc\/"]}]},{"@type":"BreadcrumbList","@id":"https:\/\/www.pakamera.pl\/magazyn\/pierscionki-srebrne-jak-je-nosic-i-z-czym-laczyc\/#breadcrumb","itemListElement":[{"@type":"ListItem","position":1,"name":"Magazyn","item":"https:\/\/www.pakamera.pl\/magazyn\/"},{"@type":"ListItem","position":2,"name":"Moda","item":"https:\/\/www.pakamera.pl\/magazyn\/category\/moda\/"},{"@type":"ListItem","position":3,"name":"Pier\u015bcionki srebrne &#8211; jak je nosi\u0107 i z czym \u0142\u0105czy\u0107?"}]},{"@type":"WebSite","@id":"https:\/\/www.pakamera.pl\/magazyn\/#website","url":"https:\/\/www.pakamera.pl\/magazyn\/","name":"Magazyn Pakamera.pl","description":"Sprawd\u017a najgor\u0119tsze tematy sezonu!","publisher":{"@id":"https:\/\/www.pakamera.pl\/magazyn\/#organization"},"potentialAction":[{"@type":"SearchAction","target":{"@type":"EntryPoint","urlTemplate":"https:\/\/www.pakamera.pl\/magazyn\/?s={search_term_string}"},"query-input":"required name=search_term_string"}],"inLanguage":"pl-PL"},{"@type":"Organization","@id":"https:\/\/www.pakamera.pl\/magazyn\/#organization","name":"Pakamera.pl","url":"https:\/\/www.pakamera.pl\/magazyn\/","logo":{"@type":"ImageObject","inLanguage":"pl-PL","@id":"https:\/\/www.pakamera.pl\/magazyn\/#\/schema\/logo\/image\/","url":"https:\/\/imgmag.pakamera.net\/2023\/11\/153455466619.png","contentUrl":"https:\/\/imgmag.pakamera.net\/2023\/11\/153455466619.png","width":690,"height":140,"caption":"Pakamera.pl"},"image":{"@id":"https:\/\/www.pakamera.pl\/magazyn\/#\/schema\/logo\/image\/"},"sameAs":["https:\/\/facebook.com\/pakamerapl","https:\/\/www.instagram.com\/pakamera\/"]},{"@type":"Person","@id":"https:\/\/www.pakamera.pl\/magazyn\/#\/schema\/person\/375940ab821c5af50e1e31f1ec5282b5","name":"Magda Strzelecka","description":"Magda to nasza stylistka, kt\u00f3ra od ponad 10 lat \u015bci\u015ble zwi\u0105zana jest z mod\u0105. Uwielbia \u015bledzi\u0107 \u015bwiatowe trendy i przek\u0142ada\u0107 je na rynek polski. Kocha dobre sk\u0142ady ubra\u0144, wyj\u0105tkow\u0105 bi\u017cuteri\u0119 i dodatki kt\u00f3re o\u017cywi\u0105 ka\u017cd\u0105 stylizacj\u0119."}]}},"_links":{"self":[{"href":"https:\/\/www.pakamera.pl\/magazyn\/wp-json\/wp\/v2\/posts\/14803","targetHints":{"allow":["GET"]}}],"collection":[{"href":"https:\/\/www.pakamera.pl\/magazyn\/wp-json\/wp\/v2\/posts"}],"about":[{"href":"https:\/\/www.pakamera.pl\/magazyn\/wp-json\/wp\/v2\/types\/post"}],"author":[{"embeddable":true,"href":"https:\/\/www.pakamera.pl\/magazyn\/wp-json\/wp\/v2\/users\/16"}],"replies":[{"embeddable":true,"href":"https:\/\/www.pakamera.pl\/magazyn\/wp-json\/wp\/v2\/comments?post=14803"}],"version-history":[{"count":3,"href":"https:\/\/www.pakamera.pl\/magazyn\/wp-json\/wp\/v2\/posts\/14803\/revisions"}],"predecessor-version":[{"id":14806,"href":"https:\/\/www.pakamera.pl\/magazyn\/wp-json\/wp\/v2\/posts\/14803\/revisions\/14806"}],"wp:featuredmedia":[{"embeddable":true,"href":"https:\/\/www.pakamera.pl\/magazyn\/wp-json\/wp\/v2\/media\/14807"}],"wp:attachment":[{"href":"https:\/\/www.pakamera.pl\/magazyn\/wp-json\/wp\/v2\/media?parent=14803"}],"wp:term":[{"taxonomy":"category","embeddable":true,"href":"https:\/\/www.pakamera.pl\/magazyn\/wp-json\/wp\/v2\/categories?post=14803"},{"taxonomy":"post_tag","embeddable":true,"href":"https:\/\/www.pakamera.pl\/magazyn\/wp-json\/wp\/v2\/tags?post=14803"}],"curies":[{"name":"wp","href":"https:\/\/api.w.org\/{rel}","templated":true}]}}