{"id":14511,"date":"2026-03-09T14:48:13","date_gmt":"2026-03-09T13:48:13","guid":{"rendered":"https:\/\/www.pakamera.pl\/magazyn\/?p=14511"},"modified":"2026-03-09T14:48:13","modified_gmt":"2026-03-09T13:48:13","slug":"modna-bizuteria-year-te-modele-zobaczysz-wszedzie","status":"publish","type":"post","link":"https:\/\/www.pakamera.pl\/magazyn\/modna-bizuteria-year-te-modele-zobaczysz-wszedzie\/","title":{"rendered":"Modna bi\u017cuteria 2026 &#8211; te modele zobaczysz wsz\u0119dzie"},"content":{"rendered":"<p><strong>Minimalizm umar\u0142, niech \u017cyje maksymalizm. Modna bi\u017cuteria w 2026 roku wyr\u00f3\u017cnia si\u0119 du\u017cymi formami, odwa\u017cnymi po\u0142\u0105czeniami i kolorami. Sprawd\u017a, jakie trendy zdominuj\u0105 najbli\u017csze miesi\u0105ce i z czym je nosi\u0107.<\/strong><\/p>\n<p><!--more--><\/p>\n<figure id=\"attachment_14514\" aria-describedby=\"caption-attachment-14514\" style=\"width: 1600px\" class=\"wp-caption alignnone\"><img loading=\"lazy\" decoding=\"async\" class=\"wp-image-14514 size-full\" src=\"https:\/\/imgmag.pakamera.net\/2026\/03\/modna-bizuteria-year-te-modele-zobaczysz-wszedzie-135757661440.jpg\" alt=\"Modna bi\u017cuteria 2026 \u2013 te modele zobaczysz wsz\u0119dzie\" width=\"1600\" height=\"840\" \/><figcaption id=\"caption-attachment-14514\" class=\"wp-caption-text\">NASZYJNIK z\u0142ote s\u0142o\u0144ce, du\u017ce s\u0142o\u0144ce \/ Anemon Atelier \/ www.pakamera.pl<\/figcaption><\/figure>\n<p>Po latach, w kt\u00f3rych najch\u0119tniej kupowali\u015bmy cienkie \u0142a\u0144cuszki i kolczyki sztyfty, <strong>nadesz\u0142a pora na d\u0142ugie naszyjniki, masywne pier\u015bcionki i kolczyki si\u0119gaj\u0105ce do brody<\/strong>. Modna bi\u017cuteria 2026 to taka, kt\u00f3ra staje si\u0119 g\u0142\u00f3wnym bohaterem stylizacji.<\/p>\n<h2>Jakie trendy w bi\u017cuterii zdominuj\u0105 2026 rok?<\/h2>\n<p>Inspiracje w bi\u017cuterii w 2026 roku <strong>czerpi\u0105 ze sztuki, surowej natury, rzemios\u0142a artystycznego i retrofuturyzmu<\/strong> (czyli dawnych wyobra\u017ce\u0144 o przysz\u0142o\u015bci). Ozdoby \u0142\u0105cz\u0105 pozornie sprzeczne style: <strong>organiczne i geometryczne kszta\u0142ty, masywne metale i delikatne detale albo z\u0142oto ze srebrem<\/strong>. Bi\u017cuteria nie musi ju\u017c pasowa\u0107 do ubra\u0144.<\/p>\n<h3>Masywne formy &#8211; powr\u00f3t maksymalizmu<\/h3>\n<p>Trend maksymalizmu to kontrast wobec stonowanej estetyki quiet luxury i szafy kapsu\u0142owej (czy\u017cby minimalizm po prostu si\u0119 znudzi\u0142?). Grube z\u0142ote <a href=\"https:\/\/www.pakamera.pl\/bransoletki-0-1821.htm\" target=\"_blank\" rel=\"noopener\">bransoletki damskie<\/a> mankietowe (znane r\u00f3wnie\u017c jako typu cuff) na przegubie przyci\u0105gaj\u0105 wzrok mocniej ni\u017c ca\u0142a bi\u017cuteria z poprzednich sezon\u00f3w razem wzi\u0119ta. W modzie s\u0105 te\u017c <strong>naszyjniki w formie \u0142a\u0144cucha oraz pier\u015bcionki o du\u017cej, rze\u017abiarskiej formie<\/strong>, kt\u00f3re pokrywaj\u0105 niemal ca\u0142y palec albo kilka palc\u00f3w.<\/p>\n<div id=\"pakawidget2400\" class=\"pakawidget\"><\/div>\n<p><script async defer src=\"https:\/\/www.pakamera.pl\/widget\/widget2.min.js?id=2400&#038;type=20260309142019&#038;wwidth=1000\"><\/script><\/p>\n<h3>Organiczne, nieregularne kszta\u0142ty<\/h3>\n<p>Modna bi\u017cuteria 2026 mocno inspiruje si\u0119 sztuk\u0105 wsp\u00f3\u0142czesn\u0105, st\u0105d <strong>asymetria, p\u0142ynne linie i formy kojarz\u0105ce si\u0119 z abstrakcyjn\u0105 rze\u017ab\u0105<\/strong>. Pojedyncze ozdoby przypominaj\u0105 miniaturowe dzie\u0142a sztuki. Czasem s\u0105 to <strong>nieregularne owale, p\u0142ynne krzywe, asymetryczne bry\u0142y<\/strong>, a innym razem krople wody albo roztopiony metal. Popularne sta\u0142y si\u0119 r\u00f3wnie\u017c <strong>surowe formy<\/strong>.<\/p>\n<h3>Kolczyki statement &#8211; wyraziste i odwa\u017cne<\/h3>\n<p>Nosisz wyraziste kolczyki? Nie potrzebujesz naszyjnika, bransoletek ani pier\u015bcionk\u00f3w. <strong>Najmodniejsze w 2026 roku s\u0105 du\u017ce ko\u0142a<\/strong> (nawet powy\u017cej 10 cm \u015brednicy) i d\u0142ugie ozdoby si\u0119gaj\u0105ce obojczyk\u00f3w. Z takimi kolczykami nie musisz mocno si\u0119 malowa\u0107, \u017ceby wywrze\u0107 wra\u017cenie.<\/p>\n<div id=\"pakawidget2401\" class=\"pakawidget\"><\/div>\n<p><script async defer src=\"https:\/\/www.pakamera.pl\/widget\/widget2.min.js?id=2401&#038;type=20260309142227&#038;wwidth=1000\"><\/script><\/p>\n<h3>Bi\u017cuteria inspirowana natur\u0105<\/h3>\n<p><a href=\"https:\/\/www.pakamera.pl\/magazyn\/jakie-bransoletki-sa-modne-w-2024\/\" target=\"_blank\" rel=\"noopener\">Jakie bransoletki s\u0105 modne teraz?<\/a> Te z naturalnymi kamieniami. Natura og\u00f3lnie jest fantastyczn\u0105 inspiracj\u0105 dla bi\u017cuterii, st\u0105d taka <strong>popularno\u015b\u0107 ozd\u00f3b w kszta\u0142cie li\u015bci, muszli i pi\u00f3r<\/strong>, a tak\u017ce tych z nieociosanymi kamieniami. Muszle i elementy morskie wracaj\u0105 w wersji luksusowej, kt\u00f3ra zupe\u0142nie nie przypomina plastikowych pami\u0105tek rodem ze stragan\u00f3w na deptaku w \u015awinouj\u015bciu.<\/p>\n<h3>Layering &#8211; warstwowo\u015b\u0107 w bi\u017cuterii<\/h3>\n<p>Czym jest layering? <strong>Kilka \u0142a\u0144cuszk\u00f3w na szyi, stos pier\u015bcionk\u00f3w na palcach albo zestaw bransolet na nadgarstkach<\/strong>, czyli nagromadzenie pasuj\u0105cych do siebie ozd\u00f3b. Mog\u0105 by\u0107 wykonane z tego samego metalu albo r\u00f3\u017cnych, wa\u017cne, \u017ceby by\u0142 jaki\u015b temat przewodni. Zobacz te\u017c, <a href=\"https:\/\/www.pakamera.pl\/magazyn\/co-oznacza-choker-na-szyi-poznaj-jego-historie\/\" target=\"_blank\" rel=\"noopener\">co oznacza choker na szyi<\/a>.<\/p>\n<h3>Bi\u017cuteria personalizowana i z grawerem<\/h3>\n<p>Bi\u017cuteria od zawsze opowiada\u0142a histori\u0119 jednostki lub nawet ca\u0142ej rodziny, dlatego <strong>personalizowana bi\u017cuteria z grawerem ju\u017c zawsze b\u0119dzie w modzie<\/strong>. Mo\u017cesz na niej umie\u015bci\u0107 inicja\u0142y ukochanych os\u00f3b, daty lub symbole, a taka ozdoba stanie si\u0119 osobistym talizmanem dla w\u0142a\u015bciciela lub w\u0142a\u015bcicielki.<\/p>\n<h2>Modna bi\u017cuteria w 2026 roku &#8211; materia\u0142y i kolory<\/h2>\n<p>Co si\u0119 teraz nosi? Modna bi\u017cuteria 2026 roku to przede wszystkim <strong>ciep\u0142e odcienie z\u0142ota, mocne akcenty kolorystyczne oraz z\u0142oto i srebro w duecie<\/strong>.<\/p>\n<figure id=\"attachment_14515\" aria-describedby=\"caption-attachment-14515\" style=\"width: 1600px\" class=\"wp-caption alignnone\"><img loading=\"lazy\" decoding=\"async\" class=\"wp-image-14515 size-full\" src=\"https:\/\/imgmag.pakamera.net\/2026\/03\/modna-bizuteria-year-te-modele-zobaczysz-wszedzie-135758035981.jpg\" alt=\"\u015aliczny naszyjnik wykonany ze stali chirurgicznej, pere\u0142 s\u0142odkowodnych i zawieszek z glinki polimerowej, stworzony w pojedynczym egzemplarz\" width=\"1600\" height=\"840\" \/><figcaption id=\"caption-attachment-14515\" class=\"wp-caption-text\">Naszyjnik Hella \/ Hellaclay \/ www.pakamera.pl<\/figcaption><\/figure>\n<h3>Ciep\u0142e odcienie z\u0142ota<\/h3>\n<p>Z\u0142oto o miodowym odcieniu zast\u0119puje \u017c\u00f3\u0142te z\u0142oto z poprzednich sezon\u00f3w. <strong>Najpopularniejsze wyko\u0144czenia to te satynowe i szczotkowane<\/strong>. Rose gold traci popularno\u015b\u0107.<\/p>\n<h3>Mocne akcenty kolorystyczne<\/h3>\n<p><strong>Nasycone odcienie i mocne kolory maj\u0105 swoje 5 minut<\/strong>, ale nie chodzi tu tylko o klasyczne kamienie szlachetne, a r\u00f3wnie\u017c o emali\u0119. Obecne metody wytwarzania bi\u017cuterii pozwalaj\u0105 uzyska\u0107 naprawd\u0119 fajne \u017c\u00f3\u0142cie, fuksje, turkusy, fiolety i pomara\u0144cze.<\/p>\n<div id=\"pakawidget2402\" class=\"pakawidget\"><\/div>\n<p><script async defer src=\"https:\/\/www.pakamera.pl\/widget\/widget2.min.js?id=2402&#038;type=20260309142334&#038;wwidth=1000\"><\/script><\/p>\n<h3>Z\u0142oto i srebro w duecie<\/h3>\n<p><strong>Mieszanie metali przesta\u0142o by\u0107 faux pas, a sta\u0142o si\u0119 przejawem indywidualizmu<\/strong>. Nie musisz ju\u017c sztywno trzyma\u0107 si\u0119 jednej palety kolorystycznej. I nie tylko to, bo teraz r\u00f3wnie\u017c tw\u00f3rcy bi\u017cuterii mog\u0105 pracowa\u0107 jednocze\u015bnie w z\u0142ocie i srebrze, tworz\u0105c fantazyjne kompozycje \u0142\u0105cz\u0105ce najlepsze cechy obu \u015bwiat\u00f3w.<\/p>\n<h2>Jak nosi\u0107 modn\u0105 bi\u017cuteri\u0119 w 2026 roku?<\/h2>\n<p>Wybieraj jeden dominuj\u0105cy element. Masywny naszyjnik? Reszta bi\u017cuterii minimalna. Wyraziste <a href=\"https:\/\/www.pakamera.pl\/kolczyki-0-1819.htm\" target=\"_blank\" rel=\"noopener\">kolczyki damskie<\/a>? Bez naszyjnika. Masywny pier\u015bcionek? Tylko jeden. Wi\u0119cej to ryzyko przesady. <strong>Do wyrazistej bi\u017cuterii zak\u0142adaj proste ubrania bez skomplikowanych grafik i dodatk\u00f3w<\/strong>.<\/p>\n<p>Odwied\u017a Pakamera.pl, \u017ceby znale\u017a\u0107 najciekawsz\u0105 bi\u017cuteri\u0119 na ten sezon.<\/p>\n","protected":false},"excerpt":{"rendered":"<p>Minimalizm umar\u0142, niech \u017cyje maksymalizm. Modna bi\u017cuteria w roku wyr\u00f3\u017cnia si\u0119 du\u017cymi formami, odwa\u017cnymi po\u0142\u0105czeniami i kolorami. Sprawd\u017a, jakie trendy zdominuj\u0105 najbli\u017csze miesi\u0105ce i z czym je nosi\u0107.<\/p>\n","protected":false},"author":16,"featured_media":14514,"comment_status":"closed","ping_status":"closed","sticky":false,"template":"","format":"standard","meta":{"footnotes":""},"categories":[3],"tags":[2587,2409,510,1568],"class_list":["post-14511","post","type-post","status-publish","format-standard","has-post-thumbnail","hentry","category-moda","tag-bizuteria-artystyczna","tag-kolorowa-bizuteria","tag-srebrna-bizuteria","tag-zlota-bizuteria"],"yoast_head":"<!-- This site is optimized with the Yoast SEO plugin v21.6 - https:\/\/yoast.com\/wordpress\/plugins\/seo\/ -->\n<title>Modna bi\u017cuteria [year] - te modele zobaczysz wsz\u0119dzie - Magazyn Pakamera.pl<\/title>\n<meta name=\"description\" content=\"Modna bi\u017cuteria w [year] roku wyr\u00f3\u017cnia si\u0119 du\u017cymi formami, odwa\u017cnymi po\u0142\u0105czeniami i kolorami. Zobacz kt\u00f3ra wybra\u0107!\" \/>\n<meta name=\"robots\" content=\"index, follow\" \/>\n<link rel=\"canonical\" href=\"https:\/\/www.pakamera.pl\/magazyn\/modna-bizuteria-year-te-modele-zobaczysz-wszedzie\/\" \/>\n<meta property=\"og:locale\" content=\"pl_PL\" \/>\n<meta property=\"og:type\" content=\"article\" \/>\n<meta property=\"og:title\" content=\"Modna bi\u017cuteria [year] - te modele zobaczysz wsz\u0119dzie - Magazyn Pakamera.pl\" \/>\n<meta property=\"og:description\" content=\"Modna bi\u017cuteria w [year] roku wyr\u00f3\u017cnia si\u0119 du\u017cymi formami, odwa\u017cnymi po\u0142\u0105czeniami i kolorami. Zobacz kt\u00f3ra wybra\u0107!\" \/>\n<meta property=\"og:url\" content=\"https:\/\/www.pakamera.pl\/magazyn\/modna-bizuteria-year-te-modele-zobaczysz-wszedzie\/\" \/>\n<meta property=\"og:site_name\" content=\"Magazyn Pakamera.pl\" \/>\n<meta property=\"article:publisher\" content=\"https:\/\/facebook.com\/pakamerapl\" \/>\n<meta property=\"article:published_time\" content=\"2026-03-09T13:48:13+00:00\" \/>\n<meta property=\"og:image\" content=\"https:\/\/imgmag.pakamera.net\/2026\/03\/modna-bizuteria-year-te-modele-zobaczysz-wszedzie-135757661440.jpg\" \/>\n\t<meta property=\"og:image:width\" content=\"1600\" \/>\n\t<meta property=\"og:image:height\" content=\"840\" \/>\n\t<meta property=\"og:image:type\" content=\"image\/jpeg\" \/>\n<meta name=\"author\" content=\"Magda Strzelecka\" \/>\n<meta name=\"twitter:card\" content=\"summary_large_image\" \/>\n<meta name=\"twitter:label1\" content=\"Napisane przez\" \/>\n\t<meta name=\"twitter:data1\" content=\"Magda Strzelecka\" \/>\n\t<meta name=\"twitter:label2\" content=\"Szacowany czas czytania\" \/>\n\t<meta name=\"twitter:data2\" content=\"5 minut\" \/>\n<script type=\"application\/ld+json\" class=\"yoast-schema-graph\">{\"@context\":\"https:\/\/schema.org\",\"@graph\":[{\"@type\":\"Article\",\"@id\":\"https:\/\/www.pakamera.pl\/magazyn\/modna-bizuteria-year-te-modele-zobaczysz-wszedzie\/#article\",\"isPartOf\":{\"@id\":\"https:\/\/www.pakamera.pl\/magazyn\/modna-bizuteria-year-te-modele-zobaczysz-wszedzie\/\"},\"author\":{\"name\":\"Magda Strzelecka\",\"@id\":\"https:\/\/www.pakamera.pl\/magazyn\/#\/schema\/person\/375940ab821c5af50e1e31f1ec5282b5\"},\"headline\":\"Modna bi\u017cuteria 2026 &#8211; te modele zobaczysz wsz\u0119dzie\",\"datePublished\":\"2026-03-09T13:48:13+00:00\",\"dateModified\":\"2026-03-09T13:48:13+00:00\",\"mainEntityOfPage\":{\"@id\":\"https:\/\/www.pakamera.pl\/magazyn\/modna-bizuteria-year-te-modele-zobaczysz-wszedzie\/\"},\"wordCount\":807,\"publisher\":{\"@id\":\"https:\/\/www.pakamera.pl\/magazyn\/#organization\"},\"keywords\":[\"bi\u017cuteria artystyczna\",\"kolorowa bi\u017cuteria\",\"srebrna bi\u017cuteria\",\"z\u0142ota bi\u017cuteria\"],\"articleSection\":[\"Moda\"],\"inLanguage\":\"pl-PL\"},{\"@type\":\"WebPage\",\"@id\":\"https:\/\/www.pakamera.pl\/magazyn\/modna-bizuteria-year-te-modele-zobaczysz-wszedzie\/\",\"url\":\"https:\/\/www.pakamera.pl\/magazyn\/modna-bizuteria-year-te-modele-zobaczysz-wszedzie\/\",\"name\":\"Modna bi\u017cuteria [year] - te modele zobaczysz wsz\u0119dzie - Magazyn Pakamera.pl\",\"isPartOf\":{\"@id\":\"https:\/\/www.pakamera.pl\/magazyn\/#website\"},\"datePublished\":\"2026-03-09T13:48:13+00:00\",\"dateModified\":\"2026-03-09T13:48:13+00:00\",\"description\":\"Modna bi\u017cuteria w [year] roku wyr\u00f3\u017cnia si\u0119 du\u017cymi formami, odwa\u017cnymi po\u0142\u0105czeniami i kolorami. Zobacz kt\u00f3ra wybra\u0107!\",\"breadcrumb\":{\"@id\":\"https:\/\/www.pakamera.pl\/magazyn\/modna-bizuteria-year-te-modele-zobaczysz-wszedzie\/#breadcrumb\"},\"inLanguage\":\"pl-PL\",\"potentialAction\":[{\"@type\":\"ReadAction\",\"target\":[\"https:\/\/www.pakamera.pl\/magazyn\/modna-bizuteria-year-te-modele-zobaczysz-wszedzie\/\"]}]},{\"@type\":\"BreadcrumbList\",\"@id\":\"https:\/\/www.pakamera.pl\/magazyn\/modna-bizuteria-year-te-modele-zobaczysz-wszedzie\/#breadcrumb\",\"itemListElement\":[{\"@type\":\"ListItem\",\"position\":1,\"name\":\"Magazyn\",\"item\":\"https:\/\/www.pakamera.pl\/magazyn\/\"},{\"@type\":\"ListItem\",\"position\":2,\"name\":\"Moda\",\"item\":\"https:\/\/www.pakamera.pl\/magazyn\/category\/moda\/\"},{\"@type\":\"ListItem\",\"position\":3,\"name\":\"Modna bi\u017cuteria 2026 &#8211; te modele zobaczysz wsz\u0119dzie\"}]},{\"@type\":\"WebSite\",\"@id\":\"https:\/\/www.pakamera.pl\/magazyn\/#website\",\"url\":\"https:\/\/www.pakamera.pl\/magazyn\/\",\"name\":\"Magazyn Pakamera.pl\",\"description\":\"Sprawd\u017a najgor\u0119tsze tematy sezonu!\",\"publisher\":{\"@id\":\"https:\/\/www.pakamera.pl\/magazyn\/#organization\"},\"potentialAction\":[{\"@type\":\"SearchAction\",\"target\":{\"@type\":\"EntryPoint\",\"urlTemplate\":\"https:\/\/www.pakamera.pl\/magazyn\/?s={search_term_string}\"},\"query-input\":\"required name=search_term_string\"}],\"inLanguage\":\"pl-PL\"},{\"@type\":\"Organization\",\"@id\":\"https:\/\/www.pakamera.pl\/magazyn\/#organization\",\"name\":\"Pakamera.pl\",\"url\":\"https:\/\/www.pakamera.pl\/magazyn\/\",\"logo\":{\"@type\":\"ImageObject\",\"inLanguage\":\"pl-PL\",\"@id\":\"https:\/\/www.pakamera.pl\/magazyn\/#\/schema\/logo\/image\/\",\"url\":\"https:\/\/imgmag.pakamera.net\/2023\/11\/153455466619.png\",\"contentUrl\":\"https:\/\/imgmag.pakamera.net\/2023\/11\/153455466619.png\",\"width\":690,\"height\":140,\"caption\":\"Pakamera.pl\"},\"image\":{\"@id\":\"https:\/\/www.pakamera.pl\/magazyn\/#\/schema\/logo\/image\/\"},\"sameAs\":[\"https:\/\/facebook.com\/pakamerapl\",\"https:\/\/www.instagram.com\/pakamera\/\"]},{\"@type\":\"Person\",\"@id\":\"https:\/\/www.pakamera.pl\/magazyn\/#\/schema\/person\/375940ab821c5af50e1e31f1ec5282b5\",\"name\":\"Magda Strzelecka\",\"description\":\"Magda to nasza stylistka, kt\u00f3ra od ponad 10 lat \u015bci\u015ble zwi\u0105zana jest z mod\u0105. Uwielbia \u015bledzi\u0107 \u015bwiatowe trendy i przek\u0142ada\u0107 je na rynek polski. Kocha dobre sk\u0142ady ubra\u0144, wyj\u0105tkow\u0105 bi\u017cuteri\u0119 i dodatki kt\u00f3re o\u017cywi\u0105 ka\u017cd\u0105 stylizacj\u0119.\"}]}<\/script>\n<!-- \/ Yoast SEO plugin. -->","yoast_head_json":{"title":"Modna bi\u017cuteria [year] - te modele zobaczysz wsz\u0119dzie - Magazyn Pakamera.pl","description":"Modna bi\u017cuteria w [year] roku wyr\u00f3\u017cnia si\u0119 du\u017cymi formami, odwa\u017cnymi po\u0142\u0105czeniami i kolorami. Zobacz kt\u00f3ra wybra\u0107!","robots":{"index":"index","follow":"follow"},"canonical":"https:\/\/www.pakamera.pl\/magazyn\/modna-bizuteria-year-te-modele-zobaczysz-wszedzie\/","og_locale":"pl_PL","og_type":"article","og_title":"Modna bi\u017cuteria [year] - te modele zobaczysz wsz\u0119dzie - Magazyn Pakamera.pl","og_description":"Modna bi\u017cuteria w [year] roku wyr\u00f3\u017cnia si\u0119 du\u017cymi formami, odwa\u017cnymi po\u0142\u0105czeniami i kolorami. Zobacz kt\u00f3ra wybra\u0107!","og_url":"https:\/\/www.pakamera.pl\/magazyn\/modna-bizuteria-year-te-modele-zobaczysz-wszedzie\/","og_site_name":"Magazyn Pakamera.pl","article_publisher":"https:\/\/facebook.com\/pakamerapl","article_published_time":"2026-03-09T13:48:13+00:00","og_image":[{"width":1600,"height":840,"url":"https:\/\/imgmag.pakamera.net\/2026\/03\/modna-bizuteria-year-te-modele-zobaczysz-wszedzie-135757661440.jpg","type":"image\/jpeg"}],"author":"Magda Strzelecka","twitter_card":"summary_large_image","twitter_misc":{"Napisane przez":"Magda Strzelecka","Szacowany czas czytania":"5 minut"},"schema":{"@context":"https:\/\/schema.org","@graph":[{"@type":"Article","@id":"https:\/\/www.pakamera.pl\/magazyn\/modna-bizuteria-year-te-modele-zobaczysz-wszedzie\/#article","isPartOf":{"@id":"https:\/\/www.pakamera.pl\/magazyn\/modna-bizuteria-year-te-modele-zobaczysz-wszedzie\/"},"author":{"name":"Magda Strzelecka","@id":"https:\/\/www.pakamera.pl\/magazyn\/#\/schema\/person\/375940ab821c5af50e1e31f1ec5282b5"},"headline":"Modna bi\u017cuteria 2026 &#8211; te modele zobaczysz wsz\u0119dzie","datePublished":"2026-03-09T13:48:13+00:00","dateModified":"2026-03-09T13:48:13+00:00","mainEntityOfPage":{"@id":"https:\/\/www.pakamera.pl\/magazyn\/modna-bizuteria-year-te-modele-zobaczysz-wszedzie\/"},"wordCount":807,"publisher":{"@id":"https:\/\/www.pakamera.pl\/magazyn\/#organization"},"keywords":["bi\u017cuteria artystyczna","kolorowa bi\u017cuteria","srebrna bi\u017cuteria","z\u0142ota bi\u017cuteria"],"articleSection":["Moda"],"inLanguage":"pl-PL"},{"@type":"WebPage","@id":"https:\/\/www.pakamera.pl\/magazyn\/modna-bizuteria-year-te-modele-zobaczysz-wszedzie\/","url":"https:\/\/www.pakamera.pl\/magazyn\/modna-bizuteria-year-te-modele-zobaczysz-wszedzie\/","name":"Modna bi\u017cuteria [year] - te modele zobaczysz wsz\u0119dzie - Magazyn Pakamera.pl","isPartOf":{"@id":"https:\/\/www.pakamera.pl\/magazyn\/#website"},"datePublished":"2026-03-09T13:48:13+00:00","dateModified":"2026-03-09T13:48:13+00:00","description":"Modna bi\u017cuteria w [year] roku wyr\u00f3\u017cnia si\u0119 du\u017cymi formami, odwa\u017cnymi po\u0142\u0105czeniami i kolorami. Zobacz kt\u00f3ra wybra\u0107!","breadcrumb":{"@id":"https:\/\/www.pakamera.pl\/magazyn\/modna-bizuteria-year-te-modele-zobaczysz-wszedzie\/#breadcrumb"},"inLanguage":"pl-PL","potentialAction":[{"@type":"ReadAction","target":["https:\/\/www.pakamera.pl\/magazyn\/modna-bizuteria-year-te-modele-zobaczysz-wszedzie\/"]}]},{"@type":"BreadcrumbList","@id":"https:\/\/www.pakamera.pl\/magazyn\/modna-bizuteria-year-te-modele-zobaczysz-wszedzie\/#breadcrumb","itemListElement":[{"@type":"ListItem","position":1,"name":"Magazyn","item":"https:\/\/www.pakamera.pl\/magazyn\/"},{"@type":"ListItem","position":2,"name":"Moda","item":"https:\/\/www.pakamera.pl\/magazyn\/category\/moda\/"},{"@type":"ListItem","position":3,"name":"Modna bi\u017cuteria 2026 &#8211; te modele zobaczysz wsz\u0119dzie"}]},{"@type":"WebSite","@id":"https:\/\/www.pakamera.pl\/magazyn\/#website","url":"https:\/\/www.pakamera.pl\/magazyn\/","name":"Magazyn Pakamera.pl","description":"Sprawd\u017a najgor\u0119tsze tematy sezonu!","publisher":{"@id":"https:\/\/www.pakamera.pl\/magazyn\/#organization"},"potentialAction":[{"@type":"SearchAction","target":{"@type":"EntryPoint","urlTemplate":"https:\/\/www.pakamera.pl\/magazyn\/?s={search_term_string}"},"query-input":"required name=search_term_string"}],"inLanguage":"pl-PL"},{"@type":"Organization","@id":"https:\/\/www.pakamera.pl\/magazyn\/#organization","name":"Pakamera.pl","url":"https:\/\/www.pakamera.pl\/magazyn\/","logo":{"@type":"ImageObject","inLanguage":"pl-PL","@id":"https:\/\/www.pakamera.pl\/magazyn\/#\/schema\/logo\/image\/","url":"https:\/\/imgmag.pakamera.net\/2023\/11\/153455466619.png","contentUrl":"https:\/\/imgmag.pakamera.net\/2023\/11\/153455466619.png","width":690,"height":140,"caption":"Pakamera.pl"},"image":{"@id":"https:\/\/www.pakamera.pl\/magazyn\/#\/schema\/logo\/image\/"},"sameAs":["https:\/\/facebook.com\/pakamerapl","https:\/\/www.instagram.com\/pakamera\/"]},{"@type":"Person","@id":"https:\/\/www.pakamera.pl\/magazyn\/#\/schema\/person\/375940ab821c5af50e1e31f1ec5282b5","name":"Magda Strzelecka","description":"Magda to nasza stylistka, kt\u00f3ra od ponad 10 lat \u015bci\u015ble zwi\u0105zana jest z mod\u0105. Uwielbia \u015bledzi\u0107 \u015bwiatowe trendy i przek\u0142ada\u0107 je na rynek polski. Kocha dobre sk\u0142ady ubra\u0144, wyj\u0105tkow\u0105 bi\u017cuteri\u0119 i dodatki kt\u00f3re o\u017cywi\u0105 ka\u017cd\u0105 stylizacj\u0119."}]}},"_links":{"self":[{"href":"https:\/\/www.pakamera.pl\/magazyn\/wp-json\/wp\/v2\/posts\/14511","targetHints":{"allow":["GET"]}}],"collection":[{"href":"https:\/\/www.pakamera.pl\/magazyn\/wp-json\/wp\/v2\/posts"}],"about":[{"href":"https:\/\/www.pakamera.pl\/magazyn\/wp-json\/wp\/v2\/types\/post"}],"author":[{"embeddable":true,"href":"https:\/\/www.pakamera.pl\/magazyn\/wp-json\/wp\/v2\/users\/16"}],"replies":[{"embeddable":true,"href":"https:\/\/www.pakamera.pl\/magazyn\/wp-json\/wp\/v2\/comments?post=14511"}],"version-history":[{"count":3,"href":"https:\/\/www.pakamera.pl\/magazyn\/wp-json\/wp\/v2\/posts\/14511\/revisions"}],"predecessor-version":[{"id":14517,"href":"https:\/\/www.pakamera.pl\/magazyn\/wp-json\/wp\/v2\/posts\/14511\/revisions\/14517"}],"wp:featuredmedia":[{"embeddable":true,"href":"https:\/\/www.pakamera.pl\/magazyn\/wp-json\/wp\/v2\/media\/14514"}],"wp:attachment":[{"href":"https:\/\/www.pakamera.pl\/magazyn\/wp-json\/wp\/v2\/media?parent=14511"}],"wp:term":[{"taxonomy":"category","embeddable":true,"href":"https:\/\/www.pakamera.pl\/magazyn\/wp-json\/wp\/v2\/categories?post=14511"},{"taxonomy":"post_tag","embeddable":true,"href":"https:\/\/www.pakamera.pl\/magazyn\/wp-json\/wp\/v2\/tags?post=14511"}],"curies":[{"name":"wp","href":"https:\/\/api.w.org\/{rel}","templated":true}]}}