{"id":14368,"date":"2026-01-29T10:43:25","date_gmt":"2026-01-29T09:43:25","guid":{"rendered":"https:\/\/www.pakamera.pl\/magazyn\/?p=14368"},"modified":"2026-01-28T13:01:33","modified_gmt":"2026-01-28T12:01:33","slug":"jaki-kolor-pasuje-do-szarego-stylowe-zestawienia","status":"publish","type":"post","link":"https:\/\/www.pakamera.pl\/magazyn\/jaki-kolor-pasuje-do-szarego-stylowe-zestawienia\/","title":{"rendered":"Jaki kolor pasuje do szarego? Stylowe zestawienia"},"content":{"rendered":"<p><strong>Szary kolor jest bardziej uniwersalny ni\u017c czarny, ale to nie oznacza, \u017ce mo\u017cesz go dowolnie zestawia\u0107 ze wszystkimi ubraniami ze swojej garderoby. Sprawd\u017a, jaki kolor pasuje do szarego najlepiej i jakie kombinacje warto z nim stworzy\u0107.<\/strong><\/p>\n<p><!--more--><\/p>\n<figure id=\"attachment_14372\" aria-describedby=\"caption-attachment-14372\" style=\"width: 1600px\" class=\"wp-caption alignnone\"><img loading=\"lazy\" decoding=\"async\" class=\"wp-image-14372 size-full\" src=\"https:\/\/imgmag.pakamera.net\/2026\/01\/jaki-kolor-pasuje-do-szarego-stylowe-zestawienia-125532111979.jpg\" alt=\"Jaki kolor pasuje do szarego? Stylowe zestawienia\" width=\"1600\" height=\"840\" \/><figcaption id=\"caption-attachment-14372\" class=\"wp-caption-text\">Sp\u00f3dnica carbon \/ RONKA \/ www.pakamera.pl<\/figcaption><\/figure>\n<p>Szary to jeden z najciekawszych kolor\u00f3w. Jest nieoczywisty i wyrafinowany. B\u0119dzie dobrze wygl\u0105da\u0142 w codziennych, stonowanych outfitach do biura i kolorowych stylizacjach z pastelami\u2026 Dasz si\u0119 zainspirowa\u0107?<\/p>\n<h2>Dlaczego szary to uniwersalny kolor?<\/h2>\n<p>Kolor szary jest modowym kameleonem, bo \u0142atwo dopasowuje si\u0119 do wybranego przez Ciebie stylu. <strong>Nigdy nie dominuje nad innymi kolorami, ale jednocze\u015bnie nie jest nudny<\/strong>. Ma w sobie co\u015b z eleganckiej pow\u015bci\u0105gliwo\u015bci old money. <a href=\"https:\/\/www.pakamera.pl\/magazyn\/old-money-style-znaczenie-zasady-stylizacje\/\" target=\"_blank\" rel=\"noopener\">Co oznacza styl old money?<\/a> To estetyka inspirowana elitami znanymi z wysublimowanego gustu.<\/p>\n<p>W przeciwie\u0144stwie do czerni <strong>szary kolor dzia\u0142a \u0142agodz\u0105co. Sprawia, \u017ce intensywne barwy obok niego \u015bwiec\u0105 pe\u0142niejszym blaskiem<\/strong>, a pastele nabieraj\u0105 g\u0142\u0119bi. Rozpi\u0119to\u015b\u0107 barwy jest spora: od jasnopopielatego po grafitowy, co pozwala na tworzenie intryguj\u0105cych monochromatycznych zestaw\u00f3w.<\/p>\n<div id=\"pakawidget2350\" class=\"pakawidget\"><\/div>\n<p><script async defer src=\"https:\/\/www.pakamera.pl\/widget\/widget2.min.js?id=2350&#038;type=20260128125959&#038;wwidth=1000\"><\/script><\/p>\n<h2>Jaki kolor pasuje do szarego w modzie?<\/h2>\n<p>Przejd\u017amy przez najciekawsze kombinacje kolorystyczne na co dzie\u0144 i od \u015bwi\u0119ta.<\/p>\n<h3>Szary i biel &#8211; klasyczne po\u0142\u0105czenie<\/h3>\n<p>Szary <a href=\"https:\/\/www.pakamera.pl\/bluzki-z-dlugim-rekawem-0-3132.htm\" target=\"_blank\" rel=\"noopener\">longsleeve damski<\/a> pod bia\u0142\u0105 koszul\u0105 oversize albo bia\u0142y golf pod szar\u0105 marynark\u0105 wygl\u0105daj\u0105 \u015bwie\u017co i nowocze\u015bnie. <strong>To minimalizm w najlepszym wydaniu<\/strong>. Bia\u0142y kolor rozja\u015bnia szaro\u015b\u0107 oraz nadaje jej \u015bwie\u017co\u015bci.<\/p>\n<h3>Szary i czarny &#8211; monochromatyczna elegancja<\/h3>\n<p>Szary i czarny nie s\u0105 zbyt ciemnym po\u0142\u0105czeniem. Ci, kt\u00f3rzy tak s\u0105dz\u0105, myl\u0105 si\u0119, zw\u0142aszcza \u017ce szary jest niejednorodny. Je\u015bli wolisz pozosta\u0107 po jasnej stronie garderoby, wykorzystaj jasne odcienie wpadaj\u0105ce w popielaty. Jakie zestawy polecamy? Sweter i czarne jeansy albo ciemnoszar\u0105 sp\u00f3dnic\u0119 o\u0142\u00f3wkow\u0105 i satynow\u0105 czarn\u0105 bluzk\u0119 do biura.<\/p>\n<h3>Szary i pastelowe kolory &#8211; delikatno\u015b\u0107 i lekko\u015b\u0107<\/h3>\n<figure id=\"attachment_14373\" aria-describedby=\"caption-attachment-14373\" style=\"width: 1600px\" class=\"wp-caption alignnone\"><img loading=\"lazy\" decoding=\"async\" class=\"wp-image-14373 size-full\" src=\"https:\/\/imgmag.pakamera.net\/2026\/01\/jaki-kolor-pasuje-do-szarego-stylowe-zestawienia-125532799666.jpg\" alt=\"Mirabella z kolekcji B\u0141YSK to sweter, w kt\u00f3rym od razu poczujesz r\u00f3\u017cnic\u0119. Mi\u0119kka alpaka otuli Ci\u0119 ciep\u0142em i lekko\u015bci\u0105, dodatek w\u0142\u00f3kien syntetycznych zadba o trwa\u0142o\u015b\u0107 i \u0142atw\u0105 piel\u0119gnacj\u0119\" width=\"1600\" height=\"840\" \/><figcaption id=\"caption-attachment-14373\" class=\"wp-caption-text\">Alpaka sweter Mirabella &#8211; szary \/ YOU by Tokarska \/ www.pakamera.pl<\/figcaption><\/figure>\n<p>Szary i pastelowy <strong>wygl\u0105daj\u0105 bardzo kobieco<\/strong>, mo\u017cna nawet powiedzie\u0107, \u017ce romantycznie. <strong>Pudrowy r\u00f3\u017c, lawenda, mi\u0119towy b\u0142\u0119kit albo brzoskwiniowy \u0142adnie wybijaj\u0105 si\u0119 na szarej bazie<\/strong>. Jak stworzy\u0107 takie po\u0142\u0105czenie? Przetestuj szare spodnie palazzo z r\u00f3\u017cowym topem albo mi\u0119tow\u0105 sukienk\u0119 i szary <a href=\"https:\/\/www.pakamera.pl\/kardigany-0-3107.htm\" target=\"_blank\" rel=\"noopener\">kardigan damski<\/a>.<\/p>\n<p>Je\u015bli zastanawiasz si\u0119, <a href=\"https:\/\/www.pakamera.pl\/magazyn\/typ-urody-zima-jakie-kolory-wybierac-wskazowki-modowe\/\" target=\"_blank\" rel=\"noopener\">jakie kolory wybra\u0107 dla typu urody zima<\/a>, postaw na ch\u0142odne pastele z szar\u0105 baz\u0105. U os\u00f3b o ch\u0142odnym typie urody (zima lub wiosna) pastelowe b\u0142\u0119kity i lawendy z szaro\u015bci\u0105 podkre\u015bl\u0105 naturalny kontrast w urodzie.<\/p>\n<h3>Szary i intensywne barwy &#8211; odwa\u017cny kontrast<\/h3>\n<p>Je\u015bli lubisz energiczne stylizacje, po\u0142\u0105cz szaro\u015b\u0107 z mocnymi kolorami. <strong>Czerwie\u0144, \u017c\u00f3\u0142\u0107, elektryzuj\u0105cy niebieski albo butelkowa ziele\u0144 na szarym tle b\u0119d\u0105 wygl\u0105da\u0107 jeszcze bardziej intensywnie<\/strong>. Ciekawym zestawieniem jest te\u017c szaro\u015b\u0107 i granat, na przyk\u0142ad na sukience i marynarce inspirowanej estetyk\u0105 old money.<\/p>\n<p>Jak kolor pasuje do szarego?<\/p>\n<ul>\n<li>bia\u0142y,<\/li>\n<li>czarny,<\/li>\n<li>granatowy,<\/li>\n<li>be\u017cowy,<\/li>\n<li>r\u00f3\u017cowy,<\/li>\n<li>b\u0142\u0119kitny,<\/li>\n<li>mi\u0119towy,<\/li>\n<li>musztardowy,<\/li>\n<li>zielony,<\/li>\n<li>bordowy,<\/li>\n<li>czerwony,<\/li>\n<li>fioletowy,<\/li>\n<li>srebrny.<\/li>\n<\/ul>\n<h2>Jak dopasowa\u0107 odcienie szaro\u015bci do innych kolor\u00f3w?<\/h2>\n<div id=\"pakawidget2351\" class=\"pakawidget\"><\/div>\n<p><script async defer src=\"https:\/\/www.pakamera.pl\/widget\/widget2.min.js?id=2351&#038;type=20260128130112&#038;wwidth=1000\"><\/script><br \/>\nMamy ca\u0142y wachlarz odcieni szarego: od prawie bia\u0142ego popielnego, przez \u015bredni grafitowy, po ciemny antracyt. <strong>Jasne szaro\u015bci \u015bwietnie \u0142\u0105cz\u0105 si\u0119 z pastelami i biel\u0105<\/strong>. Styli\u015bci szczeg\u00f3lnie polecaj\u0105 je wiosn\u0105 i latem. <strong>Ciemnoszary lepiej wygl\u0105da z intensywnymi barwami albo czarnym<\/strong>.<\/p>\n<p>Szaro\u015b\u0107 mo\u017ce mie\u0107 podton ciep\u0142y (z domieszk\u0105 be\u017cu) lub ch\u0142odny (z b\u0142\u0119kitn\u0105 nut\u0105). <strong>Je\u015bli masz ciep\u0142y typ urody, wybieraj szaro\u015bci z be\u017cowym podtonem<\/strong> i \u0142\u0105cz je z ciep\u0142ymi barwami: karmelkowym, oliwkow\u0105 zieleni\u0105 albo terakot\u0105. <strong>Dla ch\u0142odnych typ\u00f3w urody, zw\u0142aszcza dla typu zima, lepiej sprawdz\u0105 si\u0119 ch\u0142odne szaro\u015bci<\/strong> z dodatkiem intensywnych, czystych kolor\u00f3w, czyli fuksja, szafir lub jagoda.<\/p>\n<h2>Najcz\u0119stsze b\u0142\u0119dy przy \u0142\u0105czeniu szaro\u015bci z innymi kolorami<\/h2>\n<p>Po pierwsze,<strong> szary w po\u0142\u0105czeniu z br\u0105zowym albo zbyt wieloma neutralnymi kolorami na raz b\u0119dzie wygl\u0105da\u0142 p\u0142asko i bez wyrazu<\/strong>. Szary sweter, be\u017cowe spodnie, kremowa torba i br\u0105zowe buty og\u00f3lnie do siebie pasuj\u0105, ale sprawiaj\u0105, \u017ce na niczym nie da si\u0119 zawiesi\u0107 oka. \u017beby ta stylizacja od\u017cy\u0142a, warto doda\u0107 mocniejszy akcent w postaci dodatku, czerwonej szminki albo du\u017cych kolczyk\u00f3w.<\/p>\n<p>Po drugie, <strong>ciep\u0142y szary (z be\u017cow\u0105 nut\u0105) zestawiony z lodowatym b\u0142\u0119kitem b\u0119dzie wygl\u0105da\u0142 \u017ale<\/strong>, poniewa\u017c ciep\u0142e i zimne podtony b\u0119d\u0105 si\u0119 gryz\u0142y. <strong>Lepiej trzyma\u0107 si\u0119 podobnych temperatur kolor\u00f3w<\/strong>.<\/p>\n<p>Po trzecie, monochromatyczne,<strong> szare stylizacje, wygl\u0105daj\u0105 dobrze, tylko je\u015bli zastosujesz gradiacj\u0119 koloru, od ja\u015bniejszego do ciemniejszego lub odwrotnie<\/strong>. Ca\u0142e ubranie w jasnoszarym kolorze nie b\u0119dzie wygl\u0105da\u0107 zbyt ciekawie.<\/p>\n<p>Ju\u017c wiesz, jaki kolor pasuje do szarego, ale nie masz odpowiednich ubra\u0144 w szafie? Rozpocznij zakupy na Pakamera.pl.<\/p>\n","protected":false},"excerpt":{"rendered":"<p>Szary kolor jest bardziej uniwersalny ni\u017c czarny, ale to nie oznacza, \u017ce mo\u017cesz go dowolnie zestawia\u0107 ze wszystkimi ubraniami ze swojej garderoby. Sprawd\u017a, jaki kolor pasuje do szarego najlepiej i<span class=\"more-dots\">&#8230;<\/span><\/p>\n","protected":false},"author":16,"featured_media":14372,"comment_status":"closed","ping_status":"closed","sticky":false,"template":"","format":"standard","meta":{"footnotes":""},"categories":[3],"tags":[1013,2672,2683,1402,1401,2692,1521],"class_list":["post-14368","post","type-post","status-publish","format-standard","has-post-thumbnail","hentry","category-moda","tag-bluza-szara","tag-jesienne-stylizacje","tag-polaczenia-kolorystyczne","tag-szarosc","tag-szary","tag-wiosenne-stylizacje","tag-zimowa-stylizacja"],"yoast_head":"<!-- This site is optimized with the Yoast SEO plugin v21.6 - https:\/\/yoast.com\/wordpress\/plugins\/seo\/ -->\n<title>Jaki kolor pasuje do szarego? Stylowe zestawienia - Magazyn Pakamera.pl<\/title>\n<meta name=\"description\" content=\"Zastanawiasz si\u0119 jaki kolor pasuje do szarego? Zobacz nasze zestawienia kolorystyczne i spraw aby twoja stylizacja wygl\u0105da\u0142a zjawiskowo.\" \/>\n<meta name=\"robots\" content=\"index, follow\" \/>\n<link rel=\"canonical\" href=\"https:\/\/www.pakamera.pl\/magazyn\/jaki-kolor-pasuje-do-szarego-stylowe-zestawienia\/\" \/>\n<meta property=\"og:locale\" content=\"pl_PL\" \/>\n<meta property=\"og:type\" content=\"article\" \/>\n<meta property=\"og:title\" content=\"Jaki kolor pasuje do szarego? Stylowe zestawienia - Magazyn Pakamera.pl\" \/>\n<meta property=\"og:description\" content=\"Zastanawiasz si\u0119 jaki kolor pasuje do szarego? Zobacz nasze zestawienia kolorystyczne i spraw aby twoja stylizacja wygl\u0105da\u0142a zjawiskowo.\" \/>\n<meta property=\"og:url\" content=\"https:\/\/www.pakamera.pl\/magazyn\/jaki-kolor-pasuje-do-szarego-stylowe-zestawienia\/\" \/>\n<meta property=\"og:site_name\" content=\"Magazyn Pakamera.pl\" \/>\n<meta property=\"article:publisher\" content=\"https:\/\/facebook.com\/pakamerapl\" \/>\n<meta property=\"article:published_time\" content=\"2026-01-29T09:43:25+00:00\" \/>\n<meta property=\"article:modified_time\" content=\"2026-01-28T12:01:33+00:00\" \/>\n<meta property=\"og:image\" content=\"https:\/\/imgmag.pakamera.net\/2026\/01\/jaki-kolor-pasuje-do-szarego-stylowe-zestawienia-125532111979.jpg\" \/>\n\t<meta property=\"og:image:width\" content=\"1600\" \/>\n\t<meta property=\"og:image:height\" content=\"840\" \/>\n\t<meta property=\"og:image:type\" content=\"image\/jpeg\" \/>\n<meta name=\"author\" content=\"Magda Strzelecka\" \/>\n<meta name=\"twitter:card\" content=\"summary_large_image\" \/>\n<meta name=\"twitter:label1\" content=\"Napisane przez\" \/>\n\t<meta name=\"twitter:data1\" content=\"Magda Strzelecka\" \/>\n\t<meta name=\"twitter:label2\" content=\"Szacowany czas czytania\" \/>\n\t<meta name=\"twitter:data2\" content=\"5 minut\" \/>\n<script type=\"application\/ld+json\" class=\"yoast-schema-graph\">{\"@context\":\"https:\/\/schema.org\",\"@graph\":[{\"@type\":\"Article\",\"@id\":\"https:\/\/www.pakamera.pl\/magazyn\/jaki-kolor-pasuje-do-szarego-stylowe-zestawienia\/#article\",\"isPartOf\":{\"@id\":\"https:\/\/www.pakamera.pl\/magazyn\/jaki-kolor-pasuje-do-szarego-stylowe-zestawienia\/\"},\"author\":{\"name\":\"Magda Strzelecka\",\"@id\":\"https:\/\/www.pakamera.pl\/magazyn\/#\/schema\/person\/375940ab821c5af50e1e31f1ec5282b5\"},\"headline\":\"Jaki kolor pasuje do szarego? Stylowe zestawienia\",\"datePublished\":\"2026-01-29T09:43:25+00:00\",\"dateModified\":\"2026-01-28T12:01:33+00:00\",\"mainEntityOfPage\":{\"@id\":\"https:\/\/www.pakamera.pl\/magazyn\/jaki-kolor-pasuje-do-szarego-stylowe-zestawienia\/\"},\"wordCount\":811,\"publisher\":{\"@id\":\"https:\/\/www.pakamera.pl\/magazyn\/#organization\"},\"keywords\":[\"bluza szara\",\"jesienne stylizacje\",\"po\u0142\u0105czenia kolorystyczne\",\"szaro\u015b\u0107\",\"szary\",\"wiosenne stylizacje\",\"zimowa stylizacja\"],\"articleSection\":[\"Moda\"],\"inLanguage\":\"pl-PL\"},{\"@type\":\"WebPage\",\"@id\":\"https:\/\/www.pakamera.pl\/magazyn\/jaki-kolor-pasuje-do-szarego-stylowe-zestawienia\/\",\"url\":\"https:\/\/www.pakamera.pl\/magazyn\/jaki-kolor-pasuje-do-szarego-stylowe-zestawienia\/\",\"name\":\"Jaki kolor pasuje do szarego? Stylowe zestawienia - Magazyn Pakamera.pl\",\"isPartOf\":{\"@id\":\"https:\/\/www.pakamera.pl\/magazyn\/#website\"},\"datePublished\":\"2026-01-29T09:43:25+00:00\",\"dateModified\":\"2026-01-28T12:01:33+00:00\",\"description\":\"Zastanawiasz si\u0119 jaki kolor pasuje do szarego? Zobacz nasze zestawienia kolorystyczne i spraw aby twoja stylizacja wygl\u0105da\u0142a zjawiskowo.\",\"breadcrumb\":{\"@id\":\"https:\/\/www.pakamera.pl\/magazyn\/jaki-kolor-pasuje-do-szarego-stylowe-zestawienia\/#breadcrumb\"},\"inLanguage\":\"pl-PL\",\"potentialAction\":[{\"@type\":\"ReadAction\",\"target\":[\"https:\/\/www.pakamera.pl\/magazyn\/jaki-kolor-pasuje-do-szarego-stylowe-zestawienia\/\"]}]},{\"@type\":\"BreadcrumbList\",\"@id\":\"https:\/\/www.pakamera.pl\/magazyn\/jaki-kolor-pasuje-do-szarego-stylowe-zestawienia\/#breadcrumb\",\"itemListElement\":[{\"@type\":\"ListItem\",\"position\":1,\"name\":\"Magazyn\",\"item\":\"https:\/\/www.pakamera.pl\/magazyn\/\"},{\"@type\":\"ListItem\",\"position\":2,\"name\":\"Moda\",\"item\":\"https:\/\/www.pakamera.pl\/magazyn\/category\/moda\/\"},{\"@type\":\"ListItem\",\"position\":3,\"name\":\"Jaki kolor pasuje do szarego? Stylowe zestawienia\"}]},{\"@type\":\"WebSite\",\"@id\":\"https:\/\/www.pakamera.pl\/magazyn\/#website\",\"url\":\"https:\/\/www.pakamera.pl\/magazyn\/\",\"name\":\"Magazyn Pakamera.pl\",\"description\":\"Sprawd\u017a najgor\u0119tsze tematy sezonu!\",\"publisher\":{\"@id\":\"https:\/\/www.pakamera.pl\/magazyn\/#organization\"},\"potentialAction\":[{\"@type\":\"SearchAction\",\"target\":{\"@type\":\"EntryPoint\",\"urlTemplate\":\"https:\/\/www.pakamera.pl\/magazyn\/?s={search_term_string}\"},\"query-input\":\"required name=search_term_string\"}],\"inLanguage\":\"pl-PL\"},{\"@type\":\"Organization\",\"@id\":\"https:\/\/www.pakamera.pl\/magazyn\/#organization\",\"name\":\"Pakamera.pl\",\"url\":\"https:\/\/www.pakamera.pl\/magazyn\/\",\"logo\":{\"@type\":\"ImageObject\",\"inLanguage\":\"pl-PL\",\"@id\":\"https:\/\/www.pakamera.pl\/magazyn\/#\/schema\/logo\/image\/\",\"url\":\"https:\/\/imgmag.pakamera.net\/2023\/11\/153455466619.png\",\"contentUrl\":\"https:\/\/imgmag.pakamera.net\/2023\/11\/153455466619.png\",\"width\":690,\"height\":140,\"caption\":\"Pakamera.pl\"},\"image\":{\"@id\":\"https:\/\/www.pakamera.pl\/magazyn\/#\/schema\/logo\/image\/\"},\"sameAs\":[\"https:\/\/facebook.com\/pakamerapl\",\"https:\/\/www.instagram.com\/pakamera\/\"]},{\"@type\":\"Person\",\"@id\":\"https:\/\/www.pakamera.pl\/magazyn\/#\/schema\/person\/375940ab821c5af50e1e31f1ec5282b5\",\"name\":\"Magda Strzelecka\",\"description\":\"Magda to nasza stylistka, kt\u00f3ra od ponad 10 lat \u015bci\u015ble zwi\u0105zana jest z mod\u0105. Uwielbia \u015bledzi\u0107 \u015bwiatowe trendy i przek\u0142ada\u0107 je na rynek polski. Kocha dobre sk\u0142ady ubra\u0144, wyj\u0105tkow\u0105 bi\u017cuteri\u0119 i dodatki kt\u00f3re o\u017cywi\u0105 ka\u017cd\u0105 stylizacj\u0119.\"}]}<\/script>\n<!-- \/ Yoast SEO plugin. -->","yoast_head_json":{"title":"Jaki kolor pasuje do szarego? Stylowe zestawienia - Magazyn Pakamera.pl","description":"Zastanawiasz si\u0119 jaki kolor pasuje do szarego? Zobacz nasze zestawienia kolorystyczne i spraw aby twoja stylizacja wygl\u0105da\u0142a zjawiskowo.","robots":{"index":"index","follow":"follow"},"canonical":"https:\/\/www.pakamera.pl\/magazyn\/jaki-kolor-pasuje-do-szarego-stylowe-zestawienia\/","og_locale":"pl_PL","og_type":"article","og_title":"Jaki kolor pasuje do szarego? Stylowe zestawienia - Magazyn Pakamera.pl","og_description":"Zastanawiasz si\u0119 jaki kolor pasuje do szarego? Zobacz nasze zestawienia kolorystyczne i spraw aby twoja stylizacja wygl\u0105da\u0142a zjawiskowo.","og_url":"https:\/\/www.pakamera.pl\/magazyn\/jaki-kolor-pasuje-do-szarego-stylowe-zestawienia\/","og_site_name":"Magazyn Pakamera.pl","article_publisher":"https:\/\/facebook.com\/pakamerapl","article_published_time":"2026-01-29T09:43:25+00:00","article_modified_time":"2026-01-28T12:01:33+00:00","og_image":[{"width":1600,"height":840,"url":"https:\/\/imgmag.pakamera.net\/2026\/01\/jaki-kolor-pasuje-do-szarego-stylowe-zestawienia-125532111979.jpg","type":"image\/jpeg"}],"author":"Magda Strzelecka","twitter_card":"summary_large_image","twitter_misc":{"Napisane przez":"Magda Strzelecka","Szacowany czas czytania":"5 minut"},"schema":{"@context":"https:\/\/schema.org","@graph":[{"@type":"Article","@id":"https:\/\/www.pakamera.pl\/magazyn\/jaki-kolor-pasuje-do-szarego-stylowe-zestawienia\/#article","isPartOf":{"@id":"https:\/\/www.pakamera.pl\/magazyn\/jaki-kolor-pasuje-do-szarego-stylowe-zestawienia\/"},"author":{"name":"Magda Strzelecka","@id":"https:\/\/www.pakamera.pl\/magazyn\/#\/schema\/person\/375940ab821c5af50e1e31f1ec5282b5"},"headline":"Jaki kolor pasuje do szarego? Stylowe zestawienia","datePublished":"2026-01-29T09:43:25+00:00","dateModified":"2026-01-28T12:01:33+00:00","mainEntityOfPage":{"@id":"https:\/\/www.pakamera.pl\/magazyn\/jaki-kolor-pasuje-do-szarego-stylowe-zestawienia\/"},"wordCount":811,"publisher":{"@id":"https:\/\/www.pakamera.pl\/magazyn\/#organization"},"keywords":["bluza szara","jesienne stylizacje","po\u0142\u0105czenia kolorystyczne","szaro\u015b\u0107","szary","wiosenne stylizacje","zimowa stylizacja"],"articleSection":["Moda"],"inLanguage":"pl-PL"},{"@type":"WebPage","@id":"https:\/\/www.pakamera.pl\/magazyn\/jaki-kolor-pasuje-do-szarego-stylowe-zestawienia\/","url":"https:\/\/www.pakamera.pl\/magazyn\/jaki-kolor-pasuje-do-szarego-stylowe-zestawienia\/","name":"Jaki kolor pasuje do szarego? Stylowe zestawienia - Magazyn Pakamera.pl","isPartOf":{"@id":"https:\/\/www.pakamera.pl\/magazyn\/#website"},"datePublished":"2026-01-29T09:43:25+00:00","dateModified":"2026-01-28T12:01:33+00:00","description":"Zastanawiasz si\u0119 jaki kolor pasuje do szarego? Zobacz nasze zestawienia kolorystyczne i spraw aby twoja stylizacja wygl\u0105da\u0142a zjawiskowo.","breadcrumb":{"@id":"https:\/\/www.pakamera.pl\/magazyn\/jaki-kolor-pasuje-do-szarego-stylowe-zestawienia\/#breadcrumb"},"inLanguage":"pl-PL","potentialAction":[{"@type":"ReadAction","target":["https:\/\/www.pakamera.pl\/magazyn\/jaki-kolor-pasuje-do-szarego-stylowe-zestawienia\/"]}]},{"@type":"BreadcrumbList","@id":"https:\/\/www.pakamera.pl\/magazyn\/jaki-kolor-pasuje-do-szarego-stylowe-zestawienia\/#breadcrumb","itemListElement":[{"@type":"ListItem","position":1,"name":"Magazyn","item":"https:\/\/www.pakamera.pl\/magazyn\/"},{"@type":"ListItem","position":2,"name":"Moda","item":"https:\/\/www.pakamera.pl\/magazyn\/category\/moda\/"},{"@type":"ListItem","position":3,"name":"Jaki kolor pasuje do szarego? Stylowe zestawienia"}]},{"@type":"WebSite","@id":"https:\/\/www.pakamera.pl\/magazyn\/#website","url":"https:\/\/www.pakamera.pl\/magazyn\/","name":"Magazyn Pakamera.pl","description":"Sprawd\u017a najgor\u0119tsze tematy sezonu!","publisher":{"@id":"https:\/\/www.pakamera.pl\/magazyn\/#organization"},"potentialAction":[{"@type":"SearchAction","target":{"@type":"EntryPoint","urlTemplate":"https:\/\/www.pakamera.pl\/magazyn\/?s={search_term_string}"},"query-input":"required name=search_term_string"}],"inLanguage":"pl-PL"},{"@type":"Organization","@id":"https:\/\/www.pakamera.pl\/magazyn\/#organization","name":"Pakamera.pl","url":"https:\/\/www.pakamera.pl\/magazyn\/","logo":{"@type":"ImageObject","inLanguage":"pl-PL","@id":"https:\/\/www.pakamera.pl\/magazyn\/#\/schema\/logo\/image\/","url":"https:\/\/imgmag.pakamera.net\/2023\/11\/153455466619.png","contentUrl":"https:\/\/imgmag.pakamera.net\/2023\/11\/153455466619.png","width":690,"height":140,"caption":"Pakamera.pl"},"image":{"@id":"https:\/\/www.pakamera.pl\/magazyn\/#\/schema\/logo\/image\/"},"sameAs":["https:\/\/facebook.com\/pakamerapl","https:\/\/www.instagram.com\/pakamera\/"]},{"@type":"Person","@id":"https:\/\/www.pakamera.pl\/magazyn\/#\/schema\/person\/375940ab821c5af50e1e31f1ec5282b5","name":"Magda Strzelecka","description":"Magda to nasza stylistka, kt\u00f3ra od ponad 10 lat \u015bci\u015ble zwi\u0105zana jest z mod\u0105. Uwielbia \u015bledzi\u0107 \u015bwiatowe trendy i przek\u0142ada\u0107 je na rynek polski. Kocha dobre sk\u0142ady ubra\u0144, wyj\u0105tkow\u0105 bi\u017cuteri\u0119 i dodatki kt\u00f3re o\u017cywi\u0105 ka\u017cd\u0105 stylizacj\u0119."}]}},"_links":{"self":[{"href":"https:\/\/www.pakamera.pl\/magazyn\/wp-json\/wp\/v2\/posts\/14368","targetHints":{"allow":["GET"]}}],"collection":[{"href":"https:\/\/www.pakamera.pl\/magazyn\/wp-json\/wp\/v2\/posts"}],"about":[{"href":"https:\/\/www.pakamera.pl\/magazyn\/wp-json\/wp\/v2\/types\/post"}],"author":[{"embeddable":true,"href":"https:\/\/www.pakamera.pl\/magazyn\/wp-json\/wp\/v2\/users\/16"}],"replies":[{"embeddable":true,"href":"https:\/\/www.pakamera.pl\/magazyn\/wp-json\/wp\/v2\/comments?post=14368"}],"version-history":[{"count":3,"href":"https:\/\/www.pakamera.pl\/magazyn\/wp-json\/wp\/v2\/posts\/14368\/revisions"}],"predecessor-version":[{"id":14375,"href":"https:\/\/www.pakamera.pl\/magazyn\/wp-json\/wp\/v2\/posts\/14368\/revisions\/14375"}],"wp:featuredmedia":[{"embeddable":true,"href":"https:\/\/www.pakamera.pl\/magazyn\/wp-json\/wp\/v2\/media\/14372"}],"wp:attachment":[{"href":"https:\/\/www.pakamera.pl\/magazyn\/wp-json\/wp\/v2\/media?parent=14368"}],"wp:term":[{"taxonomy":"category","embeddable":true,"href":"https:\/\/www.pakamera.pl\/magazyn\/wp-json\/wp\/v2\/categories?post=14368"},{"taxonomy":"post_tag","embeddable":true,"href":"https:\/\/www.pakamera.pl\/magazyn\/wp-json\/wp\/v2\/tags?post=14368"}],"curies":[{"name":"wp","href":"https:\/\/api.w.org\/{rel}","templated":true}]}}