{"id":14357,"date":"2026-01-25T12:07:37","date_gmt":"2026-01-25T11:07:37","guid":{"rendered":"https:\/\/www.pakamera.pl\/magazyn\/?p=14357"},"modified":"2026-01-26T10:53:10","modified_gmt":"2026-01-26T09:53:10","slug":"jakie-kolory-pasuja-do-bezu-modowe-polaczenia","status":"publish","type":"post","link":"https:\/\/www.pakamera.pl\/magazyn\/jakie-kolory-pasuja-do-bezu-modowe-polaczenia\/","title":{"rendered":"Jakie kolory pasuj\u0105 do be\u017cu? Modowe po\u0142\u0105czenia"},"content":{"rendered":"<p><strong>Kupi\u0142a\u015b ostatnio pi\u0119kne ubrania i zastanawiasz si\u0119, jakie kolory pasuj\u0105 do be\u017cu? Be\u017c jest kapry\u015bnym wyborem, bo w wielu kombinacjach wygl\u0105da nijako. Ale jak ju\u017c go po\u0142\u0105czysz z odpowiednimi odcieniami\u2026<\/strong><\/p>\n<p><!--more--><\/p>\n<figure id=\"attachment_14360\" aria-describedby=\"caption-attachment-14360\" style=\"width: 1600px\" class=\"wp-caption alignnone\"><img loading=\"lazy\" decoding=\"async\" class=\"wp-image-14360 size-full\" src=\"https:\/\/imgmag.pakamera.net\/2026\/01\/jakie-kolory-pasuja-do-bezu-modowe-polaczenia-134537492512.jpg\" alt=\"Jakie kolory pasuj\u0105 do be\u017cu? Modowe po\u0142\u0105czenia\" width=\"1600\" height=\"840\" \/><figcaption id=\"caption-attachment-14360\" class=\"wp-caption-text\">Kamizelka Selma \/ Lucky HandMade \/ www.pakamera.pl<\/figcaption><\/figure>\n<p>Be\u017cowy kolor \u015bwietnie pasuje do szafy kapsu\u0142owej, dlatego warto mie\u0107 pod r\u0119k\u0105 kilka be\u017cowych basic\u00f3w, \u017ceby nigdy nie mie\u0107 problemu, co dzisiaj w\u0142o\u017cy\u0107. Sprawd\u017amy, jakie kolory wydobywaj\u0105 z be\u017cu jego najlepsze cechy.<\/p>\n<h2>Klasyczne kolory pasuj\u0105ce do be\u017cu<\/h2>\n<p>Jaki kolor pasuje do be\u017cu?<\/p>\n<ul>\n<li>bia\u0142y,<\/li>\n<li>czarny,<\/li>\n<li>szary,<\/li>\n<li>granatowy,<\/li>\n<li>br\u0105zowy,<\/li>\n<li>pomara\u0144czowy,<\/li>\n<li>zielony,<\/li>\n<li>khaki,<\/li>\n<li>b\u0142\u0119kitny,<\/li>\n<li>jeansowy,<\/li>\n<li>z\u0142oty.<\/li>\n<\/ul>\n<h3>Biel &#8211; neutralna i elegancka kombinacja<\/h3>\n<p><strong>Be\u017cowy i bia\u0142y pasuj\u0105 do siebie naturalnie, bez \u017cadnego wysi\u0142ku<\/strong>. Nad t\u0105 kombinacj\u0105 nie trzeba nawet si\u0119 d\u0142ugo zastanawia\u0107. Przetestuj bia\u0142e <a href=\"https:\/\/www.pakamera.pl\/bluzki-koszule-0-2950.htm\" target=\"_blank\" rel=\"noopener\">koszule damskie<\/a> do be\u017cowych spodni typu palazzo na weekendowy brunch albo kaw\u0119 z przyjaci\u00f3\u0142k\u0105. A na co dzie\u0144? Bia\u0142y T-shirt, be\u017cowy kardigan i jeansy.<\/p>\n<h3>Czer\u0144 &#8211; kontrast dla wyrazistego efektu<\/h3>\n<p>Be\u017cowy i czarny <strong>wygl\u0105daj\u0105 mocniej, bardziej wyrazi\u015bcie, bo czer\u0144 prze\u0142amuje neutralno\u015b\u0107 be\u017cu<\/strong>. W\u0142\u00f3\u017c czarne rurki, <a href=\"https:\/\/www.pakamera.pl\/t-shirty-0-1900.htm\" target=\"_blank\" rel=\"noopener\">T-shirt damski<\/a> i be\u017cowy oversize\u2019owy sweter albo be\u017cow\u0105 sukienk\u0119 i czarny kardigan. Te po\u0142\u0105czenia s\u0105 do\u015b\u0107 casualowe.<\/p>\n<h3>Szaro\u015b\u0107 &#8211; stonowane i nowoczesne zestawienie<\/h3>\n<p>Po\u0142\u0105czenie be\u017cowego i szarego <strong>jest spokojne, przemy\u015blane i wywa\u017cone<\/strong>. Zapami\u0119taj je, je\u015bli budujesz szaf\u0119 kapsu\u0142ow\u0105. Same kolory <strong>daj\u0105 troch\u0119 efekt scandi core<\/strong>, czyli stylu zaczerpni\u0119tego od naszych p\u00f3\u0142nocnych s\u0105siad\u00f3w zza Ba\u0142tyku. Warto do niego doda\u0107 trzeci kolor: bia\u0142e buty albo srebrn\u0105 bi\u017cuteri\u0119.<\/p>\n<div id=\"pakawidget2343\" class=\"pakawidget\"><\/div>\n<p><script async defer src=\"https:\/\/www.pakamera.pl\/widget\/widget2.min.js?id=2343&#038;type=20260123135053&#038;wwidth=1000\"><\/script><\/p>\n<h2>Ciep\u0142e odcienie pasuj\u0105ce do be\u017cu<\/h2>\n<p>Niekt\u00f3re kolory w po\u0142\u0105czeniu z be\u017cowym szczeg\u00f3lnie dobrze wygl\u0105daj\u0105 na osobach o ciep\u0142ym typie urody, czyli jesieni i wio\u015bnie.<\/p>\n<h3>Br\u0105zy i karmel &#8211; monochromatyczna harmonia<\/h3>\n<p>Jakie kolory pasuj\u0105 do be\u017cu? <strong>Zdecydowanie br\u0105zy, poniewa\u017c tworz\u0105 razem niezwykle przyjemn\u0105 dla oka palet\u0119<\/strong>. Wypr\u00f3buj sprawdzone trio: jasnobe\u017cowy, karmelowy i czekoladowy br\u0105z na spodniach lub sp\u00f3dnicy, g\u00f3rze i dodatkach. Je\u015bli zastanawiasz si\u0119, <a href=\"https:\/\/www.pakamera.pl\/magazyn\/typ-urody-jesien-charakterystyka-i-porady-stylizacyjne\/\" target=\"_blank\" rel=\"noopener\">jakie kolory pasuj\u0105 do typu urody jesie\u0144<\/a>, to w\u0142a\u015bnie ta paleta powinna by\u0107 podstaw\u0105 Twojej garderoby.<\/p>\n<h3>Rdzawy i pomara\u0144czowy &#8211; ciep\u0142e akcenty do stylizacji<\/h3>\n<p>Be\u017cowy jest neutralny, dlatego pasuje do rdzawego i pomara\u0144czowego, energicznych kolor\u00f3w, dzi\u0119ki kt\u00f3rym <strong>Tw\u00f3j look nabierze pazura<\/strong>. Jak wykorzysta\u0107 t\u0119 kombinacj\u0119 kolorystyczn\u0105? W\u0142\u00f3\u017c be\u017cowy T-shirt i rdzaw\u0105 sp\u00f3dnic\u0119 albo be\u017cow\u0105 sukienk\u0119 i pomara\u0144czow\u0105 apaszk\u0119.<\/p>\n<h3>Z\u0142ote dodatki &#8211; subtelny luksus<\/h3>\n<p>Jaki kolor pasuje do be\u017cu w stylu old money? Bez dw\u00f3ch zda\u0144 b\u0119dzie to z\u0142oty. <strong>Takie po\u0142\u0105czenie jest subtelne, eleganckie i luksusowe<\/strong>. Z\u0142ote guziczki na be\u017cowym p\u0142aszczu albo poz\u0142acana bransoletka zegarka i be\u017cowe r\u0119kawy po prostu wygl\u0105daj\u0105 dobrze.<\/p>\n<figure id=\"attachment_14361\" aria-describedby=\"caption-attachment-14361\" style=\"width: 1600px\" class=\"wp-caption alignnone\"><img loading=\"lazy\" decoding=\"async\" class=\"wp-image-14361 size-full\" src=\"https:\/\/imgmag.pakamera.net\/2026\/01\/jakie-kolory-pasuja-do-bezu-modowe-polaczenia-134942032084.jpg\" alt=\"D\u0142ugie, lniane spodnie z kieszeniami. W pasie posiadaj\u0105 gumk\u0119. Sprawdz\u0105 si\u0119 na co dzie\u0144, w podr\u00f3\u017cy. Spodnie s\u0105 lu\u017ane, maj\u0105 proste nogawki.\" width=\"1600\" height=\"840\" \/><figcaption id=\"caption-attachment-14361\" class=\"wp-caption-text\">Lniane spodnie damskie NATURALNE, szerokie \/ Poppi \/ www.pakamera.pl<\/figcaption><\/figure>\n<h2>Ch\u0142odne kolory pasuj\u0105ce do be\u017cu<\/h2>\n<p>Dla kontrastu przyjrzyjmy si\u0119 ch\u0142odniejszym barwom w po\u0142\u0105czeniu z be\u017cem. Te zestawienia s\u0105 nieco bardziej zaskakuj\u0105ce\u2026<\/p>\n<h3>Granat &#8211; elegancka alternatywa dla czerni<\/h3>\n<p>Jaki kolor pasuje do be\u017cu? Granatowy z be\u017cowym <strong>wygl\u0105daj\u0105 spokojnie i elegancko, pasuj\u0105 do mody inspirowanej stylem francuskim<\/strong>. Granatowe chinosy i be\u017cowa koszula to idealne po\u0142\u0105czenie do pracy albo na miasto.<\/p>\n<h3>Ziele\u0144 &#8211; naturalny i \u015bwie\u017cy efekt<\/h3>\n<p>Zielony i be\u017cowy, czyli dwa kolory natury, <strong>kojarz\u0105 si\u0119 z lasem i pasuj\u0105 do letnich dni<\/strong>. Jak wykorzysta\u0107 to zestawienie? W\u0142\u00f3\u017c be\u017cowe lniane spodnie i oliwkow\u0105 koszul\u0119 albo mi\u0119tow\u0105 sukienk\u0119 i be\u017cowy sweterek.<\/p>\n<div id=\"pakawidget2344\" class=\"pakawidget\"><\/div>\n<p><script async defer src=\"https:\/\/www.pakamera.pl\/widget\/widget2.min.js?id=2344&#038;type=20260123135208&#038;wwidth=1000\"><\/script><\/p>\n<h3>Lawenda i pudrowy r\u00f3\u017c &#8211; delikatne, romantyczne po\u0142\u0105czenia<\/h3>\n<p>Be\u017cowy razem z lawendowym albo pudrowor\u00f3\u017cowym <strong>wygl\u0105da kobieco i romantycznie, idealnie na wiosenne i letnie dni<\/strong>. To po\u0142\u0105czenie nie jest przes\u0142odzone, bo be\u017c wnosi do niego odrobin\u0119 \u201edoros\u0142o\u015bci\u201d; a jednocze\u015bnie kojarzy si\u0119 z estetyk\u0105 vintage.<\/p>\n<h2>Be\u017c w szafie kapsu\u0142owej &#8211; podstawa stylizacji<\/h2>\n<p>Be\u017cowy w szafie kapsu\u0142owej <strong>pe\u0142ni funkcj\u0119 neutralnej bazy, do kt\u00f3rej pasuje praktycznie ka\u017cdy kolor<\/strong>. Maj\u0105c be\u017cowe T-shirty, jedn\u0105 koszul\u0119 casualow\u0105, jedn\u0105 eleganck\u0105 i be\u017cowe spodnie, mo\u017cesz budowa\u0107 dziesi\u0105tki stylizacji, zmieniaj\u0105c tylko dodatki. Wypr\u00f3buj te\u017c <a href=\"https:\/\/www.pakamera.pl\/magazyn\/jak-nosic-koszule-modne-sposoby-na-rozne-okazje\/\" target=\"_blank\" rel=\"noopener\">modne sposoby na noszenie koszuli<\/a>, a nigdy Ci si\u0119 to nie znudzi.<\/p>\n<p><strong>Po be\u017cowe ubrania i dodatki do nich zajrzyj na Pakamera.pl.<\/strong><\/p>\n","protected":false},"excerpt":{"rendered":"<p>Kupi\u0142a\u015b ostatnio pi\u0119kne ubrania i zastanawiasz si\u0119, jakie kolory pasuj\u0105 do be\u017cu? Be\u017c jest kapry\u015bnym wyborem, bo w wielu kombinacjach wygl\u0105da nijako. Ale jak ju\u017c go po\u0142\u0105czysz z odpowiednimi odcieniami\u2026<\/p>\n","protected":false},"author":16,"featured_media":14360,"comment_status":"closed","ping_status":"closed","sticky":false,"template":"","format":"standard","meta":{"footnotes":""},"categories":[3],"tags":[1563,2689],"class_list":["post-14357","post","type-post","status-publish","format-standard","has-post-thumbnail","hentry","category-moda","tag-modne-kolory","tag-typy-urody"],"yoast_head":"<!-- This site is optimized with the Yoast SEO plugin v21.6 - https:\/\/yoast.com\/wordpress\/plugins\/seo\/ -->\n<title>Jakie kolory pasuj\u0105 do be\u017cu? Modowe po\u0142\u0105czenia - Magazyn Pakamera.pl<\/title>\n<meta name=\"description\" content=\"Zastanawiasz si\u0119 jakie kolory pasuj\u0105 do be\u017cu? Zobacz z czym go \u0142\u0105czy\u0107 aby stworzy\u0107 wyj\u0105tkowe stylizacje na ka\u017cda por\u0119 roku.\" \/>\n<meta name=\"robots\" content=\"index, follow\" \/>\n<link rel=\"canonical\" href=\"https:\/\/www.pakamera.pl\/magazyn\/jakie-kolory-pasuja-do-bezu-modowe-polaczenia\/\" \/>\n<meta property=\"og:locale\" content=\"pl_PL\" \/>\n<meta property=\"og:type\" content=\"article\" \/>\n<meta property=\"og:title\" content=\"Jakie kolory pasuj\u0105 do be\u017cu? Modowe po\u0142\u0105czenia - Magazyn Pakamera.pl\" \/>\n<meta property=\"og:description\" content=\"Zastanawiasz si\u0119 jakie kolory pasuj\u0105 do be\u017cu? Zobacz z czym go \u0142\u0105czy\u0107 aby stworzy\u0107 wyj\u0105tkowe stylizacje na ka\u017cda por\u0119 roku.\" \/>\n<meta property=\"og:url\" content=\"https:\/\/www.pakamera.pl\/magazyn\/jakie-kolory-pasuja-do-bezu-modowe-polaczenia\/\" \/>\n<meta property=\"og:site_name\" content=\"Magazyn Pakamera.pl\" \/>\n<meta property=\"article:publisher\" content=\"https:\/\/facebook.com\/pakamerapl\" \/>\n<meta property=\"article:published_time\" content=\"2026-01-25T11:07:37+00:00\" \/>\n<meta property=\"article:modified_time\" content=\"2026-01-26T09:53:10+00:00\" \/>\n<meta property=\"og:image\" content=\"https:\/\/imgmag.pakamera.net\/2026\/01\/jakie-kolory-pasuja-do-bezu-modowe-polaczenia-134537492512.jpg\" \/>\n\t<meta property=\"og:image:width\" content=\"1600\" \/>\n\t<meta property=\"og:image:height\" content=\"840\" \/>\n\t<meta property=\"og:image:type\" content=\"image\/jpeg\" \/>\n<meta name=\"author\" content=\"Magda Strzelecka\" \/>\n<meta name=\"twitter:card\" content=\"summary_large_image\" \/>\n<meta name=\"twitter:label1\" content=\"Napisane przez\" \/>\n\t<meta name=\"twitter:data1\" content=\"Magda Strzelecka\" \/>\n\t<meta name=\"twitter:label2\" content=\"Szacowany czas czytania\" \/>\n\t<meta name=\"twitter:data2\" content=\"5 minut\" \/>\n<script type=\"application\/ld+json\" class=\"yoast-schema-graph\">{\"@context\":\"https:\/\/schema.org\",\"@graph\":[{\"@type\":\"Article\",\"@id\":\"https:\/\/www.pakamera.pl\/magazyn\/jakie-kolory-pasuja-do-bezu-modowe-polaczenia\/#article\",\"isPartOf\":{\"@id\":\"https:\/\/www.pakamera.pl\/magazyn\/jakie-kolory-pasuja-do-bezu-modowe-polaczenia\/\"},\"author\":{\"name\":\"Magda Strzelecka\",\"@id\":\"https:\/\/www.pakamera.pl\/magazyn\/#\/schema\/person\/375940ab821c5af50e1e31f1ec5282b5\"},\"headline\":\"Jakie kolory pasuj\u0105 do be\u017cu? Modowe po\u0142\u0105czenia\",\"datePublished\":\"2026-01-25T11:07:37+00:00\",\"dateModified\":\"2026-01-26T09:53:10+00:00\",\"mainEntityOfPage\":{\"@id\":\"https:\/\/www.pakamera.pl\/magazyn\/jakie-kolory-pasuja-do-bezu-modowe-polaczenia\/\"},\"wordCount\":768,\"publisher\":{\"@id\":\"https:\/\/www.pakamera.pl\/magazyn\/#organization\"},\"keywords\":[\"modne kolory\",\"typy urody\"],\"articleSection\":[\"Moda\"],\"inLanguage\":\"pl-PL\"},{\"@type\":\"WebPage\",\"@id\":\"https:\/\/www.pakamera.pl\/magazyn\/jakie-kolory-pasuja-do-bezu-modowe-polaczenia\/\",\"url\":\"https:\/\/www.pakamera.pl\/magazyn\/jakie-kolory-pasuja-do-bezu-modowe-polaczenia\/\",\"name\":\"Jakie kolory pasuj\u0105 do be\u017cu? Modowe po\u0142\u0105czenia - Magazyn Pakamera.pl\",\"isPartOf\":{\"@id\":\"https:\/\/www.pakamera.pl\/magazyn\/#website\"},\"datePublished\":\"2026-01-25T11:07:37+00:00\",\"dateModified\":\"2026-01-26T09:53:10+00:00\",\"description\":\"Zastanawiasz si\u0119 jakie kolory pasuj\u0105 do be\u017cu? Zobacz z czym go \u0142\u0105czy\u0107 aby stworzy\u0107 wyj\u0105tkowe stylizacje na ka\u017cda por\u0119 roku.\",\"breadcrumb\":{\"@id\":\"https:\/\/www.pakamera.pl\/magazyn\/jakie-kolory-pasuja-do-bezu-modowe-polaczenia\/#breadcrumb\"},\"inLanguage\":\"pl-PL\",\"potentialAction\":[{\"@type\":\"ReadAction\",\"target\":[\"https:\/\/www.pakamera.pl\/magazyn\/jakie-kolory-pasuja-do-bezu-modowe-polaczenia\/\"]}]},{\"@type\":\"BreadcrumbList\",\"@id\":\"https:\/\/www.pakamera.pl\/magazyn\/jakie-kolory-pasuja-do-bezu-modowe-polaczenia\/#breadcrumb\",\"itemListElement\":[{\"@type\":\"ListItem\",\"position\":1,\"name\":\"Magazyn\",\"item\":\"https:\/\/www.pakamera.pl\/magazyn\/\"},{\"@type\":\"ListItem\",\"position\":2,\"name\":\"Moda\",\"item\":\"https:\/\/www.pakamera.pl\/magazyn\/category\/moda\/\"},{\"@type\":\"ListItem\",\"position\":3,\"name\":\"Jakie kolory pasuj\u0105 do be\u017cu? Modowe po\u0142\u0105czenia\"}]},{\"@type\":\"WebSite\",\"@id\":\"https:\/\/www.pakamera.pl\/magazyn\/#website\",\"url\":\"https:\/\/www.pakamera.pl\/magazyn\/\",\"name\":\"Magazyn Pakamera.pl\",\"description\":\"Sprawd\u017a najgor\u0119tsze tematy sezonu!\",\"publisher\":{\"@id\":\"https:\/\/www.pakamera.pl\/magazyn\/#organization\"},\"potentialAction\":[{\"@type\":\"SearchAction\",\"target\":{\"@type\":\"EntryPoint\",\"urlTemplate\":\"https:\/\/www.pakamera.pl\/magazyn\/?s={search_term_string}\"},\"query-input\":\"required name=search_term_string\"}],\"inLanguage\":\"pl-PL\"},{\"@type\":\"Organization\",\"@id\":\"https:\/\/www.pakamera.pl\/magazyn\/#organization\",\"name\":\"Pakamera.pl\",\"url\":\"https:\/\/www.pakamera.pl\/magazyn\/\",\"logo\":{\"@type\":\"ImageObject\",\"inLanguage\":\"pl-PL\",\"@id\":\"https:\/\/www.pakamera.pl\/magazyn\/#\/schema\/logo\/image\/\",\"url\":\"https:\/\/imgmag.pakamera.net\/2023\/11\/153455466619.png\",\"contentUrl\":\"https:\/\/imgmag.pakamera.net\/2023\/11\/153455466619.png\",\"width\":690,\"height\":140,\"caption\":\"Pakamera.pl\"},\"image\":{\"@id\":\"https:\/\/www.pakamera.pl\/magazyn\/#\/schema\/logo\/image\/\"},\"sameAs\":[\"https:\/\/facebook.com\/pakamerapl\",\"https:\/\/www.instagram.com\/pakamera\/\"]},{\"@type\":\"Person\",\"@id\":\"https:\/\/www.pakamera.pl\/magazyn\/#\/schema\/person\/375940ab821c5af50e1e31f1ec5282b5\",\"name\":\"Magda Strzelecka\",\"description\":\"Magda to nasza stylistka, kt\u00f3ra od ponad 10 lat \u015bci\u015ble zwi\u0105zana jest z mod\u0105. Uwielbia \u015bledzi\u0107 \u015bwiatowe trendy i przek\u0142ada\u0107 je na rynek polski. Kocha dobre sk\u0142ady ubra\u0144, wyj\u0105tkow\u0105 bi\u017cuteri\u0119 i dodatki kt\u00f3re o\u017cywi\u0105 ka\u017cd\u0105 stylizacj\u0119.\"}]}<\/script>\n<!-- \/ Yoast SEO plugin. -->","yoast_head_json":{"title":"Jakie kolory pasuj\u0105 do be\u017cu? Modowe po\u0142\u0105czenia - Magazyn Pakamera.pl","description":"Zastanawiasz si\u0119 jakie kolory pasuj\u0105 do be\u017cu? Zobacz z czym go \u0142\u0105czy\u0107 aby stworzy\u0107 wyj\u0105tkowe stylizacje na ka\u017cda por\u0119 roku.","robots":{"index":"index","follow":"follow"},"canonical":"https:\/\/www.pakamera.pl\/magazyn\/jakie-kolory-pasuja-do-bezu-modowe-polaczenia\/","og_locale":"pl_PL","og_type":"article","og_title":"Jakie kolory pasuj\u0105 do be\u017cu? Modowe po\u0142\u0105czenia - Magazyn Pakamera.pl","og_description":"Zastanawiasz si\u0119 jakie kolory pasuj\u0105 do be\u017cu? Zobacz z czym go \u0142\u0105czy\u0107 aby stworzy\u0107 wyj\u0105tkowe stylizacje na ka\u017cda por\u0119 roku.","og_url":"https:\/\/www.pakamera.pl\/magazyn\/jakie-kolory-pasuja-do-bezu-modowe-polaczenia\/","og_site_name":"Magazyn Pakamera.pl","article_publisher":"https:\/\/facebook.com\/pakamerapl","article_published_time":"2026-01-25T11:07:37+00:00","article_modified_time":"2026-01-26T09:53:10+00:00","og_image":[{"width":1600,"height":840,"url":"https:\/\/imgmag.pakamera.net\/2026\/01\/jakie-kolory-pasuja-do-bezu-modowe-polaczenia-134537492512.jpg","type":"image\/jpeg"}],"author":"Magda Strzelecka","twitter_card":"summary_large_image","twitter_misc":{"Napisane przez":"Magda Strzelecka","Szacowany czas czytania":"5 minut"},"schema":{"@context":"https:\/\/schema.org","@graph":[{"@type":"Article","@id":"https:\/\/www.pakamera.pl\/magazyn\/jakie-kolory-pasuja-do-bezu-modowe-polaczenia\/#article","isPartOf":{"@id":"https:\/\/www.pakamera.pl\/magazyn\/jakie-kolory-pasuja-do-bezu-modowe-polaczenia\/"},"author":{"name":"Magda Strzelecka","@id":"https:\/\/www.pakamera.pl\/magazyn\/#\/schema\/person\/375940ab821c5af50e1e31f1ec5282b5"},"headline":"Jakie kolory pasuj\u0105 do be\u017cu? Modowe po\u0142\u0105czenia","datePublished":"2026-01-25T11:07:37+00:00","dateModified":"2026-01-26T09:53:10+00:00","mainEntityOfPage":{"@id":"https:\/\/www.pakamera.pl\/magazyn\/jakie-kolory-pasuja-do-bezu-modowe-polaczenia\/"},"wordCount":768,"publisher":{"@id":"https:\/\/www.pakamera.pl\/magazyn\/#organization"},"keywords":["modne kolory","typy urody"],"articleSection":["Moda"],"inLanguage":"pl-PL"},{"@type":"WebPage","@id":"https:\/\/www.pakamera.pl\/magazyn\/jakie-kolory-pasuja-do-bezu-modowe-polaczenia\/","url":"https:\/\/www.pakamera.pl\/magazyn\/jakie-kolory-pasuja-do-bezu-modowe-polaczenia\/","name":"Jakie kolory pasuj\u0105 do be\u017cu? Modowe po\u0142\u0105czenia - Magazyn Pakamera.pl","isPartOf":{"@id":"https:\/\/www.pakamera.pl\/magazyn\/#website"},"datePublished":"2026-01-25T11:07:37+00:00","dateModified":"2026-01-26T09:53:10+00:00","description":"Zastanawiasz si\u0119 jakie kolory pasuj\u0105 do be\u017cu? Zobacz z czym go \u0142\u0105czy\u0107 aby stworzy\u0107 wyj\u0105tkowe stylizacje na ka\u017cda por\u0119 roku.","breadcrumb":{"@id":"https:\/\/www.pakamera.pl\/magazyn\/jakie-kolory-pasuja-do-bezu-modowe-polaczenia\/#breadcrumb"},"inLanguage":"pl-PL","potentialAction":[{"@type":"ReadAction","target":["https:\/\/www.pakamera.pl\/magazyn\/jakie-kolory-pasuja-do-bezu-modowe-polaczenia\/"]}]},{"@type":"BreadcrumbList","@id":"https:\/\/www.pakamera.pl\/magazyn\/jakie-kolory-pasuja-do-bezu-modowe-polaczenia\/#breadcrumb","itemListElement":[{"@type":"ListItem","position":1,"name":"Magazyn","item":"https:\/\/www.pakamera.pl\/magazyn\/"},{"@type":"ListItem","position":2,"name":"Moda","item":"https:\/\/www.pakamera.pl\/magazyn\/category\/moda\/"},{"@type":"ListItem","position":3,"name":"Jakie kolory pasuj\u0105 do be\u017cu? Modowe po\u0142\u0105czenia"}]},{"@type":"WebSite","@id":"https:\/\/www.pakamera.pl\/magazyn\/#website","url":"https:\/\/www.pakamera.pl\/magazyn\/","name":"Magazyn Pakamera.pl","description":"Sprawd\u017a najgor\u0119tsze tematy sezonu!","publisher":{"@id":"https:\/\/www.pakamera.pl\/magazyn\/#organization"},"potentialAction":[{"@type":"SearchAction","target":{"@type":"EntryPoint","urlTemplate":"https:\/\/www.pakamera.pl\/magazyn\/?s={search_term_string}"},"query-input":"required name=search_term_string"}],"inLanguage":"pl-PL"},{"@type":"Organization","@id":"https:\/\/www.pakamera.pl\/magazyn\/#organization","name":"Pakamera.pl","url":"https:\/\/www.pakamera.pl\/magazyn\/","logo":{"@type":"ImageObject","inLanguage":"pl-PL","@id":"https:\/\/www.pakamera.pl\/magazyn\/#\/schema\/logo\/image\/","url":"https:\/\/imgmag.pakamera.net\/2023\/11\/153455466619.png","contentUrl":"https:\/\/imgmag.pakamera.net\/2023\/11\/153455466619.png","width":690,"height":140,"caption":"Pakamera.pl"},"image":{"@id":"https:\/\/www.pakamera.pl\/magazyn\/#\/schema\/logo\/image\/"},"sameAs":["https:\/\/facebook.com\/pakamerapl","https:\/\/www.instagram.com\/pakamera\/"]},{"@type":"Person","@id":"https:\/\/www.pakamera.pl\/magazyn\/#\/schema\/person\/375940ab821c5af50e1e31f1ec5282b5","name":"Magda Strzelecka","description":"Magda to nasza stylistka, kt\u00f3ra od ponad 10 lat \u015bci\u015ble zwi\u0105zana jest z mod\u0105. Uwielbia \u015bledzi\u0107 \u015bwiatowe trendy i przek\u0142ada\u0107 je na rynek polski. Kocha dobre sk\u0142ady ubra\u0144, wyj\u0105tkow\u0105 bi\u017cuteri\u0119 i dodatki kt\u00f3re o\u017cywi\u0105 ka\u017cd\u0105 stylizacj\u0119."}]}},"_links":{"self":[{"href":"https:\/\/www.pakamera.pl\/magazyn\/wp-json\/wp\/v2\/posts\/14357","targetHints":{"allow":["GET"]}}],"collection":[{"href":"https:\/\/www.pakamera.pl\/magazyn\/wp-json\/wp\/v2\/posts"}],"about":[{"href":"https:\/\/www.pakamera.pl\/magazyn\/wp-json\/wp\/v2\/types\/post"}],"author":[{"embeddable":true,"href":"https:\/\/www.pakamera.pl\/magazyn\/wp-json\/wp\/v2\/users\/16"}],"replies":[{"embeddable":true,"href":"https:\/\/www.pakamera.pl\/magazyn\/wp-json\/wp\/v2\/comments?post=14357"}],"version-history":[{"count":3,"href":"https:\/\/www.pakamera.pl\/magazyn\/wp-json\/wp\/v2\/posts\/14357\/revisions"}],"predecessor-version":[{"id":14362,"href":"https:\/\/www.pakamera.pl\/magazyn\/wp-json\/wp\/v2\/posts\/14357\/revisions\/14362"}],"wp:featuredmedia":[{"embeddable":true,"href":"https:\/\/www.pakamera.pl\/magazyn\/wp-json\/wp\/v2\/media\/14360"}],"wp:attachment":[{"href":"https:\/\/www.pakamera.pl\/magazyn\/wp-json\/wp\/v2\/media?parent=14357"}],"wp:term":[{"taxonomy":"category","embeddable":true,"href":"https:\/\/www.pakamera.pl\/magazyn\/wp-json\/wp\/v2\/categories?post=14357"},{"taxonomy":"post_tag","embeddable":true,"href":"https:\/\/www.pakamera.pl\/magazyn\/wp-json\/wp\/v2\/tags?post=14357"}],"curies":[{"name":"wp","href":"https:\/\/api.w.org\/{rel}","templated":true}]}}