{"id":14219,"date":"2025-12-16T10:00:01","date_gmt":"2025-12-16T09:00:01","guid":{"rendered":"https:\/\/www.pakamera.pl\/magazyn\/?p=14219"},"modified":"2025-12-16T10:00:01","modified_gmt":"2025-12-16T09:00:01","slug":"kominiarka-balaclava-hit-modowy-na-zime-year","status":"publish","type":"post","link":"https:\/\/www.pakamera.pl\/magazyn\/kominiarka-balaclava-hit-modowy-na-zime-year\/","title":{"rendered":"Kominiarka balaclava \u2013 hit modowy na zim\u0119 2026!"},"content":{"rendered":"<p><strong>Przysz\u0142a zima, a wraz z ni\u0105 zimowe problemy os\u00f3b z d\u0142ugimi fryzurami, czyli elektryzuj\u0105ce si\u0119 pod czapk\u0105 w\u0142osy. Je\u015bli pr\u00f3bowa\u0142a\u015b ju\u017c wszystkiego i po prostu masz do\u015b\u0107, to na ratunek przychodzi Ci\u2026 kominiarka balaclava!<\/strong><\/p>\n<p><!--more--><\/p>\n<figure id=\"attachment_14225\" aria-describedby=\"caption-attachment-14225\" style=\"width: 1600px\" class=\"wp-caption alignnone\"><img loading=\"lazy\" decoding=\"async\" class=\"wp-image-14225 size-full\" src=\"https:\/\/imgmag.pakamera.net\/2025\/12\/kominiarka-balaclava-hit-modowy-na-zime-year-094432285030.jpg\" alt=\"Kominiarka balaclava - hit modowy na zim\u0119\" width=\"1600\" height=\"840\" \/><figcaption id=\"caption-attachment-14225\" class=\"wp-caption-text\">BONBON balaclava x bonnet red babe \/ Fiorki \/ www.pakamera.pl<\/figcaption><\/figure>\n<p>Owszem, kominiarka balaclava (albo balaklawa) mo\u017ce kojarzy\u0107 Ci si\u0119 przede wszystkim ze stokiem narciarskim (albo filmami o z\u0142odziejach kradn\u0105cych dzie\u0142a sztuki), ale naprawd\u0119 warto da\u0107 jej szans\u0119 jako element zimowej stylizacji. Wszystkie gwiazdy na niebie i ziemi wskazuj\u0105, \u017ce w 2026 roku b\u0119dzie prawdziwym hitem!<\/p>\n<h2>Czym jest balaclava?<\/h2>\n<p><strong>Balaclava to dzianinowe nakrycie g\u0142owy, kt\u00f3re zakrywa g\u0142ow\u0119, szyj\u0119 i cz\u0119\u015b\u0107 twarzy<\/strong>. Pozostawia ods\u0142oni\u0119te tylko oczy, nos i usta. Nazwa pochodzi od miejscowo\u015bci Ba\u0142ak\u0142awa na Krymie, gdzie w XIX wieku podczas wojny krymskiej brytyjscy \u017co\u0142nierze nosili takie os\u0142ony przed zimnem. To oni niechc\u0105cy rozpocz\u0119li trend, dzi\u0119ki kt\u00f3remu narciarze, snowboardzi\u015bci i wspinacze mog\u0105 dzisiaj chroni\u0107 si\u0119 przed niskimi temperaturami.<\/p>\n<div id=\"pakawidget2289\" class=\"pakawidget\"><\/div>\n<p><script async defer src=\"https:\/\/www.pakamera.pl\/widget\/widget2.min.js?id=2289&#038;type=20251216095312&#038;wwidth=1000\"><\/script><\/p>\n<h2>Jak balaclava wesz\u0142a do \u015bwiata mody?<\/h2>\n<p>We wsp\u00f3\u0142czesnej modzie czapka kominiarka i <a href=\"https:\/\/www.pakamera.pl\/balaclava-handmade-0-t225640.htm\" target=\"_blank\" rel=\"noopener\">balaclava<\/a> pojawia\u0142y si\u0119 raczej sporadycznie. Na warsztat wzi\u0105\u0142 je m.in. Raf Simons w ramach eksperymentu z form\u0105. Dopiero niedawno nietypowe okrycie g\u0142owy trafi\u0142o z wybieg\u00f3w na ulice, do sieci\u00f3wek i polskich projektant\u00f3w mody. Najpierw jako jeden z element\u00f3w gorpcore, czyli trendu blenduj\u0105cego outdoor ze streetwearem, a potem przesz\u0142o do mainstreamu.<\/p>\n<p><strong>Kopenhaskie it-girls zacz\u0119\u0142y nosi\u0107 balaclav\u0119 zamiast tradycyjnych czapek, a za nimi posz\u0142y kobiety i m\u0119\u017cczy\u017ani z ca\u0142ej Europy<\/strong>. Kominiarka merino b\u0119dzie w 2026 roku rozchwytywanym akcesorium zimowym!<\/p>\n<h2>Jakie s\u0105 rodzaje balaclavy?<\/h2>\n<p><a href=\"https:\/\/www.pakamera.pl\/magazyn\/czapki-na-zime-wybierz-idealna\/\" target=\"_blank\" rel=\"noopener\">Wybieramy idealn\u0105 czapk\u0119 na zim\u0119<\/a>! <strong>Dwa g\u0142\u00f3wne rodzaje balaclavy to dopasowana balaclava z otworem na oczy i usta albo lu\u017ana balaclava przypominaj\u0105ca dzianinowy kaptur<\/strong> (albo popularne swego czasu kominy). Rzadziej mo\u017cna trafi\u0107 na wersj\u0119 streetwearow\u0105 z daszkiem.<\/p>\n<figure id=\"attachment_14224\" aria-describedby=\"caption-attachment-14224\" style=\"width: 1600px\" class=\"wp-caption alignnone\"><img loading=\"lazy\" decoding=\"async\" class=\"wp-image-14224 size-full\" src=\"https:\/\/imgmag.pakamera.net\/2025\/12\/kominiarka-balaclava-hit-modowy-na-zime-year-094431514520.jpg\" alt=\"Baklava damska z we\u0142ny merino i bawe\u0142ny to stylowa i praktyczna alternatywa dla klasycznej czapki oraz szalika.\" width=\"1600\" height=\"840\" \/><figcaption id=\"caption-attachment-14224\" class=\"wp-caption-text\">Balklava szara \/ MeLoana \/ www.pakamera.pl<\/figcaption><\/figure>\n<p>Niekt\u00f3re kominiarki s\u0105 stonowane, w tylko jednym kolorze, i te s\u0105 najbardziej uniwersalne, a inne wr\u0119cz przeciwnie, roz\u015bwietlaj\u0105c szaro\u015b\u0107 zimowego dnia bogactwem kolor\u00f3w i wzor\u00f3w. Balaclavy mo\u017cna podzieli\u0107 r\u00f3wnie\u017c ze wzgl\u0119du na styl. Mamy wi\u0119c:<\/p>\n<ul>\n<li><strong>balaclavy sportowe z technicznej dzianiny<\/strong> do biegania i spacer\u00f3w w ekstremalnych warunkach,<\/li>\n<li><strong>balaclavy miejskie<\/strong> z cienkiej dzianiny na co dzie\u0144,<\/li>\n<li>eleganckie balaclavy z we\u0142ny merino, we\u0142ny z alpaki lub kaszmiru, kt\u00f3re mo\u017cna nosi\u0107 do p\u0142aszczy.<\/li>\n<\/ul>\n<p><a href=\"https:\/\/www.pakamera.pl\/czapka-na-szydelku-0-t122841.htm\" target=\"_blank\" rel=\"noopener\">Czapka na szyde\u0142ku<\/a> r\u00f3wnie\u017c mo\u017ce by\u0107 balaclav\u0105. Wszystko zale\u017cy od konstrukcji.<\/p>\n<h2>Na co zwr\u00f3ci\u0107 uwag\u0119, kupuj\u0105c kominiark\u0119?<\/h2>\n<p>Kupuj\u0105c kominiark\u0119, zwr\u00f3\u0107 uwag\u0119, z czego zosta\u0142a wykonana. <strong>Materia\u0142 powinien by\u0107 ciep\u0142y i oddychaj\u0105cy, a do tego nie drapa\u0107, dlatego tak dobrze sprawdza si\u0119 we\u0142na merino, kaszmir lub we\u0142na z alpaki<\/strong>. Oczywi\u015bcie, grubsze dzianiny daj\u0105 wi\u0119cej ciep\u0142a, ale nie mieszcz\u0105 si\u0119 do kieszeni i wygl\u0105daj\u0105 mniej miejsko, a bardziej outdoorowo. Trzeba to jako\u015b wypo\u015brodkowa\u0107.<\/p>\n<div id=\"pakawidget2290\" class=\"pakawidget\"><\/div>\n<p><script async defer src=\"https:\/\/www.pakamera.pl\/widget\/widget2.min.js?id=2290&#038;type=20251216095421&#038;wwidth=1000\"><\/script><br \/>\nPonadto, je\u015bli masz kilka kurtek lub p\u0142aszczy i chcesz, \u017ceby jedna balaclava lub kominiarka merino pasowa\u0142a do ka\u017cdej z nich, to wybierz dodatek w neutralnym kolorze, np. be\u017cowy, szary, czarny lub granatowy.<\/p>\n<h2>Jak nosi\u0107 balaclav\u0119? Najmodniejsze stylizacje<\/h2>\n<p>Czapka kominiarka damska i balaclava <strong>najlepiej wygl\u0105daj\u0105 w miejskich zestawach z puch\u00f3wk\u0105, jeansami lub spodniami cargo i sneakersami albo chunky boots<\/strong> (w t\u0119 kategori\u0119 wchodz\u0105 wszelkie trapery, martensy, glany itd.). Oczywi\u015bcie nie musisz ogranicza\u0107 si\u0119 tylko do streetwearu. <strong>Dla balaclavy znajdzie si\u0119 r\u00f3wnie\u017c miejsce w stylizacjach z we\u0142nianym p\u0142aszczem i kozakami<\/strong>.<\/p>\n<p>Kominiarka damska \u015bwietnie <strong>dogaduje si\u0119 ze sportowymi ubraniami<\/strong>, czyli legginsami, oversizow\u0105 puch\u00f3wk\u0105 w neutralnym kolorze i bia\u0142ymi sneakersami. Nawet je\u015bli zamiast na poranny jogging, idziesz w\u0142a\u015bnie wypi\u0107 match\u0119 w kawiarni b\u0119dzie ona dodatkiem idealnym.<\/p>\n<p><a href=\"https:\/\/www.pakamera.pl\/magazyn\/najmodniejsze-jesienne-stylizacje-year-co-nosic-w-tym-sezonie\/\" target=\"_blank\" rel=\"noopener\">Najmodniejsze jesienne stylizacje<\/a> na niskie temperatury s\u0105 \u201ena cebulk\u0119\u201d, dlatego <strong>za\u0142\u00f3\u017c kominiark\u0119 pod szalik albo du\u017cy komin<\/strong>. Mo\u017cesz te\u017c w\u0142o\u017cy\u0107 j\u0105 jako dodatkow\u0105 warstw\u0119 ochronn\u0105 do golfa i pod nauszniki. Wykorzystaj tyle warstw, ile potrzebujesz, \u017ceby poczu\u0107 si\u0119 ciep\u0142o.<\/p>\n<p>Marzy Ci si\u0119 balaclava lub kominiarka zimowa, bo wreszcie chcesz poczu\u0107 ciep\u0142o podczas spacer\u00f3w? Zerknij na Pakamera.pl.<\/p>\n","protected":false},"excerpt":{"rendered":"<p>Przysz\u0142a zima, a wraz z ni\u0105 zimowe problemy os\u00f3b z d\u0142ugimi fryzurami, czyli elektryzuj\u0105ce si\u0119 pod czapk\u0105 w\u0142osy. Je\u015bli pr\u00f3bowa\u0142a\u015b ju\u017c wszystkiego i po prostu masz do\u015b\u0107, to na ratunek<span class=\"more-dots\">&#8230;<\/span><\/p>\n","protected":false},"author":16,"featured_media":14225,"comment_status":"closed","ping_status":"closed","sticky":false,"template":"","format":"standard","meta":{"footnotes":""},"categories":[3],"tags":[2676,482,1437,2324,2326,1664,2672,31,1521],"class_list":["post-14219","post","type-post","status-publish","format-standard","has-post-thumbnail","hentry","category-moda","tag-balaclava","tag-czapka","tag-czapka-na-zime","tag-czapka-welniana-damska","tag-czapka-zimowa","tag-czapki-i-szaliki","tag-jesienne-stylizacje","tag-nakrycie-glowy","tag-zimowa-stylizacja"],"yoast_head":"<!-- This site is optimized with the Yoast SEO plugin v21.6 - https:\/\/yoast.com\/wordpress\/plugins\/seo\/ -->\n<title>Kominiarka balaclava \u2013 hit modowy na zim\u0119 [year]! - Magazyn Pakamera.pl<\/title>\n<meta name=\"description\" content=\"Chcesz \u017ceby by\u0142o ci ciep\u0142o i modnie? Balaclava to idealne rozwi\u0105zanie kt\u00f3re \u0142\u0105czy praktyczno\u015b\u0107 z modowym lookiem.\" \/>\n<meta name=\"robots\" content=\"index, follow\" \/>\n<link rel=\"canonical\" href=\"https:\/\/www.pakamera.pl\/magazyn\/kominiarka-balaclava-hit-modowy-na-zime-year\/\" \/>\n<meta property=\"og:locale\" content=\"pl_PL\" \/>\n<meta property=\"og:type\" content=\"article\" \/>\n<meta property=\"og:title\" content=\"Kominiarka balaclava \u2013 hit modowy na zim\u0119 [year]! - Magazyn Pakamera.pl\" \/>\n<meta property=\"og:description\" content=\"Chcesz \u017ceby by\u0142o ci ciep\u0142o i modnie? Balaclava to idealne rozwi\u0105zanie kt\u00f3re \u0142\u0105czy praktyczno\u015b\u0107 z modowym lookiem.\" \/>\n<meta property=\"og:url\" content=\"https:\/\/www.pakamera.pl\/magazyn\/kominiarka-balaclava-hit-modowy-na-zime-year\/\" \/>\n<meta property=\"og:site_name\" content=\"Magazyn Pakamera.pl\" \/>\n<meta property=\"article:publisher\" content=\"https:\/\/facebook.com\/pakamerapl\" \/>\n<meta property=\"article:published_time\" content=\"2025-12-16T09:00:01+00:00\" \/>\n<meta property=\"og:image\" content=\"https:\/\/imgmag.pakamera.net\/2025\/12\/kominiarka-balaclava-hit-modowy-na-zime-year-094432285030.jpg\" \/>\n\t<meta property=\"og:image:width\" content=\"1600\" \/>\n\t<meta property=\"og:image:height\" content=\"840\" \/>\n\t<meta property=\"og:image:type\" content=\"image\/jpeg\" \/>\n<meta name=\"author\" content=\"Magda Strzelecka\" \/>\n<meta name=\"twitter:card\" content=\"summary_large_image\" \/>\n<meta name=\"twitter:label1\" content=\"Napisane przez\" \/>\n\t<meta name=\"twitter:data1\" content=\"Magda Strzelecka\" \/>\n\t<meta name=\"twitter:label2\" content=\"Szacowany czas czytania\" \/>\n\t<meta name=\"twitter:data2\" content=\"5 minut\" \/>\n<script type=\"application\/ld+json\" class=\"yoast-schema-graph\">{\"@context\":\"https:\/\/schema.org\",\"@graph\":[{\"@type\":\"Article\",\"@id\":\"https:\/\/www.pakamera.pl\/magazyn\/kominiarka-balaclava-hit-modowy-na-zime-year\/#article\",\"isPartOf\":{\"@id\":\"https:\/\/www.pakamera.pl\/magazyn\/kominiarka-balaclava-hit-modowy-na-zime-year\/\"},\"author\":{\"name\":\"Magda Strzelecka\",\"@id\":\"https:\/\/www.pakamera.pl\/magazyn\/#\/schema\/person\/375940ab821c5af50e1e31f1ec5282b5\"},\"headline\":\"Kominiarka balaclava \u2013 hit modowy na zim\u0119 2026!\",\"datePublished\":\"2025-12-16T09:00:01+00:00\",\"dateModified\":\"2025-12-16T09:00:01+00:00\",\"mainEntityOfPage\":{\"@id\":\"https:\/\/www.pakamera.pl\/magazyn\/kominiarka-balaclava-hit-modowy-na-zime-year\/\"},\"wordCount\":734,\"publisher\":{\"@id\":\"https:\/\/www.pakamera.pl\/magazyn\/#organization\"},\"keywords\":[\"balaclava\",\"czapka\",\"czapka na zim\u0119\",\"czapka we\u0142niana damska\",\"czapka zimowa\",\"czapki i szaliki\",\"jesienne stylizacje\",\"nakrycie g\u0142owy\",\"zimowa stylizacja\"],\"articleSection\":[\"Moda\"],\"inLanguage\":\"pl-PL\"},{\"@type\":\"WebPage\",\"@id\":\"https:\/\/www.pakamera.pl\/magazyn\/kominiarka-balaclava-hit-modowy-na-zime-year\/\",\"url\":\"https:\/\/www.pakamera.pl\/magazyn\/kominiarka-balaclava-hit-modowy-na-zime-year\/\",\"name\":\"Kominiarka balaclava \u2013 hit modowy na zim\u0119 [year]! - Magazyn Pakamera.pl\",\"isPartOf\":{\"@id\":\"https:\/\/www.pakamera.pl\/magazyn\/#website\"},\"datePublished\":\"2025-12-16T09:00:01+00:00\",\"dateModified\":\"2025-12-16T09:00:01+00:00\",\"description\":\"Chcesz \u017ceby by\u0142o ci ciep\u0142o i modnie? Balaclava to idealne rozwi\u0105zanie kt\u00f3re \u0142\u0105czy praktyczno\u015b\u0107 z modowym lookiem.\",\"breadcrumb\":{\"@id\":\"https:\/\/www.pakamera.pl\/magazyn\/kominiarka-balaclava-hit-modowy-na-zime-year\/#breadcrumb\"},\"inLanguage\":\"pl-PL\",\"potentialAction\":[{\"@type\":\"ReadAction\",\"target\":[\"https:\/\/www.pakamera.pl\/magazyn\/kominiarka-balaclava-hit-modowy-na-zime-year\/\"]}]},{\"@type\":\"BreadcrumbList\",\"@id\":\"https:\/\/www.pakamera.pl\/magazyn\/kominiarka-balaclava-hit-modowy-na-zime-year\/#breadcrumb\",\"itemListElement\":[{\"@type\":\"ListItem\",\"position\":1,\"name\":\"Magazyn\",\"item\":\"https:\/\/www.pakamera.pl\/magazyn\/\"},{\"@type\":\"ListItem\",\"position\":2,\"name\":\"Moda\",\"item\":\"https:\/\/www.pakamera.pl\/magazyn\/category\/moda\/\"},{\"@type\":\"ListItem\",\"position\":3,\"name\":\"Kominiarka balaclava \u2013 hit modowy na zim\u0119 2025!\"}]},{\"@type\":\"WebSite\",\"@id\":\"https:\/\/www.pakamera.pl\/magazyn\/#website\",\"url\":\"https:\/\/www.pakamera.pl\/magazyn\/\",\"name\":\"Magazyn Pakamera.pl\",\"description\":\"Sprawd\u017a najgor\u0119tsze tematy sezonu!\",\"publisher\":{\"@id\":\"https:\/\/www.pakamera.pl\/magazyn\/#organization\"},\"potentialAction\":[{\"@type\":\"SearchAction\",\"target\":{\"@type\":\"EntryPoint\",\"urlTemplate\":\"https:\/\/www.pakamera.pl\/magazyn\/?s={search_term_string}\"},\"query-input\":\"required name=search_term_string\"}],\"inLanguage\":\"pl-PL\"},{\"@type\":\"Organization\",\"@id\":\"https:\/\/www.pakamera.pl\/magazyn\/#organization\",\"name\":\"Pakamera.pl\",\"url\":\"https:\/\/www.pakamera.pl\/magazyn\/\",\"logo\":{\"@type\":\"ImageObject\",\"inLanguage\":\"pl-PL\",\"@id\":\"https:\/\/www.pakamera.pl\/magazyn\/#\/schema\/logo\/image\/\",\"url\":\"https:\/\/imgmag.pakamera.net\/2023\/11\/153455466619.png\",\"contentUrl\":\"https:\/\/imgmag.pakamera.net\/2023\/11\/153455466619.png\",\"width\":690,\"height\":140,\"caption\":\"Pakamera.pl\"},\"image\":{\"@id\":\"https:\/\/www.pakamera.pl\/magazyn\/#\/schema\/logo\/image\/\"},\"sameAs\":[\"https:\/\/facebook.com\/pakamerapl\",\"https:\/\/www.instagram.com\/pakamera\/\"]},{\"@type\":\"Person\",\"@id\":\"https:\/\/www.pakamera.pl\/magazyn\/#\/schema\/person\/375940ab821c5af50e1e31f1ec5282b5\",\"name\":\"Magda Strzelecka\",\"description\":\"Magda to nasza stylistka, kt\u00f3ra od ponad 10 lat \u015bci\u015ble zwi\u0105zana jest z mod\u0105. Uwielbia \u015bledzi\u0107 \u015bwiatowe trendy i przek\u0142ada\u0107 je na rynek polski. Kocha dobre sk\u0142ady ubra\u0144, wyj\u0105tkow\u0105 bi\u017cuteri\u0119 i dodatki kt\u00f3re o\u017cywi\u0105 ka\u017cd\u0105 stylizacj\u0119.\"}]}<\/script>\n<!-- \/ Yoast SEO plugin. -->","yoast_head_json":{"title":"Kominiarka balaclava \u2013 hit modowy na zim\u0119 [year]! - Magazyn Pakamera.pl","description":"Chcesz \u017ceby by\u0142o ci ciep\u0142o i modnie? Balaclava to idealne rozwi\u0105zanie kt\u00f3re \u0142\u0105czy praktyczno\u015b\u0107 z modowym lookiem.","robots":{"index":"index","follow":"follow"},"canonical":"https:\/\/www.pakamera.pl\/magazyn\/kominiarka-balaclava-hit-modowy-na-zime-year\/","og_locale":"pl_PL","og_type":"article","og_title":"Kominiarka balaclava \u2013 hit modowy na zim\u0119 [year]! - Magazyn Pakamera.pl","og_description":"Chcesz \u017ceby by\u0142o ci ciep\u0142o i modnie? Balaclava to idealne rozwi\u0105zanie kt\u00f3re \u0142\u0105czy praktyczno\u015b\u0107 z modowym lookiem.","og_url":"https:\/\/www.pakamera.pl\/magazyn\/kominiarka-balaclava-hit-modowy-na-zime-year\/","og_site_name":"Magazyn Pakamera.pl","article_publisher":"https:\/\/facebook.com\/pakamerapl","article_published_time":"2025-12-16T09:00:01+00:00","og_image":[{"width":1600,"height":840,"url":"https:\/\/imgmag.pakamera.net\/2025\/12\/kominiarka-balaclava-hit-modowy-na-zime-year-094432285030.jpg","type":"image\/jpeg"}],"author":"Magda Strzelecka","twitter_card":"summary_large_image","twitter_misc":{"Napisane przez":"Magda Strzelecka","Szacowany czas czytania":"5 minut"},"schema":{"@context":"https:\/\/schema.org","@graph":[{"@type":"Article","@id":"https:\/\/www.pakamera.pl\/magazyn\/kominiarka-balaclava-hit-modowy-na-zime-year\/#article","isPartOf":{"@id":"https:\/\/www.pakamera.pl\/magazyn\/kominiarka-balaclava-hit-modowy-na-zime-year\/"},"author":{"name":"Magda Strzelecka","@id":"https:\/\/www.pakamera.pl\/magazyn\/#\/schema\/person\/375940ab821c5af50e1e31f1ec5282b5"},"headline":"Kominiarka balaclava \u2013 hit modowy na zim\u0119 2026!","datePublished":"2025-12-16T09:00:01+00:00","dateModified":"2025-12-16T09:00:01+00:00","mainEntityOfPage":{"@id":"https:\/\/www.pakamera.pl\/magazyn\/kominiarka-balaclava-hit-modowy-na-zime-year\/"},"wordCount":734,"publisher":{"@id":"https:\/\/www.pakamera.pl\/magazyn\/#organization"},"keywords":["balaclava","czapka","czapka na zim\u0119","czapka we\u0142niana damska","czapka zimowa","czapki i szaliki","jesienne stylizacje","nakrycie g\u0142owy","zimowa stylizacja"],"articleSection":["Moda"],"inLanguage":"pl-PL"},{"@type":"WebPage","@id":"https:\/\/www.pakamera.pl\/magazyn\/kominiarka-balaclava-hit-modowy-na-zime-year\/","url":"https:\/\/www.pakamera.pl\/magazyn\/kominiarka-balaclava-hit-modowy-na-zime-year\/","name":"Kominiarka balaclava \u2013 hit modowy na zim\u0119 [year]! - Magazyn Pakamera.pl","isPartOf":{"@id":"https:\/\/www.pakamera.pl\/magazyn\/#website"},"datePublished":"2025-12-16T09:00:01+00:00","dateModified":"2025-12-16T09:00:01+00:00","description":"Chcesz \u017ceby by\u0142o ci ciep\u0142o i modnie? Balaclava to idealne rozwi\u0105zanie kt\u00f3re \u0142\u0105czy praktyczno\u015b\u0107 z modowym lookiem.","breadcrumb":{"@id":"https:\/\/www.pakamera.pl\/magazyn\/kominiarka-balaclava-hit-modowy-na-zime-year\/#breadcrumb"},"inLanguage":"pl-PL","potentialAction":[{"@type":"ReadAction","target":["https:\/\/www.pakamera.pl\/magazyn\/kominiarka-balaclava-hit-modowy-na-zime-year\/"]}]},{"@type":"BreadcrumbList","@id":"https:\/\/www.pakamera.pl\/magazyn\/kominiarka-balaclava-hit-modowy-na-zime-year\/#breadcrumb","itemListElement":[{"@type":"ListItem","position":1,"name":"Magazyn","item":"https:\/\/www.pakamera.pl\/magazyn\/"},{"@type":"ListItem","position":2,"name":"Moda","item":"https:\/\/www.pakamera.pl\/magazyn\/category\/moda\/"},{"@type":"ListItem","position":3,"name":"Kominiarka balaclava \u2013 hit modowy na zim\u0119 2025!"}]},{"@type":"WebSite","@id":"https:\/\/www.pakamera.pl\/magazyn\/#website","url":"https:\/\/www.pakamera.pl\/magazyn\/","name":"Magazyn Pakamera.pl","description":"Sprawd\u017a najgor\u0119tsze tematy sezonu!","publisher":{"@id":"https:\/\/www.pakamera.pl\/magazyn\/#organization"},"potentialAction":[{"@type":"SearchAction","target":{"@type":"EntryPoint","urlTemplate":"https:\/\/www.pakamera.pl\/magazyn\/?s={search_term_string}"},"query-input":"required name=search_term_string"}],"inLanguage":"pl-PL"},{"@type":"Organization","@id":"https:\/\/www.pakamera.pl\/magazyn\/#organization","name":"Pakamera.pl","url":"https:\/\/www.pakamera.pl\/magazyn\/","logo":{"@type":"ImageObject","inLanguage":"pl-PL","@id":"https:\/\/www.pakamera.pl\/magazyn\/#\/schema\/logo\/image\/","url":"https:\/\/imgmag.pakamera.net\/2023\/11\/153455466619.png","contentUrl":"https:\/\/imgmag.pakamera.net\/2023\/11\/153455466619.png","width":690,"height":140,"caption":"Pakamera.pl"},"image":{"@id":"https:\/\/www.pakamera.pl\/magazyn\/#\/schema\/logo\/image\/"},"sameAs":["https:\/\/facebook.com\/pakamerapl","https:\/\/www.instagram.com\/pakamera\/"]},{"@type":"Person","@id":"https:\/\/www.pakamera.pl\/magazyn\/#\/schema\/person\/375940ab821c5af50e1e31f1ec5282b5","name":"Magda Strzelecka","description":"Magda to nasza stylistka, kt\u00f3ra od ponad 10 lat \u015bci\u015ble zwi\u0105zana jest z mod\u0105. Uwielbia \u015bledzi\u0107 \u015bwiatowe trendy i przek\u0142ada\u0107 je na rynek polski. Kocha dobre sk\u0142ady ubra\u0144, wyj\u0105tkow\u0105 bi\u017cuteri\u0119 i dodatki kt\u00f3re o\u017cywi\u0105 ka\u017cd\u0105 stylizacj\u0119."}]}},"_links":{"self":[{"href":"https:\/\/www.pakamera.pl\/magazyn\/wp-json\/wp\/v2\/posts\/14219","targetHints":{"allow":["GET"]}}],"collection":[{"href":"https:\/\/www.pakamera.pl\/magazyn\/wp-json\/wp\/v2\/posts"}],"about":[{"href":"https:\/\/www.pakamera.pl\/magazyn\/wp-json\/wp\/v2\/types\/post"}],"author":[{"embeddable":true,"href":"https:\/\/www.pakamera.pl\/magazyn\/wp-json\/wp\/v2\/users\/16"}],"replies":[{"embeddable":true,"href":"https:\/\/www.pakamera.pl\/magazyn\/wp-json\/wp\/v2\/comments?post=14219"}],"version-history":[{"count":3,"href":"https:\/\/www.pakamera.pl\/magazyn\/wp-json\/wp\/v2\/posts\/14219\/revisions"}],"predecessor-version":[{"id":14226,"href":"https:\/\/www.pakamera.pl\/magazyn\/wp-json\/wp\/v2\/posts\/14219\/revisions\/14226"}],"wp:featuredmedia":[{"embeddable":true,"href":"https:\/\/www.pakamera.pl\/magazyn\/wp-json\/wp\/v2\/media\/14225"}],"wp:attachment":[{"href":"https:\/\/www.pakamera.pl\/magazyn\/wp-json\/wp\/v2\/media?parent=14219"}],"wp:term":[{"taxonomy":"category","embeddable":true,"href":"https:\/\/www.pakamera.pl\/magazyn\/wp-json\/wp\/v2\/categories?post=14219"},{"taxonomy":"post_tag","embeddable":true,"href":"https:\/\/www.pakamera.pl\/magazyn\/wp-json\/wp\/v2\/tags?post=14219"}],"curies":[{"name":"wp","href":"https:\/\/api.w.org\/{rel}","templated":true}]}}