{"id":14031,"date":"2025-10-29T10:33:03","date_gmt":"2025-10-29T09:33:03","guid":{"rendered":"https:\/\/www.pakamera.pl\/magazyn\/?p=14031"},"modified":"2025-10-29T10:33:03","modified_gmt":"2025-10-29T09:33:03","slug":"welur-material-idealny-na-zime","status":"publish","type":"post","link":"https:\/\/www.pakamera.pl\/magazyn\/welur-material-idealny-na-zime\/","title":{"rendered":"Welur &#8211; materia\u0142 idealny na zim\u0119"},"content":{"rendered":"<p><strong>Wstawanie z wygrzanego \u0142\u00f3\u017cka zim\u0105 i jesieni\u0105 jest niezwykle trudne. Poza nim trzeba si\u0119 zmierzy\u0107 z nadchodz\u0105cym ch\u0142odnym dniem. Na szcz\u0119\u015bcie z pomoc\u0105 przychodzi welur, a konkretnie welurowe ubrania, kt\u00f3re otul\u0105 Ci\u0119 swoim ciep\u0142em i pomog\u0105 mi\u0142o sp\u0119dzi\u0107 poranek.<\/strong><\/p>\n<p><!--more--><\/p>\n<figure id=\"attachment_14032\" aria-describedby=\"caption-attachment-14032\" style=\"width: 1600px\" class=\"wp-caption alignnone\"><img loading=\"lazy\" decoding=\"async\" class=\"wp-image-14032 size-full\" src=\"https:\/\/imgmag.pakamera.net\/2025\/10\/welur-material-idealny-na-zime-100201080514.jpg\" alt=\"Welur \u2013 materia\u0142 idealny na zim\u0119\" width=\"1600\" height=\"840\" \/><figcaption id=\"caption-attachment-14032\" class=\"wp-caption-text\">Welurowy zestaw be\u017cowa bluza z pere\u0142kami przy mankietach i spodnie \/ Caramella \/ www.pakamera.pl<\/figcaption><\/figure>\n<p>Nawet je\u015bli zaraz musisz lecie\u0107 do pracy, welur ogrzeje Ci\u0119 i nie pozwoli zmarzn\u0105\u0107, zanim dojdziesz na przystanek lub do samochodu. Mo\u017cesz go za\u0142o\u017cy\u0107 do pracy i na lunch z przyjaci\u00f3\u0142k\u0105. Tylko go dotknij, a ju\u017c b\u0119dziesz wiedzie\u0107, \u017ce chcesz w nim chodzi\u0107 jak najcz\u0119\u015bciej\u2026<\/p>\n<h2>Czym jest welur?<\/h2>\n<p><strong>Welur to tkanina o g\u0119stych w\u0142\u00f3knach. Ma aksamitn\u0105 powierzchni\u0119 i jest mi\u0119ciutki w dotyku<\/strong>. Jego nazwa pochodzi od francuskiego velours. Mo\u017ce by\u0107 tkanin\u0105 (jest wytwarzany z dw\u00f3ch nitek, w\u0105tka i osnowy, kt\u00f3re \u0142\u0105czy splot) i dzianin\u0105 (jest wytwarzany z jednej nitki i jest bardzo elastyczny).<\/p>\n<p>W przeciwie\u0144stwie do zamszu, kt\u00f3ry pochodzi ze sk\u00f3ry zwierz\u0119cej o szlifowanej powierzchni, <strong>welur jest materia\u0142em sztucznym<\/strong>. Jego kr\u00f3tkie w\u0142\u00f3kna \u0142api\u0105 \u015bwiat\u0142o pod r\u00f3\u017cnymi k\u0105tami i daj\u0105 efekt zmienno\u015bci koloru.<\/p>\n<div id=\"pakawidget2193\" class=\"pakawidget\"><\/div>\n<p><script async defer src=\"https:\/\/www.pakamera.pl\/widget\/widget2.min.js?id=2193&#038;type=20251029100655&#038;wwidth=1000\"><\/script><\/p>\n<h2>Dlaczego welur sprawdza si\u0119 zim\u0105?<\/h2>\n<p>W zimowe poranki najch\u0119tniej zagrzeba\u0142aby\u015b si\u0119 pod ko\u0142dr\u0105 i nigdzie nie wychodzi\u0142a? Welur sprawia, \u017ce ten czas staje si\u0119 bardziej zno\u015bny. Daje wra\u017cenie przytulno\u015bci.<\/p>\n<p><strong>Jego g\u0119sta struktura tworzy naturaln\u0105 barier\u0119 termiczn\u0105, poniewa\u017c ma\u0142e przestrzenie powietrzne mi\u0119dzy w\u0142\u00f3kienkami zatrzymuj\u0105 ciep\u0142o blisko cia\u0142a<\/strong>. Materia\u0142 oddycha, co nie jest oczywiste w przypadku syntetycznych tkanin. Jego delikatna faktura jest te\u017c przyjazna dla sk\u00f3ry i nie dra\u017cni jej.<\/p>\n<h2>Welur w modzie<\/h2>\n<p>Jakie ubrania z weluru s\u0105 najmodniejsze? Typy Pakamery:<\/p>\n<ul>\n<li>dres welur damski<\/li>\n<li>sukienki welur<\/li>\n<li>pi\u017cama welur<\/li>\n<li>bluza welur damska<\/li>\n<li>spodnie welur damskie<\/li>\n<\/ul>\n<h3>Sukienki welurowe<\/h3>\n<p><a href=\"https:\/\/www.pakamera.pl\/welurowa-sukienka-0-t84545.htm\" target=\"_blank\" rel=\"noopener\">Welurowe sukienki<\/a> pi\u0119knie wygl\u0105daj\u0105 zim\u0105. <strong>Ten materia\u0142 jest na tyle elegancki, \u017ce mo\u017cesz za\u0142o\u017cy\u0107 je na \u015awi\u0119ta sp\u0119dzane w rodzinnym gronie i uroczyst\u0105 gal\u0119<\/strong>. W ubraniach z tego materia\u0142u cz\u0119sto widujemy Ann\u0119 Lewandowsk\u0105, Juli\u0119 Wieniaw\u0119, Zofi\u0119 Jastrz\u0119bsk\u0105, Angelin\u0119 Jolie, Sabrin\u0119 Carpenter i Selen\u0119 Gomez.<\/p>\n<div id=\"pakawidget2194\" class=\"pakawidget\"><\/div>\n<p><script async defer src=\"https:\/\/www.pakamera.pl\/widget\/widget2.min.js?id=2194&#038;type=20251029100759&#038;wwidth=1000\"><\/script><br \/>\nSprawdza si\u0119 w wielu ods\u0142onach. <strong>Mo\u017ce to by\u0107 ma\u0142a czarna, mini z d\u0142ugim r\u0119kawem, maxi z rozci\u0119ciem lub rozkloszowana midi<\/strong>. Ubrania w niekt\u00f3rych kolorach wygl\u0105daj\u0105 szczeg\u00f3lnie luksusowo, jakby zosta\u0142y przeniesione z kr\u00f3lewskiej garderoby. S\u0105 to m.in. bordowy, butelkowozielony, z\u0142oty, granatowy i czarny.<\/p>\n<h3>Bluzy i dresy welurowe<\/h3>\n<p>Welurowe <a href=\"https:\/\/www.pakamera.pl\/bluzy-z-kapturem-0-3122.htm\" target=\"_blank\" rel=\"noopener\">bluzy z kapturem damskie<\/a> i dresy welurowe mia\u0142y swoje pi\u0119\u0107 minut na pocz\u0105tku lat dwutysi\u0119cznych, a <strong>dzisiaj wracaj\u0105 do \u0142ask. W nowej ods\u0142onie s\u0105 to komplety, kt\u00f3re mo\u017cesz za\u0142o\u017cy\u0107 na kaw\u0119 z przyjaci\u00f3\u0142k\u0105 lub na zakupy<\/strong>, a nie tylko w celach sportowych. Nosz\u0105 je z przyjemno\u015bci\u0105 Kim Kardashian i Paris Hilton.<\/p>\n<p>Welurowe spodnie dresowe \u015bwietnie wygl\u0105daj\u0105 r\u00f3wnie\u017c solo z bia\u0142\u0105 koszulk\u0105 i p\u0142aszczem. W tej ods\u0142onie staj\u0105 si\u0119 bardziej smart casual, zw\u0142aszcza je\u015bli dodasz do niej loafersy i torebk\u0119 bagietk\u0119.<\/p>\n<h3>Dodatki z weluru \u2013 torebki, opaski<\/h3>\n<figure id=\"attachment_14033\" aria-describedby=\"caption-attachment-14033\" style=\"width: 1600px\" class=\"wp-caption alignnone\"><img loading=\"lazy\" decoding=\"async\" class=\"wp-image-14033 size-full\" src=\"https:\/\/imgmag.pakamera.net\/2025\/10\/welur-material-idealny-na-zime-100532545632.jpg\" alt=\"Wodoodporna. kompaktowa i ergonomiczna :) Nosisz jak chcesz, na 4 sposoby - plecak, na skos, w r\u0119ce, na rami\u0119\" width=\"1600\" height=\"840\" \/><figcaption id=\"caption-attachment-14033\" class=\"wp-caption-text\">Torbo plecak Be\u017cowy welur \/ equipo \/ www.pakamera.pl<\/figcaption><\/figure>\n<p>Zima to dobry czas na welurowy total look, a w tym pomog\u0105 Ci odpowiednie dodatki. <strong>Na szczeg\u00f3ln\u0105 uwag\u0119 zas\u0142uguj\u0105 torebki vintage na \u0142a\u0144cuszku lub sakiewki wykonane z tego materia\u0142u<\/strong>. A gdy na dworze jest szczeg\u00f3lnie ch\u0142odno, warto za\u0142o\u017cy\u0107 szerok\u0105 (i ciep\u0142\u0105) opask\u0119 do w\u0142os\u00f3w, r\u0119kawiczki i szalik z mi\u0119ciutkiego materia\u0142u.<\/p>\n<p>Sprawd\u017a jeszcze, <a href=\"https:\/\/www.pakamera.pl\/magazyn\/kaszmir-co-to-jest-i-jak-rozpoznac-szlachetna-welne\/\" target=\"_blank\" rel=\"noopener\">co to jest kaszmir<\/a>, czyli inny przyjemny materia\u0142, kt\u00f3ry dobrze nosi si\u0119 jesieni\u0105.<\/p>\n<h2>Welur we wn\u0119trzach<\/h2>\n<p>Welur jest obecny nie tylko na ubraniach. Mo\u017cesz si\u0119 nim otoczy\u0107 r\u00f3wnie\u017c w przestrzeniach, w kt\u00f3rych \u017cyjesz. <strong>Na pocz\u0105tek warto zacz\u0105\u0107 od zas\u0142on, narzut na \u0142\u00f3\u017cko i poduszek na kanapie<\/strong>, bo to one zamieni\u0105 Twoje mieszkanko w przytulne sanktuarium. A je\u015bli bardzo lubisz welur, to mo\u017cesz te\u017c udekorowa\u0107 mieszkanie sof\u0105, fotelami i krzes\u0142ami obitymi tym materia\u0142em. Wolisz meble wykonane z innych materia\u0142\u00f3w? Sprawd\u017a, <a href=\"https:\/\/www.pakamera.pl\/magazyn\/zamsz-idealny-material-na-jesien\/\" target=\"_blank\" rel=\"noopener\">co to jest zamsz<\/a>.<\/p>\n<p><strong>Sukienki welurowe, dres damski z welurem, ciep\u0142e pi\u017camki i dodatki od polskich projektant\u00f3w znajdziesz na Pakamera.pl<\/strong>. Przejrzyj nasz\u0105 ofert\u0119!<\/p>\n","protected":false},"excerpt":{"rendered":"<p>Wstawanie z wygrzanego \u0142\u00f3\u017cka zim\u0105 i jesieni\u0105 jest niezwykle trudne. Poza nim trzeba si\u0119 zmierzy\u0107 z nadchodz\u0105cym ch\u0142odnym dniem. Na szcz\u0119\u015bcie z pomoc\u0105 przychodzi welur, a konkretnie welurowe ubrania, kt\u00f3re<span class=\"more-dots\">&#8230;<\/span><\/p>\n","protected":false},"author":16,"featured_media":14032,"comment_status":"closed","ping_status":"closed","sticky":false,"template":"","format":"standard","meta":{"footnotes":""},"categories":[3],"tags":[1807,2069,2672,2331,2240,2673,1521,2330],"class_list":["post-14031","post","type-post","status-publish","format-standard","has-post-thumbnail","hentry","category-moda","tag-bluza-dresowa","tag-fotel-welur","tag-jesienne-stylizacje","tag-modne-zimowe-dodatki","tag-plaszcz-jesienny","tag-welurowa-sukienka","tag-zimowa-stylizacja","tag-zimowe-akcesoria"],"yoast_head":"<!-- This site is optimized with the Yoast SEO plugin v21.6 - https:\/\/yoast.com\/wordpress\/plugins\/seo\/ -->\n<title>Welur - materia\u0142 idealny na zim\u0119 - Magazyn Pakamera.pl<\/title>\n<meta name=\"description\" content=\"Welur czyli ukochana tkanina na sezon zimowy. Zobacz czym dok\u0142adnie jest, z czym go \u0142\u0105czy\u0107 i jak wykorzysta\u0107 w dodatkach oraz w domu.\" \/>\n<meta name=\"robots\" content=\"index, follow\" \/>\n<link rel=\"canonical\" href=\"https:\/\/www.pakamera.pl\/magazyn\/welur-material-idealny-na-zime\/\" \/>\n<meta property=\"og:locale\" content=\"pl_PL\" \/>\n<meta property=\"og:type\" content=\"article\" \/>\n<meta property=\"og:title\" content=\"Welur - materia\u0142 idealny na zim\u0119 - Magazyn Pakamera.pl\" \/>\n<meta property=\"og:description\" content=\"Welur czyli ukochana tkanina na sezon zimowy. Zobacz czym dok\u0142adnie jest, z czym go \u0142\u0105czy\u0107 i jak wykorzysta\u0107 w dodatkach oraz w domu.\" \/>\n<meta property=\"og:url\" content=\"https:\/\/www.pakamera.pl\/magazyn\/welur-material-idealny-na-zime\/\" \/>\n<meta property=\"og:site_name\" content=\"Magazyn Pakamera.pl\" \/>\n<meta property=\"article:publisher\" content=\"https:\/\/facebook.com\/pakamerapl\" \/>\n<meta property=\"article:published_time\" content=\"2025-10-29T09:33:03+00:00\" \/>\n<meta property=\"og:image\" content=\"https:\/\/imgmag.pakamera.net\/2025\/10\/welur-material-idealny-na-zime-100201080514.jpg\" \/>\n\t<meta property=\"og:image:width\" content=\"1600\" \/>\n\t<meta property=\"og:image:height\" content=\"840\" \/>\n\t<meta property=\"og:image:type\" content=\"image\/jpeg\" \/>\n<meta name=\"author\" content=\"Magda Strzelecka\" \/>\n<meta name=\"twitter:card\" content=\"summary_large_image\" \/>\n<meta name=\"twitter:label1\" content=\"Napisane przez\" \/>\n\t<meta name=\"twitter:data1\" content=\"Magda Strzelecka\" \/>\n\t<meta name=\"twitter:label2\" content=\"Szacowany czas czytania\" \/>\n\t<meta name=\"twitter:data2\" content=\"5 minut\" \/>\n<script type=\"application\/ld+json\" class=\"yoast-schema-graph\">{\"@context\":\"https:\/\/schema.org\",\"@graph\":[{\"@type\":\"Article\",\"@id\":\"https:\/\/www.pakamera.pl\/magazyn\/welur-material-idealny-na-zime\/#article\",\"isPartOf\":{\"@id\":\"https:\/\/www.pakamera.pl\/magazyn\/welur-material-idealny-na-zime\/\"},\"author\":{\"name\":\"Magda Strzelecka\",\"@id\":\"https:\/\/www.pakamera.pl\/magazyn\/#\/schema\/person\/375940ab821c5af50e1e31f1ec5282b5\"},\"headline\":\"Welur &#8211; materia\u0142 idealny na zim\u0119\",\"datePublished\":\"2025-10-29T09:33:03+00:00\",\"dateModified\":\"2025-10-29T09:33:03+00:00\",\"mainEntityOfPage\":{\"@id\":\"https:\/\/www.pakamera.pl\/magazyn\/welur-material-idealny-na-zime\/\"},\"wordCount\":746,\"publisher\":{\"@id\":\"https:\/\/www.pakamera.pl\/magazyn\/#organization\"},\"keywords\":[\"bluza dresowa\",\"fotel welur\",\"jesienne stylizacje\",\"modne zimowe dodatki\",\"p\u0142aszcz jesienny\",\"welurowa sukienka\",\"zimowa stylizacja\",\"zimowe akcesoria\"],\"articleSection\":[\"Moda\"],\"inLanguage\":\"pl-PL\"},{\"@type\":\"WebPage\",\"@id\":\"https:\/\/www.pakamera.pl\/magazyn\/welur-material-idealny-na-zime\/\",\"url\":\"https:\/\/www.pakamera.pl\/magazyn\/welur-material-idealny-na-zime\/\",\"name\":\"Welur - materia\u0142 idealny na zim\u0119 - Magazyn Pakamera.pl\",\"isPartOf\":{\"@id\":\"https:\/\/www.pakamera.pl\/magazyn\/#website\"},\"datePublished\":\"2025-10-29T09:33:03+00:00\",\"dateModified\":\"2025-10-29T09:33:03+00:00\",\"description\":\"Welur czyli ukochana tkanina na sezon zimowy. Zobacz czym dok\u0142adnie jest, z czym go \u0142\u0105czy\u0107 i jak wykorzysta\u0107 w dodatkach oraz w domu.\",\"breadcrumb\":{\"@id\":\"https:\/\/www.pakamera.pl\/magazyn\/welur-material-idealny-na-zime\/#breadcrumb\"},\"inLanguage\":\"pl-PL\",\"potentialAction\":[{\"@type\":\"ReadAction\",\"target\":[\"https:\/\/www.pakamera.pl\/magazyn\/welur-material-idealny-na-zime\/\"]}]},{\"@type\":\"BreadcrumbList\",\"@id\":\"https:\/\/www.pakamera.pl\/magazyn\/welur-material-idealny-na-zime\/#breadcrumb\",\"itemListElement\":[{\"@type\":\"ListItem\",\"position\":1,\"name\":\"Magazyn\",\"item\":\"https:\/\/www.pakamera.pl\/magazyn\/\"},{\"@type\":\"ListItem\",\"position\":2,\"name\":\"Moda\",\"item\":\"https:\/\/www.pakamera.pl\/magazyn\/category\/moda\/\"},{\"@type\":\"ListItem\",\"position\":3,\"name\":\"Welur &#8211; materia\u0142 idealny na zim\u0119\"}]},{\"@type\":\"WebSite\",\"@id\":\"https:\/\/www.pakamera.pl\/magazyn\/#website\",\"url\":\"https:\/\/www.pakamera.pl\/magazyn\/\",\"name\":\"Magazyn Pakamera.pl\",\"description\":\"Sprawd\u017a najgor\u0119tsze tematy sezonu!\",\"publisher\":{\"@id\":\"https:\/\/www.pakamera.pl\/magazyn\/#organization\"},\"potentialAction\":[{\"@type\":\"SearchAction\",\"target\":{\"@type\":\"EntryPoint\",\"urlTemplate\":\"https:\/\/www.pakamera.pl\/magazyn\/?s={search_term_string}\"},\"query-input\":\"required name=search_term_string\"}],\"inLanguage\":\"pl-PL\"},{\"@type\":\"Organization\",\"@id\":\"https:\/\/www.pakamera.pl\/magazyn\/#organization\",\"name\":\"Pakamera.pl\",\"url\":\"https:\/\/www.pakamera.pl\/magazyn\/\",\"logo\":{\"@type\":\"ImageObject\",\"inLanguage\":\"pl-PL\",\"@id\":\"https:\/\/www.pakamera.pl\/magazyn\/#\/schema\/logo\/image\/\",\"url\":\"https:\/\/imgmag.pakamera.net\/2023\/11\/153455466619.png\",\"contentUrl\":\"https:\/\/imgmag.pakamera.net\/2023\/11\/153455466619.png\",\"width\":690,\"height\":140,\"caption\":\"Pakamera.pl\"},\"image\":{\"@id\":\"https:\/\/www.pakamera.pl\/magazyn\/#\/schema\/logo\/image\/\"},\"sameAs\":[\"https:\/\/facebook.com\/pakamerapl\",\"https:\/\/www.instagram.com\/pakamera\/\"]},{\"@type\":\"Person\",\"@id\":\"https:\/\/www.pakamera.pl\/magazyn\/#\/schema\/person\/375940ab821c5af50e1e31f1ec5282b5\",\"name\":\"Magda Strzelecka\",\"description\":\"Magda to nasza stylistka, kt\u00f3ra od ponad 10 lat \u015bci\u015ble zwi\u0105zana jest z mod\u0105. Uwielbia \u015bledzi\u0107 \u015bwiatowe trendy i przek\u0142ada\u0107 je na rynek polski. Kocha dobre sk\u0142ady ubra\u0144, wyj\u0105tkow\u0105 bi\u017cuteri\u0119 i dodatki kt\u00f3re o\u017cywi\u0105 ka\u017cd\u0105 stylizacj\u0119.\"}]}<\/script>\n<!-- \/ Yoast SEO plugin. -->","yoast_head_json":{"title":"Welur - materia\u0142 idealny na zim\u0119 - Magazyn Pakamera.pl","description":"Welur czyli ukochana tkanina na sezon zimowy. Zobacz czym dok\u0142adnie jest, z czym go \u0142\u0105czy\u0107 i jak wykorzysta\u0107 w dodatkach oraz w domu.","robots":{"index":"index","follow":"follow"},"canonical":"https:\/\/www.pakamera.pl\/magazyn\/welur-material-idealny-na-zime\/","og_locale":"pl_PL","og_type":"article","og_title":"Welur - materia\u0142 idealny na zim\u0119 - Magazyn Pakamera.pl","og_description":"Welur czyli ukochana tkanina na sezon zimowy. Zobacz czym dok\u0142adnie jest, z czym go \u0142\u0105czy\u0107 i jak wykorzysta\u0107 w dodatkach oraz w domu.","og_url":"https:\/\/www.pakamera.pl\/magazyn\/welur-material-idealny-na-zime\/","og_site_name":"Magazyn Pakamera.pl","article_publisher":"https:\/\/facebook.com\/pakamerapl","article_published_time":"2025-10-29T09:33:03+00:00","og_image":[{"width":1600,"height":840,"url":"https:\/\/imgmag.pakamera.net\/2025\/10\/welur-material-idealny-na-zime-100201080514.jpg","type":"image\/jpeg"}],"author":"Magda Strzelecka","twitter_card":"summary_large_image","twitter_misc":{"Napisane przez":"Magda Strzelecka","Szacowany czas czytania":"5 minut"},"schema":{"@context":"https:\/\/schema.org","@graph":[{"@type":"Article","@id":"https:\/\/www.pakamera.pl\/magazyn\/welur-material-idealny-na-zime\/#article","isPartOf":{"@id":"https:\/\/www.pakamera.pl\/magazyn\/welur-material-idealny-na-zime\/"},"author":{"name":"Magda Strzelecka","@id":"https:\/\/www.pakamera.pl\/magazyn\/#\/schema\/person\/375940ab821c5af50e1e31f1ec5282b5"},"headline":"Welur &#8211; materia\u0142 idealny na zim\u0119","datePublished":"2025-10-29T09:33:03+00:00","dateModified":"2025-10-29T09:33:03+00:00","mainEntityOfPage":{"@id":"https:\/\/www.pakamera.pl\/magazyn\/welur-material-idealny-na-zime\/"},"wordCount":746,"publisher":{"@id":"https:\/\/www.pakamera.pl\/magazyn\/#organization"},"keywords":["bluza dresowa","fotel welur","jesienne stylizacje","modne zimowe dodatki","p\u0142aszcz jesienny","welurowa sukienka","zimowa stylizacja","zimowe akcesoria"],"articleSection":["Moda"],"inLanguage":"pl-PL"},{"@type":"WebPage","@id":"https:\/\/www.pakamera.pl\/magazyn\/welur-material-idealny-na-zime\/","url":"https:\/\/www.pakamera.pl\/magazyn\/welur-material-idealny-na-zime\/","name":"Welur - materia\u0142 idealny na zim\u0119 - Magazyn Pakamera.pl","isPartOf":{"@id":"https:\/\/www.pakamera.pl\/magazyn\/#website"},"datePublished":"2025-10-29T09:33:03+00:00","dateModified":"2025-10-29T09:33:03+00:00","description":"Welur czyli ukochana tkanina na sezon zimowy. Zobacz czym dok\u0142adnie jest, z czym go \u0142\u0105czy\u0107 i jak wykorzysta\u0107 w dodatkach oraz w domu.","breadcrumb":{"@id":"https:\/\/www.pakamera.pl\/magazyn\/welur-material-idealny-na-zime\/#breadcrumb"},"inLanguage":"pl-PL","potentialAction":[{"@type":"ReadAction","target":["https:\/\/www.pakamera.pl\/magazyn\/welur-material-idealny-na-zime\/"]}]},{"@type":"BreadcrumbList","@id":"https:\/\/www.pakamera.pl\/magazyn\/welur-material-idealny-na-zime\/#breadcrumb","itemListElement":[{"@type":"ListItem","position":1,"name":"Magazyn","item":"https:\/\/www.pakamera.pl\/magazyn\/"},{"@type":"ListItem","position":2,"name":"Moda","item":"https:\/\/www.pakamera.pl\/magazyn\/category\/moda\/"},{"@type":"ListItem","position":3,"name":"Welur &#8211; materia\u0142 idealny na zim\u0119"}]},{"@type":"WebSite","@id":"https:\/\/www.pakamera.pl\/magazyn\/#website","url":"https:\/\/www.pakamera.pl\/magazyn\/","name":"Magazyn Pakamera.pl","description":"Sprawd\u017a najgor\u0119tsze tematy sezonu!","publisher":{"@id":"https:\/\/www.pakamera.pl\/magazyn\/#organization"},"potentialAction":[{"@type":"SearchAction","target":{"@type":"EntryPoint","urlTemplate":"https:\/\/www.pakamera.pl\/magazyn\/?s={search_term_string}"},"query-input":"required name=search_term_string"}],"inLanguage":"pl-PL"},{"@type":"Organization","@id":"https:\/\/www.pakamera.pl\/magazyn\/#organization","name":"Pakamera.pl","url":"https:\/\/www.pakamera.pl\/magazyn\/","logo":{"@type":"ImageObject","inLanguage":"pl-PL","@id":"https:\/\/www.pakamera.pl\/magazyn\/#\/schema\/logo\/image\/","url":"https:\/\/imgmag.pakamera.net\/2023\/11\/153455466619.png","contentUrl":"https:\/\/imgmag.pakamera.net\/2023\/11\/153455466619.png","width":690,"height":140,"caption":"Pakamera.pl"},"image":{"@id":"https:\/\/www.pakamera.pl\/magazyn\/#\/schema\/logo\/image\/"},"sameAs":["https:\/\/facebook.com\/pakamerapl","https:\/\/www.instagram.com\/pakamera\/"]},{"@type":"Person","@id":"https:\/\/www.pakamera.pl\/magazyn\/#\/schema\/person\/375940ab821c5af50e1e31f1ec5282b5","name":"Magda Strzelecka","description":"Magda to nasza stylistka, kt\u00f3ra od ponad 10 lat \u015bci\u015ble zwi\u0105zana jest z mod\u0105. Uwielbia \u015bledzi\u0107 \u015bwiatowe trendy i przek\u0142ada\u0107 je na rynek polski. Kocha dobre sk\u0142ady ubra\u0144, wyj\u0105tkow\u0105 bi\u017cuteri\u0119 i dodatki kt\u00f3re o\u017cywi\u0105 ka\u017cd\u0105 stylizacj\u0119."}]}},"_links":{"self":[{"href":"https:\/\/www.pakamera.pl\/magazyn\/wp-json\/wp\/v2\/posts\/14031","targetHints":{"allow":["GET"]}}],"collection":[{"href":"https:\/\/www.pakamera.pl\/magazyn\/wp-json\/wp\/v2\/posts"}],"about":[{"href":"https:\/\/www.pakamera.pl\/magazyn\/wp-json\/wp\/v2\/types\/post"}],"author":[{"embeddable":true,"href":"https:\/\/www.pakamera.pl\/magazyn\/wp-json\/wp\/v2\/users\/16"}],"replies":[{"embeddable":true,"href":"https:\/\/www.pakamera.pl\/magazyn\/wp-json\/wp\/v2\/comments?post=14031"}],"version-history":[{"count":2,"href":"https:\/\/www.pakamera.pl\/magazyn\/wp-json\/wp\/v2\/posts\/14031\/revisions"}],"predecessor-version":[{"id":14035,"href":"https:\/\/www.pakamera.pl\/magazyn\/wp-json\/wp\/v2\/posts\/14031\/revisions\/14035"}],"wp:featuredmedia":[{"embeddable":true,"href":"https:\/\/www.pakamera.pl\/magazyn\/wp-json\/wp\/v2\/media\/14032"}],"wp:attachment":[{"href":"https:\/\/www.pakamera.pl\/magazyn\/wp-json\/wp\/v2\/media?parent=14031"}],"wp:term":[{"taxonomy":"category","embeddable":true,"href":"https:\/\/www.pakamera.pl\/magazyn\/wp-json\/wp\/v2\/categories?post=14031"},{"taxonomy":"post_tag","embeddable":true,"href":"https:\/\/www.pakamera.pl\/magazyn\/wp-json\/wp\/v2\/tags?post=14031"}],"curies":[{"name":"wp","href":"https:\/\/api.w.org\/{rel}","templated":true}]}}